{"id":14953,"date":"2019-02-12T10:08:31","date_gmt":"2019-02-12T12:08:31","guid":{"rendered":"https:\/\/www.suno.com.br\/noticias\/?p=14953"},"modified":"2019-02-12T10:09:10","modified_gmt":"2019-02-12T12:09:10","slug":"vale-sabia-chances-rompimento-brumadinho","status":"publish","type":"post","link":"https:\/\/www.suno.com.br\/noticias\/vale-sabia-chances-rompimento-brumadinho\/","title":{"rendered":"Vale sabia das chances de rompimento de Brumadinho desde 2017"},"content":{"rendered":"<p>Dois documentos produzidos pela <a href=\"https:\/\/lp.suno.com.br\/vale-brumadinho-noticias\/\">Vale<\/a><a href=\"https:\/\/lp.suno.com.br\/vale-brumadinho-noticias\/\">\u00a0(VALE3)<\/a> mostram que a mineradora sabia das chances de rompimento em <strong>Brumadinho<\/strong> (MG) desde 2017.<\/p>\t<div class=\"wrapper-featured-image\">\n\t\t<figure class=\"spotlightImg\">\n\n\t\t\t<picture>\n\t\t\t\t<source media=\"(max-width: 768px)\" srcset=\"https:\/\/files.sunoresearch.com.br\/n\/uploads\/2019\/02\/e82cfcc4-brumadinho-vale-400x200.webp\">\n\t\t\t\t<img loading=\"lazy\" decoding=\"async\" class=\"newsContent__article__imgCapa lazyloadDisabled newsContent__article__imgCapa--noCaption\" src=\"https:\/\/files.sunoresearch.com.br\/n\/uploads\/2019\/02\/e82cfcc4-brumadinho-vale-800x450.webp\" width=\"800\" height=\"450\" alt=\"Vale sabia das chances de rompimento de Brumadinho desde 2017\" fetchpriority=high \/>\n\t\t\t<\/picture>\n\n\t\t\t<figcaption class=\"wp-caption-text wp-caption-text--hide\">Vale<\/figcaption>\n\t\t<\/figure>\n\t<\/div>\n\n\n<p>Dois relat\u00f3rios internos produzidos em 2017 e em 2018 indicam que a <strong>Vale<\/strong> sabia dos riscos de rompimento da <strong>barragem.<\/strong> O documento de novembro de 2017 afirma que naquele momento a barragem 1 da<strong> Mina do C\u00f3rrego do Feij\u00e3o<\/strong> tinha uma chance de colapso duas vezes maior do que o n\u00edvel m\u00e1ximo de risco individual toler\u00e1vel.<\/p>\n<p><a href=\"https:\/\/lp.suno.com.br\/vale-brumadinho-noticias\/\">Saiba mais: VALE3: An\u00e1lise sobre suas a\u00e7\u00f5es ap\u00f3s o acidente em Brumadinho<\/a><\/p>\n<p>O segundo documento, de outubro de 2018, confirma o alerta do de 2017 e afirma que a <strong>barragem<\/strong> estava em uma &#8220;zona de aten\u00e7\u00e3o&#8221;.<\/p>\n<p>A informa\u00e7\u00e3o foi publicada nesta ter\u00e7a-feira (12) pela ag\u00eancia de not\u00edcias Reuters.<\/p>\n<p><a href=\"https:\/\/www.suno.com.br\/noticias\/justica-bloqueia-maior-mina-vale\/\">Saiba mais: Justi\u00e7a bloqueia maior mina da Vale em Minas Gerais\u00a0<\/a><\/p>\n<p>Entretanto, a <strong>Vale<\/strong> negou a exist\u00eancia de qualquer relat\u00f3rio que pudesse alertar sobre riscos em <strong>Brumadinho<\/strong> Em nota, a <strong>mineradora<\/strong> informou que n\u00e3o existe nenhum relat\u00f3rio, laudo ou estudo conhecido que alertem sobre a possibilidade de colapso iminente.<\/p>\n<p><a href=\"https:\/\/www.suno.com.br\/noticias\/cotacao-minerio-ferro-sobe-china-brumadinho\/\">Saiba mais: Cota\u00e7\u00e3o do min\u00e9rio de ferro sobe na China ap\u00f3s desastre de Brumadinho\u00a0<\/a><\/p>\n<p>A <strong>Vale<\/strong> tamb\u00e9m salientou como &#8220;a <strong>barragem<\/strong> possu\u00eda todos os certificados de estabilidade e seguran\u00e7as nacionais e internacionais&#8221;. Na nota, a mineradora afirmou que a barragem &#8220;estava dentro do limite de risco&#8221;.<\/p>\n<h2>Governo abre investiga\u00e7\u00e3o<\/h2>\n<p>Na \u00faltima segunda-feira (11) o <strong>Minist\u00e9rio<\/strong> <strong>de Minas e Energia (MME)<\/strong> determinou a instaura\u00e7\u00e3o de um processo administrativo sobre o caso. O MME quer coletar mais informa\u00e7\u00f5es sobre o rompimento da <strong>barragem<\/strong> da <strong>Vale.<\/strong> A determina\u00e7\u00e3o foi publicada no \u201cDi\u00e1rio Oficial da Uni\u00e3o\u201d.<\/p>\n<p>De acordo com o texto, o processo tem como objetivo \u201ccoletar todas as informa\u00e7\u00f5es, dados, documentos, manifesta\u00e7\u00f5es e decis\u00f5es\u201d no \u00e2mbito da <strong>Secretaria de Geologia e Minera\u00e7\u00e3o,<\/strong> referentes ao rompimento da <strong>barragem<\/strong> da <strong>Vale,<\/strong> em 25 de janeiro, em <strong>Brumadinho.<\/strong><\/p>\n<p><a href=\"https:\/\/www.suno.com.br\/noticias\/governo-investigar-rompimento-vale\/\">Saiba mais: Governo abre processo para investigar rompimento da barragem da Vale\u00a0<\/a><\/p>\n<h2>O desastre de Brumadinho<\/h2>\n<p>A <strong>Barragem<\/strong> 1 de rejeitos da mina de <strong>C\u00f3rrego do Feij\u00e3o<\/strong> estourou no dia 25 de janeiro. A <strong>mina,<\/strong> localizada na \u00e1rea metropolitana de <strong>Belo Horizonte,<\/strong> \u00e9 de propriedade da <strong>Vale<\/strong>.<\/p>\n<p><a href=\"https:\/\/www.suno.com.br\/noticias\/fitch-rebaixa-nota-credito-vale\/\">Saiba mais:\u00a0Fitch rebaixa nota de cr\u00e9dito da Vale de BBB+ para BBB-\u00a0<\/a><\/p>\n<p>Segundo o <strong>Corpo de Bombeiros,<\/strong>\u00a0ao menos 165 pessoas morreram e 160 est\u00e3o desaparecidas.<\/p>\n<p>O acidente gerou uma avalanche de lama, que liberou em torno de 13 milh\u00f5es de metros c\u00fabicos (m\u00b3) de rejeitos. A lama destruiu parte do centro administrativo da empresa em <strong>Brumadinho,<\/strong> e arrastou casas e at\u00e9 uma ponte.<\/p>\n<p>A <strong>barragem<\/strong> rompida faz parte do complexo de Paraopeba. A mina \u00e9 respons\u00e1vel por 7,3 milh\u00f5es de toneladas de <strong>min\u00e9rio<\/strong>\u00a0<strong>de ferro<\/strong> do terceiro trimestre de 2018. O volume corresponde a 6,2% da produ\u00e7\u00e3o total da <strong>mineradora.<\/strong><\/p>\n<p>A <strong>Vale<\/strong> informou em nota o in\u00edcio de uma sindic\u00e2ncia interna para apurar as causas do rompimento da barragem. \u201cOs resultados preliminares foram compartilhados hoje com as autoridades federais e estaduais que est\u00e3o acompanhando o caso\u201d, informou a <strong>mineradora<\/strong> no documento.<\/p>\n<h2>Segundo desastre da Vale<\/h2>\n<p>Esse \u00e9 o segundo desastre com barragem em que a Vale se envolve em\u00a0tr\u00eas anos. Em 2015 ocorreu a trag\u00e9dia de <strong>Mariana,<\/strong> com o rompimento da barragem da <strong>Samarco.<\/strong> Naquele desastre morreram 19 pessoas e a lama destruiu centenas de casas e constru\u00e7\u00f5es.<\/p>\n<p>A Samarco \u00e9 controlada pela <strong>Vale<\/strong> e pela mineradora anglo-australiana <strong>BHP Billiton,<\/strong> cada uma com 50% das a\u00e7\u00f5es. As duas empresas produtoras de <strong>min\u00e9rio de ferro<\/strong> se tornaram alvo de a\u00e7\u00f5es na Justi\u00e7a por conta do desastre. As pessoas afetadas ainda esperam por repara\u00e7\u00e3o.<\/p>\n","protected":false},"excerpt":{"rendered":"<p>Dois documentos produzidos pela Vale\u00a0(VALE3) mostram que a mineradora sabia das chances de rompimento em Brumadinho (MG) desde 2017. Vale Dois relat\u00f3rios internos produzidos em 2017 e em 2018 indicam que a Vale sabia dos riscos de rompimento da barragem. O documento de novembro de 2017 afirma que naquele momento a barragem 1 da Mina [&hellip;]<\/p>\n","protected":false},"author":9,"featured_media":14955,"comment_status":"closed","ping_status":"closed","sticky":false,"template":"","format":"standard","meta":[],"categories":[60],"tags":[1032,825,676],"suno_strategy":[],"class_list":["post-14953","post","type-post","status-publish","format-standard","has-post-thumbnail","hentry","category-mercado","tag-brumadinho","tag-minerio-de-ferro","tag-vale-vale3"],"yoast_head":"<!-- This site is optimized with the Yoast SEO plugin v24.4 - https:\/\/yoast.com\/wordpress\/plugins\/seo\/ -->\n<title>Vale sabia das chances de rompimento de Brumadinho desde 2017<\/title>\n<meta name=\"description\" content=\"Documentos da Vale mostram que a mineradora sabia das chances de rompimento em Brumadinho (MG) desde 2017.\u00a0Clique aqui para saber mais.\" \/>\n<meta name=\"robots\" content=\"index, follow, max-snippet:-1, max-image-preview:large, max-video-preview:-1\" \/>\n<link rel=\"canonical\" href=\"https:\/\/www.suno.com.br\/noticias\/vale-sabia-chances-rompimento-brumadinho\/\" \/>\n<meta property=\"og:locale\" content=\"pt_BR\" \/>\n<meta property=\"og:type\" content=\"article\" \/>\n<meta property=\"og:title\" content=\"Vale sabia das chances de rompimento de Brumadinho desde 2017\" \/>\n<meta property=\"og:description\" content=\"Documentos da Vale mostram que a mineradora sabia das chances de rompimento em Brumadinho (MG) desde 2017.\u00a0Clique aqui para saber mais.\" \/>\n<meta property=\"og:url\" content=\"https:\/\/www.suno.com.br\/noticias\/vale-sabia-chances-rompimento-brumadinho\/\" \/>\n<meta property=\"og:site_name\" content=\"Suno Not\u00edcias\" \/>\n<meta property=\"article:publisher\" content=\"https:\/\/facebook.com\/sunoresearch\" \/>\n<meta property=\"og:image\" content=\"https:\/\/files.sunoresearch.com.br\/n\/uploads\/2019\/02\/e82cfcc4-brumadinho-vale.jpg\" \/>\n\t<meta property=\"og:image:width\" content=\"1140\" \/>\n\t<meta property=\"og:image:height\" content=\"760\" \/>\n\t<meta property=\"og:image:type\" content=\"image\/jpeg\" \/>\n<meta name=\"author\" content=\"Carlo Cauti\" \/>\n<meta name=\"twitter:card\" content=\"summary_large_image\" \/>\n<meta name=\"twitter:creator\" content=\"@sunoresearch\" \/>\n<meta name=\"twitter:site\" content=\"@sunoresearch\" \/>\n<meta name=\"twitter:label1\" content=\"Escrito por\" \/>\n\t<meta name=\"twitter:data1\" content=\"Carlo Cauti\" \/>\n\t<meta name=\"twitter:label2\" content=\"Est. tempo de leitura\" \/>\n\t<meta name=\"twitter:data2\" content=\"3 minutos\" \/>\n<script type=\"application\/ld+json\" class=\"yoast-schema-graph\">{\"@context\":\"https:\/\/schema.org\",\"@graph\":[{\"@type\":\"NewsArticle\",\"@id\":\"https:\/\/www.suno.com.br\/noticias\/vale-sabia-chances-rompimento-brumadinho\/#article\",\"isPartOf\":{\"@id\":\"https:\/\/www.suno.com.br\/noticias\/vale-sabia-chances-rompimento-brumadinho\/\"},\"author\":{\"name\":\"Carlo Cauti\",\"@id\":\"https:\/\/www.suno.com.br\/noticias\/#\/schema\/person\/e6e0f723cc177805027f4566c1d5e0c8\"},\"headline\":\"Vale sabia das chances de rompimento de Brumadinho desde 2017\",\"datePublished\":\"2019-02-12T12:08:31+00:00\",\"dateModified\":\"2019-02-12T12:09:10+00:00\",\"mainEntityOfPage\":{\"@id\":\"https:\/\/www.suno.com.br\/noticias\/vale-sabia-chances-rompimento-brumadinho\/\"},\"wordCount\":628,\"publisher\":{\"@id\":\"https:\/\/www.suno.com.br\/noticias\/#organization\"},\"image\":{\"@id\":\"https:\/\/www.suno.com.br\/noticias\/vale-sabia-chances-rompimento-brumadinho\/#primaryimage\"},\"thumbnailUrl\":\"https:\/\/files.sunoresearch.com.br\/n\/uploads\/2019\/02\/e82cfcc4-brumadinho-vale-jpg.webp\",\"keywords\":[\"Brumadinho\",\"min\u00e9rio de ferro\",\"Vale (VALE3)\"],\"articleSection\":[\"Mercado\"],\"inLanguage\":\"pt-BR\"},{\"@type\":\"WebPage\",\"@id\":\"https:\/\/www.suno.com.br\/noticias\/vale-sabia-chances-rompimento-brumadinho\/\",\"url\":\"https:\/\/www.suno.com.br\/noticias\/vale-sabia-chances-rompimento-brumadinho\/\",\"name\":\"Vale sabia das chances de rompimento de Brumadinho desde 2017\",\"isPartOf\":{\"@id\":\"https:\/\/www.suno.com.br\/noticias\/#website\"},\"primaryImageOfPage\":{\"@id\":\"https:\/\/www.suno.com.br\/noticias\/vale-sabia-chances-rompimento-brumadinho\/#primaryimage\"},\"image\":{\"@id\":\"https:\/\/www.suno.com.br\/noticias\/vale-sabia-chances-rompimento-brumadinho\/#primaryimage\"},\"thumbnailUrl\":\"https:\/\/files.sunoresearch.com.br\/n\/uploads\/2019\/02\/e82cfcc4-brumadinho-vale-jpg.webp\",\"datePublished\":\"2019-02-12T12:08:31+00:00\",\"dateModified\":\"2019-02-12T12:09:10+00:00\",\"description\":\"Documentos da Vale mostram que a mineradora sabia das chances de rompimento em Brumadinho (MG) desde 2017.\u00a0Clique aqui para saber mais.\",\"breadcrumb\":{\"@id\":\"https:\/\/www.suno.com.br\/noticias\/vale-sabia-chances-rompimento-brumadinho\/#breadcrumb\"},\"inLanguage\":\"pt-BR\",\"potentialAction\":[{\"@type\":\"ReadAction\",\"target\":[\"https:\/\/www.suno.com.br\/noticias\/vale-sabia-chances-rompimento-brumadinho\/\"]}]},{\"@type\":\"ImageObject\",\"inLanguage\":\"pt-BR\",\"@id\":\"https:\/\/www.suno.com.br\/noticias\/vale-sabia-chances-rompimento-brumadinho\/#primaryimage\",\"url\":\"https:\/\/files.sunoresearch.com.br\/n\/uploads\/2019\/02\/e82cfcc4-brumadinho-vale-jpg.webp\",\"contentUrl\":\"https:\/\/files.sunoresearch.com.br\/n\/uploads\/2019\/02\/e82cfcc4-brumadinho-vale-jpg.webp\",\"width\":1140,\"height\":760,\"caption\":\"Vale\"},{\"@type\":\"BreadcrumbList\",\"@id\":\"https:\/\/www.suno.com.br\/noticias\/vale-sabia-chances-rompimento-brumadinho\/#breadcrumb\",\"itemListElement\":[{\"@type\":\"ListItem\",\"position\":1,\"name\":\"Not\u00edcias\",\"item\":\"https:\/\/www.suno.com.br\/noticias\/\"},{\"@type\":\"ListItem\",\"position\":2,\"name\":\"Mercado\",\"item\":\"https:\/\/www.suno.com.br\/noticias\/mercado\/\"},{\"@type\":\"ListItem\",\"position\":3,\"name\":\"Vale sabia das chances de rompimento de Brumadinho desde 2017\"}]},{\"@type\":\"WebSite\",\"@id\":\"https:\/\/www.suno.com.br\/noticias\/#website\",\"url\":\"https:\/\/www.suno.com.br\/noticias\/\",\"name\":\"Suno Not\u00edcias\",\"description\":\"Seu portal de informa\u00e7\u00e3o sobre o mundo dos investimentos\",\"publisher\":{\"@id\":\"https:\/\/www.suno.com.br\/noticias\/#organization\"},\"potentialAction\":[{\"@type\":\"SearchAction\",\"target\":{\"@type\":\"EntryPoint\",\"urlTemplate\":\"https:\/\/www.suno.com.br\/noticias\/?s={search_term_string}\"},\"query-input\":{\"@type\":\"PropertyValueSpecification\",\"valueRequired\":true,\"valueName\":\"search_term_string\"}}],\"inLanguage\":\"pt-BR\"},{\"@type\":\"Organization\",\"@id\":\"https:\/\/www.suno.com.br\/noticias\/#organization\",\"name\":\"Suno Not\u00edcias\",\"url\":\"https:\/\/www.suno.com.br\/noticias\/\",\"logo\":{\"@type\":\"ImageObject\",\"inLanguage\":\"pt-BR\",\"@id\":\"https:\/\/www.suno.com.br\/noticias\/#\/schema\/logo\/image\/\",\"url\":\"https:\/\/files.sunoresearch.com.br\/n\/uploads\/2021\/09\/suno-logo.png\",\"contentUrl\":\"https:\/\/files.sunoresearch.com.br\/n\/uploads\/2021\/09\/suno-logo.png\",\"width\":180,\"height\":180,\"caption\":\"Suno Not\u00edcias\"},\"image\":{\"@id\":\"https:\/\/www.suno.com.br\/noticias\/#\/schema\/logo\/image\/\"},\"sameAs\":[\"https:\/\/facebook.com\/sunoresearch\",\"https:\/\/x.com\/sunoresearch\",\"https:\/\/www.instagram.com\/suno\",\"https:\/\/www.linkedin.com\/company\/suno-research\/\",\"https:\/\/www.youtube.com\/c\/sunoresearch\"]},{\"@type\":\"Person\",\"@id\":\"https:\/\/www.suno.com.br\/noticias\/#\/schema\/person\/e6e0f723cc177805027f4566c1d5e0c8\",\"name\":\"Carlo Cauti\",\"image\":{\"@type\":\"ImageObject\",\"inLanguage\":\"pt-BR\",\"@id\":\"https:\/\/www.suno.com.br\/noticias\/#\/schema\/person\/image\/\",\"url\":\"https:\/\/secure.gravatar.com\/avatar\/3ada9e0bd164c23abd4792a9606d583c?s=96&r=g\",\"contentUrl\":\"https:\/\/secure.gravatar.com\/avatar\/3ada9e0bd164c23abd4792a9606d583c?s=96&r=g\",\"caption\":\"Carlo Cauti\"},\"description\":\"Editor multim\u00eddia do SUNO Not\u00edcias. Italiano, formado em Ci\u00eancias Pol\u00edticas pela universidade LUISS G. Carli de Roma e mestre cum laude em Rela\u00e7\u00f5es Internacionais, Jornalismo Internacional e de Guerra e em Economia Internacional. Concluiu tamb\u00e9m um MBA em Finan\u00e7as na B3. No Brasil, teve passagem por ve\u00edculos como Estad\u00e3o, Globo, Veja e EXAME. e nas ag\u00eancias de not\u00edcias italianas ANSA e NOVA.\",\"url\":\"https:\/\/www.suno.com.br\/noticias\/author\/carlo-cauti\/\"}]}<\/script>\n<!-- \/ Yoast SEO plugin. -->","yoast_head_json":{"title":"Vale sabia das chances de rompimento de Brumadinho desde 2017","description":"Documentos da Vale mostram que a mineradora sabia das chances de rompimento em Brumadinho (MG) desde 2017.\u00a0Clique aqui para saber mais.","robots":{"index":"index","follow":"follow","max-snippet":"max-snippet:-1","max-image-preview":"max-image-preview:large","max-video-preview":"max-video-preview:-1"},"canonical":"https:\/\/www.suno.com.br\/noticias\/vale-sabia-chances-rompimento-brumadinho\/","og_locale":"pt_BR","og_type":"article","og_title":"Vale sabia das chances de rompimento de Brumadinho desde 2017","og_description":"Documentos da Vale mostram que a mineradora sabia das chances de rompimento em Brumadinho (MG) desde 2017.\u00a0Clique aqui para saber mais.","og_url":"https:\/\/www.suno.com.br\/noticias\/vale-sabia-chances-rompimento-brumadinho\/","og_site_name":"Suno Not\u00edcias","article_publisher":"https:\/\/facebook.com\/sunoresearch","og_image":[{"width":1140,"height":760,"url":"https:\/\/files.sunoresearch.com.br\/n\/uploads\/2019\/02\/e82cfcc4-brumadinho-vale.jpg","type":"image\/jpeg"}],"author":"Carlo Cauti","twitter_card":"summary_large_image","twitter_creator":"@sunoresearch","twitter_site":"@sunoresearch","twitter_misc":{"Escrito por":"Carlo Cauti","Est. tempo de leitura":"3 minutos"},"schema":{"@context":"https:\/\/schema.org","@graph":[{"@type":"NewsArticle","@id":"https:\/\/www.suno.com.br\/noticias\/vale-sabia-chances-rompimento-brumadinho\/#article","isPartOf":{"@id":"https:\/\/www.suno.com.br\/noticias\/vale-sabia-chances-rompimento-brumadinho\/"},"author":{"name":"Carlo Cauti","@id":"https:\/\/www.suno.com.br\/noticias\/#\/schema\/person\/e6e0f723cc177805027f4566c1d5e0c8"},"headline":"Vale sabia das chances de rompimento de Brumadinho desde 2017","datePublished":"2019-02-12T12:08:31+00:00","dateModified":"2019-02-12T12:09:10+00:00","mainEntityOfPage":{"@id":"https:\/\/www.suno.com.br\/noticias\/vale-sabia-chances-rompimento-brumadinho\/"},"wordCount":628,"publisher":{"@id":"https:\/\/www.suno.com.br\/noticias\/#organization"},"image":{"@id":"https:\/\/www.suno.com.br\/noticias\/vale-sabia-chances-rompimento-brumadinho\/#primaryimage"},"thumbnailUrl":"https:\/\/files.sunoresearch.com.br\/n\/uploads\/2019\/02\/e82cfcc4-brumadinho-vale-jpg.webp","keywords":["Brumadinho","min\u00e9rio de ferro","Vale (VALE3)"],"articleSection":["Mercado"],"inLanguage":"pt-BR"},{"@type":"WebPage","@id":"https:\/\/www.suno.com.br\/noticias\/vale-sabia-chances-rompimento-brumadinho\/","url":"https:\/\/www.suno.com.br\/noticias\/vale-sabia-chances-rompimento-brumadinho\/","name":"Vale sabia das chances de rompimento de Brumadinho desde 2017","isPartOf":{"@id":"https:\/\/www.suno.com.br\/noticias\/#website"},"primaryImageOfPage":{"@id":"https:\/\/www.suno.com.br\/noticias\/vale-sabia-chances-rompimento-brumadinho\/#primaryimage"},"image":{"@id":"https:\/\/www.suno.com.br\/noticias\/vale-sabia-chances-rompimento-brumadinho\/#primaryimage"},"thumbnailUrl":"https:\/\/files.sunoresearch.com.br\/n\/uploads\/2019\/02\/e82cfcc4-brumadinho-vale-jpg.webp","datePublished":"2019-02-12T12:08:31+00:00","dateModified":"2019-02-12T12:09:10+00:00","description":"Documentos da Vale mostram que a mineradora sabia das chances de rompimento em Brumadinho (MG) desde 2017.\u00a0Clique aqui para saber mais.","breadcrumb":{"@id":"https:\/\/www.suno.com.br\/noticias\/vale-sabia-chances-rompimento-brumadinho\/#breadcrumb"},"inLanguage":"pt-BR","potentialAction":[{"@type":"ReadAction","target":["https:\/\/www.suno.com.br\/noticias\/vale-sabia-chances-rompimento-brumadinho\/"]}]},{"@type":"ImageObject","inLanguage":"pt-BR","@id":"https:\/\/www.suno.com.br\/noticias\/vale-sabia-chances-rompimento-brumadinho\/#primaryimage","url":"https:\/\/files.sunoresearch.com.br\/n\/uploads\/2019\/02\/e82cfcc4-brumadinho-vale-jpg.webp","contentUrl":"https:\/\/files.sunoresearch.com.br\/n\/uploads\/2019\/02\/e82cfcc4-brumadinho-vale-jpg.webp","width":1140,"height":760,"caption":"Vale"},{"@type":"BreadcrumbList","@id":"https:\/\/www.suno.com.br\/noticias\/vale-sabia-chances-rompimento-brumadinho\/#breadcrumb","itemListElement":[{"@type":"ListItem","position":1,"name":"Not\u00edcias","item":"https:\/\/www.suno.com.br\/noticias\/"},{"@type":"ListItem","position":2,"name":"Mercado","item":"https:\/\/www.suno.com.br\/noticias\/mercado\/"},{"@type":"ListItem","position":3,"name":"Vale sabia das chances de rompimento de Brumadinho desde 2017"}]},{"@type":"WebSite","@id":"https:\/\/www.suno.com.br\/noticias\/#website","url":"https:\/\/www.suno.com.br\/noticias\/","name":"Suno Not\u00edcias","description":"Seu portal de informa\u00e7\u00e3o sobre o mundo dos investimentos","publisher":{"@id":"https:\/\/www.suno.com.br\/noticias\/#organization"},"potentialAction":[{"@type":"SearchAction","target":{"@type":"EntryPoint","urlTemplate":"https:\/\/www.suno.com.br\/noticias\/?s={search_term_string}"},"query-input":{"@type":"PropertyValueSpecification","valueRequired":true,"valueName":"search_term_string"}}],"inLanguage":"pt-BR"},{"@type":"Organization","@id":"https:\/\/www.suno.com.br\/noticias\/#organization","name":"Suno Not\u00edcias","url":"https:\/\/www.suno.com.br\/noticias\/","logo":{"@type":"ImageObject","inLanguage":"pt-BR","@id":"https:\/\/www.suno.com.br\/noticias\/#\/schema\/logo\/image\/","url":"https:\/\/files.sunoresearch.com.br\/n\/uploads\/2021\/09\/suno-logo.png","contentUrl":"https:\/\/files.sunoresearch.com.br\/n\/uploads\/2021\/09\/suno-logo.png","width":180,"height":180,"caption":"Suno Not\u00edcias"},"image":{"@id":"https:\/\/www.suno.com.br\/noticias\/#\/schema\/logo\/image\/"},"sameAs":["https:\/\/facebook.com\/sunoresearch","https:\/\/x.com\/sunoresearch","https:\/\/www.instagram.com\/suno","https:\/\/www.linkedin.com\/company\/suno-research\/","https:\/\/www.youtube.com\/c\/sunoresearch"]},{"@type":"Person","@id":"https:\/\/www.suno.com.br\/noticias\/#\/schema\/person\/e6e0f723cc177805027f4566c1d5e0c8","name":"Carlo Cauti","image":{"@type":"ImageObject","inLanguage":"pt-BR","@id":"https:\/\/www.suno.com.br\/noticias\/#\/schema\/person\/image\/","url":"https:\/\/secure.gravatar.com\/avatar\/3ada9e0bd164c23abd4792a9606d583c?s=96&r=g","contentUrl":"https:\/\/secure.gravatar.com\/avatar\/3ada9e0bd164c23abd4792a9606d583c?s=96&r=g","caption":"Carlo Cauti"},"description":"Editor multim\u00eddia do SUNO Not\u00edcias. Italiano, formado em Ci\u00eancias Pol\u00edticas pela universidade LUISS G. Carli de Roma e mestre cum laude em Rela\u00e7\u00f5es Internacionais, Jornalismo Internacional e de Guerra e em Economia Internacional. Concluiu tamb\u00e9m um MBA em Finan\u00e7as na B3. No Brasil, teve passagem por ve\u00edculos como Estad\u00e3o, Globo, Veja e EXAME. e nas ag\u00eancias de not\u00edcias italianas ANSA e NOVA.","url":"https:\/\/www.suno.com.br\/noticias\/author\/carlo-cauti\/"}]}},"default_loop_html":"<div class=\"cardsPage__listCard__boxs\"><div class=\"cardsPage__listCard__boxs__img\"><a href=\"https:\/\/www.suno.com.br\/noticias\/vale-sabia-chances-rompimento-brumadinho\/\"><img class=\"mask\" src=\"https:\/\/www.suno.com.br\/noticias\/wp-content\/themes\/suno\/resources\/images\/spotlight\/spotlight1img\/bg-mask.png\" alt=\"Image Mask\"\/><img src=\"https:\/\/files.sunoresearch.com.br\/n\/uploads\/2019\/02\/e82cfcc4-brumadinho-vale-400x200.webp\" alt=\"Vale sabia das chances de rompimento de Brumadinho desde 2017\"\/><\/a><span class=\"spotlightCategory\"><a href=\"https:\/\/www.suno.com.br\/noticias\/mercado\/\">Mercado<\/a><\/span><\/div><div class=\"cardsPage__listCard__boxs__content\"><a href=\"https:\/\/www.suno.com.br\/noticias\/vale-sabia-chances-rompimento-brumadinho\/\"><h2 class=\"content__title\">Vale sabia das chances de rompimento de Brumadinho desde 2017<\/h2><\/a><div class=\"newsContent__article__meta\"><div class=\"newsContent__article__meta__authorBox\"><a href=\"https:\/\/www.suno.com.br\/noticias\/author\/carlo-cauti\/\" class=\"authorBox__avatar noMobi\"><img src=\"https:\/\/files.sunoresearch.com.br\/n\/uploads\/2020\/08\/e3745f9a-perfil-carlo-cauti-150x150.webp\" alt=\"Carlo Cauti\"><\/a><div class=\"authorBox__name\"><span>por\n\t\t\t<a href=\"https:\/\/www.suno.com.br\/noticias\/author\/carlo-cauti\/\"><span itemprop=\"author\">Carlo Cauti<\/span><\/a><\/span><time datetime=\"2019-02-12T10:08:31-02:00\" itemprop=\"datePublished\">12\/02\/2019 10:08<\/time><\/div><\/div><\/div><\/div><\/div>","single_layout":"posts","amp_enabled":true,"_links":{"self":[{"href":"https:\/\/www.suno.com.br\/noticias\/wp-json\/wp\/v2\/posts\/14953"}],"collection":[{"href":"https:\/\/www.suno.com.br\/noticias\/wp-json\/wp\/v2\/posts"}],"about":[{"href":"https:\/\/www.suno.com.br\/noticias\/wp-json\/wp\/v2\/types\/post"}],"author":[{"embeddable":true,"href":"https:\/\/www.suno.com.br\/noticias\/wp-json\/wp\/v2\/users\/9"}],"replies":[{"embeddable":true,"href":"https:\/\/www.suno.com.br\/noticias\/wp-json\/wp\/v2\/comments?post=14953"}],"version-history":[{"count":0,"href":"https:\/\/www.suno.com.br\/noticias\/wp-json\/wp\/v2\/posts\/14953\/revisions"}],"wp:featuredmedia":[{"embeddable":true,"href":"https:\/\/www.suno.com.br\/noticias\/wp-json\/wp\/v2\/media\/14955"}],"wp:attachment":[{"href":"https:\/\/www.suno.com.br\/noticias\/wp-json\/wp\/v2\/media?parent=14953"}],"wp:term":[{"taxonomy":"category","embeddable":true,"href":"https:\/\/www.suno.com.br\/noticias\/wp-json\/wp\/v2\/categories?post=14953"},{"taxonomy":"post_tag","embeddable":true,"href":"https:\/\/www.suno.com.br\/noticias\/wp-json\/wp\/v2\/tags?post=14953"},{"taxonomy":"suno_strategy","embeddable":true,"href":"https:\/\/www.suno.com.br\/noticias\/wp-json\/wp\/v2\/suno_strategy?post=14953"}],"curies":[{"name":"wp","href":"https:\/\/api.w.org\/{rel}","templated":true}]}}