{"id":14947,"date":"2019-02-12T08:53:43","date_gmt":"2019-02-12T10:53:43","guid":{"rendered":"https:\/\/www.suno.com.br\/noticias\/?p=14947"},"modified":"2019-02-12T19:06:17","modified_gmt":"2019-02-12T21:06:17","slug":"eua-china-negociacoes-guerra-comercial","status":"publish","type":"post","link":"https:\/\/www.suno.com.br\/noticias\/eua-china-negociacoes-guerra-comercial\/","title":{"rendered":"Representante comercial dos EUA chega \u00e0 China para negocia\u00e7\u00f5es"},"content":{"rendered":"<p>O Representante de Com\u00e9rcio dos Estados Unidos da Am\u00e9rica (EUA), <strong>Robert Lighthizer<\/strong>, chegou a Pequim nesta ter\u00e7a-feira (12). Lighthizer participar\u00e1 de uma nova rodada de <strong>negocia\u00e7\u00f5es<\/strong>, para chegar a um acordo com a China. Antes que o prazo da tr\u00e9gua da <strong><a href=\"https:\/\/www.suno.com.br\/artigos\/guerra-comercial\/\">guerra comercial<\/a> <\/strong>tenha fim, em 1\u00ba mar\u00e7o.<\/p>\t<div class=\"wrapper-featured-image\">\n\t\t<figure class=\"spotlightImg\">\n\n\t\t\t<picture>\n\t\t\t\t<source media=\"(max-width: 768px)\" srcset=\"https:\/\/files.sunoresearch.com.br\/n\/uploads\/2019\/01\/3b059b96-eua-e-china-celebram-os-40-anos-das-rela\u00e7\u00f5es-diplom\u00e1ticas-400x200.webp\">\n\t\t\t\t<img loading=\"lazy\" decoding=\"async\" class=\"newsContent__article__imgCapa lazyloadDisabled newsContent__article__imgCapa--noCaption\" src=\"https:\/\/files.sunoresearch.com.br\/n\/uploads\/2019\/01\/3b059b96-eua-e-china-celebram-os-40-anos-das-rela\u00e7\u00f5es-diplom\u00e1ticas-jpg.webp\" width=\"800\" height=\"450\" alt=\"Representante comercial dos EUA chega \u00e0 China para negocia\u00e7\u00f5es\" fetchpriority=high \/>\n\t\t\t<\/picture>\n\n\t\t\t<figcaption class=\"wp-caption-text wp-caption-text--hide\">China e Estados Unidos concordam em retomar negocia\u00e7\u00f5es<\/figcaption>\n\t\t<\/figure>\n\t<\/div>\n\n\n<p>Lighthizer e o\u00a0secret\u00e1rio do Tesouro dos EUA, <strong>Steven Mnuchin<\/strong>, ter\u00e3o <strong>discuss\u00f5es<\/strong> na quinta e na sexta-feira com o vice-primeiro-ministro chin\u00eas, <strong>Liu He<\/strong>. As informa\u00e7\u00f5es s\u00e3o da ag\u00eancia &#8220;Reuters&#8221;.<\/p>\n<p>He \u00e9 o\u00a0principal assessor econ\u00f4mico do presidente da <strong>China<\/strong>, Xi Jinping.<\/p>\n<p>Em 1\u00ba de dezembro, os presidentes <strong>Donald Trump<\/strong> (EUA) e <strong>Xi Jinping<\/strong> encontraram-se na c\u00fapula do G20 e concordaram com uma <strong>tr\u00e9gua<\/strong> de 90 dias na <strong>guerra comercial<\/strong>.<\/p>\n<p>Assim, ap\u00f3s finalizada a <strong>tr\u00e9gua<\/strong>, as tarifas dos Estados Unidos da Am\u00e9rica sobre US$ 200 bilh\u00f5es em importa\u00e7\u00f5es chinesas aumentar\u00e1 de 10% para 25%.<\/p>\n<p><a href=\"https:\/\/www.suno.com.br\/noticias\/china-eua-negociacoes-segunda110219\/\">Saiba mais &#8211;\u00a0China e Estados Unidos retomam negocia\u00e7\u00f5es comerciais nesta segunda\u00a0<\/a><\/p>\n<h2>Guerra comercial<\/h2>\n<p>Em 2015, a <strong>China<\/strong> lan\u00e7ou o plano\u00a0\u201cMade in China 2025\u201d, com o intuito de transformar o pa\u00eds\u00a0em um l\u00edder mundial em setores futuros, como:<\/p>\n<ul>\n<li>aeron\u00e1utica;<\/li>\n<li>rob\u00f3tica;<\/li>\n<li>telecomunica\u00e7\u00f5es;<\/li>\n<li>intelig\u00eancia artificial<\/li>\n<li>e ve\u00edculos de energia limpa.<\/li>\n<\/ul>\n<p>Em paralelo, o presidente dos <strong>EUA<\/strong>, Donald Trump, se mostrou v\u00e1rias vezes favor\u00e1vel ao avan\u00e7o da <strong>economia chinesa<\/strong> prosperando. Contudo, n\u00e3o em detrimento das empresas americanas.<\/p>\n<p><strong>Washington<\/strong> deseja acabar com\u00a0pr\u00e1ticas comerciais que considera \u201cinjustas\u201d. Dentre elas est\u00e3o:<\/p>\n<ul>\n<li>a transfer\u00eancia de tecnologia imposta a empresas estrangeiras na China;<\/li>\n<li>o roubo de propriedade intelectual dos EUA;<\/li>\n<li>e os subs\u00eddios concedidos a empresas estatais chinesas.<\/li>\n<\/ul>\n<p>Para \u201cincentivar\u201d <strong>Pequim<\/strong> a corrigir tais \u201cinjusti\u00e7as\u201d do com\u00e9rcio,\u00a0a Casa Branca imp\u00f4s novas tarifas de US$ 250 bilh\u00f5es em produtos chineses.<\/p>\n<p>Al\u00e9m disso, amea\u00e7a aumentar as <strong>tarifas<\/strong> sobre US$ 200 bilh\u00f5es de importa\u00e7\u00f5es chinesas, de 10% a 25%.<\/p>\n<p>Por sua vez, a <strong>China<\/strong>\u00a0aplicou\u00a0tarifas adicionais a US$ 110 bilh\u00f5es em <strong>produtos<\/strong> norte-americanos.<\/p>\n","protected":false},"excerpt":{"rendered":"<p>O Representante de Com\u00e9rcio dos Estados Unidos da Am\u00e9rica (EUA), Robert Lighthizer, chegou a Pequim nesta ter\u00e7a-feira (12). Lighthizer participar\u00e1 de uma nova rodada de negocia\u00e7\u00f5es, para chegar a um acordo com a China. Antes que o prazo da tr\u00e9gua da guerra comercial tenha fim, em 1\u00ba mar\u00e7o. China e Estados Unidos concordam em retomar [&hellip;]<\/p>\n","protected":false},"author":12,"featured_media":10067,"comment_status":"closed","ping_status":"closed","sticky":false,"template":"","format":"standard","meta":[],"categories":[63],"tags":[711,724,793,913],"suno_strategy":[],"class_list":["post-14947","post","type-post","status-publish","format-standard","has-post-thumbnail","hentry","category-internacional","tag-china","tag-donald-trump","tag-estados-unidos-eua","tag-xi-jinping"],"yoast_head":"<!-- This site is optimized with the Yoast SEO plugin v24.4 - https:\/\/yoast.com\/wordpress\/plugins\/seo\/ -->\n<title>Representante comercial dos EUA chega \u00e0 China para negocia\u00e7\u00f5es<\/title>\n<meta name=\"description\" content=\"O Representante de Com\u00e9rcio dos EUA, Robert Lighthizer, chegou \u00e0 China para negociar acordo da guerra comercial. Clique para saber mais.\" \/>\n<meta name=\"robots\" content=\"index, follow, max-snippet:-1, max-image-preview:large, max-video-preview:-1\" \/>\n<link rel=\"canonical\" href=\"https:\/\/www.suno.com.br\/noticias\/eua-china-negociacoes-guerra-comercial\/\" \/>\n<meta property=\"og:locale\" content=\"pt_BR\" \/>\n<meta property=\"og:type\" content=\"article\" \/>\n<meta property=\"og:title\" content=\"Representante comercial dos EUA chega \u00e0 China para negocia\u00e7\u00f5es\" \/>\n<meta property=\"og:description\" content=\"O Representante de Com\u00e9rcio dos EUA, Robert Lighthizer, chegou \u00e0 China para negociar acordo da guerra comercial. Clique para saber mais.\" \/>\n<meta property=\"og:url\" content=\"https:\/\/www.suno.com.br\/noticias\/eua-china-negociacoes-guerra-comercial\/\" \/>\n<meta property=\"og:site_name\" content=\"Suno Not\u00edcias\" \/>\n<meta property=\"article:publisher\" content=\"https:\/\/facebook.com\/sunoresearch\" \/>\n<meta property=\"og:image\" content=\"https:\/\/files.sunoresearch.com.br\/n\/uploads\/2019\/01\/3b059b96-eua-e-china-celebram-os-40-anos-das-rela\u00e7\u00f5es-diplom\u00e1ticas.jpg\" \/>\n\t<meta property=\"og:image:width\" content=\"699\" \/>\n\t<meta property=\"og:image:height\" content=\"420\" \/>\n\t<meta property=\"og:image:type\" content=\"image\/jpeg\" \/>\n<meta name=\"author\" content=\"Amanda Gushiken\" \/>\n<meta name=\"twitter:card\" content=\"summary_large_image\" \/>\n<meta name=\"twitter:creator\" content=\"@sunoresearch\" \/>\n<meta name=\"twitter:site\" content=\"@sunoresearch\" \/>\n<meta name=\"twitter:label1\" content=\"Escrito por\" \/>\n\t<meta name=\"twitter:data1\" content=\"Amanda Gushiken\" \/>\n\t<meta name=\"twitter:label2\" content=\"Est. tempo de leitura\" \/>\n\t<meta name=\"twitter:data2\" content=\"2 minutos\" \/>\n<script type=\"application\/ld+json\" class=\"yoast-schema-graph\">{\"@context\":\"https:\/\/schema.org\",\"@graph\":[{\"@type\":\"NewsArticle\",\"@id\":\"https:\/\/www.suno.com.br\/noticias\/eua-china-negociacoes-guerra-comercial\/#article\",\"isPartOf\":{\"@id\":\"https:\/\/www.suno.com.br\/noticias\/eua-china-negociacoes-guerra-comercial\/\"},\"author\":{\"name\":\"Amanda Gushiken\",\"@id\":\"https:\/\/www.suno.com.br\/noticias\/#\/schema\/person\/a5b06fa4e879d8e8e119c6ed3cd630d1\"},\"headline\":\"Representante comercial dos EUA chega \u00e0 China para negocia\u00e7\u00f5es\",\"datePublished\":\"2019-02-12T10:53:43+00:00\",\"dateModified\":\"2019-02-12T21:06:17+00:00\",\"mainEntityOfPage\":{\"@id\":\"https:\/\/www.suno.com.br\/noticias\/eua-china-negociacoes-guerra-comercial\/\"},\"wordCount\":349,\"publisher\":{\"@id\":\"https:\/\/www.suno.com.br\/noticias\/#organization\"},\"image\":{\"@id\":\"https:\/\/www.suno.com.br\/noticias\/eua-china-negociacoes-guerra-comercial\/#primaryimage\"},\"thumbnailUrl\":\"https:\/\/files.sunoresearch.com.br\/n\/uploads\/2019\/01\/3b059b96-eua-e-china-celebram-os-40-anos-das-rela\u00e7\u00f5es-diplom\u00e1ticas-jpg.webp\",\"keywords\":[\"China\",\"Donald Trump\",\"Estados Unidos (EUA)\",\"Xi Jinping\"],\"articleSection\":[\"Internacional\"],\"inLanguage\":\"pt-BR\"},{\"@type\":\"WebPage\",\"@id\":\"https:\/\/www.suno.com.br\/noticias\/eua-china-negociacoes-guerra-comercial\/\",\"url\":\"https:\/\/www.suno.com.br\/noticias\/eua-china-negociacoes-guerra-comercial\/\",\"name\":\"Representante comercial dos EUA chega \u00e0 China para negocia\u00e7\u00f5es\",\"isPartOf\":{\"@id\":\"https:\/\/www.suno.com.br\/noticias\/#website\"},\"primaryImageOfPage\":{\"@id\":\"https:\/\/www.suno.com.br\/noticias\/eua-china-negociacoes-guerra-comercial\/#primaryimage\"},\"image\":{\"@id\":\"https:\/\/www.suno.com.br\/noticias\/eua-china-negociacoes-guerra-comercial\/#primaryimage\"},\"thumbnailUrl\":\"https:\/\/files.sunoresearch.com.br\/n\/uploads\/2019\/01\/3b059b96-eua-e-china-celebram-os-40-anos-das-rela\u00e7\u00f5es-diplom\u00e1ticas-jpg.webp\",\"datePublished\":\"2019-02-12T10:53:43+00:00\",\"dateModified\":\"2019-02-12T21:06:17+00:00\",\"description\":\"O Representante de Com\u00e9rcio dos EUA, Robert Lighthizer, chegou \u00e0 China para negociar acordo da guerra comercial. Clique para saber mais.\",\"breadcrumb\":{\"@id\":\"https:\/\/www.suno.com.br\/noticias\/eua-china-negociacoes-guerra-comercial\/#breadcrumb\"},\"inLanguage\":\"pt-BR\",\"potentialAction\":[{\"@type\":\"ReadAction\",\"target\":[\"https:\/\/www.suno.com.br\/noticias\/eua-china-negociacoes-guerra-comercial\/\"]}]},{\"@type\":\"ImageObject\",\"inLanguage\":\"pt-BR\",\"@id\":\"https:\/\/www.suno.com.br\/noticias\/eua-china-negociacoes-guerra-comercial\/#primaryimage\",\"url\":\"https:\/\/files.sunoresearch.com.br\/n\/uploads\/2019\/01\/3b059b96-eua-e-china-celebram-os-40-anos-das-rela\u00e7\u00f5es-diplom\u00e1ticas-jpg.webp\",\"contentUrl\":\"https:\/\/files.sunoresearch.com.br\/n\/uploads\/2019\/01\/3b059b96-eua-e-china-celebram-os-40-anos-das-rela\u00e7\u00f5es-diplom\u00e1ticas-jpg.webp\",\"width\":699,\"height\":420,\"caption\":\"China e Estados Unidos concordam em retomar negocia\u00e7\u00f5es\"},{\"@type\":\"BreadcrumbList\",\"@id\":\"https:\/\/www.suno.com.br\/noticias\/eua-china-negociacoes-guerra-comercial\/#breadcrumb\",\"itemListElement\":[{\"@type\":\"ListItem\",\"position\":1,\"name\":\"Not\u00edcias\",\"item\":\"https:\/\/www.suno.com.br\/noticias\/\"},{\"@type\":\"ListItem\",\"position\":2,\"name\":\"Internacional\",\"item\":\"https:\/\/www.suno.com.br\/noticias\/internacional\/\"},{\"@type\":\"ListItem\",\"position\":3,\"name\":\"Representante comercial dos EUA chega \u00e0 China para negocia\u00e7\u00f5es\"}]},{\"@type\":\"WebSite\",\"@id\":\"https:\/\/www.suno.com.br\/noticias\/#website\",\"url\":\"https:\/\/www.suno.com.br\/noticias\/\",\"name\":\"Suno Not\u00edcias\",\"description\":\"Seu portal de informa\u00e7\u00e3o sobre o mundo dos investimentos\",\"publisher\":{\"@id\":\"https:\/\/www.suno.com.br\/noticias\/#organization\"},\"potentialAction\":[{\"@type\":\"SearchAction\",\"target\":{\"@type\":\"EntryPoint\",\"urlTemplate\":\"https:\/\/www.suno.com.br\/noticias\/?s={search_term_string}\"},\"query-input\":{\"@type\":\"PropertyValueSpecification\",\"valueRequired\":true,\"valueName\":\"search_term_string\"}}],\"inLanguage\":\"pt-BR\"},{\"@type\":\"Organization\",\"@id\":\"https:\/\/www.suno.com.br\/noticias\/#organization\",\"name\":\"Suno Not\u00edcias\",\"url\":\"https:\/\/www.suno.com.br\/noticias\/\",\"logo\":{\"@type\":\"ImageObject\",\"inLanguage\":\"pt-BR\",\"@id\":\"https:\/\/www.suno.com.br\/noticias\/#\/schema\/logo\/image\/\",\"url\":\"https:\/\/files.sunoresearch.com.br\/n\/uploads\/2021\/09\/suno-logo.png\",\"contentUrl\":\"https:\/\/files.sunoresearch.com.br\/n\/uploads\/2021\/09\/suno-logo.png\",\"width\":180,\"height\":180,\"caption\":\"Suno Not\u00edcias\"},\"image\":{\"@id\":\"https:\/\/www.suno.com.br\/noticias\/#\/schema\/logo\/image\/\"},\"sameAs\":[\"https:\/\/facebook.com\/sunoresearch\",\"https:\/\/x.com\/sunoresearch\",\"https:\/\/www.instagram.com\/suno\",\"https:\/\/www.linkedin.com\/company\/suno-research\/\",\"https:\/\/www.youtube.com\/c\/sunoresearch\"]},{\"@type\":\"Person\",\"@id\":\"https:\/\/www.suno.com.br\/noticias\/#\/schema\/person\/a5b06fa4e879d8e8e119c6ed3cd630d1\",\"name\":\"Amanda Gushiken\",\"image\":{\"@type\":\"ImageObject\",\"inLanguage\":\"pt-BR\",\"@id\":\"https:\/\/www.suno.com.br\/noticias\/#\/schema\/person\/image\/\",\"url\":\"https:\/\/secure.gravatar.com\/avatar\/ecd84705e6b65e3685ae80d725501fbe?s=96&r=g\",\"contentUrl\":\"https:\/\/secure.gravatar.com\/avatar\/ecd84705e6b65e3685ae80d725501fbe?s=96&r=g\",\"caption\":\"Amanda Gushiken\"},\"description\":\"Amanda Sayuri Gushiken escreve sobre finan\u00e7as e neg\u00f3cios para o portal Suno Not\u00edcias. Antes, trabalhou selecionando not\u00edcias da imprensa para clientes do mercado financeiro. Tamb\u00e9m desenvolveu pesquisa acad\u00eamica pela Universidade Anhembi Morumbi na \u00e1rea de Teorias da Comunica\u00e7\u00e3o e \u00e9 fot\u00f3grafa nas horas vagas.\",\"url\":\"https:\/\/www.suno.com.br\/noticias\/author\/amanda\/\"}]}<\/script>\n<!-- \/ Yoast SEO plugin. -->","yoast_head_json":{"title":"Representante comercial dos EUA chega \u00e0 China para negocia\u00e7\u00f5es","description":"O Representante de Com\u00e9rcio dos EUA, Robert Lighthizer, chegou \u00e0 China para negociar acordo da guerra comercial. Clique para saber mais.","robots":{"index":"index","follow":"follow","max-snippet":"max-snippet:-1","max-image-preview":"max-image-preview:large","max-video-preview":"max-video-preview:-1"},"canonical":"https:\/\/www.suno.com.br\/noticias\/eua-china-negociacoes-guerra-comercial\/","og_locale":"pt_BR","og_type":"article","og_title":"Representante comercial dos EUA chega \u00e0 China para negocia\u00e7\u00f5es","og_description":"O Representante de Com\u00e9rcio dos EUA, Robert Lighthizer, chegou \u00e0 China para negociar acordo da guerra comercial. Clique para saber mais.","og_url":"https:\/\/www.suno.com.br\/noticias\/eua-china-negociacoes-guerra-comercial\/","og_site_name":"Suno Not\u00edcias","article_publisher":"https:\/\/facebook.com\/sunoresearch","og_image":[{"width":699,"height":420,"url":"https:\/\/files.sunoresearch.com.br\/n\/uploads\/2019\/01\/3b059b96-eua-e-china-celebram-os-40-anos-das-rela\u00e7\u00f5es-diplom\u00e1ticas.jpg","type":"image\/jpeg"}],"author":"Amanda Gushiken","twitter_card":"summary_large_image","twitter_creator":"@sunoresearch","twitter_site":"@sunoresearch","twitter_misc":{"Escrito por":"Amanda Gushiken","Est. tempo de leitura":"2 minutos"},"schema":{"@context":"https:\/\/schema.org","@graph":[{"@type":"NewsArticle","@id":"https:\/\/www.suno.com.br\/noticias\/eua-china-negociacoes-guerra-comercial\/#article","isPartOf":{"@id":"https:\/\/www.suno.com.br\/noticias\/eua-china-negociacoes-guerra-comercial\/"},"author":{"name":"Amanda Gushiken","@id":"https:\/\/www.suno.com.br\/noticias\/#\/schema\/person\/a5b06fa4e879d8e8e119c6ed3cd630d1"},"headline":"Representante comercial dos EUA chega \u00e0 China para negocia\u00e7\u00f5es","datePublished":"2019-02-12T10:53:43+00:00","dateModified":"2019-02-12T21:06:17+00:00","mainEntityOfPage":{"@id":"https:\/\/www.suno.com.br\/noticias\/eua-china-negociacoes-guerra-comercial\/"},"wordCount":349,"publisher":{"@id":"https:\/\/www.suno.com.br\/noticias\/#organization"},"image":{"@id":"https:\/\/www.suno.com.br\/noticias\/eua-china-negociacoes-guerra-comercial\/#primaryimage"},"thumbnailUrl":"https:\/\/files.sunoresearch.com.br\/n\/uploads\/2019\/01\/3b059b96-eua-e-china-celebram-os-40-anos-das-rela\u00e7\u00f5es-diplom\u00e1ticas-jpg.webp","keywords":["China","Donald Trump","Estados Unidos (EUA)","Xi Jinping"],"articleSection":["Internacional"],"inLanguage":"pt-BR"},{"@type":"WebPage","@id":"https:\/\/www.suno.com.br\/noticias\/eua-china-negociacoes-guerra-comercial\/","url":"https:\/\/www.suno.com.br\/noticias\/eua-china-negociacoes-guerra-comercial\/","name":"Representante comercial dos EUA chega \u00e0 China para negocia\u00e7\u00f5es","isPartOf":{"@id":"https:\/\/www.suno.com.br\/noticias\/#website"},"primaryImageOfPage":{"@id":"https:\/\/www.suno.com.br\/noticias\/eua-china-negociacoes-guerra-comercial\/#primaryimage"},"image":{"@id":"https:\/\/www.suno.com.br\/noticias\/eua-china-negociacoes-guerra-comercial\/#primaryimage"},"thumbnailUrl":"https:\/\/files.sunoresearch.com.br\/n\/uploads\/2019\/01\/3b059b96-eua-e-china-celebram-os-40-anos-das-rela\u00e7\u00f5es-diplom\u00e1ticas-jpg.webp","datePublished":"2019-02-12T10:53:43+00:00","dateModified":"2019-02-12T21:06:17+00:00","description":"O Representante de Com\u00e9rcio dos EUA, Robert Lighthizer, chegou \u00e0 China para negociar acordo da guerra comercial. Clique para saber mais.","breadcrumb":{"@id":"https:\/\/www.suno.com.br\/noticias\/eua-china-negociacoes-guerra-comercial\/#breadcrumb"},"inLanguage":"pt-BR","potentialAction":[{"@type":"ReadAction","target":["https:\/\/www.suno.com.br\/noticias\/eua-china-negociacoes-guerra-comercial\/"]}]},{"@type":"ImageObject","inLanguage":"pt-BR","@id":"https:\/\/www.suno.com.br\/noticias\/eua-china-negociacoes-guerra-comercial\/#primaryimage","url":"https:\/\/files.sunoresearch.com.br\/n\/uploads\/2019\/01\/3b059b96-eua-e-china-celebram-os-40-anos-das-rela\u00e7\u00f5es-diplom\u00e1ticas-jpg.webp","contentUrl":"https:\/\/files.sunoresearch.com.br\/n\/uploads\/2019\/01\/3b059b96-eua-e-china-celebram-os-40-anos-das-rela\u00e7\u00f5es-diplom\u00e1ticas-jpg.webp","width":699,"height":420,"caption":"China e Estados Unidos concordam em retomar negocia\u00e7\u00f5es"},{"@type":"BreadcrumbList","@id":"https:\/\/www.suno.com.br\/noticias\/eua-china-negociacoes-guerra-comercial\/#breadcrumb","itemListElement":[{"@type":"ListItem","position":1,"name":"Not\u00edcias","item":"https:\/\/www.suno.com.br\/noticias\/"},{"@type":"ListItem","position":2,"name":"Internacional","item":"https:\/\/www.suno.com.br\/noticias\/internacional\/"},{"@type":"ListItem","position":3,"name":"Representante comercial dos EUA chega \u00e0 China para negocia\u00e7\u00f5es"}]},{"@type":"WebSite","@id":"https:\/\/www.suno.com.br\/noticias\/#website","url":"https:\/\/www.suno.com.br\/noticias\/","name":"Suno Not\u00edcias","description":"Seu portal de informa\u00e7\u00e3o sobre o mundo dos investimentos","publisher":{"@id":"https:\/\/www.suno.com.br\/noticias\/#organization"},"potentialAction":[{"@type":"SearchAction","target":{"@type":"EntryPoint","urlTemplate":"https:\/\/www.suno.com.br\/noticias\/?s={search_term_string}"},"query-input":{"@type":"PropertyValueSpecification","valueRequired":true,"valueName":"search_term_string"}}],"inLanguage":"pt-BR"},{"@type":"Organization","@id":"https:\/\/www.suno.com.br\/noticias\/#organization","name":"Suno Not\u00edcias","url":"https:\/\/www.suno.com.br\/noticias\/","logo":{"@type":"ImageObject","inLanguage":"pt-BR","@id":"https:\/\/www.suno.com.br\/noticias\/#\/schema\/logo\/image\/","url":"https:\/\/files.sunoresearch.com.br\/n\/uploads\/2021\/09\/suno-logo.png","contentUrl":"https:\/\/files.sunoresearch.com.br\/n\/uploads\/2021\/09\/suno-logo.png","width":180,"height":180,"caption":"Suno Not\u00edcias"},"image":{"@id":"https:\/\/www.suno.com.br\/noticias\/#\/schema\/logo\/image\/"},"sameAs":["https:\/\/facebook.com\/sunoresearch","https:\/\/x.com\/sunoresearch","https:\/\/www.instagram.com\/suno","https:\/\/www.linkedin.com\/company\/suno-research\/","https:\/\/www.youtube.com\/c\/sunoresearch"]},{"@type":"Person","@id":"https:\/\/www.suno.com.br\/noticias\/#\/schema\/person\/a5b06fa4e879d8e8e119c6ed3cd630d1","name":"Amanda Gushiken","image":{"@type":"ImageObject","inLanguage":"pt-BR","@id":"https:\/\/www.suno.com.br\/noticias\/#\/schema\/person\/image\/","url":"https:\/\/secure.gravatar.com\/avatar\/ecd84705e6b65e3685ae80d725501fbe?s=96&r=g","contentUrl":"https:\/\/secure.gravatar.com\/avatar\/ecd84705e6b65e3685ae80d725501fbe?s=96&r=g","caption":"Amanda Gushiken"},"description":"Amanda Sayuri Gushiken escreve sobre finan\u00e7as e neg\u00f3cios para o portal Suno Not\u00edcias. Antes, trabalhou selecionando not\u00edcias da imprensa para clientes do mercado financeiro. Tamb\u00e9m desenvolveu pesquisa acad\u00eamica pela Universidade Anhembi Morumbi na \u00e1rea de Teorias da Comunica\u00e7\u00e3o e \u00e9 fot\u00f3grafa nas horas vagas.","url":"https:\/\/www.suno.com.br\/noticias\/author\/amanda\/"}]}},"default_loop_html":"<div class=\"cardsPage__listCard__boxs\"><div class=\"cardsPage__listCard__boxs__img\"><a href=\"https:\/\/www.suno.com.br\/noticias\/eua-china-negociacoes-guerra-comercial\/\"><img class=\"mask\" src=\"https:\/\/www.suno.com.br\/noticias\/wp-content\/themes\/suno\/resources\/images\/spotlight\/spotlight1img\/bg-mask.png\" alt=\"Image Mask\"\/><img src=\"https:\/\/files.sunoresearch.com.br\/n\/uploads\/2019\/01\/3b059b96-eua-e-china-celebram-os-40-anos-das-rela\u00e7\u00f5es-diplom\u00e1ticas-400x200.webp\" alt=\"Representante comercial dos EUA chega \u00e0 China para negocia\u00e7\u00f5es\"\/><\/a><span class=\"spotlightCategory\"><a href=\"https:\/\/www.suno.com.br\/noticias\/internacional\/\">Internacional<\/a><\/span><\/div><div class=\"cardsPage__listCard__boxs__content\"><a href=\"https:\/\/www.suno.com.br\/noticias\/eua-china-negociacoes-guerra-comercial\/\"><h2 class=\"content__title\">Representante comercial dos EUA chega \u00e0 China para negocia\u00e7\u00f5es<\/h2><\/a><div class=\"newsContent__article__meta\"><div class=\"newsContent__article__meta__authorBox\"><a href=\"https:\/\/www.suno.com.br\/noticias\/author\/amanda\/\" class=\"authorBox__avatar noMobi\"><img src=\"https:\/\/files.sunoresearch.com.br\/n\/uploads\/2018\/11\/c6ad30be-amanda-150x150.webp\" alt=\"Amanda Gushiken\"><\/a><div class=\"authorBox__name\"><span>por\n\t\t\t<a href=\"https:\/\/www.suno.com.br\/noticias\/author\/amanda\/\"><span itemprop=\"author\">Amanda Gushiken<\/span><\/a><\/span><time datetime=\"2019-02-12T08:53:43-02:00\" itemprop=\"datePublished\">12\/02\/2019 08:53<\/time><\/div><\/div><\/div><\/div><\/div>","single_layout":"posts","amp_enabled":true,"_links":{"self":[{"href":"https:\/\/www.suno.com.br\/noticias\/wp-json\/wp\/v2\/posts\/14947"}],"collection":[{"href":"https:\/\/www.suno.com.br\/noticias\/wp-json\/wp\/v2\/posts"}],"about":[{"href":"https:\/\/www.suno.com.br\/noticias\/wp-json\/wp\/v2\/types\/post"}],"author":[{"embeddable":true,"href":"https:\/\/www.suno.com.br\/noticias\/wp-json\/wp\/v2\/users\/12"}],"replies":[{"embeddable":true,"href":"https:\/\/www.suno.com.br\/noticias\/wp-json\/wp\/v2\/comments?post=14947"}],"version-history":[{"count":0,"href":"https:\/\/www.suno.com.br\/noticias\/wp-json\/wp\/v2\/posts\/14947\/revisions"}],"wp:featuredmedia":[{"embeddable":true,"href":"https:\/\/www.suno.com.br\/noticias\/wp-json\/wp\/v2\/media\/10067"}],"wp:attachment":[{"href":"https:\/\/www.suno.com.br\/noticias\/wp-json\/wp\/v2\/media?parent=14947"}],"wp:term":[{"taxonomy":"category","embeddable":true,"href":"https:\/\/www.suno.com.br\/noticias\/wp-json\/wp\/v2\/categories?post=14947"},{"taxonomy":"post_tag","embeddable":true,"href":"https:\/\/www.suno.com.br\/noticias\/wp-json\/wp\/v2\/tags?post=14947"},{"taxonomy":"suno_strategy","embeddable":true,"href":"https:\/\/www.suno.com.br\/noticias\/wp-json\/wp\/v2\/suno_strategy?post=14947"}],"curies":[{"name":"wp","href":"https:\/\/api.w.org\/{rel}","templated":true}]}}