{"id":149438,"date":"2021-05-19T12:46:14","date_gmt":"2021-05-19T15:46:14","guid":{"rendered":"https:\/\/www.suno.com.br\/noticias\/?p=149438"},"modified":"2021-06-24T01:57:57","modified_gmt":"2021-06-24T04:57:57","slug":"apos-rodada-de-investimentos-e-aquisicoes-smart-fit-retoma-ipo","status":"publish","type":"post","link":"https:\/\/www.suno.com.br\/noticias\/apos-rodada-de-investimentos-e-aquisicoes-smart-fit-retoma-ipo\/","title":{"rendered":"Ap\u00f3s rodada de investimentos e aquisi\u00e7\u00f5es, Smart Fit retoma IPO"},"content":{"rendered":"<p>A <strong>SmartFit<\/strong> anunciou na noite desta ter\u00e7a-feira (18) que os acionistas da companhia, em <a href=\"https:\/\/www.suno.com.br\/artigos\/assembleia-geral-ordinaria\/\">assembleia geral extraordin\u00e1ria<\/a>, aprovaram a realiza\u00e7\u00e3o de uma <a href=\"https:\/\/www.suno.com.br\/artigos\/ipo\/\">oferta p\u00fablica inicial de a\u00e7\u00f5es (IPO)<\/a>. Em 2018, a Smart Fit chegou a dar in\u00edcio a um processo estreia na <a href=\"https:\/\/www.suno.com.br\/acoes\/b3sa3\/\">B3 (B3SA3)<\/a>, mas acabou cancelando a oferta.<\/p>\t<div class=\"wrapper-featured-image\">\n\t\t<figure class=\"spotlightImg\">\n\n\t\t\t<picture>\n\t\t\t\t<source media=\"(max-width: 768px)\" srcset=\"https:\/\/files.sunoresearch.com.br\/n\/uploads\/2021\/05\/2bb0b527-150666306_4349027218459842_686685033856840780_n-400x200.webp\">\n\t\t\t\t<img loading=\"lazy\" decoding=\"async\" class=\"newsContent__article__imgCapa lazyloadDisabled \" src=\"https:\/\/files.sunoresearch.com.br\/n\/uploads\/2021\/05\/2bb0b527-150666306_4349027218459842_686685033856840780_n-800x450.webp\" width=\"800\" height=\"450\" alt=\"Ap\u00f3s rodada de investimentos e aquisi\u00e7\u00f5es, Smart Fit retoma IPO\" fetchpriority=high \/>\n\t\t\t<\/picture>\n\n\t\t\t<figcaption class=\"wp-caption-text wp-caption-text--show\">Smart Fit (SMFT3). Foto: Reprodu\u00e7\u00e3o Facebook.<\/figcaption>\n\t\t<\/figure>\n\t<\/div>\n\n\n<p><span style=\"font-weight: 400;\">\t<p>\n\t\t<a href=\"https:\/\/lp.suno.com.br\/planilha-controle-gastos\/\" target=\"_blank\" data-element=\"shortcode-suno-banner\" title=\"Banner SUNO, clique e saiba mais\">\n\t\t\t<picture>\n\t\t\t\t<source media=\"(max-width: 500px)\" srcset=\"https:\/\/files.sunoresearch.com.br\/n\/uploads\/2023\/03\/400x300-Planilha-controle-de-gastos.png\">\n\t\t\t\t<img class=\"newsContent__article__imgCapa newsContent__article__imgCapa--banner\"\n\t\t\t\t\tsrc=\"https:\/\/files.sunoresearch.com.br\/n\/uploads\/2023\/03\/1420x240-Planilha-controle-de-gastos.png\"\n\t\t\t\t\tdata-promo-id=\"101751\"\t\t\t\t\t\t\t\t\t\twidth='1420' height='240'\t\t\t\t\talt=\"https:\/\/files.sunoresearch.com.br\/n\/uploads\/2023\/03\/1420x240-Planilha-controle-de-gastos.png\"\n\t\t\t\t>\n\t\t\t<\/picture>\n\t\t<\/a>\n\t<\/p>\n\n <\/span><\/p>\n<p>Neste novo processo, ainda n\u00e3o foi definida a quantidade de pap\u00e9is que ser\u00e1 emitida pela SmartFit &#8211; o documento menciona apenas uma <strong>oferta p\u00fablica prim\u00e1ria<\/strong>, sem a venda de participa\u00e7\u00f5es pelos s\u00f3cios.<\/p>\n<h2>SmartFit fez rodada de investimentos e foi \u00e0s compras<\/h2>\n<p>Desde a \u00faltima tentativa de abrir capital, a SmartFit realizou uma s\u00e9rie de movimenta\u00e7\u00f5es e de aquisi\u00e7\u00f5es. No fim de 2020, a companhia levantou R$ 680 milh\u00f5es em uma rodada de investimentos, que contou com a participa\u00e7\u00e3o da Canada Pensiopn Plan Investments (CPPI) e da Dynamos.<\/p>\n<p><a href=\"https:\/\/lp.suno.com.br\/suno-one\/?ppp=noticias\/hospital-care-pedido-ipo-cvm\/\"><b>Suno One: acesse gratuitamente eBooks, Minicursos, Artigos e V\u00eddeo Aulas sobre investimentos com um \u00fanico cadastro. Clique para saber mais!<\/b><\/a><\/p>\n<p>Com os cofres cheios, adquiriu em mar\u00e7o deste ano a rede Just Fit, com 27 unidades em S\u00e3o Paulo, em valor a ser definido, e anunciou a incorpora\u00e7\u00e3o da rede mexicana SportsWorld, com mais de 57 unidades no pa\u00eds. A SmartFit j\u00e1 tem opera\u00e7\u00f5es, al\u00e9m do Brasil e do M\u00e9xico, na Col\u00f4mbia, no Chile, no Peru e em outros pa\u00edses da regi\u00e3o. S\u00e3o quase 940 unidades.<\/p>\n<p>A SmartFit sofreu em 2020 por conta das restri\u00e7\u00f5es impostas por autoridades para conter o avan\u00e7o da Covid-19, chegando a perder 200 mil alunos nos tr\u00eas primeiros meses da pandemia.<\/p>\n<p><span style=\"font-weight: 400;\">\t<p>\n\t\t<a href=\"https:\/\/lp.suno.com.br\/planilha-de-controle-de-investimentos\/\" target=\"_blank\" data-element=\"shortcode-suno-banner\" title=\"Banner SUNO, clique e saiba mais\">\n\t\t\t<picture>\n\t\t\t\t<source media=\"(max-width: 500px)\" srcset=\"https:\/\/files.sunoresearch.com.br\/n\/uploads\/2023\/03\/400x300-Controle-de-Investimentos.png\">\n\t\t\t\t<img class=\"newsContent__article__imgCapa newsContent__article__imgCapa--banner\"\n\t\t\t\t\tsrc=\"https:\/\/files.sunoresearch.com.br\/n\/uploads\/2023\/03\/1420x240-Controle-de-Investimentos.png\"\n\t\t\t\t\tdata-promo-id=\"75934\"\t\t\t\t\t\t\t\t\t\twidth='1420' height='240'\t\t\t\t\talt=\"https:\/\/files.sunoresearch.com.br\/n\/uploads\/2023\/03\/1420x240-Controle-de-Investimentos.png\"\n\t\t\t\t>\n\t\t\t<\/picture>\n\t\t<\/a>\n\t<\/p>\n\n \u00a0 \u00a0 \u00a0 <\/span><\/p>\n<h2>Companhia aposta na recupera\u00e7\u00e3o p\u00f3s-pandemia<\/h2>\n<p>Em seus \u00faltimos balan\u00e7os, por\u00e9m, a companhia vem j\u00e1 demonstrando algumas melhoras: o Ebitda ficou positivo no primeiro trimestre de 2021, em R$ 21,3, revertendo a tend\u00eancia de preju\u00edzo operacional do fim de 2020.<\/p>\n<p>A companhia, contudo, continua amargando queda na base de clientes. No final de mar\u00e7o deste ano, a Smart Fit registrou 2,381 milh\u00f5es de clientes ativos, n\u00famero 15,6% na base anual e 8,1% menor em rela\u00e7\u00e3o ao registrado no fim de 2020.<\/p>\n<p>A <strong>SmartFit<\/strong> aposta na retomada ap\u00f3s o fim do coronav\u00edrus. Em entrevista \u00e0 Exame em abril, o fundador da rede, Edgar Corona, citou o exemplo da holandesa Basic Fit, que atingiu sua m\u00e1xima hist\u00f3rica recentemente.<\/p>\n<p><span style=\"font-weight: 400;\">\t<p>\n\t\t<a href=\"https:\/\/lp.suno.com.br\/planilha-da-vida-financeira\/\" target=\"_blank\" data-element=\"shortcode-suno-banner\" title=\"Banner SUNO, clique e saiba mais\">\n\t\t\t<picture>\n\t\t\t\t<source media=\"(max-width: 500px)\" srcset=\"https:\/\/files.sunoresearch.com.br\/n\/uploads\/2023\/04\/400x300-Planilha-vida-financeira-true.png\">\n\t\t\t\t<img class=\"newsContent__article__imgCapa newsContent__article__imgCapa--banner\"\n\t\t\t\t\tsrc=\"https:\/\/files.sunoresearch.com.br\/n\/uploads\/2023\/04\/1420x240-Planilha-vida-financeira-true.png\"\n\t\t\t\t\tdata-promo-id=\"106682\"\t\t\t\t\t\t\t\t\t\twidth='1420' height='240'\t\t\t\t\talt=\"https:\/\/files.sunoresearch.com.br\/n\/uploads\/2023\/04\/1420x240-Planilha-vida-financeira-true.png\"\n\t\t\t\t>\n\t\t\t<\/picture>\n\t\t<\/a>\n\t<\/p>\n\n<\/span><\/p>\n","protected":false},"excerpt":{"rendered":"<p>A SmartFit anunciou na noite desta ter\u00e7a-feira (18) que os acionistas da companhia, em assembleia geral extraordin\u00e1ria, aprovaram a realiza\u00e7\u00e3o de uma oferta p\u00fablica inicial de a\u00e7\u00f5es (IPO). Em 2018, a Smart Fit chegou a dar in\u00edcio a um processo estreia na B3 (B3SA3), mas acabou cancelando a oferta. Smart Fit (SMFT3). Foto: Reprodu\u00e7\u00e3o Facebook. [&hellip;]<\/p>\n","protected":false},"author":59,"featured_media":148635,"comment_status":"closed","ping_status":"closed","sticky":false,"template":"","format":"standard","meta":[],"categories":[64],"tags":[319,636],"suno_strategy":[],"class_list":["post-149438","post","type-post","status-publish","format-standard","has-post-thumbnail","hentry","category-negocios","tag-ipo-oferta-inicial-de-acoes","tag-smart-fit-smft3"],"yoast_head":"<!-- This site is optimized with the Yoast SEO plugin v24.4 - https:\/\/yoast.com\/wordpress\/plugins\/seo\/ -->\n<title>Ap\u00f3s rodada de investimentos e aquisi\u00e7\u00f5es, Smart Fit retoma IPO<\/title>\n<meta name=\"description\" content=\"A SmartFit anunciou ao mercado que ir\u00e1 retomar o seu processo de IPO, ap\u00f3s tentar realizar o proceso em 2018. Clique aqui para saber mais.\" \/>\n<meta name=\"robots\" content=\"index, follow, max-snippet:-1, max-image-preview:large, max-video-preview:-1\" \/>\n<link rel=\"canonical\" href=\"https:\/\/www.suno.com.br\/noticias\/apos-rodada-de-investimentos-e-aquisicoes-smart-fit-retoma-ipo\/\" \/>\n<meta property=\"og:locale\" content=\"pt_BR\" \/>\n<meta property=\"og:type\" content=\"article\" \/>\n<meta property=\"og:title\" content=\"Ap\u00f3s rodada de investimentos e aquisi\u00e7\u00f5es, Smart Fit retoma IPO\" \/>\n<meta property=\"og:description\" content=\"A SmartFit anunciou ao mercado que ir\u00e1 retomar o seu processo de IPO, ap\u00f3s tentar realizar o proceso em 2018. Clique aqui para saber mais.\" \/>\n<meta property=\"og:url\" content=\"https:\/\/www.suno.com.br\/noticias\/apos-rodada-de-investimentos-e-aquisicoes-smart-fit-retoma-ipo\/\" \/>\n<meta property=\"og:site_name\" content=\"Suno Not\u00edcias\" \/>\n<meta property=\"article:publisher\" content=\"https:\/\/facebook.com\/sunoresearch\" \/>\n<meta property=\"og:image\" content=\"https:\/\/files.sunoresearch.com.br\/n\/uploads\/2021\/05\/2bb0b527-150666306_4349027218459842_686685033856840780_n.jpg\" \/>\n\t<meta property=\"og:image:width\" content=\"1080\" \/>\n\t<meta property=\"og:image:height\" content=\"1080\" \/>\n\t<meta property=\"og:image:type\" content=\"image\/jpeg\" \/>\n<meta name=\"author\" content=\"Vitor Azevedo\" \/>\n<meta name=\"twitter:card\" content=\"summary_large_image\" \/>\n<meta name=\"twitter:creator\" content=\"@sunoresearch\" \/>\n<meta name=\"twitter:site\" content=\"@sunoresearch\" \/>\n<meta name=\"twitter:label1\" content=\"Escrito por\" \/>\n\t<meta name=\"twitter:data1\" content=\"Vitor Azevedo\" \/>\n\t<meta name=\"twitter:label2\" content=\"Est. tempo de leitura\" \/>\n\t<meta name=\"twitter:data2\" content=\"2 minutos\" \/>\n<script type=\"application\/ld+json\" class=\"yoast-schema-graph\">{\"@context\":\"https:\/\/schema.org\",\"@graph\":[{\"@type\":\"NewsArticle\",\"@id\":\"https:\/\/www.suno.com.br\/noticias\/apos-rodada-de-investimentos-e-aquisicoes-smart-fit-retoma-ipo\/#article\",\"isPartOf\":{\"@id\":\"https:\/\/www.suno.com.br\/noticias\/apos-rodada-de-investimentos-e-aquisicoes-smart-fit-retoma-ipo\/\"},\"author\":{\"name\":\"Vitor Azevedo\",\"@id\":\"https:\/\/www.suno.com.br\/noticias\/#\/schema\/person\/658d5fbc74d81f265f5df3562d0038ab\"},\"headline\":\"Ap\u00f3s rodada de investimentos e aquisi\u00e7\u00f5es, Smart Fit retoma IPO\",\"datePublished\":\"2021-05-19T15:46:14+00:00\",\"dateModified\":\"2021-06-24T04:57:57+00:00\",\"mainEntityOfPage\":{\"@id\":\"https:\/\/www.suno.com.br\/noticias\/apos-rodada-de-investimentos-e-aquisicoes-smart-fit-retoma-ipo\/\"},\"wordCount\":418,\"publisher\":{\"@id\":\"https:\/\/www.suno.com.br\/noticias\/#organization\"},\"image\":{\"@id\":\"https:\/\/www.suno.com.br\/noticias\/apos-rodada-de-investimentos-e-aquisicoes-smart-fit-retoma-ipo\/#primaryimage\"},\"thumbnailUrl\":\"https:\/\/files.sunoresearch.com.br\/n\/uploads\/2021\/05\/2bb0b527-150666306_4349027218459842_686685033856840780_n-jpg.webp\",\"keywords\":[\"IPO (Oferta Inicial de A\u00e7\u00f5es)\",\"Smart Fit (SMFT3)\"],\"articleSection\":[\"Neg\u00f3cios\"],\"inLanguage\":\"pt-BR\"},{\"@type\":\"WebPage\",\"@id\":\"https:\/\/www.suno.com.br\/noticias\/apos-rodada-de-investimentos-e-aquisicoes-smart-fit-retoma-ipo\/\",\"url\":\"https:\/\/www.suno.com.br\/noticias\/apos-rodada-de-investimentos-e-aquisicoes-smart-fit-retoma-ipo\/\",\"name\":\"Ap\u00f3s rodada de investimentos e aquisi\u00e7\u00f5es, Smart Fit retoma IPO\",\"isPartOf\":{\"@id\":\"https:\/\/www.suno.com.br\/noticias\/#website\"},\"primaryImageOfPage\":{\"@id\":\"https:\/\/www.suno.com.br\/noticias\/apos-rodada-de-investimentos-e-aquisicoes-smart-fit-retoma-ipo\/#primaryimage\"},\"image\":{\"@id\":\"https:\/\/www.suno.com.br\/noticias\/apos-rodada-de-investimentos-e-aquisicoes-smart-fit-retoma-ipo\/#primaryimage\"},\"thumbnailUrl\":\"https:\/\/files.sunoresearch.com.br\/n\/uploads\/2021\/05\/2bb0b527-150666306_4349027218459842_686685033856840780_n-jpg.webp\",\"datePublished\":\"2021-05-19T15:46:14+00:00\",\"dateModified\":\"2021-06-24T04:57:57+00:00\",\"description\":\"A SmartFit anunciou ao mercado que ir\u00e1 retomar o seu processo de IPO, ap\u00f3s tentar realizar o proceso em 2018. Clique aqui para saber mais.\",\"breadcrumb\":{\"@id\":\"https:\/\/www.suno.com.br\/noticias\/apos-rodada-de-investimentos-e-aquisicoes-smart-fit-retoma-ipo\/#breadcrumb\"},\"inLanguage\":\"pt-BR\",\"potentialAction\":[{\"@type\":\"ReadAction\",\"target\":[\"https:\/\/www.suno.com.br\/noticias\/apos-rodada-de-investimentos-e-aquisicoes-smart-fit-retoma-ipo\/\"]}]},{\"@type\":\"ImageObject\",\"inLanguage\":\"pt-BR\",\"@id\":\"https:\/\/www.suno.com.br\/noticias\/apos-rodada-de-investimentos-e-aquisicoes-smart-fit-retoma-ipo\/#primaryimage\",\"url\":\"https:\/\/files.sunoresearch.com.br\/n\/uploads\/2021\/05\/2bb0b527-150666306_4349027218459842_686685033856840780_n-jpg.webp\",\"contentUrl\":\"https:\/\/files.sunoresearch.com.br\/n\/uploads\/2021\/05\/2bb0b527-150666306_4349027218459842_686685033856840780_n-jpg.webp\",\"width\":1080,\"height\":1080,\"caption\":\"Smart Fit (SMFT3). Foto: Reprodu\u00e7\u00e3o Facebook.\"},{\"@type\":\"BreadcrumbList\",\"@id\":\"https:\/\/www.suno.com.br\/noticias\/apos-rodada-de-investimentos-e-aquisicoes-smart-fit-retoma-ipo\/#breadcrumb\",\"itemListElement\":[{\"@type\":\"ListItem\",\"position\":1,\"name\":\"Not\u00edcias\",\"item\":\"https:\/\/www.suno.com.br\/noticias\/\"},{\"@type\":\"ListItem\",\"position\":2,\"name\":\"Neg\u00f3cios\",\"item\":\"https:\/\/www.suno.com.br\/noticias\/negocios\/\"},{\"@type\":\"ListItem\",\"position\":3,\"name\":\"Ap\u00f3s rodada de investimentos e aquisi\u00e7\u00f5es, Smart Fit retoma IPO\"}]},{\"@type\":\"WebSite\",\"@id\":\"https:\/\/www.suno.com.br\/noticias\/#website\",\"url\":\"https:\/\/www.suno.com.br\/noticias\/\",\"name\":\"Suno Not\u00edcias\",\"description\":\"Seu portal de informa\u00e7\u00e3o sobre o mundo dos investimentos\",\"publisher\":{\"@id\":\"https:\/\/www.suno.com.br\/noticias\/#organization\"},\"potentialAction\":[{\"@type\":\"SearchAction\",\"target\":{\"@type\":\"EntryPoint\",\"urlTemplate\":\"https:\/\/www.suno.com.br\/noticias\/?s={search_term_string}\"},\"query-input\":{\"@type\":\"PropertyValueSpecification\",\"valueRequired\":true,\"valueName\":\"search_term_string\"}}],\"inLanguage\":\"pt-BR\"},{\"@type\":\"Organization\",\"@id\":\"https:\/\/www.suno.com.br\/noticias\/#organization\",\"name\":\"Suno Not\u00edcias\",\"url\":\"https:\/\/www.suno.com.br\/noticias\/\",\"logo\":{\"@type\":\"ImageObject\",\"inLanguage\":\"pt-BR\",\"@id\":\"https:\/\/www.suno.com.br\/noticias\/#\/schema\/logo\/image\/\",\"url\":\"https:\/\/files.sunoresearch.com.br\/n\/uploads\/2021\/09\/suno-logo.png\",\"contentUrl\":\"https:\/\/files.sunoresearch.com.br\/n\/uploads\/2021\/09\/suno-logo.png\",\"width\":180,\"height\":180,\"caption\":\"Suno Not\u00edcias\"},\"image\":{\"@id\":\"https:\/\/www.suno.com.br\/noticias\/#\/schema\/logo\/image\/\"},\"sameAs\":[\"https:\/\/facebook.com\/sunoresearch\",\"https:\/\/x.com\/sunoresearch\",\"https:\/\/www.instagram.com\/suno\",\"https:\/\/www.linkedin.com\/company\/suno-research\/\",\"https:\/\/www.youtube.com\/c\/sunoresearch\"]},{\"@type\":\"Person\",\"@id\":\"https:\/\/www.suno.com.br\/noticias\/#\/schema\/person\/658d5fbc74d81f265f5df3562d0038ab\",\"name\":\"Vitor Azevedo\",\"image\":{\"@type\":\"ImageObject\",\"inLanguage\":\"pt-BR\",\"@id\":\"https:\/\/www.suno.com.br\/noticias\/#\/schema\/person\/image\/\",\"url\":\"https:\/\/secure.gravatar.com\/avatar\/62b86195291b446fe380824eb28b99a5?s=96&r=g\",\"contentUrl\":\"https:\/\/secure.gravatar.com\/avatar\/62b86195291b446fe380824eb28b99a5?s=96&r=g\",\"caption\":\"Vitor Azevedo\"},\"description\":\"Formado em jornalismo pela Unesp, escreve sobre economia e neg\u00f3cios para a Suno Not\u00edcias.\",\"url\":\"https:\/\/www.suno.com.br\/noticias\/author\/vitor-azevedo\/\"}]}<\/script>\n<!-- \/ Yoast SEO plugin. -->","yoast_head_json":{"title":"Ap\u00f3s rodada de investimentos e aquisi\u00e7\u00f5es, Smart Fit retoma IPO","description":"A SmartFit anunciou ao mercado que ir\u00e1 retomar o seu processo de IPO, ap\u00f3s tentar realizar o proceso em 2018. Clique aqui para saber mais.","robots":{"index":"index","follow":"follow","max-snippet":"max-snippet:-1","max-image-preview":"max-image-preview:large","max-video-preview":"max-video-preview:-1"},"canonical":"https:\/\/www.suno.com.br\/noticias\/apos-rodada-de-investimentos-e-aquisicoes-smart-fit-retoma-ipo\/","og_locale":"pt_BR","og_type":"article","og_title":"Ap\u00f3s rodada de investimentos e aquisi\u00e7\u00f5es, Smart Fit retoma IPO","og_description":"A SmartFit anunciou ao mercado que ir\u00e1 retomar o seu processo de IPO, ap\u00f3s tentar realizar o proceso em 2018. Clique aqui para saber mais.","og_url":"https:\/\/www.suno.com.br\/noticias\/apos-rodada-de-investimentos-e-aquisicoes-smart-fit-retoma-ipo\/","og_site_name":"Suno Not\u00edcias","article_publisher":"https:\/\/facebook.com\/sunoresearch","og_image":[{"width":1080,"height":1080,"url":"https:\/\/files.sunoresearch.com.br\/n\/uploads\/2021\/05\/2bb0b527-150666306_4349027218459842_686685033856840780_n.jpg","type":"image\/jpeg"}],"author":"Vitor Azevedo","twitter_card":"summary_large_image","twitter_creator":"@sunoresearch","twitter_site":"@sunoresearch","twitter_misc":{"Escrito por":"Vitor Azevedo","Est. tempo de leitura":"2 minutos"},"schema":{"@context":"https:\/\/schema.org","@graph":[{"@type":"NewsArticle","@id":"https:\/\/www.suno.com.br\/noticias\/apos-rodada-de-investimentos-e-aquisicoes-smart-fit-retoma-ipo\/#article","isPartOf":{"@id":"https:\/\/www.suno.com.br\/noticias\/apos-rodada-de-investimentos-e-aquisicoes-smart-fit-retoma-ipo\/"},"author":{"name":"Vitor Azevedo","@id":"https:\/\/www.suno.com.br\/noticias\/#\/schema\/person\/658d5fbc74d81f265f5df3562d0038ab"},"headline":"Ap\u00f3s rodada de investimentos e aquisi\u00e7\u00f5es, Smart Fit retoma IPO","datePublished":"2021-05-19T15:46:14+00:00","dateModified":"2021-06-24T04:57:57+00:00","mainEntityOfPage":{"@id":"https:\/\/www.suno.com.br\/noticias\/apos-rodada-de-investimentos-e-aquisicoes-smart-fit-retoma-ipo\/"},"wordCount":418,"publisher":{"@id":"https:\/\/www.suno.com.br\/noticias\/#organization"},"image":{"@id":"https:\/\/www.suno.com.br\/noticias\/apos-rodada-de-investimentos-e-aquisicoes-smart-fit-retoma-ipo\/#primaryimage"},"thumbnailUrl":"https:\/\/files.sunoresearch.com.br\/n\/uploads\/2021\/05\/2bb0b527-150666306_4349027218459842_686685033856840780_n-jpg.webp","keywords":["IPO (Oferta Inicial de A\u00e7\u00f5es)","Smart Fit (SMFT3)"],"articleSection":["Neg\u00f3cios"],"inLanguage":"pt-BR"},{"@type":"WebPage","@id":"https:\/\/www.suno.com.br\/noticias\/apos-rodada-de-investimentos-e-aquisicoes-smart-fit-retoma-ipo\/","url":"https:\/\/www.suno.com.br\/noticias\/apos-rodada-de-investimentos-e-aquisicoes-smart-fit-retoma-ipo\/","name":"Ap\u00f3s rodada de investimentos e aquisi\u00e7\u00f5es, Smart Fit retoma IPO","isPartOf":{"@id":"https:\/\/www.suno.com.br\/noticias\/#website"},"primaryImageOfPage":{"@id":"https:\/\/www.suno.com.br\/noticias\/apos-rodada-de-investimentos-e-aquisicoes-smart-fit-retoma-ipo\/#primaryimage"},"image":{"@id":"https:\/\/www.suno.com.br\/noticias\/apos-rodada-de-investimentos-e-aquisicoes-smart-fit-retoma-ipo\/#primaryimage"},"thumbnailUrl":"https:\/\/files.sunoresearch.com.br\/n\/uploads\/2021\/05\/2bb0b527-150666306_4349027218459842_686685033856840780_n-jpg.webp","datePublished":"2021-05-19T15:46:14+00:00","dateModified":"2021-06-24T04:57:57+00:00","description":"A SmartFit anunciou ao mercado que ir\u00e1 retomar o seu processo de IPO, ap\u00f3s tentar realizar o proceso em 2018. Clique aqui para saber mais.","breadcrumb":{"@id":"https:\/\/www.suno.com.br\/noticias\/apos-rodada-de-investimentos-e-aquisicoes-smart-fit-retoma-ipo\/#breadcrumb"},"inLanguage":"pt-BR","potentialAction":[{"@type":"ReadAction","target":["https:\/\/www.suno.com.br\/noticias\/apos-rodada-de-investimentos-e-aquisicoes-smart-fit-retoma-ipo\/"]}]},{"@type":"ImageObject","inLanguage":"pt-BR","@id":"https:\/\/www.suno.com.br\/noticias\/apos-rodada-de-investimentos-e-aquisicoes-smart-fit-retoma-ipo\/#primaryimage","url":"https:\/\/files.sunoresearch.com.br\/n\/uploads\/2021\/05\/2bb0b527-150666306_4349027218459842_686685033856840780_n-jpg.webp","contentUrl":"https:\/\/files.sunoresearch.com.br\/n\/uploads\/2021\/05\/2bb0b527-150666306_4349027218459842_686685033856840780_n-jpg.webp","width":1080,"height":1080,"caption":"Smart Fit (SMFT3). Foto: Reprodu\u00e7\u00e3o Facebook."},{"@type":"BreadcrumbList","@id":"https:\/\/www.suno.com.br\/noticias\/apos-rodada-de-investimentos-e-aquisicoes-smart-fit-retoma-ipo\/#breadcrumb","itemListElement":[{"@type":"ListItem","position":1,"name":"Not\u00edcias","item":"https:\/\/www.suno.com.br\/noticias\/"},{"@type":"ListItem","position":2,"name":"Neg\u00f3cios","item":"https:\/\/www.suno.com.br\/noticias\/negocios\/"},{"@type":"ListItem","position":3,"name":"Ap\u00f3s rodada de investimentos e aquisi\u00e7\u00f5es, Smart Fit retoma IPO"}]},{"@type":"WebSite","@id":"https:\/\/www.suno.com.br\/noticias\/#website","url":"https:\/\/www.suno.com.br\/noticias\/","name":"Suno Not\u00edcias","description":"Seu portal de informa\u00e7\u00e3o sobre o mundo dos investimentos","publisher":{"@id":"https:\/\/www.suno.com.br\/noticias\/#organization"},"potentialAction":[{"@type":"SearchAction","target":{"@type":"EntryPoint","urlTemplate":"https:\/\/www.suno.com.br\/noticias\/?s={search_term_string}"},"query-input":{"@type":"PropertyValueSpecification","valueRequired":true,"valueName":"search_term_string"}}],"inLanguage":"pt-BR"},{"@type":"Organization","@id":"https:\/\/www.suno.com.br\/noticias\/#organization","name":"Suno Not\u00edcias","url":"https:\/\/www.suno.com.br\/noticias\/","logo":{"@type":"ImageObject","inLanguage":"pt-BR","@id":"https:\/\/www.suno.com.br\/noticias\/#\/schema\/logo\/image\/","url":"https:\/\/files.sunoresearch.com.br\/n\/uploads\/2021\/09\/suno-logo.png","contentUrl":"https:\/\/files.sunoresearch.com.br\/n\/uploads\/2021\/09\/suno-logo.png","width":180,"height":180,"caption":"Suno Not\u00edcias"},"image":{"@id":"https:\/\/www.suno.com.br\/noticias\/#\/schema\/logo\/image\/"},"sameAs":["https:\/\/facebook.com\/sunoresearch","https:\/\/x.com\/sunoresearch","https:\/\/www.instagram.com\/suno","https:\/\/www.linkedin.com\/company\/suno-research\/","https:\/\/www.youtube.com\/c\/sunoresearch"]},{"@type":"Person","@id":"https:\/\/www.suno.com.br\/noticias\/#\/schema\/person\/658d5fbc74d81f265f5df3562d0038ab","name":"Vitor Azevedo","image":{"@type":"ImageObject","inLanguage":"pt-BR","@id":"https:\/\/www.suno.com.br\/noticias\/#\/schema\/person\/image\/","url":"https:\/\/secure.gravatar.com\/avatar\/62b86195291b446fe380824eb28b99a5?s=96&r=g","contentUrl":"https:\/\/secure.gravatar.com\/avatar\/62b86195291b446fe380824eb28b99a5?s=96&r=g","caption":"Vitor Azevedo"},"description":"Formado em jornalismo pela Unesp, escreve sobre economia e neg\u00f3cios para a Suno Not\u00edcias.","url":"https:\/\/www.suno.com.br\/noticias\/author\/vitor-azevedo\/"}]}},"default_loop_html":"<div class=\"cardsPage__listCard__boxs\"><div class=\"cardsPage__listCard__boxs__img\"><a href=\"https:\/\/www.suno.com.br\/noticias\/apos-rodada-de-investimentos-e-aquisicoes-smart-fit-retoma-ipo\/\"><img class=\"mask\" src=\"https:\/\/www.suno.com.br\/noticias\/wp-content\/themes\/suno\/resources\/images\/spotlight\/spotlight1img\/bg-mask.png\" alt=\"Image Mask\"\/><img src=\"https:\/\/files.sunoresearch.com.br\/n\/uploads\/2021\/05\/2bb0b527-150666306_4349027218459842_686685033856840780_n-400x200.webp\" alt=\"Ap\u00f3s rodada de investimentos e aquisi\u00e7\u00f5es, Smart Fit retoma IPO\"\/><\/a><span class=\"spotlightCategory\"><a href=\"https:\/\/www.suno.com.br\/noticias\/negocios\/\">Neg\u00f3cios<\/a><\/span><\/div><div class=\"cardsPage__listCard__boxs__content\"><a href=\"https:\/\/www.suno.com.br\/noticias\/apos-rodada-de-investimentos-e-aquisicoes-smart-fit-retoma-ipo\/\"><h2 class=\"content__title\">Ap\u00f3s rodada de investimentos e aquisi\u00e7\u00f5es, Smart Fit retoma IPO<\/h2><\/a><div class=\"newsContent__article__meta\"><div class=\"newsContent__article__meta__authorBox\"><a href=\"https:\/\/www.suno.com.br\/noticias\/author\/vitor-azevedo\/\" class=\"authorBox__avatar noMobi\"><img src=\"https:\/\/secure.gravatar.com\/avatar\/62b86195291b446fe380824eb28b99a5?s=96&#038;r=g\" alt=\"Vitor Azevedo\"><\/a><div class=\"authorBox__name\"><span>por\n\t\t\t<a href=\"https:\/\/www.suno.com.br\/noticias\/author\/vitor-azevedo\/\"><span itemprop=\"author\">Vitor Azevedo<\/span><\/a><\/span><time datetime=\"2021-05-19T12:46:14-03:00\" itemprop=\"datePublished\">19\/05\/2021 12:46<\/time><\/div><\/div><\/div><\/div><\/div>","single_layout":"posts","amp_enabled":true,"_links":{"self":[{"href":"https:\/\/www.suno.com.br\/noticias\/wp-json\/wp\/v2\/posts\/149438"}],"collection":[{"href":"https:\/\/www.suno.com.br\/noticias\/wp-json\/wp\/v2\/posts"}],"about":[{"href":"https:\/\/www.suno.com.br\/noticias\/wp-json\/wp\/v2\/types\/post"}],"author":[{"embeddable":true,"href":"https:\/\/www.suno.com.br\/noticias\/wp-json\/wp\/v2\/users\/59"}],"replies":[{"embeddable":true,"href":"https:\/\/www.suno.com.br\/noticias\/wp-json\/wp\/v2\/comments?post=149438"}],"version-history":[{"count":3,"href":"https:\/\/www.suno.com.br\/noticias\/wp-json\/wp\/v2\/posts\/149438\/revisions"}],"predecessor-version":[{"id":149457,"href":"https:\/\/www.suno.com.br\/noticias\/wp-json\/wp\/v2\/posts\/149438\/revisions\/149457"}],"wp:featuredmedia":[{"embeddable":true,"href":"https:\/\/www.suno.com.br\/noticias\/wp-json\/wp\/v2\/media\/148635"}],"wp:attachment":[{"href":"https:\/\/www.suno.com.br\/noticias\/wp-json\/wp\/v2\/media?parent=149438"}],"wp:term":[{"taxonomy":"category","embeddable":true,"href":"https:\/\/www.suno.com.br\/noticias\/wp-json\/wp\/v2\/categories?post=149438"},{"taxonomy":"post_tag","embeddable":true,"href":"https:\/\/www.suno.com.br\/noticias\/wp-json\/wp\/v2\/tags?post=149438"},{"taxonomy":"suno_strategy","embeddable":true,"href":"https:\/\/www.suno.com.br\/noticias\/wp-json\/wp\/v2\/suno_strategy?post=149438"}],"curies":[{"name":"wp","href":"https:\/\/api.w.org\/{rel}","templated":true}]}}