{"id":149329,"date":"2021-05-18T21:34:29","date_gmt":"2021-05-19T00:34:29","guid":{"rendered":"https:\/\/www.suno.com.br\/noticias\/?p=149329"},"modified":"2021-05-18T21:35:17","modified_gmt":"2021-05-19T00:35:17","slug":"fundacao-gates-vai-sobreviver-divorcio","status":"publish","type":"post","link":"https:\/\/www.suno.com.br\/noticias\/fundacao-gates-vai-sobreviver-divorcio\/","title":{"rendered":"A Funda\u00e7\u00e3o Gates vai sobreviver ao div\u00f3rcio de Bill e Melinda?"},"content":{"rendered":"<p>N\u00e3o poderia ser algo mais pessoal. E ao mesmo tempo mais p\u00fablico. At\u00e9 com consequ\u00eancias internacionais. O div\u00f3rcio de <a href=\"https:\/\/www.suno.com.br\/tudo-sobre\/bill-gates\/\"><strong>Bill Gates<\/strong><\/a>\u00a0e de sua ex-mulher, Melinda French, ap\u00f3s 27 anos de casamento, est\u00e1 ganhando as manchetes dos jornais do mundo todo. Especialmente por suas repercuss\u00f5es sobre o patrim\u00f4nio do casal, cerca de US$ 130 bilh\u00f5es (cerca de R$ 700 bilh\u00f5es), que dever\u00e1 ser dividido entre os dois.<\/p>\t<div class=\"wrapper-featured-image\">\n\t\t<figure class=\"spotlightImg\">\n\n\t\t\t<picture>\n\t\t\t\t<source media=\"(max-width: 768px)\" srcset=\"https:\/\/files.sunoresearch.com.br\/n\/uploads\/2021\/05\/a7a9adbc-56592013_10156123018416961_6919163181092831232_n-400x200.webp\">\n\t\t\t\t<img loading=\"lazy\" decoding=\"async\" class=\"newsContent__article__imgCapa lazyloadDisabled \" src=\"https:\/\/files.sunoresearch.com.br\/n\/uploads\/2021\/05\/a7a9adbc-56592013_10156123018416961_6919163181092831232_n-800x450.webp\" width=\"800\" height=\"450\" alt=\"A Funda\u00e7\u00e3o Gates vai sobreviver ao div\u00f3rcio de Bill e Melinda?\" fetchpriority=high \/>\n\t\t\t<\/picture>\n\n\t\t\t<figcaption class=\"wp-caption-text wp-caption-text--show\">Bill Gates e Melinda Gates. Foto: Reprodu\u00e7\u00e3o Facebook<\/figcaption>\n\t\t<\/figure>\n\t<\/div>\n\n\n<p><span style=\"font-weight: 400;\">\t<p>\n\t\t<a href=\"https:\/\/lp.suno.com.br\/planilha-controle-gastos\/\" target=\"_blank\" data-element=\"shortcode-suno-banner\" title=\"Banner SUNO, clique e saiba mais\">\n\t\t\t<picture>\n\t\t\t\t<source media=\"(max-width: 500px)\" srcset=\"https:\/\/files.sunoresearch.com.br\/n\/uploads\/2023\/03\/400x300-Planilha-controle-de-gastos.png\">\n\t\t\t\t<img class=\"newsContent__article__imgCapa newsContent__article__imgCapa--banner\"\n\t\t\t\t\tsrc=\"https:\/\/files.sunoresearch.com.br\/n\/uploads\/2023\/03\/1420x240-Planilha-controle-de-gastos.png\"\n\t\t\t\t\tdata-promo-id=\"101751\"\t\t\t\t\t\t\t\t\t\twidth='1420' height='240'\t\t\t\t\talt=\"https:\/\/files.sunoresearch.com.br\/n\/uploads\/2023\/03\/1420x240-Planilha-controle-de-gastos.png\"\n\t\t\t\t>\n\t\t\t<\/picture>\n\t\t<\/a>\n\t<\/p>\n\n<\/span><\/p>\n<p>Mas al\u00e9m do patrim\u00f4nio pessoal, esse div\u00f3rcio poderia afetar um setor inteiro em n\u00edvel mundial: o da <strong><a href=\"https:\/\/www.suno.com.br\/artigos\/empresa-sem-fins-lucrativos\/\">filantropia<\/a>.<\/strong> Isso pois ainda n\u00e3o ficou claro se a Funda\u00e7\u00e3o <strong>Bill<\/strong> e <strong>Melinda<\/strong> Gates vai sobreviver ao fim dessa uni\u00e3o.<\/p>\n<p>A Funda\u00e7\u00e3o Bill e Melinda Gates mudou a filantropia mundial. Desde 2000, ano de sua funda\u00e7\u00e3o, a funda\u00e7\u00e3o teve um enorme papel nas campanhas pela sa\u00fade e educa\u00e7\u00e3o, contra a pobreza e o efeito estufa, gerando um grande impacto no planeta todo.<\/p>\n<p><a href=\"https:\/\/lp.suno.com.br\/suno-one\/?ppp=noticias\/hospital-care-pedido-ipo-cvm\/\"><b>Suno One: acesse gratuitamente eBooks, Minicursos, Artigos e V\u00eddeo Aulas sobre investimentos com um \u00fanico cadastro. Clique para saber mais!<\/b><\/a><\/p>\n<p>O casal prometeu, em sua mensagem no Twitter com a qual anunciava o fim do casamento, de continuar trabalhando juntos na funda\u00e7\u00e3o.<\/p>\n<p>Isso teria afastado o espectro de uma crise iminente em uma institui\u00e7\u00e3o que mant\u00e9m di\u00e1logos abertos e iniciativas com governos e organismos multilaterais, inclusive a luta contra a pandemia do novo <strong>coronav\u00edrus (Covid-19).<\/strong><\/p>\n<p>A pr\u00f3pria Funda\u00e7\u00e3o indicou que os dois permanecer\u00e3o presidentes da organiza\u00e7\u00e3o e que n\u00e3o haver\u00e1 mudan\u00e7as.<\/p>\n<p>\u201cEles continuar\u00e3o a trabalhar juntos para moldar e aprovar estrat\u00e9gias, apoiar as prioridades da institui\u00e7\u00e3o e estabelecer a dire\u00e7\u00e3o geral a seguir\u201d, informou a Funda\u00e7\u00e3o em uma nota.<\/p>\n<p>Um e-mail enviado aos funcion\u00e1rios pelo presidente-executivo, <strong>Mark Suzman,<\/strong> tamb\u00e9m tentou tranquilizar: &#8220;Eles me garantiram que continuar\u00e3o comprometidos com a funda\u00e7\u00e3o que trabalharam tanto para construir ao longo de vinte anos.&#8221;<\/p>\n<h2>D\u00favidas sobre o futuro da funda\u00e7\u00e3o Gates<\/h2>\n<p>Entretanto, ainda h\u00e1 d\u00favidas sobre a influ\u00eancia e o futuro papel da <strong>Funda\u00e7\u00e3o Gates.<\/strong> Bem como sobre quaisquer desafios estrat\u00e9gico e de tomada de decis\u00e3o, agora que Bill e Melinda v\u00e3o atuar separadamente.<\/p>\n<p>Os aspectos financeiros tamb\u00e9m s\u00e3o desconhecidos. Depois de ter doado cerca de US$ 36 bilh\u00f5es para a Funda\u00e7\u00e3o at\u00e9 o momento, grande parte da fortuna que Bill Gates acumulou ainda dever\u00e1 ser doada. E n\u00e3o est\u00e1 claro como isso acontecer\u00e1 ap\u00f3s o div\u00f3rcio.<\/p>\n<p>O casal tem tr\u00eas filhos, entre 18 e 25 anos. E ainda n\u00e3o se sabe se existe um acordo pr\u00e9-matrimonial entre os dois, o que poderia simplificar a divis\u00e3o.<\/p>\n<p>Caso contr\u00e1rio, tudo depender\u00e1 de qu\u00e3o amig\u00e1vel ou n\u00e3o a separa\u00e7\u00e3o se tornar\u00e1. O que n\u00e3o est\u00e1 em quest\u00e3o \u00e9 o que est\u00e1 em jogo.<\/p>\n<p>A Funda\u00e7\u00e3o Gates \u00e9 uma das entidades filantr\u00f3picas mais importantes e influentes do mundo. <strong>Bill Gates<\/strong> e Melinda French foram os pioneiros da filantropia moderna, e a organiza\u00e7\u00e3o tem grandes repercuss\u00f5es em escala global.<\/p>\n<p>Essa situa\u00e7\u00e3o tamb\u00e9m destaca os desafios das grandes funda\u00e7\u00f5es que, na verdade dependem, de poucas pessoas. Algo que surgiu gra\u00e7as a nova temporada de super-bilion\u00e1rios das \u00faltimas d\u00e9cadas.<\/p>\n<h2>Uma funda\u00e7\u00e3o de US$ 50 bilh\u00f5es<\/h2>\n<p>A <strong>Funda\u00e7\u00e3o Bill<\/strong> <strong>e<\/strong> <strong>Melinda Gates<\/strong> tem atualmente um patrim\u00f4nio de US$ 50 bilh\u00f5es e mais de 1.600 funcion\u00e1rios em todo o mundo. Nos \u00faltimos dois anos, conseguiu doar US$ 5 bilh\u00f5es por ano e, desde sua cria\u00e7\u00e3o, cerca de US$ 55 bilh\u00f5es, em campanhas que v\u00e3o desde a sa\u00fade global \u00e0 desigualdade, at\u00e9 a promo\u00e7\u00e3o da educa\u00e7\u00e3o.<\/p>\n\t<div data-element=\"shortcode-read-more\" class=\"knowMore\">\n\t\t\t\t<span class=\"knowMore__title\">Leia tamb\u00e9m<\/span>\n\t\t\t\t<a class=\"knowMore__link\" href=\"https:\/\/www.suno.com.br\/noticias\/elon-musk-bill-gates-mais-rico-segunda-2-do-mundo\/\">\n\t\t\tElon Musk ultrapassa Bill Gates e se torna a 2\u00aa pessoa mais rica do mundo\t\t<\/a>\n\t<\/div>\n\n\n<p>Somente na batalha contra o coronav\u00edrus foram doados US$ 1,7 bilh\u00e3o, incluindo fundos doados para a empresa biotecnologia alem\u00e3 <strong>BionTech,<\/strong> que desenvolveu junto com a Pfizer uma das vacinas mais importantes.<\/p>\n<p>Al\u00e9m disso, a Funda\u00e7\u00e3o Gates foi uma das promotoras do <strong>Covax,<\/strong> cons\u00f3rcio de compra de vacinas para os pa\u00edses mais pobres.<\/p>\n<p>A meta prev\u00ea a compra de 100 milh\u00f5es de vacinas.<\/p>\n<p>Com esses n\u00fameros, a Funda\u00e7\u00e3o Gates tornou-se o paradigma moderno de uma gest\u00e3o impregnada de experi\u00eancia empresarial e gerencial, orientada para uma utiliza\u00e7\u00e3o eficiente dos seus recursos e para os resultados.<\/p>\n<p>Embora n\u00e3o tenha sido poupada de cr\u00edticas. Uma das principais, dirigida diretamente a Bill Gates, foi a de levar adiante atitudes muito pr\u00f3ximas aos do mundo dos neg\u00f3cios. Em particular a defesa enf\u00e1tica dos direitos de propriedade intelectual de empresas que podem criar obst\u00e1culos \u00e0 ajuda em regi\u00f5es mais desfavorecidas.<\/p>\n<h2>O pacto dos doadores<\/h2>\n<p>O div\u00f3rcio dos Gates poderia ter outro impacto potencial inda mais amplo na filantropia. Bill e Melinda lideram numerosas iniciativas globais, como a <strong>Giving Pledge,<\/strong> a promessa de um grupo de super-ricos de doar grande parte de suas fortunas em vez de deix\u00e1-las para os herdeiros.<\/p>\n<p>Entre eles, est\u00e1 <strong><a href=\"https:\/\/www.suno.com.br\/artigos\/especial-warren-buffett\/#:~:text=Segundo%20o%20Wikip%C3%A9dia%2C%20Buffett%20%E2%80%9C%C3%A9,o%20primeiro%20lugar%20em%202008.\">Warren Buffett<\/a>,<\/strong> que tamb\u00e9m se tornou um grande doador da funda\u00e7\u00e3o Gates (at\u00e9 agora transferiu US$ 26 bilh\u00f5es de seus ativos pessoais para a institui\u00e7\u00e3o).<\/p>\n<p>O Giving Pledge exige que os membros cumpram o compromisso de doar mais da metade de seus ativos \u00e0 caridade, seja em vida ou em testamento. At\u00e9 o momento, esse apelo aos super-ricos j\u00e1 coletou mais de 200 assinaturas gra\u00e7as ao esfor\u00e7o de Bill e Melinda.<\/p>\n<p>Patrim\u00f4nio de a\u00e7\u00f5es, ferrovias, hot\u00e9is e terrenos agr\u00edcolas<\/p>\n<p>Mas qual \u00e9 a fortuna pessoal dos Gates, que alimenta sua filantropia e cujo destino pode estar ligado \u00e0 din\u00e2mica do div\u00f3rcio?<\/p>\n<p>Bill certamente ainda tem uma participa\u00e7\u00e3o na <strong>Microsoft (MsFT34)<\/strong>\u00a0em seu portf\u00f3lio, cerca de 1% das a\u00e7\u00f5es e um valor estimado de US$ 26 bilh\u00f5es.<\/p>\n<p>Os dois tamb\u00e9m s\u00e3o os maiores propriet\u00e1rios de terras agr\u00edcolas do pa\u00eds.<\/p>\n<p>A Cascade Investment, criada para administrar investimentos pessoais, possui participa\u00e7\u00f5es significativas nos mais diversos setores e empresas, desde a rede de hot\u00e9is Four Seasons at\u00e9 a Canadian National Railway e AutoNation, l\u00edder em concession\u00e1rias de autom\u00f3veis.<\/p>\n\t<div data-element=\"shortcode-read-more\" class=\"knowMore\">\n\t\t\t\t<span class=\"knowMore__title\">Leia tamb\u00e9m<\/span>\n\t\t\t\t<a class=\"knowMore__link\" href=\"https:\/\/www.suno.com.br\/noticias\/bill-gates-deixado-conselho-microsoft-caso-extraconjugal\/\">\n\t\t\tBill Gates teria deixado conselho da Microsoft (MSFT34) ap\u00f3s caso extraconjugal, diz jornal\t\t<\/a>\n\t<\/div>\n\n\n<p>Suas propriedades residenciais incluem uma enorme mans\u00e3o no estado de Washington, Xanadu 2.0, com cole\u00e7\u00f5es de livros raros, obras de arte e objetos preciosos.<\/p>\n<p>Nas \u00faltimas d\u00e9cadas, Bill tamb\u00e9m ganhou as manchetes com a compra de um manuscrito de Leonardo da Vinci.<\/p>\n<p>N\u00e3o se sabe quanta parte da fortuna pessoal dos Gates ser\u00e1 transferida para a Funda\u00e7\u00e3o Gates. O que preocupa os gestores dos programas para os pr\u00f3ximos anos.<\/p>\n<h2>Risco de caminhos separados<\/h2>\n<p>Tamb\u00e9m \u00e9 poss\u00edvel que Bill e Melinda estejam seguindo caminhos cada vez mais separados, n\u00e3o apenas na vida, mas na filantropia.<\/p>\n<p>Bill Gates, considerado o mais apaixonado pela ci\u00eancia e com voca\u00e7\u00e3o empreendedora, poderia eventualmente assumir um papel mais central na Funda\u00e7\u00e3o. E cultivar mais seus esfor\u00e7os paralelos, em particular na luta contra as mudan\u00e7as clim\u00e1ticas com a j\u00e1 lan\u00e7ada Breakthrough Energy que investe em startups para reduzir emiss\u00f5es.<\/p>\n\t<div data-element=\"shortcode-read-more\" class=\"knowMore\">\n\t\t\t\t<span class=\"knowMore__title\">Leia tamb\u00e9m<\/span>\n\t\t\t\t<a class=\"knowMore__link\" href=\"https:\/\/www.suno.com.br\/noticias\/melinda-gates-advogados-divorcio-bill\/\">\n\t\t\tMelinda Gates j\u00e1 procurava advogados para div\u00f3rcio desde 2019, diz jornal\t\t<\/a>\n\t<\/div>\n\n\n<p>Bill j\u00e1 criou sua pr\u00f3pria empresa de capital de risco, a Gates Ventures, dedicada \u00e0 pesquisa e investimentos nesse setor.<\/p>\n<p>Melinda, considerada mais progressista que o agora ex-marido, por sua vez j\u00e1 deu in\u00edcio \u00e0 sua pr\u00f3pria iniciativa filantr\u00f3pica e de investimento, batizada de Pivotal Ventures, comprometida com as pol\u00edticas sociais, em particular a favor das mulheres e de sua independ\u00eancia e fortalecimento econ\u00f4mico.<\/p>\n<p>Mais recursos oriundos do div\u00f3rcio poderiam permitir que ela desenvolva a\u00e7\u00f5es semelhantes ou at\u00e9 mesmo crie uma organiza\u00e7\u00e3o nova para as causas que considera importantes. Incluindo mais campanhas pol\u00edticas inspiradas por valores progressistas.<\/p>\n<p>Entre os temores da separa\u00e7\u00e3o est\u00e1 a informa\u00e7\u00e3o p\u00fablica que Bill e Melinda, como eles pr\u00f3prios admitiram, faziam um esfor\u00e7o cada vez mais dif\u00edcil e tenso em escrever juntos a carta anual da funda\u00e7\u00e3o. Uma ideia de Melinda em 2014 que Bill aparentemente nunca amou.<\/p>\n<p>Em suma, tal cen\u00e1rio poderia ver o impacto filantr\u00f3pico de Bill e Melinda se tornar mais articulado e disseminado com a separa\u00e7\u00e3o dos dois. Ambos capazes de seguir suas prefer\u00eancias com maior liberdade.<\/p>\n<h2>Ex-mulher de Bezos poderia inspirar<\/h2>\n<p>Algo semelhante aconteceu com o div\u00f3rcio de <strong><a href=\"https:\/\/www.suno.com.br\/tudo-sobre\/jeff-bezos\/#:~:text=Jeff%20Bezos%20%C3%A9%20o%20empres%C3%A1rio,Bezos%20%C3%A9%20US%24%20151%20bilh%C3%B5es.\">Jeff Bezos<\/a>,<\/strong> o homem mais rico do mundo que ainda dirige a <strong>Amazon (AMZO34)<\/strong><strong>.<\/strong><\/p>\n<p>Pouco conhecido por sua filantropia, na verdade fortemente criticado por a\u00e7\u00f5es escassas em compara\u00e7\u00e3o com sua fortuna pessoal, Bezos transferiu US$ 36 bilh\u00f5es para sua ex-esposa MacKenzie Scott, quando se separou dela em 2019.<\/p>\n<p>Scott imediatamente lan\u00e7ou v\u00e1rias iniciativas de bilh\u00f5es de d\u00f3lares em favor de causas progressistas. Ao todo, ele teria doado mais de US$ 5 bilh\u00f5es em muito pouco tempo.<\/p>\n<p>Um exemplo para Melinda. Mais um risco para a Funda\u00e7\u00e3o <strong>Gates.<\/strong><\/p>\n<p><span style=\"font-weight: 400;\">\u00a0\t<p>\n\t\t<a href=\"https:\/\/lp.suno.com.br\/planilha-da-vida-financeira\/\" target=\"_blank\" data-element=\"shortcode-suno-banner\" title=\"Banner SUNO, clique e saiba mais\">\n\t\t\t<picture>\n\t\t\t\t<source media=\"(max-width: 500px)\" srcset=\"https:\/\/files.sunoresearch.com.br\/n\/uploads\/2023\/04\/400x300-Planilha-vida-financeira-true.png\">\n\t\t\t\t<img class=\"newsContent__article__imgCapa newsContent__article__imgCapa--banner\"\n\t\t\t\t\tsrc=\"https:\/\/files.sunoresearch.com.br\/n\/uploads\/2023\/04\/1420x240-Planilha-vida-financeira-true.png\"\n\t\t\t\t\tdata-promo-id=\"106682\"\t\t\t\t\t\t\t\t\t\twidth='1420' height='240'\t\t\t\t\talt=\"https:\/\/files.sunoresearch.com.br\/n\/uploads\/2023\/04\/1420x240-Planilha-vida-financeira-true.png\"\n\t\t\t\t>\n\t\t\t<\/picture>\n\t\t<\/a>\n\t<\/p>\n\n<\/span><\/p>\n","protected":false},"excerpt":{"rendered":"<p>N\u00e3o poderia ser algo mais pessoal. E ao mesmo tempo mais p\u00fablico. At\u00e9 com consequ\u00eancias internacionais. O div\u00f3rcio de Bill Gates\u00a0e de sua ex-mulher, Melinda French, ap\u00f3s 27 anos de casamento, est\u00e1 ganhando as manchetes dos jornais do mundo todo. Especialmente por suas repercuss\u00f5es sobre o patrim\u00f4nio do casal, cerca de US$ 130 bilh\u00f5es (cerca [&hellip;]<\/p>\n","protected":false},"author":9,"featured_media":144406,"comment_status":"closed","ping_status":"closed","sticky":false,"template":"","format":"standard","meta":[],"categories":[63],"tags":[1290,688],"suno_strategy":[],"class_list":["post-149329","post","type-post","status-publish","format-standard","has-post-thumbnail","hentry","category-internacional","tag-bill-gates","tag-microsoft-msft34"],"yoast_head":"<!-- This site is optimized with the Yoast SEO plugin v24.4 - https:\/\/yoast.com\/wordpress\/plugins\/seo\/ -->\n<title>A Funda\u00e7\u00e3o Gates vai sobreviver ao div\u00f3rcio de Bill e Melinda?<\/title>\n<meta name=\"description\" content=\"Ainda n\u00e3o ficou claro se a Funda\u00e7\u00e3o Bill e Melinda Gates vai sobreviver ao fim dessa uni\u00e3o de 27 anos. Clique aqui para saber mais.\" \/>\n<meta name=\"robots\" content=\"index, follow, max-snippet:-1, max-image-preview:large, max-video-preview:-1\" \/>\n<link rel=\"canonical\" href=\"https:\/\/www.suno.com.br\/noticias\/fundacao-gates-vai-sobreviver-divorcio\/\" \/>\n<meta property=\"og:locale\" content=\"pt_BR\" \/>\n<meta property=\"og:type\" content=\"article\" \/>\n<meta property=\"og:title\" content=\"A Funda\u00e7\u00e3o Gates vai sobreviver ao div\u00f3rcio de Bill e Melinda?\" \/>\n<meta property=\"og:description\" content=\"Ainda n\u00e3o ficou claro se a Funda\u00e7\u00e3o Bill e Melinda Gates vai sobreviver ao fim dessa uni\u00e3o de 27 anos. Clique aqui para saber mais.\" \/>\n<meta property=\"og:url\" content=\"https:\/\/www.suno.com.br\/noticias\/fundacao-gates-vai-sobreviver-divorcio\/\" \/>\n<meta property=\"og:site_name\" content=\"Suno Not\u00edcias\" \/>\n<meta property=\"article:publisher\" content=\"https:\/\/facebook.com\/sunoresearch\" \/>\n<meta property=\"og:image\" content=\"https:\/\/files.sunoresearch.com.br\/n\/uploads\/2021\/05\/a7a9adbc-56592013_10156123018416961_6919163181092831232_n.jpg\" \/>\n\t<meta property=\"og:image:width\" content=\"1200\" \/>\n\t<meta property=\"og:image:height\" content=\"900\" \/>\n\t<meta property=\"og:image:type\" content=\"image\/jpeg\" \/>\n<meta name=\"author\" content=\"Carlo Cauti\" \/>\n<meta name=\"twitter:card\" content=\"summary_large_image\" \/>\n<meta name=\"twitter:creator\" content=\"@sunoresearch\" \/>\n<meta name=\"twitter:site\" content=\"@sunoresearch\" \/>\n<meta name=\"twitter:label1\" content=\"Escrito por\" \/>\n\t<meta name=\"twitter:data1\" content=\"Carlo Cauti\" \/>\n\t<meta name=\"twitter:label2\" content=\"Est. tempo de leitura\" \/>\n\t<meta name=\"twitter:data2\" content=\"8 minutos\" \/>\n<script type=\"application\/ld+json\" class=\"yoast-schema-graph\">{\"@context\":\"https:\/\/schema.org\",\"@graph\":[{\"@type\":\"NewsArticle\",\"@id\":\"https:\/\/www.suno.com.br\/noticias\/fundacao-gates-vai-sobreviver-divorcio\/#article\",\"isPartOf\":{\"@id\":\"https:\/\/www.suno.com.br\/noticias\/fundacao-gates-vai-sobreviver-divorcio\/\"},\"author\":{\"name\":\"Carlo Cauti\",\"@id\":\"https:\/\/www.suno.com.br\/noticias\/#\/schema\/person\/e6e0f723cc177805027f4566c1d5e0c8\"},\"headline\":\"A Funda\u00e7\u00e3o Gates vai sobreviver ao div\u00f3rcio de Bill e Melinda?\",\"datePublished\":\"2021-05-19T00:34:29+00:00\",\"dateModified\":\"2021-05-19T00:35:17+00:00\",\"mainEntityOfPage\":{\"@id\":\"https:\/\/www.suno.com.br\/noticias\/fundacao-gates-vai-sobreviver-divorcio\/\"},\"wordCount\":1543,\"publisher\":{\"@id\":\"https:\/\/www.suno.com.br\/noticias\/#organization\"},\"image\":{\"@id\":\"https:\/\/www.suno.com.br\/noticias\/fundacao-gates-vai-sobreviver-divorcio\/#primaryimage\"},\"thumbnailUrl\":\"https:\/\/files.sunoresearch.com.br\/n\/uploads\/2021\/05\/a7a9adbc-56592013_10156123018416961_6919163181092831232_n-jpg.webp\",\"keywords\":[\"Bill Gates\",\"Microsoft (MSFT34)\"],\"articleSection\":[\"Internacional\"],\"inLanguage\":\"pt-BR\"},{\"@type\":\"WebPage\",\"@id\":\"https:\/\/www.suno.com.br\/noticias\/fundacao-gates-vai-sobreviver-divorcio\/\",\"url\":\"https:\/\/www.suno.com.br\/noticias\/fundacao-gates-vai-sobreviver-divorcio\/\",\"name\":\"A Funda\u00e7\u00e3o Gates vai sobreviver ao div\u00f3rcio de Bill e Melinda?\",\"isPartOf\":{\"@id\":\"https:\/\/www.suno.com.br\/noticias\/#website\"},\"primaryImageOfPage\":{\"@id\":\"https:\/\/www.suno.com.br\/noticias\/fundacao-gates-vai-sobreviver-divorcio\/#primaryimage\"},\"image\":{\"@id\":\"https:\/\/www.suno.com.br\/noticias\/fundacao-gates-vai-sobreviver-divorcio\/#primaryimage\"},\"thumbnailUrl\":\"https:\/\/files.sunoresearch.com.br\/n\/uploads\/2021\/05\/a7a9adbc-56592013_10156123018416961_6919163181092831232_n-jpg.webp\",\"datePublished\":\"2021-05-19T00:34:29+00:00\",\"dateModified\":\"2021-05-19T00:35:17+00:00\",\"description\":\"Ainda n\u00e3o ficou claro se a Funda\u00e7\u00e3o Bill e Melinda Gates vai sobreviver ao fim dessa uni\u00e3o de 27 anos. Clique aqui para saber mais.\",\"breadcrumb\":{\"@id\":\"https:\/\/www.suno.com.br\/noticias\/fundacao-gates-vai-sobreviver-divorcio\/#breadcrumb\"},\"inLanguage\":\"pt-BR\",\"potentialAction\":[{\"@type\":\"ReadAction\",\"target\":[\"https:\/\/www.suno.com.br\/noticias\/fundacao-gates-vai-sobreviver-divorcio\/\"]}]},{\"@type\":\"ImageObject\",\"inLanguage\":\"pt-BR\",\"@id\":\"https:\/\/www.suno.com.br\/noticias\/fundacao-gates-vai-sobreviver-divorcio\/#primaryimage\",\"url\":\"https:\/\/files.sunoresearch.com.br\/n\/uploads\/2021\/05\/a7a9adbc-56592013_10156123018416961_6919163181092831232_n-jpg.webp\",\"contentUrl\":\"https:\/\/files.sunoresearch.com.br\/n\/uploads\/2021\/05\/a7a9adbc-56592013_10156123018416961_6919163181092831232_n-jpg.webp\",\"width\":1200,\"height\":900,\"caption\":\"Bill Gates e Melinda Gates. Foto: Reprodu\u00e7\u00e3o Facebook\"},{\"@type\":\"BreadcrumbList\",\"@id\":\"https:\/\/www.suno.com.br\/noticias\/fundacao-gates-vai-sobreviver-divorcio\/#breadcrumb\",\"itemListElement\":[{\"@type\":\"ListItem\",\"position\":1,\"name\":\"Not\u00edcias\",\"item\":\"https:\/\/www.suno.com.br\/noticias\/\"},{\"@type\":\"ListItem\",\"position\":2,\"name\":\"Internacional\",\"item\":\"https:\/\/www.suno.com.br\/noticias\/internacional\/\"},{\"@type\":\"ListItem\",\"position\":3,\"name\":\"A Funda\u00e7\u00e3o Gates vai sobreviver ao div\u00f3rcio de Bill e Melinda?\"}]},{\"@type\":\"WebSite\",\"@id\":\"https:\/\/www.suno.com.br\/noticias\/#website\",\"url\":\"https:\/\/www.suno.com.br\/noticias\/\",\"name\":\"Suno Not\u00edcias\",\"description\":\"Seu portal de informa\u00e7\u00e3o sobre o mundo dos investimentos\",\"publisher\":{\"@id\":\"https:\/\/www.suno.com.br\/noticias\/#organization\"},\"potentialAction\":[{\"@type\":\"SearchAction\",\"target\":{\"@type\":\"EntryPoint\",\"urlTemplate\":\"https:\/\/www.suno.com.br\/noticias\/?s={search_term_string}\"},\"query-input\":{\"@type\":\"PropertyValueSpecification\",\"valueRequired\":true,\"valueName\":\"search_term_string\"}}],\"inLanguage\":\"pt-BR\"},{\"@type\":\"Organization\",\"@id\":\"https:\/\/www.suno.com.br\/noticias\/#organization\",\"name\":\"Suno Not\u00edcias\",\"url\":\"https:\/\/www.suno.com.br\/noticias\/\",\"logo\":{\"@type\":\"ImageObject\",\"inLanguage\":\"pt-BR\",\"@id\":\"https:\/\/www.suno.com.br\/noticias\/#\/schema\/logo\/image\/\",\"url\":\"https:\/\/files.sunoresearch.com.br\/n\/uploads\/2021\/09\/suno-logo.png\",\"contentUrl\":\"https:\/\/files.sunoresearch.com.br\/n\/uploads\/2021\/09\/suno-logo.png\",\"width\":180,\"height\":180,\"caption\":\"Suno Not\u00edcias\"},\"image\":{\"@id\":\"https:\/\/www.suno.com.br\/noticias\/#\/schema\/logo\/image\/\"},\"sameAs\":[\"https:\/\/facebook.com\/sunoresearch\",\"https:\/\/x.com\/sunoresearch\",\"https:\/\/www.instagram.com\/suno\",\"https:\/\/www.linkedin.com\/company\/suno-research\/\",\"https:\/\/www.youtube.com\/c\/sunoresearch\"]},{\"@type\":\"Person\",\"@id\":\"https:\/\/www.suno.com.br\/noticias\/#\/schema\/person\/e6e0f723cc177805027f4566c1d5e0c8\",\"name\":\"Carlo Cauti\",\"image\":{\"@type\":\"ImageObject\",\"inLanguage\":\"pt-BR\",\"@id\":\"https:\/\/www.suno.com.br\/noticias\/#\/schema\/person\/image\/\",\"url\":\"https:\/\/secure.gravatar.com\/avatar\/3ada9e0bd164c23abd4792a9606d583c?s=96&r=g\",\"contentUrl\":\"https:\/\/secure.gravatar.com\/avatar\/3ada9e0bd164c23abd4792a9606d583c?s=96&r=g\",\"caption\":\"Carlo Cauti\"},\"description\":\"Editor multim\u00eddia do SUNO Not\u00edcias. Italiano, formado em Ci\u00eancias Pol\u00edticas pela universidade LUISS G. Carli de Roma e mestre cum laude em Rela\u00e7\u00f5es Internacionais, Jornalismo Internacional e de Guerra e em Economia Internacional. Concluiu tamb\u00e9m um MBA em Finan\u00e7as na B3. No Brasil, teve passagem por ve\u00edculos como Estad\u00e3o, Globo, Veja e EXAME. e nas ag\u00eancias de not\u00edcias italianas ANSA e NOVA.\",\"url\":\"https:\/\/www.suno.com.br\/noticias\/author\/carlo-cauti\/\"}]}<\/script>\n<!-- \/ Yoast SEO plugin. -->","yoast_head_json":{"title":"A Funda\u00e7\u00e3o Gates vai sobreviver ao div\u00f3rcio de Bill e Melinda?","description":"Ainda n\u00e3o ficou claro se a Funda\u00e7\u00e3o Bill e Melinda Gates vai sobreviver ao fim dessa uni\u00e3o de 27 anos. Clique aqui para saber mais.","robots":{"index":"index","follow":"follow","max-snippet":"max-snippet:-1","max-image-preview":"max-image-preview:large","max-video-preview":"max-video-preview:-1"},"canonical":"https:\/\/www.suno.com.br\/noticias\/fundacao-gates-vai-sobreviver-divorcio\/","og_locale":"pt_BR","og_type":"article","og_title":"A Funda\u00e7\u00e3o Gates vai sobreviver ao div\u00f3rcio de Bill e Melinda?","og_description":"Ainda n\u00e3o ficou claro se a Funda\u00e7\u00e3o Bill e Melinda Gates vai sobreviver ao fim dessa uni\u00e3o de 27 anos. Clique aqui para saber mais.","og_url":"https:\/\/www.suno.com.br\/noticias\/fundacao-gates-vai-sobreviver-divorcio\/","og_site_name":"Suno Not\u00edcias","article_publisher":"https:\/\/facebook.com\/sunoresearch","og_image":[{"width":1200,"height":900,"url":"https:\/\/files.sunoresearch.com.br\/n\/uploads\/2021\/05\/a7a9adbc-56592013_10156123018416961_6919163181092831232_n.jpg","type":"image\/jpeg"}],"author":"Carlo Cauti","twitter_card":"summary_large_image","twitter_creator":"@sunoresearch","twitter_site":"@sunoresearch","twitter_misc":{"Escrito por":"Carlo Cauti","Est. tempo de leitura":"8 minutos"},"schema":{"@context":"https:\/\/schema.org","@graph":[{"@type":"NewsArticle","@id":"https:\/\/www.suno.com.br\/noticias\/fundacao-gates-vai-sobreviver-divorcio\/#article","isPartOf":{"@id":"https:\/\/www.suno.com.br\/noticias\/fundacao-gates-vai-sobreviver-divorcio\/"},"author":{"name":"Carlo Cauti","@id":"https:\/\/www.suno.com.br\/noticias\/#\/schema\/person\/e6e0f723cc177805027f4566c1d5e0c8"},"headline":"A Funda\u00e7\u00e3o Gates vai sobreviver ao div\u00f3rcio de Bill e Melinda?","datePublished":"2021-05-19T00:34:29+00:00","dateModified":"2021-05-19T00:35:17+00:00","mainEntityOfPage":{"@id":"https:\/\/www.suno.com.br\/noticias\/fundacao-gates-vai-sobreviver-divorcio\/"},"wordCount":1543,"publisher":{"@id":"https:\/\/www.suno.com.br\/noticias\/#organization"},"image":{"@id":"https:\/\/www.suno.com.br\/noticias\/fundacao-gates-vai-sobreviver-divorcio\/#primaryimage"},"thumbnailUrl":"https:\/\/files.sunoresearch.com.br\/n\/uploads\/2021\/05\/a7a9adbc-56592013_10156123018416961_6919163181092831232_n-jpg.webp","keywords":["Bill Gates","Microsoft (MSFT34)"],"articleSection":["Internacional"],"inLanguage":"pt-BR"},{"@type":"WebPage","@id":"https:\/\/www.suno.com.br\/noticias\/fundacao-gates-vai-sobreviver-divorcio\/","url":"https:\/\/www.suno.com.br\/noticias\/fundacao-gates-vai-sobreviver-divorcio\/","name":"A Funda\u00e7\u00e3o Gates vai sobreviver ao div\u00f3rcio de Bill e Melinda?","isPartOf":{"@id":"https:\/\/www.suno.com.br\/noticias\/#website"},"primaryImageOfPage":{"@id":"https:\/\/www.suno.com.br\/noticias\/fundacao-gates-vai-sobreviver-divorcio\/#primaryimage"},"image":{"@id":"https:\/\/www.suno.com.br\/noticias\/fundacao-gates-vai-sobreviver-divorcio\/#primaryimage"},"thumbnailUrl":"https:\/\/files.sunoresearch.com.br\/n\/uploads\/2021\/05\/a7a9adbc-56592013_10156123018416961_6919163181092831232_n-jpg.webp","datePublished":"2021-05-19T00:34:29+00:00","dateModified":"2021-05-19T00:35:17+00:00","description":"Ainda n\u00e3o ficou claro se a Funda\u00e7\u00e3o Bill e Melinda Gates vai sobreviver ao fim dessa uni\u00e3o de 27 anos. Clique aqui para saber mais.","breadcrumb":{"@id":"https:\/\/www.suno.com.br\/noticias\/fundacao-gates-vai-sobreviver-divorcio\/#breadcrumb"},"inLanguage":"pt-BR","potentialAction":[{"@type":"ReadAction","target":["https:\/\/www.suno.com.br\/noticias\/fundacao-gates-vai-sobreviver-divorcio\/"]}]},{"@type":"ImageObject","inLanguage":"pt-BR","@id":"https:\/\/www.suno.com.br\/noticias\/fundacao-gates-vai-sobreviver-divorcio\/#primaryimage","url":"https:\/\/files.sunoresearch.com.br\/n\/uploads\/2021\/05\/a7a9adbc-56592013_10156123018416961_6919163181092831232_n-jpg.webp","contentUrl":"https:\/\/files.sunoresearch.com.br\/n\/uploads\/2021\/05\/a7a9adbc-56592013_10156123018416961_6919163181092831232_n-jpg.webp","width":1200,"height":900,"caption":"Bill Gates e Melinda Gates. Foto: Reprodu\u00e7\u00e3o Facebook"},{"@type":"BreadcrumbList","@id":"https:\/\/www.suno.com.br\/noticias\/fundacao-gates-vai-sobreviver-divorcio\/#breadcrumb","itemListElement":[{"@type":"ListItem","position":1,"name":"Not\u00edcias","item":"https:\/\/www.suno.com.br\/noticias\/"},{"@type":"ListItem","position":2,"name":"Internacional","item":"https:\/\/www.suno.com.br\/noticias\/internacional\/"},{"@type":"ListItem","position":3,"name":"A Funda\u00e7\u00e3o Gates vai sobreviver ao div\u00f3rcio de Bill e Melinda?"}]},{"@type":"WebSite","@id":"https:\/\/www.suno.com.br\/noticias\/#website","url":"https:\/\/www.suno.com.br\/noticias\/","name":"Suno Not\u00edcias","description":"Seu portal de informa\u00e7\u00e3o sobre o mundo dos investimentos","publisher":{"@id":"https:\/\/www.suno.com.br\/noticias\/#organization"},"potentialAction":[{"@type":"SearchAction","target":{"@type":"EntryPoint","urlTemplate":"https:\/\/www.suno.com.br\/noticias\/?s={search_term_string}"},"query-input":{"@type":"PropertyValueSpecification","valueRequired":true,"valueName":"search_term_string"}}],"inLanguage":"pt-BR"},{"@type":"Organization","@id":"https:\/\/www.suno.com.br\/noticias\/#organization","name":"Suno Not\u00edcias","url":"https:\/\/www.suno.com.br\/noticias\/","logo":{"@type":"ImageObject","inLanguage":"pt-BR","@id":"https:\/\/www.suno.com.br\/noticias\/#\/schema\/logo\/image\/","url":"https:\/\/files.sunoresearch.com.br\/n\/uploads\/2021\/09\/suno-logo.png","contentUrl":"https:\/\/files.sunoresearch.com.br\/n\/uploads\/2021\/09\/suno-logo.png","width":180,"height":180,"caption":"Suno Not\u00edcias"},"image":{"@id":"https:\/\/www.suno.com.br\/noticias\/#\/schema\/logo\/image\/"},"sameAs":["https:\/\/facebook.com\/sunoresearch","https:\/\/x.com\/sunoresearch","https:\/\/www.instagram.com\/suno","https:\/\/www.linkedin.com\/company\/suno-research\/","https:\/\/www.youtube.com\/c\/sunoresearch"]},{"@type":"Person","@id":"https:\/\/www.suno.com.br\/noticias\/#\/schema\/person\/e6e0f723cc177805027f4566c1d5e0c8","name":"Carlo Cauti","image":{"@type":"ImageObject","inLanguage":"pt-BR","@id":"https:\/\/www.suno.com.br\/noticias\/#\/schema\/person\/image\/","url":"https:\/\/secure.gravatar.com\/avatar\/3ada9e0bd164c23abd4792a9606d583c?s=96&r=g","contentUrl":"https:\/\/secure.gravatar.com\/avatar\/3ada9e0bd164c23abd4792a9606d583c?s=96&r=g","caption":"Carlo Cauti"},"description":"Editor multim\u00eddia do SUNO Not\u00edcias. Italiano, formado em Ci\u00eancias Pol\u00edticas pela universidade LUISS G. Carli de Roma e mestre cum laude em Rela\u00e7\u00f5es Internacionais, Jornalismo Internacional e de Guerra e em Economia Internacional. Concluiu tamb\u00e9m um MBA em Finan\u00e7as na B3. No Brasil, teve passagem por ve\u00edculos como Estad\u00e3o, Globo, Veja e EXAME. e nas ag\u00eancias de not\u00edcias italianas ANSA e NOVA.","url":"https:\/\/www.suno.com.br\/noticias\/author\/carlo-cauti\/"}]}},"default_loop_html":"<div class=\"cardsPage__listCard__boxs\"><div class=\"cardsPage__listCard__boxs__img\"><a href=\"https:\/\/www.suno.com.br\/noticias\/fundacao-gates-vai-sobreviver-divorcio\/\"><img class=\"mask\" src=\"https:\/\/www.suno.com.br\/noticias\/wp-content\/themes\/suno\/resources\/images\/spotlight\/spotlight1img\/bg-mask.png\" alt=\"Image Mask\"\/><img src=\"https:\/\/files.sunoresearch.com.br\/n\/uploads\/2021\/05\/a7a9adbc-56592013_10156123018416961_6919163181092831232_n-400x200.webp\" alt=\"A Funda\u00e7\u00e3o Gates vai sobreviver ao div\u00f3rcio de Bill e Melinda?\"\/><\/a><span class=\"spotlightCategory\"><a href=\"https:\/\/www.suno.com.br\/noticias\/internacional\/\">Internacional<\/a><\/span><\/div><div class=\"cardsPage__listCard__boxs__content\"><a href=\"https:\/\/www.suno.com.br\/noticias\/fundacao-gates-vai-sobreviver-divorcio\/\"><h2 class=\"content__title\">A Funda\u00e7\u00e3o Gates vai sobreviver ao div\u00f3rcio de Bill e Melinda?<\/h2><\/a><div class=\"newsContent__article__meta\"><div class=\"newsContent__article__meta__authorBox\"><a href=\"https:\/\/www.suno.com.br\/noticias\/author\/carlo-cauti\/\" class=\"authorBox__avatar noMobi\"><img src=\"https:\/\/files.sunoresearch.com.br\/n\/uploads\/2020\/08\/e3745f9a-perfil-carlo-cauti-150x150.webp\" alt=\"Carlo Cauti\"><\/a><div class=\"authorBox__name\"><span>por\n\t\t\t<a href=\"https:\/\/www.suno.com.br\/noticias\/author\/carlo-cauti\/\"><span itemprop=\"author\">Carlo Cauti<\/span><\/a><\/span><time datetime=\"2021-05-18T21:34:29-03:00\" itemprop=\"datePublished\">18\/05\/2021 21:34<\/time><\/div><\/div><\/div><\/div><\/div>","single_layout":"posts","amp_enabled":true,"_links":{"self":[{"href":"https:\/\/www.suno.com.br\/noticias\/wp-json\/wp\/v2\/posts\/149329"}],"collection":[{"href":"https:\/\/www.suno.com.br\/noticias\/wp-json\/wp\/v2\/posts"}],"about":[{"href":"https:\/\/www.suno.com.br\/noticias\/wp-json\/wp\/v2\/types\/post"}],"author":[{"embeddable":true,"href":"https:\/\/www.suno.com.br\/noticias\/wp-json\/wp\/v2\/users\/9"}],"replies":[{"embeddable":true,"href":"https:\/\/www.suno.com.br\/noticias\/wp-json\/wp\/v2\/comments?post=149329"}],"version-history":[{"count":3,"href":"https:\/\/www.suno.com.br\/noticias\/wp-json\/wp\/v2\/posts\/149329\/revisions"}],"predecessor-version":[{"id":149352,"href":"https:\/\/www.suno.com.br\/noticias\/wp-json\/wp\/v2\/posts\/149329\/revisions\/149352"}],"wp:featuredmedia":[{"embeddable":true,"href":"https:\/\/www.suno.com.br\/noticias\/wp-json\/wp\/v2\/media\/144406"}],"wp:attachment":[{"href":"https:\/\/www.suno.com.br\/noticias\/wp-json\/wp\/v2\/media?parent=149329"}],"wp:term":[{"taxonomy":"category","embeddable":true,"href":"https:\/\/www.suno.com.br\/noticias\/wp-json\/wp\/v2\/categories?post=149329"},{"taxonomy":"post_tag","embeddable":true,"href":"https:\/\/www.suno.com.br\/noticias\/wp-json\/wp\/v2\/tags?post=149329"},{"taxonomy":"suno_strategy","embeddable":true,"href":"https:\/\/www.suno.com.br\/noticias\/wp-json\/wp\/v2\/suno_strategy?post=149329"}],"curies":[{"name":"wp","href":"https:\/\/api.w.org\/{rel}","templated":true}]}}