{"id":14915,"date":"2019-02-11T18:44:38","date_gmt":"2019-02-11T20:44:38","guid":{"rendered":"https:\/\/www.suno.com.br\/noticias\/?p=14915"},"modified":"2019-02-11T18:44:38","modified_gmt":"2019-02-11T20:44:38","slug":"exportacao-cafe-recorde-cecafe","status":"publish","type":"post","link":"https:\/\/www.suno.com.br\/noticias\/exportacao-cafe-recorde-cecafe\/","title":{"rendered":"Exporta\u00e7\u00e3o de caf\u00e9 verde do Brasil em janeiro \u00e9 recorde, diz Cecaf\u00e9"},"content":{"rendered":"<p>A exporta\u00e7\u00e3o de caf\u00e9 verde do Brasil somou 3,05 milh\u00f5es de sacas (60 kg) em janeiro, de acordo com o Conselho de Exportadores de Caf\u00e9 do Brasil (Cecaf\u00e9).<\/p>\t<div class=\"wrapper-featured-image\">\n\t\t<figure class=\"spotlightImg\">\n\n\t\t\t<picture>\n\t\t\t\t<source media=\"(max-width: 768px)\" srcset=\"https:\/\/files.sunoresearch.com.br\/n\/uploads\/2019\/02\/4d9e8589-caf\u00e9-400x200.webp\">\n\t\t\t\t<img loading=\"lazy\" decoding=\"async\" class=\"newsContent__article__imgCapa lazyloadDisabled newsContent__article__imgCapa--noCaption\" src=\"https:\/\/files.sunoresearch.com.br\/n\/uploads\/2019\/02\/4d9e8589-caf\u00e9-jpg.webp\" width=\"800\" height=\"450\" alt=\"Exporta\u00e7\u00e3o de caf\u00e9 verde do Brasil em janeiro \u00e9 recorde, diz Cecaf\u00e9\" fetchpriority=high \/>\n\t\t\t<\/picture>\n\n\t\t\t<figcaption class=\"wp-caption-text wp-caption-text--hide\">Exporta\u00e7\u00e3o de caf\u00e9 verde do Brasil em janeiro \u00e9 recorde, diz Cecaf\u00e9<\/figcaption>\n\t\t<\/figure>\n\t<\/div>\n\n\n<p>De acordo com os dados da <strong>Cecaf\u00e9<\/strong>, divulgados nesta segunda-feira (11), a exporta\u00e7\u00e3o de <strong>caf\u00e9<\/strong> em janeiro representa uma alta de 20,3% quando comparado ao mesmo per\u00edodo do ano passado. Dessa forma, os embarques do produto foram recorde para o m\u00eas.<\/p>\n<p><a href=\"https:\/\/www.suno.com.br\/noticias\/balanca-comercial-superavit-fevereiro\/\">Saiba mais:\u00a0Balan\u00e7a comercial registra super\u00e1vit de US$ 1,06 bilh\u00e3o em fevereiro<\/a><\/p>\n<p>Al\u00e9m disso, os volumes totais, que inclui o <strong>caf\u00e9 verde<\/strong> e o industrializado, apontou alta de 20,8% na mesma compara\u00e7\u00e3o, totalizando 3,285 milh\u00f5es de sacas.<\/p>\n<p>&#8220;As exporta\u00e7\u00f5es de caf\u00e9 do Brasil seguem em um ritmo intenso. Registramos um recorde hist\u00f3rico para o m\u00eas de janeiro, confirmando as estimativas. Esse resultado \u00e9 reflexo de uma boa safra e da qualidade e compet\u00eancia da cadeia produtiva brasileira&#8221;, disse o presidente do <strong>Cecaf\u00e9<\/strong>, Nelson Carvalhaes, por meio de nota.<\/p>\n<p>Al\u00e9m disso, Carvalhaes acrescenta que a &#8220;expectativa\u00a0\u00e9 que o desempenho das exporta\u00e7\u00f5es continuar\u00e1 positivo durante o restante do ano cafeeiro&#8221;.<\/p>\n<h2>Safra de soja<\/h2>\n<p>A safra de soja 2018\/19 do Brasil, em colheita avan\u00e7ada, dever\u00e1 somar 112,5 milh\u00f5es de toneladas, de acordo com a AgRural nesta segunda-feira (11).<\/p>\n<p>No entanto, a estimativa feita pela <strong>AgRural<\/strong> representa um corte de 4% da <strong>safra de soja<\/strong> em rela\u00e7\u00e3o ao \u00faltimo m\u00eas.<\/p>\n<p><a href=\"https:\/\/www.suno.com.br\/noticias\/safra-soja-menor-3-anos-agrural\/\">Saiba mais:\u00a0Safra de soja 2018\/19 deve ser a menor dos \u00faltimos 3 anos, diz AgRural<\/a><\/p>\n<p>De acordo com a consultoria, a redu\u00e7\u00e3o acontece por conta das<strong> condi\u00e7\u00f5es clim\u00e1ticas desfavor\u00e1veis<\/strong> que prejudicaram a planta\u00e7\u00e3o na fase de desenvolvimento.<\/p>\n<p>Dessa forma, se a previs\u00e3o se concretizar, o <strong>volume da safra<\/strong> ser\u00e1 o menor do \u00faltimos tr\u00eas anos, ficando 5,7% menor que o recorde do plantio 2017\/18 que totalizou 119,3 milh\u00f5es.<\/p>\n<p>Tamb\u00e9m em 2018, o <strong>caf\u00e9 verde<\/strong> registrou seu recorde com uma safra de 31,52 milh\u00f5es de sacas do produto que foram enviadas ao exterior. No entanto, o Brasil \u00e9 o maior <strong>exportador<\/strong> de <strong>caf\u00e9<\/strong>.<\/p>\n","protected":false},"excerpt":{"rendered":"<p>A exporta\u00e7\u00e3o de caf\u00e9 verde do Brasil somou 3,05 milh\u00f5es de sacas (60 kg) em janeiro, de acordo com o Conselho de Exportadores de Caf\u00e9 do Brasil (Cecaf\u00e9). Exporta\u00e7\u00e3o de caf\u00e9 verde do Brasil em janeiro \u00e9 recorde, diz Cecaf\u00e9 De acordo com os dados da Cecaf\u00e9, divulgados nesta segunda-feira (11), a exporta\u00e7\u00e3o de caf\u00e9 [&hellip;]<\/p>\n","protected":false},"author":11,"featured_media":14922,"comment_status":"closed","ping_status":"closed","sticky":false,"template":"","format":"standard","meta":[],"categories":[64],"tags":[707,706],"suno_strategy":[],"class_list":["post-14915","post","type-post","status-publish","format-standard","has-post-thumbnail","hentry","category-negocios","tag-exportacoes","tag-importacoes"],"yoast_head":"<!-- This site is optimized with the Yoast SEO plugin v24.4 - https:\/\/yoast.com\/wordpress\/plugins\/seo\/ -->\n<title>Exporta\u00e7\u00e3o de caf\u00e9 verde do Brasil em janeiro \u00e9 recorde, diz Cecaf\u00e9<\/title>\n<meta name=\"description\" content=\"Safra de 2018 de caf\u00e9 verde foi recorde com 31,52 milh\u00f5es de sacas; Soja tem redu\u00e7\u00e3o de 4% na previs\u00e3o de colheita. Clique para saber mais.\" \/>\n<meta name=\"robots\" content=\"index, follow, max-snippet:-1, max-image-preview:large, max-video-preview:-1\" \/>\n<link rel=\"canonical\" href=\"https:\/\/www.suno.com.br\/noticias\/exportacao-cafe-recorde-cecafe\/\" \/>\n<meta property=\"og:locale\" content=\"pt_BR\" \/>\n<meta property=\"og:type\" content=\"article\" \/>\n<meta property=\"og:title\" content=\"Exporta\u00e7\u00e3o de caf\u00e9 verde do Brasil em janeiro \u00e9 recorde, diz Cecaf\u00e9\" \/>\n<meta property=\"og:description\" content=\"Safra de 2018 de caf\u00e9 verde foi recorde com 31,52 milh\u00f5es de sacas; Soja tem redu\u00e7\u00e3o de 4% na previs\u00e3o de colheita. Clique para saber mais.\" \/>\n<meta property=\"og:url\" content=\"https:\/\/www.suno.com.br\/noticias\/exportacao-cafe-recorde-cecafe\/\" \/>\n<meta property=\"og:site_name\" content=\"Suno Not\u00edcias\" \/>\n<meta property=\"article:publisher\" content=\"https:\/\/facebook.com\/sunoresearch\" \/>\n<meta property=\"og:image\" content=\"https:\/\/files.sunoresearch.com.br\/n\/uploads\/2019\/02\/4d9e8589-caf\u00e9.jpg\" \/>\n\t<meta property=\"og:image:width\" content=\"715\" \/>\n\t<meta property=\"og:image:height\" content=\"475\" \/>\n\t<meta property=\"og:image:type\" content=\"image\/jpeg\" \/>\n<meta name=\"author\" content=\"Renan Bandeira\" \/>\n<meta name=\"twitter:card\" content=\"summary_large_image\" \/>\n<meta name=\"twitter:creator\" content=\"@sunoresearch\" \/>\n<meta name=\"twitter:site\" content=\"@sunoresearch\" \/>\n<meta name=\"twitter:label1\" content=\"Escrito por\" \/>\n\t<meta name=\"twitter:data1\" content=\"Renan Bandeira\" \/>\n\t<meta name=\"twitter:label2\" content=\"Est. tempo de leitura\" \/>\n\t<meta name=\"twitter:data2\" content=\"2 minutos\" \/>\n<script type=\"application\/ld+json\" class=\"yoast-schema-graph\">{\"@context\":\"https:\/\/schema.org\",\"@graph\":[{\"@type\":\"NewsArticle\",\"@id\":\"https:\/\/www.suno.com.br\/noticias\/exportacao-cafe-recorde-cecafe\/#article\",\"isPartOf\":{\"@id\":\"https:\/\/www.suno.com.br\/noticias\/exportacao-cafe-recorde-cecafe\/\"},\"author\":{\"name\":\"Renan Bandeira\",\"@id\":\"https:\/\/www.suno.com.br\/noticias\/#\/schema\/person\/fc144a1c6108bd1dcd43784e88a3c138\"},\"headline\":\"Exporta\u00e7\u00e3o de caf\u00e9 verde do Brasil em janeiro \u00e9 recorde, diz Cecaf\u00e9\",\"datePublished\":\"2019-02-11T20:44:38+00:00\",\"mainEntityOfPage\":{\"@id\":\"https:\/\/www.suno.com.br\/noticias\/exportacao-cafe-recorde-cecafe\/\"},\"wordCount\":351,\"publisher\":{\"@id\":\"https:\/\/www.suno.com.br\/noticias\/#organization\"},\"image\":{\"@id\":\"https:\/\/www.suno.com.br\/noticias\/exportacao-cafe-recorde-cecafe\/#primaryimage\"},\"thumbnailUrl\":\"https:\/\/files.sunoresearch.com.br\/n\/uploads\/2019\/02\/4d9e8589-caf\u00e9-jpg.webp\",\"keywords\":[\"exporta\u00e7\u00f5es\",\"importa\u00e7\u00f5es\"],\"articleSection\":[\"Neg\u00f3cios\"],\"inLanguage\":\"pt-BR\"},{\"@type\":\"WebPage\",\"@id\":\"https:\/\/www.suno.com.br\/noticias\/exportacao-cafe-recorde-cecafe\/\",\"url\":\"https:\/\/www.suno.com.br\/noticias\/exportacao-cafe-recorde-cecafe\/\",\"name\":\"Exporta\u00e7\u00e3o de caf\u00e9 verde do Brasil em janeiro \u00e9 recorde, diz Cecaf\u00e9\",\"isPartOf\":{\"@id\":\"https:\/\/www.suno.com.br\/noticias\/#website\"},\"primaryImageOfPage\":{\"@id\":\"https:\/\/www.suno.com.br\/noticias\/exportacao-cafe-recorde-cecafe\/#primaryimage\"},\"image\":{\"@id\":\"https:\/\/www.suno.com.br\/noticias\/exportacao-cafe-recorde-cecafe\/#primaryimage\"},\"thumbnailUrl\":\"https:\/\/files.sunoresearch.com.br\/n\/uploads\/2019\/02\/4d9e8589-caf\u00e9-jpg.webp\",\"datePublished\":\"2019-02-11T20:44:38+00:00\",\"description\":\"Safra de 2018 de caf\u00e9 verde foi recorde com 31,52 milh\u00f5es de sacas; Soja tem redu\u00e7\u00e3o de 4% na previs\u00e3o de colheita. Clique para saber mais.\",\"breadcrumb\":{\"@id\":\"https:\/\/www.suno.com.br\/noticias\/exportacao-cafe-recorde-cecafe\/#breadcrumb\"},\"inLanguage\":\"pt-BR\",\"potentialAction\":[{\"@type\":\"ReadAction\",\"target\":[\"https:\/\/www.suno.com.br\/noticias\/exportacao-cafe-recorde-cecafe\/\"]}]},{\"@type\":\"ImageObject\",\"inLanguage\":\"pt-BR\",\"@id\":\"https:\/\/www.suno.com.br\/noticias\/exportacao-cafe-recorde-cecafe\/#primaryimage\",\"url\":\"https:\/\/files.sunoresearch.com.br\/n\/uploads\/2019\/02\/4d9e8589-caf\u00e9-jpg.webp\",\"contentUrl\":\"https:\/\/files.sunoresearch.com.br\/n\/uploads\/2019\/02\/4d9e8589-caf\u00e9-jpg.webp\",\"width\":715,\"height\":475,\"caption\":\"Exporta\u00e7\u00e3o de caf\u00e9 verde do Brasil em janeiro \u00e9 recorde, diz Cecaf\u00e9\"},{\"@type\":\"BreadcrumbList\",\"@id\":\"https:\/\/www.suno.com.br\/noticias\/exportacao-cafe-recorde-cecafe\/#breadcrumb\",\"itemListElement\":[{\"@type\":\"ListItem\",\"position\":1,\"name\":\"Not\u00edcias\",\"item\":\"https:\/\/www.suno.com.br\/noticias\/\"},{\"@type\":\"ListItem\",\"position\":2,\"name\":\"Neg\u00f3cios\",\"item\":\"https:\/\/www.suno.com.br\/noticias\/negocios\/\"},{\"@type\":\"ListItem\",\"position\":3,\"name\":\"Exporta\u00e7\u00e3o de caf\u00e9 verde do Brasil em janeiro \u00e9 recorde, diz Cecaf\u00e9\"}]},{\"@type\":\"WebSite\",\"@id\":\"https:\/\/www.suno.com.br\/noticias\/#website\",\"url\":\"https:\/\/www.suno.com.br\/noticias\/\",\"name\":\"Suno Not\u00edcias\",\"description\":\"Seu portal de informa\u00e7\u00e3o sobre o mundo dos investimentos\",\"publisher\":{\"@id\":\"https:\/\/www.suno.com.br\/noticias\/#organization\"},\"potentialAction\":[{\"@type\":\"SearchAction\",\"target\":{\"@type\":\"EntryPoint\",\"urlTemplate\":\"https:\/\/www.suno.com.br\/noticias\/?s={search_term_string}\"},\"query-input\":{\"@type\":\"PropertyValueSpecification\",\"valueRequired\":true,\"valueName\":\"search_term_string\"}}],\"inLanguage\":\"pt-BR\"},{\"@type\":\"Organization\",\"@id\":\"https:\/\/www.suno.com.br\/noticias\/#organization\",\"name\":\"Suno Not\u00edcias\",\"url\":\"https:\/\/www.suno.com.br\/noticias\/\",\"logo\":{\"@type\":\"ImageObject\",\"inLanguage\":\"pt-BR\",\"@id\":\"https:\/\/www.suno.com.br\/noticias\/#\/schema\/logo\/image\/\",\"url\":\"https:\/\/files.sunoresearch.com.br\/n\/uploads\/2021\/09\/suno-logo.png\",\"contentUrl\":\"https:\/\/files.sunoresearch.com.br\/n\/uploads\/2021\/09\/suno-logo.png\",\"width\":180,\"height\":180,\"caption\":\"Suno Not\u00edcias\"},\"image\":{\"@id\":\"https:\/\/www.suno.com.br\/noticias\/#\/schema\/logo\/image\/\"},\"sameAs\":[\"https:\/\/facebook.com\/sunoresearch\",\"https:\/\/x.com\/sunoresearch\",\"https:\/\/www.instagram.com\/suno\",\"https:\/\/www.linkedin.com\/company\/suno-research\/\",\"https:\/\/www.youtube.com\/c\/sunoresearch\"]},{\"@type\":\"Person\",\"@id\":\"https:\/\/www.suno.com.br\/noticias\/#\/schema\/person\/fc144a1c6108bd1dcd43784e88a3c138\",\"name\":\"Renan Bandeira\",\"image\":{\"@type\":\"ImageObject\",\"inLanguage\":\"pt-BR\",\"@id\":\"https:\/\/www.suno.com.br\/noticias\/#\/schema\/person\/image\/\",\"url\":\"https:\/\/secure.gravatar.com\/avatar\/68359cdb608f14f11bbefcb78f3fc747?s=96&r=g\",\"contentUrl\":\"https:\/\/secure.gravatar.com\/avatar\/68359cdb608f14f11bbefcb78f3fc747?s=96&r=g\",\"caption\":\"Renan Bandeira\"},\"description\":\"Renan Bandeira escreve sobre pol\u00edtica e economia para o portal da Suno Research. Antes da Suno, trabalhou em uma rede de televis\u00e3o, onde fazia reportagens sobre os mesmos temas. Estuda na Universidade Metodista de S\u00e3o Paulo.\",\"url\":\"https:\/\/www.suno.com.br\/noticias\/author\/renan-bandeira\/\"}]}<\/script>\n<!-- \/ Yoast SEO plugin. -->","yoast_head_json":{"title":"Exporta\u00e7\u00e3o de caf\u00e9 verde do Brasil em janeiro \u00e9 recorde, diz Cecaf\u00e9","description":"Safra de 2018 de caf\u00e9 verde foi recorde com 31,52 milh\u00f5es de sacas; Soja tem redu\u00e7\u00e3o de 4% na previs\u00e3o de colheita. Clique para saber mais.","robots":{"index":"index","follow":"follow","max-snippet":"max-snippet:-1","max-image-preview":"max-image-preview:large","max-video-preview":"max-video-preview:-1"},"canonical":"https:\/\/www.suno.com.br\/noticias\/exportacao-cafe-recorde-cecafe\/","og_locale":"pt_BR","og_type":"article","og_title":"Exporta\u00e7\u00e3o de caf\u00e9 verde do Brasil em janeiro \u00e9 recorde, diz Cecaf\u00e9","og_description":"Safra de 2018 de caf\u00e9 verde foi recorde com 31,52 milh\u00f5es de sacas; Soja tem redu\u00e7\u00e3o de 4% na previs\u00e3o de colheita. Clique para saber mais.","og_url":"https:\/\/www.suno.com.br\/noticias\/exportacao-cafe-recorde-cecafe\/","og_site_name":"Suno Not\u00edcias","article_publisher":"https:\/\/facebook.com\/sunoresearch","og_image":[{"width":715,"height":475,"url":"https:\/\/files.sunoresearch.com.br\/n\/uploads\/2019\/02\/4d9e8589-caf\u00e9.jpg","type":"image\/jpeg"}],"author":"Renan Bandeira","twitter_card":"summary_large_image","twitter_creator":"@sunoresearch","twitter_site":"@sunoresearch","twitter_misc":{"Escrito por":"Renan Bandeira","Est. tempo de leitura":"2 minutos"},"schema":{"@context":"https:\/\/schema.org","@graph":[{"@type":"NewsArticle","@id":"https:\/\/www.suno.com.br\/noticias\/exportacao-cafe-recorde-cecafe\/#article","isPartOf":{"@id":"https:\/\/www.suno.com.br\/noticias\/exportacao-cafe-recorde-cecafe\/"},"author":{"name":"Renan Bandeira","@id":"https:\/\/www.suno.com.br\/noticias\/#\/schema\/person\/fc144a1c6108bd1dcd43784e88a3c138"},"headline":"Exporta\u00e7\u00e3o de caf\u00e9 verde do Brasil em janeiro \u00e9 recorde, diz Cecaf\u00e9","datePublished":"2019-02-11T20:44:38+00:00","mainEntityOfPage":{"@id":"https:\/\/www.suno.com.br\/noticias\/exportacao-cafe-recorde-cecafe\/"},"wordCount":351,"publisher":{"@id":"https:\/\/www.suno.com.br\/noticias\/#organization"},"image":{"@id":"https:\/\/www.suno.com.br\/noticias\/exportacao-cafe-recorde-cecafe\/#primaryimage"},"thumbnailUrl":"https:\/\/files.sunoresearch.com.br\/n\/uploads\/2019\/02\/4d9e8589-caf\u00e9-jpg.webp","keywords":["exporta\u00e7\u00f5es","importa\u00e7\u00f5es"],"articleSection":["Neg\u00f3cios"],"inLanguage":"pt-BR"},{"@type":"WebPage","@id":"https:\/\/www.suno.com.br\/noticias\/exportacao-cafe-recorde-cecafe\/","url":"https:\/\/www.suno.com.br\/noticias\/exportacao-cafe-recorde-cecafe\/","name":"Exporta\u00e7\u00e3o de caf\u00e9 verde do Brasil em janeiro \u00e9 recorde, diz Cecaf\u00e9","isPartOf":{"@id":"https:\/\/www.suno.com.br\/noticias\/#website"},"primaryImageOfPage":{"@id":"https:\/\/www.suno.com.br\/noticias\/exportacao-cafe-recorde-cecafe\/#primaryimage"},"image":{"@id":"https:\/\/www.suno.com.br\/noticias\/exportacao-cafe-recorde-cecafe\/#primaryimage"},"thumbnailUrl":"https:\/\/files.sunoresearch.com.br\/n\/uploads\/2019\/02\/4d9e8589-caf\u00e9-jpg.webp","datePublished":"2019-02-11T20:44:38+00:00","description":"Safra de 2018 de caf\u00e9 verde foi recorde com 31,52 milh\u00f5es de sacas; Soja tem redu\u00e7\u00e3o de 4% na previs\u00e3o de colheita. Clique para saber mais.","breadcrumb":{"@id":"https:\/\/www.suno.com.br\/noticias\/exportacao-cafe-recorde-cecafe\/#breadcrumb"},"inLanguage":"pt-BR","potentialAction":[{"@type":"ReadAction","target":["https:\/\/www.suno.com.br\/noticias\/exportacao-cafe-recorde-cecafe\/"]}]},{"@type":"ImageObject","inLanguage":"pt-BR","@id":"https:\/\/www.suno.com.br\/noticias\/exportacao-cafe-recorde-cecafe\/#primaryimage","url":"https:\/\/files.sunoresearch.com.br\/n\/uploads\/2019\/02\/4d9e8589-caf\u00e9-jpg.webp","contentUrl":"https:\/\/files.sunoresearch.com.br\/n\/uploads\/2019\/02\/4d9e8589-caf\u00e9-jpg.webp","width":715,"height":475,"caption":"Exporta\u00e7\u00e3o de caf\u00e9 verde do Brasil em janeiro \u00e9 recorde, diz Cecaf\u00e9"},{"@type":"BreadcrumbList","@id":"https:\/\/www.suno.com.br\/noticias\/exportacao-cafe-recorde-cecafe\/#breadcrumb","itemListElement":[{"@type":"ListItem","position":1,"name":"Not\u00edcias","item":"https:\/\/www.suno.com.br\/noticias\/"},{"@type":"ListItem","position":2,"name":"Neg\u00f3cios","item":"https:\/\/www.suno.com.br\/noticias\/negocios\/"},{"@type":"ListItem","position":3,"name":"Exporta\u00e7\u00e3o de caf\u00e9 verde do Brasil em janeiro \u00e9 recorde, diz Cecaf\u00e9"}]},{"@type":"WebSite","@id":"https:\/\/www.suno.com.br\/noticias\/#website","url":"https:\/\/www.suno.com.br\/noticias\/","name":"Suno Not\u00edcias","description":"Seu portal de informa\u00e7\u00e3o sobre o mundo dos investimentos","publisher":{"@id":"https:\/\/www.suno.com.br\/noticias\/#organization"},"potentialAction":[{"@type":"SearchAction","target":{"@type":"EntryPoint","urlTemplate":"https:\/\/www.suno.com.br\/noticias\/?s={search_term_string}"},"query-input":{"@type":"PropertyValueSpecification","valueRequired":true,"valueName":"search_term_string"}}],"inLanguage":"pt-BR"},{"@type":"Organization","@id":"https:\/\/www.suno.com.br\/noticias\/#organization","name":"Suno Not\u00edcias","url":"https:\/\/www.suno.com.br\/noticias\/","logo":{"@type":"ImageObject","inLanguage":"pt-BR","@id":"https:\/\/www.suno.com.br\/noticias\/#\/schema\/logo\/image\/","url":"https:\/\/files.sunoresearch.com.br\/n\/uploads\/2021\/09\/suno-logo.png","contentUrl":"https:\/\/files.sunoresearch.com.br\/n\/uploads\/2021\/09\/suno-logo.png","width":180,"height":180,"caption":"Suno Not\u00edcias"},"image":{"@id":"https:\/\/www.suno.com.br\/noticias\/#\/schema\/logo\/image\/"},"sameAs":["https:\/\/facebook.com\/sunoresearch","https:\/\/x.com\/sunoresearch","https:\/\/www.instagram.com\/suno","https:\/\/www.linkedin.com\/company\/suno-research\/","https:\/\/www.youtube.com\/c\/sunoresearch"]},{"@type":"Person","@id":"https:\/\/www.suno.com.br\/noticias\/#\/schema\/person\/fc144a1c6108bd1dcd43784e88a3c138","name":"Renan Bandeira","image":{"@type":"ImageObject","inLanguage":"pt-BR","@id":"https:\/\/www.suno.com.br\/noticias\/#\/schema\/person\/image\/","url":"https:\/\/secure.gravatar.com\/avatar\/68359cdb608f14f11bbefcb78f3fc747?s=96&r=g","contentUrl":"https:\/\/secure.gravatar.com\/avatar\/68359cdb608f14f11bbefcb78f3fc747?s=96&r=g","caption":"Renan Bandeira"},"description":"Renan Bandeira escreve sobre pol\u00edtica e economia para o portal da Suno Research. Antes da Suno, trabalhou em uma rede de televis\u00e3o, onde fazia reportagens sobre os mesmos temas. Estuda na Universidade Metodista de S\u00e3o Paulo.","url":"https:\/\/www.suno.com.br\/noticias\/author\/renan-bandeira\/"}]}},"default_loop_html":"<div class=\"cardsPage__listCard__boxs\"><div class=\"cardsPage__listCard__boxs__img\"><a href=\"https:\/\/www.suno.com.br\/noticias\/exportacao-cafe-recorde-cecafe\/\"><img class=\"mask\" src=\"https:\/\/www.suno.com.br\/noticias\/wp-content\/themes\/suno\/resources\/images\/spotlight\/spotlight1img\/bg-mask.png\" alt=\"Image Mask\"\/><img src=\"https:\/\/files.sunoresearch.com.br\/n\/uploads\/2019\/02\/4d9e8589-caf\u00e9-400x200.webp\" alt=\"Exporta\u00e7\u00e3o de caf\u00e9 verde do Brasil em janeiro \u00e9 recorde, diz Cecaf\u00e9\"\/><\/a><span class=\"spotlightCategory\"><a href=\"https:\/\/www.suno.com.br\/noticias\/negocios\/\">Neg\u00f3cios<\/a><\/span><\/div><div class=\"cardsPage__listCard__boxs__content\"><a href=\"https:\/\/www.suno.com.br\/noticias\/exportacao-cafe-recorde-cecafe\/\"><h2 class=\"content__title\">Exporta\u00e7\u00e3o de caf\u00e9 verde do Brasil em janeiro \u00e9 recorde, diz Cecaf\u00e9<\/h2><\/a><div class=\"newsContent__article__meta\"><div class=\"newsContent__article__meta__authorBox\"><a href=\"https:\/\/www.suno.com.br\/noticias\/author\/renan-bandeira\/\" class=\"authorBox__avatar noMobi\"><img src=\"https:\/\/secure.gravatar.com\/avatar\/68359cdb608f14f11bbefcb78f3fc747?s=96&#038;r=g\" alt=\"Renan Bandeira\"><\/a><div class=\"authorBox__name\"><span>por\n\t\t\t<a href=\"https:\/\/www.suno.com.br\/noticias\/author\/renan-bandeira\/\"><span itemprop=\"author\">Renan Bandeira<\/span><\/a><\/span><time datetime=\"2019-02-11T18:44:38-02:00\" itemprop=\"datePublished\">11\/02\/2019 18:44<\/time><\/div><\/div><\/div><\/div><\/div>","single_layout":"posts","amp_enabled":true,"_links":{"self":[{"href":"https:\/\/www.suno.com.br\/noticias\/wp-json\/wp\/v2\/posts\/14915"}],"collection":[{"href":"https:\/\/www.suno.com.br\/noticias\/wp-json\/wp\/v2\/posts"}],"about":[{"href":"https:\/\/www.suno.com.br\/noticias\/wp-json\/wp\/v2\/types\/post"}],"author":[{"embeddable":true,"href":"https:\/\/www.suno.com.br\/noticias\/wp-json\/wp\/v2\/users\/11"}],"replies":[{"embeddable":true,"href":"https:\/\/www.suno.com.br\/noticias\/wp-json\/wp\/v2\/comments?post=14915"}],"version-history":[{"count":0,"href":"https:\/\/www.suno.com.br\/noticias\/wp-json\/wp\/v2\/posts\/14915\/revisions"}],"wp:featuredmedia":[{"embeddable":true,"href":"https:\/\/www.suno.com.br\/noticias\/wp-json\/wp\/v2\/media\/14922"}],"wp:attachment":[{"href":"https:\/\/www.suno.com.br\/noticias\/wp-json\/wp\/v2\/media?parent=14915"}],"wp:term":[{"taxonomy":"category","embeddable":true,"href":"https:\/\/www.suno.com.br\/noticias\/wp-json\/wp\/v2\/categories?post=14915"},{"taxonomy":"post_tag","embeddable":true,"href":"https:\/\/www.suno.com.br\/noticias\/wp-json\/wp\/v2\/tags?post=14915"},{"taxonomy":"suno_strategy","embeddable":true,"href":"https:\/\/www.suno.com.br\/noticias\/wp-json\/wp\/v2\/suno_strategy?post=14915"}],"curies":[{"name":"wp","href":"https:\/\/api.w.org\/{rel}","templated":true}]}}