{"id":149035,"date":"2021-05-18T11:08:41","date_gmt":"2021-05-18T14:08:41","guid":{"rendered":"https:\/\/www.suno.com.br\/noticias\/?p=149035"},"modified":"2021-05-29T20:22:10","modified_gmt":"2021-05-29T23:22:10","slug":"ibovespa-queda-015-cpi-expectativa-fomc","status":"publish","type":"post","link":"https:\/\/www.suno.com.br\/noticias\/ibovespa-queda-015-cpi-expectativa-fomc\/","title":{"rendered":"Ibovespa abre em queda de 0,15% em meio a CPI e expectativa pelo Fomc"},"content":{"rendered":"<p>O <strong>Ibovespa<\/strong> abriu<a href=\"https:\/\/www.sunoresearch.com.br\/artigos\/o-que-sao-acoes-ordinarias-preferenciais-e-units\/\"> com recuo de 0,15%<\/a> no preg\u00e3o desta ter\u00e7a-feira (18), ficando em 122.732 pontos em meio aos depoimentos da Comiss\u00e3o Parlamentar de Inqu\u00e9rito (CPI) que devem ocorrer entre hoje e quarta (19), e a ata do <a href=\"https:\/\/www.suno.com.br\/artigos\/fomc\/\">Comit\u00ea Federal de Mercado Aberto (Fomc)<\/a> nos Estados Unidos.<\/p>\t<div class=\"wrapper-featured-image\">\n\t\t<figure class=\"spotlightImg\">\n\n\t\t\t<picture>\n\t\t\t\t<source media=\"(max-width: 768px)\" srcset=\"https:\/\/files.sunoresearch.com.br\/n\/uploads\/2021\/05\/54e57adb-ernesto-abr-400x200.webp\">\n\t\t\t\t<img loading=\"lazy\" decoding=\"async\" class=\"newsContent__article__imgCapa lazyloadDisabled \" src=\"https:\/\/files.sunoresearch.com.br\/n\/uploads\/2021\/05\/54e57adb-ernesto-abr-800x450.webp\" width=\"800\" height=\"450\" alt=\"Ibovespa abre em queda de 0,15% em meio a CPI e expectativa pelo Fomc\" fetchpriority=high \/>\n\t\t\t<\/picture>\n\n\t\t\t<figcaption class=\"wp-caption-text wp-caption-text--show\">O Ex-Ministro das Rela\u00e7\u00f5es Exteriores, Ernesto Ara\u00fajo, fala ao Senado na CPI da Covid \u00e0s 10h15 desta ter\u00e7a (18). Foto: Ag\u00eancia Brasil<\/figcaption>\n\t\t<\/figure>\n\t<\/div>\n\n\n<p><span style=\"font-weight: 400;\">\t<p>\n\t\t<a href=\"https:\/\/lp.suno.com.br\/planilha-controle-gastos\/\" target=\"_blank\" data-element=\"shortcode-suno-banner\" title=\"Banner SUNO, clique e saiba mais\">\n\t\t\t<picture>\n\t\t\t\t<source media=\"(max-width: 500px)\" srcset=\"https:\/\/files.sunoresearch.com.br\/n\/uploads\/2023\/03\/400x300-Planilha-controle-de-gastos.png\">\n\t\t\t\t<img class=\"newsContent__article__imgCapa newsContent__article__imgCapa--banner\"\n\t\t\t\t\tsrc=\"https:\/\/files.sunoresearch.com.br\/n\/uploads\/2023\/03\/1420x240-Planilha-controle-de-gastos.png\"\n\t\t\t\t\tdata-promo-id=\"101751\"\t\t\t\t\t\t\t\t\t\twidth='1420' height='240'\t\t\t\t\talt=\"https:\/\/files.sunoresearch.com.br\/n\/uploads\/2023\/03\/1420x240-Planilha-controle-de-gastos.png\"\n\t\t\t\t>\n\t\t\t<\/picture>\n\t\t<\/a>\n\t<\/p>\n\n <\/span><\/p>\n<p>O Ibovespa trabalha com os <a href=\"https:\/\/www.sunoresearch.com.br\/artigos\/resultado-financeiro\/\">resultados trimestrais<\/a> de todas as companhias, j\u00e1 que a temporada de balan\u00e7os foi encerrada nesta segunda-feira (17), com n\u00fameros da<a href=\"https:\/\/www.suno.com.br\/acoes\/rdor3\/\"> Rede D\u2019Or (RDOR3)<\/a>, <a href=\"https:\/\/www.suno.com.br\/acoes\/gfsa3\/\">Gafisa (GFSA3)<\/a>,<a href=\"https:\/\/www.suno.com.br\/acoes\/linx3\/\"> Linx (LINX3)<\/a> e <a href=\"https:\/\/www.suno.com.br\/acoes\/cash3\/\">M\u00e9liuz<\/a> (CASH3).<\/p>\n<p>O<a href=\"https:\/\/www.suno.com.br\/artigos\/usd\/\"> d\u00f3lar comercial<\/a> tamb\u00e9m apresenta um leve recuo, sendo negociado a R$ 5,258 nesta manh\u00e3.<\/p>\n<p><a href=\"https:\/\/lp.suno.com.br\/suno-one\/?ppp=noticias\/hospital-care-pedido-ipo-cvm\/\"><b>Suno One: acesse gratuitamente eBooks, Minicursos, Artigos e V\u00eddeo Aulas sobre investimentos com um \u00fanico cadastro. Clique para saber mais!<\/b><\/a><\/p>\n<p>\u00c0s 9h30, os <strong>Estados Unidos<\/strong> divulgaram o n\u00famero total de constru\u00e7\u00f5es de novas casas no m\u00eas de abril. O n\u00famero caiu mais do que o esperado. Enquanto a expectativa do mercado era de 1,71 milh\u00e3o, o n\u00famero divulgado pelo Departamento de Com\u00e9rcio foi de 1,569 milh\u00e3o de unidades no m\u00eas passado, queda de 9,5%.<\/p>\n<p>A <a href=\"https:\/\/www.suno.com.br\/artigos\/fomc\/\">ata do <strong>Fomc<\/strong><\/a> acentua a tens\u00e3o sobre a alta da infla\u00e7\u00e3o nos Estados Unidos. O documento deve ser divulgado \u00e0s 15h da pr\u00f3xima quarta-feira (19), com considera\u00e7\u00f5es do Fed acerca da economia e das autoridades monet\u00e1rias diante do cen\u00e1rio atual.<\/p>\n<p>As expectativas s\u00e3o de que o <strong>Fed<\/strong> n\u00e3o sinaliza uma nova alta de juros antes do previsto, j\u00e1 que o discurso do \u00f3rg\u00e3o \u00e9 de que a press\u00e3o inflacion\u00e1ria deve ser passageira.<\/p>\n<p><span style=\"font-weight: 400;\">\t<div data-element=\"shortcode-read-more\" class=\"knowMore\">\n\t\t\t\t<span class=\"knowMore__title\">Saiba mais<\/span>\n\t\t\t\t<a class=\"knowMore__link\" href=\"https:\/\/www.suno.com.br\/noticias\/justica-homologa-plano-recuperacao-judicial-odebrecht\/\">\n\t\t\tOdebrecht: Justi\u00e7a homologa plano de Recupera\u00e7\u00e3o Judicial\t\t<\/a>\n\t<\/div>\n\n<\/span><\/p>\n<p>Aqui no Brasil, <strong>CPI<\/strong> da Covid ouve o Ex-Ministro das Rela\u00e7\u00f5es Exteriores, <strong>Ernesto Ara\u00fajo<\/strong>, \u00e0s 10h15. O Senado deve cobrar Ara\u00fajo por falas e condutas acerca das cr\u00edticas \u00e0 China, a mobiliza\u00e7\u00e3o do Itamaraty para compra de cloroquina e outros medicamentos, e tamb\u00e9m sobre a aquisi\u00e7\u00e3o de vacinas. O Ex-Ministro da Sa\u00fade, Eduardo Pazuello, deve ser ouvido na quarta-feira (18).<\/p>\n<p>O Governo Federal tamb\u00e9m elevou a proje\u00e7\u00e3o do crescimento do <a href=\"https:\/\/www.sunoresearch.com.br\/artigos\/pib-produto-interno-bruto\/\">Produto Interno Bruto (PIB)<\/a> de 3,2% para 3,5% ainda nesta ter\u00e7a (18). A proje\u00e7\u00e3o estava inalterada desde maio do ano passado. O Minist\u00e9rio da Economia ressaltou que o setor de servi\u00e7os apresenta uma recupera\u00e7\u00e3o s\u00f3lida, beirando o n\u00edvel pr\u00e9-pandemia.<\/p>\n<p>Al\u00e9m disso, a pasta cita que o crescimento global tem elevado as proje\u00e7\u00f5es tamb\u00e9m em outras economias com o avan\u00e7o da vacina\u00e7\u00e3o contra a Covid-19.<\/p>\n<p><span style=\"font-weight: 400;\">\t<p>\n\t\t<a href=\"https:\/\/lp.suno.com.br\/planilha-de-controle-de-investimentos\/\" target=\"_blank\" data-element=\"shortcode-suno-banner\" title=\"Banner SUNO, clique e saiba mais\">\n\t\t\t<picture>\n\t\t\t\t<source media=\"(max-width: 500px)\" srcset=\"https:\/\/files.sunoresearch.com.br\/n\/uploads\/2023\/03\/400x300-Controle-de-Investimentos.png\">\n\t\t\t\t<img class=\"newsContent__article__imgCapa newsContent__article__imgCapa--banner\"\n\t\t\t\t\tsrc=\"https:\/\/files.sunoresearch.com.br\/n\/uploads\/2023\/03\/1420x240-Controle-de-Investimentos.png\"\n\t\t\t\t\tdata-promo-id=\"75934\"\t\t\t\t\t\t\t\t\t\twidth='1420' height='240'\t\t\t\t\talt=\"https:\/\/files.sunoresearch.com.br\/n\/uploads\/2023\/03\/1420x240-Controle-de-Investimentos.png\"\n\t\t\t\t>\n\t\t\t<\/picture>\n\t\t<\/a>\n\t<\/p>\n\n\u00a0 <\/span><\/p>\n<h2>Destaques do Ibovespa<\/h2>\n<p>As altas do Ibovespa, por volta das 10h35, eram:<\/p>\n<ul>\n<li><a href=\"https:\/\/www.suno.com.br\/acoes\/bbas3\/\">Banco do Brasil (BBAS3)<\/a>: +1,86%<\/li>\n<li><a href=\"https:\/\/www.suno.com.br\/acoes\/csna3\/\">Companhia Sider\u00fargica Nacional (CSNA3)<\/a>: +1,67%<\/li>\n<li><a href=\"https:\/\/www.suno.com.br\/acoes\/ciel3\/\">Cielo (CIEL3)<\/a>: +0,83%<\/li>\n<li><a href=\"https:\/\/www.suno.com.br\/acoes\/cogn3\/\">Cogna Educa\u00e7\u00e3o (COGN3)<\/a>: +0,50%<\/li>\n<li><a href=\"https:\/\/www.suno.com.br\/acoes\/azul4\/\">Azul (AZUL4)<\/a>: +0,15%<\/li>\n<\/ul>\n<p>Os destaque negativos ficavam por conta das seguintes empresas:<\/p>\n<ul>\n<li><a href=\"https:\/\/www.suno.com.br\/acoes\/eztc3\/\">EzTec (EZTC3)<\/a>: -4,13%<\/li>\n<li><a href=\"https:\/\/www.suno.com.br\/acoes\/beef3\/\">Minerva Foods (BEEF3)<\/a>: -3,56%<\/li>\n<li><a href=\"https:\/\/www.suno.com.br\/acoes\/cyre3\/\">Cyrela Brazil Realty (CYRE3)<\/a>: -2,01%<\/li>\n<li><a href=\"https:\/\/www.suno.com.br\/acoes\/hgtx3\/\">Cia Hering (HGTX3)<\/a>: -1,91%<\/li>\n<li><a href=\"https:\/\/www.suno.com.br\/acoes\/engi11\/\">Energisa (ENGI11)<\/a>: -1,76%<\/li>\n<\/ul>\n<h2>Bolsas mundiais<\/h2>\n<p>Veja o desempenho dos principais \u00edndices acion\u00e1rios no exterior, al\u00e9m do <strong>Ibovespa agora:<\/strong><\/p>\n<ul>\n<li>Nova York (S&amp;P 500) futuro: +0,07%<\/li>\n<li>Londres (FTSE 100): +0,23%<\/li>\n<li>Frankfurt (DAX 30): -0,14%<\/li>\n<li>Paris (CAC 40): -0,17%<\/li>\n<li>Mil\u00e3o (FTSE\/MIB): +0,04%<\/li>\n<li>Hong Kong (Hang Seng): +1,11% (fechada)<\/li>\n<li>Xangai (SSE Composite): +0,32% (fechada)<\/li>\n<li>T\u00f3quio (Nikkei 225): +1,80% (fechada)<\/li>\n<\/ul>\n<h2>\u00daltima cota\u00e7\u00e3o do Ibovespa<\/h2>\n<p>No \u00faltimo preg\u00e3o, o <strong>Ibovespa<\/strong> encerrou em 122.980 pontos, ap\u00f3s uma alta de 0,87%.<\/p>\n<p><span style=\"font-weight: 400;\">\t<p>\n\t\t<a href=\"https:\/\/lp.suno.com.br\/planilha-da-vida-financeira\/\" target=\"_blank\" data-element=\"shortcode-suno-banner\" title=\"Banner SUNO, clique e saiba mais\">\n\t\t\t<picture>\n\t\t\t\t<source media=\"(max-width: 500px)\" srcset=\"https:\/\/files.sunoresearch.com.br\/n\/uploads\/2023\/04\/400x300-Planilha-vida-financeira-true.png\">\n\t\t\t\t<img class=\"newsContent__article__imgCapa newsContent__article__imgCapa--banner\"\n\t\t\t\t\tsrc=\"https:\/\/files.sunoresearch.com.br\/n\/uploads\/2023\/04\/1420x240-Planilha-vida-financeira-true.png\"\n\t\t\t\t\tdata-promo-id=\"106682\"\t\t\t\t\t\t\t\t\t\twidth='1420' height='240'\t\t\t\t\talt=\"https:\/\/files.sunoresearch.com.br\/n\/uploads\/2023\/04\/1420x240-Planilha-vida-financeira-true.png\"\n\t\t\t\t>\n\t\t\t<\/picture>\n\t\t<\/a>\n\t<\/p>\n\n<\/span><\/p>\n","protected":false},"excerpt":{"rendered":"<p>O Ibovespa abriu com recuo de 0,15% no preg\u00e3o desta ter\u00e7a-feira (18), ficando em 122.732 pontos em meio aos depoimentos da Comiss\u00e3o Parlamentar de Inqu\u00e9rito (CPI) que devem ocorrer entre hoje e quarta (19), e a ata do Comit\u00ea Federal de Mercado Aberto (Fomc) nos Estados Unidos. O Ex-Ministro das Rela\u00e7\u00f5es Exteriores, Ernesto Ara\u00fajo, fala [&hellip;]<\/p>\n","protected":false},"author":73,"featured_media":149054,"comment_status":"closed","ping_status":"closed","sticky":false,"template":"","format":"standard","meta":[],"categories":[60],"tags":[309,1937,1455,1275,721],"suno_strategy":[],"class_list":["post-149035","post","type-post","status-publish","format-standard","has-post-thumbnail","hentry","category-mercado","tag-bolsa-de-valores","tag-bolsa-de-valores-de-sao-paulo-b3","tag-comissao-parlamentar-inquerito-cpi","tag-ernesto-araujo","tag-ibovespa"],"yoast_head":"<!-- This site is optimized with the Yoast SEO plugin v24.4 - https:\/\/yoast.com\/wordpress\/plugins\/seo\/ -->\n<title>Ibovespa abre em queda em meio a CPI e expectativa pelo Fomc<\/title>\n<meta name=\"description\" content=\"O \u00edndice Ibovespa apresentou um leve recuo nesta ter\u00e7a (18), em meio aos depoimentos da CPI e expectatva com ata do Fomc; leia mais\" \/>\n<meta name=\"robots\" content=\"index, follow, max-snippet:-1, max-image-preview:large, max-video-preview:-1\" \/>\n<link rel=\"canonical\" href=\"https:\/\/www.suno.com.br\/noticias\/ibovespa-queda-015-cpi-expectativa-fomc\/\" \/>\n<meta property=\"og:locale\" content=\"pt_BR\" \/>\n<meta property=\"og:type\" content=\"article\" \/>\n<meta property=\"og:title\" content=\"Ibovespa abre em queda em meio a CPI e expectativa pelo Fomc\" \/>\n<meta property=\"og:description\" content=\"O \u00edndice Ibovespa apresentou um leve recuo nesta ter\u00e7a (18), em meio aos depoimentos da CPI e expectatva com ata do Fomc; leia mais\" \/>\n<meta property=\"og:url\" content=\"https:\/\/www.suno.com.br\/noticias\/ibovespa-queda-015-cpi-expectativa-fomc\/\" \/>\n<meta property=\"og:site_name\" content=\"Suno Not\u00edcias\" \/>\n<meta property=\"article:publisher\" content=\"https:\/\/facebook.com\/sunoresearch\" \/>\n<meta property=\"og:image\" content=\"https:\/\/files.sunoresearch.com.br\/n\/uploads\/2021\/05\/54e57adb-ernesto-abr.jpg\" \/>\n\t<meta property=\"og:image:width\" content=\"1170\" \/>\n\t<meta property=\"og:image:height\" content=\"700\" \/>\n\t<meta property=\"og:image:type\" content=\"image\/jpeg\" \/>\n<meta name=\"author\" content=\"Eduardo Vargas\" \/>\n<meta name=\"twitter:card\" content=\"summary_large_image\" \/>\n<meta name=\"twitter:creator\" content=\"@sunoresearch\" \/>\n<meta name=\"twitter:site\" content=\"@sunoresearch\" \/>\n<meta name=\"twitter:label1\" content=\"Escrito por\" \/>\n\t<meta name=\"twitter:data1\" content=\"Eduardo Vargas\" \/>\n\t<meta name=\"twitter:label2\" content=\"Est. tempo de leitura\" \/>\n\t<meta name=\"twitter:data2\" content=\"3 minutos\" \/>\n<script type=\"application\/ld+json\" class=\"yoast-schema-graph\">{\"@context\":\"https:\/\/schema.org\",\"@graph\":[{\"@type\":\"NewsArticle\",\"@id\":\"https:\/\/www.suno.com.br\/noticias\/ibovespa-queda-015-cpi-expectativa-fomc\/#article\",\"isPartOf\":{\"@id\":\"https:\/\/www.suno.com.br\/noticias\/ibovespa-queda-015-cpi-expectativa-fomc\/\"},\"author\":{\"name\":\"Eduardo Vargas\",\"@id\":\"https:\/\/www.suno.com.br\/noticias\/#\/schema\/person\/7f4d362bf3518e76090143ae77bb49a5\"},\"headline\":\"Ibovespa abre em queda de 0,15% em meio a CPI e expectativa pelo Fomc\",\"datePublished\":\"2021-05-18T14:08:41+00:00\",\"dateModified\":\"2021-05-29T23:22:10+00:00\",\"mainEntityOfPage\":{\"@id\":\"https:\/\/www.suno.com.br\/noticias\/ibovespa-queda-015-cpi-expectativa-fomc\/\"},\"wordCount\":569,\"publisher\":{\"@id\":\"https:\/\/www.suno.com.br\/noticias\/#organization\"},\"image\":{\"@id\":\"https:\/\/www.suno.com.br\/noticias\/ibovespa-queda-015-cpi-expectativa-fomc\/#primaryimage\"},\"thumbnailUrl\":\"https:\/\/files.sunoresearch.com.br\/n\/uploads\/2021\/05\/54e57adb-ernesto-abr-jpg.webp\",\"keywords\":[\"Bolsa de Valores\",\"Bolsa de Valores de S\u00e3o Paulo (B3)\",\"Comiss\u00e3o Parlamentar de Inqu\u00e9rito (CPI)\",\"Ernesto Ara\u00fajo\",\"Ibovespa\"],\"articleSection\":[\"Mercado\"],\"inLanguage\":\"pt-BR\"},{\"@type\":\"WebPage\",\"@id\":\"https:\/\/www.suno.com.br\/noticias\/ibovespa-queda-015-cpi-expectativa-fomc\/\",\"url\":\"https:\/\/www.suno.com.br\/noticias\/ibovespa-queda-015-cpi-expectativa-fomc\/\",\"name\":\"Ibovespa abre em queda em meio a CPI e expectativa pelo Fomc\",\"isPartOf\":{\"@id\":\"https:\/\/www.suno.com.br\/noticias\/#website\"},\"primaryImageOfPage\":{\"@id\":\"https:\/\/www.suno.com.br\/noticias\/ibovespa-queda-015-cpi-expectativa-fomc\/#primaryimage\"},\"image\":{\"@id\":\"https:\/\/www.suno.com.br\/noticias\/ibovespa-queda-015-cpi-expectativa-fomc\/#primaryimage\"},\"thumbnailUrl\":\"https:\/\/files.sunoresearch.com.br\/n\/uploads\/2021\/05\/54e57adb-ernesto-abr-jpg.webp\",\"datePublished\":\"2021-05-18T14:08:41+00:00\",\"dateModified\":\"2021-05-29T23:22:10+00:00\",\"description\":\"O \u00edndice Ibovespa apresentou um leve recuo nesta ter\u00e7a (18), em meio aos depoimentos da CPI e expectatva com ata do Fomc; leia mais\",\"breadcrumb\":{\"@id\":\"https:\/\/www.suno.com.br\/noticias\/ibovespa-queda-015-cpi-expectativa-fomc\/#breadcrumb\"},\"inLanguage\":\"pt-BR\",\"potentialAction\":[{\"@type\":\"ReadAction\",\"target\":[\"https:\/\/www.suno.com.br\/noticias\/ibovespa-queda-015-cpi-expectativa-fomc\/\"]}]},{\"@type\":\"ImageObject\",\"inLanguage\":\"pt-BR\",\"@id\":\"https:\/\/www.suno.com.br\/noticias\/ibovespa-queda-015-cpi-expectativa-fomc\/#primaryimage\",\"url\":\"https:\/\/files.sunoresearch.com.br\/n\/uploads\/2021\/05\/54e57adb-ernesto-abr-jpg.webp\",\"contentUrl\":\"https:\/\/files.sunoresearch.com.br\/n\/uploads\/2021\/05\/54e57adb-ernesto-abr-jpg.webp\",\"width\":1170,\"height\":700,\"caption\":\"O Ex-Ministro das Rela\u00e7\u00f5es Exteriores, Ernesto Ara\u00fajo, fala ao Senado na CPI da Covid \u00e0s 10h15 desta ter\u00e7a (18). Foto: Ag\u00eancia Brasil\"},{\"@type\":\"BreadcrumbList\",\"@id\":\"https:\/\/www.suno.com.br\/noticias\/ibovespa-queda-015-cpi-expectativa-fomc\/#breadcrumb\",\"itemListElement\":[{\"@type\":\"ListItem\",\"position\":1,\"name\":\"Not\u00edcias\",\"item\":\"https:\/\/www.suno.com.br\/noticias\/\"},{\"@type\":\"ListItem\",\"position\":2,\"name\":\"Mercado\",\"item\":\"https:\/\/www.suno.com.br\/noticias\/mercado\/\"},{\"@type\":\"ListItem\",\"position\":3,\"name\":\"Ibovespa abre em queda de 0,15% em meio a CPI e expectativa pelo Fomc\"}]},{\"@type\":\"WebSite\",\"@id\":\"https:\/\/www.suno.com.br\/noticias\/#website\",\"url\":\"https:\/\/www.suno.com.br\/noticias\/\",\"name\":\"Suno Not\u00edcias\",\"description\":\"Seu portal de informa\u00e7\u00e3o sobre o mundo dos investimentos\",\"publisher\":{\"@id\":\"https:\/\/www.suno.com.br\/noticias\/#organization\"},\"potentialAction\":[{\"@type\":\"SearchAction\",\"target\":{\"@type\":\"EntryPoint\",\"urlTemplate\":\"https:\/\/www.suno.com.br\/noticias\/?s={search_term_string}\"},\"query-input\":{\"@type\":\"PropertyValueSpecification\",\"valueRequired\":true,\"valueName\":\"search_term_string\"}}],\"inLanguage\":\"pt-BR\"},{\"@type\":\"Organization\",\"@id\":\"https:\/\/www.suno.com.br\/noticias\/#organization\",\"name\":\"Suno Not\u00edcias\",\"url\":\"https:\/\/www.suno.com.br\/noticias\/\",\"logo\":{\"@type\":\"ImageObject\",\"inLanguage\":\"pt-BR\",\"@id\":\"https:\/\/www.suno.com.br\/noticias\/#\/schema\/logo\/image\/\",\"url\":\"https:\/\/files.sunoresearch.com.br\/n\/uploads\/2021\/09\/suno-logo.png\",\"contentUrl\":\"https:\/\/files.sunoresearch.com.br\/n\/uploads\/2021\/09\/suno-logo.png\",\"width\":180,\"height\":180,\"caption\":\"Suno Not\u00edcias\"},\"image\":{\"@id\":\"https:\/\/www.suno.com.br\/noticias\/#\/schema\/logo\/image\/\"},\"sameAs\":[\"https:\/\/facebook.com\/sunoresearch\",\"https:\/\/x.com\/sunoresearch\",\"https:\/\/www.instagram.com\/suno\",\"https:\/\/www.linkedin.com\/company\/suno-research\/\",\"https:\/\/www.youtube.com\/c\/sunoresearch\"]},{\"@type\":\"Person\",\"@id\":\"https:\/\/www.suno.com.br\/noticias\/#\/schema\/person\/7f4d362bf3518e76090143ae77bb49a5\",\"name\":\"Eduardo Vargas\",\"image\":{\"@type\":\"ImageObject\",\"inLanguage\":\"pt-BR\",\"@id\":\"https:\/\/www.suno.com.br\/noticias\/#\/schema\/person\/image\/\",\"url\":\"https:\/\/secure.gravatar.com\/avatar\/dac340933427a22924c9f99d1eb2e3f2?s=96&r=g\",\"contentUrl\":\"https:\/\/secure.gravatar.com\/avatar\/dac340933427a22924c9f99d1eb2e3f2?s=96&r=g\",\"caption\":\"Eduardo Vargas\"},\"description\":\"Jornalista formado pela UFSC, cobre macroeconomia, neg\u00f3cios e startups para o Suno Not\u00edcias, escrevendo principalmente not\u00edcias sobre o mercado financeiro e a bolsa de valores. No YouTube e no Instagram, \u00e9 respons\u00e1vel pela produ\u00e7\u00e3o de Reels e Shorts do Suno Not\u00edcias. Anteriormente, trabalhou cobrindo economia e cotidiano no ND+ e para o ND, maior jornal impresso de Santa Catarina. Cursou um semestre letivo de Estudos de M\u00eddia na Universidad de Buenos Aires.\",\"url\":\"https:\/\/www.suno.com.br\/noticias\/author\/eduardo-vargas\/\"}]}<\/script>\n<!-- \/ Yoast SEO plugin. -->","yoast_head_json":{"title":"Ibovespa abre em queda em meio a CPI e expectativa pelo Fomc","description":"O \u00edndice Ibovespa apresentou um leve recuo nesta ter\u00e7a (18), em meio aos depoimentos da CPI e expectatva com ata do Fomc; leia mais","robots":{"index":"index","follow":"follow","max-snippet":"max-snippet:-1","max-image-preview":"max-image-preview:large","max-video-preview":"max-video-preview:-1"},"canonical":"https:\/\/www.suno.com.br\/noticias\/ibovespa-queda-015-cpi-expectativa-fomc\/","og_locale":"pt_BR","og_type":"article","og_title":"Ibovespa abre em queda em meio a CPI e expectativa pelo Fomc","og_description":"O \u00edndice Ibovespa apresentou um leve recuo nesta ter\u00e7a (18), em meio aos depoimentos da CPI e expectatva com ata do Fomc; leia mais","og_url":"https:\/\/www.suno.com.br\/noticias\/ibovespa-queda-015-cpi-expectativa-fomc\/","og_site_name":"Suno Not\u00edcias","article_publisher":"https:\/\/facebook.com\/sunoresearch","og_image":[{"width":1170,"height":700,"url":"https:\/\/files.sunoresearch.com.br\/n\/uploads\/2021\/05\/54e57adb-ernesto-abr.jpg","type":"image\/jpeg"}],"author":"Eduardo Vargas","twitter_card":"summary_large_image","twitter_creator":"@sunoresearch","twitter_site":"@sunoresearch","twitter_misc":{"Escrito por":"Eduardo Vargas","Est. tempo de leitura":"3 minutos"},"schema":{"@context":"https:\/\/schema.org","@graph":[{"@type":"NewsArticle","@id":"https:\/\/www.suno.com.br\/noticias\/ibovespa-queda-015-cpi-expectativa-fomc\/#article","isPartOf":{"@id":"https:\/\/www.suno.com.br\/noticias\/ibovespa-queda-015-cpi-expectativa-fomc\/"},"author":{"name":"Eduardo Vargas","@id":"https:\/\/www.suno.com.br\/noticias\/#\/schema\/person\/7f4d362bf3518e76090143ae77bb49a5"},"headline":"Ibovespa abre em queda de 0,15% em meio a CPI e expectativa pelo Fomc","datePublished":"2021-05-18T14:08:41+00:00","dateModified":"2021-05-29T23:22:10+00:00","mainEntityOfPage":{"@id":"https:\/\/www.suno.com.br\/noticias\/ibovespa-queda-015-cpi-expectativa-fomc\/"},"wordCount":569,"publisher":{"@id":"https:\/\/www.suno.com.br\/noticias\/#organization"},"image":{"@id":"https:\/\/www.suno.com.br\/noticias\/ibovespa-queda-015-cpi-expectativa-fomc\/#primaryimage"},"thumbnailUrl":"https:\/\/files.sunoresearch.com.br\/n\/uploads\/2021\/05\/54e57adb-ernesto-abr-jpg.webp","keywords":["Bolsa de Valores","Bolsa de Valores de S\u00e3o Paulo (B3)","Comiss\u00e3o Parlamentar de Inqu\u00e9rito (CPI)","Ernesto Ara\u00fajo","Ibovespa"],"articleSection":["Mercado"],"inLanguage":"pt-BR"},{"@type":"WebPage","@id":"https:\/\/www.suno.com.br\/noticias\/ibovespa-queda-015-cpi-expectativa-fomc\/","url":"https:\/\/www.suno.com.br\/noticias\/ibovespa-queda-015-cpi-expectativa-fomc\/","name":"Ibovespa abre em queda em meio a CPI e expectativa pelo Fomc","isPartOf":{"@id":"https:\/\/www.suno.com.br\/noticias\/#website"},"primaryImageOfPage":{"@id":"https:\/\/www.suno.com.br\/noticias\/ibovespa-queda-015-cpi-expectativa-fomc\/#primaryimage"},"image":{"@id":"https:\/\/www.suno.com.br\/noticias\/ibovespa-queda-015-cpi-expectativa-fomc\/#primaryimage"},"thumbnailUrl":"https:\/\/files.sunoresearch.com.br\/n\/uploads\/2021\/05\/54e57adb-ernesto-abr-jpg.webp","datePublished":"2021-05-18T14:08:41+00:00","dateModified":"2021-05-29T23:22:10+00:00","description":"O \u00edndice Ibovespa apresentou um leve recuo nesta ter\u00e7a (18), em meio aos depoimentos da CPI e expectatva com ata do Fomc; leia mais","breadcrumb":{"@id":"https:\/\/www.suno.com.br\/noticias\/ibovespa-queda-015-cpi-expectativa-fomc\/#breadcrumb"},"inLanguage":"pt-BR","potentialAction":[{"@type":"ReadAction","target":["https:\/\/www.suno.com.br\/noticias\/ibovespa-queda-015-cpi-expectativa-fomc\/"]}]},{"@type":"ImageObject","inLanguage":"pt-BR","@id":"https:\/\/www.suno.com.br\/noticias\/ibovespa-queda-015-cpi-expectativa-fomc\/#primaryimage","url":"https:\/\/files.sunoresearch.com.br\/n\/uploads\/2021\/05\/54e57adb-ernesto-abr-jpg.webp","contentUrl":"https:\/\/files.sunoresearch.com.br\/n\/uploads\/2021\/05\/54e57adb-ernesto-abr-jpg.webp","width":1170,"height":700,"caption":"O Ex-Ministro das Rela\u00e7\u00f5es Exteriores, Ernesto Ara\u00fajo, fala ao Senado na CPI da Covid \u00e0s 10h15 desta ter\u00e7a (18). Foto: Ag\u00eancia Brasil"},{"@type":"BreadcrumbList","@id":"https:\/\/www.suno.com.br\/noticias\/ibovespa-queda-015-cpi-expectativa-fomc\/#breadcrumb","itemListElement":[{"@type":"ListItem","position":1,"name":"Not\u00edcias","item":"https:\/\/www.suno.com.br\/noticias\/"},{"@type":"ListItem","position":2,"name":"Mercado","item":"https:\/\/www.suno.com.br\/noticias\/mercado\/"},{"@type":"ListItem","position":3,"name":"Ibovespa abre em queda de 0,15% em meio a CPI e expectativa pelo Fomc"}]},{"@type":"WebSite","@id":"https:\/\/www.suno.com.br\/noticias\/#website","url":"https:\/\/www.suno.com.br\/noticias\/","name":"Suno Not\u00edcias","description":"Seu portal de informa\u00e7\u00e3o sobre o mundo dos investimentos","publisher":{"@id":"https:\/\/www.suno.com.br\/noticias\/#organization"},"potentialAction":[{"@type":"SearchAction","target":{"@type":"EntryPoint","urlTemplate":"https:\/\/www.suno.com.br\/noticias\/?s={search_term_string}"},"query-input":{"@type":"PropertyValueSpecification","valueRequired":true,"valueName":"search_term_string"}}],"inLanguage":"pt-BR"},{"@type":"Organization","@id":"https:\/\/www.suno.com.br\/noticias\/#organization","name":"Suno Not\u00edcias","url":"https:\/\/www.suno.com.br\/noticias\/","logo":{"@type":"ImageObject","inLanguage":"pt-BR","@id":"https:\/\/www.suno.com.br\/noticias\/#\/schema\/logo\/image\/","url":"https:\/\/files.sunoresearch.com.br\/n\/uploads\/2021\/09\/suno-logo.png","contentUrl":"https:\/\/files.sunoresearch.com.br\/n\/uploads\/2021\/09\/suno-logo.png","width":180,"height":180,"caption":"Suno Not\u00edcias"},"image":{"@id":"https:\/\/www.suno.com.br\/noticias\/#\/schema\/logo\/image\/"},"sameAs":["https:\/\/facebook.com\/sunoresearch","https:\/\/x.com\/sunoresearch","https:\/\/www.instagram.com\/suno","https:\/\/www.linkedin.com\/company\/suno-research\/","https:\/\/www.youtube.com\/c\/sunoresearch"]},{"@type":"Person","@id":"https:\/\/www.suno.com.br\/noticias\/#\/schema\/person\/7f4d362bf3518e76090143ae77bb49a5","name":"Eduardo Vargas","image":{"@type":"ImageObject","inLanguage":"pt-BR","@id":"https:\/\/www.suno.com.br\/noticias\/#\/schema\/person\/image\/","url":"https:\/\/secure.gravatar.com\/avatar\/dac340933427a22924c9f99d1eb2e3f2?s=96&r=g","contentUrl":"https:\/\/secure.gravatar.com\/avatar\/dac340933427a22924c9f99d1eb2e3f2?s=96&r=g","caption":"Eduardo Vargas"},"description":"Jornalista formado pela UFSC, cobre macroeconomia, neg\u00f3cios e startups para o Suno Not\u00edcias, escrevendo principalmente not\u00edcias sobre o mercado financeiro e a bolsa de valores. No YouTube e no Instagram, \u00e9 respons\u00e1vel pela produ\u00e7\u00e3o de Reels e Shorts do Suno Not\u00edcias. Anteriormente, trabalhou cobrindo economia e cotidiano no ND+ e para o ND, maior jornal impresso de Santa Catarina. Cursou um semestre letivo de Estudos de M\u00eddia na Universidad de Buenos Aires.","url":"https:\/\/www.suno.com.br\/noticias\/author\/eduardo-vargas\/"}]}},"default_loop_html":"<div class=\"cardsPage__listCard__boxs\"><div class=\"cardsPage__listCard__boxs__img\"><a href=\"https:\/\/www.suno.com.br\/noticias\/ibovespa-queda-015-cpi-expectativa-fomc\/\"><img class=\"mask\" src=\"https:\/\/www.suno.com.br\/noticias\/wp-content\/themes\/suno\/resources\/images\/spotlight\/spotlight1img\/bg-mask.png\" alt=\"Image Mask\"\/><img src=\"https:\/\/files.sunoresearch.com.br\/n\/uploads\/2021\/05\/54e57adb-ernesto-abr-400x200.webp\" alt=\"Ibovespa abre em queda de 0,15% em meio a CPI e expectativa pelo Fomc\"\/><\/a><span class=\"spotlightCategory\"><a href=\"https:\/\/www.suno.com.br\/noticias\/mercado\/\">Mercado<\/a><\/span><\/div><div class=\"cardsPage__listCard__boxs__content\"><a href=\"https:\/\/www.suno.com.br\/noticias\/ibovespa-queda-015-cpi-expectativa-fomc\/\"><h2 class=\"content__title\">Ibovespa abre em queda de 0,15% em meio a CPI e expectativa pelo Fomc<\/h2><\/a><div class=\"newsContent__article__meta\"><div class=\"newsContent__article__meta__authorBox\"><a href=\"https:\/\/www.suno.com.br\/noticias\/author\/eduardo-vargas\/\" class=\"authorBox__avatar noMobi\"><img src=\"https:\/\/secure.gravatar.com\/avatar\/dac340933427a22924c9f99d1eb2e3f2?s=96&#038;r=g\" alt=\"Eduardo Vargas\"><\/a><div class=\"authorBox__name\"><span>por\n\t\t\t<a href=\"https:\/\/www.suno.com.br\/noticias\/author\/eduardo-vargas\/\"><span itemprop=\"author\">Eduardo Vargas<\/span><\/a><\/span><time datetime=\"2021-05-18T11:08:41-03:00\" itemprop=\"datePublished\">18\/05\/2021 11:08<\/time><\/div><\/div><\/div><\/div><\/div>","single_layout":"posts","amp_enabled":true,"_links":{"self":[{"href":"https:\/\/www.suno.com.br\/noticias\/wp-json\/wp\/v2\/posts\/149035"}],"collection":[{"href":"https:\/\/www.suno.com.br\/noticias\/wp-json\/wp\/v2\/posts"}],"about":[{"href":"https:\/\/www.suno.com.br\/noticias\/wp-json\/wp\/v2\/types\/post"}],"author":[{"embeddable":true,"href":"https:\/\/www.suno.com.br\/noticias\/wp-json\/wp\/v2\/users\/73"}],"replies":[{"embeddable":true,"href":"https:\/\/www.suno.com.br\/noticias\/wp-json\/wp\/v2\/comments?post=149035"}],"version-history":[{"count":3,"href":"https:\/\/www.suno.com.br\/noticias\/wp-json\/wp\/v2\/posts\/149035\/revisions"}],"predecessor-version":[{"id":149065,"href":"https:\/\/www.suno.com.br\/noticias\/wp-json\/wp\/v2\/posts\/149035\/revisions\/149065"}],"wp:featuredmedia":[{"embeddable":true,"href":"https:\/\/www.suno.com.br\/noticias\/wp-json\/wp\/v2\/media\/149054"}],"wp:attachment":[{"href":"https:\/\/www.suno.com.br\/noticias\/wp-json\/wp\/v2\/media?parent=149035"}],"wp:term":[{"taxonomy":"category","embeddable":true,"href":"https:\/\/www.suno.com.br\/noticias\/wp-json\/wp\/v2\/categories?post=149035"},{"taxonomy":"post_tag","embeddable":true,"href":"https:\/\/www.suno.com.br\/noticias\/wp-json\/wp\/v2\/tags?post=149035"},{"taxonomy":"suno_strategy","embeddable":true,"href":"https:\/\/www.suno.com.br\/noticias\/wp-json\/wp\/v2\/suno_strategy?post=149035"}],"curies":[{"name":"wp","href":"https:\/\/api.w.org\/{rel}","templated":true}]}}