{"id":148971,"date":"2021-05-17T21:05:23","date_gmt":"2021-05-18T00:05:23","guid":{"rendered":"https:\/\/www.suno.com.br\/noticias\/?p=148971"},"modified":"2021-05-17T21:05:23","modified_gmt":"2021-05-18T00:05:23","slug":"rumo-rail3-vice-presidente-custos-renuncia","status":"publish","type":"post","link":"https:\/\/www.suno.com.br\/noticias\/rumo-rail3-vice-presidente-custos-renuncia\/","title":{"rendered":"Rumo (RAIL3): Vice-presidente de custos renuncia ao cargo"},"content":{"rendered":"<p>A <a href=\"https:\/\/www.suno.com.br\/acoes\/rail3\/\"><strong>Rumo<\/strong> (RAIL3)<\/a> informou nesta segunda-feira (17) que recebeu\u00a0 a ren\u00fancia do Vice-Presidente de Custos da Companhia, Eduardo Pellegrina Filho.<\/p>\t<div class=\"wrapper-featured-image\">\n\t\t<figure class=\"spotlightImg\">\n\n\t\t\t<picture>\n\t\t\t\t<source media=\"(max-width: 768px)\" srcset=\"https:\/\/files.sunoresearch.com.br\/n\/uploads\/2021\/02\/44630b86-rumo-all_easy-resize.com_-400x200.webp\">\n\t\t\t\t<img loading=\"lazy\" decoding=\"async\" class=\"newsContent__article__imgCapa lazyloadDisabled \" src=\"https:\/\/files.sunoresearch.com.br\/n\/uploads\/2021\/02\/44630b86-rumo-all_easy-resize.com_-800x450.webp\" width=\"800\" height=\"450\" alt=\"Rumo (RAIL3): Vice-presidente de custos renuncia ao cargo\" fetchpriority=high \/>\n\t\t\t<\/picture>\n\n\t\t\t<figcaption class=\"wp-caption-text wp-caption-text--show\">Rumo (RAIL3). Foto: Reprodu\u00e7\u00e3o Facebook<\/figcaption>\n\t\t<\/figure>\n\t<\/div>\n\n\n\t<p>\n\t\t<a href=\"https:\/\/lp.suno.com.br\/planilha-controle-gastos\/\" target=\"_blank\" data-element=\"shortcode-suno-banner\" title=\"Banner SUNO, clique e saiba mais\">\n\t\t\t<picture>\n\t\t\t\t<source media=\"(max-width: 500px)\" srcset=\"https:\/\/files.sunoresearch.com.br\/n\/uploads\/2023\/03\/400x300-Planilha-controle-de-gastos.png\">\n\t\t\t\t<img class=\"newsContent__article__imgCapa newsContent__article__imgCapa--banner\"\n\t\t\t\t\tsrc=\"https:\/\/files.sunoresearch.com.br\/n\/uploads\/2023\/03\/1420x240-Planilha-controle-de-gastos.png\"\n\t\t\t\t\tdata-promo-id=\"101751\"\t\t\t\t\t\t\t\t\t\twidth='1420' height='240'\t\t\t\t\talt=\"https:\/\/files.sunoresearch.com.br\/n\/uploads\/2023\/03\/1420x240-Planilha-controle-de-gastos.png\"\n\t\t\t\t>\n\t\t\t<\/picture>\n\t\t<\/a>\n\t<\/p>\n\n\n<p>Apesar de ter anunciado a ren\u00fancia hoje, <strong>Eduardo Filho<\/strong> permanecer\u00e1 ocupando o cargo de <strong>Vice-Presidente de Custos <\/strong>da Rumo at\u00e9 o dia 31 desse m\u00eas.<\/p>\n<p>Em comunicado arquivado na Comiss\u00e3o de Valores Mobili\u00e1rios (<strong>CVM<\/strong>), a empresa agradece o executivo pelo profissionalismo, &#8220;pelos valiosos servi\u00e7os prestados e pelas inestim\u00e1veis contribui\u00e7\u00f5es apresentadas ao longo de seus mandatos&#8221;.<\/p>\n<p><a href=\"https:\/\/lp.suno.com.br\/suno-one\/\">Suno One: acesse gratuitamente eBooks, Minicursos, Artigos e V\u00eddeo Aulas sobre investimentos com um \u00fanico cadastro. Clique para saber mais!<\/a><\/p>\n<p>Al\u00e9m disso, vale lembrar que a recentemente a companhia informou que registrou um lucro l\u00edquido de R$ 3 milh\u00f5es no quarto trimestre de 2020. Esse valor \u00e9 equivalente a queda de 98,5%, em rela\u00e7\u00e3o ao mesmo per\u00edodo em 2019, quando havia registrado lucro de R$ 202 milh\u00f5es. J\u00e1 no ano de 2020, o resultado foi de R$ 305 milh\u00f5es, ante o lucro de R$ 708 milh\u00f5es no ano anterior, recuo de 61,2%.<\/p>\n<p>Segundo o release da Rumo, o lucro em 2020 foi influenciado pelo menor <a href=\"https:\/\/www.suno.com.br\/artigos\/ebitda\/\">Ebitda (lucro antes de juros, impostos, deprecia\u00e7\u00e3o e amortiza\u00e7\u00e3o)<\/a> e pelo aumento das <strong>despesas financeiras<\/strong> decorrentes do impacto n\u00e3o caixa de marca\u00e7\u00e3o e mercado (MTM) e das outorgas das Malhas Central e Paulista, que incorreram em mais meses em 2020 do que em 2019.<\/p>\n\t<div data-element=\"shortcode-read-more\" class=\"knowMore\">\n\t\t\t\t<span class=\"knowMore__title\">Saiba mais!<\/span>\n\t\t\t\t<a class=\"knowMore__link\" href=\"https:\/\/www.suno.com.br\/noticias\/rumo-rail3-lucro-4t20-e-2020\/\">\n\t\t\tRumo (RAIL3) tem queda de 98,5% no lucro e atinge R$ 3 milh\u00f5es no 4T20\t\t<\/a>\n\t<\/div>\n\n\n<p>A <a href=\"https:\/\/www.suno.com.br\/artigos\/receita-liquida-operacional\/#:~:text=A%20Receita%20Operacional%20L%C3%ADquida%20(ROL)%20%C3%A9%20o%20montante%20de%20fato,empresa%20recebe%20em%20determinado%20per%C3%ADodo.\">receita l\u00edquid<\/a>a da Rumo atingiu R$ 1,662 bilh\u00e3o no quarto trimestre, representando um leve recuo de 0,1%, J\u00e1 em 2020, a receita foi de R$ 6,9 bilh\u00f5es, queda de 1,7%.<\/p>\n\t<p>\n\t\t<a href=\"https:\/\/lp.suno.com.br\/planilha-da-vida-financeira\/\" target=\"_blank\" data-element=\"shortcode-suno-banner\" title=\"Banner SUNO, clique e saiba mais\">\n\t\t\t<picture>\n\t\t\t\t<source media=\"(max-width: 500px)\" srcset=\"https:\/\/files.sunoresearch.com.br\/n\/uploads\/2023\/04\/400x300-Planilha-vida-financeira-true.png\">\n\t\t\t\t<img class=\"newsContent__article__imgCapa newsContent__article__imgCapa--banner\"\n\t\t\t\t\tsrc=\"https:\/\/files.sunoresearch.com.br\/n\/uploads\/2023\/04\/1420x240-Planilha-vida-financeira-true.png\"\n\t\t\t\t\tdata-promo-id=\"106682\"\t\t\t\t\t\t\t\t\t\twidth='1420' height='240'\t\t\t\t\talt=\"https:\/\/files.sunoresearch.com.br\/n\/uploads\/2023\/04\/1420x240-Planilha-vida-financeira-true.png\"\n\t\t\t\t>\n\t\t\t<\/picture>\n\t\t<\/a>\n\t<\/p>\n\n\n<p>O <strong>Ebitda<\/strong> no quarto trimestre foi de R$ 758 milh\u00f5es, queda de 15,6% em rela\u00e7\u00e3o ao mesmo per\u00edodo em 2019. J\u00e1 no acumulado do ano, o Ebitda foi de R$ 3,6 bilh\u00f5es, recuo de 4,3%, em compara\u00e7\u00e3o com o ano anterior quando havia registrado R$ 3,8 bilh\u00f5es.<\/p>\n<h2>\u00daltima cota\u00e7\u00e3o da Rumo<\/h2>\n<p>A a\u00e7\u00e3o da <strong>Rumo (RAIL3)<\/strong> encerrou o preg\u00e3o dessa segunda-feira em queda de 1,19%, valendo R$ 20,70. No ano, o papel acumula uma alta de 7,59%, frente ao fechamento a R$ 19,24 em dezembro do ano passado.<\/p>\n\t<p>\n\t\t<a href=\"https:\/\/lp.suno.com.br\/planilha-de-controle-de-investimentos\/\" target=\"_blank\" data-element=\"shortcode-suno-banner\" title=\"Banner SUNO, clique e saiba mais\">\n\t\t\t<picture>\n\t\t\t\t<source media=\"(max-width: 500px)\" srcset=\"https:\/\/files.sunoresearch.com.br\/n\/uploads\/2023\/03\/400x300-Controle-de-Investimentos.png\">\n\t\t\t\t<img class=\"newsContent__article__imgCapa newsContent__article__imgCapa--banner\"\n\t\t\t\t\tsrc=\"https:\/\/files.sunoresearch.com.br\/n\/uploads\/2023\/03\/1420x240-Controle-de-Investimentos.png\"\n\t\t\t\t\tdata-promo-id=\"75934\"\t\t\t\t\t\t\t\t\t\twidth='1420' height='240'\t\t\t\t\talt=\"https:\/\/files.sunoresearch.com.br\/n\/uploads\/2023\/03\/1420x240-Controle-de-Investimentos.png\"\n\t\t\t\t>\n\t\t\t<\/picture>\n\t\t<\/a>\n\t<\/p>\n\n\n","protected":false},"excerpt":{"rendered":"<p>A Rumo (RAIL3) informou nesta segunda-feira (17) que recebeu\u00a0 a ren\u00fancia do Vice-Presidente de Custos da Companhia, Eduardo Pellegrina Filho. Rumo (RAIL3). Foto: Reprodu\u00e7\u00e3o Facebook Apesar de ter anunciado a ren\u00fancia hoje, Eduardo Filho permanecer\u00e1 ocupando o cargo de Vice-Presidente de Custos da Rumo at\u00e9 o dia 31 desse m\u00eas. Em comunicado arquivado na Comiss\u00e3o [&hellip;]<\/p>\n","protected":false},"author":39,"featured_media":120922,"comment_status":"closed","ping_status":"closed","sticky":false,"template":"","format":"standard","meta":[],"categories":[64],"tags":[354],"suno_strategy":[],"class_list":["post-148971","post","type-post","status-publish","format-standard","has-post-thumbnail","hentry","category-negocios","tag-rumo-rail3"],"yoast_head":"<!-- This site is optimized with the Yoast SEO plugin v24.4 - https:\/\/yoast.com\/wordpress\/plugins\/seo\/ -->\n<title>Rumo (RAIL3): Vice-presidente de custos renuncia ao cargo<\/title>\n<meta name=\"description\" content=\"A Rumo (RAIL3) informou nesta segunda-feira (17) que recebeu\u00a0 a ren\u00fancia do Vice-Presidente de Custos. Clique aqui e saiba mais!\" \/>\n<meta name=\"robots\" content=\"index, follow, max-snippet:-1, max-image-preview:large, max-video-preview:-1\" \/>\n<link rel=\"canonical\" href=\"https:\/\/www.suno.com.br\/noticias\/rumo-rail3-vice-presidente-custos-renuncia\/\" \/>\n<meta property=\"og:locale\" content=\"pt_BR\" \/>\n<meta property=\"og:type\" content=\"article\" \/>\n<meta property=\"og:title\" content=\"Rumo (RAIL3): Vice-presidente de custos renuncia ao cargo\" \/>\n<meta property=\"og:description\" content=\"A Rumo (RAIL3) informou nesta segunda-feira (17) que recebeu\u00a0 a ren\u00fancia do Vice-Presidente de Custos. Clique aqui e saiba mais!\" \/>\n<meta property=\"og:url\" content=\"https:\/\/www.suno.com.br\/noticias\/rumo-rail3-vice-presidente-custos-renuncia\/\" \/>\n<meta property=\"og:site_name\" content=\"Suno Not\u00edcias\" \/>\n<meta property=\"article:publisher\" content=\"https:\/\/facebook.com\/sunoresearch\" \/>\n<meta property=\"og:image\" content=\"https:\/\/files.sunoresearch.com.br\/n\/uploads\/2021\/02\/44630b86-rumo-all_easy-resize.com_.jpg\" \/>\n\t<meta property=\"og:image:width\" content=\"1280\" \/>\n\t<meta property=\"og:image:height\" content=\"853\" \/>\n\t<meta property=\"og:image:type\" content=\"image\/jpeg\" \/>\n<meta name=\"author\" content=\"Laura Moutinho\" \/>\n<meta name=\"twitter:card\" content=\"summary_large_image\" \/>\n<meta name=\"twitter:creator\" content=\"@sunoresearch\" \/>\n<meta name=\"twitter:site\" content=\"@sunoresearch\" \/>\n<meta name=\"twitter:label1\" content=\"Escrito por\" \/>\n\t<meta name=\"twitter:data1\" content=\"Laura Moutinho\" \/>\n\t<meta name=\"twitter:label2\" content=\"Est. tempo de leitura\" \/>\n\t<meta name=\"twitter:data2\" content=\"2 minutos\" \/>\n<script type=\"application\/ld+json\" class=\"yoast-schema-graph\">{\"@context\":\"https:\/\/schema.org\",\"@graph\":[{\"@type\":\"NewsArticle\",\"@id\":\"https:\/\/www.suno.com.br\/noticias\/rumo-rail3-vice-presidente-custos-renuncia\/#article\",\"isPartOf\":{\"@id\":\"https:\/\/www.suno.com.br\/noticias\/rumo-rail3-vice-presidente-custos-renuncia\/\"},\"author\":{\"name\":\"Laura Moutinho\",\"@id\":\"https:\/\/www.suno.com.br\/noticias\/#\/schema\/person\/3df0d2808748b74496efe5dbeaef2c72\"},\"headline\":\"Rumo (RAIL3): Vice-presidente de custos renuncia ao cargo\",\"datePublished\":\"2021-05-18T00:05:23+00:00\",\"mainEntityOfPage\":{\"@id\":\"https:\/\/www.suno.com.br\/noticias\/rumo-rail3-vice-presidente-custos-renuncia\/\"},\"wordCount\":370,\"publisher\":{\"@id\":\"https:\/\/www.suno.com.br\/noticias\/#organization\"},\"image\":{\"@id\":\"https:\/\/www.suno.com.br\/noticias\/rumo-rail3-vice-presidente-custos-renuncia\/#primaryimage\"},\"thumbnailUrl\":\"https:\/\/files.sunoresearch.com.br\/n\/uploads\/2021\/02\/44630b86-rumo-all_easy-resize.com_-jpg.webp\",\"keywords\":[\"Rumo (RAIL3)\"],\"articleSection\":[\"Neg\u00f3cios\"],\"inLanguage\":\"pt-BR\"},{\"@type\":\"WebPage\",\"@id\":\"https:\/\/www.suno.com.br\/noticias\/rumo-rail3-vice-presidente-custos-renuncia\/\",\"url\":\"https:\/\/www.suno.com.br\/noticias\/rumo-rail3-vice-presidente-custos-renuncia\/\",\"name\":\"Rumo (RAIL3): Vice-presidente de custos renuncia ao cargo\",\"isPartOf\":{\"@id\":\"https:\/\/www.suno.com.br\/noticias\/#website\"},\"primaryImageOfPage\":{\"@id\":\"https:\/\/www.suno.com.br\/noticias\/rumo-rail3-vice-presidente-custos-renuncia\/#primaryimage\"},\"image\":{\"@id\":\"https:\/\/www.suno.com.br\/noticias\/rumo-rail3-vice-presidente-custos-renuncia\/#primaryimage\"},\"thumbnailUrl\":\"https:\/\/files.sunoresearch.com.br\/n\/uploads\/2021\/02\/44630b86-rumo-all_easy-resize.com_-jpg.webp\",\"datePublished\":\"2021-05-18T00:05:23+00:00\",\"description\":\"A Rumo (RAIL3) informou nesta segunda-feira (17) que recebeu\u00a0 a ren\u00fancia do Vice-Presidente de Custos. Clique aqui e saiba mais!\",\"breadcrumb\":{\"@id\":\"https:\/\/www.suno.com.br\/noticias\/rumo-rail3-vice-presidente-custos-renuncia\/#breadcrumb\"},\"inLanguage\":\"pt-BR\",\"potentialAction\":[{\"@type\":\"ReadAction\",\"target\":[\"https:\/\/www.suno.com.br\/noticias\/rumo-rail3-vice-presidente-custos-renuncia\/\"]}]},{\"@type\":\"ImageObject\",\"inLanguage\":\"pt-BR\",\"@id\":\"https:\/\/www.suno.com.br\/noticias\/rumo-rail3-vice-presidente-custos-renuncia\/#primaryimage\",\"url\":\"https:\/\/files.sunoresearch.com.br\/n\/uploads\/2021\/02\/44630b86-rumo-all_easy-resize.com_-jpg.webp\",\"contentUrl\":\"https:\/\/files.sunoresearch.com.br\/n\/uploads\/2021\/02\/44630b86-rumo-all_easy-resize.com_-jpg.webp\",\"width\":1280,\"height\":853,\"caption\":\"Rumo (RAIL3). Foto: Reprodu\u00e7\u00e3o Facebook\"},{\"@type\":\"BreadcrumbList\",\"@id\":\"https:\/\/www.suno.com.br\/noticias\/rumo-rail3-vice-presidente-custos-renuncia\/#breadcrumb\",\"itemListElement\":[{\"@type\":\"ListItem\",\"position\":1,\"name\":\"Not\u00edcias\",\"item\":\"https:\/\/www.suno.com.br\/noticias\/\"},{\"@type\":\"ListItem\",\"position\":2,\"name\":\"Neg\u00f3cios\",\"item\":\"https:\/\/www.suno.com.br\/noticias\/negocios\/\"},{\"@type\":\"ListItem\",\"position\":3,\"name\":\"Rumo (RAIL3): Vice-presidente de custos renuncia ao cargo\"}]},{\"@type\":\"WebSite\",\"@id\":\"https:\/\/www.suno.com.br\/noticias\/#website\",\"url\":\"https:\/\/www.suno.com.br\/noticias\/\",\"name\":\"Suno Not\u00edcias\",\"description\":\"Seu portal de informa\u00e7\u00e3o sobre o mundo dos investimentos\",\"publisher\":{\"@id\":\"https:\/\/www.suno.com.br\/noticias\/#organization\"},\"potentialAction\":[{\"@type\":\"SearchAction\",\"target\":{\"@type\":\"EntryPoint\",\"urlTemplate\":\"https:\/\/www.suno.com.br\/noticias\/?s={search_term_string}\"},\"query-input\":{\"@type\":\"PropertyValueSpecification\",\"valueRequired\":true,\"valueName\":\"search_term_string\"}}],\"inLanguage\":\"pt-BR\"},{\"@type\":\"Organization\",\"@id\":\"https:\/\/www.suno.com.br\/noticias\/#organization\",\"name\":\"Suno Not\u00edcias\",\"url\":\"https:\/\/www.suno.com.br\/noticias\/\",\"logo\":{\"@type\":\"ImageObject\",\"inLanguage\":\"pt-BR\",\"@id\":\"https:\/\/www.suno.com.br\/noticias\/#\/schema\/logo\/image\/\",\"url\":\"https:\/\/files.sunoresearch.com.br\/n\/uploads\/2021\/09\/suno-logo.png\",\"contentUrl\":\"https:\/\/files.sunoresearch.com.br\/n\/uploads\/2021\/09\/suno-logo.png\",\"width\":180,\"height\":180,\"caption\":\"Suno Not\u00edcias\"},\"image\":{\"@id\":\"https:\/\/www.suno.com.br\/noticias\/#\/schema\/logo\/image\/\"},\"sameAs\":[\"https:\/\/facebook.com\/sunoresearch\",\"https:\/\/x.com\/sunoresearch\",\"https:\/\/www.instagram.com\/suno\",\"https:\/\/www.linkedin.com\/company\/suno-research\/\",\"https:\/\/www.youtube.com\/c\/sunoresearch\"]},{\"@type\":\"Person\",\"@id\":\"https:\/\/www.suno.com.br\/noticias\/#\/schema\/person\/3df0d2808748b74496efe5dbeaef2c72\",\"name\":\"Laura Moutinho\",\"image\":{\"@type\":\"ImageObject\",\"inLanguage\":\"pt-BR\",\"@id\":\"https:\/\/www.suno.com.br\/noticias\/#\/schema\/person\/image\/\",\"url\":\"https:\/\/secure.gravatar.com\/avatar\/7571c7c8ca3a6fca5e41384ece5557ff?s=96&r=g\",\"contentUrl\":\"https:\/\/secure.gravatar.com\/avatar\/7571c7c8ca3a6fca5e41384ece5557ff?s=96&r=g\",\"caption\":\"Laura Moutinho\"},\"description\":\"Estagi\u00e1ria na Suno Not\u00edcias, escreve not\u00edcias que afetam o mercado financeiro. Estuda administra\u00e7\u00e3o na Universidade Presbiteriana Mackenzie.\",\"url\":\"https:\/\/www.suno.com.br\/noticias\/author\/laura-moutinho\/\"}]}<\/script>\n<!-- \/ Yoast SEO plugin. -->","yoast_head_json":{"title":"Rumo (RAIL3): Vice-presidente de custos renuncia ao cargo","description":"A Rumo (RAIL3) informou nesta segunda-feira (17) que recebeu\u00a0 a ren\u00fancia do Vice-Presidente de Custos. Clique aqui e saiba mais!","robots":{"index":"index","follow":"follow","max-snippet":"max-snippet:-1","max-image-preview":"max-image-preview:large","max-video-preview":"max-video-preview:-1"},"canonical":"https:\/\/www.suno.com.br\/noticias\/rumo-rail3-vice-presidente-custos-renuncia\/","og_locale":"pt_BR","og_type":"article","og_title":"Rumo (RAIL3): Vice-presidente de custos renuncia ao cargo","og_description":"A Rumo (RAIL3) informou nesta segunda-feira (17) que recebeu\u00a0 a ren\u00fancia do Vice-Presidente de Custos. Clique aqui e saiba mais!","og_url":"https:\/\/www.suno.com.br\/noticias\/rumo-rail3-vice-presidente-custos-renuncia\/","og_site_name":"Suno Not\u00edcias","article_publisher":"https:\/\/facebook.com\/sunoresearch","og_image":[{"width":1280,"height":853,"url":"https:\/\/files.sunoresearch.com.br\/n\/uploads\/2021\/02\/44630b86-rumo-all_easy-resize.com_.jpg","type":"image\/jpeg"}],"author":"Laura Moutinho","twitter_card":"summary_large_image","twitter_creator":"@sunoresearch","twitter_site":"@sunoresearch","twitter_misc":{"Escrito por":"Laura Moutinho","Est. tempo de leitura":"2 minutos"},"schema":{"@context":"https:\/\/schema.org","@graph":[{"@type":"NewsArticle","@id":"https:\/\/www.suno.com.br\/noticias\/rumo-rail3-vice-presidente-custos-renuncia\/#article","isPartOf":{"@id":"https:\/\/www.suno.com.br\/noticias\/rumo-rail3-vice-presidente-custos-renuncia\/"},"author":{"name":"Laura Moutinho","@id":"https:\/\/www.suno.com.br\/noticias\/#\/schema\/person\/3df0d2808748b74496efe5dbeaef2c72"},"headline":"Rumo (RAIL3): Vice-presidente de custos renuncia ao cargo","datePublished":"2021-05-18T00:05:23+00:00","mainEntityOfPage":{"@id":"https:\/\/www.suno.com.br\/noticias\/rumo-rail3-vice-presidente-custos-renuncia\/"},"wordCount":370,"publisher":{"@id":"https:\/\/www.suno.com.br\/noticias\/#organization"},"image":{"@id":"https:\/\/www.suno.com.br\/noticias\/rumo-rail3-vice-presidente-custos-renuncia\/#primaryimage"},"thumbnailUrl":"https:\/\/files.sunoresearch.com.br\/n\/uploads\/2021\/02\/44630b86-rumo-all_easy-resize.com_-jpg.webp","keywords":["Rumo (RAIL3)"],"articleSection":["Neg\u00f3cios"],"inLanguage":"pt-BR"},{"@type":"WebPage","@id":"https:\/\/www.suno.com.br\/noticias\/rumo-rail3-vice-presidente-custos-renuncia\/","url":"https:\/\/www.suno.com.br\/noticias\/rumo-rail3-vice-presidente-custos-renuncia\/","name":"Rumo (RAIL3): Vice-presidente de custos renuncia ao cargo","isPartOf":{"@id":"https:\/\/www.suno.com.br\/noticias\/#website"},"primaryImageOfPage":{"@id":"https:\/\/www.suno.com.br\/noticias\/rumo-rail3-vice-presidente-custos-renuncia\/#primaryimage"},"image":{"@id":"https:\/\/www.suno.com.br\/noticias\/rumo-rail3-vice-presidente-custos-renuncia\/#primaryimage"},"thumbnailUrl":"https:\/\/files.sunoresearch.com.br\/n\/uploads\/2021\/02\/44630b86-rumo-all_easy-resize.com_-jpg.webp","datePublished":"2021-05-18T00:05:23+00:00","description":"A Rumo (RAIL3) informou nesta segunda-feira (17) que recebeu\u00a0 a ren\u00fancia do Vice-Presidente de Custos. Clique aqui e saiba mais!","breadcrumb":{"@id":"https:\/\/www.suno.com.br\/noticias\/rumo-rail3-vice-presidente-custos-renuncia\/#breadcrumb"},"inLanguage":"pt-BR","potentialAction":[{"@type":"ReadAction","target":["https:\/\/www.suno.com.br\/noticias\/rumo-rail3-vice-presidente-custos-renuncia\/"]}]},{"@type":"ImageObject","inLanguage":"pt-BR","@id":"https:\/\/www.suno.com.br\/noticias\/rumo-rail3-vice-presidente-custos-renuncia\/#primaryimage","url":"https:\/\/files.sunoresearch.com.br\/n\/uploads\/2021\/02\/44630b86-rumo-all_easy-resize.com_-jpg.webp","contentUrl":"https:\/\/files.sunoresearch.com.br\/n\/uploads\/2021\/02\/44630b86-rumo-all_easy-resize.com_-jpg.webp","width":1280,"height":853,"caption":"Rumo (RAIL3). Foto: Reprodu\u00e7\u00e3o Facebook"},{"@type":"BreadcrumbList","@id":"https:\/\/www.suno.com.br\/noticias\/rumo-rail3-vice-presidente-custos-renuncia\/#breadcrumb","itemListElement":[{"@type":"ListItem","position":1,"name":"Not\u00edcias","item":"https:\/\/www.suno.com.br\/noticias\/"},{"@type":"ListItem","position":2,"name":"Neg\u00f3cios","item":"https:\/\/www.suno.com.br\/noticias\/negocios\/"},{"@type":"ListItem","position":3,"name":"Rumo (RAIL3): Vice-presidente de custos renuncia ao cargo"}]},{"@type":"WebSite","@id":"https:\/\/www.suno.com.br\/noticias\/#website","url":"https:\/\/www.suno.com.br\/noticias\/","name":"Suno Not\u00edcias","description":"Seu portal de informa\u00e7\u00e3o sobre o mundo dos investimentos","publisher":{"@id":"https:\/\/www.suno.com.br\/noticias\/#organization"},"potentialAction":[{"@type":"SearchAction","target":{"@type":"EntryPoint","urlTemplate":"https:\/\/www.suno.com.br\/noticias\/?s={search_term_string}"},"query-input":{"@type":"PropertyValueSpecification","valueRequired":true,"valueName":"search_term_string"}}],"inLanguage":"pt-BR"},{"@type":"Organization","@id":"https:\/\/www.suno.com.br\/noticias\/#organization","name":"Suno Not\u00edcias","url":"https:\/\/www.suno.com.br\/noticias\/","logo":{"@type":"ImageObject","inLanguage":"pt-BR","@id":"https:\/\/www.suno.com.br\/noticias\/#\/schema\/logo\/image\/","url":"https:\/\/files.sunoresearch.com.br\/n\/uploads\/2021\/09\/suno-logo.png","contentUrl":"https:\/\/files.sunoresearch.com.br\/n\/uploads\/2021\/09\/suno-logo.png","width":180,"height":180,"caption":"Suno Not\u00edcias"},"image":{"@id":"https:\/\/www.suno.com.br\/noticias\/#\/schema\/logo\/image\/"},"sameAs":["https:\/\/facebook.com\/sunoresearch","https:\/\/x.com\/sunoresearch","https:\/\/www.instagram.com\/suno","https:\/\/www.linkedin.com\/company\/suno-research\/","https:\/\/www.youtube.com\/c\/sunoresearch"]},{"@type":"Person","@id":"https:\/\/www.suno.com.br\/noticias\/#\/schema\/person\/3df0d2808748b74496efe5dbeaef2c72","name":"Laura Moutinho","image":{"@type":"ImageObject","inLanguage":"pt-BR","@id":"https:\/\/www.suno.com.br\/noticias\/#\/schema\/person\/image\/","url":"https:\/\/secure.gravatar.com\/avatar\/7571c7c8ca3a6fca5e41384ece5557ff?s=96&r=g","contentUrl":"https:\/\/secure.gravatar.com\/avatar\/7571c7c8ca3a6fca5e41384ece5557ff?s=96&r=g","caption":"Laura Moutinho"},"description":"Estagi\u00e1ria na Suno Not\u00edcias, escreve not\u00edcias que afetam o mercado financeiro. Estuda administra\u00e7\u00e3o na Universidade Presbiteriana Mackenzie.","url":"https:\/\/www.suno.com.br\/noticias\/author\/laura-moutinho\/"}]}},"default_loop_html":"<div class=\"cardsPage__listCard__boxs\"><div class=\"cardsPage__listCard__boxs__img\"><a href=\"https:\/\/www.suno.com.br\/noticias\/rumo-rail3-vice-presidente-custos-renuncia\/\"><img class=\"mask\" src=\"https:\/\/www.suno.com.br\/noticias\/wp-content\/themes\/suno\/resources\/images\/spotlight\/spotlight1img\/bg-mask.png\" alt=\"Image Mask\"\/><img src=\"https:\/\/files.sunoresearch.com.br\/n\/uploads\/2021\/02\/44630b86-rumo-all_easy-resize.com_-400x200.webp\" alt=\"Rumo (RAIL3): Vice-presidente de custos renuncia ao cargo\"\/><\/a><span class=\"spotlightCategory\"><a href=\"https:\/\/www.suno.com.br\/noticias\/negocios\/\">Neg\u00f3cios<\/a><\/span><\/div><div class=\"cardsPage__listCard__boxs__content\"><a href=\"https:\/\/www.suno.com.br\/noticias\/rumo-rail3-vice-presidente-custos-renuncia\/\"><h2 class=\"content__title\">Rumo (RAIL3): Vice-presidente de custos renuncia ao cargo<\/h2><\/a><div class=\"newsContent__article__meta\"><div class=\"newsContent__article__meta__authorBox\"><a href=\"https:\/\/www.suno.com.br\/noticias\/author\/laura-moutinho\/\" class=\"authorBox__avatar noMobi\"><img src=\"https:\/\/files.sunoresearch.com.br\/n\/uploads\/2020\/08\/531ff69d-whatsapp-image-2020-08-03-at-14.54.38-150x150.webp\" alt=\"Laura Moutinho\"><\/a><div class=\"authorBox__name\"><span>por\n\t\t\t<a href=\"https:\/\/www.suno.com.br\/noticias\/author\/laura-moutinho\/\"><span itemprop=\"author\">Laura Moutinho<\/span><\/a><\/span><time datetime=\"2021-05-17T21:05:23-03:00\" itemprop=\"datePublished\">17\/05\/2021 21:05<\/time><\/div><\/div><\/div><\/div><\/div>","single_layout":"posts","amp_enabled":true,"_links":{"self":[{"href":"https:\/\/www.suno.com.br\/noticias\/wp-json\/wp\/v2\/posts\/148971"}],"collection":[{"href":"https:\/\/www.suno.com.br\/noticias\/wp-json\/wp\/v2\/posts"}],"about":[{"href":"https:\/\/www.suno.com.br\/noticias\/wp-json\/wp\/v2\/types\/post"}],"author":[{"embeddable":true,"href":"https:\/\/www.suno.com.br\/noticias\/wp-json\/wp\/v2\/users\/39"}],"replies":[{"embeddable":true,"href":"https:\/\/www.suno.com.br\/noticias\/wp-json\/wp\/v2\/comments?post=148971"}],"version-history":[{"count":2,"href":"https:\/\/www.suno.com.br\/noticias\/wp-json\/wp\/v2\/posts\/148971\/revisions"}],"predecessor-version":[{"id":148973,"href":"https:\/\/www.suno.com.br\/noticias\/wp-json\/wp\/v2\/posts\/148971\/revisions\/148973"}],"wp:featuredmedia":[{"embeddable":true,"href":"https:\/\/www.suno.com.br\/noticias\/wp-json\/wp\/v2\/media\/120922"}],"wp:attachment":[{"href":"https:\/\/www.suno.com.br\/noticias\/wp-json\/wp\/v2\/media?parent=148971"}],"wp:term":[{"taxonomy":"category","embeddable":true,"href":"https:\/\/www.suno.com.br\/noticias\/wp-json\/wp\/v2\/categories?post=148971"},{"taxonomy":"post_tag","embeddable":true,"href":"https:\/\/www.suno.com.br\/noticias\/wp-json\/wp\/v2\/tags?post=148971"},{"taxonomy":"suno_strategy","embeddable":true,"href":"https:\/\/www.suno.com.br\/noticias\/wp-json\/wp\/v2\/suno_strategy?post=148971"}],"curies":[{"name":"wp","href":"https:\/\/api.w.org\/{rel}","templated":true}]}}