{"id":14880,"date":"2019-02-11T16:10:24","date_gmt":"2019-02-11T18:10:24","guid":{"rendered":"https:\/\/www.suno.com.br\/noticias\/?p=14880"},"modified":"2019-02-11T16:10:24","modified_gmt":"2019-02-11T18:10:24","slug":"balanca-comercial-superavit-fevereiro","status":"publish","type":"post","link":"https:\/\/www.suno.com.br\/noticias\/balanca-comercial-superavit-fevereiro\/","title":{"rendered":"Balan\u00e7a comercial registra super\u00e1vit de US$ 1,06 bilh\u00e3o em fevereiro"},"content":{"rendered":"<p>A <a href=\"https:\/\/www.suno.com.br\/artigos\/balanca-comercial\/\">balan\u00e7a comercial brasileira<\/a> registrou um <a href=\"https:\/\/www.suno.com.br\/artigos\/superavit-comercial\/\">super\u00e1vit de US$ 1,06 bilh\u00e3o<\/a> nas duas primeiras semanas de fevereiro, de acordo com o Minist\u00e9rio da Economia, nesta segunda-feira (11)<\/p>\t<div class=\"wrapper-featured-image\">\n\t\t<figure class=\"spotlightImg\">\n\n\t\t\t<picture>\n\t\t\t\t<source media=\"(max-width: 768px)\" srcset=\"https:\/\/files.sunoresearch.com.br\/n\/uploads\/2019\/02\/3df039d3-balan\u00e7a-comercial-400x200.webp\">\n\t\t\t\t<img loading=\"lazy\" decoding=\"async\" class=\"newsContent__article__imgCapa lazyloadDisabled newsContent__article__imgCapa--noCaption\" src=\"https:\/\/files.sunoresearch.com.br\/n\/uploads\/2019\/02\/3df039d3-balan\u00e7a-comercial-800x450.webp\" width=\"800\" height=\"450\" alt=\"Balan\u00e7a comercial registra super\u00e1vit de US$ 1,06 bilh\u00e3o em fevereiro\" fetchpriority=high \/>\n\t\t\t<\/picture>\n\n\t\t\t<figcaption class=\"wp-caption-text wp-caption-text--hide\">Balan\u00e7a comercial tem super\u00e1vit de US$ 4,548 bi em maio<\/figcaption>\n\t\t<\/figure>\n\t<\/div>\n\n\n<p>De acordo com o governo federal em rela\u00e7\u00e3o a <strong>balan\u00e7a comercial<\/strong>, at\u00e9 o momento em fevereiro, as <strong>exporta\u00e7\u00f5es<\/strong> chegaram a US$ 4,865 bilh\u00f5es e as <strong>importa\u00e7\u00f5es<\/strong> totalizaram US$ 3,795 bilh\u00f5es. No entanto, as exporta\u00e7\u00f5es e importa\u00e7\u00f5es apontaram queda de 16,2% e 21%, respectivamente, em rela\u00e7\u00e3o a fevereiro de 2018.<\/p>\n<div class=\"mc-column content-text active-extra-styles active-capital-letter\" data-block-type=\"unstyled\" data-block-weight=\"28\" data-block-id=\"1\">\n<p class=\"content-text__container theme-color-primary-first-letter\" data-track-category=\"Link no Texto\" data-track-links=\"\">A principais quedas nas exporta\u00e7\u00f5es foram em:<\/p>\n<ul>\n<li data-track-category=\"Link no Texto\">Produtos manufaturados: -27,5%;<\/li>\n<li data-track-category=\"Link no Texto\">Produtos semimanufaturados: -12,1%.<\/li>\n<\/ul>\n<p>Em contrapartida, a exporta\u00e7\u00e3o de produtos b\u00e1sicos apontaram um crescimento de 0,6%.<\/p>\n<p>No caso das importa\u00e7\u00f5es, as principais quedas foram:<\/p>\n<ul>\n<li>Combust\u00edveis e lubrificantes: -38%;<\/li>\n<li>Ve\u00edculos (Autom\u00f3veis e partes): -26,6%;<\/li>\n<li>Instrumentos m\u00e9dicos de \u00f3tica e precis\u00e3o: -16,3%;<\/li>\n<li>Equipamentos mec\u00e2nicos: -6,2%;<\/li>\n<li>Equipamentos eletroeletr\u00f4nicos: -4,9%.<\/li>\n<\/ul>\n<p><a href=\"https:\/\/www.suno.com.br\/noticias\/balanca-comercial-projecoes-governo\/\">Saiba mais:\u00a0Balan\u00e7a comercial n\u00e3o ter\u00e1 mais proje\u00e7\u00f5es do governo federal<\/a><\/p>\n<p><a href=\"https:\/\/www.suno.com.br\/noticias\/balanca-comercial-superavit-janeiro\/\">Saiba mais:\u00a0Balan\u00e7a comercial registra super\u00e1vit de US$ 2,19 bilh\u00f5es em janeiro<\/a><\/p>\n<\/div>\n<div class=\"wall protected-content\">\n<div class=\"mc-column content-text active-extra-styles \" data-block-type=\"unstyled\" data-block-weight=\"29\" data-block-id=\"4\">\n<h2 class=\"content-text__container \" data-track-category=\"Link no Texto\">Balan\u00e7a comercial at\u00e9 o momento<\/h2>\n<p>Conforme o <strong>governo federal<\/strong>, no acumulado de 2019 (at\u00e9 10 de fevereiro), a balan\u00e7a comercial registrou um super\u00e1vit de US$ 3,262 bilh\u00f5es.<\/p>\n<p>Dessa forma, mesmo sendo positivo, o <strong>saldo<\/strong> \u00e9 40,1% inferior ao registrado no mesmo per\u00edodo do ano passado, que somou US$ 5,448 bilh\u00f5es.<\/p>\n<\/div>\n<div class=\"mc-column content-text active-extra-styles \" data-block-type=\"unstyled\" data-block-weight=\"23\" data-block-id=\"6\">\n<p class=\"content-text__container \" data-track-category=\"Link no Texto\" data-track-links=\"\">At\u00e9 o momento, as <strong>exporta\u00e7\u00f5es<\/strong> chegaram a US$ 23,444 bilh\u00f5es. No entanto, a m\u00e9dia di\u00e1ria \u00e9 de US$ 837 milh\u00f5es, uma queda de 0,3% em rela\u00e7\u00e3o ao mesmo per\u00edodo de 2018.<\/p>\n<p data-track-category=\"Link no Texto\" data-track-links=\"\">No caso das <strong>importa\u00e7\u00f5es<\/strong>, no acumulado deste ano foram US$ 20,182 bilh\u00f5es. Assim, a m\u00e9dia di\u00e1ria totalizou US$ 720 milh\u00f5es, crescendo 10,6% em rela\u00e7\u00e3o ao mesmo per\u00edodo do \u00faltimo ano.<\/p>\n<\/div>\n<div class=\"mc-column content-text active-extra-styles \" data-block-type=\"unstyled\" data-block-weight=\"27\" data-block-id=\"9\">\n<h2 class=\"content-text__container \" data-track-category=\"Link no Texto\">Balan\u00e7a comercial em 2018<\/h2>\n<p>De acordo com\u00a0 o Minist\u00e9rio da Economia, a balan\u00e7a comercial teve um super\u00e1vit de US$ 58,3 bilh\u00f5es.<\/p>\n<p>No entanto, o saldo positivo teve como principal influenciador a exporta\u00e7\u00e3o de produtos b\u00e1sicos. Mesmo assim, recuou 13% em rela\u00e7\u00e3o a 2017.<\/p>\n<\/div>\n<div class=\"mc-column content-text active-extra-styles \" data-block-type=\"unstyled\" data-block-weight=\"23\" data-block-id=\"11\">\n<p class=\"content-text__container \" data-track-category=\"Link no Texto\" data-track-links=\"\">Conforme pesquisas elaboradas pelo Banco Central na \u00faltima semana, para 2019, a previs\u00e3o \u00e9 de um saldo positivo de US$ 51 bilh\u00f5es nas <strong>transa\u00e7\u00f5es comerciais do Brasil com o exterior<\/strong>.<\/p>\n<p data-track-category=\"Link no Texto\" data-track-links=\"\">Al\u00e9m disso, o banco prev\u00ea um super\u00e1vit da balan\u00e7a comercial de US$ 38 bilh\u00f5es para este ano. No entanto, as exporta\u00e7\u00f5es somariam US$ 250 bilh\u00f5es e as importa\u00e7\u00f5es ficariam em US$ 212 bilh\u00f5es.<\/p>\n<p data-track-category=\"Link no Texto\" data-track-links=\"\">De acordo com a Associa\u00e7\u00e3o de Com\u00e9rcio Exterior do Brasil (AEB), o <strong>super\u00e1vit<\/strong> da <strong>balan\u00e7a comercial<\/strong> deve ficar em apenas US$ 32 bilh\u00f5es.<\/p>\n<\/div>\n<\/div>\n","protected":false},"excerpt":{"rendered":"<p>A balan\u00e7a comercial brasileira registrou um super\u00e1vit de US$ 1,06 bilh\u00e3o nas duas primeiras semanas de fevereiro, de acordo com o Minist\u00e9rio da Economia, nesta segunda-feira (11) Balan\u00e7a comercial tem super\u00e1vit de US$ 4,548 bi em maio De acordo com o governo federal em rela\u00e7\u00e3o a balan\u00e7a comercial, at\u00e9 o momento em fevereiro, as exporta\u00e7\u00f5es [&hellip;]<\/p>\n","protected":false},"author":11,"featured_media":14886,"comment_status":"closed","ping_status":"closed","sticky":false,"template":"","format":"standard","meta":[],"categories":[62],"tags":[914],"suno_strategy":[],"class_list":["post-14880","post","type-post","status-publish","format-standard","has-post-thumbnail","hentry","category-economia","tag-balanca-comercial"],"yoast_head":"<!-- This site is optimized with the Yoast SEO plugin v24.4 - https:\/\/yoast.com\/wordpress\/plugins\/seo\/ -->\n<title>Balan\u00e7a comercial registra super\u00e1vit de US$ 1,06 bilh\u00e3o em fevereiro<\/title>\n<meta name=\"description\" content=\"Balan\u00e7a comercial tem estimativa de queda no super\u00e1vit em 2019; Brasil faturou quase US$ 5 bilh\u00f5es em exporta\u00e7\u00f5es. Clique para saber mais.\" \/>\n<meta name=\"robots\" content=\"index, follow, max-snippet:-1, max-image-preview:large, max-video-preview:-1\" \/>\n<link rel=\"canonical\" href=\"https:\/\/www.suno.com.br\/noticias\/balanca-comercial-superavit-fevereiro\/\" \/>\n<meta property=\"og:locale\" content=\"pt_BR\" \/>\n<meta property=\"og:type\" content=\"article\" \/>\n<meta property=\"og:title\" content=\"Balan\u00e7a comercial registra super\u00e1vit de US$ 1,06 bilh\u00e3o em fevereiro\" \/>\n<meta property=\"og:description\" content=\"Balan\u00e7a comercial tem estimativa de queda no super\u00e1vit em 2019; Brasil faturou quase US$ 5 bilh\u00f5es em exporta\u00e7\u00f5es. Clique para saber mais.\" \/>\n<meta property=\"og:url\" content=\"https:\/\/www.suno.com.br\/noticias\/balanca-comercial-superavit-fevereiro\/\" \/>\n<meta property=\"og:site_name\" content=\"Suno Not\u00edcias\" \/>\n<meta property=\"article:publisher\" content=\"https:\/\/facebook.com\/sunoresearch\" \/>\n<meta property=\"og:image\" content=\"https:\/\/files.sunoresearch.com.br\/n\/uploads\/2019\/02\/3df039d3-balan\u00e7a-comercial.jpg\" \/>\n\t<meta property=\"og:image:width\" content=\"1024\" \/>\n\t<meta property=\"og:image:height\" content=\"645\" \/>\n\t<meta property=\"og:image:type\" content=\"image\/jpeg\" \/>\n<meta name=\"author\" content=\"Renan Bandeira\" \/>\n<meta name=\"twitter:card\" content=\"summary_large_image\" \/>\n<meta name=\"twitter:creator\" content=\"@sunoresearch\" \/>\n<meta name=\"twitter:site\" content=\"@sunoresearch\" \/>\n<meta name=\"twitter:label1\" content=\"Escrito por\" \/>\n\t<meta name=\"twitter:data1\" content=\"Renan Bandeira\" \/>\n\t<meta name=\"twitter:label2\" content=\"Est. tempo de leitura\" \/>\n\t<meta name=\"twitter:data2\" content=\"2 minutos\" \/>\n<script type=\"application\/ld+json\" class=\"yoast-schema-graph\">{\"@context\":\"https:\/\/schema.org\",\"@graph\":[{\"@type\":\"NewsArticle\",\"@id\":\"https:\/\/www.suno.com.br\/noticias\/balanca-comercial-superavit-fevereiro\/#article\",\"isPartOf\":{\"@id\":\"https:\/\/www.suno.com.br\/noticias\/balanca-comercial-superavit-fevereiro\/\"},\"author\":{\"name\":\"Renan Bandeira\",\"@id\":\"https:\/\/www.suno.com.br\/noticias\/#\/schema\/person\/fc144a1c6108bd1dcd43784e88a3c138\"},\"headline\":\"Balan\u00e7a comercial registra super\u00e1vit de US$ 1,06 bilh\u00e3o em fevereiro\",\"datePublished\":\"2019-02-11T18:10:24+00:00\",\"mainEntityOfPage\":{\"@id\":\"https:\/\/www.suno.com.br\/noticias\/balanca-comercial-superavit-fevereiro\/\"},\"wordCount\":446,\"publisher\":{\"@id\":\"https:\/\/www.suno.com.br\/noticias\/#organization\"},\"image\":{\"@id\":\"https:\/\/www.suno.com.br\/noticias\/balanca-comercial-superavit-fevereiro\/#primaryimage\"},\"thumbnailUrl\":\"https:\/\/files.sunoresearch.com.br\/n\/uploads\/2019\/02\/3df039d3-balan\u00e7a-comercial-jpg.webp\",\"keywords\":[\"balan\u00e7a comercial\"],\"articleSection\":[\"Economia\"],\"inLanguage\":\"pt-BR\"},{\"@type\":\"WebPage\",\"@id\":\"https:\/\/www.suno.com.br\/noticias\/balanca-comercial-superavit-fevereiro\/\",\"url\":\"https:\/\/www.suno.com.br\/noticias\/balanca-comercial-superavit-fevereiro\/\",\"name\":\"Balan\u00e7a comercial registra super\u00e1vit de US$ 1,06 bilh\u00e3o em fevereiro\",\"isPartOf\":{\"@id\":\"https:\/\/www.suno.com.br\/noticias\/#website\"},\"primaryImageOfPage\":{\"@id\":\"https:\/\/www.suno.com.br\/noticias\/balanca-comercial-superavit-fevereiro\/#primaryimage\"},\"image\":{\"@id\":\"https:\/\/www.suno.com.br\/noticias\/balanca-comercial-superavit-fevereiro\/#primaryimage\"},\"thumbnailUrl\":\"https:\/\/files.sunoresearch.com.br\/n\/uploads\/2019\/02\/3df039d3-balan\u00e7a-comercial-jpg.webp\",\"datePublished\":\"2019-02-11T18:10:24+00:00\",\"description\":\"Balan\u00e7a comercial tem estimativa de queda no super\u00e1vit em 2019; Brasil faturou quase US$ 5 bilh\u00f5es em exporta\u00e7\u00f5es. Clique para saber mais.\",\"breadcrumb\":{\"@id\":\"https:\/\/www.suno.com.br\/noticias\/balanca-comercial-superavit-fevereiro\/#breadcrumb\"},\"inLanguage\":\"pt-BR\",\"potentialAction\":[{\"@type\":\"ReadAction\",\"target\":[\"https:\/\/www.suno.com.br\/noticias\/balanca-comercial-superavit-fevereiro\/\"]}]},{\"@type\":\"ImageObject\",\"inLanguage\":\"pt-BR\",\"@id\":\"https:\/\/www.suno.com.br\/noticias\/balanca-comercial-superavit-fevereiro\/#primaryimage\",\"url\":\"https:\/\/files.sunoresearch.com.br\/n\/uploads\/2019\/02\/3df039d3-balan\u00e7a-comercial-jpg.webp\",\"contentUrl\":\"https:\/\/files.sunoresearch.com.br\/n\/uploads\/2019\/02\/3df039d3-balan\u00e7a-comercial-jpg.webp\",\"width\":1024,\"height\":645,\"caption\":\"Balan\u00e7a comercial tem super\u00e1vit de US$ 4,548 bi em maio\"},{\"@type\":\"BreadcrumbList\",\"@id\":\"https:\/\/www.suno.com.br\/noticias\/balanca-comercial-superavit-fevereiro\/#breadcrumb\",\"itemListElement\":[{\"@type\":\"ListItem\",\"position\":1,\"name\":\"Not\u00edcias\",\"item\":\"https:\/\/www.suno.com.br\/noticias\/\"},{\"@type\":\"ListItem\",\"position\":2,\"name\":\"Economia\",\"item\":\"https:\/\/www.suno.com.br\/noticias\/economia\/\"},{\"@type\":\"ListItem\",\"position\":3,\"name\":\"Balan\u00e7a comercial registra super\u00e1vit de US$ 1,06 bilh\u00e3o em fevereiro\"}]},{\"@type\":\"WebSite\",\"@id\":\"https:\/\/www.suno.com.br\/noticias\/#website\",\"url\":\"https:\/\/www.suno.com.br\/noticias\/\",\"name\":\"Suno Not\u00edcias\",\"description\":\"Seu portal de informa\u00e7\u00e3o sobre o mundo dos investimentos\",\"publisher\":{\"@id\":\"https:\/\/www.suno.com.br\/noticias\/#organization\"},\"potentialAction\":[{\"@type\":\"SearchAction\",\"target\":{\"@type\":\"EntryPoint\",\"urlTemplate\":\"https:\/\/www.suno.com.br\/noticias\/?s={search_term_string}\"},\"query-input\":{\"@type\":\"PropertyValueSpecification\",\"valueRequired\":true,\"valueName\":\"search_term_string\"}}],\"inLanguage\":\"pt-BR\"},{\"@type\":\"Organization\",\"@id\":\"https:\/\/www.suno.com.br\/noticias\/#organization\",\"name\":\"Suno Not\u00edcias\",\"url\":\"https:\/\/www.suno.com.br\/noticias\/\",\"logo\":{\"@type\":\"ImageObject\",\"inLanguage\":\"pt-BR\",\"@id\":\"https:\/\/www.suno.com.br\/noticias\/#\/schema\/logo\/image\/\",\"url\":\"https:\/\/files.sunoresearch.com.br\/n\/uploads\/2021\/09\/suno-logo.png\",\"contentUrl\":\"https:\/\/files.sunoresearch.com.br\/n\/uploads\/2021\/09\/suno-logo.png\",\"width\":180,\"height\":180,\"caption\":\"Suno Not\u00edcias\"},\"image\":{\"@id\":\"https:\/\/www.suno.com.br\/noticias\/#\/schema\/logo\/image\/\"},\"sameAs\":[\"https:\/\/facebook.com\/sunoresearch\",\"https:\/\/x.com\/sunoresearch\",\"https:\/\/www.instagram.com\/suno\",\"https:\/\/www.linkedin.com\/company\/suno-research\/\",\"https:\/\/www.youtube.com\/c\/sunoresearch\"]},{\"@type\":\"Person\",\"@id\":\"https:\/\/www.suno.com.br\/noticias\/#\/schema\/person\/fc144a1c6108bd1dcd43784e88a3c138\",\"name\":\"Renan Bandeira\",\"image\":{\"@type\":\"ImageObject\",\"inLanguage\":\"pt-BR\",\"@id\":\"https:\/\/www.suno.com.br\/noticias\/#\/schema\/person\/image\/\",\"url\":\"https:\/\/secure.gravatar.com\/avatar\/68359cdb608f14f11bbefcb78f3fc747?s=96&r=g\",\"contentUrl\":\"https:\/\/secure.gravatar.com\/avatar\/68359cdb608f14f11bbefcb78f3fc747?s=96&r=g\",\"caption\":\"Renan Bandeira\"},\"description\":\"Renan Bandeira escreve sobre pol\u00edtica e economia para o portal da Suno Research. Antes da Suno, trabalhou em uma rede de televis\u00e3o, onde fazia reportagens sobre os mesmos temas. Estuda na Universidade Metodista de S\u00e3o Paulo.\",\"url\":\"https:\/\/www.suno.com.br\/noticias\/author\/renan-bandeira\/\"}]}<\/script>\n<!-- \/ Yoast SEO plugin. -->","yoast_head_json":{"title":"Balan\u00e7a comercial registra super\u00e1vit de US$ 1,06 bilh\u00e3o em fevereiro","description":"Balan\u00e7a comercial tem estimativa de queda no super\u00e1vit em 2019; Brasil faturou quase US$ 5 bilh\u00f5es em exporta\u00e7\u00f5es. Clique para saber mais.","robots":{"index":"index","follow":"follow","max-snippet":"max-snippet:-1","max-image-preview":"max-image-preview:large","max-video-preview":"max-video-preview:-1"},"canonical":"https:\/\/www.suno.com.br\/noticias\/balanca-comercial-superavit-fevereiro\/","og_locale":"pt_BR","og_type":"article","og_title":"Balan\u00e7a comercial registra super\u00e1vit de US$ 1,06 bilh\u00e3o em fevereiro","og_description":"Balan\u00e7a comercial tem estimativa de queda no super\u00e1vit em 2019; Brasil faturou quase US$ 5 bilh\u00f5es em exporta\u00e7\u00f5es. Clique para saber mais.","og_url":"https:\/\/www.suno.com.br\/noticias\/balanca-comercial-superavit-fevereiro\/","og_site_name":"Suno Not\u00edcias","article_publisher":"https:\/\/facebook.com\/sunoresearch","og_image":[{"width":1024,"height":645,"url":"https:\/\/files.sunoresearch.com.br\/n\/uploads\/2019\/02\/3df039d3-balan\u00e7a-comercial.jpg","type":"image\/jpeg"}],"author":"Renan Bandeira","twitter_card":"summary_large_image","twitter_creator":"@sunoresearch","twitter_site":"@sunoresearch","twitter_misc":{"Escrito por":"Renan Bandeira","Est. tempo de leitura":"2 minutos"},"schema":{"@context":"https:\/\/schema.org","@graph":[{"@type":"NewsArticle","@id":"https:\/\/www.suno.com.br\/noticias\/balanca-comercial-superavit-fevereiro\/#article","isPartOf":{"@id":"https:\/\/www.suno.com.br\/noticias\/balanca-comercial-superavit-fevereiro\/"},"author":{"name":"Renan Bandeira","@id":"https:\/\/www.suno.com.br\/noticias\/#\/schema\/person\/fc144a1c6108bd1dcd43784e88a3c138"},"headline":"Balan\u00e7a comercial registra super\u00e1vit de US$ 1,06 bilh\u00e3o em fevereiro","datePublished":"2019-02-11T18:10:24+00:00","mainEntityOfPage":{"@id":"https:\/\/www.suno.com.br\/noticias\/balanca-comercial-superavit-fevereiro\/"},"wordCount":446,"publisher":{"@id":"https:\/\/www.suno.com.br\/noticias\/#organization"},"image":{"@id":"https:\/\/www.suno.com.br\/noticias\/balanca-comercial-superavit-fevereiro\/#primaryimage"},"thumbnailUrl":"https:\/\/files.sunoresearch.com.br\/n\/uploads\/2019\/02\/3df039d3-balan\u00e7a-comercial-jpg.webp","keywords":["balan\u00e7a comercial"],"articleSection":["Economia"],"inLanguage":"pt-BR"},{"@type":"WebPage","@id":"https:\/\/www.suno.com.br\/noticias\/balanca-comercial-superavit-fevereiro\/","url":"https:\/\/www.suno.com.br\/noticias\/balanca-comercial-superavit-fevereiro\/","name":"Balan\u00e7a comercial registra super\u00e1vit de US$ 1,06 bilh\u00e3o em fevereiro","isPartOf":{"@id":"https:\/\/www.suno.com.br\/noticias\/#website"},"primaryImageOfPage":{"@id":"https:\/\/www.suno.com.br\/noticias\/balanca-comercial-superavit-fevereiro\/#primaryimage"},"image":{"@id":"https:\/\/www.suno.com.br\/noticias\/balanca-comercial-superavit-fevereiro\/#primaryimage"},"thumbnailUrl":"https:\/\/files.sunoresearch.com.br\/n\/uploads\/2019\/02\/3df039d3-balan\u00e7a-comercial-jpg.webp","datePublished":"2019-02-11T18:10:24+00:00","description":"Balan\u00e7a comercial tem estimativa de queda no super\u00e1vit em 2019; Brasil faturou quase US$ 5 bilh\u00f5es em exporta\u00e7\u00f5es. Clique para saber mais.","breadcrumb":{"@id":"https:\/\/www.suno.com.br\/noticias\/balanca-comercial-superavit-fevereiro\/#breadcrumb"},"inLanguage":"pt-BR","potentialAction":[{"@type":"ReadAction","target":["https:\/\/www.suno.com.br\/noticias\/balanca-comercial-superavit-fevereiro\/"]}]},{"@type":"ImageObject","inLanguage":"pt-BR","@id":"https:\/\/www.suno.com.br\/noticias\/balanca-comercial-superavit-fevereiro\/#primaryimage","url":"https:\/\/files.sunoresearch.com.br\/n\/uploads\/2019\/02\/3df039d3-balan\u00e7a-comercial-jpg.webp","contentUrl":"https:\/\/files.sunoresearch.com.br\/n\/uploads\/2019\/02\/3df039d3-balan\u00e7a-comercial-jpg.webp","width":1024,"height":645,"caption":"Balan\u00e7a comercial tem super\u00e1vit de US$ 4,548 bi em maio"},{"@type":"BreadcrumbList","@id":"https:\/\/www.suno.com.br\/noticias\/balanca-comercial-superavit-fevereiro\/#breadcrumb","itemListElement":[{"@type":"ListItem","position":1,"name":"Not\u00edcias","item":"https:\/\/www.suno.com.br\/noticias\/"},{"@type":"ListItem","position":2,"name":"Economia","item":"https:\/\/www.suno.com.br\/noticias\/economia\/"},{"@type":"ListItem","position":3,"name":"Balan\u00e7a comercial registra super\u00e1vit de US$ 1,06 bilh\u00e3o em fevereiro"}]},{"@type":"WebSite","@id":"https:\/\/www.suno.com.br\/noticias\/#website","url":"https:\/\/www.suno.com.br\/noticias\/","name":"Suno Not\u00edcias","description":"Seu portal de informa\u00e7\u00e3o sobre o mundo dos investimentos","publisher":{"@id":"https:\/\/www.suno.com.br\/noticias\/#organization"},"potentialAction":[{"@type":"SearchAction","target":{"@type":"EntryPoint","urlTemplate":"https:\/\/www.suno.com.br\/noticias\/?s={search_term_string}"},"query-input":{"@type":"PropertyValueSpecification","valueRequired":true,"valueName":"search_term_string"}}],"inLanguage":"pt-BR"},{"@type":"Organization","@id":"https:\/\/www.suno.com.br\/noticias\/#organization","name":"Suno Not\u00edcias","url":"https:\/\/www.suno.com.br\/noticias\/","logo":{"@type":"ImageObject","inLanguage":"pt-BR","@id":"https:\/\/www.suno.com.br\/noticias\/#\/schema\/logo\/image\/","url":"https:\/\/files.sunoresearch.com.br\/n\/uploads\/2021\/09\/suno-logo.png","contentUrl":"https:\/\/files.sunoresearch.com.br\/n\/uploads\/2021\/09\/suno-logo.png","width":180,"height":180,"caption":"Suno Not\u00edcias"},"image":{"@id":"https:\/\/www.suno.com.br\/noticias\/#\/schema\/logo\/image\/"},"sameAs":["https:\/\/facebook.com\/sunoresearch","https:\/\/x.com\/sunoresearch","https:\/\/www.instagram.com\/suno","https:\/\/www.linkedin.com\/company\/suno-research\/","https:\/\/www.youtube.com\/c\/sunoresearch"]},{"@type":"Person","@id":"https:\/\/www.suno.com.br\/noticias\/#\/schema\/person\/fc144a1c6108bd1dcd43784e88a3c138","name":"Renan Bandeira","image":{"@type":"ImageObject","inLanguage":"pt-BR","@id":"https:\/\/www.suno.com.br\/noticias\/#\/schema\/person\/image\/","url":"https:\/\/secure.gravatar.com\/avatar\/68359cdb608f14f11bbefcb78f3fc747?s=96&r=g","contentUrl":"https:\/\/secure.gravatar.com\/avatar\/68359cdb608f14f11bbefcb78f3fc747?s=96&r=g","caption":"Renan Bandeira"},"description":"Renan Bandeira escreve sobre pol\u00edtica e economia para o portal da Suno Research. Antes da Suno, trabalhou em uma rede de televis\u00e3o, onde fazia reportagens sobre os mesmos temas. Estuda na Universidade Metodista de S\u00e3o Paulo.","url":"https:\/\/www.suno.com.br\/noticias\/author\/renan-bandeira\/"}]}},"default_loop_html":"<div class=\"cardsPage__listCard__boxs\"><div class=\"cardsPage__listCard__boxs__img\"><a href=\"https:\/\/www.suno.com.br\/noticias\/balanca-comercial-superavit-fevereiro\/\"><img class=\"mask\" src=\"https:\/\/www.suno.com.br\/noticias\/wp-content\/themes\/suno\/resources\/images\/spotlight\/spotlight1img\/bg-mask.png\" alt=\"Image Mask\"\/><img src=\"https:\/\/files.sunoresearch.com.br\/n\/uploads\/2019\/02\/3df039d3-balan\u00e7a-comercial-400x200.webp\" alt=\"Balan\u00e7a comercial registra super\u00e1vit de US$ 1,06 bilh\u00e3o em fevereiro\"\/><\/a><span class=\"spotlightCategory\"><a href=\"https:\/\/www.suno.com.br\/noticias\/economia\/\">Economia<\/a><\/span><\/div><div class=\"cardsPage__listCard__boxs__content\"><a href=\"https:\/\/www.suno.com.br\/noticias\/balanca-comercial-superavit-fevereiro\/\"><h2 class=\"content__title\">Balan\u00e7a comercial registra super\u00e1vit de US$ 1,06 bilh\u00e3o em fevereiro<\/h2><\/a><div class=\"newsContent__article__meta\"><div class=\"newsContent__article__meta__authorBox\"><a href=\"https:\/\/www.suno.com.br\/noticias\/author\/renan-bandeira\/\" class=\"authorBox__avatar noMobi\"><img src=\"https:\/\/secure.gravatar.com\/avatar\/68359cdb608f14f11bbefcb78f3fc747?s=96&#038;r=g\" alt=\"Renan Bandeira\"><\/a><div class=\"authorBox__name\"><span>por\n\t\t\t<a href=\"https:\/\/www.suno.com.br\/noticias\/author\/renan-bandeira\/\"><span itemprop=\"author\">Renan Bandeira<\/span><\/a><\/span><time datetime=\"2019-02-11T16:10:24-02:00\" itemprop=\"datePublished\">11\/02\/2019 16:10<\/time><\/div><\/div><\/div><\/div><\/div>","single_layout":"posts","amp_enabled":true,"_links":{"self":[{"href":"https:\/\/www.suno.com.br\/noticias\/wp-json\/wp\/v2\/posts\/14880"}],"collection":[{"href":"https:\/\/www.suno.com.br\/noticias\/wp-json\/wp\/v2\/posts"}],"about":[{"href":"https:\/\/www.suno.com.br\/noticias\/wp-json\/wp\/v2\/types\/post"}],"author":[{"embeddable":true,"href":"https:\/\/www.suno.com.br\/noticias\/wp-json\/wp\/v2\/users\/11"}],"replies":[{"embeddable":true,"href":"https:\/\/www.suno.com.br\/noticias\/wp-json\/wp\/v2\/comments?post=14880"}],"version-history":[{"count":0,"href":"https:\/\/www.suno.com.br\/noticias\/wp-json\/wp\/v2\/posts\/14880\/revisions"}],"wp:featuredmedia":[{"embeddable":true,"href":"https:\/\/www.suno.com.br\/noticias\/wp-json\/wp\/v2\/media\/14886"}],"wp:attachment":[{"href":"https:\/\/www.suno.com.br\/noticias\/wp-json\/wp\/v2\/media?parent=14880"}],"wp:term":[{"taxonomy":"category","embeddable":true,"href":"https:\/\/www.suno.com.br\/noticias\/wp-json\/wp\/v2\/categories?post=14880"},{"taxonomy":"post_tag","embeddable":true,"href":"https:\/\/www.suno.com.br\/noticias\/wp-json\/wp\/v2\/tags?post=14880"},{"taxonomy":"suno_strategy","embeddable":true,"href":"https:\/\/www.suno.com.br\/noticias\/wp-json\/wp\/v2\/suno_strategy?post=14880"}],"curies":[{"name":"wp","href":"https:\/\/api.w.org\/{rel}","templated":true}]}}