{"id":148781,"date":"2021-05-17T16:31:32","date_gmt":"2021-05-17T19:31:32","guid":{"rendered":"https:\/\/www.suno.com.br\/noticias\/?p=148781"},"modified":"2021-05-17T16:31:32","modified_gmt":"2021-05-17T19:31:32","slug":"forum-economico-mundial-cancela-reuniao-agosto","status":"publish","type":"post","link":"https:\/\/www.suno.com.br\/noticias\/forum-economico-mundial-cancela-reuniao-agosto\/","title":{"rendered":"F\u00f3rum Econ\u00f4mico Mundial cancela reuni\u00e3o marcada para agosto"},"content":{"rendered":"<p>A reuni\u00e3o anual do \u00a0<a href=\"https:\/\/www.suno.com.br\/artigos\/forum-economico-mundial\/\"><strong>F\u00f3rum Econ\u00f4mico Mundial <\/strong>(WEF, no acr\u00f4nimo\u00a0 em ingl\u00eas)<\/a><strong>,<\/strong> marcada para agosto em Cingapura, foi cancelada nesta segunda-feira (17), devido a pandemia de coronav\u00edrus (Covid-19).<\/p>\t<div class=\"wrapper-featured-image\">\n\t\t<figure class=\"spotlightImg\">\n\n\t\t\t<picture>\n\t\t\t\t<source media=\"(max-width: 768px)\" srcset=\"https:\/\/files.sunoresearch.com.br\/n\/uploads\/2021\/05\/082eeaf5-forum-economico-mundial-400x200.webp\">\n\t\t\t\t<img loading=\"lazy\" decoding=\"async\" class=\"newsContent__article__imgCapa lazyloadDisabled \" src=\"https:\/\/files.sunoresearch.com.br\/n\/uploads\/2021\/05\/082eeaf5-forum-economico-mundial-800x450.webp\" width=\"800\" height=\"450\" alt=\"F\u00f3rum Econ\u00f4mico Mundial cancela reuni\u00e3o marcada para agosto\" fetchpriority=high \/>\n\t\t\t<\/picture>\n\n\t\t\t<figcaption class=\"wp-caption-text wp-caption-text--show\">F\u00f3rum Econ\u00f4mico Mundial. Foto: Reprodu\u00e7\u00e3o Facebook<\/figcaption>\n\t\t<\/figure>\n\t<\/div>\n\n\n\t<p>\n\t\t<a href=\"https:\/\/lp.suno.com.br\/planilha-controle-gastos\/\" target=\"_blank\" data-element=\"shortcode-suno-banner\" title=\"Banner SUNO, clique e saiba mais\">\n\t\t\t<picture>\n\t\t\t\t<source media=\"(max-width: 500px)\" srcset=\"https:\/\/files.sunoresearch.com.br\/n\/uploads\/2023\/03\/400x300-Planilha-controle-de-gastos.png\">\n\t\t\t\t<img class=\"newsContent__article__imgCapa newsContent__article__imgCapa--banner\"\n\t\t\t\t\tsrc=\"https:\/\/files.sunoresearch.com.br\/n\/uploads\/2023\/03\/1420x240-Planilha-controle-de-gastos.png\"\n\t\t\t\t\tdata-promo-id=\"101751\"\t\t\t\t\t\t\t\t\t\twidth='1420' height='240'\t\t\t\t\talt=\"https:\/\/files.sunoresearch.com.br\/n\/uploads\/2023\/03\/1420x240-Planilha-controle-de-gastos.png\"\n\t\t\t\t>\n\t\t\t<\/picture>\n\t\t<\/a>\n\t<\/p>\n\n\n<p>&#8220;Lamentavelmente, as tr\u00e1gicas circunst\u00e2ncias que se desenrolam entre as geografias, uma perspectiva de viagem incerta, diferentes velocidades de implementa\u00e7\u00e3o da vacina\u00e7\u00e3o e a incerteza em torno de novas variantes se combinam para tornar imposs\u00edvel realizar um encontro global com l\u00edderes empresariais, governamentais e da sociedade civil de todo o mundo no escala que foi planejada. Isso apesar do excelente apoio fornecido pelo governo de <strong>Cingapura&#8221;,<\/strong> afirmou o F\u00f3rum Econ\u00f4mico Mundial em comunicado.<\/p>\n<p>A pr\u00f3xima reuni\u00e3o anual, de acordo com a nota, ser\u00e1 realizada no primeiro semestre de 2022, em local e data ainda n\u00e3o definidos.<\/p>\n<p><a href=\"https:\/\/lp.suno.com.br\/suno-one\/\">Suno One: acesse gratuitamente eBooks, Minicursos, Artigos e V\u00eddeo Aulas sobre investimentos com um \u00fanico cadastro. Clique para saber mais!<\/a><\/p>\n<p>&#8220;Foi uma decis\u00e3o dif\u00edcil, especialmente tendo em vista o grande interesse de nossos parceiros em se reunir n\u00e3o apenas virtualmente, mas pessoalmente, e contribuir para um mundo mais resiliente, mais inclusivo e mais sustent\u00e1vel&#8221;, disse o professor <strong>Klaus Schwab<\/strong>, fundador e presidente do F\u00f3rum Econ\u00f4mico Mundial. &#8220;Mas, em \u00faltima an\u00e1lise, a sa\u00fade e a seguran\u00e7a de todos os envolvidos s\u00e3o nossa maior prioridade&#8221;.<\/p>\n<h2>F\u00f3rum Econ\u00f4mico Mundial j\u00e1 havia sido adiado<\/h2>\n<p>Vale destacar que a reuni\u00e3o geralmente acontece na Su\u00ed\u00e7a no come\u00e7o do ano, mas em meio a <strong>pandemia<\/strong> o evento precisou mudar de endere\u00e7o, para Cingapura, e ser remarcado para maio e depois para agosto, antes de ser cancelado.<\/p>\n\t<div data-element=\"shortcode-read-more\" class=\"knowMore\">\n\t\t\t\t<span class=\"knowMore__title\">Saiba mais <\/span>\n\t\t\t\t<a class=\"knowMore__link\" href=\"https:\/\/www.suno.com.br\/noticias\/forum-economico-mundial-adiada-agosto\/\">\n\t\t\tReuni\u00e3o do F\u00f3rum Econ\u00f4mico Mundial \u00e9 adiada para agosto\t\t<\/a>\n\t<\/div>\n\n\n<p>Em dezembro do ano passado, o <strong>WEF<\/strong> anunciou que neste ano realizaria sua tradicional Reuni\u00e3o Anual n\u00e3o mais em <strong>Davos,<\/strong> na Su\u00ed\u00e7a, mas em <strong>Cingapura<\/strong>. Na \u00e9poca, o WEF havia afirmado que\u00a0 o evento deveria retornar <a href=\"https:\/\/www.suno.com.br\/artigos\/direto-de-davos\/\">a Davos<\/a> na reuni\u00e3o anual de 2022.<\/p>\n\t<p>\n\t\t<a href=\"https:\/\/lp.suno.com.br\/planilha-da-vida-financeira\/\" target=\"_blank\" data-element=\"shortcode-suno-banner\" title=\"Banner SUNO, clique e saiba mais\">\n\t\t\t<picture>\n\t\t\t\t<source media=\"(max-width: 500px)\" srcset=\"https:\/\/files.sunoresearch.com.br\/n\/uploads\/2023\/04\/400x300-Planilha-vida-financeira-true.png\">\n\t\t\t\t<img class=\"newsContent__article__imgCapa newsContent__article__imgCapa--banner\"\n\t\t\t\t\tsrc=\"https:\/\/files.sunoresearch.com.br\/n\/uploads\/2023\/04\/1420x240-Planilha-vida-financeira-true.png\"\n\t\t\t\t\tdata-promo-id=\"106682\"\t\t\t\t\t\t\t\t\t\twidth='1420' height='240'\t\t\t\t\talt=\"https:\/\/files.sunoresearch.com.br\/n\/uploads\/2023\/04\/1420x240-Planilha-vida-financeira-true.png\"\n\t\t\t\t>\n\t\t\t<\/picture>\n\t\t<\/a>\n\t<\/p>\n\n\n<p>A reuni\u00e3o do <strong>F\u00f3rum Econ\u00f4mico Mundial <\/strong>que estava marcada para agosto, seria presencial e reuniria l\u00edderes do mundo inteiro para se concentrar na formula\u00e7\u00e3o de solu\u00e7\u00f5es para os desafios mais urgentes do mundo.<\/p>\n<p><em>Com informa\u00e7\u00f5es do Estad\u00e3o Conte\u00fado.<\/em><\/p>\n\t<p>\n\t\t<a href=\"https:\/\/lp.suno.com.br\/planilha-de-controle-de-investimentos\/\" target=\"_blank\" data-element=\"shortcode-suno-banner\" title=\"Banner SUNO, clique e saiba mais\">\n\t\t\t<picture>\n\t\t\t\t<source media=\"(max-width: 500px)\" srcset=\"https:\/\/files.sunoresearch.com.br\/n\/uploads\/2023\/03\/400x300-Controle-de-Investimentos.png\">\n\t\t\t\t<img class=\"newsContent__article__imgCapa newsContent__article__imgCapa--banner\"\n\t\t\t\t\tsrc=\"https:\/\/files.sunoresearch.com.br\/n\/uploads\/2023\/03\/1420x240-Controle-de-Investimentos.png\"\n\t\t\t\t\tdata-promo-id=\"75934\"\t\t\t\t\t\t\t\t\t\twidth='1420' height='240'\t\t\t\t\talt=\"https:\/\/files.sunoresearch.com.br\/n\/uploads\/2023\/03\/1420x240-Controle-de-Investimentos.png\"\n\t\t\t\t>\n\t\t\t<\/picture>\n\t\t<\/a>\n\t<\/p>\n\n\n","protected":false},"excerpt":{"rendered":"<p>A reuni\u00e3o anual do \u00a0F\u00f3rum Econ\u00f4mico Mundial (WEF, no acr\u00f4nimo\u00a0 em ingl\u00eas), marcada para agosto em Cingapura, foi cancelada nesta segunda-feira (17), devido a pandemia de coronav\u00edrus (Covid-19). F\u00f3rum Econ\u00f4mico Mundial. Foto: Reprodu\u00e7\u00e3o Facebook &#8220;Lamentavelmente, as tr\u00e1gicas circunst\u00e2ncias que se desenrolam entre as geografias, uma perspectiva de viagem incerta, diferentes velocidades de implementa\u00e7\u00e3o da vacina\u00e7\u00e3o [&hellip;]<\/p>\n","protected":false},"author":39,"featured_media":148869,"comment_status":"closed","ping_status":"closed","sticky":false,"template":"","format":"standard","meta":[],"categories":[64],"tags":[972,961],"suno_strategy":[],"class_list":["post-148781","post","type-post","status-publish","format-standard","has-post-thumbnail","hentry","category-negocios","tag-davos","tag-forum-economico-mundial"],"yoast_head":"<!-- This site is optimized with the Yoast SEO plugin v24.4 - https:\/\/yoast.com\/wordpress\/plugins\/seo\/ -->\n<title>F\u00f3rum Econ\u00f4mico Mundial cancela reuni\u00e3o marcada para agosto<\/title>\n<meta name=\"description\" content=\"A reuni\u00e3o anual do \u00a0F\u00f3rum Econ\u00f4mico Mundial, marcada para agosto em Cingapura, foi cancelada por causa da pandemia. Clique aqui e saiba mais.\" \/>\n<meta name=\"robots\" content=\"index, follow, max-snippet:-1, max-image-preview:large, max-video-preview:-1\" \/>\n<link rel=\"canonical\" href=\"https:\/\/www.suno.com.br\/noticias\/forum-economico-mundial-cancela-reuniao-agosto\/\" \/>\n<meta property=\"og:locale\" content=\"pt_BR\" \/>\n<meta property=\"og:type\" content=\"article\" \/>\n<meta property=\"og:title\" content=\"F\u00f3rum Econ\u00f4mico Mundial cancela reuni\u00e3o marcada para agosto\" \/>\n<meta property=\"og:description\" content=\"A reuni\u00e3o anual do \u00a0F\u00f3rum Econ\u00f4mico Mundial, marcada para agosto em Cingapura, foi cancelada por causa da pandemia. Clique aqui e saiba mais.\" \/>\n<meta property=\"og:url\" content=\"https:\/\/www.suno.com.br\/noticias\/forum-economico-mundial-cancela-reuniao-agosto\/\" \/>\n<meta property=\"og:site_name\" content=\"Suno Not\u00edcias\" \/>\n<meta property=\"article:publisher\" content=\"https:\/\/facebook.com\/sunoresearch\" \/>\n<meta property=\"og:image\" content=\"https:\/\/files.sunoresearch.com.br\/n\/uploads\/2021\/05\/082eeaf5-forum-economico-mundial.jpg\" \/>\n\t<meta property=\"og:image:width\" content=\"2048\" \/>\n\t<meta property=\"og:image:height\" content=\"1365\" \/>\n\t<meta property=\"og:image:type\" content=\"image\/jpeg\" \/>\n<meta name=\"author\" content=\"Laura Moutinho\" \/>\n<meta name=\"twitter:card\" content=\"summary_large_image\" \/>\n<meta name=\"twitter:creator\" content=\"@sunoresearch\" \/>\n<meta name=\"twitter:site\" content=\"@sunoresearch\" \/>\n<meta name=\"twitter:label1\" content=\"Escrito por\" \/>\n\t<meta name=\"twitter:data1\" content=\"Laura Moutinho\" \/>\n\t<meta name=\"twitter:label2\" content=\"Est. tempo de leitura\" \/>\n\t<meta name=\"twitter:data2\" content=\"2 minutos\" \/>\n<script type=\"application\/ld+json\" class=\"yoast-schema-graph\">{\"@context\":\"https:\/\/schema.org\",\"@graph\":[{\"@type\":\"NewsArticle\",\"@id\":\"https:\/\/www.suno.com.br\/noticias\/forum-economico-mundial-cancela-reuniao-agosto\/#article\",\"isPartOf\":{\"@id\":\"https:\/\/www.suno.com.br\/noticias\/forum-economico-mundial-cancela-reuniao-agosto\/\"},\"author\":{\"name\":\"Laura Moutinho\",\"@id\":\"https:\/\/www.suno.com.br\/noticias\/#\/schema\/person\/3df0d2808748b74496efe5dbeaef2c72\"},\"headline\":\"F\u00f3rum Econ\u00f4mico Mundial cancela reuni\u00e3o marcada para agosto\",\"datePublished\":\"2021-05-17T19:31:32+00:00\",\"mainEntityOfPage\":{\"@id\":\"https:\/\/www.suno.com.br\/noticias\/forum-economico-mundial-cancela-reuniao-agosto\/\"},\"wordCount\":404,\"publisher\":{\"@id\":\"https:\/\/www.suno.com.br\/noticias\/#organization\"},\"image\":{\"@id\":\"https:\/\/www.suno.com.br\/noticias\/forum-economico-mundial-cancela-reuniao-agosto\/#primaryimage\"},\"thumbnailUrl\":\"https:\/\/files.sunoresearch.com.br\/n\/uploads\/2021\/05\/082eeaf5-forum-economico-mundial-jpg.webp\",\"keywords\":[\"Davos\",\"F\u00f3rum Econ\u00f4mico Mundial\"],\"articleSection\":[\"Neg\u00f3cios\"],\"inLanguage\":\"pt-BR\"},{\"@type\":\"WebPage\",\"@id\":\"https:\/\/www.suno.com.br\/noticias\/forum-economico-mundial-cancela-reuniao-agosto\/\",\"url\":\"https:\/\/www.suno.com.br\/noticias\/forum-economico-mundial-cancela-reuniao-agosto\/\",\"name\":\"F\u00f3rum Econ\u00f4mico Mundial cancela reuni\u00e3o marcada para agosto\",\"isPartOf\":{\"@id\":\"https:\/\/www.suno.com.br\/noticias\/#website\"},\"primaryImageOfPage\":{\"@id\":\"https:\/\/www.suno.com.br\/noticias\/forum-economico-mundial-cancela-reuniao-agosto\/#primaryimage\"},\"image\":{\"@id\":\"https:\/\/www.suno.com.br\/noticias\/forum-economico-mundial-cancela-reuniao-agosto\/#primaryimage\"},\"thumbnailUrl\":\"https:\/\/files.sunoresearch.com.br\/n\/uploads\/2021\/05\/082eeaf5-forum-economico-mundial-jpg.webp\",\"datePublished\":\"2021-05-17T19:31:32+00:00\",\"description\":\"A reuni\u00e3o anual do \u00a0F\u00f3rum Econ\u00f4mico Mundial, marcada para agosto em Cingapura, foi cancelada por causa da pandemia. Clique aqui e saiba mais.\",\"breadcrumb\":{\"@id\":\"https:\/\/www.suno.com.br\/noticias\/forum-economico-mundial-cancela-reuniao-agosto\/#breadcrumb\"},\"inLanguage\":\"pt-BR\",\"potentialAction\":[{\"@type\":\"ReadAction\",\"target\":[\"https:\/\/www.suno.com.br\/noticias\/forum-economico-mundial-cancela-reuniao-agosto\/\"]}]},{\"@type\":\"ImageObject\",\"inLanguage\":\"pt-BR\",\"@id\":\"https:\/\/www.suno.com.br\/noticias\/forum-economico-mundial-cancela-reuniao-agosto\/#primaryimage\",\"url\":\"https:\/\/files.sunoresearch.com.br\/n\/uploads\/2021\/05\/082eeaf5-forum-economico-mundial-jpg.webp\",\"contentUrl\":\"https:\/\/files.sunoresearch.com.br\/n\/uploads\/2021\/05\/082eeaf5-forum-economico-mundial-jpg.webp\",\"width\":2048,\"height\":1365,\"caption\":\"F\u00f3rum Econ\u00f4mico Mundial. Foto: Reprodu\u00e7\u00e3o Facebook\"},{\"@type\":\"BreadcrumbList\",\"@id\":\"https:\/\/www.suno.com.br\/noticias\/forum-economico-mundial-cancela-reuniao-agosto\/#breadcrumb\",\"itemListElement\":[{\"@type\":\"ListItem\",\"position\":1,\"name\":\"Not\u00edcias\",\"item\":\"https:\/\/www.suno.com.br\/noticias\/\"},{\"@type\":\"ListItem\",\"position\":2,\"name\":\"Neg\u00f3cios\",\"item\":\"https:\/\/www.suno.com.br\/noticias\/negocios\/\"},{\"@type\":\"ListItem\",\"position\":3,\"name\":\"F\u00f3rum Econ\u00f4mico Mundial cancela reuni\u00e3o marcada para agosto\"}]},{\"@type\":\"WebSite\",\"@id\":\"https:\/\/www.suno.com.br\/noticias\/#website\",\"url\":\"https:\/\/www.suno.com.br\/noticias\/\",\"name\":\"Suno Not\u00edcias\",\"description\":\"Seu portal de informa\u00e7\u00e3o sobre o mundo dos investimentos\",\"publisher\":{\"@id\":\"https:\/\/www.suno.com.br\/noticias\/#organization\"},\"potentialAction\":[{\"@type\":\"SearchAction\",\"target\":{\"@type\":\"EntryPoint\",\"urlTemplate\":\"https:\/\/www.suno.com.br\/noticias\/?s={search_term_string}\"},\"query-input\":{\"@type\":\"PropertyValueSpecification\",\"valueRequired\":true,\"valueName\":\"search_term_string\"}}],\"inLanguage\":\"pt-BR\"},{\"@type\":\"Organization\",\"@id\":\"https:\/\/www.suno.com.br\/noticias\/#organization\",\"name\":\"Suno Not\u00edcias\",\"url\":\"https:\/\/www.suno.com.br\/noticias\/\",\"logo\":{\"@type\":\"ImageObject\",\"inLanguage\":\"pt-BR\",\"@id\":\"https:\/\/www.suno.com.br\/noticias\/#\/schema\/logo\/image\/\",\"url\":\"https:\/\/files.sunoresearch.com.br\/n\/uploads\/2021\/09\/suno-logo.png\",\"contentUrl\":\"https:\/\/files.sunoresearch.com.br\/n\/uploads\/2021\/09\/suno-logo.png\",\"width\":180,\"height\":180,\"caption\":\"Suno Not\u00edcias\"},\"image\":{\"@id\":\"https:\/\/www.suno.com.br\/noticias\/#\/schema\/logo\/image\/\"},\"sameAs\":[\"https:\/\/facebook.com\/sunoresearch\",\"https:\/\/x.com\/sunoresearch\",\"https:\/\/www.instagram.com\/suno\",\"https:\/\/www.linkedin.com\/company\/suno-research\/\",\"https:\/\/www.youtube.com\/c\/sunoresearch\"]},{\"@type\":\"Person\",\"@id\":\"https:\/\/www.suno.com.br\/noticias\/#\/schema\/person\/3df0d2808748b74496efe5dbeaef2c72\",\"name\":\"Laura Moutinho\",\"image\":{\"@type\":\"ImageObject\",\"inLanguage\":\"pt-BR\",\"@id\":\"https:\/\/www.suno.com.br\/noticias\/#\/schema\/person\/image\/\",\"url\":\"https:\/\/secure.gravatar.com\/avatar\/7571c7c8ca3a6fca5e41384ece5557ff?s=96&r=g\",\"contentUrl\":\"https:\/\/secure.gravatar.com\/avatar\/7571c7c8ca3a6fca5e41384ece5557ff?s=96&r=g\",\"caption\":\"Laura Moutinho\"},\"description\":\"Estagi\u00e1ria na Suno Not\u00edcias, escreve not\u00edcias que afetam o mercado financeiro. Estuda administra\u00e7\u00e3o na Universidade Presbiteriana Mackenzie.\",\"url\":\"https:\/\/www.suno.com.br\/noticias\/author\/laura-moutinho\/\"}]}<\/script>\n<!-- \/ Yoast SEO plugin. -->","yoast_head_json":{"title":"F\u00f3rum Econ\u00f4mico Mundial cancela reuni\u00e3o marcada para agosto","description":"A reuni\u00e3o anual do \u00a0F\u00f3rum Econ\u00f4mico Mundial, marcada para agosto em Cingapura, foi cancelada por causa da pandemia. Clique aqui e saiba mais.","robots":{"index":"index","follow":"follow","max-snippet":"max-snippet:-1","max-image-preview":"max-image-preview:large","max-video-preview":"max-video-preview:-1"},"canonical":"https:\/\/www.suno.com.br\/noticias\/forum-economico-mundial-cancela-reuniao-agosto\/","og_locale":"pt_BR","og_type":"article","og_title":"F\u00f3rum Econ\u00f4mico Mundial cancela reuni\u00e3o marcada para agosto","og_description":"A reuni\u00e3o anual do \u00a0F\u00f3rum Econ\u00f4mico Mundial, marcada para agosto em Cingapura, foi cancelada por causa da pandemia. Clique aqui e saiba mais.","og_url":"https:\/\/www.suno.com.br\/noticias\/forum-economico-mundial-cancela-reuniao-agosto\/","og_site_name":"Suno Not\u00edcias","article_publisher":"https:\/\/facebook.com\/sunoresearch","og_image":[{"width":2048,"height":1365,"url":"https:\/\/files.sunoresearch.com.br\/n\/uploads\/2021\/05\/082eeaf5-forum-economico-mundial.jpg","type":"image\/jpeg"}],"author":"Laura Moutinho","twitter_card":"summary_large_image","twitter_creator":"@sunoresearch","twitter_site":"@sunoresearch","twitter_misc":{"Escrito por":"Laura Moutinho","Est. tempo de leitura":"2 minutos"},"schema":{"@context":"https:\/\/schema.org","@graph":[{"@type":"NewsArticle","@id":"https:\/\/www.suno.com.br\/noticias\/forum-economico-mundial-cancela-reuniao-agosto\/#article","isPartOf":{"@id":"https:\/\/www.suno.com.br\/noticias\/forum-economico-mundial-cancela-reuniao-agosto\/"},"author":{"name":"Laura Moutinho","@id":"https:\/\/www.suno.com.br\/noticias\/#\/schema\/person\/3df0d2808748b74496efe5dbeaef2c72"},"headline":"F\u00f3rum Econ\u00f4mico Mundial cancela reuni\u00e3o marcada para agosto","datePublished":"2021-05-17T19:31:32+00:00","mainEntityOfPage":{"@id":"https:\/\/www.suno.com.br\/noticias\/forum-economico-mundial-cancela-reuniao-agosto\/"},"wordCount":404,"publisher":{"@id":"https:\/\/www.suno.com.br\/noticias\/#organization"},"image":{"@id":"https:\/\/www.suno.com.br\/noticias\/forum-economico-mundial-cancela-reuniao-agosto\/#primaryimage"},"thumbnailUrl":"https:\/\/files.sunoresearch.com.br\/n\/uploads\/2021\/05\/082eeaf5-forum-economico-mundial-jpg.webp","keywords":["Davos","F\u00f3rum Econ\u00f4mico Mundial"],"articleSection":["Neg\u00f3cios"],"inLanguage":"pt-BR"},{"@type":"WebPage","@id":"https:\/\/www.suno.com.br\/noticias\/forum-economico-mundial-cancela-reuniao-agosto\/","url":"https:\/\/www.suno.com.br\/noticias\/forum-economico-mundial-cancela-reuniao-agosto\/","name":"F\u00f3rum Econ\u00f4mico Mundial cancela reuni\u00e3o marcada para agosto","isPartOf":{"@id":"https:\/\/www.suno.com.br\/noticias\/#website"},"primaryImageOfPage":{"@id":"https:\/\/www.suno.com.br\/noticias\/forum-economico-mundial-cancela-reuniao-agosto\/#primaryimage"},"image":{"@id":"https:\/\/www.suno.com.br\/noticias\/forum-economico-mundial-cancela-reuniao-agosto\/#primaryimage"},"thumbnailUrl":"https:\/\/files.sunoresearch.com.br\/n\/uploads\/2021\/05\/082eeaf5-forum-economico-mundial-jpg.webp","datePublished":"2021-05-17T19:31:32+00:00","description":"A reuni\u00e3o anual do \u00a0F\u00f3rum Econ\u00f4mico Mundial, marcada para agosto em Cingapura, foi cancelada por causa da pandemia. Clique aqui e saiba mais.","breadcrumb":{"@id":"https:\/\/www.suno.com.br\/noticias\/forum-economico-mundial-cancela-reuniao-agosto\/#breadcrumb"},"inLanguage":"pt-BR","potentialAction":[{"@type":"ReadAction","target":["https:\/\/www.suno.com.br\/noticias\/forum-economico-mundial-cancela-reuniao-agosto\/"]}]},{"@type":"ImageObject","inLanguage":"pt-BR","@id":"https:\/\/www.suno.com.br\/noticias\/forum-economico-mundial-cancela-reuniao-agosto\/#primaryimage","url":"https:\/\/files.sunoresearch.com.br\/n\/uploads\/2021\/05\/082eeaf5-forum-economico-mundial-jpg.webp","contentUrl":"https:\/\/files.sunoresearch.com.br\/n\/uploads\/2021\/05\/082eeaf5-forum-economico-mundial-jpg.webp","width":2048,"height":1365,"caption":"F\u00f3rum Econ\u00f4mico Mundial. Foto: Reprodu\u00e7\u00e3o Facebook"},{"@type":"BreadcrumbList","@id":"https:\/\/www.suno.com.br\/noticias\/forum-economico-mundial-cancela-reuniao-agosto\/#breadcrumb","itemListElement":[{"@type":"ListItem","position":1,"name":"Not\u00edcias","item":"https:\/\/www.suno.com.br\/noticias\/"},{"@type":"ListItem","position":2,"name":"Neg\u00f3cios","item":"https:\/\/www.suno.com.br\/noticias\/negocios\/"},{"@type":"ListItem","position":3,"name":"F\u00f3rum Econ\u00f4mico Mundial cancela reuni\u00e3o marcada para agosto"}]},{"@type":"WebSite","@id":"https:\/\/www.suno.com.br\/noticias\/#website","url":"https:\/\/www.suno.com.br\/noticias\/","name":"Suno Not\u00edcias","description":"Seu portal de informa\u00e7\u00e3o sobre o mundo dos investimentos","publisher":{"@id":"https:\/\/www.suno.com.br\/noticias\/#organization"},"potentialAction":[{"@type":"SearchAction","target":{"@type":"EntryPoint","urlTemplate":"https:\/\/www.suno.com.br\/noticias\/?s={search_term_string}"},"query-input":{"@type":"PropertyValueSpecification","valueRequired":true,"valueName":"search_term_string"}}],"inLanguage":"pt-BR"},{"@type":"Organization","@id":"https:\/\/www.suno.com.br\/noticias\/#organization","name":"Suno Not\u00edcias","url":"https:\/\/www.suno.com.br\/noticias\/","logo":{"@type":"ImageObject","inLanguage":"pt-BR","@id":"https:\/\/www.suno.com.br\/noticias\/#\/schema\/logo\/image\/","url":"https:\/\/files.sunoresearch.com.br\/n\/uploads\/2021\/09\/suno-logo.png","contentUrl":"https:\/\/files.sunoresearch.com.br\/n\/uploads\/2021\/09\/suno-logo.png","width":180,"height":180,"caption":"Suno Not\u00edcias"},"image":{"@id":"https:\/\/www.suno.com.br\/noticias\/#\/schema\/logo\/image\/"},"sameAs":["https:\/\/facebook.com\/sunoresearch","https:\/\/x.com\/sunoresearch","https:\/\/www.instagram.com\/suno","https:\/\/www.linkedin.com\/company\/suno-research\/","https:\/\/www.youtube.com\/c\/sunoresearch"]},{"@type":"Person","@id":"https:\/\/www.suno.com.br\/noticias\/#\/schema\/person\/3df0d2808748b74496efe5dbeaef2c72","name":"Laura Moutinho","image":{"@type":"ImageObject","inLanguage":"pt-BR","@id":"https:\/\/www.suno.com.br\/noticias\/#\/schema\/person\/image\/","url":"https:\/\/secure.gravatar.com\/avatar\/7571c7c8ca3a6fca5e41384ece5557ff?s=96&r=g","contentUrl":"https:\/\/secure.gravatar.com\/avatar\/7571c7c8ca3a6fca5e41384ece5557ff?s=96&r=g","caption":"Laura Moutinho"},"description":"Estagi\u00e1ria na Suno Not\u00edcias, escreve not\u00edcias que afetam o mercado financeiro. Estuda administra\u00e7\u00e3o na Universidade Presbiteriana Mackenzie.","url":"https:\/\/www.suno.com.br\/noticias\/author\/laura-moutinho\/"}]}},"default_loop_html":"<div class=\"cardsPage__listCard__boxs\"><div class=\"cardsPage__listCard__boxs__img\"><a href=\"https:\/\/www.suno.com.br\/noticias\/forum-economico-mundial-cancela-reuniao-agosto\/\"><img class=\"mask\" src=\"https:\/\/www.suno.com.br\/noticias\/wp-content\/themes\/suno\/resources\/images\/spotlight\/spotlight1img\/bg-mask.png\" alt=\"Image Mask\"\/><img src=\"https:\/\/files.sunoresearch.com.br\/n\/uploads\/2021\/05\/082eeaf5-forum-economico-mundial-400x200.webp\" alt=\"F\u00f3rum Econ\u00f4mico Mundial cancela reuni\u00e3o marcada para agosto\"\/><\/a><span class=\"spotlightCategory\"><a href=\"https:\/\/www.suno.com.br\/noticias\/negocios\/\">Neg\u00f3cios<\/a><\/span><\/div><div class=\"cardsPage__listCard__boxs__content\"><a href=\"https:\/\/www.suno.com.br\/noticias\/forum-economico-mundial-cancela-reuniao-agosto\/\"><h2 class=\"content__title\">F\u00f3rum Econ\u00f4mico Mundial cancela reuni\u00e3o marcada para agosto<\/h2><\/a><div class=\"newsContent__article__meta\"><div class=\"newsContent__article__meta__authorBox\"><a href=\"https:\/\/www.suno.com.br\/noticias\/author\/laura-moutinho\/\" class=\"authorBox__avatar noMobi\"><img src=\"https:\/\/files.sunoresearch.com.br\/n\/uploads\/2020\/08\/531ff69d-whatsapp-image-2020-08-03-at-14.54.38-150x150.webp\" alt=\"Laura Moutinho\"><\/a><div class=\"authorBox__name\"><span>por\n\t\t\t<a href=\"https:\/\/www.suno.com.br\/noticias\/author\/laura-moutinho\/\"><span itemprop=\"author\">Laura Moutinho<\/span><\/a><\/span><time datetime=\"2021-05-17T16:31:32-03:00\" itemprop=\"datePublished\">17\/05\/2021 16:31<\/time><\/div><\/div><\/div><\/div><\/div>","single_layout":"posts","amp_enabled":true,"_links":{"self":[{"href":"https:\/\/www.suno.com.br\/noticias\/wp-json\/wp\/v2\/posts\/148781"}],"collection":[{"href":"https:\/\/www.suno.com.br\/noticias\/wp-json\/wp\/v2\/posts"}],"about":[{"href":"https:\/\/www.suno.com.br\/noticias\/wp-json\/wp\/v2\/types\/post"}],"author":[{"embeddable":true,"href":"https:\/\/www.suno.com.br\/noticias\/wp-json\/wp\/v2\/users\/39"}],"replies":[{"embeddable":true,"href":"https:\/\/www.suno.com.br\/noticias\/wp-json\/wp\/v2\/comments?post=148781"}],"version-history":[{"count":2,"href":"https:\/\/www.suno.com.br\/noticias\/wp-json\/wp\/v2\/posts\/148781\/revisions"}],"predecessor-version":[{"id":148870,"href":"https:\/\/www.suno.com.br\/noticias\/wp-json\/wp\/v2\/posts\/148781\/revisions\/148870"}],"wp:featuredmedia":[{"embeddable":true,"href":"https:\/\/www.suno.com.br\/noticias\/wp-json\/wp\/v2\/media\/148869"}],"wp:attachment":[{"href":"https:\/\/www.suno.com.br\/noticias\/wp-json\/wp\/v2\/media?parent=148781"}],"wp:term":[{"taxonomy":"category","embeddable":true,"href":"https:\/\/www.suno.com.br\/noticias\/wp-json\/wp\/v2\/categories?post=148781"},{"taxonomy":"post_tag","embeddable":true,"href":"https:\/\/www.suno.com.br\/noticias\/wp-json\/wp\/v2\/tags?post=148781"},{"taxonomy":"suno_strategy","embeddable":true,"href":"https:\/\/www.suno.com.br\/noticias\/wp-json\/wp\/v2\/suno_strategy?post=148781"}],"curies":[{"name":"wp","href":"https:\/\/api.w.org\/{rel}","templated":true}]}}