{"id":148726,"date":"2021-05-17T10:40:33","date_gmt":"2021-05-17T13:40:33","guid":{"rendered":"https:\/\/www.suno.com.br\/noticias\/?p=148726"},"modified":"2021-05-29T20:49:51","modified_gmt":"2021-05-29T23:49:51","slug":"ibovespa-cpi-dados-economicos-china-17052021","status":"publish","type":"post","link":"https:\/\/www.suno.com.br\/noticias\/ibovespa-cpi-dados-economicos-china-17052021\/","title":{"rendered":"Ibovespa abre semana em leve alta, com dados econ\u00f4micos e CPI no radar"},"content":{"rendered":"<p>O <strong>Ibovespa<\/strong> abriu de forma est\u00e1vel na manh\u00e3 desta segunda-feira (17), com o cen\u00e1rio externo ditando o caminho do mercado brasileiro. No front interno, dados econ\u00f4micos e quest\u00f5es relacionadas \u00e0 Comiss\u00e3o Parlamentar de Inqu\u00e9rito (CPI) seguem no radar dos investidores.<\/p>\t<div class=\"wrapper-featured-image\">\n\t\t<figure class=\"spotlightImg\">\n\n\t\t\t<picture>\n\t\t\t\t<source media=\"(max-width: 768px)\" srcset=\"https:\/\/files.sunoresearch.com.br\/n\/uploads\/2021\/03\/0499458f-stock-2463798_1280-400x200.webp\">\n\t\t\t\t<img loading=\"lazy\" decoding=\"async\" class=\"newsContent__article__imgCapa lazyloadDisabled \" src=\"https:\/\/files.sunoresearch.com.br\/n\/uploads\/2021\/03\/0499458f-stock-2463798_1280-800x450.webp\" width=\"800\" height=\"450\" alt=\"Ibovespa abre semana em leve alta, com dados econ\u00f4micos e CPI no radar\" fetchpriority=high \/>\n\t\t\t<\/picture>\n\n\t\t\t<figcaption class=\"wp-caption-text wp-caption-text--show\">Ibovespa. Foto: Pixabay<\/figcaption>\n\t\t<\/figure>\n\t<\/div>\n\n\n\t<p>\n\t\t<a href=\"https:\/\/lp.suno.com.br\/planilha-controle-gastos\/\" target=\"_blank\" data-element=\"shortcode-suno-banner\" title=\"Banner SUNO, clique e saiba mais\">\n\t\t\t<picture>\n\t\t\t\t<source media=\"(max-width: 500px)\" srcset=\"https:\/\/files.sunoresearch.com.br\/n\/uploads\/2023\/03\/400x300-Planilha-controle-de-gastos.png\">\n\t\t\t\t<img class=\"newsContent__article__imgCapa newsContent__article__imgCapa--banner\"\n\t\t\t\t\tsrc=\"https:\/\/files.sunoresearch.com.br\/n\/uploads\/2023\/03\/1420x240-Planilha-controle-de-gastos.png\"\n\t\t\t\t\tdata-promo-id=\"101751\"\t\t\t\t\t\t\t\t\t\twidth='1420' height='240'\t\t\t\t\talt=\"https:\/\/files.sunoresearch.com.br\/n\/uploads\/2023\/03\/1420x240-Planilha-controle-de-gastos.png\"\n\t\t\t\t>\n\t\t\t<\/picture>\n\t\t<\/a>\n\t<\/p>\n\n\n<p>Por volta das 10h36, o <a href=\"https:\/\/www.suno.com.br\/artigos\/ibovespa\/\">Ibovespa subia 0,16%<\/a>, para 122.074 pontos. O d\u00f3lar tamb\u00e9m opera em alta nesta manh\u00e3, negociado a R$ 5,30 na venda. O <strong>DI futuro<\/strong> para janeiro de 2022 avan\u00e7a 0,81 ponto percentual, para 4,97%.<\/p>\n<p>As vendas no varejo chinesas cresceram 17,7% em abril, na base anualizada. O resultado \u00e9 visto como um term\u00f4metro da atividade econ\u00f4mica da pot\u00eancia asi\u00e1tica. A previs\u00e3o de analistas consultados pelo jornal <em>The Wall Street Journal<\/em> era de alta maior, de 24,9%.<\/p>\n<p>Contudo, os investidores observaram os n\u00fameros da <strong>China<\/strong> de forma satisfat\u00f3ria. A Bolsa de Xangai subiu 0,78%, contrariando o sentido das outras Bolsas da regi\u00e3o.<\/p>\n<p><a href=\"https:\/\/lp.suno.com.br\/suno-one\/\"><span style=\"font-weight: 400;\">Suno One: acesse gratuitamente eBooks, Minicursos, Artigos e Video Aulas sobre investimentos com um \u00fanico cadastro. Clique para saber mais!<\/span><\/a><\/p>\n<p>Na pr\u00f3xima quarta-feira (19), o <a href=\"https:\/\/www.suno.com.br\/artigos\/fomc\/\">Comit\u00ea Federal de Mercado Aberto (<strong>FOMC<\/strong><\/a>, na sigla em ingl\u00eas) apresentar\u00e1 a ata de seu \u00faltimo encontro. Nos \u00faltimos meses, os integrantes do <a href=\"https:\/\/www.suno.com.br\/artigos\/fed\/\">Federal Reserve (<strong>Fed<\/strong>)<\/a> t\u00eam refor\u00e7ado a posi\u00e7\u00e3o de que as press\u00f5es inflacion\u00e1rias s\u00e3o tempor\u00e1rias e est\u00e3o sob controle.<\/p>\n<p>Na \u00faltima semana, os mercados acion\u00e1rios estadunidenses foram penalizados pelas preocupa\u00e7\u00f5es com a possibilidade de aumento da <strong>taxa de juros<\/strong> nos Estados Unidos. O aumento de pre\u00e7os para os consumidores e produtos ficaram significativamente acima do esperado pelo mercado.<\/p>\n\n\t<div data-element=\"shortcode-read-more\" class=\"readToo\">\n\t\t\t\t<span class=\"readToo__title\">Saiba mais<\/span>\n\t\t\t\t<ul class=\"readToo__list\">\n\t\t\t<li><a href=\"https:\/\/www.suno.com.br\/noticias\/dolar-enfraquecimento-global-especialista\/\">D\u00f3lar entrar\u00e1 em processo de enfraquecimento global, diz estrategista da Laatus<\/a><\/li><li><a href=\"https:\/\/www.suno.com.br\/noticias\/caixa-economica-ipo-brk-ambiental-lvi\/\">Caixa Econ\u00f4mica visa IPO de BRK Ambiental e LVi no segundo semestre, diz coluna<\/a><\/li>\t\t<\/ul>\n\t<\/div>\n\n\n<p>Por aqui, as aten\u00e7\u00f5es s\u00e3o voltadas para a CPI da Covid. H\u00e1 a expectativa pela participa\u00e7\u00e3o do ex-ministro da Sa\u00fade, general <strong>Eduardo Pazuello<\/strong>, na quarta-feira.<\/p>\n<p>Foi durante a gest\u00e3o de Pazuello que a farmac\u00eautica Pfizer fez as ofertas de seu imunizante ao Brasil, as quais ficaram sem respostas do governo federal. O ministro foi o terceiro e o que mais tempo ficou no cargo durante a pandemia.<\/p>\n<p>A economia do Brasil avan\u00e7ou 1,7% no primeiro trimestre deste ano na compara\u00e7\u00e3o com os tr\u00eas meses anteriores, na an\u00e1lise da s\u00e9rie dessazonalizada, de acordo com o Monitor do PIB divulgado nesta segunda pela Funda\u00e7\u00e3o Getulio Vargas (FGV).<\/p>\n\t<p>\n\t\t<a href=\"https:\/\/lp.suno.com.br\/planilha-da-vida-financeira\/\" target=\"_blank\" data-element=\"shortcode-suno-banner\" title=\"Banner SUNO, clique e saiba mais\">\n\t\t\t<picture>\n\t\t\t\t<source media=\"(max-width: 500px)\" srcset=\"https:\/\/files.sunoresearch.com.br\/n\/uploads\/2023\/04\/400x300-Planilha-vida-financeira-true.png\">\n\t\t\t\t<img class=\"newsContent__article__imgCapa newsContent__article__imgCapa--banner\"\n\t\t\t\t\tsrc=\"https:\/\/files.sunoresearch.com.br\/n\/uploads\/2023\/04\/1420x240-Planilha-vida-financeira-true.png\"\n\t\t\t\t\tdata-promo-id=\"106682\"\t\t\t\t\t\t\t\t\t\twidth='1420' height='240'\t\t\t\t\talt=\"https:\/\/files.sunoresearch.com.br\/n\/uploads\/2023\/04\/1420x240-Planilha-vida-financeira-true.png\"\n\t\t\t\t>\n\t\t\t<\/picture>\n\t\t<\/a>\n\t<\/p>\n\n\n<p>Em valores correntes, a funda\u00e7\u00e3o estima que a economia brasileira no primeiro trimestre de 2021 atingiu R$ 2,113 trilh\u00f5es. Na semana passada, o Banco Central, por meio do IBC-Br, <a href=\"https:\/\/www.suno.com.br\/noticias\/ibc-br-previa-mensal-do-pib-cai-159-em-marco-ante-fevereiro\/\">apontou para uma alta de 2,27% no primeiro trimestre<\/a>.<\/p>\n<p>Al\u00e9m disso, os investidores tamb\u00e9m acompanham o fim da temporada de balan\u00e7os corporativos da B3, com os \u00faltimos resultados sendo divulgados nesta segunda. O <a href=\"https:\/\/www.suno.com.br\/acoes\/cash3\/\"><strong>M\u00e9liuz<\/strong> (CASH3)<\/a> revelou uma queda de 51% no lucro no primeiro trimestre, enquanto a <a href=\"https:\/\/www.suno.com.br\/acoes\/rdor3\/\"><strong>Rede D&#8217;Or<\/strong> (RDOR3)<\/a> teve um lucro l\u00edquido recorde de R$ 402,4 milh\u00f5es.<\/p>\n<p>Na \u00faltima sexta-feira (14), a <a href=\"https:\/\/www.suno.com.br\/acoes\/cvcb3\/\"><strong>CVC<\/strong> (CVCB3)<\/a> reportou uma queda de 58% sobre sua receita l\u00edquida de vendas, que chegou a R$ 165,93 milh\u00f5es. A queda foi compensada pelo enxugamento das despesas, fazendo com que o preju\u00edzo tenha sido 92,9% menor.<\/p>\n<p>&#8220;Apesar da piora das vendas, em linha com o esperado, o preju\u00edzo l\u00edquido foi reduzido, ajudado pela forte diminui\u00e7\u00e3o de despesas operacionais e financeiras&#8221;, disse a corretora Guide. &#8220;A campanha de vacina\u00e7\u00e3o e reabertura gradual do mercado dever\u00e1 ajudar o setor de turismo como um todo, o que possibilitar\u00e1 com que a CVC volte a ter resultados positivos.&#8221;<\/p>\n<h2>Destaques do Ibovespa<\/h2>\n<p>Confira as maiores altas e maiores baixas as empresas que fazem parte do Ibovespa, por volta das 10h43:<\/p>\n<ul>\n<li><a href=\"https:\/\/www.suno.com.br\/acoes\/brkm5\/\"><strong>Braskem<\/strong> (BRKM5)<\/a>: +4,38%<\/li>\n<li><a href=\"https:\/\/www.suno.com.br\/acoes\/cmig4\/\"><strong>Cemig<\/strong> (CMIG4)<\/a>: +1,89%<\/li>\n<li><a href=\"https:\/\/www.suno.com.br\/acoes\/usim5\/\"><strong>Usiminas<\/strong> (USIM5)<\/a>: +2,27%<\/li>\n<li><a href=\"https:\/\/www.suno.com.br\/acoes\/cyre3\/\"><strong>Cyrela<\/strong> (CYRE3)<\/a>: +0,51%<\/li>\n<li><a href=\"https:\/\/www.suno.com.br\/acoes\/ggbr4\/\"><strong>Gerdau<\/strong> (GGBR4)<\/a>: +0,41%<\/li>\n<\/ul>\n<ul>\n<li><a href=\"https:\/\/www.suno.com.br\/acoes\/eqtl3\/\"><strong>Equatorial<\/strong> (EQTL3)<\/a>: -1,11%<\/li>\n<li><a href=\"https:\/\/www.suno.com.br\/acoes\/cpfe3\/\"><strong>CPLF Energia<\/strong> (CPFE3)<\/a>: -1,30%<\/li>\n<li><a href=\"https:\/\/www.suno.com.br\/acoes\/brfs3\/\"><strong>BRF<\/strong> (BRFS3)<\/a>: -1,87%<\/li>\n<li><a href=\"https:\/\/www.suno.com.br\/acoes\/elet3\/\"><strong>Eletrobras<\/strong> ON (ELET3)<\/a>: -2,56%<\/li>\n<li><a href=\"https:\/\/www.suno.com.br\/acoes\/elet6\/\"><strong>Eletrobras<\/strong> PN (ELET6)<\/a>: -2,63%<\/li>\n<\/ul>\n<h2>Bolsas mundiais<\/h2>\n<p>Veja o desempenho dos principais \u00edndices acion\u00e1rios no exterior, al\u00e9m do <strong>Ibovespa agora<\/strong>:<\/p>\n<ul>\n<li>Nova York (<a href=\"https:\/\/www.suno.com.br\/artigos\/sp-500\/\">S&amp;P 500<\/a>) futuro: -0,22%<\/li>\n<li>Londres (<a href=\"https:\/\/www.suno.com.br\/artigos\/ftse-100\/\">FTSE 100<\/a>): -0,09%<\/li>\n<li>Frankfurt (<a href=\"https:\/\/www.suno.com.br\/artigos\/dax-30\/\">DAX 30)<\/a>: +0,05%<\/li>\n<li>Paris (<a href=\"https:\/\/www.suno.com.br\/artigos\/cac-40\/\">CAC 40<\/a>): -0,28%<\/li>\n<li>Mil\u00e3o (FTSE\/MIB): +0,54%<\/li>\n<li>Hong Kong (<a href=\"https:\/\/www.suno.com.br\/artigos\/hang-seng\/\">Hang Seng<\/a>): +0,59% (fechada)<\/li>\n<li>Xangai (SSE Composite): +0,78% (fechada)<\/li>\n<li>T\u00f3quio (<a href=\"https:\/\/www.suno.com.br\/artigos\/nikkei-225\/\">Nikkei 225<\/a>): -0,92% (fechada)<\/li>\n<\/ul>\n<h2>\u00daltima cota\u00e7\u00e3o do Ibovespa<\/h2>\n<p>Da mesma forma que o <strong>Ibovespa hoje<\/strong>, o \u00edndice acion\u00e1rio encerrou as negocia\u00e7\u00f5es na \u00faltima sexta com uma alta de 0,97%, a 121.880,82 pontos.<\/p>\n\t<p>\n\t\t<a href=\"https:\/\/lp.suno.com.br\/planilha-de-controle-de-investimentos\/\" target=\"_blank\" data-element=\"shortcode-suno-banner\" title=\"Banner SUNO, clique e saiba mais\">\n\t\t\t<picture>\n\t\t\t\t<source media=\"(max-width: 500px)\" srcset=\"https:\/\/files.sunoresearch.com.br\/n\/uploads\/2023\/03\/400x300-Controle-de-Investimentos.png\">\n\t\t\t\t<img class=\"newsContent__article__imgCapa newsContent__article__imgCapa--banner\"\n\t\t\t\t\tsrc=\"https:\/\/files.sunoresearch.com.br\/n\/uploads\/2023\/03\/1420x240-Controle-de-Investimentos.png\"\n\t\t\t\t\tdata-promo-id=\"75934\"\t\t\t\t\t\t\t\t\t\twidth='1420' height='240'\t\t\t\t\talt=\"https:\/\/files.sunoresearch.com.br\/n\/uploads\/2023\/03\/1420x240-Controle-de-Investimentos.png\"\n\t\t\t\t>\n\t\t\t<\/picture>\n\t\t<\/a>\n\t<\/p>\n\n\n","protected":false},"excerpt":{"rendered":"<p>O Ibovespa abriu de forma est\u00e1vel na manh\u00e3 desta segunda-feira (17), com o cen\u00e1rio externo ditando o caminho do mercado brasileiro. No front interno, dados econ\u00f4micos e quest\u00f5es relacionadas \u00e0 Comiss\u00e3o Parlamentar de Inqu\u00e9rito (CPI) seguem no radar dos investidores. Recentemente, a Abono salarial de 2019 esquecido por trabalhadores j\u00e1 pode ser pedido. Foto: Marcelo [&hellip;]<\/p>\n","protected":false},"author":24,"featured_media":136218,"comment_status":"closed","ping_status":"closed","sticky":false,"template":"","format":"standard","meta":[],"categories":[60],"tags":[1029,1937,711,1455,105816,721],"suno_strategy":[],"class_list":["post-148726","post","type-post","status-publish","format-standard","has-post-thumbnail","hentry","category-mercado","tag-balancos-trimestrais","tag-bolsa-de-valores-de-sao-paulo-b3","tag-china","tag-comissao-parlamentar-inquerito-cpi","tag-especialistas","tag-ibovespa"],"yoast_head":"<!-- This site is optimized with the Yoast SEO plugin v24.4 - https:\/\/yoast.com\/wordpress\/plugins\/seo\/ -->\n<title>Ibovespa abre semana em alta, com dados econ\u00f4micos e CPI no radar<\/title>\n<meta name=\"description\" content=\"O Ibovespa abriu de forma est\u00e1vel na manh\u00e3 desta segunda-feira (17), com o cen\u00e1rio externo ditando o caminho do mercado brasileiro. Confira.\" \/>\n<meta name=\"robots\" content=\"index, follow, max-snippet:-1, max-image-preview:large, max-video-preview:-1\" \/>\n<link rel=\"canonical\" href=\"https:\/\/www.suno.com.br\/noticias\/ibovespa-cpi-dados-economicos-china-17052021\/\" \/>\n<meta property=\"og:locale\" content=\"pt_BR\" \/>\n<meta property=\"og:type\" content=\"article\" \/>\n<meta property=\"og:title\" content=\"Ibovespa abre semana em alta, com dados econ\u00f4micos e CPI no radar\" \/>\n<meta property=\"og:description\" content=\"O Ibovespa abriu de forma est\u00e1vel na manh\u00e3 desta segunda-feira (17), com o cen\u00e1rio externo ditando o caminho do mercado brasileiro. Confira.\" \/>\n<meta property=\"og:url\" content=\"https:\/\/www.suno.com.br\/noticias\/ibovespa-cpi-dados-economicos-china-17052021\/\" \/>\n<meta property=\"og:site_name\" content=\"Suno Not\u00edcias\" \/>\n<meta property=\"article:publisher\" content=\"https:\/\/facebook.com\/sunoresearch\" \/>\n<meta property=\"og:image\" content=\"https:\/\/files.sunoresearch.com.br\/n\/uploads\/2021\/03\/0499458f-stock-2463798_1280.jpg\" \/>\n\t<meta property=\"og:image:width\" content=\"1280\" \/>\n\t<meta property=\"og:image:height\" content=\"701\" \/>\n\t<meta property=\"og:image:type\" content=\"image\/jpeg\" \/>\n<meta name=\"author\" content=\"Jader Lazarini\" \/>\n<meta name=\"twitter:card\" content=\"summary_large_image\" \/>\n<meta name=\"twitter:creator\" content=\"@sunoresearch\" \/>\n<meta name=\"twitter:site\" content=\"@sunoresearch\" \/>\n<meta name=\"twitter:label1\" content=\"Escrito por\" \/>\n\t<meta name=\"twitter:data1\" content=\"Jader Lazarini\" \/>\n\t<meta name=\"twitter:label2\" content=\"Est. tempo de leitura\" \/>\n\t<meta name=\"twitter:data2\" content=\"4 minutos\" \/>\n<script type=\"application\/ld+json\" class=\"yoast-schema-graph\">{\"@context\":\"https:\/\/schema.org\",\"@graph\":[{\"@type\":\"NewsArticle\",\"@id\":\"https:\/\/www.suno.com.br\/noticias\/ibovespa-cpi-dados-economicos-china-17052021\/#article\",\"isPartOf\":{\"@id\":\"https:\/\/www.suno.com.br\/noticias\/ibovespa-cpi-dados-economicos-china-17052021\/\"},\"author\":{\"name\":\"Jader Lazarini\",\"@id\":\"https:\/\/www.suno.com.br\/noticias\/#\/schema\/person\/918d79de1f0281f01599b93f9ea6e23f\"},\"headline\":\"Ibovespa abre semana em leve alta, com dados econ\u00f4micos e CPI no radar\",\"datePublished\":\"2021-05-17T13:40:33+00:00\",\"dateModified\":\"2021-05-29T23:49:51+00:00\",\"mainEntityOfPage\":{\"@id\":\"https:\/\/www.suno.com.br\/noticias\/ibovespa-cpi-dados-economicos-china-17052021\/\"},\"wordCount\":735,\"publisher\":{\"@id\":\"https:\/\/www.suno.com.br\/noticias\/#organization\"},\"image\":{\"@id\":\"https:\/\/www.suno.com.br\/noticias\/ibovespa-cpi-dados-economicos-china-17052021\/#primaryimage\"},\"thumbnailUrl\":\"https:\/\/files.sunoresearch.com.br\/n\/uploads\/2021\/03\/0499458f-stock-2463798_1280-jpg.webp\",\"keywords\":[\"balan\u00e7os trimestrais\",\"Bolsa de Valores de S\u00e3o Paulo (B3)\",\"China\",\"Comiss\u00e3o Parlamentar de Inqu\u00e9rito (CPI)\",\"Especialistas\",\"Ibovespa\"],\"articleSection\":[\"Mercado\"],\"inLanguage\":\"pt-BR\"},{\"@type\":\"WebPage\",\"@id\":\"https:\/\/www.suno.com.br\/noticias\/ibovespa-cpi-dados-economicos-china-17052021\/\",\"url\":\"https:\/\/www.suno.com.br\/noticias\/ibovespa-cpi-dados-economicos-china-17052021\/\",\"name\":\"Ibovespa abre semana em alta, com dados econ\u00f4micos e CPI no radar\",\"isPartOf\":{\"@id\":\"https:\/\/www.suno.com.br\/noticias\/#website\"},\"primaryImageOfPage\":{\"@id\":\"https:\/\/www.suno.com.br\/noticias\/ibovespa-cpi-dados-economicos-china-17052021\/#primaryimage\"},\"image\":{\"@id\":\"https:\/\/www.suno.com.br\/noticias\/ibovespa-cpi-dados-economicos-china-17052021\/#primaryimage\"},\"thumbnailUrl\":\"https:\/\/files.sunoresearch.com.br\/n\/uploads\/2021\/03\/0499458f-stock-2463798_1280-jpg.webp\",\"datePublished\":\"2021-05-17T13:40:33+00:00\",\"dateModified\":\"2021-05-29T23:49:51+00:00\",\"description\":\"O Ibovespa abriu de forma est\u00e1vel na manh\u00e3 desta segunda-feira (17), com o cen\u00e1rio externo ditando o caminho do mercado brasileiro. Confira.\",\"breadcrumb\":{\"@id\":\"https:\/\/www.suno.com.br\/noticias\/ibovespa-cpi-dados-economicos-china-17052021\/#breadcrumb\"},\"inLanguage\":\"pt-BR\",\"potentialAction\":[{\"@type\":\"ReadAction\",\"target\":[\"https:\/\/www.suno.com.br\/noticias\/ibovespa-cpi-dados-economicos-china-17052021\/\"]}]},{\"@type\":\"ImageObject\",\"inLanguage\":\"pt-BR\",\"@id\":\"https:\/\/www.suno.com.br\/noticias\/ibovespa-cpi-dados-economicos-china-17052021\/#primaryimage\",\"url\":\"https:\/\/files.sunoresearch.com.br\/n\/uploads\/2021\/03\/0499458f-stock-2463798_1280-jpg.webp\",\"contentUrl\":\"https:\/\/files.sunoresearch.com.br\/n\/uploads\/2021\/03\/0499458f-stock-2463798_1280-jpg.webp\",\"width\":1280,\"height\":701,\"caption\":\"Ibovespa. Foto: Pixabay\"},{\"@type\":\"BreadcrumbList\",\"@id\":\"https:\/\/www.suno.com.br\/noticias\/ibovespa-cpi-dados-economicos-china-17052021\/#breadcrumb\",\"itemListElement\":[{\"@type\":\"ListItem\",\"position\":1,\"name\":\"Not\u00edcias\",\"item\":\"https:\/\/www.suno.com.br\/noticias\/\"},{\"@type\":\"ListItem\",\"position\":2,\"name\":\"Mercado\",\"item\":\"https:\/\/www.suno.com.br\/noticias\/mercado\/\"},{\"@type\":\"ListItem\",\"position\":3,\"name\":\"Ibovespa abre semana em leve alta, com dados econ\u00f4micos e CPI no radar\"}]},{\"@type\":\"WebSite\",\"@id\":\"https:\/\/www.suno.com.br\/noticias\/#website\",\"url\":\"https:\/\/www.suno.com.br\/noticias\/\",\"name\":\"Suno Not\u00edcias\",\"description\":\"Seu portal de informa\u00e7\u00e3o sobre o mundo dos investimentos\",\"publisher\":{\"@id\":\"https:\/\/www.suno.com.br\/noticias\/#organization\"},\"potentialAction\":[{\"@type\":\"SearchAction\",\"target\":{\"@type\":\"EntryPoint\",\"urlTemplate\":\"https:\/\/www.suno.com.br\/noticias\/?s={search_term_string}\"},\"query-input\":{\"@type\":\"PropertyValueSpecification\",\"valueRequired\":true,\"valueName\":\"search_term_string\"}}],\"inLanguage\":\"pt-BR\"},{\"@type\":\"Organization\",\"@id\":\"https:\/\/www.suno.com.br\/noticias\/#organization\",\"name\":\"Suno Not\u00edcias\",\"url\":\"https:\/\/www.suno.com.br\/noticias\/\",\"logo\":{\"@type\":\"ImageObject\",\"inLanguage\":\"pt-BR\",\"@id\":\"https:\/\/www.suno.com.br\/noticias\/#\/schema\/logo\/image\/\",\"url\":\"https:\/\/files.sunoresearch.com.br\/n\/uploads\/2021\/09\/suno-logo.png\",\"contentUrl\":\"https:\/\/files.sunoresearch.com.br\/n\/uploads\/2021\/09\/suno-logo.png\",\"width\":180,\"height\":180,\"caption\":\"Suno Not\u00edcias\"},\"image\":{\"@id\":\"https:\/\/www.suno.com.br\/noticias\/#\/schema\/logo\/image\/\"},\"sameAs\":[\"https:\/\/facebook.com\/sunoresearch\",\"https:\/\/x.com\/sunoresearch\",\"https:\/\/www.instagram.com\/suno\",\"https:\/\/www.linkedin.com\/company\/suno-research\/\",\"https:\/\/www.youtube.com\/c\/sunoresearch\"]},{\"@type\":\"Person\",\"@id\":\"https:\/\/www.suno.com.br\/noticias\/#\/schema\/person\/918d79de1f0281f01599b93f9ea6e23f\",\"name\":\"Jader Lazarini\",\"image\":{\"@type\":\"ImageObject\",\"inLanguage\":\"pt-BR\",\"@id\":\"https:\/\/www.suno.com.br\/noticias\/#\/schema\/person\/image\/\",\"url\":\"https:\/\/secure.gravatar.com\/avatar\/3c1ad8caa51589841baeb923fcddea97?s=96&r=g\",\"contentUrl\":\"https:\/\/secure.gravatar.com\/avatar\/3c1ad8caa51589841baeb923fcddea97?s=96&r=g\",\"caption\":\"Jader Lazarini\"},\"description\":\"Jader Lazarini escreve sobre investimentos, finan\u00e7as, economia e neg\u00f3cios. \u00c9 bacharel em Rela\u00e7\u00f5es Internacionais e analista CNPI (2619).\",\"url\":\"https:\/\/www.suno.com.br\/noticias\/author\/jader-lazarini\/\"}]}<\/script>\n<!-- \/ Yoast SEO plugin. -->","yoast_head_json":{"title":"Ibovespa abre semana em alta, com dados econ\u00f4micos e CPI no radar","description":"O Ibovespa abriu de forma est\u00e1vel na manh\u00e3 desta segunda-feira (17), com o cen\u00e1rio externo ditando o caminho do mercado brasileiro. Confira.","robots":{"index":"index","follow":"follow","max-snippet":"max-snippet:-1","max-image-preview":"max-image-preview:large","max-video-preview":"max-video-preview:-1"},"canonical":"https:\/\/www.suno.com.br\/noticias\/ibovespa-cpi-dados-economicos-china-17052021\/","og_locale":"pt_BR","og_type":"article","og_title":"Ibovespa abre semana em alta, com dados econ\u00f4micos e CPI no radar","og_description":"O Ibovespa abriu de forma est\u00e1vel na manh\u00e3 desta segunda-feira (17), com o cen\u00e1rio externo ditando o caminho do mercado brasileiro. Confira.","og_url":"https:\/\/www.suno.com.br\/noticias\/ibovespa-cpi-dados-economicos-china-17052021\/","og_site_name":"Suno Not\u00edcias","article_publisher":"https:\/\/facebook.com\/sunoresearch","og_image":[{"width":1280,"height":701,"url":"https:\/\/files.sunoresearch.com.br\/n\/uploads\/2021\/03\/0499458f-stock-2463798_1280.jpg","type":"image\/jpeg"}],"author":"Jader Lazarini","twitter_card":"summary_large_image","twitter_creator":"@sunoresearch","twitter_site":"@sunoresearch","twitter_misc":{"Escrito por":"Jader Lazarini","Est. tempo de leitura":"4 minutos"},"schema":{"@context":"https:\/\/schema.org","@graph":[{"@type":"NewsArticle","@id":"https:\/\/www.suno.com.br\/noticias\/ibovespa-cpi-dados-economicos-china-17052021\/#article","isPartOf":{"@id":"https:\/\/www.suno.com.br\/noticias\/ibovespa-cpi-dados-economicos-china-17052021\/"},"author":{"name":"Jader Lazarini","@id":"https:\/\/www.suno.com.br\/noticias\/#\/schema\/person\/918d79de1f0281f01599b93f9ea6e23f"},"headline":"Ibovespa abre semana em leve alta, com dados econ\u00f4micos e CPI no radar","datePublished":"2021-05-17T13:40:33+00:00","dateModified":"2021-05-29T23:49:51+00:00","mainEntityOfPage":{"@id":"https:\/\/www.suno.com.br\/noticias\/ibovespa-cpi-dados-economicos-china-17052021\/"},"wordCount":735,"publisher":{"@id":"https:\/\/www.suno.com.br\/noticias\/#organization"},"image":{"@id":"https:\/\/www.suno.com.br\/noticias\/ibovespa-cpi-dados-economicos-china-17052021\/#primaryimage"},"thumbnailUrl":"https:\/\/files.sunoresearch.com.br\/n\/uploads\/2021\/03\/0499458f-stock-2463798_1280-jpg.webp","keywords":["balan\u00e7os trimestrais","Bolsa de Valores de S\u00e3o Paulo (B3)","China","Comiss\u00e3o Parlamentar de Inqu\u00e9rito (CPI)","Especialistas","Ibovespa"],"articleSection":["Mercado"],"inLanguage":"pt-BR"},{"@type":"WebPage","@id":"https:\/\/www.suno.com.br\/noticias\/ibovespa-cpi-dados-economicos-china-17052021\/","url":"https:\/\/www.suno.com.br\/noticias\/ibovespa-cpi-dados-economicos-china-17052021\/","name":"Ibovespa abre semana em alta, com dados econ\u00f4micos e CPI no radar","isPartOf":{"@id":"https:\/\/www.suno.com.br\/noticias\/#website"},"primaryImageOfPage":{"@id":"https:\/\/www.suno.com.br\/noticias\/ibovespa-cpi-dados-economicos-china-17052021\/#primaryimage"},"image":{"@id":"https:\/\/www.suno.com.br\/noticias\/ibovespa-cpi-dados-economicos-china-17052021\/#primaryimage"},"thumbnailUrl":"https:\/\/files.sunoresearch.com.br\/n\/uploads\/2021\/03\/0499458f-stock-2463798_1280-jpg.webp","datePublished":"2021-05-17T13:40:33+00:00","dateModified":"2021-05-29T23:49:51+00:00","description":"O Ibovespa abriu de forma est\u00e1vel na manh\u00e3 desta segunda-feira (17), com o cen\u00e1rio externo ditando o caminho do mercado brasileiro. Confira.","breadcrumb":{"@id":"https:\/\/www.suno.com.br\/noticias\/ibovespa-cpi-dados-economicos-china-17052021\/#breadcrumb"},"inLanguage":"pt-BR","potentialAction":[{"@type":"ReadAction","target":["https:\/\/www.suno.com.br\/noticias\/ibovespa-cpi-dados-economicos-china-17052021\/"]}]},{"@type":"ImageObject","inLanguage":"pt-BR","@id":"https:\/\/www.suno.com.br\/noticias\/ibovespa-cpi-dados-economicos-china-17052021\/#primaryimage","url":"https:\/\/files.sunoresearch.com.br\/n\/uploads\/2021\/03\/0499458f-stock-2463798_1280-jpg.webp","contentUrl":"https:\/\/files.sunoresearch.com.br\/n\/uploads\/2021\/03\/0499458f-stock-2463798_1280-jpg.webp","width":1280,"height":701,"caption":"Ibovespa. Foto: Pixabay"},{"@type":"BreadcrumbList","@id":"https:\/\/www.suno.com.br\/noticias\/ibovespa-cpi-dados-economicos-china-17052021\/#breadcrumb","itemListElement":[{"@type":"ListItem","position":1,"name":"Not\u00edcias","item":"https:\/\/www.suno.com.br\/noticias\/"},{"@type":"ListItem","position":2,"name":"Mercado","item":"https:\/\/www.suno.com.br\/noticias\/mercado\/"},{"@type":"ListItem","position":3,"name":"Ibovespa abre semana em leve alta, com dados econ\u00f4micos e CPI no radar"}]},{"@type":"WebSite","@id":"https:\/\/www.suno.com.br\/noticias\/#website","url":"https:\/\/www.suno.com.br\/noticias\/","name":"Suno Not\u00edcias","description":"Seu portal de informa\u00e7\u00e3o sobre o mundo dos investimentos","publisher":{"@id":"https:\/\/www.suno.com.br\/noticias\/#organization"},"potentialAction":[{"@type":"SearchAction","target":{"@type":"EntryPoint","urlTemplate":"https:\/\/www.suno.com.br\/noticias\/?s={search_term_string}"},"query-input":{"@type":"PropertyValueSpecification","valueRequired":true,"valueName":"search_term_string"}}],"inLanguage":"pt-BR"},{"@type":"Organization","@id":"https:\/\/www.suno.com.br\/noticias\/#organization","name":"Suno Not\u00edcias","url":"https:\/\/www.suno.com.br\/noticias\/","logo":{"@type":"ImageObject","inLanguage":"pt-BR","@id":"https:\/\/www.suno.com.br\/noticias\/#\/schema\/logo\/image\/","url":"https:\/\/files.sunoresearch.com.br\/n\/uploads\/2021\/09\/suno-logo.png","contentUrl":"https:\/\/files.sunoresearch.com.br\/n\/uploads\/2021\/09\/suno-logo.png","width":180,"height":180,"caption":"Suno Not\u00edcias"},"image":{"@id":"https:\/\/www.suno.com.br\/noticias\/#\/schema\/logo\/image\/"},"sameAs":["https:\/\/facebook.com\/sunoresearch","https:\/\/x.com\/sunoresearch","https:\/\/www.instagram.com\/suno","https:\/\/www.linkedin.com\/company\/suno-research\/","https:\/\/www.youtube.com\/c\/sunoresearch"]},{"@type":"Person","@id":"https:\/\/www.suno.com.br\/noticias\/#\/schema\/person\/918d79de1f0281f01599b93f9ea6e23f","name":"Jader Lazarini","image":{"@type":"ImageObject","inLanguage":"pt-BR","@id":"https:\/\/www.suno.com.br\/noticias\/#\/schema\/person\/image\/","url":"https:\/\/secure.gravatar.com\/avatar\/3c1ad8caa51589841baeb923fcddea97?s=96&r=g","contentUrl":"https:\/\/secure.gravatar.com\/avatar\/3c1ad8caa51589841baeb923fcddea97?s=96&r=g","caption":"Jader Lazarini"},"description":"Jader Lazarini escreve sobre investimentos, finan\u00e7as, economia e neg\u00f3cios. \u00c9 bacharel em Rela\u00e7\u00f5es Internacionais e analista CNPI (2619).","url":"https:\/\/www.suno.com.br\/noticias\/author\/jader-lazarini\/"}]}},"default_loop_html":"<div class=\"cardsPage__listCard__boxs\"><div class=\"cardsPage__listCard__boxs__img\"><a href=\"https:\/\/www.suno.com.br\/noticias\/caixa-economica-ipo-brk-ambiental-lvi\/\"><img class=\"mask\" src=\"https:\/\/www.suno.com.br\/noticias\/wp-content\/themes\/suno\/resources\/images\/spotlight\/spotlight1img\/bg-mask.png\" alt=\"Image Mask\"\/><img src=\"https:\/\/files.sunoresearch.com.br\/n\/uploads\/2021\/05\/abfe74ee-caixa_economica_federal0505202673-400x200.webp\" alt=\"Caixa Econ\u00f4mica visa IPO de BRK Ambiental e LVi no segundo semestre, diz coluna\"\/><\/a><span class=\"spotlightCategory\"><a href=\"https:\/\/www.suno.com.br\/noticias\/negocios\/\">Neg\u00f3cios<\/a><\/span><\/div><div class=\"cardsPage__listCard__boxs__content\"><a href=\"https:\/\/www.suno.com.br\/noticias\/caixa-economica-ipo-brk-ambiental-lvi\/\"><h2 class=\"content__title\">Caixa Econ\u00f4mica visa IPO de BRK Ambiental e LVi no segundo semestre, diz coluna<\/h2><\/a><div class=\"newsContent__article__meta\"><div class=\"newsContent__article__meta__authorBox\"><a href=\"https:\/\/www.suno.com.br\/noticias\/author\/jader-lazarini\/\" class=\"authorBox__avatar noMobi\"><img src=\"https:\/\/files.sunoresearch.com.br\/n\/uploads\/2021\/01\/178e6598-foto-perfil-2-150x150.jpg\" alt=\"Jader Lazarini\"><\/a><div class=\"authorBox__name\"><span>por\n\t\t\t<a href=\"https:\/\/www.suno.com.br\/noticias\/author\/jader-lazarini\/\"><span itemprop=\"author\">Jader Lazarini<\/span><\/a><\/span><time datetime=\"2021-05-16T12:34:28-03:00\" itemprop=\"datePublished\">16\/05\/2021 12:34<\/time><\/div><\/div><\/div><\/div><\/div>","single_layout":"posts","amp_enabled":true,"_links":{"self":[{"href":"https:\/\/www.suno.com.br\/noticias\/wp-json\/wp\/v2\/posts\/148726"}],"collection":[{"href":"https:\/\/www.suno.com.br\/noticias\/wp-json\/wp\/v2\/posts"}],"about":[{"href":"https:\/\/www.suno.com.br\/noticias\/wp-json\/wp\/v2\/types\/post"}],"author":[{"embeddable":true,"href":"https:\/\/www.suno.com.br\/noticias\/wp-json\/wp\/v2\/users\/24"}],"replies":[{"embeddable":true,"href":"https:\/\/www.suno.com.br\/noticias\/wp-json\/wp\/v2\/comments?post=148726"}],"version-history":[{"count":3,"href":"https:\/\/www.suno.com.br\/noticias\/wp-json\/wp\/v2\/posts\/148726\/revisions"}],"predecessor-version":[{"id":148751,"href":"https:\/\/www.suno.com.br\/noticias\/wp-json\/wp\/v2\/posts\/148726\/revisions\/148751"}],"wp:featuredmedia":[{"embeddable":true,"href":"https:\/\/www.suno.com.br\/noticias\/wp-json\/wp\/v2\/media\/136218"}],"wp:attachment":[{"href":"https:\/\/www.suno.com.br\/noticias\/wp-json\/wp\/v2\/media?parent=148726"}],"wp:term":[{"taxonomy":"category","embeddable":true,"href":"https:\/\/www.suno.com.br\/noticias\/wp-json\/wp\/v2\/categories?post=148726"},{"taxonomy":"post_tag","embeddable":true,"href":"https:\/\/www.suno.com.br\/noticias\/wp-json\/wp\/v2\/tags?post=148726"},{"taxonomy":"suno_strategy","embeddable":true,"href":"https:\/\/www.suno.com.br\/noticias\/wp-json\/wp\/v2\/suno_strategy?post=148726"}],"curies":[{"name":"wp","href":"https:\/\/api.w.org\/{rel}","templated":true}]}}