{"id":148443,"date":"2021-05-14T16:22:33","date_gmt":"2021-05-14T19:22:33","guid":{"rendered":"https:\/\/www.suno.com.br\/noticias\/?p=148443"},"modified":"2021-05-14T16:22:33","modified_gmt":"2021-05-14T19:22:33","slug":"bolsonaro-cobra-petrobras-petr4-preco-gas","status":"publish","type":"post","link":"https:\/\/www.suno.com.br\/noticias\/bolsonaro-cobra-petrobras-petr4-preco-gas\/","title":{"rendered":"Bolsonaro cobra Petrobras (PETR4) por redu\u00e7\u00e3o no pre\u00e7o do g\u00e1s"},"content":{"rendered":"<p>O presidente da Rep\u00fablica Jair Bolsonaro disse nesta sexta-feira (14) ter cobrado o CEO da <a href=\"https:\/\/www.suno.com.br\/acoes\/petr4\/\"><strong>Petrobras<\/strong> (PETR4)<\/a>, general Joaquim Silva e Luna, por uma forma de reduzir o pre\u00e7o do g\u00e1s de cozinha. A informa\u00e7\u00e3o \u00e9 do <em>Valor Econ\u00f4mico<\/em>.<\/p>\t<div class=\"wrapper-featured-image\">\n\t\t<figure class=\"spotlightImg\">\n\n\t\t\t<picture>\n\t\t\t\t<source media=\"(max-width: 768px)\" srcset=\"https:\/\/files.sunoresearch.com.br\/n\/uploads\/2021\/04\/75565352-jair-bolsonaro-foto-isac-nobrega-pr-1-400x200.webp\">\n\t\t\t\t<img loading=\"lazy\" decoding=\"async\" class=\"newsContent__article__imgCapa lazyloadDisabled \" src=\"https:\/\/files.sunoresearch.com.br\/n\/uploads\/2021\/04\/75565352-jair-bolsonaro-foto-isac-nobrega-pr-1-800x450.webp\" width=\"800\" height=\"450\" alt=\"Bolsonaro cobra Petrobras (PETR4) por redu\u00e7\u00e3o no pre\u00e7o do g\u00e1s\" fetchpriority=high \/>\n\t\t\t<\/picture>\n\n\t\t\t<figcaption class=\"wp-caption-text wp-caption-text--show\">Afirma\u00e7\u00f5es sobre vale g\u00e1s da Petrobras ocasionaram comunicado da companhia - Foto: Marcelo Camargo - Ag\u00eancia Brasil<\/figcaption>\n\t\t<\/figure>\n\t<\/div>\n\n\n\t<p>\n\t\t<a href=\"https:\/\/lp.suno.com.br\/planilha-controle-gastos\/\" target=\"_blank\" data-element=\"shortcode-suno-banner\" title=\"Banner SUNO, clique e saiba mais\">\n\t\t\t<picture>\n\t\t\t\t<source media=\"(max-width: 500px)\" srcset=\"https:\/\/files.sunoresearch.com.br\/n\/uploads\/2023\/03\/400x300-Planilha-controle-de-gastos.png\">\n\t\t\t\t<img class=\"newsContent__article__imgCapa newsContent__article__imgCapa--banner\"\n\t\t\t\t\tsrc=\"https:\/\/files.sunoresearch.com.br\/n\/uploads\/2023\/03\/1420x240-Planilha-controle-de-gastos.png\"\n\t\t\t\t\tdata-promo-id=\"101751\"\t\t\t\t\t\t\t\t\t\twidth='1420' height='240'\t\t\t\t\talt=\"https:\/\/files.sunoresearch.com.br\/n\/uploads\/2023\/03\/1420x240-Planilha-controle-de-gastos.png\"\n\t\t\t\t>\n\t\t\t<\/picture>\n\t\t<\/a>\n\t<\/p>\n\n\n<p>&#8220;Zerei todos os impostos do g\u00e1s de cozinha, estamos trabalhando com o novo presidente da Petrobras em como diminuir o pre\u00e7o do botij\u00e3o na origem. Hoje est\u00e1 em R$ 42, d\u00e1 para diminuir&#8221;, declarou Bolsonaro em evento em Mato Grosso do Sul, onde entregou t\u00edtulos rurais a pequenos produtores.<\/p>\n<p>Questionado, o presidente da Rep\u00fablica afirmou n\u00e3o ser respons\u00e1vel pela alta do <strong>pre\u00e7o dos combust\u00edveis<\/strong>. &#8220;O <a href=\"https:\/\/www.suno.com.br\/artigos\/icms\/\">ICMS [Imposto sobre Circula\u00e7\u00e3o de Mercadorias e Servi\u00e7os]<\/a> n\u00e3o \u00e9 valor fixo, \u00e9 percentual; tem bitributa\u00e7\u00e3o em cima disso. Mandei projeto ao Congresso e fui avisado que seria derrotado, retirei o projeto&#8221;, disse. &#8220;N\u00e3o pode o pessoal me culpar pelo pre\u00e7o da gasolina&#8221;.<\/p>\n<p><a href=\"https:\/\/lp.suno.com.br\/suno-one\/\">Suno One: acesse gratuitamente eBooks, Minicursos, Artigos e V\u00eddeo Aulas sobre investimentos com um \u00fanico cadastro. Clique para saber mais!<\/a><\/p>\n<p>Jair Bolsonaro ainda alegou que os governadores &#8220;aumentaram o ICMS e n\u00e3o adiantou&#8221; a zeragem por dois meses da cobran\u00e7a de <a href=\"https:\/\/www.suno.com.br\/artigos\/cofins\/\">PIS\/Cofins<\/a> sobre o diesel.<\/p>\n<p>Al\u00e9m de cobrar a estatal petroleira, o presidente tamb\u00e9m comentou as trocas efetuadas no comando do <a href=\"https:\/\/www.suno.com.br\/acoes\/bbas3\/\"><strong>Banco do Brasil<\/strong> (BBAS3)<\/a>. O mandat\u00e1rio disse que a interlocu\u00e7\u00e3o com os produtores melhorou depois da troca na presid\u00eancia e nas diretorias das institui\u00e7\u00e3o financeira.<\/p>\n\t<div data-element=\"shortcode-read-more\" class=\"knowMore\">\n\t\t\t\t<span class=\"knowMore__title\">Leia mais<\/span>\n\t\t\t\t<a class=\"knowMore__link\" href=\"https:\/\/www.suno.com.br\/noticias\/petrobras-petr4-cade-venda-rlam-fundo-mubadala\/\">\n\t\t\tPetrobras (PETR4) comunica ao Cade venda da RLAM para o fundo Mubadala\t\t<\/a>\n\t<\/div>\n\n\n<p>&#8220;N\u00f3s trocamos todo mundo do Banco do Brasil, eu n\u00e3o troco um, quando eu troco \u00e9 todo mundo&#8221;, afirmou Bolsonaro. &#8220;O Banco do Brasil agora age de forma mais simp\u00e1tica a voc\u00eas&#8221;.<\/p>\n<h2>Petrobras tem lucro de R$ 1,2 bilh\u00e3o<\/h2>\n<p>A Petrobras reportou ontem um lucro l\u00edquido de R$ 1,167 bilh\u00e3o referente ao primeiro trimestre de 2021. A companhia registrou um <a href=\"https:\/\/www.suno.com.br\/artigos\/ebitda\/\">Ebitda (lucro antes de juros, impostos, deprecia\u00e7\u00e3o e amortiza\u00e7\u00e3o)<\/a> ajustado 30,5% maior no trimestre, chegando a R$ 48,949 bilh\u00f5es.<\/p>\n\t<p>\n\t\t<a href=\"https:\/\/lp.suno.com.br\/planilha-da-vida-financeira\/\" target=\"_blank\" data-element=\"shortcode-suno-banner\" title=\"Banner SUNO, clique e saiba mais\">\n\t\t\t<picture>\n\t\t\t\t<source media=\"(max-width: 500px)\" srcset=\"https:\/\/files.sunoresearch.com.br\/n\/uploads\/2023\/04\/400x300-Planilha-vida-financeira-true.png\">\n\t\t\t\t<img class=\"newsContent__article__imgCapa newsContent__article__imgCapa--banner\"\n\t\t\t\t\tsrc=\"https:\/\/files.sunoresearch.com.br\/n\/uploads\/2023\/04\/1420x240-Planilha-vida-financeira-true.png\"\n\t\t\t\t\tdata-promo-id=\"106682\"\t\t\t\t\t\t\t\t\t\twidth='1420' height='240'\t\t\t\t\talt=\"https:\/\/files.sunoresearch.com.br\/n\/uploads\/2023\/04\/1420x240-Planilha-vida-financeira-true.png\"\n\t\t\t\t>\n\t\t\t<\/picture>\n\t\t<\/a>\n\t<\/p>\n\n\n<p>A <a href=\"https:\/\/www.suno.com.br\/artigos\/o-que-receita-liquida\/\">receita de vendas da <strong>Petrobras<\/strong><\/a> somou R$ 86,174 bilh\u00f5es entre janeiro e mar\u00e7o, uma alta 14,2% em compara\u00e7\u00e3o com mesmo per\u00edodo de 2020, conforme a valoriza\u00e7\u00e3o de 38% nos pre\u00e7os do petr\u00f3leo Brent. Contribu\u00edram tamb\u00e9m a maior receita com diesel, que atingiu R$ 25,2 bilh\u00f5es, em fun\u00e7\u00e3o do aumento da participa\u00e7\u00e3o da companhia no mercado e do crescimento das vendas de diesel S-10, apesar da queda do volume de vendas total de diesel.<\/p>\n\t<p>\n\t\t<a href=\"https:\/\/lp.suno.com.br\/planilha-de-controle-de-investimentos\/\" target=\"_blank\" data-element=\"shortcode-suno-banner\" title=\"Banner SUNO, clique e saiba mais\">\n\t\t\t<picture>\n\t\t\t\t<source media=\"(max-width: 500px)\" srcset=\"https:\/\/files.sunoresearch.com.br\/n\/uploads\/2023\/03\/400x300-Controle-de-Investimentos.png\">\n\t\t\t\t<img class=\"newsContent__article__imgCapa newsContent__article__imgCapa--banner\"\n\t\t\t\t\tsrc=\"https:\/\/files.sunoresearch.com.br\/n\/uploads\/2023\/03\/1420x240-Controle-de-Investimentos.png\"\n\t\t\t\t\tdata-promo-id=\"75934\"\t\t\t\t\t\t\t\t\t\twidth='1420' height='240'\t\t\t\t\talt=\"https:\/\/files.sunoresearch.com.br\/n\/uploads\/2023\/03\/1420x240-Controle-de-Investimentos.png\"\n\t\t\t\t>\n\t\t\t<\/picture>\n\t\t<\/a>\n\t<\/p>\n\n\n","protected":false},"excerpt":{"rendered":"<p>O presidente da Rep\u00fablica Jair Bolsonaro disse nesta sexta-feira (14) ter cobrado o CEO da Petrobras (PETR4), general Joaquim Silva e Luna, por uma forma de reduzir o pre\u00e7o do g\u00e1s de cozinha. A informa\u00e7\u00e3o \u00e9 do Valor Econ\u00f4mico. Afirma\u00e7\u00f5es sobre vale g\u00e1s da Petrobras ocasionaram comunicado da companhia &#8211; Foto: Marcelo Camargo &#8211; Ag\u00eancia [&hellip;]<\/p>\n","protected":false},"author":35,"featured_media":137729,"comment_status":"closed","ping_status":"closed","sticky":false,"template":"","format":"standard","meta":[],"categories":[64],"tags":[732,719,595],"suno_strategy":[],"class_list":["post-148443","post","type-post","status-publish","format-standard","has-post-thumbnail","hentry","category-negocios","tag-banco-do-brasil-bbas3","tag-jair-bolsonaro","tag-petrobras-petr4"],"yoast_head":"<!-- This site is optimized with the Yoast SEO plugin v24.4 - https:\/\/yoast.com\/wordpress\/plugins\/seo\/ -->\n<title>Bolsonaro cobra Petrobras (PETR4) por redu\u00e7\u00e3o no pre\u00e7o do g\u00e1s<\/title>\n<meta name=\"description\" content=\"O presidente Jair Bolsonaro disse ter cobrado o CEO da Petrobras (PETR4) por uma forma de reduzir o pre\u00e7o do g\u00e1s. Clique para saber mais.\" \/>\n<meta name=\"robots\" content=\"index, follow, max-snippet:-1, max-image-preview:large, max-video-preview:-1\" \/>\n<link rel=\"canonical\" href=\"https:\/\/www.suno.com.br\/noticias\/bolsonaro-cobra-petrobras-petr4-preco-gas\/\" \/>\n<meta property=\"og:locale\" content=\"pt_BR\" \/>\n<meta property=\"og:type\" content=\"article\" \/>\n<meta property=\"og:title\" content=\"Bolsonaro cobra Petrobras (PETR4) por redu\u00e7\u00e3o no pre\u00e7o do g\u00e1s\" \/>\n<meta property=\"og:description\" content=\"O presidente Jair Bolsonaro disse ter cobrado o CEO da Petrobras (PETR4) por uma forma de reduzir o pre\u00e7o do g\u00e1s. Clique para saber mais.\" \/>\n<meta property=\"og:url\" content=\"https:\/\/www.suno.com.br\/noticias\/bolsonaro-cobra-petrobras-petr4-preco-gas\/\" \/>\n<meta property=\"og:site_name\" content=\"Suno Not\u00edcias\" \/>\n<meta property=\"article:publisher\" content=\"https:\/\/facebook.com\/sunoresearch\" \/>\n<meta property=\"og:image\" content=\"https:\/\/files.sunoresearch.com.br\/n\/uploads\/2021\/04\/75565352-jair-bolsonaro-foto-isac-nobrega-pr-1.jpg\" \/>\n\t<meta property=\"og:image:width\" content=\"1200\" \/>\n\t<meta property=\"og:image:height\" content=\"800\" \/>\n\t<meta property=\"og:image:type\" content=\"image\/jpeg\" \/>\n<meta name=\"author\" content=\"Arthur Guimar\u00e3es\" \/>\n<meta name=\"twitter:card\" content=\"summary_large_image\" \/>\n<meta name=\"twitter:creator\" content=\"@sunoresearch\" \/>\n<meta name=\"twitter:site\" content=\"@sunoresearch\" \/>\n<meta name=\"twitter:label1\" content=\"Escrito por\" \/>\n\t<meta name=\"twitter:data1\" content=\"Arthur Guimar\u00e3es\" \/>\n\t<meta name=\"twitter:label2\" content=\"Est. tempo de leitura\" \/>\n\t<meta name=\"twitter:data2\" content=\"2 minutos\" \/>\n<script type=\"application\/ld+json\" class=\"yoast-schema-graph\">{\"@context\":\"https:\/\/schema.org\",\"@graph\":[{\"@type\":\"NewsArticle\",\"@id\":\"https:\/\/www.suno.com.br\/noticias\/bolsonaro-cobra-petrobras-petr4-preco-gas\/#article\",\"isPartOf\":{\"@id\":\"https:\/\/www.suno.com.br\/noticias\/bolsonaro-cobra-petrobras-petr4-preco-gas\/\"},\"author\":{\"name\":\"Arthur Guimar\u00e3es\",\"@id\":\"https:\/\/www.suno.com.br\/noticias\/#\/schema\/person\/053a750a709a263919a20f976caae91c\"},\"headline\":\"Bolsonaro cobra Petrobras (PETR4) por redu\u00e7\u00e3o no pre\u00e7o do g\u00e1s\",\"datePublished\":\"2021-05-14T19:22:33+00:00\",\"mainEntityOfPage\":{\"@id\":\"https:\/\/www.suno.com.br\/noticias\/bolsonaro-cobra-petrobras-petr4-preco-gas\/\"},\"wordCount\":451,\"publisher\":{\"@id\":\"https:\/\/www.suno.com.br\/noticias\/#organization\"},\"image\":{\"@id\":\"https:\/\/www.suno.com.br\/noticias\/bolsonaro-cobra-petrobras-petr4-preco-gas\/#primaryimage\"},\"thumbnailUrl\":\"https:\/\/files.sunoresearch.com.br\/n\/uploads\/2021\/04\/75565352-jair-bolsonaro-foto-isac-nobrega-pr-1-jpg.webp\",\"keywords\":[\"Banco do Brasil (BBAS3)\",\"Jair Bolsonaro\",\"Petrobras (PETR4)\"],\"articleSection\":[\"Neg\u00f3cios\"],\"inLanguage\":\"pt-BR\"},{\"@type\":\"WebPage\",\"@id\":\"https:\/\/www.suno.com.br\/noticias\/bolsonaro-cobra-petrobras-petr4-preco-gas\/\",\"url\":\"https:\/\/www.suno.com.br\/noticias\/bolsonaro-cobra-petrobras-petr4-preco-gas\/\",\"name\":\"Bolsonaro cobra Petrobras (PETR4) por redu\u00e7\u00e3o no pre\u00e7o do g\u00e1s\",\"isPartOf\":{\"@id\":\"https:\/\/www.suno.com.br\/noticias\/#website\"},\"primaryImageOfPage\":{\"@id\":\"https:\/\/www.suno.com.br\/noticias\/bolsonaro-cobra-petrobras-petr4-preco-gas\/#primaryimage\"},\"image\":{\"@id\":\"https:\/\/www.suno.com.br\/noticias\/bolsonaro-cobra-petrobras-petr4-preco-gas\/#primaryimage\"},\"thumbnailUrl\":\"https:\/\/files.sunoresearch.com.br\/n\/uploads\/2021\/04\/75565352-jair-bolsonaro-foto-isac-nobrega-pr-1-jpg.webp\",\"datePublished\":\"2021-05-14T19:22:33+00:00\",\"description\":\"O presidente Jair Bolsonaro disse ter cobrado o CEO da Petrobras (PETR4) por uma forma de reduzir o pre\u00e7o do g\u00e1s. Clique para saber mais.\",\"breadcrumb\":{\"@id\":\"https:\/\/www.suno.com.br\/noticias\/bolsonaro-cobra-petrobras-petr4-preco-gas\/#breadcrumb\"},\"inLanguage\":\"pt-BR\",\"potentialAction\":[{\"@type\":\"ReadAction\",\"target\":[\"https:\/\/www.suno.com.br\/noticias\/bolsonaro-cobra-petrobras-petr4-preco-gas\/\"]}]},{\"@type\":\"ImageObject\",\"inLanguage\":\"pt-BR\",\"@id\":\"https:\/\/www.suno.com.br\/noticias\/bolsonaro-cobra-petrobras-petr4-preco-gas\/#primaryimage\",\"url\":\"https:\/\/files.sunoresearch.com.br\/n\/uploads\/2021\/04\/75565352-jair-bolsonaro-foto-isac-nobrega-pr-1-jpg.webp\",\"contentUrl\":\"https:\/\/files.sunoresearch.com.br\/n\/uploads\/2021\/04\/75565352-jair-bolsonaro-foto-isac-nobrega-pr-1-jpg.webp\",\"width\":1200,\"height\":800,\"caption\":\"Afirma\u00e7\u00f5es sobre vale g\u00e1s da Petrobras ocasionaram comunicado da companhia - Foto: Marcelo Camargo - Ag\u00eancia Brasil\"},{\"@type\":\"BreadcrumbList\",\"@id\":\"https:\/\/www.suno.com.br\/noticias\/bolsonaro-cobra-petrobras-petr4-preco-gas\/#breadcrumb\",\"itemListElement\":[{\"@type\":\"ListItem\",\"position\":1,\"name\":\"Not\u00edcias\",\"item\":\"https:\/\/www.suno.com.br\/noticias\/\"},{\"@type\":\"ListItem\",\"position\":2,\"name\":\"Neg\u00f3cios\",\"item\":\"https:\/\/www.suno.com.br\/noticias\/negocios\/\"},{\"@type\":\"ListItem\",\"position\":3,\"name\":\"Bolsonaro cobra Petrobras (PETR4) por redu\u00e7\u00e3o no pre\u00e7o do g\u00e1s\"}]},{\"@type\":\"WebSite\",\"@id\":\"https:\/\/www.suno.com.br\/noticias\/#website\",\"url\":\"https:\/\/www.suno.com.br\/noticias\/\",\"name\":\"Suno Not\u00edcias\",\"description\":\"Seu portal de informa\u00e7\u00e3o sobre o mundo dos investimentos\",\"publisher\":{\"@id\":\"https:\/\/www.suno.com.br\/noticias\/#organization\"},\"potentialAction\":[{\"@type\":\"SearchAction\",\"target\":{\"@type\":\"EntryPoint\",\"urlTemplate\":\"https:\/\/www.suno.com.br\/noticias\/?s={search_term_string}\"},\"query-input\":{\"@type\":\"PropertyValueSpecification\",\"valueRequired\":true,\"valueName\":\"search_term_string\"}}],\"inLanguage\":\"pt-BR\"},{\"@type\":\"Organization\",\"@id\":\"https:\/\/www.suno.com.br\/noticias\/#organization\",\"name\":\"Suno Not\u00edcias\",\"url\":\"https:\/\/www.suno.com.br\/noticias\/\",\"logo\":{\"@type\":\"ImageObject\",\"inLanguage\":\"pt-BR\",\"@id\":\"https:\/\/www.suno.com.br\/noticias\/#\/schema\/logo\/image\/\",\"url\":\"https:\/\/files.sunoresearch.com.br\/n\/uploads\/2021\/09\/suno-logo.png\",\"contentUrl\":\"https:\/\/files.sunoresearch.com.br\/n\/uploads\/2021\/09\/suno-logo.png\",\"width\":180,\"height\":180,\"caption\":\"Suno Not\u00edcias\"},\"image\":{\"@id\":\"https:\/\/www.suno.com.br\/noticias\/#\/schema\/logo\/image\/\"},\"sameAs\":[\"https:\/\/facebook.com\/sunoresearch\",\"https:\/\/x.com\/sunoresearch\",\"https:\/\/www.instagram.com\/suno\",\"https:\/\/www.linkedin.com\/company\/suno-research\/\",\"https:\/\/www.youtube.com\/c\/sunoresearch\"]},{\"@type\":\"Person\",\"@id\":\"https:\/\/www.suno.com.br\/noticias\/#\/schema\/person\/053a750a709a263919a20f976caae91c\",\"name\":\"Arthur Guimar\u00e3es\",\"image\":{\"@type\":\"ImageObject\",\"inLanguage\":\"pt-BR\",\"@id\":\"https:\/\/www.suno.com.br\/noticias\/#\/schema\/person\/image\/\",\"url\":\"https:\/\/secure.gravatar.com\/avatar\/1affd86a11209ae09eb6dd3bcad3e96c?s=96&r=g\",\"contentUrl\":\"https:\/\/secure.gravatar.com\/avatar\/1affd86a11209ae09eb6dd3bcad3e96c?s=96&r=g\",\"caption\":\"Arthur Guimar\u00e3es\"},\"description\":\"Arthur Guimar\u00e3es escreve sobre pol\u00edtica, economia e neg\u00f3cios para o portal de not\u00edcias da Suno Research. Atualmente, \u00e9 estudante de jornalismo pela Faculdade C\u00e1sper L\u00edbero.\",\"url\":\"https:\/\/www.suno.com.br\/noticias\/author\/arthur-guimaraes\/\"}]}<\/script>\n<!-- \/ Yoast SEO plugin. -->","yoast_head_json":{"title":"Bolsonaro cobra Petrobras (PETR4) por redu\u00e7\u00e3o no pre\u00e7o do g\u00e1s","description":"O presidente Jair Bolsonaro disse ter cobrado o CEO da Petrobras (PETR4) por uma forma de reduzir o pre\u00e7o do g\u00e1s. Clique para saber mais.","robots":{"index":"index","follow":"follow","max-snippet":"max-snippet:-1","max-image-preview":"max-image-preview:large","max-video-preview":"max-video-preview:-1"},"canonical":"https:\/\/www.suno.com.br\/noticias\/bolsonaro-cobra-petrobras-petr4-preco-gas\/","og_locale":"pt_BR","og_type":"article","og_title":"Bolsonaro cobra Petrobras (PETR4) por redu\u00e7\u00e3o no pre\u00e7o do g\u00e1s","og_description":"O presidente Jair Bolsonaro disse ter cobrado o CEO da Petrobras (PETR4) por uma forma de reduzir o pre\u00e7o do g\u00e1s. Clique para saber mais.","og_url":"https:\/\/www.suno.com.br\/noticias\/bolsonaro-cobra-petrobras-petr4-preco-gas\/","og_site_name":"Suno Not\u00edcias","article_publisher":"https:\/\/facebook.com\/sunoresearch","og_image":[{"width":1200,"height":800,"url":"https:\/\/files.sunoresearch.com.br\/n\/uploads\/2021\/04\/75565352-jair-bolsonaro-foto-isac-nobrega-pr-1.jpg","type":"image\/jpeg"}],"author":"Arthur Guimar\u00e3es","twitter_card":"summary_large_image","twitter_creator":"@sunoresearch","twitter_site":"@sunoresearch","twitter_misc":{"Escrito por":"Arthur Guimar\u00e3es","Est. tempo de leitura":"2 minutos"},"schema":{"@context":"https:\/\/schema.org","@graph":[{"@type":"NewsArticle","@id":"https:\/\/www.suno.com.br\/noticias\/bolsonaro-cobra-petrobras-petr4-preco-gas\/#article","isPartOf":{"@id":"https:\/\/www.suno.com.br\/noticias\/bolsonaro-cobra-petrobras-petr4-preco-gas\/"},"author":{"name":"Arthur Guimar\u00e3es","@id":"https:\/\/www.suno.com.br\/noticias\/#\/schema\/person\/053a750a709a263919a20f976caae91c"},"headline":"Bolsonaro cobra Petrobras (PETR4) por redu\u00e7\u00e3o no pre\u00e7o do g\u00e1s","datePublished":"2021-05-14T19:22:33+00:00","mainEntityOfPage":{"@id":"https:\/\/www.suno.com.br\/noticias\/bolsonaro-cobra-petrobras-petr4-preco-gas\/"},"wordCount":451,"publisher":{"@id":"https:\/\/www.suno.com.br\/noticias\/#organization"},"image":{"@id":"https:\/\/www.suno.com.br\/noticias\/bolsonaro-cobra-petrobras-petr4-preco-gas\/#primaryimage"},"thumbnailUrl":"https:\/\/files.sunoresearch.com.br\/n\/uploads\/2021\/04\/75565352-jair-bolsonaro-foto-isac-nobrega-pr-1-jpg.webp","keywords":["Banco do Brasil (BBAS3)","Jair Bolsonaro","Petrobras (PETR4)"],"articleSection":["Neg\u00f3cios"],"inLanguage":"pt-BR"},{"@type":"WebPage","@id":"https:\/\/www.suno.com.br\/noticias\/bolsonaro-cobra-petrobras-petr4-preco-gas\/","url":"https:\/\/www.suno.com.br\/noticias\/bolsonaro-cobra-petrobras-petr4-preco-gas\/","name":"Bolsonaro cobra Petrobras (PETR4) por redu\u00e7\u00e3o no pre\u00e7o do g\u00e1s","isPartOf":{"@id":"https:\/\/www.suno.com.br\/noticias\/#website"},"primaryImageOfPage":{"@id":"https:\/\/www.suno.com.br\/noticias\/bolsonaro-cobra-petrobras-petr4-preco-gas\/#primaryimage"},"image":{"@id":"https:\/\/www.suno.com.br\/noticias\/bolsonaro-cobra-petrobras-petr4-preco-gas\/#primaryimage"},"thumbnailUrl":"https:\/\/files.sunoresearch.com.br\/n\/uploads\/2021\/04\/75565352-jair-bolsonaro-foto-isac-nobrega-pr-1-jpg.webp","datePublished":"2021-05-14T19:22:33+00:00","description":"O presidente Jair Bolsonaro disse ter cobrado o CEO da Petrobras (PETR4) por uma forma de reduzir o pre\u00e7o do g\u00e1s. Clique para saber mais.","breadcrumb":{"@id":"https:\/\/www.suno.com.br\/noticias\/bolsonaro-cobra-petrobras-petr4-preco-gas\/#breadcrumb"},"inLanguage":"pt-BR","potentialAction":[{"@type":"ReadAction","target":["https:\/\/www.suno.com.br\/noticias\/bolsonaro-cobra-petrobras-petr4-preco-gas\/"]}]},{"@type":"ImageObject","inLanguage":"pt-BR","@id":"https:\/\/www.suno.com.br\/noticias\/bolsonaro-cobra-petrobras-petr4-preco-gas\/#primaryimage","url":"https:\/\/files.sunoresearch.com.br\/n\/uploads\/2021\/04\/75565352-jair-bolsonaro-foto-isac-nobrega-pr-1-jpg.webp","contentUrl":"https:\/\/files.sunoresearch.com.br\/n\/uploads\/2021\/04\/75565352-jair-bolsonaro-foto-isac-nobrega-pr-1-jpg.webp","width":1200,"height":800,"caption":"Afirma\u00e7\u00f5es sobre vale g\u00e1s da Petrobras ocasionaram comunicado da companhia - Foto: Marcelo Camargo - Ag\u00eancia Brasil"},{"@type":"BreadcrumbList","@id":"https:\/\/www.suno.com.br\/noticias\/bolsonaro-cobra-petrobras-petr4-preco-gas\/#breadcrumb","itemListElement":[{"@type":"ListItem","position":1,"name":"Not\u00edcias","item":"https:\/\/www.suno.com.br\/noticias\/"},{"@type":"ListItem","position":2,"name":"Neg\u00f3cios","item":"https:\/\/www.suno.com.br\/noticias\/negocios\/"},{"@type":"ListItem","position":3,"name":"Bolsonaro cobra Petrobras (PETR4) por redu\u00e7\u00e3o no pre\u00e7o do g\u00e1s"}]},{"@type":"WebSite","@id":"https:\/\/www.suno.com.br\/noticias\/#website","url":"https:\/\/www.suno.com.br\/noticias\/","name":"Suno Not\u00edcias","description":"Seu portal de informa\u00e7\u00e3o sobre o mundo dos investimentos","publisher":{"@id":"https:\/\/www.suno.com.br\/noticias\/#organization"},"potentialAction":[{"@type":"SearchAction","target":{"@type":"EntryPoint","urlTemplate":"https:\/\/www.suno.com.br\/noticias\/?s={search_term_string}"},"query-input":{"@type":"PropertyValueSpecification","valueRequired":true,"valueName":"search_term_string"}}],"inLanguage":"pt-BR"},{"@type":"Organization","@id":"https:\/\/www.suno.com.br\/noticias\/#organization","name":"Suno Not\u00edcias","url":"https:\/\/www.suno.com.br\/noticias\/","logo":{"@type":"ImageObject","inLanguage":"pt-BR","@id":"https:\/\/www.suno.com.br\/noticias\/#\/schema\/logo\/image\/","url":"https:\/\/files.sunoresearch.com.br\/n\/uploads\/2021\/09\/suno-logo.png","contentUrl":"https:\/\/files.sunoresearch.com.br\/n\/uploads\/2021\/09\/suno-logo.png","width":180,"height":180,"caption":"Suno Not\u00edcias"},"image":{"@id":"https:\/\/www.suno.com.br\/noticias\/#\/schema\/logo\/image\/"},"sameAs":["https:\/\/facebook.com\/sunoresearch","https:\/\/x.com\/sunoresearch","https:\/\/www.instagram.com\/suno","https:\/\/www.linkedin.com\/company\/suno-research\/","https:\/\/www.youtube.com\/c\/sunoresearch"]},{"@type":"Person","@id":"https:\/\/www.suno.com.br\/noticias\/#\/schema\/person\/053a750a709a263919a20f976caae91c","name":"Arthur Guimar\u00e3es","image":{"@type":"ImageObject","inLanguage":"pt-BR","@id":"https:\/\/www.suno.com.br\/noticias\/#\/schema\/person\/image\/","url":"https:\/\/secure.gravatar.com\/avatar\/1affd86a11209ae09eb6dd3bcad3e96c?s=96&r=g","contentUrl":"https:\/\/secure.gravatar.com\/avatar\/1affd86a11209ae09eb6dd3bcad3e96c?s=96&r=g","caption":"Arthur Guimar\u00e3es"},"description":"Arthur Guimar\u00e3es escreve sobre pol\u00edtica, economia e neg\u00f3cios para o portal de not\u00edcias da Suno Research. Atualmente, \u00e9 estudante de jornalismo pela Faculdade C\u00e1sper L\u00edbero.","url":"https:\/\/www.suno.com.br\/noticias\/author\/arthur-guimaraes\/"}]}},"default_loop_html":"<div class=\"cardsPage__listCard__boxs\"><div class=\"cardsPage__listCard__boxs__img\"><a href=\"https:\/\/www.suno.com.br\/noticias\/bolsonaro-cobra-petrobras-petr4-preco-gas\/\"><img class=\"mask\" src=\"https:\/\/www.suno.com.br\/noticias\/wp-content\/themes\/suno\/resources\/images\/spotlight\/spotlight1img\/bg-mask.png\" alt=\"Image Mask\"\/><img src=\"https:\/\/files.sunoresearch.com.br\/n\/uploads\/2021\/04\/75565352-jair-bolsonaro-foto-isac-nobrega-pr-1-400x200.webp\" alt=\"Bolsonaro cobra Petrobras (PETR4) por redu\u00e7\u00e3o no pre\u00e7o do g\u00e1s\"\/><\/a><span class=\"spotlightCategory\"><a href=\"https:\/\/www.suno.com.br\/noticias\/negocios\/\">Neg\u00f3cios<\/a><\/span><\/div><div class=\"cardsPage__listCard__boxs__content\"><a href=\"https:\/\/www.suno.com.br\/noticias\/bolsonaro-cobra-petrobras-petr4-preco-gas\/\"><h2 class=\"content__title\">Bolsonaro cobra Petrobras (PETR4) por redu\u00e7\u00e3o no pre\u00e7o do g\u00e1s<\/h2><\/a><div class=\"newsContent__article__meta\"><div class=\"newsContent__article__meta__authorBox\"><a href=\"https:\/\/www.suno.com.br\/noticias\/author\/arthur-guimaraes\/\" class=\"authorBox__avatar noMobi\"><img src=\"https:\/\/files.sunoresearch.com.br\/n\/uploads\/2020\/02\/dfb40897-eu-150x150.webp\" alt=\"Arthur Guimar\u00e3es\"><\/a><div class=\"authorBox__name\"><span>por\n\t\t\t<a href=\"https:\/\/www.suno.com.br\/noticias\/author\/arthur-guimaraes\/\"><span itemprop=\"author\">Arthur Guimar\u00e3es<\/span><\/a><\/span><time datetime=\"2021-05-14T16:22:33-03:00\" itemprop=\"datePublished\">14\/05\/2021 16:22<\/time><\/div><\/div><\/div><\/div><\/div>","single_layout":"posts","amp_enabled":true,"_links":{"self":[{"href":"https:\/\/www.suno.com.br\/noticias\/wp-json\/wp\/v2\/posts\/148443"}],"collection":[{"href":"https:\/\/www.suno.com.br\/noticias\/wp-json\/wp\/v2\/posts"}],"about":[{"href":"https:\/\/www.suno.com.br\/noticias\/wp-json\/wp\/v2\/types\/post"}],"author":[{"embeddable":true,"href":"https:\/\/www.suno.com.br\/noticias\/wp-json\/wp\/v2\/users\/35"}],"replies":[{"embeddable":true,"href":"https:\/\/www.suno.com.br\/noticias\/wp-json\/wp\/v2\/comments?post=148443"}],"version-history":[{"count":2,"href":"https:\/\/www.suno.com.br\/noticias\/wp-json\/wp\/v2\/posts\/148443\/revisions"}],"predecessor-version":[{"id":148466,"href":"https:\/\/www.suno.com.br\/noticias\/wp-json\/wp\/v2\/posts\/148443\/revisions\/148466"}],"wp:featuredmedia":[{"embeddable":true,"href":"https:\/\/www.suno.com.br\/noticias\/wp-json\/wp\/v2\/media\/137729"}],"wp:attachment":[{"href":"https:\/\/www.suno.com.br\/noticias\/wp-json\/wp\/v2\/media?parent=148443"}],"wp:term":[{"taxonomy":"category","embeddable":true,"href":"https:\/\/www.suno.com.br\/noticias\/wp-json\/wp\/v2\/categories?post=148443"},{"taxonomy":"post_tag","embeddable":true,"href":"https:\/\/www.suno.com.br\/noticias\/wp-json\/wp\/v2\/tags?post=148443"},{"taxonomy":"suno_strategy","embeddable":true,"href":"https:\/\/www.suno.com.br\/noticias\/wp-json\/wp\/v2\/suno_strategy?post=148443"}],"curies":[{"name":"wp","href":"https:\/\/api.w.org\/{rel}","templated":true}]}}