{"id":148289,"date":"2021-05-14T11:10:34","date_gmt":"2021-05-14T14:10:34","guid":{"rendered":"https:\/\/www.suno.com.br\/noticias\/?p=148289"},"modified":"2021-05-17T12:38:45","modified_gmt":"2021-05-17T15:38:45","slug":"stf-icms-pis-cofins-derrota-bilionaria-uniao","status":"publish","type":"post","link":"https:\/\/www.suno.com.br\/noticias\/stf-icms-pis-cofins-derrota-bilionaria-uniao\/","title":{"rendered":"STF retira ICMS do PIS\/Cofins e imp\u00f5e derrota bilion\u00e1ria \u00e0 Uni\u00e3o"},"content":{"rendered":"<p>Por 8 votos a 3, o Supremo Tribunal Federal (<strong>STF<\/strong>), <a href=\"https:\/\/www.suno.com.br\/noticias\/icms-retirado-pis-cofins-destacado-nota-stf\/\">decidiu pela retirada do ICMS da base de c\u00e1lculo do PIS\/Cofins<\/a>, contrariando o entendimento da Uni\u00e3o. A decis\u00e3o da corte \u00e9 retroativa, e considera que a regra estava valendo desde 2017, enquanto o governo pleiteava que valesse s\u00f3 a partir do julgamento desta quinta-feira (13).<\/p>\t<div class=\"wrapper-featured-image\">\n\t\t<figure class=\"spotlightImg\">\n\n\t\t\t<picture>\n\t\t\t\t<source media=\"(max-width: 768px)\" srcset=\"https:\/\/files.sunoresearch.com.br\/n\/uploads\/2021\/05\/aed6caaf-ch-stf-20150910-4-400x200.webp\">\n\t\t\t\t<img loading=\"lazy\" decoding=\"async\" class=\"newsContent__article__imgCapa lazyloadDisabled \" src=\"https:\/\/files.sunoresearch.com.br\/n\/uploads\/2021\/05\/aed6caaf-ch-stf-20150910-4-800x450.webp\" width=\"800\" height=\"450\" alt=\"STF retira ICMS do PIS\/Cofins e imp\u00f5e derrota bilion\u00e1ria \u00e0 Uni\u00e3o\" fetchpriority=high \/>\n\t\t\t<\/picture>\n\n\t\t\t<figcaption class=\"wp-caption-text wp-caption-text--show\">Supremo Tribunal Federal (STF) - Foto: Reprodu\u00e7\u00e3o Fotos P\u00fablicas<\/figcaption>\n\t\t<\/figure>\n\t<\/div>\n\n\n<p><span style=\"font-weight: 400;\">\t<p>\n\t\t<a href=\"https:\/\/lp.suno.com.br\/planilha-controle-gastos\/\" target=\"_blank\" data-element=\"shortcode-suno-banner\" title=\"Banner SUNO, clique e saiba mais\">\n\t\t\t<picture>\n\t\t\t\t<source media=\"(max-width: 500px)\" srcset=\"https:\/\/files.sunoresearch.com.br\/n\/uploads\/2023\/03\/400x300-Planilha-controle-de-gastos.png\">\n\t\t\t\t<img class=\"newsContent__article__imgCapa newsContent__article__imgCapa--banner\"\n\t\t\t\t\tsrc=\"https:\/\/files.sunoresearch.com.br\/n\/uploads\/2023\/03\/1420x240-Planilha-controle-de-gastos.png\"\n\t\t\t\t\tdata-promo-id=\"101751\"\t\t\t\t\t\t\t\t\t\twidth='1420' height='240'\t\t\t\t\talt=\"https:\/\/files.sunoresearch.com.br\/n\/uploads\/2023\/03\/1420x240-Planilha-controle-de-gastos.png\"\n\t\t\t\t>\n\t\t\t<\/picture>\n\t\t<\/a>\n\t<\/p>\n\n<\/span><\/p>\n<p>Paralelamente, o <strong>STF<\/strong> decidiu que o <a href=\"https:\/\/www.suno.com.br\/artigos\/icms\/\"><strong>ICMS<\/strong> ser\u00e1 retirado da base de c\u00e1lculo<\/a> do PIS\/Cofins pago pelas empresas deve ser o &#8220;destacado&#8221; na nota fiscal, que \u00e9 maior que o efetivamente recolhido.<\/p>\n<p>A situa\u00e7\u00e3o n\u00e3o \u00e9 a mais cr\u00edtica j\u00e1 que o STF poderia decidir por uma retroatividade ilimitada, gerando um preju\u00edzo acima de R$ 229 bilh\u00f5es \u00e0 Uni\u00e3o, segundo estimativa da Fazenda Nacional. O \u00f3rg\u00e3o ainda calcula o impacto para as contas p\u00fablicas diante da decis\u00e3o atual.<\/p>\n<p><a href=\"https:\/\/lp.suno.com.br\/suno-one\/?ppp=noticias\/hospital-care-pedido-ipo-cvm\/\"><b>Suno One: acesse gratuitamente eBooks, Minicursos, Artigos e V\u00eddeo Aulas sobre investimentos com um \u00fanico cadastro. Clique para saber mais!<\/b><\/a><\/p>\n<p>O desfecho ainda n\u00e3o teve seu c\u00e1lculo detalhado pelo governo, mas sabe-se que tem o potencial de sangrar a arrecada\u00e7\u00e3o federal, uma vez que vai reduzir a base sobre a qual os tributos federais s\u00e3o cobrados. O julgamento, que passou a ser chamado de a &#8220;tese do s\u00e9culo&#8221;, devido ao impacto potencial tanto para Uni\u00e3o quanto para empresas, acabou por delimitar os efeitos da decis\u00e3o tomada quatro anos atr\u00e1s pelo Supremo, a qual consolidou a tese de que o ICMS n\u00e3o faz parte da base de c\u00e1lculo do PIS\/Cofins.<\/p>\n<p>A Procuradoria-Geral da Fazenda Nacional (PGFN) tentava duas vit\u00f3rias. A primeira delas seria &#8220;modular&#8221; a decis\u00e3o para valer apenas para o futuro, dado o risco de um desfalque de <strong>R$ 258,3 bilh\u00f5es<\/strong> em cinco anos.<\/p>\n<p><span style=\"font-weight: 400;\">\t<div data-element=\"shortcode-read-more\" class=\"knowMore\">\n\t\t\t\t<span class=\"knowMore__title\">Saiba mais<\/span>\n\t\t\t\t<a class=\"knowMore__link\" href=\"https:\/\/www.suno.com.br\/noticias\/icms-retirado-pis-cofins-destacado-nota-stf\/\">\n\t\t\tICMS a ser retirado da base do PIS\/Cofins \u00e9 o destacado na nota, decide STF\t\t<\/a>\n\t<\/div>\n\n<\/span><\/p>\n<p>A segunda, que o ICMS a ser descontado da base de c\u00e1lculo fosse o efetivamente pago pelas empresas, j\u00e1 depois do abatimento de eventuais cr\u00e9ditos que podem ser empregados para <a href=\"https:\/\/www.suno.com.br\/artigos\/ibs\/\">reduzir o imposto devido<\/a>. Isso resultaria em valores maiores de PIS\/Cofins.<\/p>\n<p>As empresas, por sua vez, buscavam manter a possibilidade de a retirada do ICMS retroagir, pois assim poderiam cobrar valores j\u00e1 pagos e, no fim das contas, recolher menos tributos. As companhias tamb\u00e9m torciam pela tese de desconto do ICMS destacado, que na pr\u00e1tica resulta em menos PIS\/<a href=\"https:\/\/www.suno.com.br\/artigos\/cofins\/\">Cofins a pagar<\/a>.<\/p>\n<p>Em rela\u00e7\u00e3o aos <a href=\"https:\/\/www.suno.com.br\/artigos\/correcao-monetaria\/\">efeitos retroativos da decis\u00e3o<\/a>, a relatora do caso, ministra C\u00e1rmen L\u00facia, adotou um &#8220;meio-termo&#8221;: a decis\u00e3o passa a valer na data do julgamento (15 de mar\u00e7o de 2017) e retroage apenas para quem ingressou com a\u00e7\u00e3o judicial ou administrativa antes dessa data.<\/p>\n<p>Esse entendimento teve apoio de outros sete ministros:<\/p>\n<ul>\n<li>Kassio Nunes Marques<\/li>\n<li>Alexandre de Moraes<\/li>\n<li>Luis Roberto Barroso<\/li>\n<li>Dias Toffoli<\/li>\n<li>Ricardo Lewandowski<\/li>\n<li>Gilmar Mendes<\/li>\n<li>Luiz Fux<\/li>\n<\/ul>\n<p>J\u00e1 no caso de qual ICMS descontar da base, o STF imp\u00f4s uma derrota bilion\u00e1ria \u00e0 Uni\u00e3o e decidiu pela exclus\u00e3o do imposto destacado na nota fiscal, isto \u00e9, o valor que resulta da aplica\u00e7\u00e3o da al\u00edquota cheia sobre o valor do bem ou servi\u00e7o.<\/p>\n<p>Segundo apurou o <i>Estad\u00e3o\/Broadcast<\/i> com um integrante da equipe econ\u00f4mica, essa op\u00e7\u00e3o pode dobrar o impacto fiscal da decis\u00e3o para as contas p\u00fablicas.<\/p>\n<p><span style=\"font-weight: 400;\">\t<p>\n\t\t<a href=\"https:\/\/lp.suno.com.br\/planilha-de-controle-de-investimentos\/\" target=\"_blank\" data-element=\"shortcode-suno-banner\" title=\"Banner SUNO, clique e saiba mais\">\n\t\t\t<picture>\n\t\t\t\t<source media=\"(max-width: 500px)\" srcset=\"https:\/\/files.sunoresearch.com.br\/n\/uploads\/2023\/03\/400x300-Controle-de-Investimentos.png\">\n\t\t\t\t<img class=\"newsContent__article__imgCapa newsContent__article__imgCapa--banner\"\n\t\t\t\t\tsrc=\"https:\/\/files.sunoresearch.com.br\/n\/uploads\/2023\/03\/1420x240-Controle-de-Investimentos.png\"\n\t\t\t\t\tdata-promo-id=\"75934\"\t\t\t\t\t\t\t\t\t\twidth='1420' height='240'\t\t\t\t\talt=\"https:\/\/files.sunoresearch.com.br\/n\/uploads\/2023\/03\/1420x240-Controle-de-Investimentos.png\"\n\t\t\t\t>\n\t\t\t<\/picture>\n\t\t<\/a>\n\t<\/p>\n\n\u00a0 <\/span><\/p>\n<p>O argumento da PGFN era que as empresas acumulam cr\u00e9ditos ao adquirir insumos de fornecedores que j\u00e1 recolheram ICMS em seu est\u00e1gio de produ\u00e7\u00e3o. Quando essas empresas pagam o ICMS sobre o produto final, elas usam esses cr\u00e9ditos para reduzir o valor dado pela al\u00edquota cheia.<\/p>\n<p>Com isso, o valor pago do imposto fica menor. O plen\u00e1rio, por\u00e9m, n\u00e3o acatou esse argumento. Votaram pelo desconto do ICMS destacado os ministros Alexandre de Moraes, C\u00e1rmen L\u00facia, Edson Fachin, Rosa Weber, Dias Toffoli, Ricardo Lewandowski, Marco Aur\u00e9lio Mello e Luiz Fux.<\/p>\n<h2>Decis\u00e3o do STF impactar\u00e1 o mercado, diz advogado<\/h2>\n<p>Para o advogado Breno Kingma, s\u00f3cio da \u00e1rea tribut\u00e1ria do Vieira Rezende Advogados, a decis\u00e3o do STF tem um impacto relevante no mercado. Primeiro, porque n\u00e3o deixa espa\u00e7o para contesta\u00e7\u00f5es da <a href=\"https:\/\/www.suno.com.br\/artigos\/receita-federal\/\">Receita Federal sobre como calcular<\/a> as contribui\u00e7\u00f5es de PIS\/Cofins.<\/p>\n<p>Em segundo lugar, ele pondera que h\u00e1 risco de judicializa\u00e7\u00e3o. &#8220;Faltou esclarecer sobre as a\u00e7\u00f5es ajuizadas ap\u00f3s 15 de mar\u00e7o de 2017, mas que j\u00e1 houve tr\u00e2nsito em julgado favor\u00e1vel ao contribuinte, sem limita\u00e7\u00e3o temporal&#8221;, disse.<\/p>\n<p>Segundo ele, pelos precedentes do pr\u00f3prio <strong>STF<\/strong>, essas decis\u00f5es n\u00e3o poderiam ser alvo de a\u00e7\u00e3o rescis\u00f3ria, isto \u00e9, para rever a decis\u00e3o.<\/p>\n<p><span style=\"font-weight: 400;\">\u00a0\t<p>\n\t\t<a href=\"https:\/\/lp.suno.com.br\/planilha-da-vida-financeira\/\" target=\"_blank\" data-element=\"shortcode-suno-banner\" title=\"Banner SUNO, clique e saiba mais\">\n\t\t\t<picture>\n\t\t\t\t<source media=\"(max-width: 500px)\" srcset=\"https:\/\/files.sunoresearch.com.br\/n\/uploads\/2023\/04\/400x300-Planilha-vida-financeira-true.png\">\n\t\t\t\t<img class=\"newsContent__article__imgCapa newsContent__article__imgCapa--banner\"\n\t\t\t\t\tsrc=\"https:\/\/files.sunoresearch.com.br\/n\/uploads\/2023\/04\/1420x240-Planilha-vida-financeira-true.png\"\n\t\t\t\t\tdata-promo-id=\"106682\"\t\t\t\t\t\t\t\t\t\twidth='1420' height='240'\t\t\t\t\talt=\"https:\/\/files.sunoresearch.com.br\/n\/uploads\/2023\/04\/1420x240-Planilha-vida-financeira-true.png\"\n\t\t\t\t>\n\t\t\t<\/picture>\n\t\t<\/a>\n\t<\/p>\n\n<\/span><\/p>\n","protected":false},"excerpt":{"rendered":"<p>Por 8 votos a 3, o Supremo Tribunal Federal (STF), decidiu pela retirada do ICMS da base de c\u00e1lculo do PIS\/Cofins, contrariando o entendimento da Uni\u00e3o. A decis\u00e3o da corte \u00e9 retroativa, e considera que a regra estava valendo desde 2017, enquanto o governo pleiteava que valesse s\u00f3 a partir do julgamento desta quinta-feira (13). [&hellip;]<\/p>\n","protected":false},"author":73,"featured_media":148337,"comment_status":"closed","ping_status":"closed","sticky":false,"template":"","format":"standard","meta":[],"categories":[62],"tags":[76283,1556,1086,835,785],"suno_strategy":[],"class_list":["post-148289","post","type-post","status-publish","format-standard","has-post-thumbnail","hentry","category-economia","tag-cofins","tag-governo-federal","tag-icms","tag-pis","tag-supremo-tribunal-federal-stf"],"yoast_head":"<!-- This site is optimized with the Yoast SEO plugin v24.4 - https:\/\/yoast.com\/wordpress\/plugins\/seo\/ -->\n<title>STF retira ICMS do PIS\/Cofins e imp\u00f5e derrota bilion\u00e1ria \u00e0 Uni\u00e3o<\/title>\n<meta name=\"description\" content=\"A situa\u00e7\u00e3o n\u00e3o \u00e9 a pior de todas para a Uni\u00e3o, j\u00e1 que o STF poderia decidir por retroatividade ilimitada da medida; leia mais\" \/>\n<meta name=\"robots\" content=\"index, follow, max-snippet:-1, max-image-preview:large, max-video-preview:-1\" \/>\n<link rel=\"canonical\" href=\"https:\/\/www.suno.com.br\/noticias\/stf-icms-pis-cofins-derrota-bilionaria-uniao\/\" \/>\n<meta property=\"og:locale\" content=\"pt_BR\" \/>\n<meta property=\"og:type\" content=\"article\" \/>\n<meta property=\"og:title\" content=\"STF retira ICMS do PIS\/Cofins e imp\u00f5e derrota bilion\u00e1ria \u00e0 Uni\u00e3o\" \/>\n<meta property=\"og:description\" content=\"A situa\u00e7\u00e3o n\u00e3o \u00e9 a pior de todas para a Uni\u00e3o, j\u00e1 que o STF poderia decidir por retroatividade ilimitada da medida; leia mais\" \/>\n<meta property=\"og:url\" content=\"https:\/\/www.suno.com.br\/noticias\/stf-icms-pis-cofins-derrota-bilionaria-uniao\/\" \/>\n<meta property=\"og:site_name\" content=\"Suno Not\u00edcias\" \/>\n<meta property=\"article:publisher\" content=\"https:\/\/facebook.com\/sunoresearch\" \/>\n<meta property=\"og:image\" content=\"https:\/\/files.sunoresearch.com.br\/n\/uploads\/2021\/05\/aed6caaf-ch-stf-20150910-4-1024x590.jpg\" \/>\n\t<meta property=\"og:image:width\" content=\"1024\" \/>\n\t<meta property=\"og:image:height\" content=\"590\" \/>\n\t<meta property=\"og:image:type\" content=\"image\/jpeg\" \/>\n<meta name=\"author\" content=\"Eduardo Vargas\" \/>\n<meta name=\"twitter:card\" content=\"summary_large_image\" \/>\n<meta name=\"twitter:creator\" content=\"@sunoresearch\" \/>\n<meta name=\"twitter:site\" content=\"@sunoresearch\" \/>\n<meta name=\"twitter:label1\" content=\"Escrito por\" \/>\n\t<meta name=\"twitter:data1\" content=\"Eduardo Vargas\" \/>\n\t<meta name=\"twitter:label2\" content=\"Est. tempo de leitura\" \/>\n\t<meta name=\"twitter:data2\" content=\"4 minutos\" \/>\n<script type=\"application\/ld+json\" class=\"yoast-schema-graph\">{\"@context\":\"https:\/\/schema.org\",\"@graph\":[{\"@type\":\"NewsArticle\",\"@id\":\"https:\/\/www.suno.com.br\/noticias\/stf-icms-pis-cofins-derrota-bilionaria-uniao\/#article\",\"isPartOf\":{\"@id\":\"https:\/\/www.suno.com.br\/noticias\/stf-icms-pis-cofins-derrota-bilionaria-uniao\/\"},\"author\":{\"name\":\"Eduardo Vargas\",\"@id\":\"https:\/\/www.suno.com.br\/noticias\/#\/schema\/person\/7f4d362bf3518e76090143ae77bb49a5\"},\"headline\":\"STF retira ICMS do PIS\/Cofins e imp\u00f5e derrota bilion\u00e1ria \u00e0 Uni\u00e3o\",\"datePublished\":\"2021-05-14T14:10:34+00:00\",\"dateModified\":\"2021-05-17T15:38:45+00:00\",\"mainEntityOfPage\":{\"@id\":\"https:\/\/www.suno.com.br\/noticias\/stf-icms-pis-cofins-derrota-bilionaria-uniao\/\"},\"wordCount\":803,\"publisher\":{\"@id\":\"https:\/\/www.suno.com.br\/noticias\/#organization\"},\"image\":{\"@id\":\"https:\/\/www.suno.com.br\/noticias\/stf-icms-pis-cofins-derrota-bilionaria-uniao\/#primaryimage\"},\"thumbnailUrl\":\"https:\/\/files.sunoresearch.com.br\/n\/uploads\/2021\/05\/aed6caaf-ch-stf-20150910-4-jpg.webp\",\"keywords\":[\"COFINS\",\"governo federal\",\"ICMS\",\"PIS\",\"Supremo Tribunal Federal (STF)\"],\"articleSection\":[\"Economia\"],\"inLanguage\":\"pt-BR\"},{\"@type\":\"WebPage\",\"@id\":\"https:\/\/www.suno.com.br\/noticias\/stf-icms-pis-cofins-derrota-bilionaria-uniao\/\",\"url\":\"https:\/\/www.suno.com.br\/noticias\/stf-icms-pis-cofins-derrota-bilionaria-uniao\/\",\"name\":\"STF retira ICMS do PIS\/Cofins e imp\u00f5e derrota bilion\u00e1ria \u00e0 Uni\u00e3o\",\"isPartOf\":{\"@id\":\"https:\/\/www.suno.com.br\/noticias\/#website\"},\"primaryImageOfPage\":{\"@id\":\"https:\/\/www.suno.com.br\/noticias\/stf-icms-pis-cofins-derrota-bilionaria-uniao\/#primaryimage\"},\"image\":{\"@id\":\"https:\/\/www.suno.com.br\/noticias\/stf-icms-pis-cofins-derrota-bilionaria-uniao\/#primaryimage\"},\"thumbnailUrl\":\"https:\/\/files.sunoresearch.com.br\/n\/uploads\/2021\/05\/aed6caaf-ch-stf-20150910-4-jpg.webp\",\"datePublished\":\"2021-05-14T14:10:34+00:00\",\"dateModified\":\"2021-05-17T15:38:45+00:00\",\"description\":\"A situa\u00e7\u00e3o n\u00e3o \u00e9 a pior de todas para a Uni\u00e3o, j\u00e1 que o STF poderia decidir por retroatividade ilimitada da medida; leia mais\",\"breadcrumb\":{\"@id\":\"https:\/\/www.suno.com.br\/noticias\/stf-icms-pis-cofins-derrota-bilionaria-uniao\/#breadcrumb\"},\"inLanguage\":\"pt-BR\",\"potentialAction\":[{\"@type\":\"ReadAction\",\"target\":[\"https:\/\/www.suno.com.br\/noticias\/stf-icms-pis-cofins-derrota-bilionaria-uniao\/\"]}]},{\"@type\":\"ImageObject\",\"inLanguage\":\"pt-BR\",\"@id\":\"https:\/\/www.suno.com.br\/noticias\/stf-icms-pis-cofins-derrota-bilionaria-uniao\/#primaryimage\",\"url\":\"https:\/\/files.sunoresearch.com.br\/n\/uploads\/2021\/05\/aed6caaf-ch-stf-20150910-4-jpg.webp\",\"contentUrl\":\"https:\/\/files.sunoresearch.com.br\/n\/uploads\/2021\/05\/aed6caaf-ch-stf-20150910-4-jpg.webp\",\"width\":2000,\"height\":1152,\"caption\":\"Supremo Tribunal Federal (STF) - Foto: Reprodu\u00e7\u00e3o Fotos P\u00fablicas\"},{\"@type\":\"BreadcrumbList\",\"@id\":\"https:\/\/www.suno.com.br\/noticias\/stf-icms-pis-cofins-derrota-bilionaria-uniao\/#breadcrumb\",\"itemListElement\":[{\"@type\":\"ListItem\",\"position\":1,\"name\":\"Not\u00edcias\",\"item\":\"https:\/\/www.suno.com.br\/noticias\/\"},{\"@type\":\"ListItem\",\"position\":2,\"name\":\"Economia\",\"item\":\"https:\/\/www.suno.com.br\/noticias\/economia\/\"},{\"@type\":\"ListItem\",\"position\":3,\"name\":\"STF retira ICMS do PIS\/Cofins e imp\u00f5e derrota bilion\u00e1ria \u00e0 Uni\u00e3o\"}]},{\"@type\":\"WebSite\",\"@id\":\"https:\/\/www.suno.com.br\/noticias\/#website\",\"url\":\"https:\/\/www.suno.com.br\/noticias\/\",\"name\":\"Suno Not\u00edcias\",\"description\":\"Seu portal de informa\u00e7\u00e3o sobre o mundo dos investimentos\",\"publisher\":{\"@id\":\"https:\/\/www.suno.com.br\/noticias\/#organization\"},\"potentialAction\":[{\"@type\":\"SearchAction\",\"target\":{\"@type\":\"EntryPoint\",\"urlTemplate\":\"https:\/\/www.suno.com.br\/noticias\/?s={search_term_string}\"},\"query-input\":{\"@type\":\"PropertyValueSpecification\",\"valueRequired\":true,\"valueName\":\"search_term_string\"}}],\"inLanguage\":\"pt-BR\"},{\"@type\":\"Organization\",\"@id\":\"https:\/\/www.suno.com.br\/noticias\/#organization\",\"name\":\"Suno Not\u00edcias\",\"url\":\"https:\/\/www.suno.com.br\/noticias\/\",\"logo\":{\"@type\":\"ImageObject\",\"inLanguage\":\"pt-BR\",\"@id\":\"https:\/\/www.suno.com.br\/noticias\/#\/schema\/logo\/image\/\",\"url\":\"https:\/\/files.sunoresearch.com.br\/n\/uploads\/2021\/09\/suno-logo.png\",\"contentUrl\":\"https:\/\/files.sunoresearch.com.br\/n\/uploads\/2021\/09\/suno-logo.png\",\"width\":180,\"height\":180,\"caption\":\"Suno Not\u00edcias\"},\"image\":{\"@id\":\"https:\/\/www.suno.com.br\/noticias\/#\/schema\/logo\/image\/\"},\"sameAs\":[\"https:\/\/facebook.com\/sunoresearch\",\"https:\/\/x.com\/sunoresearch\",\"https:\/\/www.instagram.com\/suno\",\"https:\/\/www.linkedin.com\/company\/suno-research\/\",\"https:\/\/www.youtube.com\/c\/sunoresearch\"]},{\"@type\":\"Person\",\"@id\":\"https:\/\/www.suno.com.br\/noticias\/#\/schema\/person\/7f4d362bf3518e76090143ae77bb49a5\",\"name\":\"Eduardo Vargas\",\"image\":{\"@type\":\"ImageObject\",\"inLanguage\":\"pt-BR\",\"@id\":\"https:\/\/www.suno.com.br\/noticias\/#\/schema\/person\/image\/\",\"url\":\"https:\/\/secure.gravatar.com\/avatar\/dac340933427a22924c9f99d1eb2e3f2?s=96&r=g\",\"contentUrl\":\"https:\/\/secure.gravatar.com\/avatar\/dac340933427a22924c9f99d1eb2e3f2?s=96&r=g\",\"caption\":\"Eduardo Vargas\"},\"description\":\"Jornalista formado pela UFSC, cobre macroeconomia, neg\u00f3cios e startups para o Suno Not\u00edcias, escrevendo principalmente not\u00edcias sobre o mercado financeiro e a bolsa de valores. No YouTube e no Instagram, \u00e9 respons\u00e1vel pela produ\u00e7\u00e3o de Reels e Shorts do Suno Not\u00edcias. Anteriormente, trabalhou cobrindo economia e cotidiano no ND+ e para o ND, maior jornal impresso de Santa Catarina. Cursou um semestre letivo de Estudos de M\u00eddia na Universidad de Buenos Aires.\",\"url\":\"https:\/\/www.suno.com.br\/noticias\/author\/eduardo-vargas\/\"}]}<\/script>\n<!-- \/ Yoast SEO plugin. -->","yoast_head_json":{"title":"STF retira ICMS do PIS\/Cofins e imp\u00f5e derrota bilion\u00e1ria \u00e0 Uni\u00e3o","description":"A situa\u00e7\u00e3o n\u00e3o \u00e9 a pior de todas para a Uni\u00e3o, j\u00e1 que o STF poderia decidir por retroatividade ilimitada da medida; leia mais","robots":{"index":"index","follow":"follow","max-snippet":"max-snippet:-1","max-image-preview":"max-image-preview:large","max-video-preview":"max-video-preview:-1"},"canonical":"https:\/\/www.suno.com.br\/noticias\/stf-icms-pis-cofins-derrota-bilionaria-uniao\/","og_locale":"pt_BR","og_type":"article","og_title":"STF retira ICMS do PIS\/Cofins e imp\u00f5e derrota bilion\u00e1ria \u00e0 Uni\u00e3o","og_description":"A situa\u00e7\u00e3o n\u00e3o \u00e9 a pior de todas para a Uni\u00e3o, j\u00e1 que o STF poderia decidir por retroatividade ilimitada da medida; leia mais","og_url":"https:\/\/www.suno.com.br\/noticias\/stf-icms-pis-cofins-derrota-bilionaria-uniao\/","og_site_name":"Suno Not\u00edcias","article_publisher":"https:\/\/facebook.com\/sunoresearch","og_image":[{"width":1024,"height":590,"url":"https:\/\/files.sunoresearch.com.br\/n\/uploads\/2021\/05\/aed6caaf-ch-stf-20150910-4-1024x590.jpg","type":"image\/jpeg"}],"author":"Eduardo Vargas","twitter_card":"summary_large_image","twitter_creator":"@sunoresearch","twitter_site":"@sunoresearch","twitter_misc":{"Escrito por":"Eduardo Vargas","Est. tempo de leitura":"4 minutos"},"schema":{"@context":"https:\/\/schema.org","@graph":[{"@type":"NewsArticle","@id":"https:\/\/www.suno.com.br\/noticias\/stf-icms-pis-cofins-derrota-bilionaria-uniao\/#article","isPartOf":{"@id":"https:\/\/www.suno.com.br\/noticias\/stf-icms-pis-cofins-derrota-bilionaria-uniao\/"},"author":{"name":"Eduardo Vargas","@id":"https:\/\/www.suno.com.br\/noticias\/#\/schema\/person\/7f4d362bf3518e76090143ae77bb49a5"},"headline":"STF retira ICMS do PIS\/Cofins e imp\u00f5e derrota bilion\u00e1ria \u00e0 Uni\u00e3o","datePublished":"2021-05-14T14:10:34+00:00","dateModified":"2021-05-17T15:38:45+00:00","mainEntityOfPage":{"@id":"https:\/\/www.suno.com.br\/noticias\/stf-icms-pis-cofins-derrota-bilionaria-uniao\/"},"wordCount":803,"publisher":{"@id":"https:\/\/www.suno.com.br\/noticias\/#organization"},"image":{"@id":"https:\/\/www.suno.com.br\/noticias\/stf-icms-pis-cofins-derrota-bilionaria-uniao\/#primaryimage"},"thumbnailUrl":"https:\/\/files.sunoresearch.com.br\/n\/uploads\/2021\/05\/aed6caaf-ch-stf-20150910-4-jpg.webp","keywords":["COFINS","governo federal","ICMS","PIS","Supremo Tribunal Federal (STF)"],"articleSection":["Economia"],"inLanguage":"pt-BR"},{"@type":"WebPage","@id":"https:\/\/www.suno.com.br\/noticias\/stf-icms-pis-cofins-derrota-bilionaria-uniao\/","url":"https:\/\/www.suno.com.br\/noticias\/stf-icms-pis-cofins-derrota-bilionaria-uniao\/","name":"STF retira ICMS do PIS\/Cofins e imp\u00f5e derrota bilion\u00e1ria \u00e0 Uni\u00e3o","isPartOf":{"@id":"https:\/\/www.suno.com.br\/noticias\/#website"},"primaryImageOfPage":{"@id":"https:\/\/www.suno.com.br\/noticias\/stf-icms-pis-cofins-derrota-bilionaria-uniao\/#primaryimage"},"image":{"@id":"https:\/\/www.suno.com.br\/noticias\/stf-icms-pis-cofins-derrota-bilionaria-uniao\/#primaryimage"},"thumbnailUrl":"https:\/\/files.sunoresearch.com.br\/n\/uploads\/2021\/05\/aed6caaf-ch-stf-20150910-4-jpg.webp","datePublished":"2021-05-14T14:10:34+00:00","dateModified":"2021-05-17T15:38:45+00:00","description":"A situa\u00e7\u00e3o n\u00e3o \u00e9 a pior de todas para a Uni\u00e3o, j\u00e1 que o STF poderia decidir por retroatividade ilimitada da medida; leia mais","breadcrumb":{"@id":"https:\/\/www.suno.com.br\/noticias\/stf-icms-pis-cofins-derrota-bilionaria-uniao\/#breadcrumb"},"inLanguage":"pt-BR","potentialAction":[{"@type":"ReadAction","target":["https:\/\/www.suno.com.br\/noticias\/stf-icms-pis-cofins-derrota-bilionaria-uniao\/"]}]},{"@type":"ImageObject","inLanguage":"pt-BR","@id":"https:\/\/www.suno.com.br\/noticias\/stf-icms-pis-cofins-derrota-bilionaria-uniao\/#primaryimage","url":"https:\/\/files.sunoresearch.com.br\/n\/uploads\/2021\/05\/aed6caaf-ch-stf-20150910-4-jpg.webp","contentUrl":"https:\/\/files.sunoresearch.com.br\/n\/uploads\/2021\/05\/aed6caaf-ch-stf-20150910-4-jpg.webp","width":2000,"height":1152,"caption":"Supremo Tribunal Federal (STF) - Foto: Reprodu\u00e7\u00e3o Fotos P\u00fablicas"},{"@type":"BreadcrumbList","@id":"https:\/\/www.suno.com.br\/noticias\/stf-icms-pis-cofins-derrota-bilionaria-uniao\/#breadcrumb","itemListElement":[{"@type":"ListItem","position":1,"name":"Not\u00edcias","item":"https:\/\/www.suno.com.br\/noticias\/"},{"@type":"ListItem","position":2,"name":"Economia","item":"https:\/\/www.suno.com.br\/noticias\/economia\/"},{"@type":"ListItem","position":3,"name":"STF retira ICMS do PIS\/Cofins e imp\u00f5e derrota bilion\u00e1ria \u00e0 Uni\u00e3o"}]},{"@type":"WebSite","@id":"https:\/\/www.suno.com.br\/noticias\/#website","url":"https:\/\/www.suno.com.br\/noticias\/","name":"Suno Not\u00edcias","description":"Seu portal de informa\u00e7\u00e3o sobre o mundo dos investimentos","publisher":{"@id":"https:\/\/www.suno.com.br\/noticias\/#organization"},"potentialAction":[{"@type":"SearchAction","target":{"@type":"EntryPoint","urlTemplate":"https:\/\/www.suno.com.br\/noticias\/?s={search_term_string}"},"query-input":{"@type":"PropertyValueSpecification","valueRequired":true,"valueName":"search_term_string"}}],"inLanguage":"pt-BR"},{"@type":"Organization","@id":"https:\/\/www.suno.com.br\/noticias\/#organization","name":"Suno Not\u00edcias","url":"https:\/\/www.suno.com.br\/noticias\/","logo":{"@type":"ImageObject","inLanguage":"pt-BR","@id":"https:\/\/www.suno.com.br\/noticias\/#\/schema\/logo\/image\/","url":"https:\/\/files.sunoresearch.com.br\/n\/uploads\/2021\/09\/suno-logo.png","contentUrl":"https:\/\/files.sunoresearch.com.br\/n\/uploads\/2021\/09\/suno-logo.png","width":180,"height":180,"caption":"Suno Not\u00edcias"},"image":{"@id":"https:\/\/www.suno.com.br\/noticias\/#\/schema\/logo\/image\/"},"sameAs":["https:\/\/facebook.com\/sunoresearch","https:\/\/x.com\/sunoresearch","https:\/\/www.instagram.com\/suno","https:\/\/www.linkedin.com\/company\/suno-research\/","https:\/\/www.youtube.com\/c\/sunoresearch"]},{"@type":"Person","@id":"https:\/\/www.suno.com.br\/noticias\/#\/schema\/person\/7f4d362bf3518e76090143ae77bb49a5","name":"Eduardo Vargas","image":{"@type":"ImageObject","inLanguage":"pt-BR","@id":"https:\/\/www.suno.com.br\/noticias\/#\/schema\/person\/image\/","url":"https:\/\/secure.gravatar.com\/avatar\/dac340933427a22924c9f99d1eb2e3f2?s=96&r=g","contentUrl":"https:\/\/secure.gravatar.com\/avatar\/dac340933427a22924c9f99d1eb2e3f2?s=96&r=g","caption":"Eduardo Vargas"},"description":"Jornalista formado pela UFSC, cobre macroeconomia, neg\u00f3cios e startups para o Suno Not\u00edcias, escrevendo principalmente not\u00edcias sobre o mercado financeiro e a bolsa de valores. No YouTube e no Instagram, \u00e9 respons\u00e1vel pela produ\u00e7\u00e3o de Reels e Shorts do Suno Not\u00edcias. Anteriormente, trabalhou cobrindo economia e cotidiano no ND+ e para o ND, maior jornal impresso de Santa Catarina. Cursou um semestre letivo de Estudos de M\u00eddia na Universidad de Buenos Aires.","url":"https:\/\/www.suno.com.br\/noticias\/author\/eduardo-vargas\/"}]}},"default_loop_html":"<div class=\"cardsPage__listCard__boxs\"><div class=\"cardsPage__listCard__boxs__img\"><a href=\"https:\/\/www.suno.com.br\/noticias\/stf-icms-pis-cofins-derrota-bilionaria-uniao\/\"><img class=\"mask\" src=\"https:\/\/www.suno.com.br\/noticias\/wp-content\/themes\/suno\/resources\/images\/spotlight\/spotlight1img\/bg-mask.png\" alt=\"Image Mask\"\/><img src=\"https:\/\/files.sunoresearch.com.br\/n\/uploads\/2021\/05\/aed6caaf-ch-stf-20150910-4-400x200.webp\" alt=\"STF retira ICMS do PIS\/Cofins e imp\u00f5e derrota bilion\u00e1ria \u00e0 Uni\u00e3o\"\/><\/a><span class=\"spotlightCategory\"><a href=\"https:\/\/www.suno.com.br\/noticias\/economia\/\">Economia<\/a><\/span><\/div><div class=\"cardsPage__listCard__boxs__content\"><a href=\"https:\/\/www.suno.com.br\/noticias\/stf-icms-pis-cofins-derrota-bilionaria-uniao\/\"><h2 class=\"content__title\">STF retira ICMS do PIS\/Cofins e imp\u00f5e derrota bilion\u00e1ria \u00e0 Uni\u00e3o<\/h2><\/a><div class=\"newsContent__article__meta\"><div class=\"newsContent__article__meta__authorBox\"><a href=\"https:\/\/www.suno.com.br\/noticias\/author\/eduardo-vargas\/\" class=\"authorBox__avatar noMobi\"><img src=\"https:\/\/secure.gravatar.com\/avatar\/dac340933427a22924c9f99d1eb2e3f2?s=96&#038;r=g\" alt=\"Eduardo Vargas\"><\/a><div class=\"authorBox__name\"><span>por\n\t\t\t<a href=\"https:\/\/www.suno.com.br\/noticias\/author\/eduardo-vargas\/\"><span itemprop=\"author\">Eduardo Vargas<\/span><\/a><\/span><time datetime=\"2021-05-14T11:10:34-03:00\" itemprop=\"datePublished\">14\/05\/2021 11:10<\/time><\/div><\/div><\/div><\/div><\/div>","single_layout":"posts","amp_enabled":true,"_links":{"self":[{"href":"https:\/\/www.suno.com.br\/noticias\/wp-json\/wp\/v2\/posts\/148289"}],"collection":[{"href":"https:\/\/www.suno.com.br\/noticias\/wp-json\/wp\/v2\/posts"}],"about":[{"href":"https:\/\/www.suno.com.br\/noticias\/wp-json\/wp\/v2\/types\/post"}],"author":[{"embeddable":true,"href":"https:\/\/www.suno.com.br\/noticias\/wp-json\/wp\/v2\/users\/73"}],"replies":[{"embeddable":true,"href":"https:\/\/www.suno.com.br\/noticias\/wp-json\/wp\/v2\/comments?post=148289"}],"version-history":[{"count":4,"href":"https:\/\/www.suno.com.br\/noticias\/wp-json\/wp\/v2\/posts\/148289\/revisions"}],"predecessor-version":[{"id":148352,"href":"https:\/\/www.suno.com.br\/noticias\/wp-json\/wp\/v2\/posts\/148289\/revisions\/148352"}],"wp:featuredmedia":[{"embeddable":true,"href":"https:\/\/www.suno.com.br\/noticias\/wp-json\/wp\/v2\/media\/148337"}],"wp:attachment":[{"href":"https:\/\/www.suno.com.br\/noticias\/wp-json\/wp\/v2\/media?parent=148289"}],"wp:term":[{"taxonomy":"category","embeddable":true,"href":"https:\/\/www.suno.com.br\/noticias\/wp-json\/wp\/v2\/categories?post=148289"},{"taxonomy":"post_tag","embeddable":true,"href":"https:\/\/www.suno.com.br\/noticias\/wp-json\/wp\/v2\/tags?post=148289"},{"taxonomy":"suno_strategy","embeddable":true,"href":"https:\/\/www.suno.com.br\/noticias\/wp-json\/wp\/v2\/suno_strategy?post=148289"}],"curies":[{"name":"wp","href":"https:\/\/api.w.org\/{rel}","templated":true}]}}