{"id":14821,"date":"2019-02-10T16:56:03","date_gmt":"2019-02-10T18:56:03","guid":{"rendered":"https:\/\/www.suno.com.br\/noticias\/?p=14821"},"modified":"2019-02-11T16:45:31","modified_gmt":"2019-02-11T18:45:31","slug":"bolsonaro-pretende-sair-hospital","status":"publish","type":"post","link":"https:\/\/www.suno.com.br\/noticias\/bolsonaro-pretende-sair-hospital\/","title":{"rendered":"Bolsonaro diz que pretende sair do hospital na ter\u00e7a-feira"},"content":{"rendered":"<p>O presidente Jair Bolsonaro declarou que espera ter alta do hospital Albert Einstein at\u00e9 ter\u00e7a-feira (12).<\/p>\t<div class=\"wrapper-featured-image\">\n\t\t<figure class=\"spotlightImg\">\n\n\t\t\t<picture>\n\t\t\t\t<source media=\"(max-width: 768px)\" srcset=\"https:\/\/files.sunoresearch.com.br\/n\/uploads\/2018\/11\/06cd94fe-jair-bolsonaro-2-400x200.webp\">\n\t\t\t\t<img loading=\"lazy\" decoding=\"async\" class=\"newsContent__article__imgCapa lazyloadDisabled newsContent__article__imgCapa--noCaption\" src=\"https:\/\/files.sunoresearch.com.br\/n\/uploads\/2018\/11\/06cd94fe-jair-bolsonaro-2-jpg.webp\" width=\"800\" height=\"450\" alt=\"Bolsonaro diz que pretende sair do hospital na ter\u00e7a-feira\" fetchpriority=high \/>\n\t\t\t<\/picture>\n\n\t\t\t<figcaption class=\"wp-caption-text wp-caption-text--hide\">Bolsonaro anuncia que programas sociais passar\u00e3o por auditoria<\/figcaption>\n\t\t<\/figure>\n\t<\/div>\n\n\n<p>A informa\u00e7\u00e3o foi dada ao apresentador do SBT Brasil Carlos Nascimento, que anunciou a not\u00edcia na edi\u00e7\u00e3o de s\u00e1bado (09) do jornal. Pela manh\u00e3 deste domingo (10), o <strong>Bolsonaro<\/strong> divulgou um v\u00eddeo com o trecho do jornal nas redes sociais. A publica\u00e7\u00e3o tamb\u00e9m foi acompanhada de uma frase: \u201cUm abra\u00e7o a todos os brasileiros, ministros, integrantes do governo, Comandantes de For\u00e7a, &#8230;Amanh\u00e3 nos orgulharemos do que estamos fazendo hoje pelo nosso pa\u00eds\u201d.<\/p>\n<p><a href=\"https:\/\/www.suno.com.br\/noticias\/bolsonaro-ampliacao-validade-cnh\/\">Saiba mais:\u00a0Bolsonaro: governo anunciar\u00e1 maior validade da CNH e outras medidas<\/a><\/p>\n<p>No jornal, Carlos Nascimento relatou como foi a conversa que teve com o presidente. \u201cO presidente n\u00e3o est\u00e1 apenas vivo, bem vivo, mas como disse o porta-voz, muito bem disposto\u201d, disse o jornalista. De acordo com pr\u00f3prio Nascimento, o presidente entrou em contato com ele para pedir conselhos, j\u00e1 que o apresentador passou por uma cirurgia semelhante a de <strong>Bolsonaro<\/strong>.<\/p>\n<h2>Previd\u00eancia e projeto anti-crime<\/h2>\n<p>Carlos Nascimento percebeu que o presidente estava com a voz firme e aproveitou a liga\u00e7\u00e3o para fazer perguntas sobre a <strong>reforma da Previd\u00eancia<\/strong> e o projeto anti-crime do <strong>ministro da Justi\u00e7a<\/strong>, <strong>S\u00e9rgio Moro<\/strong>.<\/p>\n<p>Para Bolsonaro, \u00e9 natural que haja diverg\u00eancia e desencontro e que depois haver\u00e1 uma posi\u00e7\u00e3o oficial e definitiva, n\u00e3o somente da idade m\u00ednima mas tamb\u00e9m dos <strong>regimes da aposentadoria<\/strong>.<\/p>\n<p><a href=\"https:\/\/www.suno.com.br\/noticias\/sergio-moro-lei-anticrime-governadores\/\">Saiba mais:\u00a0Sergio Moro apresenta projeto de lei anticrime aos governadores<\/a><\/p>\n<p>Sobre as medidas anunciadas por <strong>Moro<\/strong>, o presidente\u00a0disse considerar muito bom o projeto. Al\u00e9m disso, o presidente espera resist\u00eancias \u00e0 proposta no Senado e na C\u00e2mara.<\/p>\n<h2>Estado de sa\u00fade<\/h2>\n<p>Na \u00faltima quinta-feira (09), o boletim m\u00e9dico do presidente revelou sinais de pneumonia.\u00a0A tomografia do t\u00f3rax e abdome mostrou que houve evolu\u00e7\u00e3o no quatro intestinal, mais tamb\u00e9m uma imagem compat\u00edvel com o problema respirat\u00f3rio.<\/p>\n<p><a href=\"https:\/\/www.suno.com.br\/noticias\/bolsonaro-apresenta-sinais-pneumonia\/\">Saiba mais: Internado, Bolsonaro apresenta sinais de pneumonia, diz boletim m\u00e9dico<\/a><\/p>\n<p>Dessa forma, a apresenta\u00e7\u00e3o da <strong>reforma da Previd\u00eancia<\/strong> deve ser adiada.\u00a0De acordo com o porta-voz Ot\u00e1vio do R\u00eago Barros,\u00a0<strong>Bolsonaro<\/strong> s\u00f3 decidir\u00e1 os termos da reforma quando estiver em &#8220;condi\u00e7\u00f5es totais&#8221; e &#8220;saindo pela porta da frente&#8221;. A <a href=\"https:\/\/www.suno.com.br\/noticias\/reforma-previdencia-governo-apresenta\/\">previs\u00e3o era de que o texto fosse apresentado<\/a> entre os dias 19 e 20.<\/p>\n","protected":false},"excerpt":{"rendered":"<p>O presidente Jair Bolsonaro declarou que espera ter alta do hospital Albert Einstein at\u00e9 ter\u00e7a-feira (12). Bolsonaro anuncia que programas sociais passar\u00e3o por auditoria A informa\u00e7\u00e3o foi dada ao apresentador do SBT Brasil Carlos Nascimento, que anunciou a not\u00edcia na edi\u00e7\u00e3o de s\u00e1bado (09) do jornal. Pela manh\u00e3 deste domingo (10), o Bolsonaro divulgou um [&hellip;]<\/p>\n","protected":false},"author":14,"featured_media":6913,"comment_status":"closed","ping_status":"closed","sticky":false,"template":"","format":"standard","meta":[],"categories":[61],"tags":[719,940,1018],"suno_strategy":[],"class_list":["post-14821","post","type-post","status-publish","format-standard","has-post-thumbnail","hentry","category-politica","tag-jair-bolsonaro","tag-reforma-da-previdencia","tag-sergio-moro"],"yoast_head":"<!-- This site is optimized with the Yoast SEO plugin v24.4 - https:\/\/yoast.com\/wordpress\/plugins\/seo\/ -->\n<title>Bolsonaro diz que pretende sair do hospital na ter\u00e7a-feira<\/title>\n<meta name=\"description\" content=\"A informa\u00e7\u00e3o foi dada ao apresentador do SBT Brasil. Al\u00e9m disso, o presidente Jair Bolsonaro falou sobre a Previd\u00eancia. Clque para saber mais\" \/>\n<meta name=\"robots\" content=\"index, follow, max-snippet:-1, max-image-preview:large, max-video-preview:-1\" \/>\n<link rel=\"canonical\" href=\"https:\/\/www.suno.com.br\/noticias\/bolsonaro-pretende-sair-hospital\/\" \/>\n<meta property=\"og:locale\" content=\"pt_BR\" \/>\n<meta property=\"og:type\" content=\"article\" \/>\n<meta property=\"og:title\" content=\"Bolsonaro diz que pretende sair do hospital na ter\u00e7a-feira\" \/>\n<meta property=\"og:description\" content=\"A informa\u00e7\u00e3o foi dada ao apresentador do SBT Brasil. Al\u00e9m disso, o presidente Jair Bolsonaro falou sobre a Previd\u00eancia. Clque para saber mais\" \/>\n<meta property=\"og:url\" content=\"https:\/\/www.suno.com.br\/noticias\/bolsonaro-pretende-sair-hospital\/\" \/>\n<meta property=\"og:site_name\" content=\"Suno Not\u00edcias\" \/>\n<meta property=\"article:publisher\" content=\"https:\/\/facebook.com\/sunoresearch\" \/>\n<meta property=\"og:image\" content=\"https:\/\/files.sunoresearch.com.br\/n\/uploads\/2018\/11\/06cd94fe-jair-bolsonaro-2.jpg\" \/>\n\t<meta property=\"og:image:width\" content=\"748\" \/>\n\t<meta property=\"og:image:height\" content=\"410\" \/>\n\t<meta property=\"og:image:type\" content=\"image\/jpeg\" \/>\n<meta name=\"author\" content=\"Renan Dantas\" \/>\n<meta name=\"twitter:card\" content=\"summary_large_image\" \/>\n<meta name=\"twitter:creator\" content=\"@sunoresearch\" \/>\n<meta name=\"twitter:site\" content=\"@sunoresearch\" \/>\n<meta name=\"twitter:label1\" content=\"Escrito por\" \/>\n\t<meta name=\"twitter:data1\" content=\"Renan Dantas\" \/>\n\t<meta name=\"twitter:label2\" content=\"Est. tempo de leitura\" \/>\n\t<meta name=\"twitter:data2\" content=\"2 minutos\" \/>\n<script type=\"application\/ld+json\" class=\"yoast-schema-graph\">{\"@context\":\"https:\/\/schema.org\",\"@graph\":[{\"@type\":\"NewsArticle\",\"@id\":\"https:\/\/www.suno.com.br\/noticias\/bolsonaro-pretende-sair-hospital\/#article\",\"isPartOf\":{\"@id\":\"https:\/\/www.suno.com.br\/noticias\/bolsonaro-pretende-sair-hospital\/\"},\"author\":{\"name\":\"Renan Dantas\",\"@id\":\"https:\/\/www.suno.com.br\/noticias\/#\/schema\/person\/3f7693d5795a3f6d5ce15309ee785699\"},\"headline\":\"Bolsonaro diz que pretende sair do hospital na ter\u00e7a-feira\",\"datePublished\":\"2019-02-10T18:56:03+00:00\",\"dateModified\":\"2019-02-11T18:45:31+00:00\",\"mainEntityOfPage\":{\"@id\":\"https:\/\/www.suno.com.br\/noticias\/bolsonaro-pretende-sair-hospital\/\"},\"wordCount\":408,\"publisher\":{\"@id\":\"https:\/\/www.suno.com.br\/noticias\/#organization\"},\"image\":{\"@id\":\"https:\/\/www.suno.com.br\/noticias\/bolsonaro-pretende-sair-hospital\/#primaryimage\"},\"thumbnailUrl\":\"https:\/\/files.sunoresearch.com.br\/n\/uploads\/2018\/11\/06cd94fe-jair-bolsonaro-2-jpg.webp\",\"keywords\":[\"Jair Bolsonaro\",\"Reforma da Previd\u00eancia\",\"Sergio Moro\"],\"articleSection\":[\"Pol\u00edtica\"],\"inLanguage\":\"pt-BR\"},{\"@type\":\"WebPage\",\"@id\":\"https:\/\/www.suno.com.br\/noticias\/bolsonaro-pretende-sair-hospital\/\",\"url\":\"https:\/\/www.suno.com.br\/noticias\/bolsonaro-pretende-sair-hospital\/\",\"name\":\"Bolsonaro diz que pretende sair do hospital na ter\u00e7a-feira\",\"isPartOf\":{\"@id\":\"https:\/\/www.suno.com.br\/noticias\/#website\"},\"primaryImageOfPage\":{\"@id\":\"https:\/\/www.suno.com.br\/noticias\/bolsonaro-pretende-sair-hospital\/#primaryimage\"},\"image\":{\"@id\":\"https:\/\/www.suno.com.br\/noticias\/bolsonaro-pretende-sair-hospital\/#primaryimage\"},\"thumbnailUrl\":\"https:\/\/files.sunoresearch.com.br\/n\/uploads\/2018\/11\/06cd94fe-jair-bolsonaro-2-jpg.webp\",\"datePublished\":\"2019-02-10T18:56:03+00:00\",\"dateModified\":\"2019-02-11T18:45:31+00:00\",\"description\":\"A informa\u00e7\u00e3o foi dada ao apresentador do SBT Brasil. Al\u00e9m disso, o presidente Jair Bolsonaro falou sobre a Previd\u00eancia. Clque para saber mais\",\"breadcrumb\":{\"@id\":\"https:\/\/www.suno.com.br\/noticias\/bolsonaro-pretende-sair-hospital\/#breadcrumb\"},\"inLanguage\":\"pt-BR\",\"potentialAction\":[{\"@type\":\"ReadAction\",\"target\":[\"https:\/\/www.suno.com.br\/noticias\/bolsonaro-pretende-sair-hospital\/\"]}]},{\"@type\":\"ImageObject\",\"inLanguage\":\"pt-BR\",\"@id\":\"https:\/\/www.suno.com.br\/noticias\/bolsonaro-pretende-sair-hospital\/#primaryimage\",\"url\":\"https:\/\/files.sunoresearch.com.br\/n\/uploads\/2018\/11\/06cd94fe-jair-bolsonaro-2-jpg.webp\",\"contentUrl\":\"https:\/\/files.sunoresearch.com.br\/n\/uploads\/2018\/11\/06cd94fe-jair-bolsonaro-2-jpg.webp\",\"width\":748,\"height\":410,\"caption\":\"Bolsonaro anuncia que programas sociais passar\u00e3o por auditoria\"},{\"@type\":\"BreadcrumbList\",\"@id\":\"https:\/\/www.suno.com.br\/noticias\/bolsonaro-pretende-sair-hospital\/#breadcrumb\",\"itemListElement\":[{\"@type\":\"ListItem\",\"position\":1,\"name\":\"Not\u00edcias\",\"item\":\"https:\/\/www.suno.com.br\/noticias\/\"},{\"@type\":\"ListItem\",\"position\":2,\"name\":\"Pol\u00edtica\",\"item\":\"https:\/\/www.suno.com.br\/noticias\/politica\/\"},{\"@type\":\"ListItem\",\"position\":3,\"name\":\"Bolsonaro diz que pretende sair do hospital na ter\u00e7a-feira\"}]},{\"@type\":\"WebSite\",\"@id\":\"https:\/\/www.suno.com.br\/noticias\/#website\",\"url\":\"https:\/\/www.suno.com.br\/noticias\/\",\"name\":\"Suno Not\u00edcias\",\"description\":\"Seu portal de informa\u00e7\u00e3o sobre o mundo dos investimentos\",\"publisher\":{\"@id\":\"https:\/\/www.suno.com.br\/noticias\/#organization\"},\"potentialAction\":[{\"@type\":\"SearchAction\",\"target\":{\"@type\":\"EntryPoint\",\"urlTemplate\":\"https:\/\/www.suno.com.br\/noticias\/?s={search_term_string}\"},\"query-input\":{\"@type\":\"PropertyValueSpecification\",\"valueRequired\":true,\"valueName\":\"search_term_string\"}}],\"inLanguage\":\"pt-BR\"},{\"@type\":\"Organization\",\"@id\":\"https:\/\/www.suno.com.br\/noticias\/#organization\",\"name\":\"Suno Not\u00edcias\",\"url\":\"https:\/\/www.suno.com.br\/noticias\/\",\"logo\":{\"@type\":\"ImageObject\",\"inLanguage\":\"pt-BR\",\"@id\":\"https:\/\/www.suno.com.br\/noticias\/#\/schema\/logo\/image\/\",\"url\":\"https:\/\/files.sunoresearch.com.br\/n\/uploads\/2021\/09\/suno-logo.png\",\"contentUrl\":\"https:\/\/files.sunoresearch.com.br\/n\/uploads\/2021\/09\/suno-logo.png\",\"width\":180,\"height\":180,\"caption\":\"Suno Not\u00edcias\"},\"image\":{\"@id\":\"https:\/\/www.suno.com.br\/noticias\/#\/schema\/logo\/image\/\"},\"sameAs\":[\"https:\/\/facebook.com\/sunoresearch\",\"https:\/\/x.com\/sunoresearch\",\"https:\/\/www.instagram.com\/suno\",\"https:\/\/www.linkedin.com\/company\/suno-research\/\",\"https:\/\/www.youtube.com\/c\/sunoresearch\"]},{\"@type\":\"Person\",\"@id\":\"https:\/\/www.suno.com.br\/noticias\/#\/schema\/person\/3f7693d5795a3f6d5ce15309ee785699\",\"name\":\"Renan Dantas\",\"image\":{\"@type\":\"ImageObject\",\"inLanguage\":\"pt-BR\",\"@id\":\"https:\/\/www.suno.com.br\/noticias\/#\/schema\/person\/image\/\",\"url\":\"https:\/\/secure.gravatar.com\/avatar\/1787b83e7484a08e51d62ac8b41c8396?s=96&r=g\",\"contentUrl\":\"https:\/\/secure.gravatar.com\/avatar\/1787b83e7484a08e51d62ac8b41c8396?s=96&r=g\",\"caption\":\"Renan Dantas\"},\"description\":\"Escreve sobre pol\u00edtica e mercado financeiro para o portal Suno Not\u00edcias. Antes, atuou na assessoria de comunica\u00e7\u00e3o do Minist\u00e9rio P\u00fablico do Trabalho e na R\u00e1dio Mackenzie, onde apresentava e produzia um programa sobre artistas da m\u00fasica brasileira. \u00c9 estudante na Universidade Presbiteriana Mackenzie.\",\"url\":\"https:\/\/www.suno.com.br\/noticias\/author\/renan-dantas\/\"}]}<\/script>\n<!-- \/ Yoast SEO plugin. -->","yoast_head_json":{"title":"Bolsonaro diz que pretende sair do hospital na ter\u00e7a-feira","description":"A informa\u00e7\u00e3o foi dada ao apresentador do SBT Brasil. Al\u00e9m disso, o presidente Jair Bolsonaro falou sobre a Previd\u00eancia. Clque para saber mais","robots":{"index":"index","follow":"follow","max-snippet":"max-snippet:-1","max-image-preview":"max-image-preview:large","max-video-preview":"max-video-preview:-1"},"canonical":"https:\/\/www.suno.com.br\/noticias\/bolsonaro-pretende-sair-hospital\/","og_locale":"pt_BR","og_type":"article","og_title":"Bolsonaro diz que pretende sair do hospital na ter\u00e7a-feira","og_description":"A informa\u00e7\u00e3o foi dada ao apresentador do SBT Brasil. Al\u00e9m disso, o presidente Jair Bolsonaro falou sobre a Previd\u00eancia. Clque para saber mais","og_url":"https:\/\/www.suno.com.br\/noticias\/bolsonaro-pretende-sair-hospital\/","og_site_name":"Suno Not\u00edcias","article_publisher":"https:\/\/facebook.com\/sunoresearch","og_image":[{"width":748,"height":410,"url":"https:\/\/files.sunoresearch.com.br\/n\/uploads\/2018\/11\/06cd94fe-jair-bolsonaro-2.jpg","type":"image\/jpeg"}],"author":"Renan Dantas","twitter_card":"summary_large_image","twitter_creator":"@sunoresearch","twitter_site":"@sunoresearch","twitter_misc":{"Escrito por":"Renan Dantas","Est. tempo de leitura":"2 minutos"},"schema":{"@context":"https:\/\/schema.org","@graph":[{"@type":"NewsArticle","@id":"https:\/\/www.suno.com.br\/noticias\/bolsonaro-pretende-sair-hospital\/#article","isPartOf":{"@id":"https:\/\/www.suno.com.br\/noticias\/bolsonaro-pretende-sair-hospital\/"},"author":{"name":"Renan Dantas","@id":"https:\/\/www.suno.com.br\/noticias\/#\/schema\/person\/3f7693d5795a3f6d5ce15309ee785699"},"headline":"Bolsonaro diz que pretende sair do hospital na ter\u00e7a-feira","datePublished":"2019-02-10T18:56:03+00:00","dateModified":"2019-02-11T18:45:31+00:00","mainEntityOfPage":{"@id":"https:\/\/www.suno.com.br\/noticias\/bolsonaro-pretende-sair-hospital\/"},"wordCount":408,"publisher":{"@id":"https:\/\/www.suno.com.br\/noticias\/#organization"},"image":{"@id":"https:\/\/www.suno.com.br\/noticias\/bolsonaro-pretende-sair-hospital\/#primaryimage"},"thumbnailUrl":"https:\/\/files.sunoresearch.com.br\/n\/uploads\/2018\/11\/06cd94fe-jair-bolsonaro-2-jpg.webp","keywords":["Jair Bolsonaro","Reforma da Previd\u00eancia","Sergio Moro"],"articleSection":["Pol\u00edtica"],"inLanguage":"pt-BR"},{"@type":"WebPage","@id":"https:\/\/www.suno.com.br\/noticias\/bolsonaro-pretende-sair-hospital\/","url":"https:\/\/www.suno.com.br\/noticias\/bolsonaro-pretende-sair-hospital\/","name":"Bolsonaro diz que pretende sair do hospital na ter\u00e7a-feira","isPartOf":{"@id":"https:\/\/www.suno.com.br\/noticias\/#website"},"primaryImageOfPage":{"@id":"https:\/\/www.suno.com.br\/noticias\/bolsonaro-pretende-sair-hospital\/#primaryimage"},"image":{"@id":"https:\/\/www.suno.com.br\/noticias\/bolsonaro-pretende-sair-hospital\/#primaryimage"},"thumbnailUrl":"https:\/\/files.sunoresearch.com.br\/n\/uploads\/2018\/11\/06cd94fe-jair-bolsonaro-2-jpg.webp","datePublished":"2019-02-10T18:56:03+00:00","dateModified":"2019-02-11T18:45:31+00:00","description":"A informa\u00e7\u00e3o foi dada ao apresentador do SBT Brasil. Al\u00e9m disso, o presidente Jair Bolsonaro falou sobre a Previd\u00eancia. Clque para saber mais","breadcrumb":{"@id":"https:\/\/www.suno.com.br\/noticias\/bolsonaro-pretende-sair-hospital\/#breadcrumb"},"inLanguage":"pt-BR","potentialAction":[{"@type":"ReadAction","target":["https:\/\/www.suno.com.br\/noticias\/bolsonaro-pretende-sair-hospital\/"]}]},{"@type":"ImageObject","inLanguage":"pt-BR","@id":"https:\/\/www.suno.com.br\/noticias\/bolsonaro-pretende-sair-hospital\/#primaryimage","url":"https:\/\/files.sunoresearch.com.br\/n\/uploads\/2018\/11\/06cd94fe-jair-bolsonaro-2-jpg.webp","contentUrl":"https:\/\/files.sunoresearch.com.br\/n\/uploads\/2018\/11\/06cd94fe-jair-bolsonaro-2-jpg.webp","width":748,"height":410,"caption":"Bolsonaro anuncia que programas sociais passar\u00e3o por auditoria"},{"@type":"BreadcrumbList","@id":"https:\/\/www.suno.com.br\/noticias\/bolsonaro-pretende-sair-hospital\/#breadcrumb","itemListElement":[{"@type":"ListItem","position":1,"name":"Not\u00edcias","item":"https:\/\/www.suno.com.br\/noticias\/"},{"@type":"ListItem","position":2,"name":"Pol\u00edtica","item":"https:\/\/www.suno.com.br\/noticias\/politica\/"},{"@type":"ListItem","position":3,"name":"Bolsonaro diz que pretende sair do hospital na ter\u00e7a-feira"}]},{"@type":"WebSite","@id":"https:\/\/www.suno.com.br\/noticias\/#website","url":"https:\/\/www.suno.com.br\/noticias\/","name":"Suno Not\u00edcias","description":"Seu portal de informa\u00e7\u00e3o sobre o mundo dos investimentos","publisher":{"@id":"https:\/\/www.suno.com.br\/noticias\/#organization"},"potentialAction":[{"@type":"SearchAction","target":{"@type":"EntryPoint","urlTemplate":"https:\/\/www.suno.com.br\/noticias\/?s={search_term_string}"},"query-input":{"@type":"PropertyValueSpecification","valueRequired":true,"valueName":"search_term_string"}}],"inLanguage":"pt-BR"},{"@type":"Organization","@id":"https:\/\/www.suno.com.br\/noticias\/#organization","name":"Suno Not\u00edcias","url":"https:\/\/www.suno.com.br\/noticias\/","logo":{"@type":"ImageObject","inLanguage":"pt-BR","@id":"https:\/\/www.suno.com.br\/noticias\/#\/schema\/logo\/image\/","url":"https:\/\/files.sunoresearch.com.br\/n\/uploads\/2021\/09\/suno-logo.png","contentUrl":"https:\/\/files.sunoresearch.com.br\/n\/uploads\/2021\/09\/suno-logo.png","width":180,"height":180,"caption":"Suno Not\u00edcias"},"image":{"@id":"https:\/\/www.suno.com.br\/noticias\/#\/schema\/logo\/image\/"},"sameAs":["https:\/\/facebook.com\/sunoresearch","https:\/\/x.com\/sunoresearch","https:\/\/www.instagram.com\/suno","https:\/\/www.linkedin.com\/company\/suno-research\/","https:\/\/www.youtube.com\/c\/sunoresearch"]},{"@type":"Person","@id":"https:\/\/www.suno.com.br\/noticias\/#\/schema\/person\/3f7693d5795a3f6d5ce15309ee785699","name":"Renan Dantas","image":{"@type":"ImageObject","inLanguage":"pt-BR","@id":"https:\/\/www.suno.com.br\/noticias\/#\/schema\/person\/image\/","url":"https:\/\/secure.gravatar.com\/avatar\/1787b83e7484a08e51d62ac8b41c8396?s=96&r=g","contentUrl":"https:\/\/secure.gravatar.com\/avatar\/1787b83e7484a08e51d62ac8b41c8396?s=96&r=g","caption":"Renan Dantas"},"description":"Escreve sobre pol\u00edtica e mercado financeiro para o portal Suno Not\u00edcias. Antes, atuou na assessoria de comunica\u00e7\u00e3o do Minist\u00e9rio P\u00fablico do Trabalho e na R\u00e1dio Mackenzie, onde apresentava e produzia um programa sobre artistas da m\u00fasica brasileira. \u00c9 estudante na Universidade Presbiteriana Mackenzie.","url":"https:\/\/www.suno.com.br\/noticias\/author\/renan-dantas\/"}]}},"default_loop_html":"<div class=\"cardsPage__listCard__boxs\"><div class=\"cardsPage__listCard__boxs__img\"><a href=\"https:\/\/www.suno.com.br\/noticias\/bolsonaro-pretende-sair-hospital\/\"><img class=\"mask\" src=\"https:\/\/www.suno.com.br\/noticias\/wp-content\/themes\/suno\/resources\/images\/spotlight\/spotlight1img\/bg-mask.png\" alt=\"Image Mask\"\/><img src=\"https:\/\/files.sunoresearch.com.br\/n\/uploads\/2018\/11\/06cd94fe-jair-bolsonaro-2-400x200.webp\" alt=\"Bolsonaro diz que pretende sair do hospital na ter\u00e7a-feira\"\/><\/a><span class=\"spotlightCategory\"><a href=\"https:\/\/www.suno.com.br\/noticias\/politica\/\">Pol\u00edtica<\/a><\/span><\/div><div class=\"cardsPage__listCard__boxs__content\"><a href=\"https:\/\/www.suno.com.br\/noticias\/bolsonaro-pretende-sair-hospital\/\"><h2 class=\"content__title\">Bolsonaro diz que pretende sair do hospital na ter\u00e7a-feira<\/h2><\/a><div class=\"newsContent__article__meta\"><div class=\"newsContent__article__meta__authorBox\"><a href=\"https:\/\/www.suno.com.br\/noticias\/author\/renan-dantas\/\" class=\"authorBox__avatar noMobi\"><img src=\"https:\/\/secure.gravatar.com\/avatar\/1787b83e7484a08e51d62ac8b41c8396?s=96&#038;r=g\" alt=\"Renan Dantas\"><\/a><div class=\"authorBox__name\"><span>por\n\t\t\t<a href=\"https:\/\/www.suno.com.br\/noticias\/author\/renan-dantas\/\"><span itemprop=\"author\">Renan Dantas<\/span><\/a><\/span><time datetime=\"2019-02-10T16:56:03-02:00\" itemprop=\"datePublished\">10\/02\/2019 16:56<\/time><\/div><\/div><\/div><\/div><\/div>","single_layout":"posts","amp_enabled":true,"_links":{"self":[{"href":"https:\/\/www.suno.com.br\/noticias\/wp-json\/wp\/v2\/posts\/14821"}],"collection":[{"href":"https:\/\/www.suno.com.br\/noticias\/wp-json\/wp\/v2\/posts"}],"about":[{"href":"https:\/\/www.suno.com.br\/noticias\/wp-json\/wp\/v2\/types\/post"}],"author":[{"embeddable":true,"href":"https:\/\/www.suno.com.br\/noticias\/wp-json\/wp\/v2\/users\/14"}],"replies":[{"embeddable":true,"href":"https:\/\/www.suno.com.br\/noticias\/wp-json\/wp\/v2\/comments?post=14821"}],"version-history":[{"count":0,"href":"https:\/\/www.suno.com.br\/noticias\/wp-json\/wp\/v2\/posts\/14821\/revisions"}],"wp:featuredmedia":[{"embeddable":true,"href":"https:\/\/www.suno.com.br\/noticias\/wp-json\/wp\/v2\/media\/6913"}],"wp:attachment":[{"href":"https:\/\/www.suno.com.br\/noticias\/wp-json\/wp\/v2\/media?parent=14821"}],"wp:term":[{"taxonomy":"category","embeddable":true,"href":"https:\/\/www.suno.com.br\/noticias\/wp-json\/wp\/v2\/categories?post=14821"},{"taxonomy":"post_tag","embeddable":true,"href":"https:\/\/www.suno.com.br\/noticias\/wp-json\/wp\/v2\/tags?post=14821"},{"taxonomy":"suno_strategy","embeddable":true,"href":"https:\/\/www.suno.com.br\/noticias\/wp-json\/wp\/v2\/suno_strategy?post=14821"}],"curies":[{"name":"wp","href":"https:\/\/api.w.org\/{rel}","templated":true}]}}