{"id":148120,"date":"2021-05-13T17:17:08","date_gmt":"2021-05-13T20:17:08","guid":{"rendered":"https:\/\/www.suno.com.br\/noticias\/?p=148120"},"modified":"2021-05-13T17:17:08","modified_gmt":"2021-05-13T20:17:08","slug":"dolar-alta-13052021-2","status":"publish","type":"post","link":"https:\/\/www.suno.com.br\/noticias\/dolar-alta-13052021-2\/","title":{"rendered":"D\u00f3lar fecha em alta de 0,15% com mercado atento ao avan\u00e7o da infla\u00e7\u00e3o nos EUA"},"content":{"rendered":"<p>O <strong><a href=\"https:\/\/www.suno.com.br\/artigos\/mercado-de-cambio\/\">d\u00f3lar<\/a><\/strong> encerrou o preg\u00e3o desta quinta-feira (13) novamente em alta, de 0,15%, negociado a R$ 5,313, ap\u00f3s ter subido 1,59% ontem.<\/p>\t<div class=\"wrapper-featured-image\">\n\t\t<figure class=\"spotlightImg\">\n\n\t\t\t<picture>\n\t\t\t\t<source media=\"(max-width: 768px)\" srcset=\"https:\/\/files.sunoresearch.com.br\/n\/uploads\/2021\/04\/e5e794c1-dollar-4418320_1280-400x200.webp\">\n\t\t\t\t<img loading=\"lazy\" decoding=\"async\" class=\"newsContent__article__imgCapa lazyloadDisabled \" src=\"https:\/\/files.sunoresearch.com.br\/n\/uploads\/2021\/04\/e5e794c1-dollar-4418320_1280-800x450.webp\" width=\"800\" height=\"450\" alt=\"D\u00f3lar fecha em alta de 0,15% com mercado atento ao avan\u00e7o da infla\u00e7\u00e3o nos EUA\" fetchpriority=high \/>\n\t\t\t<\/picture>\n\n\t\t\t<figcaption class=\"wp-caption-text wp-caption-text--show\">D\u00f3lar - Foto: Pixabay<\/figcaption>\n\t\t<\/figure>\n\t<\/div>\n\n\n\t<p>\n\t\t<a href=\"https:\/\/lp.suno.com.br\/planilha-controle-gastos\/\" target=\"_blank\" data-element=\"shortcode-suno-banner\" title=\"Banner SUNO, clique e saiba mais\">\n\t\t\t<picture>\n\t\t\t\t<source media=\"(max-width: 500px)\" srcset=\"https:\/\/files.sunoresearch.com.br\/n\/uploads\/2023\/03\/400x300-Planilha-controle-de-gastos.png\">\n\t\t\t\t<img class=\"newsContent__article__imgCapa newsContent__article__imgCapa--banner\"\n\t\t\t\t\tsrc=\"https:\/\/files.sunoresearch.com.br\/n\/uploads\/2023\/03\/1420x240-Planilha-controle-de-gastos.png\"\n\t\t\t\t\tdata-promo-id=\"101751\"\t\t\t\t\t\t\t\t\t\twidth='1420' height='240'\t\t\t\t\talt=\"https:\/\/files.sunoresearch.com.br\/n\/uploads\/2023\/03\/1420x240-Planilha-controle-de-gastos.png\"\n\t\t\t\t>\n\t\t\t<\/picture>\n\t\t<\/a>\n\t<\/p>\n\n\n<p>Apesar de ter iniciado esta manh\u00e3 em queda, na parte da tarde o d\u00f3lar voltou a subir na parte da tarde com os dados do seguro-desemprego dos Estados Unidos, situa\u00e7\u00e3o entre Israel e Palestina e infla\u00e7\u00e3o norte-americana no radar do investidor.<\/p>\n<p>As novas solicita\u00e7\u00f5es de<strong> seguro-desemprego<\/strong> nos EUA ca\u00edram novamente, em 34 mil dessa vez, totalizando 473 mil pedidos na semana encerrada em 8 de maio, conforme o Departamento do Trabalho do pa\u00eds.<\/p>\n<p>\t<p>\n\t\t<a href=\"\" target=\"_blank\" data-element=\"shortcode-suno-banner\" title=\"Banner SUNO, clique e saiba mais\">\n\t\t\t<picture>\n\t\t\t\t<source media=\"(max-width: 500px)\" srcset=\"\">\n\t\t\t\t<img class=\"newsContent__article__imgCapa newsContent__article__imgCapa--banner\"\n\t\t\t\t\tsrc=\"\"\n\t\t\t\t\tdata-promo-id=\"92668\"\t\t\t\t\t\t\t\t\t\t\t\t\t\t\talt=\"\"\n\t\t\t\t>\n\t\t\t<\/picture>\n\t\t<\/a>\n\t<\/p>\n\n<br \/>\n<a href=\"https:\/\/lp.suno.com.br\/suno-one\/\">Suno One: acesse gratuitamente eBooks, Minicursos, Artigos e V\u00eddeo Aulas sobre investimentos com um \u00fanico cadastro. Clique para saber mais!<\/a><\/p>\n<p>De acordo com Romero Oliveira, assessor da Valor Investimentos, os dados de infla\u00e7\u00e3o nos Estados Unidos vieram acima do esperado, aumentando em 0,6% em rela\u00e7\u00e3o ao m\u00eas passado, principalmente devido \u00e0 pre\u00e7os de commodities e dificuldades log\u00edsticas.<\/p>\n<p>&#8220;De qualquer forma os representantes do Fed fizeram algumas declara\u00e7\u00f5es dizendo que essas press\u00f5es de pre\u00e7o s\u00e3o tempor\u00e1rias, devido sobretudo \u00e0 demanda reprimida&#8221;.<\/p>\n<p>Diante disso, veja as not\u00edcias importantes do dia:<\/p>\n<ul>\n<li>Infla\u00e7\u00e3o do produtor nos Estados Unidos sobe 0,6% em abril ante mar\u00e7o, o dobro do esperado<\/li>\n<li>Fed: &#8216;pol\u00edtica acomodat\u00edcia continua exercendo papel importante nos EUA&#8217;<\/li>\n<li>Expectativa de recupera\u00e7\u00e3o \u00e9 real, mas h\u00e1 incerteza elevada, diz membro do BCE<\/li>\n<\/ul>\n<h2>Infla\u00e7\u00e3o nos EUA<\/h2>\n<p>O \u00edndice de pre\u00e7os ao produtor (PPI, na sigla em ingl\u00eas) dos Estados Unidos avan\u00e7ou 0,6% em abril ante mar\u00e7o, segundo dados divulgados pelo Departamento do Trabalho, com ajustes sazonais, nesta quinta-feira (13). A expectativa de analistas ouvidos pelo <i>The Wall Street Journal<\/i> era de uma <strong>infla\u00e7\u00e3o<\/strong> de 0,3% no per\u00edodo.<\/p>\n<p>J\u00e1 o n\u00facleo do PPI, que exclui os vol\u00e1teis pre\u00e7os de alimentos e energia, subiu 0,7% na compara\u00e7\u00e3o mensal de abril. Neste caso, a proje\u00e7\u00e3o tamb\u00e9m era de uma infla\u00e7\u00e3o menor, de 0,4%.<\/p>\n<p>Na compara\u00e7\u00e3o anual, o <strong>PPI<\/strong> teve alta de 6,2% em abril contra o mesmo per\u00edodo do ano passado, a maior medida desde que o indicador come\u00e7ou a ser calculado, em novembro de 2010. Nesta base comparativa, o n\u00facleo do \u00edndice avan\u00e7ou 4,6%, tamb\u00e9m a maior varia\u00e7\u00e3o na s\u00e9rie hist\u00f3rica iniciada em agosto de 2014.<\/p>\n\t<div data-element=\"shortcode-read-more\" class=\"knowMore\">\n\t\t\t\t<span class=\"knowMore__title\">Saiba Mais<\/span>\n\t\t\t\t<a class=\"knowMore__link\" href=\"https:\/\/www.suno.com.br\/noticias\/inflacao-produtor-estados-unidos-abril\/\">\n\t\t\tInfla\u00e7\u00e3o do produtor nos Estados Unidos sobe 0,6% em abril ante mar\u00e7o, o dobro do esperado\t\t<\/a>\n\t<\/div>\n\n\n<h2>Fed<\/h2>\n<p>Integrante do Comit\u00ea Federal de Mercado Aberto (FOMC, na sigla em ingl\u00eas) do <a href=\"https:\/\/www.suno.com.br\/artigos\/fed\/\">Federal Reserve (<strong>Fed<\/strong>)<\/a>, Christopher Waller defendeu a continuidade da postura de est\u00edmulos ao cr\u00e9dito adotada pela institui\u00e7\u00e3o, em meio \u00e0 recupera\u00e7\u00e3o econ\u00f4mica dos Estados Unidos.<\/p>\n<p>&#8220;Uma <a href=\"https:\/\/www.suno.com.br\/artigos\/politica-monetaria\/\">pol\u00edtica acomodat\u00edcia<\/a> continua exercendo papel importante no apoio \u00e0 retomada&#8221;, afirmou Waller, em confer\u00eancia virtual organizada por um grupo de universidades americanas.<\/p>\n<p>Waller tamb\u00e9m disse que o quadro atual do mercado imobili\u00e1rio residencial \u00e9 positivo, mas ponderou que a escalada recente dos pre\u00e7os de im\u00f3veis precisa ser monitorada de perto. &#8220;Felizmente, o sistema banc\u00e1rio \u00e9 forte e resiliente&#8221;, destacou.<\/p>\n\t<div data-element=\"shortcode-read-more\" class=\"knowMore\">\n\t\t\t\t<span class=\"knowMore__title\">Saiba Mais<\/span>\n\t\t\t\t<a class=\"knowMore__link\" href=\"https:\/\/www.suno.com.br\/noticias\/fed-politica-acomodaticia-papel-importante-eua\/\">\n\t\t\tFed: &#039;pol\u00edtica acomodat\u00edcia continua exercendo papel importante nos EUA&#039;\t\t<\/a>\n\t<\/div>\n\n\n<h2>BCE<\/h2>\n<p>Membro do conselho do Banco Central Europeu (BCE), Pablo Hern\u00e1ndez de Cos afirmou nesta quinta-feira que a recupera\u00e7\u00e3o econ\u00f4mica continua a depender &#8220;crucialmente da evolu\u00e7\u00e3o da pandemia&#8221;, o que segundo ele inclui a rapidez na vacina\u00e7\u00e3o e a efic\u00e1cia dos imunizantes diante de &#8220;poss\u00edveis novas variantes do v\u00edrus&#8221; da covid-19. Presidente do BC da Espanha, ele falou ao apresentar o Informe Anual relativo a 2020 desta institui\u00e7\u00e3o.<\/p>\n<p>Hern\u00e1ndez de Cos afirmou que a expectativa de recupera\u00e7\u00e3o econ\u00f4mica &#8220;\u00e9 real, mas sua rapidez e profundidade est\u00e3o sujeitas a uma elevada incerteza&#8221;. No caso da economia da Espanha, citou tr\u00eas focos de incerteza: a vacina\u00e7\u00e3o; o turismo; e a for\u00e7a do consumo das fam\u00edlias a partir do que foi economizado durante o auge da pandemia.<\/p>\n<h2>\u00daltima cota\u00e7\u00e3o do d\u00f3lar<\/h2>\n<p>Na \u00faltima sess\u00e3o, quarta-feira (12), o <strong>d\u00f3lar<\/strong> encerrou em alta de 1,59%, negociado a R$ 5,30.<\/p>\n\t<p>\n\t\t<a href=\"https:\/\/lp.suno.com.br\/planilha-da-vida-financeira\/\" target=\"_blank\" data-element=\"shortcode-suno-banner\" title=\"Banner SUNO, clique e saiba mais\">\n\t\t\t<picture>\n\t\t\t\t<source media=\"(max-width: 500px)\" srcset=\"https:\/\/files.sunoresearch.com.br\/n\/uploads\/2023\/04\/400x300-Planilha-vida-financeira-true.png\">\n\t\t\t\t<img class=\"newsContent__article__imgCapa newsContent__article__imgCapa--banner\"\n\t\t\t\t\tsrc=\"https:\/\/files.sunoresearch.com.br\/n\/uploads\/2023\/04\/1420x240-Planilha-vida-financeira-true.png\"\n\t\t\t\t\tdata-promo-id=\"106682\"\t\t\t\t\t\t\t\t\t\twidth='1420' height='240'\t\t\t\t\talt=\"https:\/\/files.sunoresearch.com.br\/n\/uploads\/2023\/04\/1420x240-Planilha-vida-financeira-true.png\"\n\t\t\t\t>\n\t\t\t<\/picture>\n\t\t<\/a>\n\t<\/p>\n\n\n","protected":false},"excerpt":{"rendered":"<p>O d\u00f3lar encerrou o preg\u00e3o desta quinta-feira (13) novamente em alta, de 0,15%, negociado a R$ 5,313, ap\u00f3s ter subido 1,59% ontem. D\u00f3lar &#8211; Foto: Pixabay Apesar de ter iniciado esta manh\u00e3 em queda, na parte da tarde o d\u00f3lar voltou a subir na parte da tarde com os dados do seguro-desemprego dos Estados Unidos, [&hellip;]<\/p>\n","protected":false},"author":56,"featured_media":137005,"comment_status":"closed","ping_status":"closed","sticky":false,"template":"","format":"standard","meta":[],"categories":[60],"tags":[863,326,105816,793,776,850],"suno_strategy":[],"class_list":["post-148120","post","type-post","status-publish","format-standard","has-post-thumbnail","hentry","category-mercado","tag-banco-central-europeu-bce","tag-dolar","tag-especialistas","tag-estados-unidos-eua","tag-federal-reseve-fed","tag-inflacao"],"yoast_head":"<!-- This site is optimized with the Yoast SEO plugin v24.4 - https:\/\/yoast.com\/wordpress\/plugins\/seo\/ -->\n<title>D\u00f3lar fecha em alta de 0,15% com mercado atento ao avan\u00e7o da infla\u00e7\u00e3o nos EUA<\/title>\n<meta name=\"description\" content=\"O d\u00f3lar fechou o preg\u00e3o desta quinta-feira (13) novamente em alta, negociado a R$ 5,313. Clique aqui para saber mais.\" \/>\n<meta name=\"robots\" content=\"index, follow, max-snippet:-1, max-image-preview:large, max-video-preview:-1\" \/>\n<link rel=\"canonical\" href=\"https:\/\/www.suno.com.br\/noticias\/dolar-alta-13052021-2\/\" \/>\n<meta property=\"og:locale\" content=\"pt_BR\" \/>\n<meta property=\"og:type\" content=\"article\" \/>\n<meta property=\"og:title\" content=\"D\u00f3lar fecha em alta de 0,15% com mercado atento ao avan\u00e7o da infla\u00e7\u00e3o nos EUA\" \/>\n<meta property=\"og:description\" content=\"O d\u00f3lar fechou o preg\u00e3o desta quinta-feira (13) novamente em alta, negociado a R$ 5,313. Clique aqui para saber mais.\" \/>\n<meta property=\"og:url\" content=\"https:\/\/www.suno.com.br\/noticias\/dolar-alta-13052021-2\/\" \/>\n<meta property=\"og:site_name\" content=\"Suno Not\u00edcias\" \/>\n<meta property=\"article:publisher\" content=\"https:\/\/facebook.com\/sunoresearch\" \/>\n<meta property=\"og:image\" content=\"https:\/\/files.sunoresearch.com.br\/n\/uploads\/2021\/04\/e5e794c1-dollar-4418320_1280.jpg\" \/>\n\t<meta property=\"og:image:width\" content=\"1280\" \/>\n\t<meta property=\"og:image:height\" content=\"701\" \/>\n\t<meta property=\"og:image:type\" content=\"image\/jpeg\" \/>\n<meta name=\"author\" content=\"Rafaela La Regina\" \/>\n<meta name=\"twitter:card\" content=\"summary_large_image\" \/>\n<meta name=\"twitter:creator\" content=\"@sunoresearch\" \/>\n<meta name=\"twitter:site\" content=\"@sunoresearch\" \/>\n<meta name=\"twitter:label1\" content=\"Escrito por\" \/>\n\t<meta name=\"twitter:data1\" content=\"Rafaela La Regina\" \/>\n\t<meta name=\"twitter:label2\" content=\"Est. tempo de leitura\" \/>\n\t<meta name=\"twitter:data2\" content=\"3 minutos\" \/>\n<script type=\"application\/ld+json\" class=\"yoast-schema-graph\">{\"@context\":\"https:\/\/schema.org\",\"@graph\":[{\"@type\":\"NewsArticle\",\"@id\":\"https:\/\/www.suno.com.br\/noticias\/dolar-alta-13052021-2\/#article\",\"isPartOf\":{\"@id\":\"https:\/\/www.suno.com.br\/noticias\/dolar-alta-13052021-2\/\"},\"author\":{\"name\":\"Rafaela La Regina\",\"@id\":\"https:\/\/www.suno.com.br\/noticias\/#\/schema\/person\/e672ca8cea627fe715fa29bca7da95e0\"},\"headline\":\"D\u00f3lar fecha em alta de 0,15% com mercado atento ao avan\u00e7o da infla\u00e7\u00e3o nos EUA\",\"datePublished\":\"2021-05-13T20:17:08+00:00\",\"mainEntityOfPage\":{\"@id\":\"https:\/\/www.suno.com.br\/noticias\/dolar-alta-13052021-2\/\"},\"wordCount\":699,\"publisher\":{\"@id\":\"https:\/\/www.suno.com.br\/noticias\/#organization\"},\"image\":{\"@id\":\"https:\/\/www.suno.com.br\/noticias\/dolar-alta-13052021-2\/#primaryimage\"},\"thumbnailUrl\":\"https:\/\/files.sunoresearch.com.br\/n\/uploads\/2021\/04\/e5e794c1-dollar-4418320_1280-jpg.webp\",\"keywords\":[\"Banco Central Europeu (BCE)\",\"d\u00f3lar\",\"Especialistas\",\"Estados Unidos (EUA)\",\"Federal Reserve (FED)\",\"infla\u00e7\u00e3o\"],\"articleSection\":[\"Mercado\"],\"inLanguage\":\"pt-BR\"},{\"@type\":\"WebPage\",\"@id\":\"https:\/\/www.suno.com.br\/noticias\/dolar-alta-13052021-2\/\",\"url\":\"https:\/\/www.suno.com.br\/noticias\/dolar-alta-13052021-2\/\",\"name\":\"D\u00f3lar fecha em alta de 0,15% com mercado atento ao avan\u00e7o da infla\u00e7\u00e3o nos EUA\",\"isPartOf\":{\"@id\":\"https:\/\/www.suno.com.br\/noticias\/#website\"},\"primaryImageOfPage\":{\"@id\":\"https:\/\/www.suno.com.br\/noticias\/dolar-alta-13052021-2\/#primaryimage\"},\"image\":{\"@id\":\"https:\/\/www.suno.com.br\/noticias\/dolar-alta-13052021-2\/#primaryimage\"},\"thumbnailUrl\":\"https:\/\/files.sunoresearch.com.br\/n\/uploads\/2021\/04\/e5e794c1-dollar-4418320_1280-jpg.webp\",\"datePublished\":\"2021-05-13T20:17:08+00:00\",\"description\":\"O d\u00f3lar fechou o preg\u00e3o desta quinta-feira (13) novamente em alta, negociado a R$ 5,313. Clique aqui para saber mais.\",\"breadcrumb\":{\"@id\":\"https:\/\/www.suno.com.br\/noticias\/dolar-alta-13052021-2\/#breadcrumb\"},\"inLanguage\":\"pt-BR\",\"potentialAction\":[{\"@type\":\"ReadAction\",\"target\":[\"https:\/\/www.suno.com.br\/noticias\/dolar-alta-13052021-2\/\"]}]},{\"@type\":\"ImageObject\",\"inLanguage\":\"pt-BR\",\"@id\":\"https:\/\/www.suno.com.br\/noticias\/dolar-alta-13052021-2\/#primaryimage\",\"url\":\"https:\/\/files.sunoresearch.com.br\/n\/uploads\/2021\/04\/e5e794c1-dollar-4418320_1280-jpg.webp\",\"contentUrl\":\"https:\/\/files.sunoresearch.com.br\/n\/uploads\/2021\/04\/e5e794c1-dollar-4418320_1280-jpg.webp\",\"width\":1280,\"height\":701,\"caption\":\"D\u00f3lar - Foto: Pixabay\"},{\"@type\":\"BreadcrumbList\",\"@id\":\"https:\/\/www.suno.com.br\/noticias\/dolar-alta-13052021-2\/#breadcrumb\",\"itemListElement\":[{\"@type\":\"ListItem\",\"position\":1,\"name\":\"Not\u00edcias\",\"item\":\"https:\/\/www.suno.com.br\/noticias\/\"},{\"@type\":\"ListItem\",\"position\":2,\"name\":\"Mercado\",\"item\":\"https:\/\/www.suno.com.br\/noticias\/mercado\/\"},{\"@type\":\"ListItem\",\"position\":3,\"name\":\"D\u00f3lar fecha em alta de 0,15% com mercado atento ao avan\u00e7o da infla\u00e7\u00e3o nos EUA\"}]},{\"@type\":\"WebSite\",\"@id\":\"https:\/\/www.suno.com.br\/noticias\/#website\",\"url\":\"https:\/\/www.suno.com.br\/noticias\/\",\"name\":\"Suno Not\u00edcias\",\"description\":\"Seu portal de informa\u00e7\u00e3o sobre o mundo dos investimentos\",\"publisher\":{\"@id\":\"https:\/\/www.suno.com.br\/noticias\/#organization\"},\"potentialAction\":[{\"@type\":\"SearchAction\",\"target\":{\"@type\":\"EntryPoint\",\"urlTemplate\":\"https:\/\/www.suno.com.br\/noticias\/?s={search_term_string}\"},\"query-input\":{\"@type\":\"PropertyValueSpecification\",\"valueRequired\":true,\"valueName\":\"search_term_string\"}}],\"inLanguage\":\"pt-BR\"},{\"@type\":\"Organization\",\"@id\":\"https:\/\/www.suno.com.br\/noticias\/#organization\",\"name\":\"Suno Not\u00edcias\",\"url\":\"https:\/\/www.suno.com.br\/noticias\/\",\"logo\":{\"@type\":\"ImageObject\",\"inLanguage\":\"pt-BR\",\"@id\":\"https:\/\/www.suno.com.br\/noticias\/#\/schema\/logo\/image\/\",\"url\":\"https:\/\/files.sunoresearch.com.br\/n\/uploads\/2021\/09\/suno-logo.png\",\"contentUrl\":\"https:\/\/files.sunoresearch.com.br\/n\/uploads\/2021\/09\/suno-logo.png\",\"width\":180,\"height\":180,\"caption\":\"Suno Not\u00edcias\"},\"image\":{\"@id\":\"https:\/\/www.suno.com.br\/noticias\/#\/schema\/logo\/image\/\"},\"sameAs\":[\"https:\/\/facebook.com\/sunoresearch\",\"https:\/\/x.com\/sunoresearch\",\"https:\/\/www.instagram.com\/suno\",\"https:\/\/www.linkedin.com\/company\/suno-research\/\",\"https:\/\/www.youtube.com\/c\/sunoresearch\"]},{\"@type\":\"Person\",\"@id\":\"https:\/\/www.suno.com.br\/noticias\/#\/schema\/person\/e672ca8cea627fe715fa29bca7da95e0\",\"name\":\"Rafaela La Regina\",\"image\":{\"@type\":\"ImageObject\",\"inLanguage\":\"pt-BR\",\"@id\":\"https:\/\/www.suno.com.br\/noticias\/#\/schema\/person\/image\/\",\"url\":\"https:\/\/secure.gravatar.com\/avatar\/d2c75a52d243deb93d0465fdcb21bd37?s=96&r=g\",\"contentUrl\":\"https:\/\/secure.gravatar.com\/avatar\/d2c75a52d243deb93d0465fdcb21bd37?s=96&r=g\",\"caption\":\"Rafaela La Regina\"},\"description\":\"Estagi\u00e1ria no Suno Not\u00edcias. Escreve sobre economia, pol\u00edtica e neg\u00f3cios. Estuda Rela\u00e7\u00f5es Internacionais no IBMEC-SP.\",\"url\":\"https:\/\/www.suno.com.br\/noticias\/author\/rafaela-la-regina\/\"}]}<\/script>\n<!-- \/ Yoast SEO plugin. -->","yoast_head_json":{"title":"D\u00f3lar fecha em alta de 0,15% com mercado atento ao avan\u00e7o da infla\u00e7\u00e3o nos EUA","description":"O d\u00f3lar fechou o preg\u00e3o desta quinta-feira (13) novamente em alta, negociado a R$ 5,313. Clique aqui para saber mais.","robots":{"index":"index","follow":"follow","max-snippet":"max-snippet:-1","max-image-preview":"max-image-preview:large","max-video-preview":"max-video-preview:-1"},"canonical":"https:\/\/www.suno.com.br\/noticias\/dolar-alta-13052021-2\/","og_locale":"pt_BR","og_type":"article","og_title":"D\u00f3lar fecha em alta de 0,15% com mercado atento ao avan\u00e7o da infla\u00e7\u00e3o nos EUA","og_description":"O d\u00f3lar fechou o preg\u00e3o desta quinta-feira (13) novamente em alta, negociado a R$ 5,313. Clique aqui para saber mais.","og_url":"https:\/\/www.suno.com.br\/noticias\/dolar-alta-13052021-2\/","og_site_name":"Suno Not\u00edcias","article_publisher":"https:\/\/facebook.com\/sunoresearch","og_image":[{"width":1280,"height":701,"url":"https:\/\/files.sunoresearch.com.br\/n\/uploads\/2021\/04\/e5e794c1-dollar-4418320_1280.jpg","type":"image\/jpeg"}],"author":"Rafaela La Regina","twitter_card":"summary_large_image","twitter_creator":"@sunoresearch","twitter_site":"@sunoresearch","twitter_misc":{"Escrito por":"Rafaela La Regina","Est. tempo de leitura":"3 minutos"},"schema":{"@context":"https:\/\/schema.org","@graph":[{"@type":"NewsArticle","@id":"https:\/\/www.suno.com.br\/noticias\/dolar-alta-13052021-2\/#article","isPartOf":{"@id":"https:\/\/www.suno.com.br\/noticias\/dolar-alta-13052021-2\/"},"author":{"name":"Rafaela La Regina","@id":"https:\/\/www.suno.com.br\/noticias\/#\/schema\/person\/e672ca8cea627fe715fa29bca7da95e0"},"headline":"D\u00f3lar fecha em alta de 0,15% com mercado atento ao avan\u00e7o da infla\u00e7\u00e3o nos EUA","datePublished":"2021-05-13T20:17:08+00:00","mainEntityOfPage":{"@id":"https:\/\/www.suno.com.br\/noticias\/dolar-alta-13052021-2\/"},"wordCount":699,"publisher":{"@id":"https:\/\/www.suno.com.br\/noticias\/#organization"},"image":{"@id":"https:\/\/www.suno.com.br\/noticias\/dolar-alta-13052021-2\/#primaryimage"},"thumbnailUrl":"https:\/\/files.sunoresearch.com.br\/n\/uploads\/2021\/04\/e5e794c1-dollar-4418320_1280-jpg.webp","keywords":["Banco Central Europeu (BCE)","d\u00f3lar","Especialistas","Estados Unidos (EUA)","Federal Reserve (FED)","infla\u00e7\u00e3o"],"articleSection":["Mercado"],"inLanguage":"pt-BR"},{"@type":"WebPage","@id":"https:\/\/www.suno.com.br\/noticias\/dolar-alta-13052021-2\/","url":"https:\/\/www.suno.com.br\/noticias\/dolar-alta-13052021-2\/","name":"D\u00f3lar fecha em alta de 0,15% com mercado atento ao avan\u00e7o da infla\u00e7\u00e3o nos EUA","isPartOf":{"@id":"https:\/\/www.suno.com.br\/noticias\/#website"},"primaryImageOfPage":{"@id":"https:\/\/www.suno.com.br\/noticias\/dolar-alta-13052021-2\/#primaryimage"},"image":{"@id":"https:\/\/www.suno.com.br\/noticias\/dolar-alta-13052021-2\/#primaryimage"},"thumbnailUrl":"https:\/\/files.sunoresearch.com.br\/n\/uploads\/2021\/04\/e5e794c1-dollar-4418320_1280-jpg.webp","datePublished":"2021-05-13T20:17:08+00:00","description":"O d\u00f3lar fechou o preg\u00e3o desta quinta-feira (13) novamente em alta, negociado a R$ 5,313. Clique aqui para saber mais.","breadcrumb":{"@id":"https:\/\/www.suno.com.br\/noticias\/dolar-alta-13052021-2\/#breadcrumb"},"inLanguage":"pt-BR","potentialAction":[{"@type":"ReadAction","target":["https:\/\/www.suno.com.br\/noticias\/dolar-alta-13052021-2\/"]}]},{"@type":"ImageObject","inLanguage":"pt-BR","@id":"https:\/\/www.suno.com.br\/noticias\/dolar-alta-13052021-2\/#primaryimage","url":"https:\/\/files.sunoresearch.com.br\/n\/uploads\/2021\/04\/e5e794c1-dollar-4418320_1280-jpg.webp","contentUrl":"https:\/\/files.sunoresearch.com.br\/n\/uploads\/2021\/04\/e5e794c1-dollar-4418320_1280-jpg.webp","width":1280,"height":701,"caption":"D\u00f3lar - Foto: Pixabay"},{"@type":"BreadcrumbList","@id":"https:\/\/www.suno.com.br\/noticias\/dolar-alta-13052021-2\/#breadcrumb","itemListElement":[{"@type":"ListItem","position":1,"name":"Not\u00edcias","item":"https:\/\/www.suno.com.br\/noticias\/"},{"@type":"ListItem","position":2,"name":"Mercado","item":"https:\/\/www.suno.com.br\/noticias\/mercado\/"},{"@type":"ListItem","position":3,"name":"D\u00f3lar fecha em alta de 0,15% com mercado atento ao avan\u00e7o da infla\u00e7\u00e3o nos EUA"}]},{"@type":"WebSite","@id":"https:\/\/www.suno.com.br\/noticias\/#website","url":"https:\/\/www.suno.com.br\/noticias\/","name":"Suno Not\u00edcias","description":"Seu portal de informa\u00e7\u00e3o sobre o mundo dos investimentos","publisher":{"@id":"https:\/\/www.suno.com.br\/noticias\/#organization"},"potentialAction":[{"@type":"SearchAction","target":{"@type":"EntryPoint","urlTemplate":"https:\/\/www.suno.com.br\/noticias\/?s={search_term_string}"},"query-input":{"@type":"PropertyValueSpecification","valueRequired":true,"valueName":"search_term_string"}}],"inLanguage":"pt-BR"},{"@type":"Organization","@id":"https:\/\/www.suno.com.br\/noticias\/#organization","name":"Suno Not\u00edcias","url":"https:\/\/www.suno.com.br\/noticias\/","logo":{"@type":"ImageObject","inLanguage":"pt-BR","@id":"https:\/\/www.suno.com.br\/noticias\/#\/schema\/logo\/image\/","url":"https:\/\/files.sunoresearch.com.br\/n\/uploads\/2021\/09\/suno-logo.png","contentUrl":"https:\/\/files.sunoresearch.com.br\/n\/uploads\/2021\/09\/suno-logo.png","width":180,"height":180,"caption":"Suno Not\u00edcias"},"image":{"@id":"https:\/\/www.suno.com.br\/noticias\/#\/schema\/logo\/image\/"},"sameAs":["https:\/\/facebook.com\/sunoresearch","https:\/\/x.com\/sunoresearch","https:\/\/www.instagram.com\/suno","https:\/\/www.linkedin.com\/company\/suno-research\/","https:\/\/www.youtube.com\/c\/sunoresearch"]},{"@type":"Person","@id":"https:\/\/www.suno.com.br\/noticias\/#\/schema\/person\/e672ca8cea627fe715fa29bca7da95e0","name":"Rafaela La Regina","image":{"@type":"ImageObject","inLanguage":"pt-BR","@id":"https:\/\/www.suno.com.br\/noticias\/#\/schema\/person\/image\/","url":"https:\/\/secure.gravatar.com\/avatar\/d2c75a52d243deb93d0465fdcb21bd37?s=96&r=g","contentUrl":"https:\/\/secure.gravatar.com\/avatar\/d2c75a52d243deb93d0465fdcb21bd37?s=96&r=g","caption":"Rafaela La Regina"},"description":"Estagi\u00e1ria no Suno Not\u00edcias. Escreve sobre economia, pol\u00edtica e neg\u00f3cios. Estuda Rela\u00e7\u00f5es Internacionais no IBMEC-SP.","url":"https:\/\/www.suno.com.br\/noticias\/author\/rafaela-la-regina\/"}]}},"default_loop_html":"<div class=\"cardsPage__listCard__boxs\"><div class=\"cardsPage__listCard__boxs__img\"><a href=\"https:\/\/www.suno.com.br\/noticias\/dolar-alta-13052021-2\/\"><img class=\"mask\" src=\"https:\/\/www.suno.com.br\/noticias\/wp-content\/themes\/suno\/resources\/images\/spotlight\/spotlight1img\/bg-mask.png\" alt=\"Image Mask\"\/><img src=\"https:\/\/files.sunoresearch.com.br\/n\/uploads\/2021\/04\/e5e794c1-dollar-4418320_1280-400x200.webp\" alt=\"D\u00f3lar fecha em alta de 0,15% com mercado atento ao avan\u00e7o da infla\u00e7\u00e3o nos EUA\"\/><\/a><span class=\"spotlightCategory\"><a href=\"https:\/\/www.suno.com.br\/noticias\/mercado\/\">Mercado<\/a><\/span><\/div><div class=\"cardsPage__listCard__boxs__content\"><a href=\"https:\/\/www.suno.com.br\/noticias\/dolar-alta-13052021-2\/\"><h2 class=\"content__title\">D\u00f3lar fecha em alta de 0,15% com mercado atento ao avan\u00e7o da infla\u00e7\u00e3o nos EUA<\/h2><\/a><div class=\"newsContent__article__meta\"><div class=\"newsContent__article__meta__authorBox\"><a href=\"https:\/\/www.suno.com.br\/noticias\/author\/rafaela-la-regina\/\" class=\"authorBox__avatar noMobi\"><img src=\"https:\/\/secure.gravatar.com\/avatar\/d2c75a52d243deb93d0465fdcb21bd37?s=96&#038;r=g\" alt=\"Rafaela La Regina\"><\/a><div class=\"authorBox__name\"><span>por\n\t\t\t<a href=\"https:\/\/www.suno.com.br\/noticias\/author\/rafaela-la-regina\/\"><span itemprop=\"author\">Rafaela La Regina<\/span><\/a><\/span><time datetime=\"2021-05-13T17:17:08-03:00\" itemprop=\"datePublished\">13\/05\/2021 17:17<\/time><\/div><\/div><\/div><\/div><\/div>","single_layout":"posts","amp_enabled":true,"_links":{"self":[{"href":"https:\/\/www.suno.com.br\/noticias\/wp-json\/wp\/v2\/posts\/148120"}],"collection":[{"href":"https:\/\/www.suno.com.br\/noticias\/wp-json\/wp\/v2\/posts"}],"about":[{"href":"https:\/\/www.suno.com.br\/noticias\/wp-json\/wp\/v2\/types\/post"}],"author":[{"embeddable":true,"href":"https:\/\/www.suno.com.br\/noticias\/wp-json\/wp\/v2\/users\/56"}],"replies":[{"embeddable":true,"href":"https:\/\/www.suno.com.br\/noticias\/wp-json\/wp\/v2\/comments?post=148120"}],"version-history":[{"count":3,"href":"https:\/\/www.suno.com.br\/noticias\/wp-json\/wp\/v2\/posts\/148120\/revisions"}],"predecessor-version":[{"id":148150,"href":"https:\/\/www.suno.com.br\/noticias\/wp-json\/wp\/v2\/posts\/148120\/revisions\/148150"}],"wp:featuredmedia":[{"embeddable":true,"href":"https:\/\/www.suno.com.br\/noticias\/wp-json\/wp\/v2\/media\/137005"}],"wp:attachment":[{"href":"https:\/\/www.suno.com.br\/noticias\/wp-json\/wp\/v2\/media?parent=148120"}],"wp:term":[{"taxonomy":"category","embeddable":true,"href":"https:\/\/www.suno.com.br\/noticias\/wp-json\/wp\/v2\/categories?post=148120"},{"taxonomy":"post_tag","embeddable":true,"href":"https:\/\/www.suno.com.br\/noticias\/wp-json\/wp\/v2\/tags?post=148120"},{"taxonomy":"suno_strategy","embeddable":true,"href":"https:\/\/www.suno.com.br\/noticias\/wp-json\/wp\/v2\/suno_strategy?post=148120"}],"curies":[{"name":"wp","href":"https:\/\/api.w.org\/{rel}","templated":true}]}}