{"id":148095,"date":"2021-05-17T08:28:58","date_gmt":"2021-05-17T11:28:58","guid":{"rendered":"https:\/\/www.suno.com.br\/noticias\/?p=148095"},"modified":"2021-05-21T12:02:30","modified_gmt":"2021-05-21T15:02:30","slug":"dolar-enfraquecimento-global-especialista","status":"publish","type":"post","link":"https:\/\/www.suno.com.br\/noticias\/dolar-enfraquecimento-global-especialista\/","title":{"rendered":"D\u00f3lar entrar\u00e1 em processo de enfraquecimento global, diz estrategista da Laatus"},"content":{"rendered":"<p>Nos \u00faltimos dias, o <strong>d\u00f3lar<\/strong> passou a dar sinais de arrefecimento frente ao real. O processo era esperado desde o in\u00edcio do ciclo de alta da <a href=\"https:\/\/www.suno.com.br\/artigos\/taxa-selic\/\">taxa de juros b\u00e1sica da economia (Selic)<\/a>, em mar\u00e7o, mas naquele momento as tens\u00f5es pol\u00edticas e fiscais pesaram sobre o cen\u00e1rio brasileiro. Contudo, o enfraquecimento do d\u00f3lar nos pr\u00f3ximos meses certamente vir\u00e1.<\/p>\t<div class=\"wrapper-featured-image\">\n\t\t<figure class=\"spotlightImg\">\n\n\t\t\t<picture>\n\t\t\t\t<source media=\"(max-width: 768px)\" srcset=\"https:\/\/files.sunoresearch.com.br\/n\/uploads\/2021\/05\/3307e0dc-money-4418858_1280-400x200.webp\">\n\t\t\t\t<img loading=\"lazy\" decoding=\"async\" class=\"newsContent__article__imgCapa lazyloadDisabled \" src=\"https:\/\/files.sunoresearch.com.br\/n\/uploads\/2021\/05\/3307e0dc-money-4418858_1280-800x450.webp\" width=\"800\" height=\"450\" alt=\"D\u00f3lar entrar\u00e1 em processo de enfraquecimento global, diz estrategista da Laatus\" fetchpriority=high \/>\n\t\t\t<\/picture>\n\n\t\t\t<figcaption class=\"wp-caption-text wp-caption-text--show\">D\u00f3lar. Foto: Pixabay<\/figcaption>\n\t\t<\/figure>\n\t<\/div>\n\n\n\t<p>\n\t\t<a href=\"https:\/\/lp.suno.com.br\/planilha-controle-gastos\/\" target=\"_blank\" data-element=\"shortcode-suno-banner\" title=\"Banner SUNO, clique e saiba mais\">\n\t\t\t<picture>\n\t\t\t\t<source media=\"(max-width: 500px)\" srcset=\"https:\/\/files.sunoresearch.com.br\/n\/uploads\/2023\/03\/400x300-Planilha-controle-de-gastos.png\">\n\t\t\t\t<img class=\"newsContent__article__imgCapa newsContent__article__imgCapa--banner\"\n\t\t\t\t\tsrc=\"https:\/\/files.sunoresearch.com.br\/n\/uploads\/2023\/03\/1420x240-Planilha-controle-de-gastos.png\"\n\t\t\t\t\tdata-promo-id=\"101751\"\t\t\t\t\t\t\t\t\t\twidth='1420' height='240'\t\t\t\t\talt=\"https:\/\/files.sunoresearch.com.br\/n\/uploads\/2023\/03\/1420x240-Planilha-controle-de-gastos.png\"\n\t\t\t\t>\n\t\t\t<\/picture>\n\t\t<\/a>\n\t<\/p>\n\n\n<p>A opini\u00e3o \u00e9 de <strong>Jefferson Laatus<\/strong>, estrategista-chefe da consultoria de educa\u00e7\u00e3o e treinamento Laatus. Segundo ele, o processo de <a href=\"https:\/\/www.suno.com.br\/artigos\/dolar\/\">deprecia\u00e7\u00e3o do d\u00f3lar<\/a>, sobretudo frente a outras moedas emergentes, ser\u00e1 um processo natural dada a massiva inje\u00e7\u00e3o de capital nas economias para o combate \u00e0 pandemia.<\/p>\n<p>Cerca de 20% de toda moeda norte-americana em circula\u00e7\u00e3o no mundo foi impressa apenas no ano passado. Um fator a que os agentes econ\u00f4micos devem prestar aten\u00e7\u00e3o, diz Laatus, \u00e9 que todo esse est\u00edmulo monet\u00e1rio foi proporcionado em um momento de taxa de juros zeradas. &#8220;Uma hora a conta vai chegar.&#8221;<\/p>\n<p><a href=\"https:\/\/lp.suno.com.br\/suno-one\/\"><span style=\"font-weight: 400;\">Suno One: acesse gratuitamente eBooks, Minicursos, Artigos e Video Aulas sobre investimentos com um \u00fanico cadastro. Clique para saber mais!<\/span><\/a><\/p>\n<p>Para ele, o d\u00f3lar ainda tem espa\u00e7o para cair e deve encerrar o ano entre R$ 5,15 e R$ 5,20, mesmo o real estando perto de zerar as perdas frente \u00e0 moeda norte-americana no ano.<\/p>\n<p>Confira os principais trechos da entrevista do <strong>SUNO Not\u00edcias <\/strong>com o especialista.<\/p>\n<figure id=\"attachment_148442\" aria-describedby=\"caption-attachment-148442\" style=\"width: 2560px\" class=\"wp-caption aligncenter\"><img loading=\"lazy\" decoding=\"async\" class=\"wp-image-148442 size-full\" src=\"https:\/\/storage.googleapis.com\/wp-noticias\/2021\/05\/2b928c2e-laatus-scaled.jpg\" alt=\"\" width=\"2560\" height=\"1707\" srcset=\"https:\/\/files.sunoresearch.com.br\/n\/uploads\/2021\/05\/2b928c2e-laatus-scaled.jpg 2560w, https:\/\/files.sunoresearch.com.br\/n\/uploads\/2021\/05\/2b928c2e-laatus-300x200.jpg 300w, https:\/\/files.sunoresearch.com.br\/n\/uploads\/2021\/05\/2b928c2e-laatus-1024x683.jpg 1024w, https:\/\/files.sunoresearch.com.br\/n\/uploads\/2021\/05\/2b928c2e-laatus-768x512.jpg 768w, https:\/\/files.sunoresearch.com.br\/n\/uploads\/2021\/05\/2b928c2e-laatus-1536x1024.jpg 1536w, https:\/\/files.sunoresearch.com.br\/n\/uploads\/2021\/05\/2b928c2e-laatus-2048x1365.jpg 2048w\" sizes=\"(max-width: 2560px) 100vw, 2560px\" \/><figcaption id=\"caption-attachment-148442\" class=\"wp-caption-text\">Jefferson Laatus, s\u00f3cio-propriet\u00e1rio do Grupo Laatus. Foto: Divulga\u00e7\u00e3o.<\/figcaption><\/figure>\n<p style=\"text-align: center;\"><span style=\"font-size: 19.4286px; text-align: center;\">\u2666<\/span><\/p>\n<h4>No primeiro aumento da Selic, o d\u00f3lar, que esperava-se que cairia, pouco se mexeu. O mercado n\u00e3o deu bola para o que o Copom estava dizendo?<\/h4>\n<p>N\u00e3o \u00e9 que o mercado n\u00e3o deu tanta bola para a vis\u00e3o do <a href=\"https:\/\/www.suno.com.br\/artigos\/bacen\/\">Banco Central (BC)<\/a>. Naquele momento, o cen\u00e1rio externo possu\u00eda algumas preocupa\u00e7\u00f5es, assim como o \u00e2mbito interno. A taxa de juros ficou em segundo plano naquele momento.<\/p>\n<p>Pr\u00f3ximo da \u00faltima eleva\u00e7\u00e3o da Selic, de 2,75% para 3,5%, j\u00e1 t\u00ednhamos a resolu\u00e7\u00e3o do Or\u00e7amento de 2021 &#8212; ainda que de forma question\u00e1vel &#8211;, e t\u00ednhamos uma expectativa boa de reformas, tanto administrativa como tribut\u00e1ria, mesmo que fatiadas.<\/p>\n\t<div data-element=\"shortcode-read-more\" class=\"knowMore\">\n\t\t\t\t<span class=\"knowMore__title\">Saiba mais<\/span>\n\t\t\t\t<a class=\"knowMore__link\" href=\"https:\/\/www.suno.com.br\/noticias\/investimento-no-exterior-dolar-alta\/\">\n\t\t\tInvestimento no exterior: ainda vale a pena com o d\u00f3lar em alta?\t\t<\/a>\n\t<\/div>\n\n\n<p>Somado a isso, o ambiente externo n\u00e3o estava bom, o que foi ben\u00e9fico para o Brasil. A economia norte-americana demandou mais est\u00edmulos e manuten\u00e7\u00e3o da <a href=\"https:\/\/www.suno.com.br\/artigos\/taxa-de-juros\/\"><strong>taxa de juros<\/strong><\/a> zerada. Isso acaba favorecendo o <a href=\"https:\/\/www.suno.com.br\/artigos\/carry-trade\/\" target=\"_blank\" rel=\"noopener noreferrer\"><em>carry trade<\/em><\/a> [<em>estrat\u00e9gia de negocia\u00e7\u00e3o que envolve empr\u00e9stimos a uma taxa de juros baixa e o investimento em um ativo que fornece uma taxa de retorno mais alta<\/em>] para pa\u00edses emergentes como o Brasil.<\/p>\n<p>O investidor pega dinheiro barato em d\u00f3lar, internaliza aqui e recebe juros mais altos.<\/p>\n<h4>Pesquisas dizem que cerca de 20% do d\u00f3lar em circula\u00e7\u00e3o no mundo foi impresso em 2020. O d\u00f3lar mais fraco \u00e9 uma tend\u00eancia que veio para ficar?<\/h4>\n<p>Durante os pr\u00f3ximos anos \u00e9 muito dif\u00edcil de dizer, mas com certeza a moeda entrar\u00e1 em um processo de enfraquecimento. A inje\u00e7\u00e3o gigantesca de capital ainda continua, ao passo que as economias mundo afora se recuperam de forma conjunta.<\/p>\n<p>A recupera\u00e7\u00e3o econ\u00f4mica dos <strong>Estados Unidos<\/strong>, naturalmente, enfraquece a moeda, pois a <strong>China<\/strong> acompanhar\u00e1 e o d\u00f3lar ficar\u00e1 relativamente mais barato. A gente tem, sim, um movimento natural de queda do d\u00f3lar, ao menos durante esse ano. Para os pr\u00f3ximos anos, \u00e9 complicado de afirmar, at\u00e9 porque n\u00e3o sabemos qual ser\u00e1 o futuro das pol\u00edticas do novo governo norte-americano.<\/p>\n<p>Vale lembrar que os governos ampliaram de forma intensa sua d\u00edvida com base em uma taxa de juros zerada praticamente em todo o mundo desenvolvido nos \u00faltimos anos. Uma hora o boleto vai chegar e h\u00e1 d\u00favidas sobre o que vai acontecer.<\/p>\n<p>O gasto mundial com a pandemia est\u00e1 na casa de US$ 20 trilh\u00f5es (cerca de R$ 105,38 trilh\u00f5es na cota\u00e7\u00e3o atual). Em contraponto ao d\u00f3lar, isso faz com que ativos como o <strong>ouro<\/strong> se valorizem pois s\u00e3o itens que asseguram o <a href=\"https:\/\/www.suno.com.br\/artigos\/os-6-mandamentos-do-investimento-em-valor\/\">valor do dinheiro<\/a>. \u00c9 uma commodity provada no tempo com oferta escassa. Esse processo de inje\u00e7\u00e3o de capital deve continuar ocorrendo enquanto o mercado de trabalho n\u00e3o for retomado, sobretudo nos Estados Unidos.<\/p>\n<p>Al\u00e9m disso, quando falamos em d\u00f3lar fraco, n\u00e3o significa diretamente que o real vai se fortalecer frente \u00e0 moeda. A divisa deve perder tra\u00e7\u00e3o frente a outras moedas fortes, como euro e libra.<\/p>\n<p>Para o real acompanhar o mesmo caminho, depende somente de n\u00f3s. Nada adiantar\u00e1 se n\u00e3o arrumarmos nossa <a href=\"https:\/\/www.suno.com.br\/artigos\/politica-fiscal\/\">pol\u00edtica fiscal<\/a> ou n\u00e3o nos tornarmos atraentes para investidores estrangeiros. O d\u00f3lar versus o mundo \u00e9 uma coisa, o d\u00f3lar contra o Brasil \u00e9 outra.<\/p>\n<h4>Qual \u00e9 a previs\u00e3o da Laatus para o d\u00f3lar no fim do ano? O Focus fala em R$ 5,35.<\/h4>\n<p>Eu estimo que o d\u00f3lar possa encerrar o ano entre R$ 5,15 e R$ 5,20. A gente acredita que o segundo semestre ser\u00e1 positivo na economia brasileira, assim como o mundo desenvolvido est\u00e1 apresentando agora.<\/p>\n<p>Certamente a recupera\u00e7\u00e3o chinesa e europeia continuar\u00e1, e o Brasil ser\u00e1 arrastado por esse movimento, pois fornecemos muitos produtos para esses pa\u00edses, sobretudo insumos agr\u00edcolas e prote\u00ednas. Com maiores exporta\u00e7\u00f5es, devemos ter uma melhor rela\u00e7\u00e3o d\u00f3lar e real.<\/p>\n<p>N\u00f3s tamb\u00e9m estimamos que o Congresso ter\u00e1 uma pol\u00edtica um pouco mais tranquila em dire\u00e7\u00e3o ao <strong>equil\u00edbrio fiscal<\/strong>.<\/p>\n<h4>Falando em exporta\u00e7\u00f5es, o chamado superciclo de commodities pode ajudar essa queda do d\u00f3lar?<\/h4>\n<p>Com certeza. Vale lembrar que os <em>booms<\/em> de <strong>commodities<\/strong> sempre v\u00eam no p\u00f3s-crise, ent\u00e3o o Brasil vai acabar sendo bastante beneficiado por esse processo, de fortes investimentos em infraestrutura e demanda global.<\/p>\n\t<p>\n\t\t<a href=\"https:\/\/lp.suno.com.br\/planilha-da-vida-financeira\/\" target=\"_blank\" data-element=\"shortcode-suno-banner\" title=\"Banner SUNO, clique e saiba mais\">\n\t\t\t<picture>\n\t\t\t\t<source media=\"(max-width: 500px)\" srcset=\"https:\/\/files.sunoresearch.com.br\/n\/uploads\/2023\/04\/400x300-Planilha-vida-financeira-true.png\">\n\t\t\t\t<img class=\"newsContent__article__imgCapa newsContent__article__imgCapa--banner\"\n\t\t\t\t\tsrc=\"https:\/\/files.sunoresearch.com.br\/n\/uploads\/2023\/04\/1420x240-Planilha-vida-financeira-true.png\"\n\t\t\t\t\tdata-promo-id=\"106682\"\t\t\t\t\t\t\t\t\t\twidth='1420' height='240'\t\t\t\t\talt=\"https:\/\/files.sunoresearch.com.br\/n\/uploads\/2023\/04\/1420x240-Planilha-vida-financeira-true.png\"\n\t\t\t\t>\n\t\t\t<\/picture>\n\t\t<\/a>\n\t<\/p>\n\n\n<p>O petr\u00f3leo tende a continuar subindo, assim como o <a href=\"https:\/\/www.suno.com.br\/noticias\/minerio-de-ferro-escalada-preco-vale-vale3\/\">min\u00e9rio de ferro, embora seja esperado que haja uma corre\u00e7\u00e3o<\/a>. Para empresas brasileiras ligadas a esses setores, os pr\u00f3ximos meses ser\u00e3o positivos. No entanto, acreditamos que o movimento altista no segundo semestre ser\u00e1 quase que geral no ambiente interno, com varejo e consumo muito fortes por conta da demanda reprimida.<\/p>\n<h4>O aumento das taxas de juros nos Estados Unidos pode interromper a tend\u00eancia de baixa do d\u00f3lar? O mercado tem travado um cabo de guerra com o Fed neste sentido.<\/h4>\n<p>O Brasil n\u00e3o \u00e9 o pa\u00eds mais seguro de todos, mas est\u00e1 em melhores condi\u00e7\u00f5es do que outros emergentes, especialmente da Am\u00e9rica Latina. Ent\u00e3o quando h\u00e1 o aumento das taxas de juros por aqui, naturalmente ficando acima dos pa\u00edses desenvolvidos, temos que levar em considera\u00e7\u00e3o que a atra\u00e7\u00e3o de recursos estrangeiros pode ser grande.<\/p>\n<p>Atualmente a Selic est\u00e1 em 3,5%, o BC deixou o caminho aberto para mais uma eleva\u00e7\u00e3o de 0,75 ponto percentual em junho, e at\u00e9 o fim do ano o objetivo deve ser o equil\u00edbrio entre a taxa de juros e a <strong>infla\u00e7\u00e3o<\/strong>. A expectativa de infla\u00e7\u00e3o do mercado fica em torno de 5%, para come\u00e7ar a cair no ano que vem.<\/p>\n<p>Com base nisso, podemos entender que a Selic termine o ano em mais ou menos 5%. Chutando alto, o Brasil termina o ano com a taxa em 6%. Para o Pa\u00eds, a taxa ainda est\u00e1 em menor patamar do que a m\u00e9dia hist\u00f3rica, mas para o estrangeiro come\u00e7a a fazer sentido.<\/p>\n<p>Se o investidor norte-americano capta recursos em com a taxa quase zerada nos Estados Unidos, e internaliza aqui em, talvez, 5,5%, \u00e9 super vantajoso para ele.<\/p>\n<p>Com isso, mesmo que o <a href=\"https:\/\/www.suno.com.br\/artigos\/fed\/\">Federal Reserve (<strong>Fed<\/strong>)<\/a> passe a aumentar os juros, pouco afetar\u00e1 esse processo. At\u00e9 porque, quando o BC dos Estados Unidos der ind\u00edcios de que elevar\u00e1 a taxa de juros, far\u00e1 aos poucos, subindo lentamente. Historicamente, o Fed \u00e9 muito paciente. Ele sempre prepara o mercado para as mudan\u00e7as na <strong>pol\u00edtica monet\u00e1ria<\/strong>.<\/p>\n\t<div data-element=\"shortcode-read-more\" class=\"knowMore\">\n\t\t\t\t<span class=\"knowMore__title\">Leia tamb\u00e9m<\/span>\n\t\t\t\t<a class=\"knowMore__link\" href=\"https:\/\/www.suno.com.br\/noticias\/dolar-preco-2021-corretora\/\">\n\t\t\tD\u00f3lar est\u00e1 fora do pre\u00e7o e pode encerrar ano em R$ 5,15, diz corretora\t\t<\/a>\n\t<\/div>\n\n\n<h4>Na sua opini\u00e3o, o Banco Central fez o que deveria ter sido feito, ou acabou perdendo a m\u00e3o na condu\u00e7\u00e3o da Selic?<\/h4>\n<p>Acho que fez o que deveria ter sido feito. Ele se mostrou ativo para fazer os ajustes necess\u00e1rios para o combate da pandemia.<\/p>\n<p>O efeito de ajustes agressivos na taxa demora para aparecer na economia, de tr\u00eas a seis meses. Al\u00e9m disso, a pandemia n\u00e3o acabou. Ela continua influenciando a atividade e os <a href=\"https:\/\/www.suno.com.br\/artigos\/crescimento-economico\/#:~:text=Crescimento%20econ%C3%B4mico%20%C3%A9%20um%20conceito,que%20fazem%20parte%20daquela%20economia.\">efeitos ainda ser\u00e3o pr\u00e1ticos na economia<\/a>, com a recupera\u00e7\u00e3o que deve ser observada. Dessa forma, acredito que o BC foi na linha certa.<\/p>\n<p>N\u00f3s gostar\u00edamos que a retomada da alta da taxa de juros at\u00e9 come\u00e7asse antes, mas a autoridade monet\u00e1ria esperou a infla\u00e7\u00e3o aparecer. Ent\u00e3o vemos como correta a posi\u00e7\u00e3o do BC do Brasil. O Fed tamb\u00e9m foi agressivo frente \u00e0 pandemia, ent\u00e3o naturalmente passar\u00edamos a elevar a taxa antes deles para n\u00e3o termos esse descasamento.<\/p>\n<p>A expectativa para a queda do d\u00f3lar agora ocorre mesmo com os ru\u00eddos pol\u00edticos. A hist\u00f3ria \u00e9 sempre a mesma h\u00e1 40 anos &#8212; poucos foram os momentos em que o Brasil n\u00e3o esteve em crise pol\u00edtica. O mercado tem dado mais aten\u00e7\u00e3o ao cen\u00e1rio externo, e como l\u00e1 fora as proje\u00e7\u00f5es s\u00e3o boas, os problemas internos de Bras\u00edlia tendem a ficar cada vez mais em segundo plano. Isso acaba sendo positivo para a continuidade da recupera\u00e7\u00e3o do Brasil e, consequentemente, do real, que praticamente zerou as perdas do <strong>d\u00f3lar<\/strong> no ano.<\/p>\n\t<p>\n\t\t<a href=\"https:\/\/lp.suno.com.br\/planilha-de-controle-de-investimentos\/\" target=\"_blank\" data-element=\"shortcode-suno-banner\" title=\"Banner SUNO, clique e saiba mais\">\n\t\t\t<picture>\n\t\t\t\t<source media=\"(max-width: 500px)\" srcset=\"https:\/\/files.sunoresearch.com.br\/n\/uploads\/2023\/03\/400x300-Controle-de-Investimentos.png\">\n\t\t\t\t<img class=\"newsContent__article__imgCapa newsContent__article__imgCapa--banner\"\n\t\t\t\t\tsrc=\"https:\/\/files.sunoresearch.com.br\/n\/uploads\/2023\/03\/1420x240-Controle-de-Investimentos.png\"\n\t\t\t\t\tdata-promo-id=\"75934\"\t\t\t\t\t\t\t\t\t\twidth='1420' height='240'\t\t\t\t\talt=\"https:\/\/files.sunoresearch.com.br\/n\/uploads\/2023\/03\/1420x240-Controle-de-Investimentos.png\"\n\t\t\t\t>\n\t\t\t<\/picture>\n\t\t<\/a>\n\t<\/p>\n\n\n","protected":false},"excerpt":{"rendered":"<p>Nos \u00faltimos dias, o d\u00f3lar passou a dar sinais de arrefecimento frente ao real. O processo era esperado desde o in\u00edcio do ciclo de alta da taxa de juros b\u00e1sica da economia (Selic), em mar\u00e7o, mas naquele momento as tens\u00f5es pol\u00edticas e fiscais pesaram sobre o cen\u00e1rio brasileiro. Contudo, o enfraquecimento do d\u00f3lar nos pr\u00f3ximos [&hellip;]<\/p>\n","protected":false},"author":24,"featured_media":148097,"comment_status":"closed","ping_status":"closed","sticky":false,"template":"","format":"standard","meta":[],"categories":[1278],"tags":[1853,326,105815,2748,105860,97358],"suno_strategy":[],"class_list":["post-148095","post","type-post","status-publish","format-standard","has-post-thumbnail","hentry","category-entrevistas","tag-cambio","tag-dolar","tag-especial","tag-pandemia","tag-pingue-pongue","tag-politica-fiscal"],"yoast_head":"<!-- This site is optimized with the Yoast SEO plugin v24.4 - https:\/\/yoast.com\/wordpress\/plugins\/seo\/ -->\n<title>D\u00f3lar entrar\u00e1 em processo de enfraquecimento global, diz Laatus<\/title>\n<meta name=\"description\" content=\"Nos \u00faltimos dias, o d\u00f3lar passou a dar sinais de arrefecimento. Para especialistas, esse \u00e9 um processo de enfraquecimento. Saiba mais.\" \/>\n<meta name=\"robots\" content=\"index, follow, max-snippet:-1, max-image-preview:large, max-video-preview:-1\" \/>\n<link rel=\"canonical\" href=\"https:\/\/www.suno.com.br\/noticias\/dolar-enfraquecimento-global-especialista\/\" \/>\n<meta property=\"og:locale\" content=\"pt_BR\" \/>\n<meta property=\"og:type\" content=\"article\" \/>\n<meta property=\"og:title\" content=\"D\u00f3lar entrar\u00e1 em processo de enfraquecimento global, diz Laatus\" \/>\n<meta property=\"og:description\" content=\"Nos \u00faltimos dias, o d\u00f3lar passou a dar sinais de arrefecimento. Para especialistas, esse \u00e9 um processo de enfraquecimento. Saiba mais.\" \/>\n<meta property=\"og:url\" content=\"https:\/\/www.suno.com.br\/noticias\/dolar-enfraquecimento-global-especialista\/\" \/>\n<meta property=\"og:site_name\" content=\"Suno Not\u00edcias\" \/>\n<meta property=\"article:publisher\" content=\"https:\/\/facebook.com\/sunoresearch\" \/>\n<meta property=\"og:image\" content=\"https:\/\/files.sunoresearch.com.br\/n\/uploads\/2021\/05\/3307e0dc-money-4418858_1280.jpg\" \/>\n\t<meta property=\"og:image:width\" content=\"1280\" \/>\n\t<meta property=\"og:image:height\" content=\"914\" \/>\n\t<meta property=\"og:image:type\" content=\"image\/jpeg\" \/>\n<meta name=\"author\" content=\"Jader Lazarini\" \/>\n<meta name=\"twitter:card\" content=\"summary_large_image\" \/>\n<meta name=\"twitter:creator\" content=\"@sunoresearch\" \/>\n<meta name=\"twitter:site\" content=\"@sunoresearch\" \/>\n<meta name=\"twitter:label1\" content=\"Escrito por\" \/>\n\t<meta name=\"twitter:data1\" content=\"Jader Lazarini\" \/>\n\t<meta name=\"twitter:label2\" content=\"Est. tempo de leitura\" \/>\n\t<meta name=\"twitter:data2\" content=\"8 minutos\" \/>\n<script type=\"application\/ld+json\" class=\"yoast-schema-graph\">{\"@context\":\"https:\/\/schema.org\",\"@graph\":[{\"@type\":\"NewsArticle\",\"@id\":\"https:\/\/www.suno.com.br\/noticias\/dolar-enfraquecimento-global-especialista\/#article\",\"isPartOf\":{\"@id\":\"https:\/\/www.suno.com.br\/noticias\/dolar-enfraquecimento-global-especialista\/\"},\"author\":{\"name\":\"Jader Lazarini\",\"@id\":\"https:\/\/www.suno.com.br\/noticias\/#\/schema\/person\/918d79de1f0281f01599b93f9ea6e23f\"},\"headline\":\"D\u00f3lar entrar\u00e1 em processo de enfraquecimento global, diz estrategista da Laatus\",\"datePublished\":\"2021-05-17T11:28:58+00:00\",\"dateModified\":\"2021-05-21T15:02:30+00:00\",\"mainEntityOfPage\":{\"@id\":\"https:\/\/www.suno.com.br\/noticias\/dolar-enfraquecimento-global-especialista\/\"},\"wordCount\":1637,\"publisher\":{\"@id\":\"https:\/\/www.suno.com.br\/noticias\/#organization\"},\"image\":{\"@id\":\"https:\/\/www.suno.com.br\/noticias\/dolar-enfraquecimento-global-especialista\/#primaryimage\"},\"thumbnailUrl\":\"https:\/\/files.sunoresearch.com.br\/n\/uploads\/2021\/05\/3307e0dc-money-4418858_1280-jpg.webp\",\"keywords\":[\"c\u00e2mbio\",\"d\u00f3lar\",\"Especiais\",\"pandemia\",\"pingue-pongue\",\"pol\u00edtica fiscal\"],\"articleSection\":[\"Entrevistas\"],\"inLanguage\":\"pt-BR\"},{\"@type\":\"WebPage\",\"@id\":\"https:\/\/www.suno.com.br\/noticias\/dolar-enfraquecimento-global-especialista\/\",\"url\":\"https:\/\/www.suno.com.br\/noticias\/dolar-enfraquecimento-global-especialista\/\",\"name\":\"D\u00f3lar entrar\u00e1 em processo de enfraquecimento global, diz Laatus\",\"isPartOf\":{\"@id\":\"https:\/\/www.suno.com.br\/noticias\/#website\"},\"primaryImageOfPage\":{\"@id\":\"https:\/\/www.suno.com.br\/noticias\/dolar-enfraquecimento-global-especialista\/#primaryimage\"},\"image\":{\"@id\":\"https:\/\/www.suno.com.br\/noticias\/dolar-enfraquecimento-global-especialista\/#primaryimage\"},\"thumbnailUrl\":\"https:\/\/files.sunoresearch.com.br\/n\/uploads\/2021\/05\/3307e0dc-money-4418858_1280-jpg.webp\",\"datePublished\":\"2021-05-17T11:28:58+00:00\",\"dateModified\":\"2021-05-21T15:02:30+00:00\",\"description\":\"Nos \u00faltimos dias, o d\u00f3lar passou a dar sinais de arrefecimento. Para especialistas, esse \u00e9 um processo de enfraquecimento. Saiba mais.\",\"breadcrumb\":{\"@id\":\"https:\/\/www.suno.com.br\/noticias\/dolar-enfraquecimento-global-especialista\/#breadcrumb\"},\"inLanguage\":\"pt-BR\",\"potentialAction\":[{\"@type\":\"ReadAction\",\"target\":[\"https:\/\/www.suno.com.br\/noticias\/dolar-enfraquecimento-global-especialista\/\"]}]},{\"@type\":\"ImageObject\",\"inLanguage\":\"pt-BR\",\"@id\":\"https:\/\/www.suno.com.br\/noticias\/dolar-enfraquecimento-global-especialista\/#primaryimage\",\"url\":\"https:\/\/files.sunoresearch.com.br\/n\/uploads\/2021\/05\/3307e0dc-money-4418858_1280-jpg.webp\",\"contentUrl\":\"https:\/\/files.sunoresearch.com.br\/n\/uploads\/2021\/05\/3307e0dc-money-4418858_1280-jpg.webp\",\"width\":1280,\"height\":914,\"caption\":\"D\u00f3lar. Foto: Pixabay\"},{\"@type\":\"BreadcrumbList\",\"@id\":\"https:\/\/www.suno.com.br\/noticias\/dolar-enfraquecimento-global-especialista\/#breadcrumb\",\"itemListElement\":[{\"@type\":\"ListItem\",\"position\":1,\"name\":\"Not\u00edcias\",\"item\":\"https:\/\/www.suno.com.br\/noticias\/\"},{\"@type\":\"ListItem\",\"position\":2,\"name\":\"Entrevistas\",\"item\":\"https:\/\/www.suno.com.br\/noticias\/entrevistas\/\"},{\"@type\":\"ListItem\",\"position\":3,\"name\":\"D\u00f3lar entrar\u00e1 em processo de enfraquecimento global, diz estrategista da Laatus\"}]},{\"@type\":\"WebSite\",\"@id\":\"https:\/\/www.suno.com.br\/noticias\/#website\",\"url\":\"https:\/\/www.suno.com.br\/noticias\/\",\"name\":\"Suno Not\u00edcias\",\"description\":\"Seu portal de informa\u00e7\u00e3o sobre o mundo dos investimentos\",\"publisher\":{\"@id\":\"https:\/\/www.suno.com.br\/noticias\/#organization\"},\"potentialAction\":[{\"@type\":\"SearchAction\",\"target\":{\"@type\":\"EntryPoint\",\"urlTemplate\":\"https:\/\/www.suno.com.br\/noticias\/?s={search_term_string}\"},\"query-input\":{\"@type\":\"PropertyValueSpecification\",\"valueRequired\":true,\"valueName\":\"search_term_string\"}}],\"inLanguage\":\"pt-BR\"},{\"@type\":\"Organization\",\"@id\":\"https:\/\/www.suno.com.br\/noticias\/#organization\",\"name\":\"Suno Not\u00edcias\",\"url\":\"https:\/\/www.suno.com.br\/noticias\/\",\"logo\":{\"@type\":\"ImageObject\",\"inLanguage\":\"pt-BR\",\"@id\":\"https:\/\/www.suno.com.br\/noticias\/#\/schema\/logo\/image\/\",\"url\":\"https:\/\/files.sunoresearch.com.br\/n\/uploads\/2021\/09\/suno-logo.png\",\"contentUrl\":\"https:\/\/files.sunoresearch.com.br\/n\/uploads\/2021\/09\/suno-logo.png\",\"width\":180,\"height\":180,\"caption\":\"Suno Not\u00edcias\"},\"image\":{\"@id\":\"https:\/\/www.suno.com.br\/noticias\/#\/schema\/logo\/image\/\"},\"sameAs\":[\"https:\/\/facebook.com\/sunoresearch\",\"https:\/\/x.com\/sunoresearch\",\"https:\/\/www.instagram.com\/suno\",\"https:\/\/www.linkedin.com\/company\/suno-research\/\",\"https:\/\/www.youtube.com\/c\/sunoresearch\"]},{\"@type\":\"Person\",\"@id\":\"https:\/\/www.suno.com.br\/noticias\/#\/schema\/person\/918d79de1f0281f01599b93f9ea6e23f\",\"name\":\"Jader Lazarini\",\"image\":{\"@type\":\"ImageObject\",\"inLanguage\":\"pt-BR\",\"@id\":\"https:\/\/www.suno.com.br\/noticias\/#\/schema\/person\/image\/\",\"url\":\"https:\/\/secure.gravatar.com\/avatar\/3c1ad8caa51589841baeb923fcddea97?s=96&r=g\",\"contentUrl\":\"https:\/\/secure.gravatar.com\/avatar\/3c1ad8caa51589841baeb923fcddea97?s=96&r=g\",\"caption\":\"Jader Lazarini\"},\"description\":\"Jader Lazarini escreve sobre investimentos, finan\u00e7as, economia e neg\u00f3cios. \u00c9 bacharel em Rela\u00e7\u00f5es Internacionais e analista CNPI (2619).\",\"url\":\"https:\/\/www.suno.com.br\/noticias\/author\/jader-lazarini\/\"}]}<\/script>\n<!-- \/ Yoast SEO plugin. -->","yoast_head_json":{"title":"D\u00f3lar entrar\u00e1 em processo de enfraquecimento global, diz Laatus","description":"Nos \u00faltimos dias, o d\u00f3lar passou a dar sinais de arrefecimento. Para especialistas, esse \u00e9 um processo de enfraquecimento. Saiba mais.","robots":{"index":"index","follow":"follow","max-snippet":"max-snippet:-1","max-image-preview":"max-image-preview:large","max-video-preview":"max-video-preview:-1"},"canonical":"https:\/\/www.suno.com.br\/noticias\/dolar-enfraquecimento-global-especialista\/","og_locale":"pt_BR","og_type":"article","og_title":"D\u00f3lar entrar\u00e1 em processo de enfraquecimento global, diz Laatus","og_description":"Nos \u00faltimos dias, o d\u00f3lar passou a dar sinais de arrefecimento. Para especialistas, esse \u00e9 um processo de enfraquecimento. Saiba mais.","og_url":"https:\/\/www.suno.com.br\/noticias\/dolar-enfraquecimento-global-especialista\/","og_site_name":"Suno Not\u00edcias","article_publisher":"https:\/\/facebook.com\/sunoresearch","og_image":[{"width":1280,"height":914,"url":"https:\/\/files.sunoresearch.com.br\/n\/uploads\/2021\/05\/3307e0dc-money-4418858_1280.jpg","type":"image\/jpeg"}],"author":"Jader Lazarini","twitter_card":"summary_large_image","twitter_creator":"@sunoresearch","twitter_site":"@sunoresearch","twitter_misc":{"Escrito por":"Jader Lazarini","Est. tempo de leitura":"8 minutos"},"schema":{"@context":"https:\/\/schema.org","@graph":[{"@type":"NewsArticle","@id":"https:\/\/www.suno.com.br\/noticias\/dolar-enfraquecimento-global-especialista\/#article","isPartOf":{"@id":"https:\/\/www.suno.com.br\/noticias\/dolar-enfraquecimento-global-especialista\/"},"author":{"name":"Jader Lazarini","@id":"https:\/\/www.suno.com.br\/noticias\/#\/schema\/person\/918d79de1f0281f01599b93f9ea6e23f"},"headline":"D\u00f3lar entrar\u00e1 em processo de enfraquecimento global, diz estrategista da Laatus","datePublished":"2021-05-17T11:28:58+00:00","dateModified":"2021-05-21T15:02:30+00:00","mainEntityOfPage":{"@id":"https:\/\/www.suno.com.br\/noticias\/dolar-enfraquecimento-global-especialista\/"},"wordCount":1637,"publisher":{"@id":"https:\/\/www.suno.com.br\/noticias\/#organization"},"image":{"@id":"https:\/\/www.suno.com.br\/noticias\/dolar-enfraquecimento-global-especialista\/#primaryimage"},"thumbnailUrl":"https:\/\/files.sunoresearch.com.br\/n\/uploads\/2021\/05\/3307e0dc-money-4418858_1280-jpg.webp","keywords":["c\u00e2mbio","d\u00f3lar","Especiais","pandemia","pingue-pongue","pol\u00edtica fiscal"],"articleSection":["Entrevistas"],"inLanguage":"pt-BR"},{"@type":"WebPage","@id":"https:\/\/www.suno.com.br\/noticias\/dolar-enfraquecimento-global-especialista\/","url":"https:\/\/www.suno.com.br\/noticias\/dolar-enfraquecimento-global-especialista\/","name":"D\u00f3lar entrar\u00e1 em processo de enfraquecimento global, diz Laatus","isPartOf":{"@id":"https:\/\/www.suno.com.br\/noticias\/#website"},"primaryImageOfPage":{"@id":"https:\/\/www.suno.com.br\/noticias\/dolar-enfraquecimento-global-especialista\/#primaryimage"},"image":{"@id":"https:\/\/www.suno.com.br\/noticias\/dolar-enfraquecimento-global-especialista\/#primaryimage"},"thumbnailUrl":"https:\/\/files.sunoresearch.com.br\/n\/uploads\/2021\/05\/3307e0dc-money-4418858_1280-jpg.webp","datePublished":"2021-05-17T11:28:58+00:00","dateModified":"2021-05-21T15:02:30+00:00","description":"Nos \u00faltimos dias, o d\u00f3lar passou a dar sinais de arrefecimento. Para especialistas, esse \u00e9 um processo de enfraquecimento. Saiba mais.","breadcrumb":{"@id":"https:\/\/www.suno.com.br\/noticias\/dolar-enfraquecimento-global-especialista\/#breadcrumb"},"inLanguage":"pt-BR","potentialAction":[{"@type":"ReadAction","target":["https:\/\/www.suno.com.br\/noticias\/dolar-enfraquecimento-global-especialista\/"]}]},{"@type":"ImageObject","inLanguage":"pt-BR","@id":"https:\/\/www.suno.com.br\/noticias\/dolar-enfraquecimento-global-especialista\/#primaryimage","url":"https:\/\/files.sunoresearch.com.br\/n\/uploads\/2021\/05\/3307e0dc-money-4418858_1280-jpg.webp","contentUrl":"https:\/\/files.sunoresearch.com.br\/n\/uploads\/2021\/05\/3307e0dc-money-4418858_1280-jpg.webp","width":1280,"height":914,"caption":"D\u00f3lar. Foto: Pixabay"},{"@type":"BreadcrumbList","@id":"https:\/\/www.suno.com.br\/noticias\/dolar-enfraquecimento-global-especialista\/#breadcrumb","itemListElement":[{"@type":"ListItem","position":1,"name":"Not\u00edcias","item":"https:\/\/www.suno.com.br\/noticias\/"},{"@type":"ListItem","position":2,"name":"Entrevistas","item":"https:\/\/www.suno.com.br\/noticias\/entrevistas\/"},{"@type":"ListItem","position":3,"name":"D\u00f3lar entrar\u00e1 em processo de enfraquecimento global, diz estrategista da Laatus"}]},{"@type":"WebSite","@id":"https:\/\/www.suno.com.br\/noticias\/#website","url":"https:\/\/www.suno.com.br\/noticias\/","name":"Suno Not\u00edcias","description":"Seu portal de informa\u00e7\u00e3o sobre o mundo dos investimentos","publisher":{"@id":"https:\/\/www.suno.com.br\/noticias\/#organization"},"potentialAction":[{"@type":"SearchAction","target":{"@type":"EntryPoint","urlTemplate":"https:\/\/www.suno.com.br\/noticias\/?s={search_term_string}"},"query-input":{"@type":"PropertyValueSpecification","valueRequired":true,"valueName":"search_term_string"}}],"inLanguage":"pt-BR"},{"@type":"Organization","@id":"https:\/\/www.suno.com.br\/noticias\/#organization","name":"Suno Not\u00edcias","url":"https:\/\/www.suno.com.br\/noticias\/","logo":{"@type":"ImageObject","inLanguage":"pt-BR","@id":"https:\/\/www.suno.com.br\/noticias\/#\/schema\/logo\/image\/","url":"https:\/\/files.sunoresearch.com.br\/n\/uploads\/2021\/09\/suno-logo.png","contentUrl":"https:\/\/files.sunoresearch.com.br\/n\/uploads\/2021\/09\/suno-logo.png","width":180,"height":180,"caption":"Suno Not\u00edcias"},"image":{"@id":"https:\/\/www.suno.com.br\/noticias\/#\/schema\/logo\/image\/"},"sameAs":["https:\/\/facebook.com\/sunoresearch","https:\/\/x.com\/sunoresearch","https:\/\/www.instagram.com\/suno","https:\/\/www.linkedin.com\/company\/suno-research\/","https:\/\/www.youtube.com\/c\/sunoresearch"]},{"@type":"Person","@id":"https:\/\/www.suno.com.br\/noticias\/#\/schema\/person\/918d79de1f0281f01599b93f9ea6e23f","name":"Jader Lazarini","image":{"@type":"ImageObject","inLanguage":"pt-BR","@id":"https:\/\/www.suno.com.br\/noticias\/#\/schema\/person\/image\/","url":"https:\/\/secure.gravatar.com\/avatar\/3c1ad8caa51589841baeb923fcddea97?s=96&r=g","contentUrl":"https:\/\/secure.gravatar.com\/avatar\/3c1ad8caa51589841baeb923fcddea97?s=96&r=g","caption":"Jader Lazarini"},"description":"Jader Lazarini escreve sobre investimentos, finan\u00e7as, economia e neg\u00f3cios. \u00c9 bacharel em Rela\u00e7\u00f5es Internacionais e analista CNPI (2619).","url":"https:\/\/www.suno.com.br\/noticias\/author\/jader-lazarini\/"}]}},"default_loop_html":"<div class=\"cardsPage__listCard__boxs\"><div class=\"cardsPage__listCard__boxs__img\"><a href=\"https:\/\/www.suno.com.br\/noticias\/dolar-enfraquecimento-global-especialista\/\"><img class=\"mask\" src=\"https:\/\/www.suno.com.br\/noticias\/wp-content\/themes\/suno\/resources\/images\/spotlight\/spotlight1img\/bg-mask.png\" alt=\"Image Mask\"\/><img src=\"https:\/\/files.sunoresearch.com.br\/n\/uploads\/2021\/05\/3307e0dc-money-4418858_1280-400x200.webp\" alt=\"D\u00f3lar entrar\u00e1 em processo de enfraquecimento global, diz estrategista da Laatus\"\/><\/a><span class=\"spotlightCategory\"><a href=\"https:\/\/www.suno.com.br\/noticias\/entrevistas\/\">Entrevistas<\/a><\/span><\/div><div class=\"cardsPage__listCard__boxs__content\"><a href=\"https:\/\/www.suno.com.br\/noticias\/dolar-enfraquecimento-global-especialista\/\"><h2 class=\"content__title\">D\u00f3lar entrar\u00e1 em processo de enfraquecimento global, diz estrategista da Laatus<\/h2><\/a><div class=\"newsContent__article__meta\"><div class=\"newsContent__article__meta__authorBox\"><a href=\"https:\/\/www.suno.com.br\/noticias\/author\/jader-lazarini\/\" class=\"authorBox__avatar noMobi\"><img src=\"https:\/\/files.sunoresearch.com.br\/n\/uploads\/2021\/01\/178e6598-foto-perfil-2-150x150.jpg\" alt=\"Jader Lazarini\"><\/a><div class=\"authorBox__name\"><span>por\n\t\t\t<a href=\"https:\/\/www.suno.com.br\/noticias\/author\/jader-lazarini\/\"><span itemprop=\"author\">Jader Lazarini<\/span><\/a><\/span><time datetime=\"2021-05-17T08:28:58-03:00\" itemprop=\"datePublished\">17\/05\/2021 08:28<\/time><\/div><\/div><\/div><\/div><\/div>","single_layout":"posts","amp_enabled":true,"_links":{"self":[{"href":"https:\/\/www.suno.com.br\/noticias\/wp-json\/wp\/v2\/posts\/148095"}],"collection":[{"href":"https:\/\/www.suno.com.br\/noticias\/wp-json\/wp\/v2\/posts"}],"about":[{"href":"https:\/\/www.suno.com.br\/noticias\/wp-json\/wp\/v2\/types\/post"}],"author":[{"embeddable":true,"href":"https:\/\/www.suno.com.br\/noticias\/wp-json\/wp\/v2\/users\/24"}],"replies":[{"embeddable":true,"href":"https:\/\/www.suno.com.br\/noticias\/wp-json\/wp\/v2\/comments?post=148095"}],"version-history":[{"count":3,"href":"https:\/\/www.suno.com.br\/noticias\/wp-json\/wp\/v2\/posts\/148095\/revisions"}],"predecessor-version":[{"id":149371,"href":"https:\/\/www.suno.com.br\/noticias\/wp-json\/wp\/v2\/posts\/148095\/revisions\/149371"}],"wp:featuredmedia":[{"embeddable":true,"href":"https:\/\/www.suno.com.br\/noticias\/wp-json\/wp\/v2\/media\/148097"}],"wp:attachment":[{"href":"https:\/\/www.suno.com.br\/noticias\/wp-json\/wp\/v2\/media?parent=148095"}],"wp:term":[{"taxonomy":"category","embeddable":true,"href":"https:\/\/www.suno.com.br\/noticias\/wp-json\/wp\/v2\/categories?post=148095"},{"taxonomy":"post_tag","embeddable":true,"href":"https:\/\/www.suno.com.br\/noticias\/wp-json\/wp\/v2\/tags?post=148095"},{"taxonomy":"suno_strategy","embeddable":true,"href":"https:\/\/www.suno.com.br\/noticias\/wp-json\/wp\/v2\/suno_strategy?post=148095"}],"curies":[{"name":"wp","href":"https:\/\/api.w.org\/{rel}","templated":true}]}}