{"id":148000,"date":"2021-05-13T12:15:14","date_gmt":"2021-05-13T15:15:14","guid":{"rendered":"https:\/\/www.suno.com.br\/noticias\/?p=148000"},"modified":"2021-05-13T12:15:14","modified_gmt":"2021-05-13T15:15:14","slug":"dotz-dotz3-interrompe-ipo","status":"publish","type":"post","link":"https:\/\/www.suno.com.br\/noticias\/dotz-dotz3-interrompe-ipo\/","title":{"rendered":"Dotz (DOTZ3) interrompe IPO por deteriora\u00e7\u00e3o da conjuntura do mercado"},"content":{"rendered":"<p>A <strong>Dotz<\/strong> (DOTZ3), empresa de fidelidade, interrompeu sua <a href=\"https:\/\/www.suno.com.br\/artigos\/ipo\/\">oferta p\u00fablica inicial de a\u00e7\u00f5es (IPO<\/a>, na sigla em ingl\u00eas). A decis\u00e3o foi comunicada nesta quinta-feira (13), dia em que iria estrear na B3. Segundo a companhia, o parecer foi tomado &#8220;tendo em vista a deteriora\u00e7\u00e3o da atual conjuntura do mercado de capitais brasileiro&#8221;.<\/p>\t<div class=\"wrapper-featured-image\">\n\t\t<figure class=\"spotlightImg\">\n\n\t\t\t<picture>\n\t\t\t\t<source media=\"(max-width: 768px)\" srcset=\"https:\/\/files.sunoresearch.com.br\/n\/uploads\/2021\/05\/bb5ca926-182074128_4209034492448323_7909739191919162540_n-400x200.webp\">\n\t\t\t\t<img loading=\"lazy\" decoding=\"async\" class=\"newsContent__article__imgCapa lazyloadDisabled \" src=\"https:\/\/files.sunoresearch.com.br\/n\/uploads\/2021\/05\/bb5ca926-182074128_4209034492448323_7909739191919162540_n-800x450.webp\" width=\"800\" height=\"450\" alt=\"Dotz (DOTZ3) interrompe IPO por deteriora\u00e7\u00e3o da conjuntura do mercado\" fetchpriority=high \/>\n\t\t\t<\/picture>\n\n\t\t\t<figcaption class=\"wp-caption-text wp-caption-text--show\">Dotz (DOTZ3). Foto: Reprodu\u00e7\u00e3o Facebook.<\/figcaption>\n\t\t<\/figure>\n\t<\/div>\n\n\n\t<p>\n\t\t<a href=\"https:\/\/lp.suno.com.br\/planilha-controle-gastos\/\" target=\"_blank\" data-element=\"shortcode-suno-banner\" title=\"Banner SUNO, clique e saiba mais\">\n\t\t\t<picture>\n\t\t\t\t<source media=\"(max-width: 500px)\" srcset=\"https:\/\/files.sunoresearch.com.br\/n\/uploads\/2023\/03\/400x300-Planilha-controle-de-gastos.png\">\n\t\t\t\t<img class=\"newsContent__article__imgCapa newsContent__article__imgCapa--banner\"\n\t\t\t\t\tsrc=\"https:\/\/files.sunoresearch.com.br\/n\/uploads\/2023\/03\/1420x240-Planilha-controle-de-gastos.png\"\n\t\t\t\t\tdata-promo-id=\"101751\"\t\t\t\t\t\t\t\t\t\twidth='1420' height='240'\t\t\t\t\talt=\"https:\/\/files.sunoresearch.com.br\/n\/uploads\/2023\/03\/1420x240-Planilha-controle-de-gastos.png\"\n\t\t\t\t>\n\t\t\t<\/picture>\n\t\t<\/a>\n\t<\/p>\n\n\n<p>A companhia solicitou uma interrup\u00e7\u00e3o de 60 dias da abertura de capital, a ser contada a partir da \u00faltima quarta-feira (12). A Dotz disse que ir\u00e1 informar o mercado e potenciais investidores caso a oferta seja retomada. A empresa engrossa a lista de desist\u00eancias, que j\u00e1 conta com cerca de 30 nomes neste ano &#8212; mais do que todo 2020.<\/p>\n<p>Segundo o <em>Brazil Journal<\/em>, o fundo japon\u00eas <strong>SoftBank<\/strong> se comprometeu em colocar R$ 100 milh\u00f5es no <strong>IPO da Dotz<\/strong>. A entrada do fundo na opera\u00e7\u00e3o ajudaria a companhia a confirmar sua oferta, que teve sua continuidade questionada pela volatilidade do mercado nos \u00faltimos dias.<\/p>\n<p><a href=\"https:\/\/lp.suno.com.br\/suno-one\/\"><span style=\"font-weight: 400;\">Suno One: acesse gratuitamente eBooks, Minicursos, Artigos e Video Aulas sobre investimentos com um \u00fanico cadastro. Clique para saber mais!<\/span><\/a><\/p>\n<p>N\u00e3o foi suficiente. Embora o <em>book<\/em> estivesse completo, ou seja, com demanda suficiente para concluir a opera\u00e7\u00e3o, os acionistas controladores entenderam que n\u00e3o faria sentido listar as a\u00e7\u00f5es neste momento. Os pap\u00e9is foram precificados a R$ 14,70, abaixo da faixa indicativa inicial, que ia de R$ 16,20 a R$ 21,40.<\/p>\n<p>De acordo com a <em>Exame<\/em>, a empresa optar\u00e1 para uma oferta restrita, com base na Instru\u00e7\u00e3o 476 da <a href=\"https:\/\/www.suno.com.br\/artigos\/cvm\/\">Comiss\u00e3o de Valores Mobili\u00e1rios (<strong>CVM<\/strong>)<\/a>, oferecendo as a\u00e7\u00f5es inicialmente apenas para investidores profissionais. Roberto e Alexandre Chade, irm\u00e3os e fundadores da Dotz, devem procurar um <em>valuation<\/em> mais atrativo.<\/p>\n\t<p>\n\t\t<a href=\"https:\/\/lp.suno.com.br\/planilha-da-vida-financeira\/\" target=\"_blank\" data-element=\"shortcode-suno-banner\" title=\"Banner SUNO, clique e saiba mais\">\n\t\t\t<picture>\n\t\t\t\t<source media=\"(max-width: 500px)\" srcset=\"https:\/\/files.sunoresearch.com.br\/n\/uploads\/2023\/04\/400x300-Planilha-vida-financeira-true.png\">\n\t\t\t\t<img class=\"newsContent__article__imgCapa newsContent__article__imgCapa--banner\"\n\t\t\t\t\tsrc=\"https:\/\/files.sunoresearch.com.br\/n\/uploads\/2023\/04\/1420x240-Planilha-vida-financeira-true.png\"\n\t\t\t\t\tdata-promo-id=\"106682\"\t\t\t\t\t\t\t\t\t\twidth='1420' height='240'\t\t\t\t\talt=\"https:\/\/files.sunoresearch.com.br\/n\/uploads\/2023\/04\/1420x240-Planilha-vida-financeira-true.png\"\n\t\t\t\t>\n\t\t\t<\/picture>\n\t\t<\/a>\n\t<\/p>\n\n\n<p>A empresa buscava movimentar cerca de R$ 700 milh\u00f5es com a opera\u00e7\u00e3o, com a venda de 38 milh\u00f5es de a\u00e7\u00f5es prim\u00e1rias e 5,35 milh\u00f5es de pap\u00e9is na tranche secund\u00e1ria. A opera\u00e7\u00e3o era coordenada por <a href=\"https:\/\/www.suno.com.br\/acoes\/bpac11\/\">BTG Pactual (BPAC11)<\/a>, Ita\u00fa BBA, Credit Suisse e UBS BB.<\/p>\n<h2>Hist\u00f3rico da Dotz<\/h2>\n<p>A Dotz \u00e9 uma empresa de programas de fidelidade brasileira e a criadora da &#8220;moeda digital&#8221; hom\u00f4nima, com tr\u00eas frentes de neg\u00f3cios, oferecidas por meio de uma plataforma propriet\u00e1ria:<\/p>\n<ul>\n<li>Fideliza\u00e7\u00e3o, no modelo de coaliz\u00e3o (Loyalty);<\/li>\n<li>Disponibiliza\u00e7\u00e3o de solu\u00e7\u00f5es de tecnologia a institui\u00e7\u00f5es financeiras parceiras, as quais oferecem diferentes meios de pagamento e op\u00e7\u00f5es de cr\u00e9dito aos usu\u00e1rios da plataforma Dotz (TechFin);<\/li>\n<li>Com\u00e9rcio eletr\u00f4nico (<strong>e-commerce<\/strong>), operacionalizado em uma plataforma de oferta de produtos e servi\u00e7os de diversos parceiros (<strong>marketplace<\/strong>).<\/li>\n<\/ul>\n\t<div data-element=\"shortcode-read-more\" class=\"knowMore\">\n\t\t\t\t<span class=\"knowMore__title\">Saiba mais<\/span>\n\t\t\t\t<a class=\"knowMore__link\" href=\"https:\/\/www.suno.com.br\/noticias\/athena-saude-suspende-ipo-volatilidade-mercado\/\">\n\t\t\tAthena Sa\u00fade suspende IPO devido \u00e0 volatilidade no mercado de capitais\t\t<\/a>\n\t<\/div>\n\n\n<p>No fim do ano passado, a empresa possu\u00eda mais de 9 milh\u00f5es de clientes ativos em sua plataforma de pontos e 1,9 milh\u00e3o em sua marketplace.<\/p>\n<p>A <strong>Dotz<\/strong> registrou uma queda de 12,7% na receita l\u00edquida em 2020 em compara\u00e7\u00e3o ao ano anterior, para R$ 111 milh\u00f5es. O <a href=\"https:\/\/www.suno.com.br\/artigos\/ebitda\/\">Ebitda (lucro antes de juros, impostos deprecia\u00e7\u00e3o e amortiza\u00e7\u00e3o)<\/a> da empresa no ano passado foi negativo em R$ 7,34 milh\u00f5es.<\/p>\n\t<p>\n\t\t<a href=\"https:\/\/lp.suno.com.br\/planilha-de-controle-de-investimentos\/\" target=\"_blank\" data-element=\"shortcode-suno-banner\" title=\"Banner SUNO, clique e saiba mais\">\n\t\t\t<picture>\n\t\t\t\t<source media=\"(max-width: 500px)\" srcset=\"https:\/\/files.sunoresearch.com.br\/n\/uploads\/2023\/03\/400x300-Controle-de-Investimentos.png\">\n\t\t\t\t<img class=\"newsContent__article__imgCapa newsContent__article__imgCapa--banner\"\n\t\t\t\t\tsrc=\"https:\/\/files.sunoresearch.com.br\/n\/uploads\/2023\/03\/1420x240-Controle-de-Investimentos.png\"\n\t\t\t\t\tdata-promo-id=\"75934\"\t\t\t\t\t\t\t\t\t\twidth='1420' height='240'\t\t\t\t\talt=\"https:\/\/files.sunoresearch.com.br\/n\/uploads\/2023\/03\/1420x240-Controle-de-Investimentos.png\"\n\t\t\t\t>\n\t\t\t<\/picture>\n\t\t<\/a>\n\t<\/p>\n\n\n","protected":false},"excerpt":{"rendered":"<p>A Dotz (DOTZ3), empresa de fidelidade, interrompeu sua oferta p\u00fablica inicial de a\u00e7\u00f5es (IPO, na sigla em ingl\u00eas). A decis\u00e3o foi comunicada nesta quinta-feira (13), dia em que iria estrear na B3. Segundo a companhia, o parecer foi tomado &#8220;tendo em vista a deteriora\u00e7\u00e3o da atual conjuntura do mercado de capitais brasileiro&#8221;. Dotz (DOTZ3). Foto: [&hellip;]<\/p>\n","protected":false},"author":24,"featured_media":147949,"comment_status":"closed","ping_status":"closed","sticky":false,"template":"","format":"standard","meta":[],"categories":[64],"tags":[367,902,105845,319],"suno_strategy":[],"class_list":["post-148000","post","type-post","status-publish","format-standard","has-post-thumbnail","hentry","category-negocios","tag-b3-b3sa3","tag-comissao-de-valores-mobiliarios-cvm","tag-dotz-dotz3","tag-ipo-oferta-inicial-de-acoes"],"yoast_head":"<!-- This site is optimized with the Yoast SEO plugin v24.4 - https:\/\/yoast.com\/wordpress\/plugins\/seo\/ -->\n<title>Dotz (DOTZ3) interrompe IPO por deteriora\u00e7\u00e3o da conjuntura do mercado<\/title>\n<meta name=\"description\" content=\"A Dotz (DOTZ3) interrompeu seu IPO, engrossando a lista de desist\u00eancias de abertura de capital na B3. Clique aqui e saiba mais.\" \/>\n<meta name=\"robots\" content=\"index, follow, max-snippet:-1, max-image-preview:large, max-video-preview:-1\" \/>\n<link rel=\"canonical\" href=\"https:\/\/www.suno.com.br\/noticias\/dotz-dotz3-interrompe-ipo\/\" \/>\n<meta property=\"og:locale\" content=\"pt_BR\" \/>\n<meta property=\"og:type\" content=\"article\" \/>\n<meta property=\"og:title\" content=\"Dotz (DOTZ3) interrompe IPO por deteriora\u00e7\u00e3o da conjuntura do mercado\" \/>\n<meta property=\"og:description\" content=\"A Dotz (DOTZ3) interrompeu seu IPO, engrossando a lista de desist\u00eancias de abertura de capital na B3. Clique aqui e saiba mais.\" \/>\n<meta property=\"og:url\" content=\"https:\/\/www.suno.com.br\/noticias\/dotz-dotz3-interrompe-ipo\/\" \/>\n<meta property=\"og:site_name\" content=\"Suno Not\u00edcias\" \/>\n<meta property=\"article:publisher\" content=\"https:\/\/facebook.com\/sunoresearch\" \/>\n<meta property=\"og:image\" content=\"https:\/\/files.sunoresearch.com.br\/n\/uploads\/2021\/05\/bb5ca926-182074128_4209034492448323_7909739191919162540_n.jpg\" \/>\n\t<meta property=\"og:image:width\" content=\"1080\" \/>\n\t<meta property=\"og:image:height\" content=\"1080\" \/>\n\t<meta property=\"og:image:type\" content=\"image\/jpeg\" \/>\n<meta name=\"author\" content=\"Jader Lazarini\" \/>\n<meta name=\"twitter:card\" content=\"summary_large_image\" \/>\n<meta name=\"twitter:creator\" content=\"@sunoresearch\" \/>\n<meta name=\"twitter:site\" content=\"@sunoresearch\" \/>\n<meta name=\"twitter:label1\" content=\"Escrito por\" \/>\n\t<meta name=\"twitter:data1\" content=\"Jader Lazarini\" \/>\n\t<meta name=\"twitter:label2\" content=\"Est. tempo de leitura\" \/>\n\t<meta name=\"twitter:data2\" content=\"3 minutos\" \/>\n<script type=\"application\/ld+json\" class=\"yoast-schema-graph\">{\"@context\":\"https:\/\/schema.org\",\"@graph\":[{\"@type\":\"NewsArticle\",\"@id\":\"https:\/\/www.suno.com.br\/noticias\/dotz-dotz3-interrompe-ipo\/#article\",\"isPartOf\":{\"@id\":\"https:\/\/www.suno.com.br\/noticias\/dotz-dotz3-interrompe-ipo\/\"},\"author\":{\"name\":\"Jader Lazarini\",\"@id\":\"https:\/\/www.suno.com.br\/noticias\/#\/schema\/person\/918d79de1f0281f01599b93f9ea6e23f\"},\"headline\":\"Dotz (DOTZ3) interrompe IPO por deteriora\u00e7\u00e3o da conjuntura do mercado\",\"datePublished\":\"2021-05-13T15:15:14+00:00\",\"mainEntityOfPage\":{\"@id\":\"https:\/\/www.suno.com.br\/noticias\/dotz-dotz3-interrompe-ipo\/\"},\"wordCount\":526,\"publisher\":{\"@id\":\"https:\/\/www.suno.com.br\/noticias\/#organization\"},\"image\":{\"@id\":\"https:\/\/www.suno.com.br\/noticias\/dotz-dotz3-interrompe-ipo\/#primaryimage\"},\"thumbnailUrl\":\"https:\/\/files.sunoresearch.com.br\/n\/uploads\/2021\/05\/bb5ca926-182074128_4209034492448323_7909739191919162540_n-jpg.webp\",\"keywords\":[\"B3 (B3SA3)\",\"Comiss\u00e3o de Valores Mobili\u00e1rios (CVM)\",\"Dotz (DOTZ3)\",\"IPO (Oferta Inicial de A\u00e7\u00f5es)\"],\"articleSection\":[\"Neg\u00f3cios\"],\"inLanguage\":\"pt-BR\"},{\"@type\":\"WebPage\",\"@id\":\"https:\/\/www.suno.com.br\/noticias\/dotz-dotz3-interrompe-ipo\/\",\"url\":\"https:\/\/www.suno.com.br\/noticias\/dotz-dotz3-interrompe-ipo\/\",\"name\":\"Dotz (DOTZ3) interrompe IPO por deteriora\u00e7\u00e3o da conjuntura do mercado\",\"isPartOf\":{\"@id\":\"https:\/\/www.suno.com.br\/noticias\/#website\"},\"primaryImageOfPage\":{\"@id\":\"https:\/\/www.suno.com.br\/noticias\/dotz-dotz3-interrompe-ipo\/#primaryimage\"},\"image\":{\"@id\":\"https:\/\/www.suno.com.br\/noticias\/dotz-dotz3-interrompe-ipo\/#primaryimage\"},\"thumbnailUrl\":\"https:\/\/files.sunoresearch.com.br\/n\/uploads\/2021\/05\/bb5ca926-182074128_4209034492448323_7909739191919162540_n-jpg.webp\",\"datePublished\":\"2021-05-13T15:15:14+00:00\",\"description\":\"A Dotz (DOTZ3) interrompeu seu IPO, engrossando a lista de desist\u00eancias de abertura de capital na B3. Clique aqui e saiba mais.\",\"breadcrumb\":{\"@id\":\"https:\/\/www.suno.com.br\/noticias\/dotz-dotz3-interrompe-ipo\/#breadcrumb\"},\"inLanguage\":\"pt-BR\",\"potentialAction\":[{\"@type\":\"ReadAction\",\"target\":[\"https:\/\/www.suno.com.br\/noticias\/dotz-dotz3-interrompe-ipo\/\"]}]},{\"@type\":\"ImageObject\",\"inLanguage\":\"pt-BR\",\"@id\":\"https:\/\/www.suno.com.br\/noticias\/dotz-dotz3-interrompe-ipo\/#primaryimage\",\"url\":\"https:\/\/files.sunoresearch.com.br\/n\/uploads\/2021\/05\/bb5ca926-182074128_4209034492448323_7909739191919162540_n-jpg.webp\",\"contentUrl\":\"https:\/\/files.sunoresearch.com.br\/n\/uploads\/2021\/05\/bb5ca926-182074128_4209034492448323_7909739191919162540_n-jpg.webp\",\"width\":1080,\"height\":1080,\"caption\":\"Dotz (DOTZ3). Foto: Reprodu\u00e7\u00e3o Facebook.\"},{\"@type\":\"BreadcrumbList\",\"@id\":\"https:\/\/www.suno.com.br\/noticias\/dotz-dotz3-interrompe-ipo\/#breadcrumb\",\"itemListElement\":[{\"@type\":\"ListItem\",\"position\":1,\"name\":\"Not\u00edcias\",\"item\":\"https:\/\/www.suno.com.br\/noticias\/\"},{\"@type\":\"ListItem\",\"position\":2,\"name\":\"Neg\u00f3cios\",\"item\":\"https:\/\/www.suno.com.br\/noticias\/negocios\/\"},{\"@type\":\"ListItem\",\"position\":3,\"name\":\"Dotz (DOTZ3) interrompe IPO por deteriora\u00e7\u00e3o da conjuntura do mercado\"}]},{\"@type\":\"WebSite\",\"@id\":\"https:\/\/www.suno.com.br\/noticias\/#website\",\"url\":\"https:\/\/www.suno.com.br\/noticias\/\",\"name\":\"Suno Not\u00edcias\",\"description\":\"Seu portal de informa\u00e7\u00e3o sobre o mundo dos investimentos\",\"publisher\":{\"@id\":\"https:\/\/www.suno.com.br\/noticias\/#organization\"},\"potentialAction\":[{\"@type\":\"SearchAction\",\"target\":{\"@type\":\"EntryPoint\",\"urlTemplate\":\"https:\/\/www.suno.com.br\/noticias\/?s={search_term_string}\"},\"query-input\":{\"@type\":\"PropertyValueSpecification\",\"valueRequired\":true,\"valueName\":\"search_term_string\"}}],\"inLanguage\":\"pt-BR\"},{\"@type\":\"Organization\",\"@id\":\"https:\/\/www.suno.com.br\/noticias\/#organization\",\"name\":\"Suno Not\u00edcias\",\"url\":\"https:\/\/www.suno.com.br\/noticias\/\",\"logo\":{\"@type\":\"ImageObject\",\"inLanguage\":\"pt-BR\",\"@id\":\"https:\/\/www.suno.com.br\/noticias\/#\/schema\/logo\/image\/\",\"url\":\"https:\/\/files.sunoresearch.com.br\/n\/uploads\/2021\/09\/suno-logo.png\",\"contentUrl\":\"https:\/\/files.sunoresearch.com.br\/n\/uploads\/2021\/09\/suno-logo.png\",\"width\":180,\"height\":180,\"caption\":\"Suno Not\u00edcias\"},\"image\":{\"@id\":\"https:\/\/www.suno.com.br\/noticias\/#\/schema\/logo\/image\/\"},\"sameAs\":[\"https:\/\/facebook.com\/sunoresearch\",\"https:\/\/x.com\/sunoresearch\",\"https:\/\/www.instagram.com\/suno\",\"https:\/\/www.linkedin.com\/company\/suno-research\/\",\"https:\/\/www.youtube.com\/c\/sunoresearch\"]},{\"@type\":\"Person\",\"@id\":\"https:\/\/www.suno.com.br\/noticias\/#\/schema\/person\/918d79de1f0281f01599b93f9ea6e23f\",\"name\":\"Jader Lazarini\",\"image\":{\"@type\":\"ImageObject\",\"inLanguage\":\"pt-BR\",\"@id\":\"https:\/\/www.suno.com.br\/noticias\/#\/schema\/person\/image\/\",\"url\":\"https:\/\/secure.gravatar.com\/avatar\/3c1ad8caa51589841baeb923fcddea97?s=96&r=g\",\"contentUrl\":\"https:\/\/secure.gravatar.com\/avatar\/3c1ad8caa51589841baeb923fcddea97?s=96&r=g\",\"caption\":\"Jader Lazarini\"},\"description\":\"Jader Lazarini escreve sobre investimentos, finan\u00e7as, economia e neg\u00f3cios. \u00c9 bacharel em Rela\u00e7\u00f5es Internacionais e analista CNPI (2619).\",\"url\":\"https:\/\/www.suno.com.br\/noticias\/author\/jader-lazarini\/\"}]}<\/script>\n<!-- \/ Yoast SEO plugin. -->","yoast_head_json":{"title":"Dotz (DOTZ3) interrompe IPO por deteriora\u00e7\u00e3o da conjuntura do mercado","description":"A Dotz (DOTZ3) interrompeu seu IPO, engrossando a lista de desist\u00eancias de abertura de capital na B3. Clique aqui e saiba mais.","robots":{"index":"index","follow":"follow","max-snippet":"max-snippet:-1","max-image-preview":"max-image-preview:large","max-video-preview":"max-video-preview:-1"},"canonical":"https:\/\/www.suno.com.br\/noticias\/dotz-dotz3-interrompe-ipo\/","og_locale":"pt_BR","og_type":"article","og_title":"Dotz (DOTZ3) interrompe IPO por deteriora\u00e7\u00e3o da conjuntura do mercado","og_description":"A Dotz (DOTZ3) interrompeu seu IPO, engrossando a lista de desist\u00eancias de abertura de capital na B3. Clique aqui e saiba mais.","og_url":"https:\/\/www.suno.com.br\/noticias\/dotz-dotz3-interrompe-ipo\/","og_site_name":"Suno Not\u00edcias","article_publisher":"https:\/\/facebook.com\/sunoresearch","og_image":[{"width":1080,"height":1080,"url":"https:\/\/files.sunoresearch.com.br\/n\/uploads\/2021\/05\/bb5ca926-182074128_4209034492448323_7909739191919162540_n.jpg","type":"image\/jpeg"}],"author":"Jader Lazarini","twitter_card":"summary_large_image","twitter_creator":"@sunoresearch","twitter_site":"@sunoresearch","twitter_misc":{"Escrito por":"Jader Lazarini","Est. tempo de leitura":"3 minutos"},"schema":{"@context":"https:\/\/schema.org","@graph":[{"@type":"NewsArticle","@id":"https:\/\/www.suno.com.br\/noticias\/dotz-dotz3-interrompe-ipo\/#article","isPartOf":{"@id":"https:\/\/www.suno.com.br\/noticias\/dotz-dotz3-interrompe-ipo\/"},"author":{"name":"Jader Lazarini","@id":"https:\/\/www.suno.com.br\/noticias\/#\/schema\/person\/918d79de1f0281f01599b93f9ea6e23f"},"headline":"Dotz (DOTZ3) interrompe IPO por deteriora\u00e7\u00e3o da conjuntura do mercado","datePublished":"2021-05-13T15:15:14+00:00","mainEntityOfPage":{"@id":"https:\/\/www.suno.com.br\/noticias\/dotz-dotz3-interrompe-ipo\/"},"wordCount":526,"publisher":{"@id":"https:\/\/www.suno.com.br\/noticias\/#organization"},"image":{"@id":"https:\/\/www.suno.com.br\/noticias\/dotz-dotz3-interrompe-ipo\/#primaryimage"},"thumbnailUrl":"https:\/\/files.sunoresearch.com.br\/n\/uploads\/2021\/05\/bb5ca926-182074128_4209034492448323_7909739191919162540_n-jpg.webp","keywords":["B3 (B3SA3)","Comiss\u00e3o de Valores Mobili\u00e1rios (CVM)","Dotz (DOTZ3)","IPO (Oferta Inicial de A\u00e7\u00f5es)"],"articleSection":["Neg\u00f3cios"],"inLanguage":"pt-BR"},{"@type":"WebPage","@id":"https:\/\/www.suno.com.br\/noticias\/dotz-dotz3-interrompe-ipo\/","url":"https:\/\/www.suno.com.br\/noticias\/dotz-dotz3-interrompe-ipo\/","name":"Dotz (DOTZ3) interrompe IPO por deteriora\u00e7\u00e3o da conjuntura do mercado","isPartOf":{"@id":"https:\/\/www.suno.com.br\/noticias\/#website"},"primaryImageOfPage":{"@id":"https:\/\/www.suno.com.br\/noticias\/dotz-dotz3-interrompe-ipo\/#primaryimage"},"image":{"@id":"https:\/\/www.suno.com.br\/noticias\/dotz-dotz3-interrompe-ipo\/#primaryimage"},"thumbnailUrl":"https:\/\/files.sunoresearch.com.br\/n\/uploads\/2021\/05\/bb5ca926-182074128_4209034492448323_7909739191919162540_n-jpg.webp","datePublished":"2021-05-13T15:15:14+00:00","description":"A Dotz (DOTZ3) interrompeu seu IPO, engrossando a lista de desist\u00eancias de abertura de capital na B3. Clique aqui e saiba mais.","breadcrumb":{"@id":"https:\/\/www.suno.com.br\/noticias\/dotz-dotz3-interrompe-ipo\/#breadcrumb"},"inLanguage":"pt-BR","potentialAction":[{"@type":"ReadAction","target":["https:\/\/www.suno.com.br\/noticias\/dotz-dotz3-interrompe-ipo\/"]}]},{"@type":"ImageObject","inLanguage":"pt-BR","@id":"https:\/\/www.suno.com.br\/noticias\/dotz-dotz3-interrompe-ipo\/#primaryimage","url":"https:\/\/files.sunoresearch.com.br\/n\/uploads\/2021\/05\/bb5ca926-182074128_4209034492448323_7909739191919162540_n-jpg.webp","contentUrl":"https:\/\/files.sunoresearch.com.br\/n\/uploads\/2021\/05\/bb5ca926-182074128_4209034492448323_7909739191919162540_n-jpg.webp","width":1080,"height":1080,"caption":"Dotz (DOTZ3). Foto: Reprodu\u00e7\u00e3o Facebook."},{"@type":"BreadcrumbList","@id":"https:\/\/www.suno.com.br\/noticias\/dotz-dotz3-interrompe-ipo\/#breadcrumb","itemListElement":[{"@type":"ListItem","position":1,"name":"Not\u00edcias","item":"https:\/\/www.suno.com.br\/noticias\/"},{"@type":"ListItem","position":2,"name":"Neg\u00f3cios","item":"https:\/\/www.suno.com.br\/noticias\/negocios\/"},{"@type":"ListItem","position":3,"name":"Dotz (DOTZ3) interrompe IPO por deteriora\u00e7\u00e3o da conjuntura do mercado"}]},{"@type":"WebSite","@id":"https:\/\/www.suno.com.br\/noticias\/#website","url":"https:\/\/www.suno.com.br\/noticias\/","name":"Suno Not\u00edcias","description":"Seu portal de informa\u00e7\u00e3o sobre o mundo dos investimentos","publisher":{"@id":"https:\/\/www.suno.com.br\/noticias\/#organization"},"potentialAction":[{"@type":"SearchAction","target":{"@type":"EntryPoint","urlTemplate":"https:\/\/www.suno.com.br\/noticias\/?s={search_term_string}"},"query-input":{"@type":"PropertyValueSpecification","valueRequired":true,"valueName":"search_term_string"}}],"inLanguage":"pt-BR"},{"@type":"Organization","@id":"https:\/\/www.suno.com.br\/noticias\/#organization","name":"Suno Not\u00edcias","url":"https:\/\/www.suno.com.br\/noticias\/","logo":{"@type":"ImageObject","inLanguage":"pt-BR","@id":"https:\/\/www.suno.com.br\/noticias\/#\/schema\/logo\/image\/","url":"https:\/\/files.sunoresearch.com.br\/n\/uploads\/2021\/09\/suno-logo.png","contentUrl":"https:\/\/files.sunoresearch.com.br\/n\/uploads\/2021\/09\/suno-logo.png","width":180,"height":180,"caption":"Suno Not\u00edcias"},"image":{"@id":"https:\/\/www.suno.com.br\/noticias\/#\/schema\/logo\/image\/"},"sameAs":["https:\/\/facebook.com\/sunoresearch","https:\/\/x.com\/sunoresearch","https:\/\/www.instagram.com\/suno","https:\/\/www.linkedin.com\/company\/suno-research\/","https:\/\/www.youtube.com\/c\/sunoresearch"]},{"@type":"Person","@id":"https:\/\/www.suno.com.br\/noticias\/#\/schema\/person\/918d79de1f0281f01599b93f9ea6e23f","name":"Jader Lazarini","image":{"@type":"ImageObject","inLanguage":"pt-BR","@id":"https:\/\/www.suno.com.br\/noticias\/#\/schema\/person\/image\/","url":"https:\/\/secure.gravatar.com\/avatar\/3c1ad8caa51589841baeb923fcddea97?s=96&r=g","contentUrl":"https:\/\/secure.gravatar.com\/avatar\/3c1ad8caa51589841baeb923fcddea97?s=96&r=g","caption":"Jader Lazarini"},"description":"Jader Lazarini escreve sobre investimentos, finan\u00e7as, economia e neg\u00f3cios. \u00c9 bacharel em Rela\u00e7\u00f5es Internacionais e analista CNPI (2619).","url":"https:\/\/www.suno.com.br\/noticias\/author\/jader-lazarini\/"}]}},"default_loop_html":"<div class=\"cardsPage__listCard__boxs\"><div class=\"cardsPage__listCard__boxs__img\"><a href=\"https:\/\/www.suno.com.br\/noticias\/dotz-dotz3-interrompe-ipo\/\"><img class=\"mask\" src=\"https:\/\/www.suno.com.br\/noticias\/wp-content\/themes\/suno\/resources\/images\/spotlight\/spotlight1img\/bg-mask.png\" alt=\"Image Mask\"\/><img src=\"https:\/\/files.sunoresearch.com.br\/n\/uploads\/2021\/05\/bb5ca926-182074128_4209034492448323_7909739191919162540_n-400x200.webp\" alt=\"Dotz (DOTZ3) interrompe IPO por deteriora\u00e7\u00e3o da conjuntura do mercado\"\/><\/a><span class=\"spotlightCategory\"><a href=\"https:\/\/www.suno.com.br\/noticias\/negocios\/\">Neg\u00f3cios<\/a><\/span><\/div><div class=\"cardsPage__listCard__boxs__content\"><a href=\"https:\/\/www.suno.com.br\/noticias\/dotz-dotz3-interrompe-ipo\/\"><h2 class=\"content__title\">Dotz (DOTZ3) interrompe IPO por deteriora\u00e7\u00e3o da conjuntura do mercado<\/h2><\/a><div class=\"newsContent__article__meta\"><div class=\"newsContent__article__meta__authorBox\"><a href=\"https:\/\/www.suno.com.br\/noticias\/author\/jader-lazarini\/\" class=\"authorBox__avatar noMobi\"><img src=\"https:\/\/files.sunoresearch.com.br\/n\/uploads\/2021\/01\/178e6598-foto-perfil-2-150x150.jpg\" alt=\"Jader Lazarini\"><\/a><div class=\"authorBox__name\"><span>por\n\t\t\t<a href=\"https:\/\/www.suno.com.br\/noticias\/author\/jader-lazarini\/\"><span itemprop=\"author\">Jader Lazarini<\/span><\/a><\/span><time datetime=\"2021-05-13T12:15:14-03:00\" itemprop=\"datePublished\">13\/05\/2021 12:15<\/time><\/div><\/div><\/div><\/div><\/div>","single_layout":"posts","amp_enabled":true,"_links":{"self":[{"href":"https:\/\/www.suno.com.br\/noticias\/wp-json\/wp\/v2\/posts\/148000"}],"collection":[{"href":"https:\/\/www.suno.com.br\/noticias\/wp-json\/wp\/v2\/posts"}],"about":[{"href":"https:\/\/www.suno.com.br\/noticias\/wp-json\/wp\/v2\/types\/post"}],"author":[{"embeddable":true,"href":"https:\/\/www.suno.com.br\/noticias\/wp-json\/wp\/v2\/users\/24"}],"replies":[{"embeddable":true,"href":"https:\/\/www.suno.com.br\/noticias\/wp-json\/wp\/v2\/comments?post=148000"}],"version-history":[{"count":2,"href":"https:\/\/www.suno.com.br\/noticias\/wp-json\/wp\/v2\/posts\/148000\/revisions"}],"predecessor-version":[{"id":148010,"href":"https:\/\/www.suno.com.br\/noticias\/wp-json\/wp\/v2\/posts\/148000\/revisions\/148010"}],"wp:featuredmedia":[{"embeddable":true,"href":"https:\/\/www.suno.com.br\/noticias\/wp-json\/wp\/v2\/media\/147949"}],"wp:attachment":[{"href":"https:\/\/www.suno.com.br\/noticias\/wp-json\/wp\/v2\/media?parent=148000"}],"wp:term":[{"taxonomy":"category","embeddable":true,"href":"https:\/\/www.suno.com.br\/noticias\/wp-json\/wp\/v2\/categories?post=148000"},{"taxonomy":"post_tag","embeddable":true,"href":"https:\/\/www.suno.com.br\/noticias\/wp-json\/wp\/v2\/tags?post=148000"},{"taxonomy":"suno_strategy","embeddable":true,"href":"https:\/\/www.suno.com.br\/noticias\/wp-json\/wp\/v2\/suno_strategy?post=148000"}],"curies":[{"name":"wp","href":"https:\/\/api.w.org\/{rel}","templated":true}]}}