{"id":147982,"date":"2021-05-13T12:22:15","date_gmt":"2021-05-13T15:22:15","guid":{"rendered":"https:\/\/www.suno.com.br\/noticias\/?p=147982"},"modified":"2021-05-18T12:09:06","modified_gmt":"2021-05-18T15:09:06","slug":"eletrobras-elet3-renegociacao-divida-r-306-milhoes","status":"publish","type":"post","link":"https:\/\/www.suno.com.br\/noticias\/eletrobras-elet3-renegociacao-divida-r-306-milhoes\/","title":{"rendered":"Eletrobras (ELET3) conclui renegocia\u00e7\u00e3o de d\u00edvida de R$ 306 milh\u00f5es"},"content":{"rendered":"<p>A <a href=\"https:\/\/www.suno.com.br\/acoes\/elet3\/\"><strong>Eletrobras<\/strong> (ELET3)<\/a> informou que foi conclu\u00eddo o acordo de renegocia\u00e7\u00e3o de d\u00edvidas entre a sua subsidi\u00e1ria, a Eletronorte, e a\u00a0Companhia de Eletricidade do Amap\u00e1 (CEA). Segundo <a href=\"https:\/\/www.suno.com.br\/artigos\/fato-relevante\/\">fato relevante<\/a> divulgado neste ter\u00e7a-feira (11), a empresa pretende auxiliar a viabiliza\u00e7\u00e3o do processo de licita\u00e7\u00e3o da concess\u00e3o de distribui\u00e7\u00e3o de energia el\u00e9trica associada \u00e0 transfer\u00eancia de controle da Distribuidora.<\/p>\t<div class=\"wrapper-featured-image\">\n\t\t<figure class=\"spotlightImg\">\n\n\t\t\t<picture>\n\t\t\t\t<source media=\"(max-width: 768px)\" srcset=\"https:\/\/files.sunoresearch.com.br\/n\/uploads\/2021\/04\/36f765d6-eletrobras-400x200.webp\">\n\t\t\t\t<img loading=\"lazy\" decoding=\"async\" class=\"newsContent__article__imgCapa lazyloadDisabled \" src=\"https:\/\/files.sunoresearch.com.br\/n\/uploads\/2021\/04\/36f765d6-eletrobras-800x450.webp\" width=\"800\" height=\"450\" alt=\"Eletrobras (ELET3) conclui renegocia\u00e7\u00e3o de d\u00edvida de R$ 306 milh\u00f5es\" fetchpriority=high \/>\n\t\t\t<\/picture>\n\n\t\t\t<figcaption class=\"wp-caption-text wp-caption-text--show\">CPFL - Foto: Reprodu\u00e7\u00e3o Facebook<\/figcaption>\n\t\t<\/figure>\n\t<\/div>\n\n\n<p><span style=\"font-weight: 400;\">\t<p>\n\t\t<a href=\"https:\/\/lp.suno.com.br\/planilha-controle-gastos\/\" target=\"_blank\" data-element=\"shortcode-suno-banner\" title=\"Banner SUNO, clique e saiba mais\">\n\t\t\t<picture>\n\t\t\t\t<source media=\"(max-width: 500px)\" srcset=\"https:\/\/files.sunoresearch.com.br\/n\/uploads\/2023\/03\/400x300-Planilha-controle-de-gastos.png\">\n\t\t\t\t<img class=\"newsContent__article__imgCapa newsContent__article__imgCapa--banner\"\n\t\t\t\t\tsrc=\"https:\/\/files.sunoresearch.com.br\/n\/uploads\/2023\/03\/1420x240-Planilha-controle-de-gastos.png\"\n\t\t\t\t\tdata-promo-id=\"101751\"\t\t\t\t\t\t\t\t\t\twidth='1420' height='240'\t\t\t\t\talt=\"https:\/\/files.sunoresearch.com.br\/n\/uploads\/2023\/03\/1420x240-Planilha-controle-de-gastos.png\"\n\t\t\t\t>\n\t\t\t<\/picture>\n\t\t<\/a>\n\t<\/p>\n\n\u00a0 <\/span><\/p>\n<p>As condi\u00e7\u00f5es, a <strong>Eletrobras<\/strong>, j\u00e1 foram aprovadas pela Portaria Interministerial de 8 de mar\u00e7o, emitida em conjunto pelos minist\u00e9rios de Minas e Energia (MME) e da Economia.<\/p>\n<p>O <a href=\"https:\/\/www.suno.com.br\/artigos\/divida-liquida\/\">valor da d\u00edvida da CEA<\/a> com a el\u00e9trica ser\u00e1 de R$ 306,182 milh\u00f5es (considerando a data base de 30 de junho), e est\u00e1 distribu\u00edda em dois subcr\u00e9ditos: de R$ 220,883 milh\u00f5es, e R$ 85,298 milh\u00f5es \u2013 ambos divididos em 24 parcelas.<\/p>\n<p><a href=\"https:\/\/lp.suno.com.br\/suno-one\/?ppp=noticias\/hospital-care-pedido-ipo-cvm\/\"><b>Suno One: acesse gratuitamente eBooks, Minicursos, Artigos e V\u00eddeo Aulas sobre investimentos com um \u00fanico cadastro. Clique para saber mais!<\/b><\/a><\/p>\n<p>A <strong>CEA<\/strong>, apenas no caso de pagamento pontual ou antecipado de cada uma das parcelas do primeiro subcr\u00e9dito, ficar\u00e1 desobrigada de quitar a parcela de mesmo n\u00famero do segundo subcr\u00e9dito, configurando sua quita\u00e7\u00e3o autom\u00e1tica e gratuita.<\/p>\n<p>\u201cA renegocia\u00e7\u00e3o preserva valor para a <strong>Eletronorte<\/strong> em rela\u00e7\u00e3o ao cr\u00e9dito atual \u00e0 medida que antecipa o seu prazo de recebimento de 7,1 anos para dois anos\u201d, afirma a empresa.<\/p>\n<p><span style=\"font-weight: 400;\">\t<div data-element=\"shortcode-read-more\" class=\"knowMore\">\n\t\t\t\t<span class=\"knowMore__title\">Saiba mais<\/span>\n\t\t\t\t<a class=\"knowMore__link\" href=\"https:\/\/www.suno.com.br\/noticias\/eletrobras-elet3-com-menores-gastos-e-setor-de-transmissao-lucro-cresce-31-no-ano\/\">\n\t\t\tEletrobras (ELET3): Com menores gastos e setor de transmiss\u00e3o, lucro cresce 31% na base anual\t\t<\/a>\n\t<\/div>\n\n<\/span><\/p>\n<p>Uma das condi\u00e7\u00f5es para o acordo \u00e9 o sucesso da licita\u00e7\u00e3o (<a href=\"https:\/\/www.suno.com.br\/artigos\/estatal-so-se-for-de-graca\/\">desestatiza\u00e7\u00e3o da CEA<\/a>) prevista para acontecer at\u00e9 30 de junho. A Eletrobras refor\u00e7a ainda que os valores a receber da CEA se encontram totalmente provisionados nas Demonstra\u00e7\u00f5es Financeiras e que avaliar\u00e1 potencial revers\u00e3o da provis\u00e3o para cr\u00e9ditos de liquida\u00e7\u00e3o duvidosa \u00e0 medida que forem sendo realizados os pagamentos.<\/p>\n<h2>Eletrobras tem lucro l\u00edquido de R$ 1,609 bilh\u00e3o no primeiro tri<\/h2>\n<p>O lucro l\u00edquido da Eletrobras avan\u00e7ou 31% no primeiro trimestre deste ano, alcan\u00e7ando R$ 1,609 bilh\u00e3o, ante R$ 1,228 bilh\u00e3o reportados no mesmo per\u00edodo do ano passado. J\u00e1 o lucro l\u00edquido recorrente somou 2,741 bilh\u00f5es no per\u00edodo, alta de 48% em base anual de compara\u00e7\u00e3o.<\/p>\n<p>Segundo a companhia, o resultado do trimestre foi influenciado positivamente pela receita de transmiss\u00e3o, em decorr\u00eancia da revis\u00e3o tarif\u00e1ria peri\u00f3dica, que tem efeitos a partir de julho de 2020, mas parcialmente compensada por provis\u00f5es e conting\u00eancias no valor de R$ 932 milh\u00f5es.<\/p>\n<p><span style=\"font-weight: 400;\">\t<p>\n\t\t<a href=\"https:\/\/lp.suno.com.br\/planilha-de-controle-de-investimentos\/\" target=\"_blank\" data-element=\"shortcode-suno-banner\" title=\"Banner SUNO, clique e saiba mais\">\n\t\t\t<picture>\n\t\t\t\t<source media=\"(max-width: 500px)\" srcset=\"https:\/\/files.sunoresearch.com.br\/n\/uploads\/2023\/03\/400x300-Controle-de-Investimentos.png\">\n\t\t\t\t<img class=\"newsContent__article__imgCapa newsContent__article__imgCapa--banner\"\n\t\t\t\t\tsrc=\"https:\/\/files.sunoresearch.com.br\/n\/uploads\/2023\/03\/1420x240-Controle-de-Investimentos.png\"\n\t\t\t\t\tdata-promo-id=\"75934\"\t\t\t\t\t\t\t\t\t\twidth='1420' height='240'\t\t\t\t\talt=\"https:\/\/files.sunoresearch.com.br\/n\/uploads\/2023\/03\/1420x240-Controle-de-Investimentos.png\"\n\t\t\t\t>\n\t\t\t<\/picture>\n\t\t<\/a>\n\t<\/p>\n\n \u00a0 <\/span><\/p>\n<p>Entre janeiro e mar\u00e7o, o Lucro Antes de Juros, Impostos, Deprecia\u00e7\u00e3o e Amortiza\u00e7\u00e3o (Ebitda, na sigla em ingl\u00eas), atingiu R$ 3,858 bilh\u00f5es, crescimento de 11% em base anual de compara\u00e7\u00e3o. O Ebitda recorrente foi de R$ 4,938 bilh\u00f5es, alta de 30%. No per\u00edodo, a receita operacional recorrente subiu 8%, para R$ 8,200 bilh\u00f5es.<\/p>\n<h2>Cota\u00e7\u00e3o de ELET3<\/h2>\n<p>As <a href=\"https:\/\/www.suno.com.br\/artigos\/o-que-sao-acoes-ordinarias-preferenciais-e-units\/\">a\u00e7\u00f5es da companhia<\/a>, no preg\u00e3o desta quinta-feira (13), \u00e0s 11h, est\u00e3o sendo negociados pelo valor de R$39,74, registrando uma alta de 3,33% intradia.<\/p>\n<p><span style=\"font-weight: 400;\">\t<p>\n\t\t<a href=\"https:\/\/lp.suno.com.br\/planilha-da-vida-financeira\/\" target=\"_blank\" data-element=\"shortcode-suno-banner\" title=\"Banner SUNO, clique e saiba mais\">\n\t\t\t<picture>\n\t\t\t\t<source media=\"(max-width: 500px)\" srcset=\"https:\/\/files.sunoresearch.com.br\/n\/uploads\/2023\/04\/400x300-Planilha-vida-financeira-true.png\">\n\t\t\t\t<img class=\"newsContent__article__imgCapa newsContent__article__imgCapa--banner\"\n\t\t\t\t\tsrc=\"https:\/\/files.sunoresearch.com.br\/n\/uploads\/2023\/04\/1420x240-Planilha-vida-financeira-true.png\"\n\t\t\t\t\tdata-promo-id=\"106682\"\t\t\t\t\t\t\t\t\t\twidth='1420' height='240'\t\t\t\t\talt=\"https:\/\/files.sunoresearch.com.br\/n\/uploads\/2023\/04\/1420x240-Planilha-vida-financeira-true.png\"\n\t\t\t\t>\n\t\t\t<\/picture>\n\t\t<\/a>\n\t<\/p>\n\n<\/span><\/p>\n","protected":false},"excerpt":{"rendered":"<p>A Eletrobras (ELET3) informou que foi conclu\u00eddo o acordo de renegocia\u00e7\u00e3o de d\u00edvidas entre a sua subsidi\u00e1ria, a Eletronorte, e a\u00a0Companhia de Eletricidade do Amap\u00e1 (CEA). Segundo fato relevante divulgado neste ter\u00e7a-feira (11), a empresa pretende auxiliar a viabiliza\u00e7\u00e3o do processo de licita\u00e7\u00e3o da concess\u00e3o de distribui\u00e7\u00e3o de energia el\u00e9trica associada \u00e0 transfer\u00eancia de controle [&hellip;]<\/p>\n","protected":false},"author":73,"featured_media":140392,"comment_status":"closed","ping_status":"closed","sticky":false,"template":"","format":"standard","meta":[],"categories":[64],"tags":[455],"suno_strategy":[],"class_list":["post-147982","post","type-post","status-publish","format-standard","has-post-thumbnail","hentry","category-negocios","tag-eletrobras-elet3-elet5-elet6"],"yoast_head":"<!-- This site is optimized with the Yoast SEO plugin v24.4 - https:\/\/yoast.com\/wordpress\/plugins\/seo\/ -->\n<title>Eletrobras (ELET3) conclui renegocia\u00e7\u00e3o de d\u00edvida de R$ 306 milh\u00f5es<\/title>\n<meta name=\"description\" content=\"A Eletrobras pretende auxiliar a viabiliza\u00e7\u00e3o do processo de licita\u00e7\u00e3o da concess\u00e3o de distribui\u00e7\u00e3o de energia el\u00e9trica; leia sobre\" \/>\n<meta name=\"robots\" content=\"index, follow, max-snippet:-1, max-image-preview:large, max-video-preview:-1\" \/>\n<link rel=\"canonical\" href=\"https:\/\/www.suno.com.br\/noticias\/eletrobras-elet3-renegociacao-divida-r-306-milhoes\/\" \/>\n<meta property=\"og:locale\" content=\"pt_BR\" \/>\n<meta property=\"og:type\" content=\"article\" \/>\n<meta property=\"og:title\" content=\"Eletrobras (ELET3) conclui renegocia\u00e7\u00e3o de d\u00edvida de R$ 306 milh\u00f5es\" \/>\n<meta property=\"og:description\" content=\"A Eletrobras pretende auxiliar a viabiliza\u00e7\u00e3o do processo de licita\u00e7\u00e3o da concess\u00e3o de distribui\u00e7\u00e3o de energia el\u00e9trica; leia sobre\" \/>\n<meta property=\"og:url\" content=\"https:\/\/www.suno.com.br\/noticias\/eletrobras-elet3-renegociacao-divida-r-306-milhoes\/\" \/>\n<meta property=\"og:site_name\" content=\"Suno Not\u00edcias\" \/>\n<meta property=\"article:publisher\" content=\"https:\/\/facebook.com\/sunoresearch\" \/>\n<meta property=\"og:image\" content=\"https:\/\/files.sunoresearch.com.br\/n\/uploads\/2021\/04\/36f765d6-eletrobras.jpg\" \/>\n\t<meta property=\"og:image:width\" content=\"1201\" \/>\n\t<meta property=\"og:image:height\" content=\"629\" \/>\n\t<meta property=\"og:image:type\" content=\"image\/jpeg\" \/>\n<meta name=\"author\" content=\"Eduardo Vargas\" \/>\n<meta name=\"twitter:card\" content=\"summary_large_image\" \/>\n<meta name=\"twitter:creator\" content=\"@sunoresearch\" \/>\n<meta name=\"twitter:site\" content=\"@sunoresearch\" \/>\n<meta name=\"twitter:label1\" content=\"Escrito por\" \/>\n\t<meta name=\"twitter:data1\" content=\"Eduardo Vargas\" \/>\n\t<meta name=\"twitter:label2\" content=\"Est. tempo de leitura\" \/>\n\t<meta name=\"twitter:data2\" content=\"3 minutos\" \/>\n<script type=\"application\/ld+json\" class=\"yoast-schema-graph\">{\"@context\":\"https:\/\/schema.org\",\"@graph\":[{\"@type\":\"NewsArticle\",\"@id\":\"https:\/\/www.suno.com.br\/noticias\/eletrobras-elet3-renegociacao-divida-r-306-milhoes\/#article\",\"isPartOf\":{\"@id\":\"https:\/\/www.suno.com.br\/noticias\/eletrobras-elet3-renegociacao-divida-r-306-milhoes\/\"},\"author\":{\"name\":\"Eduardo Vargas\",\"@id\":\"https:\/\/www.suno.com.br\/noticias\/#\/schema\/person\/7f4d362bf3518e76090143ae77bb49a5\"},\"headline\":\"Eletrobras (ELET3) conclui renegocia\u00e7\u00e3o de d\u00edvida de R$ 306 milh\u00f5es\",\"datePublished\":\"2021-05-13T15:22:15+00:00\",\"dateModified\":\"2021-05-18T15:09:06+00:00\",\"mainEntityOfPage\":{\"@id\":\"https:\/\/www.suno.com.br\/noticias\/eletrobras-elet3-renegociacao-divida-r-306-milhoes\/\"},\"wordCount\":520,\"publisher\":{\"@id\":\"https:\/\/www.suno.com.br\/noticias\/#organization\"},\"image\":{\"@id\":\"https:\/\/www.suno.com.br\/noticias\/eletrobras-elet3-renegociacao-divida-r-306-milhoes\/#primaryimage\"},\"thumbnailUrl\":\"https:\/\/files.sunoresearch.com.br\/n\/uploads\/2021\/04\/36f765d6-eletrobras-jpg.webp\",\"keywords\":[\"Eletrobras (ELET3\/ELET5\/ELET6)\"],\"articleSection\":[\"Neg\u00f3cios\"],\"inLanguage\":\"pt-BR\"},{\"@type\":\"WebPage\",\"@id\":\"https:\/\/www.suno.com.br\/noticias\/eletrobras-elet3-renegociacao-divida-r-306-milhoes\/\",\"url\":\"https:\/\/www.suno.com.br\/noticias\/eletrobras-elet3-renegociacao-divida-r-306-milhoes\/\",\"name\":\"Eletrobras (ELET3) conclui renegocia\u00e7\u00e3o de d\u00edvida de R$ 306 milh\u00f5es\",\"isPartOf\":{\"@id\":\"https:\/\/www.suno.com.br\/noticias\/#website\"},\"primaryImageOfPage\":{\"@id\":\"https:\/\/www.suno.com.br\/noticias\/eletrobras-elet3-renegociacao-divida-r-306-milhoes\/#primaryimage\"},\"image\":{\"@id\":\"https:\/\/www.suno.com.br\/noticias\/eletrobras-elet3-renegociacao-divida-r-306-milhoes\/#primaryimage\"},\"thumbnailUrl\":\"https:\/\/files.sunoresearch.com.br\/n\/uploads\/2021\/04\/36f765d6-eletrobras-jpg.webp\",\"datePublished\":\"2021-05-13T15:22:15+00:00\",\"dateModified\":\"2021-05-18T15:09:06+00:00\",\"description\":\"A Eletrobras pretende auxiliar a viabiliza\u00e7\u00e3o do processo de licita\u00e7\u00e3o da concess\u00e3o de distribui\u00e7\u00e3o de energia el\u00e9trica; leia sobre\",\"breadcrumb\":{\"@id\":\"https:\/\/www.suno.com.br\/noticias\/eletrobras-elet3-renegociacao-divida-r-306-milhoes\/#breadcrumb\"},\"inLanguage\":\"pt-BR\",\"potentialAction\":[{\"@type\":\"ReadAction\",\"target\":[\"https:\/\/www.suno.com.br\/noticias\/eletrobras-elet3-renegociacao-divida-r-306-milhoes\/\"]}]},{\"@type\":\"ImageObject\",\"inLanguage\":\"pt-BR\",\"@id\":\"https:\/\/www.suno.com.br\/noticias\/eletrobras-elet3-renegociacao-divida-r-306-milhoes\/#primaryimage\",\"url\":\"https:\/\/files.sunoresearch.com.br\/n\/uploads\/2021\/04\/36f765d6-eletrobras-jpg.webp\",\"contentUrl\":\"https:\/\/files.sunoresearch.com.br\/n\/uploads\/2021\/04\/36f765d6-eletrobras-jpg.webp\",\"width\":1201,\"height\":629,\"caption\":\"CPFL - Foto: Reprodu\u00e7\u00e3o Facebook\"},{\"@type\":\"BreadcrumbList\",\"@id\":\"https:\/\/www.suno.com.br\/noticias\/eletrobras-elet3-renegociacao-divida-r-306-milhoes\/#breadcrumb\",\"itemListElement\":[{\"@type\":\"ListItem\",\"position\":1,\"name\":\"Not\u00edcias\",\"item\":\"https:\/\/www.suno.com.br\/noticias\/\"},{\"@type\":\"ListItem\",\"position\":2,\"name\":\"Neg\u00f3cios\",\"item\":\"https:\/\/www.suno.com.br\/noticias\/negocios\/\"},{\"@type\":\"ListItem\",\"position\":3,\"name\":\"Eletrobras (ELET3) conclui renegocia\u00e7\u00e3o de d\u00edvida de R$ 306 milh\u00f5es\"}]},{\"@type\":\"WebSite\",\"@id\":\"https:\/\/www.suno.com.br\/noticias\/#website\",\"url\":\"https:\/\/www.suno.com.br\/noticias\/\",\"name\":\"Suno Not\u00edcias\",\"description\":\"Seu portal de informa\u00e7\u00e3o sobre o mundo dos investimentos\",\"publisher\":{\"@id\":\"https:\/\/www.suno.com.br\/noticias\/#organization\"},\"potentialAction\":[{\"@type\":\"SearchAction\",\"target\":{\"@type\":\"EntryPoint\",\"urlTemplate\":\"https:\/\/www.suno.com.br\/noticias\/?s={search_term_string}\"},\"query-input\":{\"@type\":\"PropertyValueSpecification\",\"valueRequired\":true,\"valueName\":\"search_term_string\"}}],\"inLanguage\":\"pt-BR\"},{\"@type\":\"Organization\",\"@id\":\"https:\/\/www.suno.com.br\/noticias\/#organization\",\"name\":\"Suno Not\u00edcias\",\"url\":\"https:\/\/www.suno.com.br\/noticias\/\",\"logo\":{\"@type\":\"ImageObject\",\"inLanguage\":\"pt-BR\",\"@id\":\"https:\/\/www.suno.com.br\/noticias\/#\/schema\/logo\/image\/\",\"url\":\"https:\/\/files.sunoresearch.com.br\/n\/uploads\/2021\/09\/suno-logo.png\",\"contentUrl\":\"https:\/\/files.sunoresearch.com.br\/n\/uploads\/2021\/09\/suno-logo.png\",\"width\":180,\"height\":180,\"caption\":\"Suno Not\u00edcias\"},\"image\":{\"@id\":\"https:\/\/www.suno.com.br\/noticias\/#\/schema\/logo\/image\/\"},\"sameAs\":[\"https:\/\/facebook.com\/sunoresearch\",\"https:\/\/x.com\/sunoresearch\",\"https:\/\/www.instagram.com\/suno\",\"https:\/\/www.linkedin.com\/company\/suno-research\/\",\"https:\/\/www.youtube.com\/c\/sunoresearch\"]},{\"@type\":\"Person\",\"@id\":\"https:\/\/www.suno.com.br\/noticias\/#\/schema\/person\/7f4d362bf3518e76090143ae77bb49a5\",\"name\":\"Eduardo Vargas\",\"image\":{\"@type\":\"ImageObject\",\"inLanguage\":\"pt-BR\",\"@id\":\"https:\/\/www.suno.com.br\/noticias\/#\/schema\/person\/image\/\",\"url\":\"https:\/\/secure.gravatar.com\/avatar\/dac340933427a22924c9f99d1eb2e3f2?s=96&r=g\",\"contentUrl\":\"https:\/\/secure.gravatar.com\/avatar\/dac340933427a22924c9f99d1eb2e3f2?s=96&r=g\",\"caption\":\"Eduardo Vargas\"},\"description\":\"Jornalista formado pela UFSC, cobre macroeconomia, neg\u00f3cios e startups para o Suno Not\u00edcias, escrevendo principalmente not\u00edcias sobre o mercado financeiro e a bolsa de valores. No YouTube e no Instagram, \u00e9 respons\u00e1vel pela produ\u00e7\u00e3o de Reels e Shorts do Suno Not\u00edcias. Anteriormente, trabalhou cobrindo economia e cotidiano no ND+ e para o ND, maior jornal impresso de Santa Catarina. Cursou um semestre letivo de Estudos de M\u00eddia na Universidad de Buenos Aires.\",\"url\":\"https:\/\/www.suno.com.br\/noticias\/author\/eduardo-vargas\/\"}]}<\/script>\n<!-- \/ Yoast SEO plugin. -->","yoast_head_json":{"title":"Eletrobras (ELET3) conclui renegocia\u00e7\u00e3o de d\u00edvida de R$ 306 milh\u00f5es","description":"A Eletrobras pretende auxiliar a viabiliza\u00e7\u00e3o do processo de licita\u00e7\u00e3o da concess\u00e3o de distribui\u00e7\u00e3o de energia el\u00e9trica; leia sobre","robots":{"index":"index","follow":"follow","max-snippet":"max-snippet:-1","max-image-preview":"max-image-preview:large","max-video-preview":"max-video-preview:-1"},"canonical":"https:\/\/www.suno.com.br\/noticias\/eletrobras-elet3-renegociacao-divida-r-306-milhoes\/","og_locale":"pt_BR","og_type":"article","og_title":"Eletrobras (ELET3) conclui renegocia\u00e7\u00e3o de d\u00edvida de R$ 306 milh\u00f5es","og_description":"A Eletrobras pretende auxiliar a viabiliza\u00e7\u00e3o do processo de licita\u00e7\u00e3o da concess\u00e3o de distribui\u00e7\u00e3o de energia el\u00e9trica; leia sobre","og_url":"https:\/\/www.suno.com.br\/noticias\/eletrobras-elet3-renegociacao-divida-r-306-milhoes\/","og_site_name":"Suno Not\u00edcias","article_publisher":"https:\/\/facebook.com\/sunoresearch","og_image":[{"width":1201,"height":629,"url":"https:\/\/files.sunoresearch.com.br\/n\/uploads\/2021\/04\/36f765d6-eletrobras.jpg","type":"image\/jpeg"}],"author":"Eduardo Vargas","twitter_card":"summary_large_image","twitter_creator":"@sunoresearch","twitter_site":"@sunoresearch","twitter_misc":{"Escrito por":"Eduardo Vargas","Est. tempo de leitura":"3 minutos"},"schema":{"@context":"https:\/\/schema.org","@graph":[{"@type":"NewsArticle","@id":"https:\/\/www.suno.com.br\/noticias\/eletrobras-elet3-renegociacao-divida-r-306-milhoes\/#article","isPartOf":{"@id":"https:\/\/www.suno.com.br\/noticias\/eletrobras-elet3-renegociacao-divida-r-306-milhoes\/"},"author":{"name":"Eduardo Vargas","@id":"https:\/\/www.suno.com.br\/noticias\/#\/schema\/person\/7f4d362bf3518e76090143ae77bb49a5"},"headline":"Eletrobras (ELET3) conclui renegocia\u00e7\u00e3o de d\u00edvida de R$ 306 milh\u00f5es","datePublished":"2021-05-13T15:22:15+00:00","dateModified":"2021-05-18T15:09:06+00:00","mainEntityOfPage":{"@id":"https:\/\/www.suno.com.br\/noticias\/eletrobras-elet3-renegociacao-divida-r-306-milhoes\/"},"wordCount":520,"publisher":{"@id":"https:\/\/www.suno.com.br\/noticias\/#organization"},"image":{"@id":"https:\/\/www.suno.com.br\/noticias\/eletrobras-elet3-renegociacao-divida-r-306-milhoes\/#primaryimage"},"thumbnailUrl":"https:\/\/files.sunoresearch.com.br\/n\/uploads\/2021\/04\/36f765d6-eletrobras-jpg.webp","keywords":["Eletrobras (ELET3\/ELET5\/ELET6)"],"articleSection":["Neg\u00f3cios"],"inLanguage":"pt-BR"},{"@type":"WebPage","@id":"https:\/\/www.suno.com.br\/noticias\/eletrobras-elet3-renegociacao-divida-r-306-milhoes\/","url":"https:\/\/www.suno.com.br\/noticias\/eletrobras-elet3-renegociacao-divida-r-306-milhoes\/","name":"Eletrobras (ELET3) conclui renegocia\u00e7\u00e3o de d\u00edvida de R$ 306 milh\u00f5es","isPartOf":{"@id":"https:\/\/www.suno.com.br\/noticias\/#website"},"primaryImageOfPage":{"@id":"https:\/\/www.suno.com.br\/noticias\/eletrobras-elet3-renegociacao-divida-r-306-milhoes\/#primaryimage"},"image":{"@id":"https:\/\/www.suno.com.br\/noticias\/eletrobras-elet3-renegociacao-divida-r-306-milhoes\/#primaryimage"},"thumbnailUrl":"https:\/\/files.sunoresearch.com.br\/n\/uploads\/2021\/04\/36f765d6-eletrobras-jpg.webp","datePublished":"2021-05-13T15:22:15+00:00","dateModified":"2021-05-18T15:09:06+00:00","description":"A Eletrobras pretende auxiliar a viabiliza\u00e7\u00e3o do processo de licita\u00e7\u00e3o da concess\u00e3o de distribui\u00e7\u00e3o de energia el\u00e9trica; leia sobre","breadcrumb":{"@id":"https:\/\/www.suno.com.br\/noticias\/eletrobras-elet3-renegociacao-divida-r-306-milhoes\/#breadcrumb"},"inLanguage":"pt-BR","potentialAction":[{"@type":"ReadAction","target":["https:\/\/www.suno.com.br\/noticias\/eletrobras-elet3-renegociacao-divida-r-306-milhoes\/"]}]},{"@type":"ImageObject","inLanguage":"pt-BR","@id":"https:\/\/www.suno.com.br\/noticias\/eletrobras-elet3-renegociacao-divida-r-306-milhoes\/#primaryimage","url":"https:\/\/files.sunoresearch.com.br\/n\/uploads\/2021\/04\/36f765d6-eletrobras-jpg.webp","contentUrl":"https:\/\/files.sunoresearch.com.br\/n\/uploads\/2021\/04\/36f765d6-eletrobras-jpg.webp","width":1201,"height":629,"caption":"CPFL - Foto: Reprodu\u00e7\u00e3o Facebook"},{"@type":"BreadcrumbList","@id":"https:\/\/www.suno.com.br\/noticias\/eletrobras-elet3-renegociacao-divida-r-306-milhoes\/#breadcrumb","itemListElement":[{"@type":"ListItem","position":1,"name":"Not\u00edcias","item":"https:\/\/www.suno.com.br\/noticias\/"},{"@type":"ListItem","position":2,"name":"Neg\u00f3cios","item":"https:\/\/www.suno.com.br\/noticias\/negocios\/"},{"@type":"ListItem","position":3,"name":"Eletrobras (ELET3) conclui renegocia\u00e7\u00e3o de d\u00edvida de R$ 306 milh\u00f5es"}]},{"@type":"WebSite","@id":"https:\/\/www.suno.com.br\/noticias\/#website","url":"https:\/\/www.suno.com.br\/noticias\/","name":"Suno Not\u00edcias","description":"Seu portal de informa\u00e7\u00e3o sobre o mundo dos investimentos","publisher":{"@id":"https:\/\/www.suno.com.br\/noticias\/#organization"},"potentialAction":[{"@type":"SearchAction","target":{"@type":"EntryPoint","urlTemplate":"https:\/\/www.suno.com.br\/noticias\/?s={search_term_string}"},"query-input":{"@type":"PropertyValueSpecification","valueRequired":true,"valueName":"search_term_string"}}],"inLanguage":"pt-BR"},{"@type":"Organization","@id":"https:\/\/www.suno.com.br\/noticias\/#organization","name":"Suno Not\u00edcias","url":"https:\/\/www.suno.com.br\/noticias\/","logo":{"@type":"ImageObject","inLanguage":"pt-BR","@id":"https:\/\/www.suno.com.br\/noticias\/#\/schema\/logo\/image\/","url":"https:\/\/files.sunoresearch.com.br\/n\/uploads\/2021\/09\/suno-logo.png","contentUrl":"https:\/\/files.sunoresearch.com.br\/n\/uploads\/2021\/09\/suno-logo.png","width":180,"height":180,"caption":"Suno Not\u00edcias"},"image":{"@id":"https:\/\/www.suno.com.br\/noticias\/#\/schema\/logo\/image\/"},"sameAs":["https:\/\/facebook.com\/sunoresearch","https:\/\/x.com\/sunoresearch","https:\/\/www.instagram.com\/suno","https:\/\/www.linkedin.com\/company\/suno-research\/","https:\/\/www.youtube.com\/c\/sunoresearch"]},{"@type":"Person","@id":"https:\/\/www.suno.com.br\/noticias\/#\/schema\/person\/7f4d362bf3518e76090143ae77bb49a5","name":"Eduardo Vargas","image":{"@type":"ImageObject","inLanguage":"pt-BR","@id":"https:\/\/www.suno.com.br\/noticias\/#\/schema\/person\/image\/","url":"https:\/\/secure.gravatar.com\/avatar\/dac340933427a22924c9f99d1eb2e3f2?s=96&r=g","contentUrl":"https:\/\/secure.gravatar.com\/avatar\/dac340933427a22924c9f99d1eb2e3f2?s=96&r=g","caption":"Eduardo Vargas"},"description":"Jornalista formado pela UFSC, cobre macroeconomia, neg\u00f3cios e startups para o Suno Not\u00edcias, escrevendo principalmente not\u00edcias sobre o mercado financeiro e a bolsa de valores. No YouTube e no Instagram, \u00e9 respons\u00e1vel pela produ\u00e7\u00e3o de Reels e Shorts do Suno Not\u00edcias. Anteriormente, trabalhou cobrindo economia e cotidiano no ND+ e para o ND, maior jornal impresso de Santa Catarina. Cursou um semestre letivo de Estudos de M\u00eddia na Universidad de Buenos Aires.","url":"https:\/\/www.suno.com.br\/noticias\/author\/eduardo-vargas\/"}]}},"default_loop_html":"<div class=\"cardsPage__listCard__boxs\"><div class=\"cardsPage__listCard__boxs__img\"><a href=\"https:\/\/www.suno.com.br\/noticias\/eletrobras-elet3-renegociacao-divida-r-306-milhoes\/\"><img class=\"mask\" src=\"https:\/\/www.suno.com.br\/noticias\/wp-content\/themes\/suno\/resources\/images\/spotlight\/spotlight1img\/bg-mask.png\" alt=\"Image Mask\"\/><img src=\"https:\/\/files.sunoresearch.com.br\/n\/uploads\/2021\/04\/36f765d6-eletrobras-400x200.webp\" alt=\"Eletrobras (ELET3) conclui renegocia\u00e7\u00e3o de d\u00edvida de R$ 306 milh\u00f5es\"\/><\/a><span class=\"spotlightCategory\"><a href=\"https:\/\/www.suno.com.br\/noticias\/negocios\/\">Neg\u00f3cios<\/a><\/span><\/div><div class=\"cardsPage__listCard__boxs__content\"><a href=\"https:\/\/www.suno.com.br\/noticias\/eletrobras-elet3-renegociacao-divida-r-306-milhoes\/\"><h2 class=\"content__title\">Eletrobras (ELET3) conclui renegocia\u00e7\u00e3o de d\u00edvida de R$ 306 milh\u00f5es<\/h2><\/a><div class=\"newsContent__article__meta\"><div class=\"newsContent__article__meta__authorBox\"><a href=\"https:\/\/www.suno.com.br\/noticias\/author\/eduardo-vargas\/\" class=\"authorBox__avatar noMobi\"><img src=\"https:\/\/secure.gravatar.com\/avatar\/dac340933427a22924c9f99d1eb2e3f2?s=96&#038;r=g\" alt=\"Eduardo Vargas\"><\/a><div class=\"authorBox__name\"><span>por\n\t\t\t<a href=\"https:\/\/www.suno.com.br\/noticias\/author\/eduardo-vargas\/\"><span itemprop=\"author\">Eduardo Vargas<\/span><\/a><\/span><time datetime=\"2021-05-13T12:22:15-03:00\" itemprop=\"datePublished\">13\/05\/2021 12:22<\/time><\/div><\/div><\/div><\/div><\/div>","single_layout":"posts","amp_enabled":true,"_links":{"self":[{"href":"https:\/\/www.suno.com.br\/noticias\/wp-json\/wp\/v2\/posts\/147982"}],"collection":[{"href":"https:\/\/www.suno.com.br\/noticias\/wp-json\/wp\/v2\/posts"}],"about":[{"href":"https:\/\/www.suno.com.br\/noticias\/wp-json\/wp\/v2\/types\/post"}],"author":[{"embeddable":true,"href":"https:\/\/www.suno.com.br\/noticias\/wp-json\/wp\/v2\/users\/73"}],"replies":[{"embeddable":true,"href":"https:\/\/www.suno.com.br\/noticias\/wp-json\/wp\/v2\/comments?post=147982"}],"version-history":[{"count":3,"href":"https:\/\/www.suno.com.br\/noticias\/wp-json\/wp\/v2\/posts\/147982\/revisions"}],"predecessor-version":[{"id":149094,"href":"https:\/\/www.suno.com.br\/noticias\/wp-json\/wp\/v2\/posts\/147982\/revisions\/149094"}],"wp:featuredmedia":[{"embeddable":true,"href":"https:\/\/www.suno.com.br\/noticias\/wp-json\/wp\/v2\/media\/140392"}],"wp:attachment":[{"href":"https:\/\/www.suno.com.br\/noticias\/wp-json\/wp\/v2\/media?parent=147982"}],"wp:term":[{"taxonomy":"category","embeddable":true,"href":"https:\/\/www.suno.com.br\/noticias\/wp-json\/wp\/v2\/categories?post=147982"},{"taxonomy":"post_tag","embeddable":true,"href":"https:\/\/www.suno.com.br\/noticias\/wp-json\/wp\/v2\/tags?post=147982"},{"taxonomy":"suno_strategy","embeddable":true,"href":"https:\/\/www.suno.com.br\/noticias\/wp-json\/wp\/v2\/suno_strategy?post=147982"}],"curies":[{"name":"wp","href":"https:\/\/api.w.org\/{rel}","templated":true}]}}