{"id":14783,"date":"2019-02-09T12:17:08","date_gmt":"2019-02-09T14:17:08","guid":{"rendered":"https:\/\/www.suno.com.br\/noticias\/?p=14783"},"modified":"2019-02-09T12:17:08","modified_gmt":"2019-02-09T14:17:08","slug":"cvm-acusa-diretor-embraer-omitido","status":"publish","type":"post","link":"https:\/\/www.suno.com.br\/noticias\/cvm-acusa-diretor-embraer-omitido\/","title":{"rendered":"CVM acusa diretor da Embraer de ter omitido informa\u00e7\u00f5es ao mercado"},"content":{"rendered":"<p>A Comiss\u00e3o de Valores Mobili\u00e1rios (CVM) acusou o diretor financeiro da Embraer (EMBR3), Nelson Salgado, de ter omitido informa\u00e7\u00f5es em comunicado direcionado ao mercado.<\/p>\t<div class=\"wrapper-featured-image\">\n\t\t<figure class=\"spotlightImg\">\n\n\t\t\t<picture>\n\t\t\t\t<source media=\"(max-width: 768px)\" srcset=\"https:\/\/files.sunoresearch.com.br\/n\/uploads\/2018\/12\/6166c96c-embraer-e-boeing-400x200.webp\">\n\t\t\t\t<img loading=\"lazy\" decoding=\"async\" class=\"newsContent__article__imgCapa lazyloadDisabled newsContent__article__imgCapa--noCaption\" src=\"https:\/\/files.sunoresearch.com.br\/n\/uploads\/2018\/12\/6166c96c-embraer-e-boeing-800x450.webp\" width=\"800\" height=\"450\" alt=\"CVM acusa diretor da Embraer de ter omitido informa\u00e7\u00f5es ao mercado\" fetchpriority=high \/>\n\t\t\t<\/picture>\n\n\t\t\t<figcaption class=\"wp-caption-text wp-caption-text--hide\">Embraer e Boeing<\/figcaption>\n\t\t<\/figure>\n\t<\/div>\n\n\n<p>O informe ao qual a <strong>CVM<\/strong> se refere tratava da venda da divis\u00e3o comercial da <strong>Embraer<\/strong> \u00e0 <strong>Boeing<\/strong>. Ele foi divulgado pela <a href=\"https:\/\/www.suno.com.br\/artigos\/radar-embr3-parceria-boeing\/\">fabricante brasileira<\/a> em 5 de julho de 2018 e continha informa\u00e7\u00f5es sobre a forma\u00e7\u00e3o de uma joint venture, na qual a Embraer ficaria com 20% de participa\u00e7\u00e3o e a Boeing, 80%.<\/p>\n<p><a href=\"https:\/\/www.suno.com.br\/noticias\/embraer-encomenda-aeronaves-nigeria\/\">Saiba mais: Embraer recebe encomenda de 12 avi\u00f5es A-29 Super Tucano da Nig\u00e9ria<\/a><\/p>\n<p>Para a autarquia de regula\u00e7\u00e3o de capitais, a empresa n\u00e3o deixou clara que sua influ\u00eancia ficaria limitada na opera\u00e7\u00e3o da <strong>NewCo<\/strong>, a empresa resultante da fus\u00e3o, que cuidaria dos neg\u00f3cios de avia\u00e7\u00e3o comercial. A <strong>CVM<\/strong> diz que o comunicado divulgado ao mercado faz &#8220;men\u00e7\u00e3o gen\u00e9rica a direitos de governan\u00e7a e veto detidos pela <strong>Embraer<\/strong>&#8220;.<\/p>\n<p>Segundo a Folha de S.Paulo, a <strong>Embraer<\/strong> foi questionada sobre as acusa\u00e7\u00f5es a <strong>Nelson Salgado<\/strong>, seu executivo. Ela disse que &#8220;vem mantendo o mercado consistentemente informado das tratativas e evolu\u00e7\u00f5es relativas \u00e0 transa\u00e7\u00e3o com a <strong>Boeing<\/strong>&#8220;. Afirmou tamb\u00e9m cumprir &#8220;todas as normas referentes \u00e0 divulga\u00e7\u00e3o de informa\u00e7\u00f5es&#8221;.<\/p>\n<p>A opera\u00e7\u00e3o foi anunciada em 2018 e teve o aval do <a href=\"http:\/\/www2.planalto.gov.br\/\">presidente <strong>Jair Bolsonaro<\/strong><\/a> neste ano.<\/p>\n<h2>Entenda o caso<\/h2>\n<p>A <strong>Embraer<\/strong> aprovou com a <strong>Boeing<\/strong> os termos do acordo de fus\u00e3o em julho de 2018. Desta forma, seria criada uma <a href=\"https:\/\/www.suno.com.br\/artigos\/joint-venture\/\">joint venture<\/a>, ou seja, uma nova empresa de avia\u00e7\u00e3o comercial no Brasil.<\/p>\n<p>O novo neg\u00f3cio foi chamado de JV Avia\u00e7\u00e3o Comercial ou Nova Sociedade. Entretanto, a empresa avaliada em US$ 5,26 bilh\u00f5es n\u00e3o ter\u00e1 esse nome ap\u00f3s a conclus\u00e3o de opera\u00e7\u00e3o.<\/p>\n<p><a href=\"https:\/\/www.suno.com.br\/noticias\/boeing-embraer-emprego\/\">Saiba mais: Joint-venture entre Embraer e Boeing deve empregar 9.000<\/a><\/p>\n<p>Inicialmente, quando as duas empresas assinaram um memorando, o valor era estimado em US$ 4,75 bilh\u00f5es. Nos termos do acordo, a fabricante norte-americana de aeronaves ficar\u00e1 com 80% do neg\u00f3cio, enquanto a companhia brasileira, os 20% restantes.<\/p>\n<p>A <strong>Boeing<\/strong> pagar\u00e1 US$ 4,2 bilh\u00f5es (ou R$ 16,4 bilh\u00f5es), cerca de 10% a mais do que era previsto. No entanto, este valor supera em mais de 7% o valor de mercado da fabricante brasileira. O maior valor de mercado j\u00e1 registrado pela <strong>Embraer<\/strong> foi em novembro de 2015, quando a companhia atingiu R$ 22,39 bilh\u00f5es.<\/p>\n<p>Al\u00e9m disso, os 20% da fabricante brasileira poder\u00e3o ser vendidos para a Boeing a qualquer momento, por meio de uma op\u00e7\u00e3o de venda.<\/p>\n<p><a href=\"https:\/\/www.suno.com.br\/noticias\/ministro-governo-acordo-embraer-boeing\/\">Saiba mais:\u00a0Ministro diz que governo n\u00e3o pensa em cessar acordo Embraer-Boeing<\/a><\/p>\n<h3>Nova empresa<\/h3>\n<p>A <strong>Boeing<\/strong> far\u00e1 o controle operacional e de gest\u00e3o da nova empresa. Os executivos da <strong>joint<\/strong> <strong>venture<\/strong> responder\u00e3o diretamente ao presidente e CEO da Boeing, Dennis Muilenburg. Todavia, a joint venture, se aprovada, ser\u00e1 liderada por uma equipe de executivos no Brasil.<\/p>\n<p>A <strong>Embraer<\/strong> manter\u00e1 o poder de decis\u00e3o para temas espec\u00edficos que foram definidos em conjunto, como a transfer\u00eancia das opera\u00e7\u00f5es do Brasil.<\/p>\n<p>Em 2017, a \u00e1rea de avia\u00e7\u00e3o comercial da fabricante brasileira\u00a0representava 57,6% da receita l\u00edquida da empresa. Essa \u00e1rea foi respons\u00e1vel por US$ 10,7 bilh\u00f5es de um total de US$ 18,7 bilh\u00f5es da receita.<\/p>\n<p>No entanto, a<strong> Boeing<\/strong> apresenta uma receita anual cerca de 16 vezes mais alta que a da Embraer. Em 2017, a Embraer faturou US$ 5,8 bilh\u00f5es, enquanto a empresa americana US$ 93,3 bilh\u00f5es.<\/p>\n<p>A norte-americana \u00e9 a principal fabricante de aeronaves comerciais para voos de longo alcance. Por outro lado, a brasileira lidera o mercado de jatos regionais, com aeronaves para v\u00f4os a dist\u00e2ncias menores.<\/p>\n<p>A <strong>Embraer <\/strong>(EMBR3.SA) espera um resultado de aproximadamente US$ 3 bilh\u00f5es na fus\u00e3o com a <strong>Boeing\u00a0<\/strong>(BOEI34.SA), descontados os custos de separa\u00e7\u00e3o.<\/p>\n","protected":false},"excerpt":{"rendered":"<p>A Comiss\u00e3o de Valores Mobili\u00e1rios (CVM) acusou o diretor financeiro da Embraer (EMBR3), Nelson Salgado, de ter omitido informa\u00e7\u00f5es em comunicado direcionado ao mercado. Embraer e Boeing O informe ao qual a CVM se refere tratava da venda da divis\u00e3o comercial da Embraer \u00e0 Boeing. Ele foi divulgado pela fabricante brasileira em 5 de julho [&hellip;]<\/p>\n","protected":false},"author":13,"featured_media":9113,"comment_status":"closed","ping_status":"closed","sticky":false,"template":"","format":"standard","meta":[],"categories":[64],"tags":[828,902,460,719],"suno_strategy":[],"class_list":["post-14783","post","type-post","status-publish","format-standard","has-post-thumbnail","hentry","category-negocios","tag-boeing-boei34","tag-comissao-de-valores-mobiliarios-cvm","tag-embraer-embr3","tag-jair-bolsonaro"],"yoast_head":"<!-- This site is optimized with the Yoast SEO plugin v24.4 - https:\/\/yoast.com\/wordpress\/plugins\/seo\/ -->\n<title>CVM acusa diretor da Embraer de ter omitido informa\u00e7\u00f5es ao mercado<\/title>\n<meta name=\"description\" content=\"A Comiss\u00e3o de Valores Mobili\u00e1rios acusou o diretor financeiro da Embraer de omitir informa\u00e7\u00f5es em comunicado feito ao mercado. Clique e saiba+\" \/>\n<meta name=\"robots\" content=\"index, follow, max-snippet:-1, max-image-preview:large, max-video-preview:-1\" \/>\n<link rel=\"canonical\" href=\"https:\/\/www.suno.com.br\/noticias\/cvm-acusa-diretor-embraer-omitido\/\" \/>\n<meta property=\"og:locale\" content=\"pt_BR\" \/>\n<meta property=\"og:type\" content=\"article\" \/>\n<meta property=\"og:title\" content=\"CVM acusa diretor da Embraer de ter omitido informa\u00e7\u00f5es ao mercado\" \/>\n<meta property=\"og:description\" content=\"A Comiss\u00e3o de Valores Mobili\u00e1rios acusou o diretor financeiro da Embraer de omitir informa\u00e7\u00f5es em comunicado feito ao mercado. Clique e saiba+\" \/>\n<meta property=\"og:url\" content=\"https:\/\/www.suno.com.br\/noticias\/cvm-acusa-diretor-embraer-omitido\/\" \/>\n<meta property=\"og:site_name\" content=\"Suno Not\u00edcias\" \/>\n<meta property=\"article:publisher\" content=\"https:\/\/facebook.com\/sunoresearch\" \/>\n<meta property=\"og:image\" content=\"https:\/\/files.sunoresearch.com.br\/n\/uploads\/2018\/12\/6166c96c-embraer-e-boeing.jpg\" \/>\n\t<meta property=\"og:image:width\" content=\"1200\" \/>\n\t<meta property=\"og:image:height\" content=\"800\" \/>\n\t<meta property=\"og:image:type\" content=\"image\/jpeg\" \/>\n<meta name=\"author\" content=\"Guilherme Caetano\" \/>\n<meta name=\"twitter:card\" content=\"summary_large_image\" \/>\n<meta name=\"twitter:creator\" content=\"@sunoresearch\" \/>\n<meta name=\"twitter:site\" content=\"@sunoresearch\" \/>\n<meta name=\"twitter:label1\" content=\"Escrito por\" \/>\n\t<meta name=\"twitter:data1\" content=\"Guilherme Caetano\" \/>\n\t<meta name=\"twitter:label2\" content=\"Est. tempo de leitura\" \/>\n\t<meta name=\"twitter:data2\" content=\"3 minutos\" \/>\n<script type=\"application\/ld+json\" class=\"yoast-schema-graph\">{\"@context\":\"https:\/\/schema.org\",\"@graph\":[{\"@type\":\"NewsArticle\",\"@id\":\"https:\/\/www.suno.com.br\/noticias\/cvm-acusa-diretor-embraer-omitido\/#article\",\"isPartOf\":{\"@id\":\"https:\/\/www.suno.com.br\/noticias\/cvm-acusa-diretor-embraer-omitido\/\"},\"author\":{\"name\":\"Guilherme Caetano\",\"@id\":\"https:\/\/www.suno.com.br\/noticias\/#\/schema\/person\/0d0c9687cd2f600c564f25980c140de9\"},\"headline\":\"CVM acusa diretor da Embraer de ter omitido informa\u00e7\u00f5es ao mercado\",\"datePublished\":\"2019-02-09T14:17:08+00:00\",\"mainEntityOfPage\":{\"@id\":\"https:\/\/www.suno.com.br\/noticias\/cvm-acusa-diretor-embraer-omitido\/\"},\"wordCount\":642,\"publisher\":{\"@id\":\"https:\/\/www.suno.com.br\/noticias\/#organization\"},\"image\":{\"@id\":\"https:\/\/www.suno.com.br\/noticias\/cvm-acusa-diretor-embraer-omitido\/#primaryimage\"},\"thumbnailUrl\":\"https:\/\/files.sunoresearch.com.br\/n\/uploads\/2018\/12\/6166c96c-embraer-e-boeing-jpg.webp\",\"keywords\":[\"Boeing (BOEI34)\",\"Comiss\u00e3o de Valores Mobili\u00e1rios (CVM)\",\"Embraer (EMBR3)\",\"Jair Bolsonaro\"],\"articleSection\":[\"Neg\u00f3cios\"],\"inLanguage\":\"pt-BR\"},{\"@type\":\"WebPage\",\"@id\":\"https:\/\/www.suno.com.br\/noticias\/cvm-acusa-diretor-embraer-omitido\/\",\"url\":\"https:\/\/www.suno.com.br\/noticias\/cvm-acusa-diretor-embraer-omitido\/\",\"name\":\"CVM acusa diretor da Embraer de ter omitido informa\u00e7\u00f5es ao mercado\",\"isPartOf\":{\"@id\":\"https:\/\/www.suno.com.br\/noticias\/#website\"},\"primaryImageOfPage\":{\"@id\":\"https:\/\/www.suno.com.br\/noticias\/cvm-acusa-diretor-embraer-omitido\/#primaryimage\"},\"image\":{\"@id\":\"https:\/\/www.suno.com.br\/noticias\/cvm-acusa-diretor-embraer-omitido\/#primaryimage\"},\"thumbnailUrl\":\"https:\/\/files.sunoresearch.com.br\/n\/uploads\/2018\/12\/6166c96c-embraer-e-boeing-jpg.webp\",\"datePublished\":\"2019-02-09T14:17:08+00:00\",\"description\":\"A Comiss\u00e3o de Valores Mobili\u00e1rios acusou o diretor financeiro da Embraer de omitir informa\u00e7\u00f5es em comunicado feito ao mercado. Clique e saiba+\",\"breadcrumb\":{\"@id\":\"https:\/\/www.suno.com.br\/noticias\/cvm-acusa-diretor-embraer-omitido\/#breadcrumb\"},\"inLanguage\":\"pt-BR\",\"potentialAction\":[{\"@type\":\"ReadAction\",\"target\":[\"https:\/\/www.suno.com.br\/noticias\/cvm-acusa-diretor-embraer-omitido\/\"]}]},{\"@type\":\"ImageObject\",\"inLanguage\":\"pt-BR\",\"@id\":\"https:\/\/www.suno.com.br\/noticias\/cvm-acusa-diretor-embraer-omitido\/#primaryimage\",\"url\":\"https:\/\/files.sunoresearch.com.br\/n\/uploads\/2018\/12\/6166c96c-embraer-e-boeing-jpg.webp\",\"contentUrl\":\"https:\/\/files.sunoresearch.com.br\/n\/uploads\/2018\/12\/6166c96c-embraer-e-boeing-jpg.webp\",\"width\":1200,\"height\":800,\"caption\":\"Embraer e Boeing\"},{\"@type\":\"BreadcrumbList\",\"@id\":\"https:\/\/www.suno.com.br\/noticias\/cvm-acusa-diretor-embraer-omitido\/#breadcrumb\",\"itemListElement\":[{\"@type\":\"ListItem\",\"position\":1,\"name\":\"Not\u00edcias\",\"item\":\"https:\/\/www.suno.com.br\/noticias\/\"},{\"@type\":\"ListItem\",\"position\":2,\"name\":\"Neg\u00f3cios\",\"item\":\"https:\/\/www.suno.com.br\/noticias\/negocios\/\"},{\"@type\":\"ListItem\",\"position\":3,\"name\":\"CVM acusa diretor da Embraer de ter omitido informa\u00e7\u00f5es ao mercado\"}]},{\"@type\":\"WebSite\",\"@id\":\"https:\/\/www.suno.com.br\/noticias\/#website\",\"url\":\"https:\/\/www.suno.com.br\/noticias\/\",\"name\":\"Suno Not\u00edcias\",\"description\":\"Seu portal de informa\u00e7\u00e3o sobre o mundo dos investimentos\",\"publisher\":{\"@id\":\"https:\/\/www.suno.com.br\/noticias\/#organization\"},\"potentialAction\":[{\"@type\":\"SearchAction\",\"target\":{\"@type\":\"EntryPoint\",\"urlTemplate\":\"https:\/\/www.suno.com.br\/noticias\/?s={search_term_string}\"},\"query-input\":{\"@type\":\"PropertyValueSpecification\",\"valueRequired\":true,\"valueName\":\"search_term_string\"}}],\"inLanguage\":\"pt-BR\"},{\"@type\":\"Organization\",\"@id\":\"https:\/\/www.suno.com.br\/noticias\/#organization\",\"name\":\"Suno Not\u00edcias\",\"url\":\"https:\/\/www.suno.com.br\/noticias\/\",\"logo\":{\"@type\":\"ImageObject\",\"inLanguage\":\"pt-BR\",\"@id\":\"https:\/\/www.suno.com.br\/noticias\/#\/schema\/logo\/image\/\",\"url\":\"https:\/\/files.sunoresearch.com.br\/n\/uploads\/2021\/09\/suno-logo.png\",\"contentUrl\":\"https:\/\/files.sunoresearch.com.br\/n\/uploads\/2021\/09\/suno-logo.png\",\"width\":180,\"height\":180,\"caption\":\"Suno Not\u00edcias\"},\"image\":{\"@id\":\"https:\/\/www.suno.com.br\/noticias\/#\/schema\/logo\/image\/\"},\"sameAs\":[\"https:\/\/facebook.com\/sunoresearch\",\"https:\/\/x.com\/sunoresearch\",\"https:\/\/www.instagram.com\/suno\",\"https:\/\/www.linkedin.com\/company\/suno-research\/\",\"https:\/\/www.youtube.com\/c\/sunoresearch\"]},{\"@type\":\"Person\",\"@id\":\"https:\/\/www.suno.com.br\/noticias\/#\/schema\/person\/0d0c9687cd2f600c564f25980c140de9\",\"name\":\"Guilherme Caetano\",\"image\":{\"@type\":\"ImageObject\",\"inLanguage\":\"pt-BR\",\"@id\":\"https:\/\/www.suno.com.br\/noticias\/#\/schema\/person\/image\/\",\"url\":\"https:\/\/secure.gravatar.com\/avatar\/e48357351a01702a0d19307070e081bf?s=96&r=g\",\"contentUrl\":\"https:\/\/secure.gravatar.com\/avatar\/e48357351a01702a0d19307070e081bf?s=96&r=g\",\"caption\":\"Guilherme Caetano\"},\"description\":\"Formado em jornalismo pela Escola de Comunica\u00e7\u00f5es e Artes da USP, Guilherme Caetano escreve para o portal de not\u00edcias da Suno Research. Passou pelas reda\u00e7\u00f5es da Folha de S.Paulo e da revista \u00c9poca.\",\"url\":\"https:\/\/www.suno.com.br\/noticias\/author\/guilherme-caetano\/\"}]}<\/script>\n<!-- \/ Yoast SEO plugin. -->","yoast_head_json":{"title":"CVM acusa diretor da Embraer de ter omitido informa\u00e7\u00f5es ao mercado","description":"A Comiss\u00e3o de Valores Mobili\u00e1rios acusou o diretor financeiro da Embraer de omitir informa\u00e7\u00f5es em comunicado feito ao mercado. Clique e saiba+","robots":{"index":"index","follow":"follow","max-snippet":"max-snippet:-1","max-image-preview":"max-image-preview:large","max-video-preview":"max-video-preview:-1"},"canonical":"https:\/\/www.suno.com.br\/noticias\/cvm-acusa-diretor-embraer-omitido\/","og_locale":"pt_BR","og_type":"article","og_title":"CVM acusa diretor da Embraer de ter omitido informa\u00e7\u00f5es ao mercado","og_description":"A Comiss\u00e3o de Valores Mobili\u00e1rios acusou o diretor financeiro da Embraer de omitir informa\u00e7\u00f5es em comunicado feito ao mercado. Clique e saiba+","og_url":"https:\/\/www.suno.com.br\/noticias\/cvm-acusa-diretor-embraer-omitido\/","og_site_name":"Suno Not\u00edcias","article_publisher":"https:\/\/facebook.com\/sunoresearch","og_image":[{"width":1200,"height":800,"url":"https:\/\/files.sunoresearch.com.br\/n\/uploads\/2018\/12\/6166c96c-embraer-e-boeing.jpg","type":"image\/jpeg"}],"author":"Guilherme Caetano","twitter_card":"summary_large_image","twitter_creator":"@sunoresearch","twitter_site":"@sunoresearch","twitter_misc":{"Escrito por":"Guilherme Caetano","Est. tempo de leitura":"3 minutos"},"schema":{"@context":"https:\/\/schema.org","@graph":[{"@type":"NewsArticle","@id":"https:\/\/www.suno.com.br\/noticias\/cvm-acusa-diretor-embraer-omitido\/#article","isPartOf":{"@id":"https:\/\/www.suno.com.br\/noticias\/cvm-acusa-diretor-embraer-omitido\/"},"author":{"name":"Guilherme Caetano","@id":"https:\/\/www.suno.com.br\/noticias\/#\/schema\/person\/0d0c9687cd2f600c564f25980c140de9"},"headline":"CVM acusa diretor da Embraer de ter omitido informa\u00e7\u00f5es ao mercado","datePublished":"2019-02-09T14:17:08+00:00","mainEntityOfPage":{"@id":"https:\/\/www.suno.com.br\/noticias\/cvm-acusa-diretor-embraer-omitido\/"},"wordCount":642,"publisher":{"@id":"https:\/\/www.suno.com.br\/noticias\/#organization"},"image":{"@id":"https:\/\/www.suno.com.br\/noticias\/cvm-acusa-diretor-embraer-omitido\/#primaryimage"},"thumbnailUrl":"https:\/\/files.sunoresearch.com.br\/n\/uploads\/2018\/12\/6166c96c-embraer-e-boeing-jpg.webp","keywords":["Boeing (BOEI34)","Comiss\u00e3o de Valores Mobili\u00e1rios (CVM)","Embraer (EMBR3)","Jair Bolsonaro"],"articleSection":["Neg\u00f3cios"],"inLanguage":"pt-BR"},{"@type":"WebPage","@id":"https:\/\/www.suno.com.br\/noticias\/cvm-acusa-diretor-embraer-omitido\/","url":"https:\/\/www.suno.com.br\/noticias\/cvm-acusa-diretor-embraer-omitido\/","name":"CVM acusa diretor da Embraer de ter omitido informa\u00e7\u00f5es ao mercado","isPartOf":{"@id":"https:\/\/www.suno.com.br\/noticias\/#website"},"primaryImageOfPage":{"@id":"https:\/\/www.suno.com.br\/noticias\/cvm-acusa-diretor-embraer-omitido\/#primaryimage"},"image":{"@id":"https:\/\/www.suno.com.br\/noticias\/cvm-acusa-diretor-embraer-omitido\/#primaryimage"},"thumbnailUrl":"https:\/\/files.sunoresearch.com.br\/n\/uploads\/2018\/12\/6166c96c-embraer-e-boeing-jpg.webp","datePublished":"2019-02-09T14:17:08+00:00","description":"A Comiss\u00e3o de Valores Mobili\u00e1rios acusou o diretor financeiro da Embraer de omitir informa\u00e7\u00f5es em comunicado feito ao mercado. Clique e saiba+","breadcrumb":{"@id":"https:\/\/www.suno.com.br\/noticias\/cvm-acusa-diretor-embraer-omitido\/#breadcrumb"},"inLanguage":"pt-BR","potentialAction":[{"@type":"ReadAction","target":["https:\/\/www.suno.com.br\/noticias\/cvm-acusa-diretor-embraer-omitido\/"]}]},{"@type":"ImageObject","inLanguage":"pt-BR","@id":"https:\/\/www.suno.com.br\/noticias\/cvm-acusa-diretor-embraer-omitido\/#primaryimage","url":"https:\/\/files.sunoresearch.com.br\/n\/uploads\/2018\/12\/6166c96c-embraer-e-boeing-jpg.webp","contentUrl":"https:\/\/files.sunoresearch.com.br\/n\/uploads\/2018\/12\/6166c96c-embraer-e-boeing-jpg.webp","width":1200,"height":800,"caption":"Embraer e Boeing"},{"@type":"BreadcrumbList","@id":"https:\/\/www.suno.com.br\/noticias\/cvm-acusa-diretor-embraer-omitido\/#breadcrumb","itemListElement":[{"@type":"ListItem","position":1,"name":"Not\u00edcias","item":"https:\/\/www.suno.com.br\/noticias\/"},{"@type":"ListItem","position":2,"name":"Neg\u00f3cios","item":"https:\/\/www.suno.com.br\/noticias\/negocios\/"},{"@type":"ListItem","position":3,"name":"CVM acusa diretor da Embraer de ter omitido informa\u00e7\u00f5es ao mercado"}]},{"@type":"WebSite","@id":"https:\/\/www.suno.com.br\/noticias\/#website","url":"https:\/\/www.suno.com.br\/noticias\/","name":"Suno Not\u00edcias","description":"Seu portal de informa\u00e7\u00e3o sobre o mundo dos investimentos","publisher":{"@id":"https:\/\/www.suno.com.br\/noticias\/#organization"},"potentialAction":[{"@type":"SearchAction","target":{"@type":"EntryPoint","urlTemplate":"https:\/\/www.suno.com.br\/noticias\/?s={search_term_string}"},"query-input":{"@type":"PropertyValueSpecification","valueRequired":true,"valueName":"search_term_string"}}],"inLanguage":"pt-BR"},{"@type":"Organization","@id":"https:\/\/www.suno.com.br\/noticias\/#organization","name":"Suno Not\u00edcias","url":"https:\/\/www.suno.com.br\/noticias\/","logo":{"@type":"ImageObject","inLanguage":"pt-BR","@id":"https:\/\/www.suno.com.br\/noticias\/#\/schema\/logo\/image\/","url":"https:\/\/files.sunoresearch.com.br\/n\/uploads\/2021\/09\/suno-logo.png","contentUrl":"https:\/\/files.sunoresearch.com.br\/n\/uploads\/2021\/09\/suno-logo.png","width":180,"height":180,"caption":"Suno Not\u00edcias"},"image":{"@id":"https:\/\/www.suno.com.br\/noticias\/#\/schema\/logo\/image\/"},"sameAs":["https:\/\/facebook.com\/sunoresearch","https:\/\/x.com\/sunoresearch","https:\/\/www.instagram.com\/suno","https:\/\/www.linkedin.com\/company\/suno-research\/","https:\/\/www.youtube.com\/c\/sunoresearch"]},{"@type":"Person","@id":"https:\/\/www.suno.com.br\/noticias\/#\/schema\/person\/0d0c9687cd2f600c564f25980c140de9","name":"Guilherme Caetano","image":{"@type":"ImageObject","inLanguage":"pt-BR","@id":"https:\/\/www.suno.com.br\/noticias\/#\/schema\/person\/image\/","url":"https:\/\/secure.gravatar.com\/avatar\/e48357351a01702a0d19307070e081bf?s=96&r=g","contentUrl":"https:\/\/secure.gravatar.com\/avatar\/e48357351a01702a0d19307070e081bf?s=96&r=g","caption":"Guilherme Caetano"},"description":"Formado em jornalismo pela Escola de Comunica\u00e7\u00f5es e Artes da USP, Guilherme Caetano escreve para o portal de not\u00edcias da Suno Research. Passou pelas reda\u00e7\u00f5es da Folha de S.Paulo e da revista \u00c9poca.","url":"https:\/\/www.suno.com.br\/noticias\/author\/guilherme-caetano\/"}]}},"default_loop_html":"<div class=\"cardsPage__listCard__boxs\"><div class=\"cardsPage__listCard__boxs__img\"><a href=\"https:\/\/www.suno.com.br\/noticias\/cvm-acusa-diretor-embraer-omitido\/\"><img class=\"mask\" src=\"https:\/\/www.suno.com.br\/noticias\/wp-content\/themes\/suno\/resources\/images\/spotlight\/spotlight1img\/bg-mask.png\" alt=\"Image Mask\"\/><img src=\"https:\/\/files.sunoresearch.com.br\/n\/uploads\/2018\/12\/6166c96c-embraer-e-boeing-400x200.webp\" alt=\"CVM acusa diretor da Embraer de ter omitido informa\u00e7\u00f5es ao mercado\"\/><\/a><span class=\"spotlightCategory\"><a href=\"https:\/\/www.suno.com.br\/noticias\/negocios\/\">Neg\u00f3cios<\/a><\/span><\/div><div class=\"cardsPage__listCard__boxs__content\"><a href=\"https:\/\/www.suno.com.br\/noticias\/cvm-acusa-diretor-embraer-omitido\/\"><h2 class=\"content__title\">CVM acusa diretor da Embraer de ter omitido informa\u00e7\u00f5es ao mercado<\/h2><\/a><div class=\"newsContent__article__meta\"><div class=\"newsContent__article__meta__authorBox\"><a href=\"https:\/\/www.suno.com.br\/noticias\/author\/guilherme-caetano\/\" class=\"authorBox__avatar noMobi\"><img src=\"https:\/\/secure.gravatar.com\/avatar\/e48357351a01702a0d19307070e081bf?s=96&#038;r=g\" alt=\"Guilherme Caetano\"><\/a><div class=\"authorBox__name\"><span>por\n\t\t\t<a href=\"https:\/\/www.suno.com.br\/noticias\/author\/guilherme-caetano\/\"><span itemprop=\"author\">Guilherme Caetano<\/span><\/a><\/span><time datetime=\"2019-02-09T12:17:08-02:00\" itemprop=\"datePublished\">09\/02\/2019 12:17<\/time><\/div><\/div><\/div><\/div><\/div>","single_layout":"posts","amp_enabled":true,"_links":{"self":[{"href":"https:\/\/www.suno.com.br\/noticias\/wp-json\/wp\/v2\/posts\/14783"}],"collection":[{"href":"https:\/\/www.suno.com.br\/noticias\/wp-json\/wp\/v2\/posts"}],"about":[{"href":"https:\/\/www.suno.com.br\/noticias\/wp-json\/wp\/v2\/types\/post"}],"author":[{"embeddable":true,"href":"https:\/\/www.suno.com.br\/noticias\/wp-json\/wp\/v2\/users\/13"}],"replies":[{"embeddable":true,"href":"https:\/\/www.suno.com.br\/noticias\/wp-json\/wp\/v2\/comments?post=14783"}],"version-history":[{"count":0,"href":"https:\/\/www.suno.com.br\/noticias\/wp-json\/wp\/v2\/posts\/14783\/revisions"}],"wp:featuredmedia":[{"embeddable":true,"href":"https:\/\/www.suno.com.br\/noticias\/wp-json\/wp\/v2\/media\/9113"}],"wp:attachment":[{"href":"https:\/\/www.suno.com.br\/noticias\/wp-json\/wp\/v2\/media?parent=14783"}],"wp:term":[{"taxonomy":"category","embeddable":true,"href":"https:\/\/www.suno.com.br\/noticias\/wp-json\/wp\/v2\/categories?post=14783"},{"taxonomy":"post_tag","embeddable":true,"href":"https:\/\/www.suno.com.br\/noticias\/wp-json\/wp\/v2\/tags?post=14783"},{"taxonomy":"suno_strategy","embeddable":true,"href":"https:\/\/www.suno.com.br\/noticias\/wp-json\/wp\/v2\/suno_strategy?post=14783"}],"curies":[{"name":"wp","href":"https:\/\/api.w.org\/{rel}","templated":true}]}}