{"id":147769,"date":"2021-05-12T17:19:28","date_gmt":"2021-05-12T20:19:28","guid":{"rendered":"https:\/\/www.suno.com.br\/noticias\/?p=147769"},"modified":"2021-05-12T20:38:28","modified_gmt":"2021-05-12T23:38:28","slug":"dolar-alta-159-12052021","status":"publish","type":"post","link":"https:\/\/www.suno.com.br\/noticias\/dolar-alta-159-12052021\/","title":{"rendered":"D\u00f3lar fecha em alta de 1,59%, ap\u00f3s dados de infla\u00e7\u00e3o dos EUA"},"content":{"rendered":"<p>O <strong><a href=\"https:\/\/www.suno.com.br\/artigos\/mercado-de-cambio\/\">d\u00f3lar<\/a><\/strong> terminou o preg\u00e3o desta quarta-feira (12) em forte alta de 1,59%, voltando a ser negociado a R$ 5,30.<\/p>\t<div class=\"wrapper-featured-image\">\n\t\t<figure class=\"spotlightImg\">\n\n\t\t\t<picture>\n\t\t\t\t<source media=\"(max-width: 768px)\" srcset=\"https:\/\/files.sunoresearch.com.br\/n\/uploads\/2021\/03\/08a84518-flag-1291945_1280-1-400x200.webp\">\n\t\t\t\t<img loading=\"lazy\" decoding=\"async\" class=\"newsContent__article__imgCapa lazyloadDisabled \" src=\"https:\/\/files.sunoresearch.com.br\/n\/uploads\/2021\/03\/08a84518-flag-1291945_1280-1-800x450.webp\" width=\"800\" height=\"450\" alt=\"D\u00f3lar fecha em alta de 1,59%, ap\u00f3s dados de infla\u00e7\u00e3o dos EUA\" fetchpriority=high \/>\n\t\t\t<\/picture>\n\n\t\t\t<figcaption class=\"wp-caption-text wp-caption-text--show\">EUA - Foto: Angelique Johnson, por Pixabay.<\/figcaption>\n\t\t<\/figure>\n\t<\/div>\n\n\n\t<p>\n\t\t<a href=\"https:\/\/lp.suno.com.br\/planilha-controle-gastos\/\" target=\"_blank\" data-element=\"shortcode-suno-banner\" title=\"Banner SUNO, clique e saiba mais\">\n\t\t\t<picture>\n\t\t\t\t<source media=\"(max-width: 500px)\" srcset=\"https:\/\/files.sunoresearch.com.br\/n\/uploads\/2023\/03\/400x300-Planilha-controle-de-gastos.png\">\n\t\t\t\t<img class=\"newsContent__article__imgCapa newsContent__article__imgCapa--banner\"\n\t\t\t\t\tsrc=\"https:\/\/files.sunoresearch.com.br\/n\/uploads\/2023\/03\/1420x240-Planilha-controle-de-gastos.png\"\n\t\t\t\t\tdata-promo-id=\"101751\"\t\t\t\t\t\t\t\t\t\twidth='1420' height='240'\t\t\t\t\talt=\"https:\/\/files.sunoresearch.com.br\/n\/uploads\/2023\/03\/1420x240-Planilha-controle-de-gastos.png\"\n\t\t\t\t>\n\t\t\t<\/picture>\n\t\t<\/a>\n\t<\/p>\n\n\n<p>A moeda avan\u00e7ou hoje com o mercado atento aos dados da infla\u00e7\u00e3o dos Estados Unidos. No cen\u00e1rio nacional, chama a aten\u00e7\u00e3o do investidor a CPI da Covid que n\u00e3o mostrou avan\u00e7o nesses \u00faltimos dias. Por volta das 15h30, o d\u00f3lar j\u00e1 subia 1,05%, negociado a R$ 5,27.<\/p>\n<p>O \u00edndice de <strong>pre\u00e7os ao consumidor<\/strong> (CPI) dos EUA saltou 4,2% em abril em rela\u00e7\u00e3o ao ano anterior, ante 2,6% no ano encerrado em mar\u00e7o. Esse \u00e9 o n\u00edvel mais alto em 12 meses, desde 2008.<br \/>\n\t<p>\n\t\t<a href=\"\" target=\"_blank\" data-element=\"shortcode-suno-banner\" title=\"Banner SUNO, clique e saiba mais\">\n\t\t\t<picture>\n\t\t\t\t<source media=\"(max-width: 500px)\" srcset=\"\">\n\t\t\t\t<img class=\"newsContent__article__imgCapa newsContent__article__imgCapa--banner\"\n\t\t\t\t\tsrc=\"\"\n\t\t\t\t\tdata-promo-id=\"92668\"\t\t\t\t\t\t\t\t\t\t\t\t\t\t\talt=\"\"\n\t\t\t\t>\n\t\t\t<\/picture>\n\t\t<\/a>\n\t<\/p>\n\n<br \/>\n<a href=\"https:\/\/lp.suno.com.br\/suno-one\/\">Suno One: acesse gratuitamente eBooks, Minicursos, Artigos e V\u00eddeo Aulas sobre investimentos com um \u00fanico cadastro. Clique para saber mais!<\/a><\/p>\n<p>O CPI mede o que os consumidores pagam por bens e servi\u00e7os, incluindo <strong>roupas<\/strong>, <strong>mantimentos<\/strong>, <strong>refei\u00e7\u00f5es em restaurantes<\/strong>, <strong>atividades recreativas<\/strong> e <strong>ve\u00edculos<\/strong>. Os pre\u00e7os de autom\u00f3veis usados subiram 10% em abril em compara\u00e7\u00e3o com o m\u00eas anterior &#8211; o maior aumento mensal j\u00e1 registrado. Este item foi respons\u00e1vel por mais de um ter\u00e7o do aumento total do \u00edndice, disse o Departamento do Trabalho.<\/p>\n<p>Diante disso, veja as not\u00edcias importantes do dia:<\/p>\n<ul>\n<li>Para Casa Branca, alta da infla\u00e7\u00e3o nos EUA \u00e9 tempor\u00e1ria; Fed fala em interven\u00e7\u00e3o<\/li>\n<li>BC: casas esperam volta do PIB ao n\u00edvel pr\u00e9-covid entre 4\u00ba tri e 1\u00ba tri de 2022<\/li>\n<li>UE melhora previs\u00f5es para crescimento do PIB em 2021 e 2022<\/li>\n<\/ul>\n<h2>Infla\u00e7\u00e3o nos EUA<\/h2>\n<p>Ap\u00f3s o salto na<strong> infla\u00e7\u00e3o<\/strong> dos Estados Unidos em abril, o governo norte-americano manteve a avalia\u00e7\u00e3o de que a <a href=\"https:\/\/www.suno.com.br\/artigos\/inflacao\/\">alta nos pre\u00e7os<\/a> \u00e9 tempor\u00e1ria. Em uma coletiva de imprensa, a porta-voz da Carta Branca, Jen Psaki, afirmou que o avan\u00e7o do indicador \u00e9 resultado da transi\u00e7\u00e3o que o pa\u00eds vive, da crise gerada pela pandemia de covid-19 para a retomada econ\u00f4mica.<\/p>\n<p>Segundo Psaki, o governo do presidente dos EUA, <a href=\"https:\/\/www.suno.com.br\/noticias\/joe-biden-conheca-o-novo-presidente-dos-estados-unidos\/\">Joe Biden<\/a>, <strong>se preparou para essa alta da infla\u00e7\u00e3o<\/strong>. &#8220;Continuamos consistentemente monitorando a infla\u00e7\u00e3o&#8221;, garantiu.<\/p>\n<p>O argumento da Casa Branca de que <strong>a alta dos pre\u00e7os \u00e9 transit\u00f3ria<\/strong> \u00e9 o mesmo usado pela maioria dos dirigentes do <a href=\"https:\/\/www.suno.com.br\/artigos\/fed\/\">Federal Reserve,<\/a> o banco central norte-americano.<\/p>\n\t<div data-element=\"shortcode-read-more\" class=\"knowMore\">\n\t\t\t\t<span class=\"knowMore__title\">Saiba Mais<\/span>\n\t\t\t\t<a class=\"knowMore__link\" href=\"https:\/\/www.suno.com.br\/noticias\/para-casa-branca-alta-da-inflacao-nos-eua-e-temporaria-fed-fala-em-intervencao\/\">\n\t\t\tPara Casa Branca, alta da infla\u00e7\u00e3o nos EUA \u00e9 tempor\u00e1ria; Fed fala em interven\u00e7\u00e3o\t\t<\/a>\n\t<\/div>\n\n\n<h2>PIB no Brasil<\/h2>\n<p>A maioria das institui\u00e7\u00f5es financeiras espera que o Produto Interno Bruto (PIB) do Brasil retorne ao patamar pr\u00e9-covid-19 no quarto trimestre de 2021 ou no primeiro trimestre de 2022. Em um universo de 85 institui\u00e7\u00f5es, 29 delas acreditam que o PIB voltar\u00e1 ao n\u00edvel anterior \u00e0 pandemia no quarto trimestre deste ano. Outras 23 citam o primeiro trimestre de 2022.<\/p>\n<p>Os dados fazem parte dos resultados quantitativos agregados do question\u00e1rio pr\u00e9-Copom, que foram divulgados pela primeira vez pelo BC na manh\u00e3 desta quarta-feira, 12. Os n\u00fameros serviram de base para que o Comit\u00ea de Pol\u00edtica Monet\u00e1ria (Copom) elevasse, na semana passada, a Selic de 2,75% para 3,50% ao ano.<\/p>\n<p>Conforme os dados agregados, por\u00e9m, h\u00e1 institui\u00e7\u00f5es mais pessimistas quanto \u00e0 recupera\u00e7\u00e3o do PIB. Duas delas esperam o retorno ao patamar anterior \u00e0 pandemia apenas no primeiro trimestre de 2023. Tr\u00eas delas citam o segundo trimestre de 2023.<\/p>\n<h2>Uni\u00e3o Europeia<\/h2>\n<p>A Comiss\u00e3o Europeia elevou as principais proje\u00e7\u00f5es econ\u00f4micas em seu relat\u00f3rio da Primavera divulgado nesta quarta-feira, 12, em meio a renovadas expectativas pela forte recupera\u00e7\u00e3o da economia da Uni\u00e3o Europeia (UE), \u00e0 medida que a vacina\u00e7\u00e3o contra o coronav\u00edrus avan\u00e7a e permite o relaxamento de restri\u00e7\u00f5es \u00e0 mobilidade em v\u00e1rios pa\u00edses.<\/p>\n<p>Ap\u00f3s tombo de 6,6% em 2020, o \u00f3rg\u00e3o prev\u00ea que o Produto Interno Bruto (PIB) da zona do euro crescer\u00e1 4,3% em 2021 e 4,4% em 2022. Na atualiza\u00e7\u00e3o anterior, a expectativa era por expans\u00e3o de 3,8% em cada um dos dois anos. Para a UE como um todo, a proje\u00e7\u00e3o \u00e9 de que o PIB avance 4,2% este ano e 4,4% no pr\u00f3ximo.<\/p>\n<h2>\u00daltima cota\u00e7\u00e3o do d\u00f3lar<\/h2>\n<p>Na \u00faltima sess\u00e3o, ter\u00e7a-feira (11), o <strong>d\u00f3lar<\/strong> encerrou o preg\u00e3o em queda de 0,18%, negociado a $ 5,22.<\/p>\n\t<p>\n\t\t<a href=\"https:\/\/lp.suno.com.br\/planilha-da-vida-financeira\/\" target=\"_blank\" data-element=\"shortcode-suno-banner\" title=\"Banner SUNO, clique e saiba mais\">\n\t\t\t<picture>\n\t\t\t\t<source media=\"(max-width: 500px)\" srcset=\"https:\/\/files.sunoresearch.com.br\/n\/uploads\/2023\/04\/400x300-Planilha-vida-financeira-true.png\">\n\t\t\t\t<img class=\"newsContent__article__imgCapa newsContent__article__imgCapa--banner\"\n\t\t\t\t\tsrc=\"https:\/\/files.sunoresearch.com.br\/n\/uploads\/2023\/04\/1420x240-Planilha-vida-financeira-true.png\"\n\t\t\t\t\tdata-promo-id=\"106682\"\t\t\t\t\t\t\t\t\t\twidth='1420' height='240'\t\t\t\t\talt=\"https:\/\/files.sunoresearch.com.br\/n\/uploads\/2023\/04\/1420x240-Planilha-vida-financeira-true.png\"\n\t\t\t\t>\n\t\t\t<\/picture>\n\t\t<\/a>\n\t<\/p>\n\n\n","protected":false},"excerpt":{"rendered":"<p>O d\u00f3lar terminou o preg\u00e3o desta quarta-feira (12) em forte alta de 1,59%, voltando a ser negociado a R$ 5,30. EUA &#8211; Foto: Angelique Johnson, por Pixabay. A moeda avan\u00e7ou hoje com o mercado atento aos dados da infla\u00e7\u00e3o dos Estados Unidos. No cen\u00e1rio nacional, chama a aten\u00e7\u00e3o do investidor a CPI da Covid que [&hellip;]<\/p>\n","protected":false},"author":56,"featured_media":137454,"comment_status":"closed","ping_status":"closed","sticky":false,"template":"","format":"standard","meta":[],"categories":[60],"tags":[1842,326,793,850,731],"suno_strategy":[],"class_list":["post-147769","post","type-post","status-publish","format-standard","has-post-thumbnail","hentry","category-mercado","tag-banco-central-bc","tag-dolar","tag-estados-unidos-eua","tag-inflacao","tag-uniao-europeia"],"yoast_head":"<!-- This site is optimized with the Yoast SEO plugin v24.4 - https:\/\/yoast.com\/wordpress\/plugins\/seo\/ -->\n<title>D\u00f3lar fecha em alta de 1,59%, ap\u00f3s dados de infla\u00e7\u00e3o dos EUA<\/title>\n<meta name=\"description\" content=\"O d\u00f3lar voltou aos R$ 5,30 hoje, com o mercado atento aos dados da infla\u00e7\u00e3o dos Estados Unidos. Clique aqui para saber mais.\" \/>\n<meta name=\"robots\" content=\"index, follow, max-snippet:-1, max-image-preview:large, max-video-preview:-1\" \/>\n<link rel=\"canonical\" href=\"https:\/\/www.suno.com.br\/noticias\/dolar-alta-159-12052021\/\" \/>\n<meta property=\"og:locale\" content=\"pt_BR\" \/>\n<meta property=\"og:type\" content=\"article\" \/>\n<meta property=\"og:title\" content=\"D\u00f3lar fecha em alta de 1,59%, ap\u00f3s dados de infla\u00e7\u00e3o dos EUA\" \/>\n<meta property=\"og:description\" content=\"O d\u00f3lar voltou aos R$ 5,30 hoje, com o mercado atento aos dados da infla\u00e7\u00e3o dos Estados Unidos. Clique aqui para saber mais.\" \/>\n<meta property=\"og:url\" content=\"https:\/\/www.suno.com.br\/noticias\/dolar-alta-159-12052021\/\" \/>\n<meta property=\"og:site_name\" content=\"Suno Not\u00edcias\" \/>\n<meta property=\"article:publisher\" content=\"https:\/\/facebook.com\/sunoresearch\" \/>\n<meta property=\"og:image\" content=\"https:\/\/files.sunoresearch.com.br\/n\/uploads\/2021\/03\/08a84518-flag-1291945_1280-1.jpg\" \/>\n\t<meta property=\"og:image:width\" content=\"1280\" \/>\n\t<meta property=\"og:image:height\" content=\"897\" \/>\n\t<meta property=\"og:image:type\" content=\"image\/jpeg\" \/>\n<meta name=\"author\" content=\"Rafaela La Regina\" \/>\n<meta name=\"twitter:card\" content=\"summary_large_image\" \/>\n<meta name=\"twitter:creator\" content=\"@sunoresearch\" \/>\n<meta name=\"twitter:site\" content=\"@sunoresearch\" \/>\n<meta name=\"twitter:label1\" content=\"Escrito por\" \/>\n\t<meta name=\"twitter:data1\" content=\"Rafaela La Regina\" \/>\n\t<meta name=\"twitter:label2\" content=\"Est. tempo de leitura\" \/>\n\t<meta name=\"twitter:data2\" content=\"3 minutos\" \/>\n<script type=\"application\/ld+json\" class=\"yoast-schema-graph\">{\"@context\":\"https:\/\/schema.org\",\"@graph\":[{\"@type\":\"NewsArticle\",\"@id\":\"https:\/\/www.suno.com.br\/noticias\/dolar-alta-159-12052021\/#article\",\"isPartOf\":{\"@id\":\"https:\/\/www.suno.com.br\/noticias\/dolar-alta-159-12052021\/\"},\"author\":{\"name\":\"Rafaela La Regina\",\"@id\":\"https:\/\/www.suno.com.br\/noticias\/#\/schema\/person\/e672ca8cea627fe715fa29bca7da95e0\"},\"headline\":\"D\u00f3lar fecha em alta de 1,59%, ap\u00f3s dados de infla\u00e7\u00e3o dos EUA\",\"datePublished\":\"2021-05-12T20:19:28+00:00\",\"dateModified\":\"2021-05-12T23:38:28+00:00\",\"mainEntityOfPage\":{\"@id\":\"https:\/\/www.suno.com.br\/noticias\/dolar-alta-159-12052021\/\"},\"wordCount\":700,\"publisher\":{\"@id\":\"https:\/\/www.suno.com.br\/noticias\/#organization\"},\"image\":{\"@id\":\"https:\/\/www.suno.com.br\/noticias\/dolar-alta-159-12052021\/#primaryimage\"},\"thumbnailUrl\":\"https:\/\/files.sunoresearch.com.br\/n\/uploads\/2021\/03\/08a84518-flag-1291945_1280-1-jpg.webp\",\"keywords\":[\"Banco Central (BC)\",\"d\u00f3lar\",\"Estados Unidos (EUA)\",\"infla\u00e7\u00e3o\",\"Uni\u00e3o Europeia\"],\"articleSection\":[\"Mercado\"],\"inLanguage\":\"pt-BR\"},{\"@type\":\"WebPage\",\"@id\":\"https:\/\/www.suno.com.br\/noticias\/dolar-alta-159-12052021\/\",\"url\":\"https:\/\/www.suno.com.br\/noticias\/dolar-alta-159-12052021\/\",\"name\":\"D\u00f3lar fecha em alta de 1,59%, ap\u00f3s dados de infla\u00e7\u00e3o dos EUA\",\"isPartOf\":{\"@id\":\"https:\/\/www.suno.com.br\/noticias\/#website\"},\"primaryImageOfPage\":{\"@id\":\"https:\/\/www.suno.com.br\/noticias\/dolar-alta-159-12052021\/#primaryimage\"},\"image\":{\"@id\":\"https:\/\/www.suno.com.br\/noticias\/dolar-alta-159-12052021\/#primaryimage\"},\"thumbnailUrl\":\"https:\/\/files.sunoresearch.com.br\/n\/uploads\/2021\/03\/08a84518-flag-1291945_1280-1-jpg.webp\",\"datePublished\":\"2021-05-12T20:19:28+00:00\",\"dateModified\":\"2021-05-12T23:38:28+00:00\",\"description\":\"O d\u00f3lar voltou aos R$ 5,30 hoje, com o mercado atento aos dados da infla\u00e7\u00e3o dos Estados Unidos. Clique aqui para saber mais.\",\"breadcrumb\":{\"@id\":\"https:\/\/www.suno.com.br\/noticias\/dolar-alta-159-12052021\/#breadcrumb\"},\"inLanguage\":\"pt-BR\",\"potentialAction\":[{\"@type\":\"ReadAction\",\"target\":[\"https:\/\/www.suno.com.br\/noticias\/dolar-alta-159-12052021\/\"]}]},{\"@type\":\"ImageObject\",\"inLanguage\":\"pt-BR\",\"@id\":\"https:\/\/www.suno.com.br\/noticias\/dolar-alta-159-12052021\/#primaryimage\",\"url\":\"https:\/\/files.sunoresearch.com.br\/n\/uploads\/2021\/03\/08a84518-flag-1291945_1280-1-jpg.webp\",\"contentUrl\":\"https:\/\/files.sunoresearch.com.br\/n\/uploads\/2021\/03\/08a84518-flag-1291945_1280-1-jpg.webp\",\"width\":1280,\"height\":897,\"caption\":\"EUA - Foto: Angelique Johnson, por Pixabay.\"},{\"@type\":\"BreadcrumbList\",\"@id\":\"https:\/\/www.suno.com.br\/noticias\/dolar-alta-159-12052021\/#breadcrumb\",\"itemListElement\":[{\"@type\":\"ListItem\",\"position\":1,\"name\":\"Not\u00edcias\",\"item\":\"https:\/\/www.suno.com.br\/noticias\/\"},{\"@type\":\"ListItem\",\"position\":2,\"name\":\"Mercado\",\"item\":\"https:\/\/www.suno.com.br\/noticias\/mercado\/\"},{\"@type\":\"ListItem\",\"position\":3,\"name\":\"D\u00f3lar fecha em alta de 1,59%, ap\u00f3s dados de infla\u00e7\u00e3o dos EUA\"}]},{\"@type\":\"WebSite\",\"@id\":\"https:\/\/www.suno.com.br\/noticias\/#website\",\"url\":\"https:\/\/www.suno.com.br\/noticias\/\",\"name\":\"Suno Not\u00edcias\",\"description\":\"Seu portal de informa\u00e7\u00e3o sobre o mundo dos investimentos\",\"publisher\":{\"@id\":\"https:\/\/www.suno.com.br\/noticias\/#organization\"},\"potentialAction\":[{\"@type\":\"SearchAction\",\"target\":{\"@type\":\"EntryPoint\",\"urlTemplate\":\"https:\/\/www.suno.com.br\/noticias\/?s={search_term_string}\"},\"query-input\":{\"@type\":\"PropertyValueSpecification\",\"valueRequired\":true,\"valueName\":\"search_term_string\"}}],\"inLanguage\":\"pt-BR\"},{\"@type\":\"Organization\",\"@id\":\"https:\/\/www.suno.com.br\/noticias\/#organization\",\"name\":\"Suno Not\u00edcias\",\"url\":\"https:\/\/www.suno.com.br\/noticias\/\",\"logo\":{\"@type\":\"ImageObject\",\"inLanguage\":\"pt-BR\",\"@id\":\"https:\/\/www.suno.com.br\/noticias\/#\/schema\/logo\/image\/\",\"url\":\"https:\/\/files.sunoresearch.com.br\/n\/uploads\/2021\/09\/suno-logo.png\",\"contentUrl\":\"https:\/\/files.sunoresearch.com.br\/n\/uploads\/2021\/09\/suno-logo.png\",\"width\":180,\"height\":180,\"caption\":\"Suno Not\u00edcias\"},\"image\":{\"@id\":\"https:\/\/www.suno.com.br\/noticias\/#\/schema\/logo\/image\/\"},\"sameAs\":[\"https:\/\/facebook.com\/sunoresearch\",\"https:\/\/x.com\/sunoresearch\",\"https:\/\/www.instagram.com\/suno\",\"https:\/\/www.linkedin.com\/company\/suno-research\/\",\"https:\/\/www.youtube.com\/c\/sunoresearch\"]},{\"@type\":\"Person\",\"@id\":\"https:\/\/www.suno.com.br\/noticias\/#\/schema\/person\/e672ca8cea627fe715fa29bca7da95e0\",\"name\":\"Rafaela La Regina\",\"image\":{\"@type\":\"ImageObject\",\"inLanguage\":\"pt-BR\",\"@id\":\"https:\/\/www.suno.com.br\/noticias\/#\/schema\/person\/image\/\",\"url\":\"https:\/\/secure.gravatar.com\/avatar\/d2c75a52d243deb93d0465fdcb21bd37?s=96&r=g\",\"contentUrl\":\"https:\/\/secure.gravatar.com\/avatar\/d2c75a52d243deb93d0465fdcb21bd37?s=96&r=g\",\"caption\":\"Rafaela La Regina\"},\"description\":\"Estagi\u00e1ria no Suno Not\u00edcias. Escreve sobre economia, pol\u00edtica e neg\u00f3cios. Estuda Rela\u00e7\u00f5es Internacionais no IBMEC-SP.\",\"url\":\"https:\/\/www.suno.com.br\/noticias\/author\/rafaela-la-regina\/\"}]}<\/script>\n<!-- \/ Yoast SEO plugin. -->","yoast_head_json":{"title":"D\u00f3lar fecha em alta de 1,59%, ap\u00f3s dados de infla\u00e7\u00e3o dos EUA","description":"O d\u00f3lar voltou aos R$ 5,30 hoje, com o mercado atento aos dados da infla\u00e7\u00e3o dos Estados Unidos. Clique aqui para saber mais.","robots":{"index":"index","follow":"follow","max-snippet":"max-snippet:-1","max-image-preview":"max-image-preview:large","max-video-preview":"max-video-preview:-1"},"canonical":"https:\/\/www.suno.com.br\/noticias\/dolar-alta-159-12052021\/","og_locale":"pt_BR","og_type":"article","og_title":"D\u00f3lar fecha em alta de 1,59%, ap\u00f3s dados de infla\u00e7\u00e3o dos EUA","og_description":"O d\u00f3lar voltou aos R$ 5,30 hoje, com o mercado atento aos dados da infla\u00e7\u00e3o dos Estados Unidos. Clique aqui para saber mais.","og_url":"https:\/\/www.suno.com.br\/noticias\/dolar-alta-159-12052021\/","og_site_name":"Suno Not\u00edcias","article_publisher":"https:\/\/facebook.com\/sunoresearch","og_image":[{"width":1280,"height":897,"url":"https:\/\/files.sunoresearch.com.br\/n\/uploads\/2021\/03\/08a84518-flag-1291945_1280-1.jpg","type":"image\/jpeg"}],"author":"Rafaela La Regina","twitter_card":"summary_large_image","twitter_creator":"@sunoresearch","twitter_site":"@sunoresearch","twitter_misc":{"Escrito por":"Rafaela La Regina","Est. tempo de leitura":"3 minutos"},"schema":{"@context":"https:\/\/schema.org","@graph":[{"@type":"NewsArticle","@id":"https:\/\/www.suno.com.br\/noticias\/dolar-alta-159-12052021\/#article","isPartOf":{"@id":"https:\/\/www.suno.com.br\/noticias\/dolar-alta-159-12052021\/"},"author":{"name":"Rafaela La Regina","@id":"https:\/\/www.suno.com.br\/noticias\/#\/schema\/person\/e672ca8cea627fe715fa29bca7da95e0"},"headline":"D\u00f3lar fecha em alta de 1,59%, ap\u00f3s dados de infla\u00e7\u00e3o dos EUA","datePublished":"2021-05-12T20:19:28+00:00","dateModified":"2021-05-12T23:38:28+00:00","mainEntityOfPage":{"@id":"https:\/\/www.suno.com.br\/noticias\/dolar-alta-159-12052021\/"},"wordCount":700,"publisher":{"@id":"https:\/\/www.suno.com.br\/noticias\/#organization"},"image":{"@id":"https:\/\/www.suno.com.br\/noticias\/dolar-alta-159-12052021\/#primaryimage"},"thumbnailUrl":"https:\/\/files.sunoresearch.com.br\/n\/uploads\/2021\/03\/08a84518-flag-1291945_1280-1-jpg.webp","keywords":["Banco Central (BC)","d\u00f3lar","Estados Unidos (EUA)","infla\u00e7\u00e3o","Uni\u00e3o Europeia"],"articleSection":["Mercado"],"inLanguage":"pt-BR"},{"@type":"WebPage","@id":"https:\/\/www.suno.com.br\/noticias\/dolar-alta-159-12052021\/","url":"https:\/\/www.suno.com.br\/noticias\/dolar-alta-159-12052021\/","name":"D\u00f3lar fecha em alta de 1,59%, ap\u00f3s dados de infla\u00e7\u00e3o dos EUA","isPartOf":{"@id":"https:\/\/www.suno.com.br\/noticias\/#website"},"primaryImageOfPage":{"@id":"https:\/\/www.suno.com.br\/noticias\/dolar-alta-159-12052021\/#primaryimage"},"image":{"@id":"https:\/\/www.suno.com.br\/noticias\/dolar-alta-159-12052021\/#primaryimage"},"thumbnailUrl":"https:\/\/files.sunoresearch.com.br\/n\/uploads\/2021\/03\/08a84518-flag-1291945_1280-1-jpg.webp","datePublished":"2021-05-12T20:19:28+00:00","dateModified":"2021-05-12T23:38:28+00:00","description":"O d\u00f3lar voltou aos R$ 5,30 hoje, com o mercado atento aos dados da infla\u00e7\u00e3o dos Estados Unidos. Clique aqui para saber mais.","breadcrumb":{"@id":"https:\/\/www.suno.com.br\/noticias\/dolar-alta-159-12052021\/#breadcrumb"},"inLanguage":"pt-BR","potentialAction":[{"@type":"ReadAction","target":["https:\/\/www.suno.com.br\/noticias\/dolar-alta-159-12052021\/"]}]},{"@type":"ImageObject","inLanguage":"pt-BR","@id":"https:\/\/www.suno.com.br\/noticias\/dolar-alta-159-12052021\/#primaryimage","url":"https:\/\/files.sunoresearch.com.br\/n\/uploads\/2021\/03\/08a84518-flag-1291945_1280-1-jpg.webp","contentUrl":"https:\/\/files.sunoresearch.com.br\/n\/uploads\/2021\/03\/08a84518-flag-1291945_1280-1-jpg.webp","width":1280,"height":897,"caption":"EUA - Foto: Angelique Johnson, por Pixabay."},{"@type":"BreadcrumbList","@id":"https:\/\/www.suno.com.br\/noticias\/dolar-alta-159-12052021\/#breadcrumb","itemListElement":[{"@type":"ListItem","position":1,"name":"Not\u00edcias","item":"https:\/\/www.suno.com.br\/noticias\/"},{"@type":"ListItem","position":2,"name":"Mercado","item":"https:\/\/www.suno.com.br\/noticias\/mercado\/"},{"@type":"ListItem","position":3,"name":"D\u00f3lar fecha em alta de 1,59%, ap\u00f3s dados de infla\u00e7\u00e3o dos EUA"}]},{"@type":"WebSite","@id":"https:\/\/www.suno.com.br\/noticias\/#website","url":"https:\/\/www.suno.com.br\/noticias\/","name":"Suno Not\u00edcias","description":"Seu portal de informa\u00e7\u00e3o sobre o mundo dos investimentos","publisher":{"@id":"https:\/\/www.suno.com.br\/noticias\/#organization"},"potentialAction":[{"@type":"SearchAction","target":{"@type":"EntryPoint","urlTemplate":"https:\/\/www.suno.com.br\/noticias\/?s={search_term_string}"},"query-input":{"@type":"PropertyValueSpecification","valueRequired":true,"valueName":"search_term_string"}}],"inLanguage":"pt-BR"},{"@type":"Organization","@id":"https:\/\/www.suno.com.br\/noticias\/#organization","name":"Suno Not\u00edcias","url":"https:\/\/www.suno.com.br\/noticias\/","logo":{"@type":"ImageObject","inLanguage":"pt-BR","@id":"https:\/\/www.suno.com.br\/noticias\/#\/schema\/logo\/image\/","url":"https:\/\/files.sunoresearch.com.br\/n\/uploads\/2021\/09\/suno-logo.png","contentUrl":"https:\/\/files.sunoresearch.com.br\/n\/uploads\/2021\/09\/suno-logo.png","width":180,"height":180,"caption":"Suno Not\u00edcias"},"image":{"@id":"https:\/\/www.suno.com.br\/noticias\/#\/schema\/logo\/image\/"},"sameAs":["https:\/\/facebook.com\/sunoresearch","https:\/\/x.com\/sunoresearch","https:\/\/www.instagram.com\/suno","https:\/\/www.linkedin.com\/company\/suno-research\/","https:\/\/www.youtube.com\/c\/sunoresearch"]},{"@type":"Person","@id":"https:\/\/www.suno.com.br\/noticias\/#\/schema\/person\/e672ca8cea627fe715fa29bca7da95e0","name":"Rafaela La Regina","image":{"@type":"ImageObject","inLanguage":"pt-BR","@id":"https:\/\/www.suno.com.br\/noticias\/#\/schema\/person\/image\/","url":"https:\/\/secure.gravatar.com\/avatar\/d2c75a52d243deb93d0465fdcb21bd37?s=96&r=g","contentUrl":"https:\/\/secure.gravatar.com\/avatar\/d2c75a52d243deb93d0465fdcb21bd37?s=96&r=g","caption":"Rafaela La Regina"},"description":"Estagi\u00e1ria no Suno Not\u00edcias. Escreve sobre economia, pol\u00edtica e neg\u00f3cios. Estuda Rela\u00e7\u00f5es Internacionais no IBMEC-SP.","url":"https:\/\/www.suno.com.br\/noticias\/author\/rafaela-la-regina\/"}]}},"default_loop_html":"<div class=\"cardsPage__listCard__boxs\"><div class=\"cardsPage__listCard__boxs__img\"><a href=\"https:\/\/www.suno.com.br\/noticias\/dolar-alta-159-12052021\/\"><img class=\"mask\" src=\"https:\/\/www.suno.com.br\/noticias\/wp-content\/themes\/suno\/resources\/images\/spotlight\/spotlight1img\/bg-mask.png\" alt=\"Image Mask\"\/><img src=\"https:\/\/files.sunoresearch.com.br\/n\/uploads\/2021\/03\/08a84518-flag-1291945_1280-1-400x200.webp\" alt=\"D\u00f3lar fecha em alta de 1,59%, ap\u00f3s dados de infla\u00e7\u00e3o dos EUA\"\/><\/a><span class=\"spotlightCategory\"><a href=\"https:\/\/www.suno.com.br\/noticias\/mercado\/\">Mercado<\/a><\/span><\/div><div class=\"cardsPage__listCard__boxs__content\"><a href=\"https:\/\/www.suno.com.br\/noticias\/dolar-alta-159-12052021\/\"><h2 class=\"content__title\">D\u00f3lar fecha em alta de 1,59%, ap\u00f3s dados de infla\u00e7\u00e3o dos EUA<\/h2><\/a><div class=\"newsContent__article__meta\"><div class=\"newsContent__article__meta__authorBox\"><a href=\"https:\/\/www.suno.com.br\/noticias\/author\/rafaela-la-regina\/\" class=\"authorBox__avatar noMobi\"><img src=\"https:\/\/secure.gravatar.com\/avatar\/d2c75a52d243deb93d0465fdcb21bd37?s=96&#038;r=g\" alt=\"Rafaela La Regina\"><\/a><div class=\"authorBox__name\"><span>por\n\t\t\t<a href=\"https:\/\/www.suno.com.br\/noticias\/author\/rafaela-la-regina\/\"><span itemprop=\"author\">Rafaela La Regina<\/span><\/a><\/span><time datetime=\"2021-05-12T17:19:28-03:00\" itemprop=\"datePublished\">12\/05\/2021 17:19<\/time><\/div><\/div><\/div><\/div><\/div>","single_layout":"posts","amp_enabled":true,"_links":{"self":[{"href":"https:\/\/www.suno.com.br\/noticias\/wp-json\/wp\/v2\/posts\/147769"}],"collection":[{"href":"https:\/\/www.suno.com.br\/noticias\/wp-json\/wp\/v2\/posts"}],"about":[{"href":"https:\/\/www.suno.com.br\/noticias\/wp-json\/wp\/v2\/types\/post"}],"author":[{"embeddable":true,"href":"https:\/\/www.suno.com.br\/noticias\/wp-json\/wp\/v2\/users\/56"}],"replies":[{"embeddable":true,"href":"https:\/\/www.suno.com.br\/noticias\/wp-json\/wp\/v2\/comments?post=147769"}],"version-history":[{"count":2,"href":"https:\/\/www.suno.com.br\/noticias\/wp-json\/wp\/v2\/posts\/147769\/revisions"}],"predecessor-version":[{"id":147867,"href":"https:\/\/www.suno.com.br\/noticias\/wp-json\/wp\/v2\/posts\/147769\/revisions\/147867"}],"wp:featuredmedia":[{"embeddable":true,"href":"https:\/\/www.suno.com.br\/noticias\/wp-json\/wp\/v2\/media\/137454"}],"wp:attachment":[{"href":"https:\/\/www.suno.com.br\/noticias\/wp-json\/wp\/v2\/media?parent=147769"}],"wp:term":[{"taxonomy":"category","embeddable":true,"href":"https:\/\/www.suno.com.br\/noticias\/wp-json\/wp\/v2\/categories?post=147769"},{"taxonomy":"post_tag","embeddable":true,"href":"https:\/\/www.suno.com.br\/noticias\/wp-json\/wp\/v2\/tags?post=147769"},{"taxonomy":"suno_strategy","embeddable":true,"href":"https:\/\/www.suno.com.br\/noticias\/wp-json\/wp\/v2\/suno_strategy?post=147769"}],"curies":[{"name":"wp","href":"https:\/\/api.w.org\/{rel}","templated":true}]}}