{"id":147374,"date":"2021-05-12T09:29:47","date_gmt":"2021-05-12T12:29:47","guid":{"rendered":"https:\/\/www.suno.com.br\/noticias\/?p=147374"},"modified":"2021-05-12T19:23:05","modified_gmt":"2021-05-12T22:23:05","slug":"as-cotas-do-seu-fii-cairam-entenda-o-que-derruba-o-preco-na-emissao-de-fundos-imobiliarios","status":"publish","type":"post","link":"https:\/\/www.suno.com.br\/noticias\/as-cotas-do-seu-fii-cairam-entenda-o-que-derruba-o-preco-na-emissao-de-fundos-imobiliarios\/","title":{"rendered":"As cotas do seu FII ca\u00edram? Entenda o que derruba o pre\u00e7o na emiss\u00e3o de fundos imobili\u00e1rios"},"content":{"rendered":"<p>Muitos investidores de <a href=\"https:\/\/www.suno.com.br\/fundos-imobiliarios\/\" target=\"_blank\" rel=\"noopener noreferrer\"><strong>fundos imobili\u00e1rios<\/strong><\/a> se surpreendem quando o valor da cota de um FII cai ap\u00f3s a realiza\u00e7\u00e3o de uma nova emiss\u00e3o. No entanto, este \u00e9 um fen\u00f4meno normal e \u00e9 esperado que ele ocorra. Nesta mat\u00e9ria, o Suno Not\u00edcias explica quais s\u00e3o os motivos que levam \u00e0 queda e por que isso n\u00e3o \u00e9, necessariamente, um mau neg\u00f3cio.<\/p>\t<div class=\"wrapper-featured-image\">\n\t\t<figure class=\"spotlightImg\">\n\n\t\t\t<picture>\n\t\t\t\t<source media=\"(max-width: 768px)\" srcset=\"https:\/\/files.sunoresearch.com.br\/n\/uploads\/2021\/02\/1f25d491-kisu11-400x200.webp\">\n\t\t\t\t<img loading=\"lazy\" decoding=\"async\" class=\"newsContent__article__imgCapa lazyloadDisabled \" src=\"https:\/\/files.sunoresearch.com.br\/n\/uploads\/2021\/02\/1f25d491-kisu11-800x450.webp\" width=\"800\" height=\"450\" alt=\"As cotas do seu FII ca\u00edram? Entenda o que derruba o pre\u00e7o na emiss\u00e3o de fundos imobili\u00e1rios\" fetchpriority=high \/>\n\t\t\t<\/picture>\n\n\t\t\t<figcaption class=\"wp-caption-text wp-caption-text--show\">O KISU11\u00a0encerrou o dia em alta de 0,49% aos R$ 112,00.<\/figcaption>\n\t\t<\/figure>\n\t<\/div>\n\n\n<p>\t<p>\n\t\t<a href=\"\" target=\"_blank\" data-element=\"shortcode-suno-banner\" title=\"Banner SUNO, clique e saiba mais\">\n\t\t\t<picture>\n\t\t\t\t<source media=\"(max-width: 500px)\" srcset=\"\">\n\t\t\t\t<img class=\"newsContent__article__imgCapa newsContent__article__imgCapa--banner\"\n\t\t\t\t\tsrc=\"\"\n\t\t\t\t\tdata-promo-id=\"77014\"\t\t\t\t\t\t\t\t\t\t\t\t\t\t\talt=\"\"\n\t\t\t\t>\n\t\t\t<\/picture>\n\t\t<\/a>\n\t<\/p>\n\n<br \/>\nPara come\u00e7ar, \u00e9 importante explicar que <a href=\"https:\/\/www.suno.com.br\/artigos\/entendam-as-novas-emissoes-parte-1\/\" target=\"_blank\" rel=\"noopener noreferrer\">toda emiss\u00e3o tem uma data-base<\/a>, na qual o fundo verifica quem \u00e9 cotista e, portanto, tem <strong>direito de prefer\u00eancia<\/strong> para participar do novo processo\u00a0e comprar as cotas a um pre\u00e7o mais barato.<\/p>\n<p>At\u00e9 a data-base, os cotistas do fundo imobili\u00e1rio t\u00eam este direito. No dia seguinte, este direito deixa de existir para quem comprar a cota. \u00c9 natural, ent\u00e3o, que o pre\u00e7o do papel caia para refletir a aus\u00eancia dessa concess\u00e3o para os novos cotistas. Isso porque, a partir daquele dia, a janela de oportunidade se fechou.<\/p>\n<p>Com isso, fica f\u00e1cil entender o tombo que ocorre nas cota\u00e7\u00f5es depois que come\u00e7a a emiss\u00e3o. E quanto menor o fundo imobili\u00e1rio e maior a emiss\u00e3o, maior \u00e9 o efeito de desvaloriza\u00e7\u00e3o nas cotas.<\/p>\n<p><a href=\"https:\/\/lp.suno.com.br\/suno-one\/?ppp=noticias\/hospital-care-pedido-ipo-cvm\/\"><b>Suno One: acesse gratuitamente eBooks, Minicursos, Artigos e V\u00eddeo Aulas sobre investimentos com um \u00fanico cadastro. Clique para saber mais!<\/b><\/a><br \/>\n\t<p>\n\t\t<a href=\"\" target=\"_blank\" data-element=\"shortcode-suno-banner\" title=\"Banner SUNO, clique e saiba mais\">\n\t\t\t<picture>\n\t\t\t\t<source media=\"(max-width: 500px)\" srcset=\"\">\n\t\t\t\t<img class=\"newsContent__article__imgCapa newsContent__article__imgCapa--banner\"\n\t\t\t\t\tsrc=\"\"\n\t\t\t\t\tdata-promo-id=\"77050\"\t\t\t\t\t\t\t\t\t\t\t\t\t\t\talt=\"\"\n\t\t\t\t>\n\t\t\t<\/picture>\n\t\t<\/a>\n\t<\/p>\n\n\t<\/p>\n<p>Para os <strong>cotistas dos fundos imobili\u00e1rios<\/strong>, no entanto, esta perda na cota\u00e7\u00e3o n\u00e3o representa necessariamente um mau neg\u00f3cio. Isso porque, em contrapartida, ele recebeu os direitos de participar da emiss\u00e3o a um pre\u00e7o mais baixo, e tamb\u00e9m porque a valoriza\u00e7\u00e3o dos bons fundos tendem a retornar com o tempo.<\/p>\n<p>Inclusive, os cotistas mais experientes de fundos imobili\u00e1rios sabem que esta queda vai acontecer e costumam entrar nos fundos a um pre\u00e7o mais alto, justamente para poder comprar a pre\u00e7os mais baixos nas emiss\u00f5es seguintes.<\/p>\n<p>Para entender ainda melhor, confira os exemplos abaixo:<\/p>\n<h2>KISU11<\/h2>\n<p>O <strong>fundo imobili\u00e1rio KISU11<\/strong>, gerido pela Kilima e baseado no \u00edndice SUNO 30 de fundos imobili\u00e1rios, por exemplo, abriu em queda nesta quarta-feira (12), com a sua segunda emiss\u00e3o em andamento.<\/p>\n<p>O KISU11, h\u00e1 cerca de uma semana, estava precificado a R$ 150,9, sua m\u00e1xima hist\u00f3rica. No preg\u00e3o de ontem, por\u00e9m, o pre\u00e7o entrou em uma espiral de queda, fechando em R$ 125 &#8211; isso porque a nova emiss\u00e3o do fundo imobili\u00e1rio teve a sua &#8220;data-base&#8221; (e tamb\u00e9m por conta de outros fatores do mercado).<\/p>\n<p>A data-base define o dia em que a cota do fundo deixa de ser negociada com <a href=\"https:\/\/www.suno.com.br\/artigos\/direitos-de-subscricao-parte-1\/\">direito \u00e0 prefer\u00eancia a nova emiss\u00e3o<\/a>. Quem se tornou <strong>cotista do KISU11<\/strong> at\u00e9 ontem tem prefer\u00eancia na distribui\u00e7\u00e3o dos novos pap\u00e9is, que possuem um pre\u00e7o de emiss\u00e3o de R$ 102,02, com um desconto razo\u00e1vel na compara\u00e7\u00e3o com o valor anterior.<\/p>\n<p>A partir de hoje, as cotas deste FoF deixam de precificar este direito e, com isso, os investidores est\u00e3o calculando o novo valor do papel.<\/p>\n<p>O KISU11 tem, atualmente, cerca de 763,3 mil cotas em circula\u00e7\u00e3o. Agora, a segunda emiss\u00e3o deve colocar mais 3,05 milh\u00f5es de cotas no mercado. O fundo deve, se houver interesse pelo volume total da emiss\u00e3o, <strong>multiplicar seu patrim\u00f4nio<\/strong> <strong>por cinco<\/strong>.<\/p>\n<p>Com essa grande emiss\u00e3o, existe uma esp\u00e9cie de dilui\u00e7\u00e3o do valor antigo das cotas. Muitos investidores acabaram por adquirir participa\u00e7\u00e3o no KISU11 nos \u00faltimos tempos, elevando o pre\u00e7o do papel, justamente para ter acesso ao direito de prefer\u00eancia na nova oferta &#8211; e com isso, direito ao desconto na compara\u00e7\u00e3o entre o pre\u00e7o antigo e o pre\u00e7o das novas cotas, diminuindo o custo m\u00e9dio do que foi pago em cada um dos pap\u00e9is.<\/p>\n<p>Outros fundos imobili\u00e1rios que emitiram cotas tamb\u00e9m apresentaram o mesmo comportamento nos \u00faltimos tempos, apesar das quedas nem sempre serem t\u00e3o acentuadas quanto a do KISU11 (isso por conta do tamanho da emiss\u00e3o deste).<\/p>\n<p><span style=\"font-weight: 400;\">\t<p>\n\t\t<a href=\"https:\/\/lp.suno.com.br\/planilha-de-controle-de-investimentos\/\" target=\"_blank\" data-element=\"shortcode-suno-banner\" title=\"Banner SUNO, clique e saiba mais\">\n\t\t\t<picture>\n\t\t\t\t<source media=\"(max-width: 500px)\" srcset=\"https:\/\/files.sunoresearch.com.br\/n\/uploads\/2023\/03\/400x300-Controle-de-Investimentos.png\">\n\t\t\t\t<img class=\"newsContent__article__imgCapa newsContent__article__imgCapa--banner\"\n\t\t\t\t\tsrc=\"https:\/\/files.sunoresearch.com.br\/n\/uploads\/2023\/03\/1420x240-Controle-de-Investimentos.png\"\n\t\t\t\t\tdata-promo-id=\"75934\"\t\t\t\t\t\t\t\t\t\twidth='1420' height='240'\t\t\t\t\talt=\"https:\/\/files.sunoresearch.com.br\/n\/uploads\/2023\/03\/1420x240-Controle-de-Investimentos.png\"\n\t\t\t\t>\n\t\t\t<\/picture>\n\t\t<\/a>\n\t<\/p>\n\n \u00a0 <\/span><\/p>\n<h2>MXRF11 e IRDM11 foram fundos imobili\u00e1rios que passaram por fen\u00f4meno<\/h2>\n<p>O <strong>MXRF11<\/strong>, ou Maxi Renda, por exemplo, realizou em mar\u00e7o deste ano uma emiss\u00e3o, sua s\u00e9tima, e a mesma coisa aconteceu: ap\u00f3s a data-base, ou seja, quando a aquisi\u00e7\u00e3o de cotas deixou de ser acompanhada com o direito de prefer\u00eancia, os pap\u00e9is tiveram forte queda.<\/p>\n<figure id=\"attachment_147396\" aria-describedby=\"caption-attachment-147396\" style=\"width: 672px\" class=\"wp-caption alignnone\"><img loading=\"lazy\" decoding=\"async\" class=\"size-full wp-image-147396\" src=\"https:\/\/storage.googleapis.com\/wp-noticias\/2021\/05\/b5d12019-maxirenda.png\" alt=\"\" width=\"672\" height=\"407\" \/><figcaption id=\"caption-attachment-147396\" class=\"wp-caption-text\">Fonte: Google Finance<\/figcaption><\/figure>\n<p>O MXRF11 era negociado a R$ 10,80 antes da data base e sua \u00faltima oferta foi precificada em R$ 10,15. Os investidores interessados, ent\u00e3o, calcularam como se posicionar para a emiss\u00e3o &#8211; garantindo direito ao per\u00edodo de prefer\u00eancia, o que causa a alta vista no pre\u00e7o dos pap\u00e9is na imin\u00eancia do fim do per\u00edodo para conseguir o direito de prefer\u00eancia. Em seguida, ocorreu a queda ap\u00f3s a passagem da data, com o reajuste do pre\u00e7o m\u00e9dio ap\u00f3s a emiss\u00e3o.<\/p>\n<p>Outro grande fundo imobili\u00e1rio, o<strong> IRDM11<\/strong>, ou Iridium Receb\u00edveis Imobili\u00e1rios, tamb\u00e9m anunciou uma emiss\u00e3o em mar\u00e7o e passou pelo mesmo ajuste. Com sua cota negociada a R$ 157,10 antes da data base, e as novas cotas sendo emitidas pelo valor unit\u00e1rio de R$ 102,69, tamb\u00e9m houve um reajuste feito pelo mercado.<\/p>\n<figure id=\"attachment_147395\" aria-describedby=\"caption-attachment-147395\" style=\"width: 677px\" class=\"wp-caption alignnone\"><img loading=\"lazy\" decoding=\"async\" class=\"size-full wp-image-147395\" src=\"https:\/\/storage.googleapis.com\/wp-noticias\/2021\/05\/4d23124a-iridium.png\" alt=\"\" width=\"677\" height=\"411\" \/><figcaption id=\"caption-attachment-147395\" class=\"wp-caption-text\">Fonte: Google Finance<\/figcaption><\/figure>\n<p>Existe, inclusive, uma f\u00f3rmula para calcular esse reajustes p\u00f3s-emiss\u00f5es de <a href=\"https:\/\/lp.suno.com.br\/nossas-assinaturas\/suno-fundos-imobiliarios\/\" target=\"_blank\" rel=\"noopener noreferrer\">fundos imobili\u00e1rios<\/a>, que leva em conta o pre\u00e7o da emiss\u00e3o, o fator de propor\u00e7\u00e3o (compara\u00e7\u00e3o entre o n\u00famero de cotas antigas com as novas cotas) e o pre\u00e7o antigo, formando uma m\u00e9dia ponderada.<\/p>\n<p><img loading=\"lazy\" decoding=\"async\" class=\"alignnone size-full wp-image-147403\" src=\"https:\/\/storage.googleapis.com\/wp-noticias\/2021\/05\/31060317-formula.png\" alt=\"\" width=\"373\" height=\"207\" \/><\/p>\n<p>No caso do KISU11, a f\u00f3rmula sugere que este fundo imobili\u00e1rio abrir\u00e1 precificado a cerca de R$ 106,62. O valor das cotas dos <strong>fundos imobili\u00e1rios<\/strong> ap\u00f3s a nova emiss\u00e3o, por\u00e9m, quem dita \u00e9 o mercado, a depender se houver interesse ou n\u00e3o para os pap\u00e9is ap\u00f3s o reajuste.<\/p>\n<p><span style=\"font-weight: 400;\">\t<p>\n\t\t<a href=\"https:\/\/lp.suno.com.br\/planilha-da-vida-financeira\/\" target=\"_blank\" data-element=\"shortcode-suno-banner\" title=\"Banner SUNO, clique e saiba mais\">\n\t\t\t<picture>\n\t\t\t\t<source media=\"(max-width: 500px)\" srcset=\"https:\/\/files.sunoresearch.com.br\/n\/uploads\/2023\/04\/400x300-Planilha-vida-financeira-true.png\">\n\t\t\t\t<img class=\"newsContent__article__imgCapa newsContent__article__imgCapa--banner\"\n\t\t\t\t\tsrc=\"https:\/\/files.sunoresearch.com.br\/n\/uploads\/2023\/04\/1420x240-Planilha-vida-financeira-true.png\"\n\t\t\t\t\tdata-promo-id=\"106682\"\t\t\t\t\t\t\t\t\t\twidth='1420' height='240'\t\t\t\t\talt=\"https:\/\/files.sunoresearch.com.br\/n\/uploads\/2023\/04\/1420x240-Planilha-vida-financeira-true.png\"\n\t\t\t\t>\n\t\t\t<\/picture>\n\t\t<\/a>\n\t<\/p>\n\n<\/span><\/p>\n","protected":false},"excerpt":{"rendered":"<p>Muitos investidores de fundos imobili\u00e1rios se surpreendem quando o valor da cota de um FII cai ap\u00f3s a realiza\u00e7\u00e3o de uma nova emiss\u00e3o. No entanto, este \u00e9 um fen\u00f4meno normal e \u00e9 esperado que ele ocorra. Nesta mat\u00e9ria, o Suno Not\u00edcias explica quais s\u00e3o os motivos que levam \u00e0 queda e por que isso n\u00e3o [&hellip;]<\/p>\n","protected":false},"author":59,"featured_media":122239,"comment_status":"closed","ping_status":"closed","sticky":false,"template":"","format":"standard","meta":[],"categories":[66],"tags":[315,105764,105604,104577],"suno_strategy":[],"class_list":["post-147374","post","type-post","status-publish","format-standard","has-post-thumbnail","hentry","category-fiis","tag-fundos-imobiliarios-fiis","tag-irdm11","tag-kisu11","tag-mxrf11"],"yoast_head":"<!-- This site is optimized with the Yoast SEO plugin v24.4 - https:\/\/yoast.com\/wordpress\/plugins\/seo\/ -->\n<title>Entenda porque fundos imobili\u00e1rios caem ap\u00f3s uma emiss\u00e3o de cotas<\/title>\n<meta name=\"description\" content=\"Entenda por que as cotas dos fundos imobili\u00e1rios caem quando ocorre uma nova emiss\u00e3o e por que isso n\u00e3o prejudica o investidor.\" \/>\n<meta name=\"robots\" content=\"index, follow, max-snippet:-1, max-image-preview:large, max-video-preview:-1\" \/>\n<link rel=\"canonical\" href=\"https:\/\/www.suno.com.br\/noticias\/as-cotas-do-seu-fii-cairam-entenda-o-que-derruba-o-preco-na-emissao-de-fundos-imobiliarios\/\" \/>\n<meta property=\"og:locale\" content=\"pt_BR\" \/>\n<meta property=\"og:type\" content=\"article\" \/>\n<meta property=\"og:title\" content=\"Entenda porque fundos imobili\u00e1rios caem ap\u00f3s uma emiss\u00e3o de cotas\" \/>\n<meta property=\"og:description\" content=\"Entenda por que as cotas dos fundos imobili\u00e1rios caem quando ocorre uma nova emiss\u00e3o e por que isso n\u00e3o prejudica o investidor.\" \/>\n<meta property=\"og:url\" content=\"https:\/\/www.suno.com.br\/noticias\/as-cotas-do-seu-fii-cairam-entenda-o-que-derruba-o-preco-na-emissao-de-fundos-imobiliarios\/\" \/>\n<meta property=\"og:site_name\" content=\"Suno Not\u00edcias\" \/>\n<meta property=\"article:publisher\" content=\"https:\/\/facebook.com\/sunoresearch\" \/>\n<meta property=\"og:image\" content=\"https:\/\/files.sunoresearch.com.br\/n\/uploads\/2021\/02\/1f25d491-kisu11.jpg\" \/>\n\t<meta property=\"og:image:width\" content=\"1920\" \/>\n\t<meta property=\"og:image:height\" content=\"1280\" \/>\n\t<meta property=\"og:image:type\" content=\"image\/jpeg\" \/>\n<meta name=\"author\" content=\"Vitor Azevedo\" \/>\n<meta name=\"twitter:card\" content=\"summary_large_image\" \/>\n<meta name=\"twitter:creator\" content=\"@sunoresearch\" \/>\n<meta name=\"twitter:site\" content=\"@sunoresearch\" \/>\n<meta name=\"twitter:label1\" content=\"Escrito por\" \/>\n\t<meta name=\"twitter:data1\" content=\"Vitor Azevedo\" \/>\n\t<meta name=\"twitter:label2\" content=\"Est. tempo de leitura\" \/>\n\t<meta name=\"twitter:data2\" content=\"5 minutos\" \/>\n<script type=\"application\/ld+json\" class=\"yoast-schema-graph\">{\"@context\":\"https:\/\/schema.org\",\"@graph\":[{\"@type\":\"NewsArticle\",\"@id\":\"https:\/\/www.suno.com.br\/noticias\/as-cotas-do-seu-fii-cairam-entenda-o-que-derruba-o-preco-na-emissao-de-fundos-imobiliarios\/#article\",\"isPartOf\":{\"@id\":\"https:\/\/www.suno.com.br\/noticias\/as-cotas-do-seu-fii-cairam-entenda-o-que-derruba-o-preco-na-emissao-de-fundos-imobiliarios\/\"},\"author\":{\"name\":\"Vitor Azevedo\",\"@id\":\"https:\/\/www.suno.com.br\/noticias\/#\/schema\/person\/658d5fbc74d81f265f5df3562d0038ab\"},\"headline\":\"As cotas do seu FII ca\u00edram? Entenda o que derruba o pre\u00e7o na emiss\u00e3o de fundos imobili\u00e1rios\",\"datePublished\":\"2021-05-12T12:29:47+00:00\",\"dateModified\":\"2021-05-12T22:23:05+00:00\",\"mainEntityOfPage\":{\"@id\":\"https:\/\/www.suno.com.br\/noticias\/as-cotas-do-seu-fii-cairam-entenda-o-que-derruba-o-preco-na-emissao-de-fundos-imobiliarios\/\"},\"wordCount\":1053,\"publisher\":{\"@id\":\"https:\/\/www.suno.com.br\/noticias\/#organization\"},\"image\":{\"@id\":\"https:\/\/www.suno.com.br\/noticias\/as-cotas-do-seu-fii-cairam-entenda-o-que-derruba-o-preco-na-emissao-de-fundos-imobiliarios\/#primaryimage\"},\"thumbnailUrl\":\"https:\/\/files.sunoresearch.com.br\/n\/uploads\/2021\/02\/1f25d491-kisu11-jpg.webp\",\"keywords\":[\"Fundos Imobili\u00e1rios (FIIs)\",\"IRDM11\",\"KISU11\",\"MXRF11\"],\"articleSection\":[\"FIIs\"],\"inLanguage\":\"pt-BR\"},{\"@type\":\"WebPage\",\"@id\":\"https:\/\/www.suno.com.br\/noticias\/as-cotas-do-seu-fii-cairam-entenda-o-que-derruba-o-preco-na-emissao-de-fundos-imobiliarios\/\",\"url\":\"https:\/\/www.suno.com.br\/noticias\/as-cotas-do-seu-fii-cairam-entenda-o-que-derruba-o-preco-na-emissao-de-fundos-imobiliarios\/\",\"name\":\"Entenda porque fundos imobili\u00e1rios caem ap\u00f3s uma emiss\u00e3o de cotas\",\"isPartOf\":{\"@id\":\"https:\/\/www.suno.com.br\/noticias\/#website\"},\"primaryImageOfPage\":{\"@id\":\"https:\/\/www.suno.com.br\/noticias\/as-cotas-do-seu-fii-cairam-entenda-o-que-derruba-o-preco-na-emissao-de-fundos-imobiliarios\/#primaryimage\"},\"image\":{\"@id\":\"https:\/\/www.suno.com.br\/noticias\/as-cotas-do-seu-fii-cairam-entenda-o-que-derruba-o-preco-na-emissao-de-fundos-imobiliarios\/#primaryimage\"},\"thumbnailUrl\":\"https:\/\/files.sunoresearch.com.br\/n\/uploads\/2021\/02\/1f25d491-kisu11-jpg.webp\",\"datePublished\":\"2021-05-12T12:29:47+00:00\",\"dateModified\":\"2021-05-12T22:23:05+00:00\",\"description\":\"Entenda por que as cotas dos fundos imobili\u00e1rios caem quando ocorre uma nova emiss\u00e3o e por que isso n\u00e3o prejudica o investidor.\",\"breadcrumb\":{\"@id\":\"https:\/\/www.suno.com.br\/noticias\/as-cotas-do-seu-fii-cairam-entenda-o-que-derruba-o-preco-na-emissao-de-fundos-imobiliarios\/#breadcrumb\"},\"inLanguage\":\"pt-BR\",\"potentialAction\":[{\"@type\":\"ReadAction\",\"target\":[\"https:\/\/www.suno.com.br\/noticias\/as-cotas-do-seu-fii-cairam-entenda-o-que-derruba-o-preco-na-emissao-de-fundos-imobiliarios\/\"]}]},{\"@type\":\"ImageObject\",\"inLanguage\":\"pt-BR\",\"@id\":\"https:\/\/www.suno.com.br\/noticias\/as-cotas-do-seu-fii-cairam-entenda-o-que-derruba-o-preco-na-emissao-de-fundos-imobiliarios\/#primaryimage\",\"url\":\"https:\/\/files.sunoresearch.com.br\/n\/uploads\/2021\/02\/1f25d491-kisu11-jpg.webp\",\"contentUrl\":\"https:\/\/files.sunoresearch.com.br\/n\/uploads\/2021\/02\/1f25d491-kisu11-jpg.webp\",\"width\":1920,\"height\":1280,\"caption\":\"O KISU11\u00a0encerrou o dia em alta de 0,49% aos R$ 112,00.\"},{\"@type\":\"BreadcrumbList\",\"@id\":\"https:\/\/www.suno.com.br\/noticias\/as-cotas-do-seu-fii-cairam-entenda-o-que-derruba-o-preco-na-emissao-de-fundos-imobiliarios\/#breadcrumb\",\"itemListElement\":[{\"@type\":\"ListItem\",\"position\":1,\"name\":\"Not\u00edcias\",\"item\":\"https:\/\/www.suno.com.br\/noticias\/\"},{\"@type\":\"ListItem\",\"position\":2,\"name\":\"FIIs\",\"item\":\"https:\/\/www.suno.com.br\/noticias\/fiis\/\"},{\"@type\":\"ListItem\",\"position\":3,\"name\":\"As cotas do seu FII ca\u00edram? Entenda o que derruba o pre\u00e7o na emiss\u00e3o de fundos imobili\u00e1rios\"}]},{\"@type\":\"WebSite\",\"@id\":\"https:\/\/www.suno.com.br\/noticias\/#website\",\"url\":\"https:\/\/www.suno.com.br\/noticias\/\",\"name\":\"Suno Not\u00edcias\",\"description\":\"Seu portal de informa\u00e7\u00e3o sobre o mundo dos investimentos\",\"publisher\":{\"@id\":\"https:\/\/www.suno.com.br\/noticias\/#organization\"},\"potentialAction\":[{\"@type\":\"SearchAction\",\"target\":{\"@type\":\"EntryPoint\",\"urlTemplate\":\"https:\/\/www.suno.com.br\/noticias\/?s={search_term_string}\"},\"query-input\":{\"@type\":\"PropertyValueSpecification\",\"valueRequired\":true,\"valueName\":\"search_term_string\"}}],\"inLanguage\":\"pt-BR\"},{\"@type\":\"Organization\",\"@id\":\"https:\/\/www.suno.com.br\/noticias\/#organization\",\"name\":\"Suno Not\u00edcias\",\"url\":\"https:\/\/www.suno.com.br\/noticias\/\",\"logo\":{\"@type\":\"ImageObject\",\"inLanguage\":\"pt-BR\",\"@id\":\"https:\/\/www.suno.com.br\/noticias\/#\/schema\/logo\/image\/\",\"url\":\"https:\/\/files.sunoresearch.com.br\/n\/uploads\/2021\/09\/suno-logo.png\",\"contentUrl\":\"https:\/\/files.sunoresearch.com.br\/n\/uploads\/2021\/09\/suno-logo.png\",\"width\":180,\"height\":180,\"caption\":\"Suno Not\u00edcias\"},\"image\":{\"@id\":\"https:\/\/www.suno.com.br\/noticias\/#\/schema\/logo\/image\/\"},\"sameAs\":[\"https:\/\/facebook.com\/sunoresearch\",\"https:\/\/x.com\/sunoresearch\",\"https:\/\/www.instagram.com\/suno\",\"https:\/\/www.linkedin.com\/company\/suno-research\/\",\"https:\/\/www.youtube.com\/c\/sunoresearch\"]},{\"@type\":\"Person\",\"@id\":\"https:\/\/www.suno.com.br\/noticias\/#\/schema\/person\/658d5fbc74d81f265f5df3562d0038ab\",\"name\":\"Vitor Azevedo\",\"image\":{\"@type\":\"ImageObject\",\"inLanguage\":\"pt-BR\",\"@id\":\"https:\/\/www.suno.com.br\/noticias\/#\/schema\/person\/image\/\",\"url\":\"https:\/\/secure.gravatar.com\/avatar\/62b86195291b446fe380824eb28b99a5?s=96&r=g\",\"contentUrl\":\"https:\/\/secure.gravatar.com\/avatar\/62b86195291b446fe380824eb28b99a5?s=96&r=g\",\"caption\":\"Vitor Azevedo\"},\"description\":\"Formado em jornalismo pela Unesp, escreve sobre economia e neg\u00f3cios para a Suno Not\u00edcias.\",\"url\":\"https:\/\/www.suno.com.br\/noticias\/author\/vitor-azevedo\/\"}]}<\/script>\n<!-- \/ Yoast SEO plugin. -->","yoast_head_json":{"title":"Entenda porque fundos imobili\u00e1rios caem ap\u00f3s uma emiss\u00e3o de cotas","description":"Entenda por que as cotas dos fundos imobili\u00e1rios caem quando ocorre uma nova emiss\u00e3o e por que isso n\u00e3o prejudica o investidor.","robots":{"index":"index","follow":"follow","max-snippet":"max-snippet:-1","max-image-preview":"max-image-preview:large","max-video-preview":"max-video-preview:-1"},"canonical":"https:\/\/www.suno.com.br\/noticias\/as-cotas-do-seu-fii-cairam-entenda-o-que-derruba-o-preco-na-emissao-de-fundos-imobiliarios\/","og_locale":"pt_BR","og_type":"article","og_title":"Entenda porque fundos imobili\u00e1rios caem ap\u00f3s uma emiss\u00e3o de cotas","og_description":"Entenda por que as cotas dos fundos imobili\u00e1rios caem quando ocorre uma nova emiss\u00e3o e por que isso n\u00e3o prejudica o investidor.","og_url":"https:\/\/www.suno.com.br\/noticias\/as-cotas-do-seu-fii-cairam-entenda-o-que-derruba-o-preco-na-emissao-de-fundos-imobiliarios\/","og_site_name":"Suno Not\u00edcias","article_publisher":"https:\/\/facebook.com\/sunoresearch","og_image":[{"width":1920,"height":1280,"url":"https:\/\/files.sunoresearch.com.br\/n\/uploads\/2021\/02\/1f25d491-kisu11.jpg","type":"image\/jpeg"}],"author":"Vitor Azevedo","twitter_card":"summary_large_image","twitter_creator":"@sunoresearch","twitter_site":"@sunoresearch","twitter_misc":{"Escrito por":"Vitor Azevedo","Est. tempo de leitura":"5 minutos"},"schema":{"@context":"https:\/\/schema.org","@graph":[{"@type":"NewsArticle","@id":"https:\/\/www.suno.com.br\/noticias\/as-cotas-do-seu-fii-cairam-entenda-o-que-derruba-o-preco-na-emissao-de-fundos-imobiliarios\/#article","isPartOf":{"@id":"https:\/\/www.suno.com.br\/noticias\/as-cotas-do-seu-fii-cairam-entenda-o-que-derruba-o-preco-na-emissao-de-fundos-imobiliarios\/"},"author":{"name":"Vitor Azevedo","@id":"https:\/\/www.suno.com.br\/noticias\/#\/schema\/person\/658d5fbc74d81f265f5df3562d0038ab"},"headline":"As cotas do seu FII ca\u00edram? Entenda o que derruba o pre\u00e7o na emiss\u00e3o de fundos imobili\u00e1rios","datePublished":"2021-05-12T12:29:47+00:00","dateModified":"2021-05-12T22:23:05+00:00","mainEntityOfPage":{"@id":"https:\/\/www.suno.com.br\/noticias\/as-cotas-do-seu-fii-cairam-entenda-o-que-derruba-o-preco-na-emissao-de-fundos-imobiliarios\/"},"wordCount":1053,"publisher":{"@id":"https:\/\/www.suno.com.br\/noticias\/#organization"},"image":{"@id":"https:\/\/www.suno.com.br\/noticias\/as-cotas-do-seu-fii-cairam-entenda-o-que-derruba-o-preco-na-emissao-de-fundos-imobiliarios\/#primaryimage"},"thumbnailUrl":"https:\/\/files.sunoresearch.com.br\/n\/uploads\/2021\/02\/1f25d491-kisu11-jpg.webp","keywords":["Fundos Imobili\u00e1rios (FIIs)","IRDM11","KISU11","MXRF11"],"articleSection":["FIIs"],"inLanguage":"pt-BR"},{"@type":"WebPage","@id":"https:\/\/www.suno.com.br\/noticias\/as-cotas-do-seu-fii-cairam-entenda-o-que-derruba-o-preco-na-emissao-de-fundos-imobiliarios\/","url":"https:\/\/www.suno.com.br\/noticias\/as-cotas-do-seu-fii-cairam-entenda-o-que-derruba-o-preco-na-emissao-de-fundos-imobiliarios\/","name":"Entenda porque fundos imobili\u00e1rios caem ap\u00f3s uma emiss\u00e3o de cotas","isPartOf":{"@id":"https:\/\/www.suno.com.br\/noticias\/#website"},"primaryImageOfPage":{"@id":"https:\/\/www.suno.com.br\/noticias\/as-cotas-do-seu-fii-cairam-entenda-o-que-derruba-o-preco-na-emissao-de-fundos-imobiliarios\/#primaryimage"},"image":{"@id":"https:\/\/www.suno.com.br\/noticias\/as-cotas-do-seu-fii-cairam-entenda-o-que-derruba-o-preco-na-emissao-de-fundos-imobiliarios\/#primaryimage"},"thumbnailUrl":"https:\/\/files.sunoresearch.com.br\/n\/uploads\/2021\/02\/1f25d491-kisu11-jpg.webp","datePublished":"2021-05-12T12:29:47+00:00","dateModified":"2021-05-12T22:23:05+00:00","description":"Entenda por que as cotas dos fundos imobili\u00e1rios caem quando ocorre uma nova emiss\u00e3o e por que isso n\u00e3o prejudica o investidor.","breadcrumb":{"@id":"https:\/\/www.suno.com.br\/noticias\/as-cotas-do-seu-fii-cairam-entenda-o-que-derruba-o-preco-na-emissao-de-fundos-imobiliarios\/#breadcrumb"},"inLanguage":"pt-BR","potentialAction":[{"@type":"ReadAction","target":["https:\/\/www.suno.com.br\/noticias\/as-cotas-do-seu-fii-cairam-entenda-o-que-derruba-o-preco-na-emissao-de-fundos-imobiliarios\/"]}]},{"@type":"ImageObject","inLanguage":"pt-BR","@id":"https:\/\/www.suno.com.br\/noticias\/as-cotas-do-seu-fii-cairam-entenda-o-que-derruba-o-preco-na-emissao-de-fundos-imobiliarios\/#primaryimage","url":"https:\/\/files.sunoresearch.com.br\/n\/uploads\/2021\/02\/1f25d491-kisu11-jpg.webp","contentUrl":"https:\/\/files.sunoresearch.com.br\/n\/uploads\/2021\/02\/1f25d491-kisu11-jpg.webp","width":1920,"height":1280,"caption":"O KISU11\u00a0encerrou o dia em alta de 0,49% aos R$ 112,00."},{"@type":"BreadcrumbList","@id":"https:\/\/www.suno.com.br\/noticias\/as-cotas-do-seu-fii-cairam-entenda-o-que-derruba-o-preco-na-emissao-de-fundos-imobiliarios\/#breadcrumb","itemListElement":[{"@type":"ListItem","position":1,"name":"Not\u00edcias","item":"https:\/\/www.suno.com.br\/noticias\/"},{"@type":"ListItem","position":2,"name":"FIIs","item":"https:\/\/www.suno.com.br\/noticias\/fiis\/"},{"@type":"ListItem","position":3,"name":"As cotas do seu FII ca\u00edram? Entenda o que derruba o pre\u00e7o na emiss\u00e3o de fundos imobili\u00e1rios"}]},{"@type":"WebSite","@id":"https:\/\/www.suno.com.br\/noticias\/#website","url":"https:\/\/www.suno.com.br\/noticias\/","name":"Suno Not\u00edcias","description":"Seu portal de informa\u00e7\u00e3o sobre o mundo dos investimentos","publisher":{"@id":"https:\/\/www.suno.com.br\/noticias\/#organization"},"potentialAction":[{"@type":"SearchAction","target":{"@type":"EntryPoint","urlTemplate":"https:\/\/www.suno.com.br\/noticias\/?s={search_term_string}"},"query-input":{"@type":"PropertyValueSpecification","valueRequired":true,"valueName":"search_term_string"}}],"inLanguage":"pt-BR"},{"@type":"Organization","@id":"https:\/\/www.suno.com.br\/noticias\/#organization","name":"Suno Not\u00edcias","url":"https:\/\/www.suno.com.br\/noticias\/","logo":{"@type":"ImageObject","inLanguage":"pt-BR","@id":"https:\/\/www.suno.com.br\/noticias\/#\/schema\/logo\/image\/","url":"https:\/\/files.sunoresearch.com.br\/n\/uploads\/2021\/09\/suno-logo.png","contentUrl":"https:\/\/files.sunoresearch.com.br\/n\/uploads\/2021\/09\/suno-logo.png","width":180,"height":180,"caption":"Suno Not\u00edcias"},"image":{"@id":"https:\/\/www.suno.com.br\/noticias\/#\/schema\/logo\/image\/"},"sameAs":["https:\/\/facebook.com\/sunoresearch","https:\/\/x.com\/sunoresearch","https:\/\/www.instagram.com\/suno","https:\/\/www.linkedin.com\/company\/suno-research\/","https:\/\/www.youtube.com\/c\/sunoresearch"]},{"@type":"Person","@id":"https:\/\/www.suno.com.br\/noticias\/#\/schema\/person\/658d5fbc74d81f265f5df3562d0038ab","name":"Vitor Azevedo","image":{"@type":"ImageObject","inLanguage":"pt-BR","@id":"https:\/\/www.suno.com.br\/noticias\/#\/schema\/person\/image\/","url":"https:\/\/secure.gravatar.com\/avatar\/62b86195291b446fe380824eb28b99a5?s=96&r=g","contentUrl":"https:\/\/secure.gravatar.com\/avatar\/62b86195291b446fe380824eb28b99a5?s=96&r=g","caption":"Vitor Azevedo"},"description":"Formado em jornalismo pela Unesp, escreve sobre economia e neg\u00f3cios para a Suno Not\u00edcias.","url":"https:\/\/www.suno.com.br\/noticias\/author\/vitor-azevedo\/"}]}},"default_loop_html":"<div class=\"cardsPage__listCard__boxs\"><div class=\"cardsPage__listCard__boxs__img\"><a href=\"https:\/\/www.suno.com.br\/noticias\/as-cotas-do-seu-fii-cairam-entenda-o-que-derruba-o-preco-na-emissao-de-fundos-imobiliarios\/\"><img class=\"mask\" src=\"https:\/\/www.suno.com.br\/noticias\/wp-content\/themes\/suno\/resources\/images\/spotlight\/spotlight1img\/bg-mask.png\" alt=\"Image Mask\"\/><img src=\"https:\/\/files.sunoresearch.com.br\/n\/uploads\/2021\/02\/1f25d491-kisu11-400x200.webp\" alt=\"As cotas do seu FII ca\u00edram? Entenda o que derruba o pre\u00e7o na emiss\u00e3o de fundos imobili\u00e1rios\"\/><\/a><span class=\"spotlightCategory\"><a href=\"https:\/\/www.suno.com.br\/noticias\/fiis\/\">FIIs<\/a><\/span><\/div><div class=\"cardsPage__listCard__boxs__content\"><a href=\"https:\/\/www.suno.com.br\/noticias\/as-cotas-do-seu-fii-cairam-entenda-o-que-derruba-o-preco-na-emissao-de-fundos-imobiliarios\/\"><h2 class=\"content__title\">As cotas do seu FII ca\u00edram? Entenda o que derruba o pre\u00e7o na emiss\u00e3o de fundos imobili\u00e1rios<\/h2><\/a><div class=\"newsContent__article__meta\"><div class=\"newsContent__article__meta__authorBox\"><a href=\"https:\/\/www.suno.com.br\/noticias\/author\/vitor-azevedo\/\" class=\"authorBox__avatar noMobi\"><img src=\"https:\/\/secure.gravatar.com\/avatar\/62b86195291b446fe380824eb28b99a5?s=96&#038;r=g\" alt=\"Vitor Azevedo\"><\/a><div class=\"authorBox__name\"><span>por\n\t\t\t<a href=\"https:\/\/www.suno.com.br\/noticias\/author\/vitor-azevedo\/\"><span itemprop=\"author\">Vitor Azevedo<\/span><\/a><\/span><time datetime=\"2021-05-12T09:29:47-03:00\" itemprop=\"datePublished\">12\/05\/2021 09:29<\/time><\/div><\/div><\/div><\/div><\/div>","single_layout":"posts","amp_enabled":true,"_links":{"self":[{"href":"https:\/\/www.suno.com.br\/noticias\/wp-json\/wp\/v2\/posts\/147374"}],"collection":[{"href":"https:\/\/www.suno.com.br\/noticias\/wp-json\/wp\/v2\/posts"}],"about":[{"href":"https:\/\/www.suno.com.br\/noticias\/wp-json\/wp\/v2\/types\/post"}],"author":[{"embeddable":true,"href":"https:\/\/www.suno.com.br\/noticias\/wp-json\/wp\/v2\/users\/59"}],"replies":[{"embeddable":true,"href":"https:\/\/www.suno.com.br\/noticias\/wp-json\/wp\/v2\/comments?post=147374"}],"version-history":[{"count":4,"href":"https:\/\/www.suno.com.br\/noticias\/wp-json\/wp\/v2\/posts\/147374\/revisions"}],"predecessor-version":[{"id":147833,"href":"https:\/\/www.suno.com.br\/noticias\/wp-json\/wp\/v2\/posts\/147374\/revisions\/147833"}],"wp:featuredmedia":[{"embeddable":true,"href":"https:\/\/www.suno.com.br\/noticias\/wp-json\/wp\/v2\/media\/122239"}],"wp:attachment":[{"href":"https:\/\/www.suno.com.br\/noticias\/wp-json\/wp\/v2\/media?parent=147374"}],"wp:term":[{"taxonomy":"category","embeddable":true,"href":"https:\/\/www.suno.com.br\/noticias\/wp-json\/wp\/v2\/categories?post=147374"},{"taxonomy":"post_tag","embeddable":true,"href":"https:\/\/www.suno.com.br\/noticias\/wp-json\/wp\/v2\/tags?post=147374"},{"taxonomy":"suno_strategy","embeddable":true,"href":"https:\/\/www.suno.com.br\/noticias\/wp-json\/wp\/v2\/suno_strategy?post=147374"}],"curies":[{"name":"wp","href":"https:\/\/api.w.org\/{rel}","templated":true}]}}