{"id":14696,"date":"2019-02-08T13:29:18","date_gmt":"2019-02-08T15:29:18","guid":{"rendered":"https:\/\/www.suno.com.br\/noticias\/?p=14696"},"modified":"2019-02-08T13:31:27","modified_gmt":"2019-02-08T15:31:27","slug":"investigado-receita-gilmar-mendes-abuso","status":"publish","type":"post","link":"https:\/\/www.suno.com.br\/noticias\/investigado-receita-gilmar-mendes-abuso\/","title":{"rendered":"Investigado pela Receita, Gilmar Mendes diz que \u00e9 alvo de &#8216;abuso de poder&#8217;"},"content":{"rendered":"<p>O ministro do <a href=\"http:\/\/portal.stf.jus.br\/\">Supremo Tribunal Federal (STF)<\/a> Gilmar Mendes n\u00e3o reagiu bem ao saber que \u00e9\u00a0alvo de um procedimento investigativo da <a href=\"https:\/\/www.suno.com.br\/artigos\/imposto-de-renda-guia\/\">Receita Federal<\/a>. Ele enviou nesta sexta (8) um of\u00edcio ao presidente da Corte, Dias Toffoli, pedindo &#8220;provid\u00eancias urgentes&#8221; ao que chamou de &#8220;abuso de poder&#8221; dos servidores do Fisco.<\/p>\t<div class=\"wrapper-featured-image\">\n\t\t<figure class=\"spotlightImg\">\n\n\t\t\t<picture>\n\t\t\t\t<source media=\"(max-width: 768px)\" srcset=\"https:\/\/files.sunoresearch.com.br\/n\/uploads\/2019\/02\/6d4434ef-gilmar-mendes-2-400x200.webp\">\n\t\t\t\t<img loading=\"lazy\" decoding=\"async\" class=\"newsContent__article__imgCapa lazyloadDisabled newsContent__article__imgCapa--noCaption\" src=\"https:\/\/files.sunoresearch.com.br\/n\/uploads\/2019\/02\/6d4434ef-gilmar-mendes-2-800x450.webp\" width=\"800\" height=\"450\" alt=\"Investigado pela Receita, Gilmar Mendes diz que \u00e9 alvo de &#8216;abuso de poder&#8217;\" fetchpriority=high \/>\n\t\t\t<\/picture>\n\n\t\t\t<figcaption class=\"wp-caption-text wp-caption-text--hide\">cheque especial<\/figcaption>\n\t\t<\/figure>\n\t<\/div>\n\n\n<p>A revista Veja havia revelado que a <strong>Receita Federal<\/strong> abriu um procedimento para identificar supostos &#8220;focos de corrup\u00e7\u00e3o, lavagem de dinheiro, oculta\u00e7\u00e3o de patrim\u00f4nio ou tr\u00e1fico de influ\u00eancia&#8221; de <strong>Gilmar Mendes<\/strong> e sua esposa, <strong>Guiomar Mendes<\/strong>.<\/p>\n<p><strong>Toffoli<\/strong> encaminhou of\u00edcios ao ministro da Economia, <strong>Paulo Guedes<\/strong>, e \u00e0 procuradoria-geral da Rep\u00fablica, sob chefia de <strong>Raquel Dodge<\/strong>, para que se adote &#8220;todas as provid\u00eancias cab\u00edveis&#8221; pelo documentado por <strong>Mendes<\/strong>.<\/p>\n<p><a href=\"https:\/\/www.suno.com.br\/noticias\/stf-nega-flavio-bolsonaro-anular\/\">Saiba mais: STF nega pedido de Fl\u00e1vio Bolsonaro para anular provas de investiga\u00e7\u00e3o<\/a><\/p>\n<p><a href=\"https:\/\/www.suno.com.br\/noticias\/oab-stf-suspender-indenizacoes-lei\/\">Saiba mais: OAB pede que STF suspenda trecho sobre indeniza\u00e7\u00f5es de lei trabalhista<\/a><\/p>\n<h2>Confira o of\u00edcio de Gilmar Mendes na \u00edntegra<\/h2>\n<p><em>&#8220;Informo que, na manh\u00e3 de hoje, extraordinariamente tomei conhecimento dos documentos anexos, a partir dos quais deduzi que auditores fiscais n\u00e3o identificados da Secretaria da Receita Federal estariam realizando pretenso &#8216;trabalho&#8217; voltado a apurar poss\u00edveis &#8216;fraudes de CORRUP\u00c7\u00c3O, LAVAGEM DE DINHEIRO, OCULTA\u00c7\u00c3O DE PATRIM\u00d4NIO ou TR\u00c1FICO DE INFLU\u00caNCIA&#8217; praticados por mim e\/ou meus familiares. Nenhum fato concreto \u00e9 apresentado nos trechos dos referidos documentos que foram vazados \u00e0 imprensa. At\u00e9 a presente data, tamb\u00e9m n\u00e3o recebi qualquer intima\u00e7\u00e3o referente ao suposto procedimento fiscal e tamb\u00e9m n\u00e3o tive acesso ao seu inteiro teor.<\/em><\/p>\n<p><em>Para al\u00e9m da divulga\u00e7\u00e3o indevida desse documento a terceiros que n\u00e3o integram os quadros da Secretaria da Receita Federal, o que justifica cuidadosa apura\u00e7\u00e3o administrativa e criminal, fica claro que o objetivo da referida &#8216;An\u00e1lise de Interesse Fiscal&#8217; possui n\u00edtido vi\u00e9s de investiga\u00e7\u00e3o criminal e aparentemente transborda do rol de atribui\u00e7\u00f5es dos servidores inominados.<\/em><\/p>\n<p><em>\u00c9 evidente que num Estado de Direito todo cidad\u00e3o est\u00e1 sujeito a cumprir as obriga\u00e7\u00f5es previstas em lei e, consequentemente, est\u00e1 sujeito \u00e0 regular atua\u00e7\u00e3o de fiscaliza\u00e7\u00e3o dos \u00f3rg\u00e3os estatais. O que causa enorme estranhamento e merece pronto rep\u00fadio \u00e9 o abuso de poder por agentes p\u00fablicos para fins escusos, concretizando por meio de uma estrat\u00e9gia deliberada de ataque reputacional a alvos pr\u00e9-determinados.<\/em><\/p>\n<p><em>Referida casu\u00edstica, ali\u00e1s, n\u00e3o \u00e9 inovadora, nem contra minha pessoa nem contra outros membros do Poder Judici\u00e1rio, em especial em momentos em que a defesa de direitos individuais e de garantias constitucionais desagrada determinados setores ou agentes.<\/em><\/p>\n<p><em>Tal estrat\u00e9gia revela-se clara no presente caso, em que ila\u00e7\u00f5es desprovidas de qualquer substrato f\u00e1tico s\u00e3o feitas n\u00e3o apenas em rela\u00e7\u00e3o a minha pessoa, mas em rela\u00e7\u00e3o a todo o Poder Judici\u00e1rio nacional, como se depreende da passagem do documento que afirma genericamente que: &#8216;o tr\u00e1fico de influ\u00eancia normalmente se d\u00e1 pelo julgamento de a\u00e7\u00f5es advocat\u00edcias de escrit\u00f3rios ligados ao contribuinte ou seus parentes, onde o pr\u00f3prio magistrado ou um de seus pares facilita o julgamento.&#8217;<\/em><\/p>\n<p><em>Sabendo que esse tipo de procedimento n\u00e3o se coaduna com o hist\u00f3rico de servi\u00e7os prestados pela Receita Federal, e considerando a gravidade dos fatos acima narrados, respeitosamente solicito a Vossa Excel\u00eancia a ado\u00e7\u00e3o de provid\u00eancias urgentes, a fim de esclarecer os fatos narrados e apurar a responsabilidade por eventual ato il\u00edcito.&#8221;<\/em><\/p>\n","protected":false},"excerpt":{"rendered":"<p>O ministro do Supremo Tribunal Federal (STF) Gilmar Mendes n\u00e3o reagiu bem ao saber que \u00e9\u00a0alvo de um procedimento investigativo da Receita Federal. Ele enviou nesta sexta (8) um of\u00edcio ao presidente da Corte, Dias Toffoli, pedindo &#8220;provid\u00eancias urgentes&#8221; ao que chamou de &#8220;abuso de poder&#8221; dos servidores do Fisco. cheque especial A revista Veja [&hellip;]<\/p>\n","protected":false},"author":13,"featured_media":14698,"comment_status":"closed","ping_status":"closed","sticky":false,"template":"","format":"standard","meta":[],"categories":[61],"tags":[1051,1118,796,847,785],"suno_strategy":[],"class_list":["post-14696","post","type-post","status-publish","format-standard","has-post-thumbnail","hentry","category-politica","tag-dias-toffoli","tag-gilmar-mendes","tag-paulo-guedes","tag-receita-federal","tag-supremo-tribunal-federal-stf"],"yoast_head":"<!-- This site is optimized with the Yoast SEO plugin v24.4 - https:\/\/yoast.com\/wordpress\/plugins\/seo\/ -->\n<title>Investigado pela Receita, Gilmar Mendes diz que \u00e9 alvo de abuso de poder<\/title>\n<meta name=\"description\" content=\"Gilmar Mendes enviou of\u00edcio a Toffoli pedindo &#039;provid\u00eancias urgentes&#039; ao que chamou de &#039;abuso de poder&#039; da Receita Federal. Clique e saiba+\" \/>\n<meta name=\"robots\" content=\"index, follow, max-snippet:-1, max-image-preview:large, max-video-preview:-1\" \/>\n<link rel=\"canonical\" href=\"https:\/\/www.suno.com.br\/noticias\/investigado-receita-gilmar-mendes-abuso\/\" \/>\n<meta property=\"og:locale\" content=\"pt_BR\" \/>\n<meta property=\"og:type\" content=\"article\" \/>\n<meta property=\"og:title\" content=\"Investigado pela Receita, Gilmar Mendes diz que \u00e9 alvo de abuso de poder\" \/>\n<meta property=\"og:description\" content=\"Gilmar Mendes enviou of\u00edcio a Toffoli pedindo &#039;provid\u00eancias urgentes&#039; ao que chamou de &#039;abuso de poder&#039; da Receita Federal. Clique e saiba+\" \/>\n<meta property=\"og:url\" content=\"https:\/\/www.suno.com.br\/noticias\/investigado-receita-gilmar-mendes-abuso\/\" \/>\n<meta property=\"og:site_name\" content=\"Suno Not\u00edcias\" \/>\n<meta property=\"article:publisher\" content=\"https:\/\/facebook.com\/sunoresearch\" \/>\n<meta property=\"og:image\" content=\"https:\/\/files.sunoresearch.com.br\/n\/uploads\/2019\/02\/6d4434ef-gilmar-mendes-2.jpg\" \/>\n\t<meta property=\"og:image:width\" content=\"3674\" \/>\n\t<meta property=\"og:image:height\" content=\"2449\" \/>\n\t<meta property=\"og:image:type\" content=\"image\/jpeg\" \/>\n<meta name=\"author\" content=\"Guilherme Caetano\" \/>\n<meta name=\"twitter:card\" content=\"summary_large_image\" \/>\n<meta name=\"twitter:creator\" content=\"@sunoresearch\" \/>\n<meta name=\"twitter:site\" content=\"@sunoresearch\" \/>\n<meta name=\"twitter:label1\" content=\"Escrito por\" \/>\n\t<meta name=\"twitter:data1\" content=\"Guilherme Caetano\" \/>\n\t<meta name=\"twitter:label2\" content=\"Est. tempo de leitura\" \/>\n\t<meta name=\"twitter:data2\" content=\"3 minutos\" \/>\n<script type=\"application\/ld+json\" class=\"yoast-schema-graph\">{\"@context\":\"https:\/\/schema.org\",\"@graph\":[{\"@type\":\"NewsArticle\",\"@id\":\"https:\/\/www.suno.com.br\/noticias\/investigado-receita-gilmar-mendes-abuso\/#article\",\"isPartOf\":{\"@id\":\"https:\/\/www.suno.com.br\/noticias\/investigado-receita-gilmar-mendes-abuso\/\"},\"author\":{\"name\":\"Guilherme Caetano\",\"@id\":\"https:\/\/www.suno.com.br\/noticias\/#\/schema\/person\/0d0c9687cd2f600c564f25980c140de9\"},\"headline\":\"Investigado pela Receita, Gilmar Mendes diz que \u00e9 alvo de &#8216;abuso de poder&#8217;\",\"datePublished\":\"2019-02-08T15:29:18+00:00\",\"dateModified\":\"2019-02-08T15:31:27+00:00\",\"mainEntityOfPage\":{\"@id\":\"https:\/\/www.suno.com.br\/noticias\/investigado-receita-gilmar-mendes-abuso\/\"},\"wordCount\":600,\"publisher\":{\"@id\":\"https:\/\/www.suno.com.br\/noticias\/#organization\"},\"image\":{\"@id\":\"https:\/\/www.suno.com.br\/noticias\/investigado-receita-gilmar-mendes-abuso\/#primaryimage\"},\"thumbnailUrl\":\"https:\/\/files.sunoresearch.com.br\/n\/uploads\/2019\/02\/6d4434ef-gilmar-mendes-2-scaled.webp\",\"keywords\":[\"Dias Toffoli\",\"Gilmar Mendes\",\"Paulo Guedes\",\"Receita Federal\",\"Supremo Tribunal Federal (STF)\"],\"articleSection\":[\"Pol\u00edtica\"],\"inLanguage\":\"pt-BR\"},{\"@type\":\"WebPage\",\"@id\":\"https:\/\/www.suno.com.br\/noticias\/investigado-receita-gilmar-mendes-abuso\/\",\"url\":\"https:\/\/www.suno.com.br\/noticias\/investigado-receita-gilmar-mendes-abuso\/\",\"name\":\"Investigado pela Receita, Gilmar Mendes diz que \u00e9 alvo de abuso de poder\",\"isPartOf\":{\"@id\":\"https:\/\/www.suno.com.br\/noticias\/#website\"},\"primaryImageOfPage\":{\"@id\":\"https:\/\/www.suno.com.br\/noticias\/investigado-receita-gilmar-mendes-abuso\/#primaryimage\"},\"image\":{\"@id\":\"https:\/\/www.suno.com.br\/noticias\/investigado-receita-gilmar-mendes-abuso\/#primaryimage\"},\"thumbnailUrl\":\"https:\/\/files.sunoresearch.com.br\/n\/uploads\/2019\/02\/6d4434ef-gilmar-mendes-2-scaled.webp\",\"datePublished\":\"2019-02-08T15:29:18+00:00\",\"dateModified\":\"2019-02-08T15:31:27+00:00\",\"description\":\"Gilmar Mendes enviou of\u00edcio a Toffoli pedindo 'provid\u00eancias urgentes' ao que chamou de 'abuso de poder' da Receita Federal. Clique e saiba+\",\"breadcrumb\":{\"@id\":\"https:\/\/www.suno.com.br\/noticias\/investigado-receita-gilmar-mendes-abuso\/#breadcrumb\"},\"inLanguage\":\"pt-BR\",\"potentialAction\":[{\"@type\":\"ReadAction\",\"target\":[\"https:\/\/www.suno.com.br\/noticias\/investigado-receita-gilmar-mendes-abuso\/\"]}]},{\"@type\":\"ImageObject\",\"inLanguage\":\"pt-BR\",\"@id\":\"https:\/\/www.suno.com.br\/noticias\/investigado-receita-gilmar-mendes-abuso\/#primaryimage\",\"url\":\"https:\/\/files.sunoresearch.com.br\/n\/uploads\/2019\/02\/6d4434ef-gilmar-mendes-2-scaled.webp\",\"contentUrl\":\"https:\/\/files.sunoresearch.com.br\/n\/uploads\/2019\/02\/6d4434ef-gilmar-mendes-2-scaled.webp\",\"width\":2560,\"height\":1706,\"caption\":\"cheque especial\"},{\"@type\":\"BreadcrumbList\",\"@id\":\"https:\/\/www.suno.com.br\/noticias\/investigado-receita-gilmar-mendes-abuso\/#breadcrumb\",\"itemListElement\":[{\"@type\":\"ListItem\",\"position\":1,\"name\":\"Not\u00edcias\",\"item\":\"https:\/\/www.suno.com.br\/noticias\/\"},{\"@type\":\"ListItem\",\"position\":2,\"name\":\"Pol\u00edtica\",\"item\":\"https:\/\/www.suno.com.br\/noticias\/politica\/\"},{\"@type\":\"ListItem\",\"position\":3,\"name\":\"Investigado pela Receita, Gilmar Mendes diz que \u00e9 alvo de &#8216;abuso de poder&#8217;\"}]},{\"@type\":\"WebSite\",\"@id\":\"https:\/\/www.suno.com.br\/noticias\/#website\",\"url\":\"https:\/\/www.suno.com.br\/noticias\/\",\"name\":\"Suno Not\u00edcias\",\"description\":\"Seu portal de informa\u00e7\u00e3o sobre o mundo dos investimentos\",\"publisher\":{\"@id\":\"https:\/\/www.suno.com.br\/noticias\/#organization\"},\"potentialAction\":[{\"@type\":\"SearchAction\",\"target\":{\"@type\":\"EntryPoint\",\"urlTemplate\":\"https:\/\/www.suno.com.br\/noticias\/?s={search_term_string}\"},\"query-input\":{\"@type\":\"PropertyValueSpecification\",\"valueRequired\":true,\"valueName\":\"search_term_string\"}}],\"inLanguage\":\"pt-BR\"},{\"@type\":\"Organization\",\"@id\":\"https:\/\/www.suno.com.br\/noticias\/#organization\",\"name\":\"Suno Not\u00edcias\",\"url\":\"https:\/\/www.suno.com.br\/noticias\/\",\"logo\":{\"@type\":\"ImageObject\",\"inLanguage\":\"pt-BR\",\"@id\":\"https:\/\/www.suno.com.br\/noticias\/#\/schema\/logo\/image\/\",\"url\":\"https:\/\/files.sunoresearch.com.br\/n\/uploads\/2021\/09\/suno-logo.png\",\"contentUrl\":\"https:\/\/files.sunoresearch.com.br\/n\/uploads\/2021\/09\/suno-logo.png\",\"width\":180,\"height\":180,\"caption\":\"Suno Not\u00edcias\"},\"image\":{\"@id\":\"https:\/\/www.suno.com.br\/noticias\/#\/schema\/logo\/image\/\"},\"sameAs\":[\"https:\/\/facebook.com\/sunoresearch\",\"https:\/\/x.com\/sunoresearch\",\"https:\/\/www.instagram.com\/suno\",\"https:\/\/www.linkedin.com\/company\/suno-research\/\",\"https:\/\/www.youtube.com\/c\/sunoresearch\"]},{\"@type\":\"Person\",\"@id\":\"https:\/\/www.suno.com.br\/noticias\/#\/schema\/person\/0d0c9687cd2f600c564f25980c140de9\",\"name\":\"Guilherme Caetano\",\"image\":{\"@type\":\"ImageObject\",\"inLanguage\":\"pt-BR\",\"@id\":\"https:\/\/www.suno.com.br\/noticias\/#\/schema\/person\/image\/\",\"url\":\"https:\/\/secure.gravatar.com\/avatar\/e48357351a01702a0d19307070e081bf?s=96&r=g\",\"contentUrl\":\"https:\/\/secure.gravatar.com\/avatar\/e48357351a01702a0d19307070e081bf?s=96&r=g\",\"caption\":\"Guilherme Caetano\"},\"description\":\"Formado em jornalismo pela Escola de Comunica\u00e7\u00f5es e Artes da USP, Guilherme Caetano escreve para o portal de not\u00edcias da Suno Research. Passou pelas reda\u00e7\u00f5es da Folha de S.Paulo e da revista \u00c9poca.\",\"url\":\"https:\/\/www.suno.com.br\/noticias\/author\/guilherme-caetano\/\"}]}<\/script>\n<!-- \/ Yoast SEO plugin. -->","yoast_head_json":{"title":"Investigado pela Receita, Gilmar Mendes diz que \u00e9 alvo de abuso de poder","description":"Gilmar Mendes enviou of\u00edcio a Toffoli pedindo 'provid\u00eancias urgentes' ao que chamou de 'abuso de poder' da Receita Federal. Clique e saiba+","robots":{"index":"index","follow":"follow","max-snippet":"max-snippet:-1","max-image-preview":"max-image-preview:large","max-video-preview":"max-video-preview:-1"},"canonical":"https:\/\/www.suno.com.br\/noticias\/investigado-receita-gilmar-mendes-abuso\/","og_locale":"pt_BR","og_type":"article","og_title":"Investigado pela Receita, Gilmar Mendes diz que \u00e9 alvo de abuso de poder","og_description":"Gilmar Mendes enviou of\u00edcio a Toffoli pedindo 'provid\u00eancias urgentes' ao que chamou de 'abuso de poder' da Receita Federal. Clique e saiba+","og_url":"https:\/\/www.suno.com.br\/noticias\/investigado-receita-gilmar-mendes-abuso\/","og_site_name":"Suno Not\u00edcias","article_publisher":"https:\/\/facebook.com\/sunoresearch","og_image":[{"width":3674,"height":2449,"url":"https:\/\/files.sunoresearch.com.br\/n\/uploads\/2019\/02\/6d4434ef-gilmar-mendes-2.jpg","type":"image\/jpeg"}],"author":"Guilherme Caetano","twitter_card":"summary_large_image","twitter_creator":"@sunoresearch","twitter_site":"@sunoresearch","twitter_misc":{"Escrito por":"Guilherme Caetano","Est. tempo de leitura":"3 minutos"},"schema":{"@context":"https:\/\/schema.org","@graph":[{"@type":"NewsArticle","@id":"https:\/\/www.suno.com.br\/noticias\/investigado-receita-gilmar-mendes-abuso\/#article","isPartOf":{"@id":"https:\/\/www.suno.com.br\/noticias\/investigado-receita-gilmar-mendes-abuso\/"},"author":{"name":"Guilherme Caetano","@id":"https:\/\/www.suno.com.br\/noticias\/#\/schema\/person\/0d0c9687cd2f600c564f25980c140de9"},"headline":"Investigado pela Receita, Gilmar Mendes diz que \u00e9 alvo de &#8216;abuso de poder&#8217;","datePublished":"2019-02-08T15:29:18+00:00","dateModified":"2019-02-08T15:31:27+00:00","mainEntityOfPage":{"@id":"https:\/\/www.suno.com.br\/noticias\/investigado-receita-gilmar-mendes-abuso\/"},"wordCount":600,"publisher":{"@id":"https:\/\/www.suno.com.br\/noticias\/#organization"},"image":{"@id":"https:\/\/www.suno.com.br\/noticias\/investigado-receita-gilmar-mendes-abuso\/#primaryimage"},"thumbnailUrl":"https:\/\/files.sunoresearch.com.br\/n\/uploads\/2019\/02\/6d4434ef-gilmar-mendes-2-scaled.webp","keywords":["Dias Toffoli","Gilmar Mendes","Paulo Guedes","Receita Federal","Supremo Tribunal Federal (STF)"],"articleSection":["Pol\u00edtica"],"inLanguage":"pt-BR"},{"@type":"WebPage","@id":"https:\/\/www.suno.com.br\/noticias\/investigado-receita-gilmar-mendes-abuso\/","url":"https:\/\/www.suno.com.br\/noticias\/investigado-receita-gilmar-mendes-abuso\/","name":"Investigado pela Receita, Gilmar Mendes diz que \u00e9 alvo de abuso de poder","isPartOf":{"@id":"https:\/\/www.suno.com.br\/noticias\/#website"},"primaryImageOfPage":{"@id":"https:\/\/www.suno.com.br\/noticias\/investigado-receita-gilmar-mendes-abuso\/#primaryimage"},"image":{"@id":"https:\/\/www.suno.com.br\/noticias\/investigado-receita-gilmar-mendes-abuso\/#primaryimage"},"thumbnailUrl":"https:\/\/files.sunoresearch.com.br\/n\/uploads\/2019\/02\/6d4434ef-gilmar-mendes-2-scaled.webp","datePublished":"2019-02-08T15:29:18+00:00","dateModified":"2019-02-08T15:31:27+00:00","description":"Gilmar Mendes enviou of\u00edcio a Toffoli pedindo 'provid\u00eancias urgentes' ao que chamou de 'abuso de poder' da Receita Federal. Clique e saiba+","breadcrumb":{"@id":"https:\/\/www.suno.com.br\/noticias\/investigado-receita-gilmar-mendes-abuso\/#breadcrumb"},"inLanguage":"pt-BR","potentialAction":[{"@type":"ReadAction","target":["https:\/\/www.suno.com.br\/noticias\/investigado-receita-gilmar-mendes-abuso\/"]}]},{"@type":"ImageObject","inLanguage":"pt-BR","@id":"https:\/\/www.suno.com.br\/noticias\/investigado-receita-gilmar-mendes-abuso\/#primaryimage","url":"https:\/\/files.sunoresearch.com.br\/n\/uploads\/2019\/02\/6d4434ef-gilmar-mendes-2-scaled.webp","contentUrl":"https:\/\/files.sunoresearch.com.br\/n\/uploads\/2019\/02\/6d4434ef-gilmar-mendes-2-scaled.webp","width":2560,"height":1706,"caption":"cheque especial"},{"@type":"BreadcrumbList","@id":"https:\/\/www.suno.com.br\/noticias\/investigado-receita-gilmar-mendes-abuso\/#breadcrumb","itemListElement":[{"@type":"ListItem","position":1,"name":"Not\u00edcias","item":"https:\/\/www.suno.com.br\/noticias\/"},{"@type":"ListItem","position":2,"name":"Pol\u00edtica","item":"https:\/\/www.suno.com.br\/noticias\/politica\/"},{"@type":"ListItem","position":3,"name":"Investigado pela Receita, Gilmar Mendes diz que \u00e9 alvo de &#8216;abuso de poder&#8217;"}]},{"@type":"WebSite","@id":"https:\/\/www.suno.com.br\/noticias\/#website","url":"https:\/\/www.suno.com.br\/noticias\/","name":"Suno Not\u00edcias","description":"Seu portal de informa\u00e7\u00e3o sobre o mundo dos investimentos","publisher":{"@id":"https:\/\/www.suno.com.br\/noticias\/#organization"},"potentialAction":[{"@type":"SearchAction","target":{"@type":"EntryPoint","urlTemplate":"https:\/\/www.suno.com.br\/noticias\/?s={search_term_string}"},"query-input":{"@type":"PropertyValueSpecification","valueRequired":true,"valueName":"search_term_string"}}],"inLanguage":"pt-BR"},{"@type":"Organization","@id":"https:\/\/www.suno.com.br\/noticias\/#organization","name":"Suno Not\u00edcias","url":"https:\/\/www.suno.com.br\/noticias\/","logo":{"@type":"ImageObject","inLanguage":"pt-BR","@id":"https:\/\/www.suno.com.br\/noticias\/#\/schema\/logo\/image\/","url":"https:\/\/files.sunoresearch.com.br\/n\/uploads\/2021\/09\/suno-logo.png","contentUrl":"https:\/\/files.sunoresearch.com.br\/n\/uploads\/2021\/09\/suno-logo.png","width":180,"height":180,"caption":"Suno Not\u00edcias"},"image":{"@id":"https:\/\/www.suno.com.br\/noticias\/#\/schema\/logo\/image\/"},"sameAs":["https:\/\/facebook.com\/sunoresearch","https:\/\/x.com\/sunoresearch","https:\/\/www.instagram.com\/suno","https:\/\/www.linkedin.com\/company\/suno-research\/","https:\/\/www.youtube.com\/c\/sunoresearch"]},{"@type":"Person","@id":"https:\/\/www.suno.com.br\/noticias\/#\/schema\/person\/0d0c9687cd2f600c564f25980c140de9","name":"Guilherme Caetano","image":{"@type":"ImageObject","inLanguage":"pt-BR","@id":"https:\/\/www.suno.com.br\/noticias\/#\/schema\/person\/image\/","url":"https:\/\/secure.gravatar.com\/avatar\/e48357351a01702a0d19307070e081bf?s=96&r=g","contentUrl":"https:\/\/secure.gravatar.com\/avatar\/e48357351a01702a0d19307070e081bf?s=96&r=g","caption":"Guilherme Caetano"},"description":"Formado em jornalismo pela Escola de Comunica\u00e7\u00f5es e Artes da USP, Guilherme Caetano escreve para o portal de not\u00edcias da Suno Research. Passou pelas reda\u00e7\u00f5es da Folha de S.Paulo e da revista \u00c9poca.","url":"https:\/\/www.suno.com.br\/noticias\/author\/guilherme-caetano\/"}]}},"default_loop_html":"<div class=\"cardsPage__listCard__boxs\"><div class=\"cardsPage__listCard__boxs__img\"><a href=\"https:\/\/www.suno.com.br\/noticias\/investigado-receita-gilmar-mendes-abuso\/\"><img class=\"mask\" src=\"https:\/\/www.suno.com.br\/noticias\/wp-content\/themes\/suno\/resources\/images\/spotlight\/spotlight1img\/bg-mask.png\" alt=\"Image Mask\"\/><img src=\"https:\/\/files.sunoresearch.com.br\/n\/uploads\/2019\/02\/6d4434ef-gilmar-mendes-2-400x200.webp\" alt=\"Investigado pela Receita, Gilmar Mendes diz que \u00e9 alvo de &#8216;abuso de poder&#8217;\"\/><\/a><span class=\"spotlightCategory\"><a href=\"https:\/\/www.suno.com.br\/noticias\/politica\/\">Pol\u00edtica<\/a><\/span><\/div><div class=\"cardsPage__listCard__boxs__content\"><a href=\"https:\/\/www.suno.com.br\/noticias\/investigado-receita-gilmar-mendes-abuso\/\"><h2 class=\"content__title\">Investigado pela Receita, Gilmar Mendes diz que \u00e9 alvo de &#8216;abuso de poder&#8217;<\/h2><\/a><div class=\"newsContent__article__meta\"><div class=\"newsContent__article__meta__authorBox\"><a href=\"https:\/\/www.suno.com.br\/noticias\/author\/guilherme-caetano\/\" class=\"authorBox__avatar noMobi\"><img src=\"https:\/\/secure.gravatar.com\/avatar\/e48357351a01702a0d19307070e081bf?s=96&#038;r=g\" alt=\"Guilherme Caetano\"><\/a><div class=\"authorBox__name\"><span>por\n\t\t\t<a href=\"https:\/\/www.suno.com.br\/noticias\/author\/guilherme-caetano\/\"><span itemprop=\"author\">Guilherme Caetano<\/span><\/a><\/span><time datetime=\"2019-02-08T13:29:18-02:00\" itemprop=\"datePublished\">08\/02\/2019 13:29<\/time><\/div><\/div><\/div><\/div><\/div>","single_layout":"posts","amp_enabled":true,"_links":{"self":[{"href":"https:\/\/www.suno.com.br\/noticias\/wp-json\/wp\/v2\/posts\/14696"}],"collection":[{"href":"https:\/\/www.suno.com.br\/noticias\/wp-json\/wp\/v2\/posts"}],"about":[{"href":"https:\/\/www.suno.com.br\/noticias\/wp-json\/wp\/v2\/types\/post"}],"author":[{"embeddable":true,"href":"https:\/\/www.suno.com.br\/noticias\/wp-json\/wp\/v2\/users\/13"}],"replies":[{"embeddable":true,"href":"https:\/\/www.suno.com.br\/noticias\/wp-json\/wp\/v2\/comments?post=14696"}],"version-history":[{"count":0,"href":"https:\/\/www.suno.com.br\/noticias\/wp-json\/wp\/v2\/posts\/14696\/revisions"}],"wp:featuredmedia":[{"embeddable":true,"href":"https:\/\/www.suno.com.br\/noticias\/wp-json\/wp\/v2\/media\/14698"}],"wp:attachment":[{"href":"https:\/\/www.suno.com.br\/noticias\/wp-json\/wp\/v2\/media?parent=14696"}],"wp:term":[{"taxonomy":"category","embeddable":true,"href":"https:\/\/www.suno.com.br\/noticias\/wp-json\/wp\/v2\/categories?post=14696"},{"taxonomy":"post_tag","embeddable":true,"href":"https:\/\/www.suno.com.br\/noticias\/wp-json\/wp\/v2\/tags?post=14696"},{"taxonomy":"suno_strategy","embeddable":true,"href":"https:\/\/www.suno.com.br\/noticias\/wp-json\/wp\/v2\/suno_strategy?post=14696"}],"curies":[{"name":"wp","href":"https:\/\/api.w.org\/{rel}","templated":true}]}}