{"id":146918,"date":"2021-05-11T10:21:07","date_gmt":"2021-05-11T13:21:07","guid":{"rendered":"https:\/\/www.suno.com.br\/noticias\/?p=146918"},"modified":"2021-05-11T10:27:04","modified_gmt":"2021-05-11T13:27:04","slug":"por-pedido-da-cvm-getninjas-ninj3-adia-precificacao-de-ipo-para-quinta-feira","status":"publish","type":"post","link":"https:\/\/www.suno.com.br\/noticias\/por-pedido-da-cvm-getninjas-ninj3-adia-precificacao-de-ipo-para-quinta-feira\/","title":{"rendered":"Por pedido da CVM, GetNinjas (NINJ3) adia precifica\u00e7\u00e3o de IPO para quinta-feira"},"content":{"rendered":"<p>A <strong>GetNinjas<\/strong> (NINJ3) adiou a precifica\u00e7\u00e3o da sua <a href=\"https:\/\/www.suno.com.br\/artigos\/ipo\/\">oferta p\u00fablica inicial de a\u00e7\u00f5es (IPO)<\/a>, antes marcada para acontecer nesta ter\u00e7a-feira (11), para a pr\u00f3xima quinta (13).<\/p>\t<div class=\"wrapper-featured-image\">\n\t\t<figure class=\"spotlightImg\">\n\n\t\t\t<picture>\n\t\t\t\t<source media=\"(max-width: 768px)\" srcset=\"https:\/\/files.sunoresearch.com.br\/n\/uploads\/2021\/05\/d3c83ee7-getninjas-400x200.webp\">\n\t\t\t\t<img loading=\"lazy\" decoding=\"async\" class=\"newsContent__article__imgCapa lazyloadDisabled \" src=\"https:\/\/files.sunoresearch.com.br\/n\/uploads\/2021\/05\/d3c83ee7-getninjas-800x450.webp\" width=\"800\" height=\"450\" alt=\"Por pedido da CVM, GetNinjas (NINJ3) adia precifica\u00e7\u00e3o de IPO para quinta-feira\" fetchpriority=high \/>\n\t\t\t<\/picture>\n\n\t\t\t<figcaption class=\"wp-caption-text wp-caption-text--show\">Foto: Reprodu\u00e7\u00e3o Facebook<\/figcaption>\n\t\t<\/figure>\n\t<\/div>\n\n\n<p><span style=\"font-weight: 400;\">\t<p>\n\t\t<a href=\"https:\/\/lp.suno.com.br\/planilha-controle-gastos\/\" target=\"_blank\" data-element=\"shortcode-suno-banner\" title=\"Banner SUNO, clique e saiba mais\">\n\t\t\t<picture>\n\t\t\t\t<source media=\"(max-width: 500px)\" srcset=\"https:\/\/files.sunoresearch.com.br\/n\/uploads\/2023\/03\/400x300-Planilha-controle-de-gastos.png\">\n\t\t\t\t<img class=\"newsContent__article__imgCapa newsContent__article__imgCapa--banner\"\n\t\t\t\t\tsrc=\"https:\/\/files.sunoresearch.com.br\/n\/uploads\/2023\/03\/1420x240-Planilha-controle-de-gastos.png\"\n\t\t\t\t\tdata-promo-id=\"101751\"\t\t\t\t\t\t\t\t\t\twidth='1420' height='240'\t\t\t\t\talt=\"https:\/\/files.sunoresearch.com.br\/n\/uploads\/2023\/03\/1420x240-Planilha-controle-de-gastos.png\"\n\t\t\t\t>\n\t\t\t<\/picture>\n\t\t<\/a>\n\t<\/p>\n\n \u00a0 \u00a0<\/span><\/p>\n<p>A mudan\u00e7a se d\u00e1 ap\u00f3s a companhia atender a exig\u00eancia da <a href=\"https:\/\/www.suno.com.br\/artigos\/cvm\/\">Comiss\u00e3o de Valores Mobili\u00e1rios (CVM)<\/a>, que demandou mais informa\u00e7\u00f5es sobre o acordo firmado pela GetNinjas com tr\u00eas gestoras que se tornaram \u00e2ncoras do processo de abertura de capital.<\/p>\n<p>A CVM pediu mais informa\u00e7\u00f5es sobre a rela\u00e7\u00e3o de ancoragem, com defini\u00e7\u00f5es mais claras sobre o acordo &#8211; como por exemplo sobre a quantidade de a\u00e7\u00f5es envolvida nele -, e a inclus\u00e3o no prospecto de informa\u00e7\u00f5es sobre o contrato assinado entre as partes.<\/p>\n<p><a href=\"https:\/\/lp.suno.com.br\/suno-one\/?ppp=noticias\/hospital-care-pedido-ipo-cvm\/\"><b>Suno One: acesse gratuitamente eBooks, Minicursos, Artigos e V\u00eddeo Aulas sobre investimentos com um \u00fanico cadastro. Clique para saber mais!<\/b><\/a><\/p>\n<h2>Tr\u00eas gestoras ancoram IPO da GetNinjas<\/h2>\n<p>Verde, Miles Capital e Indie Capital ancorar\u00e3o o IPO com R$ 175 milh\u00f5es no caso de o pre\u00e7o dos pap\u00e9is da oferta precificarem em, no m\u00e1ximo, R$ 24,90, valor definido como piso da faixa indicativa pela GetNinjas. As duas primeiras gestoras prometeram alocar cada uma R$ 70 milh\u00f5es e a \u00faltima colocar\u00e1 R$ 35 milh\u00f5es na opera\u00e7\u00e3o, ficando, desta forma, as tr\u00eas com cerca de 30% da oferta total.<\/p>\n<p>O acordo tem ainda outras condi\u00e7\u00f5es: o IPO deve movimentar at\u00e9 R$ 600,13 milh\u00f5es, sem espa\u00e7o para a coloca\u00e7\u00e3o de um lote adicional, e a liquida\u00e7\u00e3o das a\u00e7\u00f5es deve ser feita at\u00e9 17 de maio. Se a precifica\u00e7\u00e3o do IPO sair acima do valor de R$ 24,90, os tr\u00eas \u00e2ncoras ter\u00e3o direito a comprar os pap\u00e9is, mas n\u00e3o a obriga\u00e7\u00e3o.<\/p>\n<p>As tr\u00eas gestoras receber\u00e3o ainda, no caso de o processo de ancoragem ser finalizado, op\u00e7\u00f5es de compra de mais pap\u00e9is. Ser\u00e3o outorgadas cerca de 3,5 milh\u00f5es de op\u00e7\u00f5es aos \u00e2ncoras pelos acionistas vendedores, em um prazo que vai do dia 18 de maio deste ano at\u00e9 maio de 2023. O pre\u00e7o exercido ser\u00e1 o valor da a\u00e7\u00e3o fixado no IPO, corrigido pelo CDI e por eventuais pagamentos de proventos.<\/p>\n<p><span style=\"font-weight: 400;\">\u00a0\t<p>\n\t\t<a href=\"https:\/\/lp.suno.com.br\/planilha-da-vida-financeira\/\" target=\"_blank\" data-element=\"shortcode-suno-banner\" title=\"Banner SUNO, clique e saiba mais\">\n\t\t\t<picture>\n\t\t\t\t<source media=\"(max-width: 500px)\" srcset=\"https:\/\/files.sunoresearch.com.br\/n\/uploads\/2023\/04\/400x300-Planilha-vida-financeira-true.png\">\n\t\t\t\t<img class=\"newsContent__article__imgCapa newsContent__article__imgCapa--banner\"\n\t\t\t\t\tsrc=\"https:\/\/files.sunoresearch.com.br\/n\/uploads\/2023\/04\/1420x240-Planilha-vida-financeira-true.png\"\n\t\t\t\t\tdata-promo-id=\"106682\"\t\t\t\t\t\t\t\t\t\twidth='1420' height='240'\t\t\t\t\talt=\"https:\/\/files.sunoresearch.com.br\/n\/uploads\/2023\/04\/1420x240-Planilha-vida-financeira-true.png\"\n\t\t\t\t>\n\t\t\t<\/picture>\n\t\t<\/a>\n\t<\/p>\n\n<\/span><\/p>\n","protected":false},"excerpt":{"rendered":"<p>A GetNinjas (NINJ3) adiou a precifica\u00e7\u00e3o da sua oferta p\u00fablica inicial de a\u00e7\u00f5es (IPO), antes marcada para acontecer nesta ter\u00e7a-feira (11), para a pr\u00f3xima quinta (13). Foto: Reprodu\u00e7\u00e3o Facebook \u00a0 \u00a0 A mudan\u00e7a se d\u00e1 ap\u00f3s a companhia atender a exig\u00eancia da Comiss\u00e3o de Valores Mobili\u00e1rios (CVM), que demandou mais informa\u00e7\u00f5es sobre o acordo firmado [&hellip;]<\/p>\n","protected":false},"author":59,"featured_media":146936,"comment_status":"closed","ping_status":"closed","sticky":false,"template":"","format":"standard","meta":[],"categories":[64],"tags":[902,106232,319],"suno_strategy":[],"class_list":["post-146918","post","type-post","status-publish","format-standard","has-post-thumbnail","hentry","category-negocios","tag-comissao-de-valores-mobiliarios-cvm","tag-getninjas-ninj3","tag-ipo-oferta-inicial-de-acoes"],"yoast_head":"<!-- This site is optimized with the Yoast SEO plugin v24.4 - https:\/\/yoast.com\/wordpress\/plugins\/seo\/ -->\n<title>GetNinjas (NINJ3) adia precifica\u00e7\u00e3o de IPO para quinta-feira<\/title>\n<meta name=\"description\" content=\"A GetNinjas adiou a precifica\u00e7\u00e3o do seu IPO para quinta, por conta de um pedido da CVM de mais informa\u00e7\u00f5es. Clique aqui para saber mais.\" \/>\n<meta name=\"robots\" content=\"index, follow, max-snippet:-1, max-image-preview:large, max-video-preview:-1\" \/>\n<link rel=\"canonical\" href=\"https:\/\/www.suno.com.br\/noticias\/por-pedido-da-cvm-getninjas-ninj3-adia-precificacao-de-ipo-para-quinta-feira\/\" \/>\n<meta property=\"og:locale\" content=\"pt_BR\" \/>\n<meta property=\"og:type\" content=\"article\" \/>\n<meta property=\"og:title\" content=\"GetNinjas (NINJ3) adia precifica\u00e7\u00e3o de IPO para quinta-feira\" \/>\n<meta property=\"og:description\" content=\"A GetNinjas adiou a precifica\u00e7\u00e3o do seu IPO para quinta, por conta de um pedido da CVM de mais informa\u00e7\u00f5es. Clique aqui para saber mais.\" \/>\n<meta property=\"og:url\" content=\"https:\/\/www.suno.com.br\/noticias\/por-pedido-da-cvm-getninjas-ninj3-adia-precificacao-de-ipo-para-quinta-feira\/\" \/>\n<meta property=\"og:site_name\" content=\"Suno Not\u00edcias\" \/>\n<meta property=\"article:publisher\" content=\"https:\/\/facebook.com\/sunoresearch\" \/>\n<meta property=\"og:image\" content=\"https:\/\/files.sunoresearch.com.br\/n\/uploads\/2021\/05\/d3c83ee7-getninjas.png\" \/>\n\t<meta property=\"og:image:width\" content=\"864\" \/>\n\t<meta property=\"og:image:height\" content=\"864\" \/>\n\t<meta property=\"og:image:type\" content=\"image\/png\" \/>\n<meta name=\"author\" content=\"Vitor Azevedo\" \/>\n<meta name=\"twitter:card\" content=\"summary_large_image\" \/>\n<meta name=\"twitter:creator\" content=\"@sunoresearch\" \/>\n<meta name=\"twitter:site\" content=\"@sunoresearch\" \/>\n<meta name=\"twitter:label1\" content=\"Escrito por\" \/>\n\t<meta name=\"twitter:data1\" content=\"Vitor Azevedo\" \/>\n\t<meta name=\"twitter:label2\" content=\"Est. tempo de leitura\" \/>\n\t<meta name=\"twitter:data2\" content=\"2 minutos\" \/>\n<script type=\"application\/ld+json\" class=\"yoast-schema-graph\">{\"@context\":\"https:\/\/schema.org\",\"@graph\":[{\"@type\":\"NewsArticle\",\"@id\":\"https:\/\/www.suno.com.br\/noticias\/por-pedido-da-cvm-getninjas-ninj3-adia-precificacao-de-ipo-para-quinta-feira\/#article\",\"isPartOf\":{\"@id\":\"https:\/\/www.suno.com.br\/noticias\/por-pedido-da-cvm-getninjas-ninj3-adia-precificacao-de-ipo-para-quinta-feira\/\"},\"author\":{\"name\":\"Vitor Azevedo\",\"@id\":\"https:\/\/www.suno.com.br\/noticias\/#\/schema\/person\/658d5fbc74d81f265f5df3562d0038ab\"},\"headline\":\"Por pedido da CVM, GetNinjas (NINJ3) adia precifica\u00e7\u00e3o de IPO para quinta-feira\",\"datePublished\":\"2021-05-11T13:21:07+00:00\",\"dateModified\":\"2021-05-11T13:27:04+00:00\",\"mainEntityOfPage\":{\"@id\":\"https:\/\/www.suno.com.br\/noticias\/por-pedido-da-cvm-getninjas-ninj3-adia-precificacao-de-ipo-para-quinta-feira\/\"},\"wordCount\":471,\"publisher\":{\"@id\":\"https:\/\/www.suno.com.br\/noticias\/#organization\"},\"image\":{\"@id\":\"https:\/\/www.suno.com.br\/noticias\/por-pedido-da-cvm-getninjas-ninj3-adia-precificacao-de-ipo-para-quinta-feira\/#primaryimage\"},\"thumbnailUrl\":\"https:\/\/files.sunoresearch.com.br\/n\/uploads\/2021\/05\/d3c83ee7-getninjas-png.webp\",\"keywords\":[\"Comiss\u00e3o de Valores Mobili\u00e1rios (CVM)\",\"GetNinjas (NINJ3)\",\"IPO (Oferta Inicial de A\u00e7\u00f5es)\"],\"articleSection\":[\"Neg\u00f3cios\"],\"inLanguage\":\"pt-BR\"},{\"@type\":\"WebPage\",\"@id\":\"https:\/\/www.suno.com.br\/noticias\/por-pedido-da-cvm-getninjas-ninj3-adia-precificacao-de-ipo-para-quinta-feira\/\",\"url\":\"https:\/\/www.suno.com.br\/noticias\/por-pedido-da-cvm-getninjas-ninj3-adia-precificacao-de-ipo-para-quinta-feira\/\",\"name\":\"GetNinjas (NINJ3) adia precifica\u00e7\u00e3o de IPO para quinta-feira\",\"isPartOf\":{\"@id\":\"https:\/\/www.suno.com.br\/noticias\/#website\"},\"primaryImageOfPage\":{\"@id\":\"https:\/\/www.suno.com.br\/noticias\/por-pedido-da-cvm-getninjas-ninj3-adia-precificacao-de-ipo-para-quinta-feira\/#primaryimage\"},\"image\":{\"@id\":\"https:\/\/www.suno.com.br\/noticias\/por-pedido-da-cvm-getninjas-ninj3-adia-precificacao-de-ipo-para-quinta-feira\/#primaryimage\"},\"thumbnailUrl\":\"https:\/\/files.sunoresearch.com.br\/n\/uploads\/2021\/05\/d3c83ee7-getninjas-png.webp\",\"datePublished\":\"2021-05-11T13:21:07+00:00\",\"dateModified\":\"2021-05-11T13:27:04+00:00\",\"description\":\"A GetNinjas adiou a precifica\u00e7\u00e3o do seu IPO para quinta, por conta de um pedido da CVM de mais informa\u00e7\u00f5es. Clique aqui para saber mais.\",\"breadcrumb\":{\"@id\":\"https:\/\/www.suno.com.br\/noticias\/por-pedido-da-cvm-getninjas-ninj3-adia-precificacao-de-ipo-para-quinta-feira\/#breadcrumb\"},\"inLanguage\":\"pt-BR\",\"potentialAction\":[{\"@type\":\"ReadAction\",\"target\":[\"https:\/\/www.suno.com.br\/noticias\/por-pedido-da-cvm-getninjas-ninj3-adia-precificacao-de-ipo-para-quinta-feira\/\"]}]},{\"@type\":\"ImageObject\",\"inLanguage\":\"pt-BR\",\"@id\":\"https:\/\/www.suno.com.br\/noticias\/por-pedido-da-cvm-getninjas-ninj3-adia-precificacao-de-ipo-para-quinta-feira\/#primaryimage\",\"url\":\"https:\/\/files.sunoresearch.com.br\/n\/uploads\/2021\/05\/d3c83ee7-getninjas-png.webp\",\"contentUrl\":\"https:\/\/files.sunoresearch.com.br\/n\/uploads\/2021\/05\/d3c83ee7-getninjas-png.webp\",\"width\":864,\"height\":864,\"caption\":\"Foto: Reprodu\u00e7\u00e3o Facebook\"},{\"@type\":\"BreadcrumbList\",\"@id\":\"https:\/\/www.suno.com.br\/noticias\/por-pedido-da-cvm-getninjas-ninj3-adia-precificacao-de-ipo-para-quinta-feira\/#breadcrumb\",\"itemListElement\":[{\"@type\":\"ListItem\",\"position\":1,\"name\":\"Not\u00edcias\",\"item\":\"https:\/\/www.suno.com.br\/noticias\/\"},{\"@type\":\"ListItem\",\"position\":2,\"name\":\"Neg\u00f3cios\",\"item\":\"https:\/\/www.suno.com.br\/noticias\/negocios\/\"},{\"@type\":\"ListItem\",\"position\":3,\"name\":\"Por pedido da CVM, GetNinjas (NINJ3) adia precifica\u00e7\u00e3o de IPO para quinta-feira\"}]},{\"@type\":\"WebSite\",\"@id\":\"https:\/\/www.suno.com.br\/noticias\/#website\",\"url\":\"https:\/\/www.suno.com.br\/noticias\/\",\"name\":\"Suno Not\u00edcias\",\"description\":\"Seu portal de informa\u00e7\u00e3o sobre o mundo dos investimentos\",\"publisher\":{\"@id\":\"https:\/\/www.suno.com.br\/noticias\/#organization\"},\"potentialAction\":[{\"@type\":\"SearchAction\",\"target\":{\"@type\":\"EntryPoint\",\"urlTemplate\":\"https:\/\/www.suno.com.br\/noticias\/?s={search_term_string}\"},\"query-input\":{\"@type\":\"PropertyValueSpecification\",\"valueRequired\":true,\"valueName\":\"search_term_string\"}}],\"inLanguage\":\"pt-BR\"},{\"@type\":\"Organization\",\"@id\":\"https:\/\/www.suno.com.br\/noticias\/#organization\",\"name\":\"Suno Not\u00edcias\",\"url\":\"https:\/\/www.suno.com.br\/noticias\/\",\"logo\":{\"@type\":\"ImageObject\",\"inLanguage\":\"pt-BR\",\"@id\":\"https:\/\/www.suno.com.br\/noticias\/#\/schema\/logo\/image\/\",\"url\":\"https:\/\/files.sunoresearch.com.br\/n\/uploads\/2021\/09\/suno-logo.png\",\"contentUrl\":\"https:\/\/files.sunoresearch.com.br\/n\/uploads\/2021\/09\/suno-logo.png\",\"width\":180,\"height\":180,\"caption\":\"Suno Not\u00edcias\"},\"image\":{\"@id\":\"https:\/\/www.suno.com.br\/noticias\/#\/schema\/logo\/image\/\"},\"sameAs\":[\"https:\/\/facebook.com\/sunoresearch\",\"https:\/\/x.com\/sunoresearch\",\"https:\/\/www.instagram.com\/suno\",\"https:\/\/www.linkedin.com\/company\/suno-research\/\",\"https:\/\/www.youtube.com\/c\/sunoresearch\"]},{\"@type\":\"Person\",\"@id\":\"https:\/\/www.suno.com.br\/noticias\/#\/schema\/person\/658d5fbc74d81f265f5df3562d0038ab\",\"name\":\"Vitor Azevedo\",\"image\":{\"@type\":\"ImageObject\",\"inLanguage\":\"pt-BR\",\"@id\":\"https:\/\/www.suno.com.br\/noticias\/#\/schema\/person\/image\/\",\"url\":\"https:\/\/secure.gravatar.com\/avatar\/62b86195291b446fe380824eb28b99a5?s=96&r=g\",\"contentUrl\":\"https:\/\/secure.gravatar.com\/avatar\/62b86195291b446fe380824eb28b99a5?s=96&r=g\",\"caption\":\"Vitor Azevedo\"},\"description\":\"Formado em jornalismo pela Unesp, escreve sobre economia e neg\u00f3cios para a Suno Not\u00edcias.\",\"url\":\"https:\/\/www.suno.com.br\/noticias\/author\/vitor-azevedo\/\"}]}<\/script>\n<!-- \/ Yoast SEO plugin. -->","yoast_head_json":{"title":"GetNinjas (NINJ3) adia precifica\u00e7\u00e3o de IPO para quinta-feira","description":"A GetNinjas adiou a precifica\u00e7\u00e3o do seu IPO para quinta, por conta de um pedido da CVM de mais informa\u00e7\u00f5es. Clique aqui para saber mais.","robots":{"index":"index","follow":"follow","max-snippet":"max-snippet:-1","max-image-preview":"max-image-preview:large","max-video-preview":"max-video-preview:-1"},"canonical":"https:\/\/www.suno.com.br\/noticias\/por-pedido-da-cvm-getninjas-ninj3-adia-precificacao-de-ipo-para-quinta-feira\/","og_locale":"pt_BR","og_type":"article","og_title":"GetNinjas (NINJ3) adia precifica\u00e7\u00e3o de IPO para quinta-feira","og_description":"A GetNinjas adiou a precifica\u00e7\u00e3o do seu IPO para quinta, por conta de um pedido da CVM de mais informa\u00e7\u00f5es. Clique aqui para saber mais.","og_url":"https:\/\/www.suno.com.br\/noticias\/por-pedido-da-cvm-getninjas-ninj3-adia-precificacao-de-ipo-para-quinta-feira\/","og_site_name":"Suno Not\u00edcias","article_publisher":"https:\/\/facebook.com\/sunoresearch","og_image":[{"width":864,"height":864,"url":"https:\/\/files.sunoresearch.com.br\/n\/uploads\/2021\/05\/d3c83ee7-getninjas.png","type":"image\/png"}],"author":"Vitor Azevedo","twitter_card":"summary_large_image","twitter_creator":"@sunoresearch","twitter_site":"@sunoresearch","twitter_misc":{"Escrito por":"Vitor Azevedo","Est. tempo de leitura":"2 minutos"},"schema":{"@context":"https:\/\/schema.org","@graph":[{"@type":"NewsArticle","@id":"https:\/\/www.suno.com.br\/noticias\/por-pedido-da-cvm-getninjas-ninj3-adia-precificacao-de-ipo-para-quinta-feira\/#article","isPartOf":{"@id":"https:\/\/www.suno.com.br\/noticias\/por-pedido-da-cvm-getninjas-ninj3-adia-precificacao-de-ipo-para-quinta-feira\/"},"author":{"name":"Vitor Azevedo","@id":"https:\/\/www.suno.com.br\/noticias\/#\/schema\/person\/658d5fbc74d81f265f5df3562d0038ab"},"headline":"Por pedido da CVM, GetNinjas (NINJ3) adia precifica\u00e7\u00e3o de IPO para quinta-feira","datePublished":"2021-05-11T13:21:07+00:00","dateModified":"2021-05-11T13:27:04+00:00","mainEntityOfPage":{"@id":"https:\/\/www.suno.com.br\/noticias\/por-pedido-da-cvm-getninjas-ninj3-adia-precificacao-de-ipo-para-quinta-feira\/"},"wordCount":471,"publisher":{"@id":"https:\/\/www.suno.com.br\/noticias\/#organization"},"image":{"@id":"https:\/\/www.suno.com.br\/noticias\/por-pedido-da-cvm-getninjas-ninj3-adia-precificacao-de-ipo-para-quinta-feira\/#primaryimage"},"thumbnailUrl":"https:\/\/files.sunoresearch.com.br\/n\/uploads\/2021\/05\/d3c83ee7-getninjas-png.webp","keywords":["Comiss\u00e3o de Valores Mobili\u00e1rios (CVM)","GetNinjas (NINJ3)","IPO (Oferta Inicial de A\u00e7\u00f5es)"],"articleSection":["Neg\u00f3cios"],"inLanguage":"pt-BR"},{"@type":"WebPage","@id":"https:\/\/www.suno.com.br\/noticias\/por-pedido-da-cvm-getninjas-ninj3-adia-precificacao-de-ipo-para-quinta-feira\/","url":"https:\/\/www.suno.com.br\/noticias\/por-pedido-da-cvm-getninjas-ninj3-adia-precificacao-de-ipo-para-quinta-feira\/","name":"GetNinjas (NINJ3) adia precifica\u00e7\u00e3o de IPO para quinta-feira","isPartOf":{"@id":"https:\/\/www.suno.com.br\/noticias\/#website"},"primaryImageOfPage":{"@id":"https:\/\/www.suno.com.br\/noticias\/por-pedido-da-cvm-getninjas-ninj3-adia-precificacao-de-ipo-para-quinta-feira\/#primaryimage"},"image":{"@id":"https:\/\/www.suno.com.br\/noticias\/por-pedido-da-cvm-getninjas-ninj3-adia-precificacao-de-ipo-para-quinta-feira\/#primaryimage"},"thumbnailUrl":"https:\/\/files.sunoresearch.com.br\/n\/uploads\/2021\/05\/d3c83ee7-getninjas-png.webp","datePublished":"2021-05-11T13:21:07+00:00","dateModified":"2021-05-11T13:27:04+00:00","description":"A GetNinjas adiou a precifica\u00e7\u00e3o do seu IPO para quinta, por conta de um pedido da CVM de mais informa\u00e7\u00f5es. Clique aqui para saber mais.","breadcrumb":{"@id":"https:\/\/www.suno.com.br\/noticias\/por-pedido-da-cvm-getninjas-ninj3-adia-precificacao-de-ipo-para-quinta-feira\/#breadcrumb"},"inLanguage":"pt-BR","potentialAction":[{"@type":"ReadAction","target":["https:\/\/www.suno.com.br\/noticias\/por-pedido-da-cvm-getninjas-ninj3-adia-precificacao-de-ipo-para-quinta-feira\/"]}]},{"@type":"ImageObject","inLanguage":"pt-BR","@id":"https:\/\/www.suno.com.br\/noticias\/por-pedido-da-cvm-getninjas-ninj3-adia-precificacao-de-ipo-para-quinta-feira\/#primaryimage","url":"https:\/\/files.sunoresearch.com.br\/n\/uploads\/2021\/05\/d3c83ee7-getninjas-png.webp","contentUrl":"https:\/\/files.sunoresearch.com.br\/n\/uploads\/2021\/05\/d3c83ee7-getninjas-png.webp","width":864,"height":864,"caption":"Foto: Reprodu\u00e7\u00e3o Facebook"},{"@type":"BreadcrumbList","@id":"https:\/\/www.suno.com.br\/noticias\/por-pedido-da-cvm-getninjas-ninj3-adia-precificacao-de-ipo-para-quinta-feira\/#breadcrumb","itemListElement":[{"@type":"ListItem","position":1,"name":"Not\u00edcias","item":"https:\/\/www.suno.com.br\/noticias\/"},{"@type":"ListItem","position":2,"name":"Neg\u00f3cios","item":"https:\/\/www.suno.com.br\/noticias\/negocios\/"},{"@type":"ListItem","position":3,"name":"Por pedido da CVM, GetNinjas (NINJ3) adia precifica\u00e7\u00e3o de IPO para quinta-feira"}]},{"@type":"WebSite","@id":"https:\/\/www.suno.com.br\/noticias\/#website","url":"https:\/\/www.suno.com.br\/noticias\/","name":"Suno Not\u00edcias","description":"Seu portal de informa\u00e7\u00e3o sobre o mundo dos investimentos","publisher":{"@id":"https:\/\/www.suno.com.br\/noticias\/#organization"},"potentialAction":[{"@type":"SearchAction","target":{"@type":"EntryPoint","urlTemplate":"https:\/\/www.suno.com.br\/noticias\/?s={search_term_string}"},"query-input":{"@type":"PropertyValueSpecification","valueRequired":true,"valueName":"search_term_string"}}],"inLanguage":"pt-BR"},{"@type":"Organization","@id":"https:\/\/www.suno.com.br\/noticias\/#organization","name":"Suno Not\u00edcias","url":"https:\/\/www.suno.com.br\/noticias\/","logo":{"@type":"ImageObject","inLanguage":"pt-BR","@id":"https:\/\/www.suno.com.br\/noticias\/#\/schema\/logo\/image\/","url":"https:\/\/files.sunoresearch.com.br\/n\/uploads\/2021\/09\/suno-logo.png","contentUrl":"https:\/\/files.sunoresearch.com.br\/n\/uploads\/2021\/09\/suno-logo.png","width":180,"height":180,"caption":"Suno Not\u00edcias"},"image":{"@id":"https:\/\/www.suno.com.br\/noticias\/#\/schema\/logo\/image\/"},"sameAs":["https:\/\/facebook.com\/sunoresearch","https:\/\/x.com\/sunoresearch","https:\/\/www.instagram.com\/suno","https:\/\/www.linkedin.com\/company\/suno-research\/","https:\/\/www.youtube.com\/c\/sunoresearch"]},{"@type":"Person","@id":"https:\/\/www.suno.com.br\/noticias\/#\/schema\/person\/658d5fbc74d81f265f5df3562d0038ab","name":"Vitor Azevedo","image":{"@type":"ImageObject","inLanguage":"pt-BR","@id":"https:\/\/www.suno.com.br\/noticias\/#\/schema\/person\/image\/","url":"https:\/\/secure.gravatar.com\/avatar\/62b86195291b446fe380824eb28b99a5?s=96&r=g","contentUrl":"https:\/\/secure.gravatar.com\/avatar\/62b86195291b446fe380824eb28b99a5?s=96&r=g","caption":"Vitor Azevedo"},"description":"Formado em jornalismo pela Unesp, escreve sobre economia e neg\u00f3cios para a Suno Not\u00edcias.","url":"https:\/\/www.suno.com.br\/noticias\/author\/vitor-azevedo\/"}]}},"default_loop_html":"<div class=\"cardsPage__listCard__boxs\"><div class=\"cardsPage__listCard__boxs__img\"><a href=\"https:\/\/www.suno.com.br\/noticias\/por-pedido-da-cvm-getninjas-ninj3-adia-precificacao-de-ipo-para-quinta-feira\/\"><img class=\"mask\" src=\"https:\/\/www.suno.com.br\/noticias\/wp-content\/themes\/suno\/resources\/images\/spotlight\/spotlight1img\/bg-mask.png\" alt=\"Image Mask\"\/><img src=\"https:\/\/files.sunoresearch.com.br\/n\/uploads\/2021\/05\/d3c83ee7-getninjas-400x200.webp\" alt=\"Por pedido da CVM, GetNinjas (NINJ3) adia precifica\u00e7\u00e3o de IPO para quinta-feira\"\/><\/a><span class=\"spotlightCategory\"><a href=\"https:\/\/www.suno.com.br\/noticias\/negocios\/\">Neg\u00f3cios<\/a><\/span><\/div><div class=\"cardsPage__listCard__boxs__content\"><a href=\"https:\/\/www.suno.com.br\/noticias\/por-pedido-da-cvm-getninjas-ninj3-adia-precificacao-de-ipo-para-quinta-feira\/\"><h2 class=\"content__title\">Por pedido da CVM, GetNinjas (NINJ3) adia precifica\u00e7\u00e3o de IPO para quinta-feira<\/h2><\/a><div class=\"newsContent__article__meta\"><div class=\"newsContent__article__meta__authorBox\"><a href=\"https:\/\/www.suno.com.br\/noticias\/author\/vitor-azevedo\/\" class=\"authorBox__avatar noMobi\"><img src=\"https:\/\/secure.gravatar.com\/avatar\/62b86195291b446fe380824eb28b99a5?s=96&#038;r=g\" alt=\"Vitor Azevedo\"><\/a><div class=\"authorBox__name\"><span>por\n\t\t\t<a href=\"https:\/\/www.suno.com.br\/noticias\/author\/vitor-azevedo\/\"><span itemprop=\"author\">Vitor Azevedo<\/span><\/a><\/span><time datetime=\"2021-05-11T10:21:07-03:00\" itemprop=\"datePublished\">11\/05\/2021 10:21<\/time><\/div><\/div><\/div><\/div><\/div>","single_layout":"posts","amp_enabled":true,"_links":{"self":[{"href":"https:\/\/www.suno.com.br\/noticias\/wp-json\/wp\/v2\/posts\/146918"}],"collection":[{"href":"https:\/\/www.suno.com.br\/noticias\/wp-json\/wp\/v2\/posts"}],"about":[{"href":"https:\/\/www.suno.com.br\/noticias\/wp-json\/wp\/v2\/types\/post"}],"author":[{"embeddable":true,"href":"https:\/\/www.suno.com.br\/noticias\/wp-json\/wp\/v2\/users\/59"}],"replies":[{"embeddable":true,"href":"https:\/\/www.suno.com.br\/noticias\/wp-json\/wp\/v2\/comments?post=146918"}],"version-history":[{"count":3,"href":"https:\/\/www.suno.com.br\/noticias\/wp-json\/wp\/v2\/posts\/146918\/revisions"}],"predecessor-version":[{"id":146944,"href":"https:\/\/www.suno.com.br\/noticias\/wp-json\/wp\/v2\/posts\/146918\/revisions\/146944"}],"wp:featuredmedia":[{"embeddable":true,"href":"https:\/\/www.suno.com.br\/noticias\/wp-json\/wp\/v2\/media\/146936"}],"wp:attachment":[{"href":"https:\/\/www.suno.com.br\/noticias\/wp-json\/wp\/v2\/media?parent=146918"}],"wp:term":[{"taxonomy":"category","embeddable":true,"href":"https:\/\/www.suno.com.br\/noticias\/wp-json\/wp\/v2\/categories?post=146918"},{"taxonomy":"post_tag","embeddable":true,"href":"https:\/\/www.suno.com.br\/noticias\/wp-json\/wp\/v2\/tags?post=146918"},{"taxonomy":"suno_strategy","embeddable":true,"href":"https:\/\/www.suno.com.br\/noticias\/wp-json\/wp\/v2\/suno_strategy?post=146918"}],"curies":[{"name":"wp","href":"https:\/\/api.w.org\/{rel}","templated":true}]}}