{"id":146613,"date":"2021-05-10T20:10:41","date_gmt":"2021-05-10T23:10:41","guid":{"rendered":"https:\/\/www.suno.com.br\/noticias\/?p=146613"},"modified":"2021-05-31T00:57:54","modified_gmt":"2021-05-31T03:57:54","slug":"marisa-amar3-prejuizo-1t21","status":"publish","type":"post","link":"https:\/\/www.suno.com.br\/noticias\/marisa-amar3-prejuizo-1t21\/","title":{"rendered":"Refletindo impactos da pandemia, Marisa (AMAR3) tem preju\u00edzo de R$ 53,4 mi no 1T21"},"content":{"rendered":"<p>A <a href=\"https:\/\/www.suno.com.br\/acoes\/amar3\/\"><strong>Marisa<\/strong> (AMAR3)<\/a> divulgou na noite dessa segunda-feira (10) seus resultados no primeiro trimestre desse ano. A companhia anotou um preju\u00edzo de R$ 53,4 milh\u00f5es no per\u00edodo, contra um preju\u00edzo de R$ 107,1 milh\u00f5es apurado um ano antes. A varejista de moda feminina destaca que seu resultado ainda reflete os impactos da pandemia sobre suas vendas.<\/p>\t<div class=\"wrapper-featured-image\">\n\t\t<figure class=\"spotlightImg\">\n\n\t\t\t<picture>\n\t\t\t\t<source media=\"(max-width: 768px)\" srcset=\"https:\/\/files.sunoresearch.com.br\/n\/uploads\/2019\/03\/3ffa36fe-lojas-marisa-400x200.webp\">\n\t\t\t\t<img loading=\"lazy\" decoding=\"async\" class=\"newsContent__article__imgCapa lazyloadDisabled \" src=\"https:\/\/files.sunoresearch.com.br\/n\/uploads\/2019\/03\/3ffa36fe-lojas-marisa-800x450.webp\" width=\"800\" height=\"450\" alt=\"Refletindo impactos da pandemia, Marisa (AMAR3) tem preju\u00edzo de R$ 53,4 mi no 1T21\" fetchpriority=high \/>\n\t\t\t<\/picture>\n\n\t\t\t<figcaption class=\"wp-caption-text wp-caption-text--show\">Marisa divulga plano de recompra de a\u00e7\u00f5es. Foto: divulga\u00e7\u00e3o.<\/figcaption>\n\t\t<\/figure>\n\t<\/div>\n\n\n\t<p>\n\t\t<a href=\"https:\/\/lp.suno.com.br\/planilha-controle-gastos\/\" target=\"_blank\" data-element=\"shortcode-suno-banner\" title=\"Banner SUNO, clique e saiba mais\">\n\t\t\t<picture>\n\t\t\t\t<source media=\"(max-width: 500px)\" srcset=\"https:\/\/files.sunoresearch.com.br\/n\/uploads\/2023\/03\/400x300-Planilha-controle-de-gastos.png\">\n\t\t\t\t<img class=\"newsContent__article__imgCapa newsContent__article__imgCapa--banner\"\n\t\t\t\t\tsrc=\"https:\/\/files.sunoresearch.com.br\/n\/uploads\/2023\/03\/1420x240-Planilha-controle-de-gastos.png\"\n\t\t\t\t\tdata-promo-id=\"101751\"\t\t\t\t\t\t\t\t\t\twidth='1420' height='240'\t\t\t\t\talt=\"https:\/\/files.sunoresearch.com.br\/n\/uploads\/2023\/03\/1420x240-Planilha-controle-de-gastos.png\"\n\t\t\t\t>\n\t\t\t<\/picture>\n\t\t<\/a>\n\t<\/p>\n\n\n<p>A <strong><a href=\"https:\/\/www.suno.com.br\/artigos\/o-que-receita-liquida\/\">receita l\u00edquida<\/a> da Marisa<\/strong> somou R$ 415,434 milh\u00f5es nos tr\u00eas primeiros meses desse ano, uma queda de 27,3%, em compara\u00e7\u00e3o com a receita de R$ 571,775 milh\u00f5es apurada no primeiro trimestre do ano passado.<\/p>\n<p>Entre janeiro e mar\u00e7o, o\u00a0 <a href=\"https:\/\/www.suno.com.br\/artigos\/ebitda\/#:~:text=Ebitda%20(em%20ingl%C3%AAs%2C%20Earnings%20Before,mercado%20de%20bolsa%20de%20valores.\"><strong>Ebitda<\/strong> (lucro antes de juros, impostos, deprecia\u00e7\u00e3o e amortiza\u00e7\u00e3o)<\/a> ajustado da varejista de moda feminina somou R$ 66,4 milh\u00f5es, ante R$ 13,9 milh\u00f5es no trimestre equivalente em 2020.<\/p>\n<p><a href=\"https:\/\/lp.suno.com.br\/suno-one\/\">Suno One: acesse gratuitamente eBooks, Minicursos, Artigos e V\u00eddeo Aulas sobre investimentos com um \u00fanico cadastro. Clique para saber mais!<\/a><\/p>\n<p>Por sua vez, as vendas de varejo ca\u00edram de R$ 559 milh\u00f5es no primeiro trimestre de 2020, para R$ 290 milh\u00f5es ao final do m\u00eas de mar\u00e7o desse ano. Ao mesmo tempo, as <strong>vendas &#8220;mesmas lojas&#8221;<\/strong> (<strong>SSS<\/strong>, na sigla em ingl\u00eas) ca\u00edram 16%, para &#8211; 29,6%<\/p>\n<p>Segundo a empresa, a queda nas vendas foi reflexo do impacto da <strong>pandemia de coronav\u00edrus<\/strong> (Covid-19) no fluxo em loja durante o trimestre. &#8220;A queda de vendas durante os meses foi uniforme entre regi\u00f5es, tipos de loja e categorias, indicando estar efetivamente relacionada aos impactos da pandemia no fluxo em loja&#8221;, explica a varejista em seu balan\u00e7o.<\/p>\n\t<div data-element=\"shortcode-read-more\" class=\"knowMore\">\n\t\t\t\t<span class=\"knowMore__title\">Leia tamb\u00e9m<\/span>\n\t\t\t\t<a class=\"knowMore__link\" href=\"https:\/\/www.suno.com.br\/noticias\/lojas-marisa-amar3-prejuizo-4t20\/\">\n\t\t\tPandemia pesa e Marisa (AMAR3) tem preju\u00edzo de R$ 28,9 milh\u00f5es no 4T20\t\t<\/a>\n\t<\/div>\n\n\n<p>Em contrapartida, as vendas da plataforma digital cresceram 67,3% durante os tr\u00eas primeiros meses desse ano, representando 16,3% das vendas totais do varejo.<\/p>\n<p>De acordo com a Marisa, &#8220;as vendas da plataforma digital foram impulsionadas pelo maior tr\u00e1fego no <strong>e-commerce,<\/strong> assim como pela maior ader\u00eancia dos clientes ao <strong>APP,<\/strong> que alcan\u00e7ou a marca dos 5,5 milh\u00f5es de downloads e j\u00e1 representou 45% das vendas do canal digital no per\u00edodo&#8221;.<\/p>\n\t<p>\n\t\t<a href=\"https:\/\/lp.suno.com.br\/planilha-da-vida-financeira\/\" target=\"_blank\" data-element=\"shortcode-suno-banner\" title=\"Banner SUNO, clique e saiba mais\">\n\t\t\t<picture>\n\t\t\t\t<source media=\"(max-width: 500px)\" srcset=\"https:\/\/files.sunoresearch.com.br\/n\/uploads\/2023\/04\/400x300-Planilha-vida-financeira-true.png\">\n\t\t\t\t<img class=\"newsContent__article__imgCapa newsContent__article__imgCapa--banner\"\n\t\t\t\t\tsrc=\"https:\/\/files.sunoresearch.com.br\/n\/uploads\/2023\/04\/1420x240-Planilha-vida-financeira-true.png\"\n\t\t\t\t\tdata-promo-id=\"106682\"\t\t\t\t\t\t\t\t\t\twidth='1420' height='240'\t\t\t\t\talt=\"https:\/\/files.sunoresearch.com.br\/n\/uploads\/2023\/04\/1420x240-Planilha-vida-financeira-true.png\"\n\t\t\t\t>\n\t\t\t<\/picture>\n\t\t<\/a>\n\t<\/p>\n\n\n<p>Al\u00e9m disso, a participa\u00e7\u00e3o dos cart\u00f5es Marisa e Co-Branded nas vendas do trimestre atingiu 40,4%, o que equivale a um avan\u00e7o de 0,7 ponto percentual em rela\u00e7\u00e3o aos tr\u00eas primeiros meses do ano passado.<\/p>\n<h2>\u00daltima cota\u00e7\u00e3o da Marisa<\/h2>\n<p>A a\u00e7\u00e3o da<strong> Marisa (AMAR3)<\/strong> encerrou o preg\u00e3o de hoje em queda de 1,65%, valendo R$ 5,96, enquanto o mercado aguardava a divulga\u00e7\u00e3o dos resultados. No ano, o papel acumula uma queda de 12,48%, frente ao fechamento a R$ 6,81 em dezembro.<\/p>\n\t<p>\n\t\t<a href=\"https:\/\/lp.suno.com.br\/planilha-de-controle-de-investimentos\/\" target=\"_blank\" data-element=\"shortcode-suno-banner\" title=\"Banner SUNO, clique e saiba mais\">\n\t\t\t<picture>\n\t\t\t\t<source media=\"(max-width: 500px)\" srcset=\"https:\/\/files.sunoresearch.com.br\/n\/uploads\/2023\/03\/400x300-Controle-de-Investimentos.png\">\n\t\t\t\t<img class=\"newsContent__article__imgCapa newsContent__article__imgCapa--banner\"\n\t\t\t\t\tsrc=\"https:\/\/files.sunoresearch.com.br\/n\/uploads\/2023\/03\/1420x240-Controle-de-Investimentos.png\"\n\t\t\t\t\tdata-promo-id=\"75934\"\t\t\t\t\t\t\t\t\t\twidth='1420' height='240'\t\t\t\t\talt=\"https:\/\/files.sunoresearch.com.br\/n\/uploads\/2023\/03\/1420x240-Controle-de-Investimentos.png\"\n\t\t\t\t>\n\t\t\t<\/picture>\n\t\t<\/a>\n\t<\/p>\n\n\n","protected":false},"excerpt":{"rendered":"<p>A Marisa (AMAR3) divulgou na noite dessa segunda-feira (10) seus resultados no primeiro trimestre desse ano. A companhia anotou um preju\u00edzo de R$ 53,4 milh\u00f5es no per\u00edodo, contra um preju\u00edzo de R$ 107,1 milh\u00f5es apurado um ano antes. A varejista de moda feminina destaca que seu resultado ainda reflete os impactos da pandemia sobre suas [&hellip;]<\/p>\n","protected":false},"author":39,"featured_media":18196,"comment_status":"closed","ping_status":"closed","sticky":false,"template":"","format":"standard","meta":[],"categories":[64],"tags":[1029,541],"suno_strategy":[],"class_list":["post-146613","post","type-post","status-publish","format-standard","has-post-thumbnail","hentry","category-negocios","tag-balancos-trimestrais","tag-lojas-marisa-amar3"],"yoast_head":"<!-- This site is optimized with the Yoast SEO plugin v24.4 - https:\/\/yoast.com\/wordpress\/plugins\/seo\/ -->\n<title>Refletindo impactos da pandemia, Marisa tem preju\u00edzo de R$ 53,4 milh\u00f5es<\/title>\n<meta name=\"description\" content=\"A Marisa (AMAR3) divulgou na noite dessa segunda-feira (10) seus resultados no primeiro trimestre desse ano. Clique e saiba mais!\" \/>\n<meta name=\"robots\" content=\"index, follow, max-snippet:-1, max-image-preview:large, max-video-preview:-1\" \/>\n<link rel=\"canonical\" href=\"https:\/\/www.suno.com.br\/noticias\/marisa-amar3-prejuizo-1t21\/\" \/>\n<meta property=\"og:locale\" content=\"pt_BR\" \/>\n<meta property=\"og:type\" content=\"article\" \/>\n<meta property=\"og:title\" content=\"Refletindo impactos da pandemia, Marisa tem preju\u00edzo de R$ 53,4 milh\u00f5es\" \/>\n<meta property=\"og:description\" content=\"A Marisa (AMAR3) divulgou na noite dessa segunda-feira (10) seus resultados no primeiro trimestre desse ano. Clique e saiba mais!\" \/>\n<meta property=\"og:url\" content=\"https:\/\/www.suno.com.br\/noticias\/marisa-amar3-prejuizo-1t21\/\" \/>\n<meta property=\"og:site_name\" content=\"Suno Not\u00edcias\" \/>\n<meta property=\"article:publisher\" content=\"https:\/\/facebook.com\/sunoresearch\" \/>\n<meta property=\"og:image\" content=\"https:\/\/files.sunoresearch.com.br\/n\/uploads\/2019\/03\/3ffa36fe-lojas-marisa.jpg\" \/>\n\t<meta property=\"og:image:width\" content=\"1600\" \/>\n\t<meta property=\"og:image:height\" content=\"1200\" \/>\n\t<meta property=\"og:image:type\" content=\"image\/jpeg\" \/>\n<meta name=\"author\" content=\"Laura Moutinho\" \/>\n<meta name=\"twitter:card\" content=\"summary_large_image\" \/>\n<meta name=\"twitter:creator\" content=\"@sunoresearch\" \/>\n<meta name=\"twitter:site\" content=\"@sunoresearch\" \/>\n<meta name=\"twitter:label1\" content=\"Escrito por\" \/>\n\t<meta name=\"twitter:data1\" content=\"Laura Moutinho\" \/>\n\t<meta name=\"twitter:label2\" content=\"Est. tempo de leitura\" \/>\n\t<meta name=\"twitter:data2\" content=\"2 minutos\" \/>\n<script type=\"application\/ld+json\" class=\"yoast-schema-graph\">{\"@context\":\"https:\/\/schema.org\",\"@graph\":[{\"@type\":\"NewsArticle\",\"@id\":\"https:\/\/www.suno.com.br\/noticias\/marisa-amar3-prejuizo-1t21\/#article\",\"isPartOf\":{\"@id\":\"https:\/\/www.suno.com.br\/noticias\/marisa-amar3-prejuizo-1t21\/\"},\"author\":{\"name\":\"Laura Moutinho\",\"@id\":\"https:\/\/www.suno.com.br\/noticias\/#\/schema\/person\/3df0d2808748b74496efe5dbeaef2c72\"},\"headline\":\"Refletindo impactos da pandemia, Marisa (AMAR3) tem preju\u00edzo de R$ 53,4 mi no 1T21\",\"datePublished\":\"2021-05-10T23:10:41+00:00\",\"dateModified\":\"2021-05-31T03:57:54+00:00\",\"mainEntityOfPage\":{\"@id\":\"https:\/\/www.suno.com.br\/noticias\/marisa-amar3-prejuizo-1t21\/\"},\"wordCount\":445,\"publisher\":{\"@id\":\"https:\/\/www.suno.com.br\/noticias\/#organization\"},\"image\":{\"@id\":\"https:\/\/www.suno.com.br\/noticias\/marisa-amar3-prejuizo-1t21\/#primaryimage\"},\"thumbnailUrl\":\"https:\/\/files.sunoresearch.com.br\/n\/uploads\/2019\/03\/3ffa36fe-lojas-marisa-jpg.webp\",\"keywords\":[\"balan\u00e7os trimestrais\",\"Lojas Marisa (AMAR3)\"],\"articleSection\":[\"Neg\u00f3cios\"],\"inLanguage\":\"pt-BR\"},{\"@type\":\"WebPage\",\"@id\":\"https:\/\/www.suno.com.br\/noticias\/marisa-amar3-prejuizo-1t21\/\",\"url\":\"https:\/\/www.suno.com.br\/noticias\/marisa-amar3-prejuizo-1t21\/\",\"name\":\"Refletindo impactos da pandemia, Marisa tem preju\u00edzo de R$ 53,4 milh\u00f5es\",\"isPartOf\":{\"@id\":\"https:\/\/www.suno.com.br\/noticias\/#website\"},\"primaryImageOfPage\":{\"@id\":\"https:\/\/www.suno.com.br\/noticias\/marisa-amar3-prejuizo-1t21\/#primaryimage\"},\"image\":{\"@id\":\"https:\/\/www.suno.com.br\/noticias\/marisa-amar3-prejuizo-1t21\/#primaryimage\"},\"thumbnailUrl\":\"https:\/\/files.sunoresearch.com.br\/n\/uploads\/2019\/03\/3ffa36fe-lojas-marisa-jpg.webp\",\"datePublished\":\"2021-05-10T23:10:41+00:00\",\"dateModified\":\"2021-05-31T03:57:54+00:00\",\"description\":\"A Marisa (AMAR3) divulgou na noite dessa segunda-feira (10) seus resultados no primeiro trimestre desse ano. Clique e saiba mais!\",\"breadcrumb\":{\"@id\":\"https:\/\/www.suno.com.br\/noticias\/marisa-amar3-prejuizo-1t21\/#breadcrumb\"},\"inLanguage\":\"pt-BR\",\"potentialAction\":[{\"@type\":\"ReadAction\",\"target\":[\"https:\/\/www.suno.com.br\/noticias\/marisa-amar3-prejuizo-1t21\/\"]}]},{\"@type\":\"ImageObject\",\"inLanguage\":\"pt-BR\",\"@id\":\"https:\/\/www.suno.com.br\/noticias\/marisa-amar3-prejuizo-1t21\/#primaryimage\",\"url\":\"https:\/\/files.sunoresearch.com.br\/n\/uploads\/2019\/03\/3ffa36fe-lojas-marisa-jpg.webp\",\"contentUrl\":\"https:\/\/files.sunoresearch.com.br\/n\/uploads\/2019\/03\/3ffa36fe-lojas-marisa-jpg.webp\",\"width\":1600,\"height\":1200,\"caption\":\"Marisa divulga plano de recompra de a\u00e7\u00f5es. Foto: divulga\u00e7\u00e3o.\"},{\"@type\":\"BreadcrumbList\",\"@id\":\"https:\/\/www.suno.com.br\/noticias\/marisa-amar3-prejuizo-1t21\/#breadcrumb\",\"itemListElement\":[{\"@type\":\"ListItem\",\"position\":1,\"name\":\"Not\u00edcias\",\"item\":\"https:\/\/www.suno.com.br\/noticias\/\"},{\"@type\":\"ListItem\",\"position\":2,\"name\":\"Neg\u00f3cios\",\"item\":\"https:\/\/www.suno.com.br\/noticias\/negocios\/\"},{\"@type\":\"ListItem\",\"position\":3,\"name\":\"Refletindo impactos da pandemia, Marisa (AMAR3) tem preju\u00edzo de R$ 53,4 mi no 1T21\"}]},{\"@type\":\"WebSite\",\"@id\":\"https:\/\/www.suno.com.br\/noticias\/#website\",\"url\":\"https:\/\/www.suno.com.br\/noticias\/\",\"name\":\"Suno Not\u00edcias\",\"description\":\"Seu portal de informa\u00e7\u00e3o sobre o mundo dos investimentos\",\"publisher\":{\"@id\":\"https:\/\/www.suno.com.br\/noticias\/#organization\"},\"potentialAction\":[{\"@type\":\"SearchAction\",\"target\":{\"@type\":\"EntryPoint\",\"urlTemplate\":\"https:\/\/www.suno.com.br\/noticias\/?s={search_term_string}\"},\"query-input\":{\"@type\":\"PropertyValueSpecification\",\"valueRequired\":true,\"valueName\":\"search_term_string\"}}],\"inLanguage\":\"pt-BR\"},{\"@type\":\"Organization\",\"@id\":\"https:\/\/www.suno.com.br\/noticias\/#organization\",\"name\":\"Suno Not\u00edcias\",\"url\":\"https:\/\/www.suno.com.br\/noticias\/\",\"logo\":{\"@type\":\"ImageObject\",\"inLanguage\":\"pt-BR\",\"@id\":\"https:\/\/www.suno.com.br\/noticias\/#\/schema\/logo\/image\/\",\"url\":\"https:\/\/files.sunoresearch.com.br\/n\/uploads\/2021\/09\/suno-logo.png\",\"contentUrl\":\"https:\/\/files.sunoresearch.com.br\/n\/uploads\/2021\/09\/suno-logo.png\",\"width\":180,\"height\":180,\"caption\":\"Suno Not\u00edcias\"},\"image\":{\"@id\":\"https:\/\/www.suno.com.br\/noticias\/#\/schema\/logo\/image\/\"},\"sameAs\":[\"https:\/\/facebook.com\/sunoresearch\",\"https:\/\/x.com\/sunoresearch\",\"https:\/\/www.instagram.com\/suno\",\"https:\/\/www.linkedin.com\/company\/suno-research\/\",\"https:\/\/www.youtube.com\/c\/sunoresearch\"]},{\"@type\":\"Person\",\"@id\":\"https:\/\/www.suno.com.br\/noticias\/#\/schema\/person\/3df0d2808748b74496efe5dbeaef2c72\",\"name\":\"Laura Moutinho\",\"image\":{\"@type\":\"ImageObject\",\"inLanguage\":\"pt-BR\",\"@id\":\"https:\/\/www.suno.com.br\/noticias\/#\/schema\/person\/image\/\",\"url\":\"https:\/\/secure.gravatar.com\/avatar\/7571c7c8ca3a6fca5e41384ece5557ff?s=96&r=g\",\"contentUrl\":\"https:\/\/secure.gravatar.com\/avatar\/7571c7c8ca3a6fca5e41384ece5557ff?s=96&r=g\",\"caption\":\"Laura Moutinho\"},\"description\":\"Estagi\u00e1ria na Suno Not\u00edcias, escreve not\u00edcias que afetam o mercado financeiro. Estuda administra\u00e7\u00e3o na Universidade Presbiteriana Mackenzie.\",\"url\":\"https:\/\/www.suno.com.br\/noticias\/author\/laura-moutinho\/\"}]}<\/script>\n<!-- \/ Yoast SEO plugin. -->","yoast_head_json":{"title":"Refletindo impactos da pandemia, Marisa tem preju\u00edzo de R$ 53,4 milh\u00f5es","description":"A Marisa (AMAR3) divulgou na noite dessa segunda-feira (10) seus resultados no primeiro trimestre desse ano. Clique e saiba mais!","robots":{"index":"index","follow":"follow","max-snippet":"max-snippet:-1","max-image-preview":"max-image-preview:large","max-video-preview":"max-video-preview:-1"},"canonical":"https:\/\/www.suno.com.br\/noticias\/marisa-amar3-prejuizo-1t21\/","og_locale":"pt_BR","og_type":"article","og_title":"Refletindo impactos da pandemia, Marisa tem preju\u00edzo de R$ 53,4 milh\u00f5es","og_description":"A Marisa (AMAR3) divulgou na noite dessa segunda-feira (10) seus resultados no primeiro trimestre desse ano. Clique e saiba mais!","og_url":"https:\/\/www.suno.com.br\/noticias\/marisa-amar3-prejuizo-1t21\/","og_site_name":"Suno Not\u00edcias","article_publisher":"https:\/\/facebook.com\/sunoresearch","og_image":[{"width":1600,"height":1200,"url":"https:\/\/files.sunoresearch.com.br\/n\/uploads\/2019\/03\/3ffa36fe-lojas-marisa.jpg","type":"image\/jpeg"}],"author":"Laura Moutinho","twitter_card":"summary_large_image","twitter_creator":"@sunoresearch","twitter_site":"@sunoresearch","twitter_misc":{"Escrito por":"Laura Moutinho","Est. tempo de leitura":"2 minutos"},"schema":{"@context":"https:\/\/schema.org","@graph":[{"@type":"NewsArticle","@id":"https:\/\/www.suno.com.br\/noticias\/marisa-amar3-prejuizo-1t21\/#article","isPartOf":{"@id":"https:\/\/www.suno.com.br\/noticias\/marisa-amar3-prejuizo-1t21\/"},"author":{"name":"Laura Moutinho","@id":"https:\/\/www.suno.com.br\/noticias\/#\/schema\/person\/3df0d2808748b74496efe5dbeaef2c72"},"headline":"Refletindo impactos da pandemia, Marisa (AMAR3) tem preju\u00edzo de R$ 53,4 mi no 1T21","datePublished":"2021-05-10T23:10:41+00:00","dateModified":"2021-05-31T03:57:54+00:00","mainEntityOfPage":{"@id":"https:\/\/www.suno.com.br\/noticias\/marisa-amar3-prejuizo-1t21\/"},"wordCount":445,"publisher":{"@id":"https:\/\/www.suno.com.br\/noticias\/#organization"},"image":{"@id":"https:\/\/www.suno.com.br\/noticias\/marisa-amar3-prejuizo-1t21\/#primaryimage"},"thumbnailUrl":"https:\/\/files.sunoresearch.com.br\/n\/uploads\/2019\/03\/3ffa36fe-lojas-marisa-jpg.webp","keywords":["balan\u00e7os trimestrais","Lojas Marisa (AMAR3)"],"articleSection":["Neg\u00f3cios"],"inLanguage":"pt-BR"},{"@type":"WebPage","@id":"https:\/\/www.suno.com.br\/noticias\/marisa-amar3-prejuizo-1t21\/","url":"https:\/\/www.suno.com.br\/noticias\/marisa-amar3-prejuizo-1t21\/","name":"Refletindo impactos da pandemia, Marisa tem preju\u00edzo de R$ 53,4 milh\u00f5es","isPartOf":{"@id":"https:\/\/www.suno.com.br\/noticias\/#website"},"primaryImageOfPage":{"@id":"https:\/\/www.suno.com.br\/noticias\/marisa-amar3-prejuizo-1t21\/#primaryimage"},"image":{"@id":"https:\/\/www.suno.com.br\/noticias\/marisa-amar3-prejuizo-1t21\/#primaryimage"},"thumbnailUrl":"https:\/\/files.sunoresearch.com.br\/n\/uploads\/2019\/03\/3ffa36fe-lojas-marisa-jpg.webp","datePublished":"2021-05-10T23:10:41+00:00","dateModified":"2021-05-31T03:57:54+00:00","description":"A Marisa (AMAR3) divulgou na noite dessa segunda-feira (10) seus resultados no primeiro trimestre desse ano. Clique e saiba mais!","breadcrumb":{"@id":"https:\/\/www.suno.com.br\/noticias\/marisa-amar3-prejuizo-1t21\/#breadcrumb"},"inLanguage":"pt-BR","potentialAction":[{"@type":"ReadAction","target":["https:\/\/www.suno.com.br\/noticias\/marisa-amar3-prejuizo-1t21\/"]}]},{"@type":"ImageObject","inLanguage":"pt-BR","@id":"https:\/\/www.suno.com.br\/noticias\/marisa-amar3-prejuizo-1t21\/#primaryimage","url":"https:\/\/files.sunoresearch.com.br\/n\/uploads\/2019\/03\/3ffa36fe-lojas-marisa-jpg.webp","contentUrl":"https:\/\/files.sunoresearch.com.br\/n\/uploads\/2019\/03\/3ffa36fe-lojas-marisa-jpg.webp","width":1600,"height":1200,"caption":"Marisa divulga plano de recompra de a\u00e7\u00f5es. Foto: divulga\u00e7\u00e3o."},{"@type":"BreadcrumbList","@id":"https:\/\/www.suno.com.br\/noticias\/marisa-amar3-prejuizo-1t21\/#breadcrumb","itemListElement":[{"@type":"ListItem","position":1,"name":"Not\u00edcias","item":"https:\/\/www.suno.com.br\/noticias\/"},{"@type":"ListItem","position":2,"name":"Neg\u00f3cios","item":"https:\/\/www.suno.com.br\/noticias\/negocios\/"},{"@type":"ListItem","position":3,"name":"Refletindo impactos da pandemia, Marisa (AMAR3) tem preju\u00edzo de R$ 53,4 mi no 1T21"}]},{"@type":"WebSite","@id":"https:\/\/www.suno.com.br\/noticias\/#website","url":"https:\/\/www.suno.com.br\/noticias\/","name":"Suno Not\u00edcias","description":"Seu portal de informa\u00e7\u00e3o sobre o mundo dos investimentos","publisher":{"@id":"https:\/\/www.suno.com.br\/noticias\/#organization"},"potentialAction":[{"@type":"SearchAction","target":{"@type":"EntryPoint","urlTemplate":"https:\/\/www.suno.com.br\/noticias\/?s={search_term_string}"},"query-input":{"@type":"PropertyValueSpecification","valueRequired":true,"valueName":"search_term_string"}}],"inLanguage":"pt-BR"},{"@type":"Organization","@id":"https:\/\/www.suno.com.br\/noticias\/#organization","name":"Suno Not\u00edcias","url":"https:\/\/www.suno.com.br\/noticias\/","logo":{"@type":"ImageObject","inLanguage":"pt-BR","@id":"https:\/\/www.suno.com.br\/noticias\/#\/schema\/logo\/image\/","url":"https:\/\/files.sunoresearch.com.br\/n\/uploads\/2021\/09\/suno-logo.png","contentUrl":"https:\/\/files.sunoresearch.com.br\/n\/uploads\/2021\/09\/suno-logo.png","width":180,"height":180,"caption":"Suno Not\u00edcias"},"image":{"@id":"https:\/\/www.suno.com.br\/noticias\/#\/schema\/logo\/image\/"},"sameAs":["https:\/\/facebook.com\/sunoresearch","https:\/\/x.com\/sunoresearch","https:\/\/www.instagram.com\/suno","https:\/\/www.linkedin.com\/company\/suno-research\/","https:\/\/www.youtube.com\/c\/sunoresearch"]},{"@type":"Person","@id":"https:\/\/www.suno.com.br\/noticias\/#\/schema\/person\/3df0d2808748b74496efe5dbeaef2c72","name":"Laura Moutinho","image":{"@type":"ImageObject","inLanguage":"pt-BR","@id":"https:\/\/www.suno.com.br\/noticias\/#\/schema\/person\/image\/","url":"https:\/\/secure.gravatar.com\/avatar\/7571c7c8ca3a6fca5e41384ece5557ff?s=96&r=g","contentUrl":"https:\/\/secure.gravatar.com\/avatar\/7571c7c8ca3a6fca5e41384ece5557ff?s=96&r=g","caption":"Laura Moutinho"},"description":"Estagi\u00e1ria na Suno Not\u00edcias, escreve not\u00edcias que afetam o mercado financeiro. Estuda administra\u00e7\u00e3o na Universidade Presbiteriana Mackenzie.","url":"https:\/\/www.suno.com.br\/noticias\/author\/laura-moutinho\/"}]}},"default_loop_html":"<div class=\"cardsPage__listCard__boxs\"><div class=\"cardsPage__listCard__boxs__img\"><a href=\"https:\/\/www.suno.com.br\/noticias\/marisa-amar3-prejuizo-1t21\/\"><img class=\"mask\" src=\"https:\/\/www.suno.com.br\/noticias\/wp-content\/themes\/suno\/resources\/images\/spotlight\/spotlight1img\/bg-mask.png\" alt=\"Image Mask\"\/><img src=\"https:\/\/files.sunoresearch.com.br\/n\/uploads\/2019\/03\/3ffa36fe-lojas-marisa-400x200.webp\" alt=\"Refletindo impactos da pandemia, Marisa (AMAR3) tem preju\u00edzo de R$ 53,4 mi no 1T21\"\/><\/a><span class=\"spotlightCategory\"><a href=\"https:\/\/www.suno.com.br\/noticias\/negocios\/\">Neg\u00f3cios<\/a><\/span><\/div><div class=\"cardsPage__listCard__boxs__content\"><a href=\"https:\/\/www.suno.com.br\/noticias\/marisa-amar3-prejuizo-1t21\/\"><h2 class=\"content__title\">Refletindo impactos da pandemia, Marisa (AMAR3) tem preju\u00edzo de R$ 53,4 mi no 1T21<\/h2><\/a><div class=\"newsContent__article__meta\"><div class=\"newsContent__article__meta__authorBox\"><a href=\"https:\/\/www.suno.com.br\/noticias\/author\/laura-moutinho\/\" class=\"authorBox__avatar noMobi\"><img src=\"https:\/\/files.sunoresearch.com.br\/n\/uploads\/2020\/08\/531ff69d-whatsapp-image-2020-08-03-at-14.54.38-150x150.webp\" alt=\"Laura Moutinho\"><\/a><div class=\"authorBox__name\"><span>por\n\t\t\t<a href=\"https:\/\/www.suno.com.br\/noticias\/author\/laura-moutinho\/\"><span itemprop=\"author\">Laura Moutinho<\/span><\/a><\/span><time datetime=\"2021-05-10T20:10:41-03:00\" itemprop=\"datePublished\">10\/05\/2021 20:10<\/time><\/div><\/div><\/div><\/div><\/div>","single_layout":"posts","amp_enabled":true,"_links":{"self":[{"href":"https:\/\/www.suno.com.br\/noticias\/wp-json\/wp\/v2\/posts\/146613"}],"collection":[{"href":"https:\/\/www.suno.com.br\/noticias\/wp-json\/wp\/v2\/posts"}],"about":[{"href":"https:\/\/www.suno.com.br\/noticias\/wp-json\/wp\/v2\/types\/post"}],"author":[{"embeddable":true,"href":"https:\/\/www.suno.com.br\/noticias\/wp-json\/wp\/v2\/users\/39"}],"replies":[{"embeddable":true,"href":"https:\/\/www.suno.com.br\/noticias\/wp-json\/wp\/v2\/comments?post=146613"}],"version-history":[{"count":2,"href":"https:\/\/www.suno.com.br\/noticias\/wp-json\/wp\/v2\/posts\/146613\/revisions"}],"predecessor-version":[{"id":146625,"href":"https:\/\/www.suno.com.br\/noticias\/wp-json\/wp\/v2\/posts\/146613\/revisions\/146625"}],"wp:featuredmedia":[{"embeddable":true,"href":"https:\/\/www.suno.com.br\/noticias\/wp-json\/wp\/v2\/media\/18196"}],"wp:attachment":[{"href":"https:\/\/www.suno.com.br\/noticias\/wp-json\/wp\/v2\/media?parent=146613"}],"wp:term":[{"taxonomy":"category","embeddable":true,"href":"https:\/\/www.suno.com.br\/noticias\/wp-json\/wp\/v2\/categories?post=146613"},{"taxonomy":"post_tag","embeddable":true,"href":"https:\/\/www.suno.com.br\/noticias\/wp-json\/wp\/v2\/tags?post=146613"},{"taxonomy":"suno_strategy","embeddable":true,"href":"https:\/\/www.suno.com.br\/noticias\/wp-json\/wp\/v2\/suno_strategy?post=146613"}],"curies":[{"name":"wp","href":"https:\/\/api.w.org\/{rel}","templated":true}]}}