{"id":14661,"date":"2019-02-08T11:16:45","date_gmt":"2019-02-08T13:16:45","guid":{"rendered":"https:\/\/www.suno.com.br\/noticias\/?p=14661"},"modified":"2019-02-08T11:16:45","modified_gmt":"2019-02-08T13:16:45","slug":"conselho-renner-aumento-capital-social","status":"publish","type":"post","link":"https:\/\/www.suno.com.br\/noticias\/conselho-renner-aumento-capital-social\/","title":{"rendered":"Conselho da Renner vai propor aumento de capital social de R$ 1,1 bi"},"content":{"rendered":"<p>O conselho de administra\u00e7\u00e3o da <a href=\"https:\/\/www.suno.com.br\/artigos\/tag\/lren3\/\">Lojas Renner (LREN3)<\/a> vai buscar aprova\u00e7\u00e3o dos acionistas para uma proposta de aumento de capital no valor de R$ 1,112 bilh\u00e3o. Deste valor, R$ 72 milh\u00f5es ser\u00e3o por meio de parte do saldo da conta de Reservas de Capital.<\/p>\t<div class=\"wrapper-featured-image\">\n\t\t<figure class=\"spotlightImg\">\n\n\t\t\t<picture>\n\t\t\t\t<source media=\"(max-width: 768px)\" srcset=\"https:\/\/files.sunoresearch.com.br\/n\/uploads\/2019\/01\/7785f404-lojas-renner-400x200.webp\">\n\t\t\t\t<img loading=\"lazy\" decoding=\"async\" class=\"newsContent__article__imgCapa lazyloadDisabled newsContent__article__imgCapa--noCaption\" src=\"https:\/\/files.sunoresearch.com.br\/n\/uploads\/2019\/01\/7785f404-lojas-renner-jpg.webp\" width=\"800\" height=\"450\" alt=\"Conselho da Renner vai propor aumento de capital social de R$ 1,1 bi\" fetchpriority=high \/>\n\t\t\t<\/picture>\n\n\t\t\t<figcaption class=\"wp-caption-text wp-caption-text--hide\">Lojas Renner (LREN3) anunciam abertura gradual das unidades<\/figcaption>\n\t\t<\/figure>\n\t<\/div>\n\n\n<p>Os acionistas da <strong>Renner<\/strong> dever\u00e3o decidir sobre a proposta em <strong>assembleia geral extraordin\u00e1ria<\/strong>, que ainda ser\u00e1 convocada. E, caso seja aprovada, os acionistas v\u00e3o receber, a t\u00edtulo de bonifica\u00e7\u00e3o, uma nova <strong>a\u00e7\u00e3o ordin\u00e1ria<\/strong> para cada dez desses pap\u00e9is. As <strong>a\u00e7\u00f5es<\/strong> mantidas em tesouraria, no plano de op\u00e7\u00e3o de compra de <strong>a\u00e7\u00f5es<\/strong>, de <strong>a\u00e7\u00f5es restritas<\/strong> e em <strong>ADRs<\/strong> ser\u00e3o bonificadas da mesma forma.<\/p>\n<p><a href=\"https:\/\/www.suno.com.br\/noticias\/lojas-renner-abrir-unidades-argentina\/\">Saiba mais: Lojas Renner vai abrir tr\u00eas unidades na Argentina em 2019<\/a><\/p>\n<p>Segundo a empresa, as novas<strong> a\u00e7\u00f5es<\/strong> ser\u00e3o direito que vier a ser atribu\u00eddo a partir da data da referida <strong>assembleia geral<\/strong>. Mas elas n\u00e3o se referem ao exerc\u00edcio social de 2018. Os pap\u00e9is de emiss\u00e3o ser\u00e3o negociados &#8220;ex-direito&#8221; \u00e0 bonifica\u00e7\u00e3o, valendo a partir do dia seguinte \u00e0 aprova\u00e7\u00e3o na assembleia.<\/p>\n<p>O <strong>capital social<\/strong> que ficar autorizado ser\u00e1 tamb\u00e9m acrescido proporcionalmente \u00e0 bonifica\u00e7\u00e3o de 10% em a\u00e7\u00f5es. Assim, a <strong>Renner<\/strong> vai ficar autorizada a aumentar o <strong>capital<\/strong>\u00a0at\u00e9 o teto de R$ 1,361 bilh\u00e3o de <strong>a\u00e7\u00f5es ordin\u00e1rias<\/strong>, de acordo com delibera\u00e7\u00e3o do conselho de administra\u00e7\u00e3o.<\/p>\n<h2>Renner na Argentina<\/h2>\n<p>A <strong>Lojas Renner<\/strong> anunciou no fim do m\u00eas passado que vai abrir tr\u00eas lojas na Argentina, no segundo semestre deste ano.<\/p>\n<p>Desta forma, o projeto de expans\u00e3o internacional da<strong> Lojas Renner<\/strong>, que foi iniciado com a <strong>abertura de uma loja<\/strong> no Uruguai em 2017, ter\u00e1 sequ\u00eancia.<\/p>\n<p>De acordo com a companhia, &#8220;a\u00a0chegada ao Uruguai foi importante para o ganho de experi\u00eancia em operar no exterior e testar o modelo de neg\u00f3cio&#8221;.<\/p>\n<p>Al\u00e9m disso, a empresa afirmou que a <strong>loja<\/strong> no Uruguai apresentou &#8220;<span style=\"font-size: 1.21429rem;\">resultados acima das expectativas, com \u00f3tima aceita\u00e7\u00e3o dos produtos pelos clientes locais&#8221;.<\/span><\/p>\n<p><a href=\"https:\/\/www.suno.com.br\/noticias\/carlyle-adquire-rede-restaurantes-madero\/\">Saiba mais:\u00a0Carlyle adquire 23% da rede de restaurantes Madero por R$ 700 milh\u00f5es<\/a><\/p>\n<p><a href=\"https:\/\/www.suno.com.br\/noticias\/creditas-crescer-contratar-500-pessoas\/\">Saiba mais:\u00a0Creditas vai crescer 3 vezes em 2019 e contratar 500 pessoas, diz VP<\/a><\/p>\n<p><a href=\"https:\/\/www.suno.com.br\/noticias\/embraer-assina-acordo-venda-boeing\/\">Saiba mais:\u00a0Embraer assina acordo para venda de divis\u00e3o comercial para a Boeing<\/a><\/p>\n<p>Conforme a Renner, a Argentina foi escolhida por conta de tr\u00eas fatores:<\/p>\n<ul>\n<li>Tamanho do <strong>mercado<\/strong>;<\/li>\n<li>Ambiente de competi\u00e7\u00e3o favor\u00e1vel;<\/li>\n<li>Oportunidades comerciais do <strong>Mercosul<\/strong>.<\/li>\n<\/ul>\n<p>Al\u00e9m disso, outro fator que ajudou na escolha do pa\u00eds sul-americano \u00e9 o fato da sede da <strong>Lojas Renner<\/strong> e seu centro de distribui\u00e7\u00e3o estarem localizados na regi\u00e3o Sul do Brasil.<\/p>\n","protected":false},"excerpt":{"rendered":"<p>O conselho de administra\u00e7\u00e3o da Lojas Renner (LREN3) vai buscar aprova\u00e7\u00e3o dos acionistas para uma proposta de aumento de capital no valor de R$ 1,112 bilh\u00e3o. Deste valor, R$ 72 milh\u00f5es ser\u00e3o por meio de parte do saldo da conta de Reservas de Capital. Lojas Renner (LREN3) anunciam abertura gradual das unidades Os acionistas da [&hellip;]<\/p>\n","protected":false},"author":13,"featured_media":13211,"comment_status":"closed","ping_status":"closed","sticky":false,"template":"","format":"standard","meta":[],"categories":[64],"tags":[286,542],"suno_strategy":[],"class_list":["post-14661","post","type-post","status-publish","format-standard","has-post-thumbnail","hentry","category-negocios","tag-acoes","tag-lojas-renner-lren3"],"yoast_head":"<!-- This site is optimized with the Yoast SEO plugin v24.4 - https:\/\/yoast.com\/wordpress\/plugins\/seo\/ -->\n<title>Conselho da Renner vai propor aumento de capital social de R$ 1,1 bi<\/title>\n<meta name=\"description\" content=\"O conselho da Lojas Renner vai buscar aprova\u00e7\u00e3o dos acionistas para aumentar o capital social no valor de R$ 1,112 bilh\u00e3o. Clique e saiba+\" \/>\n<meta name=\"robots\" content=\"index, follow, max-snippet:-1, max-image-preview:large, max-video-preview:-1\" \/>\n<link rel=\"canonical\" href=\"https:\/\/www.suno.com.br\/noticias\/conselho-renner-aumento-capital-social\/\" \/>\n<meta property=\"og:locale\" content=\"pt_BR\" \/>\n<meta property=\"og:type\" content=\"article\" \/>\n<meta property=\"og:title\" content=\"Conselho da Renner vai propor aumento de capital social de R$ 1,1 bi\" \/>\n<meta property=\"og:description\" content=\"O conselho da Lojas Renner vai buscar aprova\u00e7\u00e3o dos acionistas para aumentar o capital social no valor de R$ 1,112 bilh\u00e3o. Clique e saiba+\" \/>\n<meta property=\"og:url\" content=\"https:\/\/www.suno.com.br\/noticias\/conselho-renner-aumento-capital-social\/\" \/>\n<meta property=\"og:site_name\" content=\"Suno Not\u00edcias\" \/>\n<meta property=\"article:publisher\" content=\"https:\/\/facebook.com\/sunoresearch\" \/>\n<meta property=\"og:image\" content=\"https:\/\/files.sunoresearch.com.br\/n\/uploads\/2019\/01\/7785f404-lojas-renner.jpg\" \/>\n\t<meta property=\"og:image:width\" content=\"1100\" \/>\n\t<meta property=\"og:image:height\" content=\"370\" \/>\n\t<meta property=\"og:image:type\" content=\"image\/jpeg\" \/>\n<meta name=\"author\" content=\"Guilherme Caetano\" \/>\n<meta name=\"twitter:card\" content=\"summary_large_image\" \/>\n<meta name=\"twitter:creator\" content=\"@sunoresearch\" \/>\n<meta name=\"twitter:site\" content=\"@sunoresearch\" \/>\n<meta name=\"twitter:label1\" content=\"Escrito por\" \/>\n\t<meta name=\"twitter:data1\" content=\"Guilherme Caetano\" \/>\n\t<meta name=\"twitter:label2\" content=\"Est. tempo de leitura\" \/>\n\t<meta name=\"twitter:data2\" content=\"2 minutos\" \/>\n<script type=\"application\/ld+json\" class=\"yoast-schema-graph\">{\"@context\":\"https:\/\/schema.org\",\"@graph\":[{\"@type\":\"NewsArticle\",\"@id\":\"https:\/\/www.suno.com.br\/noticias\/conselho-renner-aumento-capital-social\/#article\",\"isPartOf\":{\"@id\":\"https:\/\/www.suno.com.br\/noticias\/conselho-renner-aumento-capital-social\/\"},\"author\":{\"name\":\"Guilherme Caetano\",\"@id\":\"https:\/\/www.suno.com.br\/noticias\/#\/schema\/person\/0d0c9687cd2f600c564f25980c140de9\"},\"headline\":\"Conselho da Renner vai propor aumento de capital social de R$ 1,1 bi\",\"datePublished\":\"2019-02-08T13:16:45+00:00\",\"mainEntityOfPage\":{\"@id\":\"https:\/\/www.suno.com.br\/noticias\/conselho-renner-aumento-capital-social\/\"},\"wordCount\":456,\"publisher\":{\"@id\":\"https:\/\/www.suno.com.br\/noticias\/#organization\"},\"image\":{\"@id\":\"https:\/\/www.suno.com.br\/noticias\/conselho-renner-aumento-capital-social\/#primaryimage\"},\"thumbnailUrl\":\"https:\/\/files.sunoresearch.com.br\/n\/uploads\/2019\/01\/7785f404-lojas-renner-jpg.webp\",\"keywords\":[\"A\u00e7\u00f5es\",\"Lojas Renner (LREN3)\"],\"articleSection\":[\"Neg\u00f3cios\"],\"inLanguage\":\"pt-BR\"},{\"@type\":\"WebPage\",\"@id\":\"https:\/\/www.suno.com.br\/noticias\/conselho-renner-aumento-capital-social\/\",\"url\":\"https:\/\/www.suno.com.br\/noticias\/conselho-renner-aumento-capital-social\/\",\"name\":\"Conselho da Renner vai propor aumento de capital social de R$ 1,1 bi\",\"isPartOf\":{\"@id\":\"https:\/\/www.suno.com.br\/noticias\/#website\"},\"primaryImageOfPage\":{\"@id\":\"https:\/\/www.suno.com.br\/noticias\/conselho-renner-aumento-capital-social\/#primaryimage\"},\"image\":{\"@id\":\"https:\/\/www.suno.com.br\/noticias\/conselho-renner-aumento-capital-social\/#primaryimage\"},\"thumbnailUrl\":\"https:\/\/files.sunoresearch.com.br\/n\/uploads\/2019\/01\/7785f404-lojas-renner-jpg.webp\",\"datePublished\":\"2019-02-08T13:16:45+00:00\",\"description\":\"O conselho da Lojas Renner vai buscar aprova\u00e7\u00e3o dos acionistas para aumentar o capital social no valor de R$ 1,112 bilh\u00e3o. Clique e saiba+\",\"breadcrumb\":{\"@id\":\"https:\/\/www.suno.com.br\/noticias\/conselho-renner-aumento-capital-social\/#breadcrumb\"},\"inLanguage\":\"pt-BR\",\"potentialAction\":[{\"@type\":\"ReadAction\",\"target\":[\"https:\/\/www.suno.com.br\/noticias\/conselho-renner-aumento-capital-social\/\"]}]},{\"@type\":\"ImageObject\",\"inLanguage\":\"pt-BR\",\"@id\":\"https:\/\/www.suno.com.br\/noticias\/conselho-renner-aumento-capital-social\/#primaryimage\",\"url\":\"https:\/\/files.sunoresearch.com.br\/n\/uploads\/2019\/01\/7785f404-lojas-renner-jpg.webp\",\"contentUrl\":\"https:\/\/files.sunoresearch.com.br\/n\/uploads\/2019\/01\/7785f404-lojas-renner-jpg.webp\",\"width\":1100,\"height\":370,\"caption\":\"Lojas Renner (LREN3) anunciam abertura gradual das unidades\"},{\"@type\":\"BreadcrumbList\",\"@id\":\"https:\/\/www.suno.com.br\/noticias\/conselho-renner-aumento-capital-social\/#breadcrumb\",\"itemListElement\":[{\"@type\":\"ListItem\",\"position\":1,\"name\":\"Not\u00edcias\",\"item\":\"https:\/\/www.suno.com.br\/noticias\/\"},{\"@type\":\"ListItem\",\"position\":2,\"name\":\"Neg\u00f3cios\",\"item\":\"https:\/\/www.suno.com.br\/noticias\/negocios\/\"},{\"@type\":\"ListItem\",\"position\":3,\"name\":\"Conselho da Renner vai propor aumento de capital social de R$ 1,1 bi\"}]},{\"@type\":\"WebSite\",\"@id\":\"https:\/\/www.suno.com.br\/noticias\/#website\",\"url\":\"https:\/\/www.suno.com.br\/noticias\/\",\"name\":\"Suno Not\u00edcias\",\"description\":\"Seu portal de informa\u00e7\u00e3o sobre o mundo dos investimentos\",\"publisher\":{\"@id\":\"https:\/\/www.suno.com.br\/noticias\/#organization\"},\"potentialAction\":[{\"@type\":\"SearchAction\",\"target\":{\"@type\":\"EntryPoint\",\"urlTemplate\":\"https:\/\/www.suno.com.br\/noticias\/?s={search_term_string}\"},\"query-input\":{\"@type\":\"PropertyValueSpecification\",\"valueRequired\":true,\"valueName\":\"search_term_string\"}}],\"inLanguage\":\"pt-BR\"},{\"@type\":\"Organization\",\"@id\":\"https:\/\/www.suno.com.br\/noticias\/#organization\",\"name\":\"Suno Not\u00edcias\",\"url\":\"https:\/\/www.suno.com.br\/noticias\/\",\"logo\":{\"@type\":\"ImageObject\",\"inLanguage\":\"pt-BR\",\"@id\":\"https:\/\/www.suno.com.br\/noticias\/#\/schema\/logo\/image\/\",\"url\":\"https:\/\/files.sunoresearch.com.br\/n\/uploads\/2021\/09\/suno-logo.png\",\"contentUrl\":\"https:\/\/files.sunoresearch.com.br\/n\/uploads\/2021\/09\/suno-logo.png\",\"width\":180,\"height\":180,\"caption\":\"Suno Not\u00edcias\"},\"image\":{\"@id\":\"https:\/\/www.suno.com.br\/noticias\/#\/schema\/logo\/image\/\"},\"sameAs\":[\"https:\/\/facebook.com\/sunoresearch\",\"https:\/\/x.com\/sunoresearch\",\"https:\/\/www.instagram.com\/suno\",\"https:\/\/www.linkedin.com\/company\/suno-research\/\",\"https:\/\/www.youtube.com\/c\/sunoresearch\"]},{\"@type\":\"Person\",\"@id\":\"https:\/\/www.suno.com.br\/noticias\/#\/schema\/person\/0d0c9687cd2f600c564f25980c140de9\",\"name\":\"Guilherme Caetano\",\"image\":{\"@type\":\"ImageObject\",\"inLanguage\":\"pt-BR\",\"@id\":\"https:\/\/www.suno.com.br\/noticias\/#\/schema\/person\/image\/\",\"url\":\"https:\/\/secure.gravatar.com\/avatar\/e48357351a01702a0d19307070e081bf?s=96&r=g\",\"contentUrl\":\"https:\/\/secure.gravatar.com\/avatar\/e48357351a01702a0d19307070e081bf?s=96&r=g\",\"caption\":\"Guilherme Caetano\"},\"description\":\"Formado em jornalismo pela Escola de Comunica\u00e7\u00f5es e Artes da USP, Guilherme Caetano escreve para o portal de not\u00edcias da Suno Research. Passou pelas reda\u00e7\u00f5es da Folha de S.Paulo e da revista \u00c9poca.\",\"url\":\"https:\/\/www.suno.com.br\/noticias\/author\/guilherme-caetano\/\"}]}<\/script>\n<!-- \/ Yoast SEO plugin. -->","yoast_head_json":{"title":"Conselho da Renner vai propor aumento de capital social de R$ 1,1 bi","description":"O conselho da Lojas Renner vai buscar aprova\u00e7\u00e3o dos acionistas para aumentar o capital social no valor de R$ 1,112 bilh\u00e3o. Clique e saiba+","robots":{"index":"index","follow":"follow","max-snippet":"max-snippet:-1","max-image-preview":"max-image-preview:large","max-video-preview":"max-video-preview:-1"},"canonical":"https:\/\/www.suno.com.br\/noticias\/conselho-renner-aumento-capital-social\/","og_locale":"pt_BR","og_type":"article","og_title":"Conselho da Renner vai propor aumento de capital social de R$ 1,1 bi","og_description":"O conselho da Lojas Renner vai buscar aprova\u00e7\u00e3o dos acionistas para aumentar o capital social no valor de R$ 1,112 bilh\u00e3o. Clique e saiba+","og_url":"https:\/\/www.suno.com.br\/noticias\/conselho-renner-aumento-capital-social\/","og_site_name":"Suno Not\u00edcias","article_publisher":"https:\/\/facebook.com\/sunoresearch","og_image":[{"width":1100,"height":370,"url":"https:\/\/files.sunoresearch.com.br\/n\/uploads\/2019\/01\/7785f404-lojas-renner.jpg","type":"image\/jpeg"}],"author":"Guilherme Caetano","twitter_card":"summary_large_image","twitter_creator":"@sunoresearch","twitter_site":"@sunoresearch","twitter_misc":{"Escrito por":"Guilherme Caetano","Est. tempo de leitura":"2 minutos"},"schema":{"@context":"https:\/\/schema.org","@graph":[{"@type":"NewsArticle","@id":"https:\/\/www.suno.com.br\/noticias\/conselho-renner-aumento-capital-social\/#article","isPartOf":{"@id":"https:\/\/www.suno.com.br\/noticias\/conselho-renner-aumento-capital-social\/"},"author":{"name":"Guilherme Caetano","@id":"https:\/\/www.suno.com.br\/noticias\/#\/schema\/person\/0d0c9687cd2f600c564f25980c140de9"},"headline":"Conselho da Renner vai propor aumento de capital social de R$ 1,1 bi","datePublished":"2019-02-08T13:16:45+00:00","mainEntityOfPage":{"@id":"https:\/\/www.suno.com.br\/noticias\/conselho-renner-aumento-capital-social\/"},"wordCount":456,"publisher":{"@id":"https:\/\/www.suno.com.br\/noticias\/#organization"},"image":{"@id":"https:\/\/www.suno.com.br\/noticias\/conselho-renner-aumento-capital-social\/#primaryimage"},"thumbnailUrl":"https:\/\/files.sunoresearch.com.br\/n\/uploads\/2019\/01\/7785f404-lojas-renner-jpg.webp","keywords":["A\u00e7\u00f5es","Lojas Renner (LREN3)"],"articleSection":["Neg\u00f3cios"],"inLanguage":"pt-BR"},{"@type":"WebPage","@id":"https:\/\/www.suno.com.br\/noticias\/conselho-renner-aumento-capital-social\/","url":"https:\/\/www.suno.com.br\/noticias\/conselho-renner-aumento-capital-social\/","name":"Conselho da Renner vai propor aumento de capital social de R$ 1,1 bi","isPartOf":{"@id":"https:\/\/www.suno.com.br\/noticias\/#website"},"primaryImageOfPage":{"@id":"https:\/\/www.suno.com.br\/noticias\/conselho-renner-aumento-capital-social\/#primaryimage"},"image":{"@id":"https:\/\/www.suno.com.br\/noticias\/conselho-renner-aumento-capital-social\/#primaryimage"},"thumbnailUrl":"https:\/\/files.sunoresearch.com.br\/n\/uploads\/2019\/01\/7785f404-lojas-renner-jpg.webp","datePublished":"2019-02-08T13:16:45+00:00","description":"O conselho da Lojas Renner vai buscar aprova\u00e7\u00e3o dos acionistas para aumentar o capital social no valor de R$ 1,112 bilh\u00e3o. Clique e saiba+","breadcrumb":{"@id":"https:\/\/www.suno.com.br\/noticias\/conselho-renner-aumento-capital-social\/#breadcrumb"},"inLanguage":"pt-BR","potentialAction":[{"@type":"ReadAction","target":["https:\/\/www.suno.com.br\/noticias\/conselho-renner-aumento-capital-social\/"]}]},{"@type":"ImageObject","inLanguage":"pt-BR","@id":"https:\/\/www.suno.com.br\/noticias\/conselho-renner-aumento-capital-social\/#primaryimage","url":"https:\/\/files.sunoresearch.com.br\/n\/uploads\/2019\/01\/7785f404-lojas-renner-jpg.webp","contentUrl":"https:\/\/files.sunoresearch.com.br\/n\/uploads\/2019\/01\/7785f404-lojas-renner-jpg.webp","width":1100,"height":370,"caption":"Lojas Renner (LREN3) anunciam abertura gradual das unidades"},{"@type":"BreadcrumbList","@id":"https:\/\/www.suno.com.br\/noticias\/conselho-renner-aumento-capital-social\/#breadcrumb","itemListElement":[{"@type":"ListItem","position":1,"name":"Not\u00edcias","item":"https:\/\/www.suno.com.br\/noticias\/"},{"@type":"ListItem","position":2,"name":"Neg\u00f3cios","item":"https:\/\/www.suno.com.br\/noticias\/negocios\/"},{"@type":"ListItem","position":3,"name":"Conselho da Renner vai propor aumento de capital social de R$ 1,1 bi"}]},{"@type":"WebSite","@id":"https:\/\/www.suno.com.br\/noticias\/#website","url":"https:\/\/www.suno.com.br\/noticias\/","name":"Suno Not\u00edcias","description":"Seu portal de informa\u00e7\u00e3o sobre o mundo dos investimentos","publisher":{"@id":"https:\/\/www.suno.com.br\/noticias\/#organization"},"potentialAction":[{"@type":"SearchAction","target":{"@type":"EntryPoint","urlTemplate":"https:\/\/www.suno.com.br\/noticias\/?s={search_term_string}"},"query-input":{"@type":"PropertyValueSpecification","valueRequired":true,"valueName":"search_term_string"}}],"inLanguage":"pt-BR"},{"@type":"Organization","@id":"https:\/\/www.suno.com.br\/noticias\/#organization","name":"Suno Not\u00edcias","url":"https:\/\/www.suno.com.br\/noticias\/","logo":{"@type":"ImageObject","inLanguage":"pt-BR","@id":"https:\/\/www.suno.com.br\/noticias\/#\/schema\/logo\/image\/","url":"https:\/\/files.sunoresearch.com.br\/n\/uploads\/2021\/09\/suno-logo.png","contentUrl":"https:\/\/files.sunoresearch.com.br\/n\/uploads\/2021\/09\/suno-logo.png","width":180,"height":180,"caption":"Suno Not\u00edcias"},"image":{"@id":"https:\/\/www.suno.com.br\/noticias\/#\/schema\/logo\/image\/"},"sameAs":["https:\/\/facebook.com\/sunoresearch","https:\/\/x.com\/sunoresearch","https:\/\/www.instagram.com\/suno","https:\/\/www.linkedin.com\/company\/suno-research\/","https:\/\/www.youtube.com\/c\/sunoresearch"]},{"@type":"Person","@id":"https:\/\/www.suno.com.br\/noticias\/#\/schema\/person\/0d0c9687cd2f600c564f25980c140de9","name":"Guilherme Caetano","image":{"@type":"ImageObject","inLanguage":"pt-BR","@id":"https:\/\/www.suno.com.br\/noticias\/#\/schema\/person\/image\/","url":"https:\/\/secure.gravatar.com\/avatar\/e48357351a01702a0d19307070e081bf?s=96&r=g","contentUrl":"https:\/\/secure.gravatar.com\/avatar\/e48357351a01702a0d19307070e081bf?s=96&r=g","caption":"Guilherme Caetano"},"description":"Formado em jornalismo pela Escola de Comunica\u00e7\u00f5es e Artes da USP, Guilherme Caetano escreve para o portal de not\u00edcias da Suno Research. Passou pelas reda\u00e7\u00f5es da Folha de S.Paulo e da revista \u00c9poca.","url":"https:\/\/www.suno.com.br\/noticias\/author\/guilherme-caetano\/"}]}},"default_loop_html":"<div class=\"cardsPage__listCard__boxs\"><div class=\"cardsPage__listCard__boxs__img\"><a href=\"https:\/\/www.suno.com.br\/noticias\/conselho-renner-aumento-capital-social\/\"><img class=\"mask\" src=\"https:\/\/www.suno.com.br\/noticias\/wp-content\/themes\/suno\/resources\/images\/spotlight\/spotlight1img\/bg-mask.png\" alt=\"Image Mask\"\/><img src=\"https:\/\/files.sunoresearch.com.br\/n\/uploads\/2019\/01\/7785f404-lojas-renner-400x200.webp\" alt=\"Conselho da Renner vai propor aumento de capital social de R$ 1,1 bi\"\/><\/a><span class=\"spotlightCategory\"><a href=\"https:\/\/www.suno.com.br\/noticias\/negocios\/\">Neg\u00f3cios<\/a><\/span><\/div><div class=\"cardsPage__listCard__boxs__content\"><a href=\"https:\/\/www.suno.com.br\/noticias\/conselho-renner-aumento-capital-social\/\"><h2 class=\"content__title\">Conselho da Renner vai propor aumento de capital social de R$ 1,1 bi<\/h2><\/a><div class=\"newsContent__article__meta\"><div class=\"newsContent__article__meta__authorBox\"><a href=\"https:\/\/www.suno.com.br\/noticias\/author\/guilherme-caetano\/\" class=\"authorBox__avatar noMobi\"><img src=\"https:\/\/secure.gravatar.com\/avatar\/e48357351a01702a0d19307070e081bf?s=96&#038;r=g\" alt=\"Guilherme Caetano\"><\/a><div class=\"authorBox__name\"><span>por\n\t\t\t<a href=\"https:\/\/www.suno.com.br\/noticias\/author\/guilherme-caetano\/\"><span itemprop=\"author\">Guilherme Caetano<\/span><\/a><\/span><time datetime=\"2019-02-08T11:16:45-02:00\" itemprop=\"datePublished\">08\/02\/2019 11:16<\/time><\/div><\/div><\/div><\/div><\/div>","single_layout":"posts","amp_enabled":true,"_links":{"self":[{"href":"https:\/\/www.suno.com.br\/noticias\/wp-json\/wp\/v2\/posts\/14661"}],"collection":[{"href":"https:\/\/www.suno.com.br\/noticias\/wp-json\/wp\/v2\/posts"}],"about":[{"href":"https:\/\/www.suno.com.br\/noticias\/wp-json\/wp\/v2\/types\/post"}],"author":[{"embeddable":true,"href":"https:\/\/www.suno.com.br\/noticias\/wp-json\/wp\/v2\/users\/13"}],"replies":[{"embeddable":true,"href":"https:\/\/www.suno.com.br\/noticias\/wp-json\/wp\/v2\/comments?post=14661"}],"version-history":[{"count":0,"href":"https:\/\/www.suno.com.br\/noticias\/wp-json\/wp\/v2\/posts\/14661\/revisions"}],"wp:featuredmedia":[{"embeddable":true,"href":"https:\/\/www.suno.com.br\/noticias\/wp-json\/wp\/v2\/media\/13211"}],"wp:attachment":[{"href":"https:\/\/www.suno.com.br\/noticias\/wp-json\/wp\/v2\/media?parent=14661"}],"wp:term":[{"taxonomy":"category","embeddable":true,"href":"https:\/\/www.suno.com.br\/noticias\/wp-json\/wp\/v2\/categories?post=14661"},{"taxonomy":"post_tag","embeddable":true,"href":"https:\/\/www.suno.com.br\/noticias\/wp-json\/wp\/v2\/tags?post=14661"},{"taxonomy":"suno_strategy","embeddable":true,"href":"https:\/\/www.suno.com.br\/noticias\/wp-json\/wp\/v2\/suno_strategy?post=14661"}],"curies":[{"name":"wp","href":"https:\/\/api.w.org\/{rel}","templated":true}]}}