{"id":14649,"date":"2019-02-08T10:35:14","date_gmt":"2019-02-08T12:35:14","guid":{"rendered":"https:\/\/www.suno.com.br\/noticias\/?p=14649"},"modified":"2019-02-08T10:35:14","modified_gmt":"2019-02-08T12:35:14","slug":"fux-derruba-liminar-que-evitava-cumprimento-da-tabela-do-frete","status":"publish","type":"post","link":"https:\/\/www.suno.com.br\/noticias\/fux-derruba-liminar-que-evitava-cumprimento-da-tabela-do-frete\/","title":{"rendered":"Fux derruba liminar que evitava cumprimento da tabela do frete"},"content":{"rendered":"<p>O ministro Luiz Fux derrubou uma liminar que evitava pagamento de multas para empresas que n\u00e3o respeitassem tabelamento do frete.<\/p>\t<div class=\"wrapper-featured-image\">\n\t\t<figure class=\"spotlightImg\">\n\n\t\t\t<picture>\n\t\t\t\t<source media=\"(max-width: 768px)\" srcset=\"https:\/\/files.sunoresearch.com.br\/n\/uploads\/2018\/12\/039e77b2-greve-dos-caminhoneiros-400x200.webp\">\n\t\t\t\t<img loading=\"lazy\" decoding=\"async\" class=\"newsContent__article__imgCapa lazyloadDisabled newsContent__article__imgCapa--noCaption\" src=\"https:\/\/files.sunoresearch.com.br\/n\/uploads\/2018\/12\/039e77b2-greve-dos-caminhoneiros-800x450.webp\" width=\"800\" height=\"450\" alt=\"Fux derruba liminar que evitava cumprimento da tabela do frete\" fetchpriority=high \/>\n\t\t\t<\/picture>\n\n\t\t\t<figcaption class=\"wp-caption-text wp-caption-text--hide\">O ministro do STF Luiz Fux<\/figcaption>\n\t\t<\/figure>\n\t<\/div>\n\n\n<p>Al\u00e9m disso, o ministro do <strong>Supremo Tribunal Federal (STF)<\/strong> decidiu a suspens\u00e3o de todos os processos que tramitam na Justi\u00e7a contra o <strong>tabelamento do frete rodovi\u00e1rio<\/strong>. A suspens\u00e3o vale at\u00e9 o STF decidir sobre o caso. Com a decis\u00e3o desta quinta-feira (7), <strong>Fux<\/strong> reafirmou seu entendimento de\u00a0dezembro de 2018.<\/p>\n<p><a href=\"https:\/\/www.suno.com.br\/noticias\/caminhoneiros-frete-fux\/\">Saiba mais: Tabela de frete dos caminhoneiros volta a valer em decis\u00e3o de Fux\u00a0<\/a><\/p>\n<p>Com a decis\u00e3o da \u00faltima quinta-feira, <strong>Fux<\/strong> confirmou sua decis\u00e3o de dezembro 2018.\u00a0 &#8220;N\u00e3o h\u00e1 d\u00favidas de que as a\u00e7\u00f5es que discutem a legalidade da resolu\u00e7\u00e3o ANTT n.\u00ba 5820 &#8216;envolvem a aplica\u00e7\u00e3o&#8217; da lei n\u00ba 13.703\/18 e, assim, enquadram-se na determina\u00e7\u00e3o de suspens\u00e3o. Al\u00e9m disso, \u00e9 mister resguardar a seguran\u00e7a jur\u00eddica at\u00e9 que a controv\u00e9rsia sobre a subsist\u00eancia da mencionada lei seja solucionada por este Pret\u00f3rio Excelso&#8221;, informou o ministro.<\/p>\n<p><strong>Fux<\/strong> derrubou assim a liminar obtida o m\u00eas passado pela <strong>Federa\u00e7\u00e3o das Ind\u00fastrias do Estado de S\u00e3o Paulo (FIESP<\/strong>). A liminar isentava o pagamento de multas para cerca de 150 mil empresas em caso de descumprimento do <strong>tabelamento do frete<\/strong>.Todas as outras\u00a0decis\u00f5es similares obtidas por outras entidades tamb\u00e9m foram suspensas com a decis\u00e3o do ministro do <strong>STF.<\/strong><\/p>\n<p>Com a decis\u00e3o de <strong>Fux,<\/strong> o <strong>tabelamento do frete<\/strong> volta a vigorar para todas as empresas. Quem descumprir a lei poder\u00e1 ser <strong>multado.<\/strong>\u00a0Fux \u00e9 o relator de 3 <strong>A\u00e7\u00f5es Diretas de Inconstitucionalidade<\/strong> <strong>(ADIs)<\/strong> contra o tabelamento do frete.<\/p>\n<p><a href=\"https:\/\/www.suno.com.br\/noticias\/governo-discute-nova-tabela-fretes\/\">Saiba mais: Governo de transi\u00e7\u00e3o discute nova tabela de fretes\u00a0<\/a><\/p>\n<p>O <strong>tabelamento do frete<\/strong> foi concedido pelo <strong>governo<\/strong> do presidente <strong>Michel Temer<\/strong> ap\u00f3s 11 dias de <strong>greve dos caminhoneiros.<\/strong> O tabelamento estabeleceu pre\u00e7os m\u00ednimos para o servi\u00e7o. O acordo foi indispens\u00e1vel para encerrar a paralisa\u00e7\u00e3o da categoria, que ocorreu no final de maio de 2018.<\/p>\n<p>Para isso, o governo editou a <strong>Medida Provis\u00f3ria<\/strong> n\u00ba 832\/2018, que foi regulamentada pela <strong>Ag\u00eancia Nacional de Transportes Terrestres (ANTT)<\/strong>. Em seguida, a MP\u00a0convertida na lei n\u00b0 13.703\/2018. As medidas determinaram\u00a0uma pol\u00edtica de <strong>pre\u00e7os m\u00ednimos no fretamento rodovi\u00e1rio<\/strong>. Entretanto, a\u00a0medida foi alvo de a\u00e7\u00f5es no <strong>STF<\/strong> que contestaram sua constitucionalidade na base de um ferimento do princ\u00edpio de livre iniciativa. Segundo os empres\u00e1rios do setor de transporte, a medida seria uma interfer\u00eancia indevida do governo na atividade econ\u00f4mica.<\/p>\n<p><a href=\"https:\/\/www.suno.com.br\/noticias\/empresas-ligadas-fiesp-isentas-multa\/\">Saiba mais:\u00a0Empresas ligadas \u00e0 Fiesp ficam isentas de multa da tabela de frete\u00a0<\/a><\/p>\n<h2>Idas e vindas de Fux<\/h2>\n<p>No dia 6 de dezembro <strong>Fux<\/strong> suspendeu a cobran\u00e7a das <strong>multas,<\/strong> alegando preocupa\u00e7\u00e3o ante o cen\u00e1rio de crise econ\u00f4mica atravessado pelo <strong>Pa\u00eds.<\/strong> Entretanto, na segunda feira seguinte, no dia 10 de dezembro, um n\u00famero restrito de caminhoneiros paralisou rodovias em <strong>S\u00e3o Paulo<\/strong> e no <strong>Rio de Janeiro<\/strong>, em protesto contra a suspens\u00e3o do ministro.<\/p>\n<p><a href=\"https:\/\/www.suno.com.br\/noticias\/stf-suspende-multas-transportadoras-tabela-frete\/\">Saiba mais: STF suspende multas as transportadoras que n\u00e3o cumprirem tabela de frete\u00a0<\/a><\/p>\n<p>Por isso, <strong>Advocacia-Geral da Uni\u00e3o (AGU<\/strong>) pediu para que o ministro reconsiderasse a decis\u00e3o. Isso por conta do <strong>tabelamento de frete<\/strong> ter feito parte de uma negocia\u00e7\u00e3o que assegurou normalidade nas rodovias do Pa\u00eds ap\u00f3s a greve de maio. A AGU especificou que era recomend\u00e1vel que <strong>Fux<\/strong> revogasse o cancelamento de multas at\u00e9 que o governo do <strong>presidente<\/strong> eleito <strong>Jair Bolsonaro<\/strong> reavaliasse a lei. Por isso, Fux acatou o pedido e voltou atr\u00e1s.<\/p>\n","protected":false},"excerpt":{"rendered":"<p>O ministro Luiz Fux derrubou uma liminar que evitava pagamento de multas para empresas que n\u00e3o respeitassem tabelamento do frete. O ministro do STF Luiz Fux Al\u00e9m disso, o ministro do Supremo Tribunal Federal (STF) decidiu a suspens\u00e3o de todos os processos que tramitam na Justi\u00e7a contra o tabelamento do frete rodovi\u00e1rio. A suspens\u00e3o vale [&hellip;]<\/p>\n","protected":false},"author":9,"featured_media":8672,"comment_status":"closed","ping_status":"closed","sticky":false,"template":"","format":"standard","meta":[],"categories":[61],"tags":[833,785],"suno_strategy":[],"class_list":["post-14649","post","type-post","status-publish","format-standard","has-post-thumbnail","hentry","category-politica","tag-greve-dos-caminhoneiros","tag-supremo-tribunal-federal-stf"],"yoast_head":"<!-- This site is optimized with the Yoast SEO plugin v24.4 - https:\/\/yoast.com\/wordpress\/plugins\/seo\/ -->\n<title>Fux derruba liminar que evitava cumprimento da tabela do frete<\/title>\n<meta name=\"description\" content=\"Fux derrubou a liminar que evitava pagamento de multas para empresas que n\u00e3o respeitassem tabelamento do frete. Clique aqui para saber mais.\" \/>\n<meta name=\"robots\" content=\"index, follow, max-snippet:-1, max-image-preview:large, max-video-preview:-1\" \/>\n<link rel=\"canonical\" href=\"https:\/\/www.suno.com.br\/noticias\/fux-derruba-liminar-que-evitava-cumprimento-da-tabela-do-frete\/\" \/>\n<meta property=\"og:locale\" content=\"pt_BR\" \/>\n<meta property=\"og:type\" content=\"article\" \/>\n<meta property=\"og:title\" content=\"Fux derruba liminar que evitava cumprimento da tabela do frete\" \/>\n<meta property=\"og:description\" content=\"Fux derrubou a liminar que evitava pagamento de multas para empresas que n\u00e3o respeitassem tabelamento do frete. Clique aqui para saber mais.\" \/>\n<meta property=\"og:url\" content=\"https:\/\/www.suno.com.br\/noticias\/fux-derruba-liminar-que-evitava-cumprimento-da-tabela-do-frete\/\" \/>\n<meta property=\"og:site_name\" content=\"Suno Not\u00edcias\" \/>\n<meta property=\"article:publisher\" content=\"https:\/\/facebook.com\/sunoresearch\" \/>\n<meta property=\"og:image\" content=\"https:\/\/files.sunoresearch.com.br\/n\/uploads\/2018\/12\/039e77b2-greve-dos-caminhoneiros.jpg\" \/>\n\t<meta property=\"og:image:width\" content=\"1140\" \/>\n\t<meta property=\"og:image:height\" content=\"760\" \/>\n\t<meta property=\"og:image:type\" content=\"image\/jpeg\" \/>\n<meta name=\"author\" content=\"Carlo Cauti\" \/>\n<meta name=\"twitter:card\" content=\"summary_large_image\" \/>\n<meta name=\"twitter:creator\" content=\"@sunoresearch\" \/>\n<meta name=\"twitter:site\" content=\"@sunoresearch\" \/>\n<meta name=\"twitter:label1\" content=\"Escrito por\" \/>\n\t<meta name=\"twitter:data1\" content=\"Carlo Cauti\" \/>\n\t<meta name=\"twitter:label2\" content=\"Est. tempo de leitura\" \/>\n\t<meta name=\"twitter:data2\" content=\"3 minutos\" \/>\n<script type=\"application\/ld+json\" class=\"yoast-schema-graph\">{\"@context\":\"https:\/\/schema.org\",\"@graph\":[{\"@type\":\"NewsArticle\",\"@id\":\"https:\/\/www.suno.com.br\/noticias\/fux-derruba-liminar-que-evitava-cumprimento-da-tabela-do-frete\/#article\",\"isPartOf\":{\"@id\":\"https:\/\/www.suno.com.br\/noticias\/fux-derruba-liminar-que-evitava-cumprimento-da-tabela-do-frete\/\"},\"author\":{\"name\":\"Carlo Cauti\",\"@id\":\"https:\/\/www.suno.com.br\/noticias\/#\/schema\/person\/e6e0f723cc177805027f4566c1d5e0c8\"},\"headline\":\"Fux derruba liminar que evitava cumprimento da tabela do frete\",\"datePublished\":\"2019-02-08T12:35:14+00:00\",\"mainEntityOfPage\":{\"@id\":\"https:\/\/www.suno.com.br\/noticias\/fux-derruba-liminar-que-evitava-cumprimento-da-tabela-do-frete\/\"},\"wordCount\":607,\"publisher\":{\"@id\":\"https:\/\/www.suno.com.br\/noticias\/#organization\"},\"image\":{\"@id\":\"https:\/\/www.suno.com.br\/noticias\/fux-derruba-liminar-que-evitava-cumprimento-da-tabela-do-frete\/#primaryimage\"},\"thumbnailUrl\":\"https:\/\/files.sunoresearch.com.br\/n\/uploads\/2018\/12\/039e77b2-greve-dos-caminhoneiros-jpg.webp\",\"keywords\":[\"greve dos caminhoneiros\",\"Supremo Tribunal Federal (STF)\"],\"articleSection\":[\"Pol\u00edtica\"],\"inLanguage\":\"pt-BR\"},{\"@type\":\"WebPage\",\"@id\":\"https:\/\/www.suno.com.br\/noticias\/fux-derruba-liminar-que-evitava-cumprimento-da-tabela-do-frete\/\",\"url\":\"https:\/\/www.suno.com.br\/noticias\/fux-derruba-liminar-que-evitava-cumprimento-da-tabela-do-frete\/\",\"name\":\"Fux derruba liminar que evitava cumprimento da tabela do frete\",\"isPartOf\":{\"@id\":\"https:\/\/www.suno.com.br\/noticias\/#website\"},\"primaryImageOfPage\":{\"@id\":\"https:\/\/www.suno.com.br\/noticias\/fux-derruba-liminar-que-evitava-cumprimento-da-tabela-do-frete\/#primaryimage\"},\"image\":{\"@id\":\"https:\/\/www.suno.com.br\/noticias\/fux-derruba-liminar-que-evitava-cumprimento-da-tabela-do-frete\/#primaryimage\"},\"thumbnailUrl\":\"https:\/\/files.sunoresearch.com.br\/n\/uploads\/2018\/12\/039e77b2-greve-dos-caminhoneiros-jpg.webp\",\"datePublished\":\"2019-02-08T12:35:14+00:00\",\"description\":\"Fux derrubou a liminar que evitava pagamento de multas para empresas que n\u00e3o respeitassem tabelamento do frete. Clique aqui para saber mais.\",\"breadcrumb\":{\"@id\":\"https:\/\/www.suno.com.br\/noticias\/fux-derruba-liminar-que-evitava-cumprimento-da-tabela-do-frete\/#breadcrumb\"},\"inLanguage\":\"pt-BR\",\"potentialAction\":[{\"@type\":\"ReadAction\",\"target\":[\"https:\/\/www.suno.com.br\/noticias\/fux-derruba-liminar-que-evitava-cumprimento-da-tabela-do-frete\/\"]}]},{\"@type\":\"ImageObject\",\"inLanguage\":\"pt-BR\",\"@id\":\"https:\/\/www.suno.com.br\/noticias\/fux-derruba-liminar-que-evitava-cumprimento-da-tabela-do-frete\/#primaryimage\",\"url\":\"https:\/\/files.sunoresearch.com.br\/n\/uploads\/2018\/12\/039e77b2-greve-dos-caminhoneiros-jpg.webp\",\"contentUrl\":\"https:\/\/files.sunoresearch.com.br\/n\/uploads\/2018\/12\/039e77b2-greve-dos-caminhoneiros-jpg.webp\",\"width\":1140,\"height\":760,\"caption\":\"O ministro do STF Luiz Fux\"},{\"@type\":\"BreadcrumbList\",\"@id\":\"https:\/\/www.suno.com.br\/noticias\/fux-derruba-liminar-que-evitava-cumprimento-da-tabela-do-frete\/#breadcrumb\",\"itemListElement\":[{\"@type\":\"ListItem\",\"position\":1,\"name\":\"Not\u00edcias\",\"item\":\"https:\/\/www.suno.com.br\/noticias\/\"},{\"@type\":\"ListItem\",\"position\":2,\"name\":\"Pol\u00edtica\",\"item\":\"https:\/\/www.suno.com.br\/noticias\/politica\/\"},{\"@type\":\"ListItem\",\"position\":3,\"name\":\"Fux derruba liminar que evitava cumprimento da tabela do frete\"}]},{\"@type\":\"WebSite\",\"@id\":\"https:\/\/www.suno.com.br\/noticias\/#website\",\"url\":\"https:\/\/www.suno.com.br\/noticias\/\",\"name\":\"Suno Not\u00edcias\",\"description\":\"Seu portal de informa\u00e7\u00e3o sobre o mundo dos investimentos\",\"publisher\":{\"@id\":\"https:\/\/www.suno.com.br\/noticias\/#organization\"},\"potentialAction\":[{\"@type\":\"SearchAction\",\"target\":{\"@type\":\"EntryPoint\",\"urlTemplate\":\"https:\/\/www.suno.com.br\/noticias\/?s={search_term_string}\"},\"query-input\":{\"@type\":\"PropertyValueSpecification\",\"valueRequired\":true,\"valueName\":\"search_term_string\"}}],\"inLanguage\":\"pt-BR\"},{\"@type\":\"Organization\",\"@id\":\"https:\/\/www.suno.com.br\/noticias\/#organization\",\"name\":\"Suno Not\u00edcias\",\"url\":\"https:\/\/www.suno.com.br\/noticias\/\",\"logo\":{\"@type\":\"ImageObject\",\"inLanguage\":\"pt-BR\",\"@id\":\"https:\/\/www.suno.com.br\/noticias\/#\/schema\/logo\/image\/\",\"url\":\"https:\/\/files.sunoresearch.com.br\/n\/uploads\/2021\/09\/suno-logo.png\",\"contentUrl\":\"https:\/\/files.sunoresearch.com.br\/n\/uploads\/2021\/09\/suno-logo.png\",\"width\":180,\"height\":180,\"caption\":\"Suno Not\u00edcias\"},\"image\":{\"@id\":\"https:\/\/www.suno.com.br\/noticias\/#\/schema\/logo\/image\/\"},\"sameAs\":[\"https:\/\/facebook.com\/sunoresearch\",\"https:\/\/x.com\/sunoresearch\",\"https:\/\/www.instagram.com\/suno\",\"https:\/\/www.linkedin.com\/company\/suno-research\/\",\"https:\/\/www.youtube.com\/c\/sunoresearch\"]},{\"@type\":\"Person\",\"@id\":\"https:\/\/www.suno.com.br\/noticias\/#\/schema\/person\/e6e0f723cc177805027f4566c1d5e0c8\",\"name\":\"Carlo Cauti\",\"image\":{\"@type\":\"ImageObject\",\"inLanguage\":\"pt-BR\",\"@id\":\"https:\/\/www.suno.com.br\/noticias\/#\/schema\/person\/image\/\",\"url\":\"https:\/\/secure.gravatar.com\/avatar\/3ada9e0bd164c23abd4792a9606d583c?s=96&r=g\",\"contentUrl\":\"https:\/\/secure.gravatar.com\/avatar\/3ada9e0bd164c23abd4792a9606d583c?s=96&r=g\",\"caption\":\"Carlo Cauti\"},\"description\":\"Editor multim\u00eddia do SUNO Not\u00edcias. Italiano, formado em Ci\u00eancias Pol\u00edticas pela universidade LUISS G. Carli de Roma e mestre cum laude em Rela\u00e7\u00f5es Internacionais, Jornalismo Internacional e de Guerra e em Economia Internacional. Concluiu tamb\u00e9m um MBA em Finan\u00e7as na B3. No Brasil, teve passagem por ve\u00edculos como Estad\u00e3o, Globo, Veja e EXAME. e nas ag\u00eancias de not\u00edcias italianas ANSA e NOVA.\",\"url\":\"https:\/\/www.suno.com.br\/noticias\/author\/carlo-cauti\/\"}]}<\/script>\n<!-- \/ Yoast SEO plugin. -->","yoast_head_json":{"title":"Fux derruba liminar que evitava cumprimento da tabela do frete","description":"Fux derrubou a liminar que evitava pagamento de multas para empresas que n\u00e3o respeitassem tabelamento do frete. Clique aqui para saber mais.","robots":{"index":"index","follow":"follow","max-snippet":"max-snippet:-1","max-image-preview":"max-image-preview:large","max-video-preview":"max-video-preview:-1"},"canonical":"https:\/\/www.suno.com.br\/noticias\/fux-derruba-liminar-que-evitava-cumprimento-da-tabela-do-frete\/","og_locale":"pt_BR","og_type":"article","og_title":"Fux derruba liminar que evitava cumprimento da tabela do frete","og_description":"Fux derrubou a liminar que evitava pagamento de multas para empresas que n\u00e3o respeitassem tabelamento do frete. Clique aqui para saber mais.","og_url":"https:\/\/www.suno.com.br\/noticias\/fux-derruba-liminar-que-evitava-cumprimento-da-tabela-do-frete\/","og_site_name":"Suno Not\u00edcias","article_publisher":"https:\/\/facebook.com\/sunoresearch","og_image":[{"width":1140,"height":760,"url":"https:\/\/files.sunoresearch.com.br\/n\/uploads\/2018\/12\/039e77b2-greve-dos-caminhoneiros.jpg","type":"image\/jpeg"}],"author":"Carlo Cauti","twitter_card":"summary_large_image","twitter_creator":"@sunoresearch","twitter_site":"@sunoresearch","twitter_misc":{"Escrito por":"Carlo Cauti","Est. tempo de leitura":"3 minutos"},"schema":{"@context":"https:\/\/schema.org","@graph":[{"@type":"NewsArticle","@id":"https:\/\/www.suno.com.br\/noticias\/fux-derruba-liminar-que-evitava-cumprimento-da-tabela-do-frete\/#article","isPartOf":{"@id":"https:\/\/www.suno.com.br\/noticias\/fux-derruba-liminar-que-evitava-cumprimento-da-tabela-do-frete\/"},"author":{"name":"Carlo Cauti","@id":"https:\/\/www.suno.com.br\/noticias\/#\/schema\/person\/e6e0f723cc177805027f4566c1d5e0c8"},"headline":"Fux derruba liminar que evitava cumprimento da tabela do frete","datePublished":"2019-02-08T12:35:14+00:00","mainEntityOfPage":{"@id":"https:\/\/www.suno.com.br\/noticias\/fux-derruba-liminar-que-evitava-cumprimento-da-tabela-do-frete\/"},"wordCount":607,"publisher":{"@id":"https:\/\/www.suno.com.br\/noticias\/#organization"},"image":{"@id":"https:\/\/www.suno.com.br\/noticias\/fux-derruba-liminar-que-evitava-cumprimento-da-tabela-do-frete\/#primaryimage"},"thumbnailUrl":"https:\/\/files.sunoresearch.com.br\/n\/uploads\/2018\/12\/039e77b2-greve-dos-caminhoneiros-jpg.webp","keywords":["greve dos caminhoneiros","Supremo Tribunal Federal (STF)"],"articleSection":["Pol\u00edtica"],"inLanguage":"pt-BR"},{"@type":"WebPage","@id":"https:\/\/www.suno.com.br\/noticias\/fux-derruba-liminar-que-evitava-cumprimento-da-tabela-do-frete\/","url":"https:\/\/www.suno.com.br\/noticias\/fux-derruba-liminar-que-evitava-cumprimento-da-tabela-do-frete\/","name":"Fux derruba liminar que evitava cumprimento da tabela do frete","isPartOf":{"@id":"https:\/\/www.suno.com.br\/noticias\/#website"},"primaryImageOfPage":{"@id":"https:\/\/www.suno.com.br\/noticias\/fux-derruba-liminar-que-evitava-cumprimento-da-tabela-do-frete\/#primaryimage"},"image":{"@id":"https:\/\/www.suno.com.br\/noticias\/fux-derruba-liminar-que-evitava-cumprimento-da-tabela-do-frete\/#primaryimage"},"thumbnailUrl":"https:\/\/files.sunoresearch.com.br\/n\/uploads\/2018\/12\/039e77b2-greve-dos-caminhoneiros-jpg.webp","datePublished":"2019-02-08T12:35:14+00:00","description":"Fux derrubou a liminar que evitava pagamento de multas para empresas que n\u00e3o respeitassem tabelamento do frete. Clique aqui para saber mais.","breadcrumb":{"@id":"https:\/\/www.suno.com.br\/noticias\/fux-derruba-liminar-que-evitava-cumprimento-da-tabela-do-frete\/#breadcrumb"},"inLanguage":"pt-BR","potentialAction":[{"@type":"ReadAction","target":["https:\/\/www.suno.com.br\/noticias\/fux-derruba-liminar-que-evitava-cumprimento-da-tabela-do-frete\/"]}]},{"@type":"ImageObject","inLanguage":"pt-BR","@id":"https:\/\/www.suno.com.br\/noticias\/fux-derruba-liminar-que-evitava-cumprimento-da-tabela-do-frete\/#primaryimage","url":"https:\/\/files.sunoresearch.com.br\/n\/uploads\/2018\/12\/039e77b2-greve-dos-caminhoneiros-jpg.webp","contentUrl":"https:\/\/files.sunoresearch.com.br\/n\/uploads\/2018\/12\/039e77b2-greve-dos-caminhoneiros-jpg.webp","width":1140,"height":760,"caption":"O ministro do STF Luiz Fux"},{"@type":"BreadcrumbList","@id":"https:\/\/www.suno.com.br\/noticias\/fux-derruba-liminar-que-evitava-cumprimento-da-tabela-do-frete\/#breadcrumb","itemListElement":[{"@type":"ListItem","position":1,"name":"Not\u00edcias","item":"https:\/\/www.suno.com.br\/noticias\/"},{"@type":"ListItem","position":2,"name":"Pol\u00edtica","item":"https:\/\/www.suno.com.br\/noticias\/politica\/"},{"@type":"ListItem","position":3,"name":"Fux derruba liminar que evitava cumprimento da tabela do frete"}]},{"@type":"WebSite","@id":"https:\/\/www.suno.com.br\/noticias\/#website","url":"https:\/\/www.suno.com.br\/noticias\/","name":"Suno Not\u00edcias","description":"Seu portal de informa\u00e7\u00e3o sobre o mundo dos investimentos","publisher":{"@id":"https:\/\/www.suno.com.br\/noticias\/#organization"},"potentialAction":[{"@type":"SearchAction","target":{"@type":"EntryPoint","urlTemplate":"https:\/\/www.suno.com.br\/noticias\/?s={search_term_string}"},"query-input":{"@type":"PropertyValueSpecification","valueRequired":true,"valueName":"search_term_string"}}],"inLanguage":"pt-BR"},{"@type":"Organization","@id":"https:\/\/www.suno.com.br\/noticias\/#organization","name":"Suno Not\u00edcias","url":"https:\/\/www.suno.com.br\/noticias\/","logo":{"@type":"ImageObject","inLanguage":"pt-BR","@id":"https:\/\/www.suno.com.br\/noticias\/#\/schema\/logo\/image\/","url":"https:\/\/files.sunoresearch.com.br\/n\/uploads\/2021\/09\/suno-logo.png","contentUrl":"https:\/\/files.sunoresearch.com.br\/n\/uploads\/2021\/09\/suno-logo.png","width":180,"height":180,"caption":"Suno Not\u00edcias"},"image":{"@id":"https:\/\/www.suno.com.br\/noticias\/#\/schema\/logo\/image\/"},"sameAs":["https:\/\/facebook.com\/sunoresearch","https:\/\/x.com\/sunoresearch","https:\/\/www.instagram.com\/suno","https:\/\/www.linkedin.com\/company\/suno-research\/","https:\/\/www.youtube.com\/c\/sunoresearch"]},{"@type":"Person","@id":"https:\/\/www.suno.com.br\/noticias\/#\/schema\/person\/e6e0f723cc177805027f4566c1d5e0c8","name":"Carlo Cauti","image":{"@type":"ImageObject","inLanguage":"pt-BR","@id":"https:\/\/www.suno.com.br\/noticias\/#\/schema\/person\/image\/","url":"https:\/\/secure.gravatar.com\/avatar\/3ada9e0bd164c23abd4792a9606d583c?s=96&r=g","contentUrl":"https:\/\/secure.gravatar.com\/avatar\/3ada9e0bd164c23abd4792a9606d583c?s=96&r=g","caption":"Carlo Cauti"},"description":"Editor multim\u00eddia do SUNO Not\u00edcias. Italiano, formado em Ci\u00eancias Pol\u00edticas pela universidade LUISS G. Carli de Roma e mestre cum laude em Rela\u00e7\u00f5es Internacionais, Jornalismo Internacional e de Guerra e em Economia Internacional. Concluiu tamb\u00e9m um MBA em Finan\u00e7as na B3. No Brasil, teve passagem por ve\u00edculos como Estad\u00e3o, Globo, Veja e EXAME. e nas ag\u00eancias de not\u00edcias italianas ANSA e NOVA.","url":"https:\/\/www.suno.com.br\/noticias\/author\/carlo-cauti\/"}]}},"default_loop_html":"<div class=\"cardsPage__listCard__boxs\"><div class=\"cardsPage__listCard__boxs__img\"><a href=\"https:\/\/www.suno.com.br\/noticias\/fux-derruba-liminar-que-evitava-cumprimento-da-tabela-do-frete\/\"><img class=\"mask\" src=\"https:\/\/www.suno.com.br\/noticias\/wp-content\/themes\/suno\/resources\/images\/spotlight\/spotlight1img\/bg-mask.png\" alt=\"Image Mask\"\/><img src=\"https:\/\/files.sunoresearch.com.br\/n\/uploads\/2018\/12\/039e77b2-greve-dos-caminhoneiros-400x200.webp\" alt=\"Fux derruba liminar que evitava cumprimento da tabela do frete\"\/><\/a><span class=\"spotlightCategory\"><a href=\"https:\/\/www.suno.com.br\/noticias\/politica\/\">Pol\u00edtica<\/a><\/span><\/div><div class=\"cardsPage__listCard__boxs__content\"><a href=\"https:\/\/www.suno.com.br\/noticias\/fux-derruba-liminar-que-evitava-cumprimento-da-tabela-do-frete\/\"><h2 class=\"content__title\">Fux derruba liminar que evitava cumprimento da tabela do frete<\/h2><\/a><div class=\"newsContent__article__meta\"><div class=\"newsContent__article__meta__authorBox\"><a href=\"https:\/\/www.suno.com.br\/noticias\/author\/carlo-cauti\/\" class=\"authorBox__avatar noMobi\"><img src=\"https:\/\/files.sunoresearch.com.br\/n\/uploads\/2020\/08\/e3745f9a-perfil-carlo-cauti-150x150.webp\" alt=\"Carlo Cauti\"><\/a><div class=\"authorBox__name\"><span>por\n\t\t\t<a href=\"https:\/\/www.suno.com.br\/noticias\/author\/carlo-cauti\/\"><span itemprop=\"author\">Carlo Cauti<\/span><\/a><\/span><time datetime=\"2019-02-08T10:35:14-02:00\" itemprop=\"datePublished\">08\/02\/2019 10:35<\/time><\/div><\/div><\/div><\/div><\/div>","single_layout":"posts","amp_enabled":true,"_links":{"self":[{"href":"https:\/\/www.suno.com.br\/noticias\/wp-json\/wp\/v2\/posts\/14649"}],"collection":[{"href":"https:\/\/www.suno.com.br\/noticias\/wp-json\/wp\/v2\/posts"}],"about":[{"href":"https:\/\/www.suno.com.br\/noticias\/wp-json\/wp\/v2\/types\/post"}],"author":[{"embeddable":true,"href":"https:\/\/www.suno.com.br\/noticias\/wp-json\/wp\/v2\/users\/9"}],"replies":[{"embeddable":true,"href":"https:\/\/www.suno.com.br\/noticias\/wp-json\/wp\/v2\/comments?post=14649"}],"version-history":[{"count":0,"href":"https:\/\/www.suno.com.br\/noticias\/wp-json\/wp\/v2\/posts\/14649\/revisions"}],"wp:featuredmedia":[{"embeddable":true,"href":"https:\/\/www.suno.com.br\/noticias\/wp-json\/wp\/v2\/media\/8672"}],"wp:attachment":[{"href":"https:\/\/www.suno.com.br\/noticias\/wp-json\/wp\/v2\/media?parent=14649"}],"wp:term":[{"taxonomy":"category","embeddable":true,"href":"https:\/\/www.suno.com.br\/noticias\/wp-json\/wp\/v2\/categories?post=14649"},{"taxonomy":"post_tag","embeddable":true,"href":"https:\/\/www.suno.com.br\/noticias\/wp-json\/wp\/v2\/tags?post=14649"},{"taxonomy":"suno_strategy","embeddable":true,"href":"https:\/\/www.suno.com.br\/noticias\/wp-json\/wp\/v2\/suno_strategy?post=14649"}],"curies":[{"name":"wp","href":"https:\/\/api.w.org\/{rel}","templated":true}]}}