{"id":146465,"date":"2021-05-10T16:30:31","date_gmt":"2021-05-10T19:30:31","guid":{"rendered":"https:\/\/www.suno.com.br\/noticias\/?p=146465"},"modified":"2021-05-10T16:30:58","modified_gmt":"2021-05-10T19:30:58","slug":"governo-sp-prepara-leilao-22-aeroportos-doria","status":"publish","type":"post","link":"https:\/\/www.suno.com.br\/noticias\/governo-sp-prepara-leilao-22-aeroportos-doria\/","title":{"rendered":"Governo de S\u00e3o Paulo prepara leil\u00e3o de 22 aeroportos regionais em 15 de julho, diz Doria"},"content":{"rendered":"<p>O <strong>governo de S\u00e3o Paulo<\/strong> est\u00e1 preparando um <strong>leil\u00e3o<\/strong> para a concess\u00e3o de 22 aeroportos regionais, que deve ocorrer no dia 15 de julho, informou o governador Jo\u00e3o Doria (PSDB) em sua conta no Twitter nesta segunda-feira (10).<\/p>\t<div class=\"wrapper-featured-image\">\n\t\t<figure class=\"spotlightImg\">\n\n\t\t\t<picture>\n\t\t\t\t<source media=\"(max-width: 768px)\" srcset=\"https:\/\/files.sunoresearch.com.br\/n\/uploads\/2021\/05\/247815fc-edit_vac_abr_ebc_221020196107-400x200.webp\">\n\t\t\t\t<img loading=\"lazy\" decoding=\"async\" class=\"newsContent__article__imgCapa lazyloadDisabled \" src=\"https:\/\/files.sunoresearch.com.br\/n\/uploads\/2021\/05\/247815fc-edit_vac_abr_ebc_221020196107-800x450.webp\" width=\"800\" height=\"450\" alt=\"Governo de S\u00e3o Paulo prepara leil\u00e3o de 22 aeroportos regionais em 15 de julho, diz Doria\" fetchpriority=high \/>\n\t\t\t<\/picture>\n\n\t\t\t<figcaption class=\"wp-caption-text wp-caption-text--show\">Doria fez cr\u00edticas ao atual presidente e se rotulou como &#039;liberal-social&#039; em um poss\u00edvel governo - Foto: Valter Campanato\/Ag\u00eancia Brasil  Local: DF<\/figcaption>\n\t\t<\/figure>\n\t<\/div>\n\n\n<p><span style=\"font-weight: 400;\">\t<p>\n\t\t<a href=\"https:\/\/lp.suno.com.br\/planilha-controle-gastos\/\" target=\"_blank\" data-element=\"shortcode-suno-banner\" title=\"Banner SUNO, clique e saiba mais\">\n\t\t\t<picture>\n\t\t\t\t<source media=\"(max-width: 500px)\" srcset=\"https:\/\/files.sunoresearch.com.br\/n\/uploads\/2023\/03\/400x300-Planilha-controle-de-gastos.png\">\n\t\t\t\t<img class=\"newsContent__article__imgCapa newsContent__article__imgCapa--banner\"\n\t\t\t\t\tsrc=\"https:\/\/files.sunoresearch.com.br\/n\/uploads\/2023\/03\/1420x240-Planilha-controle-de-gastos.png\"\n\t\t\t\t\tdata-promo-id=\"101751\"\t\t\t\t\t\t\t\t\t\twidth='1420' height='240'\t\t\t\t\talt=\"https:\/\/files.sunoresearch.com.br\/n\/uploads\/2023\/03\/1420x240-Planilha-controle-de-gastos.png\"\n\t\t\t\t>\n\t\t\t<\/picture>\n\t\t<\/a>\n\t<\/p>\n\n<\/span><\/p>\n<p>De acordo com Doria, a concess\u00e3o dos aeroportos tem um prazo de 30 anos. Al\u00e9m disso, o leil\u00e3o ser\u00e1 realizado na<a href=\"https:\/\/www.suno.com.br\/acoes\/b3sa3\/\"> Bolsa de Valores brasileira (B3SA3)<\/a>.<\/p>\n<p>\u201cS\u00e3o previstos R$ 450 milh\u00f5es de investimentos privados para melhorar a estrutura dos aeroportos, gerando desenvolvimento, emprego e renda para a popula\u00e7\u00e3o\u201d, escreveu o governador.<\/p>\n<p><a href=\"https:\/\/lp.suno.com.br\/suno-one\/?ppp=noticias\/hospital-care-pedido-ipo-cvm\/\">Suno One: acesse gratuitamente eBooks, Minicursos, Artigos e V\u00eddeo Aulas sobre investimentos com um \u00fanico cadastro. Clique para saber mais!<\/a><\/p>\n<h2>Infra Week: semana de leil\u00f5es encerra com leil\u00e3o de 5 terminais portu\u00e1rios<\/h2>\n<p>A bateria de <strong>leil\u00f5es<\/strong> de aeroportos, portos e ferrovia, chamada de &#8220;Infra Week&#8221;, encerrou no dia 9 de abril com o leil\u00e3o de cinco terminais portu\u00e1rios.<\/p>\n<p>No \u00faltimo dia dos leil\u00f5es, foram oferecidas \u00e0 iniciativa privada quatro \u00e1reas no Porto de Itaqui (MA) e uma no Porto de Pelotas (RS).<\/p>\n<p><span style=\"font-weight: 400;\">\t<p>\n\t\t<a href=\"https:\/\/lp.suno.com.br\/planilha-da-vida-financeira\/\" target=\"_blank\" data-element=\"shortcode-suno-banner\" title=\"Banner SUNO, clique e saiba mais\">\n\t\t\t<picture>\n\t\t\t\t<source media=\"(max-width: 500px)\" srcset=\"https:\/\/files.sunoresearch.com.br\/n\/uploads\/2023\/04\/400x300-Planilha-vida-financeira-true.png\">\n\t\t\t\t<img class=\"newsContent__article__imgCapa newsContent__article__imgCapa--banner\"\n\t\t\t\t\tsrc=\"https:\/\/files.sunoresearch.com.br\/n\/uploads\/2023\/04\/1420x240-Planilha-vida-financeira-true.png\"\n\t\t\t\t\tdata-promo-id=\"106682\"\t\t\t\t\t\t\t\t\t\twidth='1420' height='240'\t\t\t\t\talt=\"https:\/\/files.sunoresearch.com.br\/n\/uploads\/2023\/04\/1420x240-Planilha-vida-financeira-true.png\"\n\t\t\t\t>\n\t\t\t<\/picture>\n\t\t<\/a>\n\t<\/p>\n\n<\/span><\/p>\n<p>A disputa ocorreu na sede da Bolsa de Valores brasileira (B3), em S\u00e3o Paulo, enquanto o leil\u00e3o foi promovido pela Ag\u00eancia Nacional de Transportes Aquavi\u00e1rios (Antaq).<\/p>\n<p>Em cen\u00e1rio de piora da pandemia da covid-19 e retra\u00e7\u00e3o da atividade econ\u00f4mica, o governo, com o Minist\u00e9rio da Infraestrutura \u00e0 frente, realizou uma bateria de <strong>leil\u00f5es<\/strong> de aeroportos, portos e ferrovia, entre os dias 7 e 9, com a expectativa de atrair at\u00e9 R$ 10 bilh\u00f5es em novos investimentos.<\/p>\n<p><strong>Batizada de Infra Week<\/strong> (ou semana da infraestrutura, no termo em ingl\u00eas), a rodada de leil\u00f5es \u00e9 um term\u00f4metro do potencial de atra\u00e7\u00e3o de investimentos de longo prazo, no momento em que o Brasil est\u00e1 com a imagem arranhada pela condu\u00e7\u00e3o da pol\u00edtica de enfrentamento do coronav\u00edrus.<\/p>\n<p>Na sexta-feira ocorreu o terceiro leil\u00e3o de infraestrutura da semana. Confira os anteriores:<\/p>\n<ul>\n<li>Quarta-feira (7): o governo arrecadou R$ 3,3 bilh\u00f5es com a concess\u00e3o de 22 aeroportos, garantindo um investimento estimado de R$ 6,1 bilh\u00f5es ao longo dos 30 anos do contrato.<\/li>\n<li>Quinta-feira (8): a concess\u00e3o da Ferrovia de Integra\u00e7\u00e3o Oeste-Leste (Fiol 1) foi arrematada pelo valor m\u00ednimo e proposta \u00fanica da Bahia Minera\u00e7\u00e3o S\/A (Bamin), que ir\u00e1 retomar a obra com investimentos estimados em R$ 3,3 bilh\u00f5es.<\/li>\n<\/ul>\n\t<div data-element=\"shortcode-read-more\" class=\"knowMore\">\n\t\t\t\t<span class=\"knowMore__title\">Saiba mais<\/span>\n\t\t\t\t<a class=\"knowMore__link\" href=\"https:\/\/www.suno.com.br\/noticias\/ccr-ccro3-vence-dois-blocos-aeroportos\/\">\n\t\t\tCCR (CCRO3) arremata dois blocos de aeroportos por R$ 2,9 bilh\u00f5es no leil\u00e3o\t\t<\/a>\n\t<\/div>\n\n\n<p>O governo organizou <strong>o leil\u00e3o<\/strong> de 22 aeroportos operados pela empresa p\u00fablica Infraero, 5 terminais portu\u00e1rios (quatro em Itaqui e um em Pelotas) e o primeiro trecho da Ferrovia de Integra\u00e7\u00e3o Oeste-Leste (Fiol), entre Ilh\u00e9us e Caetit\u00e9, na Bahia &#8211; um projeto em obras desde 2011 e que ainda recebe cr\u00edticas de ambientalistas.<\/p>\n<p><span style=\"font-weight: 400;\">\t<p>\n\t\t<a href=\"https:\/\/lp.suno.com.br\/planilha-da-vida-financeira\/\" target=\"_blank\" data-element=\"shortcode-suno-banner\" title=\"Banner SUNO, clique e saiba mais\">\n\t\t\t<picture>\n\t\t\t\t<source media=\"(max-width: 500px)\" srcset=\"https:\/\/files.sunoresearch.com.br\/n\/uploads\/2023\/04\/400x300-Planilha-vida-financeira-true.png\">\n\t\t\t\t<img class=\"newsContent__article__imgCapa newsContent__article__imgCapa--banner\"\n\t\t\t\t\tsrc=\"https:\/\/files.sunoresearch.com.br\/n\/uploads\/2023\/04\/1420x240-Planilha-vida-financeira-true.png\"\n\t\t\t\t\tdata-promo-id=\"106682\"\t\t\t\t\t\t\t\t\t\twidth='1420' height='240'\t\t\t\t\talt=\"https:\/\/files.sunoresearch.com.br\/n\/uploads\/2023\/04\/1420x240-Planilha-vida-financeira-true.png\"\n\t\t\t\t>\n\t\t\t<\/picture>\n\t\t<\/a>\n\t<\/p>\n\n<\/span><\/p>\n","protected":false},"excerpt":{"rendered":"<p>O governo de S\u00e3o Paulo est\u00e1 preparando um leil\u00e3o para a concess\u00e3o de 22 aeroportos regionais, que deve ocorrer no dia 15 de julho, informou o governador Jo\u00e3o Doria (PSDB) em sua conta no Twitter nesta segunda-feira (10). Doria fez cr\u00edticas ao atual presidente e se rotulou como &#039;liberal-social&#039; em um poss\u00edvel governo &#8211; Foto: [&hellip;]<\/p>\n","protected":false},"author":56,"featured_media":146502,"comment_status":"closed","ping_status":"closed","sticky":false,"template":"","format":"standard","meta":[],"categories":[64],"tags":[842,843],"suno_strategy":[],"class_list":["post-146465","post","type-post","status-publish","format-standard","has-post-thumbnail","hentry","category-negocios","tag-joao-doria","tag-sao-paulo"],"yoast_head":"<!-- This site is optimized with the Yoast SEO plugin v24.4 - https:\/\/yoast.com\/wordpress\/plugins\/seo\/ -->\n<title>Governo de SP prepara leil\u00e3o de 22 aeroportos regionais em 15 de julho, diz Doria<\/title>\n<meta name=\"description\" content=\"Segundo Doria, a concess\u00e3o dos aeroportos tem um prazo de 30 anos. Al\u00e9m disso, o\u00a0leil\u00e3o ser\u00e1 realizado na B3. Clique aqui para saber mais.\" \/>\n<meta name=\"robots\" content=\"index, follow, max-snippet:-1, max-image-preview:large, max-video-preview:-1\" \/>\n<link rel=\"canonical\" href=\"https:\/\/www.suno.com.br\/noticias\/governo-sp-prepara-leilao-22-aeroportos-doria\/\" \/>\n<meta property=\"og:locale\" content=\"pt_BR\" \/>\n<meta property=\"og:type\" content=\"article\" \/>\n<meta property=\"og:title\" content=\"Governo de SP prepara leil\u00e3o de 22 aeroportos regionais em 15 de julho, diz Doria\" \/>\n<meta property=\"og:description\" content=\"Segundo Doria, a concess\u00e3o dos aeroportos tem um prazo de 30 anos. Al\u00e9m disso, o\u00a0leil\u00e3o ser\u00e1 realizado na B3. Clique aqui para saber mais.\" \/>\n<meta property=\"og:url\" content=\"https:\/\/www.suno.com.br\/noticias\/governo-sp-prepara-leilao-22-aeroportos-doria\/\" \/>\n<meta property=\"og:site_name\" content=\"Suno Not\u00edcias\" \/>\n<meta property=\"article:publisher\" content=\"https:\/\/facebook.com\/sunoresearch\" \/>\n<meta property=\"og:image\" content=\"https:\/\/files.sunoresearch.com.br\/n\/uploads\/2021\/05\/247815fc-edit_vac_abr_ebc_221020196107.jpg\" \/>\n\t<meta property=\"og:image:width\" content=\"1024\" \/>\n\t<meta property=\"og:image:height\" content=\"768\" \/>\n\t<meta property=\"og:image:type\" content=\"image\/jpeg\" \/>\n<meta name=\"author\" content=\"Rafaela La Regina\" \/>\n<meta name=\"twitter:card\" content=\"summary_large_image\" \/>\n<meta name=\"twitter:creator\" content=\"@sunoresearch\" \/>\n<meta name=\"twitter:site\" content=\"@sunoresearch\" \/>\n<meta name=\"twitter:label1\" content=\"Escrito por\" \/>\n\t<meta name=\"twitter:data1\" content=\"Rafaela La Regina\" \/>\n\t<meta name=\"twitter:label2\" content=\"Est. tempo de leitura\" \/>\n\t<meta name=\"twitter:data2\" content=\"2 minutos\" \/>\n<script type=\"application\/ld+json\" class=\"yoast-schema-graph\">{\"@context\":\"https:\/\/schema.org\",\"@graph\":[{\"@type\":\"NewsArticle\",\"@id\":\"https:\/\/www.suno.com.br\/noticias\/governo-sp-prepara-leilao-22-aeroportos-doria\/#article\",\"isPartOf\":{\"@id\":\"https:\/\/www.suno.com.br\/noticias\/governo-sp-prepara-leilao-22-aeroportos-doria\/\"},\"author\":{\"name\":\"Rafaela La Regina\",\"@id\":\"https:\/\/www.suno.com.br\/noticias\/#\/schema\/person\/e672ca8cea627fe715fa29bca7da95e0\"},\"headline\":\"Governo de S\u00e3o Paulo prepara leil\u00e3o de 22 aeroportos regionais em 15 de julho, diz Doria\",\"datePublished\":\"2021-05-10T19:30:31+00:00\",\"dateModified\":\"2021-05-10T19:30:58+00:00\",\"mainEntityOfPage\":{\"@id\":\"https:\/\/www.suno.com.br\/noticias\/governo-sp-prepara-leilao-22-aeroportos-doria\/\"},\"wordCount\":485,\"publisher\":{\"@id\":\"https:\/\/www.suno.com.br\/noticias\/#organization\"},\"image\":{\"@id\":\"https:\/\/www.suno.com.br\/noticias\/governo-sp-prepara-leilao-22-aeroportos-doria\/#primaryimage\"},\"thumbnailUrl\":\"https:\/\/files.sunoresearch.com.br\/n\/uploads\/2021\/05\/247815fc-edit_vac_abr_ebc_221020196107-jpg.webp\",\"keywords\":[\"Jo\u00e3o Doria\",\"S\u00e3o Paulo\"],\"articleSection\":[\"Neg\u00f3cios\"],\"inLanguage\":\"pt-BR\"},{\"@type\":\"WebPage\",\"@id\":\"https:\/\/www.suno.com.br\/noticias\/governo-sp-prepara-leilao-22-aeroportos-doria\/\",\"url\":\"https:\/\/www.suno.com.br\/noticias\/governo-sp-prepara-leilao-22-aeroportos-doria\/\",\"name\":\"Governo de SP prepara leil\u00e3o de 22 aeroportos regionais em 15 de julho, diz Doria\",\"isPartOf\":{\"@id\":\"https:\/\/www.suno.com.br\/noticias\/#website\"},\"primaryImageOfPage\":{\"@id\":\"https:\/\/www.suno.com.br\/noticias\/governo-sp-prepara-leilao-22-aeroportos-doria\/#primaryimage\"},\"image\":{\"@id\":\"https:\/\/www.suno.com.br\/noticias\/governo-sp-prepara-leilao-22-aeroportos-doria\/#primaryimage\"},\"thumbnailUrl\":\"https:\/\/files.sunoresearch.com.br\/n\/uploads\/2021\/05\/247815fc-edit_vac_abr_ebc_221020196107-jpg.webp\",\"datePublished\":\"2021-05-10T19:30:31+00:00\",\"dateModified\":\"2021-05-10T19:30:58+00:00\",\"description\":\"Segundo Doria, a concess\u00e3o dos aeroportos tem um prazo de 30 anos. Al\u00e9m disso, o\u00a0leil\u00e3o ser\u00e1 realizado na B3. Clique aqui para saber mais.\",\"breadcrumb\":{\"@id\":\"https:\/\/www.suno.com.br\/noticias\/governo-sp-prepara-leilao-22-aeroportos-doria\/#breadcrumb\"},\"inLanguage\":\"pt-BR\",\"potentialAction\":[{\"@type\":\"ReadAction\",\"target\":[\"https:\/\/www.suno.com.br\/noticias\/governo-sp-prepara-leilao-22-aeroportos-doria\/\"]}]},{\"@type\":\"ImageObject\",\"inLanguage\":\"pt-BR\",\"@id\":\"https:\/\/www.suno.com.br\/noticias\/governo-sp-prepara-leilao-22-aeroportos-doria\/#primaryimage\",\"url\":\"https:\/\/files.sunoresearch.com.br\/n\/uploads\/2021\/05\/247815fc-edit_vac_abr_ebc_221020196107-jpg.webp\",\"contentUrl\":\"https:\/\/files.sunoresearch.com.br\/n\/uploads\/2021\/05\/247815fc-edit_vac_abr_ebc_221020196107-jpg.webp\",\"width\":1024,\"height\":768,\"caption\":\"Doria fez cr\u00edticas ao atual presidente e se rotulou como 'liberal-social' em um poss\u00edvel governo - Foto: Valter Campanato\/Ag\u00eancia Brasil Local: DF\"},{\"@type\":\"BreadcrumbList\",\"@id\":\"https:\/\/www.suno.com.br\/noticias\/governo-sp-prepara-leilao-22-aeroportos-doria\/#breadcrumb\",\"itemListElement\":[{\"@type\":\"ListItem\",\"position\":1,\"name\":\"Not\u00edcias\",\"item\":\"https:\/\/www.suno.com.br\/noticias\/\"},{\"@type\":\"ListItem\",\"position\":2,\"name\":\"Neg\u00f3cios\",\"item\":\"https:\/\/www.suno.com.br\/noticias\/negocios\/\"},{\"@type\":\"ListItem\",\"position\":3,\"name\":\"Governo de S\u00e3o Paulo prepara leil\u00e3o de 22 aeroportos regionais em 15 de julho, diz Doria\"}]},{\"@type\":\"WebSite\",\"@id\":\"https:\/\/www.suno.com.br\/noticias\/#website\",\"url\":\"https:\/\/www.suno.com.br\/noticias\/\",\"name\":\"Suno Not\u00edcias\",\"description\":\"Seu portal de informa\u00e7\u00e3o sobre o mundo dos investimentos\",\"publisher\":{\"@id\":\"https:\/\/www.suno.com.br\/noticias\/#organization\"},\"potentialAction\":[{\"@type\":\"SearchAction\",\"target\":{\"@type\":\"EntryPoint\",\"urlTemplate\":\"https:\/\/www.suno.com.br\/noticias\/?s={search_term_string}\"},\"query-input\":{\"@type\":\"PropertyValueSpecification\",\"valueRequired\":true,\"valueName\":\"search_term_string\"}}],\"inLanguage\":\"pt-BR\"},{\"@type\":\"Organization\",\"@id\":\"https:\/\/www.suno.com.br\/noticias\/#organization\",\"name\":\"Suno Not\u00edcias\",\"url\":\"https:\/\/www.suno.com.br\/noticias\/\",\"logo\":{\"@type\":\"ImageObject\",\"inLanguage\":\"pt-BR\",\"@id\":\"https:\/\/www.suno.com.br\/noticias\/#\/schema\/logo\/image\/\",\"url\":\"https:\/\/files.sunoresearch.com.br\/n\/uploads\/2021\/09\/suno-logo.png\",\"contentUrl\":\"https:\/\/files.sunoresearch.com.br\/n\/uploads\/2021\/09\/suno-logo.png\",\"width\":180,\"height\":180,\"caption\":\"Suno Not\u00edcias\"},\"image\":{\"@id\":\"https:\/\/www.suno.com.br\/noticias\/#\/schema\/logo\/image\/\"},\"sameAs\":[\"https:\/\/facebook.com\/sunoresearch\",\"https:\/\/x.com\/sunoresearch\",\"https:\/\/www.instagram.com\/suno\",\"https:\/\/www.linkedin.com\/company\/suno-research\/\",\"https:\/\/www.youtube.com\/c\/sunoresearch\"]},{\"@type\":\"Person\",\"@id\":\"https:\/\/www.suno.com.br\/noticias\/#\/schema\/person\/e672ca8cea627fe715fa29bca7da95e0\",\"name\":\"Rafaela La Regina\",\"image\":{\"@type\":\"ImageObject\",\"inLanguage\":\"pt-BR\",\"@id\":\"https:\/\/www.suno.com.br\/noticias\/#\/schema\/person\/image\/\",\"url\":\"https:\/\/secure.gravatar.com\/avatar\/d2c75a52d243deb93d0465fdcb21bd37?s=96&r=g\",\"contentUrl\":\"https:\/\/secure.gravatar.com\/avatar\/d2c75a52d243deb93d0465fdcb21bd37?s=96&r=g\",\"caption\":\"Rafaela La Regina\"},\"description\":\"Estagi\u00e1ria no Suno Not\u00edcias. Escreve sobre economia, pol\u00edtica e neg\u00f3cios. Estuda Rela\u00e7\u00f5es Internacionais no IBMEC-SP.\",\"url\":\"https:\/\/www.suno.com.br\/noticias\/author\/rafaela-la-regina\/\"}]}<\/script>\n<!-- \/ Yoast SEO plugin. -->","yoast_head_json":{"title":"Governo de SP prepara leil\u00e3o de 22 aeroportos regionais em 15 de julho, diz Doria","description":"Segundo Doria, a concess\u00e3o dos aeroportos tem um prazo de 30 anos. Al\u00e9m disso, o\u00a0leil\u00e3o ser\u00e1 realizado na B3. Clique aqui para saber mais.","robots":{"index":"index","follow":"follow","max-snippet":"max-snippet:-1","max-image-preview":"max-image-preview:large","max-video-preview":"max-video-preview:-1"},"canonical":"https:\/\/www.suno.com.br\/noticias\/governo-sp-prepara-leilao-22-aeroportos-doria\/","og_locale":"pt_BR","og_type":"article","og_title":"Governo de SP prepara leil\u00e3o de 22 aeroportos regionais em 15 de julho, diz Doria","og_description":"Segundo Doria, a concess\u00e3o dos aeroportos tem um prazo de 30 anos. Al\u00e9m disso, o\u00a0leil\u00e3o ser\u00e1 realizado na B3. Clique aqui para saber mais.","og_url":"https:\/\/www.suno.com.br\/noticias\/governo-sp-prepara-leilao-22-aeroportos-doria\/","og_site_name":"Suno Not\u00edcias","article_publisher":"https:\/\/facebook.com\/sunoresearch","og_image":[{"width":1024,"height":768,"url":"https:\/\/files.sunoresearch.com.br\/n\/uploads\/2021\/05\/247815fc-edit_vac_abr_ebc_221020196107.jpg","type":"image\/jpeg"}],"author":"Rafaela La Regina","twitter_card":"summary_large_image","twitter_creator":"@sunoresearch","twitter_site":"@sunoresearch","twitter_misc":{"Escrito por":"Rafaela La Regina","Est. tempo de leitura":"2 minutos"},"schema":{"@context":"https:\/\/schema.org","@graph":[{"@type":"NewsArticle","@id":"https:\/\/www.suno.com.br\/noticias\/governo-sp-prepara-leilao-22-aeroportos-doria\/#article","isPartOf":{"@id":"https:\/\/www.suno.com.br\/noticias\/governo-sp-prepara-leilao-22-aeroportos-doria\/"},"author":{"name":"Rafaela La Regina","@id":"https:\/\/www.suno.com.br\/noticias\/#\/schema\/person\/e672ca8cea627fe715fa29bca7da95e0"},"headline":"Governo de S\u00e3o Paulo prepara leil\u00e3o de 22 aeroportos regionais em 15 de julho, diz Doria","datePublished":"2021-05-10T19:30:31+00:00","dateModified":"2021-05-10T19:30:58+00:00","mainEntityOfPage":{"@id":"https:\/\/www.suno.com.br\/noticias\/governo-sp-prepara-leilao-22-aeroportos-doria\/"},"wordCount":485,"publisher":{"@id":"https:\/\/www.suno.com.br\/noticias\/#organization"},"image":{"@id":"https:\/\/www.suno.com.br\/noticias\/governo-sp-prepara-leilao-22-aeroportos-doria\/#primaryimage"},"thumbnailUrl":"https:\/\/files.sunoresearch.com.br\/n\/uploads\/2021\/05\/247815fc-edit_vac_abr_ebc_221020196107-jpg.webp","keywords":["Jo\u00e3o Doria","S\u00e3o Paulo"],"articleSection":["Neg\u00f3cios"],"inLanguage":"pt-BR"},{"@type":"WebPage","@id":"https:\/\/www.suno.com.br\/noticias\/governo-sp-prepara-leilao-22-aeroportos-doria\/","url":"https:\/\/www.suno.com.br\/noticias\/governo-sp-prepara-leilao-22-aeroportos-doria\/","name":"Governo de SP prepara leil\u00e3o de 22 aeroportos regionais em 15 de julho, diz Doria","isPartOf":{"@id":"https:\/\/www.suno.com.br\/noticias\/#website"},"primaryImageOfPage":{"@id":"https:\/\/www.suno.com.br\/noticias\/governo-sp-prepara-leilao-22-aeroportos-doria\/#primaryimage"},"image":{"@id":"https:\/\/www.suno.com.br\/noticias\/governo-sp-prepara-leilao-22-aeroportos-doria\/#primaryimage"},"thumbnailUrl":"https:\/\/files.sunoresearch.com.br\/n\/uploads\/2021\/05\/247815fc-edit_vac_abr_ebc_221020196107-jpg.webp","datePublished":"2021-05-10T19:30:31+00:00","dateModified":"2021-05-10T19:30:58+00:00","description":"Segundo Doria, a concess\u00e3o dos aeroportos tem um prazo de 30 anos. Al\u00e9m disso, o\u00a0leil\u00e3o ser\u00e1 realizado na B3. Clique aqui para saber mais.","breadcrumb":{"@id":"https:\/\/www.suno.com.br\/noticias\/governo-sp-prepara-leilao-22-aeroportos-doria\/#breadcrumb"},"inLanguage":"pt-BR","potentialAction":[{"@type":"ReadAction","target":["https:\/\/www.suno.com.br\/noticias\/governo-sp-prepara-leilao-22-aeroportos-doria\/"]}]},{"@type":"ImageObject","inLanguage":"pt-BR","@id":"https:\/\/www.suno.com.br\/noticias\/governo-sp-prepara-leilao-22-aeroportos-doria\/#primaryimage","url":"https:\/\/files.sunoresearch.com.br\/n\/uploads\/2021\/05\/247815fc-edit_vac_abr_ebc_221020196107-jpg.webp","contentUrl":"https:\/\/files.sunoresearch.com.br\/n\/uploads\/2021\/05\/247815fc-edit_vac_abr_ebc_221020196107-jpg.webp","width":1024,"height":768,"caption":"Doria fez cr\u00edticas ao atual presidente e se rotulou como 'liberal-social' em um poss\u00edvel governo - Foto: Valter Campanato\/Ag\u00eancia Brasil Local: DF"},{"@type":"BreadcrumbList","@id":"https:\/\/www.suno.com.br\/noticias\/governo-sp-prepara-leilao-22-aeroportos-doria\/#breadcrumb","itemListElement":[{"@type":"ListItem","position":1,"name":"Not\u00edcias","item":"https:\/\/www.suno.com.br\/noticias\/"},{"@type":"ListItem","position":2,"name":"Neg\u00f3cios","item":"https:\/\/www.suno.com.br\/noticias\/negocios\/"},{"@type":"ListItem","position":3,"name":"Governo de S\u00e3o Paulo prepara leil\u00e3o de 22 aeroportos regionais em 15 de julho, diz Doria"}]},{"@type":"WebSite","@id":"https:\/\/www.suno.com.br\/noticias\/#website","url":"https:\/\/www.suno.com.br\/noticias\/","name":"Suno Not\u00edcias","description":"Seu portal de informa\u00e7\u00e3o sobre o mundo dos investimentos","publisher":{"@id":"https:\/\/www.suno.com.br\/noticias\/#organization"},"potentialAction":[{"@type":"SearchAction","target":{"@type":"EntryPoint","urlTemplate":"https:\/\/www.suno.com.br\/noticias\/?s={search_term_string}"},"query-input":{"@type":"PropertyValueSpecification","valueRequired":true,"valueName":"search_term_string"}}],"inLanguage":"pt-BR"},{"@type":"Organization","@id":"https:\/\/www.suno.com.br\/noticias\/#organization","name":"Suno Not\u00edcias","url":"https:\/\/www.suno.com.br\/noticias\/","logo":{"@type":"ImageObject","inLanguage":"pt-BR","@id":"https:\/\/www.suno.com.br\/noticias\/#\/schema\/logo\/image\/","url":"https:\/\/files.sunoresearch.com.br\/n\/uploads\/2021\/09\/suno-logo.png","contentUrl":"https:\/\/files.sunoresearch.com.br\/n\/uploads\/2021\/09\/suno-logo.png","width":180,"height":180,"caption":"Suno Not\u00edcias"},"image":{"@id":"https:\/\/www.suno.com.br\/noticias\/#\/schema\/logo\/image\/"},"sameAs":["https:\/\/facebook.com\/sunoresearch","https:\/\/x.com\/sunoresearch","https:\/\/www.instagram.com\/suno","https:\/\/www.linkedin.com\/company\/suno-research\/","https:\/\/www.youtube.com\/c\/sunoresearch"]},{"@type":"Person","@id":"https:\/\/www.suno.com.br\/noticias\/#\/schema\/person\/e672ca8cea627fe715fa29bca7da95e0","name":"Rafaela La Regina","image":{"@type":"ImageObject","inLanguage":"pt-BR","@id":"https:\/\/www.suno.com.br\/noticias\/#\/schema\/person\/image\/","url":"https:\/\/secure.gravatar.com\/avatar\/d2c75a52d243deb93d0465fdcb21bd37?s=96&r=g","contentUrl":"https:\/\/secure.gravatar.com\/avatar\/d2c75a52d243deb93d0465fdcb21bd37?s=96&r=g","caption":"Rafaela La Regina"},"description":"Estagi\u00e1ria no Suno Not\u00edcias. Escreve sobre economia, pol\u00edtica e neg\u00f3cios. Estuda Rela\u00e7\u00f5es Internacionais no IBMEC-SP.","url":"https:\/\/www.suno.com.br\/noticias\/author\/rafaela-la-regina\/"}]}},"default_loop_html":"<div class=\"cardsPage__listCard__boxs\"><div class=\"cardsPage__listCard__boxs__img\"><a href=\"https:\/\/www.suno.com.br\/noticias\/governo-sp-prepara-leilao-22-aeroportos-doria\/\"><img class=\"mask\" src=\"https:\/\/www.suno.com.br\/noticias\/wp-content\/themes\/suno\/resources\/images\/spotlight\/spotlight1img\/bg-mask.png\" alt=\"Image Mask\"\/><img src=\"https:\/\/files.sunoresearch.com.br\/n\/uploads\/2021\/05\/247815fc-edit_vac_abr_ebc_221020196107-400x200.webp\" alt=\"Governo de S\u00e3o Paulo prepara leil\u00e3o de 22 aeroportos regionais em 15 de julho, diz Doria\"\/><\/a><span class=\"spotlightCategory\"><a href=\"https:\/\/www.suno.com.br\/noticias\/negocios\/\">Neg\u00f3cios<\/a><\/span><\/div><div class=\"cardsPage__listCard__boxs__content\"><a href=\"https:\/\/www.suno.com.br\/noticias\/governo-sp-prepara-leilao-22-aeroportos-doria\/\"><h2 class=\"content__title\">Governo de S\u00e3o Paulo prepara leil\u00e3o de 22 aeroportos regionais em 15 de julho, diz Doria<\/h2><\/a><div class=\"newsContent__article__meta\"><div class=\"newsContent__article__meta__authorBox\"><a href=\"https:\/\/www.suno.com.br\/noticias\/author\/rafaela-la-regina\/\" class=\"authorBox__avatar noMobi\"><img src=\"https:\/\/secure.gravatar.com\/avatar\/d2c75a52d243deb93d0465fdcb21bd37?s=96&#038;r=g\" alt=\"Rafaela La Regina\"><\/a><div class=\"authorBox__name\"><span>por\n\t\t\t<a href=\"https:\/\/www.suno.com.br\/noticias\/author\/rafaela-la-regina\/\"><span itemprop=\"author\">Rafaela La Regina<\/span><\/a><\/span><time datetime=\"2021-05-10T16:30:31-03:00\" itemprop=\"datePublished\">10\/05\/2021 16:30<\/time><\/div><\/div><\/div><\/div><\/div>","single_layout":"posts","amp_enabled":true,"_links":{"self":[{"href":"https:\/\/www.suno.com.br\/noticias\/wp-json\/wp\/v2\/posts\/146465"}],"collection":[{"href":"https:\/\/www.suno.com.br\/noticias\/wp-json\/wp\/v2\/posts"}],"about":[{"href":"https:\/\/www.suno.com.br\/noticias\/wp-json\/wp\/v2\/types\/post"}],"author":[{"embeddable":true,"href":"https:\/\/www.suno.com.br\/noticias\/wp-json\/wp\/v2\/users\/56"}],"replies":[{"embeddable":true,"href":"https:\/\/www.suno.com.br\/noticias\/wp-json\/wp\/v2\/comments?post=146465"}],"version-history":[{"count":1,"href":"https:\/\/www.suno.com.br\/noticias\/wp-json\/wp\/v2\/posts\/146465\/revisions"}],"predecessor-version":[{"id":146504,"href":"https:\/\/www.suno.com.br\/noticias\/wp-json\/wp\/v2\/posts\/146465\/revisions\/146504"}],"wp:featuredmedia":[{"embeddable":true,"href":"https:\/\/www.suno.com.br\/noticias\/wp-json\/wp\/v2\/media\/146502"}],"wp:attachment":[{"href":"https:\/\/www.suno.com.br\/noticias\/wp-json\/wp\/v2\/media?parent=146465"}],"wp:term":[{"taxonomy":"category","embeddable":true,"href":"https:\/\/www.suno.com.br\/noticias\/wp-json\/wp\/v2\/categories?post=146465"},{"taxonomy":"post_tag","embeddable":true,"href":"https:\/\/www.suno.com.br\/noticias\/wp-json\/wp\/v2\/tags?post=146465"},{"taxonomy":"suno_strategy","embeddable":true,"href":"https:\/\/www.suno.com.br\/noticias\/wp-json\/wp\/v2\/suno_strategy?post=146465"}],"curies":[{"name":"wp","href":"https:\/\/api.w.org\/{rel}","templated":true}]}}