{"id":146460,"date":"2021-05-10T15:04:59","date_gmt":"2021-05-10T18:04:59","guid":{"rendered":"https:\/\/www.suno.com.br\/noticias\/?p=146460"},"modified":"2021-05-10T15:35:38","modified_gmt":"2021-05-10T18:35:38","slug":"nubank-lanca-campanhas-de-doacao-nesta-segunda-feira-contra-fome-e-covid-19","status":"publish","type":"post","link":"https:\/\/www.suno.com.br\/noticias\/nubank-lanca-campanhas-de-doacao-nesta-segunda-feira-contra-fome-e-covid-19\/","title":{"rendered":"Nubank lan\u00e7a campanhas de doa\u00e7\u00e3o nesta segunda contra fome e covid-19"},"content":{"rendered":"<p>O <strong>Nubank<\/strong> lan\u00e7a nesta segunda-feira (10) uma campanha em que doar\u00e1 at\u00e9 R$ 5 milh\u00f5es para financiar pesquisas relativas \u00e0 covid-19 e tamb\u00e9m o combate \u00e0 fome. O banco digital doar\u00e1 at\u00e9 R$ 3 milh\u00f5es, parte deles igualando at\u00e9 R$ 2 milh\u00f5es em doa\u00e7\u00f5es que arrecadar\u00e1 junto a seus mais de 38 milh\u00f5es de clientes, conforme informado pela pr\u00f3pria institui\u00e7\u00e3o.<\/p>\t<div class=\"wrapper-featured-image\">\n\t\t<figure class=\"spotlightImg\">\n\n\t\t\t<picture>\n\t\t\t\t<source media=\"(max-width: 768px)\" srcset=\"https:\/\/files.sunoresearch.com.br\/n\/uploads\/2021\/04\/b6d0dd12-148928979_3872623782776252_9130572293059553869_n-400x200.webp\">\n\t\t\t\t<img loading=\"lazy\" decoding=\"async\" class=\"newsContent__article__imgCapa lazyloadDisabled \" src=\"https:\/\/files.sunoresearch.com.br\/n\/uploads\/2021\/04\/b6d0dd12-148928979_3872623782776252_9130572293059553869_n-800x450.webp\" width=\"800\" height=\"450\" alt=\"Nubank lan\u00e7a campanhas de doa\u00e7\u00e3o nesta segunda contra fome e covid-19\" fetchpriority=high \/>\n\t\t\t<\/picture>\n\n\t\t\t<figcaption class=\"wp-caption-text wp-caption-text--show\">Nubank. Foto: Reprodu\u00e7\u00e3o Facebook<\/figcaption>\n\t\t<\/figure>\n\t<\/div>\n\n\n<p><span style=\"font-weight: 400;\">\t<p>\n\t\t<a href=\"https:\/\/lp.suno.com.br\/planilha-controle-gastos\/\" target=\"_blank\" data-element=\"shortcode-suno-banner\" title=\"Banner SUNO, clique e saiba mais\">\n\t\t\t<picture>\n\t\t\t\t<source media=\"(max-width: 500px)\" srcset=\"https:\/\/files.sunoresearch.com.br\/n\/uploads\/2023\/03\/400x300-Planilha-controle-de-gastos.png\">\n\t\t\t\t<img class=\"newsContent__article__imgCapa newsContent__article__imgCapa--banner\"\n\t\t\t\t\tsrc=\"https:\/\/files.sunoresearch.com.br\/n\/uploads\/2023\/03\/1420x240-Planilha-controle-de-gastos.png\"\n\t\t\t\t\tdata-promo-id=\"101751\"\t\t\t\t\t\t\t\t\t\twidth='1420' height='240'\t\t\t\t\talt=\"https:\/\/files.sunoresearch.com.br\/n\/uploads\/2023\/03\/1420x240-Planilha-controle-de-gastos.png\"\n\t\t\t\t>\n\t\t\t<\/picture>\n\t\t<\/a>\n\t<\/p>\n\n <\/span><\/p>\n<p>De entrada, <strong>o Nubank doar\u00e1 R$ 1 milh\u00e3o a tr\u00eas entidades<\/strong>, A\u00e7\u00e3o Cidadania, Central \u00danica de Favelas (Cufa) e Cruz Vermelha, al\u00e9m do Hospital das Cl\u00ednicas (HC). Os recursos ser\u00e3o repartidos igualmente pelos quatro e, no HC, financiar\u00e3o pesquisa m\u00e9dica sobre o comportamento do v\u00edrus SarsCov2, causador da covid-19, no corpo humano.<\/p>\n<p>A partir desta segunda-feira, por meio de um bot\u00e3o na tela inicial do aplicativo do banco, os clientes poder\u00e3o aderir \u00e0 campanha. A cada real doado por um cliente, o Nubank doa mais um, at\u00e9 que todas as doa\u00e7\u00f5es somem os R$ 5 milh\u00f5es.<\/p>\n<p><a href=\"https:\/\/lp.suno.com.br\/suno-one\/?ppp=noticias\/hospital-care-pedido-ipo-cvm\/\"><b>Suno One: acesse gratuitamente eBooks, Minicursos, Artigos e V\u00eddeo Aulas sobre investimentos com um \u00fanico cadastro. Clique para saber mais!<\/b><\/a><\/p>\n<p>Os clientes tamb\u00e9m ter\u00e3o \u00e0 disposi\u00e7\u00e3o na plataforma do banco conte\u00fado elucidando d\u00favidas comuns neste momento da pandemia, preparado por especialistas do Hospital S\u00edrio-L\u00edban\u00eas.<\/p>\n<p>No ano passado, o banco digital canalizou mais de R$ 20 milh\u00f5es em apoio aos brasileiros em meio \u00e0 pandemia, mas frisa que &#8220;esse \u00e9 um momento delicado e que os esfor\u00e7os n\u00e3o podem parar&#8221;.<\/p>\n<p>&#8220;O momento \u00e9 de solidariedade, cuidado e empatia para ajudar a diminuir as dificuldades pelas quais muitas fam\u00edlias est\u00e3o passando&#8221;, afirma David V\u00e9lez, CEO e fundador do Nubank.<\/p>\n<p><span style=\"font-weight: 400;\">\t<p>\n\t\t<a href=\"https:\/\/lp.suno.com.br\/planilha-de-controle-de-investimentos\/\" target=\"_blank\" data-element=\"shortcode-suno-banner\" title=\"Banner SUNO, clique e saiba mais\">\n\t\t\t<picture>\n\t\t\t\t<source media=\"(max-width: 500px)\" srcset=\"https:\/\/files.sunoresearch.com.br\/n\/uploads\/2023\/03\/400x300-Controle-de-Investimentos.png\">\n\t\t\t\t<img class=\"newsContent__article__imgCapa newsContent__article__imgCapa--banner\"\n\t\t\t\t\tsrc=\"https:\/\/files.sunoresearch.com.br\/n\/uploads\/2023\/03\/1420x240-Controle-de-Investimentos.png\"\n\t\t\t\t\tdata-promo-id=\"75934\"\t\t\t\t\t\t\t\t\t\twidth='1420' height='240'\t\t\t\t\talt=\"https:\/\/files.sunoresearch.com.br\/n\/uploads\/2023\/03\/1420x240-Controle-de-Investimentos.png\"\n\t\t\t\t>\n\t\t\t<\/picture>\n\t\t<\/a>\n\t<\/p>\n\n \u00a0 <\/span><\/p>\n<h2>Nubank lan\u00e7ou recentemente cursos para jovens negros de periferia<\/h2>\n<p>No final de abril, o banco digital j\u00e1 havia anunciado outra iniciativa social &#8211; ent\u00e3o, o Nubank anunciou que investiria na forma\u00e7\u00e3o em tecnologia e em experi\u00eancia do cliente de 400 pessoas jovens e negras em situa\u00e7\u00e3o de vulnerabilidade na Grande S\u00e3o Paulo.<\/p>\n<p>O <strong>Nubank<\/strong> informou que com o objetivo de potencializar o impacto do projeto para a comunidade afro-brasileira, todos os instrutores do projeto e os gestores diretamente envolvidos s\u00e3o pessoas autodeclaradas negras, selecionadas em parceria com a<strong>\u00a0ONG EducAfro<\/strong>.<\/p>\n<p><em>(Com Estad\u00e3o Conte\u00fado)<\/em><\/p>\n<p><span style=\"font-weight: 400;\">\t<p>\n\t\t<a href=\"https:\/\/lp.suno.com.br\/planilha-da-vida-financeira\/\" target=\"_blank\" data-element=\"shortcode-suno-banner\" title=\"Banner SUNO, clique e saiba mais\">\n\t\t\t<picture>\n\t\t\t\t<source media=\"(max-width: 500px)\" srcset=\"https:\/\/files.sunoresearch.com.br\/n\/uploads\/2023\/04\/400x300-Planilha-vida-financeira-true.png\">\n\t\t\t\t<img class=\"newsContent__article__imgCapa newsContent__article__imgCapa--banner\"\n\t\t\t\t\tsrc=\"https:\/\/files.sunoresearch.com.br\/n\/uploads\/2023\/04\/1420x240-Planilha-vida-financeira-true.png\"\n\t\t\t\t\tdata-promo-id=\"106682\"\t\t\t\t\t\t\t\t\t\twidth='1420' height='240'\t\t\t\t\talt=\"https:\/\/files.sunoresearch.com.br\/n\/uploads\/2023\/04\/1420x240-Planilha-vida-financeira-true.png\"\n\t\t\t\t>\n\t\t\t<\/picture>\n\t\t<\/a>\n\t<\/p>\n\n<\/span><\/p>\n","protected":false},"excerpt":{"rendered":"<p>O Nubank lan\u00e7a nesta segunda-feira (10) uma campanha em que doar\u00e1 at\u00e9 R$ 5 milh\u00f5es para financiar pesquisas relativas \u00e0 covid-19 e tamb\u00e9m o combate \u00e0 fome. O banco digital doar\u00e1 at\u00e9 R$ 3 milh\u00f5es, parte deles igualando at\u00e9 R$ 2 milh\u00f5es em doa\u00e7\u00f5es que arrecadar\u00e1 junto a seus mais de 38 milh\u00f5es de clientes, [&hellip;]<\/p>\n","protected":false},"author":59,"featured_media":140966,"comment_status":"closed","ping_status":"closed","sticky":false,"template":"","format":"standard","meta":[],"categories":[64],"tags":[5255,848],"suno_strategy":[],"class_list":["post-146460","post","type-post","status-publish","format-standard","has-post-thumbnail","hentry","category-negocios","tag-covid-19","tag-nubank"],"yoast_head":"<!-- This site is optimized with the Yoast SEO plugin v24.4 - https:\/\/yoast.com\/wordpress\/plugins\/seo\/ -->\n<title>Nubank lan\u00e7a campanhas de doa\u00e7\u00e3o focando na fome e covid-19<\/title>\n<meta name=\"description\" content=\"O Nubank lan\u00e7ou nesta segunda-feira uma campanha para incentivar doa\u00e7\u00f5es em pesquisas e contra a fome. Clique aqui para saber mais.\" \/>\n<meta name=\"robots\" content=\"index, follow, max-snippet:-1, max-image-preview:large, max-video-preview:-1\" \/>\n<link rel=\"canonical\" href=\"https:\/\/www.suno.com.br\/noticias\/nubank-lanca-campanhas-de-doacao-nesta-segunda-feira-contra-fome-e-covid-19\/\" \/>\n<meta property=\"og:locale\" content=\"pt_BR\" \/>\n<meta property=\"og:type\" content=\"article\" \/>\n<meta property=\"og:title\" content=\"Nubank lan\u00e7a campanhas de doa\u00e7\u00e3o focando na fome e covid-19\" \/>\n<meta property=\"og:description\" content=\"O Nubank lan\u00e7ou nesta segunda-feira uma campanha para incentivar doa\u00e7\u00f5es em pesquisas e contra a fome. Clique aqui para saber mais.\" \/>\n<meta property=\"og:url\" content=\"https:\/\/www.suno.com.br\/noticias\/nubank-lanca-campanhas-de-doacao-nesta-segunda-feira-contra-fome-e-covid-19\/\" \/>\n<meta property=\"og:site_name\" content=\"Suno Not\u00edcias\" \/>\n<meta property=\"article:publisher\" content=\"https:\/\/facebook.com\/sunoresearch\" \/>\n<meta property=\"og:image\" content=\"https:\/\/files.sunoresearch.com.br\/n\/uploads\/2021\/04\/b6d0dd12-148928979_3872623782776252_9130572293059553869_n.jpg\" \/>\n\t<meta property=\"og:image:width\" content=\"1670\" \/>\n\t<meta property=\"og:image:height\" content=\"1669\" \/>\n\t<meta property=\"og:image:type\" content=\"image\/jpeg\" \/>\n<meta name=\"author\" content=\"Vitor Azevedo\" \/>\n<meta name=\"twitter:card\" content=\"summary_large_image\" \/>\n<meta name=\"twitter:creator\" content=\"@sunoresearch\" \/>\n<meta name=\"twitter:site\" content=\"@sunoresearch\" \/>\n<meta name=\"twitter:label1\" content=\"Escrito por\" \/>\n\t<meta name=\"twitter:data1\" content=\"Vitor Azevedo\" \/>\n\t<meta name=\"twitter:label2\" content=\"Est. tempo de leitura\" \/>\n\t<meta name=\"twitter:data2\" content=\"2 minutos\" \/>\n<script type=\"application\/ld+json\" class=\"yoast-schema-graph\">{\"@context\":\"https:\/\/schema.org\",\"@graph\":[{\"@type\":\"NewsArticle\",\"@id\":\"https:\/\/www.suno.com.br\/noticias\/nubank-lanca-campanhas-de-doacao-nesta-segunda-feira-contra-fome-e-covid-19\/#article\",\"isPartOf\":{\"@id\":\"https:\/\/www.suno.com.br\/noticias\/nubank-lanca-campanhas-de-doacao-nesta-segunda-feira-contra-fome-e-covid-19\/\"},\"author\":{\"name\":\"Vitor Azevedo\",\"@id\":\"https:\/\/www.suno.com.br\/noticias\/#\/schema\/person\/658d5fbc74d81f265f5df3562d0038ab\"},\"headline\":\"Nubank lan\u00e7a campanhas de doa\u00e7\u00e3o nesta segunda contra fome e covid-19\",\"datePublished\":\"2021-05-10T18:04:59+00:00\",\"dateModified\":\"2021-05-10T18:35:38+00:00\",\"mainEntityOfPage\":{\"@id\":\"https:\/\/www.suno.com.br\/noticias\/nubank-lanca-campanhas-de-doacao-nesta-segunda-feira-contra-fome-e-covid-19\/\"},\"wordCount\":408,\"publisher\":{\"@id\":\"https:\/\/www.suno.com.br\/noticias\/#organization\"},\"image\":{\"@id\":\"https:\/\/www.suno.com.br\/noticias\/nubank-lanca-campanhas-de-doacao-nesta-segunda-feira-contra-fome-e-covid-19\/#primaryimage\"},\"thumbnailUrl\":\"https:\/\/files.sunoresearch.com.br\/n\/uploads\/2021\/04\/b6d0dd12-148928979_3872623782776252_9130572293059553869_n-jpg.webp\",\"keywords\":[\"covid-19\",\"Nubank (NUBR33)\"],\"articleSection\":[\"Neg\u00f3cios\"],\"inLanguage\":\"pt-BR\"},{\"@type\":\"WebPage\",\"@id\":\"https:\/\/www.suno.com.br\/noticias\/nubank-lanca-campanhas-de-doacao-nesta-segunda-feira-contra-fome-e-covid-19\/\",\"url\":\"https:\/\/www.suno.com.br\/noticias\/nubank-lanca-campanhas-de-doacao-nesta-segunda-feira-contra-fome-e-covid-19\/\",\"name\":\"Nubank lan\u00e7a campanhas de doa\u00e7\u00e3o focando na fome e covid-19\",\"isPartOf\":{\"@id\":\"https:\/\/www.suno.com.br\/noticias\/#website\"},\"primaryImageOfPage\":{\"@id\":\"https:\/\/www.suno.com.br\/noticias\/nubank-lanca-campanhas-de-doacao-nesta-segunda-feira-contra-fome-e-covid-19\/#primaryimage\"},\"image\":{\"@id\":\"https:\/\/www.suno.com.br\/noticias\/nubank-lanca-campanhas-de-doacao-nesta-segunda-feira-contra-fome-e-covid-19\/#primaryimage\"},\"thumbnailUrl\":\"https:\/\/files.sunoresearch.com.br\/n\/uploads\/2021\/04\/b6d0dd12-148928979_3872623782776252_9130572293059553869_n-jpg.webp\",\"datePublished\":\"2021-05-10T18:04:59+00:00\",\"dateModified\":\"2021-05-10T18:35:38+00:00\",\"description\":\"O Nubank lan\u00e7ou nesta segunda-feira uma campanha para incentivar doa\u00e7\u00f5es em pesquisas e contra a fome. Clique aqui para saber mais.\",\"breadcrumb\":{\"@id\":\"https:\/\/www.suno.com.br\/noticias\/nubank-lanca-campanhas-de-doacao-nesta-segunda-feira-contra-fome-e-covid-19\/#breadcrumb\"},\"inLanguage\":\"pt-BR\",\"potentialAction\":[{\"@type\":\"ReadAction\",\"target\":[\"https:\/\/www.suno.com.br\/noticias\/nubank-lanca-campanhas-de-doacao-nesta-segunda-feira-contra-fome-e-covid-19\/\"]}]},{\"@type\":\"ImageObject\",\"inLanguage\":\"pt-BR\",\"@id\":\"https:\/\/www.suno.com.br\/noticias\/nubank-lanca-campanhas-de-doacao-nesta-segunda-feira-contra-fome-e-covid-19\/#primaryimage\",\"url\":\"https:\/\/files.sunoresearch.com.br\/n\/uploads\/2021\/04\/b6d0dd12-148928979_3872623782776252_9130572293059553869_n-jpg.webp\",\"contentUrl\":\"https:\/\/files.sunoresearch.com.br\/n\/uploads\/2021\/04\/b6d0dd12-148928979_3872623782776252_9130572293059553869_n-jpg.webp\",\"width\":1670,\"height\":1669,\"caption\":\"Nubank. Foto: Reprodu\u00e7\u00e3o Facebook\"},{\"@type\":\"BreadcrumbList\",\"@id\":\"https:\/\/www.suno.com.br\/noticias\/nubank-lanca-campanhas-de-doacao-nesta-segunda-feira-contra-fome-e-covid-19\/#breadcrumb\",\"itemListElement\":[{\"@type\":\"ListItem\",\"position\":1,\"name\":\"Not\u00edcias\",\"item\":\"https:\/\/www.suno.com.br\/noticias\/\"},{\"@type\":\"ListItem\",\"position\":2,\"name\":\"Neg\u00f3cios\",\"item\":\"https:\/\/www.suno.com.br\/noticias\/negocios\/\"},{\"@type\":\"ListItem\",\"position\":3,\"name\":\"Nubank lan\u00e7a campanhas de doa\u00e7\u00e3o nesta segunda contra fome e covid-19\"}]},{\"@type\":\"WebSite\",\"@id\":\"https:\/\/www.suno.com.br\/noticias\/#website\",\"url\":\"https:\/\/www.suno.com.br\/noticias\/\",\"name\":\"Suno Not\u00edcias\",\"description\":\"Seu portal de informa\u00e7\u00e3o sobre o mundo dos investimentos\",\"publisher\":{\"@id\":\"https:\/\/www.suno.com.br\/noticias\/#organization\"},\"potentialAction\":[{\"@type\":\"SearchAction\",\"target\":{\"@type\":\"EntryPoint\",\"urlTemplate\":\"https:\/\/www.suno.com.br\/noticias\/?s={search_term_string}\"},\"query-input\":{\"@type\":\"PropertyValueSpecification\",\"valueRequired\":true,\"valueName\":\"search_term_string\"}}],\"inLanguage\":\"pt-BR\"},{\"@type\":\"Organization\",\"@id\":\"https:\/\/www.suno.com.br\/noticias\/#organization\",\"name\":\"Suno Not\u00edcias\",\"url\":\"https:\/\/www.suno.com.br\/noticias\/\",\"logo\":{\"@type\":\"ImageObject\",\"inLanguage\":\"pt-BR\",\"@id\":\"https:\/\/www.suno.com.br\/noticias\/#\/schema\/logo\/image\/\",\"url\":\"https:\/\/files.sunoresearch.com.br\/n\/uploads\/2021\/09\/suno-logo.png\",\"contentUrl\":\"https:\/\/files.sunoresearch.com.br\/n\/uploads\/2021\/09\/suno-logo.png\",\"width\":180,\"height\":180,\"caption\":\"Suno Not\u00edcias\"},\"image\":{\"@id\":\"https:\/\/www.suno.com.br\/noticias\/#\/schema\/logo\/image\/\"},\"sameAs\":[\"https:\/\/facebook.com\/sunoresearch\",\"https:\/\/x.com\/sunoresearch\",\"https:\/\/www.instagram.com\/suno\",\"https:\/\/www.linkedin.com\/company\/suno-research\/\",\"https:\/\/www.youtube.com\/c\/sunoresearch\"]},{\"@type\":\"Person\",\"@id\":\"https:\/\/www.suno.com.br\/noticias\/#\/schema\/person\/658d5fbc74d81f265f5df3562d0038ab\",\"name\":\"Vitor Azevedo\",\"image\":{\"@type\":\"ImageObject\",\"inLanguage\":\"pt-BR\",\"@id\":\"https:\/\/www.suno.com.br\/noticias\/#\/schema\/person\/image\/\",\"url\":\"https:\/\/secure.gravatar.com\/avatar\/62b86195291b446fe380824eb28b99a5?s=96&r=g\",\"contentUrl\":\"https:\/\/secure.gravatar.com\/avatar\/62b86195291b446fe380824eb28b99a5?s=96&r=g\",\"caption\":\"Vitor Azevedo\"},\"description\":\"Formado em jornalismo pela Unesp, escreve sobre economia e neg\u00f3cios para a Suno Not\u00edcias.\",\"url\":\"https:\/\/www.suno.com.br\/noticias\/author\/vitor-azevedo\/\"}]}<\/script>\n<!-- \/ Yoast SEO plugin. -->","yoast_head_json":{"title":"Nubank lan\u00e7a campanhas de doa\u00e7\u00e3o focando na fome e covid-19","description":"O Nubank lan\u00e7ou nesta segunda-feira uma campanha para incentivar doa\u00e7\u00f5es em pesquisas e contra a fome. Clique aqui para saber mais.","robots":{"index":"index","follow":"follow","max-snippet":"max-snippet:-1","max-image-preview":"max-image-preview:large","max-video-preview":"max-video-preview:-1"},"canonical":"https:\/\/www.suno.com.br\/noticias\/nubank-lanca-campanhas-de-doacao-nesta-segunda-feira-contra-fome-e-covid-19\/","og_locale":"pt_BR","og_type":"article","og_title":"Nubank lan\u00e7a campanhas de doa\u00e7\u00e3o focando na fome e covid-19","og_description":"O Nubank lan\u00e7ou nesta segunda-feira uma campanha para incentivar doa\u00e7\u00f5es em pesquisas e contra a fome. Clique aqui para saber mais.","og_url":"https:\/\/www.suno.com.br\/noticias\/nubank-lanca-campanhas-de-doacao-nesta-segunda-feira-contra-fome-e-covid-19\/","og_site_name":"Suno Not\u00edcias","article_publisher":"https:\/\/facebook.com\/sunoresearch","og_image":[{"width":1670,"height":1669,"url":"https:\/\/files.sunoresearch.com.br\/n\/uploads\/2021\/04\/b6d0dd12-148928979_3872623782776252_9130572293059553869_n.jpg","type":"image\/jpeg"}],"author":"Vitor Azevedo","twitter_card":"summary_large_image","twitter_creator":"@sunoresearch","twitter_site":"@sunoresearch","twitter_misc":{"Escrito por":"Vitor Azevedo","Est. tempo de leitura":"2 minutos"},"schema":{"@context":"https:\/\/schema.org","@graph":[{"@type":"NewsArticle","@id":"https:\/\/www.suno.com.br\/noticias\/nubank-lanca-campanhas-de-doacao-nesta-segunda-feira-contra-fome-e-covid-19\/#article","isPartOf":{"@id":"https:\/\/www.suno.com.br\/noticias\/nubank-lanca-campanhas-de-doacao-nesta-segunda-feira-contra-fome-e-covid-19\/"},"author":{"name":"Vitor Azevedo","@id":"https:\/\/www.suno.com.br\/noticias\/#\/schema\/person\/658d5fbc74d81f265f5df3562d0038ab"},"headline":"Nubank lan\u00e7a campanhas de doa\u00e7\u00e3o nesta segunda contra fome e covid-19","datePublished":"2021-05-10T18:04:59+00:00","dateModified":"2021-05-10T18:35:38+00:00","mainEntityOfPage":{"@id":"https:\/\/www.suno.com.br\/noticias\/nubank-lanca-campanhas-de-doacao-nesta-segunda-feira-contra-fome-e-covid-19\/"},"wordCount":408,"publisher":{"@id":"https:\/\/www.suno.com.br\/noticias\/#organization"},"image":{"@id":"https:\/\/www.suno.com.br\/noticias\/nubank-lanca-campanhas-de-doacao-nesta-segunda-feira-contra-fome-e-covid-19\/#primaryimage"},"thumbnailUrl":"https:\/\/files.sunoresearch.com.br\/n\/uploads\/2021\/04\/b6d0dd12-148928979_3872623782776252_9130572293059553869_n-jpg.webp","keywords":["covid-19","Nubank (NUBR33)"],"articleSection":["Neg\u00f3cios"],"inLanguage":"pt-BR"},{"@type":"WebPage","@id":"https:\/\/www.suno.com.br\/noticias\/nubank-lanca-campanhas-de-doacao-nesta-segunda-feira-contra-fome-e-covid-19\/","url":"https:\/\/www.suno.com.br\/noticias\/nubank-lanca-campanhas-de-doacao-nesta-segunda-feira-contra-fome-e-covid-19\/","name":"Nubank lan\u00e7a campanhas de doa\u00e7\u00e3o focando na fome e covid-19","isPartOf":{"@id":"https:\/\/www.suno.com.br\/noticias\/#website"},"primaryImageOfPage":{"@id":"https:\/\/www.suno.com.br\/noticias\/nubank-lanca-campanhas-de-doacao-nesta-segunda-feira-contra-fome-e-covid-19\/#primaryimage"},"image":{"@id":"https:\/\/www.suno.com.br\/noticias\/nubank-lanca-campanhas-de-doacao-nesta-segunda-feira-contra-fome-e-covid-19\/#primaryimage"},"thumbnailUrl":"https:\/\/files.sunoresearch.com.br\/n\/uploads\/2021\/04\/b6d0dd12-148928979_3872623782776252_9130572293059553869_n-jpg.webp","datePublished":"2021-05-10T18:04:59+00:00","dateModified":"2021-05-10T18:35:38+00:00","description":"O Nubank lan\u00e7ou nesta segunda-feira uma campanha para incentivar doa\u00e7\u00f5es em pesquisas e contra a fome. Clique aqui para saber mais.","breadcrumb":{"@id":"https:\/\/www.suno.com.br\/noticias\/nubank-lanca-campanhas-de-doacao-nesta-segunda-feira-contra-fome-e-covid-19\/#breadcrumb"},"inLanguage":"pt-BR","potentialAction":[{"@type":"ReadAction","target":["https:\/\/www.suno.com.br\/noticias\/nubank-lanca-campanhas-de-doacao-nesta-segunda-feira-contra-fome-e-covid-19\/"]}]},{"@type":"ImageObject","inLanguage":"pt-BR","@id":"https:\/\/www.suno.com.br\/noticias\/nubank-lanca-campanhas-de-doacao-nesta-segunda-feira-contra-fome-e-covid-19\/#primaryimage","url":"https:\/\/files.sunoresearch.com.br\/n\/uploads\/2021\/04\/b6d0dd12-148928979_3872623782776252_9130572293059553869_n-jpg.webp","contentUrl":"https:\/\/files.sunoresearch.com.br\/n\/uploads\/2021\/04\/b6d0dd12-148928979_3872623782776252_9130572293059553869_n-jpg.webp","width":1670,"height":1669,"caption":"Nubank. Foto: Reprodu\u00e7\u00e3o Facebook"},{"@type":"BreadcrumbList","@id":"https:\/\/www.suno.com.br\/noticias\/nubank-lanca-campanhas-de-doacao-nesta-segunda-feira-contra-fome-e-covid-19\/#breadcrumb","itemListElement":[{"@type":"ListItem","position":1,"name":"Not\u00edcias","item":"https:\/\/www.suno.com.br\/noticias\/"},{"@type":"ListItem","position":2,"name":"Neg\u00f3cios","item":"https:\/\/www.suno.com.br\/noticias\/negocios\/"},{"@type":"ListItem","position":3,"name":"Nubank lan\u00e7a campanhas de doa\u00e7\u00e3o nesta segunda contra fome e covid-19"}]},{"@type":"WebSite","@id":"https:\/\/www.suno.com.br\/noticias\/#website","url":"https:\/\/www.suno.com.br\/noticias\/","name":"Suno Not\u00edcias","description":"Seu portal de informa\u00e7\u00e3o sobre o mundo dos investimentos","publisher":{"@id":"https:\/\/www.suno.com.br\/noticias\/#organization"},"potentialAction":[{"@type":"SearchAction","target":{"@type":"EntryPoint","urlTemplate":"https:\/\/www.suno.com.br\/noticias\/?s={search_term_string}"},"query-input":{"@type":"PropertyValueSpecification","valueRequired":true,"valueName":"search_term_string"}}],"inLanguage":"pt-BR"},{"@type":"Organization","@id":"https:\/\/www.suno.com.br\/noticias\/#organization","name":"Suno Not\u00edcias","url":"https:\/\/www.suno.com.br\/noticias\/","logo":{"@type":"ImageObject","inLanguage":"pt-BR","@id":"https:\/\/www.suno.com.br\/noticias\/#\/schema\/logo\/image\/","url":"https:\/\/files.sunoresearch.com.br\/n\/uploads\/2021\/09\/suno-logo.png","contentUrl":"https:\/\/files.sunoresearch.com.br\/n\/uploads\/2021\/09\/suno-logo.png","width":180,"height":180,"caption":"Suno Not\u00edcias"},"image":{"@id":"https:\/\/www.suno.com.br\/noticias\/#\/schema\/logo\/image\/"},"sameAs":["https:\/\/facebook.com\/sunoresearch","https:\/\/x.com\/sunoresearch","https:\/\/www.instagram.com\/suno","https:\/\/www.linkedin.com\/company\/suno-research\/","https:\/\/www.youtube.com\/c\/sunoresearch"]},{"@type":"Person","@id":"https:\/\/www.suno.com.br\/noticias\/#\/schema\/person\/658d5fbc74d81f265f5df3562d0038ab","name":"Vitor Azevedo","image":{"@type":"ImageObject","inLanguage":"pt-BR","@id":"https:\/\/www.suno.com.br\/noticias\/#\/schema\/person\/image\/","url":"https:\/\/secure.gravatar.com\/avatar\/62b86195291b446fe380824eb28b99a5?s=96&r=g","contentUrl":"https:\/\/secure.gravatar.com\/avatar\/62b86195291b446fe380824eb28b99a5?s=96&r=g","caption":"Vitor Azevedo"},"description":"Formado em jornalismo pela Unesp, escreve sobre economia e neg\u00f3cios para a Suno Not\u00edcias.","url":"https:\/\/www.suno.com.br\/noticias\/author\/vitor-azevedo\/"}]}},"default_loop_html":"<div class=\"cardsPage__listCard__boxs\"><div class=\"cardsPage__listCard__boxs__img\"><a href=\"https:\/\/www.suno.com.br\/noticias\/nubank-lanca-campanhas-de-doacao-nesta-segunda-feira-contra-fome-e-covid-19\/\"><img class=\"mask\" src=\"https:\/\/www.suno.com.br\/noticias\/wp-content\/themes\/suno\/resources\/images\/spotlight\/spotlight1img\/bg-mask.png\" alt=\"Image Mask\"\/><img src=\"https:\/\/files.sunoresearch.com.br\/n\/uploads\/2021\/04\/b6d0dd12-148928979_3872623782776252_9130572293059553869_n-400x200.webp\" alt=\"Nubank lan\u00e7a campanhas de doa\u00e7\u00e3o nesta segunda contra fome e covid-19\"\/><\/a><span class=\"spotlightCategory\"><a href=\"https:\/\/www.suno.com.br\/noticias\/negocios\/\">Neg\u00f3cios<\/a><\/span><\/div><div class=\"cardsPage__listCard__boxs__content\"><a href=\"https:\/\/www.suno.com.br\/noticias\/nubank-lanca-campanhas-de-doacao-nesta-segunda-feira-contra-fome-e-covid-19\/\"><h2 class=\"content__title\">Nubank lan\u00e7a campanhas de doa\u00e7\u00e3o nesta segunda contra fome e covid-19<\/h2><\/a><div class=\"newsContent__article__meta\"><div class=\"newsContent__article__meta__authorBox\"><a href=\"https:\/\/www.suno.com.br\/noticias\/author\/vitor-azevedo\/\" class=\"authorBox__avatar noMobi\"><img src=\"https:\/\/secure.gravatar.com\/avatar\/62b86195291b446fe380824eb28b99a5?s=96&#038;r=g\" alt=\"Vitor Azevedo\"><\/a><div class=\"authorBox__name\"><span>por\n\t\t\t<a href=\"https:\/\/www.suno.com.br\/noticias\/author\/vitor-azevedo\/\"><span itemprop=\"author\">Vitor Azevedo<\/span><\/a><\/span><time datetime=\"2021-05-10T15:04:59-03:00\" itemprop=\"datePublished\">10\/05\/2021 15:04<\/time><\/div><\/div><\/div><\/div><\/div>","single_layout":"posts","amp_enabled":true,"_links":{"self":[{"href":"https:\/\/www.suno.com.br\/noticias\/wp-json\/wp\/v2\/posts\/146460"}],"collection":[{"href":"https:\/\/www.suno.com.br\/noticias\/wp-json\/wp\/v2\/posts"}],"about":[{"href":"https:\/\/www.suno.com.br\/noticias\/wp-json\/wp\/v2\/types\/post"}],"author":[{"embeddable":true,"href":"https:\/\/www.suno.com.br\/noticias\/wp-json\/wp\/v2\/users\/59"}],"replies":[{"embeddable":true,"href":"https:\/\/www.suno.com.br\/noticias\/wp-json\/wp\/v2\/comments?post=146460"}],"version-history":[{"count":3,"href":"https:\/\/www.suno.com.br\/noticias\/wp-json\/wp\/v2\/posts\/146460\/revisions"}],"predecessor-version":[{"id":146483,"href":"https:\/\/www.suno.com.br\/noticias\/wp-json\/wp\/v2\/posts\/146460\/revisions\/146483"}],"wp:featuredmedia":[{"embeddable":true,"href":"https:\/\/www.suno.com.br\/noticias\/wp-json\/wp\/v2\/media\/140966"}],"wp:attachment":[{"href":"https:\/\/www.suno.com.br\/noticias\/wp-json\/wp\/v2\/media?parent=146460"}],"wp:term":[{"taxonomy":"category","embeddable":true,"href":"https:\/\/www.suno.com.br\/noticias\/wp-json\/wp\/v2\/categories?post=146460"},{"taxonomy":"post_tag","embeddable":true,"href":"https:\/\/www.suno.com.br\/noticias\/wp-json\/wp\/v2\/tags?post=146460"},{"taxonomy":"suno_strategy","embeddable":true,"href":"https:\/\/www.suno.com.br\/noticias\/wp-json\/wp\/v2\/suno_strategy?post=146460"}],"curies":[{"name":"wp","href":"https:\/\/api.w.org\/{rel}","templated":true}]}}