{"id":14609,"date":"2019-02-07T21:15:05","date_gmt":"2019-02-07T23:15:05","guid":{"rendered":"https:\/\/www.suno.com.br\/noticias\/?p=14609"},"modified":"2019-02-08T00:03:26","modified_gmt":"2019-02-08T02:03:26","slug":"mourao-liderancas-cut-previdencia","status":"publish","type":"post","link":"https:\/\/www.suno.com.br\/noticias\/mourao-liderancas-cut-previdencia\/","title":{"rendered":"Mour\u00e3o se encontra com lideran\u00e7as da CUT para falar sobre Previd\u00eancia"},"content":{"rendered":"<p>O vice-presidente da Rep\u00fablica, Hamilton Mour\u00e3o, se reuniu com representantes da <strong>Central \u00danica dos Trabalhadores (CUT)<\/strong>\u00a0 para discutir a <strong>reforma da Previd\u00eancia<\/strong>.<\/p>\t<div class=\"wrapper-featured-image\">\n\t\t<figure class=\"spotlightImg\">\n\n\t\t\t<picture>\n\t\t\t\t<source media=\"(max-width: 768px)\" srcset=\"https:\/\/files.sunoresearch.com.br\/n\/uploads\/2019\/02\/ee6c9266-reforma-da-previd\u00eancia-400x200.webp\">\n\t\t\t\t<img loading=\"lazy\" decoding=\"async\" class=\"newsContent__article__imgCapa lazyloadDisabled newsContent__article__imgCapa--noCaption\" src=\"https:\/\/files.sunoresearch.com.br\/n\/uploads\/2019\/02\/ee6c9266-reforma-da-previd\u00eancia-800x450.webp\" width=\"800\" height=\"450\" alt=\"Mour\u00e3o se encontra com lideran\u00e7as da CUT para falar sobre Previd\u00eancia\" fetchpriority=high \/>\n\t\t\t<\/picture>\n\n\t\t\t<figcaption class=\"wp-caption-text wp-caption-text--hide\">Mour\u00e3o discursa no Grupo de Lima contra o regime da Venezuela<\/figcaption>\n\t\t<\/figure>\n\t<\/div>\n\n\n<p>No encontro com <strong>Mour\u00e3o<\/strong>, Freitas demostrou a preocupa\u00e7\u00e3o da <strong>CUT<\/strong> com a reforma da Previd\u00eancia e a implanta\u00e7\u00e3o do novo modelo de capitaliza\u00e7\u00e3o.<\/p>\n<p><a href=\"https:\/\/www.suno.com.br\/noticias\/reforma-previdencia-trabalhista-jovens\/\">Saiba mais:\u00a0Reforma da Previd\u00eancia ter\u00e1 reforma trabalhista para jovens<\/a><\/p>\n<p>Segundo o sindicalista, a <strong>CUT<\/strong> tamb\u00e9m vai atuar no <strong>Congresso<\/strong> para mudar o texto a ser encaminhado pelo <strong>governo<\/strong>.<\/p>\n<p>\u201cEsse \u00e9 um desenho que conhecemos, favorece o capital financeiro nacional e internacional, tira direitos de trabalhadores, n\u00e3o garante a aposentadoria e, mais que isso, impede que voc\u00ea tenha benef\u00edcios e assist\u00eancia social\u201d, disse. \u201cDefendemos uma Previd\u00eancia p\u00fablica, social, para todos, e n\u00e3o uma poupan\u00e7a para alimentar os banqueiros\u201d, acrescentou.<\/p>\n<h2>Gera\u00e7\u00e3o de empregos<\/h2>\n<p>O presidente do <strong>Sindicato dos Metal\u00fargicos do ABC<\/strong>, Wagner Santana, tamb\u00e9m esteve presente na reuni\u00e3o. Ele afirmou que a <strong>pol\u00edtica industrial brasileira<\/strong> necessita ser fortalecida para gerar competitividade, garantido assim qualidade de empregos.<\/p>\n<p>\u201cTemos que ter uma ind\u00fastria que transforma, novas tecnologias, e para isso, precisa de incentivos, precisa de um <strong>BNDES<\/strong> fortalecido, precisa de um sistema de qualifica\u00e7\u00e3o dos trabalhadores\u201d, destacou.<\/p>\n<h2>Capitaliza\u00e7\u00e3o<\/h2>\n<p>Nesta quinta-feira ap\u00f3s caf\u00e9 da manh\u00e3 com empres\u00e1rio, <strong>Paulo Guedes<\/strong> criticou o regime\u00a0<strong>CLT (Consolida\u00e7\u00e3o das Leis do Trabalho)\u00a0<\/strong>e defendeu a capitaliza\u00e7\u00e3o.<\/p>\n<p>\u201cA reforma que n\u00f3s estamos pensando \u00e9 uma reforma mais abrangente. Esse sistema atual n\u00e3o se sustenta. Ent\u00e3o, n\u00f3s vamos ter que fazer uma transi\u00e7\u00e3o para um regime que se sustenta, que \u00e9 o da capitaliza\u00e7\u00e3o\u201d disse.<\/p>\n<p>\u201cN\u00e3o h\u00e1 uma mudan\u00e7a de regras trabalhistas nesta <strong>PEC<\/strong>. Hoje, somos prisioneiros de uma legisla\u00e7\u00e3o de trabalho fascista, de Mussolini, a Carta del Lavoro, de coopta\u00e7\u00e3o de sindicatos, n\u00f3s estamos atrasados 80 anos. N\u00f3s n\u00e3o vamos misturar isso e atrapalhar a regulamenta\u00e7\u00e3o\u201d, completou.<\/p>\n<p><a href=\"https:\/\/www.suno.com.br\/noticias\/verde-amarela-previdencia-guedes\/\">Saiba mais: Carteira \u201cverde e amarela\u201d n\u00e3o ser\u00e1 inclu\u00edda na PEC da Previd\u00eancia, diz Guedes<\/a><\/p>\n<p>A previs\u00e3o era que o texto da <strong>Reforma<\/strong> fosse apresentado no final do m\u00eas. No entanto, o <a href=\"https:\/\/www.suno.com.br\/noticias\/bolsonaro-apresenta-sinais-pneumonia\/\">boletim m\u00e9dico do<strong> Presidente Jair Bolsonaro\u00a0<\/strong>divulgado nesta quinta-feira<\/a> revelou sinais de pneumonia. Assim, o <strong>presidente<\/strong> vai ficar internado por mais sete dias. Dessa forma, a apresenta\u00e7\u00e3o proposta deve ser adiada. Enquanto isso, o vice-presidente <strong>Hamilton Mour\u00e3o<\/strong> segue no cargo.<\/p>\n","protected":false},"excerpt":{"rendered":"<p>O vice-presidente da Rep\u00fablica, Hamilton Mour\u00e3o, se reuniu com representantes da Central \u00danica dos Trabalhadores (CUT)\u00a0 para discutir a reforma da Previd\u00eancia. Mour\u00e3o discursa no Grupo de Lima contra o regime da Venezuela No encontro com Mour\u00e3o, Freitas demostrou a preocupa\u00e7\u00e3o da CUT com a reforma da Previd\u00eancia e a implanta\u00e7\u00e3o do novo modelo de [&hellip;]<\/p>\n","protected":false},"author":14,"featured_media":13838,"comment_status":"closed","ping_status":"closed","sticky":false,"template":"","format":"standard","meta":[],"categories":[61],"tags":[1019,940],"suno_strategy":[],"class_list":["post-14609","post","type-post","status-publish","format-standard","has-post-thumbnail","hentry","category-politica","tag-hamilton-mourao","tag-reforma-da-previdencia"],"yoast_head":"<!-- This site is optimized with the Yoast SEO plugin v24.4 - https:\/\/yoast.com\/wordpress\/plugins\/seo\/ -->\n<title>Mour\u00e3o se encontra com lideran\u00e7as da CUT para falar sobre Previd\u00eancia<\/title>\n<meta name=\"description\" content=\"O encontro com Mour\u00e3o ocorreu nesta quinta-feira no Pal\u00e1cio do Planalto e reuniu o presidente da CUT, Vagner Freitas. Clique para saber mais\" \/>\n<meta name=\"robots\" content=\"index, follow, max-snippet:-1, max-image-preview:large, max-video-preview:-1\" \/>\n<link rel=\"canonical\" href=\"https:\/\/www.suno.com.br\/noticias\/mourao-liderancas-cut-previdencia\/\" \/>\n<meta property=\"og:locale\" content=\"pt_BR\" \/>\n<meta property=\"og:type\" content=\"article\" \/>\n<meta property=\"og:title\" content=\"Mour\u00e3o se encontra com lideran\u00e7as da CUT para falar sobre Previd\u00eancia\" \/>\n<meta property=\"og:description\" content=\"O encontro com Mour\u00e3o ocorreu nesta quinta-feira no Pal\u00e1cio do Planalto e reuniu o presidente da CUT, Vagner Freitas. Clique para saber mais\" \/>\n<meta property=\"og:url\" content=\"https:\/\/www.suno.com.br\/noticias\/mourao-liderancas-cut-previdencia\/\" \/>\n<meta property=\"og:site_name\" content=\"Suno Not\u00edcias\" \/>\n<meta property=\"article:publisher\" content=\"https:\/\/facebook.com\/sunoresearch\" \/>\n<meta property=\"og:image\" content=\"https:\/\/files.sunoresearch.com.br\/n\/uploads\/2019\/02\/ee6c9266-reforma-da-previd\u00eancia.jpg\" \/>\n\t<meta property=\"og:image:width\" content=\"1140\" \/>\n\t<meta property=\"og:image:height\" content=\"760\" \/>\n\t<meta property=\"og:image:type\" content=\"image\/jpeg\" \/>\n<meta name=\"author\" content=\"Renan Dantas\" \/>\n<meta name=\"twitter:card\" content=\"summary_large_image\" \/>\n<meta name=\"twitter:creator\" content=\"@sunoresearch\" \/>\n<meta name=\"twitter:site\" content=\"@sunoresearch\" \/>\n<meta name=\"twitter:label1\" content=\"Escrito por\" \/>\n\t<meta name=\"twitter:data1\" content=\"Renan Dantas\" \/>\n\t<meta name=\"twitter:label2\" content=\"Est. tempo de leitura\" \/>\n\t<meta name=\"twitter:data2\" content=\"2 minutos\" \/>\n<script type=\"application\/ld+json\" class=\"yoast-schema-graph\">{\"@context\":\"https:\/\/schema.org\",\"@graph\":[{\"@type\":\"NewsArticle\",\"@id\":\"https:\/\/www.suno.com.br\/noticias\/mourao-liderancas-cut-previdencia\/#article\",\"isPartOf\":{\"@id\":\"https:\/\/www.suno.com.br\/noticias\/mourao-liderancas-cut-previdencia\/\"},\"author\":{\"name\":\"Renan Dantas\",\"@id\":\"https:\/\/www.suno.com.br\/noticias\/#\/schema\/person\/3f7693d5795a3f6d5ce15309ee785699\"},\"headline\":\"Mour\u00e3o se encontra com lideran\u00e7as da CUT para falar sobre Previd\u00eancia\",\"datePublished\":\"2019-02-07T23:15:05+00:00\",\"dateModified\":\"2019-02-08T02:03:26+00:00\",\"mainEntityOfPage\":{\"@id\":\"https:\/\/www.suno.com.br\/noticias\/mourao-liderancas-cut-previdencia\/\"},\"wordCount\":426,\"publisher\":{\"@id\":\"https:\/\/www.suno.com.br\/noticias\/#organization\"},\"image\":{\"@id\":\"https:\/\/www.suno.com.br\/noticias\/mourao-liderancas-cut-previdencia\/#primaryimage\"},\"thumbnailUrl\":\"https:\/\/files.sunoresearch.com.br\/n\/uploads\/2019\/02\/ee6c9266-reforma-da-previd\u00eancia-jpg.webp\",\"keywords\":[\"Hamilton Mour\u00e3o\",\"Reforma da Previd\u00eancia\"],\"articleSection\":[\"Pol\u00edtica\"],\"inLanguage\":\"pt-BR\"},{\"@type\":\"WebPage\",\"@id\":\"https:\/\/www.suno.com.br\/noticias\/mourao-liderancas-cut-previdencia\/\",\"url\":\"https:\/\/www.suno.com.br\/noticias\/mourao-liderancas-cut-previdencia\/\",\"name\":\"Mour\u00e3o se encontra com lideran\u00e7as da CUT para falar sobre Previd\u00eancia\",\"isPartOf\":{\"@id\":\"https:\/\/www.suno.com.br\/noticias\/#website\"},\"primaryImageOfPage\":{\"@id\":\"https:\/\/www.suno.com.br\/noticias\/mourao-liderancas-cut-previdencia\/#primaryimage\"},\"image\":{\"@id\":\"https:\/\/www.suno.com.br\/noticias\/mourao-liderancas-cut-previdencia\/#primaryimage\"},\"thumbnailUrl\":\"https:\/\/files.sunoresearch.com.br\/n\/uploads\/2019\/02\/ee6c9266-reforma-da-previd\u00eancia-jpg.webp\",\"datePublished\":\"2019-02-07T23:15:05+00:00\",\"dateModified\":\"2019-02-08T02:03:26+00:00\",\"description\":\"O encontro com Mour\u00e3o ocorreu nesta quinta-feira no Pal\u00e1cio do Planalto e reuniu o presidente da CUT, Vagner Freitas. Clique para saber mais\",\"breadcrumb\":{\"@id\":\"https:\/\/www.suno.com.br\/noticias\/mourao-liderancas-cut-previdencia\/#breadcrumb\"},\"inLanguage\":\"pt-BR\",\"potentialAction\":[{\"@type\":\"ReadAction\",\"target\":[\"https:\/\/www.suno.com.br\/noticias\/mourao-liderancas-cut-previdencia\/\"]}]},{\"@type\":\"ImageObject\",\"inLanguage\":\"pt-BR\",\"@id\":\"https:\/\/www.suno.com.br\/noticias\/mourao-liderancas-cut-previdencia\/#primaryimage\",\"url\":\"https:\/\/files.sunoresearch.com.br\/n\/uploads\/2019\/02\/ee6c9266-reforma-da-previd\u00eancia-jpg.webp\",\"contentUrl\":\"https:\/\/files.sunoresearch.com.br\/n\/uploads\/2019\/02\/ee6c9266-reforma-da-previd\u00eancia-jpg.webp\",\"width\":1140,\"height\":760,\"caption\":\"Mour\u00e3o discursa no Grupo de Lima contra o regime da Venezuela\"},{\"@type\":\"BreadcrumbList\",\"@id\":\"https:\/\/www.suno.com.br\/noticias\/mourao-liderancas-cut-previdencia\/#breadcrumb\",\"itemListElement\":[{\"@type\":\"ListItem\",\"position\":1,\"name\":\"Not\u00edcias\",\"item\":\"https:\/\/www.suno.com.br\/noticias\/\"},{\"@type\":\"ListItem\",\"position\":2,\"name\":\"Pol\u00edtica\",\"item\":\"https:\/\/www.suno.com.br\/noticias\/politica\/\"},{\"@type\":\"ListItem\",\"position\":3,\"name\":\"Mour\u00e3o se encontra com lideran\u00e7as da CUT para falar sobre Previd\u00eancia\"}]},{\"@type\":\"WebSite\",\"@id\":\"https:\/\/www.suno.com.br\/noticias\/#website\",\"url\":\"https:\/\/www.suno.com.br\/noticias\/\",\"name\":\"Suno Not\u00edcias\",\"description\":\"Seu portal de informa\u00e7\u00e3o sobre o mundo dos investimentos\",\"publisher\":{\"@id\":\"https:\/\/www.suno.com.br\/noticias\/#organization\"},\"potentialAction\":[{\"@type\":\"SearchAction\",\"target\":{\"@type\":\"EntryPoint\",\"urlTemplate\":\"https:\/\/www.suno.com.br\/noticias\/?s={search_term_string}\"},\"query-input\":{\"@type\":\"PropertyValueSpecification\",\"valueRequired\":true,\"valueName\":\"search_term_string\"}}],\"inLanguage\":\"pt-BR\"},{\"@type\":\"Organization\",\"@id\":\"https:\/\/www.suno.com.br\/noticias\/#organization\",\"name\":\"Suno Not\u00edcias\",\"url\":\"https:\/\/www.suno.com.br\/noticias\/\",\"logo\":{\"@type\":\"ImageObject\",\"inLanguage\":\"pt-BR\",\"@id\":\"https:\/\/www.suno.com.br\/noticias\/#\/schema\/logo\/image\/\",\"url\":\"https:\/\/files.sunoresearch.com.br\/n\/uploads\/2021\/09\/suno-logo.png\",\"contentUrl\":\"https:\/\/files.sunoresearch.com.br\/n\/uploads\/2021\/09\/suno-logo.png\",\"width\":180,\"height\":180,\"caption\":\"Suno Not\u00edcias\"},\"image\":{\"@id\":\"https:\/\/www.suno.com.br\/noticias\/#\/schema\/logo\/image\/\"},\"sameAs\":[\"https:\/\/facebook.com\/sunoresearch\",\"https:\/\/x.com\/sunoresearch\",\"https:\/\/www.instagram.com\/suno\",\"https:\/\/www.linkedin.com\/company\/suno-research\/\",\"https:\/\/www.youtube.com\/c\/sunoresearch\"]},{\"@type\":\"Person\",\"@id\":\"https:\/\/www.suno.com.br\/noticias\/#\/schema\/person\/3f7693d5795a3f6d5ce15309ee785699\",\"name\":\"Renan Dantas\",\"image\":{\"@type\":\"ImageObject\",\"inLanguage\":\"pt-BR\",\"@id\":\"https:\/\/www.suno.com.br\/noticias\/#\/schema\/person\/image\/\",\"url\":\"https:\/\/secure.gravatar.com\/avatar\/1787b83e7484a08e51d62ac8b41c8396?s=96&r=g\",\"contentUrl\":\"https:\/\/secure.gravatar.com\/avatar\/1787b83e7484a08e51d62ac8b41c8396?s=96&r=g\",\"caption\":\"Renan Dantas\"},\"description\":\"Escreve sobre pol\u00edtica e mercado financeiro para o portal Suno Not\u00edcias. Antes, atuou na assessoria de comunica\u00e7\u00e3o do Minist\u00e9rio P\u00fablico do Trabalho e na R\u00e1dio Mackenzie, onde apresentava e produzia um programa sobre artistas da m\u00fasica brasileira. \u00c9 estudante na Universidade Presbiteriana Mackenzie.\",\"url\":\"https:\/\/www.suno.com.br\/noticias\/author\/renan-dantas\/\"}]}<\/script>\n<!-- \/ Yoast SEO plugin. -->","yoast_head_json":{"title":"Mour\u00e3o se encontra com lideran\u00e7as da CUT para falar sobre Previd\u00eancia","description":"O encontro com Mour\u00e3o ocorreu nesta quinta-feira no Pal\u00e1cio do Planalto e reuniu o presidente da CUT, Vagner Freitas. Clique para saber mais","robots":{"index":"index","follow":"follow","max-snippet":"max-snippet:-1","max-image-preview":"max-image-preview:large","max-video-preview":"max-video-preview:-1"},"canonical":"https:\/\/www.suno.com.br\/noticias\/mourao-liderancas-cut-previdencia\/","og_locale":"pt_BR","og_type":"article","og_title":"Mour\u00e3o se encontra com lideran\u00e7as da CUT para falar sobre Previd\u00eancia","og_description":"O encontro com Mour\u00e3o ocorreu nesta quinta-feira no Pal\u00e1cio do Planalto e reuniu o presidente da CUT, Vagner Freitas. Clique para saber mais","og_url":"https:\/\/www.suno.com.br\/noticias\/mourao-liderancas-cut-previdencia\/","og_site_name":"Suno Not\u00edcias","article_publisher":"https:\/\/facebook.com\/sunoresearch","og_image":[{"width":1140,"height":760,"url":"https:\/\/files.sunoresearch.com.br\/n\/uploads\/2019\/02\/ee6c9266-reforma-da-previd\u00eancia.jpg","type":"image\/jpeg"}],"author":"Renan Dantas","twitter_card":"summary_large_image","twitter_creator":"@sunoresearch","twitter_site":"@sunoresearch","twitter_misc":{"Escrito por":"Renan Dantas","Est. tempo de leitura":"2 minutos"},"schema":{"@context":"https:\/\/schema.org","@graph":[{"@type":"NewsArticle","@id":"https:\/\/www.suno.com.br\/noticias\/mourao-liderancas-cut-previdencia\/#article","isPartOf":{"@id":"https:\/\/www.suno.com.br\/noticias\/mourao-liderancas-cut-previdencia\/"},"author":{"name":"Renan Dantas","@id":"https:\/\/www.suno.com.br\/noticias\/#\/schema\/person\/3f7693d5795a3f6d5ce15309ee785699"},"headline":"Mour\u00e3o se encontra com lideran\u00e7as da CUT para falar sobre Previd\u00eancia","datePublished":"2019-02-07T23:15:05+00:00","dateModified":"2019-02-08T02:03:26+00:00","mainEntityOfPage":{"@id":"https:\/\/www.suno.com.br\/noticias\/mourao-liderancas-cut-previdencia\/"},"wordCount":426,"publisher":{"@id":"https:\/\/www.suno.com.br\/noticias\/#organization"},"image":{"@id":"https:\/\/www.suno.com.br\/noticias\/mourao-liderancas-cut-previdencia\/#primaryimage"},"thumbnailUrl":"https:\/\/files.sunoresearch.com.br\/n\/uploads\/2019\/02\/ee6c9266-reforma-da-previd\u00eancia-jpg.webp","keywords":["Hamilton Mour\u00e3o","Reforma da Previd\u00eancia"],"articleSection":["Pol\u00edtica"],"inLanguage":"pt-BR"},{"@type":"WebPage","@id":"https:\/\/www.suno.com.br\/noticias\/mourao-liderancas-cut-previdencia\/","url":"https:\/\/www.suno.com.br\/noticias\/mourao-liderancas-cut-previdencia\/","name":"Mour\u00e3o se encontra com lideran\u00e7as da CUT para falar sobre Previd\u00eancia","isPartOf":{"@id":"https:\/\/www.suno.com.br\/noticias\/#website"},"primaryImageOfPage":{"@id":"https:\/\/www.suno.com.br\/noticias\/mourao-liderancas-cut-previdencia\/#primaryimage"},"image":{"@id":"https:\/\/www.suno.com.br\/noticias\/mourao-liderancas-cut-previdencia\/#primaryimage"},"thumbnailUrl":"https:\/\/files.sunoresearch.com.br\/n\/uploads\/2019\/02\/ee6c9266-reforma-da-previd\u00eancia-jpg.webp","datePublished":"2019-02-07T23:15:05+00:00","dateModified":"2019-02-08T02:03:26+00:00","description":"O encontro com Mour\u00e3o ocorreu nesta quinta-feira no Pal\u00e1cio do Planalto e reuniu o presidente da CUT, Vagner Freitas. Clique para saber mais","breadcrumb":{"@id":"https:\/\/www.suno.com.br\/noticias\/mourao-liderancas-cut-previdencia\/#breadcrumb"},"inLanguage":"pt-BR","potentialAction":[{"@type":"ReadAction","target":["https:\/\/www.suno.com.br\/noticias\/mourao-liderancas-cut-previdencia\/"]}]},{"@type":"ImageObject","inLanguage":"pt-BR","@id":"https:\/\/www.suno.com.br\/noticias\/mourao-liderancas-cut-previdencia\/#primaryimage","url":"https:\/\/files.sunoresearch.com.br\/n\/uploads\/2019\/02\/ee6c9266-reforma-da-previd\u00eancia-jpg.webp","contentUrl":"https:\/\/files.sunoresearch.com.br\/n\/uploads\/2019\/02\/ee6c9266-reforma-da-previd\u00eancia-jpg.webp","width":1140,"height":760,"caption":"Mour\u00e3o discursa no Grupo de Lima contra o regime da Venezuela"},{"@type":"BreadcrumbList","@id":"https:\/\/www.suno.com.br\/noticias\/mourao-liderancas-cut-previdencia\/#breadcrumb","itemListElement":[{"@type":"ListItem","position":1,"name":"Not\u00edcias","item":"https:\/\/www.suno.com.br\/noticias\/"},{"@type":"ListItem","position":2,"name":"Pol\u00edtica","item":"https:\/\/www.suno.com.br\/noticias\/politica\/"},{"@type":"ListItem","position":3,"name":"Mour\u00e3o se encontra com lideran\u00e7as da CUT para falar sobre Previd\u00eancia"}]},{"@type":"WebSite","@id":"https:\/\/www.suno.com.br\/noticias\/#website","url":"https:\/\/www.suno.com.br\/noticias\/","name":"Suno Not\u00edcias","description":"Seu portal de informa\u00e7\u00e3o sobre o mundo dos investimentos","publisher":{"@id":"https:\/\/www.suno.com.br\/noticias\/#organization"},"potentialAction":[{"@type":"SearchAction","target":{"@type":"EntryPoint","urlTemplate":"https:\/\/www.suno.com.br\/noticias\/?s={search_term_string}"},"query-input":{"@type":"PropertyValueSpecification","valueRequired":true,"valueName":"search_term_string"}}],"inLanguage":"pt-BR"},{"@type":"Organization","@id":"https:\/\/www.suno.com.br\/noticias\/#organization","name":"Suno Not\u00edcias","url":"https:\/\/www.suno.com.br\/noticias\/","logo":{"@type":"ImageObject","inLanguage":"pt-BR","@id":"https:\/\/www.suno.com.br\/noticias\/#\/schema\/logo\/image\/","url":"https:\/\/files.sunoresearch.com.br\/n\/uploads\/2021\/09\/suno-logo.png","contentUrl":"https:\/\/files.sunoresearch.com.br\/n\/uploads\/2021\/09\/suno-logo.png","width":180,"height":180,"caption":"Suno Not\u00edcias"},"image":{"@id":"https:\/\/www.suno.com.br\/noticias\/#\/schema\/logo\/image\/"},"sameAs":["https:\/\/facebook.com\/sunoresearch","https:\/\/x.com\/sunoresearch","https:\/\/www.instagram.com\/suno","https:\/\/www.linkedin.com\/company\/suno-research\/","https:\/\/www.youtube.com\/c\/sunoresearch"]},{"@type":"Person","@id":"https:\/\/www.suno.com.br\/noticias\/#\/schema\/person\/3f7693d5795a3f6d5ce15309ee785699","name":"Renan Dantas","image":{"@type":"ImageObject","inLanguage":"pt-BR","@id":"https:\/\/www.suno.com.br\/noticias\/#\/schema\/person\/image\/","url":"https:\/\/secure.gravatar.com\/avatar\/1787b83e7484a08e51d62ac8b41c8396?s=96&r=g","contentUrl":"https:\/\/secure.gravatar.com\/avatar\/1787b83e7484a08e51d62ac8b41c8396?s=96&r=g","caption":"Renan Dantas"},"description":"Escreve sobre pol\u00edtica e mercado financeiro para o portal Suno Not\u00edcias. Antes, atuou na assessoria de comunica\u00e7\u00e3o do Minist\u00e9rio P\u00fablico do Trabalho e na R\u00e1dio Mackenzie, onde apresentava e produzia um programa sobre artistas da m\u00fasica brasileira. \u00c9 estudante na Universidade Presbiteriana Mackenzie.","url":"https:\/\/www.suno.com.br\/noticias\/author\/renan-dantas\/"}]}},"default_loop_html":"<div class=\"cardsPage__listCard__boxs\"><div class=\"cardsPage__listCard__boxs__img\"><a href=\"https:\/\/www.suno.com.br\/noticias\/mourao-liderancas-cut-previdencia\/\"><img class=\"mask\" src=\"https:\/\/www.suno.com.br\/noticias\/wp-content\/themes\/suno\/resources\/images\/spotlight\/spotlight1img\/bg-mask.png\" alt=\"Image Mask\"\/><img src=\"https:\/\/files.sunoresearch.com.br\/n\/uploads\/2019\/02\/ee6c9266-reforma-da-previd\u00eancia-400x200.webp\" alt=\"Mour\u00e3o se encontra com lideran\u00e7as da CUT para falar sobre Previd\u00eancia\"\/><\/a><span class=\"spotlightCategory\"><a href=\"https:\/\/www.suno.com.br\/noticias\/politica\/\">Pol\u00edtica<\/a><\/span><\/div><div class=\"cardsPage__listCard__boxs__content\"><a href=\"https:\/\/www.suno.com.br\/noticias\/mourao-liderancas-cut-previdencia\/\"><h2 class=\"content__title\">Mour\u00e3o se encontra com lideran\u00e7as da CUT para falar sobre Previd\u00eancia<\/h2><\/a><div class=\"newsContent__article__meta\"><div class=\"newsContent__article__meta__authorBox\"><a href=\"https:\/\/www.suno.com.br\/noticias\/author\/renan-dantas\/\" class=\"authorBox__avatar noMobi\"><img src=\"https:\/\/secure.gravatar.com\/avatar\/1787b83e7484a08e51d62ac8b41c8396?s=96&#038;r=g\" alt=\"Renan Dantas\"><\/a><div class=\"authorBox__name\"><span>por\n\t\t\t<a href=\"https:\/\/www.suno.com.br\/noticias\/author\/renan-dantas\/\"><span itemprop=\"author\">Renan Dantas<\/span><\/a><\/span><time datetime=\"2019-02-07T21:15:05-02:00\" itemprop=\"datePublished\">07\/02\/2019 21:15<\/time><\/div><\/div><\/div><\/div><\/div>","single_layout":"posts","amp_enabled":true,"_links":{"self":[{"href":"https:\/\/www.suno.com.br\/noticias\/wp-json\/wp\/v2\/posts\/14609"}],"collection":[{"href":"https:\/\/www.suno.com.br\/noticias\/wp-json\/wp\/v2\/posts"}],"about":[{"href":"https:\/\/www.suno.com.br\/noticias\/wp-json\/wp\/v2\/types\/post"}],"author":[{"embeddable":true,"href":"https:\/\/www.suno.com.br\/noticias\/wp-json\/wp\/v2\/users\/14"}],"replies":[{"embeddable":true,"href":"https:\/\/www.suno.com.br\/noticias\/wp-json\/wp\/v2\/comments?post=14609"}],"version-history":[{"count":0,"href":"https:\/\/www.suno.com.br\/noticias\/wp-json\/wp\/v2\/posts\/14609\/revisions"}],"wp:featuredmedia":[{"embeddable":true,"href":"https:\/\/www.suno.com.br\/noticias\/wp-json\/wp\/v2\/media\/13838"}],"wp:attachment":[{"href":"https:\/\/www.suno.com.br\/noticias\/wp-json\/wp\/v2\/media?parent=14609"}],"wp:term":[{"taxonomy":"category","embeddable":true,"href":"https:\/\/www.suno.com.br\/noticias\/wp-json\/wp\/v2\/categories?post=14609"},{"taxonomy":"post_tag","embeddable":true,"href":"https:\/\/www.suno.com.br\/noticias\/wp-json\/wp\/v2\/tags?post=14609"},{"taxonomy":"suno_strategy","embeddable":true,"href":"https:\/\/www.suno.com.br\/noticias\/wp-json\/wp\/v2\/suno_strategy?post=14609"}],"curies":[{"name":"wp","href":"https:\/\/api.w.org\/{rel}","templated":true}]}}