{"id":146053,"date":"2021-05-10T13:53:42","date_gmt":"2021-05-10T16:53:42","guid":{"rendered":"https:\/\/www.suno.com.br\/noticias\/?p=146053"},"modified":"2021-05-18T12:15:22","modified_gmt":"2021-05-18T15:15:22","slug":"oceanpact-opct3-aquisicao-acoes-up-offshore","status":"publish","type":"post","link":"https:\/\/www.suno.com.br\/noticias\/oceanpact-opct3-aquisicao-acoes-up-offshore\/","title":{"rendered":"OceanPact (OPCT3) conclui aquisi\u00e7\u00e3o de a\u00e7\u00f5es da UP Offshore"},"content":{"rendered":"<p>A <strong>OceanPact<\/strong> (OPCT3) anunciou, por meio de fato relevante publicado nesta segunda-feira (10), que concluiu a <a href=\"https:\/\/www.suno.com.br\/artigos\/fusoes-aquisicoes\/\">aquisi\u00e7\u00e3o de todas as a\u00e7\u00f5es da UP Offshore<\/a>, com sede no Uruguai, em conjunto com a sua subsidi\u00e1ria, a OceanPact Netherlands.<\/p>\t<div class=\"wrapper-featured-image\">\n\t\t<figure class=\"spotlightImg\">\n\n\t\t\t<picture>\n\t\t\t\t<source media=\"(max-width: 768px)\" srcset=\"https:\/\/files.sunoresearch.com.br\/n\/uploads\/2021\/05\/9907bf99-jim-obrien-400x200.webp\">\n\t\t\t\t<img loading=\"lazy\" decoding=\"async\" class=\"newsContent__article__imgCapa lazyloadDisabled \" src=\"https:\/\/files.sunoresearch.com.br\/n\/uploads\/2021\/05\/9907bf99-jim-obrien-800x450.webp\" width=\"800\" height=\"450\" alt=\"OceanPact (OPCT3) conclui aquisi\u00e7\u00e3o de a\u00e7\u00f5es da UP Offshore\" fetchpriority=high \/>\n\t\t\t<\/picture>\n\n\t\t\t<figcaption class=\"wp-caption-text wp-caption-text--show\">Foto: Reprodu\u00e7\u00e3o Site OceanPact<\/figcaption>\n\t\t<\/figure>\n\t<\/div>\n\n\n<p><span style=\"font-weight: 400;\">\u00a0\t<p>\n\t\t<a href=\"https:\/\/lp.suno.com.br\/planilha-controle-gastos\/\" target=\"_blank\" data-element=\"shortcode-suno-banner\" title=\"Banner SUNO, clique e saiba mais\">\n\t\t\t<picture>\n\t\t\t\t<source media=\"(max-width: 500px)\" srcset=\"https:\/\/files.sunoresearch.com.br\/n\/uploads\/2023\/03\/400x300-Planilha-controle-de-gastos.png\">\n\t\t\t\t<img class=\"newsContent__article__imgCapa newsContent__article__imgCapa--banner\"\n\t\t\t\t\tsrc=\"https:\/\/files.sunoresearch.com.br\/n\/uploads\/2023\/03\/1420x240-Planilha-controle-de-gastos.png\"\n\t\t\t\t\tdata-promo-id=\"101751\"\t\t\t\t\t\t\t\t\t\twidth='1420' height='240'\t\t\t\t\talt=\"https:\/\/files.sunoresearch.com.br\/n\/uploads\/2023\/03\/1420x240-Planilha-controle-de-gastos.png\"\n\t\t\t\t>\n\t\t\t<\/picture>\n\t\t<\/a>\n\t<\/p>\n\n\u00a0 <\/span><\/p>\n<p>A <strong>OceanPact<\/strong> comunicou que a opera\u00e7\u00e3o faz parte de um plano de expans\u00e3o org\u00e2nica e de expans\u00e3o setorial, somando mais duas embarca\u00e7\u00f5es &#8220;High Spec&#8221; (embarca\u00e7\u00f5es com especifica\u00e7\u00f5es de padr\u00e3o elevado ) em RSV (ROV Support Vessel) pra a sua frota, totalizando sete embarca\u00e7\u00f5es do g\u00eanero, al\u00e9m de uma em OTSV (Offshore Terminal Support Vessel), uma das \u00fanicas no Brasil.<\/p>\n<p>O pre\u00e7o global da transa\u00e7\u00e3o soma um montante de US$30,1 milh\u00f5es &#8211; US$ 1,1 milh\u00e3o para aquisi\u00e7\u00e3o societ\u00e1ria e US$29 milh\u00f5es para a aquisi\u00e7\u00e3o de embarca\u00e7\u00f5es. Um montante de US$ 2 milh\u00f5es deve ser deduzido, j\u00e1 que foi pago pela companhia anteriormente.<\/p>\n<p><a href=\"https:\/\/lp.suno.com.br\/suno-one\/?ppp=noticias\/hospital-care-pedido-ipo-cvm\/\"><b>Suno One: acesse gratuitamente eBooks, Minicursos, Artigos e V\u00eddeo Aulas sobre investimentos com um \u00fanico cadastro. Clique para saber mais!<\/b><\/a><\/p>\n<p>O incremento dessas oito embarca\u00e7\u00f5es deve ser um passo a mais da companhia no sentido de solidificar suas atividades no setor.<\/p>\n<p>O contrato de compra e venda est\u00e1 sujeito a condi\u00e7\u00f5es suspensivas, incluindo a reorganiza\u00e7\u00e3o pr\u00e9via do <strong>Grupo UP<\/strong> para a segrega\u00e7\u00e3o de ativos e passivos que n\u00e3o est\u00e3o relacionados \u00e0 opera\u00e7\u00e3o.<\/p>\n<p><span style=\"font-weight: 400;\">\t<div data-element=\"shortcode-read-more\" class=\"knowMore\">\n\t\t\t\t<span class=\"knowMore__title\">Leia mais<\/span>\n\t\t\t\t<a class=\"knowMore__link\" href=\"https:\/\/www.suno.com.br\/noticias\/oceanpact-opct3-grupo-up\/\">\n\t\t\tOceanPact (OPCT3) prorroga per\u00edodo de exclusividade para negocia\u00e7\u00e3o com Grupo UP\t\t<\/a>\n\t<\/div>\n\n<\/span><\/p>\n<h2>Negocia\u00e7\u00f5es da Oceanpact j\u00e1 tinham prorroga\u00e7\u00f5es desde fevereiro<\/h2>\n<p>Em meados de fevereiro a Oceanpact j\u00e1 havia celebrado um contrato de exclusividade com sociedades do Grupo UP com um prazo de 30 dias para a compra das a\u00e7\u00f5es.<\/p>\n\t<p>\n\t\t<a href=\"https:\/\/lp.suno.com.br\/planilha-de-controle-de-investimentos\/\" target=\"_blank\" data-element=\"shortcode-suno-banner\" title=\"Banner SUNO, clique e saiba mais\">\n\t\t\t<picture>\n\t\t\t\t<source media=\"(max-width: 500px)\" srcset=\"https:\/\/files.sunoresearch.com.br\/n\/uploads\/2023\/03\/400x300-Controle-de-Investimentos.png\">\n\t\t\t\t<img class=\"newsContent__article__imgCapa newsContent__article__imgCapa--banner\"\n\t\t\t\t\tsrc=\"https:\/\/files.sunoresearch.com.br\/n\/uploads\/2023\/03\/1420x240-Controle-de-Investimentos.png\"\n\t\t\t\t\tdata-promo-id=\"75934\"\t\t\t\t\t\t\t\t\t\twidth='1420' height='240'\t\t\t\t\talt=\"https:\/\/files.sunoresearch.com.br\/n\/uploads\/2023\/03\/1420x240-Controle-de-Investimentos.png\"\n\t\t\t\t>\n\t\t\t<\/picture>\n\t\t<\/a>\n\t<\/p>\n\n\n<p>O prazo era prorrog\u00e1vel por mais 30 dias, e teve negocia\u00e7\u00f5es conclu\u00eddas somente nesta segunda (10).<\/p>\n<h2>OPCT3 segue em queda<\/h2>\n<p>Os pap\u00e9is da companhia est\u00e3o precificados em R$ 8,14 durante o preg\u00e3o desta segunda-feira (10), enquanto esta mat\u00e9ria foi publicada, \u00e0s 11h30.<\/p>\n<p>Desde o fim de fevereiro, ap\u00f3s sua <a href=\"https:\/\/www.suno.com.br\/artigos\/ipo\/\">oferta p\u00fablica inicial de a\u00e7\u00f5es (IPO, do ingl\u00eas)<\/a>, as a\u00e7\u00f5es enfrentam desvaloriza\u00e7\u00e3o, com pre\u00e7o que chegava aos R$ 11 por a\u00e7\u00e3o ordin\u00e1ria caindo consecutivamente at\u00e9 o patamar atual.<\/p>\n<p>A <strong>OceanPact<\/strong> estreou na na <a href=\"https:\/\/www.suno.com.br\/artigos\/b3\/\">Bolsa de Valores de S\u00e3o Paulo (B3)<\/a> no dia 11 de fevereiro, fechando a estreia em estabilidade, com R$ 11,25 por a\u00e7\u00e3o.<\/p>\n<p><span style=\"font-weight: 400;\">\t<p>\n\t\t<a href=\"https:\/\/lp.suno.com.br\/planilha-da-vida-financeira\/\" target=\"_blank\" data-element=\"shortcode-suno-banner\" title=\"Banner SUNO, clique e saiba mais\">\n\t\t\t<picture>\n\t\t\t\t<source media=\"(max-width: 500px)\" srcset=\"https:\/\/files.sunoresearch.com.br\/n\/uploads\/2023\/04\/400x300-Planilha-vida-financeira-true.png\">\n\t\t\t\t<img class=\"newsContent__article__imgCapa newsContent__article__imgCapa--banner\"\n\t\t\t\t\tsrc=\"https:\/\/files.sunoresearch.com.br\/n\/uploads\/2023\/04\/1420x240-Planilha-vida-financeira-true.png\"\n\t\t\t\t\tdata-promo-id=\"106682\"\t\t\t\t\t\t\t\t\t\twidth='1420' height='240'\t\t\t\t\talt=\"https:\/\/files.sunoresearch.com.br\/n\/uploads\/2023\/04\/1420x240-Planilha-vida-financeira-true.png\"\n\t\t\t\t>\n\t\t\t<\/picture>\n\t\t<\/a>\n\t<\/p>\n\n<\/span><\/p>\n","protected":false},"excerpt":{"rendered":"<p>A OceanPact (OPCT3) anunciou, por meio de fato relevante publicado nesta segunda-feira (10), que concluiu a aquisi\u00e7\u00e3o de todas as a\u00e7\u00f5es da UP Offshore, com sede no Uruguai, em conjunto com a sua subsidi\u00e1ria, a OceanPact Netherlands. Foto: Reprodu\u00e7\u00e3o Site OceanPact \u00a0\u00a0 A OceanPact comunicou que a opera\u00e7\u00e3o faz parte de um plano de expans\u00e3o [&hellip;]<\/p>\n","protected":false},"author":73,"featured_media":146126,"comment_status":"closed","ping_status":"closed","sticky":false,"template":"","format":"standard","meta":[],"categories":[64],"tags":[62812,105479],"suno_strategy":[],"class_list":["post-146053","post","type-post","status-publish","format-standard","has-post-thumbnail","hentry","category-negocios","tag-fusoes-e-aquisicoes","tag-oceanpact-opct3"],"yoast_head":"<!-- This site is optimized with the Yoast SEO plugin v24.4 - https:\/\/yoast.com\/wordpress\/plugins\/seo\/ -->\n<title>OceanPact (OPCT3) conclui aquisi\u00e7\u00e3o de a\u00e7\u00f5es da UP Offshore<\/title>\n<meta name=\"description\" content=\"A OceanPact publicou um fato relevante que, ao fim do prazo, celebra o t\u00e9rmino da aquisi\u00e7\u00e3o de a\u00e7\u00f5es da UP Offshore, em US$30mi; leia sobre\" \/>\n<meta name=\"robots\" content=\"index, follow, max-snippet:-1, max-image-preview:large, max-video-preview:-1\" \/>\n<link rel=\"canonical\" href=\"https:\/\/www.suno.com.br\/noticias\/oceanpact-opct3-aquisicao-acoes-up-offshore\/\" \/>\n<meta property=\"og:locale\" content=\"pt_BR\" \/>\n<meta property=\"og:type\" content=\"article\" \/>\n<meta property=\"og:title\" content=\"OceanPact (OPCT3) conclui aquisi\u00e7\u00e3o de a\u00e7\u00f5es da UP Offshore\" \/>\n<meta property=\"og:description\" content=\"A OceanPact publicou um fato relevante que, ao fim do prazo, celebra o t\u00e9rmino da aquisi\u00e7\u00e3o de a\u00e7\u00f5es da UP Offshore, em US$30mi; leia sobre\" \/>\n<meta property=\"og:url\" content=\"https:\/\/www.suno.com.br\/noticias\/oceanpact-opct3-aquisicao-acoes-up-offshore\/\" \/>\n<meta property=\"og:site_name\" content=\"Suno Not\u00edcias\" \/>\n<meta property=\"article:publisher\" content=\"https:\/\/facebook.com\/sunoresearch\" \/>\n<meta property=\"og:image\" content=\"https:\/\/files.sunoresearch.com.br\/n\/uploads\/2021\/05\/9907bf99-jim-obrien.jpg\" \/>\n\t<meta property=\"og:image:width\" content=\"1920\" \/>\n\t<meta property=\"og:image:height\" content=\"1080\" \/>\n\t<meta property=\"og:image:type\" content=\"image\/jpeg\" \/>\n<meta name=\"author\" content=\"Eduardo Vargas\" \/>\n<meta name=\"twitter:card\" content=\"summary_large_image\" \/>\n<meta name=\"twitter:creator\" content=\"@sunoresearch\" \/>\n<meta name=\"twitter:site\" content=\"@sunoresearch\" \/>\n<meta name=\"twitter:label1\" content=\"Escrito por\" \/>\n\t<meta name=\"twitter:data1\" content=\"Eduardo Vargas\" \/>\n\t<meta name=\"twitter:label2\" content=\"Est. tempo de leitura\" \/>\n\t<meta name=\"twitter:data2\" content=\"2 minutos\" \/>\n<script type=\"application\/ld+json\" class=\"yoast-schema-graph\">{\"@context\":\"https:\/\/schema.org\",\"@graph\":[{\"@type\":\"NewsArticle\",\"@id\":\"https:\/\/www.suno.com.br\/noticias\/oceanpact-opct3-aquisicao-acoes-up-offshore\/#article\",\"isPartOf\":{\"@id\":\"https:\/\/www.suno.com.br\/noticias\/oceanpact-opct3-aquisicao-acoes-up-offshore\/\"},\"author\":{\"name\":\"Eduardo Vargas\",\"@id\":\"https:\/\/www.suno.com.br\/noticias\/#\/schema\/person\/7f4d362bf3518e76090143ae77bb49a5\"},\"headline\":\"OceanPact (OPCT3) conclui aquisi\u00e7\u00e3o de a\u00e7\u00f5es da UP Offshore\",\"datePublished\":\"2021-05-10T16:53:42+00:00\",\"dateModified\":\"2021-05-18T15:15:22+00:00\",\"mainEntityOfPage\":{\"@id\":\"https:\/\/www.suno.com.br\/noticias\/oceanpact-opct3-aquisicao-acoes-up-offshore\/\"},\"wordCount\":419,\"publisher\":{\"@id\":\"https:\/\/www.suno.com.br\/noticias\/#organization\"},\"image\":{\"@id\":\"https:\/\/www.suno.com.br\/noticias\/oceanpact-opct3-aquisicao-acoes-up-offshore\/#primaryimage\"},\"thumbnailUrl\":\"https:\/\/files.sunoresearch.com.br\/n\/uploads\/2021\/05\/9907bf99-jim-obrien-jpg.webp\",\"keywords\":[\"fus\u00f5es e aquisi\u00e7\u00f5es\",\"Oceanpact (OPCT3)\"],\"articleSection\":[\"Neg\u00f3cios\"],\"inLanguage\":\"pt-BR\"},{\"@type\":\"WebPage\",\"@id\":\"https:\/\/www.suno.com.br\/noticias\/oceanpact-opct3-aquisicao-acoes-up-offshore\/\",\"url\":\"https:\/\/www.suno.com.br\/noticias\/oceanpact-opct3-aquisicao-acoes-up-offshore\/\",\"name\":\"OceanPact (OPCT3) conclui aquisi\u00e7\u00e3o de a\u00e7\u00f5es da UP Offshore\",\"isPartOf\":{\"@id\":\"https:\/\/www.suno.com.br\/noticias\/#website\"},\"primaryImageOfPage\":{\"@id\":\"https:\/\/www.suno.com.br\/noticias\/oceanpact-opct3-aquisicao-acoes-up-offshore\/#primaryimage\"},\"image\":{\"@id\":\"https:\/\/www.suno.com.br\/noticias\/oceanpact-opct3-aquisicao-acoes-up-offshore\/#primaryimage\"},\"thumbnailUrl\":\"https:\/\/files.sunoresearch.com.br\/n\/uploads\/2021\/05\/9907bf99-jim-obrien-jpg.webp\",\"datePublished\":\"2021-05-10T16:53:42+00:00\",\"dateModified\":\"2021-05-18T15:15:22+00:00\",\"description\":\"A OceanPact publicou um fato relevante que, ao fim do prazo, celebra o t\u00e9rmino da aquisi\u00e7\u00e3o de a\u00e7\u00f5es da UP Offshore, em US$30mi; leia sobre\",\"breadcrumb\":{\"@id\":\"https:\/\/www.suno.com.br\/noticias\/oceanpact-opct3-aquisicao-acoes-up-offshore\/#breadcrumb\"},\"inLanguage\":\"pt-BR\",\"potentialAction\":[{\"@type\":\"ReadAction\",\"target\":[\"https:\/\/www.suno.com.br\/noticias\/oceanpact-opct3-aquisicao-acoes-up-offshore\/\"]}]},{\"@type\":\"ImageObject\",\"inLanguage\":\"pt-BR\",\"@id\":\"https:\/\/www.suno.com.br\/noticias\/oceanpact-opct3-aquisicao-acoes-up-offshore\/#primaryimage\",\"url\":\"https:\/\/files.sunoresearch.com.br\/n\/uploads\/2021\/05\/9907bf99-jim-obrien-jpg.webp\",\"contentUrl\":\"https:\/\/files.sunoresearch.com.br\/n\/uploads\/2021\/05\/9907bf99-jim-obrien-jpg.webp\",\"width\":1920,\"height\":1080,\"caption\":\"Foto: Reprodu\u00e7\u00e3o Site OceanPact\"},{\"@type\":\"BreadcrumbList\",\"@id\":\"https:\/\/www.suno.com.br\/noticias\/oceanpact-opct3-aquisicao-acoes-up-offshore\/#breadcrumb\",\"itemListElement\":[{\"@type\":\"ListItem\",\"position\":1,\"name\":\"Not\u00edcias\",\"item\":\"https:\/\/www.suno.com.br\/noticias\/\"},{\"@type\":\"ListItem\",\"position\":2,\"name\":\"Neg\u00f3cios\",\"item\":\"https:\/\/www.suno.com.br\/noticias\/negocios\/\"},{\"@type\":\"ListItem\",\"position\":3,\"name\":\"OceanPact (OPCT3) conclui aquisi\u00e7\u00e3o de a\u00e7\u00f5es da UP Offshore\"}]},{\"@type\":\"WebSite\",\"@id\":\"https:\/\/www.suno.com.br\/noticias\/#website\",\"url\":\"https:\/\/www.suno.com.br\/noticias\/\",\"name\":\"Suno Not\u00edcias\",\"description\":\"Seu portal de informa\u00e7\u00e3o sobre o mundo dos investimentos\",\"publisher\":{\"@id\":\"https:\/\/www.suno.com.br\/noticias\/#organization\"},\"potentialAction\":[{\"@type\":\"SearchAction\",\"target\":{\"@type\":\"EntryPoint\",\"urlTemplate\":\"https:\/\/www.suno.com.br\/noticias\/?s={search_term_string}\"},\"query-input\":{\"@type\":\"PropertyValueSpecification\",\"valueRequired\":true,\"valueName\":\"search_term_string\"}}],\"inLanguage\":\"pt-BR\"},{\"@type\":\"Organization\",\"@id\":\"https:\/\/www.suno.com.br\/noticias\/#organization\",\"name\":\"Suno Not\u00edcias\",\"url\":\"https:\/\/www.suno.com.br\/noticias\/\",\"logo\":{\"@type\":\"ImageObject\",\"inLanguage\":\"pt-BR\",\"@id\":\"https:\/\/www.suno.com.br\/noticias\/#\/schema\/logo\/image\/\",\"url\":\"https:\/\/files.sunoresearch.com.br\/n\/uploads\/2021\/09\/suno-logo.png\",\"contentUrl\":\"https:\/\/files.sunoresearch.com.br\/n\/uploads\/2021\/09\/suno-logo.png\",\"width\":180,\"height\":180,\"caption\":\"Suno Not\u00edcias\"},\"image\":{\"@id\":\"https:\/\/www.suno.com.br\/noticias\/#\/schema\/logo\/image\/\"},\"sameAs\":[\"https:\/\/facebook.com\/sunoresearch\",\"https:\/\/x.com\/sunoresearch\",\"https:\/\/www.instagram.com\/suno\",\"https:\/\/www.linkedin.com\/company\/suno-research\/\",\"https:\/\/www.youtube.com\/c\/sunoresearch\"]},{\"@type\":\"Person\",\"@id\":\"https:\/\/www.suno.com.br\/noticias\/#\/schema\/person\/7f4d362bf3518e76090143ae77bb49a5\",\"name\":\"Eduardo Vargas\",\"image\":{\"@type\":\"ImageObject\",\"inLanguage\":\"pt-BR\",\"@id\":\"https:\/\/www.suno.com.br\/noticias\/#\/schema\/person\/image\/\",\"url\":\"https:\/\/secure.gravatar.com\/avatar\/dac340933427a22924c9f99d1eb2e3f2?s=96&r=g\",\"contentUrl\":\"https:\/\/secure.gravatar.com\/avatar\/dac340933427a22924c9f99d1eb2e3f2?s=96&r=g\",\"caption\":\"Eduardo Vargas\"},\"description\":\"Jornalista formado pela UFSC, cobre macroeconomia, neg\u00f3cios e startups para o Suno Not\u00edcias, escrevendo principalmente not\u00edcias sobre o mercado financeiro e a bolsa de valores. No YouTube e no Instagram, \u00e9 respons\u00e1vel pela produ\u00e7\u00e3o de Reels e Shorts do Suno Not\u00edcias. Anteriormente, trabalhou cobrindo economia e cotidiano no ND+ e para o ND, maior jornal impresso de Santa Catarina. Cursou um semestre letivo de Estudos de M\u00eddia na Universidad de Buenos Aires.\",\"url\":\"https:\/\/www.suno.com.br\/noticias\/author\/eduardo-vargas\/\"}]}<\/script>\n<!-- \/ Yoast SEO plugin. -->","yoast_head_json":{"title":"OceanPact (OPCT3) conclui aquisi\u00e7\u00e3o de a\u00e7\u00f5es da UP Offshore","description":"A OceanPact publicou um fato relevante que, ao fim do prazo, celebra o t\u00e9rmino da aquisi\u00e7\u00e3o de a\u00e7\u00f5es da UP Offshore, em US$30mi; leia sobre","robots":{"index":"index","follow":"follow","max-snippet":"max-snippet:-1","max-image-preview":"max-image-preview:large","max-video-preview":"max-video-preview:-1"},"canonical":"https:\/\/www.suno.com.br\/noticias\/oceanpact-opct3-aquisicao-acoes-up-offshore\/","og_locale":"pt_BR","og_type":"article","og_title":"OceanPact (OPCT3) conclui aquisi\u00e7\u00e3o de a\u00e7\u00f5es da UP Offshore","og_description":"A OceanPact publicou um fato relevante que, ao fim do prazo, celebra o t\u00e9rmino da aquisi\u00e7\u00e3o de a\u00e7\u00f5es da UP Offshore, em US$30mi; leia sobre","og_url":"https:\/\/www.suno.com.br\/noticias\/oceanpact-opct3-aquisicao-acoes-up-offshore\/","og_site_name":"Suno Not\u00edcias","article_publisher":"https:\/\/facebook.com\/sunoresearch","og_image":[{"width":1920,"height":1080,"url":"https:\/\/files.sunoresearch.com.br\/n\/uploads\/2021\/05\/9907bf99-jim-obrien.jpg","type":"image\/jpeg"}],"author":"Eduardo Vargas","twitter_card":"summary_large_image","twitter_creator":"@sunoresearch","twitter_site":"@sunoresearch","twitter_misc":{"Escrito por":"Eduardo Vargas","Est. tempo de leitura":"2 minutos"},"schema":{"@context":"https:\/\/schema.org","@graph":[{"@type":"NewsArticle","@id":"https:\/\/www.suno.com.br\/noticias\/oceanpact-opct3-aquisicao-acoes-up-offshore\/#article","isPartOf":{"@id":"https:\/\/www.suno.com.br\/noticias\/oceanpact-opct3-aquisicao-acoes-up-offshore\/"},"author":{"name":"Eduardo Vargas","@id":"https:\/\/www.suno.com.br\/noticias\/#\/schema\/person\/7f4d362bf3518e76090143ae77bb49a5"},"headline":"OceanPact (OPCT3) conclui aquisi\u00e7\u00e3o de a\u00e7\u00f5es da UP Offshore","datePublished":"2021-05-10T16:53:42+00:00","dateModified":"2021-05-18T15:15:22+00:00","mainEntityOfPage":{"@id":"https:\/\/www.suno.com.br\/noticias\/oceanpact-opct3-aquisicao-acoes-up-offshore\/"},"wordCount":419,"publisher":{"@id":"https:\/\/www.suno.com.br\/noticias\/#organization"},"image":{"@id":"https:\/\/www.suno.com.br\/noticias\/oceanpact-opct3-aquisicao-acoes-up-offshore\/#primaryimage"},"thumbnailUrl":"https:\/\/files.sunoresearch.com.br\/n\/uploads\/2021\/05\/9907bf99-jim-obrien-jpg.webp","keywords":["fus\u00f5es e aquisi\u00e7\u00f5es","Oceanpact (OPCT3)"],"articleSection":["Neg\u00f3cios"],"inLanguage":"pt-BR"},{"@type":"WebPage","@id":"https:\/\/www.suno.com.br\/noticias\/oceanpact-opct3-aquisicao-acoes-up-offshore\/","url":"https:\/\/www.suno.com.br\/noticias\/oceanpact-opct3-aquisicao-acoes-up-offshore\/","name":"OceanPact (OPCT3) conclui aquisi\u00e7\u00e3o de a\u00e7\u00f5es da UP Offshore","isPartOf":{"@id":"https:\/\/www.suno.com.br\/noticias\/#website"},"primaryImageOfPage":{"@id":"https:\/\/www.suno.com.br\/noticias\/oceanpact-opct3-aquisicao-acoes-up-offshore\/#primaryimage"},"image":{"@id":"https:\/\/www.suno.com.br\/noticias\/oceanpact-opct3-aquisicao-acoes-up-offshore\/#primaryimage"},"thumbnailUrl":"https:\/\/files.sunoresearch.com.br\/n\/uploads\/2021\/05\/9907bf99-jim-obrien-jpg.webp","datePublished":"2021-05-10T16:53:42+00:00","dateModified":"2021-05-18T15:15:22+00:00","description":"A OceanPact publicou um fato relevante que, ao fim do prazo, celebra o t\u00e9rmino da aquisi\u00e7\u00e3o de a\u00e7\u00f5es da UP Offshore, em US$30mi; leia sobre","breadcrumb":{"@id":"https:\/\/www.suno.com.br\/noticias\/oceanpact-opct3-aquisicao-acoes-up-offshore\/#breadcrumb"},"inLanguage":"pt-BR","potentialAction":[{"@type":"ReadAction","target":["https:\/\/www.suno.com.br\/noticias\/oceanpact-opct3-aquisicao-acoes-up-offshore\/"]}]},{"@type":"ImageObject","inLanguage":"pt-BR","@id":"https:\/\/www.suno.com.br\/noticias\/oceanpact-opct3-aquisicao-acoes-up-offshore\/#primaryimage","url":"https:\/\/files.sunoresearch.com.br\/n\/uploads\/2021\/05\/9907bf99-jim-obrien-jpg.webp","contentUrl":"https:\/\/files.sunoresearch.com.br\/n\/uploads\/2021\/05\/9907bf99-jim-obrien-jpg.webp","width":1920,"height":1080,"caption":"Foto: Reprodu\u00e7\u00e3o Site OceanPact"},{"@type":"BreadcrumbList","@id":"https:\/\/www.suno.com.br\/noticias\/oceanpact-opct3-aquisicao-acoes-up-offshore\/#breadcrumb","itemListElement":[{"@type":"ListItem","position":1,"name":"Not\u00edcias","item":"https:\/\/www.suno.com.br\/noticias\/"},{"@type":"ListItem","position":2,"name":"Neg\u00f3cios","item":"https:\/\/www.suno.com.br\/noticias\/negocios\/"},{"@type":"ListItem","position":3,"name":"OceanPact (OPCT3) conclui aquisi\u00e7\u00e3o de a\u00e7\u00f5es da UP Offshore"}]},{"@type":"WebSite","@id":"https:\/\/www.suno.com.br\/noticias\/#website","url":"https:\/\/www.suno.com.br\/noticias\/","name":"Suno Not\u00edcias","description":"Seu portal de informa\u00e7\u00e3o sobre o mundo dos investimentos","publisher":{"@id":"https:\/\/www.suno.com.br\/noticias\/#organization"},"potentialAction":[{"@type":"SearchAction","target":{"@type":"EntryPoint","urlTemplate":"https:\/\/www.suno.com.br\/noticias\/?s={search_term_string}"},"query-input":{"@type":"PropertyValueSpecification","valueRequired":true,"valueName":"search_term_string"}}],"inLanguage":"pt-BR"},{"@type":"Organization","@id":"https:\/\/www.suno.com.br\/noticias\/#organization","name":"Suno Not\u00edcias","url":"https:\/\/www.suno.com.br\/noticias\/","logo":{"@type":"ImageObject","inLanguage":"pt-BR","@id":"https:\/\/www.suno.com.br\/noticias\/#\/schema\/logo\/image\/","url":"https:\/\/files.sunoresearch.com.br\/n\/uploads\/2021\/09\/suno-logo.png","contentUrl":"https:\/\/files.sunoresearch.com.br\/n\/uploads\/2021\/09\/suno-logo.png","width":180,"height":180,"caption":"Suno Not\u00edcias"},"image":{"@id":"https:\/\/www.suno.com.br\/noticias\/#\/schema\/logo\/image\/"},"sameAs":["https:\/\/facebook.com\/sunoresearch","https:\/\/x.com\/sunoresearch","https:\/\/www.instagram.com\/suno","https:\/\/www.linkedin.com\/company\/suno-research\/","https:\/\/www.youtube.com\/c\/sunoresearch"]},{"@type":"Person","@id":"https:\/\/www.suno.com.br\/noticias\/#\/schema\/person\/7f4d362bf3518e76090143ae77bb49a5","name":"Eduardo Vargas","image":{"@type":"ImageObject","inLanguage":"pt-BR","@id":"https:\/\/www.suno.com.br\/noticias\/#\/schema\/person\/image\/","url":"https:\/\/secure.gravatar.com\/avatar\/dac340933427a22924c9f99d1eb2e3f2?s=96&r=g","contentUrl":"https:\/\/secure.gravatar.com\/avatar\/dac340933427a22924c9f99d1eb2e3f2?s=96&r=g","caption":"Eduardo Vargas"},"description":"Jornalista formado pela UFSC, cobre macroeconomia, neg\u00f3cios e startups para o Suno Not\u00edcias, escrevendo principalmente not\u00edcias sobre o mercado financeiro e a bolsa de valores. No YouTube e no Instagram, \u00e9 respons\u00e1vel pela produ\u00e7\u00e3o de Reels e Shorts do Suno Not\u00edcias. Anteriormente, trabalhou cobrindo economia e cotidiano no ND+ e para o ND, maior jornal impresso de Santa Catarina. Cursou um semestre letivo de Estudos de M\u00eddia na Universidad de Buenos Aires.","url":"https:\/\/www.suno.com.br\/noticias\/author\/eduardo-vargas\/"}]}},"default_loop_html":"<div class=\"cardsPage__listCard__boxs\"><div class=\"cardsPage__listCard__boxs__img\"><a href=\"https:\/\/www.suno.com.br\/noticias\/oceanpact-opct3-aquisicao-acoes-up-offshore\/\"><img class=\"mask\" src=\"https:\/\/www.suno.com.br\/noticias\/wp-content\/themes\/suno\/resources\/images\/spotlight\/spotlight1img\/bg-mask.png\" alt=\"Image Mask\"\/><img src=\"https:\/\/files.sunoresearch.com.br\/n\/uploads\/2021\/05\/9907bf99-jim-obrien-400x200.webp\" alt=\"OceanPact (OPCT3) conclui aquisi\u00e7\u00e3o de a\u00e7\u00f5es da UP Offshore\"\/><\/a><span class=\"spotlightCategory\"><a href=\"https:\/\/www.suno.com.br\/noticias\/negocios\/\">Neg\u00f3cios<\/a><\/span><\/div><div class=\"cardsPage__listCard__boxs__content\"><a href=\"https:\/\/www.suno.com.br\/noticias\/oceanpact-opct3-aquisicao-acoes-up-offshore\/\"><h2 class=\"content__title\">OceanPact (OPCT3) conclui aquisi\u00e7\u00e3o de a\u00e7\u00f5es da UP Offshore<\/h2><\/a><div class=\"newsContent__article__meta\"><div class=\"newsContent__article__meta__authorBox\"><a href=\"https:\/\/www.suno.com.br\/noticias\/author\/eduardo-vargas\/\" class=\"authorBox__avatar noMobi\"><img src=\"https:\/\/secure.gravatar.com\/avatar\/dac340933427a22924c9f99d1eb2e3f2?s=96&#038;r=g\" alt=\"Eduardo Vargas\"><\/a><div class=\"authorBox__name\"><span>por\n\t\t\t<a href=\"https:\/\/www.suno.com.br\/noticias\/author\/eduardo-vargas\/\"><span itemprop=\"author\">Eduardo Vargas<\/span><\/a><\/span><time datetime=\"2021-05-10T13:53:42-03:00\" itemprop=\"datePublished\">10\/05\/2021 13:53<\/time><\/div><\/div><\/div><\/div><\/div>","single_layout":"posts","amp_enabled":true,"_links":{"self":[{"href":"https:\/\/www.suno.com.br\/noticias\/wp-json\/wp\/v2\/posts\/146053"}],"collection":[{"href":"https:\/\/www.suno.com.br\/noticias\/wp-json\/wp\/v2\/posts"}],"about":[{"href":"https:\/\/www.suno.com.br\/noticias\/wp-json\/wp\/v2\/types\/post"}],"author":[{"embeddable":true,"href":"https:\/\/www.suno.com.br\/noticias\/wp-json\/wp\/v2\/users\/73"}],"replies":[{"embeddable":true,"href":"https:\/\/www.suno.com.br\/noticias\/wp-json\/wp\/v2\/comments?post=146053"}],"version-history":[{"count":3,"href":"https:\/\/www.suno.com.br\/noticias\/wp-json\/wp\/v2\/posts\/146053\/revisions"}],"predecessor-version":[{"id":149111,"href":"https:\/\/www.suno.com.br\/noticias\/wp-json\/wp\/v2\/posts\/146053\/revisions\/149111"}],"wp:featuredmedia":[{"embeddable":true,"href":"https:\/\/www.suno.com.br\/noticias\/wp-json\/wp\/v2\/media\/146126"}],"wp:attachment":[{"href":"https:\/\/www.suno.com.br\/noticias\/wp-json\/wp\/v2\/media?parent=146053"}],"wp:term":[{"taxonomy":"category","embeddable":true,"href":"https:\/\/www.suno.com.br\/noticias\/wp-json\/wp\/v2\/categories?post=146053"},{"taxonomy":"post_tag","embeddable":true,"href":"https:\/\/www.suno.com.br\/noticias\/wp-json\/wp\/v2\/tags?post=146053"},{"taxonomy":"suno_strategy","embeddable":true,"href":"https:\/\/www.suno.com.br\/noticias\/wp-json\/wp\/v2\/suno_strategy?post=146053"}],"curies":[{"name":"wp","href":"https:\/\/api.w.org\/{rel}","templated":true}]}}