{"id":145993,"date":"2021-05-10T10:24:24","date_gmt":"2021-05-10T13:24:24","guid":{"rendered":"https:\/\/www.suno.com.br\/noticias\/?p=145993"},"modified":"2021-05-10T10:24:24","modified_gmt":"2021-05-10T13:24:24","slug":"melinda-gates-advogados-divorcio-bill","status":"publish","type":"post","link":"https:\/\/www.suno.com.br\/noticias\/melinda-gates-advogados-divorcio-bill\/","title":{"rendered":"Melinda Gates j\u00e1 procurava advogados para div\u00f3rcio desde 2019, diz jornal"},"content":{"rendered":"<p><strong>Melinda<\/strong> <strong>Gates<\/strong> j\u00e1 havia procurado advogados para falar sobre seu div\u00f3rcio com Bill Gates em 2019, afirmando que o casamento estaria &#8220;irreparavelmente rompido&#8221;. As informa\u00e7\u00f5es foram dadas pelo\u00a0<em>Wall Street Journal<\/em> durante o \u00faltimo domingo (9).<\/p>\t<div class=\"wrapper-featured-image\">\n\t\t<figure class=\"spotlightImg\">\n\n\t\t\t<picture>\n\t\t\t\t<source media=\"(max-width: 768px)\" srcset=\"https:\/\/files.sunoresearch.com.br\/n\/uploads\/2021\/05\/a7a9adbc-56592013_10156123018416961_6919163181092831232_n-400x200.webp\">\n\t\t\t\t<img loading=\"lazy\" decoding=\"async\" class=\"newsContent__article__imgCapa lazyloadDisabled \" src=\"https:\/\/files.sunoresearch.com.br\/n\/uploads\/2021\/05\/a7a9adbc-56592013_10156123018416961_6919163181092831232_n-800x450.webp\" width=\"800\" height=\"450\" alt=\"Melinda Gates j\u00e1 procurava advogados para div\u00f3rcio desde 2019, diz jornal\" fetchpriority=high \/>\n\t\t\t<\/picture>\n\n\t\t\t<figcaption class=\"wp-caption-text wp-caption-text--show\">Bill Gates e Melinda Gates. Foto: Reprodu\u00e7\u00e3o Facebook<\/figcaption>\n\t\t<\/figure>\n\t<\/div>\n\n\n<p><span style=\"font-weight: 400;\">\t<p>\n\t\t<a href=\"https:\/\/lp.suno.com.br\/planilha-controle-gastos\/\" target=\"_blank\" data-element=\"shortcode-suno-banner\" title=\"Banner SUNO, clique e saiba mais\">\n\t\t\t<picture>\n\t\t\t\t<source media=\"(max-width: 500px)\" srcset=\"https:\/\/files.sunoresearch.com.br\/n\/uploads\/2023\/03\/400x300-Planilha-controle-de-gastos.png\">\n\t\t\t\t<img class=\"newsContent__article__imgCapa newsContent__article__imgCapa--banner\"\n\t\t\t\t\tsrc=\"https:\/\/files.sunoresearch.com.br\/n\/uploads\/2023\/03\/1420x240-Planilha-controle-de-gastos.png\"\n\t\t\t\t\tdata-promo-id=\"101751\"\t\t\t\t\t\t\t\t\t\twidth='1420' height='240'\t\t\t\t\talt=\"https:\/\/files.sunoresearch.com.br\/n\/uploads\/2023\/03\/1420x240-Planilha-controle-de-gastos.png\"\n\t\t\t\t>\n\t\t\t<\/picture>\n\t\t<\/a>\n\t<\/p>\n\n<\/span><\/p>\n<p>O <strong>div\u00f3rcio<\/strong> <a href=\"https:\/\/www.suno.com.br\/noticias\/bill-gates-anuncia-divorcio\/\">foi anunciado oficialmente na segunda-feira passada<\/a>, dia 3, dando um ponto final ao casamento de 27 anos. Ambos n\u00e3o deram motivos para o t\u00e9rmino, mas afirmaram que os trabalhos na <strong>Funda\u00e7\u00e3o Bill &amp; Melinda Gates<\/strong>, institui\u00e7\u00e3o filantr\u00f3pica fundada por ambos, seguem sem altera\u00e7\u00e3o.<\/p>\n<p>Contudo, apesar de os motivos n\u00e3o terem vido \u00e0 tona por algum dos dois, os relatos colhidos pelo jornal americano s\u00e3o de que Melinda teria muita preocupa\u00e7\u00e3o acerca da amizade do fundador da <a href=\"https:\/\/www.suno.com.br\/noticias\/microsoft-msft34-resultados-acima-consenso-1t21\/\"><strong>Microsoft<\/strong> (MSFT34)<\/a> com Jeffrey Epstein, condenado por ter abusado sexualmente de menores de idade.<\/p>\n<p>O WSJ informou ter contatado porta-vozes de Bill e de Melinda, mas ambos declinaram.<\/p>\n<p><a href=\"https:\/\/lp.suno.com.br\/suno-one\/?ppp=noticias\/hospital-care-pedido-ipo-cvm\/\"><b>Suno One: acesse gratuitamente eBooks, Minicursos, Artigos e V\u00eddeo Aulas sobre investimentos com um \u00fanico cadastro. Clique para saber mais!<\/b><\/a><\/p>\n<p>Epstein foi condenado em 2008, e novamente em 2019, onde ganhou mais holofotes, especialmente por manter rela\u00e7\u00f5es pr\u00f3ximas com diversas personalidades como Bill Clinton, Donald Trump, Michael Bloomber, Michael Jackson e membros das fam\u00edlias Rockefeller e Rothschild.<\/p>\n<p>Depois do an\u00fancio do <strong>div\u00f3rcio<\/strong>, fontes disseram ao WSJ que a amizade entre Bill Gates e Epstein ainda assombrava Melinda. Eles se conheceram em 2011, tr\u00eas anos depois da primeira condena\u00e7\u00e3o de Epstein.<\/p>\n<p><span style=\"font-weight: 400;\">\t<div data-element=\"shortcode-read-more\" class=\"knowMore\">\n\t\t\t\t<span class=\"knowMore__title\">Saiba mais<\/span>\n\t\t\t\t<a class=\"knowMore__link\" href=\"https:\/\/www.suno.com.br\/noticias\/bezos-gates-estao-entre-perfis-twitter-foram-hackeados\/\">\n\t\t\tMusk, Gates e outras celebridades tiveram os perfis no Twitter hackeados\t\t<\/a>\n\t<\/div>\n\n<\/span><\/p>\n<p>O casal teria estado na resid\u00eancia de Epstein ainda em 2013, em Nova York. Outro ve\u00edculo, o Daily Beast, j\u00e1 havia informado que a estadia <a href=\"https:\/\/www.suno.com.br\/noticias\/melinda-18-bi-acoes-divorcio-bill-gates\/\">havia deixado Melinda desconfort\u00e1vel<\/a>. Pessoas pr\u00f3ximas ao casal disseram que ela teria ficado \u201cfuriosa\u201d com a amizade entre os dois.<\/p>\n<p><span style=\"font-weight: 400;\">\t<p>\n\t\t<a href=\"https:\/\/lp.suno.com.br\/planilha-de-controle-de-investimentos\/\" target=\"_blank\" data-element=\"shortcode-suno-banner\" title=\"Banner SUNO, clique e saiba mais\">\n\t\t\t<picture>\n\t\t\t\t<source media=\"(max-width: 500px)\" srcset=\"https:\/\/files.sunoresearch.com.br\/n\/uploads\/2023\/03\/400x300-Controle-de-Investimentos.png\">\n\t\t\t\t<img class=\"newsContent__article__imgCapa newsContent__article__imgCapa--banner\"\n\t\t\t\t\tsrc=\"https:\/\/files.sunoresearch.com.br\/n\/uploads\/2023\/03\/1420x240-Controle-de-Investimentos.png\"\n\t\t\t\t\tdata-promo-id=\"75934\"\t\t\t\t\t\t\t\t\t\twidth='1420' height='240'\t\t\t\t\talt=\"https:\/\/files.sunoresearch.com.br\/n\/uploads\/2023\/03\/1420x240-Controle-de-Investimentos.png\"\n\t\t\t\t>\n\t\t\t<\/picture>\n\t\t<\/a>\n\t<\/p>\n\n<\/span><\/p>\n<p>O encontro entre Bille e Epstein foi noticiado pelo The New York Times em 2019, dois meses ap\u00f3s a morte de Epstein. Foi ap\u00f3s isso, segundo o WSJ, que Melinda teria falado com seus advogados por v\u00e1rias vezes para discutir o <strong>div\u00f3rcio<\/strong>.<\/p>\n<h2>Bill e Melinda j\u00e1 havia esbo\u00e7ado comportamento at\u00edpico anteriormente<\/h2>\n<p>Ainda em 2020, Bill e <strong>Melinda Gates<\/strong> anunciaram que n\u00e3o iriam ao F\u00f3rum Econ\u00f4mico Mundial em Davos, na Su\u00ed\u00e7a, reuni\u00e3o da qual ambos participavam h\u00e1 v\u00e1rias edi\u00e7\u00f5es consecutivas.<\/p>\n<p>Pouco depois, em mar\u00e7o, Bill Gates anunciou que estava renunciando aos conselhos da Microsoft e da Berkshire Hathaway, fundada por Warren Buffet.<\/p>\n<p><span style=\"font-weight: 400;\">\u00a0\t<p>\n\t\t<a href=\"https:\/\/lp.suno.com.br\/planilha-da-vida-financeira\/\" target=\"_blank\" data-element=\"shortcode-suno-banner\" title=\"Banner SUNO, clique e saiba mais\">\n\t\t\t<picture>\n\t\t\t\t<source media=\"(max-width: 500px)\" srcset=\"https:\/\/files.sunoresearch.com.br\/n\/uploads\/2023\/04\/400x300-Planilha-vida-financeira-true.png\">\n\t\t\t\t<img class=\"newsContent__article__imgCapa newsContent__article__imgCapa--banner\"\n\t\t\t\t\tsrc=\"https:\/\/files.sunoresearch.com.br\/n\/uploads\/2023\/04\/1420x240-Planilha-vida-financeira-true.png\"\n\t\t\t\t\tdata-promo-id=\"106682\"\t\t\t\t\t\t\t\t\t\twidth='1420' height='240'\t\t\t\t\talt=\"https:\/\/files.sunoresearch.com.br\/n\/uploads\/2023\/04\/1420x240-Planilha-vida-financeira-true.png\"\n\t\t\t\t>\n\t\t\t<\/picture>\n\t\t<\/a>\n\t<\/p>\n\n<\/span><\/p>\n","protected":false},"excerpt":{"rendered":"<p>Melinda Gates j\u00e1 havia procurado advogados para falar sobre seu div\u00f3rcio com Bill Gates em 2019, afirmando que o casamento estaria &#8220;irreparavelmente rompido&#8221;. As informa\u00e7\u00f5es foram dadas pelo\u00a0Wall Street Journal durante o \u00faltimo domingo (9). Bill Gates e Melinda Gates. Foto: Reprodu\u00e7\u00e3o Facebook O div\u00f3rcio foi anunciado oficialmente na segunda-feira passada, dia 3, dando um [&hellip;]<\/p>\n","protected":false},"author":73,"featured_media":144406,"comment_status":"closed","ping_status":"closed","sticky":false,"template":"","format":"standard","meta":[],"categories":[63],"tags":[1290,688],"suno_strategy":[],"class_list":["post-145993","post","type-post","status-publish","format-standard","has-post-thumbnail","hentry","category-internacional","tag-bill-gates","tag-microsoft-msft34"],"yoast_head":"<!-- This site is optimized with the Yoast SEO plugin v24.4 - https:\/\/yoast.com\/wordpress\/plugins\/seo\/ -->\n<title>Melinda Gates j\u00e1 procurava advogados para div\u00f3rcio desde 2019<\/title>\n<meta name=\"description\" content=\"Melinda Gates mirava div\u00f3rcio ap\u00f3s estadia do casal na casa de Epstein. A amizade entre Bill e o condenado por abuso teria sido a motiva\u00e7\u00e3o\" \/>\n<meta name=\"robots\" content=\"index, follow, max-snippet:-1, max-image-preview:large, max-video-preview:-1\" \/>\n<link rel=\"canonical\" href=\"https:\/\/www.suno.com.br\/noticias\/melinda-gates-advogados-divorcio-bill\/\" \/>\n<meta property=\"og:locale\" content=\"pt_BR\" \/>\n<meta property=\"og:type\" content=\"article\" \/>\n<meta property=\"og:title\" content=\"Melinda Gates j\u00e1 procurava advogados para div\u00f3rcio desde 2019\" \/>\n<meta property=\"og:description\" content=\"Melinda Gates mirava div\u00f3rcio ap\u00f3s estadia do casal na casa de Epstein. A amizade entre Bill e o condenado por abuso teria sido a motiva\u00e7\u00e3o\" \/>\n<meta property=\"og:url\" content=\"https:\/\/www.suno.com.br\/noticias\/melinda-gates-advogados-divorcio-bill\/\" \/>\n<meta property=\"og:site_name\" content=\"Suno Not\u00edcias\" \/>\n<meta property=\"article:publisher\" content=\"https:\/\/facebook.com\/sunoresearch\" \/>\n<meta property=\"og:image\" content=\"https:\/\/files.sunoresearch.com.br\/n\/uploads\/2021\/05\/a7a9adbc-56592013_10156123018416961_6919163181092831232_n.jpg\" \/>\n\t<meta property=\"og:image:width\" content=\"1200\" \/>\n\t<meta property=\"og:image:height\" content=\"900\" \/>\n\t<meta property=\"og:image:type\" content=\"image\/jpeg\" \/>\n<meta name=\"author\" content=\"Eduardo Vargas\" \/>\n<meta name=\"twitter:card\" content=\"summary_large_image\" \/>\n<meta name=\"twitter:creator\" content=\"@sunoresearch\" \/>\n<meta name=\"twitter:site\" content=\"@sunoresearch\" \/>\n<meta name=\"twitter:label1\" content=\"Escrito por\" \/>\n\t<meta name=\"twitter:data1\" content=\"Eduardo Vargas\" \/>\n\t<meta name=\"twitter:label2\" content=\"Est. tempo de leitura\" \/>\n\t<meta name=\"twitter:data2\" content=\"2 minutos\" \/>\n<script type=\"application\/ld+json\" class=\"yoast-schema-graph\">{\"@context\":\"https:\/\/schema.org\",\"@graph\":[{\"@type\":\"NewsArticle\",\"@id\":\"https:\/\/www.suno.com.br\/noticias\/melinda-gates-advogados-divorcio-bill\/#article\",\"isPartOf\":{\"@id\":\"https:\/\/www.suno.com.br\/noticias\/melinda-gates-advogados-divorcio-bill\/\"},\"author\":{\"name\":\"Eduardo Vargas\",\"@id\":\"https:\/\/www.suno.com.br\/noticias\/#\/schema\/person\/7f4d362bf3518e76090143ae77bb49a5\"},\"headline\":\"Melinda Gates j\u00e1 procurava advogados para div\u00f3rcio desde 2019, diz jornal\",\"datePublished\":\"2021-05-10T13:24:24+00:00\",\"mainEntityOfPage\":{\"@id\":\"https:\/\/www.suno.com.br\/noticias\/melinda-gates-advogados-divorcio-bill\/\"},\"wordCount\":432,\"publisher\":{\"@id\":\"https:\/\/www.suno.com.br\/noticias\/#organization\"},\"image\":{\"@id\":\"https:\/\/www.suno.com.br\/noticias\/melinda-gates-advogados-divorcio-bill\/#primaryimage\"},\"thumbnailUrl\":\"https:\/\/files.sunoresearch.com.br\/n\/uploads\/2021\/05\/a7a9adbc-56592013_10156123018416961_6919163181092831232_n-jpg.webp\",\"keywords\":[\"Bill Gates\",\"Microsoft (MSFT34)\"],\"articleSection\":[\"Internacional\"],\"inLanguage\":\"pt-BR\"},{\"@type\":\"WebPage\",\"@id\":\"https:\/\/www.suno.com.br\/noticias\/melinda-gates-advogados-divorcio-bill\/\",\"url\":\"https:\/\/www.suno.com.br\/noticias\/melinda-gates-advogados-divorcio-bill\/\",\"name\":\"Melinda Gates j\u00e1 procurava advogados para div\u00f3rcio desde 2019\",\"isPartOf\":{\"@id\":\"https:\/\/www.suno.com.br\/noticias\/#website\"},\"primaryImageOfPage\":{\"@id\":\"https:\/\/www.suno.com.br\/noticias\/melinda-gates-advogados-divorcio-bill\/#primaryimage\"},\"image\":{\"@id\":\"https:\/\/www.suno.com.br\/noticias\/melinda-gates-advogados-divorcio-bill\/#primaryimage\"},\"thumbnailUrl\":\"https:\/\/files.sunoresearch.com.br\/n\/uploads\/2021\/05\/a7a9adbc-56592013_10156123018416961_6919163181092831232_n-jpg.webp\",\"datePublished\":\"2021-05-10T13:24:24+00:00\",\"description\":\"Melinda Gates mirava div\u00f3rcio ap\u00f3s estadia do casal na casa de Epstein. A amizade entre Bill e o condenado por abuso teria sido a motiva\u00e7\u00e3o\",\"breadcrumb\":{\"@id\":\"https:\/\/www.suno.com.br\/noticias\/melinda-gates-advogados-divorcio-bill\/#breadcrumb\"},\"inLanguage\":\"pt-BR\",\"potentialAction\":[{\"@type\":\"ReadAction\",\"target\":[\"https:\/\/www.suno.com.br\/noticias\/melinda-gates-advogados-divorcio-bill\/\"]}]},{\"@type\":\"ImageObject\",\"inLanguage\":\"pt-BR\",\"@id\":\"https:\/\/www.suno.com.br\/noticias\/melinda-gates-advogados-divorcio-bill\/#primaryimage\",\"url\":\"https:\/\/files.sunoresearch.com.br\/n\/uploads\/2021\/05\/a7a9adbc-56592013_10156123018416961_6919163181092831232_n-jpg.webp\",\"contentUrl\":\"https:\/\/files.sunoresearch.com.br\/n\/uploads\/2021\/05\/a7a9adbc-56592013_10156123018416961_6919163181092831232_n-jpg.webp\",\"width\":1200,\"height\":900,\"caption\":\"Bill Gates e Melinda Gates. Foto: Reprodu\u00e7\u00e3o Facebook\"},{\"@type\":\"BreadcrumbList\",\"@id\":\"https:\/\/www.suno.com.br\/noticias\/melinda-gates-advogados-divorcio-bill\/#breadcrumb\",\"itemListElement\":[{\"@type\":\"ListItem\",\"position\":1,\"name\":\"Not\u00edcias\",\"item\":\"https:\/\/www.suno.com.br\/noticias\/\"},{\"@type\":\"ListItem\",\"position\":2,\"name\":\"Internacional\",\"item\":\"https:\/\/www.suno.com.br\/noticias\/internacional\/\"},{\"@type\":\"ListItem\",\"position\":3,\"name\":\"Melinda Gates j\u00e1 procurava advogados para div\u00f3rcio desde 2019, diz jornal\"}]},{\"@type\":\"WebSite\",\"@id\":\"https:\/\/www.suno.com.br\/noticias\/#website\",\"url\":\"https:\/\/www.suno.com.br\/noticias\/\",\"name\":\"Suno Not\u00edcias\",\"description\":\"Seu portal de informa\u00e7\u00e3o sobre o mundo dos investimentos\",\"publisher\":{\"@id\":\"https:\/\/www.suno.com.br\/noticias\/#organization\"},\"potentialAction\":[{\"@type\":\"SearchAction\",\"target\":{\"@type\":\"EntryPoint\",\"urlTemplate\":\"https:\/\/www.suno.com.br\/noticias\/?s={search_term_string}\"},\"query-input\":{\"@type\":\"PropertyValueSpecification\",\"valueRequired\":true,\"valueName\":\"search_term_string\"}}],\"inLanguage\":\"pt-BR\"},{\"@type\":\"Organization\",\"@id\":\"https:\/\/www.suno.com.br\/noticias\/#organization\",\"name\":\"Suno Not\u00edcias\",\"url\":\"https:\/\/www.suno.com.br\/noticias\/\",\"logo\":{\"@type\":\"ImageObject\",\"inLanguage\":\"pt-BR\",\"@id\":\"https:\/\/www.suno.com.br\/noticias\/#\/schema\/logo\/image\/\",\"url\":\"https:\/\/files.sunoresearch.com.br\/n\/uploads\/2021\/09\/suno-logo.png\",\"contentUrl\":\"https:\/\/files.sunoresearch.com.br\/n\/uploads\/2021\/09\/suno-logo.png\",\"width\":180,\"height\":180,\"caption\":\"Suno Not\u00edcias\"},\"image\":{\"@id\":\"https:\/\/www.suno.com.br\/noticias\/#\/schema\/logo\/image\/\"},\"sameAs\":[\"https:\/\/facebook.com\/sunoresearch\",\"https:\/\/x.com\/sunoresearch\",\"https:\/\/www.instagram.com\/suno\",\"https:\/\/www.linkedin.com\/company\/suno-research\/\",\"https:\/\/www.youtube.com\/c\/sunoresearch\"]},{\"@type\":\"Person\",\"@id\":\"https:\/\/www.suno.com.br\/noticias\/#\/schema\/person\/7f4d362bf3518e76090143ae77bb49a5\",\"name\":\"Eduardo Vargas\",\"image\":{\"@type\":\"ImageObject\",\"inLanguage\":\"pt-BR\",\"@id\":\"https:\/\/www.suno.com.br\/noticias\/#\/schema\/person\/image\/\",\"url\":\"https:\/\/secure.gravatar.com\/avatar\/dac340933427a22924c9f99d1eb2e3f2?s=96&r=g\",\"contentUrl\":\"https:\/\/secure.gravatar.com\/avatar\/dac340933427a22924c9f99d1eb2e3f2?s=96&r=g\",\"caption\":\"Eduardo Vargas\"},\"description\":\"Jornalista formado pela UFSC, cobre macroeconomia, neg\u00f3cios e startups para o Suno Not\u00edcias, escrevendo principalmente not\u00edcias sobre o mercado financeiro e a bolsa de valores. No YouTube e no Instagram, \u00e9 respons\u00e1vel pela produ\u00e7\u00e3o de Reels e Shorts do Suno Not\u00edcias. Anteriormente, trabalhou cobrindo economia e cotidiano no ND+ e para o ND, maior jornal impresso de Santa Catarina. Cursou um semestre letivo de Estudos de M\u00eddia na Universidad de Buenos Aires.\",\"url\":\"https:\/\/www.suno.com.br\/noticias\/author\/eduardo-vargas\/\"}]}<\/script>\n<!-- \/ Yoast SEO plugin. -->","yoast_head_json":{"title":"Melinda Gates j\u00e1 procurava advogados para div\u00f3rcio desde 2019","description":"Melinda Gates mirava div\u00f3rcio ap\u00f3s estadia do casal na casa de Epstein. A amizade entre Bill e o condenado por abuso teria sido a motiva\u00e7\u00e3o","robots":{"index":"index","follow":"follow","max-snippet":"max-snippet:-1","max-image-preview":"max-image-preview:large","max-video-preview":"max-video-preview:-1"},"canonical":"https:\/\/www.suno.com.br\/noticias\/melinda-gates-advogados-divorcio-bill\/","og_locale":"pt_BR","og_type":"article","og_title":"Melinda Gates j\u00e1 procurava advogados para div\u00f3rcio desde 2019","og_description":"Melinda Gates mirava div\u00f3rcio ap\u00f3s estadia do casal na casa de Epstein. A amizade entre Bill e o condenado por abuso teria sido a motiva\u00e7\u00e3o","og_url":"https:\/\/www.suno.com.br\/noticias\/melinda-gates-advogados-divorcio-bill\/","og_site_name":"Suno Not\u00edcias","article_publisher":"https:\/\/facebook.com\/sunoresearch","og_image":[{"width":1200,"height":900,"url":"https:\/\/files.sunoresearch.com.br\/n\/uploads\/2021\/05\/a7a9adbc-56592013_10156123018416961_6919163181092831232_n.jpg","type":"image\/jpeg"}],"author":"Eduardo Vargas","twitter_card":"summary_large_image","twitter_creator":"@sunoresearch","twitter_site":"@sunoresearch","twitter_misc":{"Escrito por":"Eduardo Vargas","Est. tempo de leitura":"2 minutos"},"schema":{"@context":"https:\/\/schema.org","@graph":[{"@type":"NewsArticle","@id":"https:\/\/www.suno.com.br\/noticias\/melinda-gates-advogados-divorcio-bill\/#article","isPartOf":{"@id":"https:\/\/www.suno.com.br\/noticias\/melinda-gates-advogados-divorcio-bill\/"},"author":{"name":"Eduardo Vargas","@id":"https:\/\/www.suno.com.br\/noticias\/#\/schema\/person\/7f4d362bf3518e76090143ae77bb49a5"},"headline":"Melinda Gates j\u00e1 procurava advogados para div\u00f3rcio desde 2019, diz jornal","datePublished":"2021-05-10T13:24:24+00:00","mainEntityOfPage":{"@id":"https:\/\/www.suno.com.br\/noticias\/melinda-gates-advogados-divorcio-bill\/"},"wordCount":432,"publisher":{"@id":"https:\/\/www.suno.com.br\/noticias\/#organization"},"image":{"@id":"https:\/\/www.suno.com.br\/noticias\/melinda-gates-advogados-divorcio-bill\/#primaryimage"},"thumbnailUrl":"https:\/\/files.sunoresearch.com.br\/n\/uploads\/2021\/05\/a7a9adbc-56592013_10156123018416961_6919163181092831232_n-jpg.webp","keywords":["Bill Gates","Microsoft (MSFT34)"],"articleSection":["Internacional"],"inLanguage":"pt-BR"},{"@type":"WebPage","@id":"https:\/\/www.suno.com.br\/noticias\/melinda-gates-advogados-divorcio-bill\/","url":"https:\/\/www.suno.com.br\/noticias\/melinda-gates-advogados-divorcio-bill\/","name":"Melinda Gates j\u00e1 procurava advogados para div\u00f3rcio desde 2019","isPartOf":{"@id":"https:\/\/www.suno.com.br\/noticias\/#website"},"primaryImageOfPage":{"@id":"https:\/\/www.suno.com.br\/noticias\/melinda-gates-advogados-divorcio-bill\/#primaryimage"},"image":{"@id":"https:\/\/www.suno.com.br\/noticias\/melinda-gates-advogados-divorcio-bill\/#primaryimage"},"thumbnailUrl":"https:\/\/files.sunoresearch.com.br\/n\/uploads\/2021\/05\/a7a9adbc-56592013_10156123018416961_6919163181092831232_n-jpg.webp","datePublished":"2021-05-10T13:24:24+00:00","description":"Melinda Gates mirava div\u00f3rcio ap\u00f3s estadia do casal na casa de Epstein. A amizade entre Bill e o condenado por abuso teria sido a motiva\u00e7\u00e3o","breadcrumb":{"@id":"https:\/\/www.suno.com.br\/noticias\/melinda-gates-advogados-divorcio-bill\/#breadcrumb"},"inLanguage":"pt-BR","potentialAction":[{"@type":"ReadAction","target":["https:\/\/www.suno.com.br\/noticias\/melinda-gates-advogados-divorcio-bill\/"]}]},{"@type":"ImageObject","inLanguage":"pt-BR","@id":"https:\/\/www.suno.com.br\/noticias\/melinda-gates-advogados-divorcio-bill\/#primaryimage","url":"https:\/\/files.sunoresearch.com.br\/n\/uploads\/2021\/05\/a7a9adbc-56592013_10156123018416961_6919163181092831232_n-jpg.webp","contentUrl":"https:\/\/files.sunoresearch.com.br\/n\/uploads\/2021\/05\/a7a9adbc-56592013_10156123018416961_6919163181092831232_n-jpg.webp","width":1200,"height":900,"caption":"Bill Gates e Melinda Gates. Foto: Reprodu\u00e7\u00e3o Facebook"},{"@type":"BreadcrumbList","@id":"https:\/\/www.suno.com.br\/noticias\/melinda-gates-advogados-divorcio-bill\/#breadcrumb","itemListElement":[{"@type":"ListItem","position":1,"name":"Not\u00edcias","item":"https:\/\/www.suno.com.br\/noticias\/"},{"@type":"ListItem","position":2,"name":"Internacional","item":"https:\/\/www.suno.com.br\/noticias\/internacional\/"},{"@type":"ListItem","position":3,"name":"Melinda Gates j\u00e1 procurava advogados para div\u00f3rcio desde 2019, diz jornal"}]},{"@type":"WebSite","@id":"https:\/\/www.suno.com.br\/noticias\/#website","url":"https:\/\/www.suno.com.br\/noticias\/","name":"Suno Not\u00edcias","description":"Seu portal de informa\u00e7\u00e3o sobre o mundo dos investimentos","publisher":{"@id":"https:\/\/www.suno.com.br\/noticias\/#organization"},"potentialAction":[{"@type":"SearchAction","target":{"@type":"EntryPoint","urlTemplate":"https:\/\/www.suno.com.br\/noticias\/?s={search_term_string}"},"query-input":{"@type":"PropertyValueSpecification","valueRequired":true,"valueName":"search_term_string"}}],"inLanguage":"pt-BR"},{"@type":"Organization","@id":"https:\/\/www.suno.com.br\/noticias\/#organization","name":"Suno Not\u00edcias","url":"https:\/\/www.suno.com.br\/noticias\/","logo":{"@type":"ImageObject","inLanguage":"pt-BR","@id":"https:\/\/www.suno.com.br\/noticias\/#\/schema\/logo\/image\/","url":"https:\/\/files.sunoresearch.com.br\/n\/uploads\/2021\/09\/suno-logo.png","contentUrl":"https:\/\/files.sunoresearch.com.br\/n\/uploads\/2021\/09\/suno-logo.png","width":180,"height":180,"caption":"Suno Not\u00edcias"},"image":{"@id":"https:\/\/www.suno.com.br\/noticias\/#\/schema\/logo\/image\/"},"sameAs":["https:\/\/facebook.com\/sunoresearch","https:\/\/x.com\/sunoresearch","https:\/\/www.instagram.com\/suno","https:\/\/www.linkedin.com\/company\/suno-research\/","https:\/\/www.youtube.com\/c\/sunoresearch"]},{"@type":"Person","@id":"https:\/\/www.suno.com.br\/noticias\/#\/schema\/person\/7f4d362bf3518e76090143ae77bb49a5","name":"Eduardo Vargas","image":{"@type":"ImageObject","inLanguage":"pt-BR","@id":"https:\/\/www.suno.com.br\/noticias\/#\/schema\/person\/image\/","url":"https:\/\/secure.gravatar.com\/avatar\/dac340933427a22924c9f99d1eb2e3f2?s=96&r=g","contentUrl":"https:\/\/secure.gravatar.com\/avatar\/dac340933427a22924c9f99d1eb2e3f2?s=96&r=g","caption":"Eduardo Vargas"},"description":"Jornalista formado pela UFSC, cobre macroeconomia, neg\u00f3cios e startups para o Suno Not\u00edcias, escrevendo principalmente not\u00edcias sobre o mercado financeiro e a bolsa de valores. No YouTube e no Instagram, \u00e9 respons\u00e1vel pela produ\u00e7\u00e3o de Reels e Shorts do Suno Not\u00edcias. Anteriormente, trabalhou cobrindo economia e cotidiano no ND+ e para o ND, maior jornal impresso de Santa Catarina. Cursou um semestre letivo de Estudos de M\u00eddia na Universidad de Buenos Aires.","url":"https:\/\/www.suno.com.br\/noticias\/author\/eduardo-vargas\/"}]}},"default_loop_html":"<div class=\"cardsPage__listCard__boxs\"><div class=\"cardsPage__listCard__boxs__img\"><a href=\"https:\/\/www.suno.com.br\/noticias\/melinda-gates-advogados-divorcio-bill\/\"><img class=\"mask\" src=\"https:\/\/www.suno.com.br\/noticias\/wp-content\/themes\/suno\/resources\/images\/spotlight\/spotlight1img\/bg-mask.png\" alt=\"Image Mask\"\/><img src=\"https:\/\/files.sunoresearch.com.br\/n\/uploads\/2021\/05\/a7a9adbc-56592013_10156123018416961_6919163181092831232_n-400x200.webp\" alt=\"Melinda Gates j\u00e1 procurava advogados para div\u00f3rcio desde 2019, diz jornal\"\/><\/a><span class=\"spotlightCategory\"><a href=\"https:\/\/www.suno.com.br\/noticias\/internacional\/\">Internacional<\/a><\/span><\/div><div class=\"cardsPage__listCard__boxs__content\"><a href=\"https:\/\/www.suno.com.br\/noticias\/melinda-gates-advogados-divorcio-bill\/\"><h2 class=\"content__title\">Melinda Gates j\u00e1 procurava advogados para div\u00f3rcio desde 2019, diz jornal<\/h2><\/a><div class=\"newsContent__article__meta\"><div class=\"newsContent__article__meta__authorBox\"><a href=\"https:\/\/www.suno.com.br\/noticias\/author\/eduardo-vargas\/\" class=\"authorBox__avatar noMobi\"><img src=\"https:\/\/secure.gravatar.com\/avatar\/dac340933427a22924c9f99d1eb2e3f2?s=96&#038;r=g\" alt=\"Eduardo Vargas\"><\/a><div class=\"authorBox__name\"><span>por\n\t\t\t<a href=\"https:\/\/www.suno.com.br\/noticias\/author\/eduardo-vargas\/\"><span itemprop=\"author\">Eduardo Vargas<\/span><\/a><\/span><time datetime=\"2021-05-10T10:24:24-03:00\" itemprop=\"datePublished\">10\/05\/2021 10:24<\/time><\/div><\/div><\/div><\/div><\/div>","single_layout":"posts","amp_enabled":true,"_links":{"self":[{"href":"https:\/\/www.suno.com.br\/noticias\/wp-json\/wp\/v2\/posts\/145993"}],"collection":[{"href":"https:\/\/www.suno.com.br\/noticias\/wp-json\/wp\/v2\/posts"}],"about":[{"href":"https:\/\/www.suno.com.br\/noticias\/wp-json\/wp\/v2\/types\/post"}],"author":[{"embeddable":true,"href":"https:\/\/www.suno.com.br\/noticias\/wp-json\/wp\/v2\/users\/73"}],"replies":[{"embeddable":true,"href":"https:\/\/www.suno.com.br\/noticias\/wp-json\/wp\/v2\/comments?post=145993"}],"version-history":[{"count":3,"href":"https:\/\/www.suno.com.br\/noticias\/wp-json\/wp\/v2\/posts\/145993\/revisions"}],"predecessor-version":[{"id":146041,"href":"https:\/\/www.suno.com.br\/noticias\/wp-json\/wp\/v2\/posts\/145993\/revisions\/146041"}],"wp:featuredmedia":[{"embeddable":true,"href":"https:\/\/www.suno.com.br\/noticias\/wp-json\/wp\/v2\/media\/144406"}],"wp:attachment":[{"href":"https:\/\/www.suno.com.br\/noticias\/wp-json\/wp\/v2\/media?parent=145993"}],"wp:term":[{"taxonomy":"category","embeddable":true,"href":"https:\/\/www.suno.com.br\/noticias\/wp-json\/wp\/v2\/categories?post=145993"},{"taxonomy":"post_tag","embeddable":true,"href":"https:\/\/www.suno.com.br\/noticias\/wp-json\/wp\/v2\/tags?post=145993"},{"taxonomy":"suno_strategy","embeddable":true,"href":"https:\/\/www.suno.com.br\/noticias\/wp-json\/wp\/v2\/suno_strategy?post=145993"}],"curies":[{"name":"wp","href":"https:\/\/api.w.org\/{rel}","templated":true}]}}