{"id":145905,"date":"2021-05-08T16:34:49","date_gmt":"2021-05-08T19:34:49","guid":{"rendered":"https:\/\/www.suno.com.br\/noticias\/?p=145905"},"modified":"2021-05-08T16:34:49","modified_gmt":"2021-05-08T19:34:49","slug":"ibovespa-sobe-dolar-cai-resumo-semana","status":"publish","type":"post","link":"https:\/\/www.suno.com.br\/noticias\/ibovespa-sobe-dolar-cai-resumo-semana\/","title":{"rendered":"Ibovespa sobe a 122 mil pontos e d\u00f3lar vai ladeira abaixo; veja o resumo da semana"},"content":{"rendered":"<p>Os resultados trimestrais das empresas brasileiras deram o tom nos preg\u00f5es do<a href=\"https:\/\/www.suno.com.br\/artigos\/ibovespa\/\" target=\"_blank\" rel=\"noopener noreferrer\"> <strong>Ibovespa<\/strong><\/a> nesta semana, e o saldo foi positivo. O \u00edndice fechou esta sexta-feira (07) com uma alta semanal de 2,7%, acompanhando o tom otimista das bolsas nos Estados Unidos, e voltou ao patamar dos 122 mil pontos.<\/p>\t<div class=\"wrapper-featured-image\">\n\t\t<figure class=\"spotlightImg\">\n\n\t\t\t<picture>\n\t\t\t\t<source media=\"(max-width: 768px)\" srcset=\"https:\/\/files.sunoresearch.com.br\/n\/uploads\/2021\/04\/9164297e-stock-exchange-4785086_1280-400x200.webp\">\n\t\t\t\t<img loading=\"lazy\" decoding=\"async\" class=\"newsContent__article__imgCapa lazyloadDisabled \" src=\"https:\/\/files.sunoresearch.com.br\/n\/uploads\/2021\/04\/9164297e-stock-exchange-4785086_1280-800x450.webp\" width=\"800\" height=\"450\" alt=\"Ibovespa sobe a 122 mil pontos e d\u00f3lar vai ladeira abaixo; veja o resumo da semana\" fetchpriority=high \/>\n\t\t\t<\/picture>\n\n\t\t\t<figcaption class=\"wp-caption-text wp-caption-text--show\">Resultados. Foto: Pixabay<\/figcaption>\n\t\t<\/figure>\n\t<\/div>\n\n\n<p><span style=\"font-weight: 400;\">\u00a0\t<p>\n\t\t<a href=\"https:\/\/lp.suno.com.br\/planilha-controle-gastos\/\" target=\"_blank\" data-element=\"shortcode-suno-banner\" title=\"Banner SUNO, clique e saiba mais\">\n\t\t\t<picture>\n\t\t\t\t<source media=\"(max-width: 500px)\" srcset=\"https:\/\/files.sunoresearch.com.br\/n\/uploads\/2023\/03\/400x300-Planilha-controle-de-gastos.png\">\n\t\t\t\t<img class=\"newsContent__article__imgCapa newsContent__article__imgCapa--banner\"\n\t\t\t\t\tsrc=\"https:\/\/files.sunoresearch.com.br\/n\/uploads\/2023\/03\/1420x240-Planilha-controle-de-gastos.png\"\n\t\t\t\t\tdata-promo-id=\"101751\"\t\t\t\t\t\t\t\t\t\twidth='1420' height='240'\t\t\t\t\talt=\"https:\/\/files.sunoresearch.com.br\/n\/uploads\/2023\/03\/1420x240-Planilha-controle-de-gastos.png\"\n\t\t\t\t>\n\t\t\t<\/picture>\n\t\t<\/a>\n\t<\/p>\n\n<\/span><\/p>\n<p>Quem acompanhou o notici\u00e1rio corporativo se deparou com v\u00e1rios resultados &#8220;quentes&#8221; de empresas brasileiras, sendo que v\u00e1rias destacaram ter vivido o melhor trimestre de suas hist\u00f3rias entre janeiro e mar\u00e7o de 2021 &#8211; caso de XP, <a href=\"https:\/\/www.suno.com.br\/acoes\/sanb11\/\" target=\"_blank\" rel=\"noopener noreferrer\">Santander (SANB11)<\/a> e<a href=\"https:\/\/www.suno.com.br\/acoes\/ggbr4\/\" target=\"_blank\" rel=\"noopener noreferrer\"> Gerdau (GGBR4)<\/a>. Outros resultados bem recebidos pelos investidores foram o do <a href=\"https:\/\/www.suno.com.br\/acoes\/bbdc4\/\" target=\"_blank\" rel=\"noopener noreferrer\">Bradesco (BBDC4)<\/a> e da <a href=\"https:\/\/www.suno.com.br\/acoes\/abev3\/\" target=\"_blank\" rel=\"noopener noreferrer\">Ambev (ABEV3)<\/a>.<\/p>\n<p>Al\u00e9m disso, a semana contou com algumas surpresas que impulsionaram alguns pap\u00e9is, caso da <a href=\"https:\/\/www.suno.com.br\/acoes\/ccro3\/\" target=\"_blank\" rel=\"noopener noreferrer\">CCR (CCRO3)<\/a>, que ter\u00e1 uma fatia vendida pela Andrade Gutierrez, e de empresas de shoppings, beneficiadas por um otimismo maior sobre a retomada do varejo f\u00edsico. Com isso, <a href=\"https:\/\/www.suno.com.br\/acoes\/brml3\/\" target=\"_blank\" rel=\"noopener noreferrer\">BRMalls (BRML3)<\/a> e <a href=\"https:\/\/www.suno.com.br\/acoes\/igta3\/\" target=\"_blank\" rel=\"noopener noreferrer\">Iguatemi (IGTA3)<\/a> ficaram entre as maiores altas do Ibovespa da semana.<\/p>\n<p><span style=\"font-weight: 400;\">\u00a0<\/span><a href=\"https:\/\/lp.suno.com.br\/suno-one\/?ppp=noticias\/hospital-care-pedido-ipo-cvm\/\"><b>Suno One: acesse gratuitamente eBooks, Minicursos, Artigos e V\u00eddeo Aulas sobre investimentos com um \u00fanico cadastro. Clique para saber mais!<\/b><\/a><\/p>\n<p>As vendas do varejo trouxeram um tom mais positivo para o setor, uma vez que as vendas, na compara\u00e7\u00e3o com mar\u00e7o de 2020, sem ajuste sazonal, tiveram alta de 2,4% em mar\u00e7o de 2021, segundo o <a href=\"https:\/\/www.suno.com.br\/artigos\/ibge\/\" target=\"_blank\" rel=\"noopener noreferrer\">Instituto Brasileiro de Geografia e Estat\u00edstica (IBGE)<\/a>.<\/p>\n<p>Outro destaque do notici\u00e1rio corporativo foi a disparada do pre\u00e7o do <strong>min\u00e9rio de ferro<\/strong>, chegando a US$ 200 por tonelada, o que sinaliza um futuro favor\u00e1vel para mineradoras como a <a href=\"https:\/\/www.suno.com.br\/acoes\/vale3\/\" target=\"_blank\" rel=\"noopener noreferrer\">Vale (VALE3)<\/a>.<\/p>\n<p>As <strong>bolsas globais<\/strong> apresentaram \u00e2nimo ao longo da semana, ajudando o Ibovespa. Nos Estados Unidos, os mercados ficaram aquecidos, principalmente depois que os dados decepcionantes sobre o desemprego afastaram o temor de uma alta nos juros.<\/p>\n<p>O \u00edndice <a href=\"https:\/\/www.suno.com.br\/artigos\/indice-dow-jones-djia\/\">Dow Jones<\/a> subiu 2,67% na semana; enquanto o \u00a0<a href=\"https:\/\/www.suno.com.br\/artigos\/sp-500\/\">S&amp;P 500<\/a> avan\u00e7ou 1,23%. A exce\u00e7\u00e3o ficou por conta do <a href=\"https:\/\/www.suno.com.br\/artigos\/nasdaq\/\">Nasdaq<\/a>, que perdeu 1,51%,<\/p>\n<p>A Europa e \u00c1sia tamb\u00e9m encerraram majoritariamente em alta, confira:<\/p>\n<ul>\n<li style=\"list-style-type: none;\">\n<ul>\n<li>Londres (<a href=\"https:\/\/www.suno.com.br\/artigos\/ftse-100\/\">FTSE 100<\/a>): +2,29%<\/li>\n<li>Frankfurt (<a href=\"https:\/\/www.suno.com.br\/artigos\/dax-30\/\">DAX 30)<\/a>: +1,74%<\/li>\n<li>Paris (<a href=\"https:\/\/www.suno.com.br\/artigos\/cac-40\/\">CAC 40<\/a>): +1,85%<\/li>\n<li>Hong Kong (<a href=\"https:\/\/www.suno.com.br\/artigos\/hang-seng\/\">Hang Seng<\/a>): -0,40%<\/li>\n<li>Xangai (SSE Composite): -0,81%<\/li>\n<li>T\u00f3quio (<a href=\"https:\/\/www.suno.com.br\/artigos\/nikkei-225\/\">Nikkei 225<\/a>): +1,89%<\/li>\n<\/ul>\n<\/li>\n<\/ul>\n<h2>Al\u00e9m de Ibovespa em alta, d\u00f3lar chamou aten\u00e7\u00e3o<\/h2>\n<p>No front macroecon\u00f4mico, a semana teve como destaque a decis\u00e3o do <a href=\"https:\/\/www.suno.com.br\/artigos\/copom\/\" target=\"_blank\" rel=\"noopener noreferrer\">Comit\u00ea de Pol\u00edtica Monet\u00e1ria (Copom)<\/a> sobre a taxa de juros, que subiu\u00a075 ponto percentual para 3,5%. O Banco Central sinalizou que far\u00e1 um movimento similar na pr\u00f3xima reuni\u00e3o, marcada para junho.<\/p>\n<p>Com o movimento de alta da Selic, o<strong> d\u00f3lar acentuou a tend\u00eancia de queda<\/strong> vista nas \u00faltimas semanas e atingiu a m\u00ednima em quatro meses. A moeda caiu 3,74% na semana, batendo a m\u00ednima de R$ 5,21 vista em janeiro.<\/p>\n<p><span style=\"font-weight: 400;\">\u00a0\t<p>\n\t\t<a href=\"https:\/\/lp.suno.com.br\/planilha-de-controle-de-investimentos\/\" target=\"_blank\" data-element=\"shortcode-suno-banner\" title=\"Banner SUNO, clique e saiba mais\">\n\t\t\t<picture>\n\t\t\t\t<source media=\"(max-width: 500px)\" srcset=\"https:\/\/files.sunoresearch.com.br\/n\/uploads\/2023\/03\/400x300-Controle-de-Investimentos.png\">\n\t\t\t\t<img class=\"newsContent__article__imgCapa newsContent__article__imgCapa--banner\"\n\t\t\t\t\tsrc=\"https:\/\/files.sunoresearch.com.br\/n\/uploads\/2023\/03\/1420x240-Controle-de-Investimentos.png\"\n\t\t\t\t\tdata-promo-id=\"75934\"\t\t\t\t\t\t\t\t\t\twidth='1420' height='240'\t\t\t\t\talt=\"https:\/\/files.sunoresearch.com.br\/n\/uploads\/2023\/03\/1420x240-Controle-de-Investimentos.png\"\n\t\t\t\t>\n\t\t\t<\/picture>\n\t\t<\/a>\n\t<\/p>\n\n \u00a0 <\/span><\/p>\n<p>Outros fatores que explicam a<a href=\"https:\/\/www.suno.com.br\/artigos\/dolar\/\" target=\"_blank\" rel=\"noopener noreferrer\"> queda do d\u00f3lar<\/a> s\u00e3o o cen\u00e1rio externo favor\u00e1vel e a entrada de d\u00f3lar no pa\u00eds. No entanto, especialistas ouvidos pelo <strong>SUNO<\/strong> Not\u00edcias acreditam que o d\u00f3lar n\u00e3o deve voltar ao patamar de R$ 5 t\u00e3o cedo.<\/p>\n<p>Em meio a uma crise sem precedentes, o notici\u00e1rio nacional trouxe nesta semana o andamento da CPI da Pandemia, com depoimento do ministro da sa\u00fade, Marcelo Queiroga, e declara\u00e7\u00f5es do presidente Jair Bolsonaro, amea\u00e7ando que n\u00e3o permitir\u00e1 elei\u00e7\u00f5es em 2022 se esta n\u00e3o for feita por meio de voto impresso.<\/p>\n<p>Novos ataques do governo brasileiro \u00e0 China tamb\u00e9m chamaram aten\u00e7\u00e3o, em um momento em que o Brasil depende do envio de insumo para a produ\u00e7\u00e3o de vacinas em territ\u00f3rio nacional. Al\u00e9m disso, apesar do momento favor\u00e1vel para o <strong>Ibovespa<\/strong>, o Brasil se aproximou nesta semana da marca de 420 mortes pelo coronav\u00edrus.<\/p>\n<p><span style=\"font-weight: 400;\">\t<p>\n\t\t<a href=\"https:\/\/lp.suno.com.br\/planilha-da-vida-financeira\/\" target=\"_blank\" data-element=\"shortcode-suno-banner\" title=\"Banner SUNO, clique e saiba mais\">\n\t\t\t<picture>\n\t\t\t\t<source media=\"(max-width: 500px)\" srcset=\"https:\/\/files.sunoresearch.com.br\/n\/uploads\/2023\/04\/400x300-Planilha-vida-financeira-true.png\">\n\t\t\t\t<img class=\"newsContent__article__imgCapa newsContent__article__imgCapa--banner\"\n\t\t\t\t\tsrc=\"https:\/\/files.sunoresearch.com.br\/n\/uploads\/2023\/04\/1420x240-Planilha-vida-financeira-true.png\"\n\t\t\t\t\tdata-promo-id=\"106682\"\t\t\t\t\t\t\t\t\t\twidth='1420' height='240'\t\t\t\t\talt=\"https:\/\/files.sunoresearch.com.br\/n\/uploads\/2023\/04\/1420x240-Planilha-vida-financeira-true.png\"\n\t\t\t\t>\n\t\t\t<\/picture>\n\t\t<\/a>\n\t<\/p>\n\n<\/span><\/p>\n","protected":false},"excerpt":{"rendered":"<p>Os resultados trimestrais das empresas brasileiras deram o tom nos preg\u00f5es do Ibovespa nesta semana, e o saldo foi positivo. O \u00edndice fechou esta sexta-feira (07) com uma alta semanal de 2,7%, acompanhando o tom otimista das bolsas nos Estados Unidos, e voltou ao patamar dos 122 mil pontos. Resultados. Foto: Pixabay \u00a0 Quem acompanhou [&hellip;]<\/p>\n","protected":false},"author":60,"featured_media":138932,"comment_status":"closed","ping_status":"closed","sticky":false,"template":"","format":"standard","meta":[],"categories":[60],"tags":[1104,326,721],"suno_strategy":[],"class_list":["post-145905","post","type-post","status-publish","format-standard","has-post-thumbnail","hentry","category-mercado","tag-copom","tag-dolar","tag-ibovespa"],"yoast_head":"<!-- This site is optimized with the Yoast SEO plugin v24.4 - https:\/\/yoast.com\/wordpress\/plugins\/seo\/ -->\n<title>Ibovespa sobe e d\u00f3lar vai ladeira abaixo; veja o resumo da semana<\/title>\n<meta name=\"description\" content=\"Os resultados trimestrais das empresas brasileiras deram o tom nos preg\u00f5es do Ibovespa nesta semana, e o saldo foi positivo. Veja o resumo.\" \/>\n<meta name=\"robots\" content=\"index, follow, max-snippet:-1, max-image-preview:large, max-video-preview:-1\" \/>\n<link rel=\"canonical\" href=\"https:\/\/www.suno.com.br\/noticias\/ibovespa-sobe-dolar-cai-resumo-semana\/\" \/>\n<meta property=\"og:locale\" content=\"pt_BR\" \/>\n<meta property=\"og:type\" content=\"article\" \/>\n<meta property=\"og:title\" content=\"Ibovespa sobe e d\u00f3lar vai ladeira abaixo; veja o resumo da semana\" \/>\n<meta property=\"og:description\" content=\"Os resultados trimestrais das empresas brasileiras deram o tom nos preg\u00f5es do Ibovespa nesta semana, e o saldo foi positivo. Veja o resumo.\" \/>\n<meta property=\"og:url\" content=\"https:\/\/www.suno.com.br\/noticias\/ibovespa-sobe-dolar-cai-resumo-semana\/\" \/>\n<meta property=\"og:site_name\" content=\"Suno Not\u00edcias\" \/>\n<meta property=\"article:publisher\" content=\"https:\/\/facebook.com\/sunoresearch\" \/>\n<meta property=\"og:image\" content=\"https:\/\/files.sunoresearch.com.br\/n\/uploads\/2021\/04\/9164297e-stock-exchange-4785086_1280.jpg\" \/>\n\t<meta property=\"og:image:width\" content=\"1280\" \/>\n\t<meta property=\"og:image:height\" content=\"853\" \/>\n\t<meta property=\"og:image:type\" content=\"image\/jpeg\" \/>\n<meta name=\"author\" content=\"Natalia G\u00f3mez\" \/>\n<meta name=\"twitter:card\" content=\"summary_large_image\" \/>\n<meta name=\"twitter:creator\" content=\"@sunoresearch\" \/>\n<meta name=\"twitter:site\" content=\"@sunoresearch\" \/>\n<meta name=\"twitter:label1\" content=\"Escrito por\" \/>\n\t<meta name=\"twitter:data1\" content=\"Natalia G\u00f3mez\" \/>\n\t<meta name=\"twitter:label2\" content=\"Est. tempo de leitura\" \/>\n\t<meta name=\"twitter:data2\" content=\"3 minutos\" \/>\n<script type=\"application\/ld+json\" class=\"yoast-schema-graph\">{\"@context\":\"https:\/\/schema.org\",\"@graph\":[{\"@type\":\"NewsArticle\",\"@id\":\"https:\/\/www.suno.com.br\/noticias\/ibovespa-sobe-dolar-cai-resumo-semana\/#article\",\"isPartOf\":{\"@id\":\"https:\/\/www.suno.com.br\/noticias\/ibovespa-sobe-dolar-cai-resumo-semana\/\"},\"author\":{\"name\":\"Natalia G\u00f3mez\",\"@id\":\"https:\/\/www.suno.com.br\/noticias\/#\/schema\/person\/1b24d67c140a42e864ef414497edb164\"},\"headline\":\"Ibovespa sobe a 122 mil pontos e d\u00f3lar vai ladeira abaixo; veja o resumo da semana\",\"datePublished\":\"2021-05-08T19:34:49+00:00\",\"mainEntityOfPage\":{\"@id\":\"https:\/\/www.suno.com.br\/noticias\/ibovespa-sobe-dolar-cai-resumo-semana\/\"},\"wordCount\":643,\"publisher\":{\"@id\":\"https:\/\/www.suno.com.br\/noticias\/#organization\"},\"image\":{\"@id\":\"https:\/\/www.suno.com.br\/noticias\/ibovespa-sobe-dolar-cai-resumo-semana\/#primaryimage\"},\"thumbnailUrl\":\"https:\/\/files.sunoresearch.com.br\/n\/uploads\/2021\/04\/9164297e-stock-exchange-4785086_1280-jpg.webp\",\"keywords\":[\"Copom\",\"d\u00f3lar\",\"Ibovespa\"],\"articleSection\":[\"Mercado\"],\"inLanguage\":\"pt-BR\"},{\"@type\":\"WebPage\",\"@id\":\"https:\/\/www.suno.com.br\/noticias\/ibovespa-sobe-dolar-cai-resumo-semana\/\",\"url\":\"https:\/\/www.suno.com.br\/noticias\/ibovespa-sobe-dolar-cai-resumo-semana\/\",\"name\":\"Ibovespa sobe e d\u00f3lar vai ladeira abaixo; veja o resumo da semana\",\"isPartOf\":{\"@id\":\"https:\/\/www.suno.com.br\/noticias\/#website\"},\"primaryImageOfPage\":{\"@id\":\"https:\/\/www.suno.com.br\/noticias\/ibovespa-sobe-dolar-cai-resumo-semana\/#primaryimage\"},\"image\":{\"@id\":\"https:\/\/www.suno.com.br\/noticias\/ibovespa-sobe-dolar-cai-resumo-semana\/#primaryimage\"},\"thumbnailUrl\":\"https:\/\/files.sunoresearch.com.br\/n\/uploads\/2021\/04\/9164297e-stock-exchange-4785086_1280-jpg.webp\",\"datePublished\":\"2021-05-08T19:34:49+00:00\",\"description\":\"Os resultados trimestrais das empresas brasileiras deram o tom nos preg\u00f5es do Ibovespa nesta semana, e o saldo foi positivo. Veja o resumo.\",\"breadcrumb\":{\"@id\":\"https:\/\/www.suno.com.br\/noticias\/ibovespa-sobe-dolar-cai-resumo-semana\/#breadcrumb\"},\"inLanguage\":\"pt-BR\",\"potentialAction\":[{\"@type\":\"ReadAction\",\"target\":[\"https:\/\/www.suno.com.br\/noticias\/ibovespa-sobe-dolar-cai-resumo-semana\/\"]}]},{\"@type\":\"ImageObject\",\"inLanguage\":\"pt-BR\",\"@id\":\"https:\/\/www.suno.com.br\/noticias\/ibovespa-sobe-dolar-cai-resumo-semana\/#primaryimage\",\"url\":\"https:\/\/files.sunoresearch.com.br\/n\/uploads\/2021\/04\/9164297e-stock-exchange-4785086_1280-jpg.webp\",\"contentUrl\":\"https:\/\/files.sunoresearch.com.br\/n\/uploads\/2021\/04\/9164297e-stock-exchange-4785086_1280-jpg.webp\",\"width\":1280,\"height\":853,\"caption\":\"Resultados. Foto: Pixabay\"},{\"@type\":\"BreadcrumbList\",\"@id\":\"https:\/\/www.suno.com.br\/noticias\/ibovespa-sobe-dolar-cai-resumo-semana\/#breadcrumb\",\"itemListElement\":[{\"@type\":\"ListItem\",\"position\":1,\"name\":\"Not\u00edcias\",\"item\":\"https:\/\/www.suno.com.br\/noticias\/\"},{\"@type\":\"ListItem\",\"position\":2,\"name\":\"Mercado\",\"item\":\"https:\/\/www.suno.com.br\/noticias\/mercado\/\"},{\"@type\":\"ListItem\",\"position\":3,\"name\":\"Ibovespa sobe a 122 mil pontos e d\u00f3lar vai ladeira abaixo; veja o resumo da semana\"}]},{\"@type\":\"WebSite\",\"@id\":\"https:\/\/www.suno.com.br\/noticias\/#website\",\"url\":\"https:\/\/www.suno.com.br\/noticias\/\",\"name\":\"Suno Not\u00edcias\",\"description\":\"Seu portal de informa\u00e7\u00e3o sobre o mundo dos investimentos\",\"publisher\":{\"@id\":\"https:\/\/www.suno.com.br\/noticias\/#organization\"},\"potentialAction\":[{\"@type\":\"SearchAction\",\"target\":{\"@type\":\"EntryPoint\",\"urlTemplate\":\"https:\/\/www.suno.com.br\/noticias\/?s={search_term_string}\"},\"query-input\":{\"@type\":\"PropertyValueSpecification\",\"valueRequired\":true,\"valueName\":\"search_term_string\"}}],\"inLanguage\":\"pt-BR\"},{\"@type\":\"Organization\",\"@id\":\"https:\/\/www.suno.com.br\/noticias\/#organization\",\"name\":\"Suno Not\u00edcias\",\"url\":\"https:\/\/www.suno.com.br\/noticias\/\",\"logo\":{\"@type\":\"ImageObject\",\"inLanguage\":\"pt-BR\",\"@id\":\"https:\/\/www.suno.com.br\/noticias\/#\/schema\/logo\/image\/\",\"url\":\"https:\/\/files.sunoresearch.com.br\/n\/uploads\/2021\/09\/suno-logo.png\",\"contentUrl\":\"https:\/\/files.sunoresearch.com.br\/n\/uploads\/2021\/09\/suno-logo.png\",\"width\":180,\"height\":180,\"caption\":\"Suno Not\u00edcias\"},\"image\":{\"@id\":\"https:\/\/www.suno.com.br\/noticias\/#\/schema\/logo\/image\/\"},\"sameAs\":[\"https:\/\/facebook.com\/sunoresearch\",\"https:\/\/x.com\/sunoresearch\",\"https:\/\/www.instagram.com\/suno\",\"https:\/\/www.linkedin.com\/company\/suno-research\/\",\"https:\/\/www.youtube.com\/c\/sunoresearch\"]},{\"@type\":\"Person\",\"@id\":\"https:\/\/www.suno.com.br\/noticias\/#\/schema\/person\/1b24d67c140a42e864ef414497edb164\",\"name\":\"Natalia G\u00f3mez\",\"image\":{\"@type\":\"ImageObject\",\"inLanguage\":\"pt-BR\",\"@id\":\"https:\/\/www.suno.com.br\/noticias\/#\/schema\/person\/image\/\",\"url\":\"https:\/\/secure.gravatar.com\/avatar\/9e957e0b2b485c2d42c3f4145c16d940?s=96&r=g\",\"contentUrl\":\"https:\/\/secure.gravatar.com\/avatar\/9e957e0b2b485c2d42c3f4145c16d940?s=96&r=g\",\"caption\":\"Natalia G\u00f3mez\"},\"description\":\"Editora do Suno Not\u00edcias desde outubro de 2020, \u00e9 jornalista formada pela PUC-SP, com p\u00f3s-gradua\u00e7\u00e3o em jornalismo liter\u00e1rio. Atua no mercado financeiro desde 2003, quando iniciou a carreira no jornal econ\u00f4mico DCI, cobrindo o setor de alimentos no caderno de Ind\u00fastria. Foi trainee do jornal Valor Econ\u00f4mico, onde atuou no Caderno de Empresas por quase tr\u00eas anos. L\u00e1, cobriu o setor de ind\u00fastria, com foco em siderurgia, embalagens e aeroespacial. Fez coberturas setoriais em viagens para S\u00e3o Jos\u00e9 dos Campos e Franca (SP), al\u00e9m de coberturas internacionais na Alemanha e na Su\u00e9cia. Trabalhou por cinco anos na Ag\u00eancia Estado\/Broadcast, do Grupo Estado, onde foi rep\u00f3rter dos setores de minera\u00e7\u00e3o e siderurgia, alimentos e bebidas e finan\u00e7as. Foi premiada como o pr\u00eamio Destaque de Reportagem da AE em 2007 e 2008. Al\u00e9m de atuar no servi\u00e7o de not\u00edcias em tempo real, fez participa\u00e7\u00f5es no caderno de Economia do jornal Estado de S.Paulo e na R\u00e1dio Eldorado. Ainda no Grupo Estado, foi editora assistente da editoria Empresas e Setores, atuando com edi\u00e7\u00e3o e pauta, al\u00e9m de cobrir mercados diariamente com o cen\u00e1rio de bolsa e fazer reportagens especiais com foco em governan\u00e7a corporativa. Trabalhou tamb\u00e9m como correspondente de finan\u00e7as no servi\u00e7o da Thomson Reuters em portugu\u00eas por quase um ano. Atuou por cerca de oito anos como jornalista independente, contribuindo para ve\u00edculos como UOL Economia, Infomoney e Revista Voc\u00ea SA, al\u00e9m de ter trabalhado em projetos na \u00e1rea de conte\u00fado e comunica\u00e7\u00e3o de institui\u00e7\u00f5es financeiras como Anbima, Banco BS2, Banco Pine, Ita\u00fa BBA e EQI.\",\"url\":\"https:\/\/www.suno.com.br\/noticias\/author\/natalia-gomez\/\"}]}<\/script>\n<!-- \/ Yoast SEO plugin. -->","yoast_head_json":{"title":"Ibovespa sobe e d\u00f3lar vai ladeira abaixo; veja o resumo da semana","description":"Os resultados trimestrais das empresas brasileiras deram o tom nos preg\u00f5es do Ibovespa nesta semana, e o saldo foi positivo. Veja o resumo.","robots":{"index":"index","follow":"follow","max-snippet":"max-snippet:-1","max-image-preview":"max-image-preview:large","max-video-preview":"max-video-preview:-1"},"canonical":"https:\/\/www.suno.com.br\/noticias\/ibovespa-sobe-dolar-cai-resumo-semana\/","og_locale":"pt_BR","og_type":"article","og_title":"Ibovespa sobe e d\u00f3lar vai ladeira abaixo; veja o resumo da semana","og_description":"Os resultados trimestrais das empresas brasileiras deram o tom nos preg\u00f5es do Ibovespa nesta semana, e o saldo foi positivo. Veja o resumo.","og_url":"https:\/\/www.suno.com.br\/noticias\/ibovespa-sobe-dolar-cai-resumo-semana\/","og_site_name":"Suno Not\u00edcias","article_publisher":"https:\/\/facebook.com\/sunoresearch","og_image":[{"width":1280,"height":853,"url":"https:\/\/files.sunoresearch.com.br\/n\/uploads\/2021\/04\/9164297e-stock-exchange-4785086_1280.jpg","type":"image\/jpeg"}],"author":"Natalia G\u00f3mez","twitter_card":"summary_large_image","twitter_creator":"@sunoresearch","twitter_site":"@sunoresearch","twitter_misc":{"Escrito por":"Natalia G\u00f3mez","Est. tempo de leitura":"3 minutos"},"schema":{"@context":"https:\/\/schema.org","@graph":[{"@type":"NewsArticle","@id":"https:\/\/www.suno.com.br\/noticias\/ibovespa-sobe-dolar-cai-resumo-semana\/#article","isPartOf":{"@id":"https:\/\/www.suno.com.br\/noticias\/ibovespa-sobe-dolar-cai-resumo-semana\/"},"author":{"name":"Natalia G\u00f3mez","@id":"https:\/\/www.suno.com.br\/noticias\/#\/schema\/person\/1b24d67c140a42e864ef414497edb164"},"headline":"Ibovespa sobe a 122 mil pontos e d\u00f3lar vai ladeira abaixo; veja o resumo da semana","datePublished":"2021-05-08T19:34:49+00:00","mainEntityOfPage":{"@id":"https:\/\/www.suno.com.br\/noticias\/ibovespa-sobe-dolar-cai-resumo-semana\/"},"wordCount":643,"publisher":{"@id":"https:\/\/www.suno.com.br\/noticias\/#organization"},"image":{"@id":"https:\/\/www.suno.com.br\/noticias\/ibovespa-sobe-dolar-cai-resumo-semana\/#primaryimage"},"thumbnailUrl":"https:\/\/files.sunoresearch.com.br\/n\/uploads\/2021\/04\/9164297e-stock-exchange-4785086_1280-jpg.webp","keywords":["Copom","d\u00f3lar","Ibovespa"],"articleSection":["Mercado"],"inLanguage":"pt-BR"},{"@type":"WebPage","@id":"https:\/\/www.suno.com.br\/noticias\/ibovespa-sobe-dolar-cai-resumo-semana\/","url":"https:\/\/www.suno.com.br\/noticias\/ibovespa-sobe-dolar-cai-resumo-semana\/","name":"Ibovespa sobe e d\u00f3lar vai ladeira abaixo; veja o resumo da semana","isPartOf":{"@id":"https:\/\/www.suno.com.br\/noticias\/#website"},"primaryImageOfPage":{"@id":"https:\/\/www.suno.com.br\/noticias\/ibovespa-sobe-dolar-cai-resumo-semana\/#primaryimage"},"image":{"@id":"https:\/\/www.suno.com.br\/noticias\/ibovespa-sobe-dolar-cai-resumo-semana\/#primaryimage"},"thumbnailUrl":"https:\/\/files.sunoresearch.com.br\/n\/uploads\/2021\/04\/9164297e-stock-exchange-4785086_1280-jpg.webp","datePublished":"2021-05-08T19:34:49+00:00","description":"Os resultados trimestrais das empresas brasileiras deram o tom nos preg\u00f5es do Ibovespa nesta semana, e o saldo foi positivo. Veja o resumo.","breadcrumb":{"@id":"https:\/\/www.suno.com.br\/noticias\/ibovespa-sobe-dolar-cai-resumo-semana\/#breadcrumb"},"inLanguage":"pt-BR","potentialAction":[{"@type":"ReadAction","target":["https:\/\/www.suno.com.br\/noticias\/ibovespa-sobe-dolar-cai-resumo-semana\/"]}]},{"@type":"ImageObject","inLanguage":"pt-BR","@id":"https:\/\/www.suno.com.br\/noticias\/ibovespa-sobe-dolar-cai-resumo-semana\/#primaryimage","url":"https:\/\/files.sunoresearch.com.br\/n\/uploads\/2021\/04\/9164297e-stock-exchange-4785086_1280-jpg.webp","contentUrl":"https:\/\/files.sunoresearch.com.br\/n\/uploads\/2021\/04\/9164297e-stock-exchange-4785086_1280-jpg.webp","width":1280,"height":853,"caption":"Resultados. Foto: Pixabay"},{"@type":"BreadcrumbList","@id":"https:\/\/www.suno.com.br\/noticias\/ibovespa-sobe-dolar-cai-resumo-semana\/#breadcrumb","itemListElement":[{"@type":"ListItem","position":1,"name":"Not\u00edcias","item":"https:\/\/www.suno.com.br\/noticias\/"},{"@type":"ListItem","position":2,"name":"Mercado","item":"https:\/\/www.suno.com.br\/noticias\/mercado\/"},{"@type":"ListItem","position":3,"name":"Ibovespa sobe a 122 mil pontos e d\u00f3lar vai ladeira abaixo; veja o resumo da semana"}]},{"@type":"WebSite","@id":"https:\/\/www.suno.com.br\/noticias\/#website","url":"https:\/\/www.suno.com.br\/noticias\/","name":"Suno Not\u00edcias","description":"Seu portal de informa\u00e7\u00e3o sobre o mundo dos investimentos","publisher":{"@id":"https:\/\/www.suno.com.br\/noticias\/#organization"},"potentialAction":[{"@type":"SearchAction","target":{"@type":"EntryPoint","urlTemplate":"https:\/\/www.suno.com.br\/noticias\/?s={search_term_string}"},"query-input":{"@type":"PropertyValueSpecification","valueRequired":true,"valueName":"search_term_string"}}],"inLanguage":"pt-BR"},{"@type":"Organization","@id":"https:\/\/www.suno.com.br\/noticias\/#organization","name":"Suno Not\u00edcias","url":"https:\/\/www.suno.com.br\/noticias\/","logo":{"@type":"ImageObject","inLanguage":"pt-BR","@id":"https:\/\/www.suno.com.br\/noticias\/#\/schema\/logo\/image\/","url":"https:\/\/files.sunoresearch.com.br\/n\/uploads\/2021\/09\/suno-logo.png","contentUrl":"https:\/\/files.sunoresearch.com.br\/n\/uploads\/2021\/09\/suno-logo.png","width":180,"height":180,"caption":"Suno Not\u00edcias"},"image":{"@id":"https:\/\/www.suno.com.br\/noticias\/#\/schema\/logo\/image\/"},"sameAs":["https:\/\/facebook.com\/sunoresearch","https:\/\/x.com\/sunoresearch","https:\/\/www.instagram.com\/suno","https:\/\/www.linkedin.com\/company\/suno-research\/","https:\/\/www.youtube.com\/c\/sunoresearch"]},{"@type":"Person","@id":"https:\/\/www.suno.com.br\/noticias\/#\/schema\/person\/1b24d67c140a42e864ef414497edb164","name":"Natalia G\u00f3mez","image":{"@type":"ImageObject","inLanguage":"pt-BR","@id":"https:\/\/www.suno.com.br\/noticias\/#\/schema\/person\/image\/","url":"https:\/\/secure.gravatar.com\/avatar\/9e957e0b2b485c2d42c3f4145c16d940?s=96&r=g","contentUrl":"https:\/\/secure.gravatar.com\/avatar\/9e957e0b2b485c2d42c3f4145c16d940?s=96&r=g","caption":"Natalia G\u00f3mez"},"description":"Editora do Suno Not\u00edcias desde outubro de 2020, \u00e9 jornalista formada pela PUC-SP, com p\u00f3s-gradua\u00e7\u00e3o em jornalismo liter\u00e1rio. Atua no mercado financeiro desde 2003, quando iniciou a carreira no jornal econ\u00f4mico DCI, cobrindo o setor de alimentos no caderno de Ind\u00fastria. Foi trainee do jornal Valor Econ\u00f4mico, onde atuou no Caderno de Empresas por quase tr\u00eas anos. L\u00e1, cobriu o setor de ind\u00fastria, com foco em siderurgia, embalagens e aeroespacial. Fez coberturas setoriais em viagens para S\u00e3o Jos\u00e9 dos Campos e Franca (SP), al\u00e9m de coberturas internacionais na Alemanha e na Su\u00e9cia. Trabalhou por cinco anos na Ag\u00eancia Estado\/Broadcast, do Grupo Estado, onde foi rep\u00f3rter dos setores de minera\u00e7\u00e3o e siderurgia, alimentos e bebidas e finan\u00e7as. Foi premiada como o pr\u00eamio Destaque de Reportagem da AE em 2007 e 2008. Al\u00e9m de atuar no servi\u00e7o de not\u00edcias em tempo real, fez participa\u00e7\u00f5es no caderno de Economia do jornal Estado de S.Paulo e na R\u00e1dio Eldorado. Ainda no Grupo Estado, foi editora assistente da editoria Empresas e Setores, atuando com edi\u00e7\u00e3o e pauta, al\u00e9m de cobrir mercados diariamente com o cen\u00e1rio de bolsa e fazer reportagens especiais com foco em governan\u00e7a corporativa. Trabalhou tamb\u00e9m como correspondente de finan\u00e7as no servi\u00e7o da Thomson Reuters em portugu\u00eas por quase um ano. Atuou por cerca de oito anos como jornalista independente, contribuindo para ve\u00edculos como UOL Economia, Infomoney e Revista Voc\u00ea SA, al\u00e9m de ter trabalhado em projetos na \u00e1rea de conte\u00fado e comunica\u00e7\u00e3o de institui\u00e7\u00f5es financeiras como Anbima, Banco BS2, Banco Pine, Ita\u00fa BBA e EQI.","url":"https:\/\/www.suno.com.br\/noticias\/author\/natalia-gomez\/"}]}},"default_loop_html":"<div class=\"cardsPage__listCard__boxs\"><div class=\"cardsPage__listCard__boxs__img\"><a href=\"https:\/\/www.suno.com.br\/noticias\/ibovespa-sobe-dolar-cai-resumo-semana\/\"><img class=\"mask\" src=\"https:\/\/www.suno.com.br\/noticias\/wp-content\/themes\/suno\/resources\/images\/spotlight\/spotlight1img\/bg-mask.png\" alt=\"Image Mask\"\/><img src=\"https:\/\/files.sunoresearch.com.br\/n\/uploads\/2021\/04\/9164297e-stock-exchange-4785086_1280-400x200.webp\" alt=\"Ibovespa sobe a 122 mil pontos e d\u00f3lar vai ladeira abaixo; veja o resumo da semana\"\/><\/a><span class=\"spotlightCategory\"><a href=\"https:\/\/www.suno.com.br\/noticias\/mercado\/\">Mercado<\/a><\/span><\/div><div class=\"cardsPage__listCard__boxs__content\"><a href=\"https:\/\/www.suno.com.br\/noticias\/ibovespa-sobe-dolar-cai-resumo-semana\/\"><h2 class=\"content__title\">Ibovespa sobe a 122 mil pontos e d\u00f3lar vai ladeira abaixo; veja o resumo da semana<\/h2><\/a><div class=\"newsContent__article__meta\"><div class=\"newsContent__article__meta__authorBox\"><a href=\"https:\/\/www.suno.com.br\/noticias\/author\/natalia-gomez\/\" class=\"authorBox__avatar noMobi\"><img src=\"https:\/\/secure.gravatar.com\/avatar\/9e957e0b2b485c2d42c3f4145c16d940?s=96&#038;r=g\" alt=\"Natalia G\u00f3mez\"><\/a><div class=\"authorBox__name\"><span>por\n\t\t\t<a href=\"https:\/\/www.suno.com.br\/noticias\/author\/natalia-gomez\/\"><span itemprop=\"author\">Natalia G\u00f3mez<\/span><\/a><\/span><time datetime=\"2021-05-08T16:34:49-03:00\" itemprop=\"datePublished\">08\/05\/2021 16:34<\/time><\/div><\/div><\/div><\/div><\/div>","single_layout":"posts","amp_enabled":true,"_links":{"self":[{"href":"https:\/\/www.suno.com.br\/noticias\/wp-json\/wp\/v2\/posts\/145905"}],"collection":[{"href":"https:\/\/www.suno.com.br\/noticias\/wp-json\/wp\/v2\/posts"}],"about":[{"href":"https:\/\/www.suno.com.br\/noticias\/wp-json\/wp\/v2\/types\/post"}],"author":[{"embeddable":true,"href":"https:\/\/www.suno.com.br\/noticias\/wp-json\/wp\/v2\/users\/60"}],"replies":[{"embeddable":true,"href":"https:\/\/www.suno.com.br\/noticias\/wp-json\/wp\/v2\/comments?post=145905"}],"version-history":[{"count":3,"href":"https:\/\/www.suno.com.br\/noticias\/wp-json\/wp\/v2\/posts\/145905\/revisions"}],"predecessor-version":[{"id":145908,"href":"https:\/\/www.suno.com.br\/noticias\/wp-json\/wp\/v2\/posts\/145905\/revisions\/145908"}],"wp:featuredmedia":[{"embeddable":true,"href":"https:\/\/www.suno.com.br\/noticias\/wp-json\/wp\/v2\/media\/138932"}],"wp:attachment":[{"href":"https:\/\/www.suno.com.br\/noticias\/wp-json\/wp\/v2\/media?parent=145905"}],"wp:term":[{"taxonomy":"category","embeddable":true,"href":"https:\/\/www.suno.com.br\/noticias\/wp-json\/wp\/v2\/categories?post=145905"},{"taxonomy":"post_tag","embeddable":true,"href":"https:\/\/www.suno.com.br\/noticias\/wp-json\/wp\/v2\/tags?post=145905"},{"taxonomy":"suno_strategy","embeddable":true,"href":"https:\/\/www.suno.com.br\/noticias\/wp-json\/wp\/v2\/suno_strategy?post=145905"}],"curies":[{"name":"wp","href":"https:\/\/api.w.org\/{rel}","templated":true}]}}