{"id":14583,"date":"2019-02-07T18:10:08","date_gmt":"2019-02-07T20:10:08","guid":{"rendered":"https:\/\/www.suno.com.br\/noticias\/?p=14583"},"modified":"2019-02-07T18:10:08","modified_gmt":"2019-02-07T20:10:08","slug":"meirelles-privatizar-sabesp-estelionato","status":"publish","type":"post","link":"https:\/\/www.suno.com.br\/noticias\/meirelles-privatizar-sabesp-estelionato\/","title":{"rendered":"Meirelles diz que privatizar a Sabesp n\u00e3o seria &#8216;estelionato eleitoral&#8217;"},"content":{"rendered":"<p>O secret\u00e1rio da Fazenda do governo de S\u00e3o Paulo, Henrique Meirelles, disse nesta quinta (7) que n\u00e3o seria &#8220;estelionato eleitoral&#8221; <a href=\"https:\/\/www.suno.com.br\/artigos\/privatizacao\/\">privatizar a Sabesp<\/a>, a <a href=\"http:\/\/site.sabesp.com.br\/site\/Default.aspx\">empresa de saneamento b\u00e1sico do estado<\/a>. O governador Jo\u00e3o Doria chegou a negar essa possibilidade durante campanha eleitoral.<\/p>\t<div class=\"wrapper-featured-image\">\n\t\t<figure class=\"spotlightImg\">\n\n\t\t\t<picture>\n\t\t\t\t<source media=\"(max-width: 768px)\" srcset=\"https:\/\/files.sunoresearch.com.br\/n\/uploads\/2019\/02\/6b9d1f09-sabesp-400x200.webp\">\n\t\t\t\t<img loading=\"lazy\" decoding=\"async\" class=\"newsContent__article__imgCapa lazyloadDisabled newsContent__article__imgCapa--noCaption\" src=\"https:\/\/files.sunoresearch.com.br\/n\/uploads\/2019\/02\/6b9d1f09-sabesp-jpg.webp\" width=\"800\" height=\"450\" alt=\"Meirelles diz que privatizar a Sabesp n\u00e3o seria &#8216;estelionato eleitoral&#8217;\" fetchpriority=high \/>\n\t\t\t<\/picture>\n\n\t\t\t<figcaption class=\"wp-caption-text wp-caption-text--hide\">Sabesp  (foto: divulga\u00e7\u00e3o)<\/figcaption>\n\t\t<\/figure>\n\t<\/div>\n\n\n<p><strong>Meirelles<\/strong> afirmou que a <strong>capitaliza\u00e7\u00e3o<\/strong> \u00e9 a melhor op\u00e7\u00e3o para a <strong>Sabesp<\/strong>, considerando a legisla\u00e7\u00e3o atual do setor. Segundo o secret\u00e1rio, se a medida provis\u00f3ria do saneamento virar lei, a empresa ser\u00e1 <strong>privatizada<\/strong>, pois \u00e9 a op\u00e7\u00e3o que permite maior volume de investimento e melhor gest\u00e3o \u00e0 companhia.<\/p>\n<p><a href=\"https:\/\/www.suno.com.br\/noticias\/sabesp-meirelles-capitalizacao\/\">Saiba mais: Sabesp atinge m\u00e1xima hist\u00f3rica com Meirelles estudando capitaliza\u00e7\u00e3o<\/a><\/p>\n<p><a href=\"https:\/\/www.suno.com.br\/noticias\/joao-doria-privatizacao-aeroportos-porto\/\">Saiba mais: Jo\u00e3o Doria anuncia privatiza\u00e7\u00e3o de aeroportos, hidrovia, porto e rodovias<\/a><\/p>\n<p><strong>Meirelles<\/strong> diz que a melhor op\u00e7\u00e3o \u00e9 criar uma holding da <strong>Sabesp<\/strong>, cujo controlador seria o Estado, e vender metade de suas participa\u00e7\u00f5es ao setor <strong>privado<\/strong>. Com isso, seria poss\u00edvel arrecadar R$ 5 bilh\u00f5es, dos quais R$ 1 bilh\u00e3o iria \u00e0 empresa e outros R$ 4 bilh\u00f5es ao Tesouro estadual. &#8220;Pode ser mais de R$ 10 bilh\u00f5es, pode ser R$ 20 bilh\u00f5es. Mas n\u00e3o sou eu quem vai dizer, vai ser precificado no mercado&#8221;, afirmou.<\/p>\n<p>&#8220;Agora, mudando-se a estrutura jur\u00eddica, criando-se uma nova situa\u00e7\u00e3o onde a <strong>Sabesp<\/strong> perde as condi\u00e7\u00f5es competitivas atuais, o governador deve trabalhar dentro dessa nova realidade&#8221;, declarou o ex-ministro da Fazenda de <strong>Michel Temer<\/strong>.<\/p>\n<p><a href=\"https:\/\/www.suno.com.br\/noticias\/mapeamento-estatais-privatizacao-iniciado-governo\/\">Saiba mais: Mapeamento de estatais para privatiza\u00e7\u00e3o \u00e9 iniciado pelo governo<\/a><\/p>\n<h2>Concess\u00f5es e privatiza\u00e7\u00f5es<\/h2>\n<p><strong>Henrique Meirelles<\/strong> informou tamb\u00e9m que a lista de <strong>concess\u00f5es<\/strong> e <strong>privatiza\u00e7\u00f5es<\/strong> do governo de Jo\u00e3o Doria tem 29 projetos. Entre eles, est\u00e3o rodovias, hidrovias, aeroportos regionais, portos e parcerias p\u00fablico-privadas (PPP) em pres\u00eddios.<\/p>\n<p>&#8220;A ideia \u00e9, em primeiro lugar, nas <strong>concess\u00f5es<\/strong> que v\u00e3o vencer &#8211; tem mil quil\u00f4metros a\u00ed de rodovias para serem renovadas -, fazer o melhor processo poss\u00edvel. Em cada contrato, ver qual \u00e9 a melhor decis\u00e3o&#8221;, declarou. &#8220;O princ\u00edpio geral \u00e9 favorecer primeiro <strong>investimento<\/strong>, tarifa em segundo lugar e arrecada\u00e7\u00e3o tribut\u00e1ria em terceiro&#8221;.<\/p>\n<p>&#8220;Nesta semana, tivemos a primeira reuni\u00e3o do Conselho Estadual de Desestatiza\u00e7\u00e3o e a primeira reuni\u00e3o do Conselho de PPPs. Aprovamos uma lista e, a partir da\u00ed, estamos entrando na prioriza\u00e7\u00e3o&#8221;, disse <strong>Meirelles<\/strong>. &#8220;Ser\u00e3o feitas o mais r\u00e1pido poss\u00edvel, na medida em que for vi\u00e1vel&#8221;.<\/p>\n<p>&nbsp;<\/p>\n","protected":false},"excerpt":{"rendered":"<p>O secret\u00e1rio da Fazenda do governo de S\u00e3o Paulo, Henrique Meirelles, disse nesta quinta (7) que n\u00e3o seria &#8220;estelionato eleitoral&#8221; privatizar a Sabesp, a empresa de saneamento b\u00e1sico do estado. O governador Jo\u00e3o Doria chegou a negar essa possibilidade durante campanha eleitoral. Sabesp (foto: divulga\u00e7\u00e3o) Meirelles afirmou que a capitaliza\u00e7\u00e3o \u00e9 a melhor op\u00e7\u00e3o para [&hellip;]<\/p>\n","protected":false},"author":13,"featured_media":14585,"comment_status":"closed","ping_status":"closed","sticky":false,"template":"","format":"standard","meta":[],"categories":[62],"tags":[720,842,945,843],"suno_strategy":[],"class_list":["post-14583","post","type-post","status-publish","format-standard","has-post-thumbnail","hentry","category-economia","tag-henrique-meirelles","tag-joao-doria","tag-privatizacoes","tag-sao-paulo"],"yoast_head":"<!-- This site is optimized with the Yoast SEO plugin v24.4 - https:\/\/yoast.com\/wordpress\/plugins\/seo\/ -->\n<title>Meirelles diz que privatizar a Sabesp n\u00e3o seria &#039;estelionato eleitoral&#039;<\/title>\n<meta name=\"description\" content=\"O secret\u00e1rio da Fazenda de S\u00e3o Paulo, Henrique Meirelles, disse que n\u00e3o seria &quot;estelionato eleitoral&quot; privatizar a Sabesp. Clique e saiba+\" \/>\n<meta name=\"robots\" content=\"index, follow, max-snippet:-1, max-image-preview:large, max-video-preview:-1\" \/>\n<link rel=\"canonical\" href=\"https:\/\/www.suno.com.br\/noticias\/meirelles-privatizar-sabesp-estelionato\/\" \/>\n<meta property=\"og:locale\" content=\"pt_BR\" \/>\n<meta property=\"og:type\" content=\"article\" \/>\n<meta property=\"og:title\" content=\"Meirelles diz que privatizar a Sabesp n\u00e3o seria &#039;estelionato eleitoral&#039;\" \/>\n<meta property=\"og:description\" content=\"O secret\u00e1rio da Fazenda de S\u00e3o Paulo, Henrique Meirelles, disse que n\u00e3o seria &quot;estelionato eleitoral&quot; privatizar a Sabesp. Clique e saiba+\" \/>\n<meta property=\"og:url\" content=\"https:\/\/www.suno.com.br\/noticias\/meirelles-privatizar-sabesp-estelionato\/\" \/>\n<meta property=\"og:site_name\" content=\"Suno Not\u00edcias\" \/>\n<meta property=\"article:publisher\" content=\"https:\/\/facebook.com\/sunoresearch\" \/>\n<meta property=\"og:image\" content=\"https:\/\/files.sunoresearch.com.br\/n\/uploads\/2019\/02\/6b9d1f09-sabesp.jpg\" \/>\n\t<meta property=\"og:image:width\" content=\"750\" \/>\n\t<meta property=\"og:image:height\" content=\"601\" \/>\n\t<meta property=\"og:image:type\" content=\"image\/jpeg\" \/>\n<meta name=\"author\" content=\"Guilherme Caetano\" \/>\n<meta name=\"twitter:card\" content=\"summary_large_image\" \/>\n<meta name=\"twitter:creator\" content=\"@sunoresearch\" \/>\n<meta name=\"twitter:site\" content=\"@sunoresearch\" \/>\n<meta name=\"twitter:label1\" content=\"Escrito por\" \/>\n\t<meta name=\"twitter:data1\" content=\"Guilherme Caetano\" \/>\n\t<meta name=\"twitter:label2\" content=\"Est. tempo de leitura\" \/>\n\t<meta name=\"twitter:data2\" content=\"2 minutos\" \/>\n<script type=\"application\/ld+json\" class=\"yoast-schema-graph\">{\"@context\":\"https:\/\/schema.org\",\"@graph\":[{\"@type\":\"NewsArticle\",\"@id\":\"https:\/\/www.suno.com.br\/noticias\/meirelles-privatizar-sabesp-estelionato\/#article\",\"isPartOf\":{\"@id\":\"https:\/\/www.suno.com.br\/noticias\/meirelles-privatizar-sabesp-estelionato\/\"},\"author\":{\"name\":\"Guilherme Caetano\",\"@id\":\"https:\/\/www.suno.com.br\/noticias\/#\/schema\/person\/0d0c9687cd2f600c564f25980c140de9\"},\"headline\":\"Meirelles diz que privatizar a Sabesp n\u00e3o seria &#8216;estelionato eleitoral&#8217;\",\"datePublished\":\"2019-02-07T20:10:08+00:00\",\"mainEntityOfPage\":{\"@id\":\"https:\/\/www.suno.com.br\/noticias\/meirelles-privatizar-sabesp-estelionato\/\"},\"wordCount\":415,\"publisher\":{\"@id\":\"https:\/\/www.suno.com.br\/noticias\/#organization\"},\"image\":{\"@id\":\"https:\/\/www.suno.com.br\/noticias\/meirelles-privatizar-sabesp-estelionato\/#primaryimage\"},\"thumbnailUrl\":\"https:\/\/files.sunoresearch.com.br\/n\/uploads\/2019\/02\/6b9d1f09-sabesp-jpg.webp\",\"keywords\":[\"Henrique Meirelles\",\"Jo\u00e3o Doria\",\"privatiza\u00e7\u00f5es\",\"S\u00e3o Paulo\"],\"articleSection\":[\"Economia\"],\"inLanguage\":\"pt-BR\"},{\"@type\":\"WebPage\",\"@id\":\"https:\/\/www.suno.com.br\/noticias\/meirelles-privatizar-sabesp-estelionato\/\",\"url\":\"https:\/\/www.suno.com.br\/noticias\/meirelles-privatizar-sabesp-estelionato\/\",\"name\":\"Meirelles diz que privatizar a Sabesp n\u00e3o seria 'estelionato eleitoral'\",\"isPartOf\":{\"@id\":\"https:\/\/www.suno.com.br\/noticias\/#website\"},\"primaryImageOfPage\":{\"@id\":\"https:\/\/www.suno.com.br\/noticias\/meirelles-privatizar-sabesp-estelionato\/#primaryimage\"},\"image\":{\"@id\":\"https:\/\/www.suno.com.br\/noticias\/meirelles-privatizar-sabesp-estelionato\/#primaryimage\"},\"thumbnailUrl\":\"https:\/\/files.sunoresearch.com.br\/n\/uploads\/2019\/02\/6b9d1f09-sabesp-jpg.webp\",\"datePublished\":\"2019-02-07T20:10:08+00:00\",\"description\":\"O secret\u00e1rio da Fazenda de S\u00e3o Paulo, Henrique Meirelles, disse que n\u00e3o seria \\\"estelionato eleitoral\\\" privatizar a Sabesp. Clique e saiba+\",\"breadcrumb\":{\"@id\":\"https:\/\/www.suno.com.br\/noticias\/meirelles-privatizar-sabesp-estelionato\/#breadcrumb\"},\"inLanguage\":\"pt-BR\",\"potentialAction\":[{\"@type\":\"ReadAction\",\"target\":[\"https:\/\/www.suno.com.br\/noticias\/meirelles-privatizar-sabesp-estelionato\/\"]}]},{\"@type\":\"ImageObject\",\"inLanguage\":\"pt-BR\",\"@id\":\"https:\/\/www.suno.com.br\/noticias\/meirelles-privatizar-sabesp-estelionato\/#primaryimage\",\"url\":\"https:\/\/files.sunoresearch.com.br\/n\/uploads\/2019\/02\/6b9d1f09-sabesp-jpg.webp\",\"contentUrl\":\"https:\/\/files.sunoresearch.com.br\/n\/uploads\/2019\/02\/6b9d1f09-sabesp-jpg.webp\",\"width\":750,\"height\":601,\"caption\":\"Sabesp (foto: divulga\u00e7\u00e3o)\"},{\"@type\":\"BreadcrumbList\",\"@id\":\"https:\/\/www.suno.com.br\/noticias\/meirelles-privatizar-sabesp-estelionato\/#breadcrumb\",\"itemListElement\":[{\"@type\":\"ListItem\",\"position\":1,\"name\":\"Not\u00edcias\",\"item\":\"https:\/\/www.suno.com.br\/noticias\/\"},{\"@type\":\"ListItem\",\"position\":2,\"name\":\"Economia\",\"item\":\"https:\/\/www.suno.com.br\/noticias\/economia\/\"},{\"@type\":\"ListItem\",\"position\":3,\"name\":\"Meirelles diz que privatizar a Sabesp n\u00e3o seria &#8216;estelionato eleitoral&#8217;\"}]},{\"@type\":\"WebSite\",\"@id\":\"https:\/\/www.suno.com.br\/noticias\/#website\",\"url\":\"https:\/\/www.suno.com.br\/noticias\/\",\"name\":\"Suno Not\u00edcias\",\"description\":\"Seu portal de informa\u00e7\u00e3o sobre o mundo dos investimentos\",\"publisher\":{\"@id\":\"https:\/\/www.suno.com.br\/noticias\/#organization\"},\"potentialAction\":[{\"@type\":\"SearchAction\",\"target\":{\"@type\":\"EntryPoint\",\"urlTemplate\":\"https:\/\/www.suno.com.br\/noticias\/?s={search_term_string}\"},\"query-input\":{\"@type\":\"PropertyValueSpecification\",\"valueRequired\":true,\"valueName\":\"search_term_string\"}}],\"inLanguage\":\"pt-BR\"},{\"@type\":\"Organization\",\"@id\":\"https:\/\/www.suno.com.br\/noticias\/#organization\",\"name\":\"Suno Not\u00edcias\",\"url\":\"https:\/\/www.suno.com.br\/noticias\/\",\"logo\":{\"@type\":\"ImageObject\",\"inLanguage\":\"pt-BR\",\"@id\":\"https:\/\/www.suno.com.br\/noticias\/#\/schema\/logo\/image\/\",\"url\":\"https:\/\/files.sunoresearch.com.br\/n\/uploads\/2021\/09\/suno-logo.png\",\"contentUrl\":\"https:\/\/files.sunoresearch.com.br\/n\/uploads\/2021\/09\/suno-logo.png\",\"width\":180,\"height\":180,\"caption\":\"Suno Not\u00edcias\"},\"image\":{\"@id\":\"https:\/\/www.suno.com.br\/noticias\/#\/schema\/logo\/image\/\"},\"sameAs\":[\"https:\/\/facebook.com\/sunoresearch\",\"https:\/\/x.com\/sunoresearch\",\"https:\/\/www.instagram.com\/suno\",\"https:\/\/www.linkedin.com\/company\/suno-research\/\",\"https:\/\/www.youtube.com\/c\/sunoresearch\"]},{\"@type\":\"Person\",\"@id\":\"https:\/\/www.suno.com.br\/noticias\/#\/schema\/person\/0d0c9687cd2f600c564f25980c140de9\",\"name\":\"Guilherme Caetano\",\"image\":{\"@type\":\"ImageObject\",\"inLanguage\":\"pt-BR\",\"@id\":\"https:\/\/www.suno.com.br\/noticias\/#\/schema\/person\/image\/\",\"url\":\"https:\/\/secure.gravatar.com\/avatar\/e48357351a01702a0d19307070e081bf?s=96&r=g\",\"contentUrl\":\"https:\/\/secure.gravatar.com\/avatar\/e48357351a01702a0d19307070e081bf?s=96&r=g\",\"caption\":\"Guilherme Caetano\"},\"description\":\"Formado em jornalismo pela Escola de Comunica\u00e7\u00f5es e Artes da USP, Guilherme Caetano escreve para o portal de not\u00edcias da Suno Research. Passou pelas reda\u00e7\u00f5es da Folha de S.Paulo e da revista \u00c9poca.\",\"url\":\"https:\/\/www.suno.com.br\/noticias\/author\/guilherme-caetano\/\"}]}<\/script>\n<!-- \/ Yoast SEO plugin. -->","yoast_head_json":{"title":"Meirelles diz que privatizar a Sabesp n\u00e3o seria 'estelionato eleitoral'","description":"O secret\u00e1rio da Fazenda de S\u00e3o Paulo, Henrique Meirelles, disse que n\u00e3o seria \"estelionato eleitoral\" privatizar a Sabesp. Clique e saiba+","robots":{"index":"index","follow":"follow","max-snippet":"max-snippet:-1","max-image-preview":"max-image-preview:large","max-video-preview":"max-video-preview:-1"},"canonical":"https:\/\/www.suno.com.br\/noticias\/meirelles-privatizar-sabesp-estelionato\/","og_locale":"pt_BR","og_type":"article","og_title":"Meirelles diz que privatizar a Sabesp n\u00e3o seria 'estelionato eleitoral'","og_description":"O secret\u00e1rio da Fazenda de S\u00e3o Paulo, Henrique Meirelles, disse que n\u00e3o seria \"estelionato eleitoral\" privatizar a Sabesp. Clique e saiba+","og_url":"https:\/\/www.suno.com.br\/noticias\/meirelles-privatizar-sabesp-estelionato\/","og_site_name":"Suno Not\u00edcias","article_publisher":"https:\/\/facebook.com\/sunoresearch","og_image":[{"width":750,"height":601,"url":"https:\/\/files.sunoresearch.com.br\/n\/uploads\/2019\/02\/6b9d1f09-sabesp.jpg","type":"image\/jpeg"}],"author":"Guilherme Caetano","twitter_card":"summary_large_image","twitter_creator":"@sunoresearch","twitter_site":"@sunoresearch","twitter_misc":{"Escrito por":"Guilherme Caetano","Est. tempo de leitura":"2 minutos"},"schema":{"@context":"https:\/\/schema.org","@graph":[{"@type":"NewsArticle","@id":"https:\/\/www.suno.com.br\/noticias\/meirelles-privatizar-sabesp-estelionato\/#article","isPartOf":{"@id":"https:\/\/www.suno.com.br\/noticias\/meirelles-privatizar-sabesp-estelionato\/"},"author":{"name":"Guilherme Caetano","@id":"https:\/\/www.suno.com.br\/noticias\/#\/schema\/person\/0d0c9687cd2f600c564f25980c140de9"},"headline":"Meirelles diz que privatizar a Sabesp n\u00e3o seria &#8216;estelionato eleitoral&#8217;","datePublished":"2019-02-07T20:10:08+00:00","mainEntityOfPage":{"@id":"https:\/\/www.suno.com.br\/noticias\/meirelles-privatizar-sabesp-estelionato\/"},"wordCount":415,"publisher":{"@id":"https:\/\/www.suno.com.br\/noticias\/#organization"},"image":{"@id":"https:\/\/www.suno.com.br\/noticias\/meirelles-privatizar-sabesp-estelionato\/#primaryimage"},"thumbnailUrl":"https:\/\/files.sunoresearch.com.br\/n\/uploads\/2019\/02\/6b9d1f09-sabesp-jpg.webp","keywords":["Henrique Meirelles","Jo\u00e3o Doria","privatiza\u00e7\u00f5es","S\u00e3o Paulo"],"articleSection":["Economia"],"inLanguage":"pt-BR"},{"@type":"WebPage","@id":"https:\/\/www.suno.com.br\/noticias\/meirelles-privatizar-sabesp-estelionato\/","url":"https:\/\/www.suno.com.br\/noticias\/meirelles-privatizar-sabesp-estelionato\/","name":"Meirelles diz que privatizar a Sabesp n\u00e3o seria 'estelionato eleitoral'","isPartOf":{"@id":"https:\/\/www.suno.com.br\/noticias\/#website"},"primaryImageOfPage":{"@id":"https:\/\/www.suno.com.br\/noticias\/meirelles-privatizar-sabesp-estelionato\/#primaryimage"},"image":{"@id":"https:\/\/www.suno.com.br\/noticias\/meirelles-privatizar-sabesp-estelionato\/#primaryimage"},"thumbnailUrl":"https:\/\/files.sunoresearch.com.br\/n\/uploads\/2019\/02\/6b9d1f09-sabesp-jpg.webp","datePublished":"2019-02-07T20:10:08+00:00","description":"O secret\u00e1rio da Fazenda de S\u00e3o Paulo, Henrique Meirelles, disse que n\u00e3o seria \"estelionato eleitoral\" privatizar a Sabesp. Clique e saiba+","breadcrumb":{"@id":"https:\/\/www.suno.com.br\/noticias\/meirelles-privatizar-sabesp-estelionato\/#breadcrumb"},"inLanguage":"pt-BR","potentialAction":[{"@type":"ReadAction","target":["https:\/\/www.suno.com.br\/noticias\/meirelles-privatizar-sabesp-estelionato\/"]}]},{"@type":"ImageObject","inLanguage":"pt-BR","@id":"https:\/\/www.suno.com.br\/noticias\/meirelles-privatizar-sabesp-estelionato\/#primaryimage","url":"https:\/\/files.sunoresearch.com.br\/n\/uploads\/2019\/02\/6b9d1f09-sabesp-jpg.webp","contentUrl":"https:\/\/files.sunoresearch.com.br\/n\/uploads\/2019\/02\/6b9d1f09-sabesp-jpg.webp","width":750,"height":601,"caption":"Sabesp (foto: divulga\u00e7\u00e3o)"},{"@type":"BreadcrumbList","@id":"https:\/\/www.suno.com.br\/noticias\/meirelles-privatizar-sabesp-estelionato\/#breadcrumb","itemListElement":[{"@type":"ListItem","position":1,"name":"Not\u00edcias","item":"https:\/\/www.suno.com.br\/noticias\/"},{"@type":"ListItem","position":2,"name":"Economia","item":"https:\/\/www.suno.com.br\/noticias\/economia\/"},{"@type":"ListItem","position":3,"name":"Meirelles diz que privatizar a Sabesp n\u00e3o seria &#8216;estelionato eleitoral&#8217;"}]},{"@type":"WebSite","@id":"https:\/\/www.suno.com.br\/noticias\/#website","url":"https:\/\/www.suno.com.br\/noticias\/","name":"Suno Not\u00edcias","description":"Seu portal de informa\u00e7\u00e3o sobre o mundo dos investimentos","publisher":{"@id":"https:\/\/www.suno.com.br\/noticias\/#organization"},"potentialAction":[{"@type":"SearchAction","target":{"@type":"EntryPoint","urlTemplate":"https:\/\/www.suno.com.br\/noticias\/?s={search_term_string}"},"query-input":{"@type":"PropertyValueSpecification","valueRequired":true,"valueName":"search_term_string"}}],"inLanguage":"pt-BR"},{"@type":"Organization","@id":"https:\/\/www.suno.com.br\/noticias\/#organization","name":"Suno Not\u00edcias","url":"https:\/\/www.suno.com.br\/noticias\/","logo":{"@type":"ImageObject","inLanguage":"pt-BR","@id":"https:\/\/www.suno.com.br\/noticias\/#\/schema\/logo\/image\/","url":"https:\/\/files.sunoresearch.com.br\/n\/uploads\/2021\/09\/suno-logo.png","contentUrl":"https:\/\/files.sunoresearch.com.br\/n\/uploads\/2021\/09\/suno-logo.png","width":180,"height":180,"caption":"Suno Not\u00edcias"},"image":{"@id":"https:\/\/www.suno.com.br\/noticias\/#\/schema\/logo\/image\/"},"sameAs":["https:\/\/facebook.com\/sunoresearch","https:\/\/x.com\/sunoresearch","https:\/\/www.instagram.com\/suno","https:\/\/www.linkedin.com\/company\/suno-research\/","https:\/\/www.youtube.com\/c\/sunoresearch"]},{"@type":"Person","@id":"https:\/\/www.suno.com.br\/noticias\/#\/schema\/person\/0d0c9687cd2f600c564f25980c140de9","name":"Guilherme Caetano","image":{"@type":"ImageObject","inLanguage":"pt-BR","@id":"https:\/\/www.suno.com.br\/noticias\/#\/schema\/person\/image\/","url":"https:\/\/secure.gravatar.com\/avatar\/e48357351a01702a0d19307070e081bf?s=96&r=g","contentUrl":"https:\/\/secure.gravatar.com\/avatar\/e48357351a01702a0d19307070e081bf?s=96&r=g","caption":"Guilherme Caetano"},"description":"Formado em jornalismo pela Escola de Comunica\u00e7\u00f5es e Artes da USP, Guilherme Caetano escreve para o portal de not\u00edcias da Suno Research. Passou pelas reda\u00e7\u00f5es da Folha de S.Paulo e da revista \u00c9poca.","url":"https:\/\/www.suno.com.br\/noticias\/author\/guilherme-caetano\/"}]}},"default_loop_html":"<div class=\"cardsPage__listCard__boxs\"><div class=\"cardsPage__listCard__boxs__img\"><a href=\"https:\/\/www.suno.com.br\/noticias\/meirelles-privatizar-sabesp-estelionato\/\"><img class=\"mask\" src=\"https:\/\/www.suno.com.br\/noticias\/wp-content\/themes\/suno\/resources\/images\/spotlight\/spotlight1img\/bg-mask.png\" alt=\"Image Mask\"\/><img src=\"https:\/\/files.sunoresearch.com.br\/n\/uploads\/2019\/02\/6b9d1f09-sabesp-400x200.webp\" alt=\"Meirelles diz que privatizar a Sabesp n\u00e3o seria &#8216;estelionato eleitoral&#8217;\"\/><\/a><span class=\"spotlightCategory\"><a href=\"https:\/\/www.suno.com.br\/noticias\/economia\/\">Economia<\/a><\/span><\/div><div class=\"cardsPage__listCard__boxs__content\"><a href=\"https:\/\/www.suno.com.br\/noticias\/meirelles-privatizar-sabesp-estelionato\/\"><h2 class=\"content__title\">Meirelles diz que privatizar a Sabesp n\u00e3o seria &#8216;estelionato eleitoral&#8217;<\/h2><\/a><div class=\"newsContent__article__meta\"><div class=\"newsContent__article__meta__authorBox\"><a href=\"https:\/\/www.suno.com.br\/noticias\/author\/guilherme-caetano\/\" class=\"authorBox__avatar noMobi\"><img src=\"https:\/\/secure.gravatar.com\/avatar\/e48357351a01702a0d19307070e081bf?s=96&#038;r=g\" alt=\"Guilherme Caetano\"><\/a><div class=\"authorBox__name\"><span>por\n\t\t\t<a href=\"https:\/\/www.suno.com.br\/noticias\/author\/guilherme-caetano\/\"><span itemprop=\"author\">Guilherme Caetano<\/span><\/a><\/span><time datetime=\"2019-02-07T18:10:08-02:00\" itemprop=\"datePublished\">07\/02\/2019 18:10<\/time><\/div><\/div><\/div><\/div><\/div>","single_layout":"posts","amp_enabled":true,"_links":{"self":[{"href":"https:\/\/www.suno.com.br\/noticias\/wp-json\/wp\/v2\/posts\/14583"}],"collection":[{"href":"https:\/\/www.suno.com.br\/noticias\/wp-json\/wp\/v2\/posts"}],"about":[{"href":"https:\/\/www.suno.com.br\/noticias\/wp-json\/wp\/v2\/types\/post"}],"author":[{"embeddable":true,"href":"https:\/\/www.suno.com.br\/noticias\/wp-json\/wp\/v2\/users\/13"}],"replies":[{"embeddable":true,"href":"https:\/\/www.suno.com.br\/noticias\/wp-json\/wp\/v2\/comments?post=14583"}],"version-history":[{"count":0,"href":"https:\/\/www.suno.com.br\/noticias\/wp-json\/wp\/v2\/posts\/14583\/revisions"}],"wp:featuredmedia":[{"embeddable":true,"href":"https:\/\/www.suno.com.br\/noticias\/wp-json\/wp\/v2\/media\/14585"}],"wp:attachment":[{"href":"https:\/\/www.suno.com.br\/noticias\/wp-json\/wp\/v2\/media?parent=14583"}],"wp:term":[{"taxonomy":"category","embeddable":true,"href":"https:\/\/www.suno.com.br\/noticias\/wp-json\/wp\/v2\/categories?post=14583"},{"taxonomy":"post_tag","embeddable":true,"href":"https:\/\/www.suno.com.br\/noticias\/wp-json\/wp\/v2\/tags?post=14583"},{"taxonomy":"suno_strategy","embeddable":true,"href":"https:\/\/www.suno.com.br\/noticias\/wp-json\/wp\/v2\/suno_strategy?post=14583"}],"curies":[{"name":"wp","href":"https:\/\/api.w.org\/{rel}","templated":true}]}}