{"id":145764,"date":"2021-05-07T17:31:41","date_gmt":"2021-05-07T20:31:41","guid":{"rendered":"https:\/\/www.suno.com.br\/noticias\/?p=145764"},"modified":"2021-05-29T20:36:26","modified_gmt":"2021-05-29T23:36:26","slug":"dolar-fechamento-queda-07052021","status":"publish","type":"post","link":"https:\/\/www.suno.com.br\/noticias\/dolar-fechamento-queda-07052021\/","title":{"rendered":"D\u00f3lar fecha sexta semana consecutiva em queda, aos R$ 5,229"},"content":{"rendered":"<p>O <strong><a href=\"https:\/\/www.suno.com.br\/artigos\/mercado-de-cambio\/\">d\u00f3lar<\/a><\/strong> fecha nesta sexta-feira (7) sua sexta semana consecutiva de perdas frente ao Real, acumulando queda de 3,74% na semana.<\/p>\t<div class=\"wrapper-featured-image\">\n\t\t<figure class=\"spotlightImg\">\n\n\t\t\t<picture>\n\t\t\t\t<source media=\"(max-width: 768px)\" srcset=\"https:\/\/files.sunoresearch.com.br\/n\/uploads\/2021\/03\/d81eeb3f-usd-2874026_1280-400x200.webp\">\n\t\t\t\t<img loading=\"lazy\" decoding=\"async\" class=\"newsContent__article__imgCapa lazyloadDisabled \" src=\"https:\/\/files.sunoresearch.com.br\/n\/uploads\/2021\/03\/d81eeb3f-usd-2874026_1280-800x450.webp\" width=\"800\" height=\"450\" alt=\"D\u00f3lar fecha sexta semana consecutiva em queda, aos R$ 5,229\" fetchpriority=high \/>\n\t\t\t<\/picture>\n\n\t\t\t<figcaption class=\"wp-caption-text wp-caption-text--show\">D\u00f3lar. Foto: Pixabay<\/figcaption>\n\t\t<\/figure>\n\t<\/div>\n\n\n\t<p>\n\t\t<a href=\"https:\/\/lp.suno.com.br\/planilha-controle-gastos\/\" target=\"_blank\" data-element=\"shortcode-suno-banner\" title=\"Banner SUNO, clique e saiba mais\">\n\t\t\t<picture>\n\t\t\t\t<source media=\"(max-width: 500px)\" srcset=\"https:\/\/files.sunoresearch.com.br\/n\/uploads\/2023\/03\/400x300-Planilha-controle-de-gastos.png\">\n\t\t\t\t<img class=\"newsContent__article__imgCapa newsContent__article__imgCapa--banner\"\n\t\t\t\t\tsrc=\"https:\/\/files.sunoresearch.com.br\/n\/uploads\/2023\/03\/1420x240-Planilha-controle-de-gastos.png\"\n\t\t\t\t\tdata-promo-id=\"101751\"\t\t\t\t\t\t\t\t\t\twidth='1420' height='240'\t\t\t\t\talt=\"https:\/\/files.sunoresearch.com.br\/n\/uploads\/2023\/03\/1420x240-Planilha-controle-de-gastos.png\"\n\t\t\t\t>\n\t\t\t<\/picture>\n\t\t<\/a>\n\t<\/p>\n\n\n<p>Diante disso, confira o desempenho do d\u00f3lar ao longo da primeira semana do m\u00eas de maio:<\/p>\n<ul>\n<li><strong>Segunda-feira (3)<\/strong>: o d\u00f3lar caiu 0,24%, aos R$ 5,419, com os investidores \u00e0 espera da fala de Jerome Powell. o presidente do Federal Reserve (Fed)<\/li>\n<li><strong>Ter\u00e7a-feira (4):<\/strong> a alta foi de 0,22%, com o d\u00f3lar cotado a R$ 5,43<\/li>\n<li><strong>Quarta-feira (5):<\/strong> em forte queda de 1,21%, o d\u00f3lar fechou negociado a R$ 5,365, com o mercado \u00e0 espero da decis\u00e3o\u00a0do<a href=\"https:\/\/www.suno.com.br\/artigos\/copom\/\"> Comit\u00ea de Pol\u00edtica Monet\u00e1ria (Copom)<\/a> sobre a<a href=\"https:\/\/www.suno.com.br\/artigos\/taxa-selic\/\"> taxa b\u00e1sica de juros (Selic)<\/a>.<\/li>\n<li><strong>Quinta-feira (6):<\/strong> novamente em forte queda de 1,62%, negociado a R$ 5,278, o mercado reagiu \u00e0 eleva\u00e7\u00e3o da <a href=\"https:\/\/www.suno.com.br\/artigos\/taxa-de-juros\/\">taxa b\u00e1sica de juros (Selic)<\/a> para 3,50% ao ano<\/li>\n<\/ul>\n<p>J\u00e1 em rela\u00e7\u00e3o ao preg\u00e3o anterior, a moeda fechou negociada a R$ 5,229, caindo 0,93% e registrando o menor valor desde o dia 14 de janeiro, quando fechou aos R$ 5,21.<\/p>\n<p><a href=\"https:\/\/lp.suno.com.br\/suno-one\/\">Suno One: acesse gratuitamente eBooks, Minicursos, Artigos e V\u00eddeo Aulas sobre investimentos com um \u00fanico cadastro. Clique para saber mais!<\/a><\/p>\n<p>De acordo com Rodrigo Franchini, s\u00f3cio e Head de Produtos da Monte Bravo Investimentos, hoje, em especial, o d\u00f3lar acelerou a queda perante todas as outras moedas do mundo, n\u00e3o apenas frente ao Real.<\/p>\n<p>Franchini explica que a raz\u00e3o principal da desvaloriza\u00e7\u00e3o foi a divulga\u00e7\u00e3o do desemprego nos EUA hoje. &#8220;O n\u00famero surpreendeu, foi um n\u00famero muito abaixo do esperado, o que provou que a economia americana n\u00e3o est\u00e1 t\u00e3o forte assim. Desta forma, os investidores deixaram de procurar pelo d\u00f3lar e passam a demandar outras moedas&#8221;.<\/p>\n<p>Al\u00e9m disso, veja outras not\u00edcias importantes do dia:<\/p>\n<ul>\n<li>Biden: payroll mostra o qu\u00e3o vitais s\u00e3o nossas medidas de apoio, que prosseguir\u00e3o<\/li>\n<li>Reservas internacionais da China sobem a US$ 3,198 trilh\u00f5es em abril<\/li>\n<li>EUA\/Fed: cr\u00e9dito ao consumidor cresce US$ 25,8 bilh\u00f5es em mar\u00e7o<\/li>\n<\/ul>\n<h2>Emprego nos EUA<\/h2>\n<p>O presidente dos Estados Unidos, <strong>Joe Biden<\/strong>, afirmou nesta sexta-feira (7) que os n\u00fameros do <strong>payroll<\/strong> mostram que &#8220;ainda h\u00e1 muito trabalho a fazer&#8221; at\u00e9 que a economia do pa\u00eds se recupere totalmente do choque da pandemia.<\/p>\n<p>Em declara\u00e7\u00f5es a rep\u00f3rteres na Casa Branca, Biden disse que o dado mostrou que &#8220;mais ajuda \u00e9 necess\u00e1ria&#8221; e garantiu que ela &#8220;est\u00e1 a caminho&#8221;.<\/p>\n<h2>China<\/h2>\n<p>As reservas internacionais da China voltaram a subir em abril, ap\u00f3s tr\u00eas meses consecutivos de quedas, gra\u00e7as a um super\u00e1vit comercial maior e a poss\u00edveis entradas de capitais atra\u00eddos pelos mercados de a\u00e7\u00f5es e renda fixa do pa\u00eds, segundo dados publicados nesta sexta-feira, 7, pelo PBoC, como \u00e9 conhecido o banco central chin\u00eas.<\/p>\n<p>No fim de abril, as reservas da segunda maior economia do mundo totalizavam US$ 3,198 trilh\u00f5es, representando alta de US$ 28,15 bilh\u00f5es em rela\u00e7\u00e3o a mar\u00e7o. O resultado veio praticamente em linha com a previs\u00e3o de analistas consultados pelo <i>The Wall Street Journal<\/i>, de avan\u00e7o a US$ 3,2 trilh\u00f5es. Fonte: Dow Jones Newswires.<\/p>\n<h2>Fed<\/h2>\n<p>O cr\u00e9dito ao consumidor dos Estados Unidos cresceu US$ 25,8 bilh\u00f5es na passagem de fevereiro para mar\u00e7o, segundo dados publicados nesta sexta-feira, 7, pelo Federal Reserve (Fed, o banco central americano), o que representa um avan\u00e7o anualizado de 7,4%, feitos os ajustes sazonais. O resultado veio bem acima das previs\u00f5es de analistas consultados pelo <i>Wall Street Journal<\/i>, que projetavam ganho de US$ 20 bilh\u00f5es.<\/p>\n<p>O cr\u00e9dito rotativo, composto na maior parte por cart\u00f5es de cr\u00e9dito, aumentou 2,4% em rela\u00e7\u00e3o a mar\u00e7o do ano anterior. J\u00e1 o cr\u00e9dito n\u00e3o rotativo, que inclui empr\u00e9stimos para financiamento estudantil e de autom\u00f3veis, teve alta de 5,9% em igual base de compara\u00e7\u00e3o.<\/p>\n<h2>\u00daltima cota\u00e7\u00e3o do d\u00f3lar<\/h2>\n<p>Na \u00faltima sess\u00e3o, quinta-feira (5), o <strong>d\u00f3lar<\/strong> encerrou o preg\u00e3o\u00a0em queda de 1,62%, negociado a R$ 5,278.<\/p>\n\t<p>\n\t\t<a href=\"https:\/\/lp.suno.com.br\/planilha-da-vida-financeira\/\" target=\"_blank\" data-element=\"shortcode-suno-banner\" title=\"Banner SUNO, clique e saiba mais\">\n\t\t\t<picture>\n\t\t\t\t<source media=\"(max-width: 500px)\" srcset=\"https:\/\/files.sunoresearch.com.br\/n\/uploads\/2023\/04\/400x300-Planilha-vida-financeira-true.png\">\n\t\t\t\t<img class=\"newsContent__article__imgCapa newsContent__article__imgCapa--banner\"\n\t\t\t\t\tsrc=\"https:\/\/files.sunoresearch.com.br\/n\/uploads\/2023\/04\/1420x240-Planilha-vida-financeira-true.png\"\n\t\t\t\t\tdata-promo-id=\"106682\"\t\t\t\t\t\t\t\t\t\twidth='1420' height='240'\t\t\t\t\talt=\"https:\/\/files.sunoresearch.com.br\/n\/uploads\/2023\/04\/1420x240-Planilha-vida-financeira-true.png\"\n\t\t\t\t>\n\t\t\t<\/picture>\n\t\t<\/a>\n\t<\/p>\n\n\n","protected":false},"excerpt":{"rendered":"<p>O d\u00f3lar fecha nesta sexta-feira (7) sua sexta semana consecutiva de perdas frente ao Real, acumulando queda de 3,74% na semana. D\u00f3lar. Foto: Pixabay Diante disso, confira o desempenho do d\u00f3lar ao longo da primeira semana do m\u00eas de maio: Segunda-feira (3): o d\u00f3lar caiu 0,24%, aos R$ 5,419, com os investidores \u00e0 espera da [&hellip;]<\/p>\n","protected":false},"author":56,"featured_media":135828,"comment_status":"closed","ping_status":"closed","sticky":false,"template":"","format":"standard","meta":[],"categories":[60],"tags":[711,326,105816,776,15483],"suno_strategy":[],"class_list":["post-145764","post","type-post","status-publish","format-standard","has-post-thumbnail","hentry","category-mercado","tag-china","tag-dolar","tag-especialistas","tag-federal-reseve-fed","tag-payroll"],"yoast_head":"<!-- This site is optimized with the Yoast SEO plugin v24.4 - https:\/\/yoast.com\/wordpress\/plugins\/seo\/ -->\n<title>D\u00f3lar fecha sexta semana consecutiva em queda, aos R$ 5,229<\/title>\n<meta name=\"description\" content=\"O d\u00f3lar fechou caindo 0,93% e registrando o menor valor desde o dia 14 de janeiro, quando fechou aos R$ 5,21. Clique aqui para saber mais.\" \/>\n<meta name=\"robots\" content=\"index, follow, max-snippet:-1, max-image-preview:large, max-video-preview:-1\" \/>\n<link rel=\"canonical\" href=\"https:\/\/www.suno.com.br\/noticias\/dolar-fechamento-queda-07052021\/\" \/>\n<meta property=\"og:locale\" content=\"pt_BR\" \/>\n<meta property=\"og:type\" content=\"article\" \/>\n<meta property=\"og:title\" content=\"D\u00f3lar fecha sexta semana consecutiva em queda, aos R$ 5,229\" \/>\n<meta property=\"og:description\" content=\"O d\u00f3lar fechou caindo 0,93% e registrando o menor valor desde o dia 14 de janeiro, quando fechou aos R$ 5,21. Clique aqui para saber mais.\" \/>\n<meta property=\"og:url\" content=\"https:\/\/www.suno.com.br\/noticias\/dolar-fechamento-queda-07052021\/\" \/>\n<meta property=\"og:site_name\" content=\"Suno Not\u00edcias\" \/>\n<meta property=\"article:publisher\" content=\"https:\/\/facebook.com\/sunoresearch\" \/>\n<meta property=\"og:image\" content=\"https:\/\/files.sunoresearch.com.br\/n\/uploads\/2021\/03\/d81eeb3f-usd-2874026_1280.jpg\" \/>\n\t<meta property=\"og:image:width\" content=\"1280\" \/>\n\t<meta property=\"og:image:height\" content=\"720\" \/>\n\t<meta property=\"og:image:type\" content=\"image\/jpeg\" \/>\n<meta name=\"author\" content=\"Rafaela La Regina\" \/>\n<meta name=\"twitter:card\" content=\"summary_large_image\" \/>\n<meta name=\"twitter:creator\" content=\"@sunoresearch\" \/>\n<meta name=\"twitter:site\" content=\"@sunoresearch\" \/>\n<meta name=\"twitter:label1\" content=\"Escrito por\" \/>\n\t<meta name=\"twitter:data1\" content=\"Rafaela La Regina\" \/>\n\t<meta name=\"twitter:label2\" content=\"Est. tempo de leitura\" \/>\n\t<meta name=\"twitter:data2\" content=\"3 minutos\" \/>\n<script type=\"application\/ld+json\" class=\"yoast-schema-graph\">{\"@context\":\"https:\/\/schema.org\",\"@graph\":[{\"@type\":\"NewsArticle\",\"@id\":\"https:\/\/www.suno.com.br\/noticias\/dolar-fechamento-queda-07052021\/#article\",\"isPartOf\":{\"@id\":\"https:\/\/www.suno.com.br\/noticias\/dolar-fechamento-queda-07052021\/\"},\"author\":{\"name\":\"Rafaela La Regina\",\"@id\":\"https:\/\/www.suno.com.br\/noticias\/#\/schema\/person\/e672ca8cea627fe715fa29bca7da95e0\"},\"headline\":\"D\u00f3lar fecha sexta semana consecutiva em queda, aos R$ 5,229\",\"datePublished\":\"2021-05-07T20:31:41+00:00\",\"dateModified\":\"2021-05-29T23:36:26+00:00\",\"mainEntityOfPage\":{\"@id\":\"https:\/\/www.suno.com.br\/noticias\/dolar-fechamento-queda-07052021\/\"},\"wordCount\":674,\"publisher\":{\"@id\":\"https:\/\/www.suno.com.br\/noticias\/#organization\"},\"image\":{\"@id\":\"https:\/\/www.suno.com.br\/noticias\/dolar-fechamento-queda-07052021\/#primaryimage\"},\"thumbnailUrl\":\"https:\/\/files.sunoresearch.com.br\/n\/uploads\/2021\/03\/d81eeb3f-usd-2874026_1280-jpg.webp\",\"keywords\":[\"China\",\"d\u00f3lar\",\"Especialistas\",\"Federal Reserve (FED)\",\"Payroll\"],\"articleSection\":[\"Mercado\"],\"inLanguage\":\"pt-BR\"},{\"@type\":\"WebPage\",\"@id\":\"https:\/\/www.suno.com.br\/noticias\/dolar-fechamento-queda-07052021\/\",\"url\":\"https:\/\/www.suno.com.br\/noticias\/dolar-fechamento-queda-07052021\/\",\"name\":\"D\u00f3lar fecha sexta semana consecutiva em queda, aos R$ 5,229\",\"isPartOf\":{\"@id\":\"https:\/\/www.suno.com.br\/noticias\/#website\"},\"primaryImageOfPage\":{\"@id\":\"https:\/\/www.suno.com.br\/noticias\/dolar-fechamento-queda-07052021\/#primaryimage\"},\"image\":{\"@id\":\"https:\/\/www.suno.com.br\/noticias\/dolar-fechamento-queda-07052021\/#primaryimage\"},\"thumbnailUrl\":\"https:\/\/files.sunoresearch.com.br\/n\/uploads\/2021\/03\/d81eeb3f-usd-2874026_1280-jpg.webp\",\"datePublished\":\"2021-05-07T20:31:41+00:00\",\"dateModified\":\"2021-05-29T23:36:26+00:00\",\"description\":\"O d\u00f3lar fechou caindo 0,93% e registrando o menor valor desde o dia 14 de janeiro, quando fechou aos R$ 5,21. Clique aqui para saber mais.\",\"breadcrumb\":{\"@id\":\"https:\/\/www.suno.com.br\/noticias\/dolar-fechamento-queda-07052021\/#breadcrumb\"},\"inLanguage\":\"pt-BR\",\"potentialAction\":[{\"@type\":\"ReadAction\",\"target\":[\"https:\/\/www.suno.com.br\/noticias\/dolar-fechamento-queda-07052021\/\"]}]},{\"@type\":\"ImageObject\",\"inLanguage\":\"pt-BR\",\"@id\":\"https:\/\/www.suno.com.br\/noticias\/dolar-fechamento-queda-07052021\/#primaryimage\",\"url\":\"https:\/\/files.sunoresearch.com.br\/n\/uploads\/2021\/03\/d81eeb3f-usd-2874026_1280-jpg.webp\",\"contentUrl\":\"https:\/\/files.sunoresearch.com.br\/n\/uploads\/2021\/03\/d81eeb3f-usd-2874026_1280-jpg.webp\",\"width\":1280,\"height\":720,\"caption\":\"D\u00f3lar. Foto: Pixabay\"},{\"@type\":\"BreadcrumbList\",\"@id\":\"https:\/\/www.suno.com.br\/noticias\/dolar-fechamento-queda-07052021\/#breadcrumb\",\"itemListElement\":[{\"@type\":\"ListItem\",\"position\":1,\"name\":\"Not\u00edcias\",\"item\":\"https:\/\/www.suno.com.br\/noticias\/\"},{\"@type\":\"ListItem\",\"position\":2,\"name\":\"Mercado\",\"item\":\"https:\/\/www.suno.com.br\/noticias\/mercado\/\"},{\"@type\":\"ListItem\",\"position\":3,\"name\":\"D\u00f3lar fecha sexta semana consecutiva em queda, aos R$ 5,229\"}]},{\"@type\":\"WebSite\",\"@id\":\"https:\/\/www.suno.com.br\/noticias\/#website\",\"url\":\"https:\/\/www.suno.com.br\/noticias\/\",\"name\":\"Suno Not\u00edcias\",\"description\":\"Seu portal de informa\u00e7\u00e3o sobre o mundo dos investimentos\",\"publisher\":{\"@id\":\"https:\/\/www.suno.com.br\/noticias\/#organization\"},\"potentialAction\":[{\"@type\":\"SearchAction\",\"target\":{\"@type\":\"EntryPoint\",\"urlTemplate\":\"https:\/\/www.suno.com.br\/noticias\/?s={search_term_string}\"},\"query-input\":{\"@type\":\"PropertyValueSpecification\",\"valueRequired\":true,\"valueName\":\"search_term_string\"}}],\"inLanguage\":\"pt-BR\"},{\"@type\":\"Organization\",\"@id\":\"https:\/\/www.suno.com.br\/noticias\/#organization\",\"name\":\"Suno Not\u00edcias\",\"url\":\"https:\/\/www.suno.com.br\/noticias\/\",\"logo\":{\"@type\":\"ImageObject\",\"inLanguage\":\"pt-BR\",\"@id\":\"https:\/\/www.suno.com.br\/noticias\/#\/schema\/logo\/image\/\",\"url\":\"https:\/\/files.sunoresearch.com.br\/n\/uploads\/2021\/09\/suno-logo.png\",\"contentUrl\":\"https:\/\/files.sunoresearch.com.br\/n\/uploads\/2021\/09\/suno-logo.png\",\"width\":180,\"height\":180,\"caption\":\"Suno Not\u00edcias\"},\"image\":{\"@id\":\"https:\/\/www.suno.com.br\/noticias\/#\/schema\/logo\/image\/\"},\"sameAs\":[\"https:\/\/facebook.com\/sunoresearch\",\"https:\/\/x.com\/sunoresearch\",\"https:\/\/www.instagram.com\/suno\",\"https:\/\/www.linkedin.com\/company\/suno-research\/\",\"https:\/\/www.youtube.com\/c\/sunoresearch\"]},{\"@type\":\"Person\",\"@id\":\"https:\/\/www.suno.com.br\/noticias\/#\/schema\/person\/e672ca8cea627fe715fa29bca7da95e0\",\"name\":\"Rafaela La Regina\",\"image\":{\"@type\":\"ImageObject\",\"inLanguage\":\"pt-BR\",\"@id\":\"https:\/\/www.suno.com.br\/noticias\/#\/schema\/person\/image\/\",\"url\":\"https:\/\/secure.gravatar.com\/avatar\/d2c75a52d243deb93d0465fdcb21bd37?s=96&r=g\",\"contentUrl\":\"https:\/\/secure.gravatar.com\/avatar\/d2c75a52d243deb93d0465fdcb21bd37?s=96&r=g\",\"caption\":\"Rafaela La Regina\"},\"description\":\"Estagi\u00e1ria no Suno Not\u00edcias. Escreve sobre economia, pol\u00edtica e neg\u00f3cios. Estuda Rela\u00e7\u00f5es Internacionais no IBMEC-SP.\",\"url\":\"https:\/\/www.suno.com.br\/noticias\/author\/rafaela-la-regina\/\"}]}<\/script>\n<!-- \/ Yoast SEO plugin. -->","yoast_head_json":{"title":"D\u00f3lar fecha sexta semana consecutiva em queda, aos R$ 5,229","description":"O d\u00f3lar fechou caindo 0,93% e registrando o menor valor desde o dia 14 de janeiro, quando fechou aos R$ 5,21. Clique aqui para saber mais.","robots":{"index":"index","follow":"follow","max-snippet":"max-snippet:-1","max-image-preview":"max-image-preview:large","max-video-preview":"max-video-preview:-1"},"canonical":"https:\/\/www.suno.com.br\/noticias\/dolar-fechamento-queda-07052021\/","og_locale":"pt_BR","og_type":"article","og_title":"D\u00f3lar fecha sexta semana consecutiva em queda, aos R$ 5,229","og_description":"O d\u00f3lar fechou caindo 0,93% e registrando o menor valor desde o dia 14 de janeiro, quando fechou aos R$ 5,21. Clique aqui para saber mais.","og_url":"https:\/\/www.suno.com.br\/noticias\/dolar-fechamento-queda-07052021\/","og_site_name":"Suno Not\u00edcias","article_publisher":"https:\/\/facebook.com\/sunoresearch","og_image":[{"width":1280,"height":720,"url":"https:\/\/files.sunoresearch.com.br\/n\/uploads\/2021\/03\/d81eeb3f-usd-2874026_1280.jpg","type":"image\/jpeg"}],"author":"Rafaela La Regina","twitter_card":"summary_large_image","twitter_creator":"@sunoresearch","twitter_site":"@sunoresearch","twitter_misc":{"Escrito por":"Rafaela La Regina","Est. tempo de leitura":"3 minutos"},"schema":{"@context":"https:\/\/schema.org","@graph":[{"@type":"NewsArticle","@id":"https:\/\/www.suno.com.br\/noticias\/dolar-fechamento-queda-07052021\/#article","isPartOf":{"@id":"https:\/\/www.suno.com.br\/noticias\/dolar-fechamento-queda-07052021\/"},"author":{"name":"Rafaela La Regina","@id":"https:\/\/www.suno.com.br\/noticias\/#\/schema\/person\/e672ca8cea627fe715fa29bca7da95e0"},"headline":"D\u00f3lar fecha sexta semana consecutiva em queda, aos R$ 5,229","datePublished":"2021-05-07T20:31:41+00:00","dateModified":"2021-05-29T23:36:26+00:00","mainEntityOfPage":{"@id":"https:\/\/www.suno.com.br\/noticias\/dolar-fechamento-queda-07052021\/"},"wordCount":674,"publisher":{"@id":"https:\/\/www.suno.com.br\/noticias\/#organization"},"image":{"@id":"https:\/\/www.suno.com.br\/noticias\/dolar-fechamento-queda-07052021\/#primaryimage"},"thumbnailUrl":"https:\/\/files.sunoresearch.com.br\/n\/uploads\/2021\/03\/d81eeb3f-usd-2874026_1280-jpg.webp","keywords":["China","d\u00f3lar","Especialistas","Federal Reserve (FED)","Payroll"],"articleSection":["Mercado"],"inLanguage":"pt-BR"},{"@type":"WebPage","@id":"https:\/\/www.suno.com.br\/noticias\/dolar-fechamento-queda-07052021\/","url":"https:\/\/www.suno.com.br\/noticias\/dolar-fechamento-queda-07052021\/","name":"D\u00f3lar fecha sexta semana consecutiva em queda, aos R$ 5,229","isPartOf":{"@id":"https:\/\/www.suno.com.br\/noticias\/#website"},"primaryImageOfPage":{"@id":"https:\/\/www.suno.com.br\/noticias\/dolar-fechamento-queda-07052021\/#primaryimage"},"image":{"@id":"https:\/\/www.suno.com.br\/noticias\/dolar-fechamento-queda-07052021\/#primaryimage"},"thumbnailUrl":"https:\/\/files.sunoresearch.com.br\/n\/uploads\/2021\/03\/d81eeb3f-usd-2874026_1280-jpg.webp","datePublished":"2021-05-07T20:31:41+00:00","dateModified":"2021-05-29T23:36:26+00:00","description":"O d\u00f3lar fechou caindo 0,93% e registrando o menor valor desde o dia 14 de janeiro, quando fechou aos R$ 5,21. Clique aqui para saber mais.","breadcrumb":{"@id":"https:\/\/www.suno.com.br\/noticias\/dolar-fechamento-queda-07052021\/#breadcrumb"},"inLanguage":"pt-BR","potentialAction":[{"@type":"ReadAction","target":["https:\/\/www.suno.com.br\/noticias\/dolar-fechamento-queda-07052021\/"]}]},{"@type":"ImageObject","inLanguage":"pt-BR","@id":"https:\/\/www.suno.com.br\/noticias\/dolar-fechamento-queda-07052021\/#primaryimage","url":"https:\/\/files.sunoresearch.com.br\/n\/uploads\/2021\/03\/d81eeb3f-usd-2874026_1280-jpg.webp","contentUrl":"https:\/\/files.sunoresearch.com.br\/n\/uploads\/2021\/03\/d81eeb3f-usd-2874026_1280-jpg.webp","width":1280,"height":720,"caption":"D\u00f3lar. Foto: Pixabay"},{"@type":"BreadcrumbList","@id":"https:\/\/www.suno.com.br\/noticias\/dolar-fechamento-queda-07052021\/#breadcrumb","itemListElement":[{"@type":"ListItem","position":1,"name":"Not\u00edcias","item":"https:\/\/www.suno.com.br\/noticias\/"},{"@type":"ListItem","position":2,"name":"Mercado","item":"https:\/\/www.suno.com.br\/noticias\/mercado\/"},{"@type":"ListItem","position":3,"name":"D\u00f3lar fecha sexta semana consecutiva em queda, aos R$ 5,229"}]},{"@type":"WebSite","@id":"https:\/\/www.suno.com.br\/noticias\/#website","url":"https:\/\/www.suno.com.br\/noticias\/","name":"Suno Not\u00edcias","description":"Seu portal de informa\u00e7\u00e3o sobre o mundo dos investimentos","publisher":{"@id":"https:\/\/www.suno.com.br\/noticias\/#organization"},"potentialAction":[{"@type":"SearchAction","target":{"@type":"EntryPoint","urlTemplate":"https:\/\/www.suno.com.br\/noticias\/?s={search_term_string}"},"query-input":{"@type":"PropertyValueSpecification","valueRequired":true,"valueName":"search_term_string"}}],"inLanguage":"pt-BR"},{"@type":"Organization","@id":"https:\/\/www.suno.com.br\/noticias\/#organization","name":"Suno Not\u00edcias","url":"https:\/\/www.suno.com.br\/noticias\/","logo":{"@type":"ImageObject","inLanguage":"pt-BR","@id":"https:\/\/www.suno.com.br\/noticias\/#\/schema\/logo\/image\/","url":"https:\/\/files.sunoresearch.com.br\/n\/uploads\/2021\/09\/suno-logo.png","contentUrl":"https:\/\/files.sunoresearch.com.br\/n\/uploads\/2021\/09\/suno-logo.png","width":180,"height":180,"caption":"Suno Not\u00edcias"},"image":{"@id":"https:\/\/www.suno.com.br\/noticias\/#\/schema\/logo\/image\/"},"sameAs":["https:\/\/facebook.com\/sunoresearch","https:\/\/x.com\/sunoresearch","https:\/\/www.instagram.com\/suno","https:\/\/www.linkedin.com\/company\/suno-research\/","https:\/\/www.youtube.com\/c\/sunoresearch"]},{"@type":"Person","@id":"https:\/\/www.suno.com.br\/noticias\/#\/schema\/person\/e672ca8cea627fe715fa29bca7da95e0","name":"Rafaela La Regina","image":{"@type":"ImageObject","inLanguage":"pt-BR","@id":"https:\/\/www.suno.com.br\/noticias\/#\/schema\/person\/image\/","url":"https:\/\/secure.gravatar.com\/avatar\/d2c75a52d243deb93d0465fdcb21bd37?s=96&r=g","contentUrl":"https:\/\/secure.gravatar.com\/avatar\/d2c75a52d243deb93d0465fdcb21bd37?s=96&r=g","caption":"Rafaela La Regina"},"description":"Estagi\u00e1ria no Suno Not\u00edcias. Escreve sobre economia, pol\u00edtica e neg\u00f3cios. Estuda Rela\u00e7\u00f5es Internacionais no IBMEC-SP.","url":"https:\/\/www.suno.com.br\/noticias\/author\/rafaela-la-regina\/"}]}},"default_loop_html":"<div class=\"cardsPage__listCard__boxs\"><div class=\"cardsPage__listCard__boxs__img\"><a href=\"https:\/\/www.suno.com.br\/noticias\/dolar-fechamento-queda-07052021\/\"><img class=\"mask\" src=\"https:\/\/www.suno.com.br\/noticias\/wp-content\/themes\/suno\/resources\/images\/spotlight\/spotlight1img\/bg-mask.png\" alt=\"Image Mask\"\/><img src=\"https:\/\/files.sunoresearch.com.br\/n\/uploads\/2021\/03\/d81eeb3f-usd-2874026_1280-400x200.webp\" alt=\"D\u00f3lar fecha sexta semana consecutiva em queda, aos R$ 5,229\"\/><\/a><span class=\"spotlightCategory\"><a href=\"https:\/\/www.suno.com.br\/noticias\/mercado\/\">Mercado<\/a><\/span><\/div><div class=\"cardsPage__listCard__boxs__content\"><a href=\"https:\/\/www.suno.com.br\/noticias\/dolar-fechamento-queda-07052021\/\"><h2 class=\"content__title\">D\u00f3lar fecha sexta semana consecutiva em queda, aos R$ 5,229<\/h2><\/a><div class=\"newsContent__article__meta\"><div class=\"newsContent__article__meta__authorBox\"><a href=\"https:\/\/www.suno.com.br\/noticias\/author\/rafaela-la-regina\/\" class=\"authorBox__avatar noMobi\"><img src=\"https:\/\/secure.gravatar.com\/avatar\/d2c75a52d243deb93d0465fdcb21bd37?s=96&#038;r=g\" alt=\"Rafaela La Regina\"><\/a><div class=\"authorBox__name\"><span>por\n\t\t\t<a href=\"https:\/\/www.suno.com.br\/noticias\/author\/rafaela-la-regina\/\"><span itemprop=\"author\">Rafaela La Regina<\/span><\/a><\/span><time datetime=\"2021-05-07T17:31:41-03:00\" itemprop=\"datePublished\">07\/05\/2021 17:31<\/time><\/div><\/div><\/div><\/div><\/div>","single_layout":"posts","amp_enabled":true,"_links":{"self":[{"href":"https:\/\/www.suno.com.br\/noticias\/wp-json\/wp\/v2\/posts\/145764"}],"collection":[{"href":"https:\/\/www.suno.com.br\/noticias\/wp-json\/wp\/v2\/posts"}],"about":[{"href":"https:\/\/www.suno.com.br\/noticias\/wp-json\/wp\/v2\/types\/post"}],"author":[{"embeddable":true,"href":"https:\/\/www.suno.com.br\/noticias\/wp-json\/wp\/v2\/users\/56"}],"replies":[{"embeddable":true,"href":"https:\/\/www.suno.com.br\/noticias\/wp-json\/wp\/v2\/comments?post=145764"}],"version-history":[{"count":3,"href":"https:\/\/www.suno.com.br\/noticias\/wp-json\/wp\/v2\/posts\/145764\/revisions"}],"predecessor-version":[{"id":145853,"href":"https:\/\/www.suno.com.br\/noticias\/wp-json\/wp\/v2\/posts\/145764\/revisions\/145853"}],"wp:featuredmedia":[{"embeddable":true,"href":"https:\/\/www.suno.com.br\/noticias\/wp-json\/wp\/v2\/media\/135828"}],"wp:attachment":[{"href":"https:\/\/www.suno.com.br\/noticias\/wp-json\/wp\/v2\/media?parent=145764"}],"wp:term":[{"taxonomy":"category","embeddable":true,"href":"https:\/\/www.suno.com.br\/noticias\/wp-json\/wp\/v2\/categories?post=145764"},{"taxonomy":"post_tag","embeddable":true,"href":"https:\/\/www.suno.com.br\/noticias\/wp-json\/wp\/v2\/tags?post=145764"},{"taxonomy":"suno_strategy","embeddable":true,"href":"https:\/\/www.suno.com.br\/noticias\/wp-json\/wp\/v2\/suno_strategy?post=145764"}],"curies":[{"name":"wp","href":"https:\/\/api.w.org\/{rel}","templated":true}]}}