{"id":14571,"date":"2019-02-07T17:15:45","date_gmt":"2019-02-07T19:15:45","guid":{"rendered":"https:\/\/www.suno.com.br\/noticias\/?p=14571"},"modified":"2019-02-07T18:13:59","modified_gmt":"2019-02-07T20:13:59","slug":"bolsonaro-apresenta-sinais-pneumonia","status":"publish","type":"post","link":"https:\/\/www.suno.com.br\/noticias\/bolsonaro-apresenta-sinais-pneumonia\/","title":{"rendered":"Internado, Bolsonaro apresenta sinais de pneumonia, diz boletim m\u00e9dico"},"content":{"rendered":"<p><a href=\"https:\/\/www.suno.com.br\/artigos\/o-que-esperar-do-proximo-governo\/\">O presidente Jair Bolsonaro<\/a> apresentou febre sem quaisquer outros sintomas associados na \u00faltima quarta (6). A tomografia do t\u00f3rax e abdome mostrou que houve evolu\u00e7\u00e3o no quatro intestinal, mas tamb\u00e9m uma imagem compat\u00edvel com pneumonia.<\/p>\t<div class=\"wrapper-featured-image\">\n\t\t<figure class=\"spotlightImg\">\n\n\t\t\t<picture>\n\t\t\t\t<source media=\"(max-width: 768px)\" srcset=\"https:\/\/files.sunoresearch.com.br\/n\/uploads\/2019\/01\/63fd4b1c-jair-bolsonaro-400x200.webp\">\n\t\t\t\t<img loading=\"lazy\" decoding=\"async\" class=\"newsContent__article__imgCapa lazyloadDisabled newsContent__article__imgCapa--noCaption\" src=\"https:\/\/files.sunoresearch.com.br\/n\/uploads\/2019\/01\/63fd4b1c-jair-bolsonaro-jpg.webp\" width=\"800\" height=\"450\" alt=\"Internado, Bolsonaro apresenta sinais de pneumonia, diz boletim m\u00e9dico\" fetchpriority=high \/>\n\t\t\t<\/picture>\n\n\t\t\t<figcaption class=\"wp-caption-text wp-caption-text--hide\">Bolsonaro n\u00e3o quer gastar dinheiro p\u00fablico com propagandas como do BB<\/figcaption>\n\t\t<\/figure>\n\t<\/div>\n\n\n<p>O boletim m\u00e9dico sobre o <a href=\"https:\/\/www.suno.com.br\/noticias\/cirurgia-bolsonaro-termina-8-horas\/\">estado de <strong>sa\u00fade<\/strong><\/a> de <strong>Jair Bolsonaro<\/strong> foi divulgado na tarde desta quinta (7) pelo <strong>Hospital Albert Einstein<\/strong>. Ele deve permanecer entre cinco e sete dias internado a fim de se recuperar.<\/p>\n<p>Na \u00faltima segunda (4), o presidente\u00a0deveria ter tido alta no hospital, mas ela foi adiada para a semana que vem ap\u00f3s o presidente apresentar febre e altera\u00e7\u00f5es em exames laboratoriais na \u00faltima quarta (6). <a href=\"https:\/\/www.suno.com.br\/noticias\/cirurgia-bolsonaro-termina-8-horas\/\">Ele passou por uma cirurgia em 28 de janeiro<\/a> para a retirada da bolsa de colostomia e religa\u00e7\u00e3o do tr\u00e2nsito intestinal.<\/p>\n<p><a href=\"https:\/\/www.suno.com.br\/noticias\/bolsonaro-petrobras-cortar-patrocinios\/\">Saiba mais: Alinhada a Bolsonaro, Petrobras avalia cortar patroc\u00ednios culturais<\/a><\/p>\n<p>&#8220;Foi realizado um ajuste na antibi\u00f3ticoterapia e mantidos os demais tratamentos. Continua sem dor, com sonda nasog\u00e1strica, dreno no abdome e recebendo l\u00edquidos por via oral em associa\u00e7\u00e3o \u00e0 nutri\u00e7\u00e3o parenteral&#8221;, diz o boletim. &#8220;Por ordem m\u00e9dica, as visitas permanecem restritas.<\/p>\n<p>O porta-voz Ot\u00e1vio do R\u00eago Barros disse que &#8220;o estado de sa\u00fade do presidente \u00e9 o esperado dentro desse pico t\u00e9rmico que ele acometeu na noite de ontem. Por precau\u00e7\u00e3o, os m\u00e9dicos fizeram exame de imagem, incluso tomografia por contraste. O pulm\u00e3o tinha uma imagem que era compat\u00edvel com <strong>pneumonia<\/strong>&#8220;.<\/p>\n<p>&#8220;O presidente vem recebendo administra\u00e7\u00e3o de antibi\u00f3tico de amplo espectro. M\u00e9dicos optaram por acrescentar uma nova medica\u00e7\u00e3o. Esta a\u00e7\u00e3o vai debelar essa <strong>pneumonia<\/strong> que foi encontrada em seu pulm\u00e3o&#8221;, afirmou Barros. Segundo ele, a temperatura da <strong>febre<\/strong> de <strong>Bolsonaro<\/strong> chegou a 38\u00baC. &#8220;Fizeram exames viral e bacteriano e descartaram o viral. Trata-se de uma causa bacteriana&#8221;.<\/p>\n<p><a href=\"https:\/\/www.suno.com.br\/noticias\/promotor-investigar-flavio-bolsonaro\/\">Saiba mais: Ap\u00f3s cr\u00edticas, promotor abre m\u00e3o de investigar Fl\u00e1vio Bolsonaro<\/a><\/p>\n<h2>\u00cdntegra do boletim m\u00e9dico do Hospital Albert Einstein<\/h2>\n<p><em>&#8220;S\u00e3o Paulo, 7 de fevereiro de 2019.<\/em><\/p>\n<p><em>O excelent\u00edssimo <a href=\"http:\/\/www2.planalto.gov.br\/\">Presidente da Rep\u00fablica<\/a>, Jair Bolsonaro, permanece internado na Unidade Semi-Intensiva do <strong>Hospital Albert Einstein<\/strong>. Apresentou, ontem \u00e0 noite, epis\u00f3dio isolado de <strong>febre<\/strong> sem outros sintomas associados, foi submetido \u00e0 tomografia do t\u00f3rax e abdome que evidenciou boa evolu\u00e7\u00e3o do quadro intestinal e imagem compat\u00edvel com <strong>pneumonia<\/strong>.<\/em><\/p>\n<p><em>Foi realizado um ajuste na antibi\u00f3ticoterapia e mantidos os demais tratamentos. Continua sem dor, com sonda nasog\u00e1strica, dreno no abdome e recebendo l\u00edquidos por via oral em associa\u00e7\u00e3o \u00e0 nutri\u00e7\u00e3o parenteral. Hoje, realizou exerc\u00edcios respirat\u00f3rios e caminhou no corredor.<\/em><\/p>\n<p><em>Por ordem m\u00e9dica, as visitas permanecem restritas.&#8221;<\/em><\/p>\n","protected":false},"excerpt":{"rendered":"<p>O presidente Jair Bolsonaro apresentou febre sem quaisquer outros sintomas associados na \u00faltima quarta (6). A tomografia do t\u00f3rax e abdome mostrou que houve evolu\u00e7\u00e3o no quatro intestinal, mas tamb\u00e9m uma imagem compat\u00edvel com pneumonia. Bolsonaro n\u00e3o quer gastar dinheiro p\u00fablico com propagandas como do BB O boletim m\u00e9dico sobre o estado de sa\u00fade de [&hellip;]<\/p>\n","protected":false},"author":13,"featured_media":11748,"comment_status":"closed","ping_status":"closed","sticky":false,"template":"","format":"standard","meta":[],"categories":[61],"tags":[719],"suno_strategy":[],"class_list":["post-14571","post","type-post","status-publish","format-standard","has-post-thumbnail","hentry","category-politica","tag-jair-bolsonaro"],"yoast_head":"<!-- This site is optimized with the Yoast SEO plugin v24.4 - https:\/\/yoast.com\/wordpress\/plugins\/seo\/ -->\n<title>Internado, Bolsonaro apresenta sinais de pneumonia, diz boletim m\u00e9dico<\/title>\n<meta name=\"description\" content=\"A tomografia do t\u00f3rax e abdome do presidente Jair Bolsonaro mostrou uma imagem compat\u00edvel com pneumonia. Clique para saber mais.\" \/>\n<meta name=\"robots\" content=\"index, follow, max-snippet:-1, max-image-preview:large, max-video-preview:-1\" \/>\n<link rel=\"canonical\" href=\"https:\/\/www.suno.com.br\/noticias\/bolsonaro-apresenta-sinais-pneumonia\/\" \/>\n<meta property=\"og:locale\" content=\"pt_BR\" \/>\n<meta property=\"og:type\" content=\"article\" \/>\n<meta property=\"og:title\" content=\"Internado, Bolsonaro apresenta sinais de pneumonia, diz boletim m\u00e9dico\" \/>\n<meta property=\"og:description\" content=\"A tomografia do t\u00f3rax e abdome do presidente Jair Bolsonaro mostrou uma imagem compat\u00edvel com pneumonia. Clique para saber mais.\" \/>\n<meta property=\"og:url\" content=\"https:\/\/www.suno.com.br\/noticias\/bolsonaro-apresenta-sinais-pneumonia\/\" \/>\n<meta property=\"og:site_name\" content=\"Suno Not\u00edcias\" \/>\n<meta property=\"article:publisher\" content=\"https:\/\/facebook.com\/sunoresearch\" \/>\n<meta property=\"og:image\" content=\"https:\/\/files.sunoresearch.com.br\/n\/uploads\/2019\/01\/63fd4b1c-jair-bolsonaro.jpg\" \/>\n\t<meta property=\"og:image:width\" content=\"754\" \/>\n\t<meta property=\"og:image:height\" content=\"503\" \/>\n\t<meta property=\"og:image:type\" content=\"image\/jpeg\" \/>\n<meta name=\"author\" content=\"Guilherme Caetano\" \/>\n<meta name=\"twitter:card\" content=\"summary_large_image\" \/>\n<meta name=\"twitter:creator\" content=\"@sunoresearch\" \/>\n<meta name=\"twitter:site\" content=\"@sunoresearch\" \/>\n<meta name=\"twitter:label1\" content=\"Escrito por\" \/>\n\t<meta name=\"twitter:data1\" content=\"Guilherme Caetano\" \/>\n\t<meta name=\"twitter:label2\" content=\"Est. tempo de leitura\" \/>\n\t<meta name=\"twitter:data2\" content=\"2 minutos\" \/>\n<script type=\"application\/ld+json\" class=\"yoast-schema-graph\">{\"@context\":\"https:\/\/schema.org\",\"@graph\":[{\"@type\":\"NewsArticle\",\"@id\":\"https:\/\/www.suno.com.br\/noticias\/bolsonaro-apresenta-sinais-pneumonia\/#article\",\"isPartOf\":{\"@id\":\"https:\/\/www.suno.com.br\/noticias\/bolsonaro-apresenta-sinais-pneumonia\/\"},\"author\":{\"name\":\"Guilherme Caetano\",\"@id\":\"https:\/\/www.suno.com.br\/noticias\/#\/schema\/person\/0d0c9687cd2f600c564f25980c140de9\"},\"headline\":\"Internado, Bolsonaro apresenta sinais de pneumonia, diz boletim m\u00e9dico\",\"datePublished\":\"2019-02-07T19:15:45+00:00\",\"dateModified\":\"2019-02-07T20:13:59+00:00\",\"mainEntityOfPage\":{\"@id\":\"https:\/\/www.suno.com.br\/noticias\/bolsonaro-apresenta-sinais-pneumonia\/\"},\"wordCount\":453,\"publisher\":{\"@id\":\"https:\/\/www.suno.com.br\/noticias\/#organization\"},\"image\":{\"@id\":\"https:\/\/www.suno.com.br\/noticias\/bolsonaro-apresenta-sinais-pneumonia\/#primaryimage\"},\"thumbnailUrl\":\"https:\/\/files.sunoresearch.com.br\/n\/uploads\/2019\/01\/63fd4b1c-jair-bolsonaro-jpg.webp\",\"keywords\":[\"Jair Bolsonaro\"],\"articleSection\":[\"Pol\u00edtica\"],\"inLanguage\":\"pt-BR\"},{\"@type\":\"WebPage\",\"@id\":\"https:\/\/www.suno.com.br\/noticias\/bolsonaro-apresenta-sinais-pneumonia\/\",\"url\":\"https:\/\/www.suno.com.br\/noticias\/bolsonaro-apresenta-sinais-pneumonia\/\",\"name\":\"Internado, Bolsonaro apresenta sinais de pneumonia, diz boletim m\u00e9dico\",\"isPartOf\":{\"@id\":\"https:\/\/www.suno.com.br\/noticias\/#website\"},\"primaryImageOfPage\":{\"@id\":\"https:\/\/www.suno.com.br\/noticias\/bolsonaro-apresenta-sinais-pneumonia\/#primaryimage\"},\"image\":{\"@id\":\"https:\/\/www.suno.com.br\/noticias\/bolsonaro-apresenta-sinais-pneumonia\/#primaryimage\"},\"thumbnailUrl\":\"https:\/\/files.sunoresearch.com.br\/n\/uploads\/2019\/01\/63fd4b1c-jair-bolsonaro-jpg.webp\",\"datePublished\":\"2019-02-07T19:15:45+00:00\",\"dateModified\":\"2019-02-07T20:13:59+00:00\",\"description\":\"A tomografia do t\u00f3rax e abdome do presidente Jair Bolsonaro mostrou uma imagem compat\u00edvel com pneumonia. Clique para saber mais.\",\"breadcrumb\":{\"@id\":\"https:\/\/www.suno.com.br\/noticias\/bolsonaro-apresenta-sinais-pneumonia\/#breadcrumb\"},\"inLanguage\":\"pt-BR\",\"potentialAction\":[{\"@type\":\"ReadAction\",\"target\":[\"https:\/\/www.suno.com.br\/noticias\/bolsonaro-apresenta-sinais-pneumonia\/\"]}]},{\"@type\":\"ImageObject\",\"inLanguage\":\"pt-BR\",\"@id\":\"https:\/\/www.suno.com.br\/noticias\/bolsonaro-apresenta-sinais-pneumonia\/#primaryimage\",\"url\":\"https:\/\/files.sunoresearch.com.br\/n\/uploads\/2019\/01\/63fd4b1c-jair-bolsonaro-jpg.webp\",\"contentUrl\":\"https:\/\/files.sunoresearch.com.br\/n\/uploads\/2019\/01\/63fd4b1c-jair-bolsonaro-jpg.webp\",\"width\":754,\"height\":503,\"caption\":\"Bolsonaro n\u00e3o quer gastar dinheiro p\u00fablico com propagandas como do BB\"},{\"@type\":\"BreadcrumbList\",\"@id\":\"https:\/\/www.suno.com.br\/noticias\/bolsonaro-apresenta-sinais-pneumonia\/#breadcrumb\",\"itemListElement\":[{\"@type\":\"ListItem\",\"position\":1,\"name\":\"Not\u00edcias\",\"item\":\"https:\/\/www.suno.com.br\/noticias\/\"},{\"@type\":\"ListItem\",\"position\":2,\"name\":\"Pol\u00edtica\",\"item\":\"https:\/\/www.suno.com.br\/noticias\/politica\/\"},{\"@type\":\"ListItem\",\"position\":3,\"name\":\"Internado, Bolsonaro apresenta sinais de pneumonia, diz boletim m\u00e9dico\"}]},{\"@type\":\"WebSite\",\"@id\":\"https:\/\/www.suno.com.br\/noticias\/#website\",\"url\":\"https:\/\/www.suno.com.br\/noticias\/\",\"name\":\"Suno Not\u00edcias\",\"description\":\"Seu portal de informa\u00e7\u00e3o sobre o mundo dos investimentos\",\"publisher\":{\"@id\":\"https:\/\/www.suno.com.br\/noticias\/#organization\"},\"potentialAction\":[{\"@type\":\"SearchAction\",\"target\":{\"@type\":\"EntryPoint\",\"urlTemplate\":\"https:\/\/www.suno.com.br\/noticias\/?s={search_term_string}\"},\"query-input\":{\"@type\":\"PropertyValueSpecification\",\"valueRequired\":true,\"valueName\":\"search_term_string\"}}],\"inLanguage\":\"pt-BR\"},{\"@type\":\"Organization\",\"@id\":\"https:\/\/www.suno.com.br\/noticias\/#organization\",\"name\":\"Suno Not\u00edcias\",\"url\":\"https:\/\/www.suno.com.br\/noticias\/\",\"logo\":{\"@type\":\"ImageObject\",\"inLanguage\":\"pt-BR\",\"@id\":\"https:\/\/www.suno.com.br\/noticias\/#\/schema\/logo\/image\/\",\"url\":\"https:\/\/files.sunoresearch.com.br\/n\/uploads\/2021\/09\/suno-logo.png\",\"contentUrl\":\"https:\/\/files.sunoresearch.com.br\/n\/uploads\/2021\/09\/suno-logo.png\",\"width\":180,\"height\":180,\"caption\":\"Suno Not\u00edcias\"},\"image\":{\"@id\":\"https:\/\/www.suno.com.br\/noticias\/#\/schema\/logo\/image\/\"},\"sameAs\":[\"https:\/\/facebook.com\/sunoresearch\",\"https:\/\/x.com\/sunoresearch\",\"https:\/\/www.instagram.com\/suno\",\"https:\/\/www.linkedin.com\/company\/suno-research\/\",\"https:\/\/www.youtube.com\/c\/sunoresearch\"]},{\"@type\":\"Person\",\"@id\":\"https:\/\/www.suno.com.br\/noticias\/#\/schema\/person\/0d0c9687cd2f600c564f25980c140de9\",\"name\":\"Guilherme Caetano\",\"image\":{\"@type\":\"ImageObject\",\"inLanguage\":\"pt-BR\",\"@id\":\"https:\/\/www.suno.com.br\/noticias\/#\/schema\/person\/image\/\",\"url\":\"https:\/\/secure.gravatar.com\/avatar\/e48357351a01702a0d19307070e081bf?s=96&r=g\",\"contentUrl\":\"https:\/\/secure.gravatar.com\/avatar\/e48357351a01702a0d19307070e081bf?s=96&r=g\",\"caption\":\"Guilherme Caetano\"},\"description\":\"Formado em jornalismo pela Escola de Comunica\u00e7\u00f5es e Artes da USP, Guilherme Caetano escreve para o portal de not\u00edcias da Suno Research. Passou pelas reda\u00e7\u00f5es da Folha de S.Paulo e da revista \u00c9poca.\",\"url\":\"https:\/\/www.suno.com.br\/noticias\/author\/guilherme-caetano\/\"}]}<\/script>\n<!-- \/ Yoast SEO plugin. -->","yoast_head_json":{"title":"Internado, Bolsonaro apresenta sinais de pneumonia, diz boletim m\u00e9dico","description":"A tomografia do t\u00f3rax e abdome do presidente Jair Bolsonaro mostrou uma imagem compat\u00edvel com pneumonia. Clique para saber mais.","robots":{"index":"index","follow":"follow","max-snippet":"max-snippet:-1","max-image-preview":"max-image-preview:large","max-video-preview":"max-video-preview:-1"},"canonical":"https:\/\/www.suno.com.br\/noticias\/bolsonaro-apresenta-sinais-pneumonia\/","og_locale":"pt_BR","og_type":"article","og_title":"Internado, Bolsonaro apresenta sinais de pneumonia, diz boletim m\u00e9dico","og_description":"A tomografia do t\u00f3rax e abdome do presidente Jair Bolsonaro mostrou uma imagem compat\u00edvel com pneumonia. Clique para saber mais.","og_url":"https:\/\/www.suno.com.br\/noticias\/bolsonaro-apresenta-sinais-pneumonia\/","og_site_name":"Suno Not\u00edcias","article_publisher":"https:\/\/facebook.com\/sunoresearch","og_image":[{"width":754,"height":503,"url":"https:\/\/files.sunoresearch.com.br\/n\/uploads\/2019\/01\/63fd4b1c-jair-bolsonaro.jpg","type":"image\/jpeg"}],"author":"Guilherme Caetano","twitter_card":"summary_large_image","twitter_creator":"@sunoresearch","twitter_site":"@sunoresearch","twitter_misc":{"Escrito por":"Guilherme Caetano","Est. tempo de leitura":"2 minutos"},"schema":{"@context":"https:\/\/schema.org","@graph":[{"@type":"NewsArticle","@id":"https:\/\/www.suno.com.br\/noticias\/bolsonaro-apresenta-sinais-pneumonia\/#article","isPartOf":{"@id":"https:\/\/www.suno.com.br\/noticias\/bolsonaro-apresenta-sinais-pneumonia\/"},"author":{"name":"Guilherme Caetano","@id":"https:\/\/www.suno.com.br\/noticias\/#\/schema\/person\/0d0c9687cd2f600c564f25980c140de9"},"headline":"Internado, Bolsonaro apresenta sinais de pneumonia, diz boletim m\u00e9dico","datePublished":"2019-02-07T19:15:45+00:00","dateModified":"2019-02-07T20:13:59+00:00","mainEntityOfPage":{"@id":"https:\/\/www.suno.com.br\/noticias\/bolsonaro-apresenta-sinais-pneumonia\/"},"wordCount":453,"publisher":{"@id":"https:\/\/www.suno.com.br\/noticias\/#organization"},"image":{"@id":"https:\/\/www.suno.com.br\/noticias\/bolsonaro-apresenta-sinais-pneumonia\/#primaryimage"},"thumbnailUrl":"https:\/\/files.sunoresearch.com.br\/n\/uploads\/2019\/01\/63fd4b1c-jair-bolsonaro-jpg.webp","keywords":["Jair Bolsonaro"],"articleSection":["Pol\u00edtica"],"inLanguage":"pt-BR"},{"@type":"WebPage","@id":"https:\/\/www.suno.com.br\/noticias\/bolsonaro-apresenta-sinais-pneumonia\/","url":"https:\/\/www.suno.com.br\/noticias\/bolsonaro-apresenta-sinais-pneumonia\/","name":"Internado, Bolsonaro apresenta sinais de pneumonia, diz boletim m\u00e9dico","isPartOf":{"@id":"https:\/\/www.suno.com.br\/noticias\/#website"},"primaryImageOfPage":{"@id":"https:\/\/www.suno.com.br\/noticias\/bolsonaro-apresenta-sinais-pneumonia\/#primaryimage"},"image":{"@id":"https:\/\/www.suno.com.br\/noticias\/bolsonaro-apresenta-sinais-pneumonia\/#primaryimage"},"thumbnailUrl":"https:\/\/files.sunoresearch.com.br\/n\/uploads\/2019\/01\/63fd4b1c-jair-bolsonaro-jpg.webp","datePublished":"2019-02-07T19:15:45+00:00","dateModified":"2019-02-07T20:13:59+00:00","description":"A tomografia do t\u00f3rax e abdome do presidente Jair Bolsonaro mostrou uma imagem compat\u00edvel com pneumonia. Clique para saber mais.","breadcrumb":{"@id":"https:\/\/www.suno.com.br\/noticias\/bolsonaro-apresenta-sinais-pneumonia\/#breadcrumb"},"inLanguage":"pt-BR","potentialAction":[{"@type":"ReadAction","target":["https:\/\/www.suno.com.br\/noticias\/bolsonaro-apresenta-sinais-pneumonia\/"]}]},{"@type":"ImageObject","inLanguage":"pt-BR","@id":"https:\/\/www.suno.com.br\/noticias\/bolsonaro-apresenta-sinais-pneumonia\/#primaryimage","url":"https:\/\/files.sunoresearch.com.br\/n\/uploads\/2019\/01\/63fd4b1c-jair-bolsonaro-jpg.webp","contentUrl":"https:\/\/files.sunoresearch.com.br\/n\/uploads\/2019\/01\/63fd4b1c-jair-bolsonaro-jpg.webp","width":754,"height":503,"caption":"Bolsonaro n\u00e3o quer gastar dinheiro p\u00fablico com propagandas como do BB"},{"@type":"BreadcrumbList","@id":"https:\/\/www.suno.com.br\/noticias\/bolsonaro-apresenta-sinais-pneumonia\/#breadcrumb","itemListElement":[{"@type":"ListItem","position":1,"name":"Not\u00edcias","item":"https:\/\/www.suno.com.br\/noticias\/"},{"@type":"ListItem","position":2,"name":"Pol\u00edtica","item":"https:\/\/www.suno.com.br\/noticias\/politica\/"},{"@type":"ListItem","position":3,"name":"Internado, Bolsonaro apresenta sinais de pneumonia, diz boletim m\u00e9dico"}]},{"@type":"WebSite","@id":"https:\/\/www.suno.com.br\/noticias\/#website","url":"https:\/\/www.suno.com.br\/noticias\/","name":"Suno Not\u00edcias","description":"Seu portal de informa\u00e7\u00e3o sobre o mundo dos investimentos","publisher":{"@id":"https:\/\/www.suno.com.br\/noticias\/#organization"},"potentialAction":[{"@type":"SearchAction","target":{"@type":"EntryPoint","urlTemplate":"https:\/\/www.suno.com.br\/noticias\/?s={search_term_string}"},"query-input":{"@type":"PropertyValueSpecification","valueRequired":true,"valueName":"search_term_string"}}],"inLanguage":"pt-BR"},{"@type":"Organization","@id":"https:\/\/www.suno.com.br\/noticias\/#organization","name":"Suno Not\u00edcias","url":"https:\/\/www.suno.com.br\/noticias\/","logo":{"@type":"ImageObject","inLanguage":"pt-BR","@id":"https:\/\/www.suno.com.br\/noticias\/#\/schema\/logo\/image\/","url":"https:\/\/files.sunoresearch.com.br\/n\/uploads\/2021\/09\/suno-logo.png","contentUrl":"https:\/\/files.sunoresearch.com.br\/n\/uploads\/2021\/09\/suno-logo.png","width":180,"height":180,"caption":"Suno Not\u00edcias"},"image":{"@id":"https:\/\/www.suno.com.br\/noticias\/#\/schema\/logo\/image\/"},"sameAs":["https:\/\/facebook.com\/sunoresearch","https:\/\/x.com\/sunoresearch","https:\/\/www.instagram.com\/suno","https:\/\/www.linkedin.com\/company\/suno-research\/","https:\/\/www.youtube.com\/c\/sunoresearch"]},{"@type":"Person","@id":"https:\/\/www.suno.com.br\/noticias\/#\/schema\/person\/0d0c9687cd2f600c564f25980c140de9","name":"Guilherme Caetano","image":{"@type":"ImageObject","inLanguage":"pt-BR","@id":"https:\/\/www.suno.com.br\/noticias\/#\/schema\/person\/image\/","url":"https:\/\/secure.gravatar.com\/avatar\/e48357351a01702a0d19307070e081bf?s=96&r=g","contentUrl":"https:\/\/secure.gravatar.com\/avatar\/e48357351a01702a0d19307070e081bf?s=96&r=g","caption":"Guilherme Caetano"},"description":"Formado em jornalismo pela Escola de Comunica\u00e7\u00f5es e Artes da USP, Guilherme Caetano escreve para o portal de not\u00edcias da Suno Research. Passou pelas reda\u00e7\u00f5es da Folha de S.Paulo e da revista \u00c9poca.","url":"https:\/\/www.suno.com.br\/noticias\/author\/guilherme-caetano\/"}]}},"default_loop_html":"<div class=\"cardsPage__listCard__boxs\"><div class=\"cardsPage__listCard__boxs__img\"><a href=\"https:\/\/www.suno.com.br\/noticias\/bolsonaro-apresenta-sinais-pneumonia\/\"><img class=\"mask\" src=\"https:\/\/www.suno.com.br\/noticias\/wp-content\/themes\/suno\/resources\/images\/spotlight\/spotlight1img\/bg-mask.png\" alt=\"Image Mask\"\/><img src=\"https:\/\/files.sunoresearch.com.br\/n\/uploads\/2019\/01\/63fd4b1c-jair-bolsonaro-400x200.webp\" alt=\"Internado, Bolsonaro apresenta sinais de pneumonia, diz boletim m\u00e9dico\"\/><\/a><span class=\"spotlightCategory\"><a href=\"https:\/\/www.suno.com.br\/noticias\/politica\/\">Pol\u00edtica<\/a><\/span><\/div><div class=\"cardsPage__listCard__boxs__content\"><a href=\"https:\/\/www.suno.com.br\/noticias\/bolsonaro-apresenta-sinais-pneumonia\/\"><h2 class=\"content__title\">Internado, Bolsonaro apresenta sinais de pneumonia, diz boletim m\u00e9dico<\/h2><\/a><div class=\"newsContent__article__meta\"><div class=\"newsContent__article__meta__authorBox\"><a href=\"https:\/\/www.suno.com.br\/noticias\/author\/guilherme-caetano\/\" class=\"authorBox__avatar noMobi\"><img src=\"https:\/\/secure.gravatar.com\/avatar\/e48357351a01702a0d19307070e081bf?s=96&#038;r=g\" alt=\"Guilherme Caetano\"><\/a><div class=\"authorBox__name\"><span>por\n\t\t\t<a href=\"https:\/\/www.suno.com.br\/noticias\/author\/guilherme-caetano\/\"><span itemprop=\"author\">Guilherme Caetano<\/span><\/a><\/span><time datetime=\"2019-02-07T17:15:45-02:00\" itemprop=\"datePublished\">07\/02\/2019 17:15<\/time><\/div><\/div><\/div><\/div><\/div>","single_layout":"posts","amp_enabled":true,"_links":{"self":[{"href":"https:\/\/www.suno.com.br\/noticias\/wp-json\/wp\/v2\/posts\/14571"}],"collection":[{"href":"https:\/\/www.suno.com.br\/noticias\/wp-json\/wp\/v2\/posts"}],"about":[{"href":"https:\/\/www.suno.com.br\/noticias\/wp-json\/wp\/v2\/types\/post"}],"author":[{"embeddable":true,"href":"https:\/\/www.suno.com.br\/noticias\/wp-json\/wp\/v2\/users\/13"}],"replies":[{"embeddable":true,"href":"https:\/\/www.suno.com.br\/noticias\/wp-json\/wp\/v2\/comments?post=14571"}],"version-history":[{"count":0,"href":"https:\/\/www.suno.com.br\/noticias\/wp-json\/wp\/v2\/posts\/14571\/revisions"}],"wp:featuredmedia":[{"embeddable":true,"href":"https:\/\/www.suno.com.br\/noticias\/wp-json\/wp\/v2\/media\/11748"}],"wp:attachment":[{"href":"https:\/\/www.suno.com.br\/noticias\/wp-json\/wp\/v2\/media?parent=14571"}],"wp:term":[{"taxonomy":"category","embeddable":true,"href":"https:\/\/www.suno.com.br\/noticias\/wp-json\/wp\/v2\/categories?post=14571"},{"taxonomy":"post_tag","embeddable":true,"href":"https:\/\/www.suno.com.br\/noticias\/wp-json\/wp\/v2\/tags?post=14571"},{"taxonomy":"suno_strategy","embeddable":true,"href":"https:\/\/www.suno.com.br\/noticias\/wp-json\/wp\/v2\/suno_strategy?post=14571"}],"curies":[{"name":"wp","href":"https:\/\/api.w.org\/{rel}","templated":true}]}}