{"id":145647,"date":"2021-05-07T13:49:00","date_gmt":"2021-05-07T16:49:00","guid":{"rendered":"https:\/\/www.suno.com.br\/noticias\/?p=145647"},"modified":"2021-05-29T20:50:03","modified_gmt":"2021-05-29T23:50:03","slug":"ibovespa-empregos-eua-minerio-de-ferro-ccr-ccro3-07052021","status":"publish","type":"post","link":"https:\/\/www.suno.com.br\/noticias\/ibovespa-empregos-eua-minerio-de-ferro-ccr-ccro3-07052021\/","title":{"rendered":"Ibovespa opera em alta, com dados nos EUA e min\u00e9rio de ferro na m\u00e1xima; CCR (CCRO3) dispara 10%"},"content":{"rendered":"<p>O <strong>Ibovespa<\/strong> opera em alta na tarde desta sexta-feira (7), acompanhando o otimismo do mercado norte-americano. O relat\u00f3rio de empregos dos Estados Unidos veio mais fraco que o esperado, demonstrando que a economia ainda tem um longo caminho a percorrer &#8212; afastando o fim dos est\u00edmulos e diminuindo a chance de alta de taxa de juros no curto prazo.<\/p>\t<div class=\"wrapper-featured-image\">\n\t\t<figure class=\"spotlightImg\">\n\n\t\t\t<picture>\n\t\t\t\t<source media=\"(max-width: 768px)\" srcset=\"https:\/\/files.sunoresearch.com.br\/n\/uploads\/2021\/03\/0e870344-ibovespa-400x200.webp\">\n\t\t\t\t<img loading=\"lazy\" decoding=\"async\" class=\"newsContent__article__imgCapa lazyloadDisabled \" src=\"https:\/\/files.sunoresearch.com.br\/n\/uploads\/2021\/03\/0e870344-ibovespa-800x450.webp\" width=\"800\" height=\"450\" alt=\"Ibovespa opera em alta, com dados nos EUA e min\u00e9rio de ferro na m\u00e1xima; CCR (CCRO3) dispara 10%\" fetchpriority=high \/>\n\t\t\t<\/picture>\n\n\t\t\t<figcaption class=\"wp-caption-text wp-caption-text--show\">Ibovespa. Foto: Pixabay.<\/figcaption>\n\t\t<\/figure>\n\t<\/div>\n\n\n\t<p>\n\t\t<a href=\"https:\/\/lp.suno.com.br\/planilha-controle-gastos\/\" target=\"_blank\" data-element=\"shortcode-suno-banner\" title=\"Banner SUNO, clique e saiba mais\">\n\t\t\t<picture>\n\t\t\t\t<source media=\"(max-width: 500px)\" srcset=\"https:\/\/files.sunoresearch.com.br\/n\/uploads\/2023\/03\/400x300-Planilha-controle-de-gastos.png\">\n\t\t\t\t<img class=\"newsContent__article__imgCapa newsContent__article__imgCapa--banner\"\n\t\t\t\t\tsrc=\"https:\/\/files.sunoresearch.com.br\/n\/uploads\/2023\/03\/1420x240-Planilha-controle-de-gastos.png\"\n\t\t\t\t\tdata-promo-id=\"101751\"\t\t\t\t\t\t\t\t\t\twidth='1420' height='240'\t\t\t\t\talt=\"https:\/\/files.sunoresearch.com.br\/n\/uploads\/2023\/03\/1420x240-Planilha-controle-de-gastos.png\"\n\t\t\t\t>\n\t\t\t<\/picture>\n\t\t<\/a>\n\t<\/p>\n\n\n<p>Por volta das 13h45, o <a href=\"https:\/\/www.suno.com.br\/artigos\/ibovespa\/\">Ibovespa subia 0,71%<\/a>, para 120.731 pontos. O mercado brasileiro \u00e9 movimentado majoritariamente pelo notici\u00e1rio corporativo. \u00c9 o caso da <strong>CCR<\/strong>, que chegou a disparar 12% com a not\u00edcia de que a Andrade Gutierrez tem a inten\u00e7\u00e3o de vender sua participa\u00e7\u00e3o de 14,86% na empresa.<\/p>\n<p>A oferta \u00e9 da IG4 Capital Investimentos, segundo o fato relevante divulgado pela companhia. O fundo poderia pagar at\u00e9 R$ 16,90 por ativo na fatia que deseja levar, pre\u00e7o muito acima do negociado no mercado atualmente.<\/p>\n<p><a href=\"https:\/\/lp.suno.com.br\/suno-one\/\"><span style=\"font-weight: 400;\">Suno One: acesse gratuitamente eBooks, Minicursos, Artigos e Video Aulas sobre investimentos com um \u00fanico cadastro. Clique para saber mais!<\/span><\/a><\/p>\n<p>As varejistas da Bolsa tamb\u00e9m reagiram \u00e0s vendas do com\u00e9rcio de mar\u00e7o. Os dados divulgados pelo Instituto Brasileiro de Geografia e Estat\u00edstica (<strong>IBGE<\/strong>) apontam para uma baixa de 0,6% do setor em compara\u00e7\u00e3o a fevereiro. Em fun\u00e7\u00e3o dos impactos da pandemia, o mercado esperava por uma influ\u00eancia maior das medidas restritivas.<\/p>\n<p>Enquanto a<a href=\"https:\/\/www.suno.com.br\/acoes\/lren3\/\"><strong> Lojas Renner<\/strong> (LREN3)<\/a> sobe mais de 2,5%, <a href=\"https:\/\/www.suno.com.br\/acoes\/vvar3\/\"><strong>Via Varejo<\/strong> (VVAR3)<\/a> e <a href=\"https:\/\/www.suno.com.br\/acoes\/mglu3\/\"><strong>Magazine Luiza <\/strong>(MGLU3)<\/a> chegaram a operar em alta de mais de 1%.<\/p>\n\n\t<div data-element=\"shortcode-read-more\" class=\"readToo\">\n\t\t\t\t<span class=\"readToo__title\">Saiba mais<\/span>\n\t\t\t\t<ul class=\"readToo__list\">\n\t\t\t<li><a href=\"https:\/\/www.suno.com.br\/noticias\/mark-2-market-agronegocio-mercado-b3\/\">Mark 2 Market quer aproximar agroneg\u00f3cio do mercado e &#8216;dividir bolo&#8217; com B3<\/a><\/li><li><a href=\"https:\/\/www.suno.com.br\/noticias\/cemig-cmig4-taesa-taee11-leilao\/\">Cemig (CMIG4) prepara leil\u00e3o para vender sua fatia na Taesa (TAEE11)<\/a><\/li>\t\t<\/ul>\n\t<\/div>\n\n\n<p>Tamb\u00e9m influencia o setor de varejo, assim como as empresas administradoras de shopping centers, a extens\u00e3o do per\u00edodo de funcionamento do com\u00e9rcio na <strong>fase de transi\u00e7\u00e3o<\/strong> em S\u00e3o Paulo, a partir do pr\u00f3ximo s\u00e1bado (8). Al\u00e9m disso, a gest\u00e3o estadual aumentou de 25% para 30% a capacidade m\u00e1xima dos estabelecimentos.<\/p>\n<p>O mercado de commodities tamb\u00e9m faz pre\u00e7o na Bolsa brasileira neste preg\u00e3o. Os contratos futuros do <strong>min\u00e9rio de ferro<\/strong> na China saltaram para a m\u00e1xima hist\u00f3rica nesta madrugada, acima de US$ 200 a tonelada. O rali \u00e9 intensificado pela forte demanda global e, principalmente, chinesa.<\/p>\n<p><a href=\"https:\/\/www.suno.com.br\/acoes\/vale3\/\"><strong>Vale<\/strong> (VALE3)<\/a>, <a href=\"https:\/\/www.suno.com.br\/acoes\/ggbr4\/\"><strong>Gerdau<\/strong> (GGBR4)<\/a>, <a href=\"https:\/\/www.suno.com.br\/acoes\/csna3\/\"><strong>CSN<\/strong> (CSNA3)<\/a> e <a href=\"https:\/\/www.suno.com.br\/acoes\/usim5\/\"><strong>Usiminas<\/strong> (USIM5)<\/a> se beneficiam deste processo, <a href=\"https:\/\/www.suno.com.br\/noticias\/empresas-de-siderurgia-valorizacao-usiminas-csn-gerdau\/\">como foi observado na temporada de resultados<\/a>, embora a dire\u00e7\u00e3o \u00e9 distinta no preg\u00e3o de hoje.<\/p>\n\t<p>\n\t\t<a href=\"https:\/\/lp.suno.com.br\/planilha-da-vida-financeira\/\" target=\"_blank\" data-element=\"shortcode-suno-banner\" title=\"Banner SUNO, clique e saiba mais\">\n\t\t\t<picture>\n\t\t\t\t<source media=\"(max-width: 500px)\" srcset=\"https:\/\/files.sunoresearch.com.br\/n\/uploads\/2023\/04\/400x300-Planilha-vida-financeira-true.png\">\n\t\t\t\t<img class=\"newsContent__article__imgCapa newsContent__article__imgCapa--banner\"\n\t\t\t\t\tsrc=\"https:\/\/files.sunoresearch.com.br\/n\/uploads\/2023\/04\/1420x240-Planilha-vida-financeira-true.png\"\n\t\t\t\t\tdata-promo-id=\"106682\"\t\t\t\t\t\t\t\t\t\twidth='1420' height='240'\t\t\t\t\talt=\"https:\/\/files.sunoresearch.com.br\/n\/uploads\/2023\/04\/1420x240-Planilha-vida-financeira-true.png\"\n\t\t\t\t>\n\t\t\t<\/picture>\n\t\t<\/a>\n\t<\/p>\n\n\n<h2>O que sobe e o que cai no Ibovespa<\/h2>\n<ul>\n<li><a href=\"https:\/\/www.suno.com.br\/acoes\/ccro3\/\">CCR (CCRO3)<\/a>: +10%<\/li>\n<li><a href=\"https:\/\/www.suno.com.br\/acoes\/igta3\/\"><strong>Iguatemi<\/strong> (IGTA3)<\/a>: +5,74%<\/li>\n<li><a href=\"https:\/\/www.suno.com.br\/acoes\/mult3\/\"><strong>Multiplan<\/strong> (MULT3)<\/a>: +5,12%<\/li>\n<li><a href=\"https:\/\/www.suno.com.br\/acoes\/ecor3\/\"><strong>EcoRodovias<\/strong> (ECOR3)<\/a>: +4,51%<\/li>\n<\/ul>\n<p>As <a href=\"https:\/\/www.suno.com.br\/acoes\/lame4\/\"><strong>Lojas Americanas<\/strong> (LAME4)<\/a> mais que triplicaram o preju\u00edzo no primeiro trimestre deste ano. Segundo a divulga\u00e7\u00e3o da \u00faltima quinta-feira, o Ebitda caiu 21,5% e a receita l\u00edquida tombou 29%. As a\u00e7\u00f5es respondem e tem queda de 2%.<\/p>\n<p>&#8220;Embora a Lojas Americanas tenha relatado resultados negativos mas pr\u00f3ximos do esperado no primeiro trimestre, ainda atingido pelos efeitos da pandemia, esperamos que ela apresente uma gradual recupera\u00e7\u00e3o nos pr\u00f3ximos meses&#8221;, diz em relat\u00f3rio o BTG Pactual, que tem recomenda\u00e7\u00e3o de compra com <strong>pre\u00e7o-alvo<\/strong> de R$ 38.<\/p>\n<p>As maiores baixas do dia, por volta das 13h45, s\u00e3o:<\/p>\n<ul>\n<li><a href=\"https:\/\/www.suno.com.br\/acoes\/ugpa3\/\"><strong>Ultrapar<\/strong> (UGPA3)<\/a>: -1,87%<\/li>\n<li><a href=\"https:\/\/www.suno.com.br\/acoes\/prio3\/\"><strong>PetroRio<\/strong> (PRIO3)<\/a>: -1,93%<\/li>\n<li><a href=\"https:\/\/www.suno.com.br\/acoes\/lwsa3\/\"><strong>Locaweb<\/strong> (LWSA3)<\/a>: -2,28%<\/li>\n<li><a href=\"https:\/\/www.suno.com.br\/acoes\/usim5\/\"><strong>Usiminas<\/strong> (USIM5)<\/a>: -2,84%<\/li>\n<\/ul>\n<h2>\u00daltima cota\u00e7\u00e3o<\/h2>\n<p>Da mesma forma que o <strong>Ibovespa hoje<\/strong>, o \u00edndice acion\u00e1rio encerrou as negocia\u00e7\u00f5es na \u00faltima quinta com uma alta de 0,30%, a 119.920,61 pontos.<\/p>\n\t<p>\n\t\t<a href=\"https:\/\/lp.suno.com.br\/planilha-de-controle-de-investimentos\/\" target=\"_blank\" data-element=\"shortcode-suno-banner\" title=\"Banner SUNO, clique e saiba mais\">\n\t\t\t<picture>\n\t\t\t\t<source media=\"(max-width: 500px)\" srcset=\"https:\/\/files.sunoresearch.com.br\/n\/uploads\/2023\/03\/400x300-Controle-de-Investimentos.png\">\n\t\t\t\t<img class=\"newsContent__article__imgCapa newsContent__article__imgCapa--banner\"\n\t\t\t\t\tsrc=\"https:\/\/files.sunoresearch.com.br\/n\/uploads\/2023\/03\/1420x240-Controle-de-Investimentos.png\"\n\t\t\t\t\tdata-promo-id=\"75934\"\t\t\t\t\t\t\t\t\t\twidth='1420' height='240'\t\t\t\t\talt=\"https:\/\/files.sunoresearch.com.br\/n\/uploads\/2023\/03\/1420x240-Controle-de-Investimentos.png\"\n\t\t\t\t>\n\t\t\t<\/picture>\n\t\t<\/a>\n\t<\/p>\n\n\n","protected":false},"excerpt":{"rendered":"<p>O Ibovespa opera em alta na tarde desta sexta-feira (7), acompanhando o otimismo do mercado norte-americano. O relat\u00f3rio de empregos dos Estados Unidos veio mais fraco que o esperado, demonstrando que a economia ainda tem um longo caminho a percorrer &#8212; afastando o fim dos est\u00edmulos e diminuindo a chance de alta de taxa de [&hellip;]<\/p>\n","protected":false},"author":24,"featured_media":130761,"comment_status":"closed","ping_status":"closed","sticky":false,"template":"","format":"standard","meta":[],"categories":[60],"tags":[1937,407,94403,105816,721,843],"suno_strategy":[],"class_list":["post-145647","post","type-post","status-publish","format-standard","has-post-thumbnail","hentry","category-mercado","tag-bolsa-de-valores-de-sao-paulo-b3","tag-ccr-ccro3","tag-commodities","tag-especialistas","tag-ibovespa","tag-sao-paulo"],"yoast_head":"<!-- This site is optimized with the Yoast SEO plugin v24.4 - https:\/\/yoast.com\/wordpress\/plugins\/seo\/ -->\n<title>Ibovespa opera em alta, com dados nos EUA e min\u00e9rio de ferro na m\u00e1xima<\/title>\n<meta name=\"description\" content=\"O Ibovespa opera em alta na tarde desta sexta-feira (7), acompanhando o otimismo do mercado norte-americano. Clique e saiba mais.\" \/>\n<meta name=\"robots\" content=\"index, follow, max-snippet:-1, max-image-preview:large, max-video-preview:-1\" \/>\n<link rel=\"canonical\" href=\"https:\/\/www.suno.com.br\/noticias\/ibovespa-empregos-eua-minerio-de-ferro-ccr-ccro3-07052021\/\" \/>\n<meta property=\"og:locale\" content=\"pt_BR\" \/>\n<meta property=\"og:type\" content=\"article\" \/>\n<meta property=\"og:title\" content=\"Ibovespa opera em alta, com dados nos EUA e min\u00e9rio de ferro na m\u00e1xima\" \/>\n<meta property=\"og:description\" content=\"O Ibovespa opera em alta na tarde desta sexta-feira (7), acompanhando o otimismo do mercado norte-americano. Clique e saiba mais.\" \/>\n<meta property=\"og:url\" content=\"https:\/\/www.suno.com.br\/noticias\/ibovespa-empregos-eua-minerio-de-ferro-ccr-ccro3-07052021\/\" \/>\n<meta property=\"og:site_name\" content=\"Suno Not\u00edcias\" \/>\n<meta property=\"article:publisher\" content=\"https:\/\/facebook.com\/sunoresearch\" \/>\n<meta property=\"og:image\" content=\"https:\/\/files.sunoresearch.com.br\/n\/uploads\/2021\/03\/0e870344-ibovespa.jpg\" \/>\n\t<meta property=\"og:image:width\" content=\"1920\" \/>\n\t<meta property=\"og:image:height\" content=\"1440\" \/>\n\t<meta property=\"og:image:type\" content=\"image\/jpeg\" \/>\n<meta name=\"author\" content=\"Jader Lazarini\" \/>\n<meta name=\"twitter:card\" content=\"summary_large_image\" \/>\n<meta name=\"twitter:creator\" content=\"@sunoresearch\" \/>\n<meta name=\"twitter:site\" content=\"@sunoresearch\" \/>\n<meta name=\"twitter:label1\" content=\"Escrito por\" \/>\n\t<meta name=\"twitter:data1\" content=\"Jader Lazarini\" \/>\n\t<meta name=\"twitter:label2\" content=\"Est. tempo de leitura\" \/>\n\t<meta name=\"twitter:data2\" content=\"3 minutos\" \/>\n<script type=\"application\/ld+json\" class=\"yoast-schema-graph\">{\"@context\":\"https:\/\/schema.org\",\"@graph\":[{\"@type\":\"NewsArticle\",\"@id\":\"https:\/\/www.suno.com.br\/noticias\/ibovespa-empregos-eua-minerio-de-ferro-ccr-ccro3-07052021\/#article\",\"isPartOf\":{\"@id\":\"https:\/\/www.suno.com.br\/noticias\/ibovespa-empregos-eua-minerio-de-ferro-ccr-ccro3-07052021\/\"},\"author\":{\"name\":\"Jader Lazarini\",\"@id\":\"https:\/\/www.suno.com.br\/noticias\/#\/schema\/person\/918d79de1f0281f01599b93f9ea6e23f\"},\"headline\":\"Ibovespa opera em alta, com dados nos EUA e min\u00e9rio de ferro na m\u00e1xima; CCR (CCRO3) dispara 10%\",\"datePublished\":\"2021-05-07T16:49:00+00:00\",\"dateModified\":\"2021-05-29T23:50:03+00:00\",\"mainEntityOfPage\":{\"@id\":\"https:\/\/www.suno.com.br\/noticias\/ibovespa-empregos-eua-minerio-de-ferro-ccr-ccro3-07052021\/\"},\"wordCount\":572,\"publisher\":{\"@id\":\"https:\/\/www.suno.com.br\/noticias\/#organization\"},\"image\":{\"@id\":\"https:\/\/www.suno.com.br\/noticias\/ibovespa-empregos-eua-minerio-de-ferro-ccr-ccro3-07052021\/#primaryimage\"},\"thumbnailUrl\":\"https:\/\/files.sunoresearch.com.br\/n\/uploads\/2021\/03\/0e870344-ibovespa-jpg.webp\",\"keywords\":[\"Bolsa de Valores de S\u00e3o Paulo (B3)\",\"CCR (CCRO3)\",\"commodities\",\"Especialistas\",\"Ibovespa\",\"S\u00e3o Paulo\"],\"articleSection\":[\"Mercado\"],\"inLanguage\":\"pt-BR\"},{\"@type\":\"WebPage\",\"@id\":\"https:\/\/www.suno.com.br\/noticias\/ibovespa-empregos-eua-minerio-de-ferro-ccr-ccro3-07052021\/\",\"url\":\"https:\/\/www.suno.com.br\/noticias\/ibovespa-empregos-eua-minerio-de-ferro-ccr-ccro3-07052021\/\",\"name\":\"Ibovespa opera em alta, com dados nos EUA e min\u00e9rio de ferro na m\u00e1xima\",\"isPartOf\":{\"@id\":\"https:\/\/www.suno.com.br\/noticias\/#website\"},\"primaryImageOfPage\":{\"@id\":\"https:\/\/www.suno.com.br\/noticias\/ibovespa-empregos-eua-minerio-de-ferro-ccr-ccro3-07052021\/#primaryimage\"},\"image\":{\"@id\":\"https:\/\/www.suno.com.br\/noticias\/ibovespa-empregos-eua-minerio-de-ferro-ccr-ccro3-07052021\/#primaryimage\"},\"thumbnailUrl\":\"https:\/\/files.sunoresearch.com.br\/n\/uploads\/2021\/03\/0e870344-ibovespa-jpg.webp\",\"datePublished\":\"2021-05-07T16:49:00+00:00\",\"dateModified\":\"2021-05-29T23:50:03+00:00\",\"description\":\"O Ibovespa opera em alta na tarde desta sexta-feira (7), acompanhando o otimismo do mercado norte-americano. Clique e saiba mais.\",\"breadcrumb\":{\"@id\":\"https:\/\/www.suno.com.br\/noticias\/ibovespa-empregos-eua-minerio-de-ferro-ccr-ccro3-07052021\/#breadcrumb\"},\"inLanguage\":\"pt-BR\",\"potentialAction\":[{\"@type\":\"ReadAction\",\"target\":[\"https:\/\/www.suno.com.br\/noticias\/ibovespa-empregos-eua-minerio-de-ferro-ccr-ccro3-07052021\/\"]}]},{\"@type\":\"ImageObject\",\"inLanguage\":\"pt-BR\",\"@id\":\"https:\/\/www.suno.com.br\/noticias\/ibovespa-empregos-eua-minerio-de-ferro-ccr-ccro3-07052021\/#primaryimage\",\"url\":\"https:\/\/files.sunoresearch.com.br\/n\/uploads\/2021\/03\/0e870344-ibovespa-jpg.webp\",\"contentUrl\":\"https:\/\/files.sunoresearch.com.br\/n\/uploads\/2021\/03\/0e870344-ibovespa-jpg.webp\",\"width\":1920,\"height\":1440,\"caption\":\"Ibovespa. Foto: Pixabay.\"},{\"@type\":\"BreadcrumbList\",\"@id\":\"https:\/\/www.suno.com.br\/noticias\/ibovespa-empregos-eua-minerio-de-ferro-ccr-ccro3-07052021\/#breadcrumb\",\"itemListElement\":[{\"@type\":\"ListItem\",\"position\":1,\"name\":\"Not\u00edcias\",\"item\":\"https:\/\/www.suno.com.br\/noticias\/\"},{\"@type\":\"ListItem\",\"position\":2,\"name\":\"Mercado\",\"item\":\"https:\/\/www.suno.com.br\/noticias\/mercado\/\"},{\"@type\":\"ListItem\",\"position\":3,\"name\":\"Ibovespa opera em alta, com dados nos EUA e min\u00e9rio de ferro na m\u00e1xima; CCR (CCRO3) dispara 10%\"}]},{\"@type\":\"WebSite\",\"@id\":\"https:\/\/www.suno.com.br\/noticias\/#website\",\"url\":\"https:\/\/www.suno.com.br\/noticias\/\",\"name\":\"Suno Not\u00edcias\",\"description\":\"Seu portal de informa\u00e7\u00e3o sobre o mundo dos investimentos\",\"publisher\":{\"@id\":\"https:\/\/www.suno.com.br\/noticias\/#organization\"},\"potentialAction\":[{\"@type\":\"SearchAction\",\"target\":{\"@type\":\"EntryPoint\",\"urlTemplate\":\"https:\/\/www.suno.com.br\/noticias\/?s={search_term_string}\"},\"query-input\":{\"@type\":\"PropertyValueSpecification\",\"valueRequired\":true,\"valueName\":\"search_term_string\"}}],\"inLanguage\":\"pt-BR\"},{\"@type\":\"Organization\",\"@id\":\"https:\/\/www.suno.com.br\/noticias\/#organization\",\"name\":\"Suno Not\u00edcias\",\"url\":\"https:\/\/www.suno.com.br\/noticias\/\",\"logo\":{\"@type\":\"ImageObject\",\"inLanguage\":\"pt-BR\",\"@id\":\"https:\/\/www.suno.com.br\/noticias\/#\/schema\/logo\/image\/\",\"url\":\"https:\/\/files.sunoresearch.com.br\/n\/uploads\/2021\/09\/suno-logo.png\",\"contentUrl\":\"https:\/\/files.sunoresearch.com.br\/n\/uploads\/2021\/09\/suno-logo.png\",\"width\":180,\"height\":180,\"caption\":\"Suno Not\u00edcias\"},\"image\":{\"@id\":\"https:\/\/www.suno.com.br\/noticias\/#\/schema\/logo\/image\/\"},\"sameAs\":[\"https:\/\/facebook.com\/sunoresearch\",\"https:\/\/x.com\/sunoresearch\",\"https:\/\/www.instagram.com\/suno\",\"https:\/\/www.linkedin.com\/company\/suno-research\/\",\"https:\/\/www.youtube.com\/c\/sunoresearch\"]},{\"@type\":\"Person\",\"@id\":\"https:\/\/www.suno.com.br\/noticias\/#\/schema\/person\/918d79de1f0281f01599b93f9ea6e23f\",\"name\":\"Jader Lazarini\",\"image\":{\"@type\":\"ImageObject\",\"inLanguage\":\"pt-BR\",\"@id\":\"https:\/\/www.suno.com.br\/noticias\/#\/schema\/person\/image\/\",\"url\":\"https:\/\/secure.gravatar.com\/avatar\/3c1ad8caa51589841baeb923fcddea97?s=96&r=g\",\"contentUrl\":\"https:\/\/secure.gravatar.com\/avatar\/3c1ad8caa51589841baeb923fcddea97?s=96&r=g\",\"caption\":\"Jader Lazarini\"},\"description\":\"Jader Lazarini escreve sobre investimentos, finan\u00e7as, economia e neg\u00f3cios. \u00c9 bacharel em Rela\u00e7\u00f5es Internacionais e analista CNPI (2619).\",\"url\":\"https:\/\/www.suno.com.br\/noticias\/author\/jader-lazarini\/\"}]}<\/script>\n<!-- \/ Yoast SEO plugin. -->","yoast_head_json":{"title":"Ibovespa opera em alta, com dados nos EUA e min\u00e9rio de ferro na m\u00e1xima","description":"O Ibovespa opera em alta na tarde desta sexta-feira (7), acompanhando o otimismo do mercado norte-americano. Clique e saiba mais.","robots":{"index":"index","follow":"follow","max-snippet":"max-snippet:-1","max-image-preview":"max-image-preview:large","max-video-preview":"max-video-preview:-1"},"canonical":"https:\/\/www.suno.com.br\/noticias\/ibovespa-empregos-eua-minerio-de-ferro-ccr-ccro3-07052021\/","og_locale":"pt_BR","og_type":"article","og_title":"Ibovespa opera em alta, com dados nos EUA e min\u00e9rio de ferro na m\u00e1xima","og_description":"O Ibovespa opera em alta na tarde desta sexta-feira (7), acompanhando o otimismo do mercado norte-americano. Clique e saiba mais.","og_url":"https:\/\/www.suno.com.br\/noticias\/ibovespa-empregos-eua-minerio-de-ferro-ccr-ccro3-07052021\/","og_site_name":"Suno Not\u00edcias","article_publisher":"https:\/\/facebook.com\/sunoresearch","og_image":[{"width":1920,"height":1440,"url":"https:\/\/files.sunoresearch.com.br\/n\/uploads\/2021\/03\/0e870344-ibovespa.jpg","type":"image\/jpeg"}],"author":"Jader Lazarini","twitter_card":"summary_large_image","twitter_creator":"@sunoresearch","twitter_site":"@sunoresearch","twitter_misc":{"Escrito por":"Jader Lazarini","Est. tempo de leitura":"3 minutos"},"schema":{"@context":"https:\/\/schema.org","@graph":[{"@type":"NewsArticle","@id":"https:\/\/www.suno.com.br\/noticias\/ibovespa-empregos-eua-minerio-de-ferro-ccr-ccro3-07052021\/#article","isPartOf":{"@id":"https:\/\/www.suno.com.br\/noticias\/ibovespa-empregos-eua-minerio-de-ferro-ccr-ccro3-07052021\/"},"author":{"name":"Jader Lazarini","@id":"https:\/\/www.suno.com.br\/noticias\/#\/schema\/person\/918d79de1f0281f01599b93f9ea6e23f"},"headline":"Ibovespa opera em alta, com dados nos EUA e min\u00e9rio de ferro na m\u00e1xima; CCR (CCRO3) dispara 10%","datePublished":"2021-05-07T16:49:00+00:00","dateModified":"2021-05-29T23:50:03+00:00","mainEntityOfPage":{"@id":"https:\/\/www.suno.com.br\/noticias\/ibovespa-empregos-eua-minerio-de-ferro-ccr-ccro3-07052021\/"},"wordCount":572,"publisher":{"@id":"https:\/\/www.suno.com.br\/noticias\/#organization"},"image":{"@id":"https:\/\/www.suno.com.br\/noticias\/ibovespa-empregos-eua-minerio-de-ferro-ccr-ccro3-07052021\/#primaryimage"},"thumbnailUrl":"https:\/\/files.sunoresearch.com.br\/n\/uploads\/2021\/03\/0e870344-ibovespa-jpg.webp","keywords":["Bolsa de Valores de S\u00e3o Paulo (B3)","CCR (CCRO3)","commodities","Especialistas","Ibovespa","S\u00e3o Paulo"],"articleSection":["Mercado"],"inLanguage":"pt-BR"},{"@type":"WebPage","@id":"https:\/\/www.suno.com.br\/noticias\/ibovespa-empregos-eua-minerio-de-ferro-ccr-ccro3-07052021\/","url":"https:\/\/www.suno.com.br\/noticias\/ibovespa-empregos-eua-minerio-de-ferro-ccr-ccro3-07052021\/","name":"Ibovespa opera em alta, com dados nos EUA e min\u00e9rio de ferro na m\u00e1xima","isPartOf":{"@id":"https:\/\/www.suno.com.br\/noticias\/#website"},"primaryImageOfPage":{"@id":"https:\/\/www.suno.com.br\/noticias\/ibovespa-empregos-eua-minerio-de-ferro-ccr-ccro3-07052021\/#primaryimage"},"image":{"@id":"https:\/\/www.suno.com.br\/noticias\/ibovespa-empregos-eua-minerio-de-ferro-ccr-ccro3-07052021\/#primaryimage"},"thumbnailUrl":"https:\/\/files.sunoresearch.com.br\/n\/uploads\/2021\/03\/0e870344-ibovespa-jpg.webp","datePublished":"2021-05-07T16:49:00+00:00","dateModified":"2021-05-29T23:50:03+00:00","description":"O Ibovespa opera em alta na tarde desta sexta-feira (7), acompanhando o otimismo do mercado norte-americano. Clique e saiba mais.","breadcrumb":{"@id":"https:\/\/www.suno.com.br\/noticias\/ibovespa-empregos-eua-minerio-de-ferro-ccr-ccro3-07052021\/#breadcrumb"},"inLanguage":"pt-BR","potentialAction":[{"@type":"ReadAction","target":["https:\/\/www.suno.com.br\/noticias\/ibovespa-empregos-eua-minerio-de-ferro-ccr-ccro3-07052021\/"]}]},{"@type":"ImageObject","inLanguage":"pt-BR","@id":"https:\/\/www.suno.com.br\/noticias\/ibovespa-empregos-eua-minerio-de-ferro-ccr-ccro3-07052021\/#primaryimage","url":"https:\/\/files.sunoresearch.com.br\/n\/uploads\/2021\/03\/0e870344-ibovespa-jpg.webp","contentUrl":"https:\/\/files.sunoresearch.com.br\/n\/uploads\/2021\/03\/0e870344-ibovespa-jpg.webp","width":1920,"height":1440,"caption":"Ibovespa. Foto: Pixabay."},{"@type":"BreadcrumbList","@id":"https:\/\/www.suno.com.br\/noticias\/ibovespa-empregos-eua-minerio-de-ferro-ccr-ccro3-07052021\/#breadcrumb","itemListElement":[{"@type":"ListItem","position":1,"name":"Not\u00edcias","item":"https:\/\/www.suno.com.br\/noticias\/"},{"@type":"ListItem","position":2,"name":"Mercado","item":"https:\/\/www.suno.com.br\/noticias\/mercado\/"},{"@type":"ListItem","position":3,"name":"Ibovespa opera em alta, com dados nos EUA e min\u00e9rio de ferro na m\u00e1xima; CCR (CCRO3) dispara 10%"}]},{"@type":"WebSite","@id":"https:\/\/www.suno.com.br\/noticias\/#website","url":"https:\/\/www.suno.com.br\/noticias\/","name":"Suno Not\u00edcias","description":"Seu portal de informa\u00e7\u00e3o sobre o mundo dos investimentos","publisher":{"@id":"https:\/\/www.suno.com.br\/noticias\/#organization"},"potentialAction":[{"@type":"SearchAction","target":{"@type":"EntryPoint","urlTemplate":"https:\/\/www.suno.com.br\/noticias\/?s={search_term_string}"},"query-input":{"@type":"PropertyValueSpecification","valueRequired":true,"valueName":"search_term_string"}}],"inLanguage":"pt-BR"},{"@type":"Organization","@id":"https:\/\/www.suno.com.br\/noticias\/#organization","name":"Suno Not\u00edcias","url":"https:\/\/www.suno.com.br\/noticias\/","logo":{"@type":"ImageObject","inLanguage":"pt-BR","@id":"https:\/\/www.suno.com.br\/noticias\/#\/schema\/logo\/image\/","url":"https:\/\/files.sunoresearch.com.br\/n\/uploads\/2021\/09\/suno-logo.png","contentUrl":"https:\/\/files.sunoresearch.com.br\/n\/uploads\/2021\/09\/suno-logo.png","width":180,"height":180,"caption":"Suno Not\u00edcias"},"image":{"@id":"https:\/\/www.suno.com.br\/noticias\/#\/schema\/logo\/image\/"},"sameAs":["https:\/\/facebook.com\/sunoresearch","https:\/\/x.com\/sunoresearch","https:\/\/www.instagram.com\/suno","https:\/\/www.linkedin.com\/company\/suno-research\/","https:\/\/www.youtube.com\/c\/sunoresearch"]},{"@type":"Person","@id":"https:\/\/www.suno.com.br\/noticias\/#\/schema\/person\/918d79de1f0281f01599b93f9ea6e23f","name":"Jader Lazarini","image":{"@type":"ImageObject","inLanguage":"pt-BR","@id":"https:\/\/www.suno.com.br\/noticias\/#\/schema\/person\/image\/","url":"https:\/\/secure.gravatar.com\/avatar\/3c1ad8caa51589841baeb923fcddea97?s=96&r=g","contentUrl":"https:\/\/secure.gravatar.com\/avatar\/3c1ad8caa51589841baeb923fcddea97?s=96&r=g","caption":"Jader Lazarini"},"description":"Jader Lazarini escreve sobre investimentos, finan\u00e7as, economia e neg\u00f3cios. \u00c9 bacharel em Rela\u00e7\u00f5es Internacionais e analista CNPI (2619).","url":"https:\/\/www.suno.com.br\/noticias\/author\/jader-lazarini\/"}]}},"default_loop_html":"<div class=\"cardsPage__listCard__boxs\"><div class=\"cardsPage__listCard__boxs__img\"><a href=\"https:\/\/www.suno.com.br\/noticias\/cemig-cmig4-taesa-taee11-leilao\/\"><img class=\"mask\" src=\"https:\/\/www.suno.com.br\/noticias\/wp-content\/themes\/suno\/resources\/images\/spotlight\/spotlight1img\/bg-mask.png\" alt=\"Image Mask\"\/><img src=\"https:\/\/files.sunoresearch.com.br\/n\/uploads\/2021\/03\/6a2ac1be-cemig-1-400x200.webp\" alt=\"Cemig (CMIG4) prepara leil\u00e3o para vender sua fatia na Taesa (TAEE11)\"\/><\/a><span class=\"spotlightCategory\"><a href=\"https:\/\/www.suno.com.br\/noticias\/negocios\/\">Neg\u00f3cios<\/a><\/span><\/div><div class=\"cardsPage__listCard__boxs__content\"><a href=\"https:\/\/www.suno.com.br\/noticias\/cemig-cmig4-taesa-taee11-leilao\/\"><h2 class=\"content__title\">Cemig (CMIG4) prepara leil\u00e3o para vender sua fatia na Taesa (TAEE11)<\/h2><\/a><div class=\"newsContent__article__meta\"><div class=\"newsContent__article__meta__authorBox\"><a href=\"https:\/\/www.suno.com.br\/noticias\/author\/poliana-santos\/\" class=\"authorBox__avatar noMobi\"><img src=\"https:\/\/files.sunoresearch.com.br\/n\/uploads\/2020\/08\/7ef34026-whatsapp-image-2020-08-03-at-12.37.57-150x150.webp\" alt=\"Poliana Santos\"><\/a><div class=\"authorBox__name\"><span>por\n\t\t\t<a href=\"https:\/\/www.suno.com.br\/noticias\/author\/poliana-santos\/\"><span itemprop=\"author\">Poliana Santos<\/span><\/a><\/span><time datetime=\"2021-05-07T09:31:36-03:00\" itemprop=\"datePublished\">07\/05\/2021 09:31<\/time><\/div><\/div><\/div><\/div><\/div>","single_layout":"posts","amp_enabled":true,"_links":{"self":[{"href":"https:\/\/www.suno.com.br\/noticias\/wp-json\/wp\/v2\/posts\/145647"}],"collection":[{"href":"https:\/\/www.suno.com.br\/noticias\/wp-json\/wp\/v2\/posts"}],"about":[{"href":"https:\/\/www.suno.com.br\/noticias\/wp-json\/wp\/v2\/types\/post"}],"author":[{"embeddable":true,"href":"https:\/\/www.suno.com.br\/noticias\/wp-json\/wp\/v2\/users\/24"}],"replies":[{"embeddable":true,"href":"https:\/\/www.suno.com.br\/noticias\/wp-json\/wp\/v2\/comments?post=145647"}],"version-history":[{"count":4,"href":"https:\/\/www.suno.com.br\/noticias\/wp-json\/wp\/v2\/posts\/145647\/revisions"}],"predecessor-version":[{"id":146308,"href":"https:\/\/www.suno.com.br\/noticias\/wp-json\/wp\/v2\/posts\/145647\/revisions\/146308"}],"wp:featuredmedia":[{"embeddable":true,"href":"https:\/\/www.suno.com.br\/noticias\/wp-json\/wp\/v2\/media\/130761"}],"wp:attachment":[{"href":"https:\/\/www.suno.com.br\/noticias\/wp-json\/wp\/v2\/media?parent=145647"}],"wp:term":[{"taxonomy":"category","embeddable":true,"href":"https:\/\/www.suno.com.br\/noticias\/wp-json\/wp\/v2\/categories?post=145647"},{"taxonomy":"post_tag","embeddable":true,"href":"https:\/\/www.suno.com.br\/noticias\/wp-json\/wp\/v2\/tags?post=145647"},{"taxonomy":"suno_strategy","embeddable":true,"href":"https:\/\/www.suno.com.br\/noticias\/wp-json\/wp\/v2\/suno_strategy?post=145647"}],"curies":[{"name":"wp","href":"https:\/\/api.w.org\/{rel}","templated":true}]}}