{"id":14563,"date":"2019-02-07T16:57:13","date_gmt":"2019-02-07T18:57:13","guid":{"rendered":"https:\/\/www.suno.com.br\/noticias\/?p=14563"},"modified":"2021-05-11T20:45:56","modified_gmt":"2021-05-11T23:45:56","slug":"sp-confirma-rating-brasil","status":"publish","type":"post","link":"https:\/\/www.suno.com.br\/noticias\/sp-confirma-rating-brasil\/","title":{"rendered":"S&#038;P confirma rating do Brasil em BB-"},"content":{"rendered":"<p>A <a href=\"https:\/\/www.suno.com.br\/artigos\/agencias-de-rating\/\">ag\u00eancia de classifica\u00e7\u00e3o de risco<\/a> <strong>Standard &amp; Poor\u00b4s<\/strong> (S&amp;P) confirmou o <strong>rating<\/strong> do <strong>Brasil<\/strong> em <strong>BB-.<\/strong><\/p>\t<div class=\"wrapper-featured-image\">\n\t\t<figure class=\"spotlightImg\">\n\n\t\t\t<picture>\n\t\t\t\t<source media=\"(max-width: 768px)\" srcset=\"https:\/\/files.sunoresearch.com.br\/n\/uploads\/2019\/02\/9ce00899-standard-poor\u00b4s-sp-400x200.webp\">\n\t\t\t\t<img loading=\"lazy\" decoding=\"async\" class=\"newsContent__article__imgCapa lazyloadDisabled newsContent__article__imgCapa--noCaption\" src=\"https:\/\/files.sunoresearch.com.br\/n\/uploads\/2019\/02\/9ce00899-standard-poor\u00b4s-sp-800x450.webp\" width=\"800\" height=\"450\" alt=\"S&#038;P confirma rating do Brasil em BB-\" fetchpriority=high \/>\n\t\t\t<\/picture>\n\n\t\t\t<figcaption class=\"wp-caption-text wp-caption-text--hide\">Standard &amp; Poor&#039;s rebaixa notas de Gol (GOLL4), Latam e Azul (AZUL4)<\/figcaption>\n\t\t<\/figure>\n\t<\/div>\n\n\n<p>Segundo a <strong>ag\u00eancia de classifica\u00e7\u00e3o de risco,<\/strong> a perspectiva \u00e9 est\u00e1vel gra\u00e7as a expectativa de lenta melhora das <strong>contas p\u00fablicas.<\/strong> Al\u00e9m disso, a <strong>S&amp;P<\/strong> considerou o prov\u00e1vel <strong>crescimento econ\u00f4mico<\/strong> do Pa\u00eds durante o governo do <strong>presidente Jair Bolsonaro.<\/strong><\/p>\n<p><a href=\"https:\/\/www.suno.com.br\/noticias\/sp-economia-otimismo-ceticismo\/\">Saiba mais: Para S&amp;P, economia brasileira vive mescla de otimismo e ceticismo\u00a0<\/a><\/p>\n<p>&#8220;A <strong>perspectiva est\u00e1vel<\/strong> reflete nossa vis\u00e3o de que o governo <strong>Bolsonaro<\/strong> avan\u00e7ar\u00e1, com o apoio do <strong>Congresso,<\/strong> para melhorar lentamente os d\u00e9ficits fiscais, embora a d\u00edvida do governo no geral continue a subir&#8221;, informou a Standard &amp; Poor\u00b4s em nota.<\/p>\n<p>Para a <strong>S&amp;P,<\/strong> a <a href=\"https:\/\/www.suno.com.br\/artigos\/agencias-de-rating\/\"><strong>nota\u00a0de cr\u00e9dito<\/strong><\/a> da d\u00edvida soberana do\u00a0<strong>Brasil<\/strong> poderia at\u00e9 ser elevada os pr\u00f3ximos dois anos. Entretanto, seria necess\u00e1rio que o avan\u00e7o na <strong>pol\u00edtica<\/strong> sugira uma <strong>recupera\u00e7\u00e3o fiscal<\/strong> mais r\u00e1pida. E isso exigiria a\u00a0 implementa\u00e7\u00e3o de uma bem-sucedida <strong>pol\u00edtica fiscal estrutural corretiva<\/strong>. E, al\u00e9m disso, seria indispens\u00e1vel\u00a0uma perspectiva de crescimento mais forte do <strong>Produto Interno Bruto (PIB)<\/strong>. Por outro lado, a <strong>S&amp;P<\/strong> tamb\u00e9m salientou como o <strong>rating<\/strong> brasileiro poderia ser rebaixado. Isso aconteceria se o <strong>governo<\/strong> tomar\u00e1 medidas que elevem a <strong>vulnerabilidade fiscal<\/strong>.Ou, tamb\u00e9m, em caso\u00a0surja uma fraqueza inesperada no <strong>balan\u00e7o de pagamentos<\/strong> do Brasil que prejudique o <strong>acesso ao mercado<\/strong> ou gere um forte<strong> aumento na d\u00edvida externa<\/strong>.<\/p>\n<p><a href=\"https:\/\/www.suno.com.br\/noticias\/reforma-previdencia-brasil-necessaria-moodys\/\">Saiba mais: Reforma da Previd\u00eancia do Brasil \u00e9 necess\u00e1ria, diz Moody\u2019s\u00a0<\/a><\/p>\n<p>&#8220;Tamb\u00e9m esperamos moderada acelera\u00e7\u00e3o do <strong>crescimento econ\u00f4mico<\/strong> e melhoria da confian\u00e7a dos investidores ap\u00f3s uma espera antes das elei\u00e7\u00f5es, sustentado por alguma melhoria do perfil fiscal e recupera\u00e7\u00e3o das opera\u00e7\u00f5es de cr\u00e9dito&#8221;, acrescentou a <strong>S&amp;P<\/strong>.<\/p>\n<p>A <strong>S&amp;P<\/strong> salientou ainda que a nota atual atribu\u00edda a <strong>d\u00edvida soberana<\/strong> do <strong>Brasil<\/strong> reflete o progresso lento do <strong>Pa\u00eds.<\/strong> Um avan\u00e7o demorado nas reformas decorrente do baixo apoio pol\u00edtico para aprovar uma <strong>legisla\u00e7\u00e3o significativa.<\/strong> Um conjunto de medidas necess\u00e1rias para corrigir a fragilidade fiscal estrutural rapidamente ao longo dos \u00faltimos anos.<\/p>\n","protected":false},"excerpt":{"rendered":"<p>A ag\u00eancia de classifica\u00e7\u00e3o de risco Standard &amp; Poor\u00b4s (S&amp;P) confirmou o rating do Brasil em BB-. Standard &amp; Poor&#039;s rebaixa notas de Gol (GOLL4), Latam e Azul (AZUL4) Segundo a ag\u00eancia de classifica\u00e7\u00e3o de risco, a perspectiva \u00e9 est\u00e1vel gra\u00e7as a expectativa de lenta melhora das contas p\u00fablicas. Al\u00e9m disso, a S&amp;P considerou o [&hellip;]<\/p>\n","protected":false},"author":9,"featured_media":14564,"comment_status":"closed","ping_status":"closed","sticky":false,"template":"","format":"standard","meta":[],"categories":[60],"tags":[1034,2337],"suno_strategy":[],"class_list":["post-14563","post","type-post","status-publish","format-standard","has-post-thumbnail","hentry","category-mercado","tag-classificacao-de-risco-rating","tag-standard-poors-sp"],"yoast_head":"<!-- This site is optimized with the Yoast SEO plugin v24.4 - https:\/\/yoast.com\/wordpress\/plugins\/seo\/ -->\n<title>S&amp;P confirma rating do Brasil em BB- com perspectiva est\u00e1vel<\/title>\n<meta name=\"description\" content=\"A ag\u00eancia de classifica\u00e7\u00e3o de risco Standard &amp; Poor\u00b4s confirmou o rating do Brasil em BB-. Clique aqui para saber mais.\" \/>\n<meta name=\"robots\" content=\"index, follow, max-snippet:-1, max-image-preview:large, max-video-preview:-1\" \/>\n<link rel=\"canonical\" href=\"https:\/\/www.suno.com.br\/noticias\/sp-confirma-rating-brasil\/\" \/>\n<meta property=\"og:locale\" content=\"pt_BR\" \/>\n<meta property=\"og:type\" content=\"article\" \/>\n<meta property=\"og:title\" content=\"S&amp;P confirma rating do Brasil em BB- com perspectiva est\u00e1vel\" \/>\n<meta property=\"og:description\" content=\"A ag\u00eancia de classifica\u00e7\u00e3o de risco Standard &amp; Poor\u00b4s confirmou o rating do Brasil em BB-. Clique aqui para saber mais.\" \/>\n<meta property=\"og:url\" content=\"https:\/\/www.suno.com.br\/noticias\/sp-confirma-rating-brasil\/\" \/>\n<meta property=\"og:site_name\" content=\"Suno Not\u00edcias\" \/>\n<meta property=\"article:publisher\" content=\"https:\/\/facebook.com\/sunoresearch\" \/>\n<meta property=\"og:image\" content=\"https:\/\/files.sunoresearch.com.br\/n\/uploads\/2019\/02\/9ce00899-standard-poor\u00b4s-sp.jpg\" \/>\n\t<meta property=\"og:image:width\" content=\"1000\" \/>\n\t<meta property=\"og:image:height\" content=\"541\" \/>\n\t<meta property=\"og:image:type\" content=\"image\/jpeg\" \/>\n<meta name=\"author\" content=\"Carlo Cauti\" \/>\n<meta name=\"twitter:card\" content=\"summary_large_image\" \/>\n<meta name=\"twitter:creator\" content=\"@sunoresearch\" \/>\n<meta name=\"twitter:site\" content=\"@sunoresearch\" \/>\n<meta name=\"twitter:label1\" content=\"Escrito por\" \/>\n\t<meta name=\"twitter:data1\" content=\"Carlo Cauti\" \/>\n\t<meta name=\"twitter:label2\" content=\"Est. tempo de leitura\" \/>\n\t<meta name=\"twitter:data2\" content=\"2 minutos\" \/>\n<script type=\"application\/ld+json\" class=\"yoast-schema-graph\">{\"@context\":\"https:\/\/schema.org\",\"@graph\":[{\"@type\":\"NewsArticle\",\"@id\":\"https:\/\/www.suno.com.br\/noticias\/sp-confirma-rating-brasil\/#article\",\"isPartOf\":{\"@id\":\"https:\/\/www.suno.com.br\/noticias\/sp-confirma-rating-brasil\/\"},\"author\":{\"name\":\"Carlo Cauti\",\"@id\":\"https:\/\/www.suno.com.br\/noticias\/#\/schema\/person\/e6e0f723cc177805027f4566c1d5e0c8\"},\"headline\":\"S&#038;P confirma rating do Brasil em BB-\",\"datePublished\":\"2019-02-07T18:57:13+00:00\",\"dateModified\":\"2021-05-11T23:45:56+00:00\",\"mainEntityOfPage\":{\"@id\":\"https:\/\/www.suno.com.br\/noticias\/sp-confirma-rating-brasil\/\"},\"wordCount\":394,\"publisher\":{\"@id\":\"https:\/\/www.suno.com.br\/noticias\/#organization\"},\"image\":{\"@id\":\"https:\/\/www.suno.com.br\/noticias\/sp-confirma-rating-brasil\/#primaryimage\"},\"thumbnailUrl\":\"https:\/\/files.sunoresearch.com.br\/n\/uploads\/2019\/02\/9ce00899-standard-poor\u00b4s-sp-jpg.webp\",\"keywords\":[\"Classifica\u00e7\u00e3o de Risco (Rating)\",\"Standard &amp; Poor's (S&amp;P)\"],\"articleSection\":[\"Mercado\"],\"inLanguage\":\"pt-BR\"},{\"@type\":\"WebPage\",\"@id\":\"https:\/\/www.suno.com.br\/noticias\/sp-confirma-rating-brasil\/\",\"url\":\"https:\/\/www.suno.com.br\/noticias\/sp-confirma-rating-brasil\/\",\"name\":\"S&P confirma rating do Brasil em BB- com perspectiva est\u00e1vel\",\"isPartOf\":{\"@id\":\"https:\/\/www.suno.com.br\/noticias\/#website\"},\"primaryImageOfPage\":{\"@id\":\"https:\/\/www.suno.com.br\/noticias\/sp-confirma-rating-brasil\/#primaryimage\"},\"image\":{\"@id\":\"https:\/\/www.suno.com.br\/noticias\/sp-confirma-rating-brasil\/#primaryimage\"},\"thumbnailUrl\":\"https:\/\/files.sunoresearch.com.br\/n\/uploads\/2019\/02\/9ce00899-standard-poor\u00b4s-sp-jpg.webp\",\"datePublished\":\"2019-02-07T18:57:13+00:00\",\"dateModified\":\"2021-05-11T23:45:56+00:00\",\"description\":\"A ag\u00eancia de classifica\u00e7\u00e3o de risco Standard & Poor\u00b4s confirmou o rating do Brasil em BB-. Clique aqui para saber mais.\",\"breadcrumb\":{\"@id\":\"https:\/\/www.suno.com.br\/noticias\/sp-confirma-rating-brasil\/#breadcrumb\"},\"inLanguage\":\"pt-BR\",\"potentialAction\":[{\"@type\":\"ReadAction\",\"target\":[\"https:\/\/www.suno.com.br\/noticias\/sp-confirma-rating-brasil\/\"]}]},{\"@type\":\"ImageObject\",\"inLanguage\":\"pt-BR\",\"@id\":\"https:\/\/www.suno.com.br\/noticias\/sp-confirma-rating-brasil\/#primaryimage\",\"url\":\"https:\/\/files.sunoresearch.com.br\/n\/uploads\/2019\/02\/9ce00899-standard-poor\u00b4s-sp-jpg.webp\",\"contentUrl\":\"https:\/\/files.sunoresearch.com.br\/n\/uploads\/2019\/02\/9ce00899-standard-poor\u00b4s-sp-jpg.webp\",\"width\":1000,\"height\":541,\"caption\":\"Standard & Poor's rebaixa notas de Gol (GOLL4), Latam e Azul (AZUL4)\"},{\"@type\":\"BreadcrumbList\",\"@id\":\"https:\/\/www.suno.com.br\/noticias\/sp-confirma-rating-brasil\/#breadcrumb\",\"itemListElement\":[{\"@type\":\"ListItem\",\"position\":1,\"name\":\"Not\u00edcias\",\"item\":\"https:\/\/www.suno.com.br\/noticias\/\"},{\"@type\":\"ListItem\",\"position\":2,\"name\":\"Mercado\",\"item\":\"https:\/\/www.suno.com.br\/noticias\/mercado\/\"},{\"@type\":\"ListItem\",\"position\":3,\"name\":\"S&#038;P confirma rating do Brasil em BB-\"}]},{\"@type\":\"WebSite\",\"@id\":\"https:\/\/www.suno.com.br\/noticias\/#website\",\"url\":\"https:\/\/www.suno.com.br\/noticias\/\",\"name\":\"Suno Not\u00edcias\",\"description\":\"Seu portal de informa\u00e7\u00e3o sobre o mundo dos investimentos\",\"publisher\":{\"@id\":\"https:\/\/www.suno.com.br\/noticias\/#organization\"},\"potentialAction\":[{\"@type\":\"SearchAction\",\"target\":{\"@type\":\"EntryPoint\",\"urlTemplate\":\"https:\/\/www.suno.com.br\/noticias\/?s={search_term_string}\"},\"query-input\":{\"@type\":\"PropertyValueSpecification\",\"valueRequired\":true,\"valueName\":\"search_term_string\"}}],\"inLanguage\":\"pt-BR\"},{\"@type\":\"Organization\",\"@id\":\"https:\/\/www.suno.com.br\/noticias\/#organization\",\"name\":\"Suno Not\u00edcias\",\"url\":\"https:\/\/www.suno.com.br\/noticias\/\",\"logo\":{\"@type\":\"ImageObject\",\"inLanguage\":\"pt-BR\",\"@id\":\"https:\/\/www.suno.com.br\/noticias\/#\/schema\/logo\/image\/\",\"url\":\"https:\/\/files.sunoresearch.com.br\/n\/uploads\/2021\/09\/suno-logo.png\",\"contentUrl\":\"https:\/\/files.sunoresearch.com.br\/n\/uploads\/2021\/09\/suno-logo.png\",\"width\":180,\"height\":180,\"caption\":\"Suno Not\u00edcias\"},\"image\":{\"@id\":\"https:\/\/www.suno.com.br\/noticias\/#\/schema\/logo\/image\/\"},\"sameAs\":[\"https:\/\/facebook.com\/sunoresearch\",\"https:\/\/x.com\/sunoresearch\",\"https:\/\/www.instagram.com\/suno\",\"https:\/\/www.linkedin.com\/company\/suno-research\/\",\"https:\/\/www.youtube.com\/c\/sunoresearch\"]},{\"@type\":\"Person\",\"@id\":\"https:\/\/www.suno.com.br\/noticias\/#\/schema\/person\/e6e0f723cc177805027f4566c1d5e0c8\",\"name\":\"Carlo Cauti\",\"image\":{\"@type\":\"ImageObject\",\"inLanguage\":\"pt-BR\",\"@id\":\"https:\/\/www.suno.com.br\/noticias\/#\/schema\/person\/image\/\",\"url\":\"https:\/\/secure.gravatar.com\/avatar\/3ada9e0bd164c23abd4792a9606d583c?s=96&r=g\",\"contentUrl\":\"https:\/\/secure.gravatar.com\/avatar\/3ada9e0bd164c23abd4792a9606d583c?s=96&r=g\",\"caption\":\"Carlo Cauti\"},\"description\":\"Editor multim\u00eddia do SUNO Not\u00edcias. Italiano, formado em Ci\u00eancias Pol\u00edticas pela universidade LUISS G. Carli de Roma e mestre cum laude em Rela\u00e7\u00f5es Internacionais, Jornalismo Internacional e de Guerra e em Economia Internacional. Concluiu tamb\u00e9m um MBA em Finan\u00e7as na B3. No Brasil, teve passagem por ve\u00edculos como Estad\u00e3o, Globo, Veja e EXAME. e nas ag\u00eancias de not\u00edcias italianas ANSA e NOVA.\",\"url\":\"https:\/\/www.suno.com.br\/noticias\/author\/carlo-cauti\/\"}]}<\/script>\n<!-- \/ Yoast SEO plugin. -->","yoast_head_json":{"title":"S&P confirma rating do Brasil em BB- com perspectiva est\u00e1vel","description":"A ag\u00eancia de classifica\u00e7\u00e3o de risco Standard & Poor\u00b4s confirmou o rating do Brasil em BB-. Clique aqui para saber mais.","robots":{"index":"index","follow":"follow","max-snippet":"max-snippet:-1","max-image-preview":"max-image-preview:large","max-video-preview":"max-video-preview:-1"},"canonical":"https:\/\/www.suno.com.br\/noticias\/sp-confirma-rating-brasil\/","og_locale":"pt_BR","og_type":"article","og_title":"S&P confirma rating do Brasil em BB- com perspectiva est\u00e1vel","og_description":"A ag\u00eancia de classifica\u00e7\u00e3o de risco Standard & Poor\u00b4s confirmou o rating do Brasil em BB-. Clique aqui para saber mais.","og_url":"https:\/\/www.suno.com.br\/noticias\/sp-confirma-rating-brasil\/","og_site_name":"Suno Not\u00edcias","article_publisher":"https:\/\/facebook.com\/sunoresearch","og_image":[{"width":1000,"height":541,"url":"https:\/\/files.sunoresearch.com.br\/n\/uploads\/2019\/02\/9ce00899-standard-poor\u00b4s-sp.jpg","type":"image\/jpeg"}],"author":"Carlo Cauti","twitter_card":"summary_large_image","twitter_creator":"@sunoresearch","twitter_site":"@sunoresearch","twitter_misc":{"Escrito por":"Carlo Cauti","Est. tempo de leitura":"2 minutos"},"schema":{"@context":"https:\/\/schema.org","@graph":[{"@type":"NewsArticle","@id":"https:\/\/www.suno.com.br\/noticias\/sp-confirma-rating-brasil\/#article","isPartOf":{"@id":"https:\/\/www.suno.com.br\/noticias\/sp-confirma-rating-brasil\/"},"author":{"name":"Carlo Cauti","@id":"https:\/\/www.suno.com.br\/noticias\/#\/schema\/person\/e6e0f723cc177805027f4566c1d5e0c8"},"headline":"S&#038;P confirma rating do Brasil em BB-","datePublished":"2019-02-07T18:57:13+00:00","dateModified":"2021-05-11T23:45:56+00:00","mainEntityOfPage":{"@id":"https:\/\/www.suno.com.br\/noticias\/sp-confirma-rating-brasil\/"},"wordCount":394,"publisher":{"@id":"https:\/\/www.suno.com.br\/noticias\/#organization"},"image":{"@id":"https:\/\/www.suno.com.br\/noticias\/sp-confirma-rating-brasil\/#primaryimage"},"thumbnailUrl":"https:\/\/files.sunoresearch.com.br\/n\/uploads\/2019\/02\/9ce00899-standard-poor\u00b4s-sp-jpg.webp","keywords":["Classifica\u00e7\u00e3o de Risco (Rating)","Standard &amp; Poor's (S&amp;P)"],"articleSection":["Mercado"],"inLanguage":"pt-BR"},{"@type":"WebPage","@id":"https:\/\/www.suno.com.br\/noticias\/sp-confirma-rating-brasil\/","url":"https:\/\/www.suno.com.br\/noticias\/sp-confirma-rating-brasil\/","name":"S&P confirma rating do Brasil em BB- com perspectiva est\u00e1vel","isPartOf":{"@id":"https:\/\/www.suno.com.br\/noticias\/#website"},"primaryImageOfPage":{"@id":"https:\/\/www.suno.com.br\/noticias\/sp-confirma-rating-brasil\/#primaryimage"},"image":{"@id":"https:\/\/www.suno.com.br\/noticias\/sp-confirma-rating-brasil\/#primaryimage"},"thumbnailUrl":"https:\/\/files.sunoresearch.com.br\/n\/uploads\/2019\/02\/9ce00899-standard-poor\u00b4s-sp-jpg.webp","datePublished":"2019-02-07T18:57:13+00:00","dateModified":"2021-05-11T23:45:56+00:00","description":"A ag\u00eancia de classifica\u00e7\u00e3o de risco Standard & Poor\u00b4s confirmou o rating do Brasil em BB-. Clique aqui para saber mais.","breadcrumb":{"@id":"https:\/\/www.suno.com.br\/noticias\/sp-confirma-rating-brasil\/#breadcrumb"},"inLanguage":"pt-BR","potentialAction":[{"@type":"ReadAction","target":["https:\/\/www.suno.com.br\/noticias\/sp-confirma-rating-brasil\/"]}]},{"@type":"ImageObject","inLanguage":"pt-BR","@id":"https:\/\/www.suno.com.br\/noticias\/sp-confirma-rating-brasil\/#primaryimage","url":"https:\/\/files.sunoresearch.com.br\/n\/uploads\/2019\/02\/9ce00899-standard-poor\u00b4s-sp-jpg.webp","contentUrl":"https:\/\/files.sunoresearch.com.br\/n\/uploads\/2019\/02\/9ce00899-standard-poor\u00b4s-sp-jpg.webp","width":1000,"height":541,"caption":"Standard & Poor's rebaixa notas de Gol (GOLL4), Latam e Azul (AZUL4)"},{"@type":"BreadcrumbList","@id":"https:\/\/www.suno.com.br\/noticias\/sp-confirma-rating-brasil\/#breadcrumb","itemListElement":[{"@type":"ListItem","position":1,"name":"Not\u00edcias","item":"https:\/\/www.suno.com.br\/noticias\/"},{"@type":"ListItem","position":2,"name":"Mercado","item":"https:\/\/www.suno.com.br\/noticias\/mercado\/"},{"@type":"ListItem","position":3,"name":"S&#038;P confirma rating do Brasil em BB-"}]},{"@type":"WebSite","@id":"https:\/\/www.suno.com.br\/noticias\/#website","url":"https:\/\/www.suno.com.br\/noticias\/","name":"Suno Not\u00edcias","description":"Seu portal de informa\u00e7\u00e3o sobre o mundo dos investimentos","publisher":{"@id":"https:\/\/www.suno.com.br\/noticias\/#organization"},"potentialAction":[{"@type":"SearchAction","target":{"@type":"EntryPoint","urlTemplate":"https:\/\/www.suno.com.br\/noticias\/?s={search_term_string}"},"query-input":{"@type":"PropertyValueSpecification","valueRequired":true,"valueName":"search_term_string"}}],"inLanguage":"pt-BR"},{"@type":"Organization","@id":"https:\/\/www.suno.com.br\/noticias\/#organization","name":"Suno Not\u00edcias","url":"https:\/\/www.suno.com.br\/noticias\/","logo":{"@type":"ImageObject","inLanguage":"pt-BR","@id":"https:\/\/www.suno.com.br\/noticias\/#\/schema\/logo\/image\/","url":"https:\/\/files.sunoresearch.com.br\/n\/uploads\/2021\/09\/suno-logo.png","contentUrl":"https:\/\/files.sunoresearch.com.br\/n\/uploads\/2021\/09\/suno-logo.png","width":180,"height":180,"caption":"Suno Not\u00edcias"},"image":{"@id":"https:\/\/www.suno.com.br\/noticias\/#\/schema\/logo\/image\/"},"sameAs":["https:\/\/facebook.com\/sunoresearch","https:\/\/x.com\/sunoresearch","https:\/\/www.instagram.com\/suno","https:\/\/www.linkedin.com\/company\/suno-research\/","https:\/\/www.youtube.com\/c\/sunoresearch"]},{"@type":"Person","@id":"https:\/\/www.suno.com.br\/noticias\/#\/schema\/person\/e6e0f723cc177805027f4566c1d5e0c8","name":"Carlo Cauti","image":{"@type":"ImageObject","inLanguage":"pt-BR","@id":"https:\/\/www.suno.com.br\/noticias\/#\/schema\/person\/image\/","url":"https:\/\/secure.gravatar.com\/avatar\/3ada9e0bd164c23abd4792a9606d583c?s=96&r=g","contentUrl":"https:\/\/secure.gravatar.com\/avatar\/3ada9e0bd164c23abd4792a9606d583c?s=96&r=g","caption":"Carlo Cauti"},"description":"Editor multim\u00eddia do SUNO Not\u00edcias. Italiano, formado em Ci\u00eancias Pol\u00edticas pela universidade LUISS G. Carli de Roma e mestre cum laude em Rela\u00e7\u00f5es Internacionais, Jornalismo Internacional e de Guerra e em Economia Internacional. Concluiu tamb\u00e9m um MBA em Finan\u00e7as na B3. No Brasil, teve passagem por ve\u00edculos como Estad\u00e3o, Globo, Veja e EXAME. e nas ag\u00eancias de not\u00edcias italianas ANSA e NOVA.","url":"https:\/\/www.suno.com.br\/noticias\/author\/carlo-cauti\/"}]}},"default_loop_html":"<div class=\"cardsPage__listCard__boxs\"><div class=\"cardsPage__listCard__boxs__img\"><a href=\"https:\/\/www.suno.com.br\/noticias\/sp-confirma-rating-brasil\/\"><img class=\"mask\" src=\"https:\/\/www.suno.com.br\/noticias\/wp-content\/themes\/suno\/resources\/images\/spotlight\/spotlight1img\/bg-mask.png\" alt=\"Image Mask\"\/><img src=\"https:\/\/files.sunoresearch.com.br\/n\/uploads\/2019\/02\/9ce00899-standard-poor\u00b4s-sp-400x200.webp\" alt=\"S&#038;P confirma rating do Brasil em BB-\"\/><\/a><span class=\"spotlightCategory\"><a href=\"https:\/\/www.suno.com.br\/noticias\/mercado\/\">Mercado<\/a><\/span><\/div><div class=\"cardsPage__listCard__boxs__content\"><a href=\"https:\/\/www.suno.com.br\/noticias\/sp-confirma-rating-brasil\/\"><h2 class=\"content__title\">S&#038;P confirma rating do Brasil em BB-<\/h2><\/a><div class=\"newsContent__article__meta\"><div class=\"newsContent__article__meta__authorBox\"><a href=\"https:\/\/www.suno.com.br\/noticias\/author\/carlo-cauti\/\" class=\"authorBox__avatar noMobi\"><img src=\"https:\/\/files.sunoresearch.com.br\/n\/uploads\/2020\/08\/e3745f9a-perfil-carlo-cauti-150x150.webp\" alt=\"Carlo Cauti\"><\/a><div class=\"authorBox__name\"><span>por\n\t\t\t<a href=\"https:\/\/www.suno.com.br\/noticias\/author\/carlo-cauti\/\"><span itemprop=\"author\">Carlo Cauti<\/span><\/a><\/span><time datetime=\"2019-02-07T16:57:13-02:00\" itemprop=\"datePublished\">07\/02\/2019 16:57<\/time><\/div><\/div><\/div><\/div><\/div>","single_layout":"posts","amp_enabled":true,"_links":{"self":[{"href":"https:\/\/www.suno.com.br\/noticias\/wp-json\/wp\/v2\/posts\/14563"}],"collection":[{"href":"https:\/\/www.suno.com.br\/noticias\/wp-json\/wp\/v2\/posts"}],"about":[{"href":"https:\/\/www.suno.com.br\/noticias\/wp-json\/wp\/v2\/types\/post"}],"author":[{"embeddable":true,"href":"https:\/\/www.suno.com.br\/noticias\/wp-json\/wp\/v2\/users\/9"}],"replies":[{"embeddable":true,"href":"https:\/\/www.suno.com.br\/noticias\/wp-json\/wp\/v2\/comments?post=14563"}],"version-history":[{"count":1,"href":"https:\/\/www.suno.com.br\/noticias\/wp-json\/wp\/v2\/posts\/14563\/revisions"}],"predecessor-version":[{"id":147318,"href":"https:\/\/www.suno.com.br\/noticias\/wp-json\/wp\/v2\/posts\/14563\/revisions\/147318"}],"wp:featuredmedia":[{"embeddable":true,"href":"https:\/\/www.suno.com.br\/noticias\/wp-json\/wp\/v2\/media\/14564"}],"wp:attachment":[{"href":"https:\/\/www.suno.com.br\/noticias\/wp-json\/wp\/v2\/media?parent=14563"}],"wp:term":[{"taxonomy":"category","embeddable":true,"href":"https:\/\/www.suno.com.br\/noticias\/wp-json\/wp\/v2\/categories?post=14563"},{"taxonomy":"post_tag","embeddable":true,"href":"https:\/\/www.suno.com.br\/noticias\/wp-json\/wp\/v2\/tags?post=14563"},{"taxonomy":"suno_strategy","embeddable":true,"href":"https:\/\/www.suno.com.br\/noticias\/wp-json\/wp\/v2\/suno_strategy?post=14563"}],"curies":[{"name":"wp","href":"https:\/\/api.w.org\/{rel}","templated":true}]}}