{"id":145563,"date":"2021-05-07T11:49:32","date_gmt":"2021-05-07T14:49:32","guid":{"rendered":"https:\/\/www.suno.com.br\/noticias\/?p=145563"},"modified":"2021-05-18T12:18:43","modified_gmt":"2021-05-18T15:18:43","slug":"xp-aquisicao-credit-suisse-brasil","status":"publish","type":"post","link":"https:\/\/www.suno.com.br\/noticias\/xp-aquisicao-credit-suisse-brasil\/","title":{"rendered":"XP mostra interesse em aquisi\u00e7\u00e3o do Credit Suisse no Brasil, diz site"},"content":{"rendered":"<p>A <strong>XP<\/strong> Inc. demonstrou interesse em adquirir as opera\u00e7\u00f5es do banco Credit Suisse (C1SU34) no Brasil, segundo reportado pelo site Brazil Journal, nesta sexta-feira (7).<\/p>\t<div class=\"wrapper-featured-image\">\n\t\t<figure class=\"spotlightImg\">\n\n\t\t\t<picture>\n\t\t\t\t<source media=\"(max-width: 768px)\" srcset=\"https:\/\/files.sunoresearch.com.br\/n\/uploads\/2021\/05\/f7c917bc-172639684_10161162488076030_142281125204087167_n-400x200.webp\">\n\t\t\t\t<img loading=\"lazy\" decoding=\"async\" class=\"newsContent__article__imgCapa lazyloadDisabled \" src=\"https:\/\/files.sunoresearch.com.br\/n\/uploads\/2021\/05\/f7c917bc-172639684_10161162488076030_142281125204087167_n-800x450.webp\" width=\"800\" height=\"450\" alt=\"XP mostra interesse em aquisi\u00e7\u00e3o do Credit Suisse no Brasil, diz site\" fetchpriority=high \/>\n\t\t\t<\/picture>\n\n\t\t\t<figcaption class=\"wp-caption-text wp-caption-text--show\">Foto: Reprodu\u00e7\u00e3o Facebook<\/figcaption>\n\t\t<\/figure>\n\t<\/div>\n\n\n<p><span style=\"font-weight: 400;\">\u00a0\t<p>\n\t\t<a href=\"https:\/\/lp.suno.com.br\/planilha-controle-gastos\/\" target=\"_blank\" data-element=\"shortcode-suno-banner\" title=\"Banner SUNO, clique e saiba mais\">\n\t\t\t<picture>\n\t\t\t\t<source media=\"(max-width: 500px)\" srcset=\"https:\/\/files.sunoresearch.com.br\/n\/uploads\/2023\/03\/400x300-Planilha-controle-de-gastos.png\">\n\t\t\t\t<img class=\"newsContent__article__imgCapa newsContent__article__imgCapa--banner\"\n\t\t\t\t\tsrc=\"https:\/\/files.sunoresearch.com.br\/n\/uploads\/2023\/03\/1420x240-Planilha-controle-de-gastos.png\"\n\t\t\t\t\tdata-promo-id=\"101751\"\t\t\t\t\t\t\t\t\t\twidth='1420' height='240'\t\t\t\t\talt=\"https:\/\/files.sunoresearch.com.br\/n\/uploads\/2023\/03\/1420x240-Planilha-controle-de-gastos.png\"\n\t\t\t\t>\n\t\t\t<\/picture>\n\t\t<\/a>\n\t<\/p>\n\n<\/span><\/p>\n<p>As conversas, segundo o ve\u00edculo, ainda s\u00e3o preliminares, sem indicativos de que, de fato, a opera\u00e7\u00e3o desejada pela XP deva ocorrer. Segundo a reportagem, a lideran\u00e7a do <strong>Credit Suisse<\/strong> j\u00e1 foi comunicada sobre o interesse da aquisi\u00e7\u00e3o da opera\u00e7\u00e3o em solo brasileiro.<\/p>\n<p>Com a aquisi\u00e7\u00e3o, a empresa teria um incremento no banco de investimentos, com o neg\u00f3cio de gest\u00e3o de fortunas que administra um montante na casa de R$ 120 bilh\u00f5es.<\/p>\n<p><a href=\"https:\/\/lp.suno.com.br\/suno-one\/?ppp=noticias\/hospital-care-pedido-ipo-cvm\/\"><b>Suno One: acesse gratuitamente eBooks, Minicursos, Artigos e V\u00eddeo Aulas sobre investimentos com um \u00fanico cadastro. Clique para saber mais!<\/b><\/a><\/p>\n<p>A XP, que vale R$ 24 bilh\u00f5es na Bolsa de Nova Iorque (Nasdaq), vem do seu &#8220;melhor trimestre da hist\u00f3ria&#8221;, com<a href=\"https:\/\/www.suno.com.br\/artigos\/lucro-liquido\/\"> lucro l\u00edquido ajustado de R$ 846 milh\u00f5es<\/a>. Em rela\u00e7\u00e3o ao ano anterior, a alta \u00e9 de 104%, ao passo que, em face do \u00faltimo semestre, h\u00e1 crescimento de 17,3%.<\/p>\n<p>A receita bruta da XP entre de janeiro e mar\u00e7o foi de R$ 2,8 bilh\u00f5es, ante R$ 1,85 bilh\u00e3o do mesmo trimestre de 2020, alta de 50%.<\/p>\n<p><a href=\"https:\/\/www.suno.com.br\/artigos\/ebitda\/\">O Ebitda Ajustado (lucros antes dos juros, impostos, deprecia\u00e7\u00e3o e amortiza\u00e7\u00e3o)<\/a> tamb\u00e9m registrou avan\u00e7o, batendo R$ 1 bilh\u00e3o no trimestre, alta de 75% em rela\u00e7\u00e3o ao primeiro trimestre de 2020.<\/p>\n<p><span style=\"font-weight: 400;\">\t<div data-element=\"shortcode-read-more\" class=\"knowMore\">\n\t\t\t\t<span class=\"knowMore__title\">Saiba mais<\/span>\n\t\t\t\t<a class=\"knowMore__link\" href=\"https:\/\/www.suno.com.br\/noticias\/acionistas-credit-suisse-perdas-bilionarias\/\">\n\t\t\tAcionistas do Credit Suisse querem mudan\u00e7as no conselho ap\u00f3s perdas bilion\u00e1rias, diz jornal\t\t<\/a>\n\t<\/div>\n\n<\/span><\/p>\n<p>\u201cTivemos o melhor trimestre de nossa hist\u00f3ria, e reinvestiremos 100% do resultado em nosso crescimento. A escalabilidade e rentabilidade do nosso modelo de neg\u00f3cios permite acelerar investimentos em novas frentes, como o universo de servi\u00e7os e produtos banc\u00e1rios\u201d, afirmou o s\u00f3cio e diretor financeiro da XP, Bruno Constantino.<\/p>\n<h2>Banco mirado pela XP amargou perda milion\u00e1rias e deve sofrer mudan\u00e7as<\/h2>\n<p>Os acionistas do Credit Suisse pressionam o banco para mudan\u00e7as no conselho ap\u00f3s esc\u00e2ndalos que acarretaram em perdas bilion\u00e1rias, sendo os casos da Archegos Capital Management e Greensill Capital.<\/p>\n<p>O novo presidente do conselho de administra\u00e7\u00e3o, Ant\u00f3nio Horta-Os\u00f3rio, eleito na \u00faltima sexta-feira (30) reavalia riscos do banco ap\u00f3s o preju\u00edzo. A perda estimada com os dois casos \u00e9 de cerca de US$ 5,5 bilh\u00f5es.<\/p>\n<p>[<span style=\"font-weight: 400;\">suno_banner id=&#8221;75934&#8243;] <\/span><\/p>\n<p>US$ 4,7 bilh\u00f5es foram perdidos somente no caso Archegos, que ocasionou a debanada de dois executivos logo ap\u00f3s a demiss\u00e3o do diretor de risco e do chefe de investimento, ainda em abril.<\/p>\n<p>O <a href=\"https:\/\/www.suno.com.br\/artigos\/fundo-de-acoes\/\">fundo que, somava posi\u00e7\u00f5es alavancadas consider\u00e1veis<\/a>, n\u00e3o conseguiu atender \u00e0s chamadas de margem do Credit Suisse, dando as maiores perdas justamente ao banco, que agora tem sua opera\u00e7\u00e3o no Brasil cobi\u00e7ada pela <strong>XP<\/strong>.<\/p>\n<p><span style=\"font-weight: 400;\">\u00a0\t<p>\n\t\t<a href=\"https:\/\/lp.suno.com.br\/planilha-da-vida-financeira\/\" target=\"_blank\" data-element=\"shortcode-suno-banner\" title=\"Banner SUNO, clique e saiba mais\">\n\t\t\t<picture>\n\t\t\t\t<source media=\"(max-width: 500px)\" srcset=\"https:\/\/files.sunoresearch.com.br\/n\/uploads\/2023\/04\/400x300-Planilha-vida-financeira-true.png\">\n\t\t\t\t<img class=\"newsContent__article__imgCapa newsContent__article__imgCapa--banner\"\n\t\t\t\t\tsrc=\"https:\/\/files.sunoresearch.com.br\/n\/uploads\/2023\/04\/1420x240-Planilha-vida-financeira-true.png\"\n\t\t\t\t\tdata-promo-id=\"106682\"\t\t\t\t\t\t\t\t\t\twidth='1420' height='240'\t\t\t\t\talt=\"https:\/\/files.sunoresearch.com.br\/n\/uploads\/2023\/04\/1420x240-Planilha-vida-financeira-true.png\"\n\t\t\t\t>\n\t\t\t<\/picture>\n\t\t<\/a>\n\t<\/p>\n\n<\/span><\/p>\n","protected":false},"excerpt":{"rendered":"<p>A XP Inc. demonstrou interesse em adquirir as opera\u00e7\u00f5es do banco Credit Suisse (C1SU34) no Brasil, segundo reportado pelo site Brazil Journal, nesta sexta-feira (7). Foto: Reprodu\u00e7\u00e3o Facebook \u00a0 As conversas, segundo o ve\u00edculo, ainda s\u00e3o preliminares, sem indicativos de que, de fato, a opera\u00e7\u00e3o desejada pela XP deva ocorrer. Segundo a reportagem, a lideran\u00e7a [&hellip;]<\/p>\n","protected":false},"author":73,"featured_media":145604,"comment_status":"closed","ping_status":"closed","sticky":false,"template":"","format":"standard","meta":[],"categories":[64],"tags":[1788,62812,888],"suno_strategy":[],"class_list":["post-145563","post","type-post","status-publish","format-standard","has-post-thumbnail","hentry","category-negocios","tag-credit-suisse-c1su34","tag-fusoes-e-aquisicoes","tag-xp-investimentos"],"yoast_head":"<!-- This site is optimized with the Yoast SEO plugin v24.4 - https:\/\/yoast.com\/wordpress\/plugins\/seo\/ -->\n<title>XP mostra interesse em aquisi\u00e7\u00e3o do Credit Suisse no Brasil<\/title>\n<meta name=\"description\" content=\"Ap\u00f3s amargar perdas bilion\u00e1rias, Credit Suisse tem suas opera\u00e7\u00f5es em solo nacional mirado pela XP, que vem do &quot;melhor trimestre da hist\u00f3ria&quot;\" \/>\n<meta name=\"robots\" content=\"index, follow, max-snippet:-1, max-image-preview:large, max-video-preview:-1\" \/>\n<link rel=\"canonical\" href=\"https:\/\/www.suno.com.br\/noticias\/xp-aquisicao-credit-suisse-brasil\/\" \/>\n<meta property=\"og:locale\" content=\"pt_BR\" \/>\n<meta property=\"og:type\" content=\"article\" \/>\n<meta property=\"og:title\" content=\"XP mostra interesse em aquisi\u00e7\u00e3o do Credit Suisse no Brasil\" \/>\n<meta property=\"og:description\" content=\"Ap\u00f3s amargar perdas bilion\u00e1rias, Credit Suisse tem suas opera\u00e7\u00f5es em solo nacional mirado pela XP, que vem do &quot;melhor trimestre da hist\u00f3ria&quot;\" \/>\n<meta property=\"og:url\" content=\"https:\/\/www.suno.com.br\/noticias\/xp-aquisicao-credit-suisse-brasil\/\" \/>\n<meta property=\"og:site_name\" content=\"Suno Not\u00edcias\" \/>\n<meta property=\"article:publisher\" content=\"https:\/\/facebook.com\/sunoresearch\" \/>\n<meta property=\"og:image\" content=\"https:\/\/files.sunoresearch.com.br\/n\/uploads\/2021\/05\/f7c917bc-172639684_10161162488076030_142281125204087167_n.jpg\" \/>\n\t<meta property=\"og:image:width\" content=\"1280\" \/>\n\t<meta property=\"og:image:height\" content=\"960\" \/>\n\t<meta property=\"og:image:type\" content=\"image\/jpeg\" \/>\n<meta name=\"author\" content=\"Eduardo Vargas\" \/>\n<meta name=\"twitter:card\" content=\"summary_large_image\" \/>\n<meta name=\"twitter:creator\" content=\"@sunoresearch\" \/>\n<meta name=\"twitter:site\" content=\"@sunoresearch\" \/>\n<meta name=\"twitter:label1\" content=\"Escrito por\" \/>\n\t<meta name=\"twitter:data1\" content=\"Eduardo Vargas\" \/>\n\t<meta name=\"twitter:label2\" content=\"Est. tempo de leitura\" \/>\n\t<meta name=\"twitter:data2\" content=\"2 minutos\" \/>\n<script type=\"application\/ld+json\" class=\"yoast-schema-graph\">{\"@context\":\"https:\/\/schema.org\",\"@graph\":[{\"@type\":\"NewsArticle\",\"@id\":\"https:\/\/www.suno.com.br\/noticias\/xp-aquisicao-credit-suisse-brasil\/#article\",\"isPartOf\":{\"@id\":\"https:\/\/www.suno.com.br\/noticias\/xp-aquisicao-credit-suisse-brasil\/\"},\"author\":{\"name\":\"Eduardo Vargas\",\"@id\":\"https:\/\/www.suno.com.br\/noticias\/#\/schema\/person\/7f4d362bf3518e76090143ae77bb49a5\"},\"headline\":\"XP mostra interesse em aquisi\u00e7\u00e3o do Credit Suisse no Brasil, diz site\",\"datePublished\":\"2021-05-07T14:49:32+00:00\",\"dateModified\":\"2021-05-18T15:18:43+00:00\",\"mainEntityOfPage\":{\"@id\":\"https:\/\/www.suno.com.br\/noticias\/xp-aquisicao-credit-suisse-brasil\/\"},\"wordCount\":474,\"publisher\":{\"@id\":\"https:\/\/www.suno.com.br\/noticias\/#organization\"},\"image\":{\"@id\":\"https:\/\/www.suno.com.br\/noticias\/xp-aquisicao-credit-suisse-brasil\/#primaryimage\"},\"thumbnailUrl\":\"https:\/\/files.sunoresearch.com.br\/n\/uploads\/2021\/05\/f7c917bc-172639684_10161162488076030_142281125204087167_n-jpg.webp\",\"keywords\":[\"Credit Suisse (C1SU34)\",\"fus\u00f5es e aquisi\u00e7\u00f5es\",\"XP Investimentos\"],\"articleSection\":[\"Neg\u00f3cios\"],\"inLanguage\":\"pt-BR\"},{\"@type\":\"WebPage\",\"@id\":\"https:\/\/www.suno.com.br\/noticias\/xp-aquisicao-credit-suisse-brasil\/\",\"url\":\"https:\/\/www.suno.com.br\/noticias\/xp-aquisicao-credit-suisse-brasil\/\",\"name\":\"XP mostra interesse em aquisi\u00e7\u00e3o do Credit Suisse no Brasil\",\"isPartOf\":{\"@id\":\"https:\/\/www.suno.com.br\/noticias\/#website\"},\"primaryImageOfPage\":{\"@id\":\"https:\/\/www.suno.com.br\/noticias\/xp-aquisicao-credit-suisse-brasil\/#primaryimage\"},\"image\":{\"@id\":\"https:\/\/www.suno.com.br\/noticias\/xp-aquisicao-credit-suisse-brasil\/#primaryimage\"},\"thumbnailUrl\":\"https:\/\/files.sunoresearch.com.br\/n\/uploads\/2021\/05\/f7c917bc-172639684_10161162488076030_142281125204087167_n-jpg.webp\",\"datePublished\":\"2021-05-07T14:49:32+00:00\",\"dateModified\":\"2021-05-18T15:18:43+00:00\",\"description\":\"Ap\u00f3s amargar perdas bilion\u00e1rias, Credit Suisse tem suas opera\u00e7\u00f5es em solo nacional mirado pela XP, que vem do \\\"melhor trimestre da hist\u00f3ria\\\"\",\"breadcrumb\":{\"@id\":\"https:\/\/www.suno.com.br\/noticias\/xp-aquisicao-credit-suisse-brasil\/#breadcrumb\"},\"inLanguage\":\"pt-BR\",\"potentialAction\":[{\"@type\":\"ReadAction\",\"target\":[\"https:\/\/www.suno.com.br\/noticias\/xp-aquisicao-credit-suisse-brasil\/\"]}]},{\"@type\":\"ImageObject\",\"inLanguage\":\"pt-BR\",\"@id\":\"https:\/\/www.suno.com.br\/noticias\/xp-aquisicao-credit-suisse-brasil\/#primaryimage\",\"url\":\"https:\/\/files.sunoresearch.com.br\/n\/uploads\/2021\/05\/f7c917bc-172639684_10161162488076030_142281125204087167_n-jpg.webp\",\"contentUrl\":\"https:\/\/files.sunoresearch.com.br\/n\/uploads\/2021\/05\/f7c917bc-172639684_10161162488076030_142281125204087167_n-jpg.webp\",\"width\":1280,\"height\":960,\"caption\":\"Foto: Reprodu\u00e7\u00e3o Facebook\"},{\"@type\":\"BreadcrumbList\",\"@id\":\"https:\/\/www.suno.com.br\/noticias\/xp-aquisicao-credit-suisse-brasil\/#breadcrumb\",\"itemListElement\":[{\"@type\":\"ListItem\",\"position\":1,\"name\":\"Not\u00edcias\",\"item\":\"https:\/\/www.suno.com.br\/noticias\/\"},{\"@type\":\"ListItem\",\"position\":2,\"name\":\"Neg\u00f3cios\",\"item\":\"https:\/\/www.suno.com.br\/noticias\/negocios\/\"},{\"@type\":\"ListItem\",\"position\":3,\"name\":\"XP mostra interesse em aquisi\u00e7\u00e3o do Credit Suisse no Brasil, diz site\"}]},{\"@type\":\"WebSite\",\"@id\":\"https:\/\/www.suno.com.br\/noticias\/#website\",\"url\":\"https:\/\/www.suno.com.br\/noticias\/\",\"name\":\"Suno Not\u00edcias\",\"description\":\"Seu portal de informa\u00e7\u00e3o sobre o mundo dos investimentos\",\"publisher\":{\"@id\":\"https:\/\/www.suno.com.br\/noticias\/#organization\"},\"potentialAction\":[{\"@type\":\"SearchAction\",\"target\":{\"@type\":\"EntryPoint\",\"urlTemplate\":\"https:\/\/www.suno.com.br\/noticias\/?s={search_term_string}\"},\"query-input\":{\"@type\":\"PropertyValueSpecification\",\"valueRequired\":true,\"valueName\":\"search_term_string\"}}],\"inLanguage\":\"pt-BR\"},{\"@type\":\"Organization\",\"@id\":\"https:\/\/www.suno.com.br\/noticias\/#organization\",\"name\":\"Suno Not\u00edcias\",\"url\":\"https:\/\/www.suno.com.br\/noticias\/\",\"logo\":{\"@type\":\"ImageObject\",\"inLanguage\":\"pt-BR\",\"@id\":\"https:\/\/www.suno.com.br\/noticias\/#\/schema\/logo\/image\/\",\"url\":\"https:\/\/files.sunoresearch.com.br\/n\/uploads\/2021\/09\/suno-logo.png\",\"contentUrl\":\"https:\/\/files.sunoresearch.com.br\/n\/uploads\/2021\/09\/suno-logo.png\",\"width\":180,\"height\":180,\"caption\":\"Suno Not\u00edcias\"},\"image\":{\"@id\":\"https:\/\/www.suno.com.br\/noticias\/#\/schema\/logo\/image\/\"},\"sameAs\":[\"https:\/\/facebook.com\/sunoresearch\",\"https:\/\/x.com\/sunoresearch\",\"https:\/\/www.instagram.com\/suno\",\"https:\/\/www.linkedin.com\/company\/suno-research\/\",\"https:\/\/www.youtube.com\/c\/sunoresearch\"]},{\"@type\":\"Person\",\"@id\":\"https:\/\/www.suno.com.br\/noticias\/#\/schema\/person\/7f4d362bf3518e76090143ae77bb49a5\",\"name\":\"Eduardo Vargas\",\"image\":{\"@type\":\"ImageObject\",\"inLanguage\":\"pt-BR\",\"@id\":\"https:\/\/www.suno.com.br\/noticias\/#\/schema\/person\/image\/\",\"url\":\"https:\/\/secure.gravatar.com\/avatar\/dac340933427a22924c9f99d1eb2e3f2?s=96&r=g\",\"contentUrl\":\"https:\/\/secure.gravatar.com\/avatar\/dac340933427a22924c9f99d1eb2e3f2?s=96&r=g\",\"caption\":\"Eduardo Vargas\"},\"description\":\"Jornalista formado pela UFSC, cobre macroeconomia, neg\u00f3cios e startups para o Suno Not\u00edcias, escrevendo principalmente not\u00edcias sobre o mercado financeiro e a bolsa de valores. No YouTube e no Instagram, \u00e9 respons\u00e1vel pela produ\u00e7\u00e3o de Reels e Shorts do Suno Not\u00edcias. Anteriormente, trabalhou cobrindo economia e cotidiano no ND+ e para o ND, maior jornal impresso de Santa Catarina. Cursou um semestre letivo de Estudos de M\u00eddia na Universidad de Buenos Aires.\",\"url\":\"https:\/\/www.suno.com.br\/noticias\/author\/eduardo-vargas\/\"}]}<\/script>\n<!-- \/ Yoast SEO plugin. -->","yoast_head_json":{"title":"XP mostra interesse em aquisi\u00e7\u00e3o do Credit Suisse no Brasil","description":"Ap\u00f3s amargar perdas bilion\u00e1rias, Credit Suisse tem suas opera\u00e7\u00f5es em solo nacional mirado pela XP, que vem do \"melhor trimestre da hist\u00f3ria\"","robots":{"index":"index","follow":"follow","max-snippet":"max-snippet:-1","max-image-preview":"max-image-preview:large","max-video-preview":"max-video-preview:-1"},"canonical":"https:\/\/www.suno.com.br\/noticias\/xp-aquisicao-credit-suisse-brasil\/","og_locale":"pt_BR","og_type":"article","og_title":"XP mostra interesse em aquisi\u00e7\u00e3o do Credit Suisse no Brasil","og_description":"Ap\u00f3s amargar perdas bilion\u00e1rias, Credit Suisse tem suas opera\u00e7\u00f5es em solo nacional mirado pela XP, que vem do \"melhor trimestre da hist\u00f3ria\"","og_url":"https:\/\/www.suno.com.br\/noticias\/xp-aquisicao-credit-suisse-brasil\/","og_site_name":"Suno Not\u00edcias","article_publisher":"https:\/\/facebook.com\/sunoresearch","og_image":[{"width":1280,"height":960,"url":"https:\/\/files.sunoresearch.com.br\/n\/uploads\/2021\/05\/f7c917bc-172639684_10161162488076030_142281125204087167_n.jpg","type":"image\/jpeg"}],"author":"Eduardo Vargas","twitter_card":"summary_large_image","twitter_creator":"@sunoresearch","twitter_site":"@sunoresearch","twitter_misc":{"Escrito por":"Eduardo Vargas","Est. tempo de leitura":"2 minutos"},"schema":{"@context":"https:\/\/schema.org","@graph":[{"@type":"NewsArticle","@id":"https:\/\/www.suno.com.br\/noticias\/xp-aquisicao-credit-suisse-brasil\/#article","isPartOf":{"@id":"https:\/\/www.suno.com.br\/noticias\/xp-aquisicao-credit-suisse-brasil\/"},"author":{"name":"Eduardo Vargas","@id":"https:\/\/www.suno.com.br\/noticias\/#\/schema\/person\/7f4d362bf3518e76090143ae77bb49a5"},"headline":"XP mostra interesse em aquisi\u00e7\u00e3o do Credit Suisse no Brasil, diz site","datePublished":"2021-05-07T14:49:32+00:00","dateModified":"2021-05-18T15:18:43+00:00","mainEntityOfPage":{"@id":"https:\/\/www.suno.com.br\/noticias\/xp-aquisicao-credit-suisse-brasil\/"},"wordCount":474,"publisher":{"@id":"https:\/\/www.suno.com.br\/noticias\/#organization"},"image":{"@id":"https:\/\/www.suno.com.br\/noticias\/xp-aquisicao-credit-suisse-brasil\/#primaryimage"},"thumbnailUrl":"https:\/\/files.sunoresearch.com.br\/n\/uploads\/2021\/05\/f7c917bc-172639684_10161162488076030_142281125204087167_n-jpg.webp","keywords":["Credit Suisse (C1SU34)","fus\u00f5es e aquisi\u00e7\u00f5es","XP Investimentos"],"articleSection":["Neg\u00f3cios"],"inLanguage":"pt-BR"},{"@type":"WebPage","@id":"https:\/\/www.suno.com.br\/noticias\/xp-aquisicao-credit-suisse-brasil\/","url":"https:\/\/www.suno.com.br\/noticias\/xp-aquisicao-credit-suisse-brasil\/","name":"XP mostra interesse em aquisi\u00e7\u00e3o do Credit Suisse no Brasil","isPartOf":{"@id":"https:\/\/www.suno.com.br\/noticias\/#website"},"primaryImageOfPage":{"@id":"https:\/\/www.suno.com.br\/noticias\/xp-aquisicao-credit-suisse-brasil\/#primaryimage"},"image":{"@id":"https:\/\/www.suno.com.br\/noticias\/xp-aquisicao-credit-suisse-brasil\/#primaryimage"},"thumbnailUrl":"https:\/\/files.sunoresearch.com.br\/n\/uploads\/2021\/05\/f7c917bc-172639684_10161162488076030_142281125204087167_n-jpg.webp","datePublished":"2021-05-07T14:49:32+00:00","dateModified":"2021-05-18T15:18:43+00:00","description":"Ap\u00f3s amargar perdas bilion\u00e1rias, Credit Suisse tem suas opera\u00e7\u00f5es em solo nacional mirado pela XP, que vem do \"melhor trimestre da hist\u00f3ria\"","breadcrumb":{"@id":"https:\/\/www.suno.com.br\/noticias\/xp-aquisicao-credit-suisse-brasil\/#breadcrumb"},"inLanguage":"pt-BR","potentialAction":[{"@type":"ReadAction","target":["https:\/\/www.suno.com.br\/noticias\/xp-aquisicao-credit-suisse-brasil\/"]}]},{"@type":"ImageObject","inLanguage":"pt-BR","@id":"https:\/\/www.suno.com.br\/noticias\/xp-aquisicao-credit-suisse-brasil\/#primaryimage","url":"https:\/\/files.sunoresearch.com.br\/n\/uploads\/2021\/05\/f7c917bc-172639684_10161162488076030_142281125204087167_n-jpg.webp","contentUrl":"https:\/\/files.sunoresearch.com.br\/n\/uploads\/2021\/05\/f7c917bc-172639684_10161162488076030_142281125204087167_n-jpg.webp","width":1280,"height":960,"caption":"Foto: Reprodu\u00e7\u00e3o Facebook"},{"@type":"BreadcrumbList","@id":"https:\/\/www.suno.com.br\/noticias\/xp-aquisicao-credit-suisse-brasil\/#breadcrumb","itemListElement":[{"@type":"ListItem","position":1,"name":"Not\u00edcias","item":"https:\/\/www.suno.com.br\/noticias\/"},{"@type":"ListItem","position":2,"name":"Neg\u00f3cios","item":"https:\/\/www.suno.com.br\/noticias\/negocios\/"},{"@type":"ListItem","position":3,"name":"XP mostra interesse em aquisi\u00e7\u00e3o do Credit Suisse no Brasil, diz site"}]},{"@type":"WebSite","@id":"https:\/\/www.suno.com.br\/noticias\/#website","url":"https:\/\/www.suno.com.br\/noticias\/","name":"Suno Not\u00edcias","description":"Seu portal de informa\u00e7\u00e3o sobre o mundo dos investimentos","publisher":{"@id":"https:\/\/www.suno.com.br\/noticias\/#organization"},"potentialAction":[{"@type":"SearchAction","target":{"@type":"EntryPoint","urlTemplate":"https:\/\/www.suno.com.br\/noticias\/?s={search_term_string}"},"query-input":{"@type":"PropertyValueSpecification","valueRequired":true,"valueName":"search_term_string"}}],"inLanguage":"pt-BR"},{"@type":"Organization","@id":"https:\/\/www.suno.com.br\/noticias\/#organization","name":"Suno Not\u00edcias","url":"https:\/\/www.suno.com.br\/noticias\/","logo":{"@type":"ImageObject","inLanguage":"pt-BR","@id":"https:\/\/www.suno.com.br\/noticias\/#\/schema\/logo\/image\/","url":"https:\/\/files.sunoresearch.com.br\/n\/uploads\/2021\/09\/suno-logo.png","contentUrl":"https:\/\/files.sunoresearch.com.br\/n\/uploads\/2021\/09\/suno-logo.png","width":180,"height":180,"caption":"Suno Not\u00edcias"},"image":{"@id":"https:\/\/www.suno.com.br\/noticias\/#\/schema\/logo\/image\/"},"sameAs":["https:\/\/facebook.com\/sunoresearch","https:\/\/x.com\/sunoresearch","https:\/\/www.instagram.com\/suno","https:\/\/www.linkedin.com\/company\/suno-research\/","https:\/\/www.youtube.com\/c\/sunoresearch"]},{"@type":"Person","@id":"https:\/\/www.suno.com.br\/noticias\/#\/schema\/person\/7f4d362bf3518e76090143ae77bb49a5","name":"Eduardo Vargas","image":{"@type":"ImageObject","inLanguage":"pt-BR","@id":"https:\/\/www.suno.com.br\/noticias\/#\/schema\/person\/image\/","url":"https:\/\/secure.gravatar.com\/avatar\/dac340933427a22924c9f99d1eb2e3f2?s=96&r=g","contentUrl":"https:\/\/secure.gravatar.com\/avatar\/dac340933427a22924c9f99d1eb2e3f2?s=96&r=g","caption":"Eduardo Vargas"},"description":"Jornalista formado pela UFSC, cobre macroeconomia, neg\u00f3cios e startups para o Suno Not\u00edcias, escrevendo principalmente not\u00edcias sobre o mercado financeiro e a bolsa de valores. No YouTube e no Instagram, \u00e9 respons\u00e1vel pela produ\u00e7\u00e3o de Reels e Shorts do Suno Not\u00edcias. Anteriormente, trabalhou cobrindo economia e cotidiano no ND+ e para o ND, maior jornal impresso de Santa Catarina. Cursou um semestre letivo de Estudos de M\u00eddia na Universidad de Buenos Aires.","url":"https:\/\/www.suno.com.br\/noticias\/author\/eduardo-vargas\/"}]}},"default_loop_html":"<div class=\"cardsPage__listCard__boxs\"><div class=\"cardsPage__listCard__boxs__img\"><a href=\"https:\/\/www.suno.com.br\/noticias\/xp-aquisicao-credit-suisse-brasil\/\"><img class=\"mask\" src=\"https:\/\/www.suno.com.br\/noticias\/wp-content\/themes\/suno\/resources\/images\/spotlight\/spotlight1img\/bg-mask.png\" alt=\"Image Mask\"\/><img src=\"https:\/\/files.sunoresearch.com.br\/n\/uploads\/2021\/05\/f7c917bc-172639684_10161162488076030_142281125204087167_n-400x200.webp\" alt=\"XP mostra interesse em aquisi\u00e7\u00e3o do Credit Suisse no Brasil, diz site\"\/><\/a><span class=\"spotlightCategory\"><a href=\"https:\/\/www.suno.com.br\/noticias\/negocios\/\">Neg\u00f3cios<\/a><\/span><\/div><div class=\"cardsPage__listCard__boxs__content\"><a href=\"https:\/\/www.suno.com.br\/noticias\/xp-aquisicao-credit-suisse-brasil\/\"><h2 class=\"content__title\">XP mostra interesse em aquisi\u00e7\u00e3o do Credit Suisse no Brasil, diz site<\/h2><\/a><div class=\"newsContent__article__meta\"><div class=\"newsContent__article__meta__authorBox\"><a href=\"https:\/\/www.suno.com.br\/noticias\/author\/eduardo-vargas\/\" class=\"authorBox__avatar noMobi\"><img src=\"https:\/\/secure.gravatar.com\/avatar\/dac340933427a22924c9f99d1eb2e3f2?s=96&#038;r=g\" alt=\"Eduardo Vargas\"><\/a><div class=\"authorBox__name\"><span>por\n\t\t\t<a href=\"https:\/\/www.suno.com.br\/noticias\/author\/eduardo-vargas\/\"><span itemprop=\"author\">Eduardo Vargas<\/span><\/a><\/span><time datetime=\"2021-05-07T11:49:32-03:00\" itemprop=\"datePublished\">07\/05\/2021 11:49<\/time><\/div><\/div><\/div><\/div><\/div>","single_layout":"posts","amp_enabled":true,"_links":{"self":[{"href":"https:\/\/www.suno.com.br\/noticias\/wp-json\/wp\/v2\/posts\/145563"}],"collection":[{"href":"https:\/\/www.suno.com.br\/noticias\/wp-json\/wp\/v2\/posts"}],"about":[{"href":"https:\/\/www.suno.com.br\/noticias\/wp-json\/wp\/v2\/types\/post"}],"author":[{"embeddable":true,"href":"https:\/\/www.suno.com.br\/noticias\/wp-json\/wp\/v2\/users\/73"}],"replies":[{"embeddable":true,"href":"https:\/\/www.suno.com.br\/noticias\/wp-json\/wp\/v2\/comments?post=145563"}],"version-history":[{"count":4,"href":"https:\/\/www.suno.com.br\/noticias\/wp-json\/wp\/v2\/posts\/145563\/revisions"}],"predecessor-version":[{"id":149125,"href":"https:\/\/www.suno.com.br\/noticias\/wp-json\/wp\/v2\/posts\/145563\/revisions\/149125"}],"wp:featuredmedia":[{"embeddable":true,"href":"https:\/\/www.suno.com.br\/noticias\/wp-json\/wp\/v2\/media\/145604"}],"wp:attachment":[{"href":"https:\/\/www.suno.com.br\/noticias\/wp-json\/wp\/v2\/media?parent=145563"}],"wp:term":[{"taxonomy":"category","embeddable":true,"href":"https:\/\/www.suno.com.br\/noticias\/wp-json\/wp\/v2\/categories?post=145563"},{"taxonomy":"post_tag","embeddable":true,"href":"https:\/\/www.suno.com.br\/noticias\/wp-json\/wp\/v2\/tags?post=145563"},{"taxonomy":"suno_strategy","embeddable":true,"href":"https:\/\/www.suno.com.br\/noticias\/wp-json\/wp\/v2\/suno_strategy?post=145563"}],"curies":[{"name":"wp","href":"https:\/\/api.w.org\/{rel}","templated":true}]}}