{"id":14547,"date":"2019-02-07T17:29:43","date_gmt":"2019-02-07T19:29:43","guid":{"rendered":"https:\/\/www.suno.com.br\/noticias\/?p=14547"},"modified":"2021-06-21T05:43:18","modified_gmt":"2021-06-21T08:43:18","slug":"sp-pode-aumentar-imposto-aviacao","status":"publish","type":"post","link":"https:\/\/www.suno.com.br\/noticias\/sp-pode-aumentar-imposto-aviacao\/","title":{"rendered":"SP pode aumentar impostos para cobrir redu\u00e7\u00e3o do ICMS para avia\u00e7\u00e3o"},"content":{"rendered":"<p>O governo do <strong>Estado<\/strong> de <strong>S\u00e3o Paulo<\/strong> poder\u00e1 aumentar a carga tribut\u00e1ria para compensar vantagens concedidas para a <strong>avia\u00e7\u00e3o.<\/strong> O <strong>Executivo paulista<\/strong> tinha anunciado na \u00faltima quarta-feira uma s\u00e9rie de medidas em favor do <strong>setor a\u00e9reo.<\/strong><\/p>\t<div class=\"wrapper-featured-image\">\n\t\t<figure class=\"spotlightImg\">\n\n\t\t\t<picture>\n\t\t\t\t<source media=\"(max-width: 768px)\" srcset=\"https:\/\/files.sunoresearch.com.br\/n\/uploads\/2019\/01\/7157f1f4-henrique-meirelles-400x200.webp\">\n\t\t\t\t<img loading=\"lazy\" decoding=\"async\" class=\"newsContent__article__imgCapa lazyloadDisabled newsContent__article__imgCapa--noCaption\" src=\"https:\/\/files.sunoresearch.com.br\/n\/uploads\/2019\/01\/7157f1f4-henrique-meirelles-800x450.webp\" width=\"800\" height=\"450\" alt=\"SP pode aumentar impostos para cobrir redu\u00e7\u00e3o do ICMS para avia\u00e7\u00e3o\" fetchpriority=high \/>\n\t\t\t<\/picture>\n\n\t\t\t<figcaption class=\"wp-caption-text wp-caption-text--hide\">Segundo Meirelles, &quot;N\u00e3o adianta dizer que est\u00e1 muito grande o precat\u00f3rio&quot; - Foto: Ag\u00eancia Brasil<\/figcaption>\n\t\t<\/figure>\n\t<\/div>\n\n\n<p>Entre elas, est\u00e1 redu\u00e7\u00e3o da al\u00edquota do <a href=\"https:\/\/www.suno.com.br\/artigos\/icms\/\"><strong>Imposto sobre Circula\u00e7\u00e3o de Mercadorias e Servi\u00e7os (ICMS<\/strong>)<\/a> para o <strong>querosene de avia\u00e7\u00e3o.<\/strong> Segundo o secret\u00e1rio da <strong>Fazenda<\/strong> de <strong>SP, Henrique Meirelles,<\/strong> ser\u00e1 necess\u00e1rio encontrar outros recursos para compensar essa redu\u00e7\u00e3o.<\/p>\n<p>&#8220;N\u00f3s seguimos rigorosamente a <strong>Lei de Responsabilidade Fiscal<\/strong>, o que significa que qualquer ren\u00fancia de receita no ano tem que ser compensada por outra fonte alternativa de receita criada\u201d, explicou <strong>Meirelles<\/strong> durante sua participa\u00e7\u00e3o em um evento promovido pela XP Investimentos, &#8220;No caso do querosene, n\u00e3o definimos ainda qual ser\u00e1 o curso de a\u00e7\u00e3o, mas n\u00e3o h\u00e1 d\u00favida de que a legisla\u00e7\u00e3o ser\u00e1 seguida\u201d.<\/p>\n<h2>Redu\u00e7\u00e3o do <strong>ICMS<\/strong><\/h2>\n<p>A al\u00edquota o <strong>ICMS<\/strong> passou em <strong>SP<\/strong> de 25% para 12%. Isso provocou uma queda na arrecada\u00e7\u00e3o para 2019, que passou de R$ 627 milh\u00f5es para R$ 422 milh\u00f5es. Em contrapartida, as companhias a\u00e9reas se comprometeram a criar novas rotas de voos dentro do <strong>Estado.<\/strong><\/p>\n<p>Segundo <strong>Meirelles,<\/strong> existem duas alternativas para compensar essa perda tribut\u00e1ria. A primeira \u00e9 criar outra fonte de receitas ou limitar a redu\u00e7\u00e3o do <strong>ICMS<\/strong> apenas v\u00e1lida para\u00a02020. \u201cExistem opini\u00f5es diversas e vamos anunciar a decis\u00e3o quando tomada\u201d, explicou o secret\u00e1rio da <strong>Fazenda <\/strong>de <strong>SP<\/strong>. Em seguida, Meirelles confirmou que criar outras fontes de receita significaria aumentar a carga tribut\u00e1ria sobre outro produto ou servi\u00e7o.<\/p>\n<p>Segundo o secret\u00e1rio as privatiza\u00e7\u00f5es n\u00e3o podem ser utilizadas para recompor o <strong>or\u00e7amento.<\/strong> Isso porque<strong>\u00a0Lei de Responsabilidade Fiscal<\/strong> \u00e9 clara em indicar a necessidade de criar receitas recorrentes.<\/p>\n<h2>Doria anunciou privatiza\u00e7\u00f5es e redu\u00e7\u00e3o do ICMS<\/h2>\n<p>O governador de <strong>S\u00e3o Paulo, Jo\u00e3o<\/strong> <strong>Doria<\/strong> (PSDB), anunciou na \u00faltima ter\u00e7a-feira (05) que <a href=\"https:\/\/www.suno.com.br\/artigos\/privatizacao\/\">privatizar\u00e1<\/a> todos os aeroportos do estado at\u00e9 2020.<\/p>\n<p>O governador anunciou a <strong>privatiza\u00e7\u00e3o<\/strong> dos <strong>aeroportos<\/strong> nesta ter\u00e7a-feira (5) junto a uma s\u00e9rie de outras medidas a favor do setor da <strong>avia\u00e7\u00e3o civil. Jo\u00e3o Doria<\/strong> declarou que reduzir\u00e1 a <strong>al\u00edquota<\/strong> do <b>ICMS.<\/b><\/p>\n<p><a href=\"https:\/\/www.suno.com.br\/noticias\/joao-doria-privatizacao-aeroportos-porto\/\">Saiba mais: Jo\u00e3o Doria anuncia privatiza\u00e7\u00e3o de aeroportos, hidrovia, porto e rodovias\u00a0<\/a><\/p>\n<p>O <strong>ICMS<\/strong> ser\u00e1 reduzido a partir de abril. Entretanto, em contrapartida as <strong>companhias a\u00e9reas<\/strong> ter\u00e3o de criar 70 novos voos com rotas no <strong>estado.<\/strong> Dessas, 6 ser\u00e3o para cidades paulistas que atualmente n\u00e3o s\u00e3o atendidas pela avia\u00e7\u00e3o comercial. As novas rotas ainda n\u00e3o foram divulgadas. Esses voos\u00a0devem come\u00e7ar a operar em at\u00e9 seis meses, e representar\u00e3o 490 novas decolagens semanais em <strong>SP.<\/strong><\/p>\n","protected":false},"excerpt":{"rendered":"<p>O governo do Estado de S\u00e3o Paulo poder\u00e1 aumentar a carga tribut\u00e1ria para compensar vantagens concedidas para a avia\u00e7\u00e3o. O Executivo paulista tinha anunciado na \u00faltima quarta-feira uma s\u00e9rie de medidas em favor do setor a\u00e9reo. Segundo Meirelles, &quot;N\u00e3o adianta dizer que est\u00e1 muito grande o precat\u00f3rio&quot; &#8211; Foto: Ag\u00eancia Brasil Entre elas, est\u00e1 redu\u00e7\u00e3o [&hellip;]<\/p>\n","protected":false},"author":9,"featured_media":12676,"comment_status":"closed","ping_status":"closed","sticky":false,"template":"","format":"standard","meta":[],"categories":[61],"tags":[720,704,842,843],"suno_strategy":[],"class_list":["post-14547","post","type-post","status-publish","format-standard","has-post-thumbnail","hentry","category-politica","tag-henrique-meirelles","tag-impostos","tag-joao-doria","tag-sao-paulo"],"yoast_head":"<!-- This site is optimized with the Yoast SEO plugin v24.4 - https:\/\/yoast.com\/wordpress\/plugins\/seo\/ -->\n<title>SP pode aumentar impostos para cobrir redu\u00e7\u00e3o do ICMS para avia\u00e7\u00e3o<\/title>\n<meta name=\"description\" content=\"O governo de SP poder\u00e1 aumentar a carga tribut\u00e1ria para compensar vantagens concedidas para a avia\u00e7\u00e3o. Clique aqui para saber mais.\" \/>\n<meta name=\"robots\" content=\"index, follow, max-snippet:-1, max-image-preview:large, max-video-preview:-1\" \/>\n<link rel=\"canonical\" href=\"https:\/\/www.suno.com.br\/noticias\/sp-pode-aumentar-imposto-aviacao\/\" \/>\n<meta property=\"og:locale\" content=\"pt_BR\" \/>\n<meta property=\"og:type\" content=\"article\" \/>\n<meta property=\"og:title\" content=\"SP pode aumentar impostos para cobrir redu\u00e7\u00e3o do ICMS para avia\u00e7\u00e3o\" \/>\n<meta property=\"og:description\" content=\"O governo de SP poder\u00e1 aumentar a carga tribut\u00e1ria para compensar vantagens concedidas para a avia\u00e7\u00e3o. Clique aqui para saber mais.\" \/>\n<meta property=\"og:url\" content=\"https:\/\/www.suno.com.br\/noticias\/sp-pode-aumentar-imposto-aviacao\/\" \/>\n<meta property=\"og:site_name\" content=\"Suno Not\u00edcias\" \/>\n<meta property=\"article:publisher\" content=\"https:\/\/facebook.com\/sunoresearch\" \/>\n<meta property=\"og:image\" content=\"https:\/\/files.sunoresearch.com.br\/n\/uploads\/2019\/01\/7157f1f4-henrique-meirelles.jpg\" \/>\n\t<meta property=\"og:image:width\" content=\"3363\" \/>\n\t<meta property=\"og:image:height\" content=\"2244\" \/>\n\t<meta property=\"og:image:type\" content=\"image\/jpeg\" \/>\n<meta name=\"author\" content=\"Carlo Cauti\" \/>\n<meta name=\"twitter:card\" content=\"summary_large_image\" \/>\n<meta name=\"twitter:creator\" content=\"@sunoresearch\" \/>\n<meta name=\"twitter:site\" content=\"@sunoresearch\" \/>\n<meta name=\"twitter:label1\" content=\"Escrito por\" \/>\n\t<meta name=\"twitter:data1\" content=\"Carlo Cauti\" \/>\n\t<meta name=\"twitter:label2\" content=\"Est. tempo de leitura\" \/>\n\t<meta name=\"twitter:data2\" content=\"2 minutos\" \/>\n<script type=\"application\/ld+json\" class=\"yoast-schema-graph\">{\"@context\":\"https:\/\/schema.org\",\"@graph\":[{\"@type\":\"NewsArticle\",\"@id\":\"https:\/\/www.suno.com.br\/noticias\/sp-pode-aumentar-imposto-aviacao\/#article\",\"isPartOf\":{\"@id\":\"https:\/\/www.suno.com.br\/noticias\/sp-pode-aumentar-imposto-aviacao\/\"},\"author\":{\"name\":\"Carlo Cauti\",\"@id\":\"https:\/\/www.suno.com.br\/noticias\/#\/schema\/person\/e6e0f723cc177805027f4566c1d5e0c8\"},\"headline\":\"SP pode aumentar impostos para cobrir redu\u00e7\u00e3o do ICMS para avia\u00e7\u00e3o\",\"datePublished\":\"2019-02-07T19:29:43+00:00\",\"dateModified\":\"2021-06-21T08:43:18+00:00\",\"mainEntityOfPage\":{\"@id\":\"https:\/\/www.suno.com.br\/noticias\/sp-pode-aumentar-imposto-aviacao\/\"},\"wordCount\":477,\"publisher\":{\"@id\":\"https:\/\/www.suno.com.br\/noticias\/#organization\"},\"image\":{\"@id\":\"https:\/\/www.suno.com.br\/noticias\/sp-pode-aumentar-imposto-aviacao\/#primaryimage\"},\"thumbnailUrl\":\"https:\/\/files.sunoresearch.com.br\/n\/uploads\/2019\/01\/7157f1f4-henrique-meirelles-scaled.webp\",\"keywords\":[\"Henrique Meirelles\",\"impostos\",\"Jo\u00e3o Doria\",\"S\u00e3o Paulo\"],\"articleSection\":[\"Pol\u00edtica\"],\"inLanguage\":\"pt-BR\"},{\"@type\":\"WebPage\",\"@id\":\"https:\/\/www.suno.com.br\/noticias\/sp-pode-aumentar-imposto-aviacao\/\",\"url\":\"https:\/\/www.suno.com.br\/noticias\/sp-pode-aumentar-imposto-aviacao\/\",\"name\":\"SP pode aumentar impostos para cobrir redu\u00e7\u00e3o do ICMS para avia\u00e7\u00e3o\",\"isPartOf\":{\"@id\":\"https:\/\/www.suno.com.br\/noticias\/#website\"},\"primaryImageOfPage\":{\"@id\":\"https:\/\/www.suno.com.br\/noticias\/sp-pode-aumentar-imposto-aviacao\/#primaryimage\"},\"image\":{\"@id\":\"https:\/\/www.suno.com.br\/noticias\/sp-pode-aumentar-imposto-aviacao\/#primaryimage\"},\"thumbnailUrl\":\"https:\/\/files.sunoresearch.com.br\/n\/uploads\/2019\/01\/7157f1f4-henrique-meirelles-scaled.webp\",\"datePublished\":\"2019-02-07T19:29:43+00:00\",\"dateModified\":\"2021-06-21T08:43:18+00:00\",\"description\":\"O governo de SP poder\u00e1 aumentar a carga tribut\u00e1ria para compensar vantagens concedidas para a avia\u00e7\u00e3o. Clique aqui para saber mais.\",\"breadcrumb\":{\"@id\":\"https:\/\/www.suno.com.br\/noticias\/sp-pode-aumentar-imposto-aviacao\/#breadcrumb\"},\"inLanguage\":\"pt-BR\",\"potentialAction\":[{\"@type\":\"ReadAction\",\"target\":[\"https:\/\/www.suno.com.br\/noticias\/sp-pode-aumentar-imposto-aviacao\/\"]}]},{\"@type\":\"ImageObject\",\"inLanguage\":\"pt-BR\",\"@id\":\"https:\/\/www.suno.com.br\/noticias\/sp-pode-aumentar-imposto-aviacao\/#primaryimage\",\"url\":\"https:\/\/files.sunoresearch.com.br\/n\/uploads\/2019\/01\/7157f1f4-henrique-meirelles-scaled.webp\",\"contentUrl\":\"https:\/\/files.sunoresearch.com.br\/n\/uploads\/2019\/01\/7157f1f4-henrique-meirelles-scaled.webp\",\"width\":2560,\"height\":1708,\"caption\":\"Segundo Meirelles, \\\"N\u00e3o adianta dizer que est\u00e1 muito grande o precat\u00f3rio\\\" - Foto: Ag\u00eancia Brasil\"},{\"@type\":\"BreadcrumbList\",\"@id\":\"https:\/\/www.suno.com.br\/noticias\/sp-pode-aumentar-imposto-aviacao\/#breadcrumb\",\"itemListElement\":[{\"@type\":\"ListItem\",\"position\":1,\"name\":\"Not\u00edcias\",\"item\":\"https:\/\/www.suno.com.br\/noticias\/\"},{\"@type\":\"ListItem\",\"position\":2,\"name\":\"Pol\u00edtica\",\"item\":\"https:\/\/www.suno.com.br\/noticias\/politica\/\"},{\"@type\":\"ListItem\",\"position\":3,\"name\":\"SP pode aumentar impostos para cobrir redu\u00e7\u00e3o do ICMS para avia\u00e7\u00e3o\"}]},{\"@type\":\"WebSite\",\"@id\":\"https:\/\/www.suno.com.br\/noticias\/#website\",\"url\":\"https:\/\/www.suno.com.br\/noticias\/\",\"name\":\"Suno Not\u00edcias\",\"description\":\"Seu portal de informa\u00e7\u00e3o sobre o mundo dos investimentos\",\"publisher\":{\"@id\":\"https:\/\/www.suno.com.br\/noticias\/#organization\"},\"potentialAction\":[{\"@type\":\"SearchAction\",\"target\":{\"@type\":\"EntryPoint\",\"urlTemplate\":\"https:\/\/www.suno.com.br\/noticias\/?s={search_term_string}\"},\"query-input\":{\"@type\":\"PropertyValueSpecification\",\"valueRequired\":true,\"valueName\":\"search_term_string\"}}],\"inLanguage\":\"pt-BR\"},{\"@type\":\"Organization\",\"@id\":\"https:\/\/www.suno.com.br\/noticias\/#organization\",\"name\":\"Suno Not\u00edcias\",\"url\":\"https:\/\/www.suno.com.br\/noticias\/\",\"logo\":{\"@type\":\"ImageObject\",\"inLanguage\":\"pt-BR\",\"@id\":\"https:\/\/www.suno.com.br\/noticias\/#\/schema\/logo\/image\/\",\"url\":\"https:\/\/files.sunoresearch.com.br\/n\/uploads\/2021\/09\/suno-logo.png\",\"contentUrl\":\"https:\/\/files.sunoresearch.com.br\/n\/uploads\/2021\/09\/suno-logo.png\",\"width\":180,\"height\":180,\"caption\":\"Suno Not\u00edcias\"},\"image\":{\"@id\":\"https:\/\/www.suno.com.br\/noticias\/#\/schema\/logo\/image\/\"},\"sameAs\":[\"https:\/\/facebook.com\/sunoresearch\",\"https:\/\/x.com\/sunoresearch\",\"https:\/\/www.instagram.com\/suno\",\"https:\/\/www.linkedin.com\/company\/suno-research\/\",\"https:\/\/www.youtube.com\/c\/sunoresearch\"]},{\"@type\":\"Person\",\"@id\":\"https:\/\/www.suno.com.br\/noticias\/#\/schema\/person\/e6e0f723cc177805027f4566c1d5e0c8\",\"name\":\"Carlo Cauti\",\"image\":{\"@type\":\"ImageObject\",\"inLanguage\":\"pt-BR\",\"@id\":\"https:\/\/www.suno.com.br\/noticias\/#\/schema\/person\/image\/\",\"url\":\"https:\/\/secure.gravatar.com\/avatar\/3ada9e0bd164c23abd4792a9606d583c?s=96&r=g\",\"contentUrl\":\"https:\/\/secure.gravatar.com\/avatar\/3ada9e0bd164c23abd4792a9606d583c?s=96&r=g\",\"caption\":\"Carlo Cauti\"},\"description\":\"Editor multim\u00eddia do SUNO Not\u00edcias. Italiano, formado em Ci\u00eancias Pol\u00edticas pela universidade LUISS G. Carli de Roma e mestre cum laude em Rela\u00e7\u00f5es Internacionais, Jornalismo Internacional e de Guerra e em Economia Internacional. Concluiu tamb\u00e9m um MBA em Finan\u00e7as na B3. No Brasil, teve passagem por ve\u00edculos como Estad\u00e3o, Globo, Veja e EXAME. e nas ag\u00eancias de not\u00edcias italianas ANSA e NOVA.\",\"url\":\"https:\/\/www.suno.com.br\/noticias\/author\/carlo-cauti\/\"}]}<\/script>\n<!-- \/ Yoast SEO plugin. -->","yoast_head_json":{"title":"SP pode aumentar impostos para cobrir redu\u00e7\u00e3o do ICMS para avia\u00e7\u00e3o","description":"O governo de SP poder\u00e1 aumentar a carga tribut\u00e1ria para compensar vantagens concedidas para a avia\u00e7\u00e3o. Clique aqui para saber mais.","robots":{"index":"index","follow":"follow","max-snippet":"max-snippet:-1","max-image-preview":"max-image-preview:large","max-video-preview":"max-video-preview:-1"},"canonical":"https:\/\/www.suno.com.br\/noticias\/sp-pode-aumentar-imposto-aviacao\/","og_locale":"pt_BR","og_type":"article","og_title":"SP pode aumentar impostos para cobrir redu\u00e7\u00e3o do ICMS para avia\u00e7\u00e3o","og_description":"O governo de SP poder\u00e1 aumentar a carga tribut\u00e1ria para compensar vantagens concedidas para a avia\u00e7\u00e3o. Clique aqui para saber mais.","og_url":"https:\/\/www.suno.com.br\/noticias\/sp-pode-aumentar-imposto-aviacao\/","og_site_name":"Suno Not\u00edcias","article_publisher":"https:\/\/facebook.com\/sunoresearch","og_image":[{"width":3363,"height":2244,"url":"https:\/\/files.sunoresearch.com.br\/n\/uploads\/2019\/01\/7157f1f4-henrique-meirelles.jpg","type":"image\/jpeg"}],"author":"Carlo Cauti","twitter_card":"summary_large_image","twitter_creator":"@sunoresearch","twitter_site":"@sunoresearch","twitter_misc":{"Escrito por":"Carlo Cauti","Est. tempo de leitura":"2 minutos"},"schema":{"@context":"https:\/\/schema.org","@graph":[{"@type":"NewsArticle","@id":"https:\/\/www.suno.com.br\/noticias\/sp-pode-aumentar-imposto-aviacao\/#article","isPartOf":{"@id":"https:\/\/www.suno.com.br\/noticias\/sp-pode-aumentar-imposto-aviacao\/"},"author":{"name":"Carlo Cauti","@id":"https:\/\/www.suno.com.br\/noticias\/#\/schema\/person\/e6e0f723cc177805027f4566c1d5e0c8"},"headline":"SP pode aumentar impostos para cobrir redu\u00e7\u00e3o do ICMS para avia\u00e7\u00e3o","datePublished":"2019-02-07T19:29:43+00:00","dateModified":"2021-06-21T08:43:18+00:00","mainEntityOfPage":{"@id":"https:\/\/www.suno.com.br\/noticias\/sp-pode-aumentar-imposto-aviacao\/"},"wordCount":477,"publisher":{"@id":"https:\/\/www.suno.com.br\/noticias\/#organization"},"image":{"@id":"https:\/\/www.suno.com.br\/noticias\/sp-pode-aumentar-imposto-aviacao\/#primaryimage"},"thumbnailUrl":"https:\/\/files.sunoresearch.com.br\/n\/uploads\/2019\/01\/7157f1f4-henrique-meirelles-scaled.webp","keywords":["Henrique Meirelles","impostos","Jo\u00e3o Doria","S\u00e3o Paulo"],"articleSection":["Pol\u00edtica"],"inLanguage":"pt-BR"},{"@type":"WebPage","@id":"https:\/\/www.suno.com.br\/noticias\/sp-pode-aumentar-imposto-aviacao\/","url":"https:\/\/www.suno.com.br\/noticias\/sp-pode-aumentar-imposto-aviacao\/","name":"SP pode aumentar impostos para cobrir redu\u00e7\u00e3o do ICMS para avia\u00e7\u00e3o","isPartOf":{"@id":"https:\/\/www.suno.com.br\/noticias\/#website"},"primaryImageOfPage":{"@id":"https:\/\/www.suno.com.br\/noticias\/sp-pode-aumentar-imposto-aviacao\/#primaryimage"},"image":{"@id":"https:\/\/www.suno.com.br\/noticias\/sp-pode-aumentar-imposto-aviacao\/#primaryimage"},"thumbnailUrl":"https:\/\/files.sunoresearch.com.br\/n\/uploads\/2019\/01\/7157f1f4-henrique-meirelles-scaled.webp","datePublished":"2019-02-07T19:29:43+00:00","dateModified":"2021-06-21T08:43:18+00:00","description":"O governo de SP poder\u00e1 aumentar a carga tribut\u00e1ria para compensar vantagens concedidas para a avia\u00e7\u00e3o. Clique aqui para saber mais.","breadcrumb":{"@id":"https:\/\/www.suno.com.br\/noticias\/sp-pode-aumentar-imposto-aviacao\/#breadcrumb"},"inLanguage":"pt-BR","potentialAction":[{"@type":"ReadAction","target":["https:\/\/www.suno.com.br\/noticias\/sp-pode-aumentar-imposto-aviacao\/"]}]},{"@type":"ImageObject","inLanguage":"pt-BR","@id":"https:\/\/www.suno.com.br\/noticias\/sp-pode-aumentar-imposto-aviacao\/#primaryimage","url":"https:\/\/files.sunoresearch.com.br\/n\/uploads\/2019\/01\/7157f1f4-henrique-meirelles-scaled.webp","contentUrl":"https:\/\/files.sunoresearch.com.br\/n\/uploads\/2019\/01\/7157f1f4-henrique-meirelles-scaled.webp","width":2560,"height":1708,"caption":"Segundo Meirelles, \"N\u00e3o adianta dizer que est\u00e1 muito grande o precat\u00f3rio\" - Foto: Ag\u00eancia Brasil"},{"@type":"BreadcrumbList","@id":"https:\/\/www.suno.com.br\/noticias\/sp-pode-aumentar-imposto-aviacao\/#breadcrumb","itemListElement":[{"@type":"ListItem","position":1,"name":"Not\u00edcias","item":"https:\/\/www.suno.com.br\/noticias\/"},{"@type":"ListItem","position":2,"name":"Pol\u00edtica","item":"https:\/\/www.suno.com.br\/noticias\/politica\/"},{"@type":"ListItem","position":3,"name":"SP pode aumentar impostos para cobrir redu\u00e7\u00e3o do ICMS para avia\u00e7\u00e3o"}]},{"@type":"WebSite","@id":"https:\/\/www.suno.com.br\/noticias\/#website","url":"https:\/\/www.suno.com.br\/noticias\/","name":"Suno Not\u00edcias","description":"Seu portal de informa\u00e7\u00e3o sobre o mundo dos investimentos","publisher":{"@id":"https:\/\/www.suno.com.br\/noticias\/#organization"},"potentialAction":[{"@type":"SearchAction","target":{"@type":"EntryPoint","urlTemplate":"https:\/\/www.suno.com.br\/noticias\/?s={search_term_string}"},"query-input":{"@type":"PropertyValueSpecification","valueRequired":true,"valueName":"search_term_string"}}],"inLanguage":"pt-BR"},{"@type":"Organization","@id":"https:\/\/www.suno.com.br\/noticias\/#organization","name":"Suno Not\u00edcias","url":"https:\/\/www.suno.com.br\/noticias\/","logo":{"@type":"ImageObject","inLanguage":"pt-BR","@id":"https:\/\/www.suno.com.br\/noticias\/#\/schema\/logo\/image\/","url":"https:\/\/files.sunoresearch.com.br\/n\/uploads\/2021\/09\/suno-logo.png","contentUrl":"https:\/\/files.sunoresearch.com.br\/n\/uploads\/2021\/09\/suno-logo.png","width":180,"height":180,"caption":"Suno Not\u00edcias"},"image":{"@id":"https:\/\/www.suno.com.br\/noticias\/#\/schema\/logo\/image\/"},"sameAs":["https:\/\/facebook.com\/sunoresearch","https:\/\/x.com\/sunoresearch","https:\/\/www.instagram.com\/suno","https:\/\/www.linkedin.com\/company\/suno-research\/","https:\/\/www.youtube.com\/c\/sunoresearch"]},{"@type":"Person","@id":"https:\/\/www.suno.com.br\/noticias\/#\/schema\/person\/e6e0f723cc177805027f4566c1d5e0c8","name":"Carlo Cauti","image":{"@type":"ImageObject","inLanguage":"pt-BR","@id":"https:\/\/www.suno.com.br\/noticias\/#\/schema\/person\/image\/","url":"https:\/\/secure.gravatar.com\/avatar\/3ada9e0bd164c23abd4792a9606d583c?s=96&r=g","contentUrl":"https:\/\/secure.gravatar.com\/avatar\/3ada9e0bd164c23abd4792a9606d583c?s=96&r=g","caption":"Carlo Cauti"},"description":"Editor multim\u00eddia do SUNO Not\u00edcias. Italiano, formado em Ci\u00eancias Pol\u00edticas pela universidade LUISS G. Carli de Roma e mestre cum laude em Rela\u00e7\u00f5es Internacionais, Jornalismo Internacional e de Guerra e em Economia Internacional. Concluiu tamb\u00e9m um MBA em Finan\u00e7as na B3. No Brasil, teve passagem por ve\u00edculos como Estad\u00e3o, Globo, Veja e EXAME. e nas ag\u00eancias de not\u00edcias italianas ANSA e NOVA.","url":"https:\/\/www.suno.com.br\/noticias\/author\/carlo-cauti\/"}]}},"default_loop_html":"<div class=\"cardsPage__listCard__boxs\"><div class=\"cardsPage__listCard__boxs__img\"><a href=\"https:\/\/www.suno.com.br\/noticias\/sp-pode-aumentar-imposto-aviacao\/\"><img class=\"mask\" src=\"https:\/\/www.suno.com.br\/noticias\/wp-content\/themes\/suno\/resources\/images\/spotlight\/spotlight1img\/bg-mask.png\" alt=\"Image Mask\"\/><img src=\"https:\/\/files.sunoresearch.com.br\/n\/uploads\/2019\/01\/7157f1f4-henrique-meirelles-400x200.webp\" alt=\"SP pode aumentar impostos para cobrir redu\u00e7\u00e3o do ICMS para avia\u00e7\u00e3o\"\/><\/a><span class=\"spotlightCategory\"><a href=\"https:\/\/www.suno.com.br\/noticias\/politica\/\">Pol\u00edtica<\/a><\/span><\/div><div class=\"cardsPage__listCard__boxs__content\"><a href=\"https:\/\/www.suno.com.br\/noticias\/sp-pode-aumentar-imposto-aviacao\/\"><h2 class=\"content__title\">SP pode aumentar impostos para cobrir redu\u00e7\u00e3o do ICMS para avia\u00e7\u00e3o<\/h2><\/a><div class=\"newsContent__article__meta\"><div class=\"newsContent__article__meta__authorBox\"><a href=\"https:\/\/www.suno.com.br\/noticias\/author\/carlo-cauti\/\" class=\"authorBox__avatar noMobi\"><img src=\"https:\/\/files.sunoresearch.com.br\/n\/uploads\/2020\/08\/e3745f9a-perfil-carlo-cauti-150x150.webp\" alt=\"Carlo Cauti\"><\/a><div class=\"authorBox__name\"><span>por\n\t\t\t<a href=\"https:\/\/www.suno.com.br\/noticias\/author\/carlo-cauti\/\"><span itemprop=\"author\">Carlo Cauti<\/span><\/a><\/span><time datetime=\"2019-02-07T17:29:43-02:00\" itemprop=\"datePublished\">07\/02\/2019 17:29<\/time><\/div><\/div><\/div><\/div><\/div>","single_layout":"posts","amp_enabled":true,"_links":{"self":[{"href":"https:\/\/www.suno.com.br\/noticias\/wp-json\/wp\/v2\/posts\/14547"}],"collection":[{"href":"https:\/\/www.suno.com.br\/noticias\/wp-json\/wp\/v2\/posts"}],"about":[{"href":"https:\/\/www.suno.com.br\/noticias\/wp-json\/wp\/v2\/types\/post"}],"author":[{"embeddable":true,"href":"https:\/\/www.suno.com.br\/noticias\/wp-json\/wp\/v2\/users\/9"}],"replies":[{"embeddable":true,"href":"https:\/\/www.suno.com.br\/noticias\/wp-json\/wp\/v2\/comments?post=14547"}],"version-history":[{"count":1,"href":"https:\/\/www.suno.com.br\/noticias\/wp-json\/wp\/v2\/posts\/14547\/revisions"}],"predecessor-version":[{"id":159607,"href":"https:\/\/www.suno.com.br\/noticias\/wp-json\/wp\/v2\/posts\/14547\/revisions\/159607"}],"wp:featuredmedia":[{"embeddable":true,"href":"https:\/\/www.suno.com.br\/noticias\/wp-json\/wp\/v2\/media\/12676"}],"wp:attachment":[{"href":"https:\/\/www.suno.com.br\/noticias\/wp-json\/wp\/v2\/media?parent=14547"}],"wp:term":[{"taxonomy":"category","embeddable":true,"href":"https:\/\/www.suno.com.br\/noticias\/wp-json\/wp\/v2\/categories?post=14547"},{"taxonomy":"post_tag","embeddable":true,"href":"https:\/\/www.suno.com.br\/noticias\/wp-json\/wp\/v2\/tags?post=14547"},{"taxonomy":"suno_strategy","embeddable":true,"href":"https:\/\/www.suno.com.br\/noticias\/wp-json\/wp\/v2\/suno_strategy?post=14547"}],"curies":[{"name":"wp","href":"https:\/\/api.w.org\/{rel}","templated":true}]}}