{"id":145384,"date":"2021-05-06T16:29:36","date_gmt":"2021-05-06T19:29:36","guid":{"rendered":"https:\/\/www.suno.com.br\/noticias\/?p=145384"},"modified":"2021-05-06T16:29:36","modified_gmt":"2021-05-06T19:29:36","slug":"sabesp-sbsp3-nao-integrar-spe-igua-concessao-cedae","status":"publish","type":"post","link":"https:\/\/www.suno.com.br\/noticias\/sabesp-sbsp3-nao-integrar-spe-igua-concessao-cedae\/","title":{"rendered":"Sabesp (SBSP3) decide n\u00e3o integrar SPE da Igu\u00e1 em concess\u00e3o da Cedae; a\u00e7\u00e3o sobe 4%"},"content":{"rendered":"<p>A <a href=\"https:\/\/www.suno.com.br\/acoes\/sbsp3\/\"><strong>Sabesp<\/strong> (SBSP3)<\/a> decidiu n\u00e3o exercer a op\u00e7\u00e3o de adquirir uma participa\u00e7\u00e3o no capital social da Sociedade de Prop\u00f3sito Espec\u00edfico (SPE) a qual ser\u00e1 criada para explorar a <a href=\"https:\/\/www.suno.com.br\/noticias\/consorcio-aegea-blocos-1-e-4-leilao-da-cedae\/\">concess\u00e3o do Bloco 2 da Companhia Estadual de \u00c1guas e Esgotos do Rio de Janeiro (Cedae)<\/a>, no qual a Igu\u00e1 Saneamento sagrou-se vencedora.<\/p>\t<div class=\"wrapper-featured-image\">\n\t\t<figure class=\"spotlightImg\">\n\n\t\t\t<picture>\n\t\t\t\t<source media=\"(max-width: 768px)\" srcset=\"https:\/\/files.sunoresearch.com.br\/n\/uploads\/2021\/05\/00620945-560363_10151742489530074_1168600144_n-400x200.webp\">\n\t\t\t\t<img loading=\"lazy\" decoding=\"async\" class=\"newsContent__article__imgCapa lazyloadDisabled \" src=\"https:\/\/files.sunoresearch.com.br\/n\/uploads\/2021\/05\/00620945-560363_10151742489530074_1168600144_n-800x450.webp\" width=\"800\" height=\"450\" alt=\"Sabesp (SBSP3) decide n\u00e3o integrar SPE da Igu\u00e1 em concess\u00e3o da Cedae; a\u00e7\u00e3o sobe 4%\" fetchpriority=high \/>\n\t\t\t<\/picture>\n\n\t\t\t<figcaption class=\"wp-caption-text wp-caption-text--show\">Sabesp. Foto: Reprodu\u00e7\u00e3o Facebook<\/figcaption>\n\t\t<\/figure>\n\t<\/div>\n\n\n\t<p>\n\t\t<a href=\"https:\/\/lp.suno.com.br\/planilha-controle-gastos\/\" target=\"_blank\" data-element=\"shortcode-suno-banner\" title=\"Banner SUNO, clique e saiba mais\">\n\t\t\t<picture>\n\t\t\t\t<source media=\"(max-width: 500px)\" srcset=\"https:\/\/files.sunoresearch.com.br\/n\/uploads\/2023\/03\/400x300-Planilha-controle-de-gastos.png\">\n\t\t\t\t<img class=\"newsContent__article__imgCapa newsContent__article__imgCapa--banner\"\n\t\t\t\t\tsrc=\"https:\/\/files.sunoresearch.com.br\/n\/uploads\/2023\/03\/1420x240-Planilha-controle-de-gastos.png\"\n\t\t\t\t\tdata-promo-id=\"101751\"\t\t\t\t\t\t\t\t\t\twidth='1420' height='240'\t\t\t\t\talt=\"https:\/\/files.sunoresearch.com.br\/n\/uploads\/2023\/03\/1420x240-Planilha-controle-de-gastos.png\"\n\t\t\t\t>\n\t\t\t<\/picture>\n\t\t<\/a>\n\t<\/p>\n\n\n<p>Por volta das 16h06 desta quinta-feira (6), as a\u00e7\u00f5es ordin\u00e1rias da Sabesp operavam em forte alta de 4,28%, a segunda maior valoriza\u00e7\u00e3o do Ibovespa hoje, a R$ 40,73. O \u00edndice de refer\u00eancia da <a href=\"https:\/\/www.suno.com.br\/artigos\/b3\/\">Bolsa de Valores de S\u00e3o Paulo (B3)<\/a> recuava leve 0,11%, a 119.435,08 pontos.<\/p>\n<p>No \u00faltimo domingo (2), a Companhia de Saneamento B\u00e1sico do Estado de S\u00e3o Paulo disse n\u00e3o ter se consorciou \u00e0 Igu\u00e1, mas ainda mantinha uma op\u00e7\u00e3o de integrar a SPE com uma posi\u00e7\u00e3o minorit\u00e1ria e sem custo para a companhia.<\/p>\n<p><a href=\"https:\/\/lp.suno.com.br\/suno-one\/\">Suno One: acesse gratuitamente eBooks, Minicursos, Artigos e Video Aulas sobre investimentos com um \u00fanico cadastro. Clique para saber mais!<\/a><\/p>\n<p>Tido como um dos maiores e mais importantes projetos de infraestrutura do Brasil nos \u00faltimos anos, o <strong>leil\u00e3o da Cedae <\/strong>ocorreu na no final de abril, no dia 30.<\/p>\n<p>Nele, o cons\u00f3rcio liderado pela Aegea Saneamento saiu como a maior vencedora, garantindo os blocos 1 e 4 da concess\u00e3o dos servi\u00e7os de \u00e1gua esgoto no Estado do Rio de Janeiro. Enquanto isso, a Igu\u00e1 arrematou o Lote 2.<\/p>\n\t<div data-element=\"shortcode-read-more\" class=\"knowMore\">\n\t\t\t\t<span class=\"knowMore__title\">Leia mais<\/span>\n\t\t\t\t<a class=\"knowMore__link\" href=\"https:\/\/www.suno.com.br\/noticias\/sabesp-sbsp3-consorcio-igua-cedae\/\">\n\t\t\tSabesp (SBSP3) n\u00e3o integra cons\u00f3rcio da Igu\u00e1 em concess\u00e3o da Cedae; a\u00e7\u00e3o cai 6%\t\t<\/a>\n\t<\/div>\n\n\n<p>O leil\u00e3o da Cedae arrecadou R$ 22,69 bilh\u00f5es em outorgas. O projeto da prev\u00ea investimentos de cerca de R$ 30 bilh\u00f5es e ter\u00e1 um prazo de 35 anos.<\/p>\n<h2>Sabesp pagar\u00e1 R$ 271,9 milh\u00f5es em JCP<\/h2>\n<p>A Sabesp\u00a0aprovou o pagamento de R$ 271,9 milh\u00f5es em<a href=\"https:\/\/www.suno.com.br\/artigos\/entenda-o-jcp\/\"> juros sobre o capital pr\u00f3prio (JCP)<\/a> aos seus acionistas, valor correspondente a R$ 0,3979 por a\u00e7\u00e3o ordin\u00e1ria.<\/p>\n<p>Os JCPs ser\u00e3o pagos no dia 28 de junho deste ano e as a\u00e7\u00f5es passaram a ser negociadas ex-juros desde o \u00faltimo preg\u00e3o.<\/p>\n\t<p>\n\t\t<a href=\"https:\/\/lp.suno.com.br\/planilha-da-vida-financeira\/\" target=\"_blank\" data-element=\"shortcode-suno-banner\" title=\"Banner SUNO, clique e saiba mais\">\n\t\t\t<picture>\n\t\t\t\t<source media=\"(max-width: 500px)\" srcset=\"https:\/\/files.sunoresearch.com.br\/n\/uploads\/2023\/04\/400x300-Planilha-vida-financeira-true.png\">\n\t\t\t\t<img class=\"newsContent__article__imgCapa newsContent__article__imgCapa--banner\"\n\t\t\t\t\tsrc=\"https:\/\/files.sunoresearch.com.br\/n\/uploads\/2023\/04\/1420x240-Planilha-vida-financeira-true.png\"\n\t\t\t\t\tdata-promo-id=\"106682\"\t\t\t\t\t\t\t\t\t\twidth='1420' height='240'\t\t\t\t\talt=\"https:\/\/files.sunoresearch.com.br\/n\/uploads\/2023\/04\/1420x240-Planilha-vida-financeira-true.png\"\n\t\t\t\t>\n\t\t\t<\/picture>\n\t\t<\/a>\n\t<\/p>\n\n\n<p>No acumulado do ano passado, a <strong>Sabesp<\/strong> registrou um lucro l\u00edquido de R$ 973,3 milh\u00f5es, n\u00famero bem menor do que os R$ 3,36 bilh\u00f5es reportados em 2019. No quarto trimestre, o lucro l\u00edquido foi de R$ 831,5 milh\u00f5es, n\u00famero 21,3% inferior aos R$ 1,05 bilh\u00e3o auferidos entre outubro e dezembro do ano anterior.<\/p>\n\t<p>\n\t\t<a href=\"https:\/\/lp.suno.com.br\/planilha-de-controle-de-investimentos\/\" target=\"_blank\" data-element=\"shortcode-suno-banner\" title=\"Banner SUNO, clique e saiba mais\">\n\t\t\t<picture>\n\t\t\t\t<source media=\"(max-width: 500px)\" srcset=\"https:\/\/files.sunoresearch.com.br\/n\/uploads\/2023\/03\/400x300-Controle-de-Investimentos.png\">\n\t\t\t\t<img class=\"newsContent__article__imgCapa newsContent__article__imgCapa--banner\"\n\t\t\t\t\tsrc=\"https:\/\/files.sunoresearch.com.br\/n\/uploads\/2023\/03\/1420x240-Controle-de-Investimentos.png\"\n\t\t\t\t\tdata-promo-id=\"75934\"\t\t\t\t\t\t\t\t\t\twidth='1420' height='240'\t\t\t\t\talt=\"https:\/\/files.sunoresearch.com.br\/n\/uploads\/2023\/03\/1420x240-Controle-de-Investimentos.png\"\n\t\t\t\t>\n\t\t\t<\/picture>\n\t\t<\/a>\n\t<\/p>\n\n\n","protected":false},"excerpt":{"rendered":"<p>A Sabesp (SBSP3) decidiu n\u00e3o exercer a op\u00e7\u00e3o de adquirir uma participa\u00e7\u00e3o no capital social da Sociedade de Prop\u00f3sito Espec\u00edfico (SPE) a qual ser\u00e1 criada para explorar a concess\u00e3o do Bloco 2 da Companhia Estadual de \u00c1guas e Esgotos do Rio de Janeiro (Cedae), no qual a Igu\u00e1 Saneamento sagrou-se vencedora. Sabesp. Foto: Reprodu\u00e7\u00e3o Facebook [&hellip;]<\/p>\n","protected":false},"author":35,"featured_media":145396,"comment_status":"closed","ping_status":"closed","sticky":false,"template":"","format":"standard","meta":[],"categories":[64],"tags":[95241,504,621,12552],"suno_strategy":[],"class_list":["post-145384","post","type-post","status-publish","format-standard","has-post-thumbnail","hentry","category-negocios","tag-cedae","tag-igua-saneamento-igsn3","tag-sabesp","tag-sbsp3"],"yoast_head":"<!-- This site is optimized with the Yoast SEO plugin v24.4 - https:\/\/yoast.com\/wordpress\/plugins\/seo\/ -->\n<title>Sabesp (SBSP3) n\u00e3o vai integrar SPE da Igu\u00e1 em concess\u00e3o da Cedae<\/title>\n<meta name=\"description\" content=\"Sabesp (SBSP3) decidiu n\u00e3o integrar a SPE que ser\u00e1 criada para explorar a concess\u00e3o do Bloco 2 da Cedae. Saiba mais sobre a decis\u00e3o da Sabesp\" \/>\n<meta name=\"robots\" content=\"index, follow, max-snippet:-1, max-image-preview:large, max-video-preview:-1\" \/>\n<link rel=\"canonical\" href=\"https:\/\/www.suno.com.br\/noticias\/sabesp-sbsp3-nao-integrar-spe-igua-concessao-cedae\/\" \/>\n<meta property=\"og:locale\" content=\"pt_BR\" \/>\n<meta property=\"og:type\" content=\"article\" \/>\n<meta property=\"og:title\" content=\"Sabesp (SBSP3) n\u00e3o vai integrar SPE da Igu\u00e1 em concess\u00e3o da Cedae\" \/>\n<meta property=\"og:description\" content=\"Sabesp (SBSP3) decidiu n\u00e3o integrar a SPE que ser\u00e1 criada para explorar a concess\u00e3o do Bloco 2 da Cedae. Saiba mais sobre a decis\u00e3o da Sabesp\" \/>\n<meta property=\"og:url\" content=\"https:\/\/www.suno.com.br\/noticias\/sabesp-sbsp3-nao-integrar-spe-igua-concessao-cedae\/\" \/>\n<meta property=\"og:site_name\" content=\"Suno Not\u00edcias\" \/>\n<meta property=\"article:publisher\" content=\"https:\/\/facebook.com\/sunoresearch\" \/>\n<meta property=\"og:image\" content=\"https:\/\/files.sunoresearch.com.br\/n\/uploads\/2021\/05\/00620945-560363_10151742489530074_1168600144_n.jpg\" \/>\n\t<meta property=\"og:image:width\" content=\"960\" \/>\n\t<meta property=\"og:image:height\" content=\"638\" \/>\n\t<meta property=\"og:image:type\" content=\"image\/jpeg\" \/>\n<meta name=\"author\" content=\"Arthur Guimar\u00e3es\" \/>\n<meta name=\"twitter:card\" content=\"summary_large_image\" \/>\n<meta name=\"twitter:creator\" content=\"@sunoresearch\" \/>\n<meta name=\"twitter:site\" content=\"@sunoresearch\" \/>\n<meta name=\"twitter:label1\" content=\"Escrito por\" \/>\n\t<meta name=\"twitter:data1\" content=\"Arthur Guimar\u00e3es\" \/>\n\t<meta name=\"twitter:label2\" content=\"Est. tempo de leitura\" \/>\n\t<meta name=\"twitter:data2\" content=\"2 minutos\" \/>\n<script type=\"application\/ld+json\" class=\"yoast-schema-graph\">{\"@context\":\"https:\/\/schema.org\",\"@graph\":[{\"@type\":\"NewsArticle\",\"@id\":\"https:\/\/www.suno.com.br\/noticias\/sabesp-sbsp3-nao-integrar-spe-igua-concessao-cedae\/#article\",\"isPartOf\":{\"@id\":\"https:\/\/www.suno.com.br\/noticias\/sabesp-sbsp3-nao-integrar-spe-igua-concessao-cedae\/\"},\"author\":{\"name\":\"Arthur Guimar\u00e3es\",\"@id\":\"https:\/\/www.suno.com.br\/noticias\/#\/schema\/person\/053a750a709a263919a20f976caae91c\"},\"headline\":\"Sabesp (SBSP3) decide n\u00e3o integrar SPE da Igu\u00e1 em concess\u00e3o da Cedae; a\u00e7\u00e3o sobe 4%\",\"datePublished\":\"2021-05-06T19:29:36+00:00\",\"mainEntityOfPage\":{\"@id\":\"https:\/\/www.suno.com.br\/noticias\/sabesp-sbsp3-nao-integrar-spe-igua-concessao-cedae\/\"},\"wordCount\":411,\"publisher\":{\"@id\":\"https:\/\/www.suno.com.br\/noticias\/#organization\"},\"image\":{\"@id\":\"https:\/\/www.suno.com.br\/noticias\/sabesp-sbsp3-nao-integrar-spe-igua-concessao-cedae\/#primaryimage\"},\"thumbnailUrl\":\"https:\/\/files.sunoresearch.com.br\/n\/uploads\/2021\/05\/00620945-560363_10151742489530074_1168600144_n-jpg.webp\",\"keywords\":[\"cedae\",\"Igua Saneamento (IGSN3)\",\"Sabesp\",\"SBSP3\"],\"articleSection\":[\"Neg\u00f3cios\"],\"inLanguage\":\"pt-BR\"},{\"@type\":\"WebPage\",\"@id\":\"https:\/\/www.suno.com.br\/noticias\/sabesp-sbsp3-nao-integrar-spe-igua-concessao-cedae\/\",\"url\":\"https:\/\/www.suno.com.br\/noticias\/sabesp-sbsp3-nao-integrar-spe-igua-concessao-cedae\/\",\"name\":\"Sabesp (SBSP3) n\u00e3o vai integrar SPE da Igu\u00e1 em concess\u00e3o da Cedae\",\"isPartOf\":{\"@id\":\"https:\/\/www.suno.com.br\/noticias\/#website\"},\"primaryImageOfPage\":{\"@id\":\"https:\/\/www.suno.com.br\/noticias\/sabesp-sbsp3-nao-integrar-spe-igua-concessao-cedae\/#primaryimage\"},\"image\":{\"@id\":\"https:\/\/www.suno.com.br\/noticias\/sabesp-sbsp3-nao-integrar-spe-igua-concessao-cedae\/#primaryimage\"},\"thumbnailUrl\":\"https:\/\/files.sunoresearch.com.br\/n\/uploads\/2021\/05\/00620945-560363_10151742489530074_1168600144_n-jpg.webp\",\"datePublished\":\"2021-05-06T19:29:36+00:00\",\"description\":\"Sabesp (SBSP3) decidiu n\u00e3o integrar a SPE que ser\u00e1 criada para explorar a concess\u00e3o do Bloco 2 da Cedae. Saiba mais sobre a decis\u00e3o da Sabesp\",\"breadcrumb\":{\"@id\":\"https:\/\/www.suno.com.br\/noticias\/sabesp-sbsp3-nao-integrar-spe-igua-concessao-cedae\/#breadcrumb\"},\"inLanguage\":\"pt-BR\",\"potentialAction\":[{\"@type\":\"ReadAction\",\"target\":[\"https:\/\/www.suno.com.br\/noticias\/sabesp-sbsp3-nao-integrar-spe-igua-concessao-cedae\/\"]}]},{\"@type\":\"ImageObject\",\"inLanguage\":\"pt-BR\",\"@id\":\"https:\/\/www.suno.com.br\/noticias\/sabesp-sbsp3-nao-integrar-spe-igua-concessao-cedae\/#primaryimage\",\"url\":\"https:\/\/files.sunoresearch.com.br\/n\/uploads\/2021\/05\/00620945-560363_10151742489530074_1168600144_n-jpg.webp\",\"contentUrl\":\"https:\/\/files.sunoresearch.com.br\/n\/uploads\/2021\/05\/00620945-560363_10151742489530074_1168600144_n-jpg.webp\",\"width\":960,\"height\":638,\"caption\":\"Sabesp. Foto: Reprodu\u00e7\u00e3o Facebook\"},{\"@type\":\"BreadcrumbList\",\"@id\":\"https:\/\/www.suno.com.br\/noticias\/sabesp-sbsp3-nao-integrar-spe-igua-concessao-cedae\/#breadcrumb\",\"itemListElement\":[{\"@type\":\"ListItem\",\"position\":1,\"name\":\"Not\u00edcias\",\"item\":\"https:\/\/www.suno.com.br\/noticias\/\"},{\"@type\":\"ListItem\",\"position\":2,\"name\":\"Neg\u00f3cios\",\"item\":\"https:\/\/www.suno.com.br\/noticias\/negocios\/\"},{\"@type\":\"ListItem\",\"position\":3,\"name\":\"Sabesp (SBSP3) decide n\u00e3o integrar SPE da Igu\u00e1 em concess\u00e3o da Cedae; a\u00e7\u00e3o sobe 4%\"}]},{\"@type\":\"WebSite\",\"@id\":\"https:\/\/www.suno.com.br\/noticias\/#website\",\"url\":\"https:\/\/www.suno.com.br\/noticias\/\",\"name\":\"Suno Not\u00edcias\",\"description\":\"Seu portal de informa\u00e7\u00e3o sobre o mundo dos investimentos\",\"publisher\":{\"@id\":\"https:\/\/www.suno.com.br\/noticias\/#organization\"},\"potentialAction\":[{\"@type\":\"SearchAction\",\"target\":{\"@type\":\"EntryPoint\",\"urlTemplate\":\"https:\/\/www.suno.com.br\/noticias\/?s={search_term_string}\"},\"query-input\":{\"@type\":\"PropertyValueSpecification\",\"valueRequired\":true,\"valueName\":\"search_term_string\"}}],\"inLanguage\":\"pt-BR\"},{\"@type\":\"Organization\",\"@id\":\"https:\/\/www.suno.com.br\/noticias\/#organization\",\"name\":\"Suno Not\u00edcias\",\"url\":\"https:\/\/www.suno.com.br\/noticias\/\",\"logo\":{\"@type\":\"ImageObject\",\"inLanguage\":\"pt-BR\",\"@id\":\"https:\/\/www.suno.com.br\/noticias\/#\/schema\/logo\/image\/\",\"url\":\"https:\/\/files.sunoresearch.com.br\/n\/uploads\/2021\/09\/suno-logo.png\",\"contentUrl\":\"https:\/\/files.sunoresearch.com.br\/n\/uploads\/2021\/09\/suno-logo.png\",\"width\":180,\"height\":180,\"caption\":\"Suno Not\u00edcias\"},\"image\":{\"@id\":\"https:\/\/www.suno.com.br\/noticias\/#\/schema\/logo\/image\/\"},\"sameAs\":[\"https:\/\/facebook.com\/sunoresearch\",\"https:\/\/x.com\/sunoresearch\",\"https:\/\/www.instagram.com\/suno\",\"https:\/\/www.linkedin.com\/company\/suno-research\/\",\"https:\/\/www.youtube.com\/c\/sunoresearch\"]},{\"@type\":\"Person\",\"@id\":\"https:\/\/www.suno.com.br\/noticias\/#\/schema\/person\/053a750a709a263919a20f976caae91c\",\"name\":\"Arthur Guimar\u00e3es\",\"image\":{\"@type\":\"ImageObject\",\"inLanguage\":\"pt-BR\",\"@id\":\"https:\/\/www.suno.com.br\/noticias\/#\/schema\/person\/image\/\",\"url\":\"https:\/\/secure.gravatar.com\/avatar\/1affd86a11209ae09eb6dd3bcad3e96c?s=96&r=g\",\"contentUrl\":\"https:\/\/secure.gravatar.com\/avatar\/1affd86a11209ae09eb6dd3bcad3e96c?s=96&r=g\",\"caption\":\"Arthur Guimar\u00e3es\"},\"description\":\"Arthur Guimar\u00e3es escreve sobre pol\u00edtica, economia e neg\u00f3cios para o portal de not\u00edcias da Suno Research. Atualmente, \u00e9 estudante de jornalismo pela Faculdade C\u00e1sper L\u00edbero.\",\"url\":\"https:\/\/www.suno.com.br\/noticias\/author\/arthur-guimaraes\/\"}]}<\/script>\n<!-- \/ Yoast SEO plugin. -->","yoast_head_json":{"title":"Sabesp (SBSP3) n\u00e3o vai integrar SPE da Igu\u00e1 em concess\u00e3o da Cedae","description":"Sabesp (SBSP3) decidiu n\u00e3o integrar a SPE que ser\u00e1 criada para explorar a concess\u00e3o do Bloco 2 da Cedae. Saiba mais sobre a decis\u00e3o da Sabesp","robots":{"index":"index","follow":"follow","max-snippet":"max-snippet:-1","max-image-preview":"max-image-preview:large","max-video-preview":"max-video-preview:-1"},"canonical":"https:\/\/www.suno.com.br\/noticias\/sabesp-sbsp3-nao-integrar-spe-igua-concessao-cedae\/","og_locale":"pt_BR","og_type":"article","og_title":"Sabesp (SBSP3) n\u00e3o vai integrar SPE da Igu\u00e1 em concess\u00e3o da Cedae","og_description":"Sabesp (SBSP3) decidiu n\u00e3o integrar a SPE que ser\u00e1 criada para explorar a concess\u00e3o do Bloco 2 da Cedae. Saiba mais sobre a decis\u00e3o da Sabesp","og_url":"https:\/\/www.suno.com.br\/noticias\/sabesp-sbsp3-nao-integrar-spe-igua-concessao-cedae\/","og_site_name":"Suno Not\u00edcias","article_publisher":"https:\/\/facebook.com\/sunoresearch","og_image":[{"width":960,"height":638,"url":"https:\/\/files.sunoresearch.com.br\/n\/uploads\/2021\/05\/00620945-560363_10151742489530074_1168600144_n.jpg","type":"image\/jpeg"}],"author":"Arthur Guimar\u00e3es","twitter_card":"summary_large_image","twitter_creator":"@sunoresearch","twitter_site":"@sunoresearch","twitter_misc":{"Escrito por":"Arthur Guimar\u00e3es","Est. tempo de leitura":"2 minutos"},"schema":{"@context":"https:\/\/schema.org","@graph":[{"@type":"NewsArticle","@id":"https:\/\/www.suno.com.br\/noticias\/sabesp-sbsp3-nao-integrar-spe-igua-concessao-cedae\/#article","isPartOf":{"@id":"https:\/\/www.suno.com.br\/noticias\/sabesp-sbsp3-nao-integrar-spe-igua-concessao-cedae\/"},"author":{"name":"Arthur Guimar\u00e3es","@id":"https:\/\/www.suno.com.br\/noticias\/#\/schema\/person\/053a750a709a263919a20f976caae91c"},"headline":"Sabesp (SBSP3) decide n\u00e3o integrar SPE da Igu\u00e1 em concess\u00e3o da Cedae; a\u00e7\u00e3o sobe 4%","datePublished":"2021-05-06T19:29:36+00:00","mainEntityOfPage":{"@id":"https:\/\/www.suno.com.br\/noticias\/sabesp-sbsp3-nao-integrar-spe-igua-concessao-cedae\/"},"wordCount":411,"publisher":{"@id":"https:\/\/www.suno.com.br\/noticias\/#organization"},"image":{"@id":"https:\/\/www.suno.com.br\/noticias\/sabesp-sbsp3-nao-integrar-spe-igua-concessao-cedae\/#primaryimage"},"thumbnailUrl":"https:\/\/files.sunoresearch.com.br\/n\/uploads\/2021\/05\/00620945-560363_10151742489530074_1168600144_n-jpg.webp","keywords":["cedae","Igua Saneamento (IGSN3)","Sabesp","SBSP3"],"articleSection":["Neg\u00f3cios"],"inLanguage":"pt-BR"},{"@type":"WebPage","@id":"https:\/\/www.suno.com.br\/noticias\/sabesp-sbsp3-nao-integrar-spe-igua-concessao-cedae\/","url":"https:\/\/www.suno.com.br\/noticias\/sabesp-sbsp3-nao-integrar-spe-igua-concessao-cedae\/","name":"Sabesp (SBSP3) n\u00e3o vai integrar SPE da Igu\u00e1 em concess\u00e3o da Cedae","isPartOf":{"@id":"https:\/\/www.suno.com.br\/noticias\/#website"},"primaryImageOfPage":{"@id":"https:\/\/www.suno.com.br\/noticias\/sabesp-sbsp3-nao-integrar-spe-igua-concessao-cedae\/#primaryimage"},"image":{"@id":"https:\/\/www.suno.com.br\/noticias\/sabesp-sbsp3-nao-integrar-spe-igua-concessao-cedae\/#primaryimage"},"thumbnailUrl":"https:\/\/files.sunoresearch.com.br\/n\/uploads\/2021\/05\/00620945-560363_10151742489530074_1168600144_n-jpg.webp","datePublished":"2021-05-06T19:29:36+00:00","description":"Sabesp (SBSP3) decidiu n\u00e3o integrar a SPE que ser\u00e1 criada para explorar a concess\u00e3o do Bloco 2 da Cedae. Saiba mais sobre a decis\u00e3o da Sabesp","breadcrumb":{"@id":"https:\/\/www.suno.com.br\/noticias\/sabesp-sbsp3-nao-integrar-spe-igua-concessao-cedae\/#breadcrumb"},"inLanguage":"pt-BR","potentialAction":[{"@type":"ReadAction","target":["https:\/\/www.suno.com.br\/noticias\/sabesp-sbsp3-nao-integrar-spe-igua-concessao-cedae\/"]}]},{"@type":"ImageObject","inLanguage":"pt-BR","@id":"https:\/\/www.suno.com.br\/noticias\/sabesp-sbsp3-nao-integrar-spe-igua-concessao-cedae\/#primaryimage","url":"https:\/\/files.sunoresearch.com.br\/n\/uploads\/2021\/05\/00620945-560363_10151742489530074_1168600144_n-jpg.webp","contentUrl":"https:\/\/files.sunoresearch.com.br\/n\/uploads\/2021\/05\/00620945-560363_10151742489530074_1168600144_n-jpg.webp","width":960,"height":638,"caption":"Sabesp. Foto: Reprodu\u00e7\u00e3o Facebook"},{"@type":"BreadcrumbList","@id":"https:\/\/www.suno.com.br\/noticias\/sabesp-sbsp3-nao-integrar-spe-igua-concessao-cedae\/#breadcrumb","itemListElement":[{"@type":"ListItem","position":1,"name":"Not\u00edcias","item":"https:\/\/www.suno.com.br\/noticias\/"},{"@type":"ListItem","position":2,"name":"Neg\u00f3cios","item":"https:\/\/www.suno.com.br\/noticias\/negocios\/"},{"@type":"ListItem","position":3,"name":"Sabesp (SBSP3) decide n\u00e3o integrar SPE da Igu\u00e1 em concess\u00e3o da Cedae; a\u00e7\u00e3o sobe 4%"}]},{"@type":"WebSite","@id":"https:\/\/www.suno.com.br\/noticias\/#website","url":"https:\/\/www.suno.com.br\/noticias\/","name":"Suno Not\u00edcias","description":"Seu portal de informa\u00e7\u00e3o sobre o mundo dos investimentos","publisher":{"@id":"https:\/\/www.suno.com.br\/noticias\/#organization"},"potentialAction":[{"@type":"SearchAction","target":{"@type":"EntryPoint","urlTemplate":"https:\/\/www.suno.com.br\/noticias\/?s={search_term_string}"},"query-input":{"@type":"PropertyValueSpecification","valueRequired":true,"valueName":"search_term_string"}}],"inLanguage":"pt-BR"},{"@type":"Organization","@id":"https:\/\/www.suno.com.br\/noticias\/#organization","name":"Suno Not\u00edcias","url":"https:\/\/www.suno.com.br\/noticias\/","logo":{"@type":"ImageObject","inLanguage":"pt-BR","@id":"https:\/\/www.suno.com.br\/noticias\/#\/schema\/logo\/image\/","url":"https:\/\/files.sunoresearch.com.br\/n\/uploads\/2021\/09\/suno-logo.png","contentUrl":"https:\/\/files.sunoresearch.com.br\/n\/uploads\/2021\/09\/suno-logo.png","width":180,"height":180,"caption":"Suno Not\u00edcias"},"image":{"@id":"https:\/\/www.suno.com.br\/noticias\/#\/schema\/logo\/image\/"},"sameAs":["https:\/\/facebook.com\/sunoresearch","https:\/\/x.com\/sunoresearch","https:\/\/www.instagram.com\/suno","https:\/\/www.linkedin.com\/company\/suno-research\/","https:\/\/www.youtube.com\/c\/sunoresearch"]},{"@type":"Person","@id":"https:\/\/www.suno.com.br\/noticias\/#\/schema\/person\/053a750a709a263919a20f976caae91c","name":"Arthur Guimar\u00e3es","image":{"@type":"ImageObject","inLanguage":"pt-BR","@id":"https:\/\/www.suno.com.br\/noticias\/#\/schema\/person\/image\/","url":"https:\/\/secure.gravatar.com\/avatar\/1affd86a11209ae09eb6dd3bcad3e96c?s=96&r=g","contentUrl":"https:\/\/secure.gravatar.com\/avatar\/1affd86a11209ae09eb6dd3bcad3e96c?s=96&r=g","caption":"Arthur Guimar\u00e3es"},"description":"Arthur Guimar\u00e3es escreve sobre pol\u00edtica, economia e neg\u00f3cios para o portal de not\u00edcias da Suno Research. Atualmente, \u00e9 estudante de jornalismo pela Faculdade C\u00e1sper L\u00edbero.","url":"https:\/\/www.suno.com.br\/noticias\/author\/arthur-guimaraes\/"}]}},"default_loop_html":"<div class=\"cardsPage__listCard__boxs\"><div class=\"cardsPage__listCard__boxs__img\"><a href=\"https:\/\/www.suno.com.br\/noticias\/sabesp-sbsp3-nao-integrar-spe-igua-concessao-cedae\/\"><img class=\"mask\" src=\"https:\/\/www.suno.com.br\/noticias\/wp-content\/themes\/suno\/resources\/images\/spotlight\/spotlight1img\/bg-mask.png\" alt=\"Image Mask\"\/><img src=\"https:\/\/files.sunoresearch.com.br\/n\/uploads\/2021\/05\/00620945-560363_10151742489530074_1168600144_n-400x200.webp\" alt=\"Sabesp (SBSP3) decide n\u00e3o integrar SPE da Igu\u00e1 em concess\u00e3o da Cedae; a\u00e7\u00e3o sobe 4%\"\/><\/a><span class=\"spotlightCategory\"><a href=\"https:\/\/www.suno.com.br\/noticias\/negocios\/\">Neg\u00f3cios<\/a><\/span><\/div><div class=\"cardsPage__listCard__boxs__content\"><a href=\"https:\/\/www.suno.com.br\/noticias\/sabesp-sbsp3-nao-integrar-spe-igua-concessao-cedae\/\"><h2 class=\"content__title\">Sabesp (SBSP3) decide n\u00e3o integrar SPE da Igu\u00e1 em concess\u00e3o da Cedae; a\u00e7\u00e3o sobe 4%<\/h2><\/a><div class=\"newsContent__article__meta\"><div class=\"newsContent__article__meta__authorBox\"><a href=\"https:\/\/www.suno.com.br\/noticias\/author\/arthur-guimaraes\/\" class=\"authorBox__avatar noMobi\"><img src=\"https:\/\/files.sunoresearch.com.br\/n\/uploads\/2020\/02\/dfb40897-eu-150x150.webp\" alt=\"Arthur Guimar\u00e3es\"><\/a><div class=\"authorBox__name\"><span>por\n\t\t\t<a href=\"https:\/\/www.suno.com.br\/noticias\/author\/arthur-guimaraes\/\"><span itemprop=\"author\">Arthur Guimar\u00e3es<\/span><\/a><\/span><time datetime=\"2021-05-06T16:29:36-03:00\" itemprop=\"datePublished\">06\/05\/2021 16:29<\/time><\/div><\/div><\/div><\/div><\/div>","single_layout":"posts","amp_enabled":true,"_links":{"self":[{"href":"https:\/\/www.suno.com.br\/noticias\/wp-json\/wp\/v2\/posts\/145384"}],"collection":[{"href":"https:\/\/www.suno.com.br\/noticias\/wp-json\/wp\/v2\/posts"}],"about":[{"href":"https:\/\/www.suno.com.br\/noticias\/wp-json\/wp\/v2\/types\/post"}],"author":[{"embeddable":true,"href":"https:\/\/www.suno.com.br\/noticias\/wp-json\/wp\/v2\/users\/35"}],"replies":[{"embeddable":true,"href":"https:\/\/www.suno.com.br\/noticias\/wp-json\/wp\/v2\/comments?post=145384"}],"version-history":[{"count":1,"href":"https:\/\/www.suno.com.br\/noticias\/wp-json\/wp\/v2\/posts\/145384\/revisions"}],"predecessor-version":[{"id":145397,"href":"https:\/\/www.suno.com.br\/noticias\/wp-json\/wp\/v2\/posts\/145384\/revisions\/145397"}],"wp:featuredmedia":[{"embeddable":true,"href":"https:\/\/www.suno.com.br\/noticias\/wp-json\/wp\/v2\/media\/145396"}],"wp:attachment":[{"href":"https:\/\/www.suno.com.br\/noticias\/wp-json\/wp\/v2\/media?parent=145384"}],"wp:term":[{"taxonomy":"category","embeddable":true,"href":"https:\/\/www.suno.com.br\/noticias\/wp-json\/wp\/v2\/categories?post=145384"},{"taxonomy":"post_tag","embeddable":true,"href":"https:\/\/www.suno.com.br\/noticias\/wp-json\/wp\/v2\/tags?post=145384"},{"taxonomy":"suno_strategy","embeddable":true,"href":"https:\/\/www.suno.com.br\/noticias\/wp-json\/wp\/v2\/suno_strategy?post=145384"}],"curies":[{"name":"wp","href":"https:\/\/api.w.org\/{rel}","templated":true}]}}