{"id":145378,"date":"2021-05-06T16:50:18","date_gmt":"2021-05-06T19:50:18","guid":{"rendered":"https:\/\/www.suno.com.br\/noticias\/?p=145378"},"modified":"2021-05-06T17:57:14","modified_gmt":"2021-05-06T20:57:14","slug":"mmx-mmxm3-pretende-recurso-contra-falencia-subsidiaria","status":"publish","type":"post","link":"https:\/\/www.suno.com.br\/noticias\/mmx-mmxm3-pretende-recurso-contra-falencia-subsidiaria\/","title":{"rendered":"MMX (MMXM3) pretende entrar com recurso contra fal\u00eancia de subsidi\u00e1ria"},"content":{"rendered":"<p>A <a href=\"https:\/\/www.suno.com.br\/acoes\/mmxm3\/\"><strong>MMX<\/strong> (MMXM3)<\/a> voltou a se posicionar em rela\u00e7\u00e3o \u00e0 decreta\u00e7\u00e3o de <a href=\"https:\/\/www.suno.com.br\/artigos\/falencia\/\">fal\u00eancia da MMX Sudest<\/a>e pela 1\u00aa Vara Empresarial da Comarca de Belo Horizonte em fato relevante divulgado nesta quinta-feira (6). A minerado disse que pretende entrar com recurso no Tribunal de Justi\u00e7a de Minas Gerais (TJ-MG) contra a decis\u00e3o.<\/p>\t<div class=\"wrapper-featured-image\">\n\t\t<figure class=\"spotlightImg\">\n\n\t\t\t<picture>\n\t\t\t\t<source media=\"(max-width: 768px)\" srcset=\"https:\/\/files.sunoresearch.com.br\/n\/uploads\/2021\/04\/6e02ba8b-nature-3341112_1280-400x200.webp\">\n\t\t\t\t<img loading=\"lazy\" decoding=\"async\" class=\"newsContent__article__imgCapa lazyloadDisabled \" src=\"https:\/\/files.sunoresearch.com.br\/n\/uploads\/2021\/04\/6e02ba8b-nature-3341112_1280-800x450.webp\" width=\"800\" height=\"450\" alt=\"MMX (MMXM3) pretende entrar com recurso contra fal\u00eancia de subsidi\u00e1ria\" fetchpriority=high \/>\n\t\t\t<\/picture>\n\n\t\t\t<figcaption class=\"wp-caption-text wp-caption-text--show\">Min\u00e9rio de ferro. Foto: Vined, por Pixabay<\/figcaption>\n\t\t<\/figure>\n\t<\/div>\n\n\n\t<p>\n\t\t<a href=\"https:\/\/lp.suno.com.br\/planilha-controle-gastos\/\" target=\"_blank\" data-element=\"shortcode-suno-banner\" title=\"Banner SUNO, clique e saiba mais\">\n\t\t\t<picture>\n\t\t\t\t<source media=\"(max-width: 500px)\" srcset=\"https:\/\/files.sunoresearch.com.br\/n\/uploads\/2023\/03\/400x300-Planilha-controle-de-gastos.png\">\n\t\t\t\t<img class=\"newsContent__article__imgCapa newsContent__article__imgCapa--banner\"\n\t\t\t\t\tsrc=\"https:\/\/files.sunoresearch.com.br\/n\/uploads\/2023\/03\/1420x240-Planilha-controle-de-gastos.png\"\n\t\t\t\t\tdata-promo-id=\"101751\"\t\t\t\t\t\t\t\t\t\twidth='1420' height='240'\t\t\t\t\talt=\"https:\/\/files.sunoresearch.com.br\/n\/uploads\/2023\/03\/1420x240-Planilha-controle-de-gastos.png\"\n\t\t\t\t>\n\t\t\t<\/picture>\n\t\t<\/a>\n\t<\/p>\n\n\n<p>A MMX alega que a decis\u00e3o sobre a <strong>fal\u00eancia<\/strong> acolheu pedido do administrador judicial sem pr\u00e9via manifesta\u00e7\u00e3o da companhia, que n\u00e3o teve oportunidade de exercer o contradit\u00f3rio.<\/p>\n<p>Se a fal\u00eancia for confirmada, explica a MMX, exigir\u00e1 uma reformula\u00e7\u00e3o no <a href=\"https:\/\/www.suno.com.br\/artigos\/recuperacao-judicial\/\">Plano de Recupera\u00e7\u00e3o Judicial<\/a>, que est\u00e1 em elabora\u00e7\u00e3o e deve ser apresentado aos credores. Isso porque a explora\u00e7\u00e3o da Mina de Bom Sucesso, principal ativo da <strong>MMX Sudeste<\/strong>, deixaria de ser vi\u00e1vel.<\/p>\n<p><a href=\"https:\/\/lp.suno.com.br\/suno-one\/\">Suno One: acesse gratuitamente eBooks, Minicursos, Artigos e Video Aulas sobre investimentos com um \u00fanico cadastro. Clique para saber mais!<\/a><\/p>\n<p>A mineradora afirma ainda que est\u00e1 em contato com a China Development Integration Limited para tentar evitar a rescis\u00e3o do contrato de investimento, e est\u00e1 buscando um instrumento de garantia para assegurar um aporte de US$ 50 milh\u00f5es que ser\u00e1 apresentado no Plano de Recupera\u00e7\u00e3o Judicial.<\/p>\n<h2>MMX Sudeste tem fal\u00eancia decretada por Justi\u00e7a de MG<\/h2>\n<p>A MMX Sudeste teve a fal\u00eancia decretada na noite da \u00faltima quarta-feira (5). A decis\u00e3o foi tomada pela 1\u00aa Vara Empresarial de Belo Horizonte em fun\u00e7\u00e3o do descumprimento do plano de recupera\u00e7\u00e3o judicial proposto pela empresa. A fal\u00eancia ser\u00e1 publicada no Di\u00e1rio Oficial da Uni\u00e3o (DOU) na pr\u00f3xima sexta-feira (7).<\/p>\n\t<div data-element=\"shortcode-read-more\" class=\"knowMore\">\n\t\t\t\t<span class=\"knowMore__title\">Saiba mais<\/span>\n\t\t\t\t<a class=\"knowMore__link\" href=\"https:\/\/www.suno.com.br\/noticias\/mmx-sudeste-mmxm3-falencia-decretada\/\">\n\t\t\tMMX (MMXM3) tem fal\u00eancia decretada por Justi\u00e7a de MG\t\t<\/a>\n\t<\/div>\n\n\n<p>&#8220;Por diversas vezes nos autos os credores e o Administrador Judicial noticiaram o n\u00e3o cumprimento das obriga\u00e7\u00f5es impostas no PRJ e seu aditivo o que, por si s\u00f3, j\u00e1 \u00e9 suficiente para embasar o decreto de fal\u00eancia&#8221;, diz a senten\u00e7a estabelecida pela ju\u00edza Cl\u00e1udia Helena Batista.<\/p>\n<p>Na vis\u00e3o da magistrada, um novo prazo para a <strong>MMX<\/strong> Sudeste &#8220;se manifestar apenas agravaria o preju\u00edzo j\u00e1 causado aos credores que h\u00e1 anos tentam receber os cr\u00e9ditos que lhe s\u00e3o devidos&#8221;.<\/p>\n<p><em>(Com Estad\u00e3o Conte\u00fado)<\/em><\/p>\n\t<p>\n\t\t<a href=\"https:\/\/lp.suno.com.br\/planilha-de-controle-de-investimentos\/\" target=\"_blank\" data-element=\"shortcode-suno-banner\" title=\"Banner SUNO, clique e saiba mais\">\n\t\t\t<picture>\n\t\t\t\t<source media=\"(max-width: 500px)\" srcset=\"https:\/\/files.sunoresearch.com.br\/n\/uploads\/2023\/03\/400x300-Controle-de-Investimentos.png\">\n\t\t\t\t<img class=\"newsContent__article__imgCapa newsContent__article__imgCapa--banner\"\n\t\t\t\t\tsrc=\"https:\/\/files.sunoresearch.com.br\/n\/uploads\/2023\/03\/1420x240-Controle-de-Investimentos.png\"\n\t\t\t\t\tdata-promo-id=\"75934\"\t\t\t\t\t\t\t\t\t\twidth='1420' height='240'\t\t\t\t\talt=\"https:\/\/files.sunoresearch.com.br\/n\/uploads\/2023\/03\/1420x240-Controle-de-Investimentos.png\"\n\t\t\t\t>\n\t\t\t<\/picture>\n\t\t<\/a>\n\t<\/p>\n\n\n","protected":false},"excerpt":{"rendered":"<p>A MMX (MMXM3) voltou a se posicionar em rela\u00e7\u00e3o \u00e0 decreta\u00e7\u00e3o de fal\u00eancia da MMX Sudeste pela 1\u00aa Vara Empresarial da Comarca de Belo Horizonte em fato relevante divulgado nesta quinta-feira (6). A minerado disse que pretende entrar com recurso no Tribunal de Justi\u00e7a de Minas Gerais (TJ-MG) contra a decis\u00e3o. Min\u00e9rio de ferro. Foto: [&hellip;]<\/p>\n","protected":false},"author":35,"featured_media":140478,"comment_status":"closed","ping_status":"closed","sticky":false,"template":"","format":"standard","meta":[],"categories":[64],"tags":[979,565],"suno_strategy":[],"class_list":["post-145378","post","type-post","status-publish","format-standard","has-post-thumbnail","hentry","category-negocios","tag-falencia","tag-mmx-mmxm11-mmxm3"],"yoast_head":"<!-- This site is optimized with the Yoast SEO plugin v24.4 - https:\/\/yoast.com\/wordpress\/plugins\/seo\/ -->\n<title>MMX (MMXM3) pretende entrar com recurso contra fal\u00eancia de subsidi\u00e1ria<\/title>\n<meta name=\"description\" content=\"A MMX (MMXM3) voltou a se posicionar em rela\u00e7\u00e3o \u00e0 decreta\u00e7\u00e3o de fal\u00eancia da subsidi\u00e1ria pela 1\u00aa Vara Empresarial da Comarca de BH.\" \/>\n<meta name=\"robots\" content=\"index, follow, max-snippet:-1, max-image-preview:large, max-video-preview:-1\" \/>\n<link rel=\"canonical\" href=\"https:\/\/www.suno.com.br\/noticias\/mmx-mmxm3-pretende-recurso-contra-falencia-subsidiaria\/\" \/>\n<meta property=\"og:locale\" content=\"pt_BR\" \/>\n<meta property=\"og:type\" content=\"article\" \/>\n<meta property=\"og:title\" content=\"MMX (MMXM3) pretende entrar com recurso contra fal\u00eancia de subsidi\u00e1ria\" \/>\n<meta property=\"og:description\" content=\"A MMX (MMXM3) voltou a se posicionar em rela\u00e7\u00e3o \u00e0 decreta\u00e7\u00e3o de fal\u00eancia da subsidi\u00e1ria pela 1\u00aa Vara Empresarial da Comarca de BH.\" \/>\n<meta property=\"og:url\" content=\"https:\/\/www.suno.com.br\/noticias\/mmx-mmxm3-pretende-recurso-contra-falencia-subsidiaria\/\" \/>\n<meta property=\"og:site_name\" content=\"Suno Not\u00edcias\" \/>\n<meta property=\"article:publisher\" content=\"https:\/\/facebook.com\/sunoresearch\" \/>\n<meta property=\"og:image\" content=\"https:\/\/files.sunoresearch.com.br\/n\/uploads\/2021\/04\/6e02ba8b-nature-3341112_1280.jpg\" \/>\n\t<meta property=\"og:image:width\" content=\"1280\" \/>\n\t<meta property=\"og:image:height\" content=\"853\" \/>\n\t<meta property=\"og:image:type\" content=\"image\/jpeg\" \/>\n<meta name=\"author\" content=\"Arthur Guimar\u00e3es\" \/>\n<meta name=\"twitter:card\" content=\"summary_large_image\" \/>\n<meta name=\"twitter:creator\" content=\"@sunoresearch\" \/>\n<meta name=\"twitter:site\" content=\"@sunoresearch\" \/>\n<meta name=\"twitter:label1\" content=\"Escrito por\" \/>\n\t<meta name=\"twitter:data1\" content=\"Arthur Guimar\u00e3es\" \/>\n\t<meta name=\"twitter:label2\" content=\"Est. tempo de leitura\" \/>\n\t<meta name=\"twitter:data2\" content=\"2 minutos\" \/>\n<script type=\"application\/ld+json\" class=\"yoast-schema-graph\">{\"@context\":\"https:\/\/schema.org\",\"@graph\":[{\"@type\":\"NewsArticle\",\"@id\":\"https:\/\/www.suno.com.br\/noticias\/mmx-mmxm3-pretende-recurso-contra-falencia-subsidiaria\/#article\",\"isPartOf\":{\"@id\":\"https:\/\/www.suno.com.br\/noticias\/mmx-mmxm3-pretende-recurso-contra-falencia-subsidiaria\/\"},\"author\":{\"name\":\"Arthur Guimar\u00e3es\",\"@id\":\"https:\/\/www.suno.com.br\/noticias\/#\/schema\/person\/053a750a709a263919a20f976caae91c\"},\"headline\":\"MMX (MMXM3) pretende entrar com recurso contra fal\u00eancia de subsidi\u00e1ria\",\"datePublished\":\"2021-05-06T19:50:18+00:00\",\"dateModified\":\"2021-05-06T20:57:14+00:00\",\"mainEntityOfPage\":{\"@id\":\"https:\/\/www.suno.com.br\/noticias\/mmx-mmxm3-pretende-recurso-contra-falencia-subsidiaria\/\"},\"wordCount\":387,\"publisher\":{\"@id\":\"https:\/\/www.suno.com.br\/noticias\/#organization\"},\"image\":{\"@id\":\"https:\/\/www.suno.com.br\/noticias\/mmx-mmxm3-pretende-recurso-contra-falencia-subsidiaria\/#primaryimage\"},\"thumbnailUrl\":\"https:\/\/files.sunoresearch.com.br\/n\/uploads\/2021\/04\/6e02ba8b-nature-3341112_1280-jpg.webp\",\"keywords\":[\"fal\u00eancia\",\"MMX (MMXM11\/MMXM3)\"],\"articleSection\":[\"Neg\u00f3cios\"],\"inLanguage\":\"pt-BR\"},{\"@type\":\"WebPage\",\"@id\":\"https:\/\/www.suno.com.br\/noticias\/mmx-mmxm3-pretende-recurso-contra-falencia-subsidiaria\/\",\"url\":\"https:\/\/www.suno.com.br\/noticias\/mmx-mmxm3-pretende-recurso-contra-falencia-subsidiaria\/\",\"name\":\"MMX (MMXM3) pretende entrar com recurso contra fal\u00eancia de subsidi\u00e1ria\",\"isPartOf\":{\"@id\":\"https:\/\/www.suno.com.br\/noticias\/#website\"},\"primaryImageOfPage\":{\"@id\":\"https:\/\/www.suno.com.br\/noticias\/mmx-mmxm3-pretende-recurso-contra-falencia-subsidiaria\/#primaryimage\"},\"image\":{\"@id\":\"https:\/\/www.suno.com.br\/noticias\/mmx-mmxm3-pretende-recurso-contra-falencia-subsidiaria\/#primaryimage\"},\"thumbnailUrl\":\"https:\/\/files.sunoresearch.com.br\/n\/uploads\/2021\/04\/6e02ba8b-nature-3341112_1280-jpg.webp\",\"datePublished\":\"2021-05-06T19:50:18+00:00\",\"dateModified\":\"2021-05-06T20:57:14+00:00\",\"description\":\"A MMX (MMXM3) voltou a se posicionar em rela\u00e7\u00e3o \u00e0 decreta\u00e7\u00e3o de fal\u00eancia da subsidi\u00e1ria pela 1\u00aa Vara Empresarial da Comarca de BH.\",\"breadcrumb\":{\"@id\":\"https:\/\/www.suno.com.br\/noticias\/mmx-mmxm3-pretende-recurso-contra-falencia-subsidiaria\/#breadcrumb\"},\"inLanguage\":\"pt-BR\",\"potentialAction\":[{\"@type\":\"ReadAction\",\"target\":[\"https:\/\/www.suno.com.br\/noticias\/mmx-mmxm3-pretende-recurso-contra-falencia-subsidiaria\/\"]}]},{\"@type\":\"ImageObject\",\"inLanguage\":\"pt-BR\",\"@id\":\"https:\/\/www.suno.com.br\/noticias\/mmx-mmxm3-pretende-recurso-contra-falencia-subsidiaria\/#primaryimage\",\"url\":\"https:\/\/files.sunoresearch.com.br\/n\/uploads\/2021\/04\/6e02ba8b-nature-3341112_1280-jpg.webp\",\"contentUrl\":\"https:\/\/files.sunoresearch.com.br\/n\/uploads\/2021\/04\/6e02ba8b-nature-3341112_1280-jpg.webp\",\"width\":1280,\"height\":853,\"caption\":\"Min\u00e9rio de ferro. Foto: Vined, por Pixabay\"},{\"@type\":\"BreadcrumbList\",\"@id\":\"https:\/\/www.suno.com.br\/noticias\/mmx-mmxm3-pretende-recurso-contra-falencia-subsidiaria\/#breadcrumb\",\"itemListElement\":[{\"@type\":\"ListItem\",\"position\":1,\"name\":\"Not\u00edcias\",\"item\":\"https:\/\/www.suno.com.br\/noticias\/\"},{\"@type\":\"ListItem\",\"position\":2,\"name\":\"Neg\u00f3cios\",\"item\":\"https:\/\/www.suno.com.br\/noticias\/negocios\/\"},{\"@type\":\"ListItem\",\"position\":3,\"name\":\"MMX (MMXM3) pretende entrar com recurso contra fal\u00eancia de subsidi\u00e1ria\"}]},{\"@type\":\"WebSite\",\"@id\":\"https:\/\/www.suno.com.br\/noticias\/#website\",\"url\":\"https:\/\/www.suno.com.br\/noticias\/\",\"name\":\"Suno Not\u00edcias\",\"description\":\"Seu portal de informa\u00e7\u00e3o sobre o mundo dos investimentos\",\"publisher\":{\"@id\":\"https:\/\/www.suno.com.br\/noticias\/#organization\"},\"potentialAction\":[{\"@type\":\"SearchAction\",\"target\":{\"@type\":\"EntryPoint\",\"urlTemplate\":\"https:\/\/www.suno.com.br\/noticias\/?s={search_term_string}\"},\"query-input\":{\"@type\":\"PropertyValueSpecification\",\"valueRequired\":true,\"valueName\":\"search_term_string\"}}],\"inLanguage\":\"pt-BR\"},{\"@type\":\"Organization\",\"@id\":\"https:\/\/www.suno.com.br\/noticias\/#organization\",\"name\":\"Suno Not\u00edcias\",\"url\":\"https:\/\/www.suno.com.br\/noticias\/\",\"logo\":{\"@type\":\"ImageObject\",\"inLanguage\":\"pt-BR\",\"@id\":\"https:\/\/www.suno.com.br\/noticias\/#\/schema\/logo\/image\/\",\"url\":\"https:\/\/files.sunoresearch.com.br\/n\/uploads\/2021\/09\/suno-logo.png\",\"contentUrl\":\"https:\/\/files.sunoresearch.com.br\/n\/uploads\/2021\/09\/suno-logo.png\",\"width\":180,\"height\":180,\"caption\":\"Suno Not\u00edcias\"},\"image\":{\"@id\":\"https:\/\/www.suno.com.br\/noticias\/#\/schema\/logo\/image\/\"},\"sameAs\":[\"https:\/\/facebook.com\/sunoresearch\",\"https:\/\/x.com\/sunoresearch\",\"https:\/\/www.instagram.com\/suno\",\"https:\/\/www.linkedin.com\/company\/suno-research\/\",\"https:\/\/www.youtube.com\/c\/sunoresearch\"]},{\"@type\":\"Person\",\"@id\":\"https:\/\/www.suno.com.br\/noticias\/#\/schema\/person\/053a750a709a263919a20f976caae91c\",\"name\":\"Arthur Guimar\u00e3es\",\"image\":{\"@type\":\"ImageObject\",\"inLanguage\":\"pt-BR\",\"@id\":\"https:\/\/www.suno.com.br\/noticias\/#\/schema\/person\/image\/\",\"url\":\"https:\/\/secure.gravatar.com\/avatar\/1affd86a11209ae09eb6dd3bcad3e96c?s=96&r=g\",\"contentUrl\":\"https:\/\/secure.gravatar.com\/avatar\/1affd86a11209ae09eb6dd3bcad3e96c?s=96&r=g\",\"caption\":\"Arthur Guimar\u00e3es\"},\"description\":\"Arthur Guimar\u00e3es escreve sobre pol\u00edtica, economia e neg\u00f3cios para o portal de not\u00edcias da Suno Research. Atualmente, \u00e9 estudante de jornalismo pela Faculdade C\u00e1sper L\u00edbero.\",\"url\":\"https:\/\/www.suno.com.br\/noticias\/author\/arthur-guimaraes\/\"}]}<\/script>\n<!-- \/ Yoast SEO plugin. -->","yoast_head_json":{"title":"MMX (MMXM3) pretende entrar com recurso contra fal\u00eancia de subsidi\u00e1ria","description":"A MMX (MMXM3) voltou a se posicionar em rela\u00e7\u00e3o \u00e0 decreta\u00e7\u00e3o de fal\u00eancia da subsidi\u00e1ria pela 1\u00aa Vara Empresarial da Comarca de BH.","robots":{"index":"index","follow":"follow","max-snippet":"max-snippet:-1","max-image-preview":"max-image-preview:large","max-video-preview":"max-video-preview:-1"},"canonical":"https:\/\/www.suno.com.br\/noticias\/mmx-mmxm3-pretende-recurso-contra-falencia-subsidiaria\/","og_locale":"pt_BR","og_type":"article","og_title":"MMX (MMXM3) pretende entrar com recurso contra fal\u00eancia de subsidi\u00e1ria","og_description":"A MMX (MMXM3) voltou a se posicionar em rela\u00e7\u00e3o \u00e0 decreta\u00e7\u00e3o de fal\u00eancia da subsidi\u00e1ria pela 1\u00aa Vara Empresarial da Comarca de BH.","og_url":"https:\/\/www.suno.com.br\/noticias\/mmx-mmxm3-pretende-recurso-contra-falencia-subsidiaria\/","og_site_name":"Suno Not\u00edcias","article_publisher":"https:\/\/facebook.com\/sunoresearch","og_image":[{"width":1280,"height":853,"url":"https:\/\/files.sunoresearch.com.br\/n\/uploads\/2021\/04\/6e02ba8b-nature-3341112_1280.jpg","type":"image\/jpeg"}],"author":"Arthur Guimar\u00e3es","twitter_card":"summary_large_image","twitter_creator":"@sunoresearch","twitter_site":"@sunoresearch","twitter_misc":{"Escrito por":"Arthur Guimar\u00e3es","Est. tempo de leitura":"2 minutos"},"schema":{"@context":"https:\/\/schema.org","@graph":[{"@type":"NewsArticle","@id":"https:\/\/www.suno.com.br\/noticias\/mmx-mmxm3-pretende-recurso-contra-falencia-subsidiaria\/#article","isPartOf":{"@id":"https:\/\/www.suno.com.br\/noticias\/mmx-mmxm3-pretende-recurso-contra-falencia-subsidiaria\/"},"author":{"name":"Arthur Guimar\u00e3es","@id":"https:\/\/www.suno.com.br\/noticias\/#\/schema\/person\/053a750a709a263919a20f976caae91c"},"headline":"MMX (MMXM3) pretende entrar com recurso contra fal\u00eancia de subsidi\u00e1ria","datePublished":"2021-05-06T19:50:18+00:00","dateModified":"2021-05-06T20:57:14+00:00","mainEntityOfPage":{"@id":"https:\/\/www.suno.com.br\/noticias\/mmx-mmxm3-pretende-recurso-contra-falencia-subsidiaria\/"},"wordCount":387,"publisher":{"@id":"https:\/\/www.suno.com.br\/noticias\/#organization"},"image":{"@id":"https:\/\/www.suno.com.br\/noticias\/mmx-mmxm3-pretende-recurso-contra-falencia-subsidiaria\/#primaryimage"},"thumbnailUrl":"https:\/\/files.sunoresearch.com.br\/n\/uploads\/2021\/04\/6e02ba8b-nature-3341112_1280-jpg.webp","keywords":["fal\u00eancia","MMX (MMXM11\/MMXM3)"],"articleSection":["Neg\u00f3cios"],"inLanguage":"pt-BR"},{"@type":"WebPage","@id":"https:\/\/www.suno.com.br\/noticias\/mmx-mmxm3-pretende-recurso-contra-falencia-subsidiaria\/","url":"https:\/\/www.suno.com.br\/noticias\/mmx-mmxm3-pretende-recurso-contra-falencia-subsidiaria\/","name":"MMX (MMXM3) pretende entrar com recurso contra fal\u00eancia de subsidi\u00e1ria","isPartOf":{"@id":"https:\/\/www.suno.com.br\/noticias\/#website"},"primaryImageOfPage":{"@id":"https:\/\/www.suno.com.br\/noticias\/mmx-mmxm3-pretende-recurso-contra-falencia-subsidiaria\/#primaryimage"},"image":{"@id":"https:\/\/www.suno.com.br\/noticias\/mmx-mmxm3-pretende-recurso-contra-falencia-subsidiaria\/#primaryimage"},"thumbnailUrl":"https:\/\/files.sunoresearch.com.br\/n\/uploads\/2021\/04\/6e02ba8b-nature-3341112_1280-jpg.webp","datePublished":"2021-05-06T19:50:18+00:00","dateModified":"2021-05-06T20:57:14+00:00","description":"A MMX (MMXM3) voltou a se posicionar em rela\u00e7\u00e3o \u00e0 decreta\u00e7\u00e3o de fal\u00eancia da subsidi\u00e1ria pela 1\u00aa Vara Empresarial da Comarca de BH.","breadcrumb":{"@id":"https:\/\/www.suno.com.br\/noticias\/mmx-mmxm3-pretende-recurso-contra-falencia-subsidiaria\/#breadcrumb"},"inLanguage":"pt-BR","potentialAction":[{"@type":"ReadAction","target":["https:\/\/www.suno.com.br\/noticias\/mmx-mmxm3-pretende-recurso-contra-falencia-subsidiaria\/"]}]},{"@type":"ImageObject","inLanguage":"pt-BR","@id":"https:\/\/www.suno.com.br\/noticias\/mmx-mmxm3-pretende-recurso-contra-falencia-subsidiaria\/#primaryimage","url":"https:\/\/files.sunoresearch.com.br\/n\/uploads\/2021\/04\/6e02ba8b-nature-3341112_1280-jpg.webp","contentUrl":"https:\/\/files.sunoresearch.com.br\/n\/uploads\/2021\/04\/6e02ba8b-nature-3341112_1280-jpg.webp","width":1280,"height":853,"caption":"Min\u00e9rio de ferro. Foto: Vined, por Pixabay"},{"@type":"BreadcrumbList","@id":"https:\/\/www.suno.com.br\/noticias\/mmx-mmxm3-pretende-recurso-contra-falencia-subsidiaria\/#breadcrumb","itemListElement":[{"@type":"ListItem","position":1,"name":"Not\u00edcias","item":"https:\/\/www.suno.com.br\/noticias\/"},{"@type":"ListItem","position":2,"name":"Neg\u00f3cios","item":"https:\/\/www.suno.com.br\/noticias\/negocios\/"},{"@type":"ListItem","position":3,"name":"MMX (MMXM3) pretende entrar com recurso contra fal\u00eancia de subsidi\u00e1ria"}]},{"@type":"WebSite","@id":"https:\/\/www.suno.com.br\/noticias\/#website","url":"https:\/\/www.suno.com.br\/noticias\/","name":"Suno Not\u00edcias","description":"Seu portal de informa\u00e7\u00e3o sobre o mundo dos investimentos","publisher":{"@id":"https:\/\/www.suno.com.br\/noticias\/#organization"},"potentialAction":[{"@type":"SearchAction","target":{"@type":"EntryPoint","urlTemplate":"https:\/\/www.suno.com.br\/noticias\/?s={search_term_string}"},"query-input":{"@type":"PropertyValueSpecification","valueRequired":true,"valueName":"search_term_string"}}],"inLanguage":"pt-BR"},{"@type":"Organization","@id":"https:\/\/www.suno.com.br\/noticias\/#organization","name":"Suno Not\u00edcias","url":"https:\/\/www.suno.com.br\/noticias\/","logo":{"@type":"ImageObject","inLanguage":"pt-BR","@id":"https:\/\/www.suno.com.br\/noticias\/#\/schema\/logo\/image\/","url":"https:\/\/files.sunoresearch.com.br\/n\/uploads\/2021\/09\/suno-logo.png","contentUrl":"https:\/\/files.sunoresearch.com.br\/n\/uploads\/2021\/09\/suno-logo.png","width":180,"height":180,"caption":"Suno Not\u00edcias"},"image":{"@id":"https:\/\/www.suno.com.br\/noticias\/#\/schema\/logo\/image\/"},"sameAs":["https:\/\/facebook.com\/sunoresearch","https:\/\/x.com\/sunoresearch","https:\/\/www.instagram.com\/suno","https:\/\/www.linkedin.com\/company\/suno-research\/","https:\/\/www.youtube.com\/c\/sunoresearch"]},{"@type":"Person","@id":"https:\/\/www.suno.com.br\/noticias\/#\/schema\/person\/053a750a709a263919a20f976caae91c","name":"Arthur Guimar\u00e3es","image":{"@type":"ImageObject","inLanguage":"pt-BR","@id":"https:\/\/www.suno.com.br\/noticias\/#\/schema\/person\/image\/","url":"https:\/\/secure.gravatar.com\/avatar\/1affd86a11209ae09eb6dd3bcad3e96c?s=96&r=g","contentUrl":"https:\/\/secure.gravatar.com\/avatar\/1affd86a11209ae09eb6dd3bcad3e96c?s=96&r=g","caption":"Arthur Guimar\u00e3es"},"description":"Arthur Guimar\u00e3es escreve sobre pol\u00edtica, economia e neg\u00f3cios para o portal de not\u00edcias da Suno Research. Atualmente, \u00e9 estudante de jornalismo pela Faculdade C\u00e1sper L\u00edbero.","url":"https:\/\/www.suno.com.br\/noticias\/author\/arthur-guimaraes\/"}]}},"default_loop_html":"<div class=\"cardsPage__listCard__boxs\"><div class=\"cardsPage__listCard__boxs__img\"><a href=\"https:\/\/www.suno.com.br\/noticias\/mmx-mmxm3-pretende-recurso-contra-falencia-subsidiaria\/\"><img class=\"mask\" src=\"https:\/\/www.suno.com.br\/noticias\/wp-content\/themes\/suno\/resources\/images\/spotlight\/spotlight1img\/bg-mask.png\" alt=\"Image Mask\"\/><img src=\"https:\/\/files.sunoresearch.com.br\/n\/uploads\/2021\/04\/6e02ba8b-nature-3341112_1280-400x200.webp\" alt=\"MMX (MMXM3) pretende entrar com recurso contra fal\u00eancia de subsidi\u00e1ria\"\/><\/a><span class=\"spotlightCategory\"><a href=\"https:\/\/www.suno.com.br\/noticias\/negocios\/\">Neg\u00f3cios<\/a><\/span><\/div><div class=\"cardsPage__listCard__boxs__content\"><a href=\"https:\/\/www.suno.com.br\/noticias\/mmx-mmxm3-pretende-recurso-contra-falencia-subsidiaria\/\"><h2 class=\"content__title\">MMX (MMXM3) pretende entrar com recurso contra fal\u00eancia de subsidi\u00e1ria<\/h2><\/a><div class=\"newsContent__article__meta\"><div class=\"newsContent__article__meta__authorBox\"><a href=\"https:\/\/www.suno.com.br\/noticias\/author\/arthur-guimaraes\/\" class=\"authorBox__avatar noMobi\"><img src=\"https:\/\/files.sunoresearch.com.br\/n\/uploads\/2020\/02\/dfb40897-eu-150x150.webp\" alt=\"Arthur Guimar\u00e3es\"><\/a><div class=\"authorBox__name\"><span>por\n\t\t\t<a href=\"https:\/\/www.suno.com.br\/noticias\/author\/arthur-guimaraes\/\"><span itemprop=\"author\">Arthur Guimar\u00e3es<\/span><\/a><\/span><time datetime=\"2021-05-06T16:50:18-03:00\" itemprop=\"datePublished\">06\/05\/2021 16:50<\/time><\/div><\/div><\/div><\/div><\/div>","single_layout":"posts","amp_enabled":true,"_links":{"self":[{"href":"https:\/\/www.suno.com.br\/noticias\/wp-json\/wp\/v2\/posts\/145378"}],"collection":[{"href":"https:\/\/www.suno.com.br\/noticias\/wp-json\/wp\/v2\/posts"}],"about":[{"href":"https:\/\/www.suno.com.br\/noticias\/wp-json\/wp\/v2\/types\/post"}],"author":[{"embeddable":true,"href":"https:\/\/www.suno.com.br\/noticias\/wp-json\/wp\/v2\/users\/35"}],"replies":[{"embeddable":true,"href":"https:\/\/www.suno.com.br\/noticias\/wp-json\/wp\/v2\/comments?post=145378"}],"version-history":[{"count":2,"href":"https:\/\/www.suno.com.br\/noticias\/wp-json\/wp\/v2\/posts\/145378\/revisions"}],"predecessor-version":[{"id":145399,"href":"https:\/\/www.suno.com.br\/noticias\/wp-json\/wp\/v2\/posts\/145378\/revisions\/145399"}],"wp:featuredmedia":[{"embeddable":true,"href":"https:\/\/www.suno.com.br\/noticias\/wp-json\/wp\/v2\/media\/140478"}],"wp:attachment":[{"href":"https:\/\/www.suno.com.br\/noticias\/wp-json\/wp\/v2\/media?parent=145378"}],"wp:term":[{"taxonomy":"category","embeddable":true,"href":"https:\/\/www.suno.com.br\/noticias\/wp-json\/wp\/v2\/categories?post=145378"},{"taxonomy":"post_tag","embeddable":true,"href":"https:\/\/www.suno.com.br\/noticias\/wp-json\/wp\/v2\/tags?post=145378"},{"taxonomy":"suno_strategy","embeddable":true,"href":"https:\/\/www.suno.com.br\/noticias\/wp-json\/wp\/v2\/suno_strategy?post=145378"}],"curies":[{"name":"wp","href":"https:\/\/api.w.org\/{rel}","templated":true}]}}