{"id":145194,"date":"2021-05-06T08:29:53","date_gmt":"2021-05-06T11:29:53","guid":{"rendered":"https:\/\/www.suno.com.br\/noticias\/?p=145194"},"modified":"2021-05-06T08:29:53","modified_gmt":"2021-05-06T11:29:53","slug":"sanepar-sapr11-situacao-emergencial-rodizio","status":"publish","type":"post","link":"https:\/\/www.suno.com.br\/noticias\/sanepar-sapr11-situacao-emergencial-rodizio\/","title":{"rendered":"Sanepar (SAPR11) alerta para situa\u00e7\u00e3o emergencial e far\u00e1 rod\u00edzio"},"content":{"rendered":"<p>A <a href=\"https:\/\/www.suno.com.br\/acoes\/sapr11\/\"><strong>Sanepar<\/strong> (SAPR11)<\/a> alertou sobre a situa\u00e7\u00e3o de emerg\u00eancia h\u00eddrica nas regi\u00f5es metropolitana de Curitiba e Sudoeste do Paran\u00e1. Em fato relevante divulgado na noite da \u00faltima quarta-feira (5), a companhia citou que o governo do estado est\u00e1 avaliando a redu\u00e7\u00e3o do volume de \u00e1gua dispon\u00edvel para capta\u00e7\u00e3o para o consumo humano e dessedenta\u00e7\u00e3o de animais, causada pela estiagem.<\/p>\t<div class=\"wrapper-featured-image\">\n\t\t<figure class=\"spotlightImg\">\n\n\t\t\t<picture>\n\t\t\t\t<source media=\"(max-width: 768px)\" srcset=\"https:\/\/files.sunoresearch.com.br\/n\/uploads\/2021\/04\/6ba5dfa8-agua-rodizio-400x200.webp\">\n\t\t\t\t<img loading=\"lazy\" decoding=\"async\" class=\"newsContent__article__imgCapa lazyloadDisabled \" src=\"https:\/\/files.sunoresearch.com.br\/n\/uploads\/2021\/04\/6ba5dfa8-agua-rodizio-800x450.webp\" width=\"800\" height=\"450\" alt=\"Sanepar (SAPR11) alerta para situa\u00e7\u00e3o emergencial e far\u00e1 rod\u00edzio\" fetchpriority=high \/>\n\t\t\t<\/picture>\n\n\t\t\t<figcaption class=\"wp-caption-text wp-caption-text--show\">Sanepar (SAPR11). Foto: Foto: Pedro Fran\u00e7a\/Ag\u00eancia Senado.<\/figcaption>\n\t\t<\/figure>\n\t<\/div>\n\n\n\t<p>\n\t\t<a href=\"https:\/\/lp.suno.com.br\/planilha-controle-gastos\/\" target=\"_blank\" data-element=\"shortcode-suno-banner\" title=\"Banner SUNO, clique e saiba mais\">\n\t\t\t<picture>\n\t\t\t\t<source media=\"(max-width: 500px)\" srcset=\"https:\/\/files.sunoresearch.com.br\/n\/uploads\/2023\/03\/400x300-Planilha-controle-de-gastos.png\">\n\t\t\t\t<img class=\"newsContent__article__imgCapa newsContent__article__imgCapa--banner\"\n\t\t\t\t\tsrc=\"https:\/\/files.sunoresearch.com.br\/n\/uploads\/2023\/03\/1420x240-Planilha-controle-de-gastos.png\"\n\t\t\t\t\tdata-promo-id=\"101751\"\t\t\t\t\t\t\t\t\t\twidth='1420' height='240'\t\t\t\t\talt=\"https:\/\/files.sunoresearch.com.br\/n\/uploads\/2023\/03\/1420x240-Planilha-controle-de-gastos.png\"\n\t\t\t\t>\n\t\t\t<\/picture>\n\t\t<\/a>\n\t<\/p>\n\n\n<p>Com isso, a Sanepar e demais prestadoras de servi\u00e7o de <strong>saneamento <\/strong>foram autorizadas a executar <strong>rod\u00edzio<\/strong> de distribui\u00e7\u00e3o de 24 horas considerado da interrup\u00e7\u00e3o at\u00e9 a retomada do abastencimento, com prazo de normaliza\u00e7\u00e3o de at\u00e9 mais 24 hora, como uma a\u00e7\u00e3o mitigadora.<\/p>\n<p>Segundo a empresa, tais limites podem ser ampliados em &#8220;situa\u00e7\u00f5es emergenciais de manuten\u00e7\u00e3o ou decorrentes de caso fortuito e for\u00e7a maior, devendo ser comunicadas para a popula\u00e7\u00e3o e \u00f3rg\u00e3os de fiscaliza\u00e7\u00e3o&#8221;.<\/p>\n<p><a href=\"https:\/\/lp.suno.com.br\/suno-one\/\"><span style=\"font-weight: 400;\">Suno One: acesse gratuitamente eBooks, Minicursos, Artigos e Video Aulas sobre investimentos com um \u00fanico cadastro. Clique para saber mais!<\/span><\/a><\/p>\n<p>O <strong>Instituto \u00c1gua e Terra<\/strong> (IAT), com o objetivo de outorga de direito de uso de recursos h\u00eddricos e autoriza\u00e7\u00f5es ambientais, realizar\u00e1 a\u00e7\u00f5es emergenciais voltadas ao abastecimento p\u00fablico priorizando as demandas das prestadoras de servi\u00e7o com este fim.<\/p>\n<p>O decreto n\u00ba 7554, firmado na \u00faltima ter\u00e7a-feira (4), ter\u00e1 validade de 90 dias, podendo ser revisto a depender da evolu\u00e7\u00e3o da situa\u00e7\u00e3o nas regi\u00f5es do Paran\u00e1, disse a companhia.<\/p>\n\t<div data-element=\"shortcode-read-more\" class=\"knowMore\">\n\t\t\t\t<span class=\"knowMore__title\">Leia mais<\/span>\n\t\t\t\t<a class=\"knowMore__link\" href=\"https:\/\/www.suno.com.br\/noticias\/sanepar-sapr11-aplica-reajuste-tarifa\/\">\n\t\t\tSanepar (SAPR11) aplicar\u00e1 reajuste de 5,77% em tarifa de \u00e1gua e esgoto\t\t<\/a>\n\t<\/div>\n\n\n<h2>Sanepar pagar\u00e1 R$ 296,4 milh\u00f5es em JCP<\/h2>\n<p>A Sanepar aprovou, no fim do m\u00eas passado, o pagamento de <a href=\"https:\/\/www.suno.com.br\/artigos\/entenda-o-jcp\/\">juros sobre o capital pr\u00f3prio (JCP)<\/a> relativos ao primeiro e segundo semestres do ano passado. Os proventos foram deliberados pelo Conselho de Administra\u00e7\u00e3o da companhia em junho e dezembro de 2020.<\/p>\n\t<p>\n\t\t<a href=\"https:\/\/lp.suno.com.br\/planilha-da-vida-financeira\/\" target=\"_blank\" data-element=\"shortcode-suno-banner\" title=\"Banner SUNO, clique e saiba mais\">\n\t\t\t<picture>\n\t\t\t\t<source media=\"(max-width: 500px)\" srcset=\"https:\/\/files.sunoresearch.com.br\/n\/uploads\/2023\/04\/400x300-Planilha-vida-financeira-true.png\">\n\t\t\t\t<img class=\"newsContent__article__imgCapa newsContent__article__imgCapa--banner\"\n\t\t\t\t\tsrc=\"https:\/\/files.sunoresearch.com.br\/n\/uploads\/2023\/04\/1420x240-Planilha-vida-financeira-true.png\"\n\t\t\t\t\tdata-promo-id=\"106682\"\t\t\t\t\t\t\t\t\t\twidth='1420' height='240'\t\t\t\t\talt=\"https:\/\/files.sunoresearch.com.br\/n\/uploads\/2023\/04\/1420x240-Planilha-vida-financeira-true.png\"\n\t\t\t\t>\n\t\t\t<\/picture>\n\t\t<\/a>\n\t<\/p>\n\n\n<p>At\u00e9 junho, a companhia aprovou o pagamento de R$ 150,68 milh\u00f5es em JCP, com base nos resultados do primeiro semestre. O montante equivale a cerca de R$ 0,093 por a\u00e7\u00e3o ordin\u00e1ria, R$ 0,102 <a href=\"https:\/\/www.suno.com.br\/artigos\/o-que-sao-acoes-ordinarias-preferenciais-e-units\/#:~:text=O%20que%20s%C3%A3o%20A%C3%A7%C3%B5es%20Preferenciais,chamadas%20de%20%E2%80%9CA%C3%A7%C3%B5es%20PN%E2%80%9C.&amp;text=Esse%20tipo%20de%20a%C3%A7%C3%A3o%20n%C3%A3o,caso%20de%20liquida%C3%A7%C3%A3o%20da%20empresa.\">por papel preferencial<\/a> e R$ 0,504 por unit. Ter\u00e3o direito os acionistas com posi\u00e7\u00e3o acion\u00e1ria em 30 de junho de 2020.<\/p>\n<p>J\u00e1 em dezembro, a companhia deliberou sobre o pagamento de R$ 145,74 milh\u00f5es em juros, com base nos resultados do segundo semestre. O montante equivale a R$ 0,0904 por a\u00e7\u00e3o ordin\u00e1ria, R$ 0,0994 por papel preferencial e R$ 0,488 por unit. Ter\u00e3o direito os investidores com posi\u00e7\u00e3o em 30 de dezembro do ano passado.<\/p>\n<p>Segundo a <strong>Sanepar<\/strong>, o pagamento que totaliza R$ 0,992 por unit ser\u00e1 realizado no dia 18 de junho de 2021.<\/p>\n\t<p>\n\t\t<a href=\"https:\/\/lp.suno.com.br\/planilha-de-controle-de-investimentos\/\" target=\"_blank\" data-element=\"shortcode-suno-banner\" title=\"Banner SUNO, clique e saiba mais\">\n\t\t\t<picture>\n\t\t\t\t<source media=\"(max-width: 500px)\" srcset=\"https:\/\/files.sunoresearch.com.br\/n\/uploads\/2023\/03\/400x300-Controle-de-Investimentos.png\">\n\t\t\t\t<img class=\"newsContent__article__imgCapa newsContent__article__imgCapa--banner\"\n\t\t\t\t\tsrc=\"https:\/\/files.sunoresearch.com.br\/n\/uploads\/2023\/03\/1420x240-Controle-de-Investimentos.png\"\n\t\t\t\t\tdata-promo-id=\"75934\"\t\t\t\t\t\t\t\t\t\twidth='1420' height='240'\t\t\t\t\talt=\"https:\/\/files.sunoresearch.com.br\/n\/uploads\/2023\/03\/1420x240-Controle-de-Investimentos.png\"\n\t\t\t\t>\n\t\t\t<\/picture>\n\t\t<\/a>\n\t<\/p>\n\n\n","protected":false},"excerpt":{"rendered":"<p>A Sanepar (SAPR11) alertou sobre a situa\u00e7\u00e3o de emerg\u00eancia h\u00eddrica nas regi\u00f5es metropolitana de Curitiba e Sudoeste do Paran\u00e1. Em fato relevante divulgado na noite da \u00faltima quarta-feira (5), a companhia citou que o governo do estado est\u00e1 avaliando a redu\u00e7\u00e3o do volume de \u00e1gua dispon\u00edvel para capta\u00e7\u00e3o para o consumo humano e dessedenta\u00e7\u00e3o de [&hellip;]<\/p>\n","protected":false},"author":24,"featured_media":139643,"comment_status":"closed","ping_status":"closed","sticky":false,"template":"","format":"standard","meta":[],"categories":[64],"tags":[622],"suno_strategy":[],"class_list":["post-145194","post","type-post","status-publish","format-standard","has-post-thumbnail","hentry","category-negocios","tag-sanepar-sapr11-sapr3-sapr4"],"yoast_head":"<!-- This site is optimized with the Yoast SEO plugin v24.4 - https:\/\/yoast.com\/wordpress\/plugins\/seo\/ -->\n<title>Sanepar (SAPR11) alerta para situa\u00e7\u00e3o emergencial e far\u00e1 rod\u00edzio<\/title>\n<meta name=\"description\" content=\"A Sanepar (SAPR11) alertou sobre a situa\u00e7\u00e3o de emerg\u00eancia h\u00eddrica no Paran\u00e1 e far\u00e1 rod\u00edzio de distribui\u00e7\u00e3o. Clique aqui e saiba mais.\" \/>\n<meta name=\"robots\" content=\"index, follow, max-snippet:-1, max-image-preview:large, max-video-preview:-1\" \/>\n<link rel=\"canonical\" href=\"https:\/\/www.suno.com.br\/noticias\/sanepar-sapr11-situacao-emergencial-rodizio\/\" \/>\n<meta property=\"og:locale\" content=\"pt_BR\" \/>\n<meta property=\"og:type\" content=\"article\" \/>\n<meta property=\"og:title\" content=\"Sanepar (SAPR11) alerta para situa\u00e7\u00e3o emergencial e far\u00e1 rod\u00edzio\" \/>\n<meta property=\"og:description\" content=\"A Sanepar (SAPR11) alertou sobre a situa\u00e7\u00e3o de emerg\u00eancia h\u00eddrica no Paran\u00e1 e far\u00e1 rod\u00edzio de distribui\u00e7\u00e3o. Clique aqui e saiba mais.\" \/>\n<meta property=\"og:url\" content=\"https:\/\/www.suno.com.br\/noticias\/sanepar-sapr11-situacao-emergencial-rodizio\/\" \/>\n<meta property=\"og:site_name\" content=\"Suno Not\u00edcias\" \/>\n<meta property=\"article:publisher\" content=\"https:\/\/facebook.com\/sunoresearch\" \/>\n<meta property=\"og:image\" content=\"https:\/\/files.sunoresearch.com.br\/n\/uploads\/2021\/04\/6ba5dfa8-agua-rodizio.jpg\" \/>\n\t<meta property=\"og:image:width\" content=\"1170\" \/>\n\t<meta property=\"og:image:height\" content=\"700\" \/>\n\t<meta property=\"og:image:type\" content=\"image\/jpeg\" \/>\n<meta name=\"author\" content=\"Jader Lazarini\" \/>\n<meta name=\"twitter:card\" content=\"summary_large_image\" \/>\n<meta name=\"twitter:creator\" content=\"@sunoresearch\" \/>\n<meta name=\"twitter:site\" content=\"@sunoresearch\" \/>\n<meta name=\"twitter:label1\" content=\"Escrito por\" \/>\n\t<meta name=\"twitter:data1\" content=\"Jader Lazarini\" \/>\n\t<meta name=\"twitter:label2\" content=\"Est. tempo de leitura\" \/>\n\t<meta name=\"twitter:data2\" content=\"2 minutos\" \/>\n<script type=\"application\/ld+json\" class=\"yoast-schema-graph\">{\"@context\":\"https:\/\/schema.org\",\"@graph\":[{\"@type\":\"NewsArticle\",\"@id\":\"https:\/\/www.suno.com.br\/noticias\/sanepar-sapr11-situacao-emergencial-rodizio\/#article\",\"isPartOf\":{\"@id\":\"https:\/\/www.suno.com.br\/noticias\/sanepar-sapr11-situacao-emergencial-rodizio\/\"},\"author\":{\"name\":\"Jader Lazarini\",\"@id\":\"https:\/\/www.suno.com.br\/noticias\/#\/schema\/person\/918d79de1f0281f01599b93f9ea6e23f\"},\"headline\":\"Sanepar (SAPR11) alerta para situa\u00e7\u00e3o emergencial e far\u00e1 rod\u00edzio\",\"datePublished\":\"2021-05-06T11:29:53+00:00\",\"mainEntityOfPage\":{\"@id\":\"https:\/\/www.suno.com.br\/noticias\/sanepar-sapr11-situacao-emergencial-rodizio\/\"},\"wordCount\":446,\"publisher\":{\"@id\":\"https:\/\/www.suno.com.br\/noticias\/#organization\"},\"image\":{\"@id\":\"https:\/\/www.suno.com.br\/noticias\/sanepar-sapr11-situacao-emergencial-rodizio\/#primaryimage\"},\"thumbnailUrl\":\"https:\/\/files.sunoresearch.com.br\/n\/uploads\/2021\/04\/6ba5dfa8-agua-rodizio-jpg.webp\",\"keywords\":[\"Sanepar (SAPR11\/SAPR3\/SAPR4)\"],\"articleSection\":[\"Neg\u00f3cios\"],\"inLanguage\":\"pt-BR\"},{\"@type\":\"WebPage\",\"@id\":\"https:\/\/www.suno.com.br\/noticias\/sanepar-sapr11-situacao-emergencial-rodizio\/\",\"url\":\"https:\/\/www.suno.com.br\/noticias\/sanepar-sapr11-situacao-emergencial-rodizio\/\",\"name\":\"Sanepar (SAPR11) alerta para situa\u00e7\u00e3o emergencial e far\u00e1 rod\u00edzio\",\"isPartOf\":{\"@id\":\"https:\/\/www.suno.com.br\/noticias\/#website\"},\"primaryImageOfPage\":{\"@id\":\"https:\/\/www.suno.com.br\/noticias\/sanepar-sapr11-situacao-emergencial-rodizio\/#primaryimage\"},\"image\":{\"@id\":\"https:\/\/www.suno.com.br\/noticias\/sanepar-sapr11-situacao-emergencial-rodizio\/#primaryimage\"},\"thumbnailUrl\":\"https:\/\/files.sunoresearch.com.br\/n\/uploads\/2021\/04\/6ba5dfa8-agua-rodizio-jpg.webp\",\"datePublished\":\"2021-05-06T11:29:53+00:00\",\"description\":\"A Sanepar (SAPR11) alertou sobre a situa\u00e7\u00e3o de emerg\u00eancia h\u00eddrica no Paran\u00e1 e far\u00e1 rod\u00edzio de distribui\u00e7\u00e3o. Clique aqui e saiba mais.\",\"breadcrumb\":{\"@id\":\"https:\/\/www.suno.com.br\/noticias\/sanepar-sapr11-situacao-emergencial-rodizio\/#breadcrumb\"},\"inLanguage\":\"pt-BR\",\"potentialAction\":[{\"@type\":\"ReadAction\",\"target\":[\"https:\/\/www.suno.com.br\/noticias\/sanepar-sapr11-situacao-emergencial-rodizio\/\"]}]},{\"@type\":\"ImageObject\",\"inLanguage\":\"pt-BR\",\"@id\":\"https:\/\/www.suno.com.br\/noticias\/sanepar-sapr11-situacao-emergencial-rodizio\/#primaryimage\",\"url\":\"https:\/\/files.sunoresearch.com.br\/n\/uploads\/2021\/04\/6ba5dfa8-agua-rodizio-jpg.webp\",\"contentUrl\":\"https:\/\/files.sunoresearch.com.br\/n\/uploads\/2021\/04\/6ba5dfa8-agua-rodizio-jpg.webp\",\"width\":1170,\"height\":700,\"caption\":\"Sanepar (SAPR11). Foto: Foto: Pedro Fran\u00e7a\/Ag\u00eancia Senado.\"},{\"@type\":\"BreadcrumbList\",\"@id\":\"https:\/\/www.suno.com.br\/noticias\/sanepar-sapr11-situacao-emergencial-rodizio\/#breadcrumb\",\"itemListElement\":[{\"@type\":\"ListItem\",\"position\":1,\"name\":\"Not\u00edcias\",\"item\":\"https:\/\/www.suno.com.br\/noticias\/\"},{\"@type\":\"ListItem\",\"position\":2,\"name\":\"Neg\u00f3cios\",\"item\":\"https:\/\/www.suno.com.br\/noticias\/negocios\/\"},{\"@type\":\"ListItem\",\"position\":3,\"name\":\"Sanepar (SAPR11) alerta para situa\u00e7\u00e3o emergencial e far\u00e1 rod\u00edzio\"}]},{\"@type\":\"WebSite\",\"@id\":\"https:\/\/www.suno.com.br\/noticias\/#website\",\"url\":\"https:\/\/www.suno.com.br\/noticias\/\",\"name\":\"Suno Not\u00edcias\",\"description\":\"Seu portal de informa\u00e7\u00e3o sobre o mundo dos investimentos\",\"publisher\":{\"@id\":\"https:\/\/www.suno.com.br\/noticias\/#organization\"},\"potentialAction\":[{\"@type\":\"SearchAction\",\"target\":{\"@type\":\"EntryPoint\",\"urlTemplate\":\"https:\/\/www.suno.com.br\/noticias\/?s={search_term_string}\"},\"query-input\":{\"@type\":\"PropertyValueSpecification\",\"valueRequired\":true,\"valueName\":\"search_term_string\"}}],\"inLanguage\":\"pt-BR\"},{\"@type\":\"Organization\",\"@id\":\"https:\/\/www.suno.com.br\/noticias\/#organization\",\"name\":\"Suno Not\u00edcias\",\"url\":\"https:\/\/www.suno.com.br\/noticias\/\",\"logo\":{\"@type\":\"ImageObject\",\"inLanguage\":\"pt-BR\",\"@id\":\"https:\/\/www.suno.com.br\/noticias\/#\/schema\/logo\/image\/\",\"url\":\"https:\/\/files.sunoresearch.com.br\/n\/uploads\/2021\/09\/suno-logo.png\",\"contentUrl\":\"https:\/\/files.sunoresearch.com.br\/n\/uploads\/2021\/09\/suno-logo.png\",\"width\":180,\"height\":180,\"caption\":\"Suno Not\u00edcias\"},\"image\":{\"@id\":\"https:\/\/www.suno.com.br\/noticias\/#\/schema\/logo\/image\/\"},\"sameAs\":[\"https:\/\/facebook.com\/sunoresearch\",\"https:\/\/x.com\/sunoresearch\",\"https:\/\/www.instagram.com\/suno\",\"https:\/\/www.linkedin.com\/company\/suno-research\/\",\"https:\/\/www.youtube.com\/c\/sunoresearch\"]},{\"@type\":\"Person\",\"@id\":\"https:\/\/www.suno.com.br\/noticias\/#\/schema\/person\/918d79de1f0281f01599b93f9ea6e23f\",\"name\":\"Jader Lazarini\",\"image\":{\"@type\":\"ImageObject\",\"inLanguage\":\"pt-BR\",\"@id\":\"https:\/\/www.suno.com.br\/noticias\/#\/schema\/person\/image\/\",\"url\":\"https:\/\/secure.gravatar.com\/avatar\/3c1ad8caa51589841baeb923fcddea97?s=96&r=g\",\"contentUrl\":\"https:\/\/secure.gravatar.com\/avatar\/3c1ad8caa51589841baeb923fcddea97?s=96&r=g\",\"caption\":\"Jader Lazarini\"},\"description\":\"Jader Lazarini escreve sobre investimentos, finan\u00e7as, economia e neg\u00f3cios. \u00c9 bacharel em Rela\u00e7\u00f5es Internacionais e analista CNPI (2619).\",\"url\":\"https:\/\/www.suno.com.br\/noticias\/author\/jader-lazarini\/\"}]}<\/script>\n<!-- \/ Yoast SEO plugin. -->","yoast_head_json":{"title":"Sanepar (SAPR11) alerta para situa\u00e7\u00e3o emergencial e far\u00e1 rod\u00edzio","description":"A Sanepar (SAPR11) alertou sobre a situa\u00e7\u00e3o de emerg\u00eancia h\u00eddrica no Paran\u00e1 e far\u00e1 rod\u00edzio de distribui\u00e7\u00e3o. Clique aqui e saiba mais.","robots":{"index":"index","follow":"follow","max-snippet":"max-snippet:-1","max-image-preview":"max-image-preview:large","max-video-preview":"max-video-preview:-1"},"canonical":"https:\/\/www.suno.com.br\/noticias\/sanepar-sapr11-situacao-emergencial-rodizio\/","og_locale":"pt_BR","og_type":"article","og_title":"Sanepar (SAPR11) alerta para situa\u00e7\u00e3o emergencial e far\u00e1 rod\u00edzio","og_description":"A Sanepar (SAPR11) alertou sobre a situa\u00e7\u00e3o de emerg\u00eancia h\u00eddrica no Paran\u00e1 e far\u00e1 rod\u00edzio de distribui\u00e7\u00e3o. Clique aqui e saiba mais.","og_url":"https:\/\/www.suno.com.br\/noticias\/sanepar-sapr11-situacao-emergencial-rodizio\/","og_site_name":"Suno Not\u00edcias","article_publisher":"https:\/\/facebook.com\/sunoresearch","og_image":[{"width":1170,"height":700,"url":"https:\/\/files.sunoresearch.com.br\/n\/uploads\/2021\/04\/6ba5dfa8-agua-rodizio.jpg","type":"image\/jpeg"}],"author":"Jader Lazarini","twitter_card":"summary_large_image","twitter_creator":"@sunoresearch","twitter_site":"@sunoresearch","twitter_misc":{"Escrito por":"Jader Lazarini","Est. tempo de leitura":"2 minutos"},"schema":{"@context":"https:\/\/schema.org","@graph":[{"@type":"NewsArticle","@id":"https:\/\/www.suno.com.br\/noticias\/sanepar-sapr11-situacao-emergencial-rodizio\/#article","isPartOf":{"@id":"https:\/\/www.suno.com.br\/noticias\/sanepar-sapr11-situacao-emergencial-rodizio\/"},"author":{"name":"Jader Lazarini","@id":"https:\/\/www.suno.com.br\/noticias\/#\/schema\/person\/918d79de1f0281f01599b93f9ea6e23f"},"headline":"Sanepar (SAPR11) alerta para situa\u00e7\u00e3o emergencial e far\u00e1 rod\u00edzio","datePublished":"2021-05-06T11:29:53+00:00","mainEntityOfPage":{"@id":"https:\/\/www.suno.com.br\/noticias\/sanepar-sapr11-situacao-emergencial-rodizio\/"},"wordCount":446,"publisher":{"@id":"https:\/\/www.suno.com.br\/noticias\/#organization"},"image":{"@id":"https:\/\/www.suno.com.br\/noticias\/sanepar-sapr11-situacao-emergencial-rodizio\/#primaryimage"},"thumbnailUrl":"https:\/\/files.sunoresearch.com.br\/n\/uploads\/2021\/04\/6ba5dfa8-agua-rodizio-jpg.webp","keywords":["Sanepar (SAPR11\/SAPR3\/SAPR4)"],"articleSection":["Neg\u00f3cios"],"inLanguage":"pt-BR"},{"@type":"WebPage","@id":"https:\/\/www.suno.com.br\/noticias\/sanepar-sapr11-situacao-emergencial-rodizio\/","url":"https:\/\/www.suno.com.br\/noticias\/sanepar-sapr11-situacao-emergencial-rodizio\/","name":"Sanepar (SAPR11) alerta para situa\u00e7\u00e3o emergencial e far\u00e1 rod\u00edzio","isPartOf":{"@id":"https:\/\/www.suno.com.br\/noticias\/#website"},"primaryImageOfPage":{"@id":"https:\/\/www.suno.com.br\/noticias\/sanepar-sapr11-situacao-emergencial-rodizio\/#primaryimage"},"image":{"@id":"https:\/\/www.suno.com.br\/noticias\/sanepar-sapr11-situacao-emergencial-rodizio\/#primaryimage"},"thumbnailUrl":"https:\/\/files.sunoresearch.com.br\/n\/uploads\/2021\/04\/6ba5dfa8-agua-rodizio-jpg.webp","datePublished":"2021-05-06T11:29:53+00:00","description":"A Sanepar (SAPR11) alertou sobre a situa\u00e7\u00e3o de emerg\u00eancia h\u00eddrica no Paran\u00e1 e far\u00e1 rod\u00edzio de distribui\u00e7\u00e3o. Clique aqui e saiba mais.","breadcrumb":{"@id":"https:\/\/www.suno.com.br\/noticias\/sanepar-sapr11-situacao-emergencial-rodizio\/#breadcrumb"},"inLanguage":"pt-BR","potentialAction":[{"@type":"ReadAction","target":["https:\/\/www.suno.com.br\/noticias\/sanepar-sapr11-situacao-emergencial-rodizio\/"]}]},{"@type":"ImageObject","inLanguage":"pt-BR","@id":"https:\/\/www.suno.com.br\/noticias\/sanepar-sapr11-situacao-emergencial-rodizio\/#primaryimage","url":"https:\/\/files.sunoresearch.com.br\/n\/uploads\/2021\/04\/6ba5dfa8-agua-rodizio-jpg.webp","contentUrl":"https:\/\/files.sunoresearch.com.br\/n\/uploads\/2021\/04\/6ba5dfa8-agua-rodizio-jpg.webp","width":1170,"height":700,"caption":"Sanepar (SAPR11). Foto: Foto: Pedro Fran\u00e7a\/Ag\u00eancia Senado."},{"@type":"BreadcrumbList","@id":"https:\/\/www.suno.com.br\/noticias\/sanepar-sapr11-situacao-emergencial-rodizio\/#breadcrumb","itemListElement":[{"@type":"ListItem","position":1,"name":"Not\u00edcias","item":"https:\/\/www.suno.com.br\/noticias\/"},{"@type":"ListItem","position":2,"name":"Neg\u00f3cios","item":"https:\/\/www.suno.com.br\/noticias\/negocios\/"},{"@type":"ListItem","position":3,"name":"Sanepar (SAPR11) alerta para situa\u00e7\u00e3o emergencial e far\u00e1 rod\u00edzio"}]},{"@type":"WebSite","@id":"https:\/\/www.suno.com.br\/noticias\/#website","url":"https:\/\/www.suno.com.br\/noticias\/","name":"Suno Not\u00edcias","description":"Seu portal de informa\u00e7\u00e3o sobre o mundo dos investimentos","publisher":{"@id":"https:\/\/www.suno.com.br\/noticias\/#organization"},"potentialAction":[{"@type":"SearchAction","target":{"@type":"EntryPoint","urlTemplate":"https:\/\/www.suno.com.br\/noticias\/?s={search_term_string}"},"query-input":{"@type":"PropertyValueSpecification","valueRequired":true,"valueName":"search_term_string"}}],"inLanguage":"pt-BR"},{"@type":"Organization","@id":"https:\/\/www.suno.com.br\/noticias\/#organization","name":"Suno Not\u00edcias","url":"https:\/\/www.suno.com.br\/noticias\/","logo":{"@type":"ImageObject","inLanguage":"pt-BR","@id":"https:\/\/www.suno.com.br\/noticias\/#\/schema\/logo\/image\/","url":"https:\/\/files.sunoresearch.com.br\/n\/uploads\/2021\/09\/suno-logo.png","contentUrl":"https:\/\/files.sunoresearch.com.br\/n\/uploads\/2021\/09\/suno-logo.png","width":180,"height":180,"caption":"Suno Not\u00edcias"},"image":{"@id":"https:\/\/www.suno.com.br\/noticias\/#\/schema\/logo\/image\/"},"sameAs":["https:\/\/facebook.com\/sunoresearch","https:\/\/x.com\/sunoresearch","https:\/\/www.instagram.com\/suno","https:\/\/www.linkedin.com\/company\/suno-research\/","https:\/\/www.youtube.com\/c\/sunoresearch"]},{"@type":"Person","@id":"https:\/\/www.suno.com.br\/noticias\/#\/schema\/person\/918d79de1f0281f01599b93f9ea6e23f","name":"Jader Lazarini","image":{"@type":"ImageObject","inLanguage":"pt-BR","@id":"https:\/\/www.suno.com.br\/noticias\/#\/schema\/person\/image\/","url":"https:\/\/secure.gravatar.com\/avatar\/3c1ad8caa51589841baeb923fcddea97?s=96&r=g","contentUrl":"https:\/\/secure.gravatar.com\/avatar\/3c1ad8caa51589841baeb923fcddea97?s=96&r=g","caption":"Jader Lazarini"},"description":"Jader Lazarini escreve sobre investimentos, finan\u00e7as, economia e neg\u00f3cios. \u00c9 bacharel em Rela\u00e7\u00f5es Internacionais e analista CNPI (2619).","url":"https:\/\/www.suno.com.br\/noticias\/author\/jader-lazarini\/"}]}},"default_loop_html":"<div class=\"cardsPage__listCard__boxs\"><div class=\"cardsPage__listCard__boxs__img\"><a href=\"https:\/\/www.suno.com.br\/noticias\/sanepar-sapr11-situacao-emergencial-rodizio\/\"><img class=\"mask\" src=\"https:\/\/www.suno.com.br\/noticias\/wp-content\/themes\/suno\/resources\/images\/spotlight\/spotlight1img\/bg-mask.png\" alt=\"Image Mask\"\/><img src=\"https:\/\/files.sunoresearch.com.br\/n\/uploads\/2021\/04\/6ba5dfa8-agua-rodizio-400x200.webp\" alt=\"Sanepar (SAPR11) alerta para situa\u00e7\u00e3o emergencial e far\u00e1 rod\u00edzio\"\/><\/a><span class=\"spotlightCategory\"><a href=\"https:\/\/www.suno.com.br\/noticias\/negocios\/\">Neg\u00f3cios<\/a><\/span><\/div><div class=\"cardsPage__listCard__boxs__content\"><a href=\"https:\/\/www.suno.com.br\/noticias\/sanepar-sapr11-situacao-emergencial-rodizio\/\"><h2 class=\"content__title\">Sanepar (SAPR11) alerta para situa\u00e7\u00e3o emergencial e far\u00e1 rod\u00edzio<\/h2><\/a><div class=\"newsContent__article__meta\"><div class=\"newsContent__article__meta__authorBox\"><a href=\"https:\/\/www.suno.com.br\/noticias\/author\/jader-lazarini\/\" class=\"authorBox__avatar noMobi\"><img src=\"https:\/\/files.sunoresearch.com.br\/n\/uploads\/2021\/01\/178e6598-foto-perfil-2-150x150.jpg\" alt=\"Jader Lazarini\"><\/a><div class=\"authorBox__name\"><span>por\n\t\t\t<a href=\"https:\/\/www.suno.com.br\/noticias\/author\/jader-lazarini\/\"><span itemprop=\"author\">Jader Lazarini<\/span><\/a><\/span><time datetime=\"2021-05-06T08:29:53-03:00\" itemprop=\"datePublished\">06\/05\/2021 08:29<\/time><\/div><\/div><\/div><\/div><\/div>","single_layout":"posts","amp_enabled":true,"_links":{"self":[{"href":"https:\/\/www.suno.com.br\/noticias\/wp-json\/wp\/v2\/posts\/145194"}],"collection":[{"href":"https:\/\/www.suno.com.br\/noticias\/wp-json\/wp\/v2\/posts"}],"about":[{"href":"https:\/\/www.suno.com.br\/noticias\/wp-json\/wp\/v2\/types\/post"}],"author":[{"embeddable":true,"href":"https:\/\/www.suno.com.br\/noticias\/wp-json\/wp\/v2\/users\/24"}],"replies":[{"embeddable":true,"href":"https:\/\/www.suno.com.br\/noticias\/wp-json\/wp\/v2\/comments?post=145194"}],"version-history":[{"count":1,"href":"https:\/\/www.suno.com.br\/noticias\/wp-json\/wp\/v2\/posts\/145194\/revisions"}],"predecessor-version":[{"id":145212,"href":"https:\/\/www.suno.com.br\/noticias\/wp-json\/wp\/v2\/posts\/145194\/revisions\/145212"}],"wp:featuredmedia":[{"embeddable":true,"href":"https:\/\/www.suno.com.br\/noticias\/wp-json\/wp\/v2\/media\/139643"}],"wp:attachment":[{"href":"https:\/\/www.suno.com.br\/noticias\/wp-json\/wp\/v2\/media?parent=145194"}],"wp:term":[{"taxonomy":"category","embeddable":true,"href":"https:\/\/www.suno.com.br\/noticias\/wp-json\/wp\/v2\/categories?post=145194"},{"taxonomy":"post_tag","embeddable":true,"href":"https:\/\/www.suno.com.br\/noticias\/wp-json\/wp\/v2\/tags?post=145194"},{"taxonomy":"suno_strategy","embeddable":true,"href":"https:\/\/www.suno.com.br\/noticias\/wp-json\/wp\/v2\/suno_strategy?post=145194"}],"curies":[{"name":"wp","href":"https:\/\/api.w.org\/{rel}","templated":true}]}}