{"id":145164,"date":"2021-05-06T10:50:05","date_gmt":"2021-05-06T13:50:05","guid":{"rendered":"https:\/\/www.suno.com.br\/noticias\/?p=145164"},"modified":"2021-05-18T12:10:45","modified_gmt":"2021-05-18T15:10:45","slug":"grupo-pao-de-acucar-pcar3-emissao-debentures","status":"publish","type":"post","link":"https:\/\/www.suno.com.br\/noticias\/grupo-pao-de-acucar-pcar3-emissao-debentures\/","title":{"rendered":"P\u00e3o de A\u00e7\u00facar (PCAR3) vai captar R$ 1,5 bilh\u00e3o com emiss\u00e3o de deb\u00eantures"},"content":{"rendered":"<p>O conselho de administra\u00e7\u00e3o do <a href=\"https:\/\/www.suno.com.br\/acoes\/pcar3\/\"><strong>Grupo P\u00e3o de A\u00e7\u00facar<\/strong> (PCAR3)<\/a>, controlador da rede de supermercados que leva o mesmo nome, aprovou uma emiss\u00e3o de deb\u00eantures simples no montante de R$ 1,5 bilh\u00e3o durante esta quarta-feira (5).<\/p>\t<div class=\"wrapper-featured-image\">\n\t\t<figure class=\"spotlightImg\">\n\n\t\t\t<picture>\n\t\t\t\t<source media=\"(max-width: 768px)\" srcset=\"https:\/\/files.sunoresearch.com.br\/n\/uploads\/2021\/04\/26d1d0c1-gpa--400x200.jpg\">\n\t\t\t\t<img loading=\"lazy\" decoding=\"async\" class=\"newsContent__article__imgCapa lazyloadDisabled \" src=\"https:\/\/files.sunoresearch.com.br\/n\/uploads\/2021\/04\/26d1d0c1-gpa--800x450.jpg\" width=\"800\" height=\"450\" alt=\"P\u00e3o de A\u00e7\u00facar (PCAR3) vai captar R$ 1,5 bilh\u00e3o com emiss\u00e3o de deb\u00eantures\" fetchpriority=high \/>\n\t\t\t<\/picture>\n\n\t\t\t<figcaption class=\"wp-caption-text wp-caption-text--show\">GPA (PCAR3):  GPA reporta avan\u00e7o de vendas e margens no 1T25, mas analistas do BTG Pactual mant\u00eam tom conservador<\/figcaption>\n\t\t<\/figure>\n\t<\/div>\n\n\n<p><span style=\"font-weight: 400;\">\u00a0\t<p>\n\t\t<a href=\"https:\/\/lp.suno.com.br\/planilha-controle-gastos\/\" target=\"_blank\" data-element=\"shortcode-suno-banner\" title=\"Banner SUNO, clique e saiba mais\">\n\t\t\t<picture>\n\t\t\t\t<source media=\"(max-width: 500px)\" srcset=\"https:\/\/files.sunoresearch.com.br\/n\/uploads\/2023\/03\/400x300-Planilha-controle-de-gastos.png\">\n\t\t\t\t<img class=\"newsContent__article__imgCapa newsContent__article__imgCapa--banner\"\n\t\t\t\t\tsrc=\"https:\/\/files.sunoresearch.com.br\/n\/uploads\/2023\/03\/1420x240-Planilha-controle-de-gastos.png\"\n\t\t\t\t\tdata-promo-id=\"101751\"\t\t\t\t\t\t\t\t\t\twidth='1420' height='240'\t\t\t\t\talt=\"https:\/\/files.sunoresearch.com.br\/n\/uploads\/2023\/03\/1420x240-Planilha-controle-de-gastos.png\"\n\t\t\t\t>\n\t\t\t<\/picture>\n\t\t<\/a>\n\t<\/p>\n\n<\/span><\/p>\n<p>A emiss\u00e3o \u00e9 a 18\u00aa da companhia, n\u00e3o sendo convers\u00edvel em a\u00e7\u00f5es e dividida em duas s\u00e9ries, no sistema de vasos comunicantes. A data <a href=\"https:\/\/www.suno.com.br\/artigos\/debentures\/\">estabelecida para a emiss\u00e3o das deb\u00eantures<\/a> \u00e9 10 de maio.<\/p>\n<p><span style=\"font-weight: 400;\">\u00a0<\/span><a href=\"https:\/\/lp.suno.com.br\/suno-one\/?ppp=noticias\/hospital-care-pedido-ipo-cvm\/\"><b>Suno One: acesse gratuitamente eBooks, Minicursos, Artigos e V\u00eddeo Aulas sobre investimentos com um \u00fanico cadastro. Clique para saber mais!<\/b><\/a><\/p>\n<p>As deb\u00eantures da primeira s\u00e9rie ter\u00e3o prazo de vig\u00eancia de cinco anos a partir da emiss\u00e3o, enquanto as da segunda s\u00e9rie ter\u00e3o prazo de sete anos.<\/p>\n<p>Cada t\u00edtulo ter\u00e1 o valor unit\u00e1rio de R$ 1 mil, com remunera\u00e7\u00e3o de juros correspondentes \u00e0 varia\u00e7\u00e3o acumulada de 100% das taxas m\u00e9dias di\u00e1rias do DI, com uma sobretaxa de 1,70% para as deb\u00eantures da primeira s\u00e9rie e de 1,95% para as da segunda.<\/p>\n<p><span style=\"font-weight: 400;\">\t<div data-element=\"shortcode-read-more\" class=\"knowMore\">\n\t\t\t\t<span class=\"knowMore__title\">Saiba mais<\/span>\n\t\t\t\t<a class=\"knowMore__link\" href=\"https:\/\/www.suno.com.br\/noticias\/gpa-pcar3-distribui-proventos-junho\/\">\n\t\t\tP\u00e3o de A\u00e7\u00facar (PCAR3) distribuir\u00e1 R$ 583,6 milh\u00f5es aos acionistas\t\t<\/a>\n\t<\/div>\n\n<\/span><\/p>\n<p>Segundo o <strong>P\u00e3o\u00a0de A\u00e7\u00facar<\/strong>, os recursos captados ser\u00e3o destinados para refor\u00e7o do capital de giro e para o alongamento do perfil de endividamento.<\/p>\n<h2>Grupo P\u00e3o de A\u00e7\u00facar distribuir\u00e1 R$ 583 mi aos acionistas<\/h2>\n<p>No fim de abril, a companhia decidiu pela distribui\u00e7\u00e3o de R$ 583,6 milh\u00f5es em proventos aos acionistas, montante referente ao encerramento do exerc\u00edcio social em 31 de dezembro de 2020. Do valor a ser distribu\u00eddo, <a href=\"https:\/\/www.suno.com.br\/dividendos\/\">R$ 127,5 milh\u00f5es s\u00e3o dividendos<\/a>, sendo R$ 0,475788964 por a\u00e7\u00e3o.<\/p>\n<p>Al\u00e9m disso, ser\u00e3o desembolsados R$ 456,1 milh\u00f5es <a href=\"https:\/\/www.suno.com.br\/artigos\/entenda-o-jcp\/\">a t\u00edtulo de juros sobre capital pr\u00f3prio (JCP)<\/a>, equivalentes a R$ 1,701093954 por a\u00e7\u00e3o. Sobre o JCP ser\u00e1 deduzido o Imposto de Renda na fonte, deixando de fora somente os acionistas imunes ou isentos.<\/p>\n<p><span style=\"font-weight: 400;\">\t<p>\n\t\t<a href=\"https:\/\/lp.suno.com.br\/planilha-de-controle-de-investimentos\/\" target=\"_blank\" data-element=\"shortcode-suno-banner\" title=\"Banner SUNO, clique e saiba mais\">\n\t\t\t<picture>\n\t\t\t\t<source media=\"(max-width: 500px)\" srcset=\"https:\/\/files.sunoresearch.com.br\/n\/uploads\/2023\/03\/400x300-Controle-de-Investimentos.png\">\n\t\t\t\t<img class=\"newsContent__article__imgCapa newsContent__article__imgCapa--banner\"\n\t\t\t\t\tsrc=\"https:\/\/files.sunoresearch.com.br\/n\/uploads\/2023\/03\/1420x240-Controle-de-Investimentos.png\"\n\t\t\t\t\tdata-promo-id=\"75934\"\t\t\t\t\t\t\t\t\t\twidth='1420' height='240'\t\t\t\t\talt=\"https:\/\/files.sunoresearch.com.br\/n\/uploads\/2023\/03\/1420x240-Controle-de-Investimentos.png\"\n\t\t\t\t>\n\t\t\t<\/picture>\n\t\t<\/a>\n\t<\/p>\n\n<\/span><\/p>\n<p>Os acionistas receber\u00e3o os proventos em 15 de junho, tendo como base a posi\u00e7\u00e3o acion\u00e1ria em 5 de maio de 2021. Para os detentores de American Depositary Receipts (ADR) do P\u00e3o de A\u00e7\u00facar, negociados na New York Stock Exchange (NYSE,) o pagamento ser\u00e1 realizado em 22 junho de 2021 atrav\u00e9s do JPMorgan Chase Bank.<\/p>\n<h2>Pap\u00e9is da GPA foram 5\u00aa maior alta da bolsa em abril<\/h2>\n<p>As a\u00e7\u00f5es do <strong>Grupo P\u00e3o de A\u00e7\u00facar\u00a0<\/strong>tiveram a quinta maior alta do Ibovespa durante o m\u00eas de abril, tendo seu pre\u00e7o crescendo em 27,23% at\u00e9 o \u00faltimo preg\u00e3o. Atualmente, a a\u00e7\u00e3o ordin\u00e1ria da companhia custa R$ 39,7, conforme a \u00faltima cota\u00e7\u00e3o, do fim da quarta-feira (5).<\/p>\n<h3>Quem liderou as altas do m\u00eas foram:<\/h3>\n<ol>\n<li><a href=\"https:\/\/www.suno.com.br\/acoes\/hgtx3\/\"><strong>Hering<\/strong> (HGTX3)<\/a>: 69,77%<\/li>\n<li><a href=\"https:\/\/www.suno.com.br\/acoes\/brkm5\/\"><strong>Braskem<\/strong>\u00a0(BRKM5)<\/a>: 32,28%<\/li>\n<li><a href=\"https:\/\/www.suno.com.br\/acoes\/usim5\/\"><strong>Usiminas<\/strong> (USIM5)<\/a>: 30,53%<\/li>\n<li><a href=\"https:\/\/www.suno.com.br\/acoes\/csna3\/\"><strong>CSN<\/strong> (CSNA3)<\/a>: 29,79%<\/li>\n<li><a href=\"https:\/\/www.suno.com.br\/acoes\/pcar3\/\"><strong>P\u00e3o de A\u00e7\u00facar<\/strong> (PCAR3)<\/a>: 27,23%<\/li>\n<\/ol>\n<p><iframe loading=\"lazy\" title=\"YouTube video player\" src=\"https:\/\/www.youtube.com\/embed\/NY2toufNDQY\" width=\"560\" height=\"315\" frameborder=\"0\" allowfullscreen=\"allowfullscreen\"><\/iframe><br \/>\n<span style=\"font-weight: 400;\">\t<p>\n\t\t<a href=\"https:\/\/lp.suno.com.br\/planilha-da-vida-financeira\/\" target=\"_blank\" data-element=\"shortcode-suno-banner\" title=\"Banner SUNO, clique e saiba mais\">\n\t\t\t<picture>\n\t\t\t\t<source media=\"(max-width: 500px)\" srcset=\"https:\/\/files.sunoresearch.com.br\/n\/uploads\/2023\/04\/400x300-Planilha-vida-financeira-true.png\">\n\t\t\t\t<img class=\"newsContent__article__imgCapa newsContent__article__imgCapa--banner\"\n\t\t\t\t\tsrc=\"https:\/\/files.sunoresearch.com.br\/n\/uploads\/2023\/04\/1420x240-Planilha-vida-financeira-true.png\"\n\t\t\t\t\tdata-promo-id=\"106682\"\t\t\t\t\t\t\t\t\t\twidth='1420' height='240'\t\t\t\t\talt=\"https:\/\/files.sunoresearch.com.br\/n\/uploads\/2023\/04\/1420x240-Planilha-vida-financeira-true.png\"\n\t\t\t\t>\n\t\t\t<\/picture>\n\t\t<\/a>\n\t<\/p>\n\n<\/span><\/p>\n","protected":false},"excerpt":{"rendered":"<p>O conselho de administra\u00e7\u00e3o do Grupo P\u00e3o de A\u00e7\u00facar (PCAR3), controlador da rede de supermercados que leva o mesmo nome, aprovou uma emiss\u00e3o de deb\u00eantures simples no montante de R$ 1,5 bilh\u00e3o durante esta quarta-feira (5). GPA (PCAR3): GPA reporta avan\u00e7o de vendas e margens no 1T25, mas analistas do BTG Pactual mant\u00eam tom conservador [&hellip;]<\/p>\n","protected":false},"author":43,"featured_media":138957,"comment_status":"closed","ping_status":"closed","sticky":false,"template":"","format":"standard","meta":[],"categories":[64],"tags":[1151,1964],"suno_strategy":[],"class_list":["post-145164","post","type-post","status-publish","format-standard","has-post-thumbnail","hentry","category-negocios","tag-debentures","tag-grupo-pao-de-acucar-pcar3-pcar4"],"yoast_head":"<!-- This site is optimized with the Yoast SEO plugin v24.4 - https:\/\/yoast.com\/wordpress\/plugins\/seo\/ -->\n<title>Grupo P\u00e3o de A\u00e7\u00facar aprova emiss\u00e3o de R$ 1,5 bi em deb\u00eantures simples<\/title>\n<meta name=\"description\" content=\"A reuni\u00e3o do Grupo P\u00e3o de A\u00e7\u00facar vai captar recursos por meio de uma emiss\u00e3o de deb\u00eantures. Leia mais sobre a opera\u00e7\u00e3o do P\u00e3o de A\u00e7\u00facar.\" \/>\n<meta name=\"robots\" content=\"index, follow, max-snippet:-1, max-image-preview:large, max-video-preview:-1\" \/>\n<link rel=\"canonical\" href=\"https:\/\/www.suno.com.br\/noticias\/grupo-pao-de-acucar-pcar3-emissao-debentures\/\" \/>\n<meta property=\"og:locale\" content=\"pt_BR\" \/>\n<meta property=\"og:type\" content=\"article\" \/>\n<meta property=\"og:title\" content=\"Grupo P\u00e3o de A\u00e7\u00facar aprova emiss\u00e3o de R$ 1,5 bi em deb\u00eantures simples\" \/>\n<meta property=\"og:description\" content=\"A reuni\u00e3o do Grupo P\u00e3o de A\u00e7\u00facar vai captar recursos por meio de uma emiss\u00e3o de deb\u00eantures. Leia mais sobre a opera\u00e7\u00e3o do P\u00e3o de A\u00e7\u00facar.\" \/>\n<meta property=\"og:url\" content=\"https:\/\/www.suno.com.br\/noticias\/grupo-pao-de-acucar-pcar3-emissao-debentures\/\" \/>\n<meta property=\"og:site_name\" content=\"Suno Not\u00edcias\" \/>\n<meta property=\"article:publisher\" content=\"https:\/\/facebook.com\/sunoresearch\" \/>\n<meta property=\"article:author\" content=\"https:\/\/www.facebook.com\/sunonoticias\/\" \/>\n<meta property=\"og:image\" content=\"https:\/\/files.sunoresearch.com.br\/n\/uploads\/2021\/04\/26d1d0c1-gpa--scaled.jpg\" \/>\n\t<meta property=\"og:image:width\" content=\"2560\" \/>\n\t<meta property=\"og:image:height\" content=\"1707\" \/>\n\t<meta property=\"og:image:type\" content=\"image\/jpeg\" \/>\n<meta name=\"author\" content=\"Reda\u00e7\u00e3o Suno Not\u00edcias\" \/>\n<meta name=\"twitter:card\" content=\"summary_large_image\" \/>\n<meta name=\"twitter:creator\" content=\"@https:\/\/twitter.com\/sunoresearch\" \/>\n<meta name=\"twitter:site\" content=\"@sunoresearch\" \/>\n<meta name=\"twitter:label1\" content=\"Escrito por\" \/>\n\t<meta name=\"twitter:data1\" content=\"Reda\u00e7\u00e3o Suno Not\u00edcias\" \/>\n\t<meta name=\"twitter:label2\" content=\"Est. tempo de leitura\" \/>\n\t<meta name=\"twitter:data2\" content=\"2 minutos\" \/>\n<script type=\"application\/ld+json\" class=\"yoast-schema-graph\">{\"@context\":\"https:\/\/schema.org\",\"@graph\":[{\"@type\":\"NewsArticle\",\"@id\":\"https:\/\/www.suno.com.br\/noticias\/grupo-pao-de-acucar-pcar3-emissao-debentures\/#article\",\"isPartOf\":{\"@id\":\"https:\/\/www.suno.com.br\/noticias\/grupo-pao-de-acucar-pcar3-emissao-debentures\/\"},\"author\":{\"name\":\"Reda\u00e7\u00e3o Suno Not\u00edcias\",\"@id\":\"https:\/\/www.suno.com.br\/noticias\/#\/schema\/person\/c1b1bd3727fa852bd045e9dbff3673ea\"},\"headline\":\"P\u00e3o de A\u00e7\u00facar (PCAR3) vai captar R$ 1,5 bilh\u00e3o com emiss\u00e3o de deb\u00eantures\",\"datePublished\":\"2021-05-06T13:50:05+00:00\",\"dateModified\":\"2021-05-18T15:10:45+00:00\",\"mainEntityOfPage\":{\"@id\":\"https:\/\/www.suno.com.br\/noticias\/grupo-pao-de-acucar-pcar3-emissao-debentures\/\"},\"wordCount\":483,\"publisher\":{\"@id\":\"https:\/\/www.suno.com.br\/noticias\/#organization\"},\"image\":{\"@id\":\"https:\/\/www.suno.com.br\/noticias\/grupo-pao-de-acucar-pcar3-emissao-debentures\/#primaryimage\"},\"thumbnailUrl\":\"https:\/\/files.sunoresearch.com.br\/n\/uploads\/2021\/04\/26d1d0c1-gpa--scaled.jpg\",\"keywords\":[\"deb\u00eantures\",\"Grupo P\u00e3o de A\u00e7\u00facar (PCAR3\/PCAR4)\"],\"articleSection\":[\"Neg\u00f3cios\"],\"inLanguage\":\"pt-BR\"},{\"@type\":\"WebPage\",\"@id\":\"https:\/\/www.suno.com.br\/noticias\/grupo-pao-de-acucar-pcar3-emissao-debentures\/\",\"url\":\"https:\/\/www.suno.com.br\/noticias\/grupo-pao-de-acucar-pcar3-emissao-debentures\/\",\"name\":\"Grupo P\u00e3o de A\u00e7\u00facar aprova emiss\u00e3o de R$ 1,5 bi em deb\u00eantures simples\",\"isPartOf\":{\"@id\":\"https:\/\/www.suno.com.br\/noticias\/#website\"},\"primaryImageOfPage\":{\"@id\":\"https:\/\/www.suno.com.br\/noticias\/grupo-pao-de-acucar-pcar3-emissao-debentures\/#primaryimage\"},\"image\":{\"@id\":\"https:\/\/www.suno.com.br\/noticias\/grupo-pao-de-acucar-pcar3-emissao-debentures\/#primaryimage\"},\"thumbnailUrl\":\"https:\/\/files.sunoresearch.com.br\/n\/uploads\/2021\/04\/26d1d0c1-gpa--scaled.jpg\",\"datePublished\":\"2021-05-06T13:50:05+00:00\",\"dateModified\":\"2021-05-18T15:10:45+00:00\",\"description\":\"A reuni\u00e3o do Grupo P\u00e3o de A\u00e7\u00facar vai captar recursos por meio de uma emiss\u00e3o de deb\u00eantures. Leia mais sobre a opera\u00e7\u00e3o do P\u00e3o de A\u00e7\u00facar.\",\"breadcrumb\":{\"@id\":\"https:\/\/www.suno.com.br\/noticias\/grupo-pao-de-acucar-pcar3-emissao-debentures\/#breadcrumb\"},\"inLanguage\":\"pt-BR\",\"potentialAction\":[{\"@type\":\"ReadAction\",\"target\":[\"https:\/\/www.suno.com.br\/noticias\/grupo-pao-de-acucar-pcar3-emissao-debentures\/\"]}]},{\"@type\":\"ImageObject\",\"inLanguage\":\"pt-BR\",\"@id\":\"https:\/\/www.suno.com.br\/noticias\/grupo-pao-de-acucar-pcar3-emissao-debentures\/#primaryimage\",\"url\":\"https:\/\/files.sunoresearch.com.br\/n\/uploads\/2021\/04\/26d1d0c1-gpa--scaled.jpg\",\"contentUrl\":\"https:\/\/files.sunoresearch.com.br\/n\/uploads\/2021\/04\/26d1d0c1-gpa--scaled.jpg\",\"width\":2560,\"height\":1707,\"caption\":\"GPA (PCAR3): GPA reporta avan\u00e7o de vendas e margens no 1T25, mas analistas do BTG Pactual mant\u00eam tom conservador\"},{\"@type\":\"BreadcrumbList\",\"@id\":\"https:\/\/www.suno.com.br\/noticias\/grupo-pao-de-acucar-pcar3-emissao-debentures\/#breadcrumb\",\"itemListElement\":[{\"@type\":\"ListItem\",\"position\":1,\"name\":\"Not\u00edcias\",\"item\":\"https:\/\/www.suno.com.br\/noticias\/\"},{\"@type\":\"ListItem\",\"position\":2,\"name\":\"Neg\u00f3cios\",\"item\":\"https:\/\/www.suno.com.br\/noticias\/negocios\/\"},{\"@type\":\"ListItem\",\"position\":3,\"name\":\"P\u00e3o de A\u00e7\u00facar (PCAR3) vai captar R$ 1,5 bilh\u00e3o com emiss\u00e3o de deb\u00eantures\"}]},{\"@type\":\"WebSite\",\"@id\":\"https:\/\/www.suno.com.br\/noticias\/#website\",\"url\":\"https:\/\/www.suno.com.br\/noticias\/\",\"name\":\"Suno Not\u00edcias\",\"description\":\"Seu portal de informa\u00e7\u00e3o sobre o mundo dos investimentos\",\"publisher\":{\"@id\":\"https:\/\/www.suno.com.br\/noticias\/#organization\"},\"potentialAction\":[{\"@type\":\"SearchAction\",\"target\":{\"@type\":\"EntryPoint\",\"urlTemplate\":\"https:\/\/www.suno.com.br\/noticias\/?s={search_term_string}\"},\"query-input\":{\"@type\":\"PropertyValueSpecification\",\"valueRequired\":true,\"valueName\":\"search_term_string\"}}],\"inLanguage\":\"pt-BR\"},{\"@type\":\"Organization\",\"@id\":\"https:\/\/www.suno.com.br\/noticias\/#organization\",\"name\":\"Suno Not\u00edcias\",\"url\":\"https:\/\/www.suno.com.br\/noticias\/\",\"logo\":{\"@type\":\"ImageObject\",\"inLanguage\":\"pt-BR\",\"@id\":\"https:\/\/www.suno.com.br\/noticias\/#\/schema\/logo\/image\/\",\"url\":\"https:\/\/files.sunoresearch.com.br\/n\/uploads\/2021\/09\/suno-logo.png\",\"contentUrl\":\"https:\/\/files.sunoresearch.com.br\/n\/uploads\/2021\/09\/suno-logo.png\",\"width\":180,\"height\":180,\"caption\":\"Suno Not\u00edcias\"},\"image\":{\"@id\":\"https:\/\/www.suno.com.br\/noticias\/#\/schema\/logo\/image\/\"},\"sameAs\":[\"https:\/\/facebook.com\/sunoresearch\",\"https:\/\/x.com\/sunoresearch\",\"https:\/\/www.instagram.com\/suno\",\"https:\/\/www.linkedin.com\/company\/suno-research\/\",\"https:\/\/www.youtube.com\/c\/sunoresearch\"]},{\"@type\":\"Person\",\"@id\":\"https:\/\/www.suno.com.br\/noticias\/#\/schema\/person\/c1b1bd3727fa852bd045e9dbff3673ea\",\"name\":\"Reda\u00e7\u00e3o Suno Not\u00edcias\",\"image\":{\"@type\":\"ImageObject\",\"inLanguage\":\"pt-BR\",\"@id\":\"https:\/\/www.suno.com.br\/noticias\/#\/schema\/person\/image\/\",\"url\":\"https:\/\/secure.gravatar.com\/avatar\/b8104b9b5a71985d5238ee59fbe418af?s=96&r=g\",\"contentUrl\":\"https:\/\/secure.gravatar.com\/avatar\/b8104b9b5a71985d5238ee59fbe418af?s=96&r=g\",\"caption\":\"Reda\u00e7\u00e3o Suno Not\u00edcias\"},\"description\":\"O Suno Not\u00edcias \u00e9 um portal de informa\u00e7\u00f5es sobre Mercado Financeiro, Pol\u00edtica, Neg\u00f3cios, Economia e Finan\u00e7as Pessoais.\",\"sameAs\":[\"https:\/\/www.suno.com.br\/noticias\",\"https:\/\/www.facebook.com\/sunonoticias\/\",\"https:\/\/www.instagram.com\/sunonoticias\/\",\"https:\/\/x.com\/https:\/\/twitter.com\/sunoresearch\",\"https:\/\/www.youtube.com\/sunonoticias\"],\"url\":\"https:\/\/www.suno.com.br\/noticias\/author\/redacao-suno\/\"}]}<\/script>\n<!-- \/ Yoast SEO plugin. -->","yoast_head_json":{"title":"Grupo P\u00e3o de A\u00e7\u00facar aprova emiss\u00e3o de R$ 1,5 bi em deb\u00eantures simples","description":"A reuni\u00e3o do Grupo P\u00e3o de A\u00e7\u00facar vai captar recursos por meio de uma emiss\u00e3o de deb\u00eantures. Leia mais sobre a opera\u00e7\u00e3o do P\u00e3o de A\u00e7\u00facar.","robots":{"index":"index","follow":"follow","max-snippet":"max-snippet:-1","max-image-preview":"max-image-preview:large","max-video-preview":"max-video-preview:-1"},"canonical":"https:\/\/www.suno.com.br\/noticias\/grupo-pao-de-acucar-pcar3-emissao-debentures\/","og_locale":"pt_BR","og_type":"article","og_title":"Grupo P\u00e3o de A\u00e7\u00facar aprova emiss\u00e3o de R$ 1,5 bi em deb\u00eantures simples","og_description":"A reuni\u00e3o do Grupo P\u00e3o de A\u00e7\u00facar vai captar recursos por meio de uma emiss\u00e3o de deb\u00eantures. Leia mais sobre a opera\u00e7\u00e3o do P\u00e3o de A\u00e7\u00facar.","og_url":"https:\/\/www.suno.com.br\/noticias\/grupo-pao-de-acucar-pcar3-emissao-debentures\/","og_site_name":"Suno Not\u00edcias","article_publisher":"https:\/\/facebook.com\/sunoresearch","article_author":"https:\/\/www.facebook.com\/sunonoticias\/","og_image":[{"width":2560,"height":1707,"url":"https:\/\/files.sunoresearch.com.br\/n\/uploads\/2021\/04\/26d1d0c1-gpa--scaled.jpg","type":"image\/jpeg"}],"author":"Reda\u00e7\u00e3o Suno Not\u00edcias","twitter_card":"summary_large_image","twitter_creator":"@https:\/\/twitter.com\/sunoresearch","twitter_site":"@sunoresearch","twitter_misc":{"Escrito por":"Reda\u00e7\u00e3o Suno Not\u00edcias","Est. tempo de leitura":"2 minutos"},"schema":{"@context":"https:\/\/schema.org","@graph":[{"@type":"NewsArticle","@id":"https:\/\/www.suno.com.br\/noticias\/grupo-pao-de-acucar-pcar3-emissao-debentures\/#article","isPartOf":{"@id":"https:\/\/www.suno.com.br\/noticias\/grupo-pao-de-acucar-pcar3-emissao-debentures\/"},"author":{"name":"Reda\u00e7\u00e3o Suno Not\u00edcias","@id":"https:\/\/www.suno.com.br\/noticias\/#\/schema\/person\/c1b1bd3727fa852bd045e9dbff3673ea"},"headline":"P\u00e3o de A\u00e7\u00facar (PCAR3) vai captar R$ 1,5 bilh\u00e3o com emiss\u00e3o de deb\u00eantures","datePublished":"2021-05-06T13:50:05+00:00","dateModified":"2021-05-18T15:10:45+00:00","mainEntityOfPage":{"@id":"https:\/\/www.suno.com.br\/noticias\/grupo-pao-de-acucar-pcar3-emissao-debentures\/"},"wordCount":483,"publisher":{"@id":"https:\/\/www.suno.com.br\/noticias\/#organization"},"image":{"@id":"https:\/\/www.suno.com.br\/noticias\/grupo-pao-de-acucar-pcar3-emissao-debentures\/#primaryimage"},"thumbnailUrl":"https:\/\/files.sunoresearch.com.br\/n\/uploads\/2021\/04\/26d1d0c1-gpa--scaled.jpg","keywords":["deb\u00eantures","Grupo P\u00e3o de A\u00e7\u00facar (PCAR3\/PCAR4)"],"articleSection":["Neg\u00f3cios"],"inLanguage":"pt-BR"},{"@type":"WebPage","@id":"https:\/\/www.suno.com.br\/noticias\/grupo-pao-de-acucar-pcar3-emissao-debentures\/","url":"https:\/\/www.suno.com.br\/noticias\/grupo-pao-de-acucar-pcar3-emissao-debentures\/","name":"Grupo P\u00e3o de A\u00e7\u00facar aprova emiss\u00e3o de R$ 1,5 bi em deb\u00eantures simples","isPartOf":{"@id":"https:\/\/www.suno.com.br\/noticias\/#website"},"primaryImageOfPage":{"@id":"https:\/\/www.suno.com.br\/noticias\/grupo-pao-de-acucar-pcar3-emissao-debentures\/#primaryimage"},"image":{"@id":"https:\/\/www.suno.com.br\/noticias\/grupo-pao-de-acucar-pcar3-emissao-debentures\/#primaryimage"},"thumbnailUrl":"https:\/\/files.sunoresearch.com.br\/n\/uploads\/2021\/04\/26d1d0c1-gpa--scaled.jpg","datePublished":"2021-05-06T13:50:05+00:00","dateModified":"2021-05-18T15:10:45+00:00","description":"A reuni\u00e3o do Grupo P\u00e3o de A\u00e7\u00facar vai captar recursos por meio de uma emiss\u00e3o de deb\u00eantures. Leia mais sobre a opera\u00e7\u00e3o do P\u00e3o de A\u00e7\u00facar.","breadcrumb":{"@id":"https:\/\/www.suno.com.br\/noticias\/grupo-pao-de-acucar-pcar3-emissao-debentures\/#breadcrumb"},"inLanguage":"pt-BR","potentialAction":[{"@type":"ReadAction","target":["https:\/\/www.suno.com.br\/noticias\/grupo-pao-de-acucar-pcar3-emissao-debentures\/"]}]},{"@type":"ImageObject","inLanguage":"pt-BR","@id":"https:\/\/www.suno.com.br\/noticias\/grupo-pao-de-acucar-pcar3-emissao-debentures\/#primaryimage","url":"https:\/\/files.sunoresearch.com.br\/n\/uploads\/2021\/04\/26d1d0c1-gpa--scaled.jpg","contentUrl":"https:\/\/files.sunoresearch.com.br\/n\/uploads\/2021\/04\/26d1d0c1-gpa--scaled.jpg","width":2560,"height":1707,"caption":"GPA (PCAR3): GPA reporta avan\u00e7o de vendas e margens no 1T25, mas analistas do BTG Pactual mant\u00eam tom conservador"},{"@type":"BreadcrumbList","@id":"https:\/\/www.suno.com.br\/noticias\/grupo-pao-de-acucar-pcar3-emissao-debentures\/#breadcrumb","itemListElement":[{"@type":"ListItem","position":1,"name":"Not\u00edcias","item":"https:\/\/www.suno.com.br\/noticias\/"},{"@type":"ListItem","position":2,"name":"Neg\u00f3cios","item":"https:\/\/www.suno.com.br\/noticias\/negocios\/"},{"@type":"ListItem","position":3,"name":"P\u00e3o de A\u00e7\u00facar (PCAR3) vai captar R$ 1,5 bilh\u00e3o com emiss\u00e3o de deb\u00eantures"}]},{"@type":"WebSite","@id":"https:\/\/www.suno.com.br\/noticias\/#website","url":"https:\/\/www.suno.com.br\/noticias\/","name":"Suno Not\u00edcias","description":"Seu portal de informa\u00e7\u00e3o sobre o mundo dos investimentos","publisher":{"@id":"https:\/\/www.suno.com.br\/noticias\/#organization"},"potentialAction":[{"@type":"SearchAction","target":{"@type":"EntryPoint","urlTemplate":"https:\/\/www.suno.com.br\/noticias\/?s={search_term_string}"},"query-input":{"@type":"PropertyValueSpecification","valueRequired":true,"valueName":"search_term_string"}}],"inLanguage":"pt-BR"},{"@type":"Organization","@id":"https:\/\/www.suno.com.br\/noticias\/#organization","name":"Suno Not\u00edcias","url":"https:\/\/www.suno.com.br\/noticias\/","logo":{"@type":"ImageObject","inLanguage":"pt-BR","@id":"https:\/\/www.suno.com.br\/noticias\/#\/schema\/logo\/image\/","url":"https:\/\/files.sunoresearch.com.br\/n\/uploads\/2021\/09\/suno-logo.png","contentUrl":"https:\/\/files.sunoresearch.com.br\/n\/uploads\/2021\/09\/suno-logo.png","width":180,"height":180,"caption":"Suno Not\u00edcias"},"image":{"@id":"https:\/\/www.suno.com.br\/noticias\/#\/schema\/logo\/image\/"},"sameAs":["https:\/\/facebook.com\/sunoresearch","https:\/\/x.com\/sunoresearch","https:\/\/www.instagram.com\/suno","https:\/\/www.linkedin.com\/company\/suno-research\/","https:\/\/www.youtube.com\/c\/sunoresearch"]},{"@type":"Person","@id":"https:\/\/www.suno.com.br\/noticias\/#\/schema\/person\/c1b1bd3727fa852bd045e9dbff3673ea","name":"Reda\u00e7\u00e3o Suno Not\u00edcias","image":{"@type":"ImageObject","inLanguage":"pt-BR","@id":"https:\/\/www.suno.com.br\/noticias\/#\/schema\/person\/image\/","url":"https:\/\/secure.gravatar.com\/avatar\/b8104b9b5a71985d5238ee59fbe418af?s=96&r=g","contentUrl":"https:\/\/secure.gravatar.com\/avatar\/b8104b9b5a71985d5238ee59fbe418af?s=96&r=g","caption":"Reda\u00e7\u00e3o Suno Not\u00edcias"},"description":"O Suno Not\u00edcias \u00e9 um portal de informa\u00e7\u00f5es sobre Mercado Financeiro, Pol\u00edtica, Neg\u00f3cios, Economia e Finan\u00e7as Pessoais.","sameAs":["https:\/\/www.suno.com.br\/noticias","https:\/\/www.facebook.com\/sunonoticias\/","https:\/\/www.instagram.com\/sunonoticias\/","https:\/\/x.com\/https:\/\/twitter.com\/sunoresearch","https:\/\/www.youtube.com\/sunonoticias"],"url":"https:\/\/www.suno.com.br\/noticias\/author\/redacao-suno\/"}]}},"default_loop_html":"<div class=\"cardsPage__listCard__boxs\"><div class=\"cardsPage__listCard__boxs__img\"><a href=\"https:\/\/www.suno.com.br\/noticias\/grupo-pao-de-acucar-pcar3-emissao-debentures\/\"><img class=\"mask\" src=\"https:\/\/www.suno.com.br\/noticias\/wp-content\/themes\/suno\/resources\/images\/spotlight\/spotlight1img\/bg-mask.png\" alt=\"Image Mask\"\/><img src=\"https:\/\/files.sunoresearch.com.br\/n\/uploads\/2021\/04\/26d1d0c1-gpa--400x200.jpg\" alt=\"P\u00e3o de A\u00e7\u00facar (PCAR3) vai captar R$ 1,5 bilh\u00e3o com emiss\u00e3o de deb\u00eantures\"\/><\/a><span class=\"spotlightCategory\"><a href=\"https:\/\/www.suno.com.br\/noticias\/negocios\/\">Neg\u00f3cios<\/a><\/span><\/div><div class=\"cardsPage__listCard__boxs__content\"><a href=\"https:\/\/www.suno.com.br\/noticias\/grupo-pao-de-acucar-pcar3-emissao-debentures\/\"><h2 class=\"content__title\">P\u00e3o de A\u00e7\u00facar (PCAR3) vai captar R$ 1,5 bilh\u00e3o com emiss\u00e3o de deb\u00eantures<\/h2><\/a><div class=\"newsContent__article__meta\"><div class=\"newsContent__article__meta__authorBox\"><a href=\"https:\/\/www.suno.com.br\/noticias\/author\/redacao-suno\/\" class=\"authorBox__avatar noMobi\"><img src=\"https:\/\/files.sunoresearch.com.br\/n\/uploads\/2020\/08\/0ace682d-redacao-1-150x150.webp\" alt=\"Reda\u00e7\u00e3o Suno Not\u00edcias\"><\/a><div class=\"authorBox__name\"><span>por\n\t\t\t<a href=\"https:\/\/www.suno.com.br\/noticias\/author\/redacao-suno\/\"><span itemprop=\"author\">Reda\u00e7\u00e3o Suno Not\u00edcias<\/span><\/a><\/span><time datetime=\"2021-05-06T10:50:05-03:00\" itemprop=\"datePublished\">06\/05\/2021 10:50<\/time><\/div><\/div><\/div><\/div><\/div>","single_layout":"posts","amp_enabled":true,"_links":{"self":[{"href":"https:\/\/www.suno.com.br\/noticias\/wp-json\/wp\/v2\/posts\/145164"}],"collection":[{"href":"https:\/\/www.suno.com.br\/noticias\/wp-json\/wp\/v2\/posts"}],"about":[{"href":"https:\/\/www.suno.com.br\/noticias\/wp-json\/wp\/v2\/types\/post"}],"author":[{"embeddable":true,"href":"https:\/\/www.suno.com.br\/noticias\/wp-json\/wp\/v2\/users\/43"}],"replies":[{"embeddable":true,"href":"https:\/\/www.suno.com.br\/noticias\/wp-json\/wp\/v2\/comments?post=145164"}],"version-history":[{"count":4,"href":"https:\/\/www.suno.com.br\/noticias\/wp-json\/wp\/v2\/posts\/145164\/revisions"}],"predecessor-version":[{"id":149095,"href":"https:\/\/www.suno.com.br\/noticias\/wp-json\/wp\/v2\/posts\/145164\/revisions\/149095"}],"wp:featuredmedia":[{"embeddable":true,"href":"https:\/\/www.suno.com.br\/noticias\/wp-json\/wp\/v2\/media\/138957"}],"wp:attachment":[{"href":"https:\/\/www.suno.com.br\/noticias\/wp-json\/wp\/v2\/media?parent=145164"}],"wp:term":[{"taxonomy":"category","embeddable":true,"href":"https:\/\/www.suno.com.br\/noticias\/wp-json\/wp\/v2\/categories?post=145164"},{"taxonomy":"post_tag","embeddable":true,"href":"https:\/\/www.suno.com.br\/noticias\/wp-json\/wp\/v2\/tags?post=145164"},{"taxonomy":"suno_strategy","embeddable":true,"href":"https:\/\/www.suno.com.br\/noticias\/wp-json\/wp\/v2\/suno_strategy?post=145164"}],"curies":[{"name":"wp","href":"https:\/\/api.w.org\/{rel}","templated":true}]}}