{"id":144928,"date":"2021-05-05T17:35:13","date_gmt":"2021-05-05T20:35:13","guid":{"rendered":"https:\/\/www.suno.com.br\/noticias\/?p=144928"},"modified":"2021-05-05T17:35:13","modified_gmt":"2021-05-05T20:35:13","slug":"revisao-politica-monetaria-concluida-2o-semestre-bce","status":"publish","type":"post","link":"https:\/\/www.suno.com.br\/noticias\/revisao-politica-monetaria-concluida-2o-semestre-bce\/","title":{"rendered":"Revis\u00e3o de pol\u00edtica monet\u00e1ria dever\u00e1 ser conclu\u00edda no 2\u00ba semestre, diz BCE"},"content":{"rendered":"<p>O economista-chefe do <a href=\"https:\/\/www.suno.com.br\/artigos\/bce\/\">Banco Central Europeu<strong> (BCE)<\/strong><\/a>, Philip Lane, disse nesta quarta-feira (5) que a institui\u00e7\u00e3o dever\u00e1 concluir a revis\u00e3o de sua <a href=\"https:\/\/www.suno.com.br\/artigos\/politica-monetaria\/\">pol\u00edtica monet\u00e1ria<\/a> no segundo semestre deste ano.<\/p>\t<div class=\"wrapper-featured-image\">\n\t\t<figure class=\"spotlightImg\">\n\n\t\t\t<picture>\n\t\t\t\t<source media=\"(max-width: 768px)\" srcset=\"https:\/\/files.sunoresearch.com.br\/n\/uploads\/2021\/05\/1b110121-euro-sculpture-2867935_1280-400x200.webp\">\n\t\t\t\t<img loading=\"lazy\" decoding=\"async\" class=\"newsContent__article__imgCapa lazyloadDisabled \" src=\"https:\/\/files.sunoresearch.com.br\/n\/uploads\/2021\/05\/1b110121-euro-sculpture-2867935_1280-800x450.webp\" width=\"800\" height=\"450\" alt=\"Revis\u00e3o de pol\u00edtica monet\u00e1ria dever\u00e1 ser conclu\u00edda no 2\u00ba semestre, diz BCE\" fetchpriority=high \/>\n\t\t\t<\/picture>\n\n\t\t\t<figcaption class=\"wp-caption-text wp-caption-text--show\">Europa. Foto: Pixabay<\/figcaption>\n\t\t<\/figure>\n\t<\/div>\n\n\n\t<p>\n\t\t<a href=\"https:\/\/lp.suno.com.br\/planilha-controle-gastos\/\" target=\"_blank\" data-element=\"shortcode-suno-banner\" title=\"Banner SUNO, clique e saiba mais\">\n\t\t\t<picture>\n\t\t\t\t<source media=\"(max-width: 500px)\" srcset=\"https:\/\/files.sunoresearch.com.br\/n\/uploads\/2023\/03\/400x300-Planilha-controle-de-gastos.png\">\n\t\t\t\t<img class=\"newsContent__article__imgCapa newsContent__article__imgCapa--banner\"\n\t\t\t\t\tsrc=\"https:\/\/files.sunoresearch.com.br\/n\/uploads\/2023\/03\/1420x240-Planilha-controle-de-gastos.png\"\n\t\t\t\t\tdata-promo-id=\"101751\"\t\t\t\t\t\t\t\t\t\twidth='1420' height='240'\t\t\t\t\talt=\"https:\/\/files.sunoresearch.com.br\/n\/uploads\/2023\/03\/1420x240-Planilha-controle-de-gastos.png\"\n\t\t\t\t>\n\t\t\t<\/picture>\n\t\t<\/a>\n\t<\/p>\n\n\n<p>A revis\u00e3o realizada pelo BCE teve in\u00edcio no come\u00e7o de 2020, mas acabou sendo adiada por causa da pandemia de covid-19, explicou Lane. Posteriormente, os trabalhos foram retomados durante o ver\u00e3o europeu, ou seja, em meados do ano passado.<\/p>\n<p>O economista-chefe do banco disse que a institui\u00e7\u00e3o prev\u00ea a infla\u00e7\u00e3o da zona do euro pr\u00f3xima de 1% em 2022. Em mar\u00e7o, o BCE projetou <a href=\"https:\/\/www.suno.com.br\/artigos\/inflacao\/\">taxa de infla\u00e7\u00e3o<\/a> de 1,2% para o pr\u00f3ximo ano.<\/p>\n<p><a href=\"https:\/\/lp.suno.com.br\/suno-one\/\">Suno One: acesse gratuitamente eBooks, Minicursos, Artigos e Video Aulas sobre investimentos com um \u00fanico cadastro. Clique para saber mais!<\/a><\/p>\n<p>Lane, que falou nesta quarta-feira durante painel promovido pelo F\u00f3rum Oficial das Institui\u00e7\u00f5es Monet\u00e1rias e Financeiras (OMFIF, pela sigla em ingl\u00eas), afirmou tamb\u00e9m que a proje\u00e7\u00e3o j\u00e1 considerava a acelera\u00e7\u00e3o das campanhas de vacina\u00e7\u00e3o na Uni\u00e3o Europeia (UE) e a reabertura econ\u00f4mica da regi\u00e3o, \u00e0 medida que a pandemia de covid-19 fosse controlada.<\/p>\n<p>Segundo Lane, o salto na infla\u00e7\u00e3o que est\u00e1 sendo observado este ano \u00e9 uma consequ\u00eancia dos choques da pandemia em 2020.<\/p>\n<p>Lane tamb\u00e9m reiterou que o BCE est\u00e1 disposto a ajustar todos os instrumentos de pol\u00edtica monet\u00e1ria para atingir sua meta de infla\u00e7\u00e3o, que \u00e9 de uma taxa ligeiramente inferior a 2%.<\/p>\n<h2>BCE mant\u00e9m juros, mas promete seguir comprando b\u00f4nus em ritmo mais acelerado<\/h2>\n<p>O Banco Central Europeu decidiu deixar sua pol\u00edtica monet\u00e1ria inalterada ap\u00f3s reuni\u00e3o conclu\u00edda nesta quinta-feira (22) como se previa, mas prometeu continuar comprando b\u00f4nus em ritmo &#8220;significativamente&#8221; mais r\u00e1pido do que no come\u00e7o do ano.<\/p>\n<p>As principais<a href=\"https:\/\/www.suno.com.br\/artigos\/juros\/\"> taxas de juros<\/a> do BCE, a de refinanciamento e a de dep\u00f3sitos, permaneceram em 0% e -0,50%, respectivamente.<\/p>\n<p>Al\u00e9m disso, o Banco Central Europeu manteve o volume de seu Programa de Compras de Emerg\u00eancia na Pandemia (PEPP, na sigla em ingl\u00eas) em 1,85 trilh\u00e3o de euros.<\/p>\n<p>Segundo a institui\u00e7\u00e3o, o PEPP poder\u00e1 ser &#8220;recalibrado&#8221;, se necess\u00e1rio, mas talvez n\u00e3o seja utilizado integralmente se as condi\u00e7\u00f5es de financiamento forem favor\u00e1veis.<\/p>\n<p><a href=\"https:\/\/www.suno.com.br\/noticias\/bce-elevado-compras-ativos-aperto\/\">Veja Tamb\u00e9m: BCE diz ter elevado compras de ativos para evitar aperto em condi\u00e7\u00f5es financeiras<\/a><\/p>\n<p>As compras ocorrer\u00e3o de maneira flex\u00edvel para evitar eventual aperto nas condi\u00e7\u00f5es, acrescentou a institui\u00e7\u00e3o. Em mar\u00e7o, o Banco Central Europeu decidiu acelerar as compras de ativos por meio do PEPP.<\/p>\n<p>O <strong>BCE<\/strong> tamb\u00e9m deixou inalterado o tamanho do Programa de Compras de Ativos (APP, na sigla em ingl\u00eas), em 120 bilh\u00f5es de euros, a um ritmo mensal de 20 bilh\u00f5es de euros. As compras do APP ser\u00e3o realizadas &#8220;pelo tempo que for necess\u00e1rio&#8221;, reafirmou a autoridade monet\u00e1ria ap\u00f3s reuni\u00e3o.<\/p>\n<p><em>Com informa\u00e7\u00f5es do Estad\u00e3o Conte\u00fado<\/em><\/p>\n\t<p>\n\t\t<a href=\"https:\/\/lp.suno.com.br\/planilha-de-controle-de-investimentos\/\" target=\"_blank\" data-element=\"shortcode-suno-banner\" title=\"Banner SUNO, clique e saiba mais\">\n\t\t\t<picture>\n\t\t\t\t<source media=\"(max-width: 500px)\" srcset=\"https:\/\/files.sunoresearch.com.br\/n\/uploads\/2023\/03\/400x300-Controle-de-Investimentos.png\">\n\t\t\t\t<img class=\"newsContent__article__imgCapa newsContent__article__imgCapa--banner\"\n\t\t\t\t\tsrc=\"https:\/\/files.sunoresearch.com.br\/n\/uploads\/2023\/03\/1420x240-Controle-de-Investimentos.png\"\n\t\t\t\t\tdata-promo-id=\"75934\"\t\t\t\t\t\t\t\t\t\twidth='1420' height='240'\t\t\t\t\talt=\"https:\/\/files.sunoresearch.com.br\/n\/uploads\/2023\/03\/1420x240-Controle-de-Investimentos.png\"\n\t\t\t\t>\n\t\t\t<\/picture>\n\t\t<\/a>\n\t<\/p>\n\n\n","protected":false},"excerpt":{"rendered":"<p>O economista-chefe do Banco Central Europeu (BCE), Philip Lane, disse nesta quarta-feira (5) que a institui\u00e7\u00e3o dever\u00e1 concluir a revis\u00e3o de sua pol\u00edtica monet\u00e1ria no segundo semestre deste ano. Europa. Foto: Pixabay A revis\u00e3o realizada pelo BCE teve in\u00edcio no come\u00e7o de 2020, mas acabou sendo adiada por causa da pandemia de covid-19, explicou Lane. [&hellip;]<\/p>\n","protected":false},"author":56,"featured_media":145089,"comment_status":"closed","ping_status":"closed","sticky":false,"template":"","format":"standard","meta":[],"categories":[64],"tags":[863],"suno_strategy":[],"class_list":["post-144928","post","type-post","status-publish","format-standard","has-post-thumbnail","hentry","category-negocios","tag-banco-central-europeu-bce"],"yoast_head":"<!-- This site is optimized with the Yoast SEO plugin v24.4 - https:\/\/yoast.com\/wordpress\/plugins\/seo\/ -->\n<title>Revis\u00e3o de pol\u00edtica monet\u00e1ria dever\u00e1 ser conclu\u00edda no 2\u00ba semestre, diz BCE<\/title>\n<meta name=\"description\" content=\"A revis\u00e3o teve in\u00edcio no come\u00e7o de 2020, mas acabou sendo adiada por causa da pandemia de covid-19, disse o BCE. Clique aqui para saber mais.\" \/>\n<meta name=\"robots\" content=\"index, follow, max-snippet:-1, max-image-preview:large, max-video-preview:-1\" \/>\n<link rel=\"canonical\" href=\"https:\/\/www.suno.com.br\/noticias\/revisao-politica-monetaria-concluida-2o-semestre-bce\/\" \/>\n<meta property=\"og:locale\" content=\"pt_BR\" \/>\n<meta property=\"og:type\" content=\"article\" \/>\n<meta property=\"og:title\" content=\"Revis\u00e3o de pol\u00edtica monet\u00e1ria dever\u00e1 ser conclu\u00edda no 2\u00ba semestre, diz BCE\" \/>\n<meta property=\"og:description\" content=\"A revis\u00e3o teve in\u00edcio no come\u00e7o de 2020, mas acabou sendo adiada por causa da pandemia de covid-19, disse o BCE. Clique aqui para saber mais.\" \/>\n<meta property=\"og:url\" content=\"https:\/\/www.suno.com.br\/noticias\/revisao-politica-monetaria-concluida-2o-semestre-bce\/\" \/>\n<meta property=\"og:site_name\" content=\"Suno Not\u00edcias\" \/>\n<meta property=\"article:publisher\" content=\"https:\/\/facebook.com\/sunoresearch\" \/>\n<meta property=\"og:image\" content=\"https:\/\/files.sunoresearch.com.br\/n\/uploads\/2021\/05\/1b110121-euro-sculpture-2867935_1280.jpg\" \/>\n\t<meta property=\"og:image:width\" content=\"1280\" \/>\n\t<meta property=\"og:image:height\" content=\"960\" \/>\n\t<meta property=\"og:image:type\" content=\"image\/jpeg\" \/>\n<meta name=\"author\" content=\"Rafaela La Regina\" \/>\n<meta name=\"twitter:card\" content=\"summary_large_image\" \/>\n<meta name=\"twitter:creator\" content=\"@sunoresearch\" \/>\n<meta name=\"twitter:site\" content=\"@sunoresearch\" \/>\n<meta name=\"twitter:label1\" content=\"Escrito por\" \/>\n\t<meta name=\"twitter:data1\" content=\"Rafaela La Regina\" \/>\n\t<meta name=\"twitter:label2\" content=\"Est. tempo de leitura\" \/>\n\t<meta name=\"twitter:data2\" content=\"3 minutos\" \/>\n<script type=\"application\/ld+json\" class=\"yoast-schema-graph\">{\"@context\":\"https:\/\/schema.org\",\"@graph\":[{\"@type\":\"NewsArticle\",\"@id\":\"https:\/\/www.suno.com.br\/noticias\/revisao-politica-monetaria-concluida-2o-semestre-bce\/#article\",\"isPartOf\":{\"@id\":\"https:\/\/www.suno.com.br\/noticias\/revisao-politica-monetaria-concluida-2o-semestre-bce\/\"},\"author\":{\"name\":\"Rafaela La Regina\",\"@id\":\"https:\/\/www.suno.com.br\/noticias\/#\/schema\/person\/e672ca8cea627fe715fa29bca7da95e0\"},\"headline\":\"Revis\u00e3o de pol\u00edtica monet\u00e1ria dever\u00e1 ser conclu\u00edda no 2\u00ba semestre, diz BCE\",\"datePublished\":\"2021-05-05T20:35:13+00:00\",\"mainEntityOfPage\":{\"@id\":\"https:\/\/www.suno.com.br\/noticias\/revisao-politica-monetaria-concluida-2o-semestre-bce\/\"},\"wordCount\":521,\"publisher\":{\"@id\":\"https:\/\/www.suno.com.br\/noticias\/#organization\"},\"image\":{\"@id\":\"https:\/\/www.suno.com.br\/noticias\/revisao-politica-monetaria-concluida-2o-semestre-bce\/#primaryimage\"},\"thumbnailUrl\":\"https:\/\/files.sunoresearch.com.br\/n\/uploads\/2021\/05\/1b110121-euro-sculpture-2867935_1280-jpg.webp\",\"keywords\":[\"Banco Central Europeu (BCE)\"],\"articleSection\":[\"Neg\u00f3cios\"],\"inLanguage\":\"pt-BR\"},{\"@type\":\"WebPage\",\"@id\":\"https:\/\/www.suno.com.br\/noticias\/revisao-politica-monetaria-concluida-2o-semestre-bce\/\",\"url\":\"https:\/\/www.suno.com.br\/noticias\/revisao-politica-monetaria-concluida-2o-semestre-bce\/\",\"name\":\"Revis\u00e3o de pol\u00edtica monet\u00e1ria dever\u00e1 ser conclu\u00edda no 2\u00ba semestre, diz BCE\",\"isPartOf\":{\"@id\":\"https:\/\/www.suno.com.br\/noticias\/#website\"},\"primaryImageOfPage\":{\"@id\":\"https:\/\/www.suno.com.br\/noticias\/revisao-politica-monetaria-concluida-2o-semestre-bce\/#primaryimage\"},\"image\":{\"@id\":\"https:\/\/www.suno.com.br\/noticias\/revisao-politica-monetaria-concluida-2o-semestre-bce\/#primaryimage\"},\"thumbnailUrl\":\"https:\/\/files.sunoresearch.com.br\/n\/uploads\/2021\/05\/1b110121-euro-sculpture-2867935_1280-jpg.webp\",\"datePublished\":\"2021-05-05T20:35:13+00:00\",\"description\":\"A revis\u00e3o teve in\u00edcio no come\u00e7o de 2020, mas acabou sendo adiada por causa da pandemia de covid-19, disse o BCE. Clique aqui para saber mais.\",\"breadcrumb\":{\"@id\":\"https:\/\/www.suno.com.br\/noticias\/revisao-politica-monetaria-concluida-2o-semestre-bce\/#breadcrumb\"},\"inLanguage\":\"pt-BR\",\"potentialAction\":[{\"@type\":\"ReadAction\",\"target\":[\"https:\/\/www.suno.com.br\/noticias\/revisao-politica-monetaria-concluida-2o-semestre-bce\/\"]}]},{\"@type\":\"ImageObject\",\"inLanguage\":\"pt-BR\",\"@id\":\"https:\/\/www.suno.com.br\/noticias\/revisao-politica-monetaria-concluida-2o-semestre-bce\/#primaryimage\",\"url\":\"https:\/\/files.sunoresearch.com.br\/n\/uploads\/2021\/05\/1b110121-euro-sculpture-2867935_1280-jpg.webp\",\"contentUrl\":\"https:\/\/files.sunoresearch.com.br\/n\/uploads\/2021\/05\/1b110121-euro-sculpture-2867935_1280-jpg.webp\",\"width\":1280,\"height\":960,\"caption\":\"Europa. Foto: Pixabay\"},{\"@type\":\"BreadcrumbList\",\"@id\":\"https:\/\/www.suno.com.br\/noticias\/revisao-politica-monetaria-concluida-2o-semestre-bce\/#breadcrumb\",\"itemListElement\":[{\"@type\":\"ListItem\",\"position\":1,\"name\":\"Not\u00edcias\",\"item\":\"https:\/\/www.suno.com.br\/noticias\/\"},{\"@type\":\"ListItem\",\"position\":2,\"name\":\"Neg\u00f3cios\",\"item\":\"https:\/\/www.suno.com.br\/noticias\/negocios\/\"},{\"@type\":\"ListItem\",\"position\":3,\"name\":\"Revis\u00e3o de pol\u00edtica monet\u00e1ria dever\u00e1 ser conclu\u00edda no 2\u00ba semestre, diz BCE\"}]},{\"@type\":\"WebSite\",\"@id\":\"https:\/\/www.suno.com.br\/noticias\/#website\",\"url\":\"https:\/\/www.suno.com.br\/noticias\/\",\"name\":\"Suno Not\u00edcias\",\"description\":\"Seu portal de informa\u00e7\u00e3o sobre o mundo dos investimentos\",\"publisher\":{\"@id\":\"https:\/\/www.suno.com.br\/noticias\/#organization\"},\"potentialAction\":[{\"@type\":\"SearchAction\",\"target\":{\"@type\":\"EntryPoint\",\"urlTemplate\":\"https:\/\/www.suno.com.br\/noticias\/?s={search_term_string}\"},\"query-input\":{\"@type\":\"PropertyValueSpecification\",\"valueRequired\":true,\"valueName\":\"search_term_string\"}}],\"inLanguage\":\"pt-BR\"},{\"@type\":\"Organization\",\"@id\":\"https:\/\/www.suno.com.br\/noticias\/#organization\",\"name\":\"Suno Not\u00edcias\",\"url\":\"https:\/\/www.suno.com.br\/noticias\/\",\"logo\":{\"@type\":\"ImageObject\",\"inLanguage\":\"pt-BR\",\"@id\":\"https:\/\/www.suno.com.br\/noticias\/#\/schema\/logo\/image\/\",\"url\":\"https:\/\/files.sunoresearch.com.br\/n\/uploads\/2021\/09\/suno-logo.png\",\"contentUrl\":\"https:\/\/files.sunoresearch.com.br\/n\/uploads\/2021\/09\/suno-logo.png\",\"width\":180,\"height\":180,\"caption\":\"Suno Not\u00edcias\"},\"image\":{\"@id\":\"https:\/\/www.suno.com.br\/noticias\/#\/schema\/logo\/image\/\"},\"sameAs\":[\"https:\/\/facebook.com\/sunoresearch\",\"https:\/\/x.com\/sunoresearch\",\"https:\/\/www.instagram.com\/suno\",\"https:\/\/www.linkedin.com\/company\/suno-research\/\",\"https:\/\/www.youtube.com\/c\/sunoresearch\"]},{\"@type\":\"Person\",\"@id\":\"https:\/\/www.suno.com.br\/noticias\/#\/schema\/person\/e672ca8cea627fe715fa29bca7da95e0\",\"name\":\"Rafaela La Regina\",\"image\":{\"@type\":\"ImageObject\",\"inLanguage\":\"pt-BR\",\"@id\":\"https:\/\/www.suno.com.br\/noticias\/#\/schema\/person\/image\/\",\"url\":\"https:\/\/secure.gravatar.com\/avatar\/d2c75a52d243deb93d0465fdcb21bd37?s=96&r=g\",\"contentUrl\":\"https:\/\/secure.gravatar.com\/avatar\/d2c75a52d243deb93d0465fdcb21bd37?s=96&r=g\",\"caption\":\"Rafaela La Regina\"},\"description\":\"Estagi\u00e1ria no Suno Not\u00edcias. Escreve sobre economia, pol\u00edtica e neg\u00f3cios. Estuda Rela\u00e7\u00f5es Internacionais no IBMEC-SP.\",\"url\":\"https:\/\/www.suno.com.br\/noticias\/author\/rafaela-la-regina\/\"}]}<\/script>\n<!-- \/ Yoast SEO plugin. -->","yoast_head_json":{"title":"Revis\u00e3o de pol\u00edtica monet\u00e1ria dever\u00e1 ser conclu\u00edda no 2\u00ba semestre, diz BCE","description":"A revis\u00e3o teve in\u00edcio no come\u00e7o de 2020, mas acabou sendo adiada por causa da pandemia de covid-19, disse o BCE. Clique aqui para saber mais.","robots":{"index":"index","follow":"follow","max-snippet":"max-snippet:-1","max-image-preview":"max-image-preview:large","max-video-preview":"max-video-preview:-1"},"canonical":"https:\/\/www.suno.com.br\/noticias\/revisao-politica-monetaria-concluida-2o-semestre-bce\/","og_locale":"pt_BR","og_type":"article","og_title":"Revis\u00e3o de pol\u00edtica monet\u00e1ria dever\u00e1 ser conclu\u00edda no 2\u00ba semestre, diz BCE","og_description":"A revis\u00e3o teve in\u00edcio no come\u00e7o de 2020, mas acabou sendo adiada por causa da pandemia de covid-19, disse o BCE. Clique aqui para saber mais.","og_url":"https:\/\/www.suno.com.br\/noticias\/revisao-politica-monetaria-concluida-2o-semestre-bce\/","og_site_name":"Suno Not\u00edcias","article_publisher":"https:\/\/facebook.com\/sunoresearch","og_image":[{"width":1280,"height":960,"url":"https:\/\/files.sunoresearch.com.br\/n\/uploads\/2021\/05\/1b110121-euro-sculpture-2867935_1280.jpg","type":"image\/jpeg"}],"author":"Rafaela La Regina","twitter_card":"summary_large_image","twitter_creator":"@sunoresearch","twitter_site":"@sunoresearch","twitter_misc":{"Escrito por":"Rafaela La Regina","Est. tempo de leitura":"3 minutos"},"schema":{"@context":"https:\/\/schema.org","@graph":[{"@type":"NewsArticle","@id":"https:\/\/www.suno.com.br\/noticias\/revisao-politica-monetaria-concluida-2o-semestre-bce\/#article","isPartOf":{"@id":"https:\/\/www.suno.com.br\/noticias\/revisao-politica-monetaria-concluida-2o-semestre-bce\/"},"author":{"name":"Rafaela La Regina","@id":"https:\/\/www.suno.com.br\/noticias\/#\/schema\/person\/e672ca8cea627fe715fa29bca7da95e0"},"headline":"Revis\u00e3o de pol\u00edtica monet\u00e1ria dever\u00e1 ser conclu\u00edda no 2\u00ba semestre, diz BCE","datePublished":"2021-05-05T20:35:13+00:00","mainEntityOfPage":{"@id":"https:\/\/www.suno.com.br\/noticias\/revisao-politica-monetaria-concluida-2o-semestre-bce\/"},"wordCount":521,"publisher":{"@id":"https:\/\/www.suno.com.br\/noticias\/#organization"},"image":{"@id":"https:\/\/www.suno.com.br\/noticias\/revisao-politica-monetaria-concluida-2o-semestre-bce\/#primaryimage"},"thumbnailUrl":"https:\/\/files.sunoresearch.com.br\/n\/uploads\/2021\/05\/1b110121-euro-sculpture-2867935_1280-jpg.webp","keywords":["Banco Central Europeu (BCE)"],"articleSection":["Neg\u00f3cios"],"inLanguage":"pt-BR"},{"@type":"WebPage","@id":"https:\/\/www.suno.com.br\/noticias\/revisao-politica-monetaria-concluida-2o-semestre-bce\/","url":"https:\/\/www.suno.com.br\/noticias\/revisao-politica-monetaria-concluida-2o-semestre-bce\/","name":"Revis\u00e3o de pol\u00edtica monet\u00e1ria dever\u00e1 ser conclu\u00edda no 2\u00ba semestre, diz BCE","isPartOf":{"@id":"https:\/\/www.suno.com.br\/noticias\/#website"},"primaryImageOfPage":{"@id":"https:\/\/www.suno.com.br\/noticias\/revisao-politica-monetaria-concluida-2o-semestre-bce\/#primaryimage"},"image":{"@id":"https:\/\/www.suno.com.br\/noticias\/revisao-politica-monetaria-concluida-2o-semestre-bce\/#primaryimage"},"thumbnailUrl":"https:\/\/files.sunoresearch.com.br\/n\/uploads\/2021\/05\/1b110121-euro-sculpture-2867935_1280-jpg.webp","datePublished":"2021-05-05T20:35:13+00:00","description":"A revis\u00e3o teve in\u00edcio no come\u00e7o de 2020, mas acabou sendo adiada por causa da pandemia de covid-19, disse o BCE. Clique aqui para saber mais.","breadcrumb":{"@id":"https:\/\/www.suno.com.br\/noticias\/revisao-politica-monetaria-concluida-2o-semestre-bce\/#breadcrumb"},"inLanguage":"pt-BR","potentialAction":[{"@type":"ReadAction","target":["https:\/\/www.suno.com.br\/noticias\/revisao-politica-monetaria-concluida-2o-semestre-bce\/"]}]},{"@type":"ImageObject","inLanguage":"pt-BR","@id":"https:\/\/www.suno.com.br\/noticias\/revisao-politica-monetaria-concluida-2o-semestre-bce\/#primaryimage","url":"https:\/\/files.sunoresearch.com.br\/n\/uploads\/2021\/05\/1b110121-euro-sculpture-2867935_1280-jpg.webp","contentUrl":"https:\/\/files.sunoresearch.com.br\/n\/uploads\/2021\/05\/1b110121-euro-sculpture-2867935_1280-jpg.webp","width":1280,"height":960,"caption":"Europa. Foto: Pixabay"},{"@type":"BreadcrumbList","@id":"https:\/\/www.suno.com.br\/noticias\/revisao-politica-monetaria-concluida-2o-semestre-bce\/#breadcrumb","itemListElement":[{"@type":"ListItem","position":1,"name":"Not\u00edcias","item":"https:\/\/www.suno.com.br\/noticias\/"},{"@type":"ListItem","position":2,"name":"Neg\u00f3cios","item":"https:\/\/www.suno.com.br\/noticias\/negocios\/"},{"@type":"ListItem","position":3,"name":"Revis\u00e3o de pol\u00edtica monet\u00e1ria dever\u00e1 ser conclu\u00edda no 2\u00ba semestre, diz BCE"}]},{"@type":"WebSite","@id":"https:\/\/www.suno.com.br\/noticias\/#website","url":"https:\/\/www.suno.com.br\/noticias\/","name":"Suno Not\u00edcias","description":"Seu portal de informa\u00e7\u00e3o sobre o mundo dos investimentos","publisher":{"@id":"https:\/\/www.suno.com.br\/noticias\/#organization"},"potentialAction":[{"@type":"SearchAction","target":{"@type":"EntryPoint","urlTemplate":"https:\/\/www.suno.com.br\/noticias\/?s={search_term_string}"},"query-input":{"@type":"PropertyValueSpecification","valueRequired":true,"valueName":"search_term_string"}}],"inLanguage":"pt-BR"},{"@type":"Organization","@id":"https:\/\/www.suno.com.br\/noticias\/#organization","name":"Suno Not\u00edcias","url":"https:\/\/www.suno.com.br\/noticias\/","logo":{"@type":"ImageObject","inLanguage":"pt-BR","@id":"https:\/\/www.suno.com.br\/noticias\/#\/schema\/logo\/image\/","url":"https:\/\/files.sunoresearch.com.br\/n\/uploads\/2021\/09\/suno-logo.png","contentUrl":"https:\/\/files.sunoresearch.com.br\/n\/uploads\/2021\/09\/suno-logo.png","width":180,"height":180,"caption":"Suno Not\u00edcias"},"image":{"@id":"https:\/\/www.suno.com.br\/noticias\/#\/schema\/logo\/image\/"},"sameAs":["https:\/\/facebook.com\/sunoresearch","https:\/\/x.com\/sunoresearch","https:\/\/www.instagram.com\/suno","https:\/\/www.linkedin.com\/company\/suno-research\/","https:\/\/www.youtube.com\/c\/sunoresearch"]},{"@type":"Person","@id":"https:\/\/www.suno.com.br\/noticias\/#\/schema\/person\/e672ca8cea627fe715fa29bca7da95e0","name":"Rafaela La Regina","image":{"@type":"ImageObject","inLanguage":"pt-BR","@id":"https:\/\/www.suno.com.br\/noticias\/#\/schema\/person\/image\/","url":"https:\/\/secure.gravatar.com\/avatar\/d2c75a52d243deb93d0465fdcb21bd37?s=96&r=g","contentUrl":"https:\/\/secure.gravatar.com\/avatar\/d2c75a52d243deb93d0465fdcb21bd37?s=96&r=g","caption":"Rafaela La Regina"},"description":"Estagi\u00e1ria no Suno Not\u00edcias. Escreve sobre economia, pol\u00edtica e neg\u00f3cios. Estuda Rela\u00e7\u00f5es Internacionais no IBMEC-SP.","url":"https:\/\/www.suno.com.br\/noticias\/author\/rafaela-la-regina\/"}]}},"default_loop_html":"<div class=\"cardsPage__listCard__boxs\"><div class=\"cardsPage__listCard__boxs__img\"><a href=\"https:\/\/www.suno.com.br\/noticias\/revisao-politica-monetaria-concluida-2o-semestre-bce\/\"><img class=\"mask\" src=\"https:\/\/www.suno.com.br\/noticias\/wp-content\/themes\/suno\/resources\/images\/spotlight\/spotlight1img\/bg-mask.png\" alt=\"Image Mask\"\/><img src=\"https:\/\/files.sunoresearch.com.br\/n\/uploads\/2021\/05\/1b110121-euro-sculpture-2867935_1280-400x200.webp\" alt=\"Revis\u00e3o de pol\u00edtica monet\u00e1ria dever\u00e1 ser conclu\u00edda no 2\u00ba semestre, diz BCE\"\/><\/a><span class=\"spotlightCategory\"><a href=\"https:\/\/www.suno.com.br\/noticias\/negocios\/\">Neg\u00f3cios<\/a><\/span><\/div><div class=\"cardsPage__listCard__boxs__content\"><a href=\"https:\/\/www.suno.com.br\/noticias\/revisao-politica-monetaria-concluida-2o-semestre-bce\/\"><h2 class=\"content__title\">Revis\u00e3o de pol\u00edtica monet\u00e1ria dever\u00e1 ser conclu\u00edda no 2\u00ba semestre, diz BCE<\/h2><\/a><div class=\"newsContent__article__meta\"><div class=\"newsContent__article__meta__authorBox\"><a href=\"https:\/\/www.suno.com.br\/noticias\/author\/rafaela-la-regina\/\" class=\"authorBox__avatar noMobi\"><img src=\"https:\/\/secure.gravatar.com\/avatar\/d2c75a52d243deb93d0465fdcb21bd37?s=96&#038;r=g\" alt=\"Rafaela La Regina\"><\/a><div class=\"authorBox__name\"><span>por\n\t\t\t<a href=\"https:\/\/www.suno.com.br\/noticias\/author\/rafaela-la-regina\/\"><span itemprop=\"author\">Rafaela La Regina<\/span><\/a><\/span><time datetime=\"2021-05-05T17:35:13-03:00\" itemprop=\"datePublished\">05\/05\/2021 17:35<\/time><\/div><\/div><\/div><\/div><\/div>","single_layout":"posts","amp_enabled":true,"_links":{"self":[{"href":"https:\/\/www.suno.com.br\/noticias\/wp-json\/wp\/v2\/posts\/144928"}],"collection":[{"href":"https:\/\/www.suno.com.br\/noticias\/wp-json\/wp\/v2\/posts"}],"about":[{"href":"https:\/\/www.suno.com.br\/noticias\/wp-json\/wp\/v2\/types\/post"}],"author":[{"embeddable":true,"href":"https:\/\/www.suno.com.br\/noticias\/wp-json\/wp\/v2\/users\/56"}],"replies":[{"embeddable":true,"href":"https:\/\/www.suno.com.br\/noticias\/wp-json\/wp\/v2\/comments?post=144928"}],"version-history":[{"count":2,"href":"https:\/\/www.suno.com.br\/noticias\/wp-json\/wp\/v2\/posts\/144928\/revisions"}],"predecessor-version":[{"id":145090,"href":"https:\/\/www.suno.com.br\/noticias\/wp-json\/wp\/v2\/posts\/144928\/revisions\/145090"}],"wp:featuredmedia":[{"embeddable":true,"href":"https:\/\/www.suno.com.br\/noticias\/wp-json\/wp\/v2\/media\/145089"}],"wp:attachment":[{"href":"https:\/\/www.suno.com.br\/noticias\/wp-json\/wp\/v2\/media?parent=144928"}],"wp:term":[{"taxonomy":"category","embeddable":true,"href":"https:\/\/www.suno.com.br\/noticias\/wp-json\/wp\/v2\/categories?post=144928"},{"taxonomy":"post_tag","embeddable":true,"href":"https:\/\/www.suno.com.br\/noticias\/wp-json\/wp\/v2\/tags?post=144928"},{"taxonomy":"suno_strategy","embeddable":true,"href":"https:\/\/www.suno.com.br\/noticias\/wp-json\/wp\/v2\/suno_strategy?post=144928"}],"curies":[{"name":"wp","href":"https:\/\/api.w.org\/{rel}","templated":true}]}}