{"id":144911,"date":"2021-05-05T13:25:55","date_gmt":"2021-05-05T16:25:55","guid":{"rendered":"https:\/\/www.suno.com.br\/noticias\/?p=144911"},"modified":"2021-05-05T13:26:08","modified_gmt":"2021-05-05T16:26:08","slug":"producao-industrial-cai-em-marco-dois-meses","status":"publish","type":"post","link":"https:\/\/www.suno.com.br\/noticias\/producao-industrial-cai-em-marco-dois-meses\/","title":{"rendered":"Produ\u00e7\u00e3o industrial brasileira recua 3,4% em dois meses, afirma IBGE"},"content":{"rendered":"<p>A queda de 2,4% na <strong>produ\u00e7\u00e3o industrial<\/strong> em mar\u00e7o ante fevereiro fez o setor acumular uma perda de 3,4% em dois meses de recuos consecutivos, segundo os dados da Pesquisa Industrial Mensal divulgados pelo <a href=\"https:\/\/www.suno.com.br\/artigos\/ibge\/\">Instituto Brasileiro de Geografia e Estat\u00edstica (IBGE)<\/a> nesta quarta-feira (5).<\/p>\t<div class=\"wrapper-featured-image\">\n\t\t<figure class=\"spotlightImg\">\n\n\t\t\t<picture>\n\t\t\t\t<source media=\"(max-width: 768px)\" srcset=\"https:\/\/files.sunoresearch.com.br\/n\/uploads\/2021\/05\/319c9a93-1028036-28-06-201628062016-o001-400x200.webp\">\n\t\t\t\t<img loading=\"lazy\" decoding=\"async\" class=\"newsContent__article__imgCapa lazyloadDisabled \" src=\"https:\/\/files.sunoresearch.com.br\/n\/uploads\/2021\/05\/319c9a93-1028036-28-06-201628062016-o001-800x450.webp\" width=\"800\" height=\"450\" alt=\"Produ\u00e7\u00e3o industrial brasileira recua 3,4% em dois meses, afirma IBGE\" fetchpriority=high \/>\n\t\t\t<\/picture>\n\n\t\t\t<figcaption class=\"wp-caption-text wp-caption-text--show\">Foto: Isaac N\u00f3brega\/Ag\u00eancia Brasil<\/figcaption>\n\t\t<\/figure>\n\t<\/div>\n\n\n<p><span style=\"font-weight: 400;\">\t<p>\n\t\t<a href=\"https:\/\/lp.suno.com.br\/planilha-controle-gastos\/\" target=\"_blank\" data-element=\"shortcode-suno-banner\" title=\"Banner SUNO, clique e saiba mais\">\n\t\t\t<picture>\n\t\t\t\t<source media=\"(max-width: 500px)\" srcset=\"https:\/\/files.sunoresearch.com.br\/n\/uploads\/2023\/03\/400x300-Planilha-controle-de-gastos.png\">\n\t\t\t\t<img class=\"newsContent__article__imgCapa newsContent__article__imgCapa--banner\"\n\t\t\t\t\tsrc=\"https:\/\/files.sunoresearch.com.br\/n\/uploads\/2023\/03\/1420x240-Planilha-controle-de-gastos.png\"\n\t\t\t\t\tdata-promo-id=\"101751\"\t\t\t\t\t\t\t\t\t\twidth='1420' height='240'\t\t\t\t\talt=\"https:\/\/files.sunoresearch.com.br\/n\/uploads\/2023\/03\/1420x240-Planilha-controle-de-gastos.png\"\n\t\t\t\t>\n\t\t\t<\/picture>\n\t\t<\/a>\n\t<\/p>\n\n<\/span><\/p>\n<p>Em nove meses de crescimento, de maio de 2020 a janeiro de 2021, a ind\u00fastria tinha acumulado um ganho de 40,1%. Com as perdas recentes, <strong>a produ\u00e7\u00e3o industrial brasileira est\u00e1 atualmente no mesmo patamar de fevereiro de 2020<\/strong>, pr\u00e9-pandemia, e ainda est\u00e1 16,5% abaixo do patamar recorde alcan\u00e7ado em maio de 2011.<\/p>\n<p><strong>O recuo de 2,4% na produ\u00e7\u00e3o industrial em mar\u00e7o ante fevereiro<\/strong> foi resultado de perdas em 15 dos 26 ramos pesquisados pelo IBGE. Entre as atividades, o destaque foi o tombo de 8,4% registrado pelo setor de ve\u00edculos automotores, reboques e carrocerias, terceiro resultado negativo consecutivo, per\u00edodo em que acumulou uma perda de 15,8%.<\/p>\n<p><a href=\"https:\/\/lp.suno.com.br\/suno-one\/?ppp=noticias\/hospital-care-pedido-ipo-cvm\/\"><b>Suno One: acesse gratuitamente eBooks, Minicursos, Artigos e V\u00eddeo Aulas sobre investimentos com um \u00fanico cadastro. Clique para saber mais!<\/b><\/a><\/p>\n<p>Outras contribui\u00e7\u00f5es negativas relevantes para a m\u00e9dia da ind\u00fastria foram as de confec\u00e7\u00e3o de artigos do vestu\u00e1rio e acess\u00f3rios (-14,1%), outros produtos qu\u00edmicos (-4,3%), produtos farmoqu\u00edmicos e farmac\u00eauticos (-9,4%), couro, artigos para viagem e cal\u00e7ados (-11,2%), produtos de borracha e de material pl\u00e1stico (-4,5%), bebidas (-3,4%), m\u00f3veis (-9,3%), produtos t\u00eaxteis (-6,4%) e produtos de minerais n\u00e3o met\u00e1licos (-2,5%).<\/p>\n<p>Na dire\u00e7\u00e3o oposta, entre as 11 atividades com crescimento, os avan\u00e7os mais importantes na produ\u00e7\u00e3o industrial foram nas ind\u00fastrias extrativas (5,5%), outros equipamentos de transporte (35,0%) e coque, produtos derivados do petr\u00f3leo e biocombust\u00edveis (1,7%).<\/p>\n<p><span style=\"font-weight: 400;\">\t<p>\n\t\t<a href=\"https:\/\/lp.suno.com.br\/planilha-de-controle-de-investimentos\/\" target=\"_blank\" data-element=\"shortcode-suno-banner\" title=\"Banner SUNO, clique e saiba mais\">\n\t\t\t<picture>\n\t\t\t\t<source media=\"(max-width: 500px)\" srcset=\"https:\/\/files.sunoresearch.com.br\/n\/uploads\/2023\/03\/400x300-Controle-de-Investimentos.png\">\n\t\t\t\t<img class=\"newsContent__article__imgCapa newsContent__article__imgCapa--banner\"\n\t\t\t\t\tsrc=\"https:\/\/files.sunoresearch.com.br\/n\/uploads\/2023\/03\/1420x240-Controle-de-Investimentos.png\"\n\t\t\t\t\tdata-promo-id=\"75934\"\t\t\t\t\t\t\t\t\t\twidth='1420' height='240'\t\t\t\t\talt=\"https:\/\/files.sunoresearch.com.br\/n\/uploads\/2023\/03\/1420x240-Controle-de-Investimentos.png\"\n\t\t\t\t>\n\t\t\t<\/picture>\n\t\t<\/a>\n\t<\/p>\n\n\u00a0 <\/span><\/p>\n<h2>IBGE revisa leitura de produ\u00e7\u00e3o industrial de fevereiro<\/h2>\n<p>O IBGE revisou o resultado da produ\u00e7\u00e3o industrial em fevereiro ante janeiro, de -0,7% para -1,0%. A taxa de janeiro ante dezembro saiu de 0,4% para 0,3%. Na categoria de bens de capital, a taxa de fevereiro ante janeiro foi revista de -1,5% para -3,7%. O resultado de janeiro ante dezembro saiu de 4,6% para 4,8%.<\/p>\n<p>Na categoria de bens intermedi\u00e1rios, a taxa de fevereiro ante janeiro foi revista de 0,6% para 0,4%. O desempenho de janeiro ante dezembro passou de -1,0% para -0,9%. O resultado de bens de consumo dur\u00e1veis em fevereiro ante janeiro foi revisado de -4,6% para -3,4%. A taxa de janeiro ante dezembro saiu de -1,0% para -1,6%. O desempenho da <strong>produ\u00e7\u00e3o industrial<\/strong> dos bens de consumo semidur\u00e1veis e n\u00e3o dur\u00e1veis em fevereiro ante janeiro passou de -0,3% para -0,2%.<\/p>\n<p><em>(Com Estad\u00e3o Conte\u00fado)<\/em><\/p>\n<p><span style=\"font-weight: 400;\">\t<p>\n\t\t<a href=\"https:\/\/lp.suno.com.br\/planilha-da-vida-financeira\/\" target=\"_blank\" data-element=\"shortcode-suno-banner\" title=\"Banner SUNO, clique e saiba mais\">\n\t\t\t<picture>\n\t\t\t\t<source media=\"(max-width: 500px)\" srcset=\"https:\/\/files.sunoresearch.com.br\/n\/uploads\/2023\/04\/400x300-Planilha-vida-financeira-true.png\">\n\t\t\t\t<img class=\"newsContent__article__imgCapa newsContent__article__imgCapa--banner\"\n\t\t\t\t\tsrc=\"https:\/\/files.sunoresearch.com.br\/n\/uploads\/2023\/04\/1420x240-Planilha-vida-financeira-true.png\"\n\t\t\t\t\tdata-promo-id=\"106682\"\t\t\t\t\t\t\t\t\t\twidth='1420' height='240'\t\t\t\t\talt=\"https:\/\/files.sunoresearch.com.br\/n\/uploads\/2023\/04\/1420x240-Planilha-vida-financeira-true.png\"\n\t\t\t\t>\n\t\t\t<\/picture>\n\t\t<\/a>\n\t<\/p>\n\n<\/span><\/p>\n","protected":false},"excerpt":{"rendered":"<p>A queda de 2,4% na produ\u00e7\u00e3o industrial em mar\u00e7o ante fevereiro fez o setor acumular uma perda de 3,4% em dois meses de recuos consecutivos, segundo os dados da Pesquisa Industrial Mensal divulgados pelo Instituto Brasileiro de Geografia e Estat\u00edstica (IBGE) nesta quarta-feira (5). Foto: Isaac N\u00f3brega\/Ag\u00eancia Brasil Em nove meses de crescimento, de maio [&hellip;]<\/p>\n","protected":false},"author":59,"featured_media":144972,"comment_status":"closed","ping_status":"closed","sticky":false,"template":"","format":"standard","meta":[],"categories":[62],"tags":[821,820],"suno_strategy":[],"class_list":["post-144911","post","type-post","status-publish","format-standard","has-post-thumbnail","hentry","category-economia","tag-ibge","tag-producao-industrial"],"yoast_head":"<!-- This site is optimized with the Yoast SEO plugin v24.4 - https:\/\/yoast.com\/wordpress\/plugins\/seo\/ -->\n<title>Produ\u00e7\u00e3o industrial brasileira recua 3,4% em dois meses, afirma IBGE<\/title>\n<meta name=\"description\" content=\"O Brasil viu sua produ\u00e7\u00e3o industrial recuar 3,4% em mar\u00e7o (2,4%) e fevereiro (1%), segundo dados do IBGE. Clique aqui para saber mais.\" \/>\n<meta name=\"robots\" content=\"index, follow, max-snippet:-1, max-image-preview:large, max-video-preview:-1\" \/>\n<link rel=\"canonical\" href=\"https:\/\/www.suno.com.br\/noticias\/producao-industrial-cai-em-marco-dois-meses\/\" \/>\n<meta property=\"og:locale\" content=\"pt_BR\" \/>\n<meta property=\"og:type\" content=\"article\" \/>\n<meta property=\"og:title\" content=\"Produ\u00e7\u00e3o industrial brasileira recua 3,4% em dois meses, afirma IBGE\" \/>\n<meta property=\"og:description\" content=\"O Brasil viu sua produ\u00e7\u00e3o industrial recuar 3,4% em mar\u00e7o (2,4%) e fevereiro (1%), segundo dados do IBGE. Clique aqui para saber mais.\" \/>\n<meta property=\"og:url\" content=\"https:\/\/www.suno.com.br\/noticias\/producao-industrial-cai-em-marco-dois-meses\/\" \/>\n<meta property=\"og:site_name\" content=\"Suno Not\u00edcias\" \/>\n<meta property=\"article:publisher\" content=\"https:\/\/facebook.com\/sunoresearch\" \/>\n<meta property=\"og:image\" content=\"https:\/\/files.sunoresearch.com.br\/n\/uploads\/2021\/05\/319c9a93-1028036-28-06-201628062016-o001.jpg\" \/>\n\t<meta property=\"og:image:width\" content=\"1024\" \/>\n\t<meta property=\"og:image:height\" content=\"768\" \/>\n\t<meta property=\"og:image:type\" content=\"image\/jpeg\" \/>\n<meta name=\"author\" content=\"Vitor Azevedo\" \/>\n<meta name=\"twitter:card\" content=\"summary_large_image\" \/>\n<meta name=\"twitter:creator\" content=\"@sunoresearch\" \/>\n<meta name=\"twitter:site\" content=\"@sunoresearch\" \/>\n<meta name=\"twitter:label1\" content=\"Escrito por\" \/>\n\t<meta name=\"twitter:data1\" content=\"Vitor Azevedo\" \/>\n\t<meta name=\"twitter:label2\" content=\"Est. tempo de leitura\" \/>\n\t<meta name=\"twitter:data2\" content=\"2 minutos\" \/>\n<script type=\"application\/ld+json\" class=\"yoast-schema-graph\">{\"@context\":\"https:\/\/schema.org\",\"@graph\":[{\"@type\":\"NewsArticle\",\"@id\":\"https:\/\/www.suno.com.br\/noticias\/producao-industrial-cai-em-marco-dois-meses\/#article\",\"isPartOf\":{\"@id\":\"https:\/\/www.suno.com.br\/noticias\/producao-industrial-cai-em-marco-dois-meses\/\"},\"author\":{\"name\":\"Vitor Azevedo\",\"@id\":\"https:\/\/www.suno.com.br\/noticias\/#\/schema\/person\/658d5fbc74d81f265f5df3562d0038ab\"},\"headline\":\"Produ\u00e7\u00e3o industrial brasileira recua 3,4% em dois meses, afirma IBGE\",\"datePublished\":\"2021-05-05T16:25:55+00:00\",\"dateModified\":\"2021-05-05T16:26:08+00:00\",\"mainEntityOfPage\":{\"@id\":\"https:\/\/www.suno.com.br\/noticias\/producao-industrial-cai-em-marco-dois-meses\/\"},\"wordCount\":446,\"publisher\":{\"@id\":\"https:\/\/www.suno.com.br\/noticias\/#organization\"},\"image\":{\"@id\":\"https:\/\/www.suno.com.br\/noticias\/producao-industrial-cai-em-marco-dois-meses\/#primaryimage\"},\"thumbnailUrl\":\"https:\/\/files.sunoresearch.com.br\/n\/uploads\/2021\/05\/319c9a93-1028036-28-06-201628062016-o001-jpg.webp\",\"keywords\":[\"IBGE\",\"produ\u00e7\u00e3o industrial\"],\"articleSection\":[\"Economia\"],\"inLanguage\":\"pt-BR\"},{\"@type\":\"WebPage\",\"@id\":\"https:\/\/www.suno.com.br\/noticias\/producao-industrial-cai-em-marco-dois-meses\/\",\"url\":\"https:\/\/www.suno.com.br\/noticias\/producao-industrial-cai-em-marco-dois-meses\/\",\"name\":\"Produ\u00e7\u00e3o industrial brasileira recua 3,4% em dois meses, afirma IBGE\",\"isPartOf\":{\"@id\":\"https:\/\/www.suno.com.br\/noticias\/#website\"},\"primaryImageOfPage\":{\"@id\":\"https:\/\/www.suno.com.br\/noticias\/producao-industrial-cai-em-marco-dois-meses\/#primaryimage\"},\"image\":{\"@id\":\"https:\/\/www.suno.com.br\/noticias\/producao-industrial-cai-em-marco-dois-meses\/#primaryimage\"},\"thumbnailUrl\":\"https:\/\/files.sunoresearch.com.br\/n\/uploads\/2021\/05\/319c9a93-1028036-28-06-201628062016-o001-jpg.webp\",\"datePublished\":\"2021-05-05T16:25:55+00:00\",\"dateModified\":\"2021-05-05T16:26:08+00:00\",\"description\":\"O Brasil viu sua produ\u00e7\u00e3o industrial recuar 3,4% em mar\u00e7o (2,4%) e fevereiro (1%), segundo dados do IBGE. Clique aqui para saber mais.\",\"breadcrumb\":{\"@id\":\"https:\/\/www.suno.com.br\/noticias\/producao-industrial-cai-em-marco-dois-meses\/#breadcrumb\"},\"inLanguage\":\"pt-BR\",\"potentialAction\":[{\"@type\":\"ReadAction\",\"target\":[\"https:\/\/www.suno.com.br\/noticias\/producao-industrial-cai-em-marco-dois-meses\/\"]}]},{\"@type\":\"ImageObject\",\"inLanguage\":\"pt-BR\",\"@id\":\"https:\/\/www.suno.com.br\/noticias\/producao-industrial-cai-em-marco-dois-meses\/#primaryimage\",\"url\":\"https:\/\/files.sunoresearch.com.br\/n\/uploads\/2021\/05\/319c9a93-1028036-28-06-201628062016-o001-jpg.webp\",\"contentUrl\":\"https:\/\/files.sunoresearch.com.br\/n\/uploads\/2021\/05\/319c9a93-1028036-28-06-201628062016-o001-jpg.webp\",\"width\":1024,\"height\":768,\"caption\":\"Foto: Isaac N\u00f3brega\/Ag\u00eancia Brasil\"},{\"@type\":\"BreadcrumbList\",\"@id\":\"https:\/\/www.suno.com.br\/noticias\/producao-industrial-cai-em-marco-dois-meses\/#breadcrumb\",\"itemListElement\":[{\"@type\":\"ListItem\",\"position\":1,\"name\":\"Not\u00edcias\",\"item\":\"https:\/\/www.suno.com.br\/noticias\/\"},{\"@type\":\"ListItem\",\"position\":2,\"name\":\"Economia\",\"item\":\"https:\/\/www.suno.com.br\/noticias\/economia\/\"},{\"@type\":\"ListItem\",\"position\":3,\"name\":\"Produ\u00e7\u00e3o industrial brasileira recua 3,4% em dois meses, afirma IBGE\"}]},{\"@type\":\"WebSite\",\"@id\":\"https:\/\/www.suno.com.br\/noticias\/#website\",\"url\":\"https:\/\/www.suno.com.br\/noticias\/\",\"name\":\"Suno Not\u00edcias\",\"description\":\"Seu portal de informa\u00e7\u00e3o sobre o mundo dos investimentos\",\"publisher\":{\"@id\":\"https:\/\/www.suno.com.br\/noticias\/#organization\"},\"potentialAction\":[{\"@type\":\"SearchAction\",\"target\":{\"@type\":\"EntryPoint\",\"urlTemplate\":\"https:\/\/www.suno.com.br\/noticias\/?s={search_term_string}\"},\"query-input\":{\"@type\":\"PropertyValueSpecification\",\"valueRequired\":true,\"valueName\":\"search_term_string\"}}],\"inLanguage\":\"pt-BR\"},{\"@type\":\"Organization\",\"@id\":\"https:\/\/www.suno.com.br\/noticias\/#organization\",\"name\":\"Suno Not\u00edcias\",\"url\":\"https:\/\/www.suno.com.br\/noticias\/\",\"logo\":{\"@type\":\"ImageObject\",\"inLanguage\":\"pt-BR\",\"@id\":\"https:\/\/www.suno.com.br\/noticias\/#\/schema\/logo\/image\/\",\"url\":\"https:\/\/files.sunoresearch.com.br\/n\/uploads\/2021\/09\/suno-logo.png\",\"contentUrl\":\"https:\/\/files.sunoresearch.com.br\/n\/uploads\/2021\/09\/suno-logo.png\",\"width\":180,\"height\":180,\"caption\":\"Suno Not\u00edcias\"},\"image\":{\"@id\":\"https:\/\/www.suno.com.br\/noticias\/#\/schema\/logo\/image\/\"},\"sameAs\":[\"https:\/\/facebook.com\/sunoresearch\",\"https:\/\/x.com\/sunoresearch\",\"https:\/\/www.instagram.com\/suno\",\"https:\/\/www.linkedin.com\/company\/suno-research\/\",\"https:\/\/www.youtube.com\/c\/sunoresearch\"]},{\"@type\":\"Person\",\"@id\":\"https:\/\/www.suno.com.br\/noticias\/#\/schema\/person\/658d5fbc74d81f265f5df3562d0038ab\",\"name\":\"Vitor Azevedo\",\"image\":{\"@type\":\"ImageObject\",\"inLanguage\":\"pt-BR\",\"@id\":\"https:\/\/www.suno.com.br\/noticias\/#\/schema\/person\/image\/\",\"url\":\"https:\/\/secure.gravatar.com\/avatar\/62b86195291b446fe380824eb28b99a5?s=96&r=g\",\"contentUrl\":\"https:\/\/secure.gravatar.com\/avatar\/62b86195291b446fe380824eb28b99a5?s=96&r=g\",\"caption\":\"Vitor Azevedo\"},\"description\":\"Formado em jornalismo pela Unesp, escreve sobre economia e neg\u00f3cios para a Suno Not\u00edcias.\",\"url\":\"https:\/\/www.suno.com.br\/noticias\/author\/vitor-azevedo\/\"}]}<\/script>\n<!-- \/ Yoast SEO plugin. -->","yoast_head_json":{"title":"Produ\u00e7\u00e3o industrial brasileira recua 3,4% em dois meses, afirma IBGE","description":"O Brasil viu sua produ\u00e7\u00e3o industrial recuar 3,4% em mar\u00e7o (2,4%) e fevereiro (1%), segundo dados do IBGE. Clique aqui para saber mais.","robots":{"index":"index","follow":"follow","max-snippet":"max-snippet:-1","max-image-preview":"max-image-preview:large","max-video-preview":"max-video-preview:-1"},"canonical":"https:\/\/www.suno.com.br\/noticias\/producao-industrial-cai-em-marco-dois-meses\/","og_locale":"pt_BR","og_type":"article","og_title":"Produ\u00e7\u00e3o industrial brasileira recua 3,4% em dois meses, afirma IBGE","og_description":"O Brasil viu sua produ\u00e7\u00e3o industrial recuar 3,4% em mar\u00e7o (2,4%) e fevereiro (1%), segundo dados do IBGE. Clique aqui para saber mais.","og_url":"https:\/\/www.suno.com.br\/noticias\/producao-industrial-cai-em-marco-dois-meses\/","og_site_name":"Suno Not\u00edcias","article_publisher":"https:\/\/facebook.com\/sunoresearch","og_image":[{"width":1024,"height":768,"url":"https:\/\/files.sunoresearch.com.br\/n\/uploads\/2021\/05\/319c9a93-1028036-28-06-201628062016-o001.jpg","type":"image\/jpeg"}],"author":"Vitor Azevedo","twitter_card":"summary_large_image","twitter_creator":"@sunoresearch","twitter_site":"@sunoresearch","twitter_misc":{"Escrito por":"Vitor Azevedo","Est. tempo de leitura":"2 minutos"},"schema":{"@context":"https:\/\/schema.org","@graph":[{"@type":"NewsArticle","@id":"https:\/\/www.suno.com.br\/noticias\/producao-industrial-cai-em-marco-dois-meses\/#article","isPartOf":{"@id":"https:\/\/www.suno.com.br\/noticias\/producao-industrial-cai-em-marco-dois-meses\/"},"author":{"name":"Vitor Azevedo","@id":"https:\/\/www.suno.com.br\/noticias\/#\/schema\/person\/658d5fbc74d81f265f5df3562d0038ab"},"headline":"Produ\u00e7\u00e3o industrial brasileira recua 3,4% em dois meses, afirma IBGE","datePublished":"2021-05-05T16:25:55+00:00","dateModified":"2021-05-05T16:26:08+00:00","mainEntityOfPage":{"@id":"https:\/\/www.suno.com.br\/noticias\/producao-industrial-cai-em-marco-dois-meses\/"},"wordCount":446,"publisher":{"@id":"https:\/\/www.suno.com.br\/noticias\/#organization"},"image":{"@id":"https:\/\/www.suno.com.br\/noticias\/producao-industrial-cai-em-marco-dois-meses\/#primaryimage"},"thumbnailUrl":"https:\/\/files.sunoresearch.com.br\/n\/uploads\/2021\/05\/319c9a93-1028036-28-06-201628062016-o001-jpg.webp","keywords":["IBGE","produ\u00e7\u00e3o industrial"],"articleSection":["Economia"],"inLanguage":"pt-BR"},{"@type":"WebPage","@id":"https:\/\/www.suno.com.br\/noticias\/producao-industrial-cai-em-marco-dois-meses\/","url":"https:\/\/www.suno.com.br\/noticias\/producao-industrial-cai-em-marco-dois-meses\/","name":"Produ\u00e7\u00e3o industrial brasileira recua 3,4% em dois meses, afirma IBGE","isPartOf":{"@id":"https:\/\/www.suno.com.br\/noticias\/#website"},"primaryImageOfPage":{"@id":"https:\/\/www.suno.com.br\/noticias\/producao-industrial-cai-em-marco-dois-meses\/#primaryimage"},"image":{"@id":"https:\/\/www.suno.com.br\/noticias\/producao-industrial-cai-em-marco-dois-meses\/#primaryimage"},"thumbnailUrl":"https:\/\/files.sunoresearch.com.br\/n\/uploads\/2021\/05\/319c9a93-1028036-28-06-201628062016-o001-jpg.webp","datePublished":"2021-05-05T16:25:55+00:00","dateModified":"2021-05-05T16:26:08+00:00","description":"O Brasil viu sua produ\u00e7\u00e3o industrial recuar 3,4% em mar\u00e7o (2,4%) e fevereiro (1%), segundo dados do IBGE. Clique aqui para saber mais.","breadcrumb":{"@id":"https:\/\/www.suno.com.br\/noticias\/producao-industrial-cai-em-marco-dois-meses\/#breadcrumb"},"inLanguage":"pt-BR","potentialAction":[{"@type":"ReadAction","target":["https:\/\/www.suno.com.br\/noticias\/producao-industrial-cai-em-marco-dois-meses\/"]}]},{"@type":"ImageObject","inLanguage":"pt-BR","@id":"https:\/\/www.suno.com.br\/noticias\/producao-industrial-cai-em-marco-dois-meses\/#primaryimage","url":"https:\/\/files.sunoresearch.com.br\/n\/uploads\/2021\/05\/319c9a93-1028036-28-06-201628062016-o001-jpg.webp","contentUrl":"https:\/\/files.sunoresearch.com.br\/n\/uploads\/2021\/05\/319c9a93-1028036-28-06-201628062016-o001-jpg.webp","width":1024,"height":768,"caption":"Foto: Isaac N\u00f3brega\/Ag\u00eancia Brasil"},{"@type":"BreadcrumbList","@id":"https:\/\/www.suno.com.br\/noticias\/producao-industrial-cai-em-marco-dois-meses\/#breadcrumb","itemListElement":[{"@type":"ListItem","position":1,"name":"Not\u00edcias","item":"https:\/\/www.suno.com.br\/noticias\/"},{"@type":"ListItem","position":2,"name":"Economia","item":"https:\/\/www.suno.com.br\/noticias\/economia\/"},{"@type":"ListItem","position":3,"name":"Produ\u00e7\u00e3o industrial brasileira recua 3,4% em dois meses, afirma IBGE"}]},{"@type":"WebSite","@id":"https:\/\/www.suno.com.br\/noticias\/#website","url":"https:\/\/www.suno.com.br\/noticias\/","name":"Suno Not\u00edcias","description":"Seu portal de informa\u00e7\u00e3o sobre o mundo dos investimentos","publisher":{"@id":"https:\/\/www.suno.com.br\/noticias\/#organization"},"potentialAction":[{"@type":"SearchAction","target":{"@type":"EntryPoint","urlTemplate":"https:\/\/www.suno.com.br\/noticias\/?s={search_term_string}"},"query-input":{"@type":"PropertyValueSpecification","valueRequired":true,"valueName":"search_term_string"}}],"inLanguage":"pt-BR"},{"@type":"Organization","@id":"https:\/\/www.suno.com.br\/noticias\/#organization","name":"Suno Not\u00edcias","url":"https:\/\/www.suno.com.br\/noticias\/","logo":{"@type":"ImageObject","inLanguage":"pt-BR","@id":"https:\/\/www.suno.com.br\/noticias\/#\/schema\/logo\/image\/","url":"https:\/\/files.sunoresearch.com.br\/n\/uploads\/2021\/09\/suno-logo.png","contentUrl":"https:\/\/files.sunoresearch.com.br\/n\/uploads\/2021\/09\/suno-logo.png","width":180,"height":180,"caption":"Suno Not\u00edcias"},"image":{"@id":"https:\/\/www.suno.com.br\/noticias\/#\/schema\/logo\/image\/"},"sameAs":["https:\/\/facebook.com\/sunoresearch","https:\/\/x.com\/sunoresearch","https:\/\/www.instagram.com\/suno","https:\/\/www.linkedin.com\/company\/suno-research\/","https:\/\/www.youtube.com\/c\/sunoresearch"]},{"@type":"Person","@id":"https:\/\/www.suno.com.br\/noticias\/#\/schema\/person\/658d5fbc74d81f265f5df3562d0038ab","name":"Vitor Azevedo","image":{"@type":"ImageObject","inLanguage":"pt-BR","@id":"https:\/\/www.suno.com.br\/noticias\/#\/schema\/person\/image\/","url":"https:\/\/secure.gravatar.com\/avatar\/62b86195291b446fe380824eb28b99a5?s=96&r=g","contentUrl":"https:\/\/secure.gravatar.com\/avatar\/62b86195291b446fe380824eb28b99a5?s=96&r=g","caption":"Vitor Azevedo"},"description":"Formado em jornalismo pela Unesp, escreve sobre economia e neg\u00f3cios para a Suno Not\u00edcias.","url":"https:\/\/www.suno.com.br\/noticias\/author\/vitor-azevedo\/"}]}},"default_loop_html":"<div class=\"cardsPage__listCard__boxs\"><div class=\"cardsPage__listCard__boxs__img\"><a href=\"https:\/\/www.suno.com.br\/noticias\/producao-industrial-cai-em-marco-dois-meses\/\"><img class=\"mask\" src=\"https:\/\/www.suno.com.br\/noticias\/wp-content\/themes\/suno\/resources\/images\/spotlight\/spotlight1img\/bg-mask.png\" alt=\"Image Mask\"\/><img src=\"https:\/\/files.sunoresearch.com.br\/n\/uploads\/2021\/05\/319c9a93-1028036-28-06-201628062016-o001-400x200.webp\" alt=\"Produ\u00e7\u00e3o industrial brasileira recua 3,4% em dois meses, afirma IBGE\"\/><\/a><span class=\"spotlightCategory\"><a href=\"https:\/\/www.suno.com.br\/noticias\/economia\/\">Economia<\/a><\/span><\/div><div class=\"cardsPage__listCard__boxs__content\"><a href=\"https:\/\/www.suno.com.br\/noticias\/producao-industrial-cai-em-marco-dois-meses\/\"><h2 class=\"content__title\">Produ\u00e7\u00e3o industrial brasileira recua 3,4% em dois meses, afirma IBGE<\/h2><\/a><div class=\"newsContent__article__meta\"><div class=\"newsContent__article__meta__authorBox\"><a href=\"https:\/\/www.suno.com.br\/noticias\/author\/vitor-azevedo\/\" class=\"authorBox__avatar noMobi\"><img src=\"https:\/\/secure.gravatar.com\/avatar\/62b86195291b446fe380824eb28b99a5?s=96&#038;r=g\" alt=\"Vitor Azevedo\"><\/a><div class=\"authorBox__name\"><span>por\n\t\t\t<a href=\"https:\/\/www.suno.com.br\/noticias\/author\/vitor-azevedo\/\"><span itemprop=\"author\">Vitor Azevedo<\/span><\/a><\/span><time datetime=\"2021-05-05T13:25:55-03:00\" itemprop=\"datePublished\">05\/05\/2021 13:25<\/time><\/div><\/div><\/div><\/div><\/div>","single_layout":"posts","amp_enabled":true,"_links":{"self":[{"href":"https:\/\/www.suno.com.br\/noticias\/wp-json\/wp\/v2\/posts\/144911"}],"collection":[{"href":"https:\/\/www.suno.com.br\/noticias\/wp-json\/wp\/v2\/posts"}],"about":[{"href":"https:\/\/www.suno.com.br\/noticias\/wp-json\/wp\/v2\/types\/post"}],"author":[{"embeddable":true,"href":"https:\/\/www.suno.com.br\/noticias\/wp-json\/wp\/v2\/users\/59"}],"replies":[{"embeddable":true,"href":"https:\/\/www.suno.com.br\/noticias\/wp-json\/wp\/v2\/comments?post=144911"}],"version-history":[{"count":2,"href":"https:\/\/www.suno.com.br\/noticias\/wp-json\/wp\/v2\/posts\/144911\/revisions"}],"predecessor-version":[{"id":144973,"href":"https:\/\/www.suno.com.br\/noticias\/wp-json\/wp\/v2\/posts\/144911\/revisions\/144973"}],"wp:featuredmedia":[{"embeddable":true,"href":"https:\/\/www.suno.com.br\/noticias\/wp-json\/wp\/v2\/media\/144972"}],"wp:attachment":[{"href":"https:\/\/www.suno.com.br\/noticias\/wp-json\/wp\/v2\/media?parent=144911"}],"wp:term":[{"taxonomy":"category","embeddable":true,"href":"https:\/\/www.suno.com.br\/noticias\/wp-json\/wp\/v2\/categories?post=144911"},{"taxonomy":"post_tag","embeddable":true,"href":"https:\/\/www.suno.com.br\/noticias\/wp-json\/wp\/v2\/tags?post=144911"},{"taxonomy":"suno_strategy","embeddable":true,"href":"https:\/\/www.suno.com.br\/noticias\/wp-json\/wp\/v2\/suno_strategy?post=144911"}],"curies":[{"name":"wp","href":"https:\/\/api.w.org\/{rel}","templated":true}]}}