{"id":144865,"date":"2021-05-05T10:02:52","date_gmt":"2021-05-05T13:02:52","guid":{"rendered":"https:\/\/www.suno.com.br\/noticias\/?p=144865"},"modified":"2021-05-30T19:12:43","modified_gmt":"2021-05-30T22:12:43","slug":"agenda-do-dia-copom-tele-bradesco-bbdc4-resultado-braskem-brkm5","status":"publish","type":"post","link":"https:\/\/www.suno.com.br\/noticias\/agenda-do-dia-copom-tele-bradesco-bbdc4-resultado-braskem-brkm5\/","title":{"rendered":"Agenda do dia: Copom, tele Bradesco (BBDC4), resultado Braskem (BRKM5)"},"content":{"rendered":"<p>Na <strong>agenda do dia<\/strong> desta quarta-feira (5), apesar dos v\u00e1rios eventos corporativos, o destaque vai para a <a href=\"https:\/\/www.suno.com.br\/artigos\/copom\/\">reuni\u00e3o do Copom<\/a> e para a decis\u00e3o, pelo Banco Central, da nova <a href=\"https:\/\/www.suno.com.br\/artigos\/taxa-selic\/\">taxa Selic<\/a>.<\/p>\t<div class=\"wrapper-featured-image\">\n\t\t<figure class=\"spotlightImg\">\n\n\t\t\t<picture>\n\t\t\t\t<source media=\"(max-width: 768px)\" srcset=\"https:\/\/files.sunoresearch.com.br\/n\/uploads\/2021\/04\/f7521669-49963777371_d87de59692_b-400x200.webp\">\n\t\t\t\t<img loading=\"lazy\" decoding=\"async\" class=\"newsContent__article__imgCapa lazyloadDisabled \" src=\"https:\/\/files.sunoresearch.com.br\/n\/uploads\/2021\/04\/f7521669-49963777371_d87de59692_b-800x450.webp\" width=\"800\" height=\"450\" alt=\"Agenda do dia: Copom, tele Bradesco (BBDC4), resultado Braskem (BRKM5)\" fetchpriority=high \/>\n\t\t\t<\/picture>\n\n\t\t\t<figcaption class=\"wp-caption-text wp-caption-text--show\">Fachada do edif\u00edcio-sede do banco Caixa Econ\u00f4mica Federal (CEF) e do Banco Central do Brasil - Foto: Leonardo S\u00e1\/Ag\u00eancia Senado<\/figcaption>\n\t\t<\/figure>\n\t<\/div>\n\n\n<p><span style=\"font-weight: 400;\">\t<p>\n\t\t<a href=\"https:\/\/lp.suno.com.br\/planilha-controle-gastos\/\" target=\"_blank\" data-element=\"shortcode-suno-banner\" title=\"Banner SUNO, clique e saiba mais\">\n\t\t\t<picture>\n\t\t\t\t<source media=\"(max-width: 500px)\" srcset=\"https:\/\/files.sunoresearch.com.br\/n\/uploads\/2023\/03\/400x300-Planilha-controle-de-gastos.png\">\n\t\t\t\t<img class=\"newsContent__article__imgCapa newsContent__article__imgCapa--banner\"\n\t\t\t\t\tsrc=\"https:\/\/files.sunoresearch.com.br\/n\/uploads\/2023\/03\/1420x240-Planilha-controle-de-gastos.png\"\n\t\t\t\t\tdata-promo-id=\"101751\"\t\t\t\t\t\t\t\t\t\twidth='1420' height='240'\t\t\t\t\talt=\"https:\/\/files.sunoresearch.com.br\/n\/uploads\/2023\/03\/1420x240-Planilha-controle-de-gastos.png\"\n\t\t\t\t>\n\t\t\t<\/picture>\n\t\t<\/a>\n\t<\/p>\n\n<\/span><\/p>\n<p><strong>Quanto \u00e0s empresas<\/strong>, a agenda do dia conta com as teleconfer\u00eancias de resultados do <a href=\"https:\/\/www.suno.com.br\/acoes\/bbdc4\/\">Bradesco (BBDC4)<\/a>, do Assa\u00ed (ASAI3), da <a href=\"https:\/\/www.suno.com.br\/acoes\/beef3\/\">Minerva (BEEF3)<\/a> e da <a href=\"https:\/\/www.suno.com.br\/acoes\/ggbr4\/\">Gerdau (GGBR4)<\/a>. Mais tarde, a <a href=\"https:\/\/www.suno.com.br\/acoes\/brkm5\/\">Braskem (BRKM5)<\/a> e o <a href=\"https:\/\/www.suno.com.br\/acoes\/pcar3\/\">GPA (PCAR3)<\/a> publicam seus balan\u00e7os de resultados.<\/p>\n<p>No<strong> \u00e2mbito dos dados econ\u00f4micos<\/strong>, a quarta tem a publica\u00e7\u00e3o pelo IHS Markit dos PMIs compostos e de servi\u00e7os brasileiros e americanos.<\/p>\n<p><a href=\"https:\/\/lp.suno.com.br\/suno-one\/?ppp=noticias\/hospital-care-pedido-ipo-cvm\/\"><b>Suno One: acesse gratuitamente eBooks, Minicursos, Artigos e V\u00eddeo Aulas sobre investimentos com um \u00fanico cadastro. Clique para saber mais!<\/b><\/a><\/p>\n<h2>Decis\u00e3o do Copom \u00e9 destaque na agenda do dia<\/h2>\n<p>O <a href=\"https:\/\/www.suno.com.br\/artigos\/bacen\/\">Banco Central<\/a> inicia \u00e0s 14h o segundo dia de reuni\u00e3o do Copom. \u00c0s 18h30, a institui\u00e7\u00e3o deve decidir sobre a nova taxa Selic &#8211; atualmente em 2,75%. O mercado espera uma alta de at\u00e9 0,75 ponto percentual, como medida para conter o avan\u00e7o dos \u00edndices de infla\u00e7\u00e3o.<\/p>\n<p>Al\u00e9m disso, na agenda do dia pol\u00edtica, o presidente da Rep\u00fablica, Jair Bolsonaro, e o ministro da Economia, <a href=\"https:\/\/www.suno.com.br\/tudo-sobre\/paulo-guedes\/\">Paulo Guedes<\/a>, participam \u00e0s 10h de evento de abertura da Semana das Comunica\u00e7\u00f5es. O presidente, ap\u00f3s isso, segue sozinho para uma visita \u00e0 exposi\u00e7\u00e3o de demonstra\u00e7\u00e3o das aplica\u00e7\u00f5es do 5G. Paulo Guedes deixa o evento pois \u00e0s 11h participa de painel do <a href=\"https:\/\/www.suno.com.br\/artigos\/forum-economico-mundial\/\">F\u00f3rum Econ\u00f4mico Mundial<\/a>.<\/p>\n<h2>Balan\u00e7os e teleconfer\u00eancias de resultados<\/h2>\n<p>A agenda do dia conta com uma s\u00e9rie de eventos corporativos. Logo pela manh\u00e3, a Gerdau publicou um resultado recorde no primeiro trimestre de 2021. A companhia faz, \u00e0s 14h, sua teleconfer\u00eancia.<\/p>\n<p>Antes disso, empresas que comunicaram seus balan\u00e7os ontem se re\u00fanem com analistas e investidores. \u00c0s 10h, est\u00e3o marcadas as teles do <a href=\"https:\/\/www.suno.com.br\/acoes\/igta3\/\">Iguatemi (IGTA3)<\/a>, da Minerva e do Assa\u00ed. \u00c0s 10h3o, do Bradesco. Por volta do mesmo hor\u00e1rio, a PetroRec\u00f4ncavo (RECV3) estreia na B3, ap\u00f3s precificar sua a\u00e7\u00e3o em R$ 14,75.<\/p>\n<p><span style=\"font-weight: 400;\">\t<p>\n\t\t<a href=\"https:\/\/lp.suno.com.br\/planilha-de-controle-de-investimentos\/\" target=\"_blank\" data-element=\"shortcode-suno-banner\" title=\"Banner SUNO, clique e saiba mais\">\n\t\t\t<picture>\n\t\t\t\t<source media=\"(max-width: 500px)\" srcset=\"https:\/\/files.sunoresearch.com.br\/n\/uploads\/2023\/03\/400x300-Controle-de-Investimentos.png\">\n\t\t\t\t<img class=\"newsContent__article__imgCapa newsContent__article__imgCapa--banner\"\n\t\t\t\t\tsrc=\"https:\/\/files.sunoresearch.com.br\/n\/uploads\/2023\/03\/1420x240-Controle-de-Investimentos.png\"\n\t\t\t\t\tdata-promo-id=\"75934\"\t\t\t\t\t\t\t\t\t\twidth='1420' height='240'\t\t\t\t\talt=\"https:\/\/files.sunoresearch.com.br\/n\/uploads\/2023\/03\/1420x240-Controle-de-Investimentos.png\"\n\t\t\t\t>\n\t\t\t<\/picture>\n\t\t<\/a>\n\t<\/p>\n\n\u00a0 \u00a0 \u00a0 \u00a0 <\/span><\/p>\n<p>Ap\u00f3s o fechamento do preg\u00e3o da B3, a lista de empresas que publicam seus balan\u00e7os na agenda do dia \u00e9 grande: Braskem, GPA, <a href=\"https:\/\/www.suno.com.br\/acoes\/tims3\/\">Tim Brasil (TIMS3)<\/a>, <a href=\"https:\/\/www.suno.com.br\/acoes\/egie3\/\">Engie (EGIE3)<\/a>, AES Brasil (AESB3), <a href=\"https:\/\/www.suno.com.br\/acoes\/cple6\/\">Copel (CPLE6)<\/a>, <a href=\"https:\/\/www.suno.com.br\/acoes\/taee11\/\">Taesa (TAEE11)<\/a>, <a href=\"https:\/\/www.suno.com.br\/acoes\/tend3\/\">Tenda (TEND3)<\/a>, <a href=\"https:\/\/www.suno.com.br\/acoes\/ugpa3\/\">Ultrapar (UGPA3)<\/a>, <a href=\"https:\/\/www.suno.com.br\/acoes\/tots3\/\">Totvs (TOTS3)<\/a> e Lojas <a href=\"https:\/\/www.suno.com.br\/acoes\/ljqq3\/\">Quero-Quero (LJQQ3)<\/a>. Nos Estados Unidos, a Uber (UBER34) divulga seu balan\u00e7o ap\u00f3s o fechamento do mercado em Nova York.<\/p>\n<h2>Quarta-feira tem publica\u00e7\u00e3o PMIs<\/h2>\n<p>A agenda do dia dos dados macroecon\u00f4micos come\u00e7ou movimentada logo cedo, com o IHS Markit publicando a leitura dos PMIs da Alemanha e da Uni\u00e3o Europeia de abril. Os n\u00fameros do primeiro ficaram um pouco aqu\u00e9m do consenso e regrediram na compara\u00e7\u00e3o com a leitura de mar\u00e7o. Os do bloco econ\u00f4mico, por\u00e9m, ficaram acima do esperado e melhoraram.<\/p>\n<p>\u00c0s 10h, na <strong>agenda do dia<\/strong>, os PMIs composto e de servi\u00e7os do Brasil s\u00e3o veiculados. \u00c0s 10h45, as leituras do mesmos \u00edndices dos Estados Unidos feitas pelo IHS Markit\u00a0 e \u00e0s 11h o ISM publica o PMI n\u00e3o-manufatura.<\/p>\n<p><span style=\"font-weight: 400;\">\t<p>\n\t\t<a href=\"https:\/\/lp.suno.com.br\/planilha-da-vida-financeira\/\" target=\"_blank\" data-element=\"shortcode-suno-banner\" title=\"Banner SUNO, clique e saiba mais\">\n\t\t\t<picture>\n\t\t\t\t<source media=\"(max-width: 500px)\" srcset=\"https:\/\/files.sunoresearch.com.br\/n\/uploads\/2023\/04\/400x300-Planilha-vida-financeira-true.png\">\n\t\t\t\t<img class=\"newsContent__article__imgCapa newsContent__article__imgCapa--banner\"\n\t\t\t\t\tsrc=\"https:\/\/files.sunoresearch.com.br\/n\/uploads\/2023\/04\/1420x240-Planilha-vida-financeira-true.png\"\n\t\t\t\t\tdata-promo-id=\"106682\"\t\t\t\t\t\t\t\t\t\twidth='1420' height='240'\t\t\t\t\talt=\"https:\/\/files.sunoresearch.com.br\/n\/uploads\/2023\/04\/1420x240-Planilha-vida-financeira-true.png\"\n\t\t\t\t>\n\t\t\t<\/picture>\n\t\t<\/a>\n\t<\/p>\n\n<\/span><\/p>\n","protected":false},"excerpt":{"rendered":"<p>Na agenda do dia desta quarta-feira (5), apesar dos v\u00e1rios eventos corporativos, o destaque vai para a reuni\u00e3o do Copom e para a decis\u00e3o, pelo Banco Central, da nova taxa Selic. Fachada do edif\u00edcio-sede do banco Caixa Econ\u00f4mica Federal (CEF) e do Banco Central do Brasil &#8211; Foto: Leonardo S\u00e1\/Ag\u00eancia Senado Quanto \u00e0s empresas, a [&hellip;]<\/p>\n","protected":false},"author":59,"featured_media":141969,"comment_status":"closed","ping_status":"closed","sticky":false,"template":"","format":"standard","meta":[],"categories":[60],"tags":[392,395,1104,488,1964,563,57524,290],"suno_strategy":[],"class_list":["post-144865","post","type-post","status-publish","format-standard","has-post-thumbnail","hentry","category-mercado","tag-bradesco-bbdc3-bbdc4","tag-braskem-brkm3-brkm5-brkm6","tag-copom","tag-gerdau-ggbr3-ggbr4","tag-grupo-pao-de-acucar-pcar3-pcar4","tag-minerva-beef11-beef3","tag-pmi","tag-taxa-selic"],"yoast_head":"<!-- This site is optimized with the Yoast SEO plugin v24.4 - https:\/\/yoast.com\/wordpress\/plugins\/seo\/ -->\n<title>Agenda do dia: Copom, tele Bradesco (BBDC4), resultado Braskem<\/title>\n<meta name=\"description\" content=\"Como destaque na agenda do dia desta quarta, est\u00e1 a decis\u00e3o do Banco Central da taxa Selic, com prov\u00e1vel alta. Clique aqui para saber mais.\" \/>\n<meta name=\"robots\" content=\"index, follow, max-snippet:-1, max-image-preview:large, max-video-preview:-1\" \/>\n<link rel=\"canonical\" href=\"https:\/\/www.suno.com.br\/noticias\/agenda-do-dia-copom-tele-bradesco-bbdc4-resultado-braskem-brkm5\/\" \/>\n<meta property=\"og:locale\" content=\"pt_BR\" \/>\n<meta property=\"og:type\" content=\"article\" \/>\n<meta property=\"og:title\" content=\"Agenda do dia: Copom, tele Bradesco (BBDC4), resultado Braskem\" \/>\n<meta property=\"og:description\" content=\"Como destaque na agenda do dia desta quarta, est\u00e1 a decis\u00e3o do Banco Central da taxa Selic, com prov\u00e1vel alta. Clique aqui para saber mais.\" \/>\n<meta property=\"og:url\" content=\"https:\/\/www.suno.com.br\/noticias\/agenda-do-dia-copom-tele-bradesco-bbdc4-resultado-braskem-brkm5\/\" \/>\n<meta property=\"og:site_name\" content=\"Suno Not\u00edcias\" \/>\n<meta property=\"article:publisher\" content=\"https:\/\/facebook.com\/sunoresearch\" \/>\n<meta property=\"og:image\" content=\"https:\/\/files.sunoresearch.com.br\/n\/uploads\/2021\/04\/f7521669-49963777371_d87de59692_b.jpg\" \/>\n\t<meta property=\"og:image:width\" content=\"1024\" \/>\n\t<meta property=\"og:image:height\" content=\"682\" \/>\n\t<meta property=\"og:image:type\" content=\"image\/jpeg\" \/>\n<meta name=\"author\" content=\"Vitor Azevedo\" \/>\n<meta name=\"twitter:card\" content=\"summary_large_image\" \/>\n<meta name=\"twitter:creator\" content=\"@sunoresearch\" \/>\n<meta name=\"twitter:site\" content=\"@sunoresearch\" \/>\n<meta name=\"twitter:label1\" content=\"Escrito por\" \/>\n\t<meta name=\"twitter:data1\" content=\"Vitor Azevedo\" \/>\n\t<meta name=\"twitter:label2\" content=\"Est. tempo de leitura\" \/>\n\t<meta name=\"twitter:data2\" content=\"3 minutos\" \/>\n<script type=\"application\/ld+json\" class=\"yoast-schema-graph\">{\"@context\":\"https:\/\/schema.org\",\"@graph\":[{\"@type\":\"NewsArticle\",\"@id\":\"https:\/\/www.suno.com.br\/noticias\/agenda-do-dia-copom-tele-bradesco-bbdc4-resultado-braskem-brkm5\/#article\",\"isPartOf\":{\"@id\":\"https:\/\/www.suno.com.br\/noticias\/agenda-do-dia-copom-tele-bradesco-bbdc4-resultado-braskem-brkm5\/\"},\"author\":{\"name\":\"Vitor Azevedo\",\"@id\":\"https:\/\/www.suno.com.br\/noticias\/#\/schema\/person\/658d5fbc74d81f265f5df3562d0038ab\"},\"headline\":\"Agenda do dia: Copom, tele Bradesco (BBDC4), resultado Braskem (BRKM5)\",\"datePublished\":\"2021-05-05T13:02:52+00:00\",\"dateModified\":\"2021-05-30T22:12:43+00:00\",\"mainEntityOfPage\":{\"@id\":\"https:\/\/www.suno.com.br\/noticias\/agenda-do-dia-copom-tele-bradesco-bbdc4-resultado-braskem-brkm5\/\"},\"wordCount\":548,\"publisher\":{\"@id\":\"https:\/\/www.suno.com.br\/noticias\/#organization\"},\"image\":{\"@id\":\"https:\/\/www.suno.com.br\/noticias\/agenda-do-dia-copom-tele-bradesco-bbdc4-resultado-braskem-brkm5\/#primaryimage\"},\"thumbnailUrl\":\"https:\/\/files.sunoresearch.com.br\/n\/uploads\/2021\/04\/f7521669-49963777371_d87de59692_b-jpg.webp\",\"keywords\":[\"Bradesco (BBDC3\/BBDC4)\",\"Braskem (BRKM3\/BRKM5\/BRKM6)\",\"Copom\",\"Gerdau (GGBR3\/GGBR4)\",\"Grupo P\u00e3o de A\u00e7\u00facar (PCAR3\/PCAR4)\",\"Minerva (BEEF11\/BEEF3)\",\"pmi\",\"Taxa Selic\"],\"articleSection\":[\"Mercado\"],\"inLanguage\":\"pt-BR\"},{\"@type\":\"WebPage\",\"@id\":\"https:\/\/www.suno.com.br\/noticias\/agenda-do-dia-copom-tele-bradesco-bbdc4-resultado-braskem-brkm5\/\",\"url\":\"https:\/\/www.suno.com.br\/noticias\/agenda-do-dia-copom-tele-bradesco-bbdc4-resultado-braskem-brkm5\/\",\"name\":\"Agenda do dia: Copom, tele Bradesco (BBDC4), resultado Braskem\",\"isPartOf\":{\"@id\":\"https:\/\/www.suno.com.br\/noticias\/#website\"},\"primaryImageOfPage\":{\"@id\":\"https:\/\/www.suno.com.br\/noticias\/agenda-do-dia-copom-tele-bradesco-bbdc4-resultado-braskem-brkm5\/#primaryimage\"},\"image\":{\"@id\":\"https:\/\/www.suno.com.br\/noticias\/agenda-do-dia-copom-tele-bradesco-bbdc4-resultado-braskem-brkm5\/#primaryimage\"},\"thumbnailUrl\":\"https:\/\/files.sunoresearch.com.br\/n\/uploads\/2021\/04\/f7521669-49963777371_d87de59692_b-jpg.webp\",\"datePublished\":\"2021-05-05T13:02:52+00:00\",\"dateModified\":\"2021-05-30T22:12:43+00:00\",\"description\":\"Como destaque na agenda do dia desta quarta, est\u00e1 a decis\u00e3o do Banco Central da taxa Selic, com prov\u00e1vel alta. Clique aqui para saber mais.\",\"breadcrumb\":{\"@id\":\"https:\/\/www.suno.com.br\/noticias\/agenda-do-dia-copom-tele-bradesco-bbdc4-resultado-braskem-brkm5\/#breadcrumb\"},\"inLanguage\":\"pt-BR\",\"potentialAction\":[{\"@type\":\"ReadAction\",\"target\":[\"https:\/\/www.suno.com.br\/noticias\/agenda-do-dia-copom-tele-bradesco-bbdc4-resultado-braskem-brkm5\/\"]}]},{\"@type\":\"ImageObject\",\"inLanguage\":\"pt-BR\",\"@id\":\"https:\/\/www.suno.com.br\/noticias\/agenda-do-dia-copom-tele-bradesco-bbdc4-resultado-braskem-brkm5\/#primaryimage\",\"url\":\"https:\/\/files.sunoresearch.com.br\/n\/uploads\/2021\/04\/f7521669-49963777371_d87de59692_b-jpg.webp\",\"contentUrl\":\"https:\/\/files.sunoresearch.com.br\/n\/uploads\/2021\/04\/f7521669-49963777371_d87de59692_b-jpg.webp\",\"width\":1024,\"height\":682,\"caption\":\"Fachada do edif\u00edcio-sede do banco Caixa Econ\u00f4mica Federal (CEF) e do Banco Central do Brasil - Foto: Leonardo S\u00e1\/Ag\u00eancia Senado\"},{\"@type\":\"BreadcrumbList\",\"@id\":\"https:\/\/www.suno.com.br\/noticias\/agenda-do-dia-copom-tele-bradesco-bbdc4-resultado-braskem-brkm5\/#breadcrumb\",\"itemListElement\":[{\"@type\":\"ListItem\",\"position\":1,\"name\":\"Not\u00edcias\",\"item\":\"https:\/\/www.suno.com.br\/noticias\/\"},{\"@type\":\"ListItem\",\"position\":2,\"name\":\"Mercado\",\"item\":\"https:\/\/www.suno.com.br\/noticias\/mercado\/\"},{\"@type\":\"ListItem\",\"position\":3,\"name\":\"Agenda do dia: Copom, tele Bradesco (BBDC4), resultado Braskem (BRKM5)\"}]},{\"@type\":\"WebSite\",\"@id\":\"https:\/\/www.suno.com.br\/noticias\/#website\",\"url\":\"https:\/\/www.suno.com.br\/noticias\/\",\"name\":\"Suno Not\u00edcias\",\"description\":\"Seu portal de informa\u00e7\u00e3o sobre o mundo dos investimentos\",\"publisher\":{\"@id\":\"https:\/\/www.suno.com.br\/noticias\/#organization\"},\"potentialAction\":[{\"@type\":\"SearchAction\",\"target\":{\"@type\":\"EntryPoint\",\"urlTemplate\":\"https:\/\/www.suno.com.br\/noticias\/?s={search_term_string}\"},\"query-input\":{\"@type\":\"PropertyValueSpecification\",\"valueRequired\":true,\"valueName\":\"search_term_string\"}}],\"inLanguage\":\"pt-BR\"},{\"@type\":\"Organization\",\"@id\":\"https:\/\/www.suno.com.br\/noticias\/#organization\",\"name\":\"Suno Not\u00edcias\",\"url\":\"https:\/\/www.suno.com.br\/noticias\/\",\"logo\":{\"@type\":\"ImageObject\",\"inLanguage\":\"pt-BR\",\"@id\":\"https:\/\/www.suno.com.br\/noticias\/#\/schema\/logo\/image\/\",\"url\":\"https:\/\/files.sunoresearch.com.br\/n\/uploads\/2021\/09\/suno-logo.png\",\"contentUrl\":\"https:\/\/files.sunoresearch.com.br\/n\/uploads\/2021\/09\/suno-logo.png\",\"width\":180,\"height\":180,\"caption\":\"Suno Not\u00edcias\"},\"image\":{\"@id\":\"https:\/\/www.suno.com.br\/noticias\/#\/schema\/logo\/image\/\"},\"sameAs\":[\"https:\/\/facebook.com\/sunoresearch\",\"https:\/\/x.com\/sunoresearch\",\"https:\/\/www.instagram.com\/suno\",\"https:\/\/www.linkedin.com\/company\/suno-research\/\",\"https:\/\/www.youtube.com\/c\/sunoresearch\"]},{\"@type\":\"Person\",\"@id\":\"https:\/\/www.suno.com.br\/noticias\/#\/schema\/person\/658d5fbc74d81f265f5df3562d0038ab\",\"name\":\"Vitor Azevedo\",\"image\":{\"@type\":\"ImageObject\",\"inLanguage\":\"pt-BR\",\"@id\":\"https:\/\/www.suno.com.br\/noticias\/#\/schema\/person\/image\/\",\"url\":\"https:\/\/secure.gravatar.com\/avatar\/62b86195291b446fe380824eb28b99a5?s=96&r=g\",\"contentUrl\":\"https:\/\/secure.gravatar.com\/avatar\/62b86195291b446fe380824eb28b99a5?s=96&r=g\",\"caption\":\"Vitor Azevedo\"},\"description\":\"Formado em jornalismo pela Unesp, escreve sobre economia e neg\u00f3cios para a Suno Not\u00edcias.\",\"url\":\"https:\/\/www.suno.com.br\/noticias\/author\/vitor-azevedo\/\"}]}<\/script>\n<!-- \/ Yoast SEO plugin. -->","yoast_head_json":{"title":"Agenda do dia: Copom, tele Bradesco (BBDC4), resultado Braskem","description":"Como destaque na agenda do dia desta quarta, est\u00e1 a decis\u00e3o do Banco Central da taxa Selic, com prov\u00e1vel alta. Clique aqui para saber mais.","robots":{"index":"index","follow":"follow","max-snippet":"max-snippet:-1","max-image-preview":"max-image-preview:large","max-video-preview":"max-video-preview:-1"},"canonical":"https:\/\/www.suno.com.br\/noticias\/agenda-do-dia-copom-tele-bradesco-bbdc4-resultado-braskem-brkm5\/","og_locale":"pt_BR","og_type":"article","og_title":"Agenda do dia: Copom, tele Bradesco (BBDC4), resultado Braskem","og_description":"Como destaque na agenda do dia desta quarta, est\u00e1 a decis\u00e3o do Banco Central da taxa Selic, com prov\u00e1vel alta. Clique aqui para saber mais.","og_url":"https:\/\/www.suno.com.br\/noticias\/agenda-do-dia-copom-tele-bradesco-bbdc4-resultado-braskem-brkm5\/","og_site_name":"Suno Not\u00edcias","article_publisher":"https:\/\/facebook.com\/sunoresearch","og_image":[{"width":1024,"height":682,"url":"https:\/\/files.sunoresearch.com.br\/n\/uploads\/2021\/04\/f7521669-49963777371_d87de59692_b.jpg","type":"image\/jpeg"}],"author":"Vitor Azevedo","twitter_card":"summary_large_image","twitter_creator":"@sunoresearch","twitter_site":"@sunoresearch","twitter_misc":{"Escrito por":"Vitor Azevedo","Est. tempo de leitura":"3 minutos"},"schema":{"@context":"https:\/\/schema.org","@graph":[{"@type":"NewsArticle","@id":"https:\/\/www.suno.com.br\/noticias\/agenda-do-dia-copom-tele-bradesco-bbdc4-resultado-braskem-brkm5\/#article","isPartOf":{"@id":"https:\/\/www.suno.com.br\/noticias\/agenda-do-dia-copom-tele-bradesco-bbdc4-resultado-braskem-brkm5\/"},"author":{"name":"Vitor Azevedo","@id":"https:\/\/www.suno.com.br\/noticias\/#\/schema\/person\/658d5fbc74d81f265f5df3562d0038ab"},"headline":"Agenda do dia: Copom, tele Bradesco (BBDC4), resultado Braskem (BRKM5)","datePublished":"2021-05-05T13:02:52+00:00","dateModified":"2021-05-30T22:12:43+00:00","mainEntityOfPage":{"@id":"https:\/\/www.suno.com.br\/noticias\/agenda-do-dia-copom-tele-bradesco-bbdc4-resultado-braskem-brkm5\/"},"wordCount":548,"publisher":{"@id":"https:\/\/www.suno.com.br\/noticias\/#organization"},"image":{"@id":"https:\/\/www.suno.com.br\/noticias\/agenda-do-dia-copom-tele-bradesco-bbdc4-resultado-braskem-brkm5\/#primaryimage"},"thumbnailUrl":"https:\/\/files.sunoresearch.com.br\/n\/uploads\/2021\/04\/f7521669-49963777371_d87de59692_b-jpg.webp","keywords":["Bradesco (BBDC3\/BBDC4)","Braskem (BRKM3\/BRKM5\/BRKM6)","Copom","Gerdau (GGBR3\/GGBR4)","Grupo P\u00e3o de A\u00e7\u00facar (PCAR3\/PCAR4)","Minerva (BEEF11\/BEEF3)","pmi","Taxa Selic"],"articleSection":["Mercado"],"inLanguage":"pt-BR"},{"@type":"WebPage","@id":"https:\/\/www.suno.com.br\/noticias\/agenda-do-dia-copom-tele-bradesco-bbdc4-resultado-braskem-brkm5\/","url":"https:\/\/www.suno.com.br\/noticias\/agenda-do-dia-copom-tele-bradesco-bbdc4-resultado-braskem-brkm5\/","name":"Agenda do dia: Copom, tele Bradesco (BBDC4), resultado Braskem","isPartOf":{"@id":"https:\/\/www.suno.com.br\/noticias\/#website"},"primaryImageOfPage":{"@id":"https:\/\/www.suno.com.br\/noticias\/agenda-do-dia-copom-tele-bradesco-bbdc4-resultado-braskem-brkm5\/#primaryimage"},"image":{"@id":"https:\/\/www.suno.com.br\/noticias\/agenda-do-dia-copom-tele-bradesco-bbdc4-resultado-braskem-brkm5\/#primaryimage"},"thumbnailUrl":"https:\/\/files.sunoresearch.com.br\/n\/uploads\/2021\/04\/f7521669-49963777371_d87de59692_b-jpg.webp","datePublished":"2021-05-05T13:02:52+00:00","dateModified":"2021-05-30T22:12:43+00:00","description":"Como destaque na agenda do dia desta quarta, est\u00e1 a decis\u00e3o do Banco Central da taxa Selic, com prov\u00e1vel alta. Clique aqui para saber mais.","breadcrumb":{"@id":"https:\/\/www.suno.com.br\/noticias\/agenda-do-dia-copom-tele-bradesco-bbdc4-resultado-braskem-brkm5\/#breadcrumb"},"inLanguage":"pt-BR","potentialAction":[{"@type":"ReadAction","target":["https:\/\/www.suno.com.br\/noticias\/agenda-do-dia-copom-tele-bradesco-bbdc4-resultado-braskem-brkm5\/"]}]},{"@type":"ImageObject","inLanguage":"pt-BR","@id":"https:\/\/www.suno.com.br\/noticias\/agenda-do-dia-copom-tele-bradesco-bbdc4-resultado-braskem-brkm5\/#primaryimage","url":"https:\/\/files.sunoresearch.com.br\/n\/uploads\/2021\/04\/f7521669-49963777371_d87de59692_b-jpg.webp","contentUrl":"https:\/\/files.sunoresearch.com.br\/n\/uploads\/2021\/04\/f7521669-49963777371_d87de59692_b-jpg.webp","width":1024,"height":682,"caption":"Fachada do edif\u00edcio-sede do banco Caixa Econ\u00f4mica Federal (CEF) e do Banco Central do Brasil - Foto: Leonardo S\u00e1\/Ag\u00eancia Senado"},{"@type":"BreadcrumbList","@id":"https:\/\/www.suno.com.br\/noticias\/agenda-do-dia-copom-tele-bradesco-bbdc4-resultado-braskem-brkm5\/#breadcrumb","itemListElement":[{"@type":"ListItem","position":1,"name":"Not\u00edcias","item":"https:\/\/www.suno.com.br\/noticias\/"},{"@type":"ListItem","position":2,"name":"Mercado","item":"https:\/\/www.suno.com.br\/noticias\/mercado\/"},{"@type":"ListItem","position":3,"name":"Agenda do dia: Copom, tele Bradesco (BBDC4), resultado Braskem (BRKM5)"}]},{"@type":"WebSite","@id":"https:\/\/www.suno.com.br\/noticias\/#website","url":"https:\/\/www.suno.com.br\/noticias\/","name":"Suno Not\u00edcias","description":"Seu portal de informa\u00e7\u00e3o sobre o mundo dos investimentos","publisher":{"@id":"https:\/\/www.suno.com.br\/noticias\/#organization"},"potentialAction":[{"@type":"SearchAction","target":{"@type":"EntryPoint","urlTemplate":"https:\/\/www.suno.com.br\/noticias\/?s={search_term_string}"},"query-input":{"@type":"PropertyValueSpecification","valueRequired":true,"valueName":"search_term_string"}}],"inLanguage":"pt-BR"},{"@type":"Organization","@id":"https:\/\/www.suno.com.br\/noticias\/#organization","name":"Suno Not\u00edcias","url":"https:\/\/www.suno.com.br\/noticias\/","logo":{"@type":"ImageObject","inLanguage":"pt-BR","@id":"https:\/\/www.suno.com.br\/noticias\/#\/schema\/logo\/image\/","url":"https:\/\/files.sunoresearch.com.br\/n\/uploads\/2021\/09\/suno-logo.png","contentUrl":"https:\/\/files.sunoresearch.com.br\/n\/uploads\/2021\/09\/suno-logo.png","width":180,"height":180,"caption":"Suno Not\u00edcias"},"image":{"@id":"https:\/\/www.suno.com.br\/noticias\/#\/schema\/logo\/image\/"},"sameAs":["https:\/\/facebook.com\/sunoresearch","https:\/\/x.com\/sunoresearch","https:\/\/www.instagram.com\/suno","https:\/\/www.linkedin.com\/company\/suno-research\/","https:\/\/www.youtube.com\/c\/sunoresearch"]},{"@type":"Person","@id":"https:\/\/www.suno.com.br\/noticias\/#\/schema\/person\/658d5fbc74d81f265f5df3562d0038ab","name":"Vitor Azevedo","image":{"@type":"ImageObject","inLanguage":"pt-BR","@id":"https:\/\/www.suno.com.br\/noticias\/#\/schema\/person\/image\/","url":"https:\/\/secure.gravatar.com\/avatar\/62b86195291b446fe380824eb28b99a5?s=96&r=g","contentUrl":"https:\/\/secure.gravatar.com\/avatar\/62b86195291b446fe380824eb28b99a5?s=96&r=g","caption":"Vitor Azevedo"},"description":"Formado em jornalismo pela Unesp, escreve sobre economia e neg\u00f3cios para a Suno Not\u00edcias.","url":"https:\/\/www.suno.com.br\/noticias\/author\/vitor-azevedo\/"}]}},"default_loop_html":"<div class=\"cardsPage__listCard__boxs\"><div class=\"cardsPage__listCard__boxs__img\"><a href=\"https:\/\/www.suno.com.br\/noticias\/agenda-do-dia-copom-tele-bradesco-bbdc4-resultado-braskem-brkm5\/\"><img class=\"mask\" src=\"https:\/\/www.suno.com.br\/noticias\/wp-content\/themes\/suno\/resources\/images\/spotlight\/spotlight1img\/bg-mask.png\" alt=\"Image Mask\"\/><img src=\"https:\/\/files.sunoresearch.com.br\/n\/uploads\/2021\/04\/f7521669-49963777371_d87de59692_b-400x200.webp\" alt=\"Agenda do dia: Copom, tele Bradesco (BBDC4), resultado Braskem (BRKM5)\"\/><\/a><span class=\"spotlightCategory\"><a href=\"https:\/\/www.suno.com.br\/noticias\/mercado\/\">Mercado<\/a><\/span><\/div><div class=\"cardsPage__listCard__boxs__content\"><a href=\"https:\/\/www.suno.com.br\/noticias\/agenda-do-dia-copom-tele-bradesco-bbdc4-resultado-braskem-brkm5\/\"><h2 class=\"content__title\">Agenda do dia: Copom, tele Bradesco (BBDC4), resultado Braskem (BRKM5)<\/h2><\/a><div class=\"newsContent__article__meta\"><div class=\"newsContent__article__meta__authorBox\"><a href=\"https:\/\/www.suno.com.br\/noticias\/author\/vitor-azevedo\/\" class=\"authorBox__avatar noMobi\"><img src=\"https:\/\/secure.gravatar.com\/avatar\/62b86195291b446fe380824eb28b99a5?s=96&#038;r=g\" alt=\"Vitor Azevedo\"><\/a><div class=\"authorBox__name\"><span>por\n\t\t\t<a href=\"https:\/\/www.suno.com.br\/noticias\/author\/vitor-azevedo\/\"><span itemprop=\"author\">Vitor Azevedo<\/span><\/a><\/span><time datetime=\"2021-05-05T10:02:52-03:00\" itemprop=\"datePublished\">05\/05\/2021 10:02<\/time><\/div><\/div><\/div><\/div><\/div>","single_layout":"posts","amp_enabled":true,"_links":{"self":[{"href":"https:\/\/www.suno.com.br\/noticias\/wp-json\/wp\/v2\/posts\/144865"}],"collection":[{"href":"https:\/\/www.suno.com.br\/noticias\/wp-json\/wp\/v2\/posts"}],"about":[{"href":"https:\/\/www.suno.com.br\/noticias\/wp-json\/wp\/v2\/types\/post"}],"author":[{"embeddable":true,"href":"https:\/\/www.suno.com.br\/noticias\/wp-json\/wp\/v2\/users\/59"}],"replies":[{"embeddable":true,"href":"https:\/\/www.suno.com.br\/noticias\/wp-json\/wp\/v2\/comments?post=144865"}],"version-history":[{"count":1,"href":"https:\/\/www.suno.com.br\/noticias\/wp-json\/wp\/v2\/posts\/144865\/revisions"}],"predecessor-version":[{"id":144888,"href":"https:\/\/www.suno.com.br\/noticias\/wp-json\/wp\/v2\/posts\/144865\/revisions\/144888"}],"wp:featuredmedia":[{"embeddable":true,"href":"https:\/\/www.suno.com.br\/noticias\/wp-json\/wp\/v2\/media\/141969"}],"wp:attachment":[{"href":"https:\/\/www.suno.com.br\/noticias\/wp-json\/wp\/v2\/media?parent=144865"}],"wp:term":[{"taxonomy":"category","embeddable":true,"href":"https:\/\/www.suno.com.br\/noticias\/wp-json\/wp\/v2\/categories?post=144865"},{"taxonomy":"post_tag","embeddable":true,"href":"https:\/\/www.suno.com.br\/noticias\/wp-json\/wp\/v2\/tags?post=144865"},{"taxonomy":"suno_strategy","embeddable":true,"href":"https:\/\/www.suno.com.br\/noticias\/wp-json\/wp\/v2\/suno_strategy?post=144865"}],"curies":[{"name":"wp","href":"https:\/\/api.w.org\/{rel}","templated":true}]}}