{"id":144823,"date":"2021-05-05T07:49:10","date_gmt":"2021-05-05T10:49:10","guid":{"rendered":"https:\/\/www.suno.com.br\/noticias\/?p=144823"},"modified":"2021-05-07T00:21:03","modified_gmt":"2021-05-07T03:21:03","slug":"raizen-da-cosan-csan3-e-da-shell-deve-ser-maior-ipo-do-ano","status":"publish","type":"post","link":"https:\/\/www.suno.com.br\/noticias\/raizen-da-cosan-csan3-e-da-shell-deve-ser-maior-ipo-do-ano\/","title":{"rendered":"Ra\u00edzen, da Cosan (CSAN3) e da Shell, deve fazer maior IPO do ano"},"content":{"rendered":"<p>A <strong>Ra\u00edzen<\/strong>, <a href=\"https:\/\/www.suno.com.br\/artigos\/joint-venture\/\"><em>joint venture<\/em><\/a> da <a href=\"https:\/\/www.suno.com.br\/acoes\/csan3\/\">Cosan (CSAN3)<\/a> e da Shell, se prepara para deixar na <a href=\"https:\/\/www.suno.com.br\/artigos\/cvm\/\">Comiss\u00e3o de Valores Mobili\u00e1rios (CVM)<\/a> o seu prospecto preliminar, documento necess\u00e1rio para a realiza\u00e7\u00e3o de uma <a href=\"https:\/\/www.suno.com.br\/artigos\/ipo\/\">oferta p\u00fablica inicial de a\u00e7\u00f5es (IPO)<\/a>, no in\u00edcio de junho. As informa\u00e7\u00f5es s\u00e3o do jornal Estad\u00e3o.<\/p>\t<div class=\"wrapper-featured-image\">\n\t\t<figure class=\"spotlightImg\">\n\n\t\t\t<picture>\n\t\t\t\t<source media=\"(max-width: 768px)\" srcset=\"https:\/\/files.sunoresearch.com.br\/n\/uploads\/2021\/03\/e24e1db1-totem-rondonopolis-400x200.webp\">\n\t\t\t\t<img loading=\"lazy\" decoding=\"async\" class=\"newsContent__article__imgCapa lazyloadDisabled \" src=\"https:\/\/files.sunoresearch.com.br\/n\/uploads\/2021\/03\/e24e1db1-totem-rondonopolis-800x450.webp\" width=\"800\" height=\"450\" alt=\"Ra\u00edzen, da Cosan (CSAN3) e da Shell, deve fazer maior IPO do ano\" fetchpriority=high \/>\n\t\t\t<\/picture>\n\n\t\t\t<figcaption class=\"wp-caption-text wp-caption-text--show\">Ra\u00edzen (RAIZ4) - Foto: Divulga\u00e7\u00e3o <\/figcaption>\n\t\t<\/figure>\n\t<\/div>\n\n\n<p>\t<p>\n\t\t<a href=\"\" target=\"_blank\" data-element=\"shortcode-suno-banner\" title=\"Banner SUNO, clique e saiba mais\">\n\t\t\t<picture>\n\t\t\t\t<source media=\"(max-width: 500px)\" srcset=\"\">\n\t\t\t\t<img class=\"newsContent__article__imgCapa newsContent__article__imgCapa--banner\"\n\t\t\t\t\tsrc=\"\"\n\t\t\t\t\tdata-promo-id=\"145434\"\t\t\t\t\t\t\t\t\t\t\t\t\t\t\talt=\"\"\n\t\t\t\t>\n\t\t\t<\/picture>\n\t\t<\/a>\n\t<\/p>\n\n<br \/>\nA ideia da Ra\u00edzen \u00e9 que a precifica\u00e7\u00e3o seja feita no meio do m\u00eas que vem e o objetivo \u00e9 levantar de R$ 10 bilh\u00f5es a R$ 13 bilh\u00f5es.<\/p>\n<p>Com isso, o IPO ser\u00e1 provavelmente o maior do ano na <a href=\"https:\/\/www.suno.com.br\/acoes\/b3sa3\/\">B3 (B3SA3)<\/a>, <strong>podendo ser tamb\u00e9m um dos maiores da hist\u00f3ria brasileira<\/strong>. At\u00e9 agora, a maior estreia de todos os tempos foi o do <a href=\"https:\/\/www.suno.com.br\/acoes\/sanb11\/\">Santander Brasil (SANB11)<\/a>, em 2009, que movimentou R$ 13,2 milh\u00f5es. O segundo lugar vai para a <a href=\"https:\/\/www.suno.com.br\/acoes\/bbse3\/\">BB Seguridade (BBSE3)<\/a>, feito em 2013, que movimentou R$ 11,5 bilh\u00f5es, e o terceiro para a <a href=\"https:\/\/www.suno.com.br\/acoes\/rdor3\/\">Rede D&#8217;Or (RDOR3)<\/a>, que levantou R$ 11,4 bilh\u00f5es no fim do ano passado.<\/p>\n<p><a href=\"https:\/\/lp.suno.com.br\/suno-one\/?ppp=noticias\/hospital-care-pedido-ipo-cvm\/\"><b>Suno One: acesse gratuitamente eBooks, Minicursos, Artigos e V\u00eddeo Aulas sobre investimentos com um \u00fanico cadastro. Clique para saber mais!<\/b><\/a><\/p>\n<p>A oferta da Ra\u00edzen j\u00e1 atrai a aten\u00e7\u00e3o de investidores estrangeiros que investem nos controladores atuais da companhia &#8211; Cosan e Shell possuem ambas 50% do capital social da Ra\u00edzen.<\/p>\n<p>O IPO da companhia de etanol atrai tamb\u00e9m a aten\u00e7\u00e3o daqueles interessados no <a href=\"https:\/\/www.suno.com.br\/artigos\/esg\/\">tema ESG<\/a>. A Ra\u00edzen pretende, inclusive, refor\u00e7ar sua imagem neste sentido, tendo como prioridade at\u00e9 a data da estreia divulgar o desenvolvimento de suas tecnologias renov\u00e1veis.<\/p>\n<h2>Sindicato de bancos de IPO da Ra\u00edzen come\u00e7ou a ser formado no final de mar\u00e7o<\/h2>\n<p>No final de mar\u00e7o, j\u00e1 havia sido noticiado que a Ra\u00edzen havia contratado o sindicato de bancos para realizar a sua oferta. At\u00e9 ent\u00e3o, os bancos contratados seriam o BTG Pactual, o Citi, o Credit Suisse e o Bank of America.<\/p>\n<p>O esperado \u00e9 que a <strong>Ra\u00edzen<\/strong> seja avaliada com um valor de mercado de R$ 90 bilh\u00f5es, j\u00e1 estando, com isso, tamb\u00e9m entre uma das mais valiosas da B3. A empresa \u00e9 uma das quatro com maiores receitas no Brasil, com faturamento de cerca de R$ 120 bilh\u00f5es, atr\u00e1s de gigantes como a <a href=\"https:\/\/www.suno.com.br\/acoes\/petr4\/\">Petrobras (PETR4)<\/a>, <a href=\"https:\/\/www.suno.com.br\/acoes\/vale3\/\">Vale (VALE3)<\/a> e <a href=\"https:\/\/www.suno.com.br\/acoes\/jbss3\/\">JBS (JBSS3)<\/a>.<\/p>\n<p><span style=\"font-weight: 400;\">\t<p>\n\t\t<a href=\"https:\/\/lp.suno.com.br\/planilha-da-vida-financeira\/\" target=\"_blank\" data-element=\"shortcode-suno-banner\" title=\"Banner SUNO, clique e saiba mais\">\n\t\t\t<picture>\n\t\t\t\t<source media=\"(max-width: 500px)\" srcset=\"https:\/\/files.sunoresearch.com.br\/n\/uploads\/2023\/04\/400x300-Planilha-vida-financeira-true.png\">\n\t\t\t\t<img class=\"newsContent__article__imgCapa newsContent__article__imgCapa--banner\"\n\t\t\t\t\tsrc=\"https:\/\/files.sunoresearch.com.br\/n\/uploads\/2023\/04\/1420x240-Planilha-vida-financeira-true.png\"\n\t\t\t\t\tdata-promo-id=\"106682\"\t\t\t\t\t\t\t\t\t\twidth='1420' height='240'\t\t\t\t\talt=\"https:\/\/files.sunoresearch.com.br\/n\/uploads\/2023\/04\/1420x240-Planilha-vida-financeira-true.png\"\n\t\t\t\t>\n\t\t\t<\/picture>\n\t\t<\/a>\n\t<\/p>\n\n<\/span><\/p>\n","protected":false},"excerpt":{"rendered":"<p>A Ra\u00edzen, joint venture da Cosan (CSAN3) e da Shell, se prepara para deixar na Comiss\u00e3o de Valores Mobili\u00e1rios (CVM) o seu prospecto preliminar, documento necess\u00e1rio para a realiza\u00e7\u00e3o de uma oferta p\u00fablica inicial de a\u00e7\u00f5es (IPO), no in\u00edcio de junho. As informa\u00e7\u00f5es s\u00e3o do jornal Estad\u00e3o. Ra\u00edzen (RAIZ4) &#8211; Foto: Divulga\u00e7\u00e3o A ideia da [&hellip;]<\/p>\n","protected":false},"author":59,"featured_media":136166,"comment_status":"closed","ping_status":"closed","sticky":false,"template":"","format":"standard","meta":[],"categories":[64],"tags":[433,106933,1067],"suno_strategy":[],"class_list":["post-144823","post","type-post","status-publish","format-standard","has-post-thumbnail","hentry","category-negocios","tag-cosan-csan3","tag-raizen-raiz4","tag-shell-rdsa34-rdsa35"],"yoast_head":"<!-- This site is optimized with the Yoast SEO plugin v24.4 - https:\/\/yoast.com\/wordpress\/plugins\/seo\/ -->\n<title>Ra\u00edzen, da Cosan (CSAN3) e da Shell, deve fazer maior IPO do ano<\/title>\n<meta name=\"description\" content=\"A Ra\u00edzen deve protocolar, segundo o Estad\u00e3o, seu IPO no come\u00e7o de junho, e j\u00e1 esta se movimentando para isso. Clique aqui para saber mais.\" \/>\n<meta name=\"robots\" content=\"index, follow, max-snippet:-1, max-image-preview:large, max-video-preview:-1\" \/>\n<link rel=\"canonical\" href=\"https:\/\/www.suno.com.br\/noticias\/raizen-da-cosan-csan3-e-da-shell-deve-ser-maior-ipo-do-ano\/\" \/>\n<meta property=\"og:locale\" content=\"pt_BR\" \/>\n<meta property=\"og:type\" content=\"article\" \/>\n<meta property=\"og:title\" content=\"Ra\u00edzen, da Cosan (CSAN3) e da Shell, deve fazer maior IPO do ano\" \/>\n<meta property=\"og:description\" content=\"A Ra\u00edzen deve protocolar, segundo o Estad\u00e3o, seu IPO no come\u00e7o de junho, e j\u00e1 esta se movimentando para isso. Clique aqui para saber mais.\" \/>\n<meta property=\"og:url\" content=\"https:\/\/www.suno.com.br\/noticias\/raizen-da-cosan-csan3-e-da-shell-deve-ser-maior-ipo-do-ano\/\" \/>\n<meta property=\"og:site_name\" content=\"Suno Not\u00edcias\" \/>\n<meta property=\"article:publisher\" content=\"https:\/\/facebook.com\/sunoresearch\" \/>\n<meta property=\"og:image\" content=\"https:\/\/files.sunoresearch.com.br\/n\/uploads\/2021\/03\/e24e1db1-totem-rondonopolis.jpg\" \/>\n\t<meta property=\"og:image:width\" content=\"2505\" \/>\n\t<meta property=\"og:image:height\" content=\"1670\" \/>\n\t<meta property=\"og:image:type\" content=\"image\/jpeg\" \/>\n<meta name=\"author\" content=\"Vitor Azevedo\" \/>\n<meta name=\"twitter:card\" content=\"summary_large_image\" \/>\n<meta name=\"twitter:creator\" content=\"@sunoresearch\" \/>\n<meta name=\"twitter:site\" content=\"@sunoresearch\" \/>\n<meta name=\"twitter:label1\" content=\"Escrito por\" \/>\n\t<meta name=\"twitter:data1\" content=\"Vitor Azevedo\" \/>\n\t<meta name=\"twitter:label2\" content=\"Est. tempo de leitura\" \/>\n\t<meta name=\"twitter:data2\" content=\"2 minutos\" \/>\n<script type=\"application\/ld+json\" class=\"yoast-schema-graph\">{\"@context\":\"https:\/\/schema.org\",\"@graph\":[{\"@type\":\"NewsArticle\",\"@id\":\"https:\/\/www.suno.com.br\/noticias\/raizen-da-cosan-csan3-e-da-shell-deve-ser-maior-ipo-do-ano\/#article\",\"isPartOf\":{\"@id\":\"https:\/\/www.suno.com.br\/noticias\/raizen-da-cosan-csan3-e-da-shell-deve-ser-maior-ipo-do-ano\/\"},\"author\":{\"name\":\"Vitor Azevedo\",\"@id\":\"https:\/\/www.suno.com.br\/noticias\/#\/schema\/person\/658d5fbc74d81f265f5df3562d0038ab\"},\"headline\":\"Ra\u00edzen, da Cosan (CSAN3) e da Shell, deve fazer maior IPO do ano\",\"datePublished\":\"2021-05-05T10:49:10+00:00\",\"dateModified\":\"2021-05-07T03:21:03+00:00\",\"mainEntityOfPage\":{\"@id\":\"https:\/\/www.suno.com.br\/noticias\/raizen-da-cosan-csan3-e-da-shell-deve-ser-maior-ipo-do-ano\/\"},\"wordCount\":409,\"publisher\":{\"@id\":\"https:\/\/www.suno.com.br\/noticias\/#organization\"},\"image\":{\"@id\":\"https:\/\/www.suno.com.br\/noticias\/raizen-da-cosan-csan3-e-da-shell-deve-ser-maior-ipo-do-ano\/#primaryimage\"},\"thumbnailUrl\":\"https:\/\/files.sunoresearch.com.br\/n\/uploads\/2021\/03\/e24e1db1-totem-rondonopolis-jpg.webp\",\"keywords\":[\"Cosan (CSAN3)\",\"Ra\u00edzen (RAIZ4)\",\"Shell (RDSA34\/RDSA35)\"],\"articleSection\":[\"Neg\u00f3cios\"],\"inLanguage\":\"pt-BR\"},{\"@type\":\"WebPage\",\"@id\":\"https:\/\/www.suno.com.br\/noticias\/raizen-da-cosan-csan3-e-da-shell-deve-ser-maior-ipo-do-ano\/\",\"url\":\"https:\/\/www.suno.com.br\/noticias\/raizen-da-cosan-csan3-e-da-shell-deve-ser-maior-ipo-do-ano\/\",\"name\":\"Ra\u00edzen, da Cosan (CSAN3) e da Shell, deve fazer maior IPO do ano\",\"isPartOf\":{\"@id\":\"https:\/\/www.suno.com.br\/noticias\/#website\"},\"primaryImageOfPage\":{\"@id\":\"https:\/\/www.suno.com.br\/noticias\/raizen-da-cosan-csan3-e-da-shell-deve-ser-maior-ipo-do-ano\/#primaryimage\"},\"image\":{\"@id\":\"https:\/\/www.suno.com.br\/noticias\/raizen-da-cosan-csan3-e-da-shell-deve-ser-maior-ipo-do-ano\/#primaryimage\"},\"thumbnailUrl\":\"https:\/\/files.sunoresearch.com.br\/n\/uploads\/2021\/03\/e24e1db1-totem-rondonopolis-jpg.webp\",\"datePublished\":\"2021-05-05T10:49:10+00:00\",\"dateModified\":\"2021-05-07T03:21:03+00:00\",\"description\":\"A Ra\u00edzen deve protocolar, segundo o Estad\u00e3o, seu IPO no come\u00e7o de junho, e j\u00e1 esta se movimentando para isso. Clique aqui para saber mais.\",\"breadcrumb\":{\"@id\":\"https:\/\/www.suno.com.br\/noticias\/raizen-da-cosan-csan3-e-da-shell-deve-ser-maior-ipo-do-ano\/#breadcrumb\"},\"inLanguage\":\"pt-BR\",\"potentialAction\":[{\"@type\":\"ReadAction\",\"target\":[\"https:\/\/www.suno.com.br\/noticias\/raizen-da-cosan-csan3-e-da-shell-deve-ser-maior-ipo-do-ano\/\"]}]},{\"@type\":\"ImageObject\",\"inLanguage\":\"pt-BR\",\"@id\":\"https:\/\/www.suno.com.br\/noticias\/raizen-da-cosan-csan3-e-da-shell-deve-ser-maior-ipo-do-ano\/#primaryimage\",\"url\":\"https:\/\/files.sunoresearch.com.br\/n\/uploads\/2021\/03\/e24e1db1-totem-rondonopolis-jpg.webp\",\"contentUrl\":\"https:\/\/files.sunoresearch.com.br\/n\/uploads\/2021\/03\/e24e1db1-totem-rondonopolis-jpg.webp\",\"width\":2505,\"height\":1670,\"caption\":\"Ra\u00edzen (RAIZ4) - Foto: Divulga\u00e7\u00e3o\"},{\"@type\":\"BreadcrumbList\",\"@id\":\"https:\/\/www.suno.com.br\/noticias\/raizen-da-cosan-csan3-e-da-shell-deve-ser-maior-ipo-do-ano\/#breadcrumb\",\"itemListElement\":[{\"@type\":\"ListItem\",\"position\":1,\"name\":\"Not\u00edcias\",\"item\":\"https:\/\/www.suno.com.br\/noticias\/\"},{\"@type\":\"ListItem\",\"position\":2,\"name\":\"Neg\u00f3cios\",\"item\":\"https:\/\/www.suno.com.br\/noticias\/negocios\/\"},{\"@type\":\"ListItem\",\"position\":3,\"name\":\"Ra\u00edzen, da Cosan (CSAN3) e da Shell, deve fazer maior IPO do ano\"}]},{\"@type\":\"WebSite\",\"@id\":\"https:\/\/www.suno.com.br\/noticias\/#website\",\"url\":\"https:\/\/www.suno.com.br\/noticias\/\",\"name\":\"Suno Not\u00edcias\",\"description\":\"Seu portal de informa\u00e7\u00e3o sobre o mundo dos investimentos\",\"publisher\":{\"@id\":\"https:\/\/www.suno.com.br\/noticias\/#organization\"},\"potentialAction\":[{\"@type\":\"SearchAction\",\"target\":{\"@type\":\"EntryPoint\",\"urlTemplate\":\"https:\/\/www.suno.com.br\/noticias\/?s={search_term_string}\"},\"query-input\":{\"@type\":\"PropertyValueSpecification\",\"valueRequired\":true,\"valueName\":\"search_term_string\"}}],\"inLanguage\":\"pt-BR\"},{\"@type\":\"Organization\",\"@id\":\"https:\/\/www.suno.com.br\/noticias\/#organization\",\"name\":\"Suno Not\u00edcias\",\"url\":\"https:\/\/www.suno.com.br\/noticias\/\",\"logo\":{\"@type\":\"ImageObject\",\"inLanguage\":\"pt-BR\",\"@id\":\"https:\/\/www.suno.com.br\/noticias\/#\/schema\/logo\/image\/\",\"url\":\"https:\/\/files.sunoresearch.com.br\/n\/uploads\/2021\/09\/suno-logo.png\",\"contentUrl\":\"https:\/\/files.sunoresearch.com.br\/n\/uploads\/2021\/09\/suno-logo.png\",\"width\":180,\"height\":180,\"caption\":\"Suno Not\u00edcias\"},\"image\":{\"@id\":\"https:\/\/www.suno.com.br\/noticias\/#\/schema\/logo\/image\/\"},\"sameAs\":[\"https:\/\/facebook.com\/sunoresearch\",\"https:\/\/x.com\/sunoresearch\",\"https:\/\/www.instagram.com\/suno\",\"https:\/\/www.linkedin.com\/company\/suno-research\/\",\"https:\/\/www.youtube.com\/c\/sunoresearch\"]},{\"@type\":\"Person\",\"@id\":\"https:\/\/www.suno.com.br\/noticias\/#\/schema\/person\/658d5fbc74d81f265f5df3562d0038ab\",\"name\":\"Vitor Azevedo\",\"image\":{\"@type\":\"ImageObject\",\"inLanguage\":\"pt-BR\",\"@id\":\"https:\/\/www.suno.com.br\/noticias\/#\/schema\/person\/image\/\",\"url\":\"https:\/\/secure.gravatar.com\/avatar\/62b86195291b446fe380824eb28b99a5?s=96&r=g\",\"contentUrl\":\"https:\/\/secure.gravatar.com\/avatar\/62b86195291b446fe380824eb28b99a5?s=96&r=g\",\"caption\":\"Vitor Azevedo\"},\"description\":\"Formado em jornalismo pela Unesp, escreve sobre economia e neg\u00f3cios para a Suno Not\u00edcias.\",\"url\":\"https:\/\/www.suno.com.br\/noticias\/author\/vitor-azevedo\/\"}]}<\/script>\n<!-- \/ Yoast SEO plugin. -->","yoast_head_json":{"title":"Ra\u00edzen, da Cosan (CSAN3) e da Shell, deve fazer maior IPO do ano","description":"A Ra\u00edzen deve protocolar, segundo o Estad\u00e3o, seu IPO no come\u00e7o de junho, e j\u00e1 esta se movimentando para isso. Clique aqui para saber mais.","robots":{"index":"index","follow":"follow","max-snippet":"max-snippet:-1","max-image-preview":"max-image-preview:large","max-video-preview":"max-video-preview:-1"},"canonical":"https:\/\/www.suno.com.br\/noticias\/raizen-da-cosan-csan3-e-da-shell-deve-ser-maior-ipo-do-ano\/","og_locale":"pt_BR","og_type":"article","og_title":"Ra\u00edzen, da Cosan (CSAN3) e da Shell, deve fazer maior IPO do ano","og_description":"A Ra\u00edzen deve protocolar, segundo o Estad\u00e3o, seu IPO no come\u00e7o de junho, e j\u00e1 esta se movimentando para isso. Clique aqui para saber mais.","og_url":"https:\/\/www.suno.com.br\/noticias\/raizen-da-cosan-csan3-e-da-shell-deve-ser-maior-ipo-do-ano\/","og_site_name":"Suno Not\u00edcias","article_publisher":"https:\/\/facebook.com\/sunoresearch","og_image":[{"width":2505,"height":1670,"url":"https:\/\/files.sunoresearch.com.br\/n\/uploads\/2021\/03\/e24e1db1-totem-rondonopolis.jpg","type":"image\/jpeg"}],"author":"Vitor Azevedo","twitter_card":"summary_large_image","twitter_creator":"@sunoresearch","twitter_site":"@sunoresearch","twitter_misc":{"Escrito por":"Vitor Azevedo","Est. tempo de leitura":"2 minutos"},"schema":{"@context":"https:\/\/schema.org","@graph":[{"@type":"NewsArticle","@id":"https:\/\/www.suno.com.br\/noticias\/raizen-da-cosan-csan3-e-da-shell-deve-ser-maior-ipo-do-ano\/#article","isPartOf":{"@id":"https:\/\/www.suno.com.br\/noticias\/raizen-da-cosan-csan3-e-da-shell-deve-ser-maior-ipo-do-ano\/"},"author":{"name":"Vitor Azevedo","@id":"https:\/\/www.suno.com.br\/noticias\/#\/schema\/person\/658d5fbc74d81f265f5df3562d0038ab"},"headline":"Ra\u00edzen, da Cosan (CSAN3) e da Shell, deve fazer maior IPO do ano","datePublished":"2021-05-05T10:49:10+00:00","dateModified":"2021-05-07T03:21:03+00:00","mainEntityOfPage":{"@id":"https:\/\/www.suno.com.br\/noticias\/raizen-da-cosan-csan3-e-da-shell-deve-ser-maior-ipo-do-ano\/"},"wordCount":409,"publisher":{"@id":"https:\/\/www.suno.com.br\/noticias\/#organization"},"image":{"@id":"https:\/\/www.suno.com.br\/noticias\/raizen-da-cosan-csan3-e-da-shell-deve-ser-maior-ipo-do-ano\/#primaryimage"},"thumbnailUrl":"https:\/\/files.sunoresearch.com.br\/n\/uploads\/2021\/03\/e24e1db1-totem-rondonopolis-jpg.webp","keywords":["Cosan (CSAN3)","Ra\u00edzen (RAIZ4)","Shell (RDSA34\/RDSA35)"],"articleSection":["Neg\u00f3cios"],"inLanguage":"pt-BR"},{"@type":"WebPage","@id":"https:\/\/www.suno.com.br\/noticias\/raizen-da-cosan-csan3-e-da-shell-deve-ser-maior-ipo-do-ano\/","url":"https:\/\/www.suno.com.br\/noticias\/raizen-da-cosan-csan3-e-da-shell-deve-ser-maior-ipo-do-ano\/","name":"Ra\u00edzen, da Cosan (CSAN3) e da Shell, deve fazer maior IPO do ano","isPartOf":{"@id":"https:\/\/www.suno.com.br\/noticias\/#website"},"primaryImageOfPage":{"@id":"https:\/\/www.suno.com.br\/noticias\/raizen-da-cosan-csan3-e-da-shell-deve-ser-maior-ipo-do-ano\/#primaryimage"},"image":{"@id":"https:\/\/www.suno.com.br\/noticias\/raizen-da-cosan-csan3-e-da-shell-deve-ser-maior-ipo-do-ano\/#primaryimage"},"thumbnailUrl":"https:\/\/files.sunoresearch.com.br\/n\/uploads\/2021\/03\/e24e1db1-totem-rondonopolis-jpg.webp","datePublished":"2021-05-05T10:49:10+00:00","dateModified":"2021-05-07T03:21:03+00:00","description":"A Ra\u00edzen deve protocolar, segundo o Estad\u00e3o, seu IPO no come\u00e7o de junho, e j\u00e1 esta se movimentando para isso. Clique aqui para saber mais.","breadcrumb":{"@id":"https:\/\/www.suno.com.br\/noticias\/raizen-da-cosan-csan3-e-da-shell-deve-ser-maior-ipo-do-ano\/#breadcrumb"},"inLanguage":"pt-BR","potentialAction":[{"@type":"ReadAction","target":["https:\/\/www.suno.com.br\/noticias\/raizen-da-cosan-csan3-e-da-shell-deve-ser-maior-ipo-do-ano\/"]}]},{"@type":"ImageObject","inLanguage":"pt-BR","@id":"https:\/\/www.suno.com.br\/noticias\/raizen-da-cosan-csan3-e-da-shell-deve-ser-maior-ipo-do-ano\/#primaryimage","url":"https:\/\/files.sunoresearch.com.br\/n\/uploads\/2021\/03\/e24e1db1-totem-rondonopolis-jpg.webp","contentUrl":"https:\/\/files.sunoresearch.com.br\/n\/uploads\/2021\/03\/e24e1db1-totem-rondonopolis-jpg.webp","width":2505,"height":1670,"caption":"Ra\u00edzen (RAIZ4) - Foto: Divulga\u00e7\u00e3o"},{"@type":"BreadcrumbList","@id":"https:\/\/www.suno.com.br\/noticias\/raizen-da-cosan-csan3-e-da-shell-deve-ser-maior-ipo-do-ano\/#breadcrumb","itemListElement":[{"@type":"ListItem","position":1,"name":"Not\u00edcias","item":"https:\/\/www.suno.com.br\/noticias\/"},{"@type":"ListItem","position":2,"name":"Neg\u00f3cios","item":"https:\/\/www.suno.com.br\/noticias\/negocios\/"},{"@type":"ListItem","position":3,"name":"Ra\u00edzen, da Cosan (CSAN3) e da Shell, deve fazer maior IPO do ano"}]},{"@type":"WebSite","@id":"https:\/\/www.suno.com.br\/noticias\/#website","url":"https:\/\/www.suno.com.br\/noticias\/","name":"Suno Not\u00edcias","description":"Seu portal de informa\u00e7\u00e3o sobre o mundo dos investimentos","publisher":{"@id":"https:\/\/www.suno.com.br\/noticias\/#organization"},"potentialAction":[{"@type":"SearchAction","target":{"@type":"EntryPoint","urlTemplate":"https:\/\/www.suno.com.br\/noticias\/?s={search_term_string}"},"query-input":{"@type":"PropertyValueSpecification","valueRequired":true,"valueName":"search_term_string"}}],"inLanguage":"pt-BR"},{"@type":"Organization","@id":"https:\/\/www.suno.com.br\/noticias\/#organization","name":"Suno Not\u00edcias","url":"https:\/\/www.suno.com.br\/noticias\/","logo":{"@type":"ImageObject","inLanguage":"pt-BR","@id":"https:\/\/www.suno.com.br\/noticias\/#\/schema\/logo\/image\/","url":"https:\/\/files.sunoresearch.com.br\/n\/uploads\/2021\/09\/suno-logo.png","contentUrl":"https:\/\/files.sunoresearch.com.br\/n\/uploads\/2021\/09\/suno-logo.png","width":180,"height":180,"caption":"Suno Not\u00edcias"},"image":{"@id":"https:\/\/www.suno.com.br\/noticias\/#\/schema\/logo\/image\/"},"sameAs":["https:\/\/facebook.com\/sunoresearch","https:\/\/x.com\/sunoresearch","https:\/\/www.instagram.com\/suno","https:\/\/www.linkedin.com\/company\/suno-research\/","https:\/\/www.youtube.com\/c\/sunoresearch"]},{"@type":"Person","@id":"https:\/\/www.suno.com.br\/noticias\/#\/schema\/person\/658d5fbc74d81f265f5df3562d0038ab","name":"Vitor Azevedo","image":{"@type":"ImageObject","inLanguage":"pt-BR","@id":"https:\/\/www.suno.com.br\/noticias\/#\/schema\/person\/image\/","url":"https:\/\/secure.gravatar.com\/avatar\/62b86195291b446fe380824eb28b99a5?s=96&r=g","contentUrl":"https:\/\/secure.gravatar.com\/avatar\/62b86195291b446fe380824eb28b99a5?s=96&r=g","caption":"Vitor Azevedo"},"description":"Formado em jornalismo pela Unesp, escreve sobre economia e neg\u00f3cios para a Suno Not\u00edcias.","url":"https:\/\/www.suno.com.br\/noticias\/author\/vitor-azevedo\/"}]}},"default_loop_html":"<div class=\"cardsPage__listCard__boxs\"><div class=\"cardsPage__listCard__boxs__img\"><a href=\"https:\/\/www.suno.com.br\/noticias\/raizen-da-cosan-csan3-e-da-shell-deve-ser-maior-ipo-do-ano\/\"><img class=\"mask\" src=\"https:\/\/www.suno.com.br\/noticias\/wp-content\/themes\/suno\/resources\/images\/spotlight\/spotlight1img\/bg-mask.png\" alt=\"Image Mask\"\/><img src=\"https:\/\/files.sunoresearch.com.br\/n\/uploads\/2021\/03\/e24e1db1-totem-rondonopolis-400x200.webp\" alt=\"Ra\u00edzen, da Cosan (CSAN3) e da Shell, deve fazer maior IPO do ano\"\/><\/a><span class=\"spotlightCategory\"><a href=\"https:\/\/www.suno.com.br\/noticias\/negocios\/\">Neg\u00f3cios<\/a><\/span><\/div><div class=\"cardsPage__listCard__boxs__content\"><a href=\"https:\/\/www.suno.com.br\/noticias\/raizen-da-cosan-csan3-e-da-shell-deve-ser-maior-ipo-do-ano\/\"><h2 class=\"content__title\">Ra\u00edzen, da Cosan (CSAN3) e da Shell, deve fazer maior IPO do ano<\/h2><\/a><div class=\"newsContent__article__meta\"><div class=\"newsContent__article__meta__authorBox\"><a href=\"https:\/\/www.suno.com.br\/noticias\/author\/vitor-azevedo\/\" class=\"authorBox__avatar noMobi\"><img src=\"https:\/\/secure.gravatar.com\/avatar\/62b86195291b446fe380824eb28b99a5?s=96&#038;r=g\" alt=\"Vitor Azevedo\"><\/a><div class=\"authorBox__name\"><span>por\n\t\t\t<a href=\"https:\/\/www.suno.com.br\/noticias\/author\/vitor-azevedo\/\"><span itemprop=\"author\">Vitor Azevedo<\/span><\/a><\/span><time datetime=\"2021-05-05T07:49:10-03:00\" itemprop=\"datePublished\">05\/05\/2021 07:49<\/time><\/div><\/div><\/div><\/div><\/div>","single_layout":"posts","amp_enabled":true,"_links":{"self":[{"href":"https:\/\/www.suno.com.br\/noticias\/wp-json\/wp\/v2\/posts\/144823"}],"collection":[{"href":"https:\/\/www.suno.com.br\/noticias\/wp-json\/wp\/v2\/posts"}],"about":[{"href":"https:\/\/www.suno.com.br\/noticias\/wp-json\/wp\/v2\/types\/post"}],"author":[{"embeddable":true,"href":"https:\/\/www.suno.com.br\/noticias\/wp-json\/wp\/v2\/users\/59"}],"replies":[{"embeddable":true,"href":"https:\/\/www.suno.com.br\/noticias\/wp-json\/wp\/v2\/comments?post=144823"}],"version-history":[{"count":3,"href":"https:\/\/www.suno.com.br\/noticias\/wp-json\/wp\/v2\/posts\/144823\/revisions"}],"predecessor-version":[{"id":145510,"href":"https:\/\/www.suno.com.br\/noticias\/wp-json\/wp\/v2\/posts\/144823\/revisions\/145510"}],"wp:featuredmedia":[{"embeddable":true,"href":"https:\/\/www.suno.com.br\/noticias\/wp-json\/wp\/v2\/media\/136166"}],"wp:attachment":[{"href":"https:\/\/www.suno.com.br\/noticias\/wp-json\/wp\/v2\/media?parent=144823"}],"wp:term":[{"taxonomy":"category","embeddable":true,"href":"https:\/\/www.suno.com.br\/noticias\/wp-json\/wp\/v2\/categories?post=144823"},{"taxonomy":"post_tag","embeddable":true,"href":"https:\/\/www.suno.com.br\/noticias\/wp-json\/wp\/v2\/tags?post=144823"},{"taxonomy":"suno_strategy","embeddable":true,"href":"https:\/\/www.suno.com.br\/noticias\/wp-json\/wp\/v2\/suno_strategy?post=144823"}],"curies":[{"name":"wp","href":"https:\/\/api.w.org\/{rel}","templated":true}]}}