{"id":144788,"date":"2021-05-04T20:11:40","date_gmt":"2021-05-04T23:11:40","guid":{"rendered":"https:\/\/www.suno.com.br\/noticias\/?p=144788"},"modified":"2021-05-04T20:15:29","modified_gmt":"2021-05-04T23:15:29","slug":"arthur-lira-extingue-comissao-e-zera-o-jogo-da-reforma-tributaria","status":"publish","type":"post","link":"https:\/\/www.suno.com.br\/noticias\/arthur-lira-extingue-comissao-e-zera-o-jogo-da-reforma-tributaria\/","title":{"rendered":"Arthur Lira extingue comiss\u00e3o e &#8216;zera o jogo&#8217; da reforma tribut\u00e1ria"},"content":{"rendered":"<p>No mesmo dia da leitura do parecer da <strong>reforma tribut\u00e1ria<\/strong>, o presidente da C\u00e2mara dos Deputados, Arthur Lira (PP-AL), declarou extinta a comiss\u00e3o mista que analisa proposta, praticamente inviabilizando a continuidade dos trabalhos nos moldes atuais. A informa\u00e7\u00e3o foi confirmada pelo vice-presidente da C\u00e2mara, Marcelo Ramos (PL-AM), em sua conta no Twitter.<\/p>\t<div class=\"wrapper-featured-image\">\n\t\t<figure class=\"spotlightImg\">\n\n\t\t\t<picture>\n\t\t\t\t<source media=\"(max-width: 768px)\" srcset=\"https:\/\/files.sunoresearch.com.br\/n\/uploads\/2021\/03\/fa91f49a-arthur-lira-foto-luis-macedo-camara-dos-deputados-400x200.webp\">\n\t\t\t\t<img loading=\"lazy\" decoding=\"async\" class=\"newsContent__article__imgCapa lazyloadDisabled \" src=\"https:\/\/files.sunoresearch.com.br\/n\/uploads\/2021\/03\/fa91f49a-arthur-lira-foto-luis-macedo-camara-dos-deputados-800x450.webp\" width=\"800\" height=\"450\" alt=\"Arthur Lira extingue comiss\u00e3o e &#8216;zera o jogo&#8217; da reforma tribut\u00e1ria\" fetchpriority=high \/>\n\t\t\t<\/picture>\n\n\t\t\t<figcaption class=\"wp-caption-text wp-caption-text--show\">Arthur Lira (PP-AL). Foto: Luis Macedo C\u00e2mara dos Deputados<\/figcaption>\n\t\t<\/figure>\n\t<\/div>\n\n\n\t<p>\n\t\t<a href=\"https:\/\/lp.suno.com.br\/planilha-controle-gastos\/\" target=\"_blank\" data-element=\"shortcode-suno-banner\" title=\"Banner SUNO, clique e saiba mais\">\n\t\t\t<picture>\n\t\t\t\t<source media=\"(max-width: 500px)\" srcset=\"https:\/\/files.sunoresearch.com.br\/n\/uploads\/2023\/03\/400x300-Planilha-controle-de-gastos.png\">\n\t\t\t\t<img class=\"newsContent__article__imgCapa newsContent__article__imgCapa--banner\"\n\t\t\t\t\tsrc=\"https:\/\/files.sunoresearch.com.br\/n\/uploads\/2023\/03\/1420x240-Planilha-controle-de-gastos.png\"\n\t\t\t\t\tdata-promo-id=\"101751\"\t\t\t\t\t\t\t\t\t\twidth='1420' height='240'\t\t\t\t\talt=\"https:\/\/files.sunoresearch.com.br\/n\/uploads\/2023\/03\/1420x240-Planilha-controle-de-gastos.png\"\n\t\t\t\t>\n\t\t\t<\/picture>\n\t\t<\/a>\n\t<\/p>\n\n\n<p>A decis\u00e3o praticamente &#8220;zera o jogo&#8221; da <a href=\"https:\/\/www.suno.com.br\/artigos\/reforma-tributaria\/\">reforma tribut\u00e1ria<\/a>, segundo t\u00e9cnicos ouvidos pela reportagem. O an\u00fancio foi feito enquanto o relator da reforma, deputado Aguinaldo Ribeiro (PP-PB), ainda lia seu parecer. Ele come\u00e7ou pouco depois das 15 horas e est\u00e1 h\u00e1 mais de tr\u00eas horas fazendo a leitura do documento, que tem 110 p\u00e1ginas.<\/p>\n<p>Por tr\u00e1s dessa estrat\u00e9gia est\u00e1 o desejo de <strong>Arthur Lira<\/strong> de fatiar a reforma tribut\u00e1ria em quatro projetos distintos, focados em mudan\u00e7as no \u00e2mbito federal, sem incluir Estados e munic\u00edpios. A ideia \u00e9 apoiada pela equipe econ\u00f4mica.<\/p>\n<p><a href=\"https:\/\/lp.suno.com.br\/suno-one\/\">Suno One: acesse gratuitamente eBooks, Minicursos, Artigos e Video Aulas sobre investimentos com um \u00fanico cadastro. Clique para saber mais!<\/a><\/p>\n<p>Como mostrou o <em>Broadcast<\/em>, um desses projetos trataria da unifica\u00e7\u00e3o de <a href=\"https:\/\/www.suno.com.br\/artigos\/cofins\/\">PIS\/Cofins<\/a> e da <a href=\"https:\/\/www.suno.com.br\/artigos\/tributacao-de-dividendos\/\">tributa\u00e7\u00e3o de lucros e dividendos<\/a>, com redu\u00e7\u00e3o de Imposto de Renda da Pessoa Jur\u00eddica. Outro deve tratar da cria\u00e7\u00e3o de um imposto seletivo em substitui\u00e7\u00e3o ao Imposto sobre Produtos Industrializados (IPI).<\/p>\n<p>Uma terceira parte incluiria um amplo programa de renegocia\u00e7\u00e3o de d\u00edvidas tribut\u00e1rias, chamado de &#8220;passaporte tribut\u00e1rio&#8221;, mas que segue os moldes de um Refis. Outra fase prev\u00ea a cria\u00e7\u00e3o de um imposto sobre transa\u00e7\u00f5es, nos mesmos <a href=\"https:\/\/www.suno.com.br\/artigos\/cpmf\/\">moldes da CPMF<\/a>.<\/p>\n<p>No domingo, em entrevista ao programa Canal Livre, da <i>Band<\/i>, Lira disse que a proposta n\u00e3o configura uma nova CPMF e que o tema poderia ser deixado por \u00faltimo. A declara\u00e7\u00e3o foi vista como um &#8220;ensaio&#8221; do presidente da C\u00e2mara para tentar ampliar a aceita\u00e7\u00e3o da medida, que hoje enfrenta resist\u00eancias no Congresso.<\/p>\n<p>No fatiamento, cada parte teria um relator distinto, e o pr\u00f3prio deputado Aguinaldo Ribeiro poderia ficar respons\u00e1vel por uma das fatias. Uma poss\u00edvel divis\u00e3o seria dois projetos ficarem com a C\u00e2mara e outros dois com o Senado.<\/p>\n\t<div data-element=\"shortcode-read-more\" class=\"knowMore\">\n\t\t\t\t<span class=\"knowMore__title\">Saiba mais<\/span>\n\t\t\t\t<a class=\"knowMore__link\" href=\"https:\/\/www.suno.com.br\/noticias\/selic-reforma-tributaria-5-eventos-proxima-semana\/\">\n\t\t\tSelic e Reforma tribut\u00e1ria: Veja 5 principais eventos da pr\u00f3xima semana\t\t<\/a>\n\t<\/div>\n\n\n<p>Logo no in\u00edcio da leitura do parecer, havia sido anunciado um calend\u00e1rio, com previs\u00e3o de abertura para envio de sugest\u00f5es at\u00e9 sexta-feira, 7, a apresenta\u00e7\u00e3o de uma vers\u00e3o final do relat\u00f3rio na pr\u00f3xima ter\u00e7a-feira (11).<\/p>\n<p>Uma fonte ligada \u00e0 c\u00fapula, por\u00e9m, afirma que &#8220;os procedimentos e caminhos n\u00e3o ser\u00e3o os anunciados&#8221;. Para essa fonte, o texto foi lido, mas os rumos da reforma ainda ser\u00e3o alvo de conversas com lideran\u00e7as da C\u00e2mara.<\/p>\n<p>Aliados do presidente da C\u00e2mara refor\u00e7am que a inten\u00e7\u00e3o \u00e9 fazer andar o projeto enviado pelo time de Guedes, que unifica PIS e Cofins por meio de um projeto de lei ordin\u00e1rio, que requer menor qu\u00f3rum para ser aprovado do que uma Proposta de Emenda \u00e0 Constitui\u00e7\u00e3o (PEC), como \u00e9 o caso do relat\u00f3rio de Aguinaldo.<\/p>\n<h2>Relat\u00f3rio da reforma tribut\u00e1ria<\/h2>\n<p>O relat\u00f3rio da reforma tribut\u00e1ria apresentado nesta ter\u00e7a prev\u00ea a cria\u00e7\u00e3o do Imposto sobre Bens e Servi\u00e7os (IBS), que inclui os tributos estaduais e municipais sobre consumo, complementado por imposto seletivo. O IBS deve substituir PIS\/Cofins, IPI, ICMS e ISS.<\/p>\n<p>A transi\u00e7\u00e3o ocorreria em duas fases. Nos primeiros dois anos, haveria apenas a unifica\u00e7\u00e3o do PIS e da Cofins, convertidos na parcela federal do Imposto sobre Bens e Servi\u00e7os (IBS). Depois, haveria ainda mais quatro anos de transi\u00e7\u00e3o nacional, quando <a href=\"https:\/\/www.suno.com.br\/artigos\/icms\/\">ICMS (estadual)<\/a> e <a href=\"https:\/\/www.suno.com.br\/artigos\/iss\/\">ISS (municipal)<\/a> seriam substitu\u00eddos gradualmente pelas al\u00edquotas estaduais e municipais do IBS.<\/p>\n<p>Segundo o parecer de Aguinaldo, a fase federal se iniciar\u00e1 no ano seguinte ao ano de refer\u00eancia, que ser\u00e1 o ano da publica\u00e7\u00e3o da lei complementar que institui o IBS, caso isso aconte\u00e7a at\u00e9 30 de junho. Se a lei complementar for publicada ap\u00f3s 30 de junho, o ano de refer\u00eancia ser\u00e1 o seguinte ao da publica\u00e7\u00e3o, e a transi\u00e7\u00e3o inicia no ano posterior.<\/p>\n\t<p>\n\t\t<a href=\"https:\/\/lp.suno.com.br\/planilha-da-vida-financeira\/\" target=\"_blank\" data-element=\"shortcode-suno-banner\" title=\"Banner SUNO, clique e saiba mais\">\n\t\t\t<picture>\n\t\t\t\t<source media=\"(max-width: 500px)\" srcset=\"https:\/\/files.sunoresearch.com.br\/n\/uploads\/2023\/04\/400x300-Planilha-vida-financeira-true.png\">\n\t\t\t\t<img class=\"newsContent__article__imgCapa newsContent__article__imgCapa--banner\"\n\t\t\t\t\tsrc=\"https:\/\/files.sunoresearch.com.br\/n\/uploads\/2023\/04\/1420x240-Planilha-vida-financeira-true.png\"\n\t\t\t\t\tdata-promo-id=\"106682\"\t\t\t\t\t\t\t\t\t\twidth='1420' height='240'\t\t\t\t\talt=\"https:\/\/files.sunoresearch.com.br\/n\/uploads\/2023\/04\/1420x240-Planilha-vida-financeira-true.png\"\n\t\t\t\t>\n\t\t\t<\/picture>\n\t\t<\/a>\n\t<\/p>\n\n\n<p>&#8220;Nos dois anos de transi\u00e7\u00e3o federal, a contribui\u00e7\u00e3o para o PIS e a Cofins ser\u00e3o substitu\u00eddas pela al\u00edquota federal do IBS&#8221;, diz o relat\u00f3rio. &#8220;A ado\u00e7\u00e3o de um per\u00edodo inicial de transi\u00e7\u00e3o apenas para a Uni\u00e3o confere maior seguran\u00e7a \u00e0 implanta\u00e7\u00e3o do IBS, pois o governo federal disp\u00f5e de significativa base de dados e de instrumentos mais \u00e1geis para corrigir ou compensar desvios. Mitiga-se tamb\u00e9m a possibilidade de impactos nas contas p\u00fablicas, tendo em vista que a base arrecadat\u00f3ria do Uni\u00e3o \u00e9 mais ampla.&#8221;<\/p>\n<p>Entre o terceiro e o sexto ano da transi\u00e7\u00e3o, as al\u00edquotas de ICMS e ISS ser\u00e3o reduzidas gradualmente, na propor\u00e7\u00e3o de 1\/4 por ano, enquanto as al\u00edquotas estaduais e municipais do IBS ser\u00e3o elevadas na medida suficiente para manter a arrecada\u00e7\u00e3o dos entes.<\/p>\n<p>Nos primeiros dois anos, o IBS estar\u00e1 sob administra\u00e7\u00e3o da <a href=\"https:\/\/www.suno.com.br\/artigos\/receita-federal\/\">Receita Federal<\/a>, passando \u00e0 Ag\u00eancia Tribut\u00e1ria Nacional ap\u00f3s o terceiro ano.<\/p>\n<p>O <a href=\"https:\/\/www.suno.com.br\/artigos\/ipi\/\">Imposto sobre Produtos Industrializados (IPI)<\/a>, por sua vez, ser\u00e1 extinto apenas no sexto ano da transi\u00e7\u00e3o, com a substitui\u00e7\u00e3o pelo imposto seletivo, que incidir\u00e1 sobre produtos que produzem efeitos negativos sobre o ambiente e a sa\u00fade, como cigarros e bebidas alco\u00f3licas.<\/p>\n<p><em>(Com Estad\u00e3o Conte\u00fado)<\/em><\/p>\n\t<p>\n\t\t<a href=\"https:\/\/lp.suno.com.br\/planilha-de-controle-de-investimentos\/\" target=\"_blank\" data-element=\"shortcode-suno-banner\" title=\"Banner SUNO, clique e saiba mais\">\n\t\t\t<picture>\n\t\t\t\t<source media=\"(max-width: 500px)\" srcset=\"https:\/\/files.sunoresearch.com.br\/n\/uploads\/2023\/03\/400x300-Controle-de-Investimentos.png\">\n\t\t\t\t<img class=\"newsContent__article__imgCapa newsContent__article__imgCapa--banner\"\n\t\t\t\t\tsrc=\"https:\/\/files.sunoresearch.com.br\/n\/uploads\/2023\/03\/1420x240-Controle-de-Investimentos.png\"\n\t\t\t\t\tdata-promo-id=\"75934\"\t\t\t\t\t\t\t\t\t\twidth='1420' height='240'\t\t\t\t\talt=\"https:\/\/files.sunoresearch.com.br\/n\/uploads\/2023\/03\/1420x240-Controle-de-Investimentos.png\"\n\t\t\t\t>\n\t\t\t<\/picture>\n\t\t<\/a>\n\t<\/p>\n\n\n","protected":false},"excerpt":{"rendered":"<p>No mesmo dia da leitura do parecer da reforma tribut\u00e1ria, o presidente da C\u00e2mara dos Deputados, Arthur Lira (PP-AL), declarou extinta a comiss\u00e3o mista que analisa proposta, praticamente inviabilizando a continuidade dos trabalhos nos moldes atuais. A informa\u00e7\u00e3o foi confirmada pelo vice-presidente da C\u00e2mara, Marcelo Ramos (PL-AM), em sua conta no Twitter. Arthur Lira (PP-AL). [&hellip;]<\/p>\n","protected":false},"author":35,"featured_media":130156,"comment_status":"closed","ping_status":"closed","sticky":false,"template":"","format":"standard","meta":[],"categories":[61],"tags":[104858,938,1286],"suno_strategy":[],"class_list":["post-144788","post","type-post","status-publish","format-standard","has-post-thumbnail","hentry","category-politica","tag-arthur-lira","tag-camara-dos-deputados","tag-reforma-tributaria"],"yoast_head":"<!-- This site is optimized with the Yoast SEO plugin v24.4 - https:\/\/yoast.com\/wordpress\/plugins\/seo\/ -->\n<title>Arthur Lira extingue comiss\u00e3o e &#039;zera o jogo&#039; da reforma tribut\u00e1ria<\/title>\n<meta name=\"description\" content=\"O presidente da C\u00e2mara dos Deputados, Arthur Lira, declarou extinta a comiss\u00e3o mista que analisa proposta da reforma tribut\u00e1ria.\" \/>\n<meta name=\"robots\" content=\"index, follow, max-snippet:-1, max-image-preview:large, max-video-preview:-1\" \/>\n<link rel=\"canonical\" href=\"https:\/\/www.suno.com.br\/noticias\/arthur-lira-extingue-comissao-e-zera-o-jogo-da-reforma-tributaria\/\" \/>\n<meta property=\"og:locale\" content=\"pt_BR\" \/>\n<meta property=\"og:type\" content=\"article\" \/>\n<meta property=\"og:title\" content=\"Arthur Lira extingue comiss\u00e3o e &#039;zera o jogo&#039; da reforma tribut\u00e1ria\" \/>\n<meta property=\"og:description\" content=\"O presidente da C\u00e2mara dos Deputados, Arthur Lira, declarou extinta a comiss\u00e3o mista que analisa proposta da reforma tribut\u00e1ria.\" \/>\n<meta property=\"og:url\" content=\"https:\/\/www.suno.com.br\/noticias\/arthur-lira-extingue-comissao-e-zera-o-jogo-da-reforma-tributaria\/\" \/>\n<meta property=\"og:site_name\" content=\"Suno Not\u00edcias\" \/>\n<meta property=\"article:publisher\" content=\"https:\/\/facebook.com\/sunoresearch\" \/>\n<meta property=\"og:image\" content=\"https:\/\/files.sunoresearch.com.br\/n\/uploads\/2021\/03\/fa91f49a-arthur-lira-foto-luis-macedo-camara-dos-deputados.jpg\" \/>\n\t<meta property=\"og:image:width\" content=\"1200\" \/>\n\t<meta property=\"og:image:height\" content=\"800\" \/>\n\t<meta property=\"og:image:type\" content=\"image\/jpeg\" \/>\n<meta name=\"author\" content=\"Arthur Guimar\u00e3es\" \/>\n<meta name=\"twitter:card\" content=\"summary_large_image\" \/>\n<meta name=\"twitter:creator\" content=\"@sunoresearch\" \/>\n<meta name=\"twitter:site\" content=\"@sunoresearch\" \/>\n<meta name=\"twitter:label1\" content=\"Escrito por\" \/>\n\t<meta name=\"twitter:data1\" content=\"Arthur Guimar\u00e3es\" \/>\n\t<meta name=\"twitter:label2\" content=\"Est. tempo de leitura\" \/>\n\t<meta name=\"twitter:data2\" content=\"5 minutos\" \/>\n<script type=\"application\/ld+json\" class=\"yoast-schema-graph\">{\"@context\":\"https:\/\/schema.org\",\"@graph\":[{\"@type\":\"NewsArticle\",\"@id\":\"https:\/\/www.suno.com.br\/noticias\/arthur-lira-extingue-comissao-e-zera-o-jogo-da-reforma-tributaria\/#article\",\"isPartOf\":{\"@id\":\"https:\/\/www.suno.com.br\/noticias\/arthur-lira-extingue-comissao-e-zera-o-jogo-da-reforma-tributaria\/\"},\"author\":{\"name\":\"Arthur Guimar\u00e3es\",\"@id\":\"https:\/\/www.suno.com.br\/noticias\/#\/schema\/person\/053a750a709a263919a20f976caae91c\"},\"headline\":\"Arthur Lira extingue comiss\u00e3o e &#8216;zera o jogo&#8217; da reforma tribut\u00e1ria\",\"datePublished\":\"2021-05-04T23:11:40+00:00\",\"dateModified\":\"2021-05-04T23:15:29+00:00\",\"mainEntityOfPage\":{\"@id\":\"https:\/\/www.suno.com.br\/noticias\/arthur-lira-extingue-comissao-e-zera-o-jogo-da-reforma-tributaria\/\"},\"wordCount\":954,\"publisher\":{\"@id\":\"https:\/\/www.suno.com.br\/noticias\/#organization\"},\"image\":{\"@id\":\"https:\/\/www.suno.com.br\/noticias\/arthur-lira-extingue-comissao-e-zera-o-jogo-da-reforma-tributaria\/#primaryimage\"},\"thumbnailUrl\":\"https:\/\/files.sunoresearch.com.br\/n\/uploads\/2021\/03\/fa91f49a-arthur-lira-foto-luis-macedo-camara-dos-deputados-jpg.webp\",\"keywords\":[\"Arthur Lira\",\"C\u00e2mara dos Deputados\",\"reforma tribut\u00e1ria\"],\"articleSection\":[\"Pol\u00edtica\"],\"inLanguage\":\"pt-BR\"},{\"@type\":\"WebPage\",\"@id\":\"https:\/\/www.suno.com.br\/noticias\/arthur-lira-extingue-comissao-e-zera-o-jogo-da-reforma-tributaria\/\",\"url\":\"https:\/\/www.suno.com.br\/noticias\/arthur-lira-extingue-comissao-e-zera-o-jogo-da-reforma-tributaria\/\",\"name\":\"Arthur Lira extingue comiss\u00e3o e 'zera o jogo' da reforma tribut\u00e1ria\",\"isPartOf\":{\"@id\":\"https:\/\/www.suno.com.br\/noticias\/#website\"},\"primaryImageOfPage\":{\"@id\":\"https:\/\/www.suno.com.br\/noticias\/arthur-lira-extingue-comissao-e-zera-o-jogo-da-reforma-tributaria\/#primaryimage\"},\"image\":{\"@id\":\"https:\/\/www.suno.com.br\/noticias\/arthur-lira-extingue-comissao-e-zera-o-jogo-da-reforma-tributaria\/#primaryimage\"},\"thumbnailUrl\":\"https:\/\/files.sunoresearch.com.br\/n\/uploads\/2021\/03\/fa91f49a-arthur-lira-foto-luis-macedo-camara-dos-deputados-jpg.webp\",\"datePublished\":\"2021-05-04T23:11:40+00:00\",\"dateModified\":\"2021-05-04T23:15:29+00:00\",\"description\":\"O presidente da C\u00e2mara dos Deputados, Arthur Lira, declarou extinta a comiss\u00e3o mista que analisa proposta da reforma tribut\u00e1ria.\",\"breadcrumb\":{\"@id\":\"https:\/\/www.suno.com.br\/noticias\/arthur-lira-extingue-comissao-e-zera-o-jogo-da-reforma-tributaria\/#breadcrumb\"},\"inLanguage\":\"pt-BR\",\"potentialAction\":[{\"@type\":\"ReadAction\",\"target\":[\"https:\/\/www.suno.com.br\/noticias\/arthur-lira-extingue-comissao-e-zera-o-jogo-da-reforma-tributaria\/\"]}]},{\"@type\":\"ImageObject\",\"inLanguage\":\"pt-BR\",\"@id\":\"https:\/\/www.suno.com.br\/noticias\/arthur-lira-extingue-comissao-e-zera-o-jogo-da-reforma-tributaria\/#primaryimage\",\"url\":\"https:\/\/files.sunoresearch.com.br\/n\/uploads\/2021\/03\/fa91f49a-arthur-lira-foto-luis-macedo-camara-dos-deputados-jpg.webp\",\"contentUrl\":\"https:\/\/files.sunoresearch.com.br\/n\/uploads\/2021\/03\/fa91f49a-arthur-lira-foto-luis-macedo-camara-dos-deputados-jpg.webp\",\"width\":1200,\"height\":800,\"caption\":\"Arthur Lira (PP-AL). Foto: Luis Macedo C\u00e2mara dos Deputados\"},{\"@type\":\"BreadcrumbList\",\"@id\":\"https:\/\/www.suno.com.br\/noticias\/arthur-lira-extingue-comissao-e-zera-o-jogo-da-reforma-tributaria\/#breadcrumb\",\"itemListElement\":[{\"@type\":\"ListItem\",\"position\":1,\"name\":\"Not\u00edcias\",\"item\":\"https:\/\/www.suno.com.br\/noticias\/\"},{\"@type\":\"ListItem\",\"position\":2,\"name\":\"Pol\u00edtica\",\"item\":\"https:\/\/www.suno.com.br\/noticias\/politica\/\"},{\"@type\":\"ListItem\",\"position\":3,\"name\":\"Arthur Lira extingue comiss\u00e3o e &#8216;zera o jogo&#8217; da reforma tribut\u00e1ria\"}]},{\"@type\":\"WebSite\",\"@id\":\"https:\/\/www.suno.com.br\/noticias\/#website\",\"url\":\"https:\/\/www.suno.com.br\/noticias\/\",\"name\":\"Suno Not\u00edcias\",\"description\":\"Seu portal de informa\u00e7\u00e3o sobre o mundo dos investimentos\",\"publisher\":{\"@id\":\"https:\/\/www.suno.com.br\/noticias\/#organization\"},\"potentialAction\":[{\"@type\":\"SearchAction\",\"target\":{\"@type\":\"EntryPoint\",\"urlTemplate\":\"https:\/\/www.suno.com.br\/noticias\/?s={search_term_string}\"},\"query-input\":{\"@type\":\"PropertyValueSpecification\",\"valueRequired\":true,\"valueName\":\"search_term_string\"}}],\"inLanguage\":\"pt-BR\"},{\"@type\":\"Organization\",\"@id\":\"https:\/\/www.suno.com.br\/noticias\/#organization\",\"name\":\"Suno Not\u00edcias\",\"url\":\"https:\/\/www.suno.com.br\/noticias\/\",\"logo\":{\"@type\":\"ImageObject\",\"inLanguage\":\"pt-BR\",\"@id\":\"https:\/\/www.suno.com.br\/noticias\/#\/schema\/logo\/image\/\",\"url\":\"https:\/\/files.sunoresearch.com.br\/n\/uploads\/2021\/09\/suno-logo.png\",\"contentUrl\":\"https:\/\/files.sunoresearch.com.br\/n\/uploads\/2021\/09\/suno-logo.png\",\"width\":180,\"height\":180,\"caption\":\"Suno Not\u00edcias\"},\"image\":{\"@id\":\"https:\/\/www.suno.com.br\/noticias\/#\/schema\/logo\/image\/\"},\"sameAs\":[\"https:\/\/facebook.com\/sunoresearch\",\"https:\/\/x.com\/sunoresearch\",\"https:\/\/www.instagram.com\/suno\",\"https:\/\/www.linkedin.com\/company\/suno-research\/\",\"https:\/\/www.youtube.com\/c\/sunoresearch\"]},{\"@type\":\"Person\",\"@id\":\"https:\/\/www.suno.com.br\/noticias\/#\/schema\/person\/053a750a709a263919a20f976caae91c\",\"name\":\"Arthur Guimar\u00e3es\",\"image\":{\"@type\":\"ImageObject\",\"inLanguage\":\"pt-BR\",\"@id\":\"https:\/\/www.suno.com.br\/noticias\/#\/schema\/person\/image\/\",\"url\":\"https:\/\/secure.gravatar.com\/avatar\/1affd86a11209ae09eb6dd3bcad3e96c?s=96&r=g\",\"contentUrl\":\"https:\/\/secure.gravatar.com\/avatar\/1affd86a11209ae09eb6dd3bcad3e96c?s=96&r=g\",\"caption\":\"Arthur Guimar\u00e3es\"},\"description\":\"Arthur Guimar\u00e3es escreve sobre pol\u00edtica, economia e neg\u00f3cios para o portal de not\u00edcias da Suno Research. Atualmente, \u00e9 estudante de jornalismo pela Faculdade C\u00e1sper L\u00edbero.\",\"url\":\"https:\/\/www.suno.com.br\/noticias\/author\/arthur-guimaraes\/\"}]}<\/script>\n<!-- \/ Yoast SEO plugin. -->","yoast_head_json":{"title":"Arthur Lira extingue comiss\u00e3o e 'zera o jogo' da reforma tribut\u00e1ria","description":"O presidente da C\u00e2mara dos Deputados, Arthur Lira, declarou extinta a comiss\u00e3o mista que analisa proposta da reforma tribut\u00e1ria.","robots":{"index":"index","follow":"follow","max-snippet":"max-snippet:-1","max-image-preview":"max-image-preview:large","max-video-preview":"max-video-preview:-1"},"canonical":"https:\/\/www.suno.com.br\/noticias\/arthur-lira-extingue-comissao-e-zera-o-jogo-da-reforma-tributaria\/","og_locale":"pt_BR","og_type":"article","og_title":"Arthur Lira extingue comiss\u00e3o e 'zera o jogo' da reforma tribut\u00e1ria","og_description":"O presidente da C\u00e2mara dos Deputados, Arthur Lira, declarou extinta a comiss\u00e3o mista que analisa proposta da reforma tribut\u00e1ria.","og_url":"https:\/\/www.suno.com.br\/noticias\/arthur-lira-extingue-comissao-e-zera-o-jogo-da-reforma-tributaria\/","og_site_name":"Suno Not\u00edcias","article_publisher":"https:\/\/facebook.com\/sunoresearch","og_image":[{"width":1200,"height":800,"url":"https:\/\/files.sunoresearch.com.br\/n\/uploads\/2021\/03\/fa91f49a-arthur-lira-foto-luis-macedo-camara-dos-deputados.jpg","type":"image\/jpeg"}],"author":"Arthur Guimar\u00e3es","twitter_card":"summary_large_image","twitter_creator":"@sunoresearch","twitter_site":"@sunoresearch","twitter_misc":{"Escrito por":"Arthur Guimar\u00e3es","Est. tempo de leitura":"5 minutos"},"schema":{"@context":"https:\/\/schema.org","@graph":[{"@type":"NewsArticle","@id":"https:\/\/www.suno.com.br\/noticias\/arthur-lira-extingue-comissao-e-zera-o-jogo-da-reforma-tributaria\/#article","isPartOf":{"@id":"https:\/\/www.suno.com.br\/noticias\/arthur-lira-extingue-comissao-e-zera-o-jogo-da-reforma-tributaria\/"},"author":{"name":"Arthur Guimar\u00e3es","@id":"https:\/\/www.suno.com.br\/noticias\/#\/schema\/person\/053a750a709a263919a20f976caae91c"},"headline":"Arthur Lira extingue comiss\u00e3o e &#8216;zera o jogo&#8217; da reforma tribut\u00e1ria","datePublished":"2021-05-04T23:11:40+00:00","dateModified":"2021-05-04T23:15:29+00:00","mainEntityOfPage":{"@id":"https:\/\/www.suno.com.br\/noticias\/arthur-lira-extingue-comissao-e-zera-o-jogo-da-reforma-tributaria\/"},"wordCount":954,"publisher":{"@id":"https:\/\/www.suno.com.br\/noticias\/#organization"},"image":{"@id":"https:\/\/www.suno.com.br\/noticias\/arthur-lira-extingue-comissao-e-zera-o-jogo-da-reforma-tributaria\/#primaryimage"},"thumbnailUrl":"https:\/\/files.sunoresearch.com.br\/n\/uploads\/2021\/03\/fa91f49a-arthur-lira-foto-luis-macedo-camara-dos-deputados-jpg.webp","keywords":["Arthur Lira","C\u00e2mara dos Deputados","reforma tribut\u00e1ria"],"articleSection":["Pol\u00edtica"],"inLanguage":"pt-BR"},{"@type":"WebPage","@id":"https:\/\/www.suno.com.br\/noticias\/arthur-lira-extingue-comissao-e-zera-o-jogo-da-reforma-tributaria\/","url":"https:\/\/www.suno.com.br\/noticias\/arthur-lira-extingue-comissao-e-zera-o-jogo-da-reforma-tributaria\/","name":"Arthur Lira extingue comiss\u00e3o e 'zera o jogo' da reforma tribut\u00e1ria","isPartOf":{"@id":"https:\/\/www.suno.com.br\/noticias\/#website"},"primaryImageOfPage":{"@id":"https:\/\/www.suno.com.br\/noticias\/arthur-lira-extingue-comissao-e-zera-o-jogo-da-reforma-tributaria\/#primaryimage"},"image":{"@id":"https:\/\/www.suno.com.br\/noticias\/arthur-lira-extingue-comissao-e-zera-o-jogo-da-reforma-tributaria\/#primaryimage"},"thumbnailUrl":"https:\/\/files.sunoresearch.com.br\/n\/uploads\/2021\/03\/fa91f49a-arthur-lira-foto-luis-macedo-camara-dos-deputados-jpg.webp","datePublished":"2021-05-04T23:11:40+00:00","dateModified":"2021-05-04T23:15:29+00:00","description":"O presidente da C\u00e2mara dos Deputados, Arthur Lira, declarou extinta a comiss\u00e3o mista que analisa proposta da reforma tribut\u00e1ria.","breadcrumb":{"@id":"https:\/\/www.suno.com.br\/noticias\/arthur-lira-extingue-comissao-e-zera-o-jogo-da-reforma-tributaria\/#breadcrumb"},"inLanguage":"pt-BR","potentialAction":[{"@type":"ReadAction","target":["https:\/\/www.suno.com.br\/noticias\/arthur-lira-extingue-comissao-e-zera-o-jogo-da-reforma-tributaria\/"]}]},{"@type":"ImageObject","inLanguage":"pt-BR","@id":"https:\/\/www.suno.com.br\/noticias\/arthur-lira-extingue-comissao-e-zera-o-jogo-da-reforma-tributaria\/#primaryimage","url":"https:\/\/files.sunoresearch.com.br\/n\/uploads\/2021\/03\/fa91f49a-arthur-lira-foto-luis-macedo-camara-dos-deputados-jpg.webp","contentUrl":"https:\/\/files.sunoresearch.com.br\/n\/uploads\/2021\/03\/fa91f49a-arthur-lira-foto-luis-macedo-camara-dos-deputados-jpg.webp","width":1200,"height":800,"caption":"Arthur Lira (PP-AL). Foto: Luis Macedo C\u00e2mara dos Deputados"},{"@type":"BreadcrumbList","@id":"https:\/\/www.suno.com.br\/noticias\/arthur-lira-extingue-comissao-e-zera-o-jogo-da-reforma-tributaria\/#breadcrumb","itemListElement":[{"@type":"ListItem","position":1,"name":"Not\u00edcias","item":"https:\/\/www.suno.com.br\/noticias\/"},{"@type":"ListItem","position":2,"name":"Pol\u00edtica","item":"https:\/\/www.suno.com.br\/noticias\/politica\/"},{"@type":"ListItem","position":3,"name":"Arthur Lira extingue comiss\u00e3o e &#8216;zera o jogo&#8217; da reforma tribut\u00e1ria"}]},{"@type":"WebSite","@id":"https:\/\/www.suno.com.br\/noticias\/#website","url":"https:\/\/www.suno.com.br\/noticias\/","name":"Suno Not\u00edcias","description":"Seu portal de informa\u00e7\u00e3o sobre o mundo dos investimentos","publisher":{"@id":"https:\/\/www.suno.com.br\/noticias\/#organization"},"potentialAction":[{"@type":"SearchAction","target":{"@type":"EntryPoint","urlTemplate":"https:\/\/www.suno.com.br\/noticias\/?s={search_term_string}"},"query-input":{"@type":"PropertyValueSpecification","valueRequired":true,"valueName":"search_term_string"}}],"inLanguage":"pt-BR"},{"@type":"Organization","@id":"https:\/\/www.suno.com.br\/noticias\/#organization","name":"Suno Not\u00edcias","url":"https:\/\/www.suno.com.br\/noticias\/","logo":{"@type":"ImageObject","inLanguage":"pt-BR","@id":"https:\/\/www.suno.com.br\/noticias\/#\/schema\/logo\/image\/","url":"https:\/\/files.sunoresearch.com.br\/n\/uploads\/2021\/09\/suno-logo.png","contentUrl":"https:\/\/files.sunoresearch.com.br\/n\/uploads\/2021\/09\/suno-logo.png","width":180,"height":180,"caption":"Suno Not\u00edcias"},"image":{"@id":"https:\/\/www.suno.com.br\/noticias\/#\/schema\/logo\/image\/"},"sameAs":["https:\/\/facebook.com\/sunoresearch","https:\/\/x.com\/sunoresearch","https:\/\/www.instagram.com\/suno","https:\/\/www.linkedin.com\/company\/suno-research\/","https:\/\/www.youtube.com\/c\/sunoresearch"]},{"@type":"Person","@id":"https:\/\/www.suno.com.br\/noticias\/#\/schema\/person\/053a750a709a263919a20f976caae91c","name":"Arthur Guimar\u00e3es","image":{"@type":"ImageObject","inLanguage":"pt-BR","@id":"https:\/\/www.suno.com.br\/noticias\/#\/schema\/person\/image\/","url":"https:\/\/secure.gravatar.com\/avatar\/1affd86a11209ae09eb6dd3bcad3e96c?s=96&r=g","contentUrl":"https:\/\/secure.gravatar.com\/avatar\/1affd86a11209ae09eb6dd3bcad3e96c?s=96&r=g","caption":"Arthur Guimar\u00e3es"},"description":"Arthur Guimar\u00e3es escreve sobre pol\u00edtica, economia e neg\u00f3cios para o portal de not\u00edcias da Suno Research. Atualmente, \u00e9 estudante de jornalismo pela Faculdade C\u00e1sper L\u00edbero.","url":"https:\/\/www.suno.com.br\/noticias\/author\/arthur-guimaraes\/"}]}},"default_loop_html":"<div class=\"cardsPage__listCard__boxs\"><div class=\"cardsPage__listCard__boxs__img\"><a href=\"https:\/\/www.suno.com.br\/noticias\/arthur-lira-extingue-comissao-e-zera-o-jogo-da-reforma-tributaria\/\"><img class=\"mask\" src=\"https:\/\/www.suno.com.br\/noticias\/wp-content\/themes\/suno\/resources\/images\/spotlight\/spotlight1img\/bg-mask.png\" alt=\"Image Mask\"\/><img src=\"https:\/\/files.sunoresearch.com.br\/n\/uploads\/2021\/03\/fa91f49a-arthur-lira-foto-luis-macedo-camara-dos-deputados-400x200.webp\" alt=\"Arthur Lira extingue comiss\u00e3o e &#8216;zera o jogo&#8217; da reforma tribut\u00e1ria\"\/><\/a><span class=\"spotlightCategory\"><a href=\"https:\/\/www.suno.com.br\/noticias\/politica\/\">Pol\u00edtica<\/a><\/span><\/div><div class=\"cardsPage__listCard__boxs__content\"><a href=\"https:\/\/www.suno.com.br\/noticias\/arthur-lira-extingue-comissao-e-zera-o-jogo-da-reforma-tributaria\/\"><h2 class=\"content__title\">Arthur Lira extingue comiss\u00e3o e &#8216;zera o jogo&#8217; da reforma tribut\u00e1ria<\/h2><\/a><div class=\"newsContent__article__meta\"><div class=\"newsContent__article__meta__authorBox\"><a href=\"https:\/\/www.suno.com.br\/noticias\/author\/arthur-guimaraes\/\" class=\"authorBox__avatar noMobi\"><img src=\"https:\/\/files.sunoresearch.com.br\/n\/uploads\/2020\/02\/dfb40897-eu-150x150.webp\" alt=\"Arthur Guimar\u00e3es\"><\/a><div class=\"authorBox__name\"><span>por\n\t\t\t<a href=\"https:\/\/www.suno.com.br\/noticias\/author\/arthur-guimaraes\/\"><span itemprop=\"author\">Arthur Guimar\u00e3es<\/span><\/a><\/span><time datetime=\"2021-05-04T20:11:40-03:00\" itemprop=\"datePublished\">04\/05\/2021 20:11<\/time><\/div><\/div><\/div><\/div><\/div>","single_layout":"posts","amp_enabled":true,"_links":{"self":[{"href":"https:\/\/www.suno.com.br\/noticias\/wp-json\/wp\/v2\/posts\/144788"}],"collection":[{"href":"https:\/\/www.suno.com.br\/noticias\/wp-json\/wp\/v2\/posts"}],"about":[{"href":"https:\/\/www.suno.com.br\/noticias\/wp-json\/wp\/v2\/types\/post"}],"author":[{"embeddable":true,"href":"https:\/\/www.suno.com.br\/noticias\/wp-json\/wp\/v2\/users\/35"}],"replies":[{"embeddable":true,"href":"https:\/\/www.suno.com.br\/noticias\/wp-json\/wp\/v2\/comments?post=144788"}],"version-history":[{"count":3,"href":"https:\/\/www.suno.com.br\/noticias\/wp-json\/wp\/v2\/posts\/144788\/revisions"}],"predecessor-version":[{"id":144801,"href":"https:\/\/www.suno.com.br\/noticias\/wp-json\/wp\/v2\/posts\/144788\/revisions\/144801"}],"wp:featuredmedia":[{"embeddable":true,"href":"https:\/\/www.suno.com.br\/noticias\/wp-json\/wp\/v2\/media\/130156"}],"wp:attachment":[{"href":"https:\/\/www.suno.com.br\/noticias\/wp-json\/wp\/v2\/media?parent=144788"}],"wp:term":[{"taxonomy":"category","embeddable":true,"href":"https:\/\/www.suno.com.br\/noticias\/wp-json\/wp\/v2\/categories?post=144788"},{"taxonomy":"post_tag","embeddable":true,"href":"https:\/\/www.suno.com.br\/noticias\/wp-json\/wp\/v2\/tags?post=144788"},{"taxonomy":"suno_strategy","embeddable":true,"href":"https:\/\/www.suno.com.br\/noticias\/wp-json\/wp\/v2\/suno_strategy?post=144788"}],"curies":[{"name":"wp","href":"https:\/\/api.w.org\/{rel}","templated":true}]}}