{"id":144783,"date":"2021-05-04T19:47:45","date_gmt":"2021-05-04T22:47:45","guid":{"rendered":"https:\/\/www.suno.com.br\/noticias\/?p=144783"},"modified":"2021-05-31T00:58:17","modified_gmt":"2021-05-31T03:58:17","slug":"minerva-beef3-balanco-1t21","status":"publish","type":"post","link":"https:\/\/www.suno.com.br\/noticias\/minerva-beef3-balanco-1t21\/","title":{"rendered":"Minerva (BEEF3) tem lucro de R$ 259,5 milh\u00f5es no 1T21, queda de 4,3%"},"content":{"rendered":"<p>A <a href=\"https:\/\/www.suno.com.br\/acoes\/beef3\/\"><strong>Minerva<\/strong> Foods (BEEF3)<\/a> divulgou na noite desta ter\u00e7a-feira (04) seu resultado do primeiro trimestre de 2020. A gigante das carnes teve lucro l\u00edquido de R$ 259,5 milh\u00f5es no per\u00edodo, queda de 4,3% na compara\u00e7\u00e3o ano a ano.<\/p>\t<div class=\"wrapper-featured-image\">\n\t\t<figure class=\"spotlightImg\">\n\n\t\t\t<picture>\n\t\t\t\t<source media=\"(max-width: 768px)\" srcset=\"https:\/\/files.sunoresearch.com.br\/n\/uploads\/2021\/02\/331650bf-whatsapp-image-2021-02-25-at-20.31.54-400x200.webp\">\n\t\t\t\t<img loading=\"lazy\" decoding=\"async\" class=\"newsContent__article__imgCapa lazyloadDisabled \" src=\"https:\/\/files.sunoresearch.com.br\/n\/uploads\/2021\/02\/331650bf-whatsapp-image-2021-02-25-at-20.31.54-800x450.webp\" width=\"800\" height=\"450\" alt=\"Minerva (BEEF3) tem lucro de R$ 259,5 milh\u00f5es no 1T21, queda de 4,3%\" fetchpriority=high \/>\n\t\t\t<\/picture>\n\n\t\t\t<figcaption class=\"wp-caption-text wp-caption-text--show\">Minerva (BEEF3): Foto: Divulga\u00e7\u00e3o. <\/figcaption>\n\t\t<\/figure>\n\t<\/div>\n\n\n\t<p>\n\t\t<a href=\"https:\/\/lp.suno.com.br\/planilha-controle-gastos\/\" target=\"_blank\" data-element=\"shortcode-suno-banner\" title=\"Banner SUNO, clique e saiba mais\">\n\t\t\t<picture>\n\t\t\t\t<source media=\"(max-width: 500px)\" srcset=\"https:\/\/files.sunoresearch.com.br\/n\/uploads\/2023\/03\/400x300-Planilha-controle-de-gastos.png\">\n\t\t\t\t<img class=\"newsContent__article__imgCapa newsContent__article__imgCapa--banner\"\n\t\t\t\t\tsrc=\"https:\/\/files.sunoresearch.com.br\/n\/uploads\/2023\/03\/1420x240-Planilha-controle-de-gastos.png\"\n\t\t\t\t\tdata-promo-id=\"101751\"\t\t\t\t\t\t\t\t\t\twidth='1420' height='240'\t\t\t\t\talt=\"https:\/\/files.sunoresearch.com.br\/n\/uploads\/2023\/03\/1420x240-Planilha-controle-de-gastos.png\"\n\t\t\t\t>\n\t\t\t<\/picture>\n\t\t<\/a>\n\t<\/p>\n\n\n<p>O resultado, segunda a Minerva, foi &#8220;reflexo de nossa disciplina financeira e modelo de gest\u00e3o de riscos, pilares fundamentais da nossa estrat\u00e9gia&#8221;.<\/p>\n<p>Por outro lado, a<a href=\"https:\/\/www.suno.com.br\/artigos\/o-que-receita-liquida\/\"> receita l\u00edquida<\/a> da gigante das carnes no per\u00edodo entre janeiro e mar\u00e7o desse ano cresceu 39,3% na compara\u00e7\u00e3o anualizada, e passou de R$ 4,167 bilh\u00f5es, para R$ 5,803 bilh\u00f5es.<\/p>\n<p><a href=\"https:\/\/lp.suno.com.br\/suno-one\/\">Suno One: acesse gratuitamente eBooks, Minicursos, Artigos e V\u00eddeo Aulas sobre investimentos com um \u00fanico cadastro. Clique para saber mais!<\/a><\/p>\n<p>Ao mesmo tempo, o <a href=\"https:\/\/www.suno.com.br\/artigos\/ebitda\/\"><strong>Ebitda<\/strong> (lucro antes de juros, impostos, deprecia\u00e7\u00e3o e amortiza\u00e7\u00e3o<\/a>) consolidado da companhia alcan\u00e7ou R$ 484,9 milh\u00f5es, avan\u00e7ando 27,1% quando comparado com o primeiro trimestre do ano passado.<\/p>\n<p>Por sua vez, a <a href=\"https:\/\/www.suno.com.br\/artigos\/margem-ebitda\/#:~:text=Margem%20EBITDA%3A%20o%20indicador%20de%20lucratividade%20operacional%20de%20uma%20empresa,-por%20Tiago%20Reis&amp;text=Como%20o%20pr%C3%B3prio%20nome%20sugere,a%20amortiza%C3%A7%C3%A3o%20do%20per%C3%ADodo%20corrente.\">margem Ebitda<\/a> ficou em 8,4% nos tr\u00eas primeiros meses desse ano, o que equivale a uma queda de 0,8 ponto percentual ante a margem de 9,2% reportada no primeiro trimestre de 2020.<\/p>\n\n\t<div data-element=\"shortcode-read-more\" class=\"readToo\">\n\t\t\t\t<span class=\"readToo__title\">Saiba mais <\/span>\n\t\t\t\t<ul class=\"readToo__list\">\n\t\t\t<li><a href=\"https:\/\/www.suno.com.br\/noticias\/minerva-beef3-zerar-emissoes-liquidas\/\">Minerva (BEEF3) quer zerar emiss\u00f5es l\u00edquidas at\u00e9 2035<\/a><\/li><li><a href=\"https:\/\/www.suno.com.br\/noticias\/minerva-beef3-marfrig-mrfg3-frigorificos-suspendem-abates\/\">Minerva (BEEF3) e Marfrig (MRFG3): Frigor\u00edficos suspendem abates e processamento de carne<\/a><\/li>\t\t<\/ul>\n\t<\/div>\n\n\n<p>Al\u00e9m disso, o documento mostra que nos tr\u00eas primeiros meses do ano, o resultado financeiro l\u00edquido da gigante das carnes foi negativo em R$ 121 milh\u00f5es. &#8220;A forte desvaloriza\u00e7\u00e3o do Real frente ao <a href=\"https:\/\/www.suno.com.br\/artigos\/dolar\/\">D\u00f3lar norte-americano<\/a> apresentou impacto negativo n\u00e3o-caixa de R$ 203,0milh\u00f5esnos passivos financeiros. Entretanto, como fruto de nossa pol\u00edtica de hedge, obtivemos um resultado positivo de R$ 444,2 milh\u00f5es no 1T21, nos instrumentos financeiros de prote\u00e7\u00e3o cambial, fundamentais na prote\u00e7\u00e3o do nosso balan\u00e7o nesse cen\u00e1rio de elevada volatilidade&#8221;, destaca a empresa.<\/p>\n<p>No primeiro trimestre desse ano, o volume consolidado de abate da Minerva totalizou 862,0 mil cabe\u00e7as, uma taxa de utiliza\u00e7\u00e3o da capacidade de 68,8%. &#8220;Vale destacar o incremento na capacidade total instalada, em compara\u00e7\u00e3o com 1T20, explicado pela aquisi\u00e7\u00e3o da planta de Vijagual na Col\u00f4mbia, que pela primeira vez operou todo um trimestre sob administra\u00e7\u00e3o da Athena Foods&#8221;, aponta o balan\u00e7o.<\/p>\n\t<p>\n\t\t<a href=\"https:\/\/lp.suno.com.br\/planilha-da-vida-financeira\/\" target=\"_blank\" data-element=\"shortcode-suno-banner\" title=\"Banner SUNO, clique e saiba mais\">\n\t\t\t<picture>\n\t\t\t\t<source media=\"(max-width: 500px)\" srcset=\"https:\/\/files.sunoresearch.com.br\/n\/uploads\/2023\/04\/400x300-Planilha-vida-financeira-true.png\">\n\t\t\t\t<img class=\"newsContent__article__imgCapa newsContent__article__imgCapa--banner\"\n\t\t\t\t\tsrc=\"https:\/\/files.sunoresearch.com.br\/n\/uploads\/2023\/04\/1420x240-Planilha-vida-financeira-true.png\"\n\t\t\t\t\tdata-promo-id=\"106682\"\t\t\t\t\t\t\t\t\t\twidth='1420' height='240'\t\t\t\t\talt=\"https:\/\/files.sunoresearch.com.br\/n\/uploads\/2023\/04\/1420x240-Planilha-vida-financeira-true.png\"\n\t\t\t\t>\n\t\t\t<\/picture>\n\t\t<\/a>\n\t<\/p>\n\n\n<p>J\u00e1 a divis\u00e3o Brasil abateu 309,8 mil cabe\u00e7as de gado, uma taxa de utiliza\u00e7\u00e3o da capacidade de 63%, enquanto o volume de abate na Athena Foods totalizou 552,2 mil cabe\u00e7as de gado no mesmo per\u00edodo, perfazendo uma taxa de utiliza\u00e7\u00e3o de 72,5%.<\/p>\n<h2>\u00daltima cota\u00e7\u00e3o da Minerva<\/h2>\n<p>A a\u00e7\u00e3o da <strong>Minerva<\/strong> (<strong>BEEF3<\/strong>) encerrou a sess\u00e3o de hoje, em alta de 1,11%, aos R$ 10,06, antes da divulga\u00e7\u00e3o dos resultados.<\/p>\n\t<p>\n\t\t<a href=\"https:\/\/lp.suno.com.br\/planilha-de-controle-de-investimentos\/\" target=\"_blank\" data-element=\"shortcode-suno-banner\" title=\"Banner SUNO, clique e saiba mais\">\n\t\t\t<picture>\n\t\t\t\t<source media=\"(max-width: 500px)\" srcset=\"https:\/\/files.sunoresearch.com.br\/n\/uploads\/2023\/03\/400x300-Controle-de-Investimentos.png\">\n\t\t\t\t<img class=\"newsContent__article__imgCapa newsContent__article__imgCapa--banner\"\n\t\t\t\t\tsrc=\"https:\/\/files.sunoresearch.com.br\/n\/uploads\/2023\/03\/1420x240-Controle-de-Investimentos.png\"\n\t\t\t\t\tdata-promo-id=\"75934\"\t\t\t\t\t\t\t\t\t\twidth='1420' height='240'\t\t\t\t\talt=\"https:\/\/files.sunoresearch.com.br\/n\/uploads\/2023\/03\/1420x240-Controle-de-Investimentos.png\"\n\t\t\t\t>\n\t\t\t<\/picture>\n\t\t<\/a>\n\t<\/p>\n\n\n","protected":false},"excerpt":{"rendered":"<p>A Minerva Foods (BEEF3) divulgou na noite desta ter\u00e7a-feira (04) seu resultado do primeiro trimestre de 2020. A gigante das carnes teve lucro l\u00edquido de R$ 259,5 milh\u00f5es no per\u00edodo, queda de 4,3% na compara\u00e7\u00e3o ano a ano. Minerva volta a negar fechamento de capital. Foto: Divulga\u00e7\u00e3o O resultado, segunda a Minerva, foi &#8220;reflexo de [&hellip;]<\/p>\n","protected":false},"author":39,"featured_media":126871,"comment_status":"closed","ping_status":"closed","sticky":false,"template":"","format":"standard","meta":[],"categories":[64],"tags":[1029,563],"suno_strategy":[],"class_list":["post-144783","post","type-post","status-publish","format-standard","has-post-thumbnail","hentry","category-negocios","tag-balancos-trimestrais","tag-minerva-beef11-beef3"],"yoast_head":"<!-- This site is optimized with the Yoast SEO plugin v24.4 - https:\/\/yoast.com\/wordpress\/plugins\/seo\/ -->\n<title>Minerva (BEEF3) tem lucro de R$ 259,5 milh\u00f5es no 1T21, queda de 4,3%<\/title>\n<meta name=\"description\" content=\"A Minerva Foods (BEEF3) divulgou na noite desta ter\u00e7a-feira (04) seu resultado do primeiro trimestre de 2020. Clique aqui e saiba mais!\" \/>\n<meta name=\"robots\" content=\"index, follow, max-snippet:-1, max-image-preview:large, max-video-preview:-1\" \/>\n<link rel=\"canonical\" href=\"https:\/\/www.suno.com.br\/noticias\/minerva-beef3-balanco-1t21\/\" \/>\n<meta property=\"og:locale\" content=\"pt_BR\" \/>\n<meta property=\"og:type\" content=\"article\" \/>\n<meta property=\"og:title\" content=\"Minerva (BEEF3) tem lucro de R$ 259,5 milh\u00f5es no 1T21, queda de 4,3%\" \/>\n<meta property=\"og:description\" content=\"A Minerva Foods (BEEF3) divulgou na noite desta ter\u00e7a-feira (04) seu resultado do primeiro trimestre de 2020. Clique aqui e saiba mais!\" \/>\n<meta property=\"og:url\" content=\"https:\/\/www.suno.com.br\/noticias\/minerva-beef3-balanco-1t21\/\" \/>\n<meta property=\"og:site_name\" content=\"Suno Not\u00edcias\" \/>\n<meta property=\"article:publisher\" content=\"https:\/\/facebook.com\/sunoresearch\" \/>\n<meta property=\"og:image\" content=\"https:\/\/files.sunoresearch.com.br\/n\/uploads\/2021\/02\/331650bf-whatsapp-image-2021-02-25-at-20.31.54.jpeg\" \/>\n\t<meta property=\"og:image:width\" content=\"900\" \/>\n\t<meta property=\"og:image:height\" content=\"600\" \/>\n\t<meta property=\"og:image:type\" content=\"image\/jpeg\" \/>\n<meta name=\"author\" content=\"Laura Moutinho\" \/>\n<meta name=\"twitter:card\" content=\"summary_large_image\" \/>\n<meta name=\"twitter:creator\" content=\"@sunoresearch\" \/>\n<meta name=\"twitter:site\" content=\"@sunoresearch\" \/>\n<meta name=\"twitter:label1\" content=\"Escrito por\" \/>\n\t<meta name=\"twitter:data1\" content=\"Laura Moutinho\" \/>\n\t<meta name=\"twitter:label2\" content=\"Est. tempo de leitura\" \/>\n\t<meta name=\"twitter:data2\" content=\"2 minutos\" \/>\n<script type=\"application\/ld+json\" class=\"yoast-schema-graph\">{\"@context\":\"https:\/\/schema.org\",\"@graph\":[{\"@type\":\"NewsArticle\",\"@id\":\"https:\/\/www.suno.com.br\/noticias\/minerva-beef3-balanco-1t21\/#article\",\"isPartOf\":{\"@id\":\"https:\/\/www.suno.com.br\/noticias\/minerva-beef3-balanco-1t21\/\"},\"author\":{\"name\":\"Laura Moutinho\",\"@id\":\"https:\/\/www.suno.com.br\/noticias\/#\/schema\/person\/3df0d2808748b74496efe5dbeaef2c72\"},\"headline\":\"Minerva (BEEF3) tem lucro de R$ 259,5 milh\u00f5es no 1T21, queda de 4,3%\",\"datePublished\":\"2021-05-04T22:47:45+00:00\",\"dateModified\":\"2021-05-31T03:58:17+00:00\",\"mainEntityOfPage\":{\"@id\":\"https:\/\/www.suno.com.br\/noticias\/minerva-beef3-balanco-1t21\/\"},\"wordCount\":447,\"publisher\":{\"@id\":\"https:\/\/www.suno.com.br\/noticias\/#organization\"},\"image\":{\"@id\":\"https:\/\/www.suno.com.br\/noticias\/minerva-beef3-balanco-1t21\/#primaryimage\"},\"thumbnailUrl\":\"https:\/\/files.sunoresearch.com.br\/n\/uploads\/2021\/02\/331650bf-whatsapp-image-2021-02-25-at-20.31.54-jpeg.webp\",\"keywords\":[\"balan\u00e7os trimestrais\",\"Minerva (BEEF11\/BEEF3)\"],\"articleSection\":[\"Neg\u00f3cios\"],\"inLanguage\":\"pt-BR\"},{\"@type\":\"WebPage\",\"@id\":\"https:\/\/www.suno.com.br\/noticias\/minerva-beef3-balanco-1t21\/\",\"url\":\"https:\/\/www.suno.com.br\/noticias\/minerva-beef3-balanco-1t21\/\",\"name\":\"Minerva (BEEF3) tem lucro de R$ 259,5 milh\u00f5es no 1T21, queda de 4,3%\",\"isPartOf\":{\"@id\":\"https:\/\/www.suno.com.br\/noticias\/#website\"},\"primaryImageOfPage\":{\"@id\":\"https:\/\/www.suno.com.br\/noticias\/minerva-beef3-balanco-1t21\/#primaryimage\"},\"image\":{\"@id\":\"https:\/\/www.suno.com.br\/noticias\/minerva-beef3-balanco-1t21\/#primaryimage\"},\"thumbnailUrl\":\"https:\/\/files.sunoresearch.com.br\/n\/uploads\/2021\/02\/331650bf-whatsapp-image-2021-02-25-at-20.31.54-jpeg.webp\",\"datePublished\":\"2021-05-04T22:47:45+00:00\",\"dateModified\":\"2021-05-31T03:58:17+00:00\",\"description\":\"A Minerva Foods (BEEF3) divulgou na noite desta ter\u00e7a-feira (04) seu resultado do primeiro trimestre de 2020. Clique aqui e saiba mais!\",\"breadcrumb\":{\"@id\":\"https:\/\/www.suno.com.br\/noticias\/minerva-beef3-balanco-1t21\/#breadcrumb\"},\"inLanguage\":\"pt-BR\",\"potentialAction\":[{\"@type\":\"ReadAction\",\"target\":[\"https:\/\/www.suno.com.br\/noticias\/minerva-beef3-balanco-1t21\/\"]}]},{\"@type\":\"ImageObject\",\"inLanguage\":\"pt-BR\",\"@id\":\"https:\/\/www.suno.com.br\/noticias\/minerva-beef3-balanco-1t21\/#primaryimage\",\"url\":\"https:\/\/files.sunoresearch.com.br\/n\/uploads\/2021\/02\/331650bf-whatsapp-image-2021-02-25-at-20.31.54-jpeg.webp\",\"contentUrl\":\"https:\/\/files.sunoresearch.com.br\/n\/uploads\/2021\/02\/331650bf-whatsapp-image-2021-02-25-at-20.31.54-jpeg.webp\",\"width\":900,\"height\":600,\"caption\":\"Minerva (BEEF3): Foto: Divulga\u00e7\u00e3o.\"},{\"@type\":\"BreadcrumbList\",\"@id\":\"https:\/\/www.suno.com.br\/noticias\/minerva-beef3-balanco-1t21\/#breadcrumb\",\"itemListElement\":[{\"@type\":\"ListItem\",\"position\":1,\"name\":\"Not\u00edcias\",\"item\":\"https:\/\/www.suno.com.br\/noticias\/\"},{\"@type\":\"ListItem\",\"position\":2,\"name\":\"Neg\u00f3cios\",\"item\":\"https:\/\/www.suno.com.br\/noticias\/negocios\/\"},{\"@type\":\"ListItem\",\"position\":3,\"name\":\"Minerva (BEEF3) tem lucro de R$ 259,5 milh\u00f5es no 1T21, queda de 4,3%\"}]},{\"@type\":\"WebSite\",\"@id\":\"https:\/\/www.suno.com.br\/noticias\/#website\",\"url\":\"https:\/\/www.suno.com.br\/noticias\/\",\"name\":\"Suno Not\u00edcias\",\"description\":\"Seu portal de informa\u00e7\u00e3o sobre o mundo dos investimentos\",\"publisher\":{\"@id\":\"https:\/\/www.suno.com.br\/noticias\/#organization\"},\"potentialAction\":[{\"@type\":\"SearchAction\",\"target\":{\"@type\":\"EntryPoint\",\"urlTemplate\":\"https:\/\/www.suno.com.br\/noticias\/?s={search_term_string}\"},\"query-input\":{\"@type\":\"PropertyValueSpecification\",\"valueRequired\":true,\"valueName\":\"search_term_string\"}}],\"inLanguage\":\"pt-BR\"},{\"@type\":\"Organization\",\"@id\":\"https:\/\/www.suno.com.br\/noticias\/#organization\",\"name\":\"Suno Not\u00edcias\",\"url\":\"https:\/\/www.suno.com.br\/noticias\/\",\"logo\":{\"@type\":\"ImageObject\",\"inLanguage\":\"pt-BR\",\"@id\":\"https:\/\/www.suno.com.br\/noticias\/#\/schema\/logo\/image\/\",\"url\":\"https:\/\/files.sunoresearch.com.br\/n\/uploads\/2021\/09\/suno-logo.png\",\"contentUrl\":\"https:\/\/files.sunoresearch.com.br\/n\/uploads\/2021\/09\/suno-logo.png\",\"width\":180,\"height\":180,\"caption\":\"Suno Not\u00edcias\"},\"image\":{\"@id\":\"https:\/\/www.suno.com.br\/noticias\/#\/schema\/logo\/image\/\"},\"sameAs\":[\"https:\/\/facebook.com\/sunoresearch\",\"https:\/\/x.com\/sunoresearch\",\"https:\/\/www.instagram.com\/suno\",\"https:\/\/www.linkedin.com\/company\/suno-research\/\",\"https:\/\/www.youtube.com\/c\/sunoresearch\"]},{\"@type\":\"Person\",\"@id\":\"https:\/\/www.suno.com.br\/noticias\/#\/schema\/person\/3df0d2808748b74496efe5dbeaef2c72\",\"name\":\"Laura Moutinho\",\"image\":{\"@type\":\"ImageObject\",\"inLanguage\":\"pt-BR\",\"@id\":\"https:\/\/www.suno.com.br\/noticias\/#\/schema\/person\/image\/\",\"url\":\"https:\/\/secure.gravatar.com\/avatar\/7571c7c8ca3a6fca5e41384ece5557ff?s=96&r=g\",\"contentUrl\":\"https:\/\/secure.gravatar.com\/avatar\/7571c7c8ca3a6fca5e41384ece5557ff?s=96&r=g\",\"caption\":\"Laura Moutinho\"},\"description\":\"Estagi\u00e1ria na Suno Not\u00edcias, escreve not\u00edcias que afetam o mercado financeiro. Estuda administra\u00e7\u00e3o na Universidade Presbiteriana Mackenzie.\",\"url\":\"https:\/\/www.suno.com.br\/noticias\/author\/laura-moutinho\/\"}]}<\/script>\n<!-- \/ Yoast SEO plugin. -->","yoast_head_json":{"title":"Minerva (BEEF3) tem lucro de R$ 259,5 milh\u00f5es no 1T21, queda de 4,3%","description":"A Minerva Foods (BEEF3) divulgou na noite desta ter\u00e7a-feira (04) seu resultado do primeiro trimestre de 2020. Clique aqui e saiba mais!","robots":{"index":"index","follow":"follow","max-snippet":"max-snippet:-1","max-image-preview":"max-image-preview:large","max-video-preview":"max-video-preview:-1"},"canonical":"https:\/\/www.suno.com.br\/noticias\/minerva-beef3-balanco-1t21\/","og_locale":"pt_BR","og_type":"article","og_title":"Minerva (BEEF3) tem lucro de R$ 259,5 milh\u00f5es no 1T21, queda de 4,3%","og_description":"A Minerva Foods (BEEF3) divulgou na noite desta ter\u00e7a-feira (04) seu resultado do primeiro trimestre de 2020. Clique aqui e saiba mais!","og_url":"https:\/\/www.suno.com.br\/noticias\/minerva-beef3-balanco-1t21\/","og_site_name":"Suno Not\u00edcias","article_publisher":"https:\/\/facebook.com\/sunoresearch","og_image":[{"width":900,"height":600,"url":"https:\/\/files.sunoresearch.com.br\/n\/uploads\/2021\/02\/331650bf-whatsapp-image-2021-02-25-at-20.31.54.jpeg","type":"image\/jpeg"}],"author":"Laura Moutinho","twitter_card":"summary_large_image","twitter_creator":"@sunoresearch","twitter_site":"@sunoresearch","twitter_misc":{"Escrito por":"Laura Moutinho","Est. tempo de leitura":"2 minutos"},"schema":{"@context":"https:\/\/schema.org","@graph":[{"@type":"NewsArticle","@id":"https:\/\/www.suno.com.br\/noticias\/minerva-beef3-balanco-1t21\/#article","isPartOf":{"@id":"https:\/\/www.suno.com.br\/noticias\/minerva-beef3-balanco-1t21\/"},"author":{"name":"Laura Moutinho","@id":"https:\/\/www.suno.com.br\/noticias\/#\/schema\/person\/3df0d2808748b74496efe5dbeaef2c72"},"headline":"Minerva (BEEF3) tem lucro de R$ 259,5 milh\u00f5es no 1T21, queda de 4,3%","datePublished":"2021-05-04T22:47:45+00:00","dateModified":"2021-05-31T03:58:17+00:00","mainEntityOfPage":{"@id":"https:\/\/www.suno.com.br\/noticias\/minerva-beef3-balanco-1t21\/"},"wordCount":447,"publisher":{"@id":"https:\/\/www.suno.com.br\/noticias\/#organization"},"image":{"@id":"https:\/\/www.suno.com.br\/noticias\/minerva-beef3-balanco-1t21\/#primaryimage"},"thumbnailUrl":"https:\/\/files.sunoresearch.com.br\/n\/uploads\/2021\/02\/331650bf-whatsapp-image-2021-02-25-at-20.31.54-jpeg.webp","keywords":["balan\u00e7os trimestrais","Minerva (BEEF11\/BEEF3)"],"articleSection":["Neg\u00f3cios"],"inLanguage":"pt-BR"},{"@type":"WebPage","@id":"https:\/\/www.suno.com.br\/noticias\/minerva-beef3-balanco-1t21\/","url":"https:\/\/www.suno.com.br\/noticias\/minerva-beef3-balanco-1t21\/","name":"Minerva (BEEF3) tem lucro de R$ 259,5 milh\u00f5es no 1T21, queda de 4,3%","isPartOf":{"@id":"https:\/\/www.suno.com.br\/noticias\/#website"},"primaryImageOfPage":{"@id":"https:\/\/www.suno.com.br\/noticias\/minerva-beef3-balanco-1t21\/#primaryimage"},"image":{"@id":"https:\/\/www.suno.com.br\/noticias\/minerva-beef3-balanco-1t21\/#primaryimage"},"thumbnailUrl":"https:\/\/files.sunoresearch.com.br\/n\/uploads\/2021\/02\/331650bf-whatsapp-image-2021-02-25-at-20.31.54-jpeg.webp","datePublished":"2021-05-04T22:47:45+00:00","dateModified":"2021-05-31T03:58:17+00:00","description":"A Minerva Foods (BEEF3) divulgou na noite desta ter\u00e7a-feira (04) seu resultado do primeiro trimestre de 2020. Clique aqui e saiba mais!","breadcrumb":{"@id":"https:\/\/www.suno.com.br\/noticias\/minerva-beef3-balanco-1t21\/#breadcrumb"},"inLanguage":"pt-BR","potentialAction":[{"@type":"ReadAction","target":["https:\/\/www.suno.com.br\/noticias\/minerva-beef3-balanco-1t21\/"]}]},{"@type":"ImageObject","inLanguage":"pt-BR","@id":"https:\/\/www.suno.com.br\/noticias\/minerva-beef3-balanco-1t21\/#primaryimage","url":"https:\/\/files.sunoresearch.com.br\/n\/uploads\/2021\/02\/331650bf-whatsapp-image-2021-02-25-at-20.31.54-jpeg.webp","contentUrl":"https:\/\/files.sunoresearch.com.br\/n\/uploads\/2021\/02\/331650bf-whatsapp-image-2021-02-25-at-20.31.54-jpeg.webp","width":900,"height":600,"caption":"Minerva (BEEF3): Foto: Divulga\u00e7\u00e3o."},{"@type":"BreadcrumbList","@id":"https:\/\/www.suno.com.br\/noticias\/minerva-beef3-balanco-1t21\/#breadcrumb","itemListElement":[{"@type":"ListItem","position":1,"name":"Not\u00edcias","item":"https:\/\/www.suno.com.br\/noticias\/"},{"@type":"ListItem","position":2,"name":"Neg\u00f3cios","item":"https:\/\/www.suno.com.br\/noticias\/negocios\/"},{"@type":"ListItem","position":3,"name":"Minerva (BEEF3) tem lucro de R$ 259,5 milh\u00f5es no 1T21, queda de 4,3%"}]},{"@type":"WebSite","@id":"https:\/\/www.suno.com.br\/noticias\/#website","url":"https:\/\/www.suno.com.br\/noticias\/","name":"Suno Not\u00edcias","description":"Seu portal de informa\u00e7\u00e3o sobre o mundo dos investimentos","publisher":{"@id":"https:\/\/www.suno.com.br\/noticias\/#organization"},"potentialAction":[{"@type":"SearchAction","target":{"@type":"EntryPoint","urlTemplate":"https:\/\/www.suno.com.br\/noticias\/?s={search_term_string}"},"query-input":{"@type":"PropertyValueSpecification","valueRequired":true,"valueName":"search_term_string"}}],"inLanguage":"pt-BR"},{"@type":"Organization","@id":"https:\/\/www.suno.com.br\/noticias\/#organization","name":"Suno Not\u00edcias","url":"https:\/\/www.suno.com.br\/noticias\/","logo":{"@type":"ImageObject","inLanguage":"pt-BR","@id":"https:\/\/www.suno.com.br\/noticias\/#\/schema\/logo\/image\/","url":"https:\/\/files.sunoresearch.com.br\/n\/uploads\/2021\/09\/suno-logo.png","contentUrl":"https:\/\/files.sunoresearch.com.br\/n\/uploads\/2021\/09\/suno-logo.png","width":180,"height":180,"caption":"Suno Not\u00edcias"},"image":{"@id":"https:\/\/www.suno.com.br\/noticias\/#\/schema\/logo\/image\/"},"sameAs":["https:\/\/facebook.com\/sunoresearch","https:\/\/x.com\/sunoresearch","https:\/\/www.instagram.com\/suno","https:\/\/www.linkedin.com\/company\/suno-research\/","https:\/\/www.youtube.com\/c\/sunoresearch"]},{"@type":"Person","@id":"https:\/\/www.suno.com.br\/noticias\/#\/schema\/person\/3df0d2808748b74496efe5dbeaef2c72","name":"Laura Moutinho","image":{"@type":"ImageObject","inLanguage":"pt-BR","@id":"https:\/\/www.suno.com.br\/noticias\/#\/schema\/person\/image\/","url":"https:\/\/secure.gravatar.com\/avatar\/7571c7c8ca3a6fca5e41384ece5557ff?s=96&r=g","contentUrl":"https:\/\/secure.gravatar.com\/avatar\/7571c7c8ca3a6fca5e41384ece5557ff?s=96&r=g","caption":"Laura Moutinho"},"description":"Estagi\u00e1ria na Suno Not\u00edcias, escreve not\u00edcias que afetam o mercado financeiro. Estuda administra\u00e7\u00e3o na Universidade Presbiteriana Mackenzie.","url":"https:\/\/www.suno.com.br\/noticias\/author\/laura-moutinho\/"}]}},"default_loop_html":"<div class=\"cardsPage__listCard__boxs\"><div class=\"cardsPage__listCard__boxs__img\"><a href=\"https:\/\/www.suno.com.br\/noticias\/minerva-beef3-marfrig-mrfg3-frigorificos-suspendem-abates\/\"><img class=\"mask\" src=\"https:\/\/www.suno.com.br\/noticias\/wp-content\/themes\/suno\/resources\/images\/spotlight\/spotlight1img\/bg-mask.png\" alt=\"Image Mask\"\/><img src=\"https:\/\/files.sunoresearch.com.br\/n\/uploads\/2020\/07\/315b6261-whatsapp-image-2020-07-15-at-15.30.23-400x200.webp\" alt=\"Minerva (BEEF3) e Marfrig (MRFG3): Frigor\u00edficos suspendem abates e processamento de carne\"\/><\/a><span class=\"spotlightCategory\"><a href=\"https:\/\/www.suno.com.br\/noticias\/negocios\/\">Neg\u00f3cios<\/a><\/span><\/div><div class=\"cardsPage__listCard__boxs__content\"><a href=\"https:\/\/www.suno.com.br\/noticias\/minerva-beef3-marfrig-mrfg3-frigorificos-suspendem-abates\/\"><h2 class=\"content__title\">Minerva (BEEF3) e Marfrig (MRFG3): Frigor\u00edficos suspendem abates e processamento de carne<\/h2><\/a><div class=\"newsContent__article__meta\"><div class=\"newsContent__article__meta__authorBox\"><a href=\"https:\/\/www.suno.com.br\/noticias\/author\/rafaela-la-regina\/\" class=\"authorBox__avatar noMobi\"><img src=\"https:\/\/secure.gravatar.com\/avatar\/d2c75a52d243deb93d0465fdcb21bd37?s=96&#038;r=g\" alt=\"Rafaela La Regina\"><\/a><div class=\"authorBox__name\"><span>por\n\t\t\t<a href=\"https:\/\/www.suno.com.br\/noticias\/author\/rafaela-la-regina\/\"><span itemprop=\"author\">Rafaela La Regina<\/span><\/a><\/span><time datetime=\"2021-04-13T15:49:37-03:00\" itemprop=\"datePublished\">13\/04\/2021 15:49<\/time><\/div><\/div><\/div><\/div><\/div>","single_layout":"posts","amp_enabled":true,"_links":{"self":[{"href":"https:\/\/www.suno.com.br\/noticias\/wp-json\/wp\/v2\/posts\/144783"}],"collection":[{"href":"https:\/\/www.suno.com.br\/noticias\/wp-json\/wp\/v2\/posts"}],"about":[{"href":"https:\/\/www.suno.com.br\/noticias\/wp-json\/wp\/v2\/types\/post"}],"author":[{"embeddable":true,"href":"https:\/\/www.suno.com.br\/noticias\/wp-json\/wp\/v2\/users\/39"}],"replies":[{"embeddable":true,"href":"https:\/\/www.suno.com.br\/noticias\/wp-json\/wp\/v2\/comments?post=144783"}],"version-history":[{"count":2,"href":"https:\/\/www.suno.com.br\/noticias\/wp-json\/wp\/v2\/posts\/144783\/revisions"}],"predecessor-version":[{"id":144794,"href":"https:\/\/www.suno.com.br\/noticias\/wp-json\/wp\/v2\/posts\/144783\/revisions\/144794"}],"wp:featuredmedia":[{"embeddable":true,"href":"https:\/\/www.suno.com.br\/noticias\/wp-json\/wp\/v2\/media\/126871"}],"wp:attachment":[{"href":"https:\/\/www.suno.com.br\/noticias\/wp-json\/wp\/v2\/media?parent=144783"}],"wp:term":[{"taxonomy":"category","embeddable":true,"href":"https:\/\/www.suno.com.br\/noticias\/wp-json\/wp\/v2\/categories?post=144783"},{"taxonomy":"post_tag","embeddable":true,"href":"https:\/\/www.suno.com.br\/noticias\/wp-json\/wp\/v2\/tags?post=144783"},{"taxonomy":"suno_strategy","embeddable":true,"href":"https:\/\/www.suno.com.br\/noticias\/wp-json\/wp\/v2\/suno_strategy?post=144783"}],"curies":[{"name":"wp","href":"https:\/\/api.w.org\/{rel}","templated":true}]}}