{"id":144663,"date":"2021-05-04T15:46:57","date_gmt":"2021-05-04T18:46:57","guid":{"rendered":"https:\/\/www.suno.com.br\/noticias\/?p=144663"},"modified":"2021-05-29T20:36:30","modified_gmt":"2021-05-29T23:36:30","slug":"superavit-comercial-forte-baixar-cotacao-dolar-guedes","status":"publish","type":"post","link":"https:\/\/www.suno.com.br\/noticias\/superavit-comercial-forte-baixar-cotacao-dolar-guedes\/","title":{"rendered":"Super\u00e1vit comercial forte deve ajudar a baixar cota\u00e7\u00e3o do d\u00f3lar, diz Guedes"},"content":{"rendered":"<p>O ministro da <a class=\"suno-keyword\" href=\"https:\/\/www.suno.com.br\/noticias\/search\/economia\" target=\"_blank\" rel=\"noopener noreferrer\">Economia<\/a>, <a href=\"https:\/\/www.suno.com.br\/tudo-sobre\/paulo-guedes\/\">Paulo <strong>Guedes<\/strong><\/a>, avaliou nesta ter\u00e7a-feira (4) que o super\u00e1vit comercial muito forte do Brasil deve ajudar a baixar a cota\u00e7\u00e3o do d\u00f3lar no Pa\u00eds. A equipe econ\u00f4mica espera um saldo positivo recorde US$ 89,4 bilh\u00f5es na balan\u00e7a comercial em 2021. &#8220;Acho que o d\u00f3lar vai cair mais para frente&#8221;, projetou.<\/p>\t<div class=\"wrapper-featured-image\">\n\t\t<figure class=\"spotlightImg\">\n\n\t\t\t<picture>\n\t\t\t\t<source media=\"(max-width: 768px)\" srcset=\"https:\/\/files.sunoresearch.com.br\/n\/uploads\/2021\/04\/911cf1bb-economia_1202200238-400x200.webp\">\n\t\t\t\t<img loading=\"lazy\" decoding=\"async\" class=\"newsContent__article__imgCapa lazyloadDisabled \" src=\"https:\/\/files.sunoresearch.com.br\/n\/uploads\/2021\/04\/911cf1bb-economia_1202200238-800x450.webp\" width=\"800\" height=\"450\" alt=\"Super\u00e1vit comercial forte deve ajudar a baixar cota\u00e7\u00e3o do d\u00f3lar, diz Guedes\" fetchpriority=high \/>\n\t\t\t<\/picture>\n\n\t\t\t<figcaption class=\"wp-caption-text wp-caption-text--show\">O minist\u00e9rio manteve as proje\u00e7\u00f5es de crescimento da economia de 2023, 2024 e 2025, todas em 2,50%. Foto: Wilson Dias - Ag\u00eancia Brasil<\/figcaption>\n\t\t<\/figure>\n\t<\/div>\n\n\n<p><span style=\"font-weight: 400;\">\t<p>\n\t\t<a href=\"https:\/\/lp.suno.com.br\/planilha-controle-gastos\/\" target=\"_blank\" data-element=\"shortcode-suno-banner\" title=\"Banner SUNO, clique e saiba mais\">\n\t\t\t<picture>\n\t\t\t\t<source media=\"(max-width: 500px)\" srcset=\"https:\/\/files.sunoresearch.com.br\/n\/uploads\/2023\/03\/400x300-Planilha-controle-de-gastos.png\">\n\t\t\t\t<img class=\"newsContent__article__imgCapa newsContent__article__imgCapa--banner\"\n\t\t\t\t\tsrc=\"https:\/\/files.sunoresearch.com.br\/n\/uploads\/2023\/03\/1420x240-Planilha-controle-de-gastos.png\"\n\t\t\t\t\tdata-promo-id=\"101751\"\t\t\t\t\t\t\t\t\t\twidth='1420' height='240'\t\t\t\t\talt=\"https:\/\/files.sunoresearch.com.br\/n\/uploads\/2023\/03\/1420x240-Planilha-controle-de-gastos.png\"\n\t\t\t\t>\n\t\t\t<\/picture>\n\t\t<\/a>\n\t<\/p>\n\n<\/span><\/p>\n<p>Guedes voltou a dizer que o governo alterou o mix de juros altos com <a href=\"https:\/\/www.suno.com.br\/artigos\/dolar\/\">d\u00f3lar baixo<\/a>. &#8220;Dissemos que ir\u00edamos mudar e os juros realmente chegaram a 2% ao ano, e o c\u00e2mbio ficou mais alto um pouco. O c\u00e2mbio brasileiro estava fora do lugar equil\u00edbrio, que \u00e9 mais alto. N\u00e3o \u00e9 t\u00e3o alto como est\u00e1 agora, mas todas essas incertezas, doen\u00e7as, perspectiva de recess\u00e3o, d\u00favidas sobre reformas, boatos de que toda hora o ministro pode cair. Vivemos uma fase dif\u00edcil, turbulenta&#8221;, afirmou, em audi\u00eancia p\u00fablica conjunta das comiss\u00f5es de Finan\u00e7as e Tributa\u00e7\u00e3o; Educa\u00e7\u00e3o; Trabalho, Administra\u00e7\u00e3o e Servi\u00e7o P\u00fablico; e Seguridade Social e Fam\u00edlia da C\u00e2mara dos Deputados.<\/p>\n<p><a href=\"https:\/\/lp.suno.com.br\/suno-one\/?ppp=noticias\/hospital-care-pedido-ipo-cvm\/\">Suno One: acesse gratuitamente eBooks, Minicursos, Artigos e V\u00eddeo Aulas sobre investimentos com um \u00fanico cadastro. Clique para saber mais!<\/a><\/p>\n<p>O ministro alegou que o Brasil ficou mais rico com a alta dos <a href=\"https:\/\/www.suno.com.br\/artigos\/o-que-commodities\/\">pre\u00e7os das commodities no mercado internaciona<\/a>l, mas disse que essa riqueza precisa ser repartida com os mais pobres.<\/p>\n<p>Segundo ele, a competi\u00e7\u00e3o no mercado de g\u00e1s natural deve baratear o custo do combust\u00edvel. &#8220;Espero que dentro de um ano, um ano e meio, o pre\u00e7o do g\u00e1s natural possa cair 40%&#8221;, completou.<\/p>\n<p><b>Reforma administrativa<\/b><\/p>\n<p><span style=\"font-weight: 400;\">\t<p>\n\t\t<a href=\"https:\/\/lp.suno.com.br\/planilha-da-vida-financeira\/\" target=\"_blank\" data-element=\"shortcode-suno-banner\" title=\"Banner SUNO, clique e saiba mais\">\n\t\t\t<picture>\n\t\t\t\t<source media=\"(max-width: 500px)\" srcset=\"https:\/\/files.sunoresearch.com.br\/n\/uploads\/2023\/04\/400x300-Planilha-vida-financeira-true.png\">\n\t\t\t\t<img class=\"newsContent__article__imgCapa newsContent__article__imgCapa--banner\"\n\t\t\t\t\tsrc=\"https:\/\/files.sunoresearch.com.br\/n\/uploads\/2023\/04\/1420x240-Planilha-vida-financeira-true.png\"\n\t\t\t\t\tdata-promo-id=\"106682\"\t\t\t\t\t\t\t\t\t\twidth='1420' height='240'\t\t\t\t\talt=\"https:\/\/files.sunoresearch.com.br\/n\/uploads\/2023\/04\/1420x240-Planilha-vida-financeira-true.png\"\n\t\t\t\t>\n\t\t\t<\/picture>\n\t\t<\/a>\n\t<\/p>\n\n<\/span><\/p>\n<p>O ministro da Economia defendeu novamente a proposta de reforma administrativa enviada pelo governo ao Congresso no passado. O projeto est\u00e1 sendo debatida na Comiss\u00e3o de Constitui\u00e7\u00e3o e Justi\u00e7a (CCJ) da C\u00e2mara dos Deputados.<\/p>\n<p>&#8220;Parece que teremos sustenta\u00e7\u00e3o pol\u00edtica para come\u00e7armos debate da reforma administrativa. Ela garante a estabilidade para todos os servidores atuais e n\u00e3o acaba com a estabilidade futura. O que ela exige \u00e9 que haja um sistema de avalia\u00e7\u00e3o e meritocracia que ser\u00e1 criado pelos pr\u00f3prios funcion\u00e1rios p\u00fablicos mais experientes. Cada carreira vai determinar as regras para estabilidade ao longo do tempo&#8221;, afirmou Guedes na audi\u00eancia p\u00fablica conjunta.<\/p>\n<p>Ap\u00f3s novas cr\u00edticas de parlamentares da oposi\u00e7\u00e3o a falas pol\u00eamicas de <strong>Guedes<\/strong> sobre empregadas dom\u00e9sticas e filhos de porteiros, o ministro se desculpou. &#8220;Se ofendi as pessoas mais humildes inadvertidamente, s\u00f3 posso pedir desculpas. Nunca foi esse o objetivo. Nos exemplos que uso, tento mostrar as disfuncionalidades de uma sociedade que \u00e9 desigual&#8221;, alegou.<\/p>\n<p><em>(Com informa\u00e7\u00f5es do Estad\u00e3o Conte\u00fado)<\/em><\/p>\n<p><span style=\"font-weight: 400;\">\t<p>\n\t\t<a href=\"https:\/\/lp.suno.com.br\/planilha-de-controle-de-investimentos\/\" target=\"_blank\" data-element=\"shortcode-suno-banner\" title=\"Banner SUNO, clique e saiba mais\">\n\t\t\t<picture>\n\t\t\t\t<source media=\"(max-width: 500px)\" srcset=\"https:\/\/files.sunoresearch.com.br\/n\/uploads\/2023\/03\/400x300-Controle-de-Investimentos.png\">\n\t\t\t\t<img class=\"newsContent__article__imgCapa newsContent__article__imgCapa--banner\"\n\t\t\t\t\tsrc=\"https:\/\/files.sunoresearch.com.br\/n\/uploads\/2023\/03\/1420x240-Controle-de-Investimentos.png\"\n\t\t\t\t\tdata-promo-id=\"75934\"\t\t\t\t\t\t\t\t\t\twidth='1420' height='240'\t\t\t\t\talt=\"https:\/\/files.sunoresearch.com.br\/n\/uploads\/2023\/03\/1420x240-Controle-de-Investimentos.png\"\n\t\t\t\t>\n\t\t\t<\/picture>\n\t\t<\/a>\n\t<\/p>\n\n<\/span><\/p>\n","protected":false},"excerpt":{"rendered":"<p>O ministro da Economia, Paulo Guedes, avaliou nesta ter\u00e7a-feira (4) que o super\u00e1vit comercial muito forte do Brasil deve ajudar a baixar a cota\u00e7\u00e3o do d\u00f3lar no Pa\u00eds. A equipe econ\u00f4mica espera um saldo positivo recorde US$ 89,4 bilh\u00f5es na balan\u00e7a comercial em 2021. &#8220;Acho que o d\u00f3lar vai cair mais para frente&#8221;, projetou. O [&hellip;]<\/p>\n","protected":false},"author":56,"featured_media":139423,"comment_status":"closed","ping_status":"closed","sticky":false,"template":"","format":"standard","meta":[],"categories":[62],"tags":[326,2251,796],"suno_strategy":[],"class_list":["post-144663","post","type-post","status-publish","format-standard","has-post-thumbnail","hentry","category-economia","tag-dolar","tag-economia-brasileira","tag-paulo-guedes"],"yoast_head":"<!-- This site is optimized with the Yoast SEO plugin v24.4 - https:\/\/yoast.com\/wordpress\/plugins\/seo\/ -->\n<title>Super\u00e1vit comercial forte deve ajudar a baixar cota\u00e7\u00e3o do d\u00f3lar, diz Guedes<\/title>\n<meta name=\"description\" content=\"&quot;Acho que o d\u00f3lar vai cair mais para frente&quot;, projetou o ministro da Economia, Paulo Guedes. Clique aqui para saber mais.\" \/>\n<meta name=\"robots\" content=\"index, follow, max-snippet:-1, max-image-preview:large, max-video-preview:-1\" \/>\n<link rel=\"canonical\" href=\"https:\/\/www.suno.com.br\/noticias\/superavit-comercial-forte-baixar-cotacao-dolar-guedes\/\" \/>\n<meta property=\"og:locale\" content=\"pt_BR\" \/>\n<meta property=\"og:type\" content=\"article\" \/>\n<meta property=\"og:title\" content=\"Super\u00e1vit comercial forte deve ajudar a baixar cota\u00e7\u00e3o do d\u00f3lar, diz Guedes\" \/>\n<meta property=\"og:description\" content=\"&quot;Acho que o d\u00f3lar vai cair mais para frente&quot;, projetou o ministro da Economia, Paulo Guedes. Clique aqui para saber mais.\" \/>\n<meta property=\"og:url\" content=\"https:\/\/www.suno.com.br\/noticias\/superavit-comercial-forte-baixar-cotacao-dolar-guedes\/\" \/>\n<meta property=\"og:site_name\" content=\"Suno Not\u00edcias\" \/>\n<meta property=\"article:publisher\" content=\"https:\/\/facebook.com\/sunoresearch\" \/>\n<meta property=\"og:image\" content=\"https:\/\/files.sunoresearch.com.br\/n\/uploads\/2021\/04\/911cf1bb-economia_1202200238.jpg\" \/>\n\t<meta property=\"og:image:width\" content=\"1024\" \/>\n\t<meta property=\"og:image:height\" content=\"768\" \/>\n\t<meta property=\"og:image:type\" content=\"image\/jpeg\" \/>\n<meta name=\"author\" content=\"Rafaela La Regina\" \/>\n<meta name=\"twitter:card\" content=\"summary_large_image\" \/>\n<meta name=\"twitter:creator\" content=\"@sunoresearch\" \/>\n<meta name=\"twitter:site\" content=\"@sunoresearch\" \/>\n<meta name=\"twitter:label1\" content=\"Escrito por\" \/>\n\t<meta name=\"twitter:data1\" content=\"Rafaela La Regina\" \/>\n\t<meta name=\"twitter:label2\" content=\"Est. tempo de leitura\" \/>\n\t<meta name=\"twitter:data2\" content=\"2 minutos\" \/>\n<script type=\"application\/ld+json\" class=\"yoast-schema-graph\">{\"@context\":\"https:\/\/schema.org\",\"@graph\":[{\"@type\":\"NewsArticle\",\"@id\":\"https:\/\/www.suno.com.br\/noticias\/superavit-comercial-forte-baixar-cotacao-dolar-guedes\/#article\",\"isPartOf\":{\"@id\":\"https:\/\/www.suno.com.br\/noticias\/superavit-comercial-forte-baixar-cotacao-dolar-guedes\/\"},\"author\":{\"name\":\"Rafaela La Regina\",\"@id\":\"https:\/\/www.suno.com.br\/noticias\/#\/schema\/person\/e672ca8cea627fe715fa29bca7da95e0\"},\"headline\":\"Super\u00e1vit comercial forte deve ajudar a baixar cota\u00e7\u00e3o do d\u00f3lar, diz Guedes\",\"datePublished\":\"2021-05-04T18:46:57+00:00\",\"dateModified\":\"2021-05-29T23:36:30+00:00\",\"mainEntityOfPage\":{\"@id\":\"https:\/\/www.suno.com.br\/noticias\/superavit-comercial-forte-baixar-cotacao-dolar-guedes\/\"},\"wordCount\":483,\"publisher\":{\"@id\":\"https:\/\/www.suno.com.br\/noticias\/#organization\"},\"image\":{\"@id\":\"https:\/\/www.suno.com.br\/noticias\/superavit-comercial-forte-baixar-cotacao-dolar-guedes\/#primaryimage\"},\"thumbnailUrl\":\"https:\/\/files.sunoresearch.com.br\/n\/uploads\/2021\/04\/911cf1bb-economia_1202200238-jpg.webp\",\"keywords\":[\"d\u00f3lar\",\"economia brasileira\",\"Paulo Guedes\"],\"articleSection\":[\"Economia\"],\"inLanguage\":\"pt-BR\"},{\"@type\":\"WebPage\",\"@id\":\"https:\/\/www.suno.com.br\/noticias\/superavit-comercial-forte-baixar-cotacao-dolar-guedes\/\",\"url\":\"https:\/\/www.suno.com.br\/noticias\/superavit-comercial-forte-baixar-cotacao-dolar-guedes\/\",\"name\":\"Super\u00e1vit comercial forte deve ajudar a baixar cota\u00e7\u00e3o do d\u00f3lar, diz Guedes\",\"isPartOf\":{\"@id\":\"https:\/\/www.suno.com.br\/noticias\/#website\"},\"primaryImageOfPage\":{\"@id\":\"https:\/\/www.suno.com.br\/noticias\/superavit-comercial-forte-baixar-cotacao-dolar-guedes\/#primaryimage\"},\"image\":{\"@id\":\"https:\/\/www.suno.com.br\/noticias\/superavit-comercial-forte-baixar-cotacao-dolar-guedes\/#primaryimage\"},\"thumbnailUrl\":\"https:\/\/files.sunoresearch.com.br\/n\/uploads\/2021\/04\/911cf1bb-economia_1202200238-jpg.webp\",\"datePublished\":\"2021-05-04T18:46:57+00:00\",\"dateModified\":\"2021-05-29T23:36:30+00:00\",\"description\":\"\\\"Acho que o d\u00f3lar vai cair mais para frente\\\", projetou o ministro da Economia, Paulo Guedes. Clique aqui para saber mais.\",\"breadcrumb\":{\"@id\":\"https:\/\/www.suno.com.br\/noticias\/superavit-comercial-forte-baixar-cotacao-dolar-guedes\/#breadcrumb\"},\"inLanguage\":\"pt-BR\",\"potentialAction\":[{\"@type\":\"ReadAction\",\"target\":[\"https:\/\/www.suno.com.br\/noticias\/superavit-comercial-forte-baixar-cotacao-dolar-guedes\/\"]}]},{\"@type\":\"ImageObject\",\"inLanguage\":\"pt-BR\",\"@id\":\"https:\/\/www.suno.com.br\/noticias\/superavit-comercial-forte-baixar-cotacao-dolar-guedes\/#primaryimage\",\"url\":\"https:\/\/files.sunoresearch.com.br\/n\/uploads\/2021\/04\/911cf1bb-economia_1202200238-jpg.webp\",\"contentUrl\":\"https:\/\/files.sunoresearch.com.br\/n\/uploads\/2021\/04\/911cf1bb-economia_1202200238-jpg.webp\",\"width\":1024,\"height\":768,\"caption\":\"O minist\u00e9rio manteve as proje\u00e7\u00f5es de crescimento da economia de 2023, 2024 e 2025, todas em 2,50%. Foto: Wilson Dias - Ag\u00eancia Brasil\"},{\"@type\":\"BreadcrumbList\",\"@id\":\"https:\/\/www.suno.com.br\/noticias\/superavit-comercial-forte-baixar-cotacao-dolar-guedes\/#breadcrumb\",\"itemListElement\":[{\"@type\":\"ListItem\",\"position\":1,\"name\":\"Not\u00edcias\",\"item\":\"https:\/\/www.suno.com.br\/noticias\/\"},{\"@type\":\"ListItem\",\"position\":2,\"name\":\"Economia\",\"item\":\"https:\/\/www.suno.com.br\/noticias\/economia\/\"},{\"@type\":\"ListItem\",\"position\":3,\"name\":\"Super\u00e1vit comercial forte deve ajudar a baixar cota\u00e7\u00e3o do d\u00f3lar, diz Guedes\"}]},{\"@type\":\"WebSite\",\"@id\":\"https:\/\/www.suno.com.br\/noticias\/#website\",\"url\":\"https:\/\/www.suno.com.br\/noticias\/\",\"name\":\"Suno Not\u00edcias\",\"description\":\"Seu portal de informa\u00e7\u00e3o sobre o mundo dos investimentos\",\"publisher\":{\"@id\":\"https:\/\/www.suno.com.br\/noticias\/#organization\"},\"potentialAction\":[{\"@type\":\"SearchAction\",\"target\":{\"@type\":\"EntryPoint\",\"urlTemplate\":\"https:\/\/www.suno.com.br\/noticias\/?s={search_term_string}\"},\"query-input\":{\"@type\":\"PropertyValueSpecification\",\"valueRequired\":true,\"valueName\":\"search_term_string\"}}],\"inLanguage\":\"pt-BR\"},{\"@type\":\"Organization\",\"@id\":\"https:\/\/www.suno.com.br\/noticias\/#organization\",\"name\":\"Suno Not\u00edcias\",\"url\":\"https:\/\/www.suno.com.br\/noticias\/\",\"logo\":{\"@type\":\"ImageObject\",\"inLanguage\":\"pt-BR\",\"@id\":\"https:\/\/www.suno.com.br\/noticias\/#\/schema\/logo\/image\/\",\"url\":\"https:\/\/files.sunoresearch.com.br\/n\/uploads\/2021\/09\/suno-logo.png\",\"contentUrl\":\"https:\/\/files.sunoresearch.com.br\/n\/uploads\/2021\/09\/suno-logo.png\",\"width\":180,\"height\":180,\"caption\":\"Suno Not\u00edcias\"},\"image\":{\"@id\":\"https:\/\/www.suno.com.br\/noticias\/#\/schema\/logo\/image\/\"},\"sameAs\":[\"https:\/\/facebook.com\/sunoresearch\",\"https:\/\/x.com\/sunoresearch\",\"https:\/\/www.instagram.com\/suno\",\"https:\/\/www.linkedin.com\/company\/suno-research\/\",\"https:\/\/www.youtube.com\/c\/sunoresearch\"]},{\"@type\":\"Person\",\"@id\":\"https:\/\/www.suno.com.br\/noticias\/#\/schema\/person\/e672ca8cea627fe715fa29bca7da95e0\",\"name\":\"Rafaela La Regina\",\"image\":{\"@type\":\"ImageObject\",\"inLanguage\":\"pt-BR\",\"@id\":\"https:\/\/www.suno.com.br\/noticias\/#\/schema\/person\/image\/\",\"url\":\"https:\/\/secure.gravatar.com\/avatar\/d2c75a52d243deb93d0465fdcb21bd37?s=96&r=g\",\"contentUrl\":\"https:\/\/secure.gravatar.com\/avatar\/d2c75a52d243deb93d0465fdcb21bd37?s=96&r=g\",\"caption\":\"Rafaela La Regina\"},\"description\":\"Estagi\u00e1ria no Suno Not\u00edcias. Escreve sobre economia, pol\u00edtica e neg\u00f3cios. Estuda Rela\u00e7\u00f5es Internacionais no IBMEC-SP.\",\"url\":\"https:\/\/www.suno.com.br\/noticias\/author\/rafaela-la-regina\/\"}]}<\/script>\n<!-- \/ Yoast SEO plugin. -->","yoast_head_json":{"title":"Super\u00e1vit comercial forte deve ajudar a baixar cota\u00e7\u00e3o do d\u00f3lar, diz Guedes","description":"\"Acho que o d\u00f3lar vai cair mais para frente\", projetou o ministro da Economia, Paulo Guedes. Clique aqui para saber mais.","robots":{"index":"index","follow":"follow","max-snippet":"max-snippet:-1","max-image-preview":"max-image-preview:large","max-video-preview":"max-video-preview:-1"},"canonical":"https:\/\/www.suno.com.br\/noticias\/superavit-comercial-forte-baixar-cotacao-dolar-guedes\/","og_locale":"pt_BR","og_type":"article","og_title":"Super\u00e1vit comercial forte deve ajudar a baixar cota\u00e7\u00e3o do d\u00f3lar, diz Guedes","og_description":"\"Acho que o d\u00f3lar vai cair mais para frente\", projetou o ministro da Economia, Paulo Guedes. Clique aqui para saber mais.","og_url":"https:\/\/www.suno.com.br\/noticias\/superavit-comercial-forte-baixar-cotacao-dolar-guedes\/","og_site_name":"Suno Not\u00edcias","article_publisher":"https:\/\/facebook.com\/sunoresearch","og_image":[{"width":1024,"height":768,"url":"https:\/\/files.sunoresearch.com.br\/n\/uploads\/2021\/04\/911cf1bb-economia_1202200238.jpg","type":"image\/jpeg"}],"author":"Rafaela La Regina","twitter_card":"summary_large_image","twitter_creator":"@sunoresearch","twitter_site":"@sunoresearch","twitter_misc":{"Escrito por":"Rafaela La Regina","Est. tempo de leitura":"2 minutos"},"schema":{"@context":"https:\/\/schema.org","@graph":[{"@type":"NewsArticle","@id":"https:\/\/www.suno.com.br\/noticias\/superavit-comercial-forte-baixar-cotacao-dolar-guedes\/#article","isPartOf":{"@id":"https:\/\/www.suno.com.br\/noticias\/superavit-comercial-forte-baixar-cotacao-dolar-guedes\/"},"author":{"name":"Rafaela La Regina","@id":"https:\/\/www.suno.com.br\/noticias\/#\/schema\/person\/e672ca8cea627fe715fa29bca7da95e0"},"headline":"Super\u00e1vit comercial forte deve ajudar a baixar cota\u00e7\u00e3o do d\u00f3lar, diz Guedes","datePublished":"2021-05-04T18:46:57+00:00","dateModified":"2021-05-29T23:36:30+00:00","mainEntityOfPage":{"@id":"https:\/\/www.suno.com.br\/noticias\/superavit-comercial-forte-baixar-cotacao-dolar-guedes\/"},"wordCount":483,"publisher":{"@id":"https:\/\/www.suno.com.br\/noticias\/#organization"},"image":{"@id":"https:\/\/www.suno.com.br\/noticias\/superavit-comercial-forte-baixar-cotacao-dolar-guedes\/#primaryimage"},"thumbnailUrl":"https:\/\/files.sunoresearch.com.br\/n\/uploads\/2021\/04\/911cf1bb-economia_1202200238-jpg.webp","keywords":["d\u00f3lar","economia brasileira","Paulo Guedes"],"articleSection":["Economia"],"inLanguage":"pt-BR"},{"@type":"WebPage","@id":"https:\/\/www.suno.com.br\/noticias\/superavit-comercial-forte-baixar-cotacao-dolar-guedes\/","url":"https:\/\/www.suno.com.br\/noticias\/superavit-comercial-forte-baixar-cotacao-dolar-guedes\/","name":"Super\u00e1vit comercial forte deve ajudar a baixar cota\u00e7\u00e3o do d\u00f3lar, diz Guedes","isPartOf":{"@id":"https:\/\/www.suno.com.br\/noticias\/#website"},"primaryImageOfPage":{"@id":"https:\/\/www.suno.com.br\/noticias\/superavit-comercial-forte-baixar-cotacao-dolar-guedes\/#primaryimage"},"image":{"@id":"https:\/\/www.suno.com.br\/noticias\/superavit-comercial-forte-baixar-cotacao-dolar-guedes\/#primaryimage"},"thumbnailUrl":"https:\/\/files.sunoresearch.com.br\/n\/uploads\/2021\/04\/911cf1bb-economia_1202200238-jpg.webp","datePublished":"2021-05-04T18:46:57+00:00","dateModified":"2021-05-29T23:36:30+00:00","description":"\"Acho que o d\u00f3lar vai cair mais para frente\", projetou o ministro da Economia, Paulo Guedes. Clique aqui para saber mais.","breadcrumb":{"@id":"https:\/\/www.suno.com.br\/noticias\/superavit-comercial-forte-baixar-cotacao-dolar-guedes\/#breadcrumb"},"inLanguage":"pt-BR","potentialAction":[{"@type":"ReadAction","target":["https:\/\/www.suno.com.br\/noticias\/superavit-comercial-forte-baixar-cotacao-dolar-guedes\/"]}]},{"@type":"ImageObject","inLanguage":"pt-BR","@id":"https:\/\/www.suno.com.br\/noticias\/superavit-comercial-forte-baixar-cotacao-dolar-guedes\/#primaryimage","url":"https:\/\/files.sunoresearch.com.br\/n\/uploads\/2021\/04\/911cf1bb-economia_1202200238-jpg.webp","contentUrl":"https:\/\/files.sunoresearch.com.br\/n\/uploads\/2021\/04\/911cf1bb-economia_1202200238-jpg.webp","width":1024,"height":768,"caption":"O minist\u00e9rio manteve as proje\u00e7\u00f5es de crescimento da economia de 2023, 2024 e 2025, todas em 2,50%. Foto: Wilson Dias - Ag\u00eancia Brasil"},{"@type":"BreadcrumbList","@id":"https:\/\/www.suno.com.br\/noticias\/superavit-comercial-forte-baixar-cotacao-dolar-guedes\/#breadcrumb","itemListElement":[{"@type":"ListItem","position":1,"name":"Not\u00edcias","item":"https:\/\/www.suno.com.br\/noticias\/"},{"@type":"ListItem","position":2,"name":"Economia","item":"https:\/\/www.suno.com.br\/noticias\/economia\/"},{"@type":"ListItem","position":3,"name":"Super\u00e1vit comercial forte deve ajudar a baixar cota\u00e7\u00e3o do d\u00f3lar, diz Guedes"}]},{"@type":"WebSite","@id":"https:\/\/www.suno.com.br\/noticias\/#website","url":"https:\/\/www.suno.com.br\/noticias\/","name":"Suno Not\u00edcias","description":"Seu portal de informa\u00e7\u00e3o sobre o mundo dos investimentos","publisher":{"@id":"https:\/\/www.suno.com.br\/noticias\/#organization"},"potentialAction":[{"@type":"SearchAction","target":{"@type":"EntryPoint","urlTemplate":"https:\/\/www.suno.com.br\/noticias\/?s={search_term_string}"},"query-input":{"@type":"PropertyValueSpecification","valueRequired":true,"valueName":"search_term_string"}}],"inLanguage":"pt-BR"},{"@type":"Organization","@id":"https:\/\/www.suno.com.br\/noticias\/#organization","name":"Suno Not\u00edcias","url":"https:\/\/www.suno.com.br\/noticias\/","logo":{"@type":"ImageObject","inLanguage":"pt-BR","@id":"https:\/\/www.suno.com.br\/noticias\/#\/schema\/logo\/image\/","url":"https:\/\/files.sunoresearch.com.br\/n\/uploads\/2021\/09\/suno-logo.png","contentUrl":"https:\/\/files.sunoresearch.com.br\/n\/uploads\/2021\/09\/suno-logo.png","width":180,"height":180,"caption":"Suno Not\u00edcias"},"image":{"@id":"https:\/\/www.suno.com.br\/noticias\/#\/schema\/logo\/image\/"},"sameAs":["https:\/\/facebook.com\/sunoresearch","https:\/\/x.com\/sunoresearch","https:\/\/www.instagram.com\/suno","https:\/\/www.linkedin.com\/company\/suno-research\/","https:\/\/www.youtube.com\/c\/sunoresearch"]},{"@type":"Person","@id":"https:\/\/www.suno.com.br\/noticias\/#\/schema\/person\/e672ca8cea627fe715fa29bca7da95e0","name":"Rafaela La Regina","image":{"@type":"ImageObject","inLanguage":"pt-BR","@id":"https:\/\/www.suno.com.br\/noticias\/#\/schema\/person\/image\/","url":"https:\/\/secure.gravatar.com\/avatar\/d2c75a52d243deb93d0465fdcb21bd37?s=96&r=g","contentUrl":"https:\/\/secure.gravatar.com\/avatar\/d2c75a52d243deb93d0465fdcb21bd37?s=96&r=g","caption":"Rafaela La Regina"},"description":"Estagi\u00e1ria no Suno Not\u00edcias. Escreve sobre economia, pol\u00edtica e neg\u00f3cios. Estuda Rela\u00e7\u00f5es Internacionais no IBMEC-SP.","url":"https:\/\/www.suno.com.br\/noticias\/author\/rafaela-la-regina\/"}]}},"default_loop_html":"<div class=\"cardsPage__listCard__boxs\"><div class=\"cardsPage__listCard__boxs__img\"><a href=\"https:\/\/www.suno.com.br\/noticias\/superavit-comercial-forte-baixar-cotacao-dolar-guedes\/\"><img class=\"mask\" src=\"https:\/\/www.suno.com.br\/noticias\/wp-content\/themes\/suno\/resources\/images\/spotlight\/spotlight1img\/bg-mask.png\" alt=\"Image Mask\"\/><img src=\"https:\/\/files.sunoresearch.com.br\/n\/uploads\/2021\/04\/911cf1bb-economia_1202200238-400x200.webp\" alt=\"Super\u00e1vit comercial forte deve ajudar a baixar cota\u00e7\u00e3o do d\u00f3lar, diz Guedes\"\/><\/a><span class=\"spotlightCategory\"><a href=\"https:\/\/www.suno.com.br\/noticias\/economia\/\">Economia<\/a><\/span><\/div><div class=\"cardsPage__listCard__boxs__content\"><a href=\"https:\/\/www.suno.com.br\/noticias\/superavit-comercial-forte-baixar-cotacao-dolar-guedes\/\"><h2 class=\"content__title\">Super\u00e1vit comercial forte deve ajudar a baixar cota\u00e7\u00e3o do d\u00f3lar, diz Guedes<\/h2><\/a><div class=\"newsContent__article__meta\"><div class=\"newsContent__article__meta__authorBox\"><a href=\"https:\/\/www.suno.com.br\/noticias\/author\/rafaela-la-regina\/\" class=\"authorBox__avatar noMobi\"><img src=\"https:\/\/secure.gravatar.com\/avatar\/d2c75a52d243deb93d0465fdcb21bd37?s=96&#038;r=g\" alt=\"Rafaela La Regina\"><\/a><div class=\"authorBox__name\"><span>por\n\t\t\t<a href=\"https:\/\/www.suno.com.br\/noticias\/author\/rafaela-la-regina\/\"><span itemprop=\"author\">Rafaela La Regina<\/span><\/a><\/span><time datetime=\"2021-05-04T15:46:57-03:00\" itemprop=\"datePublished\">04\/05\/2021 15:46<\/time><\/div><\/div><\/div><\/div><\/div>","single_layout":"posts","amp_enabled":true,"_links":{"self":[{"href":"https:\/\/www.suno.com.br\/noticias\/wp-json\/wp\/v2\/posts\/144663"}],"collection":[{"href":"https:\/\/www.suno.com.br\/noticias\/wp-json\/wp\/v2\/posts"}],"about":[{"href":"https:\/\/www.suno.com.br\/noticias\/wp-json\/wp\/v2\/types\/post"}],"author":[{"embeddable":true,"href":"https:\/\/www.suno.com.br\/noticias\/wp-json\/wp\/v2\/users\/56"}],"replies":[{"embeddable":true,"href":"https:\/\/www.suno.com.br\/noticias\/wp-json\/wp\/v2\/comments?post=144663"}],"version-history":[{"count":2,"href":"https:\/\/www.suno.com.br\/noticias\/wp-json\/wp\/v2\/posts\/144663\/revisions"}],"predecessor-version":[{"id":144680,"href":"https:\/\/www.suno.com.br\/noticias\/wp-json\/wp\/v2\/posts\/144663\/revisions\/144680"}],"wp:featuredmedia":[{"embeddable":true,"href":"https:\/\/www.suno.com.br\/noticias\/wp-json\/wp\/v2\/media\/139423"}],"wp:attachment":[{"href":"https:\/\/www.suno.com.br\/noticias\/wp-json\/wp\/v2\/media?parent=144663"}],"wp:term":[{"taxonomy":"category","embeddable":true,"href":"https:\/\/www.suno.com.br\/noticias\/wp-json\/wp\/v2\/categories?post=144663"},{"taxonomy":"post_tag","embeddable":true,"href":"https:\/\/www.suno.com.br\/noticias\/wp-json\/wp\/v2\/tags?post=144663"},{"taxonomy":"suno_strategy","embeddable":true,"href":"https:\/\/www.suno.com.br\/noticias\/wp-json\/wp\/v2\/suno_strategy?post=144663"}],"curies":[{"name":"wp","href":"https:\/\/api.w.org\/{rel}","templated":true}]}}