{"id":14461,"date":"2019-02-06T20:48:30","date_gmt":"2019-02-06T22:48:30","guid":{"rendered":"https:\/\/www.suno.com.br\/noticias\/?p=14461"},"modified":"2019-02-06T22:33:29","modified_gmt":"2019-02-07T00:33:29","slug":"icms-corte-sao-paulo-voos","status":"publish","type":"post","link":"https:\/\/www.suno.com.br\/noticias\/icms-corte-sao-paulo-voos\/","title":{"rendered":"S\u00e3o Paulo pode ganhar 490 novos voos semanais ap\u00f3s corte de ICMS"},"content":{"rendered":"<p>O estado de S\u00e3o Paulo pode receber 490 novos voos semanais por conta de cortes no <a href=\"https:\/\/www.suno.com.br\/artigos\/icms\/\">Imposto sobre Circula\u00e7\u00e3o de Mercadorias e Servi\u00e7os (ICMS)<\/a> sobre o querosene da avia\u00e7\u00e3o.<\/p>\t<div class=\"wrapper-featured-image\">\n\t\t<figure class=\"spotlightImg\">\n\n\t\t\t<picture>\n\t\t\t\t<source media=\"(max-width: 768px)\" srcset=\"https:\/\/files.sunoresearch.com.br\/n\/uploads\/2019\/02\/4d7973f8-icms-400x200.webp\">\n\t\t\t\t<img loading=\"lazy\" decoding=\"async\" class=\"newsContent__article__imgCapa lazyloadDisabled newsContent__article__imgCapa--noCaption\" src=\"https:\/\/files.sunoresearch.com.br\/n\/uploads\/2019\/02\/4d7973f8-icms-800x450.webp\" width=\"800\" height=\"450\" alt=\"S\u00e3o Paulo pode ganhar 490 novos voos semanais ap\u00f3s corte de ICMS\" fetchpriority=high \/>\n\t\t\t<\/picture>\n\n\t\t\t<figcaption class=\"wp-caption-text wp-caption-text--hide\"><\/figcaption>\n\t\t<\/figure>\n\t<\/div>\n\n\n<p>O corte do <strong>ICMS<\/strong> foi anunciado na \u00faltima ter\u00e7a-feira (5) pelo <strong>governador de S\u00e3o Paulo<\/strong>, <strong>Jo\u00e3o D\u00f3ria<\/strong>. De acordo com a nova medida, o imposto cair\u00e1 de 25% para 12% na al\u00edquota. A proje\u00e7\u00e3o foi feita pela <strong>Associa\u00e7\u00e3o Brasileira das Empresas A\u00e9reas (Abear)<\/strong>.<\/p>\n<p><a href=\"https:\/\/www.suno.com.br\/noticias\/joao-doria-privatizacao-aeroportos-porto\/\">Saiba mais:\u00a0Jo\u00e3o Doria anuncia privatiza\u00e7\u00e3o de aeroportos, hidrovia, porto e rodovias<\/a><\/p>\n<p>O presidente da <strong>Abear<\/strong>, Eduardo Sanovicz, afirmou que\u00a0&#8220;baixar al\u00edquota para 12% significa trazer o estado de <strong>S\u00e3o Paulo<\/strong> para dentro das m\u00e9dias nacionais&#8221;. Sanovicz acrescentou ainda que as companhias a\u00e9reas se comprometeram a criar um fundo de promo\u00e7\u00e3o de marketing de R$ 40 milh\u00f5es com o objetivo de fazer investimentos em promo\u00e7\u00f5es de turismo em S\u00e3o Paulo, no Brasil e no mundo.<\/p>\n<p>Desses 490 voos, 416 ter\u00e3o como destino outros 21 estados em 38 diferentes destinos. Os outros 74 restantes ligar\u00e3o as cidades do pr\u00f3prio estado. De acordo com Sanovicz, as empresas a\u00e9reas dever\u00e3o anunciar os novos destinos em breve.<\/p>\n<h2>Gol<\/h2>\n<p>As empresas a\u00e9reas j\u00e1 se manifestaram sobre a medida. O presidente da <strong>Gol<\/strong> (GOLL4), <strong>Paulo Kakinoff,<\/strong> disse que a empresa dever\u00e1 anunciar em at\u00e9 60 dias novos destinos partindo de S\u00e3o Paulo, al\u00e9m de rotas em aeroportos regionais do estado. \u201cN\u00f3s faremos an\u00fancio espec\u00edfico das nossas novas rotas em ocasi\u00e3o a ser definida\u201d, disse durante evento de an\u00fancio em S\u00e3o Paulo.<\/p>\n<p><a href=\"https:\/\/www.suno.com.br\/noticias\/socorrer-gm-antecipacao-creditos-icms\/\">Saiba mais:\u00a0Governo de SP estuda socorrer GM com antecipa\u00e7\u00e3o de cr\u00e9ditos do ICMS<\/a><\/p>\n<p>Quando perguntado se o corte do ICMS pode interferir nos pre\u00e7os das paisagens, Kakinoff salientou que h\u00e1 outros fatores, como o pre\u00e7o internacional de <strong>petr\u00f3leo<\/strong>, que precisam ser levados em considera\u00e7\u00e3o.<\/p>\n<p>\u201cEvidentemente essa adi\u00e7\u00e3o de voos aumenta competitividade e d\u00e1 perspectiva de reflexo de tarifa. Por\u00e9m, entre esse momento e a implementa\u00e7\u00e3o do voo, essas vari\u00e1veis combinadas podem trazer varia\u00e7\u00e3o tanto pra cima quanto para baixo nas tarifas, uma vez que essa \u00e9 a din\u00e2mica natural do setor. A precifica\u00e7\u00e3o se d\u00e1 diariamente justamente em fun\u00e7\u00e3o desses custos e da oferta\u201d, disse.<\/p>\n<p><a href=\"https:\/\/www.suno.com.br\/noticias\/disney-desmente-governo-parque-brasil\/\">Saiba mais: Disney desmente governo do DF de que construir\u00e1 parque no Brasil<\/a><\/p>\n<p>O executivo acrescenta ainda que a corre\u00e7\u00e3o do <strong>ICMS<\/strong> \u00e9 uma pauta antiga. \u201cAgora, felizmente, o governo do Estado tomou a dianteira nessa decis\u00e3o\u201d, disse. Segundo o <strong>Kakinoff<\/strong>, os impostos praticados em S\u00e3o Paulo para o querosene n\u00e3o s\u00e3o encontrado em nenhum lugar do mundo.<\/p>\n","protected":false},"excerpt":{"rendered":"<p>O estado de S\u00e3o Paulo pode receber 490 novos voos semanais por conta de cortes no Imposto sobre Circula\u00e7\u00e3o de Mercadorias e Servi\u00e7os (ICMS) sobre o querosene da avia\u00e7\u00e3o. O corte do ICMS foi anunciado na \u00faltima ter\u00e7a-feira (5) pelo governador de S\u00e3o Paulo, Jo\u00e3o D\u00f3ria. De acordo com a nova medida, o imposto cair\u00e1 [&hellip;]<\/p>\n","protected":false},"author":14,"featured_media":14465,"comment_status":"closed","ping_status":"closed","sticky":false,"template":"","format":"standard","meta":[],"categories":[60],"tags":[489,1086,842],"suno_strategy":[],"class_list":["post-14461","post","type-post","status-publish","format-standard","has-post-thumbnail","hentry","category-mercado","tag-gol-linhas-aereas-goll11-goll4","tag-icms","tag-joao-doria"],"yoast_head":"<!-- This site is optimized with the Yoast SEO plugin v24.4 - https:\/\/yoast.com\/wordpress\/plugins\/seo\/ -->\n<title>S\u00e3o Paulo pode ganhar 490 novos voos semanais por corte de ICMS<\/title>\n<meta name=\"description\" content=\"De acordo com a nova medida, o ICMS cair\u00e1 de 25% para 12% na al\u00edquota. A expectativa foi feita pela Abear. Clique para saber mais.\" \/>\n<meta name=\"robots\" content=\"index, follow, max-snippet:-1, max-image-preview:large, max-video-preview:-1\" \/>\n<link rel=\"canonical\" href=\"https:\/\/www.suno.com.br\/noticias\/icms-corte-sao-paulo-voos\/\" \/>\n<meta property=\"og:locale\" content=\"pt_BR\" \/>\n<meta property=\"og:type\" content=\"article\" \/>\n<meta property=\"og:title\" content=\"S\u00e3o Paulo pode ganhar 490 novos voos semanais por corte de ICMS\" \/>\n<meta property=\"og:description\" content=\"De acordo com a nova medida, o ICMS cair\u00e1 de 25% para 12% na al\u00edquota. A expectativa foi feita pela Abear. Clique para saber mais.\" \/>\n<meta property=\"og:url\" content=\"https:\/\/www.suno.com.br\/noticias\/icms-corte-sao-paulo-voos\/\" \/>\n<meta property=\"og:site_name\" content=\"Suno Not\u00edcias\" \/>\n<meta property=\"article:publisher\" content=\"https:\/\/facebook.com\/sunoresearch\" \/>\n<meta property=\"og:image\" content=\"https:\/\/files.sunoresearch.com.br\/n\/uploads\/2019\/02\/4d7973f8-icms.jpg\" \/>\n\t<meta property=\"og:image:width\" content=\"1024\" \/>\n\t<meta property=\"og:image:height\" content=\"703\" \/>\n\t<meta property=\"og:image:type\" content=\"image\/jpeg\" \/>\n<meta name=\"author\" content=\"Renan Dantas\" \/>\n<meta name=\"twitter:card\" content=\"summary_large_image\" \/>\n<meta name=\"twitter:creator\" content=\"@sunoresearch\" \/>\n<meta name=\"twitter:site\" content=\"@sunoresearch\" \/>\n<meta name=\"twitter:label1\" content=\"Escrito por\" \/>\n\t<meta name=\"twitter:data1\" content=\"Renan Dantas\" \/>\n\t<meta name=\"twitter:label2\" content=\"Est. tempo de leitura\" \/>\n\t<meta name=\"twitter:data2\" content=\"2 minutos\" \/>\n<script type=\"application\/ld+json\" class=\"yoast-schema-graph\">{\"@context\":\"https:\/\/schema.org\",\"@graph\":[{\"@type\":\"NewsArticle\",\"@id\":\"https:\/\/www.suno.com.br\/noticias\/icms-corte-sao-paulo-voos\/#article\",\"isPartOf\":{\"@id\":\"https:\/\/www.suno.com.br\/noticias\/icms-corte-sao-paulo-voos\/\"},\"author\":{\"name\":\"Renan Dantas\",\"@id\":\"https:\/\/www.suno.com.br\/noticias\/#\/schema\/person\/3f7693d5795a3f6d5ce15309ee785699\"},\"headline\":\"S\u00e3o Paulo pode ganhar 490 novos voos semanais ap\u00f3s corte de ICMS\",\"datePublished\":\"2019-02-06T22:48:30+00:00\",\"dateModified\":\"2019-02-07T00:33:29+00:00\",\"mainEntityOfPage\":{\"@id\":\"https:\/\/www.suno.com.br\/noticias\/icms-corte-sao-paulo-voos\/\"},\"wordCount\":465,\"publisher\":{\"@id\":\"https:\/\/www.suno.com.br\/noticias\/#organization\"},\"image\":{\"@id\":\"https:\/\/www.suno.com.br\/noticias\/icms-corte-sao-paulo-voos\/#primaryimage\"},\"thumbnailUrl\":\"https:\/\/files.sunoresearch.com.br\/n\/uploads\/2019\/02\/4d7973f8-icms-jpg.webp\",\"keywords\":[\"Gol Linhas A\u00e9reas (GOLL11\/GOLL4)\",\"ICMS\",\"Jo\u00e3o Doria\"],\"articleSection\":[\"Mercado\"],\"inLanguage\":\"pt-BR\"},{\"@type\":\"WebPage\",\"@id\":\"https:\/\/www.suno.com.br\/noticias\/icms-corte-sao-paulo-voos\/\",\"url\":\"https:\/\/www.suno.com.br\/noticias\/icms-corte-sao-paulo-voos\/\",\"name\":\"S\u00e3o Paulo pode ganhar 490 novos voos semanais por corte de ICMS\",\"isPartOf\":{\"@id\":\"https:\/\/www.suno.com.br\/noticias\/#website\"},\"primaryImageOfPage\":{\"@id\":\"https:\/\/www.suno.com.br\/noticias\/icms-corte-sao-paulo-voos\/#primaryimage\"},\"image\":{\"@id\":\"https:\/\/www.suno.com.br\/noticias\/icms-corte-sao-paulo-voos\/#primaryimage\"},\"thumbnailUrl\":\"https:\/\/files.sunoresearch.com.br\/n\/uploads\/2019\/02\/4d7973f8-icms-jpg.webp\",\"datePublished\":\"2019-02-06T22:48:30+00:00\",\"dateModified\":\"2019-02-07T00:33:29+00:00\",\"description\":\"De acordo com a nova medida, o ICMS cair\u00e1 de 25% para 12% na al\u00edquota. A expectativa foi feita pela Abear. Clique para saber mais.\",\"breadcrumb\":{\"@id\":\"https:\/\/www.suno.com.br\/noticias\/icms-corte-sao-paulo-voos\/#breadcrumb\"},\"inLanguage\":\"pt-BR\",\"potentialAction\":[{\"@type\":\"ReadAction\",\"target\":[\"https:\/\/www.suno.com.br\/noticias\/icms-corte-sao-paulo-voos\/\"]}]},{\"@type\":\"ImageObject\",\"inLanguage\":\"pt-BR\",\"@id\":\"https:\/\/www.suno.com.br\/noticias\/icms-corte-sao-paulo-voos\/#primaryimage\",\"url\":\"https:\/\/files.sunoresearch.com.br\/n\/uploads\/2019\/02\/4d7973f8-icms-jpg.webp\",\"contentUrl\":\"https:\/\/files.sunoresearch.com.br\/n\/uploads\/2019\/02\/4d7973f8-icms-jpg.webp\",\"width\":1024,\"height\":703},{\"@type\":\"BreadcrumbList\",\"@id\":\"https:\/\/www.suno.com.br\/noticias\/icms-corte-sao-paulo-voos\/#breadcrumb\",\"itemListElement\":[{\"@type\":\"ListItem\",\"position\":1,\"name\":\"Not\u00edcias\",\"item\":\"https:\/\/www.suno.com.br\/noticias\/\"},{\"@type\":\"ListItem\",\"position\":2,\"name\":\"Mercado\",\"item\":\"https:\/\/www.suno.com.br\/noticias\/mercado\/\"},{\"@type\":\"ListItem\",\"position\":3,\"name\":\"S\u00e3o Paulo pode ganhar 490 novos voos semanais ap\u00f3s corte de ICMS\"}]},{\"@type\":\"WebSite\",\"@id\":\"https:\/\/www.suno.com.br\/noticias\/#website\",\"url\":\"https:\/\/www.suno.com.br\/noticias\/\",\"name\":\"Suno Not\u00edcias\",\"description\":\"Seu portal de informa\u00e7\u00e3o sobre o mundo dos investimentos\",\"publisher\":{\"@id\":\"https:\/\/www.suno.com.br\/noticias\/#organization\"},\"potentialAction\":[{\"@type\":\"SearchAction\",\"target\":{\"@type\":\"EntryPoint\",\"urlTemplate\":\"https:\/\/www.suno.com.br\/noticias\/?s={search_term_string}\"},\"query-input\":{\"@type\":\"PropertyValueSpecification\",\"valueRequired\":true,\"valueName\":\"search_term_string\"}}],\"inLanguage\":\"pt-BR\"},{\"@type\":\"Organization\",\"@id\":\"https:\/\/www.suno.com.br\/noticias\/#organization\",\"name\":\"Suno Not\u00edcias\",\"url\":\"https:\/\/www.suno.com.br\/noticias\/\",\"logo\":{\"@type\":\"ImageObject\",\"inLanguage\":\"pt-BR\",\"@id\":\"https:\/\/www.suno.com.br\/noticias\/#\/schema\/logo\/image\/\",\"url\":\"https:\/\/files.sunoresearch.com.br\/n\/uploads\/2021\/09\/suno-logo.png\",\"contentUrl\":\"https:\/\/files.sunoresearch.com.br\/n\/uploads\/2021\/09\/suno-logo.png\",\"width\":180,\"height\":180,\"caption\":\"Suno Not\u00edcias\"},\"image\":{\"@id\":\"https:\/\/www.suno.com.br\/noticias\/#\/schema\/logo\/image\/\"},\"sameAs\":[\"https:\/\/facebook.com\/sunoresearch\",\"https:\/\/x.com\/sunoresearch\",\"https:\/\/www.instagram.com\/suno\",\"https:\/\/www.linkedin.com\/company\/suno-research\/\",\"https:\/\/www.youtube.com\/c\/sunoresearch\"]},{\"@type\":\"Person\",\"@id\":\"https:\/\/www.suno.com.br\/noticias\/#\/schema\/person\/3f7693d5795a3f6d5ce15309ee785699\",\"name\":\"Renan Dantas\",\"image\":{\"@type\":\"ImageObject\",\"inLanguage\":\"pt-BR\",\"@id\":\"https:\/\/www.suno.com.br\/noticias\/#\/schema\/person\/image\/\",\"url\":\"https:\/\/secure.gravatar.com\/avatar\/1787b83e7484a08e51d62ac8b41c8396?s=96&r=g\",\"contentUrl\":\"https:\/\/secure.gravatar.com\/avatar\/1787b83e7484a08e51d62ac8b41c8396?s=96&r=g\",\"caption\":\"Renan Dantas\"},\"description\":\"Escreve sobre pol\u00edtica e mercado financeiro para o portal Suno Not\u00edcias. Antes, atuou na assessoria de comunica\u00e7\u00e3o do Minist\u00e9rio P\u00fablico do Trabalho e na R\u00e1dio Mackenzie, onde apresentava e produzia um programa sobre artistas da m\u00fasica brasileira. \u00c9 estudante na Universidade Presbiteriana Mackenzie.\",\"url\":\"https:\/\/www.suno.com.br\/noticias\/author\/renan-dantas\/\"}]}<\/script>\n<!-- \/ Yoast SEO plugin. -->","yoast_head_json":{"title":"S\u00e3o Paulo pode ganhar 490 novos voos semanais por corte de ICMS","description":"De acordo com a nova medida, o ICMS cair\u00e1 de 25% para 12% na al\u00edquota. A expectativa foi feita pela Abear. Clique para saber mais.","robots":{"index":"index","follow":"follow","max-snippet":"max-snippet:-1","max-image-preview":"max-image-preview:large","max-video-preview":"max-video-preview:-1"},"canonical":"https:\/\/www.suno.com.br\/noticias\/icms-corte-sao-paulo-voos\/","og_locale":"pt_BR","og_type":"article","og_title":"S\u00e3o Paulo pode ganhar 490 novos voos semanais por corte de ICMS","og_description":"De acordo com a nova medida, o ICMS cair\u00e1 de 25% para 12% na al\u00edquota. A expectativa foi feita pela Abear. Clique para saber mais.","og_url":"https:\/\/www.suno.com.br\/noticias\/icms-corte-sao-paulo-voos\/","og_site_name":"Suno Not\u00edcias","article_publisher":"https:\/\/facebook.com\/sunoresearch","og_image":[{"width":1024,"height":703,"url":"https:\/\/files.sunoresearch.com.br\/n\/uploads\/2019\/02\/4d7973f8-icms.jpg","type":"image\/jpeg"}],"author":"Renan Dantas","twitter_card":"summary_large_image","twitter_creator":"@sunoresearch","twitter_site":"@sunoresearch","twitter_misc":{"Escrito por":"Renan Dantas","Est. tempo de leitura":"2 minutos"},"schema":{"@context":"https:\/\/schema.org","@graph":[{"@type":"NewsArticle","@id":"https:\/\/www.suno.com.br\/noticias\/icms-corte-sao-paulo-voos\/#article","isPartOf":{"@id":"https:\/\/www.suno.com.br\/noticias\/icms-corte-sao-paulo-voos\/"},"author":{"name":"Renan Dantas","@id":"https:\/\/www.suno.com.br\/noticias\/#\/schema\/person\/3f7693d5795a3f6d5ce15309ee785699"},"headline":"S\u00e3o Paulo pode ganhar 490 novos voos semanais ap\u00f3s corte de ICMS","datePublished":"2019-02-06T22:48:30+00:00","dateModified":"2019-02-07T00:33:29+00:00","mainEntityOfPage":{"@id":"https:\/\/www.suno.com.br\/noticias\/icms-corte-sao-paulo-voos\/"},"wordCount":465,"publisher":{"@id":"https:\/\/www.suno.com.br\/noticias\/#organization"},"image":{"@id":"https:\/\/www.suno.com.br\/noticias\/icms-corte-sao-paulo-voos\/#primaryimage"},"thumbnailUrl":"https:\/\/files.sunoresearch.com.br\/n\/uploads\/2019\/02\/4d7973f8-icms-jpg.webp","keywords":["Gol Linhas A\u00e9reas (GOLL11\/GOLL4)","ICMS","Jo\u00e3o Doria"],"articleSection":["Mercado"],"inLanguage":"pt-BR"},{"@type":"WebPage","@id":"https:\/\/www.suno.com.br\/noticias\/icms-corte-sao-paulo-voos\/","url":"https:\/\/www.suno.com.br\/noticias\/icms-corte-sao-paulo-voos\/","name":"S\u00e3o Paulo pode ganhar 490 novos voos semanais por corte de ICMS","isPartOf":{"@id":"https:\/\/www.suno.com.br\/noticias\/#website"},"primaryImageOfPage":{"@id":"https:\/\/www.suno.com.br\/noticias\/icms-corte-sao-paulo-voos\/#primaryimage"},"image":{"@id":"https:\/\/www.suno.com.br\/noticias\/icms-corte-sao-paulo-voos\/#primaryimage"},"thumbnailUrl":"https:\/\/files.sunoresearch.com.br\/n\/uploads\/2019\/02\/4d7973f8-icms-jpg.webp","datePublished":"2019-02-06T22:48:30+00:00","dateModified":"2019-02-07T00:33:29+00:00","description":"De acordo com a nova medida, o ICMS cair\u00e1 de 25% para 12% na al\u00edquota. A expectativa foi feita pela Abear. Clique para saber mais.","breadcrumb":{"@id":"https:\/\/www.suno.com.br\/noticias\/icms-corte-sao-paulo-voos\/#breadcrumb"},"inLanguage":"pt-BR","potentialAction":[{"@type":"ReadAction","target":["https:\/\/www.suno.com.br\/noticias\/icms-corte-sao-paulo-voos\/"]}]},{"@type":"ImageObject","inLanguage":"pt-BR","@id":"https:\/\/www.suno.com.br\/noticias\/icms-corte-sao-paulo-voos\/#primaryimage","url":"https:\/\/files.sunoresearch.com.br\/n\/uploads\/2019\/02\/4d7973f8-icms-jpg.webp","contentUrl":"https:\/\/files.sunoresearch.com.br\/n\/uploads\/2019\/02\/4d7973f8-icms-jpg.webp","width":1024,"height":703},{"@type":"BreadcrumbList","@id":"https:\/\/www.suno.com.br\/noticias\/icms-corte-sao-paulo-voos\/#breadcrumb","itemListElement":[{"@type":"ListItem","position":1,"name":"Not\u00edcias","item":"https:\/\/www.suno.com.br\/noticias\/"},{"@type":"ListItem","position":2,"name":"Mercado","item":"https:\/\/www.suno.com.br\/noticias\/mercado\/"},{"@type":"ListItem","position":3,"name":"S\u00e3o Paulo pode ganhar 490 novos voos semanais ap\u00f3s corte de ICMS"}]},{"@type":"WebSite","@id":"https:\/\/www.suno.com.br\/noticias\/#website","url":"https:\/\/www.suno.com.br\/noticias\/","name":"Suno Not\u00edcias","description":"Seu portal de informa\u00e7\u00e3o sobre o mundo dos investimentos","publisher":{"@id":"https:\/\/www.suno.com.br\/noticias\/#organization"},"potentialAction":[{"@type":"SearchAction","target":{"@type":"EntryPoint","urlTemplate":"https:\/\/www.suno.com.br\/noticias\/?s={search_term_string}"},"query-input":{"@type":"PropertyValueSpecification","valueRequired":true,"valueName":"search_term_string"}}],"inLanguage":"pt-BR"},{"@type":"Organization","@id":"https:\/\/www.suno.com.br\/noticias\/#organization","name":"Suno Not\u00edcias","url":"https:\/\/www.suno.com.br\/noticias\/","logo":{"@type":"ImageObject","inLanguage":"pt-BR","@id":"https:\/\/www.suno.com.br\/noticias\/#\/schema\/logo\/image\/","url":"https:\/\/files.sunoresearch.com.br\/n\/uploads\/2021\/09\/suno-logo.png","contentUrl":"https:\/\/files.sunoresearch.com.br\/n\/uploads\/2021\/09\/suno-logo.png","width":180,"height":180,"caption":"Suno Not\u00edcias"},"image":{"@id":"https:\/\/www.suno.com.br\/noticias\/#\/schema\/logo\/image\/"},"sameAs":["https:\/\/facebook.com\/sunoresearch","https:\/\/x.com\/sunoresearch","https:\/\/www.instagram.com\/suno","https:\/\/www.linkedin.com\/company\/suno-research\/","https:\/\/www.youtube.com\/c\/sunoresearch"]},{"@type":"Person","@id":"https:\/\/www.suno.com.br\/noticias\/#\/schema\/person\/3f7693d5795a3f6d5ce15309ee785699","name":"Renan Dantas","image":{"@type":"ImageObject","inLanguage":"pt-BR","@id":"https:\/\/www.suno.com.br\/noticias\/#\/schema\/person\/image\/","url":"https:\/\/secure.gravatar.com\/avatar\/1787b83e7484a08e51d62ac8b41c8396?s=96&r=g","contentUrl":"https:\/\/secure.gravatar.com\/avatar\/1787b83e7484a08e51d62ac8b41c8396?s=96&r=g","caption":"Renan Dantas"},"description":"Escreve sobre pol\u00edtica e mercado financeiro para o portal Suno Not\u00edcias. Antes, atuou na assessoria de comunica\u00e7\u00e3o do Minist\u00e9rio P\u00fablico do Trabalho e na R\u00e1dio Mackenzie, onde apresentava e produzia um programa sobre artistas da m\u00fasica brasileira. \u00c9 estudante na Universidade Presbiteriana Mackenzie.","url":"https:\/\/www.suno.com.br\/noticias\/author\/renan-dantas\/"}]}},"default_loop_html":"<div class=\"cardsPage__listCard__boxs\"><div class=\"cardsPage__listCard__boxs__img\"><a href=\"https:\/\/www.suno.com.br\/noticias\/icms-corte-sao-paulo-voos\/\"><img class=\"mask\" src=\"https:\/\/www.suno.com.br\/noticias\/wp-content\/themes\/suno\/resources\/images\/spotlight\/spotlight1img\/bg-mask.png\" alt=\"Image Mask\"\/><img src=\"https:\/\/files.sunoresearch.com.br\/n\/uploads\/2019\/02\/4d7973f8-icms-400x200.webp\" alt=\"S\u00e3o Paulo pode ganhar 490 novos voos semanais ap\u00f3s corte de ICMS\"\/><\/a><span class=\"spotlightCategory\"><a href=\"https:\/\/www.suno.com.br\/noticias\/mercado\/\">Mercado<\/a><\/span><\/div><div class=\"cardsPage__listCard__boxs__content\"><a href=\"https:\/\/www.suno.com.br\/noticias\/icms-corte-sao-paulo-voos\/\"><h2 class=\"content__title\">S\u00e3o Paulo pode ganhar 490 novos voos semanais ap\u00f3s corte de ICMS<\/h2><\/a><div class=\"newsContent__article__meta\"><div class=\"newsContent__article__meta__authorBox\"><a href=\"https:\/\/www.suno.com.br\/noticias\/author\/renan-dantas\/\" class=\"authorBox__avatar noMobi\"><img src=\"https:\/\/secure.gravatar.com\/avatar\/1787b83e7484a08e51d62ac8b41c8396?s=96&#038;r=g\" alt=\"Renan Dantas\"><\/a><div class=\"authorBox__name\"><span>por\n\t\t\t<a href=\"https:\/\/www.suno.com.br\/noticias\/author\/renan-dantas\/\"><span itemprop=\"author\">Renan Dantas<\/span><\/a><\/span><time datetime=\"2019-02-06T20:48:30-02:00\" itemprop=\"datePublished\">06\/02\/2019 20:48<\/time><\/div><\/div><\/div><\/div><\/div>","single_layout":"posts","amp_enabled":true,"_links":{"self":[{"href":"https:\/\/www.suno.com.br\/noticias\/wp-json\/wp\/v2\/posts\/14461"}],"collection":[{"href":"https:\/\/www.suno.com.br\/noticias\/wp-json\/wp\/v2\/posts"}],"about":[{"href":"https:\/\/www.suno.com.br\/noticias\/wp-json\/wp\/v2\/types\/post"}],"author":[{"embeddable":true,"href":"https:\/\/www.suno.com.br\/noticias\/wp-json\/wp\/v2\/users\/14"}],"replies":[{"embeddable":true,"href":"https:\/\/www.suno.com.br\/noticias\/wp-json\/wp\/v2\/comments?post=14461"}],"version-history":[{"count":0,"href":"https:\/\/www.suno.com.br\/noticias\/wp-json\/wp\/v2\/posts\/14461\/revisions"}],"wp:featuredmedia":[{"embeddable":true,"href":"https:\/\/www.suno.com.br\/noticias\/wp-json\/wp\/v2\/media\/14465"}],"wp:attachment":[{"href":"https:\/\/www.suno.com.br\/noticias\/wp-json\/wp\/v2\/media?parent=14461"}],"wp:term":[{"taxonomy":"category","embeddable":true,"href":"https:\/\/www.suno.com.br\/noticias\/wp-json\/wp\/v2\/categories?post=14461"},{"taxonomy":"post_tag","embeddable":true,"href":"https:\/\/www.suno.com.br\/noticias\/wp-json\/wp\/v2\/tags?post=14461"},{"taxonomy":"suno_strategy","embeddable":true,"href":"https:\/\/www.suno.com.br\/noticias\/wp-json\/wp\/v2\/suno_strategy?post=14461"}],"curies":[{"name":"wp","href":"https:\/\/api.w.org\/{rel}","templated":true}]}}